{"id":9289,"date":"2020-02-21T12:11:30","date_gmt":"2020-02-21T11:11:30","guid":{"rendered":"https:\/\/www.welovecycling.com\/sk\/?p=9289"},"modified":"2020-02-26T11:31:43","modified_gmt":"2020-02-26T10:31:43","slug":"preteky-na-juzny-pol-a-to-na-bicykli","status":"publish","type":"post","link":"https:\/\/www.welovecycling.com\/sk\/2020\/02\/21\/preteky-na-juzny-pol-a-to-na-bicykli\/","title":{"rendered":"Preteky na Ju\u017en\u00fd p\u00f3l &#8211; a to na  bicykli"},"content":{"rendered":"<p><strong>V roku 1911 sa vydal n\u00f3rsky dobrodruh, Roald Amundsen a Brit, Robert Scott, na svetozn\u00e1me preteky ku geografick\u00e9mu stredu Ju\u017en\u00e9ho p\u00f3lu. Amundsen a jeho \u0161tyria spolo\u010dn\u00edci pri\u0161li k p\u00f3lu 14. decembra, p\u00e4\u0165 t\u00fd\u017ed\u0148ov pred Scottom, ktor\u00fd zomrel spolu so \u0161tyrmi \u010dlenmi jeho skupiny pri n\u00e1vrate sp\u00e4\u0165.<\/strong><!--more--><\/p>\n<p>Po viac ako storo\u010d\u00ed sa za\u010dala \u010fal\u0161ia v\u00fdprava, \u010di sk\u00f4r <strong>preteky na Ju\u017en\u00fd p\u00f3l<\/strong> &#8211; menej dramatick\u00e9, menej zn\u00e1me a v\u010faka v\u0161etk\u00fdm modern\u00fdm naviga\u010dn\u00fdm technol\u00f3gi\u00e1m aj menej zradn\u00e9. Napriek tomu je to extr\u00e9mna v\u00fdzva, preto\u017ee Antarkt\u00edda je st\u00e1le nehostinn\u00e9, mraziv\u00e9 a nemilosrdn\u00e9 miesto, aj napriek glob\u00e1lnemu otep\u013eovaniu a <strong>dosta\u0165 sa tam mus\u00edte na bicykli<\/strong>.<\/p>\n<p>Oproti roku 1911, kedy Amundsen a Scott bojovali bok po boku, toto podujatie nepon\u00faka a\u017e tak\u00e9 nap\u00e4tie. Jeden pretek\u00e1r u\u017e popravde dokon\u010dil t\u00fato trasu. V decembri 2013 sa britsk\u00e1 pol\u00e1rna dobrodru\u017eka, <strong>Maria Leijerstam<\/strong>, stala prvou osobou, ktor\u00e1 sa kedy dostala bicyklom z najkrajnej\u0161ieho bodu Antarkt\u00eddy, Ross Ice Sheld, na Ju\u017en\u00fd p\u00f3l, a to v\u0161etko v jej 35 rokoch. Pou\u017eila pri tom \u0161peci\u00e1lne navrhnut\u00fd le\u017eat\u00fd \u201etricykel\u201c (trojkolesov\u00fd bicykel) PolarCycle, vyroben\u00fd firmou Inspired Cycle Engineering. Po\u010das svojho v\u00fdkonu <strong>pre\u0161la 638 km za 10 dn\u00ed, 14 hod\u00edn a 56 min\u00fat<\/strong>. Do dne\u0161n\u00fdch dn\u00ed je to st\u00e1le svetov\u00fd rekord, \u010dakaj\u00faci na prekonanie.<\/p>\n<p><img loading=\"lazy\" decoding=\"async\" class=\"alignnone size-full wp-image-9291\" src=\"https:\/\/d2p6e6u75xmxt8.cloudfront.net\/4\/2020\/02\/Maria_Leijerstam_at_the_Geographic_South_Pole.jpeg.jpeg\" alt=\"\" width=\"794\" height=\"600\" \/><\/p>\n<p>Leijerstamovej trojkolka mala tri koles\u00e1 z fatbiku (so \u0161\u00edrkou 11,4 cm) a ve\u013emi n\u00edzky prevodov\u00fd pomer, ktor\u00fd jej umo\u017e\u0148oval prekon\u00e1va\u0165 najstrm\u0161ie \u00faseky cesty &#8211; Transantarktick\u00e9 pohorie &#8211; so sklonom nad 20% a\u017e do v\u00fd\u0161ky 3 000 m.n.m. v sedle. Bicykel rovnako sl\u00fa\u017eil ako <strong>nosi\u010d potrebn\u00e9ho vybavenia<\/strong> &#8211; stravy, stanu, spac\u00e1ka a komunika\u010dn\u00fdch zariaden\u00ed. V s\u00fa\u010dte sa ru\u010di\u010dka v\u00e1hy zastavila na 55&nbsp;kilogramoch.<\/p>\n<p>Po\u010das svojej \u201etort\u00fary\u201c bicyklovala medzi 10 a 17 hodinami denne bez jedn\u00e9ho vo\u013en\u00e9ho d\u0148a. Navy\u0161e sa dostala na Ju\u017en\u00fd p\u00f3l r\u00fdchlej\u0161ie ne\u017e ktor\u00fdko\u013evek ly\u017eiar pred \u0148ou. \u010co sa t\u00fdka trasy, vybrala si t\u00fa, ktor\u00fa pou\u017e\u00edvaj\u00fa vozidl\u00e1 prepravuj\u00face palivo. T\u00fdm z\u00edskala udupanej\u0161\u00ed povrch. Av\u0161ak, po\u010das troch t\u00fd\u017ed\u0148ov cez \u0148u nepre\u0161lo \u017eiadne auto. <strong>Tak sa idylick\u00e1 cesta premenila na mno\u017estvo miest so z\u00e1vejmi.<\/strong> Okrem padaj\u00faceho snehu musela \u010deli\u0165 \u013eadov\u00e9mu vetru a teplot\u00e1m <strong>pod 30 stup\u0148ov Celzia<\/strong> (bez prer\u00e1tania na pocitov\u00fa teplotu). Po vy\u0161e t\u00fd\u017edni stratila 8,2% telesnej hmotnosti &#8211; a to aj napriek tomu, \u017ee december je najvhodnej\u0161\u00edm mesiacom pre exped\u00edciu na Ju\u017en\u00fd p\u00f3l pomocou dvoch kolies. Po\u010dasie je toti\u017e najpriaznivej\u0161ie.<\/p>\n<p><em>\u201eM\u00f4\u017eete sa na to pripravova\u0165 ko\u013eko len chcete,\u201c<\/em> povedala Maria pre Cycling magazine. <em>\u201eAv\u0161ak nikdy sa nedok\u00e1\u017eete plne pripravi\u0165 na nie\u010do ako je toto. Predov\u0161etk\u00fdm ak hovor\u00edme o Antarkt\u00edde, preto\u017ee toto miesto je nev\u013e\u00fadne a samo sa rozhoduje, \u010do v\u00e1m prichyst\u00e1. Vy proti tomu ni\u010d nezm\u00f4\u017eete. Je to kr\u00e1sna, ale brut\u00e1lna \u010das\u0165 sveta.\u201c<\/em><\/p>\n<lite-youtube videoid=_CFCtSgPuSQ params=\"enablejsapi=1\" style=\"background-image: url('https:\/\/i.ytimg.com\/vi_webp\/_CFCtSgPuSQ\/maxresdefault.webp');\"><\/lite-youtube>\n<p>Sama sa priznala, \u017ee trojkolesov\u00fd prostriedok je podstatnou podmienkou pre dokon\u010denie exped\u00edcie. <em>\u201eM\u00f4\u017eem v\u00e1m zaru\u010di\u0165, \u017ee na dvojkolesovom bicykli by ste nedok\u00e1zali prejs\u0165 cel\u00fa trasu. Na\u0161li by sa miesta, kde by ste museli z neho zosadn\u00fa\u0165 a tla\u010di\u0165 ho, \u010do pod\u013ea m\u0148a nie je spr\u00e1vny sp\u00f4sob z\u00edskania svetov\u00e9ho rekordu. Je to sk\u00f4r pokus o chodecko-ly\u017eiarsko-cyklistick\u00fd rekord.\u201c<\/em><\/p>\n<p>Dvaja in\u00ed cyklisti &#8211; Ameri\u010dan <strong>Daniel Burton<\/strong> a \u0160paniel <strong>Juan Menendez Granado<\/strong> &#8211; dosiahli Ju\u017en\u00fd p\u00f3l v tom istom roku s pou\u017eit\u00edm dvojkolesov\u00e9ho bicykla, av\u0161ak na odli\u0161nej, dlh\u0161ej trase. Po\u010das svojej exped\u00edcie ale na nieko\u013ek\u00fdch \u00fasekoch pou\u017eili aj ly\u017ee alebo tla\u010dili, \u010di pren\u00e1\u0161ali bicykel.<\/p>\n<p>\u010eal\u0161\u00ed Brit, <strong>Sir Chris Hoy<\/strong>, Majster sveta a Olympijsk\u00fd \u0161ampi\u00f3n v dr\u00e1hovej cyklistike, pl\u00e1noval prekona\u0165 rekord Marie Leijerstamovej od roku 2017. Je zrejm\u00e9, \u017ee nebude nasledova\u0165 pr\u00edklad Marie s tricyklom. Namiesto toho na Islande testoval klasick\u00fd bicykel s pou\u017eit\u00edm ly\u017ee namiesto predn\u00e9ho kolesa. Av\u0161ak aj on musel nieko\u013ekokr\u00e1t prelo\u017ei\u0165 za\u010diatok svojho dobrodru\u017estva, preto\u017ee nemohol n\u00e1js\u0165 niekoho \u201enato\u013eko hl\u00fapeho, aby to podnikol so mnou.\u201c<\/p>\n<figure id=\"attachment_9292\" aria-describedby=\"caption-attachment-9292\" style=\"width: 1250px\" class=\"wp-caption alignnone\"><img loading=\"lazy\" decoding=\"async\" class=\"size-full wp-image-9292\" src=\"https:\/\/d2p6e6u75xmxt8.cloudfront.net\/4\/2020\/02\/Sir-Chris-Hoy-profimedia-0388279131.jpg\" alt=\"\" width=\"1250\" height=\"833\" \/><figcaption id=\"caption-attachment-9292\" class=\"wp-caption-text\">Sir Chris Hoy si d\u00e1va pauzu na k\u00e1vu v Boxpark, Lond\u00fdne. \u00a9 Nic Serpell-Rand \/ Shutterstock Editorial \/ Profimedia<\/figcaption><\/figure>\n<p>Maria je napriek tomu nad\u0161en\u00e1 z mo\u017en\u00e9ho ohrozenia svojho rekordu. <em>\u201eMilujem skuto\u010dnos\u0165, \u017ee som prin\u00fatila olympionika pok\u00fasi\u0165 sa o prekonanie m\u00f4jho rekordu,\u201c<\/em> povedala. <em>\u201eJe to vzru\u0161uj\u00face a bude zauj\u00edmav\u00e9 sledova\u0165, \u010do bude nasledova\u0165, preto\u017ee on s\u00e1m je neuverite\u013ene odhodlan\u00fdm a cie\u013eavedom\u00fdm \u0161portovcom. Av\u0161ak toto je \u00faplne in\u00e1 v\u00fdzva.\u201c<\/em><\/p>\n<p>A ak Hoy alebo ktoko\u013evek in\u00fd dok\u00e1\u017ee prekona\u0165 jej rekord? <em>\u201eNechajme sa prekvapi\u0165, \u010do z toho bude a \u010di sa na Ju\u017en\u00fd p\u00f3l budem musie\u0165 op\u00e4\u0165 vr\u00e1ti\u0165,\u201c<\/em> povedala. <em>\u201eAni t\u00e1to mo\u017enos\u0165 nie je vyl\u00fa\u010den\u00e1.\u201c<\/em><\/p>\n","protected":false},"excerpt":{"rendered":"<p>V roku 1911 sa vydal n\u00f3rsky dobrodruh, Roald Amundsen a Brit, Robert Scott, na svetozn\u00e1me preteky ku geografick\u00e9mu stredu Ju\u017en\u00e9ho [&hellip;]<\/p>\n","protected":false},"author":81,"featured_media":9294,"comment_status":"open","ping_status":"open","sticky":false,"template":"","format":"standard","meta":{"footnotes":""},"categories":[47],"tags":[319,62,559,1202,745,180,532,1201,754,1203,767,600,983,179,584,1200,585,161,623,475,317],"global-categories":[],"class_list":["post-9289","post","type-post","status-publish","format-standard","has-post-thumbnail","hentry","category-adrenalin","tag-adrenalin","tag-bezpecnost","tag-bicykel","tag-dobrodruzstvo","tag-drahova-cyklistika","tag-horska-cyklistika","tag-jazdenie","tag-juzny-pol","tag-lyzovanie","tag-maria-leijerstam","tag-motivacia","tag-muzi","tag-nezvycajny-bicykel","tag-preteky","tag-rekord","tag-sneh","tag-svetovy-rekord","tag-zdravie","tag-zdravy-zivotny-styl","tag-zeny","tag-zima"],"yoast_head":"<!-- This site is optimized with the Yoast SEO Premium plugin v25.3 (Yoast SEO v25.9) - https:\/\/yoast.com\/wordpress\/plugins\/seo\/ -->\n<title>Preteky na Ju\u017en\u00fd p\u00f3l - a to na bicykli - \u0160koda We Love Cycling Slovensko<\/title>\n<meta name=\"robots\" content=\"index, follow, max-snippet:-1, max-image-preview:large, max-video-preview:-1\" \/>\n<link rel=\"canonical\" href=\"https:\/\/www.welovecycling.com\/sk\/2020\/02\/21\/preteky-na-juzny-pol-a-to-na-bicykli\/\" \/>\n<meta property=\"og:locale\" content=\"sk_SK\" \/>\n<meta property=\"og:type\" content=\"article\" \/>\n<meta property=\"og:title\" content=\"Preteky na Ju\u017en\u00fd p\u00f3l - a to na bicykli\" \/>\n<meta property=\"og:description\" content=\"V roku 1911 sa vydal n\u00f3rsky dobrodruh, Roald Amundsen a Brit, Robert Scott, na svetozn\u00e1me preteky ku geografick\u00e9mu stredu Ju\u017en\u00e9ho [&hellip;]\" \/>\n<meta property=\"og:url\" content=\"https:\/\/www.welovecycling.com\/sk\/2020\/02\/21\/preteky-na-juzny-pol-a-to-na-bicykli\/\" \/>\n<meta property=\"og:site_name\" content=\"\u0160koda We Love Cycling Slovensko\" \/>\n<meta property=\"article:published_time\" content=\"2020-02-21T11:11:30+00:00\" \/>\n<meta property=\"article:modified_time\" content=\"2020-02-26T10:31:43+00:00\" \/>\n<meta property=\"og:image\" content=\"https:\/\/d2p6e6u75xmxt8.cloudfront.net\/4\/2020\/02\/3322332_23323232.webp\" \/>\n\t<meta property=\"og:image:width\" content=\"1375\" \/>\n\t<meta property=\"og:image:height\" content=\"600\" \/>\n\t<meta property=\"og:image:type\" content=\"image\/webp\" \/>\n<meta name=\"twitter:card\" content=\"summary_large_image\" \/>\n<meta name=\"twitter:label1\" content=\"Written by\" \/>\n\t<meta name=\"twitter:data1\" content=\"Siegfried Mortkowitz\" \/>\n\t<meta name=\"twitter:label2\" content=\"Est. reading time\" \/>\n\t<meta name=\"twitter:data2\" content=\"7\" \/>\n<script type=\"application\/ld+json\" class=\"yoast-schema-graph\">{\"@context\":\"https:\/\/schema.org\",\"@graph\":[{\"@type\":\"WebPage\",\"@id\":\"https:\/\/www.welovecycling.com\/sk\/2020\/02\/21\/preteky-na-juzny-pol-a-to-na-bicykli\/\",\"url\":\"https:\/\/www.welovecycling.com\/sk\/2020\/02\/21\/preteky-na-juzny-pol-a-to-na-bicykli\/\",\"name\":\"Preteky na Ju\u017en\u00fd p\u00f3l - a to na bicykli - \u0160koda We Love Cycling Slovensko\",\"isPartOf\":{\"@id\":\"https:\/\/www.welovecycling.com\/sk\/#website\"},\"primaryImageOfPage\":{\"@id\":\"https:\/\/www.welovecycling.com\/sk\/2020\/02\/21\/preteky-na-juzny-pol-a-to-na-bicykli\/#primaryimage\"},\"image\":{\"@id\":\"https:\/\/www.welovecycling.com\/sk\/2020\/02\/21\/preteky-na-juzny-pol-a-to-na-bicykli\/#primaryimage\"},\"thumbnailUrl\":\"https:\/\/d2p6e6u75xmxt8.cloudfront.net\/4\/2020\/02\/3322332_23323232.webp\",\"datePublished\":\"2020-02-21T11:11:30+00:00\",\"dateModified\":\"2020-02-26T10:31:43+00:00\",\"author\":{\"@id\":\"\"},\"breadcrumb\":{\"@id\":\"https:\/\/www.welovecycling.com\/sk\/2020\/02\/21\/preteky-na-juzny-pol-a-to-na-bicykli\/#breadcrumb\"},\"inLanguage\":\"sk-SK\",\"potentialAction\":[{\"@type\":\"ReadAction\",\"target\":[\"https:\/\/www.welovecycling.com\/sk\/2020\/02\/21\/preteky-na-juzny-pol-a-to-na-bicykli\/\"]}]},{\"@type\":\"ImageObject\",\"inLanguage\":\"sk-SK\",\"@id\":\"https:\/\/www.welovecycling.com\/sk\/2020\/02\/21\/preteky-na-juzny-pol-a-to-na-bicykli\/#primaryimage\",\"url\":\"https:\/\/d2p6e6u75xmxt8.cloudfront.net\/4\/2020\/02\/3322332_23323232.webp\",\"contentUrl\":\"https:\/\/d2p6e6u75xmxt8.cloudfront.net\/4\/2020\/02\/3322332_23323232.webp\",\"width\":1375,\"height\":600},{\"@type\":\"BreadcrumbList\",\"@id\":\"https:\/\/www.welovecycling.com\/sk\/2020\/02\/21\/preteky-na-juzny-pol-a-to-na-bicykli\/#breadcrumb\",\"itemListElement\":[{\"@type\":\"ListItem\",\"position\":1,\"name\":\"Home\",\"item\":\"https:\/\/www.welovecycling.com\/sk\/\"},{\"@type\":\"ListItem\",\"position\":2,\"name\":\"Preteky na Ju\u017en\u00fd p\u00f3l &#8211; a to na bicykli\"}]},{\"@type\":\"WebSite\",\"@id\":\"https:\/\/www.welovecycling.com\/sk\/#website\",\"url\":\"https:\/\/www.welovecycling.com\/sk\/\",\"name\":\"\u0160koda We Love Cycling Slovensko\",\"description\":\"\u0160koda We Love Cycling Slovensko je v\u00e1\u0161 ka\u017edodenn\u00fd zdroj noviniek a in\u0161pir\u00e1cie z sveta cyklistiky\",\"potentialAction\":[{\"@type\":\"SearchAction\",\"target\":{\"@type\":\"EntryPoint\",\"urlTemplate\":\"https:\/\/www.welovecycling.com\/sk\/?s={search_term_string}\"},\"query-input\":{\"@type\":\"PropertyValueSpecification\",\"valueRequired\":true,\"valueName\":\"search_term_string\"}}],\"inLanguage\":\"sk-SK\"},{\"@type\":\"Person\",\"@id\":\"\",\"url\":\"https:\/\/www.welovecycling.com\/sk\/author\/\"}]}<\/script>\n<!-- \/ Yoast SEO Premium plugin. -->","yoast_head_json":{"title":"Preteky na Ju\u017en\u00fd p\u00f3l - a to na bicykli - \u0160koda We Love Cycling Slovensko","robots":{"index":"index","follow":"follow","max-snippet":"max-snippet:-1","max-image-preview":"max-image-preview:large","max-video-preview":"max-video-preview:-1"},"canonical":"https:\/\/www.welovecycling.com\/sk\/2020\/02\/21\/preteky-na-juzny-pol-a-to-na-bicykli\/","og_locale":"sk_SK","og_type":"article","og_title":"Preteky na Ju\u017en\u00fd p\u00f3l - a to na bicykli","og_description":"V roku 1911 sa vydal n\u00f3rsky dobrodruh, Roald Amundsen a Brit, Robert Scott, na svetozn\u00e1me preteky ku geografick\u00e9mu stredu Ju\u017en\u00e9ho [&hellip;]","og_url":"https:\/\/www.welovecycling.com\/sk\/2020\/02\/21\/preteky-na-juzny-pol-a-to-na-bicykli\/","og_site_name":"\u0160koda We Love Cycling Slovensko","article_published_time":"2020-02-21T11:11:30+00:00","article_modified_time":"2020-02-26T10:31:43+00:00","og_image":[{"width":1375,"height":600,"url":"https:\/\/d2p6e6u75xmxt8.cloudfront.net\/4\/2020\/02\/3322332_23323232.webp","type":"image\/webp"}],"twitter_card":"summary_large_image","twitter_misc":{"Written by":"Siegfried Mortkowitz","Est. reading time":"7"},"schema":{"@context":"https:\/\/schema.org","@graph":[{"@type":"WebPage","@id":"https:\/\/www.welovecycling.com\/sk\/2020\/02\/21\/preteky-na-juzny-pol-a-to-na-bicykli\/","url":"https:\/\/www.welovecycling.com\/sk\/2020\/02\/21\/preteky-na-juzny-pol-a-to-na-bicykli\/","name":"Preteky na Ju\u017en\u00fd p\u00f3l - a to na bicykli - \u0160koda We Love Cycling Slovensko","isPartOf":{"@id":"https:\/\/www.welovecycling.com\/sk\/#website"},"primaryImageOfPage":{"@id":"https:\/\/www.welovecycling.com\/sk\/2020\/02\/21\/preteky-na-juzny-pol-a-to-na-bicykli\/#primaryimage"},"image":{"@id":"https:\/\/www.welovecycling.com\/sk\/2020\/02\/21\/preteky-na-juzny-pol-a-to-na-bicykli\/#primaryimage"},"thumbnailUrl":"https:\/\/d2p6e6u75xmxt8.cloudfront.net\/4\/2020\/02\/3322332_23323232.webp","datePublished":"2020-02-21T11:11:30+00:00","dateModified":"2020-02-26T10:31:43+00:00","author":{"@id":""},"breadcrumb":{"@id":"https:\/\/www.welovecycling.com\/sk\/2020\/02\/21\/preteky-na-juzny-pol-a-to-na-bicykli\/#breadcrumb"},"inLanguage":"sk-SK","potentialAction":[{"@type":"ReadAction","target":["https:\/\/www.welovecycling.com\/sk\/2020\/02\/21\/preteky-na-juzny-pol-a-to-na-bicykli\/"]}]},{"@type":"ImageObject","inLanguage":"sk-SK","@id":"https:\/\/www.welovecycling.com\/sk\/2020\/02\/21\/preteky-na-juzny-pol-a-to-na-bicykli\/#primaryimage","url":"https:\/\/d2p6e6u75xmxt8.cloudfront.net\/4\/2020\/02\/3322332_23323232.webp","contentUrl":"https:\/\/d2p6e6u75xmxt8.cloudfront.net\/4\/2020\/02\/3322332_23323232.webp","width":1375,"height":600},{"@type":"BreadcrumbList","@id":"https:\/\/www.welovecycling.com\/sk\/2020\/02\/21\/preteky-na-juzny-pol-a-to-na-bicykli\/#breadcrumb","itemListElement":[{"@type":"ListItem","position":1,"name":"Home","item":"https:\/\/www.welovecycling.com\/sk\/"},{"@type":"ListItem","position":2,"name":"Preteky na Ju\u017en\u00fd p\u00f3l &#8211; a to na bicykli"}]},{"@type":"WebSite","@id":"https:\/\/www.welovecycling.com\/sk\/#website","url":"https:\/\/www.welovecycling.com\/sk\/","name":"\u0160koda We Love Cycling Slovensko","description":"\u0160koda We Love Cycling Slovensko je v\u00e1\u0161 ka\u017edodenn\u00fd zdroj noviniek a in\u0161pir\u00e1cie z sveta cyklistiky","potentialAction":[{"@type":"SearchAction","target":{"@type":"EntryPoint","urlTemplate":"https:\/\/www.welovecycling.com\/sk\/?s={search_term_string}"},"query-input":{"@type":"PropertyValueSpecification","valueRequired":true,"valueName":"search_term_string"}}],"inLanguage":"sk-SK"},{"@type":"Person","@id":"","url":"https:\/\/www.welovecycling.com\/sk\/author\/"}]}},"_links":{"self":[{"href":"https:\/\/www.welovecycling.com\/sk\/wp-json\/wp\/v2\/posts\/9289","targetHints":{"allow":["GET"]}}],"collection":[{"href":"https:\/\/www.welovecycling.com\/sk\/wp-json\/wp\/v2\/posts"}],"about":[{"href":"https:\/\/www.welovecycling.com\/sk\/wp-json\/wp\/v2\/types\/post"}],"author":[{"embeddable":true,"href":"https:\/\/www.welovecycling.com\/sk\/wp-json\/wp\/v2\/users\/81"}],"replies":[{"embeddable":true,"href":"https:\/\/www.welovecycling.com\/sk\/wp-json\/wp\/v2\/comments?post=9289"}],"version-history":[{"count":2,"href":"https:\/\/www.welovecycling.com\/sk\/wp-json\/wp\/v2\/posts\/9289\/revisions"}],"predecessor-version":[{"id":9383,"href":"https:\/\/www.welovecycling.com\/sk\/wp-json\/wp\/v2\/posts\/9289\/revisions\/9383"}],"wp:featuredmedia":[{"embeddable":true,"href":"https:\/\/www.welovecycling.com\/sk\/wp-json\/wp\/v2\/media\/9294"}],"wp:attachment":[{"href":"https:\/\/www.welovecycling.com\/sk\/wp-json\/wp\/v2\/media?parent=9289"}],"wp:term":[{"taxonomy":"category","embeddable":true,"href":"https:\/\/www.welovecycling.com\/sk\/wp-json\/wp\/v2\/categories?post=9289"},{"taxonomy":"post_tag","embeddable":true,"href":"https:\/\/www.welovecycling.com\/sk\/wp-json\/wp\/v2\/tags?post=9289"},{"taxonomy":"global-categories","embeddable":true,"href":"https:\/\/www.welovecycling.com\/sk\/wp-json\/wp\/v2\/global-categories?post=9289"}],"curies":[{"name":"wp","href":"https:\/\/api.w.org\/{rel}","templated":true}]}}