{"id":9272,"date":"2020-02-10T10:06:30","date_gmt":"2020-02-10T09:06:30","guid":{"rendered":"https:\/\/www.welovecycling.com\/sk\/?p=9272"},"modified":"2020-02-10T15:38:00","modified_gmt":"2020-02-10T14:38:00","slug":"prestupy-v-profipelotone-na-sezonu-2020-dockame-sa-novych-hviezd","status":"publish","type":"post","link":"https:\/\/www.welovecycling.com\/sk\/2020\/02\/10\/prestupy-v-profipelotone-na-sezonu-2020-dockame-sa-novych-hviezd\/","title":{"rendered":"Prestupy v profipelot\u00f3ne na sez\u00f3nu 2020 &#8211; do\u010dk\u00e1me sa nov\u00fdch hviezd?"},"content":{"rendered":"<p><strong>V\u00ed\u0165azstv\u00e1 sa na v\u00e4\u010d\u0161ine podujat\u00ed prisudzuj\u00fa jednotlivcom a nie t\u00edmom. Av\u0161ak bez opory, ktor\u00fa v nich t\u00edto \u0161ampi\u00f3ni maj\u00fa, by tieto heroick\u00e9 chv\u00edle v\u00f4bec nemuseli pre\u017e\u00edva\u0165. Domestici, prin\u00e1\u0161aj\u00faci l\u00eddrom ob\u010derstvenie a oble\u010denie, poskytuj\u00faci mo\u017enos\u0165 jazdy v z\u00e1vetr\u00ed a\u017e do posledn\u00fdch chv\u00ed\u013e a aj in\u00e9 \u00fakony, ktor\u00e9 v s\u00fa\u010dte znamenaj\u00fa zisk alebo prehru.<\/strong><!--more--><\/p>\n<p>Preto nie je jedno, v ktorom t\u00edme jazdec skon\u010d\u00ed. Pr\u00edkladom bol aj Peter Sagan, ktor\u00fd sa e\u0161te pred nieko\u013ek\u00fdmi rokmi <strong>ocital v z\u00e1vere\u010dn\u00fdch \u0161printoch bez opory<\/strong>. Jednotliv\u00e9 t\u00edmy s\u00fa zostaven\u00e9 pod\u013ea zamerania &#8211; napr\u00edklad Ineos cieli na etapov\u00e9 v\u00ed\u0165azstv\u00e1 a horsk\u00e9 dojazdy, zatia\u013e \u010do v pr\u00edpade Deceuninck-Quick Step ide o jednor\u00e1zovky a klasiky (samozrejme s v\u00fdnimkou J. Alaphilippa). V s\u00fa\u010dasnosti je v ka\u017edom t\u00edme niekto, kto je nadpriemern\u00fd v st\u00fapaniach, v \u010dasovke alebo v \u0161printoch. Na pam\u00e4ti to maj\u00fa aj \u0161\u00e9fovia t\u00fdchto celkov, ktor\u00ed si vyberaj\u00fa pr\u00e1ve t\u00fdch, ktor\u00fdch potrebuj\u00fa. Teraz sa pozrieme na tie <strong>najzauj\u00edmavej\u0161ie prestupy<\/strong>, ktor\u00e9 sa uskuto\u010dnili po\u010das minul\u00fdch mesiacov.<\/p>\n<h2><strong>Ineos z\u00edskal nieko\u013eko hviezd &#8211; bud\u00fa e\u0161te porazite\u013en\u00ed?<\/strong><\/h2>\n<p>O b\u00fdvalom t\u00edme Sky sa hovorilo ako o technologicky a v\u00fdkonnostne najsilnej\u0161om t\u00edme, predov\u0161etk\u00fdm, ak i\u0161lo o najv\u00e4\u010d\u0161ie podujatia sez\u00f3ny. Rovnako je tomu aj v tomto roku v pr\u00edpade Ineos. D\u00f4vodom je <strong>minuloro\u010dn\u00fd prestup v\u00ed\u0165aza Giro d\u02b9Italia, Richarda Carapaza<\/strong> ako aj b\u00fdval\u00e9ho Majstra sveta v \u010dasovke, <strong>Rohana Dennisa<\/strong>. Doplnia tak u\u017e zdrav\u00e9ho Chrisa Frooma, Gerainta Thomasa alebo minuloro\u010dn\u00e9ho v\u00ed\u0165aza Tour de France, Egana Bernala.<\/p>\n<p><img loading=\"lazy\" decoding=\"async\" src=\"https:\/\/d2p6e6u75xmxt8.cloudfront.net\/4\/2020\/02\/WLC_prestupy_01.jpg\" alt=\"\" width=\"1200\" height=\"800\" class=\"alignnone size-full wp-image-9276\" \/><\/p>\n<h2><strong>Ve\u013ek\u00e9 zmeny v Bahrain-McLaren <\/strong><\/h2>\n<p>Po tom, ako sme sa dozvedeli, \u017ee z tohto katarsk\u00e9ho t\u00edmu odch\u00e1dza sn\u00e1\u010f najv\u00e4\u010d\u0161ia hviezda, Vincenzo Nibali, ako aj Rohan Dennis, bolo ot\u00e1zne, ak\u00e9 \u010fal\u0161ie kroky podnikne tento celok, ktor\u00fd existuje v kateg\u00f3rii WorldTour len od roku 2017. Prekvapen\u00edm zaiste bolo <strong>prijatie Marka Cavendisha<\/strong>, niekdaj\u0161ieho najlep\u0161ieho \u0161print\u00e9ra na rovinat\u00e9 dojazdy, ktor\u00fd sa ale po\u010das uplynul\u00fdch sez\u00f3n prinajmen\u0161om tr\u00e1pil. Novinkou bude aj siln\u00fd vrch\u00e1r, <strong>Wout Poels<\/strong>, ktor\u00fd bude sekundova\u0165 mlad\u00e9mu ale ambici\u00f3znemu Mikaelovi Landovi.<\/p>\n<p><img loading=\"lazy\" decoding=\"async\" src=\"https:\/\/d2p6e6u75xmxt8.cloudfront.net\/4\/2020\/02\/WLC_prestupy_02.jpg\" alt=\"\" width=\"1200\" height=\"800\" class=\"alignnone size-full wp-image-9277\" \/><\/p>\n<h2><strong>Z Correndon-Circus sa stal WorldTour t\u00edm Alpecin-Fenix<\/strong><\/h2>\n<p>N\u00e1zov Correndon-Circus si mnoh\u00ed ur\u010dite pam\u00e4taj\u00fa v spojen\u00ed s cyklokrosom alebo horskou cyklistikou, kde s logom tohto t\u00edmu pretekal Mathieu van der Poel. \u010co sa ale udialo po\u010das uplynul\u00fdch mesiacov? Z kontinent\u00e1lneho t\u00edmu <strong>vznikol celok WorldTour<\/strong>, av\u0161ak s nezvykl\u00fdm obsaden\u00edm. Okrem cestn\u00fdch profesion\u00e1lov s\u00fa medzi nimi aj <strong>horsk\u00ed cyklisti \u010di cyklokros\u00e1ri<\/strong>. Minuloro\u010dn\u00fd fam\u00f3zny vstup van der Poela na svetov\u00fdch podujatiach bude pokra\u010dova\u0165 aj v tomto roku, navy\u0161e s podporou Modola, Petra Vako\u010da alebo Sbaragliho. <strong>Te\u0161me sa preto na klasiky!<\/strong><\/p>\n<p><img loading=\"lazy\" decoding=\"async\" src=\"https:\/\/d2p6e6u75xmxt8.cloudfront.net\/4\/2020\/02\/WLC_prestupy_03.jpg\" alt=\"\" width=\"1200\" height=\"800\" class=\"alignnone size-full wp-image-9278\" \/><\/p>\n<h2><strong>Izraelsk\u00fd po\u010din bude ma\u0165 \u010do pon\u00faknu\u0165<\/strong><\/h2>\n<p>T\u00edm Israel Strat-Up Nation, ktor\u00fd p\u00f4sob\u00ed v cyklistike od roku 2015 sa pre tento rok posilnil v\u00fdraznej\u0161ie ne\u017e tomu bolo v uplynul\u00fdch sez\u00f3nach. D\u00f4kazom toho je aj pr\u00edchod <strong>Andreho Greipela<\/strong>, ktor\u00fd, rovnako ako Mark Cavendish, pre\u017e\u00edvali zna\u010dn\u00fd v\u00fdkonnostn\u00fd pokles. Na etapov\u00e9 preteky bude pripraven\u00fd \u00cdr, Martin spolu s  Navarrom a \u010dasovk\u00e1rom Polittom.<\/p>\n<p><img loading=\"lazy\" decoding=\"async\" src=\"https:\/\/d2p6e6u75xmxt8.cloudfront.net\/4\/2020\/02\/WLC_prestupy_04.jpg\" alt=\"\" width=\"1200\" height=\"800\" class=\"alignnone size-full wp-image-9279\" \/><\/p>\n<h2><strong>Viviani do Cofidis-u<\/strong><\/h2>\n<p>Sez\u00f3na 2020 bude pre Cofidis, Soultions Cr\u00e9dits ve\u013ekolep\u00e1. Jedn\u00fdm z d\u00f4vodom je z\u00edskanie licencie WorldTour, \u010do znamen\u00e1, \u017ee bude pr\u00edtomn\u00fd na ka\u017edom svetovom podujat\u00ed kateg\u00f3rie WorldTour. S t\u00fdm sa sp\u00e1ja aj pr\u00edchod \u0161print\u00e9ra, <strong>Elio Vivianiho spolu s deviatimi \u010fal\u0161\u00edmi jazdcami<\/strong>. Progn\u00f3zy tohto t\u00edmu nemieria k v\u00ed\u0165azstv\u00e1m v celkovom hodnoten\u00ed, ale sk\u00f4r k jednod\u0148ov\u00fdm \u010di etapov\u00fdm triumfom, k \u010domu pom\u00f4\u017ee aj N. Haas.<\/p>\n<h2><strong>Klasiky, traste sa &#8211; Lotto Soudal so siln\u00fdm \u201egrupettom\u201c<\/strong><\/h2>\n<p>Po odchode T. Benoota (v\u00ed\u0165az Strade Bianchi) a Victora Campanaertsa prich\u00e1dza do belgick\u00e9ho t\u00edmu \u201enov\u00e1\u201c krv v podobe jedn\u00e9ho z najlep\u0161\u00edch klasik\u00e1rov, <strong>Philippa Gilberta<\/strong>. Navy\u0161e sa k nemu prid\u00e1 aj <strong>John Degenkolb<\/strong> spolu s mlad\u00fdm <strong>S. Crasom<\/strong>. Prekonaj\u00fa 23 v\u00ed\u0165azstiev t\u00edmu z uplynul\u00e9ho roka?<\/p>\n<p><img loading=\"lazy\" decoding=\"async\" src=\"https:\/\/d2p6e6u75xmxt8.cloudfront.net\/4\/2020\/02\/WLC_prestupy_05.jpg\" alt=\"\" width=\"1200\" height=\"800\" class=\"alignnone size-full wp-image-9280\" \/><\/p>\n<h2><strong>Mlad\u00e1 krv do oslaben\u00e9ho t\u00edmu Movistar<\/strong><\/h2>\n<p>Sez\u00f3na 2019 znamenala pohromu v \u0161panielskom zoskupen\u00ed, ke\u010f na konci sez\u00f3ny odi\u0161iel Nairo Quintana, D. Bennati, Mikael Landa alebo aj Carapaz s Amadorom. N\u00e1hradou za nich maj\u00fa by\u0165 e\u0161te neobjaven\u00ed pretek\u00e1ri, medzi ktor\u00fdmi je aj <strong>Enric Mas<\/strong> (25 r.), Kolumbij\u010dania <strong>E. A. Rubio<\/strong> (21 r.), <strong>Alba<\/strong> (22&nbsp;r.) a \u0160panieli <strong>Samitier<\/strong> (24 r.) a <strong>Elosequi<\/strong> (21 r.). Ve\u013ek\u00e1 obmena je rizikom, ktor\u00e9 ale m\u00f4\u017ee by\u0165 v spr\u00e1vnych ruk\u00e1ch cestou k sl\u00e1ve a \u00faspechom.<\/p>\n<p><iframe loading=\"lazy\" width=\"560\" height=\"315\" src=\"https:\/\/www.youtube-nocookie.com\/embed\/jdxS104evYw\" frameborder=\"0\" allow=\"accelerometer; autoplay; encrypted-media; gyroscope; picture-in-picture\" allowfullscreen><\/iframe><\/p>\n<h2><strong>Dok\u00e1\u017ee Trek-Segafredo dosiahnu\u0165 niekdaj\u0161ie v\u00fdsledky?<\/strong><\/h2>\n<p>Po odchode Johna Degenkolba a len 11 v\u00ed\u0165azstv\u00e1ch v sez\u00f3ne 2019, z ktor\u00fdch naj\u017eiarivej\u0161\u00edm bolo v\u00ed\u0165azstvo na Lombardii bola bud\u00facnos\u0165 americk\u00e9ho celku neist\u00e1. Av\u0161ak posila vo forme <strong>Vincenza Nibaliho<\/strong>, ktor\u00fd dopln\u00ed Porta a Baukeho Mollemu m\u00f4\u017ee by\u0165 potrebn\u00fdm impulzom k \u00faspechom aj na Grand Tours. U\u017e za\u010diatok tejto sez\u00f3ny v Austr\u00e1lii na Santos Tour Down Under to potvrdil, ke\u010f celkov\u00e9 v\u00ed\u0165azstvo opanoval R. Porte. <strong>Ako to bude \u010falej?<\/strong><\/p>\n<p><img loading=\"lazy\" decoding=\"async\" src=\"https:\/\/d2p6e6u75xmxt8.cloudfront.net\/4\/2020\/02\/WLC_prestupy_06.jpg\" alt=\"\" width=\"1200\" height=\"800\" class=\"alignnone size-full wp-image-9281\" \/><\/p>\n<h2><strong>Team Jumbo-Visma op\u00e4\u0165 silnej\u0161\u00ed &#8211; je to ale pozit\u00edvum?<\/strong><\/h2>\n<p>Jednej z naj\u00faspe\u0161nej\u0161\u00edch t\u00edmov minulej sez\u00f3ny mieri do \u010fal\u0161ieho roku s rovnak\u00fdmi, ak nie v\u00e4\u010d\u0161\u00edmi o\u010dak\u00e1vaniami. Hviezdy v podobe Tonyho Martina, Primo\u017ea Rogli\u010da, Kruijswijka a in\u00fdch, dopln\u00ed rovnako \u017eiariv\u00fd jazdec, <strong>Tom Dumoulin<\/strong>. Ot\u00e1zne je, \u010di sa tieto es\u00e1 bud\u00fa sk\u00f4r podporova\u0165, alebo to bude v t\u00edme vrie\u0165. My ale d\u00fafame, <strong>\u017ee holandsk\u00e1 a slovinsk\u00e1 n\u00e1tura bude ve\u013ekolep\u00fdm spojen\u00edm<\/strong>.<\/p>\n<p><iframe loading=\"lazy\" width=\"560\" height=\"315\" src=\"https:\/\/www.youtube-nocookie.com\/embed\/iDlsMPduHsM\" frameborder=\"0\" allow=\"accelerometer; autoplay; encrypted-media; gyroscope; picture-in-picture\" allowfullscreen><\/iframe><\/p>\n<p>Prestupy m\u00e1me teda za sebou, <strong>teraz je \u010das na skuto\u010dn\u00e9 pretekanie<\/strong>. Kto je va\u0161\u00edm favoritom?<\/p>\n<p>(zdroj inform\u00e1ci\u00ed: procyclingstats.com)<br \/>\n(zdroj fotografi\u00ed: FB\/TdF A.S.O. \/ Thomas Maheux, FB\/UCI Justin Setterfield\/Getty Images, FB\/UCI Tim de Waele\/Getty Images, FB\/UCI Luc Claessen\/Getty Images, FB\/UCI, FB\/Lotto Soudal Cycling Team, FB\/UCI Tim de Waele\/Getty Images)<\/p>\n","protected":false},"excerpt":{"rendered":"<p>V\u00ed\u0165azstv\u00e1 sa na v\u00e4\u010d\u0161ine podujat\u00ed prisudzuj\u00fa jednotlivcom a nie t\u00edmom. Av\u0161ak bez opory, ktor\u00fa v nich t\u00edto \u0161ampi\u00f3ni maj\u00fa, by [&hellip;]<\/p>\n","protected":false},"author":81,"featured_media":9275,"comment_status":"open","ping_status":"open","sticky":false,"template":"","format":"standard","meta":{"footnotes":""},"categories":[63],"tags":[726,148,1199,619,227,275,115,487,119,597,546,898,1038,180,1028,1191,532,498,136,704,176,46,179,885,256,270,556,55,106,197],"global-categories":[1074],"class_list":["post-9272","post","type-post","status-publish","format-standard","has-post-thumbnail","hentry","category-grand-tour","tag-726","tag-andre-greipel","tag-benno","tag-bicyklovanie","tag-casovka","tag-cesta","tag-cestna-cyklistika","tag-cestny-bicykel","tag-chris-froome","tag-cyklista","tag-cyklistika","tag-deceuninck-quick-step","tag-egan-bernal","tag-horska-cyklistika","tag-ineos","tag-jazda","tag-jazdenie","tag-julian-alaphilippe","tag-mark-cavendish","tag-mathieu-van-der-poel","tag-peloton","tag-peter-sagan","tag-preteky","tag-profesional","tag-sezona","tag-team-sky","tag-tim","tag-trening","tag-uci-worldtour","tag-vincenzo-nibali","global-categories-cycling"],"yoast_head":"<!-- This site is optimized with the Yoast SEO Premium plugin v25.3 (Yoast SEO v25.9) - https:\/\/yoast.com\/wordpress\/plugins\/seo\/ -->\n<title>Prestupy v profipelot\u00f3ne na sez\u00f3nu 2020 - do\u010dk\u00e1me sa nov\u00fdch hviezd? - \u0160koda We Love Cycling Slovensko<\/title>\n<meta name=\"robots\" content=\"index, follow, max-snippet:-1, max-image-preview:large, max-video-preview:-1\" \/>\n<link rel=\"canonical\" href=\"https:\/\/www.welovecycling.com\/sk\/2020\/02\/10\/prestupy-v-profipelotone-na-sezonu-2020-dockame-sa-novych-hviezd\/\" \/>\n<meta property=\"og:locale\" content=\"sk_SK\" \/>\n<meta property=\"og:type\" content=\"article\" \/>\n<meta property=\"og:title\" content=\"Prestupy v profipelot\u00f3ne na sez\u00f3nu 2020 - do\u010dk\u00e1me sa nov\u00fdch hviezd?\" \/>\n<meta property=\"og:description\" content=\"V\u00ed\u0165azstv\u00e1 sa na v\u00e4\u010d\u0161ine podujat\u00ed prisudzuj\u00fa jednotlivcom a nie t\u00edmom. Av\u0161ak bez opory, ktor\u00fa v nich t\u00edto \u0161ampi\u00f3ni maj\u00fa, by [&hellip;]\" \/>\n<meta property=\"og:url\" content=\"https:\/\/www.welovecycling.com\/sk\/2020\/02\/10\/prestupy-v-profipelotone-na-sezonu-2020-dockame-sa-novych-hviezd\/\" \/>\n<meta property=\"og:site_name\" content=\"\u0160koda We Love Cycling Slovensko\" \/>\n<meta property=\"article:published_time\" content=\"2020-02-10T09:06:30+00:00\" \/>\n<meta property=\"article:modified_time\" content=\"2020-02-10T14:38:00+00:00\" \/>\n<meta property=\"og:image\" content=\"https:\/\/d2p6e6u75xmxt8.cloudfront.net\/4\/2020\/02\/WLC_prestupy_00.webp\" \/>\n\t<meta property=\"og:image:width\" content=\"1380\" \/>\n\t<meta property=\"og:image:height\" content=\"600\" \/>\n\t<meta property=\"og:image:type\" content=\"image\/webp\" \/>\n<meta name=\"twitter:card\" content=\"summary_large_image\" \/>\n<meta name=\"twitter:label1\" content=\"Written by\" \/>\n\t<meta name=\"twitter:data1\" content=\"WeLoveCycling\" \/>\n\t<meta name=\"twitter:label2\" content=\"Est. reading time\" \/>\n\t<meta name=\"twitter:data2\" content=\"5\" \/>\n<script type=\"application\/ld+json\" class=\"yoast-schema-graph\">{\"@context\":\"https:\/\/schema.org\",\"@graph\":[{\"@type\":\"WebPage\",\"@id\":\"https:\/\/www.welovecycling.com\/sk\/2020\/02\/10\/prestupy-v-profipelotone-na-sezonu-2020-dockame-sa-novych-hviezd\/\",\"url\":\"https:\/\/www.welovecycling.com\/sk\/2020\/02\/10\/prestupy-v-profipelotone-na-sezonu-2020-dockame-sa-novych-hviezd\/\",\"name\":\"Prestupy v profipelot\u00f3ne na sez\u00f3nu 2020 - do\u010dk\u00e1me sa nov\u00fdch hviezd? - \u0160koda We Love Cycling Slovensko\",\"isPartOf\":{\"@id\":\"https:\/\/www.welovecycling.com\/sk\/#website\"},\"primaryImageOfPage\":{\"@id\":\"https:\/\/www.welovecycling.com\/sk\/2020\/02\/10\/prestupy-v-profipelotone-na-sezonu-2020-dockame-sa-novych-hviezd\/#primaryimage\"},\"image\":{\"@id\":\"https:\/\/www.welovecycling.com\/sk\/2020\/02\/10\/prestupy-v-profipelotone-na-sezonu-2020-dockame-sa-novych-hviezd\/#primaryimage\"},\"thumbnailUrl\":\"https:\/\/d2p6e6u75xmxt8.cloudfront.net\/4\/2020\/02\/WLC_prestupy_00.webp\",\"datePublished\":\"2020-02-10T09:06:30+00:00\",\"dateModified\":\"2020-02-10T14:38:00+00:00\",\"author\":{\"@id\":\"\"},\"breadcrumb\":{\"@id\":\"https:\/\/www.welovecycling.com\/sk\/2020\/02\/10\/prestupy-v-profipelotone-na-sezonu-2020-dockame-sa-novych-hviezd\/#breadcrumb\"},\"inLanguage\":\"sk-SK\",\"potentialAction\":[{\"@type\":\"ReadAction\",\"target\":[\"https:\/\/www.welovecycling.com\/sk\/2020\/02\/10\/prestupy-v-profipelotone-na-sezonu-2020-dockame-sa-novych-hviezd\/\"]}]},{\"@type\":\"ImageObject\",\"inLanguage\":\"sk-SK\",\"@id\":\"https:\/\/www.welovecycling.com\/sk\/2020\/02\/10\/prestupy-v-profipelotone-na-sezonu-2020-dockame-sa-novych-hviezd\/#primaryimage\",\"url\":\"https:\/\/d2p6e6u75xmxt8.cloudfront.net\/4\/2020\/02\/WLC_prestupy_00.webp\",\"contentUrl\":\"https:\/\/d2p6e6u75xmxt8.cloudfront.net\/4\/2020\/02\/WLC_prestupy_00.webp\",\"width\":1380,\"height\":600},{\"@type\":\"BreadcrumbList\",\"@id\":\"https:\/\/www.welovecycling.com\/sk\/2020\/02\/10\/prestupy-v-profipelotone-na-sezonu-2020-dockame-sa-novych-hviezd\/#breadcrumb\",\"itemListElement\":[{\"@type\":\"ListItem\",\"position\":1,\"name\":\"Home\",\"item\":\"https:\/\/www.welovecycling.com\/sk\/\"},{\"@type\":\"ListItem\",\"position\":2,\"name\":\"Prestupy v profipelot\u00f3ne na sez\u00f3nu 2020 &#8211; do\u010dk\u00e1me sa nov\u00fdch hviezd?\"}]},{\"@type\":\"WebSite\",\"@id\":\"https:\/\/www.welovecycling.com\/sk\/#website\",\"url\":\"https:\/\/www.welovecycling.com\/sk\/\",\"name\":\"\u0160koda We Love Cycling Slovensko\",\"description\":\"\u0160koda We Love Cycling Slovensko je v\u00e1\u0161 ka\u017edodenn\u00fd zdroj noviniek a in\u0161pir\u00e1cie z sveta cyklistiky\",\"potentialAction\":[{\"@type\":\"SearchAction\",\"target\":{\"@type\":\"EntryPoint\",\"urlTemplate\":\"https:\/\/www.welovecycling.com\/sk\/?s={search_term_string}\"},\"query-input\":{\"@type\":\"PropertyValueSpecification\",\"valueRequired\":true,\"valueName\":\"search_term_string\"}}],\"inLanguage\":\"sk-SK\"},{\"@type\":\"Person\",\"@id\":\"\",\"url\":\"https:\/\/www.welovecycling.com\/sk\/author\/\"}]}<\/script>\n<!-- \/ Yoast SEO Premium plugin. -->","yoast_head_json":{"title":"Prestupy v profipelot\u00f3ne na sez\u00f3nu 2020 - do\u010dk\u00e1me sa nov\u00fdch hviezd? - \u0160koda We Love Cycling Slovensko","robots":{"index":"index","follow":"follow","max-snippet":"max-snippet:-1","max-image-preview":"max-image-preview:large","max-video-preview":"max-video-preview:-1"},"canonical":"https:\/\/www.welovecycling.com\/sk\/2020\/02\/10\/prestupy-v-profipelotone-na-sezonu-2020-dockame-sa-novych-hviezd\/","og_locale":"sk_SK","og_type":"article","og_title":"Prestupy v profipelot\u00f3ne na sez\u00f3nu 2020 - do\u010dk\u00e1me sa nov\u00fdch hviezd?","og_description":"V\u00ed\u0165azstv\u00e1 sa na v\u00e4\u010d\u0161ine podujat\u00ed prisudzuj\u00fa jednotlivcom a nie t\u00edmom. Av\u0161ak bez opory, ktor\u00fa v nich t\u00edto \u0161ampi\u00f3ni maj\u00fa, by [&hellip;]","og_url":"https:\/\/www.welovecycling.com\/sk\/2020\/02\/10\/prestupy-v-profipelotone-na-sezonu-2020-dockame-sa-novych-hviezd\/","og_site_name":"\u0160koda We Love Cycling Slovensko","article_published_time":"2020-02-10T09:06:30+00:00","article_modified_time":"2020-02-10T14:38:00+00:00","og_image":[{"width":1380,"height":600,"url":"https:\/\/d2p6e6u75xmxt8.cloudfront.net\/4\/2020\/02\/WLC_prestupy_00.webp","type":"image\/webp"}],"twitter_card":"summary_large_image","twitter_misc":{"Written by":"WeLoveCycling","Est. reading time":"5"},"schema":{"@context":"https:\/\/schema.org","@graph":[{"@type":"WebPage","@id":"https:\/\/www.welovecycling.com\/sk\/2020\/02\/10\/prestupy-v-profipelotone-na-sezonu-2020-dockame-sa-novych-hviezd\/","url":"https:\/\/www.welovecycling.com\/sk\/2020\/02\/10\/prestupy-v-profipelotone-na-sezonu-2020-dockame-sa-novych-hviezd\/","name":"Prestupy v profipelot\u00f3ne na sez\u00f3nu 2020 - do\u010dk\u00e1me sa nov\u00fdch hviezd? - \u0160koda We Love Cycling Slovensko","isPartOf":{"@id":"https:\/\/www.welovecycling.com\/sk\/#website"},"primaryImageOfPage":{"@id":"https:\/\/www.welovecycling.com\/sk\/2020\/02\/10\/prestupy-v-profipelotone-na-sezonu-2020-dockame-sa-novych-hviezd\/#primaryimage"},"image":{"@id":"https:\/\/www.welovecycling.com\/sk\/2020\/02\/10\/prestupy-v-profipelotone-na-sezonu-2020-dockame-sa-novych-hviezd\/#primaryimage"},"thumbnailUrl":"https:\/\/d2p6e6u75xmxt8.cloudfront.net\/4\/2020\/02\/WLC_prestupy_00.webp","datePublished":"2020-02-10T09:06:30+00:00","dateModified":"2020-02-10T14:38:00+00:00","author":{"@id":""},"breadcrumb":{"@id":"https:\/\/www.welovecycling.com\/sk\/2020\/02\/10\/prestupy-v-profipelotone-na-sezonu-2020-dockame-sa-novych-hviezd\/#breadcrumb"},"inLanguage":"sk-SK","potentialAction":[{"@type":"ReadAction","target":["https:\/\/www.welovecycling.com\/sk\/2020\/02\/10\/prestupy-v-profipelotone-na-sezonu-2020-dockame-sa-novych-hviezd\/"]}]},{"@type":"ImageObject","inLanguage":"sk-SK","@id":"https:\/\/www.welovecycling.com\/sk\/2020\/02\/10\/prestupy-v-profipelotone-na-sezonu-2020-dockame-sa-novych-hviezd\/#primaryimage","url":"https:\/\/d2p6e6u75xmxt8.cloudfront.net\/4\/2020\/02\/WLC_prestupy_00.webp","contentUrl":"https:\/\/d2p6e6u75xmxt8.cloudfront.net\/4\/2020\/02\/WLC_prestupy_00.webp","width":1380,"height":600},{"@type":"BreadcrumbList","@id":"https:\/\/www.welovecycling.com\/sk\/2020\/02\/10\/prestupy-v-profipelotone-na-sezonu-2020-dockame-sa-novych-hviezd\/#breadcrumb","itemListElement":[{"@type":"ListItem","position":1,"name":"Home","item":"https:\/\/www.welovecycling.com\/sk\/"},{"@type":"ListItem","position":2,"name":"Prestupy v profipelot\u00f3ne na sez\u00f3nu 2020 &#8211; do\u010dk\u00e1me sa nov\u00fdch hviezd?"}]},{"@type":"WebSite","@id":"https:\/\/www.welovecycling.com\/sk\/#website","url":"https:\/\/www.welovecycling.com\/sk\/","name":"\u0160koda We Love Cycling Slovensko","description":"\u0160koda We Love Cycling Slovensko je v\u00e1\u0161 ka\u017edodenn\u00fd zdroj noviniek a in\u0161pir\u00e1cie z sveta cyklistiky","potentialAction":[{"@type":"SearchAction","target":{"@type":"EntryPoint","urlTemplate":"https:\/\/www.welovecycling.com\/sk\/?s={search_term_string}"},"query-input":{"@type":"PropertyValueSpecification","valueRequired":true,"valueName":"search_term_string"}}],"inLanguage":"sk-SK"},{"@type":"Person","@id":"","url":"https:\/\/www.welovecycling.com\/sk\/author\/"}]}},"_links":{"self":[{"href":"https:\/\/www.welovecycling.com\/sk\/wp-json\/wp\/v2\/posts\/9272","targetHints":{"allow":["GET"]}}],"collection":[{"href":"https:\/\/www.welovecycling.com\/sk\/wp-json\/wp\/v2\/posts"}],"about":[{"href":"https:\/\/www.welovecycling.com\/sk\/wp-json\/wp\/v2\/types\/post"}],"author":[{"embeddable":true,"href":"https:\/\/www.welovecycling.com\/sk\/wp-json\/wp\/v2\/users\/81"}],"replies":[{"embeddable":true,"href":"https:\/\/www.welovecycling.com\/sk\/wp-json\/wp\/v2\/comments?post=9272"}],"version-history":[{"count":2,"href":"https:\/\/www.welovecycling.com\/sk\/wp-json\/wp\/v2\/posts\/9272\/revisions"}],"predecessor-version":[{"id":9339,"href":"https:\/\/www.welovecycling.com\/sk\/wp-json\/wp\/v2\/posts\/9272\/revisions\/9339"}],"wp:featuredmedia":[{"embeddable":true,"href":"https:\/\/www.welovecycling.com\/sk\/wp-json\/wp\/v2\/media\/9275"}],"wp:attachment":[{"href":"https:\/\/www.welovecycling.com\/sk\/wp-json\/wp\/v2\/media?parent=9272"}],"wp:term":[{"taxonomy":"category","embeddable":true,"href":"https:\/\/www.welovecycling.com\/sk\/wp-json\/wp\/v2\/categories?post=9272"},{"taxonomy":"post_tag","embeddable":true,"href":"https:\/\/www.welovecycling.com\/sk\/wp-json\/wp\/v2\/tags?post=9272"},{"taxonomy":"global-categories","embeddable":true,"href":"https:\/\/www.welovecycling.com\/sk\/wp-json\/wp\/v2\/global-categories?post=9272"}],"curies":[{"name":"wp","href":"https:\/\/api.w.org\/{rel}","templated":true}]}}