{"id":9238,"date":"2020-01-31T09:00:29","date_gmt":"2020-01-31T08:00:29","guid":{"rendered":"https:\/\/www.welovecycling.com\/sk\/?p=9238"},"modified":"2020-01-30T15:27:54","modified_gmt":"2020-01-30T14:27:54","slug":"skoda-bike-open-tour-2020-co-nas-caka-a-neminie","status":"publish","type":"post","link":"https:\/\/www.welovecycling.com\/sk\/2020\/01\/31\/skoda-bike-open-tour-2020-co-nas-caka-a-neminie\/","title":{"rendered":"\u0160koda BIKE OPEN TOUR 2020 &#8211; \u010do n\u00e1s \u010dak\u00e1 a\u00a0neminie"},"content":{"rendered":"<p><strong>Tento rok na n\u00e1s \u010dak\u00e1 u\u017e siedmy ro\u010dn\u00edk ob\u013e\u00fabenej marat\u00f3nskej s\u00e9rie, ktor\u00e1 si vybudovala stabiln\u00e9 miesto v\u00a0s\u00fa\u0165a\u017enom kalend\u00e1ri prof\u00edkov ale aj hobby jazdcov.<\/strong><!--more--><\/p>\n<div class=\"shortcode-ys-post-pinup\"><article class=\"loop-simple post-8192 post type-post status-publish format-standard has-post-thumbnail hentry category-sbot tag-maraton tag-preteky tag-rodinny-maraton tag-skoda tag-skoda-auto tag-skoda-bicykel tag-sbot tag-skoda-dedina tag-skoda-dohnany-puchov-trophy tag-skoda-fabia tag-skoda-horal-mtb-maraton tag-skoda-mtb-maraton-levocske-vrchy tag-skoda-mtb-maraton-rajecke-teplice tag-skoda-slovensky-raj tag-skoda-stupava-trophy tag-skoda-svatojursky-mtb-maraton tag-skoda-tim tag-skoda-vlko-hron tag-slovensko\" data-postid=\"8192\" role=\"article\" data-post-id=\"8192\" data-word-count=\"623\" data-headline-length=\"55\" data-category=\"\u0160koda Bike Open Tour\" data-author=\"We Love Cycling\" data-published=\"2019-09-04T10:06:00+02:00\" data-published-day=\"Wednesday\">\n    <div class=\"entry-thumbnail article-thumbnail\" content=\"https:\/\/d2p6e6u75xmxt8.cloudfront.net\/4\/2019\/09\/00-150x150.webp\"><a href=\"https:\/\/www.welovecycling.com\/sk\/2019\/09\/04\/skoda-bike-open-tour-2019-ma-za-sebou-dalsi-uz-6-uspesny-rocnik\/\" class=\"image-holder\" target=\"_self\"><img decoding=\"async\" loading=\"lazy\" class=\"\" src=\"https:\/\/d2p6e6u75xmxt8.cloudfront.net\/4\/2019\/09\/00-1024x445.webp\" srcset=\"https:\/\/d2p6e6u75xmxt8.cloudfront.net\/4\/2019\/09\/00.webp 1380w, https:\/\/d2p6e6u75xmxt8.cloudfront.net\/4\/2019\/09\/00-300x130.webp 300w, https:\/\/d2p6e6u75xmxt8.cloudfront.net\/4\/2019\/09\/00-1024x445.webp 1024w, https:\/\/d2p6e6u75xmxt8.cloudfront.net\/4\/2019\/09\/00-768x334.webp 768w\" width=\"1024\" height=\"445\" sizes=\"auto, (min-width: 1200px) 460px, (min-width: 768px) 38vw, 100vw\" alt=\"skoda-bike-open-tour-2019-ma-za-sebou-dalsi-uz-6-uspesny-rocnik\"\/><\/a><\/div>    <div class=\"entry-meta\">\n        <a class=\"label label-secondary post-category\" href=\"https:\/\/www.welovecycling.com\/sk\/category\/sbot\/\" title=\"\u0160koda Bike Open Tour\">\u0160koda Bike Open Tour<\/a>\n    <\/div>\n    <div class=\"entry-details\">\n        <a href=\"https:\/\/www.welovecycling.com\/sk\/2019\/09\/04\/skoda-bike-open-tour-2019-ma-za-sebou-dalsi-uz-6-uspesny-rocnik\/\" class='entry-title-wrapper'>\n            <h3 class=\"entry-title\"><span>\u0160koda BIKE OPEN TOUR m\u00e1 za sebou u\u017e svoj 6. ro\u010dn\u00edk<\/span><\/h3>\n        <\/a>\n    <\/div>\n    <\/article>\n<\/div>\n<p>Hoci e\u0161te pre\u017e\u00edvame zimu, tak v\u00a0my\u0161lienkach sa ur\u010dite t\u00falame po cest\u00e1ch a\u00a0necest\u00e1ch na na\u0161om bicykli. V\u00a0pr\u00edpade, \u017ee si chcete trochu zas\u00fa\u0165a\u017ei\u0165 a\u00a0vyhra\u0165 pekn\u00e9 ceny, <strong>tak aj tento rok budete m\u00f4c\u0165 pre\u017ei\u0165 preteky, ktor\u00e9 s\u00fa ur\u010den\u00e9 pre v\u0161etk\u00fdch<\/strong>. \u0160koda BIKE OPEN TOUR je teda tu a aj v tomto roku sa m\u00e1te na\u010do te\u0161i\u0165.<\/p>\n<div id='gallery-1' class='gallery galleryid-8192 gallery-columns-2 gallery-size-full'><figure class='gallery-item'>\n\t\t\t<div class='gallery-icon landscape'>\n\t\t\t\t<a href='https:\/\/d2p6e6u75xmxt8.cloudfront.net\/4\/2020\/01\/SBOT20_01.webp'><img loading=\"lazy\" decoding=\"async\" width=\"1200\" height=\"800\" src=\"https:\/\/d2p6e6u75xmxt8.cloudfront.net\/4\/2020\/01\/SBOT20_01.webp\" class=\"attachment-full size-full\" alt=\"\" srcset=\"https:\/\/d2p6e6u75xmxt8.cloudfront.net\/4\/2020\/01\/SBOT20_01.webp 1200w, https:\/\/d2p6e6u75xmxt8.cloudfront.net\/4\/2020\/01\/SBOT20_01-300x200.webp 300w, https:\/\/d2p6e6u75xmxt8.cloudfront.net\/4\/2020\/01\/SBOT20_01-1024x683.webp 1024w, https:\/\/d2p6e6u75xmxt8.cloudfront.net\/4\/2020\/01\/SBOT20_01-768x512.webp 768w, https:\/\/d2p6e6u75xmxt8.cloudfront.net\/4\/2020\/01\/SBOT20_01-272x182.webp 272w\" sizes=\"auto, (max-width: 1200px) 100vw, 1200px\" \/><\/a>\n\t\t\t<\/div><\/figure><figure class='gallery-item'>\n\t\t\t<div class='gallery-icon landscape'>\n\t\t\t\t<a href='https:\/\/d2p6e6u75xmxt8.cloudfront.net\/4\/2020\/01\/SBOT20_02.webp'><img loading=\"lazy\" decoding=\"async\" width=\"1200\" height=\"800\" src=\"https:\/\/d2p6e6u75xmxt8.cloudfront.net\/4\/2020\/01\/SBOT20_02.webp\" class=\"attachment-full size-full\" alt=\"\" srcset=\"https:\/\/d2p6e6u75xmxt8.cloudfront.net\/4\/2020\/01\/SBOT20_02.webp 1200w, https:\/\/d2p6e6u75xmxt8.cloudfront.net\/4\/2020\/01\/SBOT20_02-300x200.webp 300w, https:\/\/d2p6e6u75xmxt8.cloudfront.net\/4\/2020\/01\/SBOT20_02-1024x683.webp 1024w, https:\/\/d2p6e6u75xmxt8.cloudfront.net\/4\/2020\/01\/SBOT20_02-768x512.webp 768w, https:\/\/d2p6e6u75xmxt8.cloudfront.net\/4\/2020\/01\/SBOT20_02-272x182.webp 272w\" sizes=\"auto, (max-width: 1200px) 100vw, 1200px\" \/><\/a>\n\t\t\t<\/div><\/figure>\n\t\t<\/div>\n\n<h2><strong>\u010co sa zmenilo a\u00a0\u010do ostalo?<\/strong><\/h2>\n<p>Asi ka\u017ed\u00e9ho pote\u0161\u00ed spr\u00e1va, \u017ee na\u0161a s\u00e9ria \u0160koda BIKE OPEN TOUR sa op\u00e4\u0165\u00a0 <strong>rozr\u00e1stla na 6 podujat\u00ed<\/strong>. Okrem lokal\u00edt z\u00a0minul\u00e9ho roka k\u00a0n\u00e1m pribudol aj marat\u00f3n v\u00a0Slovenskom raji. <strong>Za\u010d\u00edname u\u017e 18. 04. 2020 vo Sv\u00e4tom Jure<\/strong> a\u00a0cel\u00fa sez\u00f3nu ukon\u010d\u00edme 26. septembra na podujat\u00ed \u0160koda MTB marat\u00f3n Rajeck\u00e9 Teplice. Kde a\u00a0kedy sa teda m\u00f4\u017eeme stretn\u00fa\u0165 a\u00a0zas\u00fa\u0165a\u017ei\u0165 si? Tu v\u00e1m pon\u00fakame kalend\u00e1r v\u0161etk\u00fdch akci\u00ed seri\u00e1lu \u0160koda BIKE OPEN TOUR pre tento rok.<\/p>\n<p><img loading=\"lazy\" decoding=\"async\" class=\"alignnone size-full wp-image-9241\" src=\"https:\/\/d2p6e6u75xmxt8.cloudfront.net\/4\/2020\/01\/SBOT20_03.jpg\" alt=\"\" width=\"1200\" height=\"984\" \/><\/p>\n<p>Na z\u00e1ver podujatia sa jeden \u0161\u0165astlivec m\u00f4\u017ee te\u0161i\u0165 z\u00a0atrakt\u00edvnej hlavnej ceny. Kto by azda nechcel <strong>vyhra\u0165 nov\u00fd automobil \u0160koda SCALA<\/strong>? Ak\u00e9 s\u00fa podmienky a\u00a0ako sa do tomboly zapoji\u0165? Sledujte na\u0161e str\u00e1nky a\u00a0ni\u010d podstatn\u00e9 v\u00e1m neunikne. <\/p>\n<p>Pokra\u010dova\u0165 budeme ur\u010dite v\u00a0na\u0161om zelenom pr\u00edstupe. A\u00a0t\u00fdm nemysl\u00edme len farbu n\u00e1\u0161ho loga a\u00a0hlavnej ceny v\u00a0tombole. <strong>\u0160koda BIKE OPEN TOUR mysl\u00ed na \u017eivotn\u00e9 prostredie<\/strong> a\u00a0chceme, aby na\u0161a kr\u00e1sna slovensk\u00e1 pr\u00edroda ostala aj pre \u010fal\u0161ie gener\u00e1cie. Pou\u017e\u00edva\u0165 budeme recyklovate\u013en\u00e9 materi\u00e1ly, vyhneme sa plastom, pre n\u00e1v\u0161tevn\u00edkov bud\u00fa k\u00a0dispoz\u00edcii recykla\u010dn\u00e9 n\u00e1doby a\u00a0aj samotn\u00fdm \u0161liapan\u00edm do ped\u00e1lov nebudeme zanech\u00e1va\u0165 za sebou \u017eiadnu uhl\u00edkov\u00fa stopu. Jednotliv\u00e9 preteky celej s\u00e9rie bud\u00fa pln\u00e9 dobrej atmosf\u00e9ry, tomboly a\u00a0samozrejme bud\u00fa hlavne o cyklistike. Mo\u017eno si pl\u00e1nujete u\u017e nejak\u00e9 dovolenky na tento rok, tak si nezabudnite pozna\u010di\u0165 v\u00a0kalend\u00e1ri d\u00e1tumy, kedy sa bud\u00fa kona\u0165 na\u0161e marat\u00f3ny.<\/p>\n<div id='gallery-2' class='gallery galleryid-8192 gallery-columns-2 gallery-size-full'><figure class='gallery-item'>\n\t\t\t<div class='gallery-icon landscape'>\n\t\t\t\t<a href='https:\/\/d2p6e6u75xmxt8.cloudfront.net\/4\/2020\/01\/SBOT20_04..webp'><img loading=\"lazy\" decoding=\"async\" width=\"1200\" height=\"800\" src=\"https:\/\/d2p6e6u75xmxt8.cloudfront.net\/4\/2020\/01\/SBOT20_04..webp\" class=\"attachment-full size-full\" alt=\"\" srcset=\"https:\/\/d2p6e6u75xmxt8.cloudfront.net\/4\/2020\/01\/SBOT20_04..webp 1200w, https:\/\/d2p6e6u75xmxt8.cloudfront.net\/4\/2020\/01\/SBOT20_04.-300x200.webp 300w, https:\/\/d2p6e6u75xmxt8.cloudfront.net\/4\/2020\/01\/SBOT20_04.-1024x683.webp 1024w, https:\/\/d2p6e6u75xmxt8.cloudfront.net\/4\/2020\/01\/SBOT20_04.-768x512.webp 768w, https:\/\/d2p6e6u75xmxt8.cloudfront.net\/4\/2020\/01\/SBOT20_04.-272x182.webp 272w\" sizes=\"auto, (max-width: 1200px) 100vw, 1200px\" \/><\/a>\n\t\t\t<\/div><\/figure><figure class='gallery-item'>\n\t\t\t<div class='gallery-icon landscape'>\n\t\t\t\t<a href='https:\/\/d2p6e6u75xmxt8.cloudfront.net\/4\/2020\/01\/SBOT20_05.webp'><img loading=\"lazy\" decoding=\"async\" width=\"1200\" height=\"800\" src=\"https:\/\/d2p6e6u75xmxt8.cloudfront.net\/4\/2020\/01\/SBOT20_05.webp\" class=\"attachment-full size-full\" alt=\"\" srcset=\"https:\/\/d2p6e6u75xmxt8.cloudfront.net\/4\/2020\/01\/SBOT20_05.webp 1200w, https:\/\/d2p6e6u75xmxt8.cloudfront.net\/4\/2020\/01\/SBOT20_05-300x200.webp 300w, https:\/\/d2p6e6u75xmxt8.cloudfront.net\/4\/2020\/01\/SBOT20_05-1024x683.webp 1024w, https:\/\/d2p6e6u75xmxt8.cloudfront.net\/4\/2020\/01\/SBOT20_05-768x512.webp 768w, https:\/\/d2p6e6u75xmxt8.cloudfront.net\/4\/2020\/01\/SBOT20_05-272x182.webp 272w\" sizes=\"auto, (max-width: 1200px) 100vw, 1200px\" \/><\/a>\n\t\t\t<\/div><\/figure>\n\t\t<\/div>\n\n<p>Pretek\u00e1ri m\u00f4\u017eu tak ako ka\u017ed\u00fd rok <strong>o\u010dak\u00e1va\u0165 skvel\u00e9 podmienky<\/strong>. \u010ci to u\u017e bud\u00fa trate r\u00f4zneho charakteru v\u00a0zauj\u00edmav\u00fdch lokalit\u00e1ch, \u00faschovne pre svoje veci \u010di bicykle, um\u00fdvacie boxy, \u0161tartovacie bal\u00ed\u010dky a\u00a0mnoho \u010fal\u0161ieho. Deti\u010dky si m\u00f4\u017eu tak isto zas\u00fa\u0165a\u017ei\u0165 na svojej trati, a\u00a0potom str\u00e1vi\u0165 pekn\u00e9 popoludnie. Na tombolu sa te\u0161ia azda v\u0161etci. Cel\u00e1 rodina si u\u00a0n\u00e1s n\u00e1jde to svoje. <strong>Nev\u00e1hajte a\u00a0sta\u0148te sa aj vy s\u00fa\u010das\u0165ou na\u0161ej marat\u00f3nskej MTB s\u00e9rie.<\/strong><\/p>\n<p><img loading=\"lazy\" decoding=\"async\" class=\"alignnone size-full wp-image-9244\" src=\"https:\/\/d2p6e6u75xmxt8.cloudfront.net\/4\/2020\/01\/SBOT20_06.jpg\" alt=\"\" width=\"1200\" height=\"800\" \/><\/p>\n<p>We Love Cycling v\u00e1m v\u00a0nasleduj\u00facom obdob\u00ed prinesie tie naj\u010derstvej\u0161ie inform\u00e1cie o\u00a0<strong>\u0160koda BIKE OPEN TOUR 2020<\/strong>. Viac inform\u00e1ci\u00ed sa teda dozviete \u010doskoro. <strong>A\u00a0nezabudn\u00fa\u0165 tr\u00e9nova\u0165. \u263a<\/strong><\/p>\n","protected":false},"excerpt":{"rendered":"<p>Tento rok na n\u00e1s \u010dak\u00e1 u\u017e siedmy ro\u010dn\u00edk ob\u013e\u00fabenej marat\u00f3nskej s\u00e9rie, ktor\u00e1 si vybudovala stabiln\u00e9 miesto v\u00a0s\u00fa\u0165a\u017enom kalend\u00e1ri prof\u00edkov ale [&hellip;]<\/p>\n","protected":false},"author":81,"featured_media":9245,"comment_status":"open","ping_status":"open","sticky":false,"template":"","format":"standard","meta":{"footnotes":""},"categories":[33],"tags":[726,619,115,53,248,180,178,37,509,474,256,542,35,214,859,860,1013,271,182,360,858,55,623],"global-categories":[1074],"class_list":["post-9238","post","type-post","status-publish","format-standard","has-post-thumbnail","hentry","category-sbot","tag-726","tag-bicyklovanie","tag-cestna-cyklistika","tag-deti","tag-hobby","tag-horska-cyklistika","tag-maraton","tag-podujatia","tag-rodina","tag-rodinny-maraton","tag-sezona","tag-skoda","tag-sbot","tag-skoda-horal-mtb-maraton","tag-skoda-mtb-maraton-levocske-vrchy","tag-skoda-mtb-maraton-rajecke-teplice","tag-skoda-scala","tag-skoda-slovensky-raj","tag-skoda-stupava-trophy","tag-skoda-svatojursky-mtb-maraton","tag-skoda-vlko-hron","tag-trening","tag-zdravy-zivotny-styl","global-categories-cycling"],"yoast_head":"<!-- This site is optimized with the Yoast SEO Premium plugin v25.3 (Yoast SEO v25.9) - https:\/\/yoast.com\/wordpress\/plugins\/seo\/ -->\n<title>\u0160koda BIKE OPEN TOUR 2020 - \u010do n\u00e1s \u010dak\u00e1 a\u00a0neminie - \u0160koda We Love Cycling Slovensko<\/title>\n<meta name=\"robots\" content=\"index, follow, max-snippet:-1, max-image-preview:large, max-video-preview:-1\" \/>\n<link rel=\"canonical\" href=\"https:\/\/www.welovecycling.com\/sk\/2020\/01\/31\/skoda-bike-open-tour-2020-co-nas-caka-a-neminie\/\" \/>\n<meta property=\"og:locale\" content=\"sk_SK\" \/>\n<meta property=\"og:type\" content=\"article\" \/>\n<meta property=\"og:title\" content=\"\u0160koda BIKE OPEN TOUR 2020 - \u010do n\u00e1s \u010dak\u00e1 a\u00a0neminie\" \/>\n<meta property=\"og:description\" content=\"Tento rok na n\u00e1s \u010dak\u00e1 u\u017e siedmy ro\u010dn\u00edk ob\u013e\u00fabenej marat\u00f3nskej s\u00e9rie, ktor\u00e1 si vybudovala stabiln\u00e9 miesto v\u00a0s\u00fa\u0165a\u017enom kalend\u00e1ri prof\u00edkov ale [&hellip;]\" \/>\n<meta property=\"og:url\" content=\"https:\/\/www.welovecycling.com\/sk\/2020\/01\/31\/skoda-bike-open-tour-2020-co-nas-caka-a-neminie\/\" \/>\n<meta property=\"og:site_name\" content=\"\u0160koda We Love Cycling Slovensko\" \/>\n<meta property=\"article:published_time\" content=\"2020-01-31T08:00:29+00:00\" \/>\n<meta property=\"og:image\" content=\"https:\/\/d2p6e6u75xmxt8.cloudfront.net\/4\/2020\/01\/SBOT20_titulka.webp\" \/>\n\t<meta property=\"og:image:width\" content=\"1380\" \/>\n\t<meta property=\"og:image:height\" content=\"600\" \/>\n\t<meta property=\"og:image:type\" content=\"image\/webp\" \/>\n<meta name=\"twitter:card\" content=\"summary_large_image\" \/>\n<meta name=\"twitter:label1\" content=\"Written by\" \/>\n\t<meta name=\"twitter:data1\" content=\"We Love Cycling\" \/>\n\t<meta name=\"twitter:label2\" content=\"Est. reading time\" \/>\n\t<meta name=\"twitter:data2\" content=\"7\" \/>\n<script type=\"application\/ld+json\" class=\"yoast-schema-graph\">{\"@context\":\"https:\/\/schema.org\",\"@graph\":[{\"@type\":\"WebPage\",\"@id\":\"https:\/\/www.welovecycling.com\/sk\/2020\/01\/31\/skoda-bike-open-tour-2020-co-nas-caka-a-neminie\/\",\"url\":\"https:\/\/www.welovecycling.com\/sk\/2020\/01\/31\/skoda-bike-open-tour-2020-co-nas-caka-a-neminie\/\",\"name\":\"\u0160koda BIKE OPEN TOUR 2020 - \u010do n\u00e1s \u010dak\u00e1 a\u00a0neminie - \u0160koda We Love Cycling Slovensko\",\"isPartOf\":{\"@id\":\"https:\/\/www.welovecycling.com\/sk\/#website\"},\"primaryImageOfPage\":{\"@id\":\"https:\/\/www.welovecycling.com\/sk\/2020\/01\/31\/skoda-bike-open-tour-2020-co-nas-caka-a-neminie\/#primaryimage\"},\"image\":{\"@id\":\"https:\/\/www.welovecycling.com\/sk\/2020\/01\/31\/skoda-bike-open-tour-2020-co-nas-caka-a-neminie\/#primaryimage\"},\"thumbnailUrl\":\"https:\/\/d2p6e6u75xmxt8.cloudfront.net\/4\/2020\/01\/SBOT20_titulka.webp\",\"datePublished\":\"2020-01-31T08:00:29+00:00\",\"author\":{\"@id\":\"\"},\"breadcrumb\":{\"@id\":\"https:\/\/www.welovecycling.com\/sk\/2020\/01\/31\/skoda-bike-open-tour-2020-co-nas-caka-a-neminie\/#breadcrumb\"},\"inLanguage\":\"sk-SK\",\"potentialAction\":[{\"@type\":\"ReadAction\",\"target\":[\"https:\/\/www.welovecycling.com\/sk\/2020\/01\/31\/skoda-bike-open-tour-2020-co-nas-caka-a-neminie\/\"]}]},{\"@type\":\"ImageObject\",\"inLanguage\":\"sk-SK\",\"@id\":\"https:\/\/www.welovecycling.com\/sk\/2020\/01\/31\/skoda-bike-open-tour-2020-co-nas-caka-a-neminie\/#primaryimage\",\"url\":\"https:\/\/d2p6e6u75xmxt8.cloudfront.net\/4\/2020\/01\/SBOT20_titulka.webp\",\"contentUrl\":\"https:\/\/d2p6e6u75xmxt8.cloudfront.net\/4\/2020\/01\/SBOT20_titulka.webp\",\"width\":1380,\"height\":600},{\"@type\":\"BreadcrumbList\",\"@id\":\"https:\/\/www.welovecycling.com\/sk\/2020\/01\/31\/skoda-bike-open-tour-2020-co-nas-caka-a-neminie\/#breadcrumb\",\"itemListElement\":[{\"@type\":\"ListItem\",\"position\":1,\"name\":\"Home\",\"item\":\"https:\/\/www.welovecycling.com\/sk\/\"},{\"@type\":\"ListItem\",\"position\":2,\"name\":\"\u0160koda BIKE OPEN TOUR 2020 &#8211; \u010do n\u00e1s \u010dak\u00e1 a\u00a0neminie\"}]},{\"@type\":\"WebSite\",\"@id\":\"https:\/\/www.welovecycling.com\/sk\/#website\",\"url\":\"https:\/\/www.welovecycling.com\/sk\/\",\"name\":\"\u0160koda We Love Cycling Slovensko\",\"description\":\"\u0160koda We Love Cycling Slovensko je v\u00e1\u0161 ka\u017edodenn\u00fd zdroj noviniek a in\u0161pir\u00e1cie z sveta cyklistiky\",\"potentialAction\":[{\"@type\":\"SearchAction\",\"target\":{\"@type\":\"EntryPoint\",\"urlTemplate\":\"https:\/\/www.welovecycling.com\/sk\/?s={search_term_string}\"},\"query-input\":{\"@type\":\"PropertyValueSpecification\",\"valueRequired\":true,\"valueName\":\"search_term_string\"}}],\"inLanguage\":\"sk-SK\"},{\"@type\":\"Person\",\"@id\":\"\",\"url\":\"https:\/\/www.welovecycling.com\/sk\/author\/\"}]}<\/script>\n<!-- \/ Yoast SEO Premium plugin. -->","yoast_head_json":{"title":"\u0160koda BIKE OPEN TOUR 2020 - \u010do n\u00e1s \u010dak\u00e1 a\u00a0neminie - \u0160koda We Love Cycling Slovensko","robots":{"index":"index","follow":"follow","max-snippet":"max-snippet:-1","max-image-preview":"max-image-preview:large","max-video-preview":"max-video-preview:-1"},"canonical":"https:\/\/www.welovecycling.com\/sk\/2020\/01\/31\/skoda-bike-open-tour-2020-co-nas-caka-a-neminie\/","og_locale":"sk_SK","og_type":"article","og_title":"\u0160koda BIKE OPEN TOUR 2020 - \u010do n\u00e1s \u010dak\u00e1 a\u00a0neminie","og_description":"Tento rok na n\u00e1s \u010dak\u00e1 u\u017e siedmy ro\u010dn\u00edk ob\u013e\u00fabenej marat\u00f3nskej s\u00e9rie, ktor\u00e1 si vybudovala stabiln\u00e9 miesto v\u00a0s\u00fa\u0165a\u017enom kalend\u00e1ri prof\u00edkov ale [&hellip;]","og_url":"https:\/\/www.welovecycling.com\/sk\/2020\/01\/31\/skoda-bike-open-tour-2020-co-nas-caka-a-neminie\/","og_site_name":"\u0160koda We Love Cycling Slovensko","article_published_time":"2020-01-31T08:00:29+00:00","og_image":[{"width":1380,"height":600,"url":"https:\/\/d2p6e6u75xmxt8.cloudfront.net\/4\/2020\/01\/SBOT20_titulka.webp","type":"image\/webp"}],"twitter_card":"summary_large_image","twitter_misc":{"Written by":"We Love Cycling","Est. reading time":"7"},"schema":{"@context":"https:\/\/schema.org","@graph":[{"@type":"WebPage","@id":"https:\/\/www.welovecycling.com\/sk\/2020\/01\/31\/skoda-bike-open-tour-2020-co-nas-caka-a-neminie\/","url":"https:\/\/www.welovecycling.com\/sk\/2020\/01\/31\/skoda-bike-open-tour-2020-co-nas-caka-a-neminie\/","name":"\u0160koda BIKE OPEN TOUR 2020 - \u010do n\u00e1s \u010dak\u00e1 a\u00a0neminie - \u0160koda We Love Cycling Slovensko","isPartOf":{"@id":"https:\/\/www.welovecycling.com\/sk\/#website"},"primaryImageOfPage":{"@id":"https:\/\/www.welovecycling.com\/sk\/2020\/01\/31\/skoda-bike-open-tour-2020-co-nas-caka-a-neminie\/#primaryimage"},"image":{"@id":"https:\/\/www.welovecycling.com\/sk\/2020\/01\/31\/skoda-bike-open-tour-2020-co-nas-caka-a-neminie\/#primaryimage"},"thumbnailUrl":"https:\/\/d2p6e6u75xmxt8.cloudfront.net\/4\/2020\/01\/SBOT20_titulka.webp","datePublished":"2020-01-31T08:00:29+00:00","author":{"@id":""},"breadcrumb":{"@id":"https:\/\/www.welovecycling.com\/sk\/2020\/01\/31\/skoda-bike-open-tour-2020-co-nas-caka-a-neminie\/#breadcrumb"},"inLanguage":"sk-SK","potentialAction":[{"@type":"ReadAction","target":["https:\/\/www.welovecycling.com\/sk\/2020\/01\/31\/skoda-bike-open-tour-2020-co-nas-caka-a-neminie\/"]}]},{"@type":"ImageObject","inLanguage":"sk-SK","@id":"https:\/\/www.welovecycling.com\/sk\/2020\/01\/31\/skoda-bike-open-tour-2020-co-nas-caka-a-neminie\/#primaryimage","url":"https:\/\/d2p6e6u75xmxt8.cloudfront.net\/4\/2020\/01\/SBOT20_titulka.webp","contentUrl":"https:\/\/d2p6e6u75xmxt8.cloudfront.net\/4\/2020\/01\/SBOT20_titulka.webp","width":1380,"height":600},{"@type":"BreadcrumbList","@id":"https:\/\/www.welovecycling.com\/sk\/2020\/01\/31\/skoda-bike-open-tour-2020-co-nas-caka-a-neminie\/#breadcrumb","itemListElement":[{"@type":"ListItem","position":1,"name":"Home","item":"https:\/\/www.welovecycling.com\/sk\/"},{"@type":"ListItem","position":2,"name":"\u0160koda BIKE OPEN TOUR 2020 &#8211; \u010do n\u00e1s \u010dak\u00e1 a\u00a0neminie"}]},{"@type":"WebSite","@id":"https:\/\/www.welovecycling.com\/sk\/#website","url":"https:\/\/www.welovecycling.com\/sk\/","name":"\u0160koda We Love Cycling Slovensko","description":"\u0160koda We Love Cycling Slovensko je v\u00e1\u0161 ka\u017edodenn\u00fd zdroj noviniek a in\u0161pir\u00e1cie z sveta cyklistiky","potentialAction":[{"@type":"SearchAction","target":{"@type":"EntryPoint","urlTemplate":"https:\/\/www.welovecycling.com\/sk\/?s={search_term_string}"},"query-input":{"@type":"PropertyValueSpecification","valueRequired":true,"valueName":"search_term_string"}}],"inLanguage":"sk-SK"},{"@type":"Person","@id":"","url":"https:\/\/www.welovecycling.com\/sk\/author\/"}]}},"_links":{"self":[{"href":"https:\/\/www.welovecycling.com\/sk\/wp-json\/wp\/v2\/posts\/9238","targetHints":{"allow":["GET"]}}],"collection":[{"href":"https:\/\/www.welovecycling.com\/sk\/wp-json\/wp\/v2\/posts"}],"about":[{"href":"https:\/\/www.welovecycling.com\/sk\/wp-json\/wp\/v2\/types\/post"}],"author":[{"embeddable":true,"href":"https:\/\/www.welovecycling.com\/sk\/wp-json\/wp\/v2\/users\/81"}],"replies":[{"embeddable":true,"href":"https:\/\/www.welovecycling.com\/sk\/wp-json\/wp\/v2\/comments?post=9238"}],"version-history":[{"count":2,"href":"https:\/\/www.welovecycling.com\/sk\/wp-json\/wp\/v2\/posts\/9238\/revisions"}],"predecessor-version":[{"id":9259,"href":"https:\/\/www.welovecycling.com\/sk\/wp-json\/wp\/v2\/posts\/9238\/revisions\/9259"}],"wp:featuredmedia":[{"embeddable":true,"href":"https:\/\/www.welovecycling.com\/sk\/wp-json\/wp\/v2\/media\/9245"}],"wp:attachment":[{"href":"https:\/\/www.welovecycling.com\/sk\/wp-json\/wp\/v2\/media?parent=9238"}],"wp:term":[{"taxonomy":"category","embeddable":true,"href":"https:\/\/www.welovecycling.com\/sk\/wp-json\/wp\/v2\/categories?post=9238"},{"taxonomy":"post_tag","embeddable":true,"href":"https:\/\/www.welovecycling.com\/sk\/wp-json\/wp\/v2\/tags?post=9238"},{"taxonomy":"global-categories","embeddable":true,"href":"https:\/\/www.welovecycling.com\/sk\/wp-json\/wp\/v2\/global-categories?post=9238"}],"curies":[{"name":"wp","href":"https:\/\/api.w.org\/{rel}","templated":true}]}}