{"id":9225,"date":"2020-02-05T11:00:47","date_gmt":"2020-02-05T10:00:47","guid":{"rendered":"https:\/\/www.welovecycling.com\/sk\/?p=9225"},"modified":"2020-02-07T10:29:45","modified_gmt":"2020-02-07T09:29:45","slug":"red-bull-v-roku-2019-to-najzaujimavejsie-co-sa-vo-svete-udialo","status":"publish","type":"post","link":"https:\/\/www.welovecycling.com\/sk\/2020\/02\/05\/red-bull-v-roku-2019-to-najzaujimavejsie-co-sa-vo-svete-udialo\/","title":{"rendered":"RED BULL v roku 2019 &#8211; to najzauj\u00edmavej\u0161ie, \u010do sa vo svete udialo"},"content":{"rendered":"<p><strong>Sledova\u0165 ka\u017edoro\u010dne cyklistick\u00fa show od Red Bull, ako je napr\u00edklad Rampage, je ur\u010dite z\u00e1rukou kvalitnej d\u00e1vky adrenal\u00ednu, z\u00e1bavy a\u00a0vzru\u0161enia. Ale zauj\u00edmav\u00e9 s\u00fa aj jednorazov\u00e9 akcie, exhib\u00edcie, prekon\u00e1vanie limitov a\u00a0pos\u00favanie toho, \u010do v\u0161etko \u010dlovek dok\u00e1\u017ee. A\u00a0v\u00a0tomto v\u00e1m Red Bull skuto\u010dne d\u00e1va kr\u00eddla a\u00a0v\u00a0ni\u010dom sa neobmedzuje.<\/strong><!--more--><\/p>\n<h2><strong>Kriss Kyle na BMX dolu tobog\u00e1nom<\/strong><\/h2>\n<p>Kriss poch\u00e1dza zo \u0160k\u00f3tska a\u00a0na svojom BMX jazdil po miestnych skateparkoch u\u017e ako desa\u0165ro\u010dn\u00fd. Dnes je pova\u017eovan\u00fd za jedn\u00e9ho z\u00a0<strong>najtalentovanej\u0161\u00edch a\u00a0najkreat\u00edvnej\u0161\u00edch jazdcov<\/strong>. Jeho vide\u00e1 maj\u00fa mili\u00f3ny zhliadnut\u00ed a\u00a0asi najpopul\u00e1rnej\u0161ie je video Kaleidoscope, kde jazd\u00ed na pohybuj\u00facich sa farebn\u00fdch ramp\u00e1ch a\u00a0v\u00fdsledn\u00fd dojem p\u00f4sob\u00ed, akoby ste hrali po\u010d\u00edta\u010dov\u00fa hru. So svojimi z\u00e1bavn\u00fdmi videami v\u0161ak neprest\u00e1va a\u00a0minul\u00fd rok si <strong>zajazdil v\u00a0Dubaji na tobog\u00e1ne<\/strong>. Z\u00a0vrtu\u013en\u00edka vysko\u010d\u00ed na strechu najvy\u0161\u0161ieho dubajsk\u00e9ho mrakodrapu, zajazd\u00ed si na tobog\u00e1noch a\u00a0nakoniec prejde cez najzauj\u00edmavej\u0161ie \u010dasti mesta. Pozrite si toto dychber\u00face video, ale nesk\u00fa\u0161ajte to vo va\u0161om aquaparku, nemuselo by to dopadn\u00fa\u0165 dobre.<\/p>\n<lite-youtube videoid=0y04vdZvmag params=\"enablejsapi=1\" style=\"background-image: url('https:\/\/i.ytimg.com\/vi_webp\/0y04vdZvmag\/maxresdefault.webp');\"><\/lite-youtube>\n<h2><strong>Rob Warner a\u00a0jeho divok\u00e9 jazdy po svete<\/strong><\/h2>\n<p>Viac ako dvadsa\u0165 rokov akt\u00edvne pretekal na svetov\u00fdch podujatiach a\u00a0u\u017e v\u00a0roku 1996 sa stal <strong>v\u00ed\u0165azom Svetov\u00e9ho poh\u00e1ra v\u00a0MTB, ako prv\u00fd cyklista z\u00a0Brit\u00e1nie<\/strong>. Po\u010das celej kari\u00e9ry v\u0161ak r\u00e1d robil aj z\u00e1bavn\u00e9 k\u00fasky, ako ke\u010f prijal pozvanie do telev\u00edznej rel\u00e1cie You Bet!, kde si zmeral sily so \u0161portov\u00fdm\u00a0autom. Po ukon\u010den\u00ed svojej kari\u00e9ry v\u00a0roku 2016 v\u0161ak cyklistiku neopustil a\u00a0akt\u00edvne sa venoval napr\u00edklad \u00falohe moder\u00e1tora v\u00a0s\u00e9rii vide\u00ed s\u00a0n\u00e1zvom Rob meets, v ktor\u00fdch robil rozhovory s\u00a0osobnos\u0165ami MTB sc\u00e9ny. Napriek tomu, \u017ee po\u010das svojej kari\u00e9ry precestoval cel\u00fd svet, nevidel toho ve\u013ea, lebo sa s\u00fastredil len na samotn\u00e9 preteky, a\u00a0tak sa rozhodol tieto krajiny <strong>znovu nav\u0161t\u00edvi\u0165 a\u00a0bli\u017e\u0161ie spozna\u0165 pr\u00edrodu, miestnu kult\u00faru a\u00a0\u013eud\u00ed<\/strong>. Po\u010das minul\u00e9ho roka nat\u00e1\u010dal s\u00e9riu vide\u00ed s\u00a0n\u00e1zvom Rob Warner\u00b4s Wild Rides a\u00a0nav\u0161t\u00edvil \u0161es\u0165 kraj\u00edn, \u0161tyri kontinenty,\u00a0medzi nimi aj tak\u00e9 zauj\u00edmav\u00e9 lokality ako Nep\u00e1l, Ke\u0148a \u010di Kolumbia.<\/p>\n<lite-youtube videoid=w8Fh15gmibc params=\"enablejsapi=1\" style=\"background-image: url('https:\/\/i.ytimg.com\/vi_webp\/w8Fh15gmibc\/maxresdefault.webp');\"><\/lite-youtube>\n<h2><strong>Red Bull Illume &#8211; fotografi cel\u00e9ho sveta spojte sa<\/strong><\/h2>\n<p>Illume je fotografick\u00e1 s\u00fa\u0165a\u017e organizovan\u00e1 spolo\u010dnos\u0165ou Red Bull. Od roku 2007 sa vyhlasuje ka\u017ed\u00e9 tri roky a v roku 2019 sa konala piatykr\u00e1t. Pribudli niektor\u00e9 nov\u00e9 kateg\u00f3rie a <strong>ka\u017edoro\u010dne sa s\u00fa\u0165a\u017ee z\u00fa\u010dastnia tis\u00edcky fotografov<\/strong>, ktor\u00ed prispievaj\u00fa fantastick\u00fdmi fotkami z prostredia ak\u010dn\u00fdch \u0161portov a dobrodru\u017en\u00fdch podujat\u00ed z cel\u00e9ho sveta. Samozrejme medzi nimi nech\u00fdbaj\u00fa ani momenty z cyklistiky a najm\u00e4 z MTB \u010di BMX prostredia. U\u017e len n\u00e1zvy jednotliv\u00fdch kateg\u00f3ri\u00ed n\u00fatia ku kreativite \u2013 <strong>energia, kr\u00eddla, duch&#8230;<\/strong> Najv\u00e4\u010d\u0161ou v\u00fdzvou je kateg\u00f3ria raw, \u010di\u017ee fotky bez \u00fapravy, tak ako sa to robilo pred pr\u00edchodom \u0161ikovn\u00fdch programov \u010di aplik\u00e1ci\u00ed pou\u017e\u00edvan\u00fdch na \u00fapravu fotiek. Pozrime sa na pr\u00e1cu nieko\u013ek\u00fdch finalistov aktu\u00e1lneho ro\u010dn\u00edka.<\/p>\n<div id='gallery-1' class='gallery galleryid-9225 gallery-columns-2 gallery-size-full'><figure class='gallery-item'>\n\t\t\t<div class='gallery-icon landscape'>\n\t\t\t\t<a href='https:\/\/d2p6e6u75xmxt8.cloudfront.net\/4\/2020\/01\/RED-BULL-v-roku-2019-vo-svete_01.webp'><img loading=\"lazy\" decoding=\"async\" width=\"1200\" height=\"800\" src=\"https:\/\/d2p6e6u75xmxt8.cloudfront.net\/4\/2020\/01\/RED-BULL-v-roku-2019-vo-svete_01.webp\" class=\"attachment-full size-full\" alt=\"\" aria-describedby=\"gallery-1-9231\" srcset=\"https:\/\/d2p6e6u75xmxt8.cloudfront.net\/4\/2020\/01\/RED-BULL-v-roku-2019-vo-svete_01.webp 1200w, https:\/\/d2p6e6u75xmxt8.cloudfront.net\/4\/2020\/01\/RED-BULL-v-roku-2019-vo-svete_01-300x200.webp 300w, https:\/\/d2p6e6u75xmxt8.cloudfront.net\/4\/2020\/01\/RED-BULL-v-roku-2019-vo-svete_01-1024x683.webp 1024w, https:\/\/d2p6e6u75xmxt8.cloudfront.net\/4\/2020\/01\/RED-BULL-v-roku-2019-vo-svete_01-768x512.webp 768w, https:\/\/d2p6e6u75xmxt8.cloudfront.net\/4\/2020\/01\/RED-BULL-v-roku-2019-vo-svete_01-272x182.webp 272w\" sizes=\"auto, (max-width: 1200px) 100vw, 1200px\" \/><\/a>\n\t\t\t<\/div>\n\t\t\t\t<figcaption class='wp-caption-text gallery-caption' id='gallery-1-9231'>\n\t\t\t\tAutor: Noah Wetzel\/Red Bull Content Pool\n\t\t\t\t<\/figcaption><\/figure><figure class='gallery-item'>\n\t\t\t<div class='gallery-icon landscape'>\n\t\t\t\t<a href='https:\/\/d2p6e6u75xmxt8.cloudfront.net\/4\/2020\/01\/RED-BULL-v-roku-2019-vo-svete_02.webp'><img loading=\"lazy\" decoding=\"async\" width=\"1200\" height=\"800\" src=\"https:\/\/d2p6e6u75xmxt8.cloudfront.net\/4\/2020\/01\/RED-BULL-v-roku-2019-vo-svete_02.webp\" class=\"attachment-full size-full\" alt=\"\" aria-describedby=\"gallery-1-9232\" srcset=\"https:\/\/d2p6e6u75xmxt8.cloudfront.net\/4\/2020\/01\/RED-BULL-v-roku-2019-vo-svete_02.webp 1200w, https:\/\/d2p6e6u75xmxt8.cloudfront.net\/4\/2020\/01\/RED-BULL-v-roku-2019-vo-svete_02-300x200.webp 300w, https:\/\/d2p6e6u75xmxt8.cloudfront.net\/4\/2020\/01\/RED-BULL-v-roku-2019-vo-svete_02-1024x683.webp 1024w, https:\/\/d2p6e6u75xmxt8.cloudfront.net\/4\/2020\/01\/RED-BULL-v-roku-2019-vo-svete_02-768x512.webp 768w, https:\/\/d2p6e6u75xmxt8.cloudfront.net\/4\/2020\/01\/RED-BULL-v-roku-2019-vo-svete_02-272x182.webp 272w\" sizes=\"auto, (max-width: 1200px) 100vw, 1200px\" \/><\/a>\n\t\t\t<\/div>\n\t\t\t\t<figcaption class='wp-caption-text gallery-caption' id='gallery-1-9232'>\n\t\t\t\tAutor: Laurence Crossman-Emms \/Red Bull Content Pool\n\t\t\t\t<\/figcaption><\/figure><figure class='gallery-item'>\n\t\t\t<div class='gallery-icon landscape'>\n\t\t\t\t<a href='https:\/\/d2p6e6u75xmxt8.cloudfront.net\/4\/2020\/01\/RED-BULL-v-roku-2019-vo-svete_03.webp'><img loading=\"lazy\" decoding=\"async\" width=\"1200\" height=\"800\" src=\"https:\/\/d2p6e6u75xmxt8.cloudfront.net\/4\/2020\/01\/RED-BULL-v-roku-2019-vo-svete_03.webp\" class=\"attachment-full size-full\" alt=\"\" aria-describedby=\"gallery-1-9233\" srcset=\"https:\/\/d2p6e6u75xmxt8.cloudfront.net\/4\/2020\/01\/RED-BULL-v-roku-2019-vo-svete_03.webp 1200w, https:\/\/d2p6e6u75xmxt8.cloudfront.net\/4\/2020\/01\/RED-BULL-v-roku-2019-vo-svete_03-300x200.webp 300w, https:\/\/d2p6e6u75xmxt8.cloudfront.net\/4\/2020\/01\/RED-BULL-v-roku-2019-vo-svete_03-1024x683.webp 1024w, https:\/\/d2p6e6u75xmxt8.cloudfront.net\/4\/2020\/01\/RED-BULL-v-roku-2019-vo-svete_03-768x512.webp 768w, https:\/\/d2p6e6u75xmxt8.cloudfront.net\/4\/2020\/01\/RED-BULL-v-roku-2019-vo-svete_03-272x182.webp 272w\" sizes=\"auto, (max-width: 1200px) 100vw, 1200px\" \/><\/a>\n\t\t\t<\/div>\n\t\t\t\t<figcaption class='wp-caption-text gallery-caption' id='gallery-1-9233'>\n\t\t\t\tDenis Klero \/Red Bull Content Pool\n\t\t\t\t<\/figcaption><\/figure><figure class='gallery-item'>\n\t\t\t<div class='gallery-icon landscape'>\n\t\t\t\t<a href='https:\/\/d2p6e6u75xmxt8.cloudfront.net\/4\/2020\/01\/RED-BULL-v-roku-2019-vo-svete_04.webp'><img loading=\"lazy\" decoding=\"async\" width=\"1200\" height=\"800\" src=\"https:\/\/d2p6e6u75xmxt8.cloudfront.net\/4\/2020\/01\/RED-BULL-v-roku-2019-vo-svete_04.webp\" class=\"attachment-full size-full\" alt=\"\" aria-describedby=\"gallery-1-9234\" srcset=\"https:\/\/d2p6e6u75xmxt8.cloudfront.net\/4\/2020\/01\/RED-BULL-v-roku-2019-vo-svete_04.webp 1200w, https:\/\/d2p6e6u75xmxt8.cloudfront.net\/4\/2020\/01\/RED-BULL-v-roku-2019-vo-svete_04-300x200.webp 300w, https:\/\/d2p6e6u75xmxt8.cloudfront.net\/4\/2020\/01\/RED-BULL-v-roku-2019-vo-svete_04-1024x683.webp 1024w, https:\/\/d2p6e6u75xmxt8.cloudfront.net\/4\/2020\/01\/RED-BULL-v-roku-2019-vo-svete_04-768x512.webp 768w, https:\/\/d2p6e6u75xmxt8.cloudfront.net\/4\/2020\/01\/RED-BULL-v-roku-2019-vo-svete_04-272x182.webp 272w\" sizes=\"auto, (max-width: 1200px) 100vw, 1200px\" \/><\/a>\n\t\t\t<\/div>\n\t\t\t\t<figcaption class='wp-caption-text gallery-caption' id='gallery-1-9234'>\n\t\t\t\tAutor: Philip Platzer \/Red Bull Content Pool\n\t\t\t\t<\/figcaption><\/figure>\n\t\t<\/div>\n\n<div style=\"margin-top:-20px;margin-bottom: 35px;\">(autori fotografi\u00ed: Noah Wetzel, Laurence Crossman-Emms, Denis Klero, Philip Platzer\/Red Bull Content Pool)<\/div>\n<div class=\"shortcode-ys-post-pinup\"><article class=\"loop-simple post-9086 post type-post status-publish format-standard has-post-thumbnail hentry category-adrenalin tag-adam-rojcek tag-adrenalin tag-bezpecnost tag-bikefest-kalnica tag-cyklisticky-film tag-down-hill tag-enduro tag-film tag-horska-cyklistika tag-jazdec tag-motivacia tag-mtb tag-nebezpecenstvo tag-pad tag-red-bull tag-red-bull-district-ride tag-rampage tag-sezona tag-trening tag-vitazstvo global-categories-cycling\" data-postid=\"9086\" role=\"article\" data-post-id=\"9086\" data-word-count=\"412\" data-headline-length=\"46\" data-category=\"Adrenal\u00edn\" data-global-category=\"Cycling\" data-author=\"Radovan Vr\u0161ka\" data-published=\"2020-01-13T09:23:29+01:00\" data-published-day=\"Monday\">\n    <div class=\"entry-thumbnail article-thumbnail\" content=\"https:\/\/d2p6e6u75xmxt8.cloudfront.net\/4\/2020\/01\/RED-BULL_00-150x150.webp\"><a href=\"https:\/\/www.welovecycling.com\/sk\/2020\/01\/13\/red-bull-so-slovenskymi-jazdcami-v-roku-2019\/\" class=\"image-holder\" target=\"_self\"><img decoding=\"async\" loading=\"lazy\" class=\"\" src=\"https:\/\/d2p6e6u75xmxt8.cloudfront.net\/4\/2020\/01\/RED-BULL_00-1024x445.webp\" srcset=\"https:\/\/d2p6e6u75xmxt8.cloudfront.net\/4\/2020\/01\/RED-BULL_00.webp 1380w, https:\/\/d2p6e6u75xmxt8.cloudfront.net\/4\/2020\/01\/RED-BULL_00-300x130.webp 300w, https:\/\/d2p6e6u75xmxt8.cloudfront.net\/4\/2020\/01\/RED-BULL_00-1024x445.webp 1024w, https:\/\/d2p6e6u75xmxt8.cloudfront.net\/4\/2020\/01\/RED-BULL_00-768x334.webp 768w\" width=\"1024\" height=\"445\" sizes=\"auto, (min-width: 1200px) 460px, (min-width: 768px) 38vw, 100vw\" alt=\"red-bull-so-slovenskymi-jazdcami-v-roku-2019\"\/><\/a><\/div>    <div class=\"entry-meta\">\n        <a class=\"label label-secondary post-category\" href=\"https:\/\/www.welovecycling.com\/sk\/category\/adrenalin\/\" title=\"Adrenal\u00edn\">Adrenal\u00edn<\/a>\n    <\/div>\n    <div class=\"entry-details\">\n        <a href=\"https:\/\/www.welovecycling.com\/sk\/2020\/01\/13\/red-bull-so-slovenskymi-jazdcami-v-roku-2019\/\" class='entry-title-wrapper'>\n            <h3 class=\"entry-title\"><span>RED BULL so slovensk\u00fdmi jazdcami v\u00a0roku 2019<\/span><\/h3>\n        <\/a>\n    <\/div>\n    <\/article>\n<\/div>\n<h2><strong>Tracey Hannah a\u00a0jej dokonal\u00e1 sez\u00f3na<\/strong><\/h2>\n<p>\u0160\u0165astie nepodplat\u00ed\u0161, zdravie nenapl\u00e1nuje\u0161, no jednoducho je ve\u013emi \u0165a\u017ek\u00e9 napl\u00e1nova\u0165 sez\u00f3nu. M\u00f4\u017eete by\u0165 v\u00a0tej najlep\u0161ej kond\u00edcii a\u00a0napriek tomu sa v\u00e1m smola lep\u00ed na p\u00e4ty, strieda sa jedno zranenie za druh\u00fdm a\u00a0ni\u010d nevych\u00e1dza. Samozrejme tak\u00fdto rok je no\u010dn\u00e1 mora v\u0161etk\u00fdch bikerov a\u00a0nikomu ho neprajeme. Na druh\u00fa stranu, ke\u010f sa za\u010dne v\u0161etko dari\u0165 je mo\u017en\u00e9, \u017ee sa s\u00a0najv\u00e4\u010d\u0161ou pravdepodobnos\u0165ou ocitnete na stupni v\u00ed\u0165azov a\u00a0presne tak\u00fa sez\u00f3nu tento rok mala Tracey Hannah a\u00a0<strong>zlat\u00fdm p\u00edsmom sa zap\u00edsala na Svetovom poh\u00e1ri v\u00a0zjazde<\/strong>, ktor\u00fd sa tento rok konal v\u00a0rak\u00faskom Leogangu. Svoj prv\u00fd titul na BMX z\u00edskala u\u017e ako \u0161tvorro\u010dn\u00e1 a\u00a0svoj majstrovsk\u00fd titul z\u00edskala ako tridsa\u0165jeden ro\u010dn\u00e1. Pozrite si video z\u00a0v\u00ed\u0165aznej jazdy, ktor\u00e1 jej priniesla obrovsk\u00fd \u00faspech.<\/p>\n<lite-youtube videoid=T6YR_lJB7HU params=\"enablejsapi=1\" style=\"background-image: url('https:\/\/i.ytimg.com\/vi_webp\/T6YR_lJB7HU\/maxresdefault.webp');\"><\/lite-youtube>\n<p>Toto boli tie najzauj\u00edmavej\u0161ie momenty Red Bull podujat\u00ed v roku 2019. <strong>A my sa u\u017e te\u0161\u00edme na nov\u00fa sez\u00f3nu<\/strong>, ktor\u00e1 bude ur\u010dite pln\u00e1 dychber\u00facich akci\u00ed.<\/p>\n<p>(autor titulnej fotografie: JB Liautard\/Red Bull Content Pool)<\/p>\n","protected":false},"excerpt":{"rendered":"<p>Sledova\u0165 ka\u017edoro\u010dne cyklistick\u00fa show od Red Bull, ako je napr\u00edklad Rampage, je ur\u010dite z\u00e1rukou kvalitnej d\u00e1vky adrenal\u00ednu, z\u00e1bavy a\u00a0vzru\u0161enia. Ale [&hellip;]<\/p>\n","protected":false},"author":81,"featured_media":9235,"comment_status":"open","ping_status":"open","sticky":false,"template":"","format":"standard","meta":{"footnotes":""},"categories":[47],"tags":[558,319,62,626,546,620,180,1191,532,412,600,302,314,315,304,256,239,768,815,703,237,55,305,886,475],"global-categories":[1074],"class_list":["post-9225","post","type-post","status-publish","format-standard","has-post-thumbnail","hentry","category-adrenalin","tag-558","tag-adrenalin","tag-bezpecnost","tag-bmx","tag-cyklistika","tag-fotograf","tag-horska-cyklistika","tag-jazda","tag-jazdenie","tag-mtb","tag-muzi","tag-red-bull","tag-foxhunt","tag-hardline","tag-rampage","tag-sezona","tag-singletrail","tag-skotsko","tag-svet","tag-svetovy-pohar","tag-trail","tag-trening","tag-video","tag-vitazstvo","tag-zeny","global-categories-cycling"],"yoast_head":"<!-- This site is optimized with the Yoast SEO Premium plugin v25.3 (Yoast SEO v25.9) - https:\/\/yoast.com\/wordpress\/plugins\/seo\/ -->\n<title>RED BULL v roku 2019 - to najzauj\u00edmavej\u0161ie, \u010do sa vo svete udialo - \u0160koda We Love Cycling Slovensko<\/title>\n<meta name=\"robots\" content=\"index, follow, max-snippet:-1, max-image-preview:large, max-video-preview:-1\" \/>\n<link rel=\"canonical\" href=\"https:\/\/www.welovecycling.com\/sk\/2020\/02\/05\/red-bull-v-roku-2019-to-najzaujimavejsie-co-sa-vo-svete-udialo\/\" \/>\n<meta property=\"og:locale\" content=\"sk_SK\" \/>\n<meta property=\"og:type\" content=\"article\" \/>\n<meta property=\"og:title\" content=\"RED BULL v roku 2019 - to najzauj\u00edmavej\u0161ie, \u010do sa vo svete udialo\" \/>\n<meta property=\"og:description\" content=\"Sledova\u0165 ka\u017edoro\u010dne cyklistick\u00fa show od Red Bull, ako je napr\u00edklad Rampage, je ur\u010dite z\u00e1rukou kvalitnej d\u00e1vky adrenal\u00ednu, z\u00e1bavy a\u00a0vzru\u0161enia. Ale [&hellip;]\" \/>\n<meta property=\"og:url\" content=\"https:\/\/www.welovecycling.com\/sk\/2020\/02\/05\/red-bull-v-roku-2019-to-najzaujimavejsie-co-sa-vo-svete-udialo\/\" \/>\n<meta property=\"og:site_name\" content=\"\u0160koda We Love Cycling Slovensko\" \/>\n<meta property=\"article:published_time\" content=\"2020-02-05T10:00:47+00:00\" \/>\n<meta property=\"article:modified_time\" content=\"2020-02-07T09:29:45+00:00\" \/>\n<meta property=\"og:image\" content=\"https:\/\/d2p6e6u75xmxt8.cloudfront.net\/4\/2020\/01\/RED-BULL-v-roku-2019-vo-svete_00.webp\" \/>\n\t<meta property=\"og:image:width\" content=\"1380\" \/>\n\t<meta property=\"og:image:height\" content=\"600\" \/>\n\t<meta property=\"og:image:type\" content=\"image\/webp\" \/>\n<meta name=\"twitter:card\" content=\"summary_large_image\" \/>\n<meta name=\"twitter:label1\" content=\"Written by\" \/>\n\t<meta name=\"twitter:data1\" content=\"Radovan Vr\u0161ka\" \/>\n\t<meta name=\"twitter:label2\" content=\"Est. reading time\" \/>\n\t<meta name=\"twitter:data2\" content=\"3\" \/>\n<script type=\"application\/ld+json\" class=\"yoast-schema-graph\">{\"@context\":\"https:\/\/schema.org\",\"@graph\":[{\"@type\":\"WebPage\",\"@id\":\"https:\/\/www.welovecycling.com\/sk\/2020\/02\/05\/red-bull-v-roku-2019-to-najzaujimavejsie-co-sa-vo-svete-udialo\/\",\"url\":\"https:\/\/www.welovecycling.com\/sk\/2020\/02\/05\/red-bull-v-roku-2019-to-najzaujimavejsie-co-sa-vo-svete-udialo\/\",\"name\":\"RED BULL v roku 2019 - to najzauj\u00edmavej\u0161ie, \u010do sa vo svete udialo - \u0160koda We Love Cycling Slovensko\",\"isPartOf\":{\"@id\":\"https:\/\/www.welovecycling.com\/sk\/#website\"},\"primaryImageOfPage\":{\"@id\":\"https:\/\/www.welovecycling.com\/sk\/2020\/02\/05\/red-bull-v-roku-2019-to-najzaujimavejsie-co-sa-vo-svete-udialo\/#primaryimage\"},\"image\":{\"@id\":\"https:\/\/www.welovecycling.com\/sk\/2020\/02\/05\/red-bull-v-roku-2019-to-najzaujimavejsie-co-sa-vo-svete-udialo\/#primaryimage\"},\"thumbnailUrl\":\"https:\/\/d2p6e6u75xmxt8.cloudfront.net\/4\/2020\/01\/RED-BULL-v-roku-2019-vo-svete_00.webp\",\"datePublished\":\"2020-02-05T10:00:47+00:00\",\"dateModified\":\"2020-02-07T09:29:45+00:00\",\"author\":{\"@id\":\"\"},\"breadcrumb\":{\"@id\":\"https:\/\/www.welovecycling.com\/sk\/2020\/02\/05\/red-bull-v-roku-2019-to-najzaujimavejsie-co-sa-vo-svete-udialo\/#breadcrumb\"},\"inLanguage\":\"sk-SK\",\"potentialAction\":[{\"@type\":\"ReadAction\",\"target\":[\"https:\/\/www.welovecycling.com\/sk\/2020\/02\/05\/red-bull-v-roku-2019-to-najzaujimavejsie-co-sa-vo-svete-udialo\/\"]}]},{\"@type\":\"ImageObject\",\"inLanguage\":\"sk-SK\",\"@id\":\"https:\/\/www.welovecycling.com\/sk\/2020\/02\/05\/red-bull-v-roku-2019-to-najzaujimavejsie-co-sa-vo-svete-udialo\/#primaryimage\",\"url\":\"https:\/\/d2p6e6u75xmxt8.cloudfront.net\/4\/2020\/01\/RED-BULL-v-roku-2019-vo-svete_00.webp\",\"contentUrl\":\"https:\/\/d2p6e6u75xmxt8.cloudfront.net\/4\/2020\/01\/RED-BULL-v-roku-2019-vo-svete_00.webp\",\"width\":1380,\"height\":600},{\"@type\":\"BreadcrumbList\",\"@id\":\"https:\/\/www.welovecycling.com\/sk\/2020\/02\/05\/red-bull-v-roku-2019-to-najzaujimavejsie-co-sa-vo-svete-udialo\/#breadcrumb\",\"itemListElement\":[{\"@type\":\"ListItem\",\"position\":1,\"name\":\"Home\",\"item\":\"https:\/\/www.welovecycling.com\/sk\/\"},{\"@type\":\"ListItem\",\"position\":2,\"name\":\"RED BULL v roku 2019 &#8211; to najzauj\u00edmavej\u0161ie, \u010do sa vo svete udialo\"}]},{\"@type\":\"WebSite\",\"@id\":\"https:\/\/www.welovecycling.com\/sk\/#website\",\"url\":\"https:\/\/www.welovecycling.com\/sk\/\",\"name\":\"\u0160koda We Love Cycling Slovensko\",\"description\":\"\u0160koda We Love Cycling Slovensko je v\u00e1\u0161 ka\u017edodenn\u00fd zdroj noviniek a in\u0161pir\u00e1cie z sveta cyklistiky\",\"potentialAction\":[{\"@type\":\"SearchAction\",\"target\":{\"@type\":\"EntryPoint\",\"urlTemplate\":\"https:\/\/www.welovecycling.com\/sk\/?s={search_term_string}\"},\"query-input\":{\"@type\":\"PropertyValueSpecification\",\"valueRequired\":true,\"valueName\":\"search_term_string\"}}],\"inLanguage\":\"sk-SK\"},{\"@type\":\"Person\",\"@id\":\"\",\"url\":\"https:\/\/www.welovecycling.com\/sk\/author\/\"}]}<\/script>\n<!-- \/ Yoast SEO Premium plugin. -->","yoast_head_json":{"title":"RED BULL v roku 2019 - to najzauj\u00edmavej\u0161ie, \u010do sa vo svete udialo - \u0160koda We Love Cycling Slovensko","robots":{"index":"index","follow":"follow","max-snippet":"max-snippet:-1","max-image-preview":"max-image-preview:large","max-video-preview":"max-video-preview:-1"},"canonical":"https:\/\/www.welovecycling.com\/sk\/2020\/02\/05\/red-bull-v-roku-2019-to-najzaujimavejsie-co-sa-vo-svete-udialo\/","og_locale":"sk_SK","og_type":"article","og_title":"RED BULL v roku 2019 - to najzauj\u00edmavej\u0161ie, \u010do sa vo svete udialo","og_description":"Sledova\u0165 ka\u017edoro\u010dne cyklistick\u00fa show od Red Bull, ako je napr\u00edklad Rampage, je ur\u010dite z\u00e1rukou kvalitnej d\u00e1vky adrenal\u00ednu, z\u00e1bavy a\u00a0vzru\u0161enia. Ale [&hellip;]","og_url":"https:\/\/www.welovecycling.com\/sk\/2020\/02\/05\/red-bull-v-roku-2019-to-najzaujimavejsie-co-sa-vo-svete-udialo\/","og_site_name":"\u0160koda We Love Cycling Slovensko","article_published_time":"2020-02-05T10:00:47+00:00","article_modified_time":"2020-02-07T09:29:45+00:00","og_image":[{"width":1380,"height":600,"url":"https:\/\/d2p6e6u75xmxt8.cloudfront.net\/4\/2020\/01\/RED-BULL-v-roku-2019-vo-svete_00.webp","type":"image\/webp"}],"twitter_card":"summary_large_image","twitter_misc":{"Written by":"Radovan Vr\u0161ka","Est. reading time":"3"},"schema":{"@context":"https:\/\/schema.org","@graph":[{"@type":"WebPage","@id":"https:\/\/www.welovecycling.com\/sk\/2020\/02\/05\/red-bull-v-roku-2019-to-najzaujimavejsie-co-sa-vo-svete-udialo\/","url":"https:\/\/www.welovecycling.com\/sk\/2020\/02\/05\/red-bull-v-roku-2019-to-najzaujimavejsie-co-sa-vo-svete-udialo\/","name":"RED BULL v roku 2019 - to najzauj\u00edmavej\u0161ie, \u010do sa vo svete udialo - \u0160koda We Love Cycling Slovensko","isPartOf":{"@id":"https:\/\/www.welovecycling.com\/sk\/#website"},"primaryImageOfPage":{"@id":"https:\/\/www.welovecycling.com\/sk\/2020\/02\/05\/red-bull-v-roku-2019-to-najzaujimavejsie-co-sa-vo-svete-udialo\/#primaryimage"},"image":{"@id":"https:\/\/www.welovecycling.com\/sk\/2020\/02\/05\/red-bull-v-roku-2019-to-najzaujimavejsie-co-sa-vo-svete-udialo\/#primaryimage"},"thumbnailUrl":"https:\/\/d2p6e6u75xmxt8.cloudfront.net\/4\/2020\/01\/RED-BULL-v-roku-2019-vo-svete_00.webp","datePublished":"2020-02-05T10:00:47+00:00","dateModified":"2020-02-07T09:29:45+00:00","author":{"@id":""},"breadcrumb":{"@id":"https:\/\/www.welovecycling.com\/sk\/2020\/02\/05\/red-bull-v-roku-2019-to-najzaujimavejsie-co-sa-vo-svete-udialo\/#breadcrumb"},"inLanguage":"sk-SK","potentialAction":[{"@type":"ReadAction","target":["https:\/\/www.welovecycling.com\/sk\/2020\/02\/05\/red-bull-v-roku-2019-to-najzaujimavejsie-co-sa-vo-svete-udialo\/"]}]},{"@type":"ImageObject","inLanguage":"sk-SK","@id":"https:\/\/www.welovecycling.com\/sk\/2020\/02\/05\/red-bull-v-roku-2019-to-najzaujimavejsie-co-sa-vo-svete-udialo\/#primaryimage","url":"https:\/\/d2p6e6u75xmxt8.cloudfront.net\/4\/2020\/01\/RED-BULL-v-roku-2019-vo-svete_00.webp","contentUrl":"https:\/\/d2p6e6u75xmxt8.cloudfront.net\/4\/2020\/01\/RED-BULL-v-roku-2019-vo-svete_00.webp","width":1380,"height":600},{"@type":"BreadcrumbList","@id":"https:\/\/www.welovecycling.com\/sk\/2020\/02\/05\/red-bull-v-roku-2019-to-najzaujimavejsie-co-sa-vo-svete-udialo\/#breadcrumb","itemListElement":[{"@type":"ListItem","position":1,"name":"Home","item":"https:\/\/www.welovecycling.com\/sk\/"},{"@type":"ListItem","position":2,"name":"RED BULL v roku 2019 &#8211; to najzauj\u00edmavej\u0161ie, \u010do sa vo svete udialo"}]},{"@type":"WebSite","@id":"https:\/\/www.welovecycling.com\/sk\/#website","url":"https:\/\/www.welovecycling.com\/sk\/","name":"\u0160koda We Love Cycling Slovensko","description":"\u0160koda We Love Cycling Slovensko je v\u00e1\u0161 ka\u017edodenn\u00fd zdroj noviniek a in\u0161pir\u00e1cie z sveta cyklistiky","potentialAction":[{"@type":"SearchAction","target":{"@type":"EntryPoint","urlTemplate":"https:\/\/www.welovecycling.com\/sk\/?s={search_term_string}"},"query-input":{"@type":"PropertyValueSpecification","valueRequired":true,"valueName":"search_term_string"}}],"inLanguage":"sk-SK"},{"@type":"Person","@id":"","url":"https:\/\/www.welovecycling.com\/sk\/author\/"}]}},"_links":{"self":[{"href":"https:\/\/www.welovecycling.com\/sk\/wp-json\/wp\/v2\/posts\/9225","targetHints":{"allow":["GET"]}}],"collection":[{"href":"https:\/\/www.welovecycling.com\/sk\/wp-json\/wp\/v2\/posts"}],"about":[{"href":"https:\/\/www.welovecycling.com\/sk\/wp-json\/wp\/v2\/types\/post"}],"author":[{"embeddable":true,"href":"https:\/\/www.welovecycling.com\/sk\/wp-json\/wp\/v2\/users\/81"}],"replies":[{"embeddable":true,"href":"https:\/\/www.welovecycling.com\/sk\/wp-json\/wp\/v2\/comments?post=9225"}],"version-history":[{"count":2,"href":"https:\/\/www.welovecycling.com\/sk\/wp-json\/wp\/v2\/posts\/9225\/revisions"}],"predecessor-version":[{"id":9322,"href":"https:\/\/www.welovecycling.com\/sk\/wp-json\/wp\/v2\/posts\/9225\/revisions\/9322"}],"wp:featuredmedia":[{"embeddable":true,"href":"https:\/\/www.welovecycling.com\/sk\/wp-json\/wp\/v2\/media\/9235"}],"wp:attachment":[{"href":"https:\/\/www.welovecycling.com\/sk\/wp-json\/wp\/v2\/media?parent=9225"}],"wp:term":[{"taxonomy":"category","embeddable":true,"href":"https:\/\/www.welovecycling.com\/sk\/wp-json\/wp\/v2\/categories?post=9225"},{"taxonomy":"post_tag","embeddable":true,"href":"https:\/\/www.welovecycling.com\/sk\/wp-json\/wp\/v2\/tags?post=9225"},{"taxonomy":"global-categories","embeddable":true,"href":"https:\/\/www.welovecycling.com\/sk\/wp-json\/wp\/v2\/global-categories?post=9225"}],"curies":[{"name":"wp","href":"https:\/\/api.w.org\/{rel}","templated":true}]}}