{"id":9212,"date":"2020-01-29T09:00:16","date_gmt":"2020-01-29T08:00:16","guid":{"rendered":"https:\/\/www.welovecycling.com\/sk\/?p=9212"},"modified":"2020-01-28T15:49:15","modified_gmt":"2020-01-28T14:49:15","slug":"mesacna-desiatka-zaciatok-roka-na-dvoch-kolesach","status":"publish","type":"post","link":"https:\/\/www.welovecycling.com\/sk\/2020\/01\/29\/mesacna-desiatka-zaciatok-roka-na-dvoch-kolesach\/","title":{"rendered":"Mesa\u010dn\u00e1 desiatka &#8211; za\u010diatok roka na dvoch koles\u00e1ch"},"content":{"rendered":"<p><strong>Tak u\u017e sme sa kone\u010dne prehupli do olympijsk\u00e9ho roka, v\u00a0ktorom op\u00e4\u0165 nebud\u00fa ch\u00fdba\u0165 svetov\u00e9 podujatia. Ani prv\u00fd mesiac v\u00a0roku nebol sk\u00fapy na cyklistick\u00e9 momenty. Po\u010fme sa na ne pozrie\u0165.<\/strong><!--more--><\/p>\n<h2><strong>Peter Sagan osl\u00e1vil 30. narodeniny<\/strong><\/h2>\n<p>Znie to a\u017e neuverite\u013ene, ale slovensk\u00fd pretek\u00e1r m\u00e1 za sebou u\u017e vy\u0161e desa\u0165 rokov v\u00a0profipelot\u00f3ne. To sa samozrejme odrazilo aj na jeho veku. Ten Peter, ktor\u00fd sa stal trikr\u00e1t po sebe Majstrom sveta, vyhral Par\u00ed\u017e-Roubaix, Okolo Fl\u00e1mska, nespo\u010detn\u00e9 etapy na najv\u00e4\u010d\u0161\u00edch podujatiach sveta a\u00a0taktie\u017e sedem zelen\u00fdch dresov na Tour de France, <strong>sa koncom janu\u00e1ra prehupol do tretieho desa\u0165ro\u010dia svojho \u017eivota<\/strong> &#8211; a\u00a0na\u0161e my\u0161lienky? Prajeme mu e\u0161te mnoho \u00faspechov, nech si dok\u00e1\u017ee cyklistiku u\u017e\u00edva\u0165 rovnako, ako tomu bolo doteraz!<\/p>\n<h2><strong>Dve kol\u00e1 Svetov\u00e9ho poh\u00e1ra v\u00a0cyklokrose ozvl\u00e1\u0161tnil E.&nbsp;Iserbyt<\/strong><\/h2>\n<p>Nu\u017e, ozvl\u00e1\u0161tnil, ale len do istej miery. Ak o\u010dak\u00e1vate, \u017ee t\u00fdm porazil M. van der Poela, mus\u00edme v\u00e1s sklama\u0165. Po\u010das kola vo franc\u00fazskom Nommay s\u00edce zv\u00ed\u0165azil pred T. Aertsom a\u00a0L. Sweeckom, av\u0161ak Mathieu sa tohto kola nez\u00fa\u010dastnil. Naopak, o\u00a0t\u00fd\u017ede\u0148 na to, v\u00a0dom\u00e1com prostred\u00ed Hoogerheide sme u\u017e na \u0161tarte videli dres majstra sveta. Po vy\u0161e hodine naplnil o\u010dak\u00e1vania a\u00a0zv\u00ed\u0165azil s\u00a0takmer min\u00fatov\u00fdm n\u00e1skokom pred \u0161tvoricou Belgi\u010danov. Prv\u00e9ho  febru\u00e1ra sa konaj\u00fa <strong>Majstrovstv\u00e1 sveta<\/strong> &#8211; ako to teda dopadne?<\/p>\n<p><img loading=\"lazy\" decoding=\"async\" src=\"https:\/\/d2p6e6u75xmxt8.cloudfront.net\/4\/2020\/01\/mes_des_01.jpg\" alt=\"\" width=\"1200\" height=\"800\" class=\"alignnone size-full wp-image-9219\" \/><\/p>\n<h2><strong>Za\u010dala sa Santos Tour Down Under<\/strong><\/h2>\n<p>V\u00a0Austr\u00e1lii aj napriek devasta\u010dn\u00fdm po\u017eiarom op\u00e4\u0165 po roku od\u0161tartovali popul\u00e1rny etap\u00e1k. Po \u0161iestich n\u00e1ro\u010dn\u00fdch d\u0148och sa v\u00a0cieli z\u00a0v\u00ed\u0165azstva radoval dom\u00e1ci pretek\u00e1r, <strong>Richie Porte<\/strong>. Dok\u00e1zal tak len s\u00a025&nbsp;sekundov\u00fdm n\u00e1skokom pred D. Ulissim a\u00a0S. Geschkem, ktor\u00fd s\u00a0\u010fal\u0161\u00edmi dvomi pretek\u00e1rmi mali rovnak\u00fd \u010das. Tesn\u00fd koniec na\u0161\u0165astie nepozna\u010dil \u017eiaden z\u00e1va\u017enej\u0161\u00ed incident. Na tomto podujat\u00ed sa z\u00fa\u010dastnili <strong>Juraj Sagan<\/strong> a\u00a0<strong>Erik Ba\u0161ka<\/strong>. <\/p>\n<h2><strong>Peter Sagan na Vuelta a\u00a0San Juan<\/strong><\/h2>\n<p>V\u00a0de\u0148 svojich naroden\u00edn <strong>vst\u00fapil Peter Sagan aj do sez\u00f3ny 2020<\/strong> prvou etapou na argent\u00ednskych pretekoch, ktor\u00e9 sa konaj\u00fa u\u017e takmer 40 rokov. Nane\u0161\u0165astie si nedoprial oslavu v\u00a0podobe v\u00ed\u0165azstva, ke\u010f v\u00a0z\u00e1vere\u010dnom \u0161printe skon\u010dil a\u017e \u0161iesty. Z\u00a0vavr\u00ednu v\u00a0prvej etape sa radoval R. Barbier. Hlavu ale nemus\u00ed ve\u0161a\u0165, ke\u010f\u017ee na pl\u00e1ne je e\u0161te nieko\u013eko dn\u00ed s\u00a0profilom ako stvoren\u00fdm pre Petra. Posledn\u00e1 etapa priamo v\u00a0San Juan je napl\u00e1novan\u00e1 na 2. febru\u00e1ra.<\/p>\n<p><img loading=\"lazy\" decoding=\"async\" src=\"https:\/\/d2p6e6u75xmxt8.cloudfront.net\/4\/2020\/01\/mes_des_02.jpg\" alt=\"\" width=\"1200\" height=\"800\" class=\"alignnone size-full wp-image-9220\" \/><\/p>\n<h2><strong>Christophe Laporte jedn\u00fdm z\u00a0prv\u00fdch ne\u0161\u0165astn\u00edkov v\u00a0tomto roku<\/strong><\/h2>\n<p>Ka\u017ed\u00fa \u0161tatistiku mus\u00ed niekto za\u010d\u00edna\u0165, aj ke\u010f ide o\u00a0menej priazniv\u00e9 \u010d\u00edsla. V\u00a0tomto pr\u00edpade sa medzi prv\u00fdch zaradil aj Franc\u00faz, Ch. Laporte z\u00a0t\u00edmu Cofidis, ke\u010f u\u017e v\u00a0\u00favodnej etape Vuelta a\u00a0San Juan <strong>spadol a\u00a0privodil si zranenia s\u00a0mesa\u010dnou dobou lie\u010denia<\/strong>. Rovnako je na tom aj \u0161print\u00e9r, Bryan Coquard. Ten to zvl\u00e1dol e\u0161te pred n\u00e1stupom na \u0161tart ktor\u00e9hoko\u013evek podujatia. I\u00a0ke\u010f nechceme by\u0165 zl\u00fdmi prorokmi, ob\u00e1vame sa, \u017ee tieto \u010d\u00edsla bud\u00fa narasta\u0165. <\/p>\n<h2><strong>Ve\u013ek\u00e9 skoky? A\u00a0\u010do tak e\u0161te v\u00e4\u010d\u0161ie?<\/strong><\/h2>\n<p>Na americkom festivale cyklistiky sa chyst\u00e1 nie\u010do ve\u013ek\u00e9. Konkr\u00e9tne ide o\u00a0<strong>Darkfest 2020<\/strong>, ktor\u00fd je ur\u010den\u00fd vyzn\u00e1va\u010dom zjazdovej a\u00a0dirt cyklistiky, av\u0161ak sn\u00e1\u010f ka\u017ed\u00fd si pr\u00edde na svoje, <strong>aj ke\u010f nemus\u00ed by\u0165 akt\u00edvnym zjazd\u00e1rom<\/strong>. Pozrite sa na\u0148 sami a\u00a0presved\u010dte sa, \u017ee ani vami ob\u00e1van\u00fd drop na ob\u013e\u00fabenom traile je oproti tomuto ni\u010d\u00edm.<\/p>\n<lite-youtube videoid=E6OX-m2Tc6E params=\"enablejsapi=1\" style=\"background-image: url('https:\/\/i.ytimg.com\/vi_webp\/E6OX-m2Tc6E\/maxresdefault.webp');\"><\/lite-youtube>\n<h2><strong>Ako tr\u00e9nuje najlep\u0161\u00ed horsk\u00fd cyklista?<\/strong><\/h2>\n<p>Nebojte sa, ned\u00e1me v\u00e1m presn\u00fd n\u00e1vod. Sta\u010d\u00ed sa v\u0161ak pozrie\u0165 na graf, ktor\u00fd na svojom Instagrame zverejnil <strong>Nino Schurter<\/strong>. Ide o\u00a0jeho cel\u00fa sez\u00f3nu, rozdelen\u00fa pod\u013ea percent vyu\u017eitia \u010dasu na jednotliv\u00e9 \u0161porty. Horsk\u00ed cyklisti jednoducho musia tr\u00e9nova\u0165 aj na ceste, \u010doho d\u00f4kazom je takmer tretinov\u00fd podiel na tr\u00e9ningu. Nech\u00fdba ani posil\u0148ov\u0148a, beh a\u00a0be\u017eky. Ako ste na tom vy?<\/p>\n<p>https:\/\/www.instagram.com\/p\/B7tTyMtBRIV\/<\/p>\n<h2><strong>\u017de nem\u00e1te radi kamene a\u00a0rockgardeny? \u0160koda<\/strong><\/h2>\n<p>Vychutnajte si kr\u00e1tke video od Vital MTB, ktor\u00e9 v\u00e1s nech\u00e1 vtiahnu\u0165 do <strong>zimn\u00e9ho prostredia Arizony<\/strong>. Aj ke\u010f im ch\u00fdba sneh, u\u00a0n\u00e1s to nie je o\u00a0ni\u010d lep\u0161ie. Ve\u013ek\u00e9 balvany a\u00a0nekone\u010dn\u00e1 \u010dlenitos\u0165 s\u00fa koren\u00edm cyklistiky, ale s\u00fa\u010dasne aj rizikom p\u00e1du. Na\u0161\u0165astie si J. Simonetti dal pozor.<\/p>\n<lite-youtube videoid=BrfGhvLtfmQ params=\"enablejsapi=1\" style=\"background-image: url('https:\/\/i.ytimg.com\/vi_webp\/BrfGhvLtfmQ\/maxresdefault.webp');\"><\/lite-youtube>\n<h2><strong>\u010eal\u0161ie kolo Svetov\u00e9ho poh\u00e1ra na dr\u00e1he v\u00a0Kanade<\/strong><\/h2>\n<p>Najlep\u0161\u00ed dr\u00e1hov\u00ed jazdci sa stretli v\u00a0Kanade, aby op\u00e4\u0165 zabojovali o\u00a0cenn\u00e9 kovy a\u00a0body do Svetov\u00e9ho poh\u00e1ra. Navy\u0161e to bola aj posledn\u00e1 zast\u00e1vka pred <strong>Majstrovstvami sveta, ktor\u00e9 sa uskuto\u010dnia u\u017e \u010doskoro<\/strong>. V\u00a0t\u00edmovej st\u00edha\u010dke mu\u017eov po prv\u00fdkr\u00e1t v sez\u00f3ne zv\u00ed\u0165azili jazdci Franc\u00fazska, v\u00a0\u017eenskej to bolo USA, ktor\u00ed u\u017e tak\u00fdto z\u00e1rez zaznamenali. Zauj\u00edmav\u00fdm bol aj \u0161print, kedy s\u00a0preh\u013eadom zv\u00ed\u0165azil Poliak, M. Rudyk, s\u00a0v\u00fdsledkom 2-0 nad Q. Caleyronom. Cel\u00e9 v\u00fdsledky n\u00e1jdete na str\u00e1nke <a href=\"https:\/\/www.uci.org\/\" rel=\"noopener\" target=\"_blank\">UCI<\/a>.<\/p>\n<p><img loading=\"lazy\" decoding=\"async\" src=\"https:\/\/d2p6e6u75xmxt8.cloudfront.net\/4\/2020\/01\/mes_des_03.jpg\" alt=\"\" width=\"1200\" height=\"800\" class=\"alignnone size-full wp-image-9221\" \/><\/p>\n<h2><strong>V\u00ed\u0165az Tour de France, E. Bernal, je pripraven\u00fd zopakova\u0165 minul\u00fd rok<\/strong><\/h2>\n<p>So s\u00fa\u010dasn\u00fdm t\u00edmom Ineos, ktor\u00fd je priam nabit\u00fd hviezdami, napr. Ch. Froomom, D. Carapazom (v\u00ed\u0165az Gira 2019), \u010di G. Thomasom, je snaha Egana Bernala opodstatnen\u00e1. Ako hovor\u00ed s\u00e1m: <em>\u201eTento rok chcem ma\u0165 len jeden ve\u013ek\u00fd cie\u013e sez\u00f3ny, a\u00a0tou je Tour de France.\u201c<\/em> \u00dasmevn\u00e1 je jeho pozn\u00e1mka, \u017ee minul\u00fd rok sa pripravoval najm\u00e4 na Giro. A\u00a0n\u00e1sledne vyhral Tour. Ako to bude vyzera\u0165, ak sa bude pripravova\u0165 v\u00fdslovne na Tour? \u010cakaj\u00fa n\u00e1s ve\u013ek\u00e9 veci.<\/p>\n<lite-youtube videoid=g-QFTHHTdRo params=\"enablejsapi=1\" style=\"background-image: url('https:\/\/i.ytimg.com\/vi_webp\/g-QFTHHTdRo\/maxresdefault.webp');\"><\/lite-youtube>\n<p>Sez\u00f3na sa teda rozbehla a\u00a0my u\u017e <strong>netrpezlivo vy\u010dk\u00e1vame zauj\u00edmavosti, \u00faspechy a\u00a0prekvapenia<\/strong>, ktor\u00e9 n\u00e1m h\u00e1dam prinesie slovensk\u00e1 trikol\u00f3ra. <\/p>\n<p>(zdroj fotografi\u00ed: FB\/UCI, FB\/UCI-Cyclocross, FB\/PeterSagan, Twitter\/UCI Track)<\/p>\n","protected":false},"excerpt":{"rendered":"<p>Tak u\u017e sme sa kone\u010dne prehupli do olympijsk\u00e9ho roka, v\u00a0ktorom op\u00e4\u0165 nebud\u00fa ch\u00fdba\u0165 svetov\u00e9 podujatia. Ani prv\u00fd mesiac v\u00a0roku nebol [&hellip;]<\/p>\n","protected":false},"author":81,"featured_media":9218,"comment_status":"open","ping_status":"open","sticky":false,"template":"","format":"standard","meta":{"footnotes":""},"categories":[63],"tags":[808,115,487,764,1038,306,180,902,532,281,704,412,699,176,46,179,703,237,55,355],"global-categories":[1074],"class_list":["post-9212","post","type-post","status-publish","format-standard","has-post-thumbnail","hentry","category-grand-tour","tag-australia","tag-cestna-cyklistika","tag-cestny-bicykel","tag-detska-tour-petra-sagana","tag-egan-bernal","tag-francuzsko","tag-horska-cyklistika","tag-horsky-bicykel","tag-jazdenie","tag-majstrovstva-sveta","tag-mathieu-van-der-poel","tag-mtb","tag-nino-schurter","tag-peloton","tag-peter-sagan","tag-preteky","tag-svetovy-pohar","tag-trail","tag-trening","tag-uci","global-categories-cycling"],"yoast_head":"<!-- This site is optimized with the Yoast SEO Premium plugin v25.3 (Yoast SEO v25.9) - https:\/\/yoast.com\/wordpress\/plugins\/seo\/ -->\n<title>Mesa\u010dn\u00e1 desiatka - za\u010diatok roka na dvoch koles\u00e1ch - \u0160koda We Love Cycling Slovensko<\/title>\n<meta name=\"robots\" content=\"index, follow, max-snippet:-1, max-image-preview:large, max-video-preview:-1\" \/>\n<link rel=\"canonical\" href=\"https:\/\/www.welovecycling.com\/sk\/2020\/01\/29\/mesacna-desiatka-zaciatok-roka-na-dvoch-kolesach\/\" \/>\n<meta property=\"og:locale\" content=\"sk_SK\" \/>\n<meta property=\"og:type\" content=\"article\" \/>\n<meta property=\"og:title\" content=\"Mesa\u010dn\u00e1 desiatka - za\u010diatok roka na dvoch koles\u00e1ch\" \/>\n<meta property=\"og:description\" content=\"Tak u\u017e sme sa kone\u010dne prehupli do olympijsk\u00e9ho roka, v\u00a0ktorom op\u00e4\u0165 nebud\u00fa ch\u00fdba\u0165 svetov\u00e9 podujatia. Ani prv\u00fd mesiac v\u00a0roku nebol [&hellip;]\" \/>\n<meta property=\"og:url\" content=\"https:\/\/www.welovecycling.com\/sk\/2020\/01\/29\/mesacna-desiatka-zaciatok-roka-na-dvoch-kolesach\/\" \/>\n<meta property=\"og:site_name\" content=\"\u0160koda We Love Cycling Slovensko\" \/>\n<meta property=\"article:published_time\" content=\"2020-01-29T08:00:16+00:00\" \/>\n<meta property=\"og:image\" content=\"https:\/\/d2p6e6u75xmxt8.cloudfront.net\/4\/2020\/01\/mes_des_00.webp\" \/>\n\t<meta property=\"og:image:width\" content=\"1380\" \/>\n\t<meta property=\"og:image:height\" content=\"600\" \/>\n\t<meta property=\"og:image:type\" content=\"image\/webp\" \/>\n<meta name=\"twitter:card\" content=\"summary_large_image\" \/>\n<meta name=\"twitter:label1\" content=\"Written by\" \/>\n\t<meta name=\"twitter:data1\" content=\"WeLoveCycling\" \/>\n\t<meta name=\"twitter:label2\" content=\"Est. reading time\" \/>\n\t<meta name=\"twitter:data2\" content=\"5\" \/>\n<script type=\"application\/ld+json\" class=\"yoast-schema-graph\">{\"@context\":\"https:\/\/schema.org\",\"@graph\":[{\"@type\":\"WebPage\",\"@id\":\"https:\/\/www.welovecycling.com\/sk\/2020\/01\/29\/mesacna-desiatka-zaciatok-roka-na-dvoch-kolesach\/\",\"url\":\"https:\/\/www.welovecycling.com\/sk\/2020\/01\/29\/mesacna-desiatka-zaciatok-roka-na-dvoch-kolesach\/\",\"name\":\"Mesa\u010dn\u00e1 desiatka - za\u010diatok roka na dvoch koles\u00e1ch - \u0160koda We Love Cycling Slovensko\",\"isPartOf\":{\"@id\":\"https:\/\/www.welovecycling.com\/sk\/#website\"},\"primaryImageOfPage\":{\"@id\":\"https:\/\/www.welovecycling.com\/sk\/2020\/01\/29\/mesacna-desiatka-zaciatok-roka-na-dvoch-kolesach\/#primaryimage\"},\"image\":{\"@id\":\"https:\/\/www.welovecycling.com\/sk\/2020\/01\/29\/mesacna-desiatka-zaciatok-roka-na-dvoch-kolesach\/#primaryimage\"},\"thumbnailUrl\":\"https:\/\/d2p6e6u75xmxt8.cloudfront.net\/4\/2020\/01\/mes_des_00.webp\",\"datePublished\":\"2020-01-29T08:00:16+00:00\",\"author\":{\"@id\":\"\"},\"breadcrumb\":{\"@id\":\"https:\/\/www.welovecycling.com\/sk\/2020\/01\/29\/mesacna-desiatka-zaciatok-roka-na-dvoch-kolesach\/#breadcrumb\"},\"inLanguage\":\"sk-SK\",\"potentialAction\":[{\"@type\":\"ReadAction\",\"target\":[\"https:\/\/www.welovecycling.com\/sk\/2020\/01\/29\/mesacna-desiatka-zaciatok-roka-na-dvoch-kolesach\/\"]}]},{\"@type\":\"ImageObject\",\"inLanguage\":\"sk-SK\",\"@id\":\"https:\/\/www.welovecycling.com\/sk\/2020\/01\/29\/mesacna-desiatka-zaciatok-roka-na-dvoch-kolesach\/#primaryimage\",\"url\":\"https:\/\/d2p6e6u75xmxt8.cloudfront.net\/4\/2020\/01\/mes_des_00.webp\",\"contentUrl\":\"https:\/\/d2p6e6u75xmxt8.cloudfront.net\/4\/2020\/01\/mes_des_00.webp\",\"width\":1380,\"height\":600},{\"@type\":\"BreadcrumbList\",\"@id\":\"https:\/\/www.welovecycling.com\/sk\/2020\/01\/29\/mesacna-desiatka-zaciatok-roka-na-dvoch-kolesach\/#breadcrumb\",\"itemListElement\":[{\"@type\":\"ListItem\",\"position\":1,\"name\":\"Home\",\"item\":\"https:\/\/www.welovecycling.com\/sk\/\"},{\"@type\":\"ListItem\",\"position\":2,\"name\":\"Mesa\u010dn\u00e1 desiatka &#8211; za\u010diatok roka na dvoch koles\u00e1ch\"}]},{\"@type\":\"WebSite\",\"@id\":\"https:\/\/www.welovecycling.com\/sk\/#website\",\"url\":\"https:\/\/www.welovecycling.com\/sk\/\",\"name\":\"\u0160koda We Love Cycling Slovensko\",\"description\":\"\u0160koda We Love Cycling Slovensko je v\u00e1\u0161 ka\u017edodenn\u00fd zdroj noviniek a in\u0161pir\u00e1cie z sveta cyklistiky\",\"potentialAction\":[{\"@type\":\"SearchAction\",\"target\":{\"@type\":\"EntryPoint\",\"urlTemplate\":\"https:\/\/www.welovecycling.com\/sk\/?s={search_term_string}\"},\"query-input\":{\"@type\":\"PropertyValueSpecification\",\"valueRequired\":true,\"valueName\":\"search_term_string\"}}],\"inLanguage\":\"sk-SK\"},{\"@type\":\"Person\",\"@id\":\"\",\"url\":\"https:\/\/www.welovecycling.com\/sk\/author\/\"}]}<\/script>\n<!-- \/ Yoast SEO Premium plugin. -->","yoast_head_json":{"title":"Mesa\u010dn\u00e1 desiatka - za\u010diatok roka na dvoch koles\u00e1ch - \u0160koda We Love Cycling Slovensko","robots":{"index":"index","follow":"follow","max-snippet":"max-snippet:-1","max-image-preview":"max-image-preview:large","max-video-preview":"max-video-preview:-1"},"canonical":"https:\/\/www.welovecycling.com\/sk\/2020\/01\/29\/mesacna-desiatka-zaciatok-roka-na-dvoch-kolesach\/","og_locale":"sk_SK","og_type":"article","og_title":"Mesa\u010dn\u00e1 desiatka - za\u010diatok roka na dvoch koles\u00e1ch","og_description":"Tak u\u017e sme sa kone\u010dne prehupli do olympijsk\u00e9ho roka, v\u00a0ktorom op\u00e4\u0165 nebud\u00fa ch\u00fdba\u0165 svetov\u00e9 podujatia. Ani prv\u00fd mesiac v\u00a0roku nebol [&hellip;]","og_url":"https:\/\/www.welovecycling.com\/sk\/2020\/01\/29\/mesacna-desiatka-zaciatok-roka-na-dvoch-kolesach\/","og_site_name":"\u0160koda We Love Cycling Slovensko","article_published_time":"2020-01-29T08:00:16+00:00","og_image":[{"width":1380,"height":600,"url":"https:\/\/d2p6e6u75xmxt8.cloudfront.net\/4\/2020\/01\/mes_des_00.webp","type":"image\/webp"}],"twitter_card":"summary_large_image","twitter_misc":{"Written by":"WeLoveCycling","Est. reading time":"5"},"schema":{"@context":"https:\/\/schema.org","@graph":[{"@type":"WebPage","@id":"https:\/\/www.welovecycling.com\/sk\/2020\/01\/29\/mesacna-desiatka-zaciatok-roka-na-dvoch-kolesach\/","url":"https:\/\/www.welovecycling.com\/sk\/2020\/01\/29\/mesacna-desiatka-zaciatok-roka-na-dvoch-kolesach\/","name":"Mesa\u010dn\u00e1 desiatka - za\u010diatok roka na dvoch koles\u00e1ch - \u0160koda We Love Cycling Slovensko","isPartOf":{"@id":"https:\/\/www.welovecycling.com\/sk\/#website"},"primaryImageOfPage":{"@id":"https:\/\/www.welovecycling.com\/sk\/2020\/01\/29\/mesacna-desiatka-zaciatok-roka-na-dvoch-kolesach\/#primaryimage"},"image":{"@id":"https:\/\/www.welovecycling.com\/sk\/2020\/01\/29\/mesacna-desiatka-zaciatok-roka-na-dvoch-kolesach\/#primaryimage"},"thumbnailUrl":"https:\/\/d2p6e6u75xmxt8.cloudfront.net\/4\/2020\/01\/mes_des_00.webp","datePublished":"2020-01-29T08:00:16+00:00","author":{"@id":""},"breadcrumb":{"@id":"https:\/\/www.welovecycling.com\/sk\/2020\/01\/29\/mesacna-desiatka-zaciatok-roka-na-dvoch-kolesach\/#breadcrumb"},"inLanguage":"sk-SK","potentialAction":[{"@type":"ReadAction","target":["https:\/\/www.welovecycling.com\/sk\/2020\/01\/29\/mesacna-desiatka-zaciatok-roka-na-dvoch-kolesach\/"]}]},{"@type":"ImageObject","inLanguage":"sk-SK","@id":"https:\/\/www.welovecycling.com\/sk\/2020\/01\/29\/mesacna-desiatka-zaciatok-roka-na-dvoch-kolesach\/#primaryimage","url":"https:\/\/d2p6e6u75xmxt8.cloudfront.net\/4\/2020\/01\/mes_des_00.webp","contentUrl":"https:\/\/d2p6e6u75xmxt8.cloudfront.net\/4\/2020\/01\/mes_des_00.webp","width":1380,"height":600},{"@type":"BreadcrumbList","@id":"https:\/\/www.welovecycling.com\/sk\/2020\/01\/29\/mesacna-desiatka-zaciatok-roka-na-dvoch-kolesach\/#breadcrumb","itemListElement":[{"@type":"ListItem","position":1,"name":"Home","item":"https:\/\/www.welovecycling.com\/sk\/"},{"@type":"ListItem","position":2,"name":"Mesa\u010dn\u00e1 desiatka &#8211; za\u010diatok roka na dvoch koles\u00e1ch"}]},{"@type":"WebSite","@id":"https:\/\/www.welovecycling.com\/sk\/#website","url":"https:\/\/www.welovecycling.com\/sk\/","name":"\u0160koda We Love Cycling Slovensko","description":"\u0160koda We Love Cycling Slovensko je v\u00e1\u0161 ka\u017edodenn\u00fd zdroj noviniek a in\u0161pir\u00e1cie z sveta cyklistiky","potentialAction":[{"@type":"SearchAction","target":{"@type":"EntryPoint","urlTemplate":"https:\/\/www.welovecycling.com\/sk\/?s={search_term_string}"},"query-input":{"@type":"PropertyValueSpecification","valueRequired":true,"valueName":"search_term_string"}}],"inLanguage":"sk-SK"},{"@type":"Person","@id":"","url":"https:\/\/www.welovecycling.com\/sk\/author\/"}]}},"_links":{"self":[{"href":"https:\/\/www.welovecycling.com\/sk\/wp-json\/wp\/v2\/posts\/9212","targetHints":{"allow":["GET"]}}],"collection":[{"href":"https:\/\/www.welovecycling.com\/sk\/wp-json\/wp\/v2\/posts"}],"about":[{"href":"https:\/\/www.welovecycling.com\/sk\/wp-json\/wp\/v2\/types\/post"}],"author":[{"embeddable":true,"href":"https:\/\/www.welovecycling.com\/sk\/wp-json\/wp\/v2\/users\/81"}],"replies":[{"embeddable":true,"href":"https:\/\/www.welovecycling.com\/sk\/wp-json\/wp\/v2\/comments?post=9212"}],"version-history":[{"count":2,"href":"https:\/\/www.welovecycling.com\/sk\/wp-json\/wp\/v2\/posts\/9212\/revisions"}],"predecessor-version":[{"id":9224,"href":"https:\/\/www.welovecycling.com\/sk\/wp-json\/wp\/v2\/posts\/9212\/revisions\/9224"}],"wp:featuredmedia":[{"embeddable":true,"href":"https:\/\/www.welovecycling.com\/sk\/wp-json\/wp\/v2\/media\/9218"}],"wp:attachment":[{"href":"https:\/\/www.welovecycling.com\/sk\/wp-json\/wp\/v2\/media?parent=9212"}],"wp:term":[{"taxonomy":"category","embeddable":true,"href":"https:\/\/www.welovecycling.com\/sk\/wp-json\/wp\/v2\/categories?post=9212"},{"taxonomy":"post_tag","embeddable":true,"href":"https:\/\/www.welovecycling.com\/sk\/wp-json\/wp\/v2\/tags?post=9212"},{"taxonomy":"global-categories","embeddable":true,"href":"https:\/\/www.welovecycling.com\/sk\/wp-json\/wp\/v2\/global-categories?post=9212"}],"curies":[{"name":"wp","href":"https:\/\/api.w.org\/{rel}","templated":true}]}}