{"id":9198,"date":"2020-02-19T10:00:18","date_gmt":"2020-02-19T09:00:18","guid":{"rendered":"https:\/\/www.welovecycling.com\/sk\/?p=9198"},"modified":"2023-04-18T12:49:36","modified_gmt":"2023-04-18T10:49:36","slug":"nora-jencusova-velka-nadej-slovenskej-cyklistiky","status":"publish","type":"post","link":"https:\/\/www.welovecycling.com\/sk\/2020\/02\/19\/nora-jencusova-velka-nadej-slovenskej-cyklistiky\/","title":{"rendered":"Nora Jen\u010du\u0161ov\u00e1 &#8211; ve\u013ek\u00e1 n\u00e1dej slovenskej cyklistiky"},"content":{"rendered":"<p><strong>Na Slovensku vyrast\u00e1 ve\u013ek\u00e1 \u0161portovky\u0148a, ktor\u00e1 by mohla v bud\u00facnosti dosiahnu\u0165 v\u00fdborn\u00e9 v\u00fdsledky na svetovej sc\u00e9ne. Re\u010d je o Nore Jen\u010du\u0161ovej, ktor\u00e1 v minulom roku bola najlep\u0161ia juniorka v \u010dasovke na Majstrovstv\u00e1ch Slovenska a z\u00e1rove\u0148 skon\u010dila na najvy\u0161\u0161om stupienku aj pri pretekoch s hromadn\u00fdm \u0161tartom. Na Majstrovstv\u00e1ch sveta v cestnej cyklistike skon\u010dila v \u010dasovke, v kateg\u00f3rii junioriek na peknom 23. mieste. To je kr\u00e1tke predstavenie na\u0161ej \u0161portovkyne. No bli\u017e\u0161ie sa n\u00e1m u\u017e predstav\u00ed sama.<\/strong><!--more--><\/p>\n<p><strong>Ahoj! V \u00favodn\u00fdch slov\u00e1ch sme sa sna\u017eili kr\u00e1tko predstavi\u0165 tvoju minul\u00fa sez\u00f3nu. Ale predstav sa n\u00e1m. Kto je Nora Jen\u010du\u0161ov\u00e1, ak\u00e9 si mala detstvo a ako si sa dostala k cyklistike?<\/strong><br \/>\n<em>Od detstva som mala \u010das vyplnen\u00fd r\u00f4znymi aktivitami \u2013 tanec, pl\u00e1vanie, pr\u00edroda &#8230; a aj napriek tomu som trpela miernou nadv\u00e1hou. Ke\u010f som sk\u00fasila m\u00f4j prv\u00fd triatlon, ktor\u00fd som si okam\u017eite zamilovala, zv\u00fd\u0161ila sa moja tr\u00e9ningov\u00e1 aktivita a z\u00e1rove\u0148 aj kond\u00edcia. Ako viete, triatlon sa sklad\u00e1 z troch odli\u0161n\u00fdch \u0161portov. Pl\u00e1vanie \u2013 som u\u017e mala \u010diasto\u010dne natr\u00e9novan\u00e9, bicykel \u2013 ve\u010f sta\u010d\u00ed nejako to\u010di\u0165 a beh \u2013 tam som mala obrovsk\u00e9 rezervy, s ktor\u00fdmi mi e\u0161te st\u00e1le pom\u00e1ha m\u00f4j tr\u00e9ner p. Zajac. Moje cyklistick\u00e9 za\u010diatky boli na Detskej Tour Petra Sagana, ktor\u00e9 ma po celkovom v\u00ed\u0165azstve v roku 2015 navnadili vysk\u00fa\u0161a\u0165 to na ceste. A\u017e prv\u00e9 kol\u00e1 slovensk\u00e9ho poh\u00e1ra v cyklistike mi uk\u00e1zali, \u017ee nesta\u010d\u00ed len nejako to\u010di\u0165. Preto sme oslovili klub CEA Schwabik cycling \u2013 Spi\u0161sk\u00e1 Nov\u00e1 Ves, kde mi svoje cyklistick\u00e9 sk\u00fasenosti odovzd\u00e1va doned\u00e1vna akt\u00edvny cyklista Johann Schwabik spolu s otcom p.\u00a0Schwabikom.<\/em><\/p>\n<p><strong>\u010coho v\u0161etk\u00e9ho sa mus\u00ed\u0161 v mladom veku vzda\u0165, aby si sa mohla venova\u0165 cyklistike?<\/strong><br \/>\n<em>Neviem, \u010di je to spr\u00e1vne slovo \u201evzda\u0165 sa\u201c. \u0160port, pohyb, pretekanie, tr\u00e9ningy je to, \u010do ma bav\u00ed, rob\u00ed mi rados\u0165 a dostato\u010dne nap\u013a\u0148a. Moment\u00e1lne mi kin\u00e1, k\u00e1vy, diskot\u00e9ky nech\u00fdbaj\u00fa. Sn\u00e1\u010f niekedy letn\u00e9 dovolenky s rodi\u010dmi, \u010do v\u0161ak nie je mo\u017en\u00e9 kv\u00f4li pretekaniu, ke\u010f\u017ee kalend\u00e1r pretekov je dos\u0165 nahusten\u00fd.<\/em><\/p>\n<p><img loading=\"lazy\" decoding=\"async\" class=\"alignnone size-full wp-image-9202\" src=\"https:\/\/d2p6e6u75xmxt8.cloudfront.net\/4\/2020\/01\/Nora_01.JPG.jpg\" alt=\"\" width=\"1200\" height=\"800\" \/><\/p>\n<p><strong>Hore sme spomenuli tvoje minuloro\u010dn\u00e9 v\u00fdsledky. Na \u010do si e\u0161te v svojej doteraj\u0161ej kari\u00e9re py\u0161n\u00e1? \u010co stoj\u00ed za zmienku?<\/strong><br \/>\n<em>V cyklistike ma okrem Majstrovstiev sveta ur\u010dite pote\u0161ilo dvadsiate miesto v \u010dasovke jednotlivcov na majstrovstv\u00e1ch Eur\u00f3py v holandskom Alkmaare, 19. miesto v kone\u010dnom porad\u00ed na NCUPe \u2013 Watersley Ladies Challenge \u2013 Holandsko. V triatlone nieko\u013eko titulov Majsterky Slovenska, 18. miesto na Majstrovstv\u00e1ch Eur\u00f3py dorastencov v rak\u00faskom Kitzb\u00fcheli.<\/em><\/p>\n<p><strong>Na Majstrovstv\u00e1ch Slovenska v cestnej cyklistike si v obidvoch discipl\u00ednach skon\u010dila na prvom mieste. Pop\u00ed\u0161 a o\u017eiv n\u00e1m tieto preteky. Ako prebiehali preteky s hromadn\u00fdm \u0161tartom?<\/strong><br \/>\n<em>Hromadn\u00fd \u0161tart Majstrovstiev Slovenska junioriek sa konal vo Vidnave v \u010cech\u00e1ch. \u0160tartovali sme spolu s \u010desk\u00fdmi pretek\u00e1rkami, ktor\u00e9 z pretekov nepozn\u00e1m, nevedela som \u010do od toho \u010daka\u0165. Po na\u0161tudovan\u00ed dos\u0165 \u010dlenitej trate sa otv\u00e1ralo viacero mo\u017enost\u00ed v\u00fdvoja pretekov. Ke\u010f\u017ee som to nechcela nech\u00e1va\u0165 na z\u00e1vere\u010dn\u00fd \u0161purt a na vozenie sa v bal\u00edku, s otcom sme premysleli nieko\u013eko vari\u00e1nt \u00faniku. Tak\u017ee pribli\u017ene 25 km pred cie\u013eom v st\u00fapan\u00ed sa mi podarilo odtrhn\u00fa\u0165 a hne\u010f prebehlo mys\u013eou \u2013 no dobre a \u010do teraz ? \u00danik sa podaril, ale do cie\u013ea e\u0161te \u010faleko. Ni\u010d in\u00e9 neost\u00e1valo len do toho tla\u010di\u0165 a do cie\u013ea som pri\u0161la s vy\u0161e trojmin\u00fatov\u00fdm n\u00e1skokom.<\/em><\/p>\n<p><strong>Ako hodnot\u00ed\u0161 svoj v\u00fdkon na \u010dasovke? Bolo to utrpenie alebo sa ti i\u0161lo dobre?<\/strong><br \/>\n<em>Majstr\u00e1kov\u00e1 \u010dasovka v Trnave bola celkom fajn. Dobr\u00e1 rozcvi\u010dka, n\u00e1lada, pohoda. To v\u0161etko mi d\u00e1valo predpoklad na slu\u0161n\u00fd v\u00fdkon. Po\u010das jazdy bolo mo\u017en\u00e9 na trati kontrolova\u0165 s\u00faperky na nieko\u013ek\u00fdch obr\u00e1tkach. \u010c\u00edm som k s\u00faperk\u00e1m bola bli\u017e\u0161ie, t\u00fdm lep\u0161ie sa mi i\u0161lo. No a nakoniec to vy\u0161lo.<\/em><\/p>\n<p><strong>Za ak\u00fd t\u00edm pretek\u00e1\u0161?<\/strong><br \/>\n<em>Ako som u\u017e uviedla, doteraz pretek\u00e1m za t\u00edm CEA Cycling Schwabik.<\/em><\/p>\n<div id='gallery-1' class='gallery galleryid-9198 gallery-columns-2 gallery-size-full'><figure class='gallery-item'>\n\t\t\t<div class='gallery-icon landscape'>\n\t\t\t\t<a href='https:\/\/d2p6e6u75xmxt8.cloudfront.net\/4\/2020\/01\/Nora_02.webp'><img loading=\"lazy\" decoding=\"async\" width=\"1200\" height=\"800\" src=\"https:\/\/d2p6e6u75xmxt8.cloudfront.net\/4\/2020\/01\/Nora_02.webp\" class=\"attachment-full size-full\" alt=\"\" srcset=\"https:\/\/d2p6e6u75xmxt8.cloudfront.net\/4\/2020\/01\/Nora_02.webp 1200w, https:\/\/d2p6e6u75xmxt8.cloudfront.net\/4\/2020\/01\/Nora_02-300x200.webp 300w, https:\/\/d2p6e6u75xmxt8.cloudfront.net\/4\/2020\/01\/Nora_02-1024x683.webp 1024w, https:\/\/d2p6e6u75xmxt8.cloudfront.net\/4\/2020\/01\/Nora_02-768x512.webp 768w, https:\/\/d2p6e6u75xmxt8.cloudfront.net\/4\/2020\/01\/Nora_02-272x182.webp 272w\" sizes=\"auto, (max-width: 1200px) 100vw, 1200px\" \/><\/a>\n\t\t\t<\/div><\/figure><figure class='gallery-item'>\n\t\t\t<div class='gallery-icon landscape'>\n\t\t\t\t<a href='https:\/\/d2p6e6u75xmxt8.cloudfront.net\/4\/2020\/01\/Nora_03.JPG.webp'><img loading=\"lazy\" decoding=\"async\" width=\"1200\" height=\"800\" src=\"https:\/\/d2p6e6u75xmxt8.cloudfront.net\/4\/2020\/01\/Nora_03.JPG.webp\" class=\"attachment-full size-full\" alt=\"\" srcset=\"https:\/\/d2p6e6u75xmxt8.cloudfront.net\/4\/2020\/01\/Nora_03.JPG.webp 1200w, https:\/\/d2p6e6u75xmxt8.cloudfront.net\/4\/2020\/01\/Nora_03.JPG-300x200.webp 300w, https:\/\/d2p6e6u75xmxt8.cloudfront.net\/4\/2020\/01\/Nora_03.JPG-1024x683.webp 1024w, https:\/\/d2p6e6u75xmxt8.cloudfront.net\/4\/2020\/01\/Nora_03.JPG-768x512.webp 768w, https:\/\/d2p6e6u75xmxt8.cloudfront.net\/4\/2020\/01\/Nora_03.JPG-272x182.webp 272w\" sizes=\"auto, (max-width: 1200px) 100vw, 1200px\" \/><\/a>\n\t\t\t<\/div><\/figure>\n\t\t<\/div>\n\n<p><strong>Z\u00fa\u010dastnila si sa aj na Majstrovstv\u00e1ch sveta. Ako vyzerali preteky. Sk\u00fas n\u00e1m ich viac pribl\u00ed\u017ei\u0165. Ako sa ti jazdilo, ak\u00e1 \u00farove\u0148 bola pri ostatn\u00fdch pretek\u00e1rkach a ako hodnot\u00ed\u0161 svoje 59. miesto?<\/strong><br \/>\n<em>59. miesto ur\u010dite nie je pre m\u0148a uspokojiv\u00e9 aj vzh\u013eadom ku v\u00fdbornej podpore organiza\u010dn\u00e9ho t\u00edmu, ktor\u00fd mi vytv\u00e1ral vynikaj\u00face podmienky. Ako ste mohli vidie\u0165 v priamom prenose, cel\u00fd priebeh pretekov bol ve\u013emi chaotick\u00fd a hlavne pozna\u010den\u00fd mnoh\u00fdmi p\u00e1dmi. Hne\u010f v \u00favode sa mi podarilo po kontakte s pretek\u00e1rkou spadn\u00fa\u0165, kde okrem dobiehania, tr\u017en\u00fdch r\u00e1n, som si aj po\u0161kodila radenie na bicykli, ktor\u00e9 mi v \u010fal\u0161om priebehu pretekov robilo probl\u00e9my. A v takomto \u0161t\u00fdle prebiehali preteky aj \u010falej: 68 km hromadn\u00fd p\u00e1d &#8211; ja na asfalte \u2013 dobiehanie, 45 km padlo to predo mnou \u2013 dobiehanie,&#8230; \u010di\u017ee \u010falej to bolo u\u017e len o tom \u2013 vyhn\u00fa\u0165 sa p\u00e1dom a s posledn\u00fdmi silami nie\u010do vymyslie\u0165 \u2013 bu\u010f &#8211; alebo. <\/em><\/p>\n<p><em>Viacero favoritiek to u\u017e nedok\u00e1zalo docvakn\u00fa\u0165. Vysilen\u00e1, ale odhodlan\u00e1 e\u0161te nie\u010do vymyslie\u0165 som sa od 35teho kilometra pred cie\u013eom pomaly pres\u00favala na \u010delo bal\u00edka so z\u00e1merom sk\u00fasi\u0165 to sama potrha\u0165, pr\u00edpadne zachyti\u0165 n\u00e1stupy s\u00faperiek. Rozhodnutie padlo na 29 km pred cie\u013eom v miernom st\u00fapan\u00ed, kde sa ku mne pridala nakoniec v\u00ed\u0165azka hromadn\u00e9ho \u0161tartu Megan Jastrab a angli\u010danka Elynor Backstadt. \u00danik ako s\u013eubne za\u010dal, tak po pribli\u017ene dvoch kilometroch aj skon\u010dil, ke\u010f s\u00faperky nespolupracovali a ja som nedok\u00e1zala po\u0161koden\u00e9 radenie presved\u010di\u0165 do \u0165a\u017e\u0161ieho prevodu. Takto n\u00e1s bal\u00edk dobehol. Zvy\u0161ok pretekov u\u017e bol len boj s prehadzova\u010dkou, da\u017e\u010fom, zv\u00fd\u0161en\u00fdm tempom bal\u00edka a pribli\u017ene 6 km pred cie\u013eom mi bal\u00edk v st\u00fapan\u00ed u\u0161iel. Tak\u017ee s v\u00fdsledkom ur\u010dite spokojn\u00e1 nie som, sna\u017eila som sa bojova\u0165 dokonca, nevy\u0161lo to, ale ur\u010dite to bola pre m\u0148a obrovsk\u00e1 sk\u00fasenos\u0165.<\/em><\/p>\n<p><strong>V \u010dasovke to v\u0161ak bolo dobr\u00e9 23. miesto. Spokojn\u00e1?<\/strong><br \/>\n<em>Celkovo \u010dasovku \u0161peci\u00e1lne netr\u00e9nujem, \u010do je ur\u010dite chyba. V prv\u00fdch kilometroch som sa tro\u0161ku tr\u00e1pila aj preto, \u017ee hne\u010f \u00favod bol do mierneho st\u00fapania. Tam som nakoniec aj najviac stratila. \u010casovka bola pomerne technick\u00e1 k \u010domu sa pridal d\u00e1\u017ed. Som ale rada, \u017ee v druhej polovici trate to u\u017e bolo na \u00farovni najr\u00fdchlej\u0161\u00edch pretek\u00e1rok. Po dojazde do cie\u013ea som mala vcelku dobr\u00e9 pocity, no ke\u010f sa objavili kompletn\u00e9 v\u00fdsledky, tak zistenie, \u017ee mi ch\u00fdbala sekunda do prvej dvadsiatky a osem sek\u00fand do prvej p\u00e4tn\u00e1stky ma nepote\u0161ilo. Ale s odstupom \u010dasu to hodnot\u00edm vcelku pozit\u00edvne.<\/em><\/p>\n<p><img loading=\"lazy\" decoding=\"async\" class=\"alignnone size-full wp-image-9205\" src=\"https:\/\/d2p6e6u75xmxt8.cloudfront.net\/4\/2020\/01\/Nora_04.JPG.jpg\" alt=\"\" width=\"1200\" height=\"800\" \/><\/p>\n<p><strong>\u010co \u0165a na Majstrovstv\u00e1ch sveta zaujalo najviac?<\/strong><br \/>\n<em>Ur\u010dite profesionalita a priate\u013esk\u00e1 atmosf\u00e9ra zo strany usporiadate\u013eov, prec\u00edzna kontrola pred \u010dasovkou, napr. merali v\u00fd\u0161ku pono\u017eiek at\u010f. Fan\u00fa\u0161ikovia, ktor\u00ed \u017eili cel\u00fdmi Majstrovstvami sveta, povzbudzovanie od mal\u00fdch det\u00ed a\u017e po dospel\u00fdch, vynikaj\u00faca atmosf\u00e9ra.<\/em><\/p>\n<p><strong>Ako vyzer\u00e1 tvoja zimn\u00e1 pr\u00edprava? \u010co v\u0161etko zara\u010fuje\u0161 do pr\u00edpravy pred novou sez\u00f3nou?<\/strong><br \/>\n<em>Je to tak\u00e1 klasika: trena\u017e\u00e9r, valce, be\u017eky, turistika,&#8230; no a sna\u017e\u00edm sa venova\u0165 \u0161kole, ke\u010f\u017ee tam mi rodi\u010dia \u017eiadne \u00fastupky netoleruj\u00fa.<\/em><\/p>\n<p><strong>\u010co by si odk\u00e1zala mlad\u00fdm \u010ditate\u013eom, ktor\u00ed by chceli sk\u00fasi\u0165 cyklistiku?<\/strong><br \/>\n<em>Cyklistika je super \u2013 z\u00e1bavn\u00e1, adrenal\u00ednov\u00e1, \u0165a\u017ek\u00e1 ale aj kr\u00e1sna z\u00e1rove\u0148 \u2013 po\u010fte do toho!<\/em><\/p>\n<p><strong>Ak\u00e9 pl\u00e1ny alebo sny m\u00e1\u0161 v bud\u00facnosti \u010di u\u017e v cyklistike alebo aj celkovo? L\u00e1ka \u0165a kari\u00e9ra profesion\u00e1lnej jazdkyne v nejakom prokontinent\u00e1lnom t\u00edme?<\/strong><br \/>\n<em>\u00c1no, ve\u013emi rada by som sa dostala do \u017eensk\u00e9ho profit\u00edmu, ale k tomu je predo mnou e\u0161te ve\u013ea tr\u00e9ningov, pretekov, driny a potrebn\u00fdch v\u00fdsledkov. Av\u0161ak najd\u00f4le\u017eitej\u0161ie pre tento cie\u013e je zdravie, chu\u0165 a podpora rodi\u010dov.<\/em><\/p>\n<p><img loading=\"lazy\" decoding=\"async\" class=\"alignnone size-full wp-image-9206\" src=\"https:\/\/d2p6e6u75xmxt8.cloudfront.net\/4\/2020\/01\/Nora_05.jpg\" alt=\"\" width=\"1200\" height=\"800\" \/><br \/>\n<strong>M\u00f4\u017eeme nazrie\u0165 aj do tvojho s\u00fakromia? \u0160tuduje\u0161 e\u0161te? Alebo si azda cyklistkou na pln\u00fd \u201e\u00fav\u00e4zok\u201c?<\/strong><br \/>\n<em>\u0160tudujem na gymn\u00e1ziu v Spi\u0161skej Novej Vsi a \u0161kola mi vych\u00e1dza maxim\u00e1lne v \u00fastrety pri individu\u00e1lnom \u0161tudijnom pl\u00e1ne.<\/em><\/p>\n<p><strong>Jazd\u00ed\u0161 aj in\u00e9 discipl\u00edny alebo je to hlavne \u201ecesta\u201c?<\/strong><br \/>\n<em>Nie, moment\u00e1lne sa orientujem na dosiahnutie najlep\u0161\u00edch v\u00fdsledkov na ceste, aj ke\u010f nie je vyl\u00fa\u010den\u00e9 \u017ee sk\u00fasim cross, pr\u00edpadne dr\u00e1hu. No a st\u00e1le je tu e\u0161te m\u00f4j ob\u013e\u00faben\u00fd triatlon, kde som zaraden\u00e1 do juniorskej reprezent\u00e1cie a \u010dakaj\u00fa ma ME juniorov a nieko\u013eko k\u00f4l Eur\u00f3pskeho Juniorsk\u00e9ho poh\u00e1ra.<\/em><\/p>\n<p><strong>\u010co by si odk\u00e1zal v\u0161etk\u00fdm \u010ditate\u013eom WeLoveCycling, ktor\u00ed by chceli sk\u00fasi\u0165 cyklistiku aspo\u0148 na hobby \u00farovni?<\/strong><br \/>\n<em>Nev\u00e1hajte a sadnite na bike.<\/em><\/p>\n<p>A my prajeme Nore, aby dosahovala aj na\u010falej tak\u00e9to <strong>skvel\u00e9 v\u00fdsledky a dr\u017e\u00edme jej palce v jej \u0161portovej kari\u00e9re<\/strong><\/p>\n","protected":false},"excerpt":{"rendered":"<p>Na Slovensku vyrast\u00e1 ve\u013ek\u00e1 \u0161portovky\u0148a, ktor\u00e1 by mohla v bud\u00facnosti dosiahnu\u0165 v\u00fdborn\u00e9 v\u00fdsledky na svetovej sc\u00e9ne. Re\u010d je o Nore [&hellip;]<\/p>\n","protected":false},"author":172,"featured_media":9201,"comment_status":"open","ping_status":"open","sticky":false,"template":"","format":"standard","meta":{"footnotes":""},"categories":[4],"tags":[559,115,487,546,764,1057,1150,1152,281,179,523,367,55,659,475],"global-categories":[1074],"class_list":["post-9198","post","type-post","status-publish","format-standard","has-post-thumbnail","hentry","category-cestna-cyklisitika","tag-bicykel","tag-cestna-cyklistika","tag-cestny-bicykel","tag-cyklistika","tag-detska-tour-petra-sagana","tag-holandsko","tag-juniorky","tag-majstrovstva-slovenska","tag-majstrovstva-sveta","tag-preteky","tag-slovensko","tag-slovensky-zvaz-cyklistiky","tag-trening","tag-zenska-cyklistika","tag-zeny","global-categories-cycling"],"yoast_head":"<!-- This site is optimized with the Yoast SEO Premium plugin v25.3 (Yoast SEO v25.9) - https:\/\/yoast.com\/wordpress\/plugins\/seo\/ -->\n<title>Nora Jen\u010du\u0161ov\u00e1 - ve\u013ek\u00e1 n\u00e1dej slovenskej cyklistiky<\/title>\n<meta name=\"description\" content=\"Na Slovensku vyrast\u00e1 ve\u013ek\u00e1 \u0161portovky\u0148a, ktor\u00e1 by mohla v bud\u00facnosti dosiahnu\u0165 v\u00fdborn\u00e9 v\u00fdsledky na svetovej sc\u00e9ne. Re\u010d je o Nore Jen\u010du\u0161ovej.\" \/>\n<meta name=\"robots\" content=\"index, follow, max-snippet:-1, max-image-preview:large, max-video-preview:-1\" \/>\n<link rel=\"canonical\" href=\"https:\/\/www.welovecycling.com\/sk\/2020\/02\/19\/nora-jencusova-velka-nadej-slovenskej-cyklistiky\/\" \/>\n<meta property=\"og:locale\" content=\"sk_SK\" \/>\n<meta property=\"og:type\" content=\"article\" \/>\n<meta property=\"og:title\" content=\"Nora Jen\u010du\u0161ov\u00e1 - ve\u013ek\u00e1 n\u00e1dej slovenskej cyklistiky\" \/>\n<meta property=\"og:description\" content=\"Na Slovensku vyrast\u00e1 ve\u013ek\u00e1 \u0161portovky\u0148a, ktor\u00e1 by mohla v bud\u00facnosti dosiahnu\u0165 v\u00fdborn\u00e9 v\u00fdsledky na svetovej sc\u00e9ne. Re\u010d je o Nore Jen\u010du\u0161ovej.\" \/>\n<meta property=\"og:url\" content=\"https:\/\/www.welovecycling.com\/sk\/2020\/02\/19\/nora-jencusova-velka-nadej-slovenskej-cyklistiky\/\" \/>\n<meta property=\"og:site_name\" content=\"\u0160koda We Love Cycling Slovensko\" \/>\n<meta property=\"article:published_time\" content=\"2020-02-19T09:00:18+00:00\" \/>\n<meta property=\"article:modified_time\" content=\"2023-04-18T10:49:36+00:00\" \/>\n<meta property=\"og:image\" content=\"https:\/\/d2p6e6u75xmxt8.cloudfront.net\/4\/2020\/01\/nora_titulka.JPG.webp\" \/>\n\t<meta property=\"og:image:width\" content=\"1380\" \/>\n\t<meta property=\"og:image:height\" content=\"600\" \/>\n\t<meta property=\"og:image:type\" content=\"image\/webp\" \/>\n<meta name=\"author\" content=\"dominika\" \/>\n<meta name=\"twitter:card\" content=\"summary_large_image\" \/>\n<meta name=\"twitter:label1\" content=\"Written by\" \/>\n\t<meta name=\"twitter:data1\" content=\"WeLoveCycling\" \/>\n\t<meta name=\"twitter:label2\" content=\"Est. reading time\" \/>\n\t<meta name=\"twitter:data2\" content=\"7\" \/>\n<script type=\"application\/ld+json\" class=\"yoast-schema-graph\">{\"@context\":\"https:\/\/schema.org\",\"@graph\":[{\"@type\":\"WebPage\",\"@id\":\"https:\/\/www.welovecycling.com\/sk\/2020\/02\/19\/nora-jencusova-velka-nadej-slovenskej-cyklistiky\/\",\"url\":\"https:\/\/www.welovecycling.com\/sk\/2020\/02\/19\/nora-jencusova-velka-nadej-slovenskej-cyklistiky\/\",\"name\":\"Nora Jen\u010du\u0161ov\u00e1 - ve\u013ek\u00e1 n\u00e1dej slovenskej cyklistiky\",\"isPartOf\":{\"@id\":\"https:\/\/www.welovecycling.com\/sk\/#website\"},\"primaryImageOfPage\":{\"@id\":\"https:\/\/www.welovecycling.com\/sk\/2020\/02\/19\/nora-jencusova-velka-nadej-slovenskej-cyklistiky\/#primaryimage\"},\"image\":{\"@id\":\"https:\/\/www.welovecycling.com\/sk\/2020\/02\/19\/nora-jencusova-velka-nadej-slovenskej-cyklistiky\/#primaryimage\"},\"thumbnailUrl\":\"https:\/\/d2p6e6u75xmxt8.cloudfront.net\/4\/2020\/01\/nora_titulka.JPG.webp\",\"datePublished\":\"2020-02-19T09:00:18+00:00\",\"dateModified\":\"2023-04-18T10:49:36+00:00\",\"author\":{\"@id\":\"https:\/\/www.welovecycling.com\/sk\/#\/schema\/person\/533b62b98b6c41bd5135ebfb1f742624\"},\"description\":\"Na Slovensku vyrast\u00e1 ve\u013ek\u00e1 \u0161portovky\u0148a, ktor\u00e1 by mohla v bud\u00facnosti dosiahnu\u0165 v\u00fdborn\u00e9 v\u00fdsledky na svetovej sc\u00e9ne. Re\u010d je o Nore Jen\u010du\u0161ovej.\",\"breadcrumb\":{\"@id\":\"https:\/\/www.welovecycling.com\/sk\/2020\/02\/19\/nora-jencusova-velka-nadej-slovenskej-cyklistiky\/#breadcrumb\"},\"inLanguage\":\"sk-SK\",\"potentialAction\":[{\"@type\":\"ReadAction\",\"target\":[\"https:\/\/www.welovecycling.com\/sk\/2020\/02\/19\/nora-jencusova-velka-nadej-slovenskej-cyklistiky\/\"]}]},{\"@type\":\"ImageObject\",\"inLanguage\":\"sk-SK\",\"@id\":\"https:\/\/www.welovecycling.com\/sk\/2020\/02\/19\/nora-jencusova-velka-nadej-slovenskej-cyklistiky\/#primaryimage\",\"url\":\"https:\/\/d2p6e6u75xmxt8.cloudfront.net\/4\/2020\/01\/nora_titulka.JPG.webp\",\"contentUrl\":\"https:\/\/d2p6e6u75xmxt8.cloudfront.net\/4\/2020\/01\/nora_titulka.JPG.webp\",\"width\":1380,\"height\":600},{\"@type\":\"BreadcrumbList\",\"@id\":\"https:\/\/www.welovecycling.com\/sk\/2020\/02\/19\/nora-jencusova-velka-nadej-slovenskej-cyklistiky\/#breadcrumb\",\"itemListElement\":[{\"@type\":\"ListItem\",\"position\":1,\"name\":\"Home\",\"item\":\"https:\/\/www.welovecycling.com\/sk\/\"},{\"@type\":\"ListItem\",\"position\":2,\"name\":\"Nora Jen\u010du\u0161ov\u00e1 &#8211; ve\u013ek\u00e1 n\u00e1dej slovenskej cyklistiky\"}]},{\"@type\":\"WebSite\",\"@id\":\"https:\/\/www.welovecycling.com\/sk\/#website\",\"url\":\"https:\/\/www.welovecycling.com\/sk\/\",\"name\":\"\u0160koda We Love Cycling Slovensko\",\"description\":\"\u0160koda We Love Cycling Slovensko je v\u00e1\u0161 ka\u017edodenn\u00fd zdroj noviniek a in\u0161pir\u00e1cie z sveta cyklistiky\",\"potentialAction\":[{\"@type\":\"SearchAction\",\"target\":{\"@type\":\"EntryPoint\",\"urlTemplate\":\"https:\/\/www.welovecycling.com\/sk\/?s={search_term_string}\"},\"query-input\":{\"@type\":\"PropertyValueSpecification\",\"valueRequired\":true,\"valueName\":\"search_term_string\"}}],\"inLanguage\":\"sk-SK\"},{\"@type\":\"Person\",\"@id\":\"https:\/\/www.welovecycling.com\/sk\/#\/schema\/person\/533b62b98b6c41bd5135ebfb1f742624\",\"name\":\"dominika\",\"image\":{\"@type\":\"ImageObject\",\"inLanguage\":\"sk-SK\",\"@id\":\"https:\/\/www.welovecycling.com\/sk\/#\/schema\/person\/image\/\",\"url\":\"https:\/\/secure.gravatar.com\/avatar\/ded6f274ba2ec3e17fff153f7d9d96a4b33c2cb63907f75d9a5309c599a7f3e6?s=96&d=mm&r=g\",\"contentUrl\":\"https:\/\/secure.gravatar.com\/avatar\/ded6f274ba2ec3e17fff153f7d9d96a4b33c2cb63907f75d9a5309c599a7f3e6?s=96&d=mm&r=g\",\"caption\":\"dominika\"},\"url\":\"https:\/\/www.welovecycling.com\/sk\/author\/dominika\/\"}]}<\/script>\n<!-- \/ Yoast SEO Premium plugin. -->","yoast_head_json":{"title":"Nora Jen\u010du\u0161ov\u00e1 - ve\u013ek\u00e1 n\u00e1dej slovenskej cyklistiky","description":"Na Slovensku vyrast\u00e1 ve\u013ek\u00e1 \u0161portovky\u0148a, ktor\u00e1 by mohla v bud\u00facnosti dosiahnu\u0165 v\u00fdborn\u00e9 v\u00fdsledky na svetovej sc\u00e9ne. Re\u010d je o Nore Jen\u010du\u0161ovej.","robots":{"index":"index","follow":"follow","max-snippet":"max-snippet:-1","max-image-preview":"max-image-preview:large","max-video-preview":"max-video-preview:-1"},"canonical":"https:\/\/www.welovecycling.com\/sk\/2020\/02\/19\/nora-jencusova-velka-nadej-slovenskej-cyklistiky\/","og_locale":"sk_SK","og_type":"article","og_title":"Nora Jen\u010du\u0161ov\u00e1 - ve\u013ek\u00e1 n\u00e1dej slovenskej cyklistiky","og_description":"Na Slovensku vyrast\u00e1 ve\u013ek\u00e1 \u0161portovky\u0148a, ktor\u00e1 by mohla v bud\u00facnosti dosiahnu\u0165 v\u00fdborn\u00e9 v\u00fdsledky na svetovej sc\u00e9ne. Re\u010d je o Nore Jen\u010du\u0161ovej.","og_url":"https:\/\/www.welovecycling.com\/sk\/2020\/02\/19\/nora-jencusova-velka-nadej-slovenskej-cyklistiky\/","og_site_name":"\u0160koda We Love Cycling Slovensko","article_published_time":"2020-02-19T09:00:18+00:00","article_modified_time":"2023-04-18T10:49:36+00:00","og_image":[{"width":1380,"height":600,"url":"https:\/\/d2p6e6u75xmxt8.cloudfront.net\/4\/2020\/01\/nora_titulka.JPG.webp","type":"image\/webp"}],"author":"dominika","twitter_card":"summary_large_image","twitter_misc":{"Written by":"WeLoveCycling","Est. reading time":"7"},"schema":{"@context":"https:\/\/schema.org","@graph":[{"@type":"WebPage","@id":"https:\/\/www.welovecycling.com\/sk\/2020\/02\/19\/nora-jencusova-velka-nadej-slovenskej-cyklistiky\/","url":"https:\/\/www.welovecycling.com\/sk\/2020\/02\/19\/nora-jencusova-velka-nadej-slovenskej-cyklistiky\/","name":"Nora Jen\u010du\u0161ov\u00e1 - ve\u013ek\u00e1 n\u00e1dej slovenskej cyklistiky","isPartOf":{"@id":"https:\/\/www.welovecycling.com\/sk\/#website"},"primaryImageOfPage":{"@id":"https:\/\/www.welovecycling.com\/sk\/2020\/02\/19\/nora-jencusova-velka-nadej-slovenskej-cyklistiky\/#primaryimage"},"image":{"@id":"https:\/\/www.welovecycling.com\/sk\/2020\/02\/19\/nora-jencusova-velka-nadej-slovenskej-cyklistiky\/#primaryimage"},"thumbnailUrl":"https:\/\/d2p6e6u75xmxt8.cloudfront.net\/4\/2020\/01\/nora_titulka.JPG.webp","datePublished":"2020-02-19T09:00:18+00:00","dateModified":"2023-04-18T10:49:36+00:00","author":{"@id":"https:\/\/www.welovecycling.com\/sk\/#\/schema\/person\/533b62b98b6c41bd5135ebfb1f742624"},"description":"Na Slovensku vyrast\u00e1 ve\u013ek\u00e1 \u0161portovky\u0148a, ktor\u00e1 by mohla v bud\u00facnosti dosiahnu\u0165 v\u00fdborn\u00e9 v\u00fdsledky na svetovej sc\u00e9ne. Re\u010d je o Nore Jen\u010du\u0161ovej.","breadcrumb":{"@id":"https:\/\/www.welovecycling.com\/sk\/2020\/02\/19\/nora-jencusova-velka-nadej-slovenskej-cyklistiky\/#breadcrumb"},"inLanguage":"sk-SK","potentialAction":[{"@type":"ReadAction","target":["https:\/\/www.welovecycling.com\/sk\/2020\/02\/19\/nora-jencusova-velka-nadej-slovenskej-cyklistiky\/"]}]},{"@type":"ImageObject","inLanguage":"sk-SK","@id":"https:\/\/www.welovecycling.com\/sk\/2020\/02\/19\/nora-jencusova-velka-nadej-slovenskej-cyklistiky\/#primaryimage","url":"https:\/\/d2p6e6u75xmxt8.cloudfront.net\/4\/2020\/01\/nora_titulka.JPG.webp","contentUrl":"https:\/\/d2p6e6u75xmxt8.cloudfront.net\/4\/2020\/01\/nora_titulka.JPG.webp","width":1380,"height":600},{"@type":"BreadcrumbList","@id":"https:\/\/www.welovecycling.com\/sk\/2020\/02\/19\/nora-jencusova-velka-nadej-slovenskej-cyklistiky\/#breadcrumb","itemListElement":[{"@type":"ListItem","position":1,"name":"Home","item":"https:\/\/www.welovecycling.com\/sk\/"},{"@type":"ListItem","position":2,"name":"Nora Jen\u010du\u0161ov\u00e1 &#8211; ve\u013ek\u00e1 n\u00e1dej slovenskej cyklistiky"}]},{"@type":"WebSite","@id":"https:\/\/www.welovecycling.com\/sk\/#website","url":"https:\/\/www.welovecycling.com\/sk\/","name":"\u0160koda We Love Cycling Slovensko","description":"\u0160koda We Love Cycling Slovensko je v\u00e1\u0161 ka\u017edodenn\u00fd zdroj noviniek a in\u0161pir\u00e1cie z sveta cyklistiky","potentialAction":[{"@type":"SearchAction","target":{"@type":"EntryPoint","urlTemplate":"https:\/\/www.welovecycling.com\/sk\/?s={search_term_string}"},"query-input":{"@type":"PropertyValueSpecification","valueRequired":true,"valueName":"search_term_string"}}],"inLanguage":"sk-SK"},{"@type":"Person","@id":"https:\/\/www.welovecycling.com\/sk\/#\/schema\/person\/533b62b98b6c41bd5135ebfb1f742624","name":"dominika","image":{"@type":"ImageObject","inLanguage":"sk-SK","@id":"https:\/\/www.welovecycling.com\/sk\/#\/schema\/person\/image\/","url":"https:\/\/secure.gravatar.com\/avatar\/ded6f274ba2ec3e17fff153f7d9d96a4b33c2cb63907f75d9a5309c599a7f3e6?s=96&d=mm&r=g","contentUrl":"https:\/\/secure.gravatar.com\/avatar\/ded6f274ba2ec3e17fff153f7d9d96a4b33c2cb63907f75d9a5309c599a7f3e6?s=96&d=mm&r=g","caption":"dominika"},"url":"https:\/\/www.welovecycling.com\/sk\/author\/dominika\/"}]}},"_links":{"self":[{"href":"https:\/\/www.welovecycling.com\/sk\/wp-json\/wp\/v2\/posts\/9198","targetHints":{"allow":["GET"]}}],"collection":[{"href":"https:\/\/www.welovecycling.com\/sk\/wp-json\/wp\/v2\/posts"}],"about":[{"href":"https:\/\/www.welovecycling.com\/sk\/wp-json\/wp\/v2\/types\/post"}],"author":[{"embeddable":true,"href":"https:\/\/www.welovecycling.com\/sk\/wp-json\/wp\/v2\/users\/172"}],"replies":[{"embeddable":true,"href":"https:\/\/www.welovecycling.com\/sk\/wp-json\/wp\/v2\/comments?post=9198"}],"version-history":[{"count":2,"href":"https:\/\/www.welovecycling.com\/sk\/wp-json\/wp\/v2\/posts\/9198\/revisions"}],"predecessor-version":[{"id":17173,"href":"https:\/\/www.welovecycling.com\/sk\/wp-json\/wp\/v2\/posts\/9198\/revisions\/17173"}],"wp:featuredmedia":[{"embeddable":true,"href":"https:\/\/www.welovecycling.com\/sk\/wp-json\/wp\/v2\/media\/9201"}],"wp:attachment":[{"href":"https:\/\/www.welovecycling.com\/sk\/wp-json\/wp\/v2\/media?parent=9198"}],"wp:term":[{"taxonomy":"category","embeddable":true,"href":"https:\/\/www.welovecycling.com\/sk\/wp-json\/wp\/v2\/categories?post=9198"},{"taxonomy":"post_tag","embeddable":true,"href":"https:\/\/www.welovecycling.com\/sk\/wp-json\/wp\/v2\/tags?post=9198"},{"taxonomy":"global-categories","embeddable":true,"href":"https:\/\/www.welovecycling.com\/sk\/wp-json\/wp\/v2\/global-categories?post=9198"}],"curies":[{"name":"wp","href":"https:\/\/api.w.org\/{rel}","templated":true}]}}