{"id":9186,"date":"2020-02-03T08:48:32","date_gmt":"2020-02-03T07:48:32","guid":{"rendered":"https:\/\/www.welovecycling.com\/sk\/?p=9186"},"modified":"2020-01-30T11:49:30","modified_gmt":"2020-01-30T10:49:30","slug":"akym-vyzvam-bude-v-roku-2020-celit-zenska-cyklistika","status":"publish","type":"post","link":"https:\/\/www.welovecycling.com\/sk\/2020\/02\/03\/akym-vyzvam-bude-v-roku-2020-celit-zenska-cyklistika\/","title":{"rendered":"Ak\u00fdm v\u00fdzvam bude v roku 2020 \u010deli\u0165 \u017eensk\u00e1 cyklistika?"},"content":{"rendered":"<p><strong>Prin\u00e1\u0161aj\u00fac \u010derstv\u00e9 pr\u00edle\u017eitosti a prek\u00e1\u017eky, ka\u017ed\u00fd nov\u00fd kalend\u00e1rny rok je mo\u017enos\u0165ou prehodnoti\u0165 doteraj\u0161\u00ed progres a premyslie\u0165 si, \u010do je v na\u0161ich sil\u00e1ch dosiahnu\u0165 po\u010das nasleduj\u00facich dvan\u00e1stich mesiacov. Pre svet \u017eenskej cyklistiky to vyzer\u00e1 tak, \u017ee rok 2020 bude jednou z najvzru\u0161uj\u00facej\u0161\u00edch sez\u00f3n v hist\u00f3rii. S prevratn\u00fdmi reformami pred nami sa sp\u00e1ja aj o\u010dak\u00e1vanie ve\u013ek\u00fdch krokov v \u00fastrety celkov\u00e9mu zlep\u0161eniu pre \u017eensk\u00fa cyklistiku nielen v pr\u00edtomnosti, ale aj v bud\u00facnosti. Zmena v takomto rozmere v\u0161ak nie je jednoduch\u00e1. St\u00e1le \u010del\u00ed mnoh\u00fdm prek\u00e1\u017ekam, ktor\u00e9 ju oddia\u013euj\u00fa od vysn\u00edvan\u00e9ho cie\u013ea. V tomto sum\u00e1ri v\u00e1m prin\u00e1\u0161ame nieko\u013eko udalost\u00ed, s ktor\u00fdmi sa v tomto roku bude musie\u0165 \u017eensk\u00e1 cyklistick\u00e1 komunita vysporiada\u0165.<\/strong><!--more--><\/p>\n<h2><strong>Obozn\u00e1menie sa s nov\u00fdmi nariadeniami UCI<\/strong><\/h2>\n<p>Sez\u00f3na 2020 je m\u00ed\u013enikom aj kv\u00f4li markantn\u00fdm zmen\u00e1m, <strong>spojen\u00fdm s reformami UCI<\/strong>, uplat\u0148uj\u00facimi sa po\u010das nasleduj\u00facich troch rokov. Jedn\u00fdm z aspektov t\u00fdchto obmien je skuto\u010dnos\u0165, \u017ee sa po prv\u00fdkr\u00e1t v \u017eenskej cyklistike objav\u00ed minim\u00e1lna mzda na \u00farovni WorldTeam. \u017densk\u00e1 cyklistika bola toti\u017e v predch\u00e1dzaj\u00facich rokoch <strong>kritizovan\u00e1 za nedostato\u010dn\u00e9 pokrytie finan\u010dnej a kari\u00e9rnej istoty jazdk\u00fd\u0148<\/strong>. Minim\u00e1lne mzdy (ktor\u00e9 s\u00fa \u0161tandardn\u00fdm prvkom mu\u017esk\u00e9ho pelot\u00f3nu) s\u00fa \u010dasovo odstup\u0148ovan\u00e9 po\u010das nasleduj\u00facich rokov nasledovne: 15 000 \u20ac v roku 2020, 20 000 \u20ac v 2021, 27&nbsp;500 \u20ac v 2022 a od roku 2023 u\u017e ako ekvivalent mu\u017esk\u00e9ho ProTeam, v s\u00fa\u010dasnosti na \u00farovni 30&nbsp;000 \u20ac. <strong>Nov\u00e9 po\u017eiadavky taktie\u017e garantuj\u00fa pokrytie<\/strong> dovoleniek, PN, materskej starostlivosti, d\u00f4chodkov\u00e9ho sporenia od roku 2022 a je tu aj nav\u00fd\u0161enie prize money (finan\u010dn\u00e9 odmeny za v\u00ed\u0165azstv\u00e1).<\/p>\n<p><img loading=\"lazy\" decoding=\"async\" class=\"alignnone size-full wp-image-3979\" src=\"https:\/\/d2p6e6u75xmxt8.cloudfront.net\/4\/2018\/06\/profimedia-0336315602-1.jpg\" alt=\"\" width=\"1366\" height=\"600\" \/><\/p>\n<p>Niektor\u00e9 t\u00edmy sa stavaj\u00fa k t\u00fdmto zmen\u00e1m pozit\u00edvnej\u0161ie ne\u017e ostatn\u00e9. Boels-Dolmans, elitn\u00fd \u017eensk\u00fd t\u00edm od roku 2016 a domov \u0161tyroch po sebe nasleduj\u00facich majsteriek sveta, absentuje v zozname schva\u013euj\u00facich t\u00edmov. V rozhovore s Cyclingnews, t\u00edmov\u00fd mana\u017e\u00e9r, <strong>Danny Stam<\/strong> uviedol, \u017ee aj ke\u010f nemaj\u00fa probl\u00e9m s ustanoven\u00edm minim\u00e1lnych miezd, dodato\u010dn\u00e9 n\u00e1klady spojen\u00e9 so statusom WorldTour s\u00fa pod\u013ea neho pre t\u00edmy, ktor\u00e9 nedisponuj\u00fa aj mu\u017esk\u00fdm t\u00edmom, zbyto\u010dn\u00e9. \u010ci sa e\u0161te udej\u00fa zmeny v ustanoveniach UCI kv\u00f4li lep\u0161ej adapt\u00e1cii vzh\u013eadom na odli\u0161n\u00e9 situ\u00e1cie t\u00edmov, ost\u00e1va neist\u00e9.<\/p>\n<h2><strong>Podpora diverzity<\/strong><\/h2>\n<p>Rozdielnos\u0165 a reprezent\u00e1cia men\u0161\u00edn je aj v dne\u0161nej dobe \u00faskal\u00edm vo svete \u0161portu a spolo\u010dnosti ako takej. Nane\u0161\u0165astie, ani najvy\u0161\u0161ia \u00farove\u0148 cyklistiky nie je v r\u00e1mci tohto probl\u00e9mu v\u00fdnimkou. Aj ke\u010f v skuto\u010dnosti je cyklistick\u00e1 komunita bohat\u00e1 na mnoho odli\u0161n\u00fdch druhov \u013eud\u00ed, \u017eensk\u00fd (a mu\u017esk\u00fd) <strong>pelot\u00f3n ost\u00e1va preva\u017ene homog\u00e9nny<\/strong>. Ak hovor\u00edme o raste \u0161portu a ozajstnom h\u013eadan\u00ed toho najlep\u0161ieho v \u017eenskej cyklistike na celosvetovej \u00farovni, je nevyhnutn\u00e9 v\u00e4\u010d\u0161mi poukazova\u0165 na potrebu tejto diverzity v r\u00e1mci najvy\u0161\u0161\u00edch \u00farovn\u00ed pretekania. Existuje toti\u017e z\u00e1sadn\u00e1 mo\u017enos\u0165 na\u0161tartova\u0165 tak\u00fdto posun vpred. Av\u0161ak k\u013e\u00fa\u010d k tomu je spojen\u00fd s pon\u00fakan\u00edm podpory \u0161portovcom v krajin\u00e1ch, v ktor\u00fdch cyklistika nie je vyvinut\u00e1 na adekv\u00e1tnej \u00farovni, a <strong>t\u00fdm podpori\u0165 rast auton\u00f3mie tohto odvetvia<\/strong>.<\/p>\n<figure id=\"attachment_9187\" aria-describedby=\"caption-attachment-9187\" style=\"width: 1250px\" class=\"wp-caption alignnone\"><img loading=\"lazy\" decoding=\"async\" class=\"size-full wp-image-9187\" src=\"https:\/\/d2p6e6u75xmxt8.cloudfront.net\/4\/2020\/01\/profimedia-0462968023.jpg\" alt=\"\" width=\"1250\" height=\"833\" \/><figcaption id=\"caption-attachment-9187\" class=\"wp-caption-text\">Teniel Campbell z Trinidadu a Tobaga s\u00fa\u0165a\u017e\u00ed po\u010das Panamerick\u00fdch hier v Lime, 2019. \u00a9 LUKA GONZALES \/ AFP \/ Profimedia<\/figcaption><\/figure>\n<p>Toto sa u\u017e za\u010d\u00edna dia\u0165 v nieko\u013ek\u00fdch pr\u00edpadoch a navy\u0161e sa pred nami \u010drt\u00e1 viacero zauj\u00edmav\u00fdch vyhliadok. Zoberme si napr\u00edklad Taniel Campbell. 22-ro\u010dn\u00e1 pretek\u00e1rka z Trinidadu a Tobaga v s\u00fa\u010dasnosti jazd\u00ed za UCI WCC t\u00edm a <strong>kvalifikovala sa ako prv\u00e1 \u017eensk\u00e1 z\u00e1stupky\u0148a svojho n\u00e1roda na Olympijsk\u00fdch hr\u00e1ch v Tokiu 2020<\/strong>. T\u00e1to bud\u00faca olympioni\u010dka povedala pre Vox Women: <em>\u201eChcela by som pre tento \u0161port prinies\u0165 to\u013eko nov\u00e9ho a prispie\u0165 k jeho rastu v mojej zemi a na celom svete.\u201c<\/em> D\u00fafajme teda, \u017ee v bud\u00facnosti budeme vidie\u0165 viac tak\u00fdchto pr\u00edbehov a el\u00e1nu.<\/p>\n<h2><strong>Obsadzovanie mana\u017e\u00e9rskych poz\u00edci\u00ed \u017eenami<\/strong><\/h2>\n<p>Ak hovor\u00edme o odli\u0161nostiach, <strong>radi by sme videli viac \u017eien na riadiacich poz\u00edci\u00e1ch v rozhoduj\u00facich sf\u00e9rach \u0161portu<\/strong>. Viac \u017eien v zasadac\u00edch miestnostiach bude prirodzene vies\u0165 k rie\u0161eniu ot\u00e1zok oh\u013eadne rovnosti pohlav\u00ed, diverzity a prispeje k obsiahlej\u0161iemu pr\u00edstupu v ot\u00e1zke, ak\u00fdm smerom vies\u0165 \u0161port. U\u017e samotn\u00e1 podstata rozdielnosti produkuje celostnej\u0161\u00ed \u0161t\u00fdl analyzovania probl\u00e9mov vo vn\u00fatri organiz\u00e1cie a spolo\u010dn\u00fdm predkladan\u00edm viacer\u00fdch perspekt\u00edv je mo\u017en\u00e9 <strong>dospie\u0165 k v\u00e4\u010d\u0161iemu z\u00e1ujmu o presadzovanie \u017eenskej cyklistiky<\/strong>.<\/p>\n<p><img loading=\"lazy\" decoding=\"async\" class=\"alignnone size-full wp-image-5968\" src=\"https:\/\/d2p6e6u75xmxt8.cloudfront.net\/4\/2019\/01\/profimedia-0375198150-1-1.jpg\" alt=\"\" width=\"1366\" height=\"600\" \/><\/p>\n<p>Ako povedala <strong>Tracey Gaudry<\/strong>, \u010dlenka riadiaceho v\u00fdboru UCI, pre Bicycling Australia: <em>\u201eOdkedy som sa stala s\u00fa\u010das\u0165ou UCI takmer pred siedmymi rokmi, bolo potrebn\u00e9 vykona\u0165 ve\u013ek\u00fa \u010das\u0165 pr\u00e1ce, aby sa v rokovac\u00edch miestnostiach presadil diverzifikovanej\u0161\u00ed dial\u00f3g oboch pohlav\u00ed. Aby sme toto enormn\u00e9 koleso rozto\u010dili, bolo potrebn\u00e9 investova\u0165 ve\u013ea pr\u00e1ce. Bolo to n\u00e1ro\u010dn\u00e9, ale s\u00fa\u010dasne n\u00e1m to prinieslo aj dostato\u010dn\u00e9 v\u00fdsledky.\u201c<\/em><\/p>\n<h2><strong>Zv\u00e4\u010d\u0161enie z\u00e1ujmu o telev\u00edzne prenosy<\/strong><\/h2>\n<p>\u010casto spom\u00ednanou t\u00e9mou medzi t\u00fdmi, ktor\u00ed chc\u00fa vidie\u0165 v\u00fdvoj \u017eenskej cyklistiky, z d\u00f4vodu podstatnej roly v podpore \u0161portu je aj medi\u00e1lne pokrytie. Sponzori jednoducho chc\u00fa n\u00e1vratnos\u0165 invest\u00edcie, ktor\u00e1 prich\u00e1dza prostredn\u00edctvom div\u00e1kov, \u010ditate\u013eov a posluch\u00e1\u010dov. Je to samostatne funguj\u00faci organizmus, ktor\u00fd pom\u00e1ha rastu cyklistiky vo chv\u00edli, ke\u010f s\u00fa do\u0148 investovan\u00e9 potrebn\u00e9 financie. <strong>To je to, \u010do \u017eensk\u00e1 cyklistika vy\u017eaduje.<\/strong> Faktom je, \u017ee sa n\u00e1m naskyt\u00e1 st\u00e1le viac a viac evidencie, ktor\u00e1 hovor\u00ed o tom, \u017ee cyklistika ako tak\u00e1 by len z\u00edskala (v\u00e4\u010d\u0161ia div\u00e1cka z\u00e1klad\u0148a, viac sponzorov), <strong>ak by \u017eensk\u00e9 preteky boli dan\u00e9 na rovnak\u00fa \u00farove\u0148 ako tie mu\u017esk\u00e9<\/strong>. The Colorado Classic si toto stanovilo ako cie\u013e po\u010das minul\u00e9ho ro\u010dn\u00edka, ke\u010f svoje podujatie zmenilo na \u010disto \u017eensk\u00e9 preteky.<\/p>\n<figure id=\"attachment_9188\" aria-describedby=\"caption-attachment-9188\" style=\"width: 1377px\" class=\"wp-caption alignnone\"><img loading=\"lazy\" decoding=\"async\" class=\"size-full wp-image-9188\" src=\"https:\/\/d2p6e6u75xmxt8.cloudfront.net\/4\/2020\/01\/2019-Colorado-Classic-presented-by-VF-Corporation-3.jpg\" alt=\"\" width=\"1377\" height=\"918\" \/><figcaption id=\"caption-attachment-9188\" class=\"wp-caption-text\">The Colorado Classic 2019<\/figcaption><\/figure>\n<h2><strong>Sta\u0165 sa udr\u017eate\u013enej\u0161\u00edm<\/strong><\/h2>\n<p>So skuto\u010dnos\u0165ou, kedy sa cyklistick\u00fd priemysel obracia k sp\u00f4sobom <strong>ako redukova\u0165 uhl\u00edkov\u00fa stopu<\/strong>, prich\u00e1dza aj unik\u00e1tna pr\u00edle\u017eitos\u0165 \u017eenskej cyklistiky pokro\u010di\u0165 k ekologickej\u0161\u00edm v\u00edzi\u00e1m fungovania po vzore mu\u017esk\u00e9ho modelu. To zah\u0155\u0148a veci ako pou\u017e\u00edvanie elektrick\u00fdch \u00e1ut a motoriek ako doprovodn\u00e9 vozidl\u00e1, vytv\u00e1ranie ofici\u00e1lnych \u201ezelen\u00fdch\u201c z\u00f3n pre odpad a pou\u017e\u00edva\u0165 biologicky rozlo\u017eite\u013en\u00e9 f\u013ea\u0161e. Ke\u010f sa UCI pok\u00fa\u0161a o stanovenie udr\u017eate\u013enosti ako prim\u00e1rneho cie\u013ea, vyvst\u00e1va mo\u017enos\u0165 \u017eenskej cyklistiky by\u0165 prv\u00fdmi a <strong>ved\u00facimi silami k zalo\u017eeniu ekologickej\u0161ej forme cyklistiky<\/strong>.<\/p>\n<p>Aby sa naplnili tieto ciele a v\u00fdzvy, <strong>bude potrebn\u00e9 investova\u0165 ve\u013ek\u00e9 mno\u017estvo pr\u00e1ce a podpory \u013eud\u00ed<\/strong>, ktor\u00ed s\u00fa nielen priamou s\u00fa\u010das\u0165ou \u017eenskej cyklistiky, ale aj t\u00fdch mimo nej. T\u00e1to doba je skuto\u010dne vzru\u0161uj\u00facou pre cyklistiku a nasleduj\u00face roky bud\u00fa k\u013e\u00fa\u010dov\u00e9 v ot\u00e1zke, \u010di sa naplnia predstavy podporovate\u013eov \u017eenskej cyklistiky. Preto nezab\u00fadajme na dial\u00f3g a diskusiu o t\u00fdchto probl\u00e9moch, na h\u013eadanie nov\u00fdch ciest pre zlep\u0161enie s\u00fa\u010dasn\u00e9ho stavu. Potom sa budeme pozera\u0165 na rok 2020 ako na dobu, <strong>kedy \u017eensk\u00e1 cyklistika z\u00edskala svoje pr\u00e1voplatn\u00e9 postavenie<\/strong>.<\/p>\n","protected":false},"excerpt":{"rendered":"<p>Prin\u00e1\u0161aj\u00fac \u010derstv\u00e9 pr\u00edle\u017eitosti a prek\u00e1\u017eky, ka\u017ed\u00fd nov\u00fd kalend\u00e1rny rok je mo\u017enos\u0165ou prehodnoti\u0165 doteraj\u0161\u00ed progres a premyslie\u0165 si, \u010do je v [&hellip;]<\/p>\n","protected":false},"author":81,"featured_media":9190,"comment_status":"open","ping_status":"open","sticky":false,"template":"","format":"standard","meta":{"footnotes":""},"categories":[63],"tags":[619,115,487,546,180,532,600,1033,999,179,885,813,815,556,355,106,659,475],"global-categories":[],"class_list":["post-9186","post","type-post","status-publish","format-standard","has-post-thumbnail","hentry","category-grand-tour","tag-bicyklovanie","tag-cestna-cyklistika","tag-cestny-bicykel","tag-cyklistika","tag-horska-cyklistika","tag-jazdenie","tag-muzi","tag-odmena","tag-podpora","tag-preteky","tag-profesional","tag-sport","tag-svet","tag-tim","tag-uci","tag-uci-worldtour","tag-zenska-cyklistika","tag-zeny"],"yoast_head":"<!-- This site is optimized with the Yoast SEO Premium plugin v25.3 (Yoast SEO v25.9) - https:\/\/yoast.com\/wordpress\/plugins\/seo\/ -->\n<title>Ak\u00fdm v\u00fdzvam bude v roku 2020 \u010deli\u0165 \u017eensk\u00e1 cyklistika? - \u0160koda We Love Cycling Slovensko<\/title>\n<meta name=\"robots\" content=\"index, follow, max-snippet:-1, max-image-preview:large, max-video-preview:-1\" \/>\n<link rel=\"canonical\" href=\"https:\/\/www.welovecycling.com\/sk\/2020\/02\/03\/akym-vyzvam-bude-v-roku-2020-celit-zenska-cyklistika\/\" \/>\n<meta property=\"og:locale\" content=\"sk_SK\" \/>\n<meta property=\"og:type\" content=\"article\" \/>\n<meta property=\"og:title\" content=\"Ak\u00fdm v\u00fdzvam bude v roku 2020 \u010deli\u0165 \u017eensk\u00e1 cyklistika?\" \/>\n<meta property=\"og:description\" content=\"Prin\u00e1\u0161aj\u00fac \u010derstv\u00e9 pr\u00edle\u017eitosti a prek\u00e1\u017eky, ka\u017ed\u00fd nov\u00fd kalend\u00e1rny rok je mo\u017enos\u0165ou prehodnoti\u0165 doteraj\u0161\u00ed progres a premyslie\u0165 si, \u010do je v [&hellip;]\" \/>\n<meta property=\"og:url\" content=\"https:\/\/www.welovecycling.com\/sk\/2020\/02\/03\/akym-vyzvam-bude-v-roku-2020-celit-zenska-cyklistika\/\" \/>\n<meta property=\"og:site_name\" content=\"\u0160koda We Love Cycling Slovensko\" \/>\n<meta property=\"article:published_time\" content=\"2020-02-03T07:48:32+00:00\" \/>\n<meta property=\"og:image\" content=\"https:\/\/d2p6e6u75xmxt8.cloudfront.net\/4\/2020\/01\/Sanne-Cant-CVR-profimedia-0490351606.webp\" \/>\n\t<meta property=\"og:image:width\" content=\"1366\" \/>\n\t<meta property=\"og:image:height\" content=\"600\" \/>\n\t<meta property=\"og:image:type\" content=\"image\/webp\" \/>\n<meta name=\"twitter:card\" content=\"summary_large_image\" \/>\n<meta name=\"twitter:label1\" content=\"Written by\" \/>\n\t<meta name=\"twitter:data1\" content=\"Megan Flottorp\" \/>\n\t<meta name=\"twitter:label2\" content=\"Est. reading time\" \/>\n\t<meta name=\"twitter:data2\" content=\"7\" \/>\n<script type=\"application\/ld+json\" class=\"yoast-schema-graph\">{\"@context\":\"https:\/\/schema.org\",\"@graph\":[{\"@type\":\"WebPage\",\"@id\":\"https:\/\/www.welovecycling.com\/sk\/2020\/02\/03\/akym-vyzvam-bude-v-roku-2020-celit-zenska-cyklistika\/\",\"url\":\"https:\/\/www.welovecycling.com\/sk\/2020\/02\/03\/akym-vyzvam-bude-v-roku-2020-celit-zenska-cyklistika\/\",\"name\":\"Ak\u00fdm v\u00fdzvam bude v roku 2020 \u010deli\u0165 \u017eensk\u00e1 cyklistika? - \u0160koda We Love Cycling Slovensko\",\"isPartOf\":{\"@id\":\"https:\/\/www.welovecycling.com\/sk\/#website\"},\"primaryImageOfPage\":{\"@id\":\"https:\/\/www.welovecycling.com\/sk\/2020\/02\/03\/akym-vyzvam-bude-v-roku-2020-celit-zenska-cyklistika\/#primaryimage\"},\"image\":{\"@id\":\"https:\/\/www.welovecycling.com\/sk\/2020\/02\/03\/akym-vyzvam-bude-v-roku-2020-celit-zenska-cyklistika\/#primaryimage\"},\"thumbnailUrl\":\"https:\/\/d2p6e6u75xmxt8.cloudfront.net\/4\/2020\/01\/Sanne-Cant-CVR-profimedia-0490351606.webp\",\"datePublished\":\"2020-02-03T07:48:32+00:00\",\"author\":{\"@id\":\"\"},\"breadcrumb\":{\"@id\":\"https:\/\/www.welovecycling.com\/sk\/2020\/02\/03\/akym-vyzvam-bude-v-roku-2020-celit-zenska-cyklistika\/#breadcrumb\"},\"inLanguage\":\"sk-SK\",\"potentialAction\":[{\"@type\":\"ReadAction\",\"target\":[\"https:\/\/www.welovecycling.com\/sk\/2020\/02\/03\/akym-vyzvam-bude-v-roku-2020-celit-zenska-cyklistika\/\"]}]},{\"@type\":\"ImageObject\",\"inLanguage\":\"sk-SK\",\"@id\":\"https:\/\/www.welovecycling.com\/sk\/2020\/02\/03\/akym-vyzvam-bude-v-roku-2020-celit-zenska-cyklistika\/#primaryimage\",\"url\":\"https:\/\/d2p6e6u75xmxt8.cloudfront.net\/4\/2020\/01\/Sanne-Cant-CVR-profimedia-0490351606.webp\",\"contentUrl\":\"https:\/\/d2p6e6u75xmxt8.cloudfront.net\/4\/2020\/01\/Sanne-Cant-CVR-profimedia-0490351606.webp\",\"width\":1366,\"height\":600},{\"@type\":\"BreadcrumbList\",\"@id\":\"https:\/\/www.welovecycling.com\/sk\/2020\/02\/03\/akym-vyzvam-bude-v-roku-2020-celit-zenska-cyklistika\/#breadcrumb\",\"itemListElement\":[{\"@type\":\"ListItem\",\"position\":1,\"name\":\"Home\",\"item\":\"https:\/\/www.welovecycling.com\/sk\/\"},{\"@type\":\"ListItem\",\"position\":2,\"name\":\"Ak\u00fdm v\u00fdzvam bude v roku 2020 \u010deli\u0165 \u017eensk\u00e1 cyklistika?\"}]},{\"@type\":\"WebSite\",\"@id\":\"https:\/\/www.welovecycling.com\/sk\/#website\",\"url\":\"https:\/\/www.welovecycling.com\/sk\/\",\"name\":\"\u0160koda We Love Cycling Slovensko\",\"description\":\"\u0160koda We Love Cycling Slovensko je v\u00e1\u0161 ka\u017edodenn\u00fd zdroj noviniek a in\u0161pir\u00e1cie z sveta cyklistiky\",\"potentialAction\":[{\"@type\":\"SearchAction\",\"target\":{\"@type\":\"EntryPoint\",\"urlTemplate\":\"https:\/\/www.welovecycling.com\/sk\/?s={search_term_string}\"},\"query-input\":{\"@type\":\"PropertyValueSpecification\",\"valueRequired\":true,\"valueName\":\"search_term_string\"}}],\"inLanguage\":\"sk-SK\"},{\"@type\":\"Person\",\"@id\":\"\",\"url\":\"https:\/\/www.welovecycling.com\/sk\/author\/\"}]}<\/script>\n<!-- \/ Yoast SEO Premium plugin. -->","yoast_head_json":{"title":"Ak\u00fdm v\u00fdzvam bude v roku 2020 \u010deli\u0165 \u017eensk\u00e1 cyklistika? - \u0160koda We Love Cycling Slovensko","robots":{"index":"index","follow":"follow","max-snippet":"max-snippet:-1","max-image-preview":"max-image-preview:large","max-video-preview":"max-video-preview:-1"},"canonical":"https:\/\/www.welovecycling.com\/sk\/2020\/02\/03\/akym-vyzvam-bude-v-roku-2020-celit-zenska-cyklistika\/","og_locale":"sk_SK","og_type":"article","og_title":"Ak\u00fdm v\u00fdzvam bude v roku 2020 \u010deli\u0165 \u017eensk\u00e1 cyklistika?","og_description":"Prin\u00e1\u0161aj\u00fac \u010derstv\u00e9 pr\u00edle\u017eitosti a prek\u00e1\u017eky, ka\u017ed\u00fd nov\u00fd kalend\u00e1rny rok je mo\u017enos\u0165ou prehodnoti\u0165 doteraj\u0161\u00ed progres a premyslie\u0165 si, \u010do je v [&hellip;]","og_url":"https:\/\/www.welovecycling.com\/sk\/2020\/02\/03\/akym-vyzvam-bude-v-roku-2020-celit-zenska-cyklistika\/","og_site_name":"\u0160koda We Love Cycling Slovensko","article_published_time":"2020-02-03T07:48:32+00:00","og_image":[{"width":1366,"height":600,"url":"https:\/\/d2p6e6u75xmxt8.cloudfront.net\/4\/2020\/01\/Sanne-Cant-CVR-profimedia-0490351606.webp","type":"image\/webp"}],"twitter_card":"summary_large_image","twitter_misc":{"Written by":"Megan Flottorp","Est. reading time":"7"},"schema":{"@context":"https:\/\/schema.org","@graph":[{"@type":"WebPage","@id":"https:\/\/www.welovecycling.com\/sk\/2020\/02\/03\/akym-vyzvam-bude-v-roku-2020-celit-zenska-cyklistika\/","url":"https:\/\/www.welovecycling.com\/sk\/2020\/02\/03\/akym-vyzvam-bude-v-roku-2020-celit-zenska-cyklistika\/","name":"Ak\u00fdm v\u00fdzvam bude v roku 2020 \u010deli\u0165 \u017eensk\u00e1 cyklistika? - \u0160koda We Love Cycling Slovensko","isPartOf":{"@id":"https:\/\/www.welovecycling.com\/sk\/#website"},"primaryImageOfPage":{"@id":"https:\/\/www.welovecycling.com\/sk\/2020\/02\/03\/akym-vyzvam-bude-v-roku-2020-celit-zenska-cyklistika\/#primaryimage"},"image":{"@id":"https:\/\/www.welovecycling.com\/sk\/2020\/02\/03\/akym-vyzvam-bude-v-roku-2020-celit-zenska-cyklistika\/#primaryimage"},"thumbnailUrl":"https:\/\/d2p6e6u75xmxt8.cloudfront.net\/4\/2020\/01\/Sanne-Cant-CVR-profimedia-0490351606.webp","datePublished":"2020-02-03T07:48:32+00:00","author":{"@id":""},"breadcrumb":{"@id":"https:\/\/www.welovecycling.com\/sk\/2020\/02\/03\/akym-vyzvam-bude-v-roku-2020-celit-zenska-cyklistika\/#breadcrumb"},"inLanguage":"sk-SK","potentialAction":[{"@type":"ReadAction","target":["https:\/\/www.welovecycling.com\/sk\/2020\/02\/03\/akym-vyzvam-bude-v-roku-2020-celit-zenska-cyklistika\/"]}]},{"@type":"ImageObject","inLanguage":"sk-SK","@id":"https:\/\/www.welovecycling.com\/sk\/2020\/02\/03\/akym-vyzvam-bude-v-roku-2020-celit-zenska-cyklistika\/#primaryimage","url":"https:\/\/d2p6e6u75xmxt8.cloudfront.net\/4\/2020\/01\/Sanne-Cant-CVR-profimedia-0490351606.webp","contentUrl":"https:\/\/d2p6e6u75xmxt8.cloudfront.net\/4\/2020\/01\/Sanne-Cant-CVR-profimedia-0490351606.webp","width":1366,"height":600},{"@type":"BreadcrumbList","@id":"https:\/\/www.welovecycling.com\/sk\/2020\/02\/03\/akym-vyzvam-bude-v-roku-2020-celit-zenska-cyklistika\/#breadcrumb","itemListElement":[{"@type":"ListItem","position":1,"name":"Home","item":"https:\/\/www.welovecycling.com\/sk\/"},{"@type":"ListItem","position":2,"name":"Ak\u00fdm v\u00fdzvam bude v roku 2020 \u010deli\u0165 \u017eensk\u00e1 cyklistika?"}]},{"@type":"WebSite","@id":"https:\/\/www.welovecycling.com\/sk\/#website","url":"https:\/\/www.welovecycling.com\/sk\/","name":"\u0160koda We Love Cycling Slovensko","description":"\u0160koda We Love Cycling Slovensko je v\u00e1\u0161 ka\u017edodenn\u00fd zdroj noviniek a in\u0161pir\u00e1cie z sveta cyklistiky","potentialAction":[{"@type":"SearchAction","target":{"@type":"EntryPoint","urlTemplate":"https:\/\/www.welovecycling.com\/sk\/?s={search_term_string}"},"query-input":{"@type":"PropertyValueSpecification","valueRequired":true,"valueName":"search_term_string"}}],"inLanguage":"sk-SK"},{"@type":"Person","@id":"","url":"https:\/\/www.welovecycling.com\/sk\/author\/"}]}},"_links":{"self":[{"href":"https:\/\/www.welovecycling.com\/sk\/wp-json\/wp\/v2\/posts\/9186","targetHints":{"allow":["GET"]}}],"collection":[{"href":"https:\/\/www.welovecycling.com\/sk\/wp-json\/wp\/v2\/posts"}],"about":[{"href":"https:\/\/www.welovecycling.com\/sk\/wp-json\/wp\/v2\/types\/post"}],"author":[{"embeddable":true,"href":"https:\/\/www.welovecycling.com\/sk\/wp-json\/wp\/v2\/users\/81"}],"replies":[{"embeddable":true,"href":"https:\/\/www.welovecycling.com\/sk\/wp-json\/wp\/v2\/comments?post=9186"}],"version-history":[{"count":2,"href":"https:\/\/www.welovecycling.com\/sk\/wp-json\/wp\/v2\/posts\/9186\/revisions"}],"predecessor-version":[{"id":9196,"href":"https:\/\/www.welovecycling.com\/sk\/wp-json\/wp\/v2\/posts\/9186\/revisions\/9196"}],"wp:featuredmedia":[{"embeddable":true,"href":"https:\/\/www.welovecycling.com\/sk\/wp-json\/wp\/v2\/media\/9190"}],"wp:attachment":[{"href":"https:\/\/www.welovecycling.com\/sk\/wp-json\/wp\/v2\/media?parent=9186"}],"wp:term":[{"taxonomy":"category","embeddable":true,"href":"https:\/\/www.welovecycling.com\/sk\/wp-json\/wp\/v2\/categories?post=9186"},{"taxonomy":"post_tag","embeddable":true,"href":"https:\/\/www.welovecycling.com\/sk\/wp-json\/wp\/v2\/tags?post=9186"},{"taxonomy":"global-categories","embeddable":true,"href":"https:\/\/www.welovecycling.com\/sk\/wp-json\/wp\/v2\/global-categories?post=9186"}],"curies":[{"name":"wp","href":"https:\/\/api.w.org\/{rel}","templated":true}]}}