{"id":9152,"date":"2020-02-24T12:12:02","date_gmt":"2020-02-24T11:12:02","guid":{"rendered":"https:\/\/www.welovecycling.com\/sk\/?p=9152"},"modified":"2020-02-24T14:04:37","modified_gmt":"2020-02-24T13:04:37","slug":"tip-na-vylet-jancekova-skala-tam-kde-su-mraveniska-vyssie-ako-cyklista","status":"publish","type":"post","link":"https:\/\/www.welovecycling.com\/sk\/2020\/02\/24\/tip-na-vylet-jancekova-skala-tam-kde-su-mraveniska-vyssie-ako-cyklista\/","title":{"rendered":"Tip na v\u00fdlet: Jan\u010dekova skala \u2013 tam, kde s\u00fa mravenisk\u00e1 vy\u0161\u0161ie ako cyklista"},"content":{"rendered":"<p><strong>U\u017e tu m\u00e1me pomaly koniec febru\u00e1ra a neza\u0161kod\u00ed si pre\u010d\u00edta\u0165 nejak\u00fd tip na v\u00fdlet, ktor\u00fd m\u00f4\u017eete podnikn\u00fa\u0165 hne\u010f na jar aj vy. Mo\u017eno sa mnou nech\u00e1te in\u0161pirova\u0165 a t\u00e1to trasa bude jedna z prv\u00fdch, ktor\u00fa absolvujete v novej sez\u00f3ne.<\/strong><!--more--><\/p>\n<p>P\u00f4vodne som h\u013eadal zauj\u00edmav\u00fa a\u00a0m\u00e1lo zn\u00e1mu cestu s\u00a0pekn\u00fdm cie\u013eom. Spomenul som si na miesto, kam sme chodili v\u00a0detstve na v\u00fdlety. Jan\u010dekova skala je vo v\u00fd\u0161ke <strong>843 metrov a\u00a0t\u00fd\u010di sa nad obcou Lehota pod Vt\u00e1\u010dnikom<\/strong>. Chystal som sa tam v\u00a0jednu sobotu, ale od r\u00e1na bola obloha zatiahnut\u00e1 a\u00a0doobeda nieko\u013ekokr\u00e1t mrholilo. Popoludn\u00ed sa v\u0161ak mraky roztrhali, a\u00a0tak som sa vybral na cestu. Pre istotu som si zbalil n\u00e1hradn\u00e9 oble\u010denie, ktor\u00e9 som na\u0161\u0165astie nakoniec nepotreboval.<\/p>\n<p>Ako die\u0165a som vyrastal v\u00a0bl\u00edzkom okol\u00ed a\u00a0d\u00e1vno som tam nebol, <strong>ve\u013emi som sa na ten v\u00fdjazd te\u0161il<\/strong>. Av\u0161ak ne\u010dakal som, \u017ee sa za nieko\u013eko rokov to\u013eko vec\u00ed zmen\u00ed. Uprostred cesty vyr\u00e1stol akt\u00edvny lom s\u00a0rampou priamo na chodn\u00edku a s\u00a0tabu\u013eami o\u00a0z\u00e1kaze vstupu.<\/p>\n<p><a href=\"https:\/\/d2p6e6u75xmxt8.cloudfront.net\/4\/2020\/01\/Skala_01.jpg\"><img loading=\"lazy\" decoding=\"async\" src=\"https:\/\/d2p6e6u75xmxt8.cloudfront.net\/4\/2020\/01\/Skala_01.jpg\" alt=\"\" width=\"1200\" height=\"800\" class=\"alignnone size-full wp-image-9157\" \/><\/a><\/p>\n<p>Z\u00a0Prievidze som vyrazil po Ko\u0161ovskej ceste smerom na dedinu Sebedra\u017eie, kde som okolo kostola smeroval na dedinu C\u00edge\u013e. Na konci tejto dediny, tesne pred odbo\u010dkou na ly\u017eiarske stredisko, treba zabo\u010di\u0165 doprava pomedzi domy. <strong>Na malom \u00faseku si m\u00f4\u017eete u\u017ei\u0165 v\u0161etky mo\u017en\u00e9 povrchy<\/strong>, preto\u017ee po panelovej ceste sa povrch zmen\u00ed na \u0161otolinu a\u00a0nakoniec v\u00e1s \u010dak\u00e1 pod lomom aj pekn\u00e1 asfaltov\u00e1 cesta.<\/p>\n<p><a href=\"https:\/\/d2p6e6u75xmxt8.cloudfront.net\/4\/2020\/01\/Skala_02.jpg\"><img loading=\"lazy\" decoding=\"async\" src=\"https:\/\/d2p6e6u75xmxt8.cloudfront.net\/4\/2020\/01\/Skala_02.jpg\" alt=\"\" width=\"1200\" height=\"800\" class=\"alignnone size-full wp-image-9158\" \/><\/a><\/p>\n<p>Pred lomom bolo potrebn\u00e9 <strong>h\u013eada\u0165 in\u00fa cestu cez les<\/strong>, preto\u017ee, ako som spom\u00ednal, nechcel som riskova\u0165 stretnutie s\u00a0nahnevan\u00fdm str\u00e1\u017enikom a\u00a0jeho psom.<\/p>\n<p><a href=\"https:\/\/d2p6e6u75xmxt8.cloudfront.net\/4\/2020\/01\/Skala_03.jpg\"><img loading=\"lazy\" decoding=\"async\" src=\"https:\/\/d2p6e6u75xmxt8.cloudfront.net\/4\/2020\/01\/Skala_03.jpg\" alt=\"\" width=\"1200\" height=\"800\" class=\"alignnone size-full wp-image-9159\" \/><\/a><\/p>\n<p>Lom som \u00faspe\u0161ne obi\u0161iel cez les, ke\u010f\u017ee ale bola sobota a\u00a0v\u00a0lome sa nepracovalo, neodolal som, aby som aspo\u0148 na k\u00fasok neza\u0161iel pozrie\u0165 toto zauj\u00edmav\u00e9 miesto. St\u00e1lo to za to, preto\u017ee atmosf\u00e9ra tam bola \u00fa\u017easn\u00e1. Vyzer\u00e1 to tam ako niekde v\u00a0Skalist\u00fdch hor\u00e1ch a\u00a0<strong>prostredie je ve\u013emi fotogenick\u00e9<\/strong>. Dal by sa tam nat\u00e1\u010da\u0165 aj westernov\u00fd film.<\/p>\n<div id='gallery-1' class='gallery galleryid-9152 gallery-columns-2 gallery-size-full'><figure class='gallery-item'>\n\t\t\t<div class='gallery-icon landscape'>\n\t\t\t\t<a href='https:\/\/d2p6e6u75xmxt8.cloudfront.net\/4\/2020\/01\/Skala_04.webp'><img loading=\"lazy\" decoding=\"async\" width=\"1200\" height=\"800\" src=\"https:\/\/d2p6e6u75xmxt8.cloudfront.net\/4\/2020\/01\/Skala_04.webp\" class=\"attachment-full size-full\" alt=\"\" srcset=\"https:\/\/d2p6e6u75xmxt8.cloudfront.net\/4\/2020\/01\/Skala_04.webp 1200w, https:\/\/d2p6e6u75xmxt8.cloudfront.net\/4\/2020\/01\/Skala_04-300x200.webp 300w, https:\/\/d2p6e6u75xmxt8.cloudfront.net\/4\/2020\/01\/Skala_04-1024x683.webp 1024w, https:\/\/d2p6e6u75xmxt8.cloudfront.net\/4\/2020\/01\/Skala_04-768x512.webp 768w, https:\/\/d2p6e6u75xmxt8.cloudfront.net\/4\/2020\/01\/Skala_04-272x182.webp 272w\" sizes=\"auto, (max-width: 1200px) 100vw, 1200px\" \/><\/a>\n\t\t\t<\/div><\/figure><figure class='gallery-item'>\n\t\t\t<div class='gallery-icon landscape'>\n\t\t\t\t<a href='https:\/\/d2p6e6u75xmxt8.cloudfront.net\/4\/2020\/01\/Skala_05.webp'><img loading=\"lazy\" decoding=\"async\" width=\"1200\" height=\"800\" src=\"https:\/\/d2p6e6u75xmxt8.cloudfront.net\/4\/2020\/01\/Skala_05.webp\" class=\"attachment-full size-full\" alt=\"\" srcset=\"https:\/\/d2p6e6u75xmxt8.cloudfront.net\/4\/2020\/01\/Skala_05.webp 1200w, https:\/\/d2p6e6u75xmxt8.cloudfront.net\/4\/2020\/01\/Skala_05-300x200.webp 300w, https:\/\/d2p6e6u75xmxt8.cloudfront.net\/4\/2020\/01\/Skala_05-1024x683.webp 1024w, https:\/\/d2p6e6u75xmxt8.cloudfront.net\/4\/2020\/01\/Skala_05-768x512.webp 768w, https:\/\/d2p6e6u75xmxt8.cloudfront.net\/4\/2020\/01\/Skala_05-272x182.webp 272w\" sizes=\"auto, (max-width: 1200px) 100vw, 1200px\" \/><\/a>\n\t\t\t<\/div><\/figure>\n\t\t<\/div>\n\n<p>Ke\u010f som sa dostal nad \u00farove\u0148 lomu, za\u010d\u00ednala druh\u00e1 problematick\u00e1 \u010das\u0165, preto\u017ee lesn\u00e1 zv\u00e1\u017enica bola tak zni\u010den\u00e1 lesnou technikou, \u017ee vyzerala ako rozoran\u00e9 pole na jar. Z\u00a0v\u00e4\u010d\u0161ej \u010dasti nebolo mo\u017en\u00e9 po takomto ter\u00e9ne jazdi\u0165 a\u00a0<strong>\u010das\u0165 cesty som pre\u0161iel ako turista tla\u010diaci bicykel<\/strong>. Ka\u017edop\u00e1dne na kri\u017eovatke, kde jedna cesta vedie dolu do doliny, je potrebn\u00e9 sa pusti\u0165 hore kopcom cestou v\u013eavo.<\/p>\n<p><a href=\"https:\/\/d2p6e6u75xmxt8.cloudfront.net\/4\/2020\/01\/Skala_06.jpg\"><img loading=\"lazy\" decoding=\"async\" src=\"https:\/\/d2p6e6u75xmxt8.cloudfront.net\/4\/2020\/01\/Skala_06.jpg\" alt=\"\" width=\"1200\" height=\"800\" class=\"alignnone size-full wp-image-9164\" \/><\/a><\/p>\n<p>\u010coskoro som na jednom zo star\u00fdch b\u00fat\u013eav\u00fdch stromov uvidel prv\u00fa tabu\u013eku informuj\u00facu o\u00a0tom, <strong>\u017ee som na spr\u00e1vnej ceste na Jan\u010dekovu skalu<\/strong>.<\/p>\n<div id='gallery-2' class='gallery galleryid-9152 gallery-columns-2 gallery-size-full'><figure class='gallery-item'>\n\t\t\t<div class='gallery-icon landscape'>\n\t\t\t\t<a href='https:\/\/d2p6e6u75xmxt8.cloudfront.net\/4\/2020\/01\/Skala_07.webp'><img loading=\"lazy\" decoding=\"async\" width=\"1200\" height=\"800\" src=\"https:\/\/d2p6e6u75xmxt8.cloudfront.net\/4\/2020\/01\/Skala_07.webp\" class=\"attachment-full size-full\" alt=\"\" srcset=\"https:\/\/d2p6e6u75xmxt8.cloudfront.net\/4\/2020\/01\/Skala_07.webp 1200w, https:\/\/d2p6e6u75xmxt8.cloudfront.net\/4\/2020\/01\/Skala_07-300x200.webp 300w, https:\/\/d2p6e6u75xmxt8.cloudfront.net\/4\/2020\/01\/Skala_07-1024x683.webp 1024w, https:\/\/d2p6e6u75xmxt8.cloudfront.net\/4\/2020\/01\/Skala_07-768x512.webp 768w, https:\/\/d2p6e6u75xmxt8.cloudfront.net\/4\/2020\/01\/Skala_07-272x182.webp 272w\" sizes=\"auto, (max-width: 1200px) 100vw, 1200px\" \/><\/a>\n\t\t\t<\/div><\/figure><figure class='gallery-item'>\n\t\t\t<div class='gallery-icon landscape'>\n\t\t\t\t<a href='https:\/\/d2p6e6u75xmxt8.cloudfront.net\/4\/2020\/01\/Skala_08.webp'><img loading=\"lazy\" decoding=\"async\" width=\"1200\" height=\"800\" src=\"https:\/\/d2p6e6u75xmxt8.cloudfront.net\/4\/2020\/01\/Skala_08.webp\" class=\"attachment-full size-full\" alt=\"\" srcset=\"https:\/\/d2p6e6u75xmxt8.cloudfront.net\/4\/2020\/01\/Skala_08.webp 1200w, https:\/\/d2p6e6u75xmxt8.cloudfront.net\/4\/2020\/01\/Skala_08-300x200.webp 300w, https:\/\/d2p6e6u75xmxt8.cloudfront.net\/4\/2020\/01\/Skala_08-1024x683.webp 1024w, https:\/\/d2p6e6u75xmxt8.cloudfront.net\/4\/2020\/01\/Skala_08-768x512.webp 768w, https:\/\/d2p6e6u75xmxt8.cloudfront.net\/4\/2020\/01\/Skala_08-272x182.webp 272w\" sizes=\"auto, (max-width: 1200px) 100vw, 1200px\" \/><\/a>\n\t\t\t<\/div><\/figure>\n\t\t<\/div>\n\n<div class=\"shortcode-ys-post-pinup\"><article class=\"loop-simple post-8278 post type-post status-publish format-standard has-post-thumbnail hentry category-mtb tag-bicyklovanie tag-cyklista tag-cyklisticka-destinacia tag-down-hill tag-horska-cyklistika tag-jazdenie tag-magura tag-mtb tag-rozjazd tag-slovensko tag-strazovske-vrchy tag-tip-na-vylet tag-vyjazd tag-vylet tag-zjazd\" data-postid=\"8278\" role=\"article\" data-post-id=\"8278\" data-word-count=\"548\" data-headline-length=\"52\" data-category=\"MTB\" data-author=\"Radovan Vr\u0161ka\" data-published=\"2019-09-20T10:47:12+02:00\" data-published-day=\"Friday\">\n    <div class=\"entry-thumbnail article-thumbnail\" content=\"https:\/\/d2p6e6u75xmxt8.cloudfront.net\/4\/2019\/09\/titulka.JPG-150x150.webp\"><a href=\"https:\/\/www.welovecycling.com\/sk\/2019\/09\/20\/tip-na-vylet-magura-je-krasna-aj-bez-vyhladu\/\" class=\"image-holder\" target=\"_self\"><img decoding=\"async\" loading=\"lazy\" class=\"\" src=\"https:\/\/d2p6e6u75xmxt8.cloudfront.net\/4\/2019\/09\/titulka.JPG-1024x445.webp\" srcset=\"https:\/\/d2p6e6u75xmxt8.cloudfront.net\/4\/2019\/09\/titulka.JPG.webp 1380w, https:\/\/d2p6e6u75xmxt8.cloudfront.net\/4\/2019\/09\/titulka.JPG-300x130.webp 300w, https:\/\/d2p6e6u75xmxt8.cloudfront.net\/4\/2019\/09\/titulka.JPG-1024x445.webp 1024w, https:\/\/d2p6e6u75xmxt8.cloudfront.net\/4\/2019\/09\/titulka.JPG-768x334.webp 768w\" width=\"1024\" height=\"445\" sizes=\"auto, (min-width: 1200px) 460px, (min-width: 768px) 38vw, 100vw\" alt=\"tip-na-vylet-magura-je-krasna-aj-bez-vyhladu\"\/><\/a><\/div>    <div class=\"entry-meta\">\n        <a class=\"label label-secondary post-category\" href=\"https:\/\/www.welovecycling.com\/sk\/category\/mtb\/\" title=\"MTB\">MTB<\/a>\n    <\/div>\n    <div class=\"entry-details\">\n        <a href=\"https:\/\/www.welovecycling.com\/sk\/2019\/09\/20\/tip-na-vylet-magura-je-krasna-aj-bez-vyhladu\/\" class='entry-title-wrapper'>\n            <h3 class=\"entry-title\"><span>Tip na v\u00fdlet \u2013 Magura je kr\u00e1sna aj bez v\u00fdh\u013eadu<\/span><\/h3>\n        <\/a>\n    <\/div>\n    <\/article>\n<\/div>\n<p>Mo\u017eno aj v\u010faka tomu, \u017ee som v\u00e4\u010d\u0161inu cesty po tejto rozoranej zv\u00e1\u017enici bicykel tla\u010dil, som mal \u010das pozera\u0165 po okol\u00ed a\u00a0<strong>les je skuto\u010dne \u010darovn\u00fd<\/strong>. Tesne pod vrcholom je e\u0161te jedna informa\u010dn\u00e1 tabu\u013ea a\u00a0u\u017e z dia\u013eky vidie\u0165 len ned\u00e1vno osaden\u00fd dvojkr\u00ed\u017e.<\/p>\n<p><a href=\"https:\/\/d2p6e6u75xmxt8.cloudfront.net\/4\/2020\/01\/Skala_09.jpg\"><img loading=\"lazy\" decoding=\"async\" src=\"https:\/\/d2p6e6u75xmxt8.cloudfront.net\/4\/2020\/01\/Skala_09.jpg\" alt=\"\" width=\"1200\" height=\"800\" class=\"alignnone size-full wp-image-9167\" \/><\/a><\/p>\n<p>Mal som \u0161\u0165astie, preto\u017ee na vrchole som stretol rodinku a\u00a0po p\u00e1r vet\u00e1ch som zistil, \u017ee jeden z\u00a0nich sa z\u00fa\u010dastnil osadenia kr\u00ed\u017ea a\u00a0uk\u00e1zal mi aj fotky a\u00a0vide\u00e1 z\u00a0tejto akcie.<\/p>\n<p><a href=\"https:\/\/d2p6e6u75xmxt8.cloudfront.net\/4\/2020\/01\/Skala_10.jpg\"><img loading=\"lazy\" decoding=\"async\" src=\"https:\/\/d2p6e6u75xmxt8.cloudfront.net\/4\/2020\/01\/Skala_10.jpg\" alt=\"\" width=\"1200\" height=\"800\" class=\"alignnone size-full wp-image-9168\" \/><\/a><\/p>\n<p>Ten star\u00fd les, cez ktor\u00fd cesta vedie, sa v\u0161ak oplat\u00ed vidie\u0165. Star\u00e9 b\u00fat\u013eav\u00e9 stromy, ktor\u00fdch by ste sa ve\u010der asi aj z\u013eakli, v\u00f4\u0148a hr\u00edbov v\u0161ade naokolo, le\u017eovisk\u00e1 lesnej zveri a\u00a0mravenisk\u00e1 takmer vy\u0161\u0161ie ako \u010dlovek. Pripadal som si ako niekde <strong>\u010faleko od civiliz\u00e1cie, niekde v\u00a0divo\u010dine<\/strong> a\u00a0nie na doh\u013ead od okolit\u00fdch ded\u00edn. <\/p>\n<p><a href=\"https:\/\/d2p6e6u75xmxt8.cloudfront.net\/4\/2020\/01\/Skala_11.jpg\"><img loading=\"lazy\" decoding=\"async\" src=\"https:\/\/d2p6e6u75xmxt8.cloudfront.net\/4\/2020\/01\/Skala_11.jpg\" alt=\"\" width=\"1200\" height=\"800\" class=\"alignnone size-full wp-image-9169\" \/><\/a><\/p>\n<p>Cie\u013e cesty ur\u010dite stoj\u00ed za to a\u00a0m\u00f4\u017eem v\u00e1m ho len odporu\u010di\u0165. Nabud\u00face sa ur\u010dite pozriem aj na to, ako sa na Jan\u010dekovu skalu dosta\u0165 inou trasou, z\u00a0druhej strany. <strong>O tom zase niekedy inokedy.<\/strong><\/p>\n","protected":false},"excerpt":{"rendered":"<p>U\u017e tu m\u00e1me pomaly koniec febru\u00e1ra a neza\u0161kod\u00ed si pre\u010d\u00edta\u0165 nejak\u00fd tip na v\u00fdlet, ktor\u00fd m\u00f4\u017eete podnikn\u00fa\u0165 hne\u010f na jar [&hellip;]<\/p>\n","protected":false},"author":81,"featured_media":9156,"comment_status":"open","ping_status":"open","sticky":false,"template":"","format":"standard","meta":{"footnotes":""},"categories":[191],"tags":[559,619,115,394,587,507,448,180,1197,417,1191,532,824,523,741,545,508,657],"global-categories":[1074],"class_list":["post-9152","post","type-post","status-publish","format-standard","has-post-thumbnail","hentry","category-odporucame","tag-bicykel","tag-bicyklovanie","tag-cestna-cyklistika","tag-cestovanie-s-bicyklom","tag-cyklochodnik","tag-cyklorodinka","tag-cyklotrasy","tag-horska-cyklistika","tag-jancekova-skala","tag-jar","tag-jazda","tag-jazdenie","tag-les","tag-slovensko","tag-tip-na-vylet","tag-trasa","tag-vylet","tag-zvierata","global-categories-cycling"],"yoast_head":"<!-- This site is optimized with the Yoast SEO Premium plugin v25.3 (Yoast SEO v25.9) - https:\/\/yoast.com\/wordpress\/plugins\/seo\/ -->\n<title>Tip na v\u00fdlet: Jan\u010dekova skala \u2013 tam, kde s\u00fa mravenisk\u00e1 vy\u0161\u0161ie ako cyklista - \u0160koda We Love Cycling Slovensko<\/title>\n<meta name=\"robots\" content=\"index, follow, max-snippet:-1, max-image-preview:large, max-video-preview:-1\" \/>\n<link rel=\"canonical\" href=\"https:\/\/www.welovecycling.com\/sk\/2020\/02\/24\/tip-na-vylet-jancekova-skala-tam-kde-su-mraveniska-vyssie-ako-cyklista\/\" \/>\n<meta property=\"og:locale\" content=\"sk_SK\" \/>\n<meta property=\"og:type\" content=\"article\" \/>\n<meta property=\"og:title\" content=\"Tip na v\u00fdlet: Jan\u010dekova skala \u2013 tam, kde s\u00fa mravenisk\u00e1 vy\u0161\u0161ie ako cyklista\" \/>\n<meta property=\"og:description\" content=\"U\u017e tu m\u00e1me pomaly koniec febru\u00e1ra a neza\u0161kod\u00ed si pre\u010d\u00edta\u0165 nejak\u00fd tip na v\u00fdlet, ktor\u00fd m\u00f4\u017eete podnikn\u00fa\u0165 hne\u010f na jar [&hellip;]\" \/>\n<meta property=\"og:url\" content=\"https:\/\/www.welovecycling.com\/sk\/2020\/02\/24\/tip-na-vylet-jancekova-skala-tam-kde-su-mraveniska-vyssie-ako-cyklista\/\" \/>\n<meta property=\"og:site_name\" content=\"\u0160koda We Love Cycling Slovensko\" \/>\n<meta property=\"article:published_time\" content=\"2020-02-24T11:12:02+00:00\" \/>\n<meta property=\"article:modified_time\" content=\"2020-02-24T13:04:37+00:00\" \/>\n<meta property=\"og:image\" content=\"https:\/\/d2p6e6u75xmxt8.cloudfront.net\/4\/2020\/01\/Skala_00.webp\" \/>\n\t<meta property=\"og:image:width\" content=\"1380\" \/>\n\t<meta property=\"og:image:height\" content=\"600\" \/>\n\t<meta property=\"og:image:type\" content=\"image\/webp\" \/>\n<meta name=\"twitter:card\" content=\"summary_large_image\" \/>\n<meta name=\"twitter:label1\" content=\"Written by\" \/>\n\t<meta name=\"twitter:data1\" content=\"Radovan Vr\u0161ka\" \/>\n\t<meta name=\"twitter:label2\" content=\"Est. reading time\" \/>\n\t<meta name=\"twitter:data2\" content=\"5\" \/>\n<script type=\"application\/ld+json\" class=\"yoast-schema-graph\">{\"@context\":\"https:\/\/schema.org\",\"@graph\":[{\"@type\":\"WebPage\",\"@id\":\"https:\/\/www.welovecycling.com\/sk\/2020\/02\/24\/tip-na-vylet-jancekova-skala-tam-kde-su-mraveniska-vyssie-ako-cyklista\/\",\"url\":\"https:\/\/www.welovecycling.com\/sk\/2020\/02\/24\/tip-na-vylet-jancekova-skala-tam-kde-su-mraveniska-vyssie-ako-cyklista\/\",\"name\":\"Tip na v\u00fdlet: Jan\u010dekova skala \u2013 tam, kde s\u00fa mravenisk\u00e1 vy\u0161\u0161ie ako cyklista - \u0160koda We Love Cycling Slovensko\",\"isPartOf\":{\"@id\":\"https:\/\/www.welovecycling.com\/sk\/#website\"},\"primaryImageOfPage\":{\"@id\":\"https:\/\/www.welovecycling.com\/sk\/2020\/02\/24\/tip-na-vylet-jancekova-skala-tam-kde-su-mraveniska-vyssie-ako-cyklista\/#primaryimage\"},\"image\":{\"@id\":\"https:\/\/www.welovecycling.com\/sk\/2020\/02\/24\/tip-na-vylet-jancekova-skala-tam-kde-su-mraveniska-vyssie-ako-cyklista\/#primaryimage\"},\"thumbnailUrl\":\"https:\/\/d2p6e6u75xmxt8.cloudfront.net\/4\/2020\/01\/Skala_00.webp\",\"datePublished\":\"2020-02-24T11:12:02+00:00\",\"dateModified\":\"2020-02-24T13:04:37+00:00\",\"author\":{\"@id\":\"\"},\"breadcrumb\":{\"@id\":\"https:\/\/www.welovecycling.com\/sk\/2020\/02\/24\/tip-na-vylet-jancekova-skala-tam-kde-su-mraveniska-vyssie-ako-cyklista\/#breadcrumb\"},\"inLanguage\":\"sk-SK\",\"potentialAction\":[{\"@type\":\"ReadAction\",\"target\":[\"https:\/\/www.welovecycling.com\/sk\/2020\/02\/24\/tip-na-vylet-jancekova-skala-tam-kde-su-mraveniska-vyssie-ako-cyklista\/\"]}]},{\"@type\":\"ImageObject\",\"inLanguage\":\"sk-SK\",\"@id\":\"https:\/\/www.welovecycling.com\/sk\/2020\/02\/24\/tip-na-vylet-jancekova-skala-tam-kde-su-mraveniska-vyssie-ako-cyklista\/#primaryimage\",\"url\":\"https:\/\/d2p6e6u75xmxt8.cloudfront.net\/4\/2020\/01\/Skala_00.webp\",\"contentUrl\":\"https:\/\/d2p6e6u75xmxt8.cloudfront.net\/4\/2020\/01\/Skala_00.webp\",\"width\":1380,\"height\":600},{\"@type\":\"BreadcrumbList\",\"@id\":\"https:\/\/www.welovecycling.com\/sk\/2020\/02\/24\/tip-na-vylet-jancekova-skala-tam-kde-su-mraveniska-vyssie-ako-cyklista\/#breadcrumb\",\"itemListElement\":[{\"@type\":\"ListItem\",\"position\":1,\"name\":\"Home\",\"item\":\"https:\/\/www.welovecycling.com\/sk\/\"},{\"@type\":\"ListItem\",\"position\":2,\"name\":\"Tip na v\u00fdlet: Jan\u010dekova skala \u2013 tam, kde s\u00fa mravenisk\u00e1 vy\u0161\u0161ie ako cyklista\"}]},{\"@type\":\"WebSite\",\"@id\":\"https:\/\/www.welovecycling.com\/sk\/#website\",\"url\":\"https:\/\/www.welovecycling.com\/sk\/\",\"name\":\"\u0160koda We Love Cycling Slovensko\",\"description\":\"\u0160koda We Love Cycling Slovensko je v\u00e1\u0161 ka\u017edodenn\u00fd zdroj noviniek a in\u0161pir\u00e1cie z sveta cyklistiky\",\"potentialAction\":[{\"@type\":\"SearchAction\",\"target\":{\"@type\":\"EntryPoint\",\"urlTemplate\":\"https:\/\/www.welovecycling.com\/sk\/?s={search_term_string}\"},\"query-input\":{\"@type\":\"PropertyValueSpecification\",\"valueRequired\":true,\"valueName\":\"search_term_string\"}}],\"inLanguage\":\"sk-SK\"},{\"@type\":\"Person\",\"@id\":\"\",\"url\":\"https:\/\/www.welovecycling.com\/sk\/author\/\"}]}<\/script>\n<!-- \/ Yoast SEO Premium plugin. -->","yoast_head_json":{"title":"Tip na v\u00fdlet: Jan\u010dekova skala \u2013 tam, kde s\u00fa mravenisk\u00e1 vy\u0161\u0161ie ako cyklista - \u0160koda We Love Cycling Slovensko","robots":{"index":"index","follow":"follow","max-snippet":"max-snippet:-1","max-image-preview":"max-image-preview:large","max-video-preview":"max-video-preview:-1"},"canonical":"https:\/\/www.welovecycling.com\/sk\/2020\/02\/24\/tip-na-vylet-jancekova-skala-tam-kde-su-mraveniska-vyssie-ako-cyklista\/","og_locale":"sk_SK","og_type":"article","og_title":"Tip na v\u00fdlet: Jan\u010dekova skala \u2013 tam, kde s\u00fa mravenisk\u00e1 vy\u0161\u0161ie ako cyklista","og_description":"U\u017e tu m\u00e1me pomaly koniec febru\u00e1ra a neza\u0161kod\u00ed si pre\u010d\u00edta\u0165 nejak\u00fd tip na v\u00fdlet, ktor\u00fd m\u00f4\u017eete podnikn\u00fa\u0165 hne\u010f na jar [&hellip;]","og_url":"https:\/\/www.welovecycling.com\/sk\/2020\/02\/24\/tip-na-vylet-jancekova-skala-tam-kde-su-mraveniska-vyssie-ako-cyklista\/","og_site_name":"\u0160koda We Love Cycling Slovensko","article_published_time":"2020-02-24T11:12:02+00:00","article_modified_time":"2020-02-24T13:04:37+00:00","og_image":[{"width":1380,"height":600,"url":"https:\/\/d2p6e6u75xmxt8.cloudfront.net\/4\/2020\/01\/Skala_00.webp","type":"image\/webp"}],"twitter_card":"summary_large_image","twitter_misc":{"Written by":"Radovan Vr\u0161ka","Est. reading time":"5"},"schema":{"@context":"https:\/\/schema.org","@graph":[{"@type":"WebPage","@id":"https:\/\/www.welovecycling.com\/sk\/2020\/02\/24\/tip-na-vylet-jancekova-skala-tam-kde-su-mraveniska-vyssie-ako-cyklista\/","url":"https:\/\/www.welovecycling.com\/sk\/2020\/02\/24\/tip-na-vylet-jancekova-skala-tam-kde-su-mraveniska-vyssie-ako-cyklista\/","name":"Tip na v\u00fdlet: Jan\u010dekova skala \u2013 tam, kde s\u00fa mravenisk\u00e1 vy\u0161\u0161ie ako cyklista - \u0160koda We Love Cycling Slovensko","isPartOf":{"@id":"https:\/\/www.welovecycling.com\/sk\/#website"},"primaryImageOfPage":{"@id":"https:\/\/www.welovecycling.com\/sk\/2020\/02\/24\/tip-na-vylet-jancekova-skala-tam-kde-su-mraveniska-vyssie-ako-cyklista\/#primaryimage"},"image":{"@id":"https:\/\/www.welovecycling.com\/sk\/2020\/02\/24\/tip-na-vylet-jancekova-skala-tam-kde-su-mraveniska-vyssie-ako-cyklista\/#primaryimage"},"thumbnailUrl":"https:\/\/d2p6e6u75xmxt8.cloudfront.net\/4\/2020\/01\/Skala_00.webp","datePublished":"2020-02-24T11:12:02+00:00","dateModified":"2020-02-24T13:04:37+00:00","author":{"@id":""},"breadcrumb":{"@id":"https:\/\/www.welovecycling.com\/sk\/2020\/02\/24\/tip-na-vylet-jancekova-skala-tam-kde-su-mraveniska-vyssie-ako-cyklista\/#breadcrumb"},"inLanguage":"sk-SK","potentialAction":[{"@type":"ReadAction","target":["https:\/\/www.welovecycling.com\/sk\/2020\/02\/24\/tip-na-vylet-jancekova-skala-tam-kde-su-mraveniska-vyssie-ako-cyklista\/"]}]},{"@type":"ImageObject","inLanguage":"sk-SK","@id":"https:\/\/www.welovecycling.com\/sk\/2020\/02\/24\/tip-na-vylet-jancekova-skala-tam-kde-su-mraveniska-vyssie-ako-cyklista\/#primaryimage","url":"https:\/\/d2p6e6u75xmxt8.cloudfront.net\/4\/2020\/01\/Skala_00.webp","contentUrl":"https:\/\/d2p6e6u75xmxt8.cloudfront.net\/4\/2020\/01\/Skala_00.webp","width":1380,"height":600},{"@type":"BreadcrumbList","@id":"https:\/\/www.welovecycling.com\/sk\/2020\/02\/24\/tip-na-vylet-jancekova-skala-tam-kde-su-mraveniska-vyssie-ako-cyklista\/#breadcrumb","itemListElement":[{"@type":"ListItem","position":1,"name":"Home","item":"https:\/\/www.welovecycling.com\/sk\/"},{"@type":"ListItem","position":2,"name":"Tip na v\u00fdlet: Jan\u010dekova skala \u2013 tam, kde s\u00fa mravenisk\u00e1 vy\u0161\u0161ie ako cyklista"}]},{"@type":"WebSite","@id":"https:\/\/www.welovecycling.com\/sk\/#website","url":"https:\/\/www.welovecycling.com\/sk\/","name":"\u0160koda We Love Cycling Slovensko","description":"\u0160koda We Love Cycling Slovensko je v\u00e1\u0161 ka\u017edodenn\u00fd zdroj noviniek a in\u0161pir\u00e1cie z sveta cyklistiky","potentialAction":[{"@type":"SearchAction","target":{"@type":"EntryPoint","urlTemplate":"https:\/\/www.welovecycling.com\/sk\/?s={search_term_string}"},"query-input":{"@type":"PropertyValueSpecification","valueRequired":true,"valueName":"search_term_string"}}],"inLanguage":"sk-SK"},{"@type":"Person","@id":"","url":"https:\/\/www.welovecycling.com\/sk\/author\/"}]}},"_links":{"self":[{"href":"https:\/\/www.welovecycling.com\/sk\/wp-json\/wp\/v2\/posts\/9152","targetHints":{"allow":["GET"]}}],"collection":[{"href":"https:\/\/www.welovecycling.com\/sk\/wp-json\/wp\/v2\/posts"}],"about":[{"href":"https:\/\/www.welovecycling.com\/sk\/wp-json\/wp\/v2\/types\/post"}],"author":[{"embeddable":true,"href":"https:\/\/www.welovecycling.com\/sk\/wp-json\/wp\/v2\/users\/81"}],"replies":[{"embeddable":true,"href":"https:\/\/www.welovecycling.com\/sk\/wp-json\/wp\/v2\/comments?post=9152"}],"version-history":[{"count":2,"href":"https:\/\/www.welovecycling.com\/sk\/wp-json\/wp\/v2\/posts\/9152\/revisions"}],"predecessor-version":[{"id":9355,"href":"https:\/\/www.welovecycling.com\/sk\/wp-json\/wp\/v2\/posts\/9152\/revisions\/9355"}],"wp:featuredmedia":[{"embeddable":true,"href":"https:\/\/www.welovecycling.com\/sk\/wp-json\/wp\/v2\/media\/9156"}],"wp:attachment":[{"href":"https:\/\/www.welovecycling.com\/sk\/wp-json\/wp\/v2\/media?parent=9152"}],"wp:term":[{"taxonomy":"category","embeddable":true,"href":"https:\/\/www.welovecycling.com\/sk\/wp-json\/wp\/v2\/categories?post=9152"},{"taxonomy":"post_tag","embeddable":true,"href":"https:\/\/www.welovecycling.com\/sk\/wp-json\/wp\/v2\/tags?post=9152"},{"taxonomy":"global-categories","embeddable":true,"href":"https:\/\/www.welovecycling.com\/sk\/wp-json\/wp\/v2\/global-categories?post=9152"}],"curies":[{"name":"wp","href":"https:\/\/api.w.org\/{rel}","templated":true}]}}