{"id":9129,"date":"2020-01-24T08:27:01","date_gmt":"2020-01-24T07:27:01","guid":{"rendered":"https:\/\/www.welovecycling.com\/sk\/?p=9129"},"modified":"2020-01-23T14:27:16","modified_gmt":"2020-01-23T13:27:16","slug":"sninske-singletracky-trailovacka-na-vychode-slovenska","status":"publish","type":"post","link":"https:\/\/www.welovecycling.com\/sk\/2020\/01\/24\/sninske-singletracky-trailovacka-na-vychode-slovenska\/","title":{"rendered":"Sninsk\u00e9 singletracky &#8211; \u201etrailova\u010dka\u201c na v\u00fdchode Slovenska"},"content":{"rendered":"<p><strong>Okres Snina na v\u00fdchodnom Slovensku pon\u00faka pre cyklistov mno\u017estvo tr\u00e1s. \u010ci u\u017e ste milovn\u00edkom cestnej cyklistiky, horsk\u00e9ho alebo enduro jazdenia, tak v\u00a0tejto \u010dasti na\u0161ej krajiny si n\u00e1jdete to svoje. Porozpr\u00e1vali sme sa s\u00a0Tiborom, ktor\u00fd riadi projekt Sninsk\u00fdch singletrackov. Prezradil n\u00e1m ich ciele, probl\u00e9my, s\u00a0ktor\u00fdmi sa stret\u00e1vaj\u00fa a\u00a0pribl\u00ed\u017eil n\u00e1m tento kraj. Pozrime sa teda bli\u017e\u0161ie na Sninu a\u00a0ich singletracky.<\/strong><!--more--><\/p>\n<p><img loading=\"lazy\" decoding=\"async\" src=\"https:\/\/d2p6e6u75xmxt8.cloudfront.net\/4\/2020\/01\/Snina_09-1920x569.jpg\" alt=\"\" width=\"1920\" height=\"569\" class=\"alignnone size-extra-large wp-image-9141\" \/><\/p>\n<p><strong>Predstavte sa n\u00e1m! Kto alebo \u010do tvor\u00ed Sninsk\u00e9 singletracky? Ko\u013eko \u013eud\u00ed je zaanga\u017eovan\u00fdch do tohto projektu?<\/strong><br \/>\n<em>Sninsk\u00e9 singletracky tvor\u00ed partia mlad\u00fdch nad\u0161encov horskej cyklistiky, ktor\u00ed si chc\u00fa pribl\u00ed\u017ei\u0165 nejak\u00fd ten flow z\u00e1\u017eitok aj doma. V\u00a0projekte je zaanga\u017eovan\u00fdch akt\u00edvne 5 \u013eud\u00ed a je to \u010dasto dos\u0165 n\u00e1ro\u010dn\u00e9.<\/em><\/p>\n<p><strong>Ako a kedy vznikli Sninsk\u00e9 singletracky?<\/strong><br \/>\n<em>Singletracky vznikli celkom nevinne. Zo za\u010diatku to bol len oby\u010dajn\u00fd chodn\u00edk v\u00a0lese, po ktorom jazdil ok\u013eukou do pr\u00e1ce n\u00e1\u0161 kolega. Nesk\u00f4r do toho sk\u00fasil zakomponova\u0165 nejak\u00e9 serpent\u00edny, potom ma oslovil a\u00a0vtedy vznikol tento \u00fa\u017easn\u00fd n\u00e1pad. Ja som oslovil aj ostatn\u00fdch a bolo n\u00e1s na za\u010diatku cca 20 \u013eud\u00ed. Dali sme hlavy dokopy, k\u00fapili sme motyky, sekery, lopaty a\u00a0i\u0161li sme na vec. Zo za\u010diatku sme museli pochopi\u0165 nejak\u00e9 z\u00e1kladn\u00e9 pravidl\u00e1 pri v\u00fdstavbe, aby to d\u00e1valo zmysel. Postavili sme prv\u00fd skok, prv\u00fa klopenku a\u00a0hne\u010f sme to testovali, aby sme vedeli vychyta\u0165 muchy. Nesk\u00f4r sme si dali n\u00e1radie na riadidl\u00e1 a\u00a0u\u017eili sme si aspo\u0148 t\u00fdch p\u00e1r metrov, na ktor\u00e9 sme boli tak\u00ed py\u0161n\u00ed. Odlo\u017eili sme n\u00e1radie a\u00a0i\u0161li sme na pivo diskutova\u0165 o\u00a0na\u0161ich pl\u00e1noch do bud\u00facna. Inak singletracky vznikli za\u010diatkom leta 2017.<\/em><\/p>\n<p><strong>Prid\u00e1vali ste postupne do va\u0161ej \u010dinnosti aj \u010fal\u0161ie aktivity? Alebo ste ostali hlavne pri tvorbe trailov?<\/strong><br \/>\n<em>Zo za\u010diatku sme sa hlavne s\u00fastredili na tvorbu trailov. Nesk\u00f4r sme spolo\u010dne jazdili aj do in\u00fdch podobne vybudovan\u00fdch stred\u00edsk a\u00a0\u010derpali sme in\u0161pir\u00e1ciu ako \u010do vylep\u0161i\u0165, ako spr\u00e1vne stava\u0165, aby tam bol ten flow z\u00e1\u017eitok \u010do najv\u00e4\u010d\u0161\u00ed. Nesk\u00f4r sme si vytla\u010dili p\u00e1r n\u00e1lepiek a\u00a0sna\u017eili sme sa, aby si n\u00e1s niekto v\u0161imol, potom nasledovala aj <a href=\"https:\/\/www.facebook.com\/sninskesingetracky\/\" rel=\"noopener\" target=\"_blank\">FB str\u00e1nka<\/a>.<\/em><\/p>\n<div id='gallery-1' class='gallery galleryid-9129 gallery-columns-2 gallery-size-full'><figure class='gallery-item'>\n\t\t\t<div class='gallery-icon landscape'>\n\t\t\t\t<a href='https:\/\/d2p6e6u75xmxt8.cloudfront.net\/4\/2020\/01\/Snina_02.webp'><img loading=\"lazy\" decoding=\"async\" width=\"1200\" height=\"800\" src=\"https:\/\/d2p6e6u75xmxt8.cloudfront.net\/4\/2020\/01\/Snina_02.webp\" class=\"attachment-full size-full\" alt=\"\" srcset=\"https:\/\/d2p6e6u75xmxt8.cloudfront.net\/4\/2020\/01\/Snina_02.webp 1200w, https:\/\/d2p6e6u75xmxt8.cloudfront.net\/4\/2020\/01\/Snina_02-300x200.webp 300w, https:\/\/d2p6e6u75xmxt8.cloudfront.net\/4\/2020\/01\/Snina_02-1024x683.webp 1024w, https:\/\/d2p6e6u75xmxt8.cloudfront.net\/4\/2020\/01\/Snina_02-768x512.webp 768w, https:\/\/d2p6e6u75xmxt8.cloudfront.net\/4\/2020\/01\/Snina_02-272x182.webp 272w\" sizes=\"auto, (max-width: 1200px) 100vw, 1200px\" \/><\/a>\n\t\t\t<\/div><\/figure><figure class='gallery-item'>\n\t\t\t<div class='gallery-icon landscape'>\n\t\t\t\t<a href='https:\/\/d2p6e6u75xmxt8.cloudfront.net\/4\/2020\/01\/Snina_01.webp'><img loading=\"lazy\" decoding=\"async\" width=\"1200\" height=\"800\" src=\"https:\/\/d2p6e6u75xmxt8.cloudfront.net\/4\/2020\/01\/Snina_01.webp\" class=\"attachment-full size-full\" alt=\"\" srcset=\"https:\/\/d2p6e6u75xmxt8.cloudfront.net\/4\/2020\/01\/Snina_01.webp 1200w, https:\/\/d2p6e6u75xmxt8.cloudfront.net\/4\/2020\/01\/Snina_01-300x200.webp 300w, https:\/\/d2p6e6u75xmxt8.cloudfront.net\/4\/2020\/01\/Snina_01-1024x683.webp 1024w, https:\/\/d2p6e6u75xmxt8.cloudfront.net\/4\/2020\/01\/Snina_01-768x512.webp 768w, https:\/\/d2p6e6u75xmxt8.cloudfront.net\/4\/2020\/01\/Snina_01-272x182.webp 272w\" sizes=\"auto, (max-width: 1200px) 100vw, 1200px\" \/><\/a>\n\t\t\t<\/div><\/figure>\n\t\t<\/div>\n\n<p><strong>Mnoh\u00ed maj\u00fa pri v\u00fdstavbe a\u00a0udr\u017eiavan\u00ed trailov mnoh\u00e9 probl\u00e9my. Mysl\u00edm, \u017ee vy nebudete v\u00fdnimkou. Je tomu tak?<\/strong><br \/>\n<em>\u00c1no, je to tak st\u00e1le. N\u00e1jdu sa nejak\u00ed \u013eudia, ktor\u00fdm to prek\u00e1\u017ea. Adresovali na n\u00e1s nepekn\u00e9 vyhr\u00e1\u017eky, st\u00e1le n\u00e1m mizlo n\u00e1radie a\u00a0s\u00fastavne boli po\u0161kodzovan\u00e9 traily. Ne\u010faleko bola \u0165a\u017eba dreva a\u00a0samozrejme ako to b\u00fdva zvykom, tak my tam nem\u00e1me \u010do robi\u0165. Rozh\u00e1dzan\u00e9 \u0161pendl\u00edky po traile sme brali po \u010dase ako samozrejmos\u0165. Zrezan\u00e9 stromy na novopostavenej klopenke tie\u017e, ale na s\u00fastavne ni\u010denie na\u0161ej pr\u00e1ce \u0165a\u017ekou technikou priamo pred nami a s\u00a0\u00fasmevom na tv\u00e1ri, tak to to u\u017e bolo ve\u013emi demotivuj\u00face.<\/em><\/p>\n<p><strong>Ak\u00e9 projekty m\u00e1te v\u00a0s\u00fa\u010dasnosti rozbehnut\u00e9?<\/strong><br \/>\n<em>Na jar sa chyst\u00e1me prepoji\u0165 dva traily, pomocou ktor\u00fdch vznikne 4,5 km okruh, ktor\u00fd bude sp\u00e1ja\u0165 trail s\u00a0nulov\u00fdm st\u00fapan\u00edm. Pekn\u00e1 maka\u010dka do kopca, perfektn\u00fd v\u00fdh\u013ead na mesto Snina pri osvie\u017euj\u00facej studni\u010dke vo v\u00fd\u0161ke 533 m.n.m. a\u00a0 flow trail dole ako odmenu za maka\u010dku hore. Samozrejme sme to spravili tak, aby sa n\u00e1ro\u010dnos\u0165 trailu zvy\u0161ovala. Za\u010diato\u010dn\u00edci a\u00a0taktie\u017e aj \u201emaka\u010di\u201c si pr\u00eddu na svoje.<\/em><\/p>\n<p><strong>Ak\u00e9 akcie ste u\u017e zvl\u00e1dli a\u00a0na\u010do ste skuto\u010dne hrd\u00ed?<\/strong><br \/>\n<em>Sninsk\u00e9 singletracky s\u00fa s\u00fa\u010das\u0165ou MTB marat\u00f3nu \u201cCez I\u013eovnicky hrebe\u0148\u201d, ktor\u00e9 organizuje ob\u010dianske zdru\u017eenie Laboreck\u00e1 MTB z Humenn\u00e9ho. Po na\u0161ich singletrackoch vedie najdlh\u0161ia tra\u0165, ktor\u00e1 cez I\u013eovn\u00edcky hrebe\u0148 sp\u00e1ja okresn\u00e9 mest\u00e1 Humenn\u00e9 a Sninu. Singletracky s\u00fa ob\u013e\u00fabenou lokalitou, preto s\u00fa aj miestom, kde sa odohr\u00e1va ukon\u010denie cyklistickej sez\u00f3ny. Som hrd\u00fd na to, \u017ee Sninsk\u00e9 singletracky sa stali zauj\u00edmav\u00fdmi pre region\u00e1lnych cyklistov.<\/em><\/p>\n<div id='gallery-2' class='gallery galleryid-9129 gallery-columns-2 gallery-size-full'><figure class='gallery-item'>\n\t\t\t<div class='gallery-icon landscape'>\n\t\t\t\t<a href='https:\/\/d2p6e6u75xmxt8.cloudfront.net\/4\/2020\/01\/Snina_03.webp'><img loading=\"lazy\" decoding=\"async\" width=\"1200\" height=\"800\" src=\"https:\/\/d2p6e6u75xmxt8.cloudfront.net\/4\/2020\/01\/Snina_03.webp\" class=\"attachment-full size-full\" alt=\"\" srcset=\"https:\/\/d2p6e6u75xmxt8.cloudfront.net\/4\/2020\/01\/Snina_03.webp 1200w, https:\/\/d2p6e6u75xmxt8.cloudfront.net\/4\/2020\/01\/Snina_03-300x200.webp 300w, https:\/\/d2p6e6u75xmxt8.cloudfront.net\/4\/2020\/01\/Snina_03-1024x683.webp 1024w, https:\/\/d2p6e6u75xmxt8.cloudfront.net\/4\/2020\/01\/Snina_03-768x512.webp 768w, https:\/\/d2p6e6u75xmxt8.cloudfront.net\/4\/2020\/01\/Snina_03-272x182.webp 272w\" sizes=\"auto, (max-width: 1200px) 100vw, 1200px\" \/><\/a>\n\t\t\t<\/div><\/figure><figure class='gallery-item'>\n\t\t\t<div class='gallery-icon landscape'>\n\t\t\t\t<a href='https:\/\/d2p6e6u75xmxt8.cloudfront.net\/4\/2020\/01\/Snina_04.webp'><img loading=\"lazy\" decoding=\"async\" width=\"1200\" height=\"800\" src=\"https:\/\/d2p6e6u75xmxt8.cloudfront.net\/4\/2020\/01\/Snina_04.webp\" class=\"attachment-full size-full\" alt=\"\" srcset=\"https:\/\/d2p6e6u75xmxt8.cloudfront.net\/4\/2020\/01\/Snina_04.webp 1200w, https:\/\/d2p6e6u75xmxt8.cloudfront.net\/4\/2020\/01\/Snina_04-300x200.webp 300w, https:\/\/d2p6e6u75xmxt8.cloudfront.net\/4\/2020\/01\/Snina_04-1024x683.webp 1024w, https:\/\/d2p6e6u75xmxt8.cloudfront.net\/4\/2020\/01\/Snina_04-768x512.webp 768w, https:\/\/d2p6e6u75xmxt8.cloudfront.net\/4\/2020\/01\/Snina_04-272x182.webp 272w\" sizes=\"auto, (max-width: 1200px) 100vw, 1200px\" \/><\/a>\n\t\t\t<\/div><\/figure>\n\t\t<\/div>\n\n<p><strong>M\u00e1te nie\u010do v\u00a0pl\u00e1ne na nasleduj\u00face roky? Nejak\u00e9 ciele, pl\u00e1ny \u010di projekty?<\/strong><br \/>\n<em>Chceli by sme zalo\u017ei\u0165 OZ a taktie\u017e roz\u0161\u00edri\u0165 sie\u0165 singletrackov, zlep\u0161i\u0165 zna\u010denie chodn\u00edkov.<\/em><\/p>\n<p><strong>Ak\u00e9 s\u00fa pod\u013ea v\u00e1s najv\u00e4\u010d\u0161ie probl\u00e9my pri v\u00fdstavbe tak\u00fdchto trat\u00ed na Slovensku?<\/strong><br \/>\n<em>Najv\u00e4\u010d\u0161\u00ed probl\u00e9m je legaliz\u00e1cia trat\u00ed a\u00a0vybavovanie potrebn\u00fdch povolen\u00ed. S\u00fa to stra\u0161n\u00e9 \u201epapierova\u010dky\u201c.<\/em><\/p>\n<p><strong>Sninsk\u00e9 singletracky maj\u00fa v\u00a0n\u00e1zve aj meno okresn\u00e9ho mesta. Spolupracujete aj s\u00a0mestsk\u00fdm \u00faradom?<\/strong><br \/>\n<em>Zatia\u013e nie. Ale chceme zalo\u017ei\u0165 Ob\u010dianske zdru\u017eenie a\u00a0uvid\u00edme, ako sa k\u00a0tomu mesto postav\u00ed. Ur\u010dite by sme sa chceli o\u00a0tomto porozpr\u00e1va\u0165 s\u00a0veden\u00edm mesta.<\/em><\/p>\n<p><strong>Kde presne sa nach\u00e1dzaj\u00fa Sninsk\u00e9 singletracky?<\/strong><br \/>\n<em>Sninsk\u00e9 singletracky sa nach\u00e1dzaj\u00fa na okraji mesta, v\u00a0lokalite Bramhora na kopci Patria. Odtia\u013eto sa d\u00e1 dosta\u0165 po udr\u017eiavanom chodn\u00edku a\u017e do Humenn\u00e9ho.<\/em><\/p>\n<div id='gallery-3' class='gallery galleryid-9129 gallery-columns-2 gallery-size-full'><figure class='gallery-item'>\n\t\t\t<div class='gallery-icon landscape'>\n\t\t\t\t<a href='https:\/\/d2p6e6u75xmxt8.cloudfront.net\/4\/2020\/01\/Snina_05.webp'><img loading=\"lazy\" decoding=\"async\" width=\"1200\" height=\"800\" src=\"https:\/\/d2p6e6u75xmxt8.cloudfront.net\/4\/2020\/01\/Snina_05.webp\" class=\"attachment-full size-full\" alt=\"\" srcset=\"https:\/\/d2p6e6u75xmxt8.cloudfront.net\/4\/2020\/01\/Snina_05.webp 1200w, https:\/\/d2p6e6u75xmxt8.cloudfront.net\/4\/2020\/01\/Snina_05-300x200.webp 300w, https:\/\/d2p6e6u75xmxt8.cloudfront.net\/4\/2020\/01\/Snina_05-1024x683.webp 1024w, https:\/\/d2p6e6u75xmxt8.cloudfront.net\/4\/2020\/01\/Snina_05-768x512.webp 768w, https:\/\/d2p6e6u75xmxt8.cloudfront.net\/4\/2020\/01\/Snina_05-272x182.webp 272w\" sizes=\"auto, (max-width: 1200px) 100vw, 1200px\" \/><\/a>\n\t\t\t<\/div><\/figure><figure class='gallery-item'>\n\t\t\t<div class='gallery-icon landscape'>\n\t\t\t\t<a href='https:\/\/d2p6e6u75xmxt8.cloudfront.net\/4\/2020\/01\/Snina_06.webp'><img loading=\"lazy\" decoding=\"async\" width=\"1200\" height=\"800\" src=\"https:\/\/d2p6e6u75xmxt8.cloudfront.net\/4\/2020\/01\/Snina_06.webp\" class=\"attachment-full size-full\" alt=\"\" srcset=\"https:\/\/d2p6e6u75xmxt8.cloudfront.net\/4\/2020\/01\/Snina_06.webp 1200w, https:\/\/d2p6e6u75xmxt8.cloudfront.net\/4\/2020\/01\/Snina_06-300x200.webp 300w, https:\/\/d2p6e6u75xmxt8.cloudfront.net\/4\/2020\/01\/Snina_06-1024x683.webp 1024w, https:\/\/d2p6e6u75xmxt8.cloudfront.net\/4\/2020\/01\/Snina_06-768x512.webp 768w, https:\/\/d2p6e6u75xmxt8.cloudfront.net\/4\/2020\/01\/Snina_06-272x182.webp 272w\" sizes=\"auto, (max-width: 1200px) 100vw, 1200px\" \/><\/a>\n\t\t\t<\/div><\/figure>\n\t\t<\/div>\n\n<p><strong>Na \u010do by ste nal\u00e1kali cyklistov zo stredn\u00e9ho \u010di z\u00e1padn\u00e9ho Slovenska, aby str\u00e1vili v\u00edkend v\u00a0regi\u00f3ne Snina?<\/strong><br \/>\n<em>T\u00ed, ktor\u00ed by zav\u00edtali k\u00a0n\u00e1m by sa nemuseli ob\u00e1va\u0165, \u017ee sa bud\u00fa nudi\u0165. Okrem singletrackov tu m\u00e1me aj Sninsk\u00fd kame\u0148, z\u00a0ktor\u00e9ho je perfektn\u00fd kamenist\u00fd zjazd do obce Zempl\u00ednske H\u00e1mre. Na v\u00fdber s\u00fa 2 trate. Obe s\u00fa tro\u0161ka n\u00e1ro\u010dnej\u0161ie, l\u00ed\u0161ia sa hlavne sklonom, v\u00a0ktorom je medzi nimi extr\u00e9mny rozdiel. Je tu aj Morsk\u00e9 oko, ku ktor\u00e9mu vedie taktie\u017e perfektn\u00fd kamenist\u00fd zjazd\u00edk. Okolo Morsk\u00e9ho oka je uroben\u00fd chodn\u00edk, na ktorom si precvi\u010d\u00edte stabilitu. Je toti\u017e dos\u0165 \u00fazky a\u00a0p\u00e1r centimetrov v\u00e1s del\u00ed od k\u00fape\u013ea v\u00a0tomto horskom jazere. A\u00a0nem\u00f4\u017eem nespomen\u00fa\u0165 Vihorlat, ktor\u00fd u\u017e asi v\u00e4\u010d\u0161ina pozn\u00e1. Pon\u00faka zmes podkladov a\u00a0je v\u00fdborne zna\u010den\u00fd. Mysl\u00edm si, \u017ee na z\u00e1\u017eitok, ktor\u00fd za\u017eijete, ke\u010f si spoj\u00edte Sninsk\u00fd kame\u0148, Morsk\u00e9 oko a\u00a0Vihorlat len tak r\u00fdchlo nezabudnete. Mohol by som menova\u0165 aj ove\u013ea viac lokal\u00edt, ktor\u00e9 stoja za n\u00e1v\u0161tevu. Ale \u010d\u00edtali by ste to cel\u00fd de\u0148.<\/em><\/p>\n<div id='gallery-4' class='gallery galleryid-9129 gallery-columns-2 gallery-size-full'><figure class='gallery-item'>\n\t\t\t<div class='gallery-icon landscape'>\n\t\t\t\t<a href='https:\/\/d2p6e6u75xmxt8.cloudfront.net\/4\/2020\/01\/Snina_15.webp'><img loading=\"lazy\" decoding=\"async\" width=\"1200\" height=\"800\" src=\"https:\/\/d2p6e6u75xmxt8.cloudfront.net\/4\/2020\/01\/Snina_15.webp\" class=\"attachment-full size-full\" alt=\"\" srcset=\"https:\/\/d2p6e6u75xmxt8.cloudfront.net\/4\/2020\/01\/Snina_15.webp 1200w, https:\/\/d2p6e6u75xmxt8.cloudfront.net\/4\/2020\/01\/Snina_15-300x200.webp 300w, https:\/\/d2p6e6u75xmxt8.cloudfront.net\/4\/2020\/01\/Snina_15-1024x683.webp 1024w, https:\/\/d2p6e6u75xmxt8.cloudfront.net\/4\/2020\/01\/Snina_15-768x512.webp 768w, https:\/\/d2p6e6u75xmxt8.cloudfront.net\/4\/2020\/01\/Snina_15-272x182.webp 272w\" sizes=\"auto, (max-width: 1200px) 100vw, 1200px\" \/><\/a>\n\t\t\t<\/div><\/figure><figure class='gallery-item'>\n\t\t\t<div class='gallery-icon landscape'>\n\t\t\t\t<a href='https:\/\/d2p6e6u75xmxt8.cloudfront.net\/4\/2020\/01\/snina_07.webp'><img loading=\"lazy\" decoding=\"async\" width=\"1200\" height=\"800\" src=\"https:\/\/d2p6e6u75xmxt8.cloudfront.net\/4\/2020\/01\/snina_07.webp\" class=\"attachment-full size-full\" alt=\"\" srcset=\"https:\/\/d2p6e6u75xmxt8.cloudfront.net\/4\/2020\/01\/snina_07.webp 1200w, https:\/\/d2p6e6u75xmxt8.cloudfront.net\/4\/2020\/01\/snina_07-300x200.webp 300w, https:\/\/d2p6e6u75xmxt8.cloudfront.net\/4\/2020\/01\/snina_07-1024x683.webp 1024w, https:\/\/d2p6e6u75xmxt8.cloudfront.net\/4\/2020\/01\/snina_07-768x512.webp 768w, https:\/\/d2p6e6u75xmxt8.cloudfront.net\/4\/2020\/01\/snina_07-272x182.webp 272w\" sizes=\"auto, (max-width: 1200px) 100vw, 1200px\" \/><\/a>\n\t\t\t<\/div><\/figure>\n\t\t<\/div>\n\n<p><strong>Poznaj\u00fa bikeri Sninsk\u00e9 singletracky?<\/strong><br \/>\n<em>Ke\u010f ide o\u00a0okres Snina alebo Humenn\u00e9, tak \u00e1no. \u010ealej na z\u00e1pad o\u00a0n\u00e1s ve\u013emi nepo\u010duj\u00fa, ale mali sme tu n\u00e1v\u0161tevy aj z\u00a0Ko\u0161\u00edc, Pre\u0161ova \u010di Bratislavy. St\u00e1le sa n\u00e1jde nejak\u00fd nov\u00fd n\u00e1v\u0161tevn\u00edk.<\/em><\/p>\n<p><strong>Kde m\u00f4\u017eeme n\u00e1js\u0165 viac inform\u00e1ci\u00ed o\u00a0pripravovan\u00fdch akci\u00e1ch, projektoch \u010di v\u00fdjazdoch?<\/strong><br \/>\nZatia\u013e m\u00e1me <a href=\"https:\/\/www.facebook.com\/sninskesingetracky\/\" rel=\"noopener\" target=\"_blank\">FB str\u00e1nku Sninsk\u00e9 singletracky<\/a> a n\u00e1jdete n\u00e1s aj na Google maps.<\/p>\n<p><strong>Ak by sa nejak\u00fd z\u00a0na\u0161ich \u010ditate\u013eov chcel aj akt\u00edvne podie\u013ea\u0165 na pomoci, ako v\u00e1m m\u00f4\u017ee pom\u00f4c\u0165?<\/strong><br \/>\n<em>Po\u010das sez\u00f3ny organizujeme brig\u00e1dy a\u00a0boli by sme radi, ak by sme prijali nov\u00e9ho \u010dlena, ktor\u00fd by priniesol medzi n\u00e1s nov\u00fa pozit\u00edvnu energiu a\u00a0nov\u00e9 n\u00e1pady. Taktie\u017e n\u00e1s m\u00f4\u017eete podpori\u0165 aj mal\u00fdm pe\u0148a\u017en\u00fdm pr\u00edspevkom, z\u00a0ktor\u00e9ho nak\u00fapime n\u00e1radie na v\u00fdstavbu a\u00a0\u00fadr\u017ebu trailov. A\u00a0dos\u0165 n\u00e1m pom\u00f4\u017eete aj to, \u017ee si pr\u00eddete zajazdi\u0165 a\u00a0t\u00fdm vyjazd\u00edte podklad, ktor\u00fd bude pevnej\u0161\u00ed.<\/em><\/p>\n<div id='gallery-5' class='gallery galleryid-9129 gallery-columns-2 gallery-size-full'><figure class='gallery-item'>\n\t\t\t<div class='gallery-icon landscape'>\n\t\t\t\t<a href='https:\/\/d2p6e6u75xmxt8.cloudfront.net\/4\/2020\/01\/Snina_10.webp'><img loading=\"lazy\" decoding=\"async\" width=\"1200\" height=\"800\" src=\"https:\/\/d2p6e6u75xmxt8.cloudfront.net\/4\/2020\/01\/Snina_10.webp\" class=\"attachment-full size-full\" alt=\"\" srcset=\"https:\/\/d2p6e6u75xmxt8.cloudfront.net\/4\/2020\/01\/Snina_10.webp 1200w, https:\/\/d2p6e6u75xmxt8.cloudfront.net\/4\/2020\/01\/Snina_10-300x200.webp 300w, https:\/\/d2p6e6u75xmxt8.cloudfront.net\/4\/2020\/01\/Snina_10-1024x683.webp 1024w, https:\/\/d2p6e6u75xmxt8.cloudfront.net\/4\/2020\/01\/Snina_10-768x512.webp 768w, https:\/\/d2p6e6u75xmxt8.cloudfront.net\/4\/2020\/01\/Snina_10-272x182.webp 272w\" sizes=\"auto, (max-width: 1200px) 100vw, 1200px\" \/><\/a>\n\t\t\t<\/div><\/figure><figure class='gallery-item'>\n\t\t\t<div class='gallery-icon landscape'>\n\t\t\t\t<a href='https:\/\/d2p6e6u75xmxt8.cloudfront.net\/4\/2020\/01\/Snina_11.webp'><img loading=\"lazy\" decoding=\"async\" width=\"1200\" height=\"800\" src=\"https:\/\/d2p6e6u75xmxt8.cloudfront.net\/4\/2020\/01\/Snina_11.webp\" class=\"attachment-full size-full\" alt=\"\" srcset=\"https:\/\/d2p6e6u75xmxt8.cloudfront.net\/4\/2020\/01\/Snina_11.webp 1200w, https:\/\/d2p6e6u75xmxt8.cloudfront.net\/4\/2020\/01\/Snina_11-300x200.webp 300w, https:\/\/d2p6e6u75xmxt8.cloudfront.net\/4\/2020\/01\/Snina_11-1024x683.webp 1024w, https:\/\/d2p6e6u75xmxt8.cloudfront.net\/4\/2020\/01\/Snina_11-768x512.webp 768w, https:\/\/d2p6e6u75xmxt8.cloudfront.net\/4\/2020\/01\/Snina_11-272x182.webp 272w\" sizes=\"auto, (max-width: 1200px) 100vw, 1200px\" \/><\/a>\n\t\t\t<\/div><\/figure>\n\t\t<\/div>\n\n<p><strong>Na z\u00e1ver osobnej\u0161ia ot\u00e1zka na teba Tibor. \u010c\u00edm ti u\u010darovala cyklistika? Ako dlho sa jej venuje\u0161? Ak\u00e9 discipl\u00edny jazd\u00ed\u0161?<\/strong><br \/>\n<em>Cyklistika ma oslovila svojou energiou, ktor\u00e1 na m\u0148a hne\u010f zap\u00f4sobila. Jazd\u00edm a\u00a0servisujem bicykle od mali\u010dka, ale v\u00e1\u017enej\u0161ie som sa za\u010dal tomu venova\u0165 4,5 roka dozadu. Preva\u017ene jazd\u00edm enduro.<\/em><\/p>\n<p>My \u010fakujeme Tiborovi za poskytnutie rozhovoru a\u00a0<strong>prajeme Sninsk\u00fdm singletrackom \u010do najviac n\u00e1v\u0161tevn\u00edkov na ich trailoch<\/strong>.<\/p>\n<p>(zdroj fotografi\u00ed: Sninsk\u00e9 singletracky)<\/p>\n","protected":false},"excerpt":{"rendered":"<p>Okres Snina na v\u00fdchodnom Slovensku pon\u00faka pre cyklistov mno\u017estvo tr\u00e1s. \u010ci u\u017e ste milovn\u00edkom cestnej cyklistiky, horsk\u00e9ho alebo enduro jazdenia, [&hellip;]<\/p>\n","protected":false},"author":81,"featured_media":9130,"comment_status":"open","ping_status":"open","sticky":false,"template":"","format":"standard","meta":{"footnotes":""},"categories":[3],"tags":[896,180,824,767,412,1001,793,1140,239,1109,237,55,1117,623,594,848],"global-categories":[1074],"class_list":["post-9129","post","type-post","status-publish","format-standard","has-post-thumbnail","hentry","category-mtb","tag-enduro","tag-horska-cyklistika","tag-les","tag-motivacia","tag-mtb","tag-obcianske-zdruzenie","tag-planovanie","tag-prekazky","tag-singletrail","tag-stupanie","tag-trail","tag-trening","tag-zazitok","tag-zdravy-zivotny-styl","tag-zivot","tag-zivotny-styl","global-categories-cycling"],"yoast_head":"<!-- This site is optimized with the Yoast SEO Premium plugin v25.3 (Yoast SEO v25.9) - https:\/\/yoast.com\/wordpress\/plugins\/seo\/ -->\n<title>Sninsk\u00e9 singletracky - \u201etrailova\u010dka\u201c na v\u00fdchode Slovenska - \u0160koda We Love Cycling Slovensko<\/title>\n<meta name=\"robots\" content=\"index, follow, max-snippet:-1, max-image-preview:large, max-video-preview:-1\" \/>\n<link rel=\"canonical\" href=\"https:\/\/www.welovecycling.com\/sk\/2020\/01\/24\/sninske-singletracky-trailovacka-na-vychode-slovenska\/\" \/>\n<meta property=\"og:locale\" content=\"sk_SK\" \/>\n<meta property=\"og:type\" content=\"article\" \/>\n<meta property=\"og:title\" content=\"Sninsk\u00e9 singletracky - \u201etrailova\u010dka\u201c na v\u00fdchode Slovenska\" \/>\n<meta property=\"og:description\" content=\"Okres Snina na v\u00fdchodnom Slovensku pon\u00faka pre cyklistov mno\u017estvo tr\u00e1s. \u010ci u\u017e ste milovn\u00edkom cestnej cyklistiky, horsk\u00e9ho alebo enduro jazdenia, [&hellip;]\" \/>\n<meta property=\"og:url\" content=\"https:\/\/www.welovecycling.com\/sk\/2020\/01\/24\/sninske-singletracky-trailovacka-na-vychode-slovenska\/\" \/>\n<meta property=\"og:site_name\" content=\"\u0160koda We Love Cycling Slovensko\" \/>\n<meta property=\"article:published_time\" content=\"2020-01-24T07:27:01+00:00\" \/>\n<meta property=\"og:image\" content=\"https:\/\/d2p6e6u75xmxt8.cloudfront.net\/4\/2020\/01\/snina_titulka.webp\" \/>\n\t<meta property=\"og:image:width\" content=\"1380\" \/>\n\t<meta property=\"og:image:height\" content=\"600\" \/>\n\t<meta property=\"og:image:type\" content=\"image\/webp\" \/>\n<meta name=\"twitter:card\" content=\"summary_large_image\" \/>\n<meta name=\"twitter:label1\" content=\"Written by\" \/>\n\t<meta name=\"twitter:data1\" content=\"WeLoveCycling\" \/>\n\t<meta name=\"twitter:label2\" content=\"Est. reading time\" \/>\n\t<meta name=\"twitter:data2\" content=\"8\" \/>\n<script type=\"application\/ld+json\" class=\"yoast-schema-graph\">{\"@context\":\"https:\/\/schema.org\",\"@graph\":[{\"@type\":\"WebPage\",\"@id\":\"https:\/\/www.welovecycling.com\/sk\/2020\/01\/24\/sninske-singletracky-trailovacka-na-vychode-slovenska\/\",\"url\":\"https:\/\/www.welovecycling.com\/sk\/2020\/01\/24\/sninske-singletracky-trailovacka-na-vychode-slovenska\/\",\"name\":\"Sninsk\u00e9 singletracky - \u201etrailova\u010dka\u201c na v\u00fdchode Slovenska - \u0160koda We Love Cycling Slovensko\",\"isPartOf\":{\"@id\":\"https:\/\/www.welovecycling.com\/sk\/#website\"},\"primaryImageOfPage\":{\"@id\":\"https:\/\/www.welovecycling.com\/sk\/2020\/01\/24\/sninske-singletracky-trailovacka-na-vychode-slovenska\/#primaryimage\"},\"image\":{\"@id\":\"https:\/\/www.welovecycling.com\/sk\/2020\/01\/24\/sninske-singletracky-trailovacka-na-vychode-slovenska\/#primaryimage\"},\"thumbnailUrl\":\"https:\/\/d2p6e6u75xmxt8.cloudfront.net\/4\/2020\/01\/snina_titulka.webp\",\"datePublished\":\"2020-01-24T07:27:01+00:00\",\"author\":{\"@id\":\"\"},\"breadcrumb\":{\"@id\":\"https:\/\/www.welovecycling.com\/sk\/2020\/01\/24\/sninske-singletracky-trailovacka-na-vychode-slovenska\/#breadcrumb\"},\"inLanguage\":\"sk-SK\",\"potentialAction\":[{\"@type\":\"ReadAction\",\"target\":[\"https:\/\/www.welovecycling.com\/sk\/2020\/01\/24\/sninske-singletracky-trailovacka-na-vychode-slovenska\/\"]}]},{\"@type\":\"ImageObject\",\"inLanguage\":\"sk-SK\",\"@id\":\"https:\/\/www.welovecycling.com\/sk\/2020\/01\/24\/sninske-singletracky-trailovacka-na-vychode-slovenska\/#primaryimage\",\"url\":\"https:\/\/d2p6e6u75xmxt8.cloudfront.net\/4\/2020\/01\/snina_titulka.webp\",\"contentUrl\":\"https:\/\/d2p6e6u75xmxt8.cloudfront.net\/4\/2020\/01\/snina_titulka.webp\",\"width\":1380,\"height\":600},{\"@type\":\"BreadcrumbList\",\"@id\":\"https:\/\/www.welovecycling.com\/sk\/2020\/01\/24\/sninske-singletracky-trailovacka-na-vychode-slovenska\/#breadcrumb\",\"itemListElement\":[{\"@type\":\"ListItem\",\"position\":1,\"name\":\"Home\",\"item\":\"https:\/\/www.welovecycling.com\/sk\/\"},{\"@type\":\"ListItem\",\"position\":2,\"name\":\"Sninsk\u00e9 singletracky &#8211; \u201etrailova\u010dka\u201c na v\u00fdchode Slovenska\"}]},{\"@type\":\"WebSite\",\"@id\":\"https:\/\/www.welovecycling.com\/sk\/#website\",\"url\":\"https:\/\/www.welovecycling.com\/sk\/\",\"name\":\"\u0160koda We Love Cycling Slovensko\",\"description\":\"\u0160koda We Love Cycling Slovensko je v\u00e1\u0161 ka\u017edodenn\u00fd zdroj noviniek a in\u0161pir\u00e1cie z sveta cyklistiky\",\"potentialAction\":[{\"@type\":\"SearchAction\",\"target\":{\"@type\":\"EntryPoint\",\"urlTemplate\":\"https:\/\/www.welovecycling.com\/sk\/?s={search_term_string}\"},\"query-input\":{\"@type\":\"PropertyValueSpecification\",\"valueRequired\":true,\"valueName\":\"search_term_string\"}}],\"inLanguage\":\"sk-SK\"},{\"@type\":\"Person\",\"@id\":\"\",\"url\":\"https:\/\/www.welovecycling.com\/sk\/author\/\"}]}<\/script>\n<!-- \/ Yoast SEO Premium plugin. -->","yoast_head_json":{"title":"Sninsk\u00e9 singletracky - \u201etrailova\u010dka\u201c na v\u00fdchode Slovenska - \u0160koda We Love Cycling Slovensko","robots":{"index":"index","follow":"follow","max-snippet":"max-snippet:-1","max-image-preview":"max-image-preview:large","max-video-preview":"max-video-preview:-1"},"canonical":"https:\/\/www.welovecycling.com\/sk\/2020\/01\/24\/sninske-singletracky-trailovacka-na-vychode-slovenska\/","og_locale":"sk_SK","og_type":"article","og_title":"Sninsk\u00e9 singletracky - \u201etrailova\u010dka\u201c na v\u00fdchode Slovenska","og_description":"Okres Snina na v\u00fdchodnom Slovensku pon\u00faka pre cyklistov mno\u017estvo tr\u00e1s. \u010ci u\u017e ste milovn\u00edkom cestnej cyklistiky, horsk\u00e9ho alebo enduro jazdenia, [&hellip;]","og_url":"https:\/\/www.welovecycling.com\/sk\/2020\/01\/24\/sninske-singletracky-trailovacka-na-vychode-slovenska\/","og_site_name":"\u0160koda We Love Cycling Slovensko","article_published_time":"2020-01-24T07:27:01+00:00","og_image":[{"width":1380,"height":600,"url":"https:\/\/d2p6e6u75xmxt8.cloudfront.net\/4\/2020\/01\/snina_titulka.webp","type":"image\/webp"}],"twitter_card":"summary_large_image","twitter_misc":{"Written by":"WeLoveCycling","Est. reading time":"8"},"schema":{"@context":"https:\/\/schema.org","@graph":[{"@type":"WebPage","@id":"https:\/\/www.welovecycling.com\/sk\/2020\/01\/24\/sninske-singletracky-trailovacka-na-vychode-slovenska\/","url":"https:\/\/www.welovecycling.com\/sk\/2020\/01\/24\/sninske-singletracky-trailovacka-na-vychode-slovenska\/","name":"Sninsk\u00e9 singletracky - \u201etrailova\u010dka\u201c na v\u00fdchode Slovenska - \u0160koda We Love Cycling Slovensko","isPartOf":{"@id":"https:\/\/www.welovecycling.com\/sk\/#website"},"primaryImageOfPage":{"@id":"https:\/\/www.welovecycling.com\/sk\/2020\/01\/24\/sninske-singletracky-trailovacka-na-vychode-slovenska\/#primaryimage"},"image":{"@id":"https:\/\/www.welovecycling.com\/sk\/2020\/01\/24\/sninske-singletracky-trailovacka-na-vychode-slovenska\/#primaryimage"},"thumbnailUrl":"https:\/\/d2p6e6u75xmxt8.cloudfront.net\/4\/2020\/01\/snina_titulka.webp","datePublished":"2020-01-24T07:27:01+00:00","author":{"@id":""},"breadcrumb":{"@id":"https:\/\/www.welovecycling.com\/sk\/2020\/01\/24\/sninske-singletracky-trailovacka-na-vychode-slovenska\/#breadcrumb"},"inLanguage":"sk-SK","potentialAction":[{"@type":"ReadAction","target":["https:\/\/www.welovecycling.com\/sk\/2020\/01\/24\/sninske-singletracky-trailovacka-na-vychode-slovenska\/"]}]},{"@type":"ImageObject","inLanguage":"sk-SK","@id":"https:\/\/www.welovecycling.com\/sk\/2020\/01\/24\/sninske-singletracky-trailovacka-na-vychode-slovenska\/#primaryimage","url":"https:\/\/d2p6e6u75xmxt8.cloudfront.net\/4\/2020\/01\/snina_titulka.webp","contentUrl":"https:\/\/d2p6e6u75xmxt8.cloudfront.net\/4\/2020\/01\/snina_titulka.webp","width":1380,"height":600},{"@type":"BreadcrumbList","@id":"https:\/\/www.welovecycling.com\/sk\/2020\/01\/24\/sninske-singletracky-trailovacka-na-vychode-slovenska\/#breadcrumb","itemListElement":[{"@type":"ListItem","position":1,"name":"Home","item":"https:\/\/www.welovecycling.com\/sk\/"},{"@type":"ListItem","position":2,"name":"Sninsk\u00e9 singletracky &#8211; \u201etrailova\u010dka\u201c na v\u00fdchode Slovenska"}]},{"@type":"WebSite","@id":"https:\/\/www.welovecycling.com\/sk\/#website","url":"https:\/\/www.welovecycling.com\/sk\/","name":"\u0160koda We Love Cycling Slovensko","description":"\u0160koda We Love Cycling Slovensko je v\u00e1\u0161 ka\u017edodenn\u00fd zdroj noviniek a in\u0161pir\u00e1cie z sveta cyklistiky","potentialAction":[{"@type":"SearchAction","target":{"@type":"EntryPoint","urlTemplate":"https:\/\/www.welovecycling.com\/sk\/?s={search_term_string}"},"query-input":{"@type":"PropertyValueSpecification","valueRequired":true,"valueName":"search_term_string"}}],"inLanguage":"sk-SK"},{"@type":"Person","@id":"","url":"https:\/\/www.welovecycling.com\/sk\/author\/"}]}},"_links":{"self":[{"href":"https:\/\/www.welovecycling.com\/sk\/wp-json\/wp\/v2\/posts\/9129","targetHints":{"allow":["GET"]}}],"collection":[{"href":"https:\/\/www.welovecycling.com\/sk\/wp-json\/wp\/v2\/posts"}],"about":[{"href":"https:\/\/www.welovecycling.com\/sk\/wp-json\/wp\/v2\/types\/post"}],"author":[{"embeddable":true,"href":"https:\/\/www.welovecycling.com\/sk\/wp-json\/wp\/v2\/users\/81"}],"replies":[{"embeddable":true,"href":"https:\/\/www.welovecycling.com\/sk\/wp-json\/wp\/v2\/comments?post=9129"}],"version-history":[{"count":2,"href":"https:\/\/www.welovecycling.com\/sk\/wp-json\/wp\/v2\/posts\/9129\/revisions"}],"predecessor-version":[{"id":9175,"href":"https:\/\/www.welovecycling.com\/sk\/wp-json\/wp\/v2\/posts\/9129\/revisions\/9175"}],"wp:featuredmedia":[{"embeddable":true,"href":"https:\/\/www.welovecycling.com\/sk\/wp-json\/wp\/v2\/media\/9130"}],"wp:attachment":[{"href":"https:\/\/www.welovecycling.com\/sk\/wp-json\/wp\/v2\/media?parent=9129"}],"wp:term":[{"taxonomy":"category","embeddable":true,"href":"https:\/\/www.welovecycling.com\/sk\/wp-json\/wp\/v2\/categories?post=9129"},{"taxonomy":"post_tag","embeddable":true,"href":"https:\/\/www.welovecycling.com\/sk\/wp-json\/wp\/v2\/tags?post=9129"},{"taxonomy":"global-categories","embeddable":true,"href":"https:\/\/www.welovecycling.com\/sk\/wp-json\/wp\/v2\/global-categories?post=9129"}],"curies":[{"name":"wp","href":"https:\/\/api.w.org\/{rel}","templated":true}]}}