{"id":9120,"date":"2020-01-27T09:55:15","date_gmt":"2020-01-27T08:55:15","guid":{"rendered":"https:\/\/www.welovecycling.com\/sk\/?p=9120"},"modified":"2020-01-27T09:55:15","modified_gmt":"2020-01-27T08:55:15","slug":"cyklisticke-oblecenie-pre-najchladnejsie-zimne-mesiace","status":"publish","type":"post","link":"https:\/\/www.welovecycling.com\/sk\/2020\/01\/27\/cyklisticke-oblecenie-pre-najchladnejsie-zimne-mesiace\/","title":{"rendered":"Cyklistick\u00e9 oble\u010denie pre najchladnej\u0161ie zimn\u00e9 mesiace"},"content":{"rendered":"<p><strong>V najchladnej\u0161\u00edch zimn\u00fdch mesiacoch mus\u00edte ma\u0165 k dispoz\u00edcii vhodn\u00e9 oble\u010denie, preto\u017ee choroba v\u00e1s m\u00f4\u017ee na cel\u00e9 t\u00fd\u017edne dosta\u0165 zo sedla bicykla.<\/strong><!--more--><\/p>\n<p>Existuje nieko\u013eko d\u00f4vodov, pre\u010do jazdi\u0165 na bicykli po\u010das celej zimy. Nestrat\u00edte kond\u00edciu, nebudete tr\u010da\u0165 v\u00a0z\u00e1pche a\u00a0r\u00fdchlo sp\u00e1lite kal\u00f3rie z dovolenky. V\u00e1\u0161 bicykel by mal by\u0165 vybaven\u00fd zimn\u00fdmi pl\u00e1\u0161\u0165ami pre lep\u0161iu pri\u013enavos\u0165, chr\u00e1ni\u0165 sa treba pred vlhkos\u0165ou a\u00a0v\u00e1\u0161 mil\u00e1\u010dik by mal by\u0165 tie\u017e udr\u017eiavan\u00fd. K\u013e\u00fa\u010dom k\u00a0zimn\u00fdm v\u00fdjazdom na bicykli je <strong>tepl\u00e9 \u0161portov\u00e9 oble\u010denie<\/strong>, a to aj vtedy, ke\u010f mr\u00e1z pohlt\u00ed va\u0161e mesto. Existuje nieko\u013eko dobr\u00fdch mo\u017enost\u00ed, ktor\u00e9 n\u00e1jdete aj vo ve\u013ek\u00fdch obchodoch, a\u00a0pritom nezni\u010dia v\u00e1\u0161 rodinn\u00fd rozpo\u010det.<\/p>\n<div class=\"shortcode-ys-post-pinup\"><article class=\"loop-simple post-9053 post type-post status-publish format-standard has-post-thumbnail hentry category-urban-cyklistika category-zdravie-trening tag-bicykel tag-cestna-cyklistika tag-chlad tag-defekt tag-flasa tag-horska-cyklistika tag-napoj tag-oblecenie tag-plast tag-slnko tag-svetlo tag-tlak-v-plastoch tag-tma tag-trening tag-zima tag-zimne-tretry\" data-postid=\"9053\" role=\"article\" data-post-id=\"9053\" data-word-count=\"574\" data-headline-length=\"31\" data-category=\"Urban cyklistika\" data-author=\"Siegfried Mortkowitz\" data-published=\"2020-01-15T10:24:55+01:00\" data-published-day=\"Wednesday\">\n    <div class=\"entry-thumbnail article-thumbnail\" content=\"https:\/\/d2p6e6u75xmxt8.cloudfront.net\/4\/2020\/01\/Winter-Cycling-CVR-profimedia-0479384620-150x150.webp\"><a href=\"https:\/\/www.welovecycling.com\/sk\/2020\/01\/15\/cyklistika-v-zime-preco-nie\/\" class=\"image-holder\" target=\"_self\"><img decoding=\"async\" loading=\"lazy\" class=\"\" src=\"https:\/\/d2p6e6u75xmxt8.cloudfront.net\/4\/2020\/01\/Winter-Cycling-CVR-profimedia-0479384620-1024x450.webp\" srcset=\"https:\/\/d2p6e6u75xmxt8.cloudfront.net\/4\/2020\/01\/Winter-Cycling-CVR-profimedia-0479384620.webp 1366w, https:\/\/d2p6e6u75xmxt8.cloudfront.net\/4\/2020\/01\/Winter-Cycling-CVR-profimedia-0479384620-300x132.webp 300w, https:\/\/d2p6e6u75xmxt8.cloudfront.net\/4\/2020\/01\/Winter-Cycling-CVR-profimedia-0479384620-1024x450.webp 1024w, https:\/\/d2p6e6u75xmxt8.cloudfront.net\/4\/2020\/01\/Winter-Cycling-CVR-profimedia-0479384620-768x337.webp 768w\" width=\"1024\" height=\"450\" sizes=\"auto, (min-width: 1200px) 456px, (min-width: 768px) 38vw, 100vw\" alt=\"cyklistika-v-zime-preco-nie\"\/><\/a><\/div>    <div class=\"entry-meta\">\n        <a class=\"label label-secondary post-category\" href=\"https:\/\/www.welovecycling.com\/sk\/category\/urban-cyklistika\/\" title=\"Urban cyklistika\">Urban cyklistika<\/a>\n    <\/div>\n    <div class=\"entry-details\">\n        <a href=\"https:\/\/www.welovecycling.com\/sk\/2020\/01\/15\/cyklistika-v-zime-preco-nie\/\" class='entry-title-wrapper'>\n            <h3 class=\"entry-title\"><span>Cyklistika v\u00a0zime? Pre\u010do nie?<\/span><\/h3>\n        <\/a>\n    <\/div>\n    <\/article>\n<\/div>\n<figure id=\"attachment_9121\" aria-describedby=\"caption-attachment-9121\" style=\"width: 1800px\" class=\"wp-caption alignnone\"><img loading=\"lazy\" decoding=\"async\" class=\"size-full wp-image-9121\" src=\"https:\/\/d2p6e6u75xmxt8.cloudfront.net\/4\/2020\/01\/profimedia-0310344947.jpg\" alt=\"\" width=\"1800\" height=\"904\" \/><figcaption id=\"caption-attachment-9121\" class=\"wp-caption-text\">Commuters cycle over London Bridge.\u00a0\u00a9 BEN STANSALL \/ AFP \/ Profimedia<\/figcaption><\/figure>\n<h2><strong>Bunda<\/strong><\/h2>\n<p>V zime m\u00e1 cyklistick\u00fd vrchn\u00fd odev dlh\u0161\u00ed strih vzadu s dlh\u00fdmi ruk\u00e1vmi a lep\u0161\u00edm vetran\u00edm. Ak chcete zosta\u0165 v suchu, je nevyhnutn\u00e9 nosi\u0165 <strong>nepremokav\u00e9 alebo vodeodoln\u00e9 materi\u00e1ly<\/strong>. Pred\u013a\u017een\u00fd strih zabra\u0148uje namo\u010deniu chrbta a zadku, zatia\u013e \u010do dlh\u0161ie ruk\u00e1vy dr\u017eia na z\u00e1p\u00e4stiach, aj ke\u010f natiahnete ruky. Priedu\u0161n\u00e9 materi\u00e1ly zaru\u010duj\u00fa, \u017ee sa po\u010das \u0161liapania nespot\u00edte a po\u010das klesania z\u00a0kopca nenasiaknete vlastn\u00fdm potom. T\u00fdm by sa va\u0161e telo nesk\u00f4r podchladilo. Obojsmern\u00e9 zipsy umo\u017e\u0148uj\u00fa otvorenie bundy zdola bez odkrytia vrchnej \u010dasti. V suchom a chladnom po\u010das\u00ed je <strong>softshell tou najlep\u0161ou vo\u013ebou pre vonkaj\u0161iu vrstvu<\/strong>. M\u00f4\u017eete zosta\u0165 v teple a dokonale vetra\u0165.<\/p>\n<h2><strong>Zakryte si hlavu<\/strong><\/h2>\n<p>Ak ste niekedy mali cyklistick\u00fd v\u00fdjazd pri teplot\u00e1ch okolo bodu mrazu, tak dobre viete, <strong>\u017ee hlava je n\u00e1chyln\u00e1 na prechladnutie<\/strong>. Pritom si ju \u0165a\u017eko zohrejete fyzickou aktivitou. Tenk\u00e1 \u010diapka, ktor\u00e1 sa zmest\u00ed pod prilbu bude fungova\u0165, zatia\u013e \u010do kukla ukryt\u00e1 v zadnom vrecku v\u00e1m pom\u00f4\u017ee, ak sa ochladenie stane neznesite\u013en\u00fdm.<\/p>\n<figure id=\"attachment_9122\" aria-describedby=\"caption-attachment-9122\" style=\"width: 1250px\" class=\"wp-caption alignnone\"><img loading=\"lazy\" decoding=\"async\" class=\"size-full wp-image-9122\" src=\"https:\/\/d2p6e6u75xmxt8.cloudfront.net\/4\/2020\/01\/profimedia-0214926175.jpg\" alt=\"\" width=\"1250\" height=\"833\" \/><figcaption id=\"caption-attachment-9122\" class=\"wp-caption-text\">Female commuter outside a bright tourist shop in Paddington, London, 7th January 2015.\u00a0\u00a9 TW Photo Images \/ Alamy \/ Alamy \/ Profimedia<\/figcaption><\/figure>\n<h2><strong>Obuv<\/strong><\/h2>\n<p>\u010coko\u013evek si obujete, va\u0161e nohy bud\u00fa po\u010das dlh\u00fdch zimn\u00fdch v\u00fdjazdov st\u00e1le v chlade. Po chv\u00edli m\u00f4\u017eete dokonca strati\u0165 cit v prstoch. Vlnen\u00e9 pono\u017eky zvy\u010dajne pom\u00e1haj\u00fa, ale nie pr\u00edli\u0161 dlho. Ak si obujete pr\u00edli\u0161 ve\u013ea pono\u017eiek, tak m\u00f4\u017ee d\u00f4js\u0165 k preru\u0161eniu krvn\u00e9ho obehu do chodidiel. Pravidlom je, \u017ee <strong>ak va\u0161e telo zostane tepl\u00e9, tak aj kon\u010datiny<\/strong>. Preto je prehodnotenie v\u00e1\u0161ho vrchn\u00e9ho oble\u010denia prvou \u00falohou. Zimn\u00e1 obuv by sa mala perfektne hodi\u0165. Ak to pri izbovej teplote bol\u00ed alebo je pr\u00edli\u0161 tesn\u00e9, vonku to bude ove\u013ea hor\u0161ie. Z tohto d\u00f4vodu sa niektor\u00ed \u013eudia, ktor\u00ed jazdia na cestnom bicykli aj na MTB, rozhodn\u00fa pre v\u00e4\u010d\u0161ie top\u00e1nky, ktor\u00e9 s\u00fa vo\u013enej\u0161ie a pohodlnej\u0161ie. Maj\u00fa tie\u017e viac modelov pre bezpe\u010dnej\u0161iu ch\u00f4dzu mimo sedla bicykla, \u010do pon\u00fakaj\u00fa aj \u0161peci\u00e1lne zimn\u00e9 tretry. Pou\u017eitie \u010dlenkov\u00fdch tretier pom\u00e1ha pri zastr\u010den\u00ed nohav\u00edc alebo n\u00e1vlekov na nohy a zabra\u0148uje prenikaniu vody z vozovky do obuvi.<\/p>\n<h2><strong>Ruky<\/strong><\/h2>\n<p>V New Yorku pou\u017e\u00edvaj\u00fa mnoh\u00ed cyklisti gumen\u00e9 rukavice, aby zabr\u00e1nili namo\u010deniu r\u00fak, ale existuj\u00fa nejak\u00e9, ktor\u00e9 by ste mohli nosi\u0165 aj na \u0161portov\u00e9 v\u00fdjazdy? Je d\u00f4le\u017eit\u00e9 <strong>udr\u017eiava\u0165 va\u0161e ruky v suchu<\/strong>, ak sa chcete c\u00edti\u0165 pohodlne. Odpor\u00fa\u010daj\u00fa sa nepremokav\u00e9 rukavice, ktor\u00e9 by mali izolova\u0165 bez toho, aby boli pr\u00edli\u0161 objemn\u00e9 na jazdenie v chladn\u00fdch d\u0148och.<\/p>\n","protected":false},"excerpt":{"rendered":"<p>V najchladnej\u0161\u00edch zimn\u00fdch mesiacoch mus\u00edte ma\u0165 k dispoz\u00edcii vhodn\u00e9 oble\u010denie, preto\u017ee choroba v\u00e1s m\u00f4\u017ee na cel\u00e9 t\u00fd\u017edne dosta\u0165 zo sedla [&hellip;]<\/p>\n","protected":false},"author":81,"featured_media":9124,"comment_status":"open","ping_status":"open","sticky":false,"template":"","format":"standard","meta":{"footnotes":""},"categories":[604],"tags":[312,115,333,713,180,750,412,310,398,285,349,712,55,348,953,318,317,711],"global-categories":[],"class_list":["post-9120","post","type-post","status-publish","format-standard","has-post-thumbnail","hentry","category-urban-cyklistika","tag-bunda","tag-cestna-cyklistika","tag-chlad","tag-ciapka","tag-horska-cyklistika","tag-kondicia","tag-mtb","tag-navleky","tag-neoprenove-rukavice","tag-oblecenie","tag-ponozky","tag-rukavice","tag-trening","tag-tretry","tag-voda","tag-vyjazd","tag-zima","tag-zimne-tretry"],"yoast_head":"<!-- This site is optimized with the Yoast SEO Premium plugin v25.3 (Yoast SEO v25.9) - https:\/\/yoast.com\/wordpress\/plugins\/seo\/ -->\n<title>Cyklistick\u00e9 oble\u010denie pre najchladnej\u0161ie zimn\u00e9 mesiace - \u0160koda We Love Cycling Slovensko<\/title>\n<meta name=\"robots\" content=\"index, follow, max-snippet:-1, max-image-preview:large, max-video-preview:-1\" \/>\n<link rel=\"canonical\" href=\"https:\/\/www.welovecycling.com\/sk\/2020\/01\/27\/cyklisticke-oblecenie-pre-najchladnejsie-zimne-mesiace\/\" \/>\n<meta property=\"og:locale\" content=\"sk_SK\" \/>\n<meta property=\"og:type\" content=\"article\" \/>\n<meta property=\"og:title\" content=\"Cyklistick\u00e9 oble\u010denie pre najchladnej\u0161ie zimn\u00e9 mesiace\" \/>\n<meta property=\"og:description\" content=\"V najchladnej\u0161\u00edch zimn\u00fdch mesiacoch mus\u00edte ma\u0165 k dispoz\u00edcii vhodn\u00e9 oble\u010denie, preto\u017ee choroba v\u00e1s m\u00f4\u017ee na cel\u00e9 t\u00fd\u017edne dosta\u0165 zo sedla [&hellip;]\" \/>\n<meta property=\"og:url\" content=\"https:\/\/www.welovecycling.com\/sk\/2020\/01\/27\/cyklisticke-oblecenie-pre-najchladnejsie-zimne-mesiace\/\" \/>\n<meta property=\"og:site_name\" content=\"\u0160koda We Love Cycling Slovensko\" \/>\n<meta property=\"article:published_time\" content=\"2020-01-27T08:55:15+00:00\" \/>\n<meta property=\"og:image\" content=\"https:\/\/d2p6e6u75xmxt8.cloudfront.net\/4\/2020\/01\/Winter-Cycling-CVR-profimedia-0274771683.webp\" \/>\n\t<meta property=\"og:image:width\" content=\"1366\" \/>\n\t<meta property=\"og:image:height\" content=\"600\" \/>\n\t<meta property=\"og:image:type\" content=\"image\/webp\" \/>\n<meta name=\"twitter:card\" content=\"summary_large_image\" \/>\n<meta name=\"twitter:label1\" content=\"Written by\" \/>\n\t<meta name=\"twitter:data1\" content=\"Siegfried Mortkowitz\" \/>\n\t<meta name=\"twitter:label2\" content=\"Est. reading time\" \/>\n\t<meta name=\"twitter:data2\" content=\"7\" \/>\n<script type=\"application\/ld+json\" class=\"yoast-schema-graph\">{\"@context\":\"https:\/\/schema.org\",\"@graph\":[{\"@type\":\"WebPage\",\"@id\":\"https:\/\/www.welovecycling.com\/sk\/2020\/01\/27\/cyklisticke-oblecenie-pre-najchladnejsie-zimne-mesiace\/\",\"url\":\"https:\/\/www.welovecycling.com\/sk\/2020\/01\/27\/cyklisticke-oblecenie-pre-najchladnejsie-zimne-mesiace\/\",\"name\":\"Cyklistick\u00e9 oble\u010denie pre najchladnej\u0161ie zimn\u00e9 mesiace - \u0160koda We Love Cycling Slovensko\",\"isPartOf\":{\"@id\":\"https:\/\/www.welovecycling.com\/sk\/#website\"},\"primaryImageOfPage\":{\"@id\":\"https:\/\/www.welovecycling.com\/sk\/2020\/01\/27\/cyklisticke-oblecenie-pre-najchladnejsie-zimne-mesiace\/#primaryimage\"},\"image\":{\"@id\":\"https:\/\/www.welovecycling.com\/sk\/2020\/01\/27\/cyklisticke-oblecenie-pre-najchladnejsie-zimne-mesiace\/#primaryimage\"},\"thumbnailUrl\":\"https:\/\/d2p6e6u75xmxt8.cloudfront.net\/4\/2020\/01\/Winter-Cycling-CVR-profimedia-0274771683.webp\",\"datePublished\":\"2020-01-27T08:55:15+00:00\",\"author\":{\"@id\":\"\"},\"breadcrumb\":{\"@id\":\"https:\/\/www.welovecycling.com\/sk\/2020\/01\/27\/cyklisticke-oblecenie-pre-najchladnejsie-zimne-mesiace\/#breadcrumb\"},\"inLanguage\":\"sk-SK\",\"potentialAction\":[{\"@type\":\"ReadAction\",\"target\":[\"https:\/\/www.welovecycling.com\/sk\/2020\/01\/27\/cyklisticke-oblecenie-pre-najchladnejsie-zimne-mesiace\/\"]}]},{\"@type\":\"ImageObject\",\"inLanguage\":\"sk-SK\",\"@id\":\"https:\/\/www.welovecycling.com\/sk\/2020\/01\/27\/cyklisticke-oblecenie-pre-najchladnejsie-zimne-mesiace\/#primaryimage\",\"url\":\"https:\/\/d2p6e6u75xmxt8.cloudfront.net\/4\/2020\/01\/Winter-Cycling-CVR-profimedia-0274771683.webp\",\"contentUrl\":\"https:\/\/d2p6e6u75xmxt8.cloudfront.net\/4\/2020\/01\/Winter-Cycling-CVR-profimedia-0274771683.webp\",\"width\":1366,\"height\":600},{\"@type\":\"BreadcrumbList\",\"@id\":\"https:\/\/www.welovecycling.com\/sk\/2020\/01\/27\/cyklisticke-oblecenie-pre-najchladnejsie-zimne-mesiace\/#breadcrumb\",\"itemListElement\":[{\"@type\":\"ListItem\",\"position\":1,\"name\":\"Home\",\"item\":\"https:\/\/www.welovecycling.com\/sk\/\"},{\"@type\":\"ListItem\",\"position\":2,\"name\":\"Cyklistick\u00e9 oble\u010denie pre najchladnej\u0161ie zimn\u00e9 mesiace\"}]},{\"@type\":\"WebSite\",\"@id\":\"https:\/\/www.welovecycling.com\/sk\/#website\",\"url\":\"https:\/\/www.welovecycling.com\/sk\/\",\"name\":\"\u0160koda We Love Cycling Slovensko\",\"description\":\"\u0160koda We Love Cycling Slovensko je v\u00e1\u0161 ka\u017edodenn\u00fd zdroj noviniek a in\u0161pir\u00e1cie z sveta cyklistiky\",\"potentialAction\":[{\"@type\":\"SearchAction\",\"target\":{\"@type\":\"EntryPoint\",\"urlTemplate\":\"https:\/\/www.welovecycling.com\/sk\/?s={search_term_string}\"},\"query-input\":{\"@type\":\"PropertyValueSpecification\",\"valueRequired\":true,\"valueName\":\"search_term_string\"}}],\"inLanguage\":\"sk-SK\"},{\"@type\":\"Person\",\"@id\":\"\",\"url\":\"https:\/\/www.welovecycling.com\/sk\/author\/\"}]}<\/script>\n<!-- \/ Yoast SEO Premium plugin. -->","yoast_head_json":{"title":"Cyklistick\u00e9 oble\u010denie pre najchladnej\u0161ie zimn\u00e9 mesiace - \u0160koda We Love Cycling Slovensko","robots":{"index":"index","follow":"follow","max-snippet":"max-snippet:-1","max-image-preview":"max-image-preview:large","max-video-preview":"max-video-preview:-1"},"canonical":"https:\/\/www.welovecycling.com\/sk\/2020\/01\/27\/cyklisticke-oblecenie-pre-najchladnejsie-zimne-mesiace\/","og_locale":"sk_SK","og_type":"article","og_title":"Cyklistick\u00e9 oble\u010denie pre najchladnej\u0161ie zimn\u00e9 mesiace","og_description":"V najchladnej\u0161\u00edch zimn\u00fdch mesiacoch mus\u00edte ma\u0165 k dispoz\u00edcii vhodn\u00e9 oble\u010denie, preto\u017ee choroba v\u00e1s m\u00f4\u017ee na cel\u00e9 t\u00fd\u017edne dosta\u0165 zo sedla [&hellip;]","og_url":"https:\/\/www.welovecycling.com\/sk\/2020\/01\/27\/cyklisticke-oblecenie-pre-najchladnejsie-zimne-mesiace\/","og_site_name":"\u0160koda We Love Cycling Slovensko","article_published_time":"2020-01-27T08:55:15+00:00","og_image":[{"width":1366,"height":600,"url":"https:\/\/d2p6e6u75xmxt8.cloudfront.net\/4\/2020\/01\/Winter-Cycling-CVR-profimedia-0274771683.webp","type":"image\/webp"}],"twitter_card":"summary_large_image","twitter_misc":{"Written by":"Siegfried Mortkowitz","Est. reading time":"7"},"schema":{"@context":"https:\/\/schema.org","@graph":[{"@type":"WebPage","@id":"https:\/\/www.welovecycling.com\/sk\/2020\/01\/27\/cyklisticke-oblecenie-pre-najchladnejsie-zimne-mesiace\/","url":"https:\/\/www.welovecycling.com\/sk\/2020\/01\/27\/cyklisticke-oblecenie-pre-najchladnejsie-zimne-mesiace\/","name":"Cyklistick\u00e9 oble\u010denie pre najchladnej\u0161ie zimn\u00e9 mesiace - \u0160koda We Love Cycling Slovensko","isPartOf":{"@id":"https:\/\/www.welovecycling.com\/sk\/#website"},"primaryImageOfPage":{"@id":"https:\/\/www.welovecycling.com\/sk\/2020\/01\/27\/cyklisticke-oblecenie-pre-najchladnejsie-zimne-mesiace\/#primaryimage"},"image":{"@id":"https:\/\/www.welovecycling.com\/sk\/2020\/01\/27\/cyklisticke-oblecenie-pre-najchladnejsie-zimne-mesiace\/#primaryimage"},"thumbnailUrl":"https:\/\/d2p6e6u75xmxt8.cloudfront.net\/4\/2020\/01\/Winter-Cycling-CVR-profimedia-0274771683.webp","datePublished":"2020-01-27T08:55:15+00:00","author":{"@id":""},"breadcrumb":{"@id":"https:\/\/www.welovecycling.com\/sk\/2020\/01\/27\/cyklisticke-oblecenie-pre-najchladnejsie-zimne-mesiace\/#breadcrumb"},"inLanguage":"sk-SK","potentialAction":[{"@type":"ReadAction","target":["https:\/\/www.welovecycling.com\/sk\/2020\/01\/27\/cyklisticke-oblecenie-pre-najchladnejsie-zimne-mesiace\/"]}]},{"@type":"ImageObject","inLanguage":"sk-SK","@id":"https:\/\/www.welovecycling.com\/sk\/2020\/01\/27\/cyklisticke-oblecenie-pre-najchladnejsie-zimne-mesiace\/#primaryimage","url":"https:\/\/d2p6e6u75xmxt8.cloudfront.net\/4\/2020\/01\/Winter-Cycling-CVR-profimedia-0274771683.webp","contentUrl":"https:\/\/d2p6e6u75xmxt8.cloudfront.net\/4\/2020\/01\/Winter-Cycling-CVR-profimedia-0274771683.webp","width":1366,"height":600},{"@type":"BreadcrumbList","@id":"https:\/\/www.welovecycling.com\/sk\/2020\/01\/27\/cyklisticke-oblecenie-pre-najchladnejsie-zimne-mesiace\/#breadcrumb","itemListElement":[{"@type":"ListItem","position":1,"name":"Home","item":"https:\/\/www.welovecycling.com\/sk\/"},{"@type":"ListItem","position":2,"name":"Cyklistick\u00e9 oble\u010denie pre najchladnej\u0161ie zimn\u00e9 mesiace"}]},{"@type":"WebSite","@id":"https:\/\/www.welovecycling.com\/sk\/#website","url":"https:\/\/www.welovecycling.com\/sk\/","name":"\u0160koda We Love Cycling Slovensko","description":"\u0160koda We Love Cycling Slovensko je v\u00e1\u0161 ka\u017edodenn\u00fd zdroj noviniek a in\u0161pir\u00e1cie z sveta cyklistiky","potentialAction":[{"@type":"SearchAction","target":{"@type":"EntryPoint","urlTemplate":"https:\/\/www.welovecycling.com\/sk\/?s={search_term_string}"},"query-input":{"@type":"PropertyValueSpecification","valueRequired":true,"valueName":"search_term_string"}}],"inLanguage":"sk-SK"},{"@type":"Person","@id":"","url":"https:\/\/www.welovecycling.com\/sk\/author\/"}]}},"_links":{"self":[{"href":"https:\/\/www.welovecycling.com\/sk\/wp-json\/wp\/v2\/posts\/9120","targetHints":{"allow":["GET"]}}],"collection":[{"href":"https:\/\/www.welovecycling.com\/sk\/wp-json\/wp\/v2\/posts"}],"about":[{"href":"https:\/\/www.welovecycling.com\/sk\/wp-json\/wp\/v2\/types\/post"}],"author":[{"embeddable":true,"href":"https:\/\/www.welovecycling.com\/sk\/wp-json\/wp\/v2\/users\/81"}],"replies":[{"embeddable":true,"href":"https:\/\/www.welovecycling.com\/sk\/wp-json\/wp\/v2\/comments?post=9120"}],"version-history":[{"count":2,"href":"https:\/\/www.welovecycling.com\/sk\/wp-json\/wp\/v2\/posts\/9120\/revisions"}],"predecessor-version":[{"id":9128,"href":"https:\/\/www.welovecycling.com\/sk\/wp-json\/wp\/v2\/posts\/9120\/revisions\/9128"}],"wp:featuredmedia":[{"embeddable":true,"href":"https:\/\/www.welovecycling.com\/sk\/wp-json\/wp\/v2\/media\/9124"}],"wp:attachment":[{"href":"https:\/\/www.welovecycling.com\/sk\/wp-json\/wp\/v2\/media?parent=9120"}],"wp:term":[{"taxonomy":"category","embeddable":true,"href":"https:\/\/www.welovecycling.com\/sk\/wp-json\/wp\/v2\/categories?post=9120"},{"taxonomy":"post_tag","embeddable":true,"href":"https:\/\/www.welovecycling.com\/sk\/wp-json\/wp\/v2\/tags?post=9120"},{"taxonomy":"global-categories","embeddable":true,"href":"https:\/\/www.welovecycling.com\/sk\/wp-json\/wp\/v2\/global-categories?post=9120"}],"curies":[{"name":"wp","href":"https:\/\/api.w.org\/{rel}","templated":true}]}}