{"id":9101,"date":"2020-01-20T09:52:53","date_gmt":"2020-01-20T08:52:53","guid":{"rendered":"https:\/\/www.welovecycling.com\/sk\/?p=9101"},"modified":"2020-01-16T15:53:10","modified_gmt":"2020-01-16T14:53:10","slug":"20-novorocnych-cyklistickych-predsavzati-pre-2020","status":"publish","type":"post","link":"https:\/\/www.welovecycling.com\/sk\/2020\/01\/20\/20-novorocnych-cyklistickych-predsavzati-pre-2020\/","title":{"rendered":"20 Novoro\u010dn\u00fdch cyklistick\u00fdch predsavzat\u00ed pre 2020"},"content":{"rendered":"<p><strong>T\u00fato vec rob\u00edme ka\u017edoro\u010dne. Po\u010das decembra za\u010d\u00edname prehodnocova\u0165 to, \u010do sme po\u010das uplynul\u00fdch jeden\u00e1stich mesiacov urobili dobre a\u00a0\u010do zle, veriac, \u017ee nasleduj\u00faci rok sa to v\u0161etko zlep\u0161\u00ed. Janu\u00e1r je e\u0161te pln\u00fd t\u00fdchto s\u013eubov, preto\u017ee si ich pam\u00e4t\u00e1me z konca minul\u00e9ho roka. S\u013euby, ktor\u00e9 si zad\u00e1me v\u00a0na\u0161ich hlav\u00e1ch, maj\u00fa hodnotu len do tej miery, pokia\u013e ich dok\u00e1\u017eeme splni\u0165. Nikto sa nenahnev\u00e1, ak ich poru\u0161\u00edme, dokia\u013e o\u00a0nich nerozpr\u00e1vame vopred. Sk\u00fasme to teraz v\u0161etci naraz. V\u00a0tomto roku budem &#8230; <\/strong><!--more--><\/p>\n<p>1. Prestanem presvied\u010da\u0165 svojich bl\u00edzkych, aby za\u010dali bicyklova\u0165.<\/p>\n<p>2. Prestanem kupova\u0165 najnov\u0161ie vychyt\u00e1vky, ktor\u00e9 u\u017e aj tak m\u00e1m.<\/p>\n<p>3. Nezapnem Strav-u a\u00a0budem si u\u017e\u00edva\u0165 samotn\u00e9 jazdenie &#8211; aspo\u0148 raz.<\/p>\n<p>4. Zabudnem na zdie\u013eanie mojich rekordov zo Strav-y na soci\u00e1lnych sie\u0165ach. Aj tak to nikoho nezauj\u00edma.<\/p>\n<p>5. Z\u00fa\u010dastn\u00edm sa nejak\u00fdch miestnych pretekov, o\u00a0ktor\u00fdch som to\u013ekokr\u00e1t hovoril.<\/p>\n<figure id=\"attachment_9102\" aria-describedby=\"caption-attachment-9102\" style=\"width: 1300px\" class=\"wp-caption alignnone\"><img loading=\"lazy\" decoding=\"async\" class=\"size-full wp-image-9102\" src=\"https:\/\/d2p6e6u75xmxt8.cloudfront.net\/4\/2020\/01\/WLC_CatchingBreath_2017_Race_12.jpg\" alt=\"\" width=\"1300\" height=\"867\" \/><figcaption id=\"caption-attachment-9102\" class=\"wp-caption-text\">V\u00fdzva lapa\u0165 po dychu<\/figcaption><\/figure>\n<p>6. Zalo\u017e\u00edm blog o\u00a0cyklistick\u00fdch z\u00e1\u017eitkoch, ktor\u00e9 som tak ve\u013emi chcel zdie\u013ea\u0165 u\u017e od minuloro\u010dn\u00e9ho predsavzatia.<\/p>\n<p>7. Prestanem sa s\u0165a\u017eova\u0165 na situ\u00e1ciu v\u00a0prem\u00e1vke, ke\u010f\u017ee v\u017edy sa bude na \u010do s\u0165a\u017eova\u0165.<\/p>\n<p>8. Dostanem sa do takej formy, aby som bol schopn\u00fd z\u00fa\u010dastni\u0165 sa na L\u2019\u00c9tape du Tour vo Franc\u00fazsku.<\/p>\n<p>9. Vylep\u0161\u00edm m\u00f4j set svetiel, aby som bol vidite\u013enej\u0161\u00ed po\u010das no\u010dn\u00fdch j\u00e1zd.<\/p>\n<p>10. Budem doch\u00e1dza\u0165 denne do pr\u00e1ce bez oh\u013eadu na po\u010dasie.<\/p>\n<p>11. Koniec sprchovania zasv\u00e4t\u00edm tej prekliatej studenej vode.<\/p>\n<p>12. Budem tr\u00e1vi\u0165 viac \u010dasu precvi\u010dovan\u00edm a\u00a0j\u00f3gou, ktor\u00e1 mi pom\u00f4\u017ee pri bolestiach chrbta.<\/p>\n<p>13. Nau\u010d\u00edm sa jazdi\u0165 po zadnom ako to rob\u00ed Peter Sagan.<\/p>\n<p>14. Obmedz\u00edm pitie k\u00e1vy na \u0161tyri \u0161\u00e1lky denne.<\/p>\n<p>15. Posna\u017e\u00edm sa venova\u0165 v\u00e4\u010d\u0161ie mno\u017estvo pe\u0148az\u00ed t\u00fdm, ktor\u00ed si nedok\u00e1\u017eu zaobstara\u0165 svoj vlastn\u00fd bicykel.<\/p>\n<figure id=\"attachment_9103\" aria-describedby=\"caption-attachment-9103\" style=\"width: 1080px\" class=\"wp-caption alignnone\"><img loading=\"lazy\" decoding=\"async\" class=\"size-full wp-image-9103\" src=\"https:\/\/d2p6e6u75xmxt8.cloudfront.net\/4\/2020\/01\/20180307_141420-1080x675-1024x640.jpeg\" alt=\"\" width=\"1080\" height=\"675\" \/><figcaption id=\"caption-attachment-9103\" class=\"wp-caption-text\">\u00a9 Wheels4Live<\/figcaption><\/figure>\n<p>16. Prestanem v\u00a0konverz\u00e1ci\u00e1ch s\u00a0ne-cyklistami pou\u017e\u00edva\u0165 z\u00e1\u017eitky z\u00a0dne\u0161nej jazdy a\u00a0rie\u0161i\u0165 technick\u00e9 probl\u00e9my.<\/p>\n<p>17. Nech\u00e1m si moju rodinu u\u017ei\u0165 tohtoro\u010dn\u00fa letn\u00fa dovolenku bez toho, aby som ich ob\u0165a\u017eoval s\u00a0moj\u00edm abs\u0165\u00e1kom po bicykli.<\/p>\n<p>18. U\u017e nebudem zneva\u017eova\u0165 mojich kolegov, ktor\u00ed sa z\u00fa\u010dast\u0148uj\u00fa na t\u00fdch smie\u0161nych rotop\u00e9dov\u00fdch seans\u00e1ch.<\/p>\n<p>19. Posna\u017e\u00edm sa ven\u010di\u0165 svojho psa s\u00a0pou\u017eit\u00edm bicykla &#8211; aspo\u0148 v\u00a0rozumnej miere.<\/p>\n<p>20. Prisah\u00e1m, \u017ee v\u017edy o\u010dist\u00edm svoj bicykel po ka\u017edej jazde v\u00a0da\u017edi \u010di blate.<\/p>\n","protected":false},"excerpt":{"rendered":"<p>T\u00fato vec rob\u00edme ka\u017edoro\u010dne. Po\u010das decembra za\u010d\u00edname prehodnocova\u0165 to, \u010do sme po\u010das uplynul\u00fdch jeden\u00e1stich mesiacov urobili dobre a\u00a0\u010do zle, veriac, [&hellip;]<\/p>\n","protected":false},"author":81,"featured_media":9105,"comment_status":"open","ping_status":"open","sticky":false,"template":"","format":"standard","meta":{"footnotes":""},"categories":[118,2],"tags":[62,559,619,951,115,180,1191,890,532,572,613,767,751,46,383,509,256,55,318,508,1117,161,623],"global-categories":[],"class_list":["post-9101","post","type-post","status-publish","format-standard","has-post-thumbnail","hentry","category-zabava","category-zdravie-trening","tag-bezpecnost","tag-bicykel","tag-bicyklovanie","tag-blato","tag-cestna-cyklistika","tag-horska-cyklistika","tag-jazda","tag-jazdec","tag-jazdenie","tag-kava","tag-kolesa","tag-motivacia","tag-novy-rok","tag-peter-sagan","tag-predsavzatia","tag-rodina","tag-sezona","tag-trening","tag-vyjazd","tag-vylet","tag-zazitok","tag-zdravie","tag-zdravy-zivotny-styl"],"yoast_head":"<!-- This site is optimized with the Yoast SEO Premium plugin v25.3 (Yoast SEO v25.9) - https:\/\/yoast.com\/wordpress\/plugins\/seo\/ -->\n<title>20 Novoro\u010dn\u00fdch cyklistick\u00fdch predsavzat\u00ed pre 2020 - \u0160koda We Love Cycling Slovensko<\/title>\n<meta name=\"robots\" content=\"index, follow, max-snippet:-1, max-image-preview:large, max-video-preview:-1\" \/>\n<link rel=\"canonical\" href=\"https:\/\/www.welovecycling.com\/sk\/2020\/01\/20\/20-novorocnych-cyklistickych-predsavzati-pre-2020\/\" \/>\n<meta property=\"og:locale\" content=\"sk_SK\" \/>\n<meta property=\"og:type\" content=\"article\" \/>\n<meta property=\"og:title\" content=\"20 Novoro\u010dn\u00fdch cyklistick\u00fdch predsavzat\u00ed pre 2020\" \/>\n<meta property=\"og:description\" content=\"T\u00fato vec rob\u00edme ka\u017edoro\u010dne. Po\u010das decembra za\u010d\u00edname prehodnocova\u0165 to, \u010do sme po\u010das uplynul\u00fdch jeden\u00e1stich mesiacov urobili dobre a\u00a0\u010do zle, veriac, [&hellip;]\" \/>\n<meta property=\"og:url\" content=\"https:\/\/www.welovecycling.com\/sk\/2020\/01\/20\/20-novorocnych-cyklistickych-predsavzati-pre-2020\/\" \/>\n<meta property=\"og:site_name\" content=\"\u0160koda We Love Cycling Slovensko\" \/>\n<meta property=\"article:published_time\" content=\"2020-01-20T08:52:53+00:00\" \/>\n<meta property=\"og:image\" content=\"https:\/\/d2p6e6u75xmxt8.cloudfront.net\/4\/2020\/01\/coverwinter.webp\" \/>\n\t<meta property=\"og:image:width\" content=\"1366\" \/>\n\t<meta property=\"og:image:height\" content=\"600\" \/>\n\t<meta property=\"og:image:type\" content=\"image\/webp\" \/>\n<meta name=\"twitter:card\" content=\"summary_large_image\" \/>\n<meta name=\"twitter:label1\" content=\"Written by\" \/>\n\t<meta name=\"twitter:data1\" content=\"Adam Mar\u0161al\" \/>\n\t<meta name=\"twitter:label2\" content=\"Est. reading time\" \/>\n\t<meta name=\"twitter:data2\" content=\"5\" \/>\n<script type=\"application\/ld+json\" class=\"yoast-schema-graph\">{\"@context\":\"https:\/\/schema.org\",\"@graph\":[{\"@type\":\"WebPage\",\"@id\":\"https:\/\/www.welovecycling.com\/sk\/2020\/01\/20\/20-novorocnych-cyklistickych-predsavzati-pre-2020\/\",\"url\":\"https:\/\/www.welovecycling.com\/sk\/2020\/01\/20\/20-novorocnych-cyklistickych-predsavzati-pre-2020\/\",\"name\":\"20 Novoro\u010dn\u00fdch cyklistick\u00fdch predsavzat\u00ed pre 2020 - \u0160koda We Love Cycling Slovensko\",\"isPartOf\":{\"@id\":\"https:\/\/www.welovecycling.com\/sk\/#website\"},\"primaryImageOfPage\":{\"@id\":\"https:\/\/www.welovecycling.com\/sk\/2020\/01\/20\/20-novorocnych-cyklistickych-predsavzati-pre-2020\/#primaryimage\"},\"image\":{\"@id\":\"https:\/\/www.welovecycling.com\/sk\/2020\/01\/20\/20-novorocnych-cyklistickych-predsavzati-pre-2020\/#primaryimage\"},\"thumbnailUrl\":\"https:\/\/d2p6e6u75xmxt8.cloudfront.net\/4\/2020\/01\/coverwinter.webp\",\"datePublished\":\"2020-01-20T08:52:53+00:00\",\"author\":{\"@id\":\"\"},\"breadcrumb\":{\"@id\":\"https:\/\/www.welovecycling.com\/sk\/2020\/01\/20\/20-novorocnych-cyklistickych-predsavzati-pre-2020\/#breadcrumb\"},\"inLanguage\":\"sk-SK\",\"potentialAction\":[{\"@type\":\"ReadAction\",\"target\":[\"https:\/\/www.welovecycling.com\/sk\/2020\/01\/20\/20-novorocnych-cyklistickych-predsavzati-pre-2020\/\"]}]},{\"@type\":\"ImageObject\",\"inLanguage\":\"sk-SK\",\"@id\":\"https:\/\/www.welovecycling.com\/sk\/2020\/01\/20\/20-novorocnych-cyklistickych-predsavzati-pre-2020\/#primaryimage\",\"url\":\"https:\/\/d2p6e6u75xmxt8.cloudfront.net\/4\/2020\/01\/coverwinter.webp\",\"contentUrl\":\"https:\/\/d2p6e6u75xmxt8.cloudfront.net\/4\/2020\/01\/coverwinter.webp\",\"width\":1366,\"height\":600},{\"@type\":\"BreadcrumbList\",\"@id\":\"https:\/\/www.welovecycling.com\/sk\/2020\/01\/20\/20-novorocnych-cyklistickych-predsavzati-pre-2020\/#breadcrumb\",\"itemListElement\":[{\"@type\":\"ListItem\",\"position\":1,\"name\":\"Home\",\"item\":\"https:\/\/www.welovecycling.com\/sk\/\"},{\"@type\":\"ListItem\",\"position\":2,\"name\":\"20 Novoro\u010dn\u00fdch cyklistick\u00fdch predsavzat\u00ed pre 2020\"}]},{\"@type\":\"WebSite\",\"@id\":\"https:\/\/www.welovecycling.com\/sk\/#website\",\"url\":\"https:\/\/www.welovecycling.com\/sk\/\",\"name\":\"\u0160koda We Love Cycling Slovensko\",\"description\":\"\u0160koda We Love Cycling Slovensko je v\u00e1\u0161 ka\u017edodenn\u00fd zdroj noviniek a in\u0161pir\u00e1cie z sveta cyklistiky\",\"potentialAction\":[{\"@type\":\"SearchAction\",\"target\":{\"@type\":\"EntryPoint\",\"urlTemplate\":\"https:\/\/www.welovecycling.com\/sk\/?s={search_term_string}\"},\"query-input\":{\"@type\":\"PropertyValueSpecification\",\"valueRequired\":true,\"valueName\":\"search_term_string\"}}],\"inLanguage\":\"sk-SK\"},{\"@type\":\"Person\",\"@id\":\"\",\"url\":\"https:\/\/www.welovecycling.com\/sk\/author\/\"}]}<\/script>\n<!-- \/ Yoast SEO Premium plugin. -->","yoast_head_json":{"title":"20 Novoro\u010dn\u00fdch cyklistick\u00fdch predsavzat\u00ed pre 2020 - \u0160koda We Love Cycling Slovensko","robots":{"index":"index","follow":"follow","max-snippet":"max-snippet:-1","max-image-preview":"max-image-preview:large","max-video-preview":"max-video-preview:-1"},"canonical":"https:\/\/www.welovecycling.com\/sk\/2020\/01\/20\/20-novorocnych-cyklistickych-predsavzati-pre-2020\/","og_locale":"sk_SK","og_type":"article","og_title":"20 Novoro\u010dn\u00fdch cyklistick\u00fdch predsavzat\u00ed pre 2020","og_description":"T\u00fato vec rob\u00edme ka\u017edoro\u010dne. Po\u010das decembra za\u010d\u00edname prehodnocova\u0165 to, \u010do sme po\u010das uplynul\u00fdch jeden\u00e1stich mesiacov urobili dobre a\u00a0\u010do zle, veriac, [&hellip;]","og_url":"https:\/\/www.welovecycling.com\/sk\/2020\/01\/20\/20-novorocnych-cyklistickych-predsavzati-pre-2020\/","og_site_name":"\u0160koda We Love Cycling Slovensko","article_published_time":"2020-01-20T08:52:53+00:00","og_image":[{"width":1366,"height":600,"url":"https:\/\/d2p6e6u75xmxt8.cloudfront.net\/4\/2020\/01\/coverwinter.webp","type":"image\/webp"}],"twitter_card":"summary_large_image","twitter_misc":{"Written by":"Adam Mar\u0161al","Est. reading time":"5"},"schema":{"@context":"https:\/\/schema.org","@graph":[{"@type":"WebPage","@id":"https:\/\/www.welovecycling.com\/sk\/2020\/01\/20\/20-novorocnych-cyklistickych-predsavzati-pre-2020\/","url":"https:\/\/www.welovecycling.com\/sk\/2020\/01\/20\/20-novorocnych-cyklistickych-predsavzati-pre-2020\/","name":"20 Novoro\u010dn\u00fdch cyklistick\u00fdch predsavzat\u00ed pre 2020 - \u0160koda We Love Cycling Slovensko","isPartOf":{"@id":"https:\/\/www.welovecycling.com\/sk\/#website"},"primaryImageOfPage":{"@id":"https:\/\/www.welovecycling.com\/sk\/2020\/01\/20\/20-novorocnych-cyklistickych-predsavzati-pre-2020\/#primaryimage"},"image":{"@id":"https:\/\/www.welovecycling.com\/sk\/2020\/01\/20\/20-novorocnych-cyklistickych-predsavzati-pre-2020\/#primaryimage"},"thumbnailUrl":"https:\/\/d2p6e6u75xmxt8.cloudfront.net\/4\/2020\/01\/coverwinter.webp","datePublished":"2020-01-20T08:52:53+00:00","author":{"@id":""},"breadcrumb":{"@id":"https:\/\/www.welovecycling.com\/sk\/2020\/01\/20\/20-novorocnych-cyklistickych-predsavzati-pre-2020\/#breadcrumb"},"inLanguage":"sk-SK","potentialAction":[{"@type":"ReadAction","target":["https:\/\/www.welovecycling.com\/sk\/2020\/01\/20\/20-novorocnych-cyklistickych-predsavzati-pre-2020\/"]}]},{"@type":"ImageObject","inLanguage":"sk-SK","@id":"https:\/\/www.welovecycling.com\/sk\/2020\/01\/20\/20-novorocnych-cyklistickych-predsavzati-pre-2020\/#primaryimage","url":"https:\/\/d2p6e6u75xmxt8.cloudfront.net\/4\/2020\/01\/coverwinter.webp","contentUrl":"https:\/\/d2p6e6u75xmxt8.cloudfront.net\/4\/2020\/01\/coverwinter.webp","width":1366,"height":600},{"@type":"BreadcrumbList","@id":"https:\/\/www.welovecycling.com\/sk\/2020\/01\/20\/20-novorocnych-cyklistickych-predsavzati-pre-2020\/#breadcrumb","itemListElement":[{"@type":"ListItem","position":1,"name":"Home","item":"https:\/\/www.welovecycling.com\/sk\/"},{"@type":"ListItem","position":2,"name":"20 Novoro\u010dn\u00fdch cyklistick\u00fdch predsavzat\u00ed pre 2020"}]},{"@type":"WebSite","@id":"https:\/\/www.welovecycling.com\/sk\/#website","url":"https:\/\/www.welovecycling.com\/sk\/","name":"\u0160koda We Love Cycling Slovensko","description":"\u0160koda We Love Cycling Slovensko je v\u00e1\u0161 ka\u017edodenn\u00fd zdroj noviniek a in\u0161pir\u00e1cie z sveta cyklistiky","potentialAction":[{"@type":"SearchAction","target":{"@type":"EntryPoint","urlTemplate":"https:\/\/www.welovecycling.com\/sk\/?s={search_term_string}"},"query-input":{"@type":"PropertyValueSpecification","valueRequired":true,"valueName":"search_term_string"}}],"inLanguage":"sk-SK"},{"@type":"Person","@id":"","url":"https:\/\/www.welovecycling.com\/sk\/author\/"}]}},"_links":{"self":[{"href":"https:\/\/www.welovecycling.com\/sk\/wp-json\/wp\/v2\/posts\/9101","targetHints":{"allow":["GET"]}}],"collection":[{"href":"https:\/\/www.welovecycling.com\/sk\/wp-json\/wp\/v2\/posts"}],"about":[{"href":"https:\/\/www.welovecycling.com\/sk\/wp-json\/wp\/v2\/types\/post"}],"author":[{"embeddable":true,"href":"https:\/\/www.welovecycling.com\/sk\/wp-json\/wp\/v2\/users\/81"}],"replies":[{"embeddable":true,"href":"https:\/\/www.welovecycling.com\/sk\/wp-json\/wp\/v2\/comments?post=9101"}],"version-history":[{"count":2,"href":"https:\/\/www.welovecycling.com\/sk\/wp-json\/wp\/v2\/posts\/9101\/revisions"}],"predecessor-version":[{"id":9106,"href":"https:\/\/www.welovecycling.com\/sk\/wp-json\/wp\/v2\/posts\/9101\/revisions\/9106"}],"wp:featuredmedia":[{"embeddable":true,"href":"https:\/\/www.welovecycling.com\/sk\/wp-json\/wp\/v2\/media\/9105"}],"wp:attachment":[{"href":"https:\/\/www.welovecycling.com\/sk\/wp-json\/wp\/v2\/media?parent=9101"}],"wp:term":[{"taxonomy":"category","embeddable":true,"href":"https:\/\/www.welovecycling.com\/sk\/wp-json\/wp\/v2\/categories?post=9101"},{"taxonomy":"post_tag","embeddable":true,"href":"https:\/\/www.welovecycling.com\/sk\/wp-json\/wp\/v2\/tags?post=9101"},{"taxonomy":"global-categories","embeddable":true,"href":"https:\/\/www.welovecycling.com\/sk\/wp-json\/wp\/v2\/global-categories?post=9101"}],"curies":[{"name":"wp","href":"https:\/\/api.w.org\/{rel}","templated":true}]}}