{"id":9086,"date":"2020-01-13T09:23:29","date_gmt":"2020-01-13T08:23:29","guid":{"rendered":"https:\/\/www.welovecycling.com\/sk\/?p=9086"},"modified":"2020-02-07T10:37:41","modified_gmt":"2020-02-07T09:37:41","slug":"red-bull-so-slovenskymi-jazdcami-v-roku-2019","status":"publish","type":"post","link":"https:\/\/www.welovecycling.com\/sk\/2020\/01\/13\/red-bull-so-slovenskymi-jazdcami-v-roku-2019\/","title":{"rendered":"RED BULL so slovensk\u00fdmi jazdcami v\u00a0roku 2019"},"content":{"rendered":"<p><strong>Slovensk\u00ed bikeri sa u\u017e nezmazate\u013ene zap\u00edsali do svetovej \u0161pi\u010dky a\u00a0\u017ee je to naozaj pravda, dokazuj\u00fa ich skvel\u00e9 umiestnenia na pretekoch, ale aj miestne akcie, ktor\u00e9 maj\u00fa svetov\u00fa \u00fa\u010das\u0165. V\u00a0neposlednom rade m\u00e1 RED BULL pod svojimi kr\u00eddlami nieko\u013ek\u00fdch z\u00a0na\u0161ich chalanov a\u00a0hrdo ich prezentuje aj na svojich str\u00e1nkach. Pozreli sme sa teda, \u010do sa udialo po\u010das roka 2019, a to v\u010faka fantastick\u00fdm fotk\u00e1m a\u00a0dokonca u\u017e aj vide\u00e1m, ktor\u00e9 dokumentuj\u00fa slovensk\u00fa bike sc\u00e9nu.<\/strong><!--more--><\/p>\n<h2><strong>Adam Roj\u010dek a jeho divok\u00e1 sez\u00f3na<\/strong><\/h2>\n<p>Adam m\u00e1 za sebou divok\u00fa sez\u00f3nu. <strong>Za\u017eil si sl\u00e1vu ale aj p\u00e1dy a\u00a0to doslova.<\/strong> Nielen s\u00a0prepadmi v\u00a0umiestneniach na pretekoch, ale ochutnal aj prach a\u00a0hlinu, po\u010das nieko\u013ek\u00fdch nepr\u00edjemn\u00fdch \u201ckarambolov\u201d, ktor\u00e9 ho odstavili. Napr\u00edklad aj od Majstrovstiev sveta v\u00a0Kanade, ke\u010f si podvrtol z\u00e1p\u00e4stie a\u00a0znovu narazil rameno, ktor\u00fdm trafil poriadny kame\u0148 vo Fort Williame. Aby to v\u0161ak bolo vyv\u00e1\u017een\u00e9, osud mu doprial kvalifik\u00e1cie na svetov\u00e9 podujatia a\u00a0takisto <strong>cenn\u00e9 v\u00ed\u0165azstv\u00e1<\/strong>. Napr\u00edklad to bolo \u0161tvrt\u00e9 miesto na Eur\u00f3pskom poh\u00e1ri v\u00a0Brandnertali, ktor\u00fdm ukon\u010dil tohtoro\u010dn\u00fa s\u00fa\u0165a\u017en\u00fa sez\u00f3nu. Pozrite si p\u00e1r fotiek zo skvelej photostory, ktor\u00fa nafotil v\u00a0Maroku, kde sko\u010dil svoj zatia\u013e najv\u00e4\u010d\u0161\u00ed drop.<\/p>\n<div data-rows=\"2\" id='gallery-1' class='gallery-rows-2 gallery galleryid-9086 gallery-columns-2 gallery-size-full'><figure class='gallery-item'>\n\t\t\t<div class='gallery-icon landscape'>\n\t\t\t\t<a href='https:\/\/d2p6e6u75xmxt8.cloudfront.net\/4\/2020\/01\/RED-BULL_01.webp'><img loading=\"lazy\" decoding=\"async\" width=\"1200\" height=\"800\" src=\"https:\/\/d2p6e6u75xmxt8.cloudfront.net\/4\/2020\/01\/RED-BULL_01.webp\" class=\"attachment-full size-full\" alt=\"\" srcset=\"https:\/\/d2p6e6u75xmxt8.cloudfront.net\/4\/2020\/01\/RED-BULL_01.webp 1200w, https:\/\/d2p6e6u75xmxt8.cloudfront.net\/4\/2020\/01\/RED-BULL_01-300x200.webp 300w, https:\/\/d2p6e6u75xmxt8.cloudfront.net\/4\/2020\/01\/RED-BULL_01-1024x683.webp 1024w, https:\/\/d2p6e6u75xmxt8.cloudfront.net\/4\/2020\/01\/RED-BULL_01-768x512.webp 768w, https:\/\/d2p6e6u75xmxt8.cloudfront.net\/4\/2020\/01\/RED-BULL_01-272x182.webp 272w\" sizes=\"auto, (max-width: 1200px) 100vw, 1200px\" \/><\/a>\n\t\t\t<\/div><\/figure><figure class='gallery-item'>\n\t\t\t<div class='gallery-icon landscape'>\n\t\t\t\t<a href='https:\/\/d2p6e6u75xmxt8.cloudfront.net\/4\/2020\/01\/RED-BULL_03.webp'><img loading=\"lazy\" decoding=\"async\" width=\"1200\" height=\"800\" src=\"https:\/\/d2p6e6u75xmxt8.cloudfront.net\/4\/2020\/01\/RED-BULL_03.webp\" class=\"attachment-full size-full\" alt=\"\" srcset=\"https:\/\/d2p6e6u75xmxt8.cloudfront.net\/4\/2020\/01\/RED-BULL_03.webp 1200w, https:\/\/d2p6e6u75xmxt8.cloudfront.net\/4\/2020\/01\/RED-BULL_03-300x200.webp 300w, https:\/\/d2p6e6u75xmxt8.cloudfront.net\/4\/2020\/01\/RED-BULL_03-1024x683.webp 1024w, https:\/\/d2p6e6u75xmxt8.cloudfront.net\/4\/2020\/01\/RED-BULL_03-768x512.webp 768w, https:\/\/d2p6e6u75xmxt8.cloudfront.net\/4\/2020\/01\/RED-BULL_03-272x182.webp 272w\" sizes=\"auto, (max-width: 1200px) 100vw, 1200px\" \/><\/a>\n\t\t\t<\/div><\/figure><figure class='gallery-item'>\n\t\t\t<div class='gallery-icon landscape'>\n\t\t\t\t<a href='https:\/\/d2p6e6u75xmxt8.cloudfront.net\/4\/2020\/01\/RED-BULL_04.webp'><img loading=\"lazy\" decoding=\"async\" width=\"1200\" height=\"800\" src=\"https:\/\/d2p6e6u75xmxt8.cloudfront.net\/4\/2020\/01\/RED-BULL_04.webp\" class=\"attachment-full size-full\" alt=\"\" srcset=\"https:\/\/d2p6e6u75xmxt8.cloudfront.net\/4\/2020\/01\/RED-BULL_04.webp 1200w, https:\/\/d2p6e6u75xmxt8.cloudfront.net\/4\/2020\/01\/RED-BULL_04-300x200.webp 300w, https:\/\/d2p6e6u75xmxt8.cloudfront.net\/4\/2020\/01\/RED-BULL_04-1024x683.webp 1024w, https:\/\/d2p6e6u75xmxt8.cloudfront.net\/4\/2020\/01\/RED-BULL_04-768x512.webp 768w, https:\/\/d2p6e6u75xmxt8.cloudfront.net\/4\/2020\/01\/RED-BULL_04-272x182.webp 272w\" sizes=\"auto, (max-width: 1200px) 100vw, 1200px\" \/><\/a>\n\t\t\t<\/div><\/figure><figure class='gallery-item'>\n\t\t\t<div class='gallery-icon landscape'>\n\t\t\t\t<a href='https:\/\/d2p6e6u75xmxt8.cloudfront.net\/4\/2020\/01\/RED-BULL_02.webp'><img loading=\"lazy\" decoding=\"async\" width=\"1200\" height=\"800\" src=\"https:\/\/d2p6e6u75xmxt8.cloudfront.net\/4\/2020\/01\/RED-BULL_02.webp\" class=\"attachment-full size-full\" alt=\"\" srcset=\"https:\/\/d2p6e6u75xmxt8.cloudfront.net\/4\/2020\/01\/RED-BULL_02.webp 1200w, https:\/\/d2p6e6u75xmxt8.cloudfront.net\/4\/2020\/01\/RED-BULL_02-300x200.webp 300w, https:\/\/d2p6e6u75xmxt8.cloudfront.net\/4\/2020\/01\/RED-BULL_02-1024x683.webp 1024w, https:\/\/d2p6e6u75xmxt8.cloudfront.net\/4\/2020\/01\/RED-BULL_02-768x512.webp 768w, https:\/\/d2p6e6u75xmxt8.cloudfront.net\/4\/2020\/01\/RED-BULL_02-272x182.webp 272w\" sizes=\"auto, (max-width: 1200px) 100vw, 1200px\" \/><\/a>\n\t\t\t<\/div><\/figure>\n\t\t<\/div>\n        \n<div style=\"margin-top:-20px;margin-bottom: 35px;\">(autor fotografi\u00ed: Peter Lengyel\/Red Bull Content Pool)<\/div>\n<div class=\"shortcode-ys-post-pinup\"><article class=\"loop-simple post-8631 post type-post status-publish format-standard has-post-thumbnail hentry category-mtb tag-adam-rojcek tag-biker tag-freeride tag-horska-cyklistika tag-horsky-bicykel tag-liptov tag-majster-slovenska tag-mtb tag-najlepsi-zjazdar tag-prilba tag-trening tag-voda tag-zabava tag-zaluba tag-zima global-categories-cycling\" data-postid=\"8631\" role=\"article\" data-post-id=\"8631\" data-word-count=\"933\" data-headline-length=\"59\" data-category=\"MTB\" data-global-category=\"Cycling\" data-author=\"Peter Lengyel\" data-published=\"2019-11-13T11:10:30+01:00\" data-published-day=\"Wednesday\">\n    <div class=\"entry-thumbnail article-thumbnail\" content=\"https:\/\/d2p6e6u75xmxt8.cloudfront.net\/4\/2019\/11\/rojcek_titulka-150x150.webp\"><a href=\"https:\/\/www.welovecycling.com\/sk\/2019\/11\/13\/adam-rojcek-ako-som-okusil-africky-piesok\/\" class=\"image-holder\" target=\"_self\"><img decoding=\"async\" loading=\"lazy\" class=\"\" src=\"https:\/\/d2p6e6u75xmxt8.cloudfront.net\/4\/2019\/11\/rojcek_titulka-1024x445.webp\" srcset=\"https:\/\/d2p6e6u75xmxt8.cloudfront.net\/4\/2019\/11\/rojcek_titulka.webp 1380w, https:\/\/d2p6e6u75xmxt8.cloudfront.net\/4\/2019\/11\/rojcek_titulka-300x130.webp 300w, https:\/\/d2p6e6u75xmxt8.cloudfront.net\/4\/2019\/11\/rojcek_titulka-1024x445.webp 1024w, https:\/\/d2p6e6u75xmxt8.cloudfront.net\/4\/2019\/11\/rojcek_titulka-768x334.webp 768w\" width=\"1024\" height=\"445\" sizes=\"auto, (min-width: 1200px) 460px, (min-width: 768px) 38vw, 100vw\" alt=\"adam-rojcek-ako-som-okusil-africky-piesok\"\/><\/a><\/div>    <div class=\"entry-meta\">\n        <a class=\"label label-secondary post-category\" href=\"https:\/\/www.welovecycling.com\/sk\/category\/mtb\/\" title=\"MTB\">MTB<\/a>\n    <\/div>\n    <div class=\"entry-details\">\n        <a href=\"https:\/\/www.welovecycling.com\/sk\/2019\/11\/13\/adam-rojcek-ako-som-okusil-africky-piesok\/\" class='entry-title-wrapper'>\n            <h3 class=\"entry-title\"><span>Adam Roj\u010dek: &#8222;Ako som ok\u00fasil africk\u00fd piesok&#8220;<\/span><\/h3>\n        <\/a>\n    <\/div>\n    <\/article>\n<\/div>\n<h2><strong>Bikefest K\u00e1lnica<\/strong><\/h2>\n<p>Najv\u00e4\u010d\u0161\u00ed slovensk\u00fd cyklofestival, ktor\u00fd sa konal v\u00a0K\u00e1lnici pri Novom Meste nad V\u00e1hom, tu bol u\u017e po deviatykr\u00e1t. Jeden\u00e1s\u0165 discipl\u00edn, v\u00a0ktor\u00fdch sa s\u00fa\u0165a\u017eilo, <strong>pritiahlo ve\u013ek\u00e9 mno\u017estvo fan\u00fa\u0161ikov<\/strong> a\u00a0nemal\u00fdm \u0165ah\u00e1kom pre bikerov boli dve discipl\u00edny, ktor\u00e9 s\u00fa s\u00fa\u010das\u0165ou svetov\u00fdch s\u00e9ri\u00ed <strong>Garmin Slopestyle<\/strong> a\u00a0<strong>CTM Enduro Race<\/strong>. Napriek tomu, \u017ee po\u010das cel\u00e9ho t\u00fd\u017ed\u0148a pr\u0161al m\u00e1jov\u00fd d\u00e1\u017e\u010f, tak cez v\u00edkend sa po\u010dasie zlep\u0161ilo a\u00a0slnie\u010dko prialo celej akcii. Nezost\u00e1va ni\u010d in\u00e9, <strong>len sa pripravi\u0165 na jubilejn\u00fd desiaty ro\u010dn\u00edk<\/strong>.<\/p>\n<div data-rows=\"2\" id='gallery-2' class='gallery-rows-2 gallery galleryid-8631 gallery-columns-2 gallery-size-full'><figure class='gallery-item'>\n\t\t\t<div class='gallery-icon landscape'>\n\t\t\t\t<a href='https:\/\/d2p6e6u75xmxt8.cloudfront.net\/4\/2020\/01\/RED-BULL_05.webp'><img loading=\"lazy\" decoding=\"async\" width=\"1200\" height=\"800\" src=\"https:\/\/d2p6e6u75xmxt8.cloudfront.net\/4\/2020\/01\/RED-BULL_05.webp\" class=\"attachment-full size-full\" alt=\"\" srcset=\"https:\/\/d2p6e6u75xmxt8.cloudfront.net\/4\/2020\/01\/RED-BULL_05.webp 1200w, https:\/\/d2p6e6u75xmxt8.cloudfront.net\/4\/2020\/01\/RED-BULL_05-300x200.webp 300w, https:\/\/d2p6e6u75xmxt8.cloudfront.net\/4\/2020\/01\/RED-BULL_05-1024x683.webp 1024w, https:\/\/d2p6e6u75xmxt8.cloudfront.net\/4\/2020\/01\/RED-BULL_05-768x512.webp 768w, https:\/\/d2p6e6u75xmxt8.cloudfront.net\/4\/2020\/01\/RED-BULL_05-272x182.webp 272w\" sizes=\"auto, (max-width: 1200px) 100vw, 1200px\" \/><\/a>\n\t\t\t<\/div><\/figure><figure class='gallery-item'>\n\t\t\t<div class='gallery-icon landscape'>\n\t\t\t\t<a href='https:\/\/d2p6e6u75xmxt8.cloudfront.net\/4\/2020\/01\/RED-BULL_06.webp'><img loading=\"lazy\" decoding=\"async\" width=\"1200\" height=\"800\" src=\"https:\/\/d2p6e6u75xmxt8.cloudfront.net\/4\/2020\/01\/RED-BULL_06.webp\" class=\"attachment-full size-full\" alt=\"\" srcset=\"https:\/\/d2p6e6u75xmxt8.cloudfront.net\/4\/2020\/01\/RED-BULL_06.webp 1200w, https:\/\/d2p6e6u75xmxt8.cloudfront.net\/4\/2020\/01\/RED-BULL_06-300x200.webp 300w, https:\/\/d2p6e6u75xmxt8.cloudfront.net\/4\/2020\/01\/RED-BULL_06-1024x683.webp 1024w, https:\/\/d2p6e6u75xmxt8.cloudfront.net\/4\/2020\/01\/RED-BULL_06-768x512.webp 768w, https:\/\/d2p6e6u75xmxt8.cloudfront.net\/4\/2020\/01\/RED-BULL_06-272x182.webp 272w\" sizes=\"auto, (max-width: 1200px) 100vw, 1200px\" \/><\/a>\n\t\t\t<\/div><\/figure>\n\t\t<\/div>\n        \n<div style=\"margin-top:-20px;margin-bottom: 35px;\">(autor fotografi\u00ed: Filip Nagy\/Red Bull Content Pool)<\/div>\n<h2><strong>Adrenalin film festival<\/strong><\/h2>\n<p>Unik\u00e1tne podujatie, ktor\u00e9 sa kon\u00e1 na jese\u0148 v\u00a0Bratislave, <strong>m\u00e1 za sebou u\u017e \u0161es\u0165 rokov \u00faspe\u0161nej \u010dinnosti<\/strong>. Filmov\u00fd sviatok pre v\u0161etk\u00fdch fan\u00fa\u0161ikov adrenal\u00ednu pon\u00fakol aj tento rok premi\u00e9ry od t\u00fdch najv\u00e4\u010d\u0161\u00edch filmov\u00fdch produkci\u00ed z\u00a0cel\u00e9ho sveta. Tento ro\u010dn\u00edk pribudla sekcia zameran\u00e1 na cyklistiku, v\u00a0r\u00e1mci ktorej div\u00e1ci videli slovensk\u00fd film od t\u00edmu <strong>CTM Offline World<\/strong> a\u00a0\u00faspe\u0161n\u00fd film <strong>Return to Earth<\/strong> s\u00a0t\u00fdmi najv\u00e4\u010d\u0161\u00edm bike hviezdami cel\u00e9ho sveta.<\/p>\n<lite-youtube videoid=oL9eo49yl30 params=\"enablejsapi=1\" style=\"background-image: url('https:\/\/i.ytimg.com\/vi_webp\/oL9eo49yl30\/maxresdefault.webp');\"><\/lite-youtube>\n<h2><strong>Offline World slovensk\u00fd bike film<\/strong><\/h2>\n<p>Skvel\u00e9 filmov\u00e9 dokumenty z cyklistiky sa vo svete vyr\u00e1baj\u00fa ako na be\u017eiacom p\u00e1se, ale na Slovensku kvalitn\u00e9 spracovanie tejto tematiky ch\u00fdbalo. Mo\u017eno aj v\u010faka tomu, \u017ee viacer\u00ed na\u0161i bikeri sa v\u00a0poslednej dobe te\u0161ia zo svetov\u00fdch \u00faspechov, bolo na\u010dase, <strong>aby sa nato\u010dila s\u00e9ria dokumentov z\u00a0piatich lokal\u00edt preva\u017ene zo Slovenska<\/strong>, ale aj z\u00a0<strong>\u010ciech<\/strong> a\u00a0<strong>Po\u013eska<\/strong>. Autorom my\u0161lienky a\u00a0z\u00e1rove\u0148 producentom je Tom\u00e1\u0161 T\u00f3th, ktor\u00fd oslovil kameramana Pichiho a\u00a0pustili sa do nie\u010doho nezn\u00e1meho. V\u00fdsledok nakoniec vy\u0161iel nad o\u010dak\u00e1vanie dobre a\u00a0ak\u00fdmsi mottom cel\u00e9ho filmu je veta: <em>\u201eTreba sa nau\u010di\u0165 vypn\u00fa\u0165 a\u00a0najlep\u0161ie je to pri tom, \u010do m\u00e1\u0161 r\u00e1d.\u201c<\/em><\/p>\n<lite-youtube videoid=y_EHDS5quRo params=\"enablejsapi=1\" style=\"background-image: url('https:\/\/i.ytimg.com\/vi_webp\/y_EHDS5quRo\/maxresdefault.webp');\"><\/lite-youtube>\n<p>Tak\u00e1 bola <strong>sez\u00f3na 2019<\/strong> a\u00a0\u010doskoro od\u0161tartujeme nov\u00fa. A\u00a0tak si navz\u00e1jom \u017eelajme, aby sme sa my, Slov\u00e1ci, na svetovej sc\u00e9ne v\u00a0tomto roku <strong>zap\u00edsali e\u0161te v\u00fdraznej\u0161ie<\/strong>. Mo\u017eno sa tento rok niektor\u00fd z na\u0161ich jazdcov objav\u00ed aj na najprest\u00ed\u017enej\u0161ej s\u00fa\u0165a\u017ei Rampage, ktor\u00e1 ka\u017edoro\u010dne preveruje kvality najlep\u0161\u00edch svetov\u00fdch jazdcov, ktor\u00ed doslova prekon\u00e1vaj\u00fa fyzik\u00e1lne z\u00e1kony. <strong>Uvid\u00edme a dr\u017eme si palce!<\/strong><\/p>\n<p>(autor titulnej fotografie: Andrej Grznar\/Red Bull Content Pool)<\/p>\n","protected":false},"excerpt":{"rendered":"<p>Slovensk\u00ed bikeri sa u\u017e nezmazate\u013ene zap\u00edsali do svetovej \u0161pi\u010dky a\u00a0\u017ee je to naozaj pravda, dokazuj\u00fa ich skvel\u00e9 umiestnenia na pretekoch, [&hellip;]<\/p>\n","protected":false},"author":81,"featured_media":9097,"comment_status":"open","ping_status":"open","sticky":false,"template":"","format":"standard","meta":{"footnotes":""},"categories":[47],"tags":[756,319,62,966,1172,303,896,1167,180,890,767,412,722,1005,302,370,304,256,55,886],"global-categories":[1074],"class_list":["post-9086","post","type-post","status-publish","format-standard","has-post-thumbnail","hentry","category-adrenalin","tag-adam-rojcek","tag-adrenalin","tag-bezpecnost","tag-bikefest-kalnica","tag-cyklisticky-film","tag-down-hill","tag-enduro","tag-film","tag-horska-cyklistika","tag-jazdec","tag-motivacia","tag-mtb","tag-nebezpecenstvo","tag-pad","tag-red-bull","tag-red-bull-district-ride","tag-rampage","tag-sezona","tag-trening","tag-vitazstvo","global-categories-cycling"],"yoast_head":"<!-- This site is optimized with the Yoast SEO Premium plugin v25.3 (Yoast SEO v25.9) - https:\/\/yoast.com\/wordpress\/plugins\/seo\/ -->\n<title>RED BULL so slovensk\u00fdmi jazdcami v\u00a0roku 2019 - \u0160koda We Love Cycling Slovensko<\/title>\n<meta name=\"robots\" content=\"index, follow, max-snippet:-1, max-image-preview:large, max-video-preview:-1\" \/>\n<link rel=\"canonical\" href=\"https:\/\/www.welovecycling.com\/sk\/2020\/01\/13\/red-bull-so-slovenskymi-jazdcami-v-roku-2019\/\" \/>\n<meta property=\"og:locale\" content=\"sk_SK\" \/>\n<meta property=\"og:type\" content=\"article\" \/>\n<meta property=\"og:title\" content=\"RED BULL so slovensk\u00fdmi jazdcami v\u00a0roku 2019\" \/>\n<meta property=\"og:description\" content=\"Slovensk\u00ed bikeri sa u\u017e nezmazate\u013ene zap\u00edsali do svetovej \u0161pi\u010dky a\u00a0\u017ee je to naozaj pravda, dokazuj\u00fa ich skvel\u00e9 umiestnenia na pretekoch, [&hellip;]\" \/>\n<meta property=\"og:url\" content=\"https:\/\/www.welovecycling.com\/sk\/2020\/01\/13\/red-bull-so-slovenskymi-jazdcami-v-roku-2019\/\" \/>\n<meta property=\"og:site_name\" content=\"\u0160koda We Love Cycling Slovensko\" \/>\n<meta property=\"article:published_time\" content=\"2020-01-13T08:23:29+00:00\" \/>\n<meta property=\"article:modified_time\" content=\"2020-02-07T09:37:41+00:00\" \/>\n<meta property=\"og:image\" content=\"https:\/\/d2p6e6u75xmxt8.cloudfront.net\/4\/2020\/01\/RED-BULL_00.webp\" \/>\n\t<meta property=\"og:image:width\" content=\"1380\" \/>\n\t<meta property=\"og:image:height\" content=\"600\" \/>\n\t<meta property=\"og:image:type\" content=\"image\/webp\" \/>\n<meta name=\"twitter:card\" content=\"summary_large_image\" \/>\n<meta name=\"twitter:label1\" content=\"Written by\" \/>\n\t<meta name=\"twitter:data1\" content=\"Peter Lengyel\" \/>\n\t<meta name=\"twitter:label2\" content=\"Est. reading time\" \/>\n\t<meta name=\"twitter:data2\" content=\"7\" \/>\n<script type=\"application\/ld+json\" class=\"yoast-schema-graph\">{\"@context\":\"https:\/\/schema.org\",\"@graph\":[{\"@type\":\"WebPage\",\"@id\":\"https:\/\/www.welovecycling.com\/sk\/2020\/01\/13\/red-bull-so-slovenskymi-jazdcami-v-roku-2019\/\",\"url\":\"https:\/\/www.welovecycling.com\/sk\/2020\/01\/13\/red-bull-so-slovenskymi-jazdcami-v-roku-2019\/\",\"name\":\"RED BULL so slovensk\u00fdmi jazdcami v\u00a0roku 2019 - \u0160koda We Love Cycling Slovensko\",\"isPartOf\":{\"@id\":\"https:\/\/www.welovecycling.com\/sk\/#website\"},\"primaryImageOfPage\":{\"@id\":\"https:\/\/www.welovecycling.com\/sk\/2020\/01\/13\/red-bull-so-slovenskymi-jazdcami-v-roku-2019\/#primaryimage\"},\"image\":{\"@id\":\"https:\/\/www.welovecycling.com\/sk\/2020\/01\/13\/red-bull-so-slovenskymi-jazdcami-v-roku-2019\/#primaryimage\"},\"thumbnailUrl\":\"https:\/\/d2p6e6u75xmxt8.cloudfront.net\/4\/2020\/01\/RED-BULL_00.webp\",\"datePublished\":\"2020-01-13T08:23:29+00:00\",\"dateModified\":\"2020-02-07T09:37:41+00:00\",\"author\":{\"@id\":\"\"},\"breadcrumb\":{\"@id\":\"https:\/\/www.welovecycling.com\/sk\/2020\/01\/13\/red-bull-so-slovenskymi-jazdcami-v-roku-2019\/#breadcrumb\"},\"inLanguage\":\"sk-SK\",\"potentialAction\":[{\"@type\":\"ReadAction\",\"target\":[\"https:\/\/www.welovecycling.com\/sk\/2020\/01\/13\/red-bull-so-slovenskymi-jazdcami-v-roku-2019\/\"]}]},{\"@type\":\"ImageObject\",\"inLanguage\":\"sk-SK\",\"@id\":\"https:\/\/www.welovecycling.com\/sk\/2020\/01\/13\/red-bull-so-slovenskymi-jazdcami-v-roku-2019\/#primaryimage\",\"url\":\"https:\/\/d2p6e6u75xmxt8.cloudfront.net\/4\/2020\/01\/RED-BULL_00.webp\",\"contentUrl\":\"https:\/\/d2p6e6u75xmxt8.cloudfront.net\/4\/2020\/01\/RED-BULL_00.webp\",\"width\":1380,\"height\":600},{\"@type\":\"BreadcrumbList\",\"@id\":\"https:\/\/www.welovecycling.com\/sk\/2020\/01\/13\/red-bull-so-slovenskymi-jazdcami-v-roku-2019\/#breadcrumb\",\"itemListElement\":[{\"@type\":\"ListItem\",\"position\":1,\"name\":\"Home\",\"item\":\"https:\/\/www.welovecycling.com\/sk\/\"},{\"@type\":\"ListItem\",\"position\":2,\"name\":\"RED BULL so slovensk\u00fdmi jazdcami v\u00a0roku 2019\"}]},{\"@type\":\"WebSite\",\"@id\":\"https:\/\/www.welovecycling.com\/sk\/#website\",\"url\":\"https:\/\/www.welovecycling.com\/sk\/\",\"name\":\"\u0160koda We Love Cycling Slovensko\",\"description\":\"\u0160koda We Love Cycling Slovensko je v\u00e1\u0161 ka\u017edodenn\u00fd zdroj noviniek a in\u0161pir\u00e1cie z sveta cyklistiky\",\"potentialAction\":[{\"@type\":\"SearchAction\",\"target\":{\"@type\":\"EntryPoint\",\"urlTemplate\":\"https:\/\/www.welovecycling.com\/sk\/?s={search_term_string}\"},\"query-input\":{\"@type\":\"PropertyValueSpecification\",\"valueRequired\":true,\"valueName\":\"search_term_string\"}}],\"inLanguage\":\"sk-SK\"},{\"@type\":\"Person\",\"@id\":\"\",\"url\":\"https:\/\/www.welovecycling.com\/sk\/author\/\"}]}<\/script>\n<!-- \/ Yoast SEO Premium plugin. -->","yoast_head_json":{"title":"RED BULL so slovensk\u00fdmi jazdcami v\u00a0roku 2019 - \u0160koda We Love Cycling Slovensko","robots":{"index":"index","follow":"follow","max-snippet":"max-snippet:-1","max-image-preview":"max-image-preview:large","max-video-preview":"max-video-preview:-1"},"canonical":"https:\/\/www.welovecycling.com\/sk\/2020\/01\/13\/red-bull-so-slovenskymi-jazdcami-v-roku-2019\/","og_locale":"sk_SK","og_type":"article","og_title":"RED BULL so slovensk\u00fdmi jazdcami v\u00a0roku 2019","og_description":"Slovensk\u00ed bikeri sa u\u017e nezmazate\u013ene zap\u00edsali do svetovej \u0161pi\u010dky a\u00a0\u017ee je to naozaj pravda, dokazuj\u00fa ich skvel\u00e9 umiestnenia na pretekoch, [&hellip;]","og_url":"https:\/\/www.welovecycling.com\/sk\/2020\/01\/13\/red-bull-so-slovenskymi-jazdcami-v-roku-2019\/","og_site_name":"\u0160koda We Love Cycling Slovensko","article_published_time":"2020-01-13T08:23:29+00:00","article_modified_time":"2020-02-07T09:37:41+00:00","og_image":[{"width":1380,"height":600,"url":"https:\/\/d2p6e6u75xmxt8.cloudfront.net\/4\/2020\/01\/RED-BULL_00.webp","type":"image\/webp"}],"twitter_card":"summary_large_image","twitter_misc":{"Written by":"Peter Lengyel","Est. reading time":"7"},"schema":{"@context":"https:\/\/schema.org","@graph":[{"@type":"WebPage","@id":"https:\/\/www.welovecycling.com\/sk\/2020\/01\/13\/red-bull-so-slovenskymi-jazdcami-v-roku-2019\/","url":"https:\/\/www.welovecycling.com\/sk\/2020\/01\/13\/red-bull-so-slovenskymi-jazdcami-v-roku-2019\/","name":"RED BULL so slovensk\u00fdmi jazdcami v\u00a0roku 2019 - \u0160koda We Love Cycling Slovensko","isPartOf":{"@id":"https:\/\/www.welovecycling.com\/sk\/#website"},"primaryImageOfPage":{"@id":"https:\/\/www.welovecycling.com\/sk\/2020\/01\/13\/red-bull-so-slovenskymi-jazdcami-v-roku-2019\/#primaryimage"},"image":{"@id":"https:\/\/www.welovecycling.com\/sk\/2020\/01\/13\/red-bull-so-slovenskymi-jazdcami-v-roku-2019\/#primaryimage"},"thumbnailUrl":"https:\/\/d2p6e6u75xmxt8.cloudfront.net\/4\/2020\/01\/RED-BULL_00.webp","datePublished":"2020-01-13T08:23:29+00:00","dateModified":"2020-02-07T09:37:41+00:00","author":{"@id":""},"breadcrumb":{"@id":"https:\/\/www.welovecycling.com\/sk\/2020\/01\/13\/red-bull-so-slovenskymi-jazdcami-v-roku-2019\/#breadcrumb"},"inLanguage":"sk-SK","potentialAction":[{"@type":"ReadAction","target":["https:\/\/www.welovecycling.com\/sk\/2020\/01\/13\/red-bull-so-slovenskymi-jazdcami-v-roku-2019\/"]}]},{"@type":"ImageObject","inLanguage":"sk-SK","@id":"https:\/\/www.welovecycling.com\/sk\/2020\/01\/13\/red-bull-so-slovenskymi-jazdcami-v-roku-2019\/#primaryimage","url":"https:\/\/d2p6e6u75xmxt8.cloudfront.net\/4\/2020\/01\/RED-BULL_00.webp","contentUrl":"https:\/\/d2p6e6u75xmxt8.cloudfront.net\/4\/2020\/01\/RED-BULL_00.webp","width":1380,"height":600},{"@type":"BreadcrumbList","@id":"https:\/\/www.welovecycling.com\/sk\/2020\/01\/13\/red-bull-so-slovenskymi-jazdcami-v-roku-2019\/#breadcrumb","itemListElement":[{"@type":"ListItem","position":1,"name":"Home","item":"https:\/\/www.welovecycling.com\/sk\/"},{"@type":"ListItem","position":2,"name":"RED BULL so slovensk\u00fdmi jazdcami v\u00a0roku 2019"}]},{"@type":"WebSite","@id":"https:\/\/www.welovecycling.com\/sk\/#website","url":"https:\/\/www.welovecycling.com\/sk\/","name":"\u0160koda We Love Cycling Slovensko","description":"\u0160koda We Love Cycling Slovensko je v\u00e1\u0161 ka\u017edodenn\u00fd zdroj noviniek a in\u0161pir\u00e1cie z sveta cyklistiky","potentialAction":[{"@type":"SearchAction","target":{"@type":"EntryPoint","urlTemplate":"https:\/\/www.welovecycling.com\/sk\/?s={search_term_string}"},"query-input":{"@type":"PropertyValueSpecification","valueRequired":true,"valueName":"search_term_string"}}],"inLanguage":"sk-SK"},{"@type":"Person","@id":"","url":"https:\/\/www.welovecycling.com\/sk\/author\/"}]}},"_links":{"self":[{"href":"https:\/\/www.welovecycling.com\/sk\/wp-json\/wp\/v2\/posts\/9086","targetHints":{"allow":["GET"]}}],"collection":[{"href":"https:\/\/www.welovecycling.com\/sk\/wp-json\/wp\/v2\/posts"}],"about":[{"href":"https:\/\/www.welovecycling.com\/sk\/wp-json\/wp\/v2\/types\/post"}],"author":[{"embeddable":true,"href":"https:\/\/www.welovecycling.com\/sk\/wp-json\/wp\/v2\/users\/81"}],"replies":[{"embeddable":true,"href":"https:\/\/www.welovecycling.com\/sk\/wp-json\/wp\/v2\/comments?post=9086"}],"version-history":[{"count":2,"href":"https:\/\/www.welovecycling.com\/sk\/wp-json\/wp\/v2\/posts\/9086\/revisions"}],"predecessor-version":[{"id":9325,"href":"https:\/\/www.welovecycling.com\/sk\/wp-json\/wp\/v2\/posts\/9086\/revisions\/9325"}],"wp:featuredmedia":[{"embeddable":true,"href":"https:\/\/www.welovecycling.com\/sk\/wp-json\/wp\/v2\/media\/9097"}],"wp:attachment":[{"href":"https:\/\/www.welovecycling.com\/sk\/wp-json\/wp\/v2\/media?parent=9086"}],"wp:term":[{"taxonomy":"category","embeddable":true,"href":"https:\/\/www.welovecycling.com\/sk\/wp-json\/wp\/v2\/categories?post=9086"},{"taxonomy":"post_tag","embeddable":true,"href":"https:\/\/www.welovecycling.com\/sk\/wp-json\/wp\/v2\/tags?post=9086"},{"taxonomy":"global-categories","embeddable":true,"href":"https:\/\/www.welovecycling.com\/sk\/wp-json\/wp\/v2\/global-categories?post=9086"}],"curies":[{"name":"wp","href":"https:\/\/api.w.org\/{rel}","templated":true}]}}