{"id":9072,"date":"2020-01-17T09:51:50","date_gmt":"2020-01-17T08:51:50","guid":{"rendered":"https:\/\/www.welovecycling.com\/sk\/?p=9072"},"modified":"2020-01-16T15:52:27","modified_gmt":"2020-01-16T14:52:27","slug":"sezona-2020-bude-pre-petra-sagana-vyzvou-co-ho-caka","status":"publish","type":"post","link":"https:\/\/www.welovecycling.com\/sk\/2020\/01\/17\/sezona-2020-bude-pre-petra-sagana-vyzvou-co-ho-caka\/","title":{"rendered":"Sez\u00f3na 2020 bude pre Petra Sagana v\u00fdzvou &#8211; \u010do ho \u010dak\u00e1?"},"content":{"rendered":"<p><strong>I\u00a0ke\u010f sme si u\u017e zvykli v\u00edda\u0165 Sagana na mno\u017estve podujat\u00ed, tento rok bude op\u00e4\u0165 nie\u010d\u00edm nov\u00fdm. Sn\u00e1\u010f sa mu po minuloro\u010dnom \u201epoklese\u201c znova podar\u00ed nadviaza\u0165 na t\u00fa formu, v\u00a0ktorej Pe\u0165a pozn\u00e1me.<\/strong><!--more--><\/p>\n<p>Najv\u00e4\u010d\u0161\u00edm prekvapen\u00edm bude jeho <strong>debutov\u00fd \u0161tart na Giro d\u02b9Italia<\/strong>. Popravde, u\u017e bolo na\u010dase. Po desiatich rokoch v\u00a0profipelot\u00f3ne, navy\u0161e po troch rokoch v\u00a0r\u00fddzo talianskom zoskupen\u00ed Liquigas-Cannondale, je to teda prv\u00fdkr\u00e1t.<\/p>\n<p><a href=\"https:\/\/d2p6e6u75xmxt8.cloudfront.net\/4\/2020\/01\/Sagan_01.jpg\"><img loading=\"lazy\" decoding=\"async\" src=\"https:\/\/d2p6e6u75xmxt8.cloudfront.net\/4\/2020\/01\/Sagan_01.jpg\" alt=\"\" width=\"1200\" height=\"569\" class=\"alignnone size-full wp-image-9079\" \/><\/a><\/p>\n<p>Oproti predch\u00e1dzaj\u00facim rokom sa nez\u00fa\u010dastn\u00ed janu\u00e1rov\u00e9ho podujatia, <strong>Santos Tour Down Under<\/strong> v\u00a0Austr\u00e1lii, ktor\u00e9 sa uskuto\u010dn\u00ed aj napriek po\u017eiarom, ktor\u00e9 su\u017euj\u00fa tento kontinent.<\/p>\n<div class=\"shortcode-ys-post-pinup\"><article class=\"loop-simple post-8458 post type-post status-publish format-standard has-post-thumbnail hentry category-cestna-cyklisitika tag-amstel-gold-race tag-cesta tag-cestna-cyklistika tag-cestny-bicykel tag-etapove-preteky tag-milano-san-remo tag-okolo-flamska tag-okolo-kalifornie tag-okolo-svajciarska tag-pariz-roubaix tag-peter-sagan tag-pretekar tag-tour-de-france tag-vitaz tag-vitazstvo global-categories-cycling\" data-postid=\"8458\" role=\"article\" data-post-id=\"8458\" data-word-count=\"932\" data-headline-length=\"39\" data-category=\"Cestn\u00e1 cyklistika\" data-global-category=\"Cycling\" data-author=\"We Love Cycling\" data-published=\"2019-10-18T13:31:54+02:00\" data-published-day=\"Friday\">\n    <div class=\"entry-thumbnail article-thumbnail\" content=\"https:\/\/d2p6e6u75xmxt8.cloudfront.net\/4\/2019\/10\/00-150x150.webp\"><a href=\"https:\/\/www.welovecycling.com\/sk\/2019\/10\/18\/peter-sagan-a-jeho-sezona-2019-v-kocke\/\" class=\"image-holder\" target=\"_self\"><img decoding=\"async\" loading=\"lazy\" class=\"\" src=\"https:\/\/d2p6e6u75xmxt8.cloudfront.net\/4\/2019\/10\/00-1024x445.webp\" srcset=\"https:\/\/d2p6e6u75xmxt8.cloudfront.net\/4\/2019\/10\/00.webp 1380w, https:\/\/d2p6e6u75xmxt8.cloudfront.net\/4\/2019\/10\/00-300x130.webp 300w, https:\/\/d2p6e6u75xmxt8.cloudfront.net\/4\/2019\/10\/00-1024x445.webp 1024w, https:\/\/d2p6e6u75xmxt8.cloudfront.net\/4\/2019\/10\/00-768x334.webp 768w\" width=\"1024\" height=\"445\" sizes=\"auto, (min-width: 1200px) 460px, (min-width: 768px) 38vw, 100vw\" alt=\"peter-sagan-a-jeho-sezona-2019-v-kocke\"\/><\/a><\/div>    <div class=\"entry-meta\">\n        <a class=\"label label-secondary post-category\" href=\"https:\/\/www.welovecycling.com\/sk\/category\/cestna-cyklisitika\/\" title=\"Cestn\u00e1 cyklistika\">Cestn\u00e1 cyklistika<\/a>\n    <\/div>\n    <div class=\"entry-details\">\n        <a href=\"https:\/\/www.welovecycling.com\/sk\/2019\/10\/18\/peter-sagan-a-jeho-sezona-2019-v-kocke\/\" class='entry-title-wrapper'>\n            <h3 class=\"entry-title\"><span>Peter Sagan a jeho sez\u00f3na 2019 v kocke<\/span><\/h3>\n        <\/a>\n    <\/div>\n    <\/article>\n<\/div>\n<h2><strong>Vuelta a\u00a0San Juan Internacional &#8211; 26. janu\u00e1ra &#8211; 2. febru\u00e1ra<\/strong><\/h2>\n<p>Aj preto bud\u00fa prv\u00fdmi pretekmi pre Petra argent\u00ednska Vuelta. S\u00a0\u0148ou m\u00e1 u\u017e <strong>sk\u00fasenosti z\u00a0minul\u00e9ho roka<\/strong>, kedy s\u00edce nez\u00edskal \u017eiadne v\u00ed\u0165azstvo v\u00a0etape, ale aspo\u0148 sa pripravil na nasleduj\u00face mesiace. Najlep\u0161\u00edm bolo 2. miesto v\u00a04. etape, kedy nesta\u010dil len na Gaviriu.<\/p>\n<lite-youtube videoid=yGLf-f3H7Uo params=\"enablejsapi=1\" style=\"background-image: url('https:\/\/i.ytimg.com\/vi_webp\/yGLf-f3H7Uo\/maxresdefault.webp');\"><\/lite-youtube>\n<h2><strong>Omloop Het Nieuwsblad Elite &#8211; 29. febru\u00e1ra<\/strong><\/h2>\n<p>Po takmer mesa\u010dnej pauze sa postupne bude musie\u0165 pot\u00fdka\u0165 s\u00a0koren\u00edm jarnej \u010dasti sez\u00f3ny &#8211; s\u00a0klasikami. Omloop je jednou z\u00a0\u00favodn\u00fdch v\u00a0sez\u00f3ne pre ka\u017ed\u00e9ho profipretek\u00e1ra, av\u0161ak z\u00a0nej si <strong>Peter e\u0161te v\u00ed\u0165azstvo neodniesol<\/strong>. Proti sebe bude ma\u0165 konkurentov ako G. van Avermaet, O. Naesen alebo Z. \u0160tybar.<\/p>\n<h2><strong>Talianske trio &#8211; 7. marca a\u017e 21. marca<\/strong><\/h2>\n<p>To, \u017ee Peter je odchovancom talianskeho prostredia sme si u\u017e povedali. Netreba preto dod\u00e1va\u0165, \u017ee t\u00e1to \u201ekl\u00edma\u201c sa po\u010das jeho kari\u00e9ry uk\u00e1zala za pr\u00edvetiv\u00fa k\u00a0jeho v\u00fdsledkom.<\/p>\n<p><a href=\"https:\/\/d2p6e6u75xmxt8.cloudfront.net\/4\/2020\/01\/Sagan_02.jpg\"><img loading=\"lazy\" decoding=\"async\" src=\"https:\/\/d2p6e6u75xmxt8.cloudfront.net\/4\/2020\/01\/Sagan_02.jpg\" alt=\"\" width=\"1200\" height=\"800\" class=\"alignnone size-full wp-image-9080\" \/><\/a><\/p>\n<p>Legendami opraden\u00e9 <strong>Strade Bianche<\/strong> bude mo\u017enos\u0165ou bodova\u0165 pre cel\u00fa plej\u00e1du jazdcov. I\u00a0ke\u010f m\u00e1 \u201elen\u201c necel\u00fdch 200 km, \u010dast\u00e9 such\u00e9 alebo da\u017ediv\u00e9 po\u010dasie dok\u00e1\u017ee znepr\u00edjemni\u0165 de\u0148 komuko\u013evek. Navy\u0161e, netreba zab\u00fada\u0165 na cie\u013eov\u00e9 st\u00fapanie s\u00a0maximom na 20 % a\u00a0s\u00a0priemerom 13 %. Ani tu doposia\u013e Sagan nevyhral.<\/p>\n<p>Jedin\u00fdm skor\u00fdm talianskym etap\u00e1kom, na ktorom uvid\u00edme Petra, je <strong>Tirreno-Adriatico<\/strong>. Sedem et\u00e1p s\u00a0jednou individu\u00e1lnou \u010dasovkou bude za\u0165a\u017ek\u00e1vaj\u00facou sk\u00fa\u0161kou zimnej pr\u00edpravy. Pam\u00e4t\u00e1me si obr\u00e1zky pr\u00e1ve z\u00a0tohto podujatia v\u00a0roku 2013, kedy Sagan <strong>z\u00edskal 2 v\u00ed\u0165azstva v\u00a0etap\u00e1ch<\/strong>. Celkovo ich m\u00e1 na konte a\u017e 7. <\/p>\n<lite-youtube videoid=NECr3ZQL1Z4 params=\"enablejsapi=1\" style=\"background-image: url('https:\/\/i.ytimg.com\/vi_webp\/NECr3ZQL1Z4\/maxresdefault.webp');\"><\/lite-youtube>\n<p>Minuloro\u010dn\u00fdm \u010diernym d\u0148om mo\u017eno nazva\u0165 <strong>Milano-Sanremo<\/strong>, ktor\u00e9 mu na takmer 300 km trati nedoprialo v\u00a0z\u00e1vere\u010dnom \u0161printe v\u00ed\u0165azstvo. Z\u00a0neho sa radoval J. Alaphilippe s\u00a0fenomen\u00e1lnou formou. Takmer 7 hod\u00edn pretekania je nevyspytate\u013en\u00fdch a\u00a0preto d\u00fafame, \u017ee v\u00a0tomto roku sa povestn\u00e9 \u0161\u0165ast\u00ed\u010dko usmeje aj na Slov\u00e1ka.<\/p>\n<h2><strong>Belgicko a\u00a0klasik\u00e1rske dvojt\u00fd\u017ednie &#8211; 27. marca a\u017e 5. apr\u00edla<\/strong><\/h2>\n<p>Z\u00a0Talianska sa presunieme na sever, <strong>do epicentra jarn\u00fdch klas\u00edk<\/strong>. V\u00a0Petrovom harmonograme ich je a\u017e 5, z\u00a0toho 4 belgick\u00e9. A\u00a0\u017ee nejde o\u00a0druhorad\u00e9 podujatia sved\u010d\u00ed aj s\u00fapiska \u0161tartuj\u00facich. <\/p>\n<p>V\u00a0\u00favode sa pozrieme na <strong>E3 BinckBank<\/strong>, ktor\u00fa v\u00a0roku 2014 Peter Sagan vyhral. Ide o\u00a0204 km klasiku s\u00a0preva\u017ene mierne zvlnen\u00fdm profilom, na ktorom sa v\u0161ak vyskytuje cel\u00e1 desiatka kr\u00e1tkych, ale o\u00a0to v\u00fd\u017eivnej\u0161\u00edch st\u00fapan\u00ed. <\/p>\n<figure id=\"attachment_9081\" aria-describedby=\"caption-attachment-9081\" style=\"width: 1200px\" class=\"wp-caption alignnone\"><a href=\"https:\/\/d2p6e6u75xmxt8.cloudfront.net\/4\/2020\/01\/Sagan_03.jpg\"><img loading=\"lazy\" decoding=\"async\" src=\"https:\/\/d2p6e6u75xmxt8.cloudfront.net\/4\/2020\/01\/Sagan_03.jpg\" alt=\"\" width=\"1200\" height=\"800\" class=\"size-full wp-image-9081\" \/><\/a><figcaption id=\"caption-attachment-9081\" class=\"wp-caption-text\">Gent Wevelgem 2019 &#8211; 81th Edition &#8211; Deinze &#8211; Wevelgem 251,5 km &#8211; 31\/03\/2019 &#8211; Peter Sagan (SVK &#8211; Bora &#8211; Hansgrohe) &#8211; photo Luca Bettini\/BettiniPhoto\u00a92019<\/figcaption><\/figure>\n<p>Kto by mohol zabudn\u00fa\u0165 na <strong>Gent-Wevelgem<\/strong> a\u00a0tri v\u00ed\u0165azstv\u00e1 Sagana v\u00a02013, 2016 a\u00a02018. Minul\u00fd rok to bolo a\u017e 32. miesto, \u010do ale nehovor\u00ed ni\u010d o\u00a0tejto sez\u00f3ne a\u00a0jej progn\u00f3zach. Prv\u00e1, sk\u00f4r rovinat\u00e1 polovica 240 km trate sa preklop\u00ed do ni\u010div\u00fdch kr\u00e1tkych \u201estojek\u201c, ktor\u00e9 rozhodn\u00fa o\u00a0v\u00ed\u0165azovi.<\/p>\n<p><strong>Dwars door Vlaanderen<\/strong> je aj napriek 75. ro\u010dn\u00edku v\u00a0tieni svojej menovkyne. To ale v\u00f4bec nezni\u017euje \u00farove\u0148 podujatia. Sta\u010d\u00ed sa pozrie\u0165 len na profil trate &#8211; tak ako prech\u00e1dzaj\u00face klasiky, aj t\u00e1to za\u010dne pozvo\u013ena a\u00a0prekvap\u00ed v\u00a0druhej polovici s\u00a0<strong>po\u010detn\u00fdmi v\u00fd\u017eivn\u00fdmi st\u00fapaniami<\/strong>. Nebude to veru ni\u010d jednoduch\u00e9.<\/p>\n<lite-youtube videoid=GXkLkQ_IJXY params=\"enablejsapi=1\" style=\"background-image: url('https:\/\/i.ytimg.com\/vi_webp\/GXkLkQ_IJXY\/maxresdefault.webp');\"><\/lite-youtube>\n<p>Spom\u00ednanou star\u0161ou sestrou je <strong>Ronde van Vlaanderen<\/strong> (Okolo Fl\u00e1mska) a\u00a0267 poctiv\u00fdch kilometrov naprie\u010d belgickou krajinou. \u010co jej ale dod\u00e1va nesmiernu obtia\u017enos\u0165, s\u00fa men\u00e1 ako Paterberg, Koppenberg a\u00a0v\u00a0neposlednom rade aj Oude Kwaremont. Nie, to nie s\u00fa predch\u00e1dzaj\u00faci v\u00ed\u0165azi &#8211; to s\u00fa n\u00e1zvy najpopul\u00e1rnej\u0161\u00edch a\u00a0najn\u00e1ro\u010dnej\u0161\u00edch \u201ekop\u010dekov\u201c, ktor\u00e9 dosahuj\u00fa a\u017e vy\u0161e 22%. Sagan v\u00a0roku 2016 dok\u00e1zal porazi\u0165 fam\u00f3zneho Cancellaru pr\u00e1ve v\u00a0poslednom st\u00fapan\u00ed. Nadvia\u017ee na to po 4 rokoch?<\/p>\n<h2><strong>Par\u00ed\u017e-Roubaix &#8211; za nehyn\u00facou sl\u00e1vou pav\u00e9 &#8211; 12. apr\u00edla<\/strong><\/h2>\n<p>Je v\u00f4bec potrebn\u00e9 hovori\u0165 nie\u010do o\u00a0tejto legende? Vy\u0161e 250 km, vy\u0161e 20 sektorov s\u00a0pav\u00e9, neist\u00e9 po\u010dasie a\u00a0defekty, ktor\u00e9 rozhoduj\u00fa preteky. Nap\u00e4tie a\u00a0em\u00f3cie zdobia tento \u201etrest\u201c pre ka\u017ed\u00e9ho ne-klasik\u00e1ra. O\u00a0vrch\u00e1roch sa hovorilo, <strong>\u017ee sem chodia len preto, lebo musia<\/strong>. Niet sa \u010domu divi\u0165 &#8211; ak ju nemilujete, zraz\u00ed v\u00e1s na kolen\u00e1. Sagan okrem v\u00ed\u0165azstva v\u00a0roku 2018 prekonal aj najr\u00fdchlej\u0161\u00ed \u010das z\u00a0posledn\u00fdch 10 ro\u010dn\u00edkov. \u010co ale tento rok?<\/p>\n<lite-youtube videoid=8ygpaL0xfbA params=\"enablejsapi=1\" style=\"background-image: url('https:\/\/i.ytimg.com\/vi_webp\/8ygpaL0xfbA\/maxresdefault.webp');\"><\/lite-youtube>\n<h2><strong>Giro d\u02b9Italia &#8211; 9. &#8211; 31. m\u00e1ja<\/strong><\/h2>\n<p>V\u00e4\u010d\u0161ina laickej verejnosti pozn\u00e1 predov\u0161etk\u00fdm Tour de France, ale to je sk\u00f4r na \u0161kodu. Pre\u010do? Nu\u017e, lebo Giro, ako aj Vuelta s\u00fa \u010dasto minim\u00e1lne rovnako spektakul\u00e1rnymi podujatiami. Navy\u0161e, <strong>prv\u00e9 tri etapy sa odohraj\u00fa v\u00a0Ma\u010farsku<\/strong> &#8211; individu\u00e1lna \u010dasovka v\u00a0Budape\u0161ti bude nasledovan\u00e1 rovinatou, ktor\u00e1 bude kon\u010di\u0165 v\u00a0Gy\u00f6ri, ne\u010faleko na\u0161ich hran\u00edc. Mo\u017en\u00e9 v\u00ed\u0165azstvo Petra na Grand Tour takmer v\u00a0dom\u00e1com prostred\u00ed? H\u00e1dam tam nebudete ch\u00fdba\u0165!<\/p>\n<h2><strong>Tour de France &#8211; 27. j\u00fana &#8211; 19. j\u00fala<\/strong><\/h2>\n<p>U\u017e asi povinn\u00e1 jazda, ktor\u00e1 Petrovi prin\u00e1le\u017e\u00ed aj v\u010faka 7 v\u00ed\u0165azstv\u00e1m zelen\u00e9ho dresu a\u00a0vy\u0161e desiatim etap\u00e1m. Aj tento rok sa pok\u00fasi o\u00a0prekonanie rekordu, ktor\u00fd dr\u017e\u00ed on s\u00e1m. To nie je ale d\u00f4vod, pre\u010do by to mala by\u0165 nuda. <strong>Ka\u017ed\u00e9 preteky s\u00fa jedine\u010dn\u00e9 a\u00a0prin\u00e1\u0161aj\u00fa jedine\u010dn\u00e9 z\u00e1\u017eitky<\/strong> &#8211; tak jazdcom, ako aj n\u00e1m, fan\u00fa\u0161ikom.<\/p>\n<p><a href=\"https:\/\/d2p6e6u75xmxt8.cloudfront.net\/4\/2020\/01\/Sagan_04.jpg\"><img loading=\"lazy\" decoding=\"async\" src=\"https:\/\/d2p6e6u75xmxt8.cloudfront.net\/4\/2020\/01\/Sagan_04.jpg\" alt=\"\" width=\"1200\" height=\"800\" class=\"alignnone size-full wp-image-9082\" \/><\/a><\/p>\n<h2><strong>Okolo Slovenska &#8211; 16. &#8211; 19. septembra<\/strong><\/h2>\n<p>Ve\u013ek\u00fdm sviatkom bude pre slovensk\u00fdch priaznivcov cestnej cyklistiky a\u00a0\u0161portu ako tak\u00e9ho podujatie Okolo Slovenska, na ktorom sa z\u00fa\u010dastn\u00ed aj Peter Sagan. V\u00a0\u0161tartovej listine je zatia\u013e osamoten\u00fd, av\u0161ak po minuloro\u010dnej \u00fa\u010dast\u00ed tak\u00fdch mien ako J. Alaphilippe alebo M. Kittel <strong>budeme aj my svedkami svetov\u00fdch pretekov u\u00a0n\u00e1s doma<\/strong>.<\/p>\n<lite-youtube videoid=dGJ983NfgkI params=\"enablejsapi=1\" style=\"background-image: url('https:\/\/i.ytimg.com\/vi_webp\/dGJ983NfgkI\/maxresdefault.webp');\"><\/lite-youtube>\n<p>Tento zoznam je samozrejme e\u0161te ne\u00fapln\u00fd a\u00a0vzh\u013eadom na Petrove \u0161\u0165astie, \u010di sk\u00f4r ne\u0161\u0165astie, sa m\u00f4\u017ee v\u00fdznamne meni\u0165. My ale d\u00fafame, <strong>\u017ee jeho sez\u00f3na vyjde pod\u013ea predst\u00e1v n\u00e1s v\u0161etk\u00fdch<\/strong> a\u00a0op\u00e4\u0165 budeme m\u00f4c\u0165 za\u017ei\u0165 pocit radosti z\u00a0fenomen\u00e1lnych v\u00ed\u0165azstiev. <\/p>\n<p>(zdroj fotografi\u00ed: Facebook\/PeterSagan, Instagram\/PetoSagan, Facebook: StradeBianche, Luca Bettini\/BettiniPhoto\u00a92019)<\/p>\n","protected":false},"excerpt":{"rendered":"<p>I\u00a0ke\u010f sme si u\u017e zvykli v\u00edda\u0165 Sagana na mno\u017estve podujat\u00ed, tento rok bude op\u00e4\u0165 nie\u010d\u00edm nov\u00fdm. Sn\u00e1\u010f sa mu po [&hellip;]<\/p>\n","protected":false},"author":81,"featured_media":9078,"comment_status":"open","ping_status":"open","sticky":false,"template":"","format":"standard","meta":{"footnotes":""},"categories":[63],"tags":[319,619,115,487,331,65,532,767,97,853,428,46,179,885,20,55,269,623,156],"global-categories":[1074],"class_list":["post-9072","post","type-post","status-publish","format-standard","has-post-thumbnail","hentry","category-grand-tour","tag-adrenalin","tag-bicyklovanie","tag-cestna-cyklistika","tag-cestny-bicykel","tag-etapove-preteky","tag-giro-d-italia","tag-jazdenie","tag-motivacia","tag-okolo-slovenska","tag-omloop-het-nieuwsblad","tag-pariz-roubaix","tag-peter-sagan","tag-preteky","tag-profesional","tag-tour-de-france","tag-trening","tag-vitaz","tag-zdravy-zivotny-styl","tag-zeleny-dres","global-categories-cycling"],"yoast_head":"<!-- This site is optimized with the Yoast SEO Premium plugin v25.3 (Yoast SEO v25.9) - https:\/\/yoast.com\/wordpress\/plugins\/seo\/ -->\n<title>Sez\u00f3na 2020 bude pre Petra Sagana v\u00fdzvou - \u010do ho \u010dak\u00e1? - \u0160koda We Love Cycling Slovensko<\/title>\n<meta name=\"robots\" content=\"index, follow, max-snippet:-1, max-image-preview:large, max-video-preview:-1\" \/>\n<link rel=\"canonical\" href=\"https:\/\/www.welovecycling.com\/sk\/2020\/01\/17\/sezona-2020-bude-pre-petra-sagana-vyzvou-co-ho-caka\/\" \/>\n<meta property=\"og:locale\" content=\"sk_SK\" \/>\n<meta property=\"og:type\" content=\"article\" \/>\n<meta property=\"og:title\" content=\"Sez\u00f3na 2020 bude pre Petra Sagana v\u00fdzvou - \u010do ho \u010dak\u00e1?\" \/>\n<meta property=\"og:description\" content=\"I\u00a0ke\u010f sme si u\u017e zvykli v\u00edda\u0165 Sagana na mno\u017estve podujat\u00ed, tento rok bude op\u00e4\u0165 nie\u010d\u00edm nov\u00fdm. Sn\u00e1\u010f sa mu po [&hellip;]\" \/>\n<meta property=\"og:url\" content=\"https:\/\/www.welovecycling.com\/sk\/2020\/01\/17\/sezona-2020-bude-pre-petra-sagana-vyzvou-co-ho-caka\/\" \/>\n<meta property=\"og:site_name\" content=\"\u0160koda We Love Cycling Slovensko\" \/>\n<meta property=\"article:published_time\" content=\"2020-01-17T08:51:50+00:00\" \/>\n<meta property=\"og:image\" content=\"https:\/\/d2p6e6u75xmxt8.cloudfront.net\/4\/2020\/01\/Sagan_00.webp\" \/>\n\t<meta property=\"og:image:width\" content=\"1380\" \/>\n\t<meta property=\"og:image:height\" content=\"600\" \/>\n\t<meta property=\"og:image:type\" content=\"image\/webp\" \/>\n<meta name=\"twitter:card\" content=\"summary_large_image\" \/>\n<meta name=\"twitter:label1\" content=\"Written by\" \/>\n\t<meta name=\"twitter:data1\" content=\"We Love Cycling\" \/>\n\t<meta name=\"twitter:label2\" content=\"Est. reading time\" \/>\n\t<meta name=\"twitter:data2\" content=\"9\" \/>\n<script type=\"application\/ld+json\" class=\"yoast-schema-graph\">{\"@context\":\"https:\/\/schema.org\",\"@graph\":[{\"@type\":\"WebPage\",\"@id\":\"https:\/\/www.welovecycling.com\/sk\/2020\/01\/17\/sezona-2020-bude-pre-petra-sagana-vyzvou-co-ho-caka\/\",\"url\":\"https:\/\/www.welovecycling.com\/sk\/2020\/01\/17\/sezona-2020-bude-pre-petra-sagana-vyzvou-co-ho-caka\/\",\"name\":\"Sez\u00f3na 2020 bude pre Petra Sagana v\u00fdzvou - \u010do ho \u010dak\u00e1? - \u0160koda We Love Cycling Slovensko\",\"isPartOf\":{\"@id\":\"https:\/\/www.welovecycling.com\/sk\/#website\"},\"primaryImageOfPage\":{\"@id\":\"https:\/\/www.welovecycling.com\/sk\/2020\/01\/17\/sezona-2020-bude-pre-petra-sagana-vyzvou-co-ho-caka\/#primaryimage\"},\"image\":{\"@id\":\"https:\/\/www.welovecycling.com\/sk\/2020\/01\/17\/sezona-2020-bude-pre-petra-sagana-vyzvou-co-ho-caka\/#primaryimage\"},\"thumbnailUrl\":\"https:\/\/d2p6e6u75xmxt8.cloudfront.net\/4\/2020\/01\/Sagan_00.webp\",\"datePublished\":\"2020-01-17T08:51:50+00:00\",\"author\":{\"@id\":\"\"},\"breadcrumb\":{\"@id\":\"https:\/\/www.welovecycling.com\/sk\/2020\/01\/17\/sezona-2020-bude-pre-petra-sagana-vyzvou-co-ho-caka\/#breadcrumb\"},\"inLanguage\":\"sk-SK\",\"potentialAction\":[{\"@type\":\"ReadAction\",\"target\":[\"https:\/\/www.welovecycling.com\/sk\/2020\/01\/17\/sezona-2020-bude-pre-petra-sagana-vyzvou-co-ho-caka\/\"]}]},{\"@type\":\"ImageObject\",\"inLanguage\":\"sk-SK\",\"@id\":\"https:\/\/www.welovecycling.com\/sk\/2020\/01\/17\/sezona-2020-bude-pre-petra-sagana-vyzvou-co-ho-caka\/#primaryimage\",\"url\":\"https:\/\/d2p6e6u75xmxt8.cloudfront.net\/4\/2020\/01\/Sagan_00.webp\",\"contentUrl\":\"https:\/\/d2p6e6u75xmxt8.cloudfront.net\/4\/2020\/01\/Sagan_00.webp\",\"width\":1380,\"height\":600},{\"@type\":\"BreadcrumbList\",\"@id\":\"https:\/\/www.welovecycling.com\/sk\/2020\/01\/17\/sezona-2020-bude-pre-petra-sagana-vyzvou-co-ho-caka\/#breadcrumb\",\"itemListElement\":[{\"@type\":\"ListItem\",\"position\":1,\"name\":\"Home\",\"item\":\"https:\/\/www.welovecycling.com\/sk\/\"},{\"@type\":\"ListItem\",\"position\":2,\"name\":\"Sez\u00f3na 2020 bude pre Petra Sagana v\u00fdzvou &#8211; \u010do ho \u010dak\u00e1?\"}]},{\"@type\":\"WebSite\",\"@id\":\"https:\/\/www.welovecycling.com\/sk\/#website\",\"url\":\"https:\/\/www.welovecycling.com\/sk\/\",\"name\":\"\u0160koda We Love Cycling Slovensko\",\"description\":\"\u0160koda We Love Cycling Slovensko je v\u00e1\u0161 ka\u017edodenn\u00fd zdroj noviniek a in\u0161pir\u00e1cie z sveta cyklistiky\",\"potentialAction\":[{\"@type\":\"SearchAction\",\"target\":{\"@type\":\"EntryPoint\",\"urlTemplate\":\"https:\/\/www.welovecycling.com\/sk\/?s={search_term_string}\"},\"query-input\":{\"@type\":\"PropertyValueSpecification\",\"valueRequired\":true,\"valueName\":\"search_term_string\"}}],\"inLanguage\":\"sk-SK\"},{\"@type\":\"Person\",\"@id\":\"\",\"url\":\"https:\/\/www.welovecycling.com\/sk\/author\/\"}]}<\/script>\n<!-- \/ Yoast SEO Premium plugin. -->","yoast_head_json":{"title":"Sez\u00f3na 2020 bude pre Petra Sagana v\u00fdzvou - \u010do ho \u010dak\u00e1? - \u0160koda We Love Cycling Slovensko","robots":{"index":"index","follow":"follow","max-snippet":"max-snippet:-1","max-image-preview":"max-image-preview:large","max-video-preview":"max-video-preview:-1"},"canonical":"https:\/\/www.welovecycling.com\/sk\/2020\/01\/17\/sezona-2020-bude-pre-petra-sagana-vyzvou-co-ho-caka\/","og_locale":"sk_SK","og_type":"article","og_title":"Sez\u00f3na 2020 bude pre Petra Sagana v\u00fdzvou - \u010do ho \u010dak\u00e1?","og_description":"I\u00a0ke\u010f sme si u\u017e zvykli v\u00edda\u0165 Sagana na mno\u017estve podujat\u00ed, tento rok bude op\u00e4\u0165 nie\u010d\u00edm nov\u00fdm. Sn\u00e1\u010f sa mu po [&hellip;]","og_url":"https:\/\/www.welovecycling.com\/sk\/2020\/01\/17\/sezona-2020-bude-pre-petra-sagana-vyzvou-co-ho-caka\/","og_site_name":"\u0160koda We Love Cycling Slovensko","article_published_time":"2020-01-17T08:51:50+00:00","og_image":[{"width":1380,"height":600,"url":"https:\/\/d2p6e6u75xmxt8.cloudfront.net\/4\/2020\/01\/Sagan_00.webp","type":"image\/webp"}],"twitter_card":"summary_large_image","twitter_misc":{"Written by":"We Love Cycling","Est. reading time":"9"},"schema":{"@context":"https:\/\/schema.org","@graph":[{"@type":"WebPage","@id":"https:\/\/www.welovecycling.com\/sk\/2020\/01\/17\/sezona-2020-bude-pre-petra-sagana-vyzvou-co-ho-caka\/","url":"https:\/\/www.welovecycling.com\/sk\/2020\/01\/17\/sezona-2020-bude-pre-petra-sagana-vyzvou-co-ho-caka\/","name":"Sez\u00f3na 2020 bude pre Petra Sagana v\u00fdzvou - \u010do ho \u010dak\u00e1? - \u0160koda We Love Cycling Slovensko","isPartOf":{"@id":"https:\/\/www.welovecycling.com\/sk\/#website"},"primaryImageOfPage":{"@id":"https:\/\/www.welovecycling.com\/sk\/2020\/01\/17\/sezona-2020-bude-pre-petra-sagana-vyzvou-co-ho-caka\/#primaryimage"},"image":{"@id":"https:\/\/www.welovecycling.com\/sk\/2020\/01\/17\/sezona-2020-bude-pre-petra-sagana-vyzvou-co-ho-caka\/#primaryimage"},"thumbnailUrl":"https:\/\/d2p6e6u75xmxt8.cloudfront.net\/4\/2020\/01\/Sagan_00.webp","datePublished":"2020-01-17T08:51:50+00:00","author":{"@id":""},"breadcrumb":{"@id":"https:\/\/www.welovecycling.com\/sk\/2020\/01\/17\/sezona-2020-bude-pre-petra-sagana-vyzvou-co-ho-caka\/#breadcrumb"},"inLanguage":"sk-SK","potentialAction":[{"@type":"ReadAction","target":["https:\/\/www.welovecycling.com\/sk\/2020\/01\/17\/sezona-2020-bude-pre-petra-sagana-vyzvou-co-ho-caka\/"]}]},{"@type":"ImageObject","inLanguage":"sk-SK","@id":"https:\/\/www.welovecycling.com\/sk\/2020\/01\/17\/sezona-2020-bude-pre-petra-sagana-vyzvou-co-ho-caka\/#primaryimage","url":"https:\/\/d2p6e6u75xmxt8.cloudfront.net\/4\/2020\/01\/Sagan_00.webp","contentUrl":"https:\/\/d2p6e6u75xmxt8.cloudfront.net\/4\/2020\/01\/Sagan_00.webp","width":1380,"height":600},{"@type":"BreadcrumbList","@id":"https:\/\/www.welovecycling.com\/sk\/2020\/01\/17\/sezona-2020-bude-pre-petra-sagana-vyzvou-co-ho-caka\/#breadcrumb","itemListElement":[{"@type":"ListItem","position":1,"name":"Home","item":"https:\/\/www.welovecycling.com\/sk\/"},{"@type":"ListItem","position":2,"name":"Sez\u00f3na 2020 bude pre Petra Sagana v\u00fdzvou &#8211; \u010do ho \u010dak\u00e1?"}]},{"@type":"WebSite","@id":"https:\/\/www.welovecycling.com\/sk\/#website","url":"https:\/\/www.welovecycling.com\/sk\/","name":"\u0160koda We Love Cycling Slovensko","description":"\u0160koda We Love Cycling Slovensko je v\u00e1\u0161 ka\u017edodenn\u00fd zdroj noviniek a in\u0161pir\u00e1cie z sveta cyklistiky","potentialAction":[{"@type":"SearchAction","target":{"@type":"EntryPoint","urlTemplate":"https:\/\/www.welovecycling.com\/sk\/?s={search_term_string}"},"query-input":{"@type":"PropertyValueSpecification","valueRequired":true,"valueName":"search_term_string"}}],"inLanguage":"sk-SK"},{"@type":"Person","@id":"","url":"https:\/\/www.welovecycling.com\/sk\/author\/"}]}},"_links":{"self":[{"href":"https:\/\/www.welovecycling.com\/sk\/wp-json\/wp\/v2\/posts\/9072","targetHints":{"allow":["GET"]}}],"collection":[{"href":"https:\/\/www.welovecycling.com\/sk\/wp-json\/wp\/v2\/posts"}],"about":[{"href":"https:\/\/www.welovecycling.com\/sk\/wp-json\/wp\/v2\/types\/post"}],"author":[{"embeddable":true,"href":"https:\/\/www.welovecycling.com\/sk\/wp-json\/wp\/v2\/users\/81"}],"replies":[{"embeddable":true,"href":"https:\/\/www.welovecycling.com\/sk\/wp-json\/wp\/v2\/comments?post=9072"}],"version-history":[{"count":2,"href":"https:\/\/www.welovecycling.com\/sk\/wp-json\/wp\/v2\/posts\/9072\/revisions"}],"predecessor-version":[{"id":9085,"href":"https:\/\/www.welovecycling.com\/sk\/wp-json\/wp\/v2\/posts\/9072\/revisions\/9085"}],"wp:featuredmedia":[{"embeddable":true,"href":"https:\/\/www.welovecycling.com\/sk\/wp-json\/wp\/v2\/media\/9078"}],"wp:attachment":[{"href":"https:\/\/www.welovecycling.com\/sk\/wp-json\/wp\/v2\/media?parent=9072"}],"wp:term":[{"taxonomy":"category","embeddable":true,"href":"https:\/\/www.welovecycling.com\/sk\/wp-json\/wp\/v2\/categories?post=9072"},{"taxonomy":"post_tag","embeddable":true,"href":"https:\/\/www.welovecycling.com\/sk\/wp-json\/wp\/v2\/tags?post=9072"},{"taxonomy":"global-categories","embeddable":true,"href":"https:\/\/www.welovecycling.com\/sk\/wp-json\/wp\/v2\/global-categories?post=9072"}],"curies":[{"name":"wp","href":"https:\/\/api.w.org\/{rel}","templated":true}]}}