{"id":9032,"date":"2020-01-08T09:59:58","date_gmt":"2020-01-08T08:59:58","guid":{"rendered":"https:\/\/www.welovecycling.com\/sk\/?p=9032"},"modified":"2020-01-02T11:42:26","modified_gmt":"2020-01-02T10:42:26","slug":"momenty-roka-2019-v-profi-pelotone","status":"publish","type":"post","link":"https:\/\/www.welovecycling.com\/sk\/2020\/01\/08\/momenty-roka-2019-v-profi-pelotone\/","title":{"rendered":"Momenty roka 2019 v\u00a0profi pelot\u00f3ne"},"content":{"rendered":"<p><strong>Koniec roka a za\u010diatok toho nov\u00e9ho predznamen\u00e1va star\u00e9 zn\u00e1me obhliadanie sa za t\u00fdm, \u010do sa po\u010das 365 dn\u00ed udialo. Nevyhneme sa tomu ani v\u00a0cyklistike a\u00a0mysl\u00edme si, \u017ee to ani nie je na \u0161kodu. Ve\u010f predsa, pre\u010do si nezopakova\u0165 najz\u00e1sadnej\u0161ie momenty z\u00a0uplynulej sez\u00f3ny?<\/strong><!--more--><\/p>\n<h2><strong>Peter Sagan si vybral slab\u0161\u00ed vstup do sez\u00f3ny<\/strong><\/h2>\n<p>Klasiky boli to, na \u010do sme sa dozaista te\u0161ili u\u017e od konca minulej jari. <strong>Peter Sagan<\/strong> sa v\u00a0tejto \u201ediscipl\u00edne\u201c jednoducho na\u0161iel, \u010do potvrdzuj\u00fa jeho v\u00fdsledky z\u00a0minulosti. Av\u0161ak tento rok bol o\u00a0\u010dosi temnej\u0161\u00ed. D\u00f4vodom boli chv\u00edle, ako t\u00e1 na <strong>E3 Harelbeke<\/strong>, kedy sa v\u00a0poslednom st\u00fapan\u00ed u\u017e nedok\u00e1zal udr\u017ea\u0165 poprednej skupinky. Potr\u00e1pil sa aj na Gent-Wevelgem \u010di Okolo Fl\u00e1mska spolo\u010dne s\u00a0Par\u00ed\u017e-Roubaix. V\u00a0prvej desiatke skon\u010dil \u201elen\u201c dvakr\u00e1t zo siedmych \u00fa\u010dast\u00ed na klasik\u00e1ch. Dve nedokon\u010dil.<\/p>\n<div class=\"embed-controller-wrapper\">\n<div class=\"embed-wrapper\"><iframe title=\"E3 Harelbeke 2019 Highlights | Cycling | Eurosport\" width=\"500\" height=\"281\" data-src=\"https:\/\/www.youtube.com\/embed\/im3_KbQvjA4?start=195&#038;feature=oembed&#038;t=195&#038;enablejsapi=1\" frameborder=\"0\" allow=\"accelerometer; autoplay; clipboard-write; encrypted-media; gyroscope; picture-in-picture; web-share\" referrerpolicy=\"strict-origin-when-cross-origin\" allowfullscreen><\/iframe><\/div>\n<\/div>\n<h2><strong>M. van der Poel ni\u010dil konkurenciu klas\u00edk<\/strong><\/h2>\n<p>Ak\u00e9 to asi je, ak sa na \u0161tartovej listine objav\u00ed <strong>viacn\u00e1sobn\u00fd cyklokrosov\u00fd \u0161ampi\u00f3n<\/strong>, v\u00ed\u0165az nieko\u013ek\u00fdch Svetov\u00fdch poh\u00e1rov v\u00a0horskej cyklistike, n\u00e1rodn\u00fd \u0161ampi\u00f3n v\u00a0cestnej cyklistike? To nevieme. Av\u0161ak, ak sa pozrieme na tohtoro\u010dn\u00fd <strong>Amstel Gold Race<\/strong> &#8211; jednu z\u00a0najprest\u00ed\u017enej\u0161\u00edch klas\u00edk, dok\u00e1\u017eeme si ak\u00fd-tak\u00fd n\u00e1zor urobi\u0165. Po tomto podujat\u00ed u\u017e <strong>nikto nespust\u00ed van der Poela z\u00a0o\u010d\u00ed<\/strong>. D\u00f4vod je prost\u00fd &#8211; v\u00a0z\u00e1vere\u010dn\u00fdch 30 kilometroch dok\u00e1zal dotiahnu\u0165 skupinku a\u017e k\u00a0\u010delnej trojici a\u00a0zo \u0161pice ich pre\u0161purtova\u0165. Navy\u0161e pred dom\u00e1cim publikom. Chcete e\u0161te v\u00e4\u010d\u0161\u00ed d\u00f4kaz v\u00fdkonnosti tohto Holan\u010fana?<\/p>\n<lite-youtube videoid=J6rA9zou0PU params=\"enablejsapi=1\" style=\"background-image: url('https:\/\/i.ytimg.com\/vi_webp\/J6rA9zou0PU\/maxresdefault.webp');\"><\/lite-youtube>\n<h2><strong>Hist\u00f3ria sa prepisuje &#8211; najmlad\u0161\u00ed v\u00ed\u0165az Tour de France m\u00e1 len 22 rokov<\/strong><\/h2>\n<p>Ofici\u00e1lne z\u00e1znamy hovoria, \u017ee pred n\u00edm boli e\u0161te dvaja mlad\u0161\u00ed, dokonca jeden z\u00a0nich len takmer 20&nbsp;ro\u010dn\u00fd, H. Cornet. Av\u0161ak oba pr\u00edpady s\u00fa z\u00e1znamami z\u00a0\u00favodn\u00fdch ro\u010dn\u00edkov Tour. <strong>Egon Bernal<\/strong> je v\u00a0dne\u0161nej konkurencii jednoducho fenom\u00e9nom. V\u00a0tomto rebr\u00ed\u010dku dok\u00e1zal porazi\u0165 aj B. Hinaulta, J.&nbsp;Anquetila \u010di L. Fignona, ktor\u00ed boli star\u0161\u00ed iba o\u00a0nieko\u013eko mesiacov. \u010co \u010daka\u0165 od tohto Kolumbij\u010dana? Ve\u010f v\u00a0tomto roku vyhral okrem Tour aj Tour de Suisse a\u00a0Par\u00ed\u017e-Nice. Ako bud\u00fa vyzera\u0165 nasleduj\u00face roky &#8211; <strong>chyst\u00e1 sa \u00e9ra jeho hegem\u00f3nie<\/strong>?<\/p>\n<p><a href=\"https:\/\/d2p6e6u75xmxt8.cloudfront.net\/4\/2020\/01\/Rok-2019-cesta_01.jpg\"><img loading=\"lazy\" decoding=\"async\" src=\"https:\/\/d2p6e6u75xmxt8.cloudfront.net\/4\/2020\/01\/Rok-2019-cesta_01.jpg\" alt=\"\" width=\"1200\" height=\"800\" class=\"alignnone size-full wp-image-9040\" \/><\/a><\/p>\n<h2><strong>Julian Alaphilippe &#8211; mu\u017e, ktor\u00fd pri\u0161iel o\u00a0\u017elt\u00fd dres. Ale dokedy?<\/strong><\/h2>\n<p>Sv\u00e4t\u00fd gr\u00e1l cestnej cyklistiky, Tour de France, ako ka\u017edoro\u010dne prinieslo mno\u017estvo hor\u00facich chv\u00ed\u013e. Ale sn\u00e1\u010f tou dominantnou, aspo\u0148 pre dom\u00e1cich fan\u00fa\u0161ikov, bolo fam\u00f3zne predstavenie sa <strong>J. Alaphilippa<\/strong>, mladej hviezdy, ktor\u00e1 svojimi v\u00fdkonmi a\u00a0bojovnos\u0165ou Franc\u00faza dok\u00e1zal presved\u010di\u0165 asi ka\u017ed\u00e9ho za telev\u00edznymi prij\u00edma\u010dmi. Pre\u010do? Nu\u017e, preto\u017ee <strong>dok\u00e1zal uh\u00e1ji\u0165 \u017elt\u00fd dres po dobu 14 dn\u00ed<\/strong> (z 21), a\u017e do chv\u00edle, kedy mu ho v\u00a0kontroverznej 19. etape od\u0148al Bernal.<\/p>\n<p><a href=\"https:\/\/d2p6e6u75xmxt8.cloudfront.net\/4\/2020\/01\/Rok-2019-cesta_02.jpg\"><img loading=\"lazy\" decoding=\"async\" src=\"https:\/\/d2p6e6u75xmxt8.cloudfront.net\/4\/2020\/01\/Rok-2019-cesta_02.jpg\" alt=\"\" width=\"1200\" height=\"800\" class=\"alignnone size-full wp-image-9041\" \/><\/a><\/p>\n<h2><strong>Pre\u010do je Peter Sagan najob\u013e\u00fabenej\u0161\u00edm jazdcom pelot\u00f3nu?<\/strong><\/h2>\n<p>Okrem srandi\u010diek, ktor\u00e9 dok\u00e1\u017ee predv\u00e1dza\u0165 vo chv\u00ed\u013each, kedy sa ostatn\u00ed jazdci sna\u017eia o\u00a0udr\u017eanie sa na bicykli, m\u00e1 Peter Sagan aj <strong>ve\u013ek\u00e9 srdce pre fan\u00fa\u0161ikov<\/strong>. R\u00e1d sa nech\u00e1 s\u00a0nimi odfotografova\u0165, zanech\u00e1 svoj autogram alebo ich jednoducho pozdrav\u00ed. Ale nebol by to on, ak by aj v\u00a0tomto smere nepredviedol nie\u010do unik\u00e1tne. Tak\u00e1to chv\u00ed\u013ea nastala po\u010das Tour de France, kedy si pri v\u00fdjazde na jedno z\u00a0naj\u0165a\u017e\u0161\u00edch st\u00fapan\u00ed, Col du Tourmalet, na\u0161iel \u010das pre podpis jeho vlastnej autobiografie. <strong>Palec hore!<\/strong><\/p>\n<lite-youtube videoid=4LR4c8hGibI params=\"enablejsapi=1\" style=\"background-image: url('https:\/\/i.ytimg.com\/vi_webp\/4LR4c8hGibI\/maxresdefault.webp');\"><\/lite-youtube>\n<h2><strong>Ne\u010dakan\u00fd, ale zasl\u00fa\u017een\u00fd Majster sveta &#8211; Mads Pedersen<\/strong><\/h2>\n<p>S\u00edce sa na\u0161e n\u00e1deje upierali k\u00a0Petrovi Saganovi, av\u0161ak to ni\u010d nemen\u00ed na tom, \u017ee nov\u00fd majster sveta, <strong>Mads Pedersen<\/strong>, dok\u00e1zal vo f\u00e9rovom z\u00e1vere pre\u0161printova\u0165 aj vysoko favorizovan\u00fa dvojicu, <strong>M.&nbsp;Trentina<\/strong> a\u00a0<strong>S. K\u00fcnga<\/strong>. Po vy\u0161e 30 kilometrovom \u00faniku, kedy sa k\u00a0tejto trojici pripojil aj <strong>M. van der Poel<\/strong>, ktor\u00fd sa v\u00a0poslednej \u010dasti musel chtiac-nechtiac podvoli\u0165 vy\u010derpanosti a\u00a0takmer zastavi\u0165, dok\u00e1zal tento 24-ro\u010dn\u00fd pretek\u00e1r, ktor\u00fd je profesion\u00e1lom len od roku 2014, vyf\u00faknu\u0165 v\u00fdhru sk\u00fasenej\u0161\u00edm a\u00a0papierovo v\u00fdkonnej\u0161\u00edm jazdcom. <strong>Gratulujeme!<\/strong><\/p>\n<lite-youtube videoid=9S6eRyst1M4 params=\"enablejsapi=1\" style=\"background-image: url('https:\/\/i.ytimg.com\/vi_webp\/9S6eRyst1M4\/maxresdefault.webp');\"><\/lite-youtube>\n<h2><strong>Boli sme svedkami jedn\u00fdch z\u00a0naj\u0165a\u017e\u0161\u00edch Majstrovstiev sveta<\/strong><\/h2>\n<p>E\u0161te sa k\u00a0tejto perle sez\u00f3ny raz prinavr\u00e1time. D\u00f4vod je zrejm\u00fd &#8211; podmienky, ktor\u00e9 z\u00a0tohto podujatia urobili <strong>takmer boj o\u00a0\u017eivot<\/strong>. Preh\u00e1\u0148ame? Mo\u017eno, \u017ee ani nie. U\u017e v\u00a0\u00favodn\u00fdch d\u0148och sa po\u010das \u010dasovky jednotlivcov pot\u00fdkali pretek\u00e1ri s\u00a0p\u00e1dmi kv\u00f4li mas\u00edvnym ml\u00e1kam na ceste a\u00a0neust\u00e1lemu da\u017e\u010fu. \u010cere\u0161ni\u010dkou na torte boli mu\u017esk\u00e9 preteky s\u00a0hromadn\u00fdm \u0161tartom. Aj ke\u010f organiz\u00e1tori skr\u00e1tili tra\u0165 o\u00a0nieko\u013eko desiatok kilometrov, st\u00e1le vy\u0161e <strong>260 km trasa vy\u0161\u0165avila ka\u017ed\u00e9ho z\u00a0nich do poslednej kvapky<\/strong>. Neut\u00edchaj\u00faci d\u00e1\u017e\u010f, siln\u00fd vietor a\u00a0ve\u013emi n\u00edzke teploty boli d\u00f4vodom, pre\u010do sa z\u00a0dvoch stoviek pretek\u00e1rov dostalo do cie\u013ea len 46.<\/p>\n<p><a href=\"https:\/\/d2p6e6u75xmxt8.cloudfront.net\/4\/2020\/01\/Rok-2019-cesta_03.jpg\"><img loading=\"lazy\" decoding=\"async\" src=\"https:\/\/d2p6e6u75xmxt8.cloudfront.net\/4\/2020\/01\/Rok-2019-cesta_03.jpg\" alt=\"\" width=\"1200\" height=\"800\" class=\"alignnone size-full wp-image-9042\" \/><\/a><\/p>\n<h2><strong>Ani p\u00e1dy neobi\u0161li t\u00fdch najlep\u0161\u00edch<\/strong><\/h2>\n<p>V\u00a0cyklistike je samozrejmos\u0165ou, <strong>\u017ee riziko p\u00e1du a\u00a0n\u00e1sledn\u00fdch d\u00f4sledkov je v\u017edy pr\u00edtomn\u00e9<\/strong> &#8211; po\u010das pretekov, ale aj mimo nich. Svoje o\u00a0tom vie aj <strong>T. Dumoulin<\/strong>, ktor\u00fd po p\u00e1de na v\u00a04. etape na Giro d&#8217;Italia utrpel zranenie kolena, ktor\u00e9 ho vyl\u00fa\u010dilo aj z\u00a0Dauphin\u00e9 a\u00a0nakoniec aj Tour de France. K\u00a0nemu sa pridal aj cyklokrosov\u00fd \u0161ampi\u00f3n, <strong>W. van Aert<\/strong>. Pri zachyten\u00ed sa o\u00a0bari\u00e9ru na Tour de France si privodil v\u00e1\u017ene zranenie pravej nohy. Poslednou bodkou bol tr\u00e9ning <strong>Ch. Frooma<\/strong>. E\u0161te pre TdF, po\u010das pr\u00edpravy na \u010dasovk\u00e1rskom stroji utrpel zlomeninu stehennej kosti, \u010do ho takmer st\u00e1lo \u017eivot. Na\u0161\u0165astie, v\u0161etci traja s\u00fa u\u017e v\u00a0poriadku.<\/p>\n<lite-youtube videoid=uAjsaNoumVY params=\"enablejsapi=1\" style=\"background-image: url('https:\/\/i.ytimg.com\/vi_webp\/uAjsaNoumVY\/maxresdefault.webp');\"><\/lite-youtube>\n<p>Aj tak\u00fd bol rok 2019 v\u00a0ko\u017ei profesion\u00e1lneho cyklistu. Ka\u017ed\u00fa z\u00a0t\u00fdchto chv\u00ed\u013e sme pre\u017e\u00edvali spolu s\u00a0jazdcami, <strong>bojuj\u00facimi o\u00a0nehyn\u00faci pocit sl\u00e1vy a\u00a0zados\u0165u\u010dinenia<\/strong>. Ak\u00fd bude okr\u00fahly <strong>rok 2020<\/strong>? Mno\u017estvo ambici\u00f3znych mlad\u00fdch jazdcov m\u00e1 potenci\u00e1l urobi\u0165 \u201edieru do sveta\u201c, ale ani \u201estar\u00e9 \u017eelezo\u201c nie je e\u0161te bezmocn\u00e9. <strong>Nechajme sa teda prekvapi\u0165.<\/strong> <\/p>\n<p>(zdroje fotografi\u00ed: A.S.O \/ Thomas Maheux FB\/TdF, A.S.O. \/ Pauline Ballet FB\/TdF, A.S.O \/ Pauline Ballet FB\/TdF, Alex Whitehead\/SWpix.com FB\/UCI)<\/p>\n","protected":false},"excerpt":{"rendered":"<p>Koniec roka a za\u010diatok toho nov\u00e9ho predznamen\u00e1va star\u00e9 zn\u00e1me obhliadanie sa za t\u00fdm, \u010do sa po\u010das 365 dn\u00ed udialo. Nevyhneme [&hellip;]<\/p>\n","protected":false},"author":81,"featured_media":9039,"comment_status":"open","ping_status":"open","sticky":false,"template":"","format":"standard","meta":{"footnotes":""},"categories":[63],"tags":[319,619,227,115,119,1038,306,65,180,498,281,704,767,46,1012,179,885,307,20,810,891,545,55,269,174],"global-categories":[1074],"class_list":["post-9032","post","type-post","status-publish","format-standard","has-post-thumbnail","hentry","category-grand-tour","tag-adrenalin","tag-bicyklovanie","tag-casovka","tag-cestna-cyklistika","tag-chris-froome","tag-egan-bernal","tag-francuzsko","tag-giro-d-italia","tag-horska-cyklistika","tag-julian-alaphilippe","tag-majstrovstva-sveta","tag-mathieu-van-der-poel","tag-motivacia","tag-peter-sagan","tag-pretekar","tag-preteky","tag-profesional","tag-tom-dumoulin","tag-tour-de-france","tag-tour-de-france-2019","tag-tour-de-suisse","tag-trasa","tag-trening","tag-vitaz","tag-zlty-dres","global-categories-cycling"],"yoast_head":"<!-- This site is optimized with the Yoast SEO Premium plugin v25.3 (Yoast SEO v25.9) - https:\/\/yoast.com\/wordpress\/plugins\/seo\/ -->\n<title>Momenty roka 2019 v\u00a0profi pelot\u00f3ne - \u0160koda We Love Cycling Slovensko<\/title>\n<meta name=\"robots\" content=\"index, follow, max-snippet:-1, max-image-preview:large, max-video-preview:-1\" \/>\n<link rel=\"canonical\" href=\"https:\/\/www.welovecycling.com\/sk\/2020\/01\/08\/momenty-roka-2019-v-profi-pelotone\/\" \/>\n<meta property=\"og:locale\" content=\"sk_SK\" \/>\n<meta property=\"og:type\" content=\"article\" \/>\n<meta property=\"og:title\" content=\"Momenty roka 2019 v\u00a0profi pelot\u00f3ne\" \/>\n<meta property=\"og:description\" content=\"Koniec roka a za\u010diatok toho nov\u00e9ho predznamen\u00e1va star\u00e9 zn\u00e1me obhliadanie sa za t\u00fdm, \u010do sa po\u010das 365 dn\u00ed udialo. Nevyhneme [&hellip;]\" \/>\n<meta property=\"og:url\" content=\"https:\/\/www.welovecycling.com\/sk\/2020\/01\/08\/momenty-roka-2019-v-profi-pelotone\/\" \/>\n<meta property=\"og:site_name\" content=\"\u0160koda We Love Cycling Slovensko\" \/>\n<meta property=\"article:published_time\" content=\"2020-01-08T08:59:58+00:00\" \/>\n<meta property=\"og:image\" content=\"https:\/\/d2p6e6u75xmxt8.cloudfront.net\/4\/2020\/01\/Rok-2019-cesta_00.webp\" \/>\n\t<meta property=\"og:image:width\" content=\"1380\" \/>\n\t<meta property=\"og:image:height\" content=\"600\" \/>\n\t<meta property=\"og:image:type\" content=\"image\/webp\" \/>\n<meta name=\"twitter:card\" content=\"summary_large_image\" \/>\n<meta name=\"twitter:label1\" content=\"Written by\" \/>\n\t<meta name=\"twitter:data1\" content=\"WeLoveCycling\" \/>\n\t<meta name=\"twitter:label2\" content=\"Est. reading time\" \/>\n\t<meta name=\"twitter:data2\" content=\"5\" \/>\n<script type=\"application\/ld+json\" class=\"yoast-schema-graph\">{\"@context\":\"https:\/\/schema.org\",\"@graph\":[{\"@type\":\"WebPage\",\"@id\":\"https:\/\/www.welovecycling.com\/sk\/2020\/01\/08\/momenty-roka-2019-v-profi-pelotone\/\",\"url\":\"https:\/\/www.welovecycling.com\/sk\/2020\/01\/08\/momenty-roka-2019-v-profi-pelotone\/\",\"name\":\"Momenty roka 2019 v\u00a0profi pelot\u00f3ne - \u0160koda We Love Cycling Slovensko\",\"isPartOf\":{\"@id\":\"https:\/\/www.welovecycling.com\/sk\/#website\"},\"primaryImageOfPage\":{\"@id\":\"https:\/\/www.welovecycling.com\/sk\/2020\/01\/08\/momenty-roka-2019-v-profi-pelotone\/#primaryimage\"},\"image\":{\"@id\":\"https:\/\/www.welovecycling.com\/sk\/2020\/01\/08\/momenty-roka-2019-v-profi-pelotone\/#primaryimage\"},\"thumbnailUrl\":\"https:\/\/d2p6e6u75xmxt8.cloudfront.net\/4\/2020\/01\/Rok-2019-cesta_00.webp\",\"datePublished\":\"2020-01-08T08:59:58+00:00\",\"author\":{\"@id\":\"\"},\"breadcrumb\":{\"@id\":\"https:\/\/www.welovecycling.com\/sk\/2020\/01\/08\/momenty-roka-2019-v-profi-pelotone\/#breadcrumb\"},\"inLanguage\":\"sk-SK\",\"potentialAction\":[{\"@type\":\"ReadAction\",\"target\":[\"https:\/\/www.welovecycling.com\/sk\/2020\/01\/08\/momenty-roka-2019-v-profi-pelotone\/\"]}]},{\"@type\":\"ImageObject\",\"inLanguage\":\"sk-SK\",\"@id\":\"https:\/\/www.welovecycling.com\/sk\/2020\/01\/08\/momenty-roka-2019-v-profi-pelotone\/#primaryimage\",\"url\":\"https:\/\/d2p6e6u75xmxt8.cloudfront.net\/4\/2020\/01\/Rok-2019-cesta_00.webp\",\"contentUrl\":\"https:\/\/d2p6e6u75xmxt8.cloudfront.net\/4\/2020\/01\/Rok-2019-cesta_00.webp\",\"width\":1380,\"height\":600},{\"@type\":\"BreadcrumbList\",\"@id\":\"https:\/\/www.welovecycling.com\/sk\/2020\/01\/08\/momenty-roka-2019-v-profi-pelotone\/#breadcrumb\",\"itemListElement\":[{\"@type\":\"ListItem\",\"position\":1,\"name\":\"Home\",\"item\":\"https:\/\/www.welovecycling.com\/sk\/\"},{\"@type\":\"ListItem\",\"position\":2,\"name\":\"Momenty roka 2019 v\u00a0profi pelot\u00f3ne\"}]},{\"@type\":\"WebSite\",\"@id\":\"https:\/\/www.welovecycling.com\/sk\/#website\",\"url\":\"https:\/\/www.welovecycling.com\/sk\/\",\"name\":\"\u0160koda We Love Cycling Slovensko\",\"description\":\"\u0160koda We Love Cycling Slovensko je v\u00e1\u0161 ka\u017edodenn\u00fd zdroj noviniek a in\u0161pir\u00e1cie z sveta cyklistiky\",\"potentialAction\":[{\"@type\":\"SearchAction\",\"target\":{\"@type\":\"EntryPoint\",\"urlTemplate\":\"https:\/\/www.welovecycling.com\/sk\/?s={search_term_string}\"},\"query-input\":{\"@type\":\"PropertyValueSpecification\",\"valueRequired\":true,\"valueName\":\"search_term_string\"}}],\"inLanguage\":\"sk-SK\"},{\"@type\":\"Person\",\"@id\":\"\",\"url\":\"https:\/\/www.welovecycling.com\/sk\/author\/\"}]}<\/script>\n<!-- \/ Yoast SEO Premium plugin. -->","yoast_head_json":{"title":"Momenty roka 2019 v\u00a0profi pelot\u00f3ne - \u0160koda We Love Cycling Slovensko","robots":{"index":"index","follow":"follow","max-snippet":"max-snippet:-1","max-image-preview":"max-image-preview:large","max-video-preview":"max-video-preview:-1"},"canonical":"https:\/\/www.welovecycling.com\/sk\/2020\/01\/08\/momenty-roka-2019-v-profi-pelotone\/","og_locale":"sk_SK","og_type":"article","og_title":"Momenty roka 2019 v\u00a0profi pelot\u00f3ne","og_description":"Koniec roka a za\u010diatok toho nov\u00e9ho predznamen\u00e1va star\u00e9 zn\u00e1me obhliadanie sa za t\u00fdm, \u010do sa po\u010das 365 dn\u00ed udialo. Nevyhneme [&hellip;]","og_url":"https:\/\/www.welovecycling.com\/sk\/2020\/01\/08\/momenty-roka-2019-v-profi-pelotone\/","og_site_name":"\u0160koda We Love Cycling Slovensko","article_published_time":"2020-01-08T08:59:58+00:00","og_image":[{"width":1380,"height":600,"url":"https:\/\/d2p6e6u75xmxt8.cloudfront.net\/4\/2020\/01\/Rok-2019-cesta_00.webp","type":"image\/webp"}],"twitter_card":"summary_large_image","twitter_misc":{"Written by":"WeLoveCycling","Est. reading time":"5"},"schema":{"@context":"https:\/\/schema.org","@graph":[{"@type":"WebPage","@id":"https:\/\/www.welovecycling.com\/sk\/2020\/01\/08\/momenty-roka-2019-v-profi-pelotone\/","url":"https:\/\/www.welovecycling.com\/sk\/2020\/01\/08\/momenty-roka-2019-v-profi-pelotone\/","name":"Momenty roka 2019 v\u00a0profi pelot\u00f3ne - \u0160koda We Love Cycling Slovensko","isPartOf":{"@id":"https:\/\/www.welovecycling.com\/sk\/#website"},"primaryImageOfPage":{"@id":"https:\/\/www.welovecycling.com\/sk\/2020\/01\/08\/momenty-roka-2019-v-profi-pelotone\/#primaryimage"},"image":{"@id":"https:\/\/www.welovecycling.com\/sk\/2020\/01\/08\/momenty-roka-2019-v-profi-pelotone\/#primaryimage"},"thumbnailUrl":"https:\/\/d2p6e6u75xmxt8.cloudfront.net\/4\/2020\/01\/Rok-2019-cesta_00.webp","datePublished":"2020-01-08T08:59:58+00:00","author":{"@id":""},"breadcrumb":{"@id":"https:\/\/www.welovecycling.com\/sk\/2020\/01\/08\/momenty-roka-2019-v-profi-pelotone\/#breadcrumb"},"inLanguage":"sk-SK","potentialAction":[{"@type":"ReadAction","target":["https:\/\/www.welovecycling.com\/sk\/2020\/01\/08\/momenty-roka-2019-v-profi-pelotone\/"]}]},{"@type":"ImageObject","inLanguage":"sk-SK","@id":"https:\/\/www.welovecycling.com\/sk\/2020\/01\/08\/momenty-roka-2019-v-profi-pelotone\/#primaryimage","url":"https:\/\/d2p6e6u75xmxt8.cloudfront.net\/4\/2020\/01\/Rok-2019-cesta_00.webp","contentUrl":"https:\/\/d2p6e6u75xmxt8.cloudfront.net\/4\/2020\/01\/Rok-2019-cesta_00.webp","width":1380,"height":600},{"@type":"BreadcrumbList","@id":"https:\/\/www.welovecycling.com\/sk\/2020\/01\/08\/momenty-roka-2019-v-profi-pelotone\/#breadcrumb","itemListElement":[{"@type":"ListItem","position":1,"name":"Home","item":"https:\/\/www.welovecycling.com\/sk\/"},{"@type":"ListItem","position":2,"name":"Momenty roka 2019 v\u00a0profi pelot\u00f3ne"}]},{"@type":"WebSite","@id":"https:\/\/www.welovecycling.com\/sk\/#website","url":"https:\/\/www.welovecycling.com\/sk\/","name":"\u0160koda We Love Cycling Slovensko","description":"\u0160koda We Love Cycling Slovensko je v\u00e1\u0161 ka\u017edodenn\u00fd zdroj noviniek a in\u0161pir\u00e1cie z sveta cyklistiky","potentialAction":[{"@type":"SearchAction","target":{"@type":"EntryPoint","urlTemplate":"https:\/\/www.welovecycling.com\/sk\/?s={search_term_string}"},"query-input":{"@type":"PropertyValueSpecification","valueRequired":true,"valueName":"search_term_string"}}],"inLanguage":"sk-SK"},{"@type":"Person","@id":"","url":"https:\/\/www.welovecycling.com\/sk\/author\/"}]}},"_links":{"self":[{"href":"https:\/\/www.welovecycling.com\/sk\/wp-json\/wp\/v2\/posts\/9032","targetHints":{"allow":["GET"]}}],"collection":[{"href":"https:\/\/www.welovecycling.com\/sk\/wp-json\/wp\/v2\/posts"}],"about":[{"href":"https:\/\/www.welovecycling.com\/sk\/wp-json\/wp\/v2\/types\/post"}],"author":[{"embeddable":true,"href":"https:\/\/www.welovecycling.com\/sk\/wp-json\/wp\/v2\/users\/81"}],"replies":[{"embeddable":true,"href":"https:\/\/www.welovecycling.com\/sk\/wp-json\/wp\/v2\/comments?post=9032"}],"version-history":[{"count":2,"href":"https:\/\/www.welovecycling.com\/sk\/wp-json\/wp\/v2\/posts\/9032\/revisions"}],"predecessor-version":[{"id":9044,"href":"https:\/\/www.welovecycling.com\/sk\/wp-json\/wp\/v2\/posts\/9032\/revisions\/9044"}],"wp:featuredmedia":[{"embeddable":true,"href":"https:\/\/www.welovecycling.com\/sk\/wp-json\/wp\/v2\/media\/9039"}],"wp:attachment":[{"href":"https:\/\/www.welovecycling.com\/sk\/wp-json\/wp\/v2\/media?parent=9032"}],"wp:term":[{"taxonomy":"category","embeddable":true,"href":"https:\/\/www.welovecycling.com\/sk\/wp-json\/wp\/v2\/categories?post=9032"},{"taxonomy":"post_tag","embeddable":true,"href":"https:\/\/www.welovecycling.com\/sk\/wp-json\/wp\/v2\/tags?post=9032"},{"taxonomy":"global-categories","embeddable":true,"href":"https:\/\/www.welovecycling.com\/sk\/wp-json\/wp\/v2\/global-categories?post=9032"}],"curies":[{"name":"wp","href":"https:\/\/api.w.org\/{rel}","templated":true}]}}