{"id":9014,"date":"2019-12-31T09:00:48","date_gmt":"2019-12-31T08:00:48","guid":{"rendered":"https:\/\/www.welovecycling.com\/sk\/?p=9014"},"modified":"2019-12-29T19:03:18","modified_gmt":"2019-12-29T18:03:18","slug":"mesacna-desiatka-pred-vianocami-v-blate-ale-aj-s-prekvapeniami","status":"publish","type":"post","link":"https:\/\/www.welovecycling.com\/sk\/2019\/12\/31\/mesacna-desiatka-pred-vianocami-v-blate-ale-aj-s-prekvapeniami\/","title":{"rendered":"Mesa\u010dn\u00e1 desiatka &#8211; pred Vianocami v\u00a0blate, ale aj s\u00a0prekvapeniami"},"content":{"rendered":"<p><strong>Rok sme ukon\u010dili ka\u017ed\u00fd svojsky &#8211; niekto s\u00a0lep\u0161\u00edm pocitom, niekto s\u00a0menej priazniv\u00fdm. Podstatn\u00e9 je v\u0161ak to, \u017ee cyklistick\u00fd svet sa, ako to u\u017e povedal Galileo, neprestal to\u010di\u0165. Posledn\u00fd mesiac roka patril nielen pretekaniu, ale s\u00fa\u010dasne aj v\u0161etk\u00fdm form\u00e1m tohto dvojkolesov\u00e9ho \u0161portu.<\/strong><!--more--><\/p>\n<p><strong><\/p>\n<h2>Do\u010dkali sme sa &#8211; Mathieu van der Poel skon\u010dil tret\u00ed<\/strong><\/h2>\n<p>Hist\u00f3ria sa musela prepisova\u0165. Po celej sez\u00f3ne <strong>bez prehry<\/strong>, t. j. asi po 13 UCI klasifikovan\u00fdch podujatiach, sa v\u00a0belgickom Ronse-Kluisbergen na cyklokrosov\u00fdch pretekoch hodnoten\u00fdch kateg\u00f3riou C1 nedostal na prv\u00e9 miesto. D\u00f4vod m\u00f4\u017eeme h\u013eada\u0165 v\u00a0podmienkach &#8211; hust\u00e9 blato premenilo tra\u0165 na sk\u00f4r be\u017eeck\u00e9 preteky. U\u017e v\u00a0\u00favodn\u00fdch kol\u00e1ch <strong>stratil Poel kontakt<\/strong> s\u00a0dvomi pred nim jazdiacimi mu\u017emi: nesk\u00f4r v\u00ed\u0165azn\u00fdm <strong>T. Aertsom<\/strong> a\u00a0<strong>E. Iserbytom<\/strong>. Dobrou spr\u00e1vou je, \u017ee hne\u010f na druh\u00fd de\u0148 nadviazal na svoju star\u00fa formu a\u00a0zv\u00ed\u0165azil.<\/p>\n<p><a href=\"https:\/\/d2p6e6u75xmxt8.cloudfront.net\/4\/2019\/12\/mes.desiatka_01.jpg\"><img loading=\"lazy\" decoding=\"async\" src=\"https:\/\/d2p6e6u75xmxt8.cloudfront.net\/4\/2019\/12\/mes.desiatka_01.jpg\" alt=\"\" width=\"1200\" height=\"800\" class=\"alignnone size-full wp-image-9019\" \/><\/a><\/p>\n<p><strong><\/p>\n<h2> Za morom pokra\u010duj\u00fa etapov\u00e9 preteky<\/strong><\/h2>\n<p>I\u00a0ke\u010f my sme u\u017e nejak\u00fd ten piatok nezaznamenali v\u00e4\u010d\u0161ie cyklistick\u00e9 podujatie na na\u0161om kontinente, v\u00a0Ju\u017enej Amerike je to o\u00a0nie\u010dom inom. V Kostarike na 55. ro\u010dn\u00edku Vuelta Ciclista Internacional sa <strong>pretek\u00e1 aj po\u010das \u0161tedr\u00e9ho d\u0148a<\/strong>. Obdobne je tomu aj v\u00a0Malajzii, kde sa kon\u00e1 Tour of Selangor, klasifikovan\u00fd \u00farov\u0148ou 2.2. Tu sa v\u0161ak skon\u010dilo e\u0161te pred Vianocami. <strong>Nu\u017e, in\u00fd kraj, in\u00fd mrav.<\/strong><\/p>\n<p><strong><\/p>\n<h2> \u010co tak trochu \u0161tatistiky na koniec roka?<\/strong><\/h2>\n<p>Inform\u00e1ciami nabit\u00fd port\u00e1l procyclingstats.com je hodnotn\u00fdm zdrojom nejedn\u00e9ho fan\u00fa\u0161ika cyklistiky. Na konci roku pon\u00faka celoro\u010dn\u00fa \u0161tatistiku zauj\u00edmav\u00fdch \u00fadajov, ktor\u00e9 m\u00f4\u017eu pozmeni\u0165 poh\u013ead na cyklistiku. Tak napr\u00edklad priemern\u00e1 r\u00fdchlos\u0165 v\u0161etk\u00fdch World Tour pretekov bola <strong>40,7 km\/h<\/strong>. Ak sa naopak zameriame na jednotlivca, pozoruhodn\u00fdm je graf zn\u00e1zor\u0148uj\u00faci po\u010det z\u00edskan\u00fdch bodov vzh\u013eadom na vek. Gaussova krivka je pr\u00edtomn\u00e1 aj v\u00a0tomto pr\u00edpade &#8211; naj\u00faspe\u0161nej\u0161\u00edmi s\u00fa <strong>pretek\u00e1ri v\u00a0rozmedz\u00ed 26 a\u017e 28 rokov<\/strong>. N\u00e1sledne sa graf pomaly sp\u00fa\u0161\u0165a k\u00a0\u00fapadku. Ako na tom teda bude <strong>Peter Sagan<\/strong>, ktor\u00fd bude oslavova\u0165 u\u017e 30. narodeniny?<\/p>\n<p><a href=\"https:\/\/d2p6e6u75xmxt8.cloudfront.net\/4\/2019\/12\/mes.desiatka_02.jpg\"><img loading=\"lazy\" decoding=\"async\" src=\"https:\/\/d2p6e6u75xmxt8.cloudfront.net\/4\/2019\/12\/mes.desiatka_02.jpg\" alt=\"\" width=\"1200\" height=\"800\" class=\"alignnone size-full wp-image-9020\" \/><\/a><\/p>\n<p><strong><\/p>\n<h2>Prestupy, prestupy a\u00a0\u010fal\u0161ie prestupy<\/strong><\/h2>\n<p>T\u00e1to t\u00e9ma je celoro\u010dn\u00fdm probl\u00e9mom \u010di sk\u00f4r fenom\u00e9nom. <strong>Jazdci menia dresy, t\u00edmy zanikaj\u00fa<\/strong> a\u00a0na ich mieste sa objavuj\u00fa nov\u00e9. Tak napr\u00edklad <strong>R. Dennis<\/strong>, majster sveta v\u00a0\u010dasovke, prest\u00fapil z\u00a0Bahrain Merida do u\u017e tak siln\u00e9ho Ineos-u (to e\u0161te len bude zostava na t\u00edmov\u00fa \u010dasovku). Z\u00a0Bory odi\u0161iel <strong>S.&nbsp;Bennett<\/strong> do Deceuninck-Quick Step. Izraelsk\u00fd t\u00edm, ktor\u00fd bol prokontinent\u00e1lnym t\u00edmom, sa v\u00a0novej sez\u00f3ne objav\u00ed na u\u017e ako World Tour t\u00edm. Vo svojich rad\u00e1ch u\u017e m\u00e1 <strong>A. Greipela<\/strong>, <strong>D. Martina<\/strong> \u010di <strong>N.&nbsp;Politta<\/strong>.<\/p>\n<p><strong><\/p>\n<h2> Alpe d&#8217;Huez mimo cesty?<\/strong><\/h2>\n<p>Ikonick\u00e9 st\u00fapanie je cie\u013eom tis\u00edcok jazdcov ka\u017edoro\u010dne. Av\u0161ak, \u010do ak sa na\u00a0jeho \u00fap\u00e4t\u00ed rozhodnete zvoli\u0165 si in\u00fa, ne\u017e klasick\u00fa trasu? Video z\u00a0produkcie Shimano <strong>pon\u00faka poh\u013ead na cyklistiku<\/strong>, ktor\u00fd zd\u00f4raz\u0148uje mnohorakos\u0165 sp\u00f4sobov, ako vyu\u017ei\u0165 svoj bicykel. Pr\u00e1ve gravel kateg\u00f3ria dok\u00e1\u017ee premosti\u0165 rozdielnosti, ktor\u00fdmi sa vyzna\u010duje asfaltov\u00e1 cesta a\u00a0\u0161otolinov\u00e1 pr\u00edpojka. <strong>Cyklistika je len jedna.<\/strong><\/p>\n<lite-youtube videoid=kzW43-hWz1Y params=\"enablejsapi=1\" style=\"background-image: url('https:\/\/i.ytimg.com\/vi_webp\/kzW43-hWz1Y\/maxresdefault.webp');\"><\/lite-youtube>\n<p><strong><\/p>\n<h2>Jolanda Neff po v\u00e1\u017enom p\u00e1de u\u017e v\u00a0stabilizovanom stave<\/strong><\/h2>\n<p>Smola nechod\u00ed po hor\u00e1ch, ale po \u013eu\u010foch. D\u00f4kazom je aj pr\u00edpad \u0160vaj\u010diarky, <strong>Jolandy Neff<\/strong>, ktor\u00e1 po\u010das v\u00fdjazdu v\u00a0USA spadla a\u00a0pri dopade do kopy kon\u00e1rov a\u00a0dreva utrpela okrem zlomeniny rebier aj vn\u00fatorn\u00e9 krv\u00e1canie. V\u010faka r\u00fdchlej pomoci lek\u00e1rov v\u0161ak vyviazla z\u00a0tejto nehody \u017eiv\u00e1. Teraz sa bude musie\u0165 svojho bicykla vzda\u0165 na nieko\u013eko t\u00fd\u017ed\u0148ov, ak nie na dlh\u0161ie. <strong>Prajeme skor\u00e9 uzdravenie!<\/strong><\/p>\n<p><a href=\"https:\/\/d2p6e6u75xmxt8.cloudfront.net\/4\/2019\/12\/mes.desiatka_03-1.png\"><img loading=\"lazy\" decoding=\"async\" src=\"https:\/\/d2p6e6u75xmxt8.cloudfront.net\/4\/2019\/12\/mes.desiatka_03-1.png\" alt=\"\" width=\"1200\" height=\"800\" class=\"alignnone size-full wp-image-9025\" \/><\/a><\/p>\n<p><strong><\/p>\n<h2>Indoorov\u00e9 Majstrovstv\u00e1 sveta 2019<\/strong><\/h2>\n<p>Tieto discipl\u00edny ur\u010dite patria medzi menej zn\u00e1me, predov\u0161etk\u00fdm v\u00a0na\u0161om prostred\u00ed, av\u0161ak tento predsudok nie je opodstatnen\u00fd. Napr\u00edklad umeleck\u00e1 cyklistika je popul\u00e1rna aj medzi slovensk\u00fdmi jazdky\u0148ami. Tie obsadili v\u00a0discipl\u00edne p\u00e1rov, 10. (E. Kulichov\u00e1 a\u00a0D. R\u00e1k\u00f3cza) a\u00a011. (N. \u017dibrita, N. F\u00f6rd\u00f6s) miesto. V\u00a0cyklobale sme s\u00edce zast\u00fapenie nemali, ale svoju suverenitu potvrdila dvojica <strong>M. Br\u00f6ll<\/strong> a\u00a0<strong>P.&nbsp;Schnetzer<\/strong>. Nu\u017e, \u0161port je v\u017edy otvoren\u00fd ak\u00fdmko\u013evek <strong>prejavom radosti z\u00a0pohybu<\/strong>. Ver\u00edme, \u017ee aj tieto odvetvia si n\u00e1jdu medzi Slov\u00e1kmi svojich priaznivcov.<\/p>\n<p><a href=\"https:\/\/d2p6e6u75xmxt8.cloudfront.net\/4\/2019\/12\/mes.desiatka_04.jpg\"><img loading=\"lazy\" decoding=\"async\" src=\"https:\/\/d2p6e6u75xmxt8.cloudfront.net\/4\/2019\/12\/mes.desiatka_04.jpg\" alt=\"\" width=\"1200\" height=\"800\" class=\"alignnone size-full wp-image-9022\" \/><\/a><\/p>\n<p><strong><\/p>\n<h2> V\u00a0decembri sme sa do\u010dkali a\u017e 3 Svetov\u00fdch poh\u00e1rov v\u00a0dr\u00e1hovej cyklistike<\/strong><\/h2>\n<p>Po\u010dasie m\u00e1 svoje pravidl\u00e1 a\u00a0n\u00e1m ost\u00e1va len riadi\u0165 sa pod\u013ea nich. Aj preto sa v\u00a0zimnom obdob\u00ed pres\u00favaj\u00fa cyklisti dovn\u00fatra (okrem cyklokros\u00e1rov, ale to je kateg\u00f3ria sama o\u00a0sebe). Tak tomu bolo aj po\u010das III. a\u017e V. kola Svetov\u00e9ho poh\u00e1ra na dr\u00e1he. Posledn\u00e9 z\u00a0nich, odohr\u00e1vaj\u00face sa v\u00a0Brisbane, AUS, najlep\u0161ie sedelo <strong>R. Mateuszovi<\/strong> v\u00a0\u0161printe mu\u017eov, tak ako aj <strong>W. S. Lee<\/strong>.<\/p>\n<p><strong><\/p>\n<h2>Ako sa sta\u0165 prav\u00fdm dr\u00e1harom?<\/strong><\/h2>\n<p>V\u00a0<a href=\"https:\/\/www.uci.org\/track\/news\/2019\/training-a-track-star\" rel=\"noopener\" target=\"_blank\">\u010dl\u00e1nku<\/a> od Svetovej cyklistickej \u00fanie sa m\u00f4\u017eete do\u010d\u00edta\u0165, ako sa krok po kroku sta\u0165 ak nie najlep\u0161\u00edm, tak aspo\u0148 ambici\u00f3znym pretek\u00e1rom. Cyklistika je s\u00edce len jedna, <strong>ale ka\u017ed\u00e9 odvetvie si vy\u017eaduje in\u00e9 predispoz\u00edcie<\/strong>. Sta\u010d\u00ed sa len pozrie\u0165 na v\u00ed\u0165aza Tour de France, <strong>Ch. Frooma<\/strong>, a\u00a0porovna\u0165 ho s\u00a0nieko\u013ekon\u00e1sobn\u00fdm Majstrom sveta v\u00a0\u0161printe na dr\u00e1he, <strong>Ch. Hoyom<\/strong>. Fyziol\u00f3gia nepust\u00ed, a\u00a0preto je potrebn\u00e9 sa pripravi\u0165 spr\u00e1vne. Ak po\u010das zimy nem\u00e1te \u010do na pr\u00e1ci, sk\u00faste ok\u00fasi\u0165, \u010do to znamen\u00e1, <strong>da\u0165 si 1 km naplno<\/strong>.<\/p>\n<p><a href=\"https:\/\/d2p6e6u75xmxt8.cloudfront.net\/4\/2019\/12\/mes.desiatka_05.jpg\"><img loading=\"lazy\" decoding=\"async\" src=\"https:\/\/d2p6e6u75xmxt8.cloudfront.net\/4\/2019\/12\/mes.desiatka_05.jpg\" alt=\"\" width=\"1200\" height=\"800\" class=\"alignnone size-full wp-image-9023\" \/><\/a><\/p>\n<p><strong><\/p>\n<h2> Desiatka aj v\u00a0bud\u00facom roku<\/strong><\/h2>\n<p>V poslednom bode v\u00e1s ochudobn\u00edme o\u00a0novinku z\u00a0cyklistick\u00e9ho sveta, ale mo\u017eno pote\u0161\u00edme inou formou. Mesa\u010dn\u00e1 desiatka si pre\u0161la v\u00a0tomto roku krstom a\u00a0vyzer\u00e1 to tak, <strong>\u017ee je skvel\u00fdm zdrojom inform\u00e1ci\u00ed<\/strong> aj do bud\u00faceho roka. Preto u\u017e koncom janu\u00e1ra m\u00f4\u017eete o\u010dak\u00e1va\u0165 staronov\u00fd form\u00e1t. Nakoniec v\u00e1m \u017eel\u00e1me v\u0161etko dobr\u00e9 do Nov\u00e9ho roku, <strong>nech je cyklistika st\u00e1le pr\u00edtomn\u00e1 a\u00a0nech z\u00a0nej m\u00e1te rados\u0165<\/strong>. <\/p>\n<p><strong>\u0160portu zdar a\u00a0cyklistike obzvl\u00e1\u0161\u0165!<\/strong><\/p>\n<p>(zdroj fotografi\u00ed: FB\/UCI, FB\/UCICyclocross, FB\/UCI, Instagram\/JolandaNeff, FB\/UCI, FB\/UCI Alex Whitehead\/SWpix.com)<\/p>\n","protected":false},"excerpt":{"rendered":"<p>Rok sme ukon\u010dili ka\u017ed\u00fd svojsky &#8211; niekto s\u00a0lep\u0161\u00edm pocitom, niekto s\u00a0menej priazniv\u00fdm. Podstatn\u00e9 je v\u0161ak to, \u017ee cyklistick\u00fd svet sa, [&hellip;]<\/p>\n","protected":false},"author":81,"featured_media":9018,"comment_status":"open","ping_status":"open","sticky":false,"template":"","format":"standard","meta":{"footnotes":""},"categories":[63],"tags":[115,119,898,896,259,180,1191,890,532,749,704,412,931,46,179,256,556,55],"global-categories":[1074],"class_list":["post-9014","post","type-post","status-publish","format-standard","has-post-thumbnail","hentry","category-grand-tour","tag-cestna-cyklistika","tag-chris-froome","tag-deceuninck-quick-step","tag-enduro","tag-gravel","tag-horska-cyklistika","tag-jazda","tag-jazdec","tag-jazdenie","tag-jolanda-neff","tag-mathieu-van-der-poel","tag-mtb","tag-odporucame","tag-peter-sagan","tag-preteky","tag-sezona","tag-tim","tag-trening","global-categories-cycling"],"yoast_head":"<!-- This site is optimized with the Yoast SEO Premium plugin v25.3 (Yoast SEO v25.9) - https:\/\/yoast.com\/wordpress\/plugins\/seo\/ -->\n<title>Mesa\u010dn\u00e1 desiatka - pred Vianocami v\u00a0blate, ale aj s\u00a0prekvapeniami - \u0160koda We Love Cycling Slovensko<\/title>\n<meta name=\"robots\" content=\"index, follow, max-snippet:-1, max-image-preview:large, max-video-preview:-1\" \/>\n<link rel=\"canonical\" href=\"https:\/\/www.welovecycling.com\/sk\/2019\/12\/31\/mesacna-desiatka-pred-vianocami-v-blate-ale-aj-s-prekvapeniami\/\" \/>\n<meta property=\"og:locale\" content=\"sk_SK\" \/>\n<meta property=\"og:type\" content=\"article\" \/>\n<meta property=\"og:title\" content=\"Mesa\u010dn\u00e1 desiatka - pred Vianocami v\u00a0blate, ale aj s\u00a0prekvapeniami\" \/>\n<meta property=\"og:description\" content=\"Rok sme ukon\u010dili ka\u017ed\u00fd svojsky &#8211; niekto s\u00a0lep\u0161\u00edm pocitom, niekto s\u00a0menej priazniv\u00fdm. Podstatn\u00e9 je v\u0161ak to, \u017ee cyklistick\u00fd svet sa, [&hellip;]\" \/>\n<meta property=\"og:url\" content=\"https:\/\/www.welovecycling.com\/sk\/2019\/12\/31\/mesacna-desiatka-pred-vianocami-v-blate-ale-aj-s-prekvapeniami\/\" \/>\n<meta property=\"og:site_name\" content=\"\u0160koda We Love Cycling Slovensko\" \/>\n<meta property=\"article:published_time\" content=\"2019-12-31T08:00:48+00:00\" \/>\n<meta property=\"og:image\" content=\"https:\/\/d2p6e6u75xmxt8.cloudfront.net\/4\/2019\/12\/mes.desiatka_00.webp\" \/>\n\t<meta property=\"og:image:width\" content=\"1380\" \/>\n\t<meta property=\"og:image:height\" content=\"600\" \/>\n\t<meta property=\"og:image:type\" content=\"image\/webp\" \/>\n<meta name=\"twitter:card\" content=\"summary_large_image\" \/>\n<meta name=\"twitter:label1\" content=\"Written by\" \/>\n\t<meta name=\"twitter:data1\" content=\"WeLoveCycling\" \/>\n\t<meta name=\"twitter:label2\" content=\"Est. reading time\" \/>\n\t<meta name=\"twitter:data2\" content=\"5\" \/>\n<script type=\"application\/ld+json\" class=\"yoast-schema-graph\">{\"@context\":\"https:\/\/schema.org\",\"@graph\":[{\"@type\":\"WebPage\",\"@id\":\"https:\/\/www.welovecycling.com\/sk\/2019\/12\/31\/mesacna-desiatka-pred-vianocami-v-blate-ale-aj-s-prekvapeniami\/\",\"url\":\"https:\/\/www.welovecycling.com\/sk\/2019\/12\/31\/mesacna-desiatka-pred-vianocami-v-blate-ale-aj-s-prekvapeniami\/\",\"name\":\"Mesa\u010dn\u00e1 desiatka - pred Vianocami v\u00a0blate, ale aj s\u00a0prekvapeniami - \u0160koda We Love Cycling Slovensko\",\"isPartOf\":{\"@id\":\"https:\/\/www.welovecycling.com\/sk\/#website\"},\"primaryImageOfPage\":{\"@id\":\"https:\/\/www.welovecycling.com\/sk\/2019\/12\/31\/mesacna-desiatka-pred-vianocami-v-blate-ale-aj-s-prekvapeniami\/#primaryimage\"},\"image\":{\"@id\":\"https:\/\/www.welovecycling.com\/sk\/2019\/12\/31\/mesacna-desiatka-pred-vianocami-v-blate-ale-aj-s-prekvapeniami\/#primaryimage\"},\"thumbnailUrl\":\"https:\/\/d2p6e6u75xmxt8.cloudfront.net\/4\/2019\/12\/mes.desiatka_00.webp\",\"datePublished\":\"2019-12-31T08:00:48+00:00\",\"author\":{\"@id\":\"\"},\"breadcrumb\":{\"@id\":\"https:\/\/www.welovecycling.com\/sk\/2019\/12\/31\/mesacna-desiatka-pred-vianocami-v-blate-ale-aj-s-prekvapeniami\/#breadcrumb\"},\"inLanguage\":\"sk-SK\",\"potentialAction\":[{\"@type\":\"ReadAction\",\"target\":[\"https:\/\/www.welovecycling.com\/sk\/2019\/12\/31\/mesacna-desiatka-pred-vianocami-v-blate-ale-aj-s-prekvapeniami\/\"]}]},{\"@type\":\"ImageObject\",\"inLanguage\":\"sk-SK\",\"@id\":\"https:\/\/www.welovecycling.com\/sk\/2019\/12\/31\/mesacna-desiatka-pred-vianocami-v-blate-ale-aj-s-prekvapeniami\/#primaryimage\",\"url\":\"https:\/\/d2p6e6u75xmxt8.cloudfront.net\/4\/2019\/12\/mes.desiatka_00.webp\",\"contentUrl\":\"https:\/\/d2p6e6u75xmxt8.cloudfront.net\/4\/2019\/12\/mes.desiatka_00.webp\",\"width\":1380,\"height\":600},{\"@type\":\"BreadcrumbList\",\"@id\":\"https:\/\/www.welovecycling.com\/sk\/2019\/12\/31\/mesacna-desiatka-pred-vianocami-v-blate-ale-aj-s-prekvapeniami\/#breadcrumb\",\"itemListElement\":[{\"@type\":\"ListItem\",\"position\":1,\"name\":\"Home\",\"item\":\"https:\/\/www.welovecycling.com\/sk\/\"},{\"@type\":\"ListItem\",\"position\":2,\"name\":\"Mesa\u010dn\u00e1 desiatka &#8211; pred Vianocami v\u00a0blate, ale aj s\u00a0prekvapeniami\"}]},{\"@type\":\"WebSite\",\"@id\":\"https:\/\/www.welovecycling.com\/sk\/#website\",\"url\":\"https:\/\/www.welovecycling.com\/sk\/\",\"name\":\"\u0160koda We Love Cycling Slovensko\",\"description\":\"\u0160koda We Love Cycling Slovensko je v\u00e1\u0161 ka\u017edodenn\u00fd zdroj noviniek a in\u0161pir\u00e1cie z sveta cyklistiky\",\"potentialAction\":[{\"@type\":\"SearchAction\",\"target\":{\"@type\":\"EntryPoint\",\"urlTemplate\":\"https:\/\/www.welovecycling.com\/sk\/?s={search_term_string}\"},\"query-input\":{\"@type\":\"PropertyValueSpecification\",\"valueRequired\":true,\"valueName\":\"search_term_string\"}}],\"inLanguage\":\"sk-SK\"},{\"@type\":\"Person\",\"@id\":\"\",\"url\":\"https:\/\/www.welovecycling.com\/sk\/author\/\"}]}<\/script>\n<!-- \/ Yoast SEO Premium plugin. -->","yoast_head_json":{"title":"Mesa\u010dn\u00e1 desiatka - pred Vianocami v\u00a0blate, ale aj s\u00a0prekvapeniami - \u0160koda We Love Cycling Slovensko","robots":{"index":"index","follow":"follow","max-snippet":"max-snippet:-1","max-image-preview":"max-image-preview:large","max-video-preview":"max-video-preview:-1"},"canonical":"https:\/\/www.welovecycling.com\/sk\/2019\/12\/31\/mesacna-desiatka-pred-vianocami-v-blate-ale-aj-s-prekvapeniami\/","og_locale":"sk_SK","og_type":"article","og_title":"Mesa\u010dn\u00e1 desiatka - pred Vianocami v\u00a0blate, ale aj s\u00a0prekvapeniami","og_description":"Rok sme ukon\u010dili ka\u017ed\u00fd svojsky &#8211; niekto s\u00a0lep\u0161\u00edm pocitom, niekto s\u00a0menej priazniv\u00fdm. Podstatn\u00e9 je v\u0161ak to, \u017ee cyklistick\u00fd svet sa, [&hellip;]","og_url":"https:\/\/www.welovecycling.com\/sk\/2019\/12\/31\/mesacna-desiatka-pred-vianocami-v-blate-ale-aj-s-prekvapeniami\/","og_site_name":"\u0160koda We Love Cycling Slovensko","article_published_time":"2019-12-31T08:00:48+00:00","og_image":[{"width":1380,"height":600,"url":"https:\/\/d2p6e6u75xmxt8.cloudfront.net\/4\/2019\/12\/mes.desiatka_00.webp","type":"image\/webp"}],"twitter_card":"summary_large_image","twitter_misc":{"Written by":"WeLoveCycling","Est. reading time":"5"},"schema":{"@context":"https:\/\/schema.org","@graph":[{"@type":"WebPage","@id":"https:\/\/www.welovecycling.com\/sk\/2019\/12\/31\/mesacna-desiatka-pred-vianocami-v-blate-ale-aj-s-prekvapeniami\/","url":"https:\/\/www.welovecycling.com\/sk\/2019\/12\/31\/mesacna-desiatka-pred-vianocami-v-blate-ale-aj-s-prekvapeniami\/","name":"Mesa\u010dn\u00e1 desiatka - pred Vianocami v\u00a0blate, ale aj s\u00a0prekvapeniami - \u0160koda We Love Cycling Slovensko","isPartOf":{"@id":"https:\/\/www.welovecycling.com\/sk\/#website"},"primaryImageOfPage":{"@id":"https:\/\/www.welovecycling.com\/sk\/2019\/12\/31\/mesacna-desiatka-pred-vianocami-v-blate-ale-aj-s-prekvapeniami\/#primaryimage"},"image":{"@id":"https:\/\/www.welovecycling.com\/sk\/2019\/12\/31\/mesacna-desiatka-pred-vianocami-v-blate-ale-aj-s-prekvapeniami\/#primaryimage"},"thumbnailUrl":"https:\/\/d2p6e6u75xmxt8.cloudfront.net\/4\/2019\/12\/mes.desiatka_00.webp","datePublished":"2019-12-31T08:00:48+00:00","author":{"@id":""},"breadcrumb":{"@id":"https:\/\/www.welovecycling.com\/sk\/2019\/12\/31\/mesacna-desiatka-pred-vianocami-v-blate-ale-aj-s-prekvapeniami\/#breadcrumb"},"inLanguage":"sk-SK","potentialAction":[{"@type":"ReadAction","target":["https:\/\/www.welovecycling.com\/sk\/2019\/12\/31\/mesacna-desiatka-pred-vianocami-v-blate-ale-aj-s-prekvapeniami\/"]}]},{"@type":"ImageObject","inLanguage":"sk-SK","@id":"https:\/\/www.welovecycling.com\/sk\/2019\/12\/31\/mesacna-desiatka-pred-vianocami-v-blate-ale-aj-s-prekvapeniami\/#primaryimage","url":"https:\/\/d2p6e6u75xmxt8.cloudfront.net\/4\/2019\/12\/mes.desiatka_00.webp","contentUrl":"https:\/\/d2p6e6u75xmxt8.cloudfront.net\/4\/2019\/12\/mes.desiatka_00.webp","width":1380,"height":600},{"@type":"BreadcrumbList","@id":"https:\/\/www.welovecycling.com\/sk\/2019\/12\/31\/mesacna-desiatka-pred-vianocami-v-blate-ale-aj-s-prekvapeniami\/#breadcrumb","itemListElement":[{"@type":"ListItem","position":1,"name":"Home","item":"https:\/\/www.welovecycling.com\/sk\/"},{"@type":"ListItem","position":2,"name":"Mesa\u010dn\u00e1 desiatka &#8211; pred Vianocami v\u00a0blate, ale aj s\u00a0prekvapeniami"}]},{"@type":"WebSite","@id":"https:\/\/www.welovecycling.com\/sk\/#website","url":"https:\/\/www.welovecycling.com\/sk\/","name":"\u0160koda We Love Cycling Slovensko","description":"\u0160koda We Love Cycling Slovensko je v\u00e1\u0161 ka\u017edodenn\u00fd zdroj noviniek a in\u0161pir\u00e1cie z sveta cyklistiky","potentialAction":[{"@type":"SearchAction","target":{"@type":"EntryPoint","urlTemplate":"https:\/\/www.welovecycling.com\/sk\/?s={search_term_string}"},"query-input":{"@type":"PropertyValueSpecification","valueRequired":true,"valueName":"search_term_string"}}],"inLanguage":"sk-SK"},{"@type":"Person","@id":"","url":"https:\/\/www.welovecycling.com\/sk\/author\/"}]}},"_links":{"self":[{"href":"https:\/\/www.welovecycling.com\/sk\/wp-json\/wp\/v2\/posts\/9014","targetHints":{"allow":["GET"]}}],"collection":[{"href":"https:\/\/www.welovecycling.com\/sk\/wp-json\/wp\/v2\/posts"}],"about":[{"href":"https:\/\/www.welovecycling.com\/sk\/wp-json\/wp\/v2\/types\/post"}],"author":[{"embeddable":true,"href":"https:\/\/www.welovecycling.com\/sk\/wp-json\/wp\/v2\/users\/81"}],"replies":[{"embeddable":true,"href":"https:\/\/www.welovecycling.com\/sk\/wp-json\/wp\/v2\/comments?post=9014"}],"version-history":[{"count":2,"href":"https:\/\/www.welovecycling.com\/sk\/wp-json\/wp\/v2\/posts\/9014\/revisions"}],"predecessor-version":[{"id":9031,"href":"https:\/\/www.welovecycling.com\/sk\/wp-json\/wp\/v2\/posts\/9014\/revisions\/9031"}],"wp:featuredmedia":[{"embeddable":true,"href":"https:\/\/www.welovecycling.com\/sk\/wp-json\/wp\/v2\/media\/9018"}],"wp:attachment":[{"href":"https:\/\/www.welovecycling.com\/sk\/wp-json\/wp\/v2\/media?parent=9014"}],"wp:term":[{"taxonomy":"category","embeddable":true,"href":"https:\/\/www.welovecycling.com\/sk\/wp-json\/wp\/v2\/categories?post=9014"},{"taxonomy":"post_tag","embeddable":true,"href":"https:\/\/www.welovecycling.com\/sk\/wp-json\/wp\/v2\/tags?post=9014"},{"taxonomy":"global-categories","embeddable":true,"href":"https:\/\/www.welovecycling.com\/sk\/wp-json\/wp\/v2\/global-categories?post=9014"}],"curies":[{"name":"wp","href":"https:\/\/api.w.org\/{rel}","templated":true}]}}