{"id":9001,"date":"2020-01-06T10:00:06","date_gmt":"2020-01-06T09:00:06","guid":{"rendered":"https:\/\/www.welovecycling.com\/sk\/?p=9001"},"modified":"2020-01-02T11:41:30","modified_gmt":"2020-01-02T10:41:30","slug":"existuje-ruzova-dan-problem-cyklistickej-vybavy-pre-zeny","status":"publish","type":"post","link":"https:\/\/www.welovecycling.com\/sk\/2020\/01\/06\/existuje-ruzova-dan-problem-cyklistickej-vybavy-pre-zeny\/","title":{"rendered":"Existuje \u201eru\u017eov\u00e1 da\u0148\u201c? Probl\u00e9m cyklistickej v\u00fdbavy pre \u017eeny"},"content":{"rendered":"<p><strong>Ka\u017ed\u00fd rok prich\u00e1dzaj\u00fa spotrebite\u013esk\u00e9 testy, ktor\u00e9 ukazuj\u00fa, \u017ee mnoh\u00e9 v\u00fdrobky pre \u017eeny maj\u00fa vy\u0161\u0161iu cenu ako ich ekvivalenty v mu\u017eskej sekcii trhu. Od holiacich stroj\u010dekov cez pono\u017eky a\u017e po cyklistick\u00e9 doplnky. To v\u0161etko je s\u00fa\u010das\u0165ou diskrimina\u010dn\u00e9ho syst\u00e9mu, v ktorom \u017eeny v kone\u010dnom d\u00f4sledku zar\u00e1baj\u00fa menej ale platia viac. Cyklistick\u00e9 firmy s\u00fa u\u017e dlho kritizovan\u00e9 za to, \u017ee k d\u00e1mskej v\u00fdbave pristupuj\u00fa \u201es ru\u017eov\u00fdm\u201c pr\u00edstupom a hoci existuj\u00fa ur\u010dite ve\u013ek\u00e9 spolo\u010dnosti, ktor\u00e9 t\u00fato skuto\u010dnos\u0165 odmietaj\u00fa, st\u00e1le tu t\u00e1to diskrimin\u00e1cia existuje.<\/strong><!--more--><\/p>\n<p>Ka\u017ed\u00fd sa samozrejme m\u00f4\u017ee rozhodn\u00fa\u0165 \u010di dan\u00fa vec k\u00fapi. Niektor\u00e9 \u017eeny radi <strong>jazdia v ru\u017eovom a d\u00e1mskom oble\u010den\u00ed<\/strong>, zatia\u013e \u010do in\u00e9 si vyberaj\u00fa z p\u00e1nskej kolekcie a je to v poriadku. Probl\u00e9m je, \u017ee pokia\u013e ide najm\u00e4 o v\u00fdbavu vy\u0161\u0161ej cenovej kateg\u00f3rie, tak v\u00fdber pre \u017eeny je ve\u013emi obmedzen\u00fd. Okrem vysokej ceny im tento v\u00fdber s\u0165a\u017euje aj \u010fal\u0161ie napredovanie v \u0161porte, ktor\u00fd maj\u00fa radi. WeLoveCycling hovorilo s nieko\u013ek\u00fdmi \u017eenami o ich sk\u00fasenostiach s \u201eru\u017eovou da\u0148ou\u201c, nedostatkom mo\u017enost\u00ed a <strong>h\u013eadali sme aj nejak\u00e9 rie\u0161enia<\/strong>.<\/p>\n<h2><strong>Obmedzen\u00fd v\u00fdber<\/strong><\/h2>\n<p>Ako zd\u00f4raznila Sophie V., v mnoh\u00fdch pr\u00edpadoch sa zd\u00e1, \u017ee bicykle s\u00fa \u201ezmen\u0161en\u00e9\u201c (hoci \u017eeny existuj\u00fa vo v\u0161etk\u00fdch tvaroch a ve\u013ekostiach) a ru\u017eov\u00e9 (hoci maj\u00fa radi aj in\u00fa farbu ako ru\u017eov\u00fa) a to tvor\u00ed 15 percent ceny. <em>\u201eJe pravda, \u017ee d\u00e1mska v\u00fdbava m\u00e1 po cel\u00e9 desa\u0165ro\u010dia hlavne svoju funk\u010dn\u00fa str\u00e1nku. Ur\u010dite sa to zlep\u0161uje, ale st\u00e1le sa jasne cieli na marketing vec\u00ed zameran\u00fdch na \u017eeny s d\u00f4razom na to, ako vyzeraj\u00fa a nie na to, ak\u00e9 vlastnosti dan\u00fd materi\u00e1l alebo oble\u010denie poskytuje.&#8220;<\/em><\/p>\n<figure id=\"attachment_9002\" aria-describedby=\"caption-attachment-9002\" style=\"width: 1000px\" class=\"wp-caption alignnone\"><a href=\"https:\/\/d2p6e6u75xmxt8.cloudfront.net\/4\/2019\/12\/woman-park-profimedia-0478908902.jpg\"><img loading=\"lazy\" decoding=\"async\" class=\"size-full wp-image-9002\" src=\"https:\/\/d2p6e6u75xmxt8.cloudfront.net\/4\/2019\/12\/woman-park-profimedia-0478908902.jpg\" alt=\"\" width=\"1000\" height=\"667\" \/><\/a><figcaption id=\"caption-attachment-9002\" class=\"wp-caption-text\">Is the pink tax included? \u00a9 lzf \/ DPphoto \/ Profimedia<\/figcaption><\/figure>\n<p>Michelle R. tie\u017e zistila jednu vec, ke\u010f si vyberala r\u00e1m, ktor\u00fd chcela k\u00fapi\u0165. <em>\u201eV\u0161imla som si, \u017ee r\u00e1my pre \u017eeny mali niekedy ni\u017e\u0161iu kvalitu v porovnan\u00ed s mu\u017esk\u00fdm modelom za rovnak\u00fa cenu. Toto mi odo\u0161le spr\u00e1vu, \u017ee ak ste seri\u00f3zny jazdec so seri\u00f3znym rozpo\u010dtom,  tak si k\u00fapite \u201ep\u00e1nsky\u201c bicykel. Pre m\u0148a je to fajn, lebo si n\u00e1jdem aj medzi mu\u017esk\u00fdmi ve\u013ekos\u0165ami, no ni\u017e\u0161ie pretek\u00e1rky m\u00f4\u017eu ma\u0165 probl\u00e9m.\u201c<\/em><\/p>\n<h2><strong>Plat\u00edte viac za v\u00e4\u010d\u0161ie ve\u013ekosti<\/strong><\/h2>\n<p>Kathy L. zistila, \u017ee je skuto\u010dne \u0165a\u017ek\u00e9 k\u00fapi\u0165 d\u00e1mske cyklistick\u00e9 odevy, ktor\u00e9 presahuj\u00fa ve\u013ekos\u0165 16 (ve\u013ekos\u0165 XL). Vysvetlila: <em>\u201eNed\u00e1vno som sa pok\u00fasila k\u00fapi\u0165 balite\u013en\u00fa bundu s ve\u013ekos\u0165ou 18 (ve\u013ekos\u0165 XXL). Ak som mala ve\u013ekos\u0165 12\/14\/16, tak tam bolo ve\u013ea cenovo dostupn\u00fdch modelov. Ke\u010f\u017ee som v\u0161ak mala v\u00e4\u010d\u0161iu ve\u013ekos\u0165, musela by som si k\u00fapi\u0165 mu\u017esk\u00fa verziu alebo si necha\u0165 urobi\u0165 nie\u010do na mieru.\u201c<\/em><\/p>\n<p>WeLoveCycling u\u017e zd\u00f4raznilo skvel\u00fa pr\u00e1cu, ktor\u00fa robia zna\u010dky, ako je <strong>Fat Lad at The Back<\/strong> a dokonca n\u00e1m povedali, \u017ee sa sna\u017eia dr\u017ea\u0165 krok s dopytom po ve\u013ekostiach 16+. Je zrejm\u00e9, \u017ee existuj\u00fa \u013eudia, <strong>ktor\u00ed chc\u00fa k\u00fapi\u0165 tieto produkty<\/strong>, tak\u017ee skuto\u010dne neexistuje \u017eiadne ospravedlnenie, \u017ee v\u00fdstroj vo v\u00e4\u010d\u0161\u00edch ve\u013ekostiach by mala by\u0165 pon\u00fakan\u00e1 iba za pr\u00edplatok.<\/p>\n<h2><strong>Nedostatok v\u00fdrobkov strednej kvality br\u00e1ni \u017een\u00e1m v postupe<\/strong><\/h2>\n<figure id=\"attachment_9003\" aria-describedby=\"caption-attachment-9003\" style=\"width: 1000px\" class=\"wp-caption alignnone\"><a href=\"https:\/\/d2p6e6u75xmxt8.cloudfront.net\/4\/2019\/12\/profimedia-woman-mountains-0417978427.jpg\"><img loading=\"lazy\" decoding=\"async\" class=\"wp-image-9003 size-full\" src=\"https:\/\/d2p6e6u75xmxt8.cloudfront.net\/4\/2019\/12\/profimedia-woman-mountains-0417978427.jpg\" alt=\"\" width=\"1000\" height=\"667\" \/><\/a><figcaption id=\"caption-attachment-9003\" class=\"wp-caption-text\">Women&#8217;s gear is often more expensive than men&#8217;s. \u00a9 tdway \/ DPphoto \/ Profimedia<\/figcaption><\/figure>\n<p>Okrem toho, \u017ee v\u00fdbava pre \u017eeny je \u010dasto drah\u0161ia, je kvalitat\u00edvny rozsah zvy\u010dajne men\u0161\u00ed a <strong>ch\u00fdbaj\u00fa produkty pre stredne pokro\u010dil\u00fdch<\/strong>. Preva\u017en\u00e1 v\u00e4\u010d\u0161ina v\u00fdrobkov m\u00e1 tendenciu by\u0165 bu\u010f za\u010diato\u010dn\u00edckymi alebo drah\u00fdmi v\u00fdrobkami vy\u0161\u0161ej kateg\u00f3rie. Stacy Z. povedala, \u017ee ke\u010f chcela upgradova\u0165 svoj cyklistick\u00fd \u0161atn\u00edk, tak jej n\u00e1jdenie cyklistickej obuvi trvalo dva roky. <em>\u201eNav\u0161t\u00edvila som nieko\u013eko miestnych obchodov a nikdy nemali tak\u00e9 tretry, ktor\u00e9 boli kvalitnej\u0161ie ako \u00farove\u0148 pre za\u010diato\u010dn\u00edkov. A zabudnite n\u00e1js\u0165 nie\u010do vo ve\u013ekosti 38, ktor\u00e9 by ste mohli vysk\u00fa\u0161a\u0165 priamo v obchode.\u201c<\/em><\/p>\n<h2><strong>Mali by \u017eeny nakupova\u0165 modely ur\u010den\u00e9 pre mu\u017eov?<\/strong><\/h2>\n<p>\u010cas\u0165 probl\u00e9mu m\u00f4\u017ee s\u00favisie\u0165 samozrejme s dopytom na trhu. Pri v\u00fdrobcoch \u010dasto po\u010du\u0165, \u017ee z\u00edskavaj\u00fa slu\u0161n\u00e9 zisky a hodnotenia za vytv\u00e1ranie produktov pre za\u010diato\u010dn\u00edkov, <strong>ale pokia\u013e ide o v\u00fdstroj ur\u010den\u00fd pre profesion\u00e1lne \u0161portovkyne, tak tu vznik\u00e1 probl\u00e9m<\/strong>. Ruth S. rezignovala na k\u00fapu lacnej\u0161\u00edch v\u00fdrobkov ur\u010den\u00fdch pre mu\u017eov. <em>\u201eZa norm\u00e1lnych okolnost\u00ed si vyber\u00e1m d\u00e1mske a je si z \u010doho vybra\u0165. Cena je vytvoren\u00e1 na z\u00e1klade men\u0161ieho mno\u017estva vyroben\u00e9ho pre \u017eeny a lacnej\u0161ou v\u00fdrobou vo ve\u013ekom pre mu\u017eov.\u201c<\/em><\/p>\n<p>Ale za predpokladu, \u017ee sa rodov\u00e9 rozdiely v cyklistike cez noc nevyrie\u0161ia, tak je tu e\u0161te nie\u010do, \u010do by \u017eeny mohli urobi\u0165, aby sa vyhli vysok\u00fdm sum\u00e1m za oble\u010denie. N\u00e1kup produktov pre mu\u017eov je jednou z mo\u017enost\u00ed. V niektor\u00fdch pr\u00edpadoch je rozdiel minim\u00e1lny, <strong>ale inokedy je to skuto\u010dne d\u00f4le\u017eit\u00e9<\/strong>. Mnoho \u017eien, ktor\u00e9 jazdia na p\u00e1nskych bicykloch si musia potom k\u00fapi\u0165 in\u00e9 sedlo, ktor\u00e9 m\u00f4\u017ee v\u00fdrazne zv\u00fd\u0161i\u0165 cenu. Niekedy sa v\u0161ak sta\u010d\u00ed len op\u00fdta\u0165.<\/p>\n<figure id=\"attachment_9004\" aria-describedby=\"caption-attachment-9004\" style=\"width: 1024px\" class=\"wp-caption alignnone\"><a href=\"https:\/\/d2p6e6u75xmxt8.cloudfront.net\/2\/2019\/12\/woman-race-profimedia-0482270505.jpg\"><img loading=\"lazy\" decoding=\"async\" class=\"size-large wp-image-9004\" src=\"https:\/\/d2p6e6u75xmxt8.cloudfront.net\/4\/2019\/12\/woman-race-profimedia-0482270505-1024x682.jpg\" alt=\"\" width=\"1024\" height=\"682\" \/><\/a><figcaption id=\"caption-attachment-9004\" class=\"wp-caption-text\">Women continue to claim space in the world of cycling. \u00a9 KRISTOF VAN ACCOM \/ AFP \/ Profimedia<\/figcaption><\/figure>\n<h2><strong>Nem\u00f4\u017eete dosta\u0165 to, o \u010do si nepo\u017eiadate<\/strong><\/h2>\n<p>Michelle R. vysvetlila, \u017ee ke\u010f si k\u00fapila svoj posledn\u00fd cestn\u00fd bicykel, tak jej obchod (predajca Trek) bezplatne vymenil sedlo, riadidl\u00e1 a zadn\u00fa kazetu. <em>&#8222;Ale musela som sa sp\u00fdta\u0165. V minulosti som si toti\u017e svoj bicykel vylep\u0161ovala za svoje peniaze. &#8222;D\u00fafam, \u017ee dobr\u00e9 vz\u0165ahy so z\u00e1kazn\u00edkmi im pom\u00f4\u017eu prem\u00fd\u0161\u013ea\u0165 o t\u00fdchto polo\u017ek\u00e1ch pre \u010fal\u0161ie \u017eeny-jazdkyne.\u201c<\/em><\/p>\n<p>Mnoh\u00e9 spolo\u010dnosti sa rozhodne <strong>prisp\u00f4sobuj\u00fa potreb\u00e1m \u017eien<\/strong>, preto\u017ee objavuj\u00fa potenci\u00e1l nesmierne nevyu\u017eit\u00e9ho trhu a d\u00f4le\u017eitos\u0165 rastu v tomto segmente. To je sp\u00f4sob, ako pritiahnu\u0165 viac \u013eud\u00ed na sedl\u00e1 bicyklov. \u017deny na\u010falej potrebuj\u00fa svoje miesto vo svete cyklistiky a t\u00fdm viac bud\u00fa <strong>zna\u010dky n\u00faten\u00e9 reagova\u0165<\/strong>. Ak medzit\u00fdm zist\u00edte cenov\u00fd rozdiel alebo n\u00e1jdete medzeru na trhu, nemus\u00edte sa hanbi\u0165 oslovi\u0165 spolo\u010dnosti a ozn\u00e1mi\u0165 im, \u017ee s t\u00fdm nie ste spokojn\u00e1 a stoto\u017enen\u00e1. Zbavme sa tohto <strong>\u201eru\u017eov\u00e9ho predsudku\u201c<\/strong> raz a nav\u017edy!<\/p>\n","protected":false},"excerpt":{"rendered":"<p>Ka\u017ed\u00fd rok prich\u00e1dzaj\u00fa spotrebite\u013esk\u00e9 testy, ktor\u00e9 ukazuj\u00fa, \u017ee mnoh\u00e9 v\u00fdrobky pre \u017eeny maj\u00fa vy\u0161\u0161iu cenu ako ich ekvivalenty v mu\u017eskej [&hellip;]<\/p>\n","protected":false},"author":81,"featured_media":9006,"comment_status":"open","ping_status":"open","sticky":false,"template":"","format":"standard","meta":{"footnotes":""},"categories":[118],"tags":[559,619,115,487,546,180,600,669,285,230,348,1196,183,475],"global-categories":[],"class_list":["post-9001","post","type-post","status-publish","format-standard","has-post-thumbnail","hentry","category-zabava","tag-bicykel","tag-bicyklovanie","tag-cestna-cyklistika","tag-cestny-bicykel","tag-cyklistika","tag-horska-cyklistika","tag-muzi","tag-nakup","tag-oblecenie","tag-sedlo","tag-tretry","tag-vybava","tag-zabava","tag-zeny"],"yoast_head":"<!-- This site is optimized with the Yoast SEO Premium plugin v25.3 (Yoast SEO v25.9) - https:\/\/yoast.com\/wordpress\/plugins\/seo\/ -->\n<title>Existuje \u201eru\u017eov\u00e1 da\u0148\u201c? Probl\u00e9m cyklistickej v\u00fdbavy pre \u017eeny - \u0160koda We Love Cycling Slovensko<\/title>\n<meta name=\"robots\" content=\"index, follow, max-snippet:-1, max-image-preview:large, max-video-preview:-1\" \/>\n<link rel=\"canonical\" href=\"https:\/\/www.welovecycling.com\/sk\/2020\/01\/06\/existuje-ruzova-dan-problem-cyklistickej-vybavy-pre-zeny\/\" \/>\n<meta property=\"og:locale\" content=\"sk_SK\" \/>\n<meta property=\"og:type\" content=\"article\" \/>\n<meta property=\"og:title\" content=\"Existuje \u201eru\u017eov\u00e1 da\u0148\u201c? Probl\u00e9m cyklistickej v\u00fdbavy pre \u017eeny\" \/>\n<meta property=\"og:description\" content=\"Ka\u017ed\u00fd rok prich\u00e1dzaj\u00fa spotrebite\u013esk\u00e9 testy, ktor\u00e9 ukazuj\u00fa, \u017ee mnoh\u00e9 v\u00fdrobky pre \u017eeny maj\u00fa vy\u0161\u0161iu cenu ako ich ekvivalenty v mu\u017eskej [&hellip;]\" \/>\n<meta property=\"og:url\" content=\"https:\/\/www.welovecycling.com\/sk\/2020\/01\/06\/existuje-ruzova-dan-problem-cyklistickej-vybavy-pre-zeny\/\" \/>\n<meta property=\"og:site_name\" content=\"\u0160koda We Love Cycling Slovensko\" \/>\n<meta property=\"article:published_time\" content=\"2020-01-06T09:00:06+00:00\" \/>\n<meta property=\"og:image\" content=\"https:\/\/d2p6e6u75xmxt8.cloudfront.net\/4\/2019\/12\/profimedia-0345399207.webp\" \/>\n\t<meta property=\"og:image:width\" content=\"1250\" \/>\n\t<meta property=\"og:image:height\" content=\"833\" \/>\n\t<meta property=\"og:image:type\" content=\"image\/webp\" \/>\n<meta name=\"twitter:card\" content=\"summary_large_image\" \/>\n<meta name=\"twitter:label1\" content=\"Written by\" \/>\n\t<meta name=\"twitter:data1\" content=\"Megan Flottorp\" \/>\n\t<meta name=\"twitter:label2\" content=\"Est. reading time\" \/>\n\t<meta name=\"twitter:data2\" content=\"5\" \/>\n<script type=\"application\/ld+json\" class=\"yoast-schema-graph\">{\"@context\":\"https:\/\/schema.org\",\"@graph\":[{\"@type\":\"WebPage\",\"@id\":\"https:\/\/www.welovecycling.com\/sk\/2020\/01\/06\/existuje-ruzova-dan-problem-cyklistickej-vybavy-pre-zeny\/\",\"url\":\"https:\/\/www.welovecycling.com\/sk\/2020\/01\/06\/existuje-ruzova-dan-problem-cyklistickej-vybavy-pre-zeny\/\",\"name\":\"Existuje \u201eru\u017eov\u00e1 da\u0148\u201c? Probl\u00e9m cyklistickej v\u00fdbavy pre \u017eeny - \u0160koda We Love Cycling Slovensko\",\"isPartOf\":{\"@id\":\"https:\/\/www.welovecycling.com\/sk\/#website\"},\"primaryImageOfPage\":{\"@id\":\"https:\/\/www.welovecycling.com\/sk\/2020\/01\/06\/existuje-ruzova-dan-problem-cyklistickej-vybavy-pre-zeny\/#primaryimage\"},\"image\":{\"@id\":\"https:\/\/www.welovecycling.com\/sk\/2020\/01\/06\/existuje-ruzova-dan-problem-cyklistickej-vybavy-pre-zeny\/#primaryimage\"},\"thumbnailUrl\":\"https:\/\/d2p6e6u75xmxt8.cloudfront.net\/4\/2019\/12\/profimedia-0345399207.webp\",\"datePublished\":\"2020-01-06T09:00:06+00:00\",\"author\":{\"@id\":\"\"},\"breadcrumb\":{\"@id\":\"https:\/\/www.welovecycling.com\/sk\/2020\/01\/06\/existuje-ruzova-dan-problem-cyklistickej-vybavy-pre-zeny\/#breadcrumb\"},\"inLanguage\":\"sk-SK\",\"potentialAction\":[{\"@type\":\"ReadAction\",\"target\":[\"https:\/\/www.welovecycling.com\/sk\/2020\/01\/06\/existuje-ruzova-dan-problem-cyklistickej-vybavy-pre-zeny\/\"]}]},{\"@type\":\"ImageObject\",\"inLanguage\":\"sk-SK\",\"@id\":\"https:\/\/www.welovecycling.com\/sk\/2020\/01\/06\/existuje-ruzova-dan-problem-cyklistickej-vybavy-pre-zeny\/#primaryimage\",\"url\":\"https:\/\/d2p6e6u75xmxt8.cloudfront.net\/4\/2019\/12\/profimedia-0345399207.webp\",\"contentUrl\":\"https:\/\/d2p6e6u75xmxt8.cloudfront.net\/4\/2019\/12\/profimedia-0345399207.webp\",\"width\":1250,\"height\":833,\"caption\":\", Image: 345399207, License: Royalty-free, Restrictions: , Model Release: no, Credit line: Profimedia, Alamy\"},{\"@type\":\"BreadcrumbList\",\"@id\":\"https:\/\/www.welovecycling.com\/sk\/2020\/01\/06\/existuje-ruzova-dan-problem-cyklistickej-vybavy-pre-zeny\/#breadcrumb\",\"itemListElement\":[{\"@type\":\"ListItem\",\"position\":1,\"name\":\"Home\",\"item\":\"https:\/\/www.welovecycling.com\/sk\/\"},{\"@type\":\"ListItem\",\"position\":2,\"name\":\"Existuje \u201eru\u017eov\u00e1 da\u0148\u201c? Probl\u00e9m cyklistickej v\u00fdbavy pre \u017eeny\"}]},{\"@type\":\"WebSite\",\"@id\":\"https:\/\/www.welovecycling.com\/sk\/#website\",\"url\":\"https:\/\/www.welovecycling.com\/sk\/\",\"name\":\"\u0160koda We Love Cycling Slovensko\",\"description\":\"\u0160koda We Love Cycling Slovensko je v\u00e1\u0161 ka\u017edodenn\u00fd zdroj noviniek a in\u0161pir\u00e1cie z sveta cyklistiky\",\"potentialAction\":[{\"@type\":\"SearchAction\",\"target\":{\"@type\":\"EntryPoint\",\"urlTemplate\":\"https:\/\/www.welovecycling.com\/sk\/?s={search_term_string}\"},\"query-input\":{\"@type\":\"PropertyValueSpecification\",\"valueRequired\":true,\"valueName\":\"search_term_string\"}}],\"inLanguage\":\"sk-SK\"},{\"@type\":\"Person\",\"@id\":\"\",\"url\":\"https:\/\/www.welovecycling.com\/sk\/author\/\"}]}<\/script>\n<!-- \/ Yoast SEO Premium plugin. -->","yoast_head_json":{"title":"Existuje \u201eru\u017eov\u00e1 da\u0148\u201c? Probl\u00e9m cyklistickej v\u00fdbavy pre \u017eeny - \u0160koda We Love Cycling Slovensko","robots":{"index":"index","follow":"follow","max-snippet":"max-snippet:-1","max-image-preview":"max-image-preview:large","max-video-preview":"max-video-preview:-1"},"canonical":"https:\/\/www.welovecycling.com\/sk\/2020\/01\/06\/existuje-ruzova-dan-problem-cyklistickej-vybavy-pre-zeny\/","og_locale":"sk_SK","og_type":"article","og_title":"Existuje \u201eru\u017eov\u00e1 da\u0148\u201c? Probl\u00e9m cyklistickej v\u00fdbavy pre \u017eeny","og_description":"Ka\u017ed\u00fd rok prich\u00e1dzaj\u00fa spotrebite\u013esk\u00e9 testy, ktor\u00e9 ukazuj\u00fa, \u017ee mnoh\u00e9 v\u00fdrobky pre \u017eeny maj\u00fa vy\u0161\u0161iu cenu ako ich ekvivalenty v mu\u017eskej [&hellip;]","og_url":"https:\/\/www.welovecycling.com\/sk\/2020\/01\/06\/existuje-ruzova-dan-problem-cyklistickej-vybavy-pre-zeny\/","og_site_name":"\u0160koda We Love Cycling Slovensko","article_published_time":"2020-01-06T09:00:06+00:00","og_image":[{"width":1250,"height":833,"url":"https:\/\/d2p6e6u75xmxt8.cloudfront.net\/4\/2019\/12\/profimedia-0345399207.webp","type":"image\/webp"}],"twitter_card":"summary_large_image","twitter_misc":{"Written by":"Megan Flottorp","Est. reading time":"5"},"schema":{"@context":"https:\/\/schema.org","@graph":[{"@type":"WebPage","@id":"https:\/\/www.welovecycling.com\/sk\/2020\/01\/06\/existuje-ruzova-dan-problem-cyklistickej-vybavy-pre-zeny\/","url":"https:\/\/www.welovecycling.com\/sk\/2020\/01\/06\/existuje-ruzova-dan-problem-cyklistickej-vybavy-pre-zeny\/","name":"Existuje \u201eru\u017eov\u00e1 da\u0148\u201c? Probl\u00e9m cyklistickej v\u00fdbavy pre \u017eeny - \u0160koda We Love Cycling Slovensko","isPartOf":{"@id":"https:\/\/www.welovecycling.com\/sk\/#website"},"primaryImageOfPage":{"@id":"https:\/\/www.welovecycling.com\/sk\/2020\/01\/06\/existuje-ruzova-dan-problem-cyklistickej-vybavy-pre-zeny\/#primaryimage"},"image":{"@id":"https:\/\/www.welovecycling.com\/sk\/2020\/01\/06\/existuje-ruzova-dan-problem-cyklistickej-vybavy-pre-zeny\/#primaryimage"},"thumbnailUrl":"https:\/\/d2p6e6u75xmxt8.cloudfront.net\/4\/2019\/12\/profimedia-0345399207.webp","datePublished":"2020-01-06T09:00:06+00:00","author":{"@id":""},"breadcrumb":{"@id":"https:\/\/www.welovecycling.com\/sk\/2020\/01\/06\/existuje-ruzova-dan-problem-cyklistickej-vybavy-pre-zeny\/#breadcrumb"},"inLanguage":"sk-SK","potentialAction":[{"@type":"ReadAction","target":["https:\/\/www.welovecycling.com\/sk\/2020\/01\/06\/existuje-ruzova-dan-problem-cyklistickej-vybavy-pre-zeny\/"]}]},{"@type":"ImageObject","inLanguage":"sk-SK","@id":"https:\/\/www.welovecycling.com\/sk\/2020\/01\/06\/existuje-ruzova-dan-problem-cyklistickej-vybavy-pre-zeny\/#primaryimage","url":"https:\/\/d2p6e6u75xmxt8.cloudfront.net\/4\/2019\/12\/profimedia-0345399207.webp","contentUrl":"https:\/\/d2p6e6u75xmxt8.cloudfront.net\/4\/2019\/12\/profimedia-0345399207.webp","width":1250,"height":833,"caption":", Image: 345399207, License: Royalty-free, Restrictions: , Model Release: no, Credit line: Profimedia, Alamy"},{"@type":"BreadcrumbList","@id":"https:\/\/www.welovecycling.com\/sk\/2020\/01\/06\/existuje-ruzova-dan-problem-cyklistickej-vybavy-pre-zeny\/#breadcrumb","itemListElement":[{"@type":"ListItem","position":1,"name":"Home","item":"https:\/\/www.welovecycling.com\/sk\/"},{"@type":"ListItem","position":2,"name":"Existuje \u201eru\u017eov\u00e1 da\u0148\u201c? Probl\u00e9m cyklistickej v\u00fdbavy pre \u017eeny"}]},{"@type":"WebSite","@id":"https:\/\/www.welovecycling.com\/sk\/#website","url":"https:\/\/www.welovecycling.com\/sk\/","name":"\u0160koda We Love Cycling Slovensko","description":"\u0160koda We Love Cycling Slovensko je v\u00e1\u0161 ka\u017edodenn\u00fd zdroj noviniek a in\u0161pir\u00e1cie z sveta cyklistiky","potentialAction":[{"@type":"SearchAction","target":{"@type":"EntryPoint","urlTemplate":"https:\/\/www.welovecycling.com\/sk\/?s={search_term_string}"},"query-input":{"@type":"PropertyValueSpecification","valueRequired":true,"valueName":"search_term_string"}}],"inLanguage":"sk-SK"},{"@type":"Person","@id":"","url":"https:\/\/www.welovecycling.com\/sk\/author\/"}]}},"_links":{"self":[{"href":"https:\/\/www.welovecycling.com\/sk\/wp-json\/wp\/v2\/posts\/9001","targetHints":{"allow":["GET"]}}],"collection":[{"href":"https:\/\/www.welovecycling.com\/sk\/wp-json\/wp\/v2\/posts"}],"about":[{"href":"https:\/\/www.welovecycling.com\/sk\/wp-json\/wp\/v2\/types\/post"}],"author":[{"embeddable":true,"href":"https:\/\/www.welovecycling.com\/sk\/wp-json\/wp\/v2\/users\/81"}],"replies":[{"embeddable":true,"href":"https:\/\/www.welovecycling.com\/sk\/wp-json\/wp\/v2\/comments?post=9001"}],"version-history":[{"count":2,"href":"https:\/\/www.welovecycling.com\/sk\/wp-json\/wp\/v2\/posts\/9001\/revisions"}],"predecessor-version":[{"id":9009,"href":"https:\/\/www.welovecycling.com\/sk\/wp-json\/wp\/v2\/posts\/9001\/revisions\/9009"}],"wp:featuredmedia":[{"embeddable":true,"href":"https:\/\/www.welovecycling.com\/sk\/wp-json\/wp\/v2\/media\/9006"}],"wp:attachment":[{"href":"https:\/\/www.welovecycling.com\/sk\/wp-json\/wp\/v2\/media?parent=9001"}],"wp:term":[{"taxonomy":"category","embeddable":true,"href":"https:\/\/www.welovecycling.com\/sk\/wp-json\/wp\/v2\/categories?post=9001"},{"taxonomy":"post_tag","embeddable":true,"href":"https:\/\/www.welovecycling.com\/sk\/wp-json\/wp\/v2\/tags?post=9001"},{"taxonomy":"global-categories","embeddable":true,"href":"https:\/\/www.welovecycling.com\/sk\/wp-json\/wp\/v2\/global-categories?post=9001"}],"curies":[{"name":"wp","href":"https:\/\/api.w.org\/{rel}","templated":true}]}}