{"id":8979,"date":"2019-12-20T11:07:29","date_gmt":"2019-12-20T10:07:29","guid":{"rendered":"https:\/\/www.welovecycling.com\/sk\/?p=8979"},"modified":"2019-12-13T15:08:10","modified_gmt":"2019-12-13T14:08:10","slug":"zima-v-znameni-pohybu-ako-sa-udrzat-vo-forme-aj-mimo-sezony","status":"publish","type":"post","link":"https:\/\/www.welovecycling.com\/sk\/2019\/12\/20\/zima-v-znameni-pohybu-ako-sa-udrzat-vo-forme-aj-mimo-sezony\/","title":{"rendered":"Zima v znamen\u00ed pohybu &#8211; ako sa udr\u017ea\u0165 vo forme aj mimo sez\u00f3ny"},"content":{"rendered":"<p><strong>Pozn\u00e1te to? Cel\u00e9 leto poctivo tr\u00e9nujete, v\u010faka teplej jeseni kondi\u010dku e\u0161te zlep\u0161\u00edte a nakoniec predsa len mus\u00edte odlo\u017ei\u0165 svoj milovan\u00fd bicykel do gar\u00e1\u017ee a pre\u010dka\u0165 studen\u00fa a sychrav\u00fa zimu.<\/strong><!--more--><\/p>\n<p>Poviete si, \u017ee po\u010das roka ste tr\u00e9novali dos\u0165 a m\u00e1te n\u00e1rok si p\u00e1r mesiacov odd\u00fdchnu\u0165 a mo\u017eno si ob\u010das <strong>da\u0165 aj nejak\u00fd kol\u00e1\u010dik po\u010das sviatkov<\/strong>. Len\u017ee zrazu pr\u00edde jar, sadnete znovu na bike, d\u00e1te si \u013eah\u0161\u00ed okruh, ktor\u00fd ste na jese\u0148 vynech\u00e1vali, preto\u017ee ste sa ani nezapotili a zrazu zist\u00edte, <strong>\u017ee fu\u010d\u00edte ako star\u00e1 lokomot\u00edva<\/strong>. A aj to najmen\u0161ie prev\u00fd\u0161enie v\u00e1m d\u00e1va poriadne zabra\u0165. V\u0161etko, \u010do ste minul\u00fd rok natr\u00e9novali je neodvratne pre\u010d a vy sa c\u00edtite frustrovane, m\u00e1te chu\u0165 so \u0161portom skon\u010di\u0165 a namiesto dlh\u00fdch tr\u00e9ningov, je tu t\u00fa\u017eba \u00eds\u0165 s kamo\u0161mi na pivo. No nez\u00fafajte, e\u0161te st\u00e1le je \u0161anca sa t\u00fdmto stavom vyhn\u00fa\u0165 a <strong>udr\u017ea\u0165 sa vo forme aj po\u010das zimy<\/strong>.<\/p>\n<h2><strong>Beh (canicross)<\/strong><\/h2>\n<p>Beh je asi naj\u010dastej\u0161ou aktivitou, <strong>ktor\u00fa \u0161portovci robia ako doplnok k svojej hlavnej \u010dinnosti<\/strong>. Beh je nen\u00e1ro\u010dn\u00fd na vybavenie a nepotrebujete ni\u010d, len kvalitn\u00e9 tenisky. Oble\u010denie m\u00f4\u017eete pokojne vyu\u017ei\u0165 to, ktor\u00e9 nos\u00edte aj po\u010das chladnej\u0161\u00edch dn\u00ed na bicykel. Dokonca m\u00f4\u017eete beha\u0165 po zn\u00e1mych miestach kam chod\u00edte bicyklova\u0165. Ak v\u00e1s v\u0161ak predsa len samotn\u00fd beh neuspokojuje a m\u00e1te doma \u0161tvornoh\u00e9ho mil\u00e1\u010dika, tak m\u00f4\u017eete sk\u00fasi\u0165 canicross. Ak ste o \u0148om e\u0161te nepo\u010duli, <strong>je to beh so psom<\/strong>, ktor\u00e9ho m\u00e1te zapnut\u00e9ho na \u0161peci\u00e1lnom postroji. Tu u\u017e treba trochu investova\u0165, ale s\u00fa to st\u00e1le minim\u00e1lne sumy.<\/p>\n<p>Ak neviete, \u010di to v\u00e1s alebo v\u00e1\u0161ho psa bude bavi\u0165, m\u00f4\u017eete na za\u010diatok pou\u017ei\u0165 oby\u010dajn\u00fa v\u00f4dzku, ktor\u00fa si pripnete na opasok alebo ju budete dr\u017ea\u0165 v ruke. D\u00f4le\u017eit\u00e9 ale je, aby ste pou\u017eili medzikus s amortiz\u00e9rom, \u010do je pru\u017en\u00e1 \u010das\u0165, ktor\u00e1 psovi zmier\u0148uje otrasy v\u00f4dzky na postroji, ktor\u00e9 vznikaj\u00fa po\u010das behu. Sta\u010d\u00ed p\u00e1r behov a v\u00e1\u0161 pes ve\u013emi r\u00fdchlo pochop\u00ed, \u010do po \u0148om chcete a <strong>\u010doskoro sa na spolo\u010dn\u00fd beh budete obaja te\u0161i\u0165<\/strong>. A ako bonus spoj\u00edte pr\u00edjemn\u00e9 s u\u017eito\u010dn\u00fdm, ke\u010f v\u00e1\u0161ho psa poriadne vyven\u010d\u00edte a budete ma\u0165 cel\u00fd de\u0148 pokoj. A mimochodom, v\u00f4bec to nemus\u00ed by\u0165 vl\u010diak alebo husky, ve\u013ea z\u00e1bavy si u\u017eijete napr\u00edklad aj s Jack Russelom.<\/p>\n<p><a href=\"https:\/\/d2p6e6u75xmxt8.cloudfront.net\/4\/2019\/12\/Zima_01.jpeg\"><img loading=\"lazy\" decoding=\"async\" src=\"https:\/\/d2p6e6u75xmxt8.cloudfront.net\/4\/2019\/12\/Zima_01.jpeg\" alt=\"\" width=\"1200\" height=\"800\" class=\"alignnone size-full wp-image-8981\" \/><\/a><\/p>\n<h2><strong>Pl\u00e1vanie<\/strong><\/h2>\n<p>Skvel\u00fdm sp\u00f4sobom pre kardio tr\u00e9ning je pl\u00e1vanie. Vedeck\u00e9 \u0161t\u00fadie hovoria, \u017ee je to <strong>najlep\u0161\u00ed druh kardio pohybu, ktor\u00fd neza\u0165a\u017euje k\u013aby<\/strong>, je dobr\u00fd na chrbticu a posil\u0148uje svalstvo. Ve\u010f sa len pozrite, ak\u00e9 postavy maj\u00fa profesion\u00e1lni plavci. Niekto v\u0161ak naposledy skon\u010dil s pl\u00e1van\u00edm niekedy na plaveckom v\u00fdcviku po\u010das z\u00e1kladnej \u0161koly a m\u00e1 pocit, \u017ee pl\u00e1vanie pre neho nie je to prav\u00e9.<\/p>\n<p>Nie je to v\u0161ak pravda a na pripomenutie spr\u00e1vnej techniky si sta\u010d\u00ed pozrie\u0165 p\u00e1r dobre uroben\u00fdch vide\u00ed na internete alebo sa m\u00f4\u017eete zap\u00edsa\u0165 do <strong>kurzu pl\u00e1vania pre dospel\u00fdch, kde v\u00e1m z\u00e1klady r\u00fdchlo vysvetlia<\/strong>. D\u00f4le\u017eit\u00e9 toti\u017e je, aby ste pl\u00e1vali spr\u00e1vne, a to s hlavou pod vodou, aby ste neza\u0165a\u017eovali kr\u010dn\u00fa chrbticu. Sta\u010d\u00ed v\u00e1m zvl\u00e1dnu\u0165 jeden, dva \u0161t\u00fdly. Napr\u00edklad prsia a kraul s\u00fa skvel\u00e1 kombin\u00e1cia. Ke\u010f si potom <strong>minim\u00e1lne dvakr\u00e1t do t\u00fd\u017ed\u0148a p\u00f4jdete zapl\u00e1va\u0165<\/strong>, budete prekvapen\u00ed, ako skvele d\u00e1te telu zabra\u0165. Na druh\u00fa stranu, je pl\u00e1vanie prudko n\u00e1vykov\u00e9 a u\u017e od r\u00e1na sa budete te\u0161i\u0165 na moment, ako sa ponor\u00edte do vody a sprav\u00edte prv\u00e9 z\u00e1bery.<\/p>\n<div id='gallery-1' class='gallery galleryid-8979 gallery-columns-2 gallery-size-full'><figure class='gallery-item'>\n\t\t\t<div class='gallery-icon landscape'>\n\t\t\t\t<a href='https:\/\/d2p6e6u75xmxt8.cloudfront.net\/4\/2019\/12\/Zima_02.webp'><img loading=\"lazy\" decoding=\"async\" width=\"1200\" height=\"800\" src=\"https:\/\/d2p6e6u75xmxt8.cloudfront.net\/4\/2019\/12\/Zima_02.webp\" class=\"attachment-full size-full\" alt=\"\" srcset=\"https:\/\/d2p6e6u75xmxt8.cloudfront.net\/4\/2019\/12\/Zima_02.webp 1200w, https:\/\/d2p6e6u75xmxt8.cloudfront.net\/4\/2019\/12\/Zima_02-300x200.webp 300w, https:\/\/d2p6e6u75xmxt8.cloudfront.net\/4\/2019\/12\/Zima_02-1024x683.webp 1024w, https:\/\/d2p6e6u75xmxt8.cloudfront.net\/4\/2019\/12\/Zima_02-768x512.webp 768w, https:\/\/d2p6e6u75xmxt8.cloudfront.net\/4\/2019\/12\/Zima_02-272x182.webp 272w\" sizes=\"auto, (max-width: 1200px) 100vw, 1200px\" \/><\/a>\n\t\t\t<\/div><\/figure><figure class='gallery-item'>\n\t\t\t<div class='gallery-icon landscape'>\n\t\t\t\t<a href='https:\/\/d2p6e6u75xmxt8.cloudfront.net\/4\/2019\/12\/Zima_03.webp'><img loading=\"lazy\" decoding=\"async\" width=\"1200\" height=\"800\" src=\"https:\/\/d2p6e6u75xmxt8.cloudfront.net\/4\/2019\/12\/Zima_03.webp\" class=\"attachment-full size-full\" alt=\"\" srcset=\"https:\/\/d2p6e6u75xmxt8.cloudfront.net\/4\/2019\/12\/Zima_03.webp 1200w, https:\/\/d2p6e6u75xmxt8.cloudfront.net\/4\/2019\/12\/Zima_03-300x200.webp 300w, https:\/\/d2p6e6u75xmxt8.cloudfront.net\/4\/2019\/12\/Zima_03-1024x683.webp 1024w, https:\/\/d2p6e6u75xmxt8.cloudfront.net\/4\/2019\/12\/Zima_03-768x512.webp 768w, https:\/\/d2p6e6u75xmxt8.cloudfront.net\/4\/2019\/12\/Zima_03-272x182.webp 272w\" sizes=\"auto, (max-width: 1200px) 100vw, 1200px\" \/><\/a>\n\t\t\t<\/div><\/figure>\n\t\t<\/div>\n\n<h2><strong>Fitness<\/strong><\/h2>\n<p>Zima je presne to obdobie v roku, kedy sa m\u00f4\u017eete zamera\u0165 na <strong>spevnenie svalstva cel\u00e9ho tela<\/strong> a t\u00fdm nemysl\u00edme len to, aby ste po zime vyzerali ako z reklamy na fitness club, \u010do pre cyklistu ani nie je \u017eiad\u00face. Ve\u013ekou v\u00fdhodou je ale ma\u0165 spevnen\u00fd core \u2013 vn\u00fatorn\u00e9 svalstvo, v\u010faka \u010domu <strong>pred\u00eddete mnoh\u00fdm probl\u00e9mom s chrbticou<\/strong>, ako s\u00fa napr\u00edklad vysunut\u00e9 platni\u010dky \u010di posunut\u00fd stavec. Ale aj po\u010das sez\u00f3ny v\u00e1s siln\u00e9 svalstvo ochr\u00e1ni v pr\u00edpade p\u00e1du a pom\u00f4\u017ee ku kvalitnej\u0161\u00edm v\u00fdkonom.<\/p>\n<p><a href=\"https:\/\/d2p6e6u75xmxt8.cloudfront.net\/4\/2019\/12\/Zima_04.jpeg\"><img loading=\"lazy\" decoding=\"async\" src=\"https:\/\/d2p6e6u75xmxt8.cloudfront.net\/4\/2019\/12\/Zima_04.jpeg\" alt=\"\" width=\"1200\" height=\"800\" class=\"alignnone size-full wp-image-8984\" \/><\/a><\/p>\n<p>Fitness centier je dnes v ka\u017edom meste dostatok a m\u00f4\u017eete sa s partiou cyklistov dohodn\u00fa\u0165 na spolo\u010dnej n\u00e1v\u0161teve v niektor\u00e9 dni, alebo za\u010dnite aj sami. Vo fitku sa zozn\u00e1mite s kopou zauj\u00edmav\u00fdch \u013eud\u00ed a <strong>nadvia\u017eete nov\u00e9 priate\u013estv\u00e1<\/strong>. Ak n\u00e1hodou na tento druh pohybu kv\u00f4li pr\u00e1ci nem\u00e1te \u010das, d\u00e1 sa cvi\u010di\u0165 aj doma. Sta\u010d\u00ed si k\u00fapi\u0165 set jednoru\u010dn\u00fdch \u010diniek a n\u00e1js\u0165 si vhodn\u00e9 cviky. Pr\u00edpadne si pozrite, ako sa d\u00e1 vyu\u017ei\u0165 hmotnos\u0165 vlastn\u00e9ho tela. Budete prekvapen\u00ed, \u010do v\u0161etko sa d\u00e1 precvi\u010di\u0165 a e\u0161te <strong>je to aj poriadna z\u00e1bava<\/strong>.<\/p>\n<p>(zdroj fotografi\u00ed: Pixabay.com)<\/p>\n","protected":false},"excerpt":{"rendered":"<p>Pozn\u00e1te to? Cel\u00e9 leto poctivo tr\u00e9nujete, v\u010faka teplej jeseni kondi\u010dku e\u0161te zlep\u0161\u00edte a nakoniec predsa len mus\u00edte odlo\u017ei\u0165 svoj milovan\u00fd [&hellip;]<\/p>\n","protected":false},"author":81,"featured_media":8985,"comment_status":"open","ping_status":"open","sticky":false,"template":"","format":"standard","meta":{"footnotes":""},"categories":[2],"tags":[1125,115,1194,180,767,1195,739,653,1141,55,1097,1098,161,623,317],"global-categories":[1074],"class_list":["post-8979","post","type-post","status-publish","format-standard","has-post-thumbnail","hentry","category-zdravie-trening","tag-beh","tag-cestna-cyklistika","tag-fitness","tag-horska-cyklistika","tag-motivacia","tag-plavanie","tag-pohyb","tag-svaly","tag-telo","tag-trening","tag-vykon","tag-vykonnost","tag-zdravie","tag-zdravy-zivotny-styl","tag-zima","global-categories-cycling"],"yoast_head":"<!-- This site is optimized with the Yoast SEO Premium plugin v25.3 (Yoast SEO v25.9) - https:\/\/yoast.com\/wordpress\/plugins\/seo\/ -->\n<title>Zima v znamen\u00ed pohybu - ako sa udr\u017ea\u0165 vo forme aj mimo sez\u00f3ny - \u0160koda We Love Cycling Slovensko<\/title>\n<meta name=\"robots\" content=\"index, follow, max-snippet:-1, max-image-preview:large, max-video-preview:-1\" \/>\n<link rel=\"canonical\" href=\"https:\/\/www.welovecycling.com\/sk\/2019\/12\/20\/zima-v-znameni-pohybu-ako-sa-udrzat-vo-forme-aj-mimo-sezony\/\" \/>\n<meta property=\"og:locale\" content=\"sk_SK\" \/>\n<meta property=\"og:type\" content=\"article\" \/>\n<meta property=\"og:title\" content=\"Zima v znamen\u00ed pohybu - ako sa udr\u017ea\u0165 vo forme aj mimo sez\u00f3ny\" \/>\n<meta property=\"og:description\" content=\"Pozn\u00e1te to? Cel\u00e9 leto poctivo tr\u00e9nujete, v\u010faka teplej jeseni kondi\u010dku e\u0161te zlep\u0161\u00edte a nakoniec predsa len mus\u00edte odlo\u017ei\u0165 svoj milovan\u00fd [&hellip;]\" \/>\n<meta property=\"og:url\" content=\"https:\/\/www.welovecycling.com\/sk\/2019\/12\/20\/zima-v-znameni-pohybu-ako-sa-udrzat-vo-forme-aj-mimo-sezony\/\" \/>\n<meta property=\"og:site_name\" content=\"\u0160koda We Love Cycling Slovensko\" \/>\n<meta property=\"article:published_time\" content=\"2019-12-20T10:07:29+00:00\" \/>\n<meta property=\"og:image\" content=\"https:\/\/d2p6e6u75xmxt8.cloudfront.net\/4\/2019\/12\/Zima_00.webp\" \/>\n\t<meta property=\"og:image:width\" content=\"1380\" \/>\n\t<meta property=\"og:image:height\" content=\"600\" \/>\n\t<meta property=\"og:image:type\" content=\"image\/webp\" \/>\n<meta name=\"twitter:card\" content=\"summary_large_image\" \/>\n<meta name=\"twitter:label1\" content=\"Written by\" \/>\n\t<meta name=\"twitter:data1\" content=\"WeLoveCycling\" \/>\n\t<meta name=\"twitter:label2\" content=\"Est. reading time\" \/>\n\t<meta name=\"twitter:data2\" content=\"4\" \/>\n<script type=\"application\/ld+json\" class=\"yoast-schema-graph\">{\"@context\":\"https:\/\/schema.org\",\"@graph\":[{\"@type\":\"WebPage\",\"@id\":\"https:\/\/www.welovecycling.com\/sk\/2019\/12\/20\/zima-v-znameni-pohybu-ako-sa-udrzat-vo-forme-aj-mimo-sezony\/\",\"url\":\"https:\/\/www.welovecycling.com\/sk\/2019\/12\/20\/zima-v-znameni-pohybu-ako-sa-udrzat-vo-forme-aj-mimo-sezony\/\",\"name\":\"Zima v znamen\u00ed pohybu - ako sa udr\u017ea\u0165 vo forme aj mimo sez\u00f3ny - \u0160koda We Love Cycling Slovensko\",\"isPartOf\":{\"@id\":\"https:\/\/www.welovecycling.com\/sk\/#website\"},\"primaryImageOfPage\":{\"@id\":\"https:\/\/www.welovecycling.com\/sk\/2019\/12\/20\/zima-v-znameni-pohybu-ako-sa-udrzat-vo-forme-aj-mimo-sezony\/#primaryimage\"},\"image\":{\"@id\":\"https:\/\/www.welovecycling.com\/sk\/2019\/12\/20\/zima-v-znameni-pohybu-ako-sa-udrzat-vo-forme-aj-mimo-sezony\/#primaryimage\"},\"thumbnailUrl\":\"https:\/\/d2p6e6u75xmxt8.cloudfront.net\/4\/2019\/12\/Zima_00.webp\",\"datePublished\":\"2019-12-20T10:07:29+00:00\",\"author\":{\"@id\":\"\"},\"breadcrumb\":{\"@id\":\"https:\/\/www.welovecycling.com\/sk\/2019\/12\/20\/zima-v-znameni-pohybu-ako-sa-udrzat-vo-forme-aj-mimo-sezony\/#breadcrumb\"},\"inLanguage\":\"sk-SK\",\"potentialAction\":[{\"@type\":\"ReadAction\",\"target\":[\"https:\/\/www.welovecycling.com\/sk\/2019\/12\/20\/zima-v-znameni-pohybu-ako-sa-udrzat-vo-forme-aj-mimo-sezony\/\"]}]},{\"@type\":\"ImageObject\",\"inLanguage\":\"sk-SK\",\"@id\":\"https:\/\/www.welovecycling.com\/sk\/2019\/12\/20\/zima-v-znameni-pohybu-ako-sa-udrzat-vo-forme-aj-mimo-sezony\/#primaryimage\",\"url\":\"https:\/\/d2p6e6u75xmxt8.cloudfront.net\/4\/2019\/12\/Zima_00.webp\",\"contentUrl\":\"https:\/\/d2p6e6u75xmxt8.cloudfront.net\/4\/2019\/12\/Zima_00.webp\",\"width\":1380,\"height\":600},{\"@type\":\"BreadcrumbList\",\"@id\":\"https:\/\/www.welovecycling.com\/sk\/2019\/12\/20\/zima-v-znameni-pohybu-ako-sa-udrzat-vo-forme-aj-mimo-sezony\/#breadcrumb\",\"itemListElement\":[{\"@type\":\"ListItem\",\"position\":1,\"name\":\"Home\",\"item\":\"https:\/\/www.welovecycling.com\/sk\/\"},{\"@type\":\"ListItem\",\"position\":2,\"name\":\"Zima v znamen\u00ed pohybu &#8211; ako sa udr\u017ea\u0165 vo forme aj mimo sez\u00f3ny\"}]},{\"@type\":\"WebSite\",\"@id\":\"https:\/\/www.welovecycling.com\/sk\/#website\",\"url\":\"https:\/\/www.welovecycling.com\/sk\/\",\"name\":\"\u0160koda We Love Cycling Slovensko\",\"description\":\"\u0160koda We Love Cycling Slovensko je v\u00e1\u0161 ka\u017edodenn\u00fd zdroj noviniek a in\u0161pir\u00e1cie z sveta cyklistiky\",\"potentialAction\":[{\"@type\":\"SearchAction\",\"target\":{\"@type\":\"EntryPoint\",\"urlTemplate\":\"https:\/\/www.welovecycling.com\/sk\/?s={search_term_string}\"},\"query-input\":{\"@type\":\"PropertyValueSpecification\",\"valueRequired\":true,\"valueName\":\"search_term_string\"}}],\"inLanguage\":\"sk-SK\"},{\"@type\":\"Person\",\"@id\":\"\",\"url\":\"https:\/\/www.welovecycling.com\/sk\/author\/\"}]}<\/script>\n<!-- \/ Yoast SEO Premium plugin. -->","yoast_head_json":{"title":"Zima v znamen\u00ed pohybu - ako sa udr\u017ea\u0165 vo forme aj mimo sez\u00f3ny - \u0160koda We Love Cycling Slovensko","robots":{"index":"index","follow":"follow","max-snippet":"max-snippet:-1","max-image-preview":"max-image-preview:large","max-video-preview":"max-video-preview:-1"},"canonical":"https:\/\/www.welovecycling.com\/sk\/2019\/12\/20\/zima-v-znameni-pohybu-ako-sa-udrzat-vo-forme-aj-mimo-sezony\/","og_locale":"sk_SK","og_type":"article","og_title":"Zima v znamen\u00ed pohybu - ako sa udr\u017ea\u0165 vo forme aj mimo sez\u00f3ny","og_description":"Pozn\u00e1te to? Cel\u00e9 leto poctivo tr\u00e9nujete, v\u010faka teplej jeseni kondi\u010dku e\u0161te zlep\u0161\u00edte a nakoniec predsa len mus\u00edte odlo\u017ei\u0165 svoj milovan\u00fd [&hellip;]","og_url":"https:\/\/www.welovecycling.com\/sk\/2019\/12\/20\/zima-v-znameni-pohybu-ako-sa-udrzat-vo-forme-aj-mimo-sezony\/","og_site_name":"\u0160koda We Love Cycling Slovensko","article_published_time":"2019-12-20T10:07:29+00:00","og_image":[{"width":1380,"height":600,"url":"https:\/\/d2p6e6u75xmxt8.cloudfront.net\/4\/2019\/12\/Zima_00.webp","type":"image\/webp"}],"twitter_card":"summary_large_image","twitter_misc":{"Written by":"WeLoveCycling","Est. reading time":"4"},"schema":{"@context":"https:\/\/schema.org","@graph":[{"@type":"WebPage","@id":"https:\/\/www.welovecycling.com\/sk\/2019\/12\/20\/zima-v-znameni-pohybu-ako-sa-udrzat-vo-forme-aj-mimo-sezony\/","url":"https:\/\/www.welovecycling.com\/sk\/2019\/12\/20\/zima-v-znameni-pohybu-ako-sa-udrzat-vo-forme-aj-mimo-sezony\/","name":"Zima v znamen\u00ed pohybu - ako sa udr\u017ea\u0165 vo forme aj mimo sez\u00f3ny - \u0160koda We Love Cycling Slovensko","isPartOf":{"@id":"https:\/\/www.welovecycling.com\/sk\/#website"},"primaryImageOfPage":{"@id":"https:\/\/www.welovecycling.com\/sk\/2019\/12\/20\/zima-v-znameni-pohybu-ako-sa-udrzat-vo-forme-aj-mimo-sezony\/#primaryimage"},"image":{"@id":"https:\/\/www.welovecycling.com\/sk\/2019\/12\/20\/zima-v-znameni-pohybu-ako-sa-udrzat-vo-forme-aj-mimo-sezony\/#primaryimage"},"thumbnailUrl":"https:\/\/d2p6e6u75xmxt8.cloudfront.net\/4\/2019\/12\/Zima_00.webp","datePublished":"2019-12-20T10:07:29+00:00","author":{"@id":""},"breadcrumb":{"@id":"https:\/\/www.welovecycling.com\/sk\/2019\/12\/20\/zima-v-znameni-pohybu-ako-sa-udrzat-vo-forme-aj-mimo-sezony\/#breadcrumb"},"inLanguage":"sk-SK","potentialAction":[{"@type":"ReadAction","target":["https:\/\/www.welovecycling.com\/sk\/2019\/12\/20\/zima-v-znameni-pohybu-ako-sa-udrzat-vo-forme-aj-mimo-sezony\/"]}]},{"@type":"ImageObject","inLanguage":"sk-SK","@id":"https:\/\/www.welovecycling.com\/sk\/2019\/12\/20\/zima-v-znameni-pohybu-ako-sa-udrzat-vo-forme-aj-mimo-sezony\/#primaryimage","url":"https:\/\/d2p6e6u75xmxt8.cloudfront.net\/4\/2019\/12\/Zima_00.webp","contentUrl":"https:\/\/d2p6e6u75xmxt8.cloudfront.net\/4\/2019\/12\/Zima_00.webp","width":1380,"height":600},{"@type":"BreadcrumbList","@id":"https:\/\/www.welovecycling.com\/sk\/2019\/12\/20\/zima-v-znameni-pohybu-ako-sa-udrzat-vo-forme-aj-mimo-sezony\/#breadcrumb","itemListElement":[{"@type":"ListItem","position":1,"name":"Home","item":"https:\/\/www.welovecycling.com\/sk\/"},{"@type":"ListItem","position":2,"name":"Zima v znamen\u00ed pohybu &#8211; ako sa udr\u017ea\u0165 vo forme aj mimo sez\u00f3ny"}]},{"@type":"WebSite","@id":"https:\/\/www.welovecycling.com\/sk\/#website","url":"https:\/\/www.welovecycling.com\/sk\/","name":"\u0160koda We Love Cycling Slovensko","description":"\u0160koda We Love Cycling Slovensko je v\u00e1\u0161 ka\u017edodenn\u00fd zdroj noviniek a in\u0161pir\u00e1cie z sveta cyklistiky","potentialAction":[{"@type":"SearchAction","target":{"@type":"EntryPoint","urlTemplate":"https:\/\/www.welovecycling.com\/sk\/?s={search_term_string}"},"query-input":{"@type":"PropertyValueSpecification","valueRequired":true,"valueName":"search_term_string"}}],"inLanguage":"sk-SK"},{"@type":"Person","@id":"","url":"https:\/\/www.welovecycling.com\/sk\/author\/"}]}},"_links":{"self":[{"href":"https:\/\/www.welovecycling.com\/sk\/wp-json\/wp\/v2\/posts\/8979","targetHints":{"allow":["GET"]}}],"collection":[{"href":"https:\/\/www.welovecycling.com\/sk\/wp-json\/wp\/v2\/posts"}],"about":[{"href":"https:\/\/www.welovecycling.com\/sk\/wp-json\/wp\/v2\/types\/post"}],"author":[{"embeddable":true,"href":"https:\/\/www.welovecycling.com\/sk\/wp-json\/wp\/v2\/users\/81"}],"replies":[{"embeddable":true,"href":"https:\/\/www.welovecycling.com\/sk\/wp-json\/wp\/v2\/comments?post=8979"}],"version-history":[{"count":2,"href":"https:\/\/www.welovecycling.com\/sk\/wp-json\/wp\/v2\/posts\/8979\/revisions"}],"predecessor-version":[{"id":8988,"href":"https:\/\/www.welovecycling.com\/sk\/wp-json\/wp\/v2\/posts\/8979\/revisions\/8988"}],"wp:featuredmedia":[{"embeddable":true,"href":"https:\/\/www.welovecycling.com\/sk\/wp-json\/wp\/v2\/media\/8985"}],"wp:attachment":[{"href":"https:\/\/www.welovecycling.com\/sk\/wp-json\/wp\/v2\/media?parent=8979"}],"wp:term":[{"taxonomy":"category","embeddable":true,"href":"https:\/\/www.welovecycling.com\/sk\/wp-json\/wp\/v2\/categories?post=8979"},{"taxonomy":"post_tag","embeddable":true,"href":"https:\/\/www.welovecycling.com\/sk\/wp-json\/wp\/v2\/tags?post=8979"},{"taxonomy":"global-categories","embeddable":true,"href":"https:\/\/www.welovecycling.com\/sk\/wp-json\/wp\/v2\/global-categories?post=8979"}],"curies":[{"name":"wp","href":"https:\/\/api.w.org\/{rel}","templated":true}]}}