{"id":8965,"date":"2019-12-27T08:46:09","date_gmt":"2019-12-27T07:46:09","guid":{"rendered":"https:\/\/www.welovecycling.com\/sk\/?p=8965"},"modified":"2019-12-29T09:13:30","modified_gmt":"2019-12-29T08:13:30","slug":"rozhovor-ake-je-to-zit-po-boku-cyklistu","status":"publish","type":"post","link":"https:\/\/www.welovecycling.com\/sk\/2019\/12\/27\/rozhovor-ake-je-to-zit-po-boku-cyklistu\/","title":{"rendered":"Rozhovor: Ak\u00e9 je to \u017ei\u0165 po boku cyklistu"},"content":{"rendered":"<p><strong>\u017di\u0165 po boku cyklistu nie je \u013eahk\u00e9. \u010ci u\u017e v\u00e1\u0161 partner rob\u00ed tento \u0161port na profesion\u00e1lnej \u00farovni alebo je len hobby jazdec, tak pripravi\u0165 sa mus\u00edte na mno\u017estvo \u00fastupkov a\u00a0vyzbroji\u0165 sa ve\u013ekou d\u00e1vkou trpezlivosti.<\/strong><!--more--><\/p>\n<p>V\u00a0rozhovore n\u00e1m <strong>partnerka ma\u010farsk\u00e9ho cyklistu P\u00e9tera Kov\u00e1csa, Anastasiya<\/strong>, prezradila, ak\u00e9 to je \u017ei\u0165 s cyklistom. P\u00e9ter nav\u0161tevuje ka\u017edoro\u010dne slovensk\u00e9 marat\u00f3ny a\u00a0pravidelne sa <strong>z\u00fa\u010dast\u0148uje aj s\u00e9rie \u0160koda Bike Open Tour<\/strong>. Ako tr\u00e1vi Anastasiya v\u00edkendy, ke\u010f je P\u00e9ter na pretekoch, bav\u00ed ju taktie\u017e cyklistika a\u00a0ako sa zmenil ich vz\u0165ah k\u00a0dvom koles\u00e1m po pr\u00edchode die\u0165a\u0165a? Nielen to sa dozviete v\u00a0rozhovore, ktor\u00fd Anastasiya poskytla pre WeLoveCycling.<\/p>\n<p><strong>Ahoj Anastasiya. Na za\u010diatku by si sa n\u00e1m mohla predstavi\u0165.<\/strong><br \/>\n<em>Moje meno je Anastasiya, poch\u00e1dzam z Ruska a posledn\u00fdch 10 rokov \u017eijem v n\u00e1dhernom Ma\u010farsku. M\u00f4j \u017eivot bol v\u017edy prepojen\u00fd so \u0161portom, vyrastala som v \u0161portovej rodine, kde mama i otec boli horolezci. Po\u010das m\u00f4jho detstva som robila horolezectvo viac ako 10 rokov. Nesk\u00f4r som v \u017eivote vysk\u00fa\u0161ala v\u0161etky druhy \u0161portov. Medzi moje ob\u013e\u00faben\u00e9 patria: volejbal, horsk\u00e9 ly\u017eovanie, beh, triatlon a teraz jazda na horsk\u00fdch bicykloch. V Budape\u0161ti pracujem v medzin\u00e1rodnej spolo\u010dnosti ako mana\u017e\u00e9r na strednej \u00farovni a teraz spolu s partnerom P\u00e9trom vychov\u00e1vame na\u0161e mal\u00e9 diev\u010datko, ktor\u00e9 sa vol\u00e1 Zoja (nezabudnite na toto meno &#8211; bud\u00faca majsterka v\u00a0MTB jazden\u00ed na Slovensku).<\/em><\/p>\n<p><a href=\"https:\/\/d2p6e6u75xmxt8.cloudfront.net\/4\/2019\/12\/partnerka_02.jpg\"><img loading=\"lazy\" decoding=\"async\" src=\"https:\/\/d2p6e6u75xmxt8.cloudfront.net\/4\/2019\/12\/partnerka_02.jpg\" alt=\"\" width=\"1200\" height=\"800\" class=\"alignnone size-full wp-image-8968\" \/><\/a><\/p>\n<p><strong>Tvoj partner, P\u00e9ter Kov\u00e1cs, je cyklista telom aj du\u0161ou. Ak\u00e9 je to \u017ei\u0165 po boku cyklistu?<\/strong><br \/>\n<em>Aby som bola \u00faprimn\u00e1, tak neviem si predstavi\u0165, \u017ee by som bola s niek\u00fdm, kto sa nezauj\u00edma o \u0161port a akt\u00edvny \u017eivotn\u00fd \u0161t\u00fdl. Tak\u017ee si mysl\u00edm, \u017ee sme sa navz\u00e1jom na\u0161li. Mimochodom, na\u0161e prv\u00e9 rande bolo na 10 hodinovej t\u00fare v hor\u00e1ch v teplote -20 stup\u0148ov. By\u0165 \u0161portovcami v\u00a0partnerskom zv\u00e4zku znamen\u00e1, \u017ee budete vies\u0165 ve\u013ea rozhovorov o pretekoch, bicykloch, in\u00fdch \u0161portovcoch at\u010f. Po\u010das jeho tr\u00e9ningu budete ma\u0165 ve\u013ea \u010dasu na seba (\u010do si aj ja ve\u013emi v\u00e1\u017eim), ale budete musie\u0165 re\u0161pektova\u0165 aj jeho tr\u00e9ningov\u00fd pl\u00e1n a prisp\u00f4sobi\u0165 si va\u0161u dovolenku pod\u013ea pretekov. Ale verte mi, \u017ee je to v\u0161etko uskuto\u010dnite\u013en\u00e9.<\/em><\/p>\n<p><strong>\u010coho v\u0161etk\u00e9ho sa mus\u00ed\u0161 vzda\u0165, ak je tvoj partner tak\u00fd ve\u013ek\u00fd cyklista?<\/strong><br \/>\n<em>Povedala by som, \u017ee som viac z\u00edskala ako stratila. Dobre, mo\u017eno jedna vec: predt\u00fdm som ve\u013ea cestovala do \u00c1zie, teraz rad\u0161ej ideme do bli\u017e\u0161\u00edch kraj\u00edn, do ktor\u00fdch m\u00f4\u017eeme privies\u0165 na\u0161e bicykle.<\/em><\/p>\n<p><a href=\"https:\/\/d2p6e6u75xmxt8.cloudfront.net\/4\/2019\/12\/partnerka_01.jpg\"><img loading=\"lazy\" decoding=\"async\" src=\"https:\/\/d2p6e6u75xmxt8.cloudfront.net\/4\/2019\/12\/partnerka_01.jpg\" alt=\"\" width=\"1200\" height=\"800\" class=\"alignnone size-full wp-image-8967\" \/><\/a><\/p>\n<p><strong>M\u00e1 tak\u00fdto vz\u0165ah aj v\u00fdhody?<\/strong><br \/>\n<em>Mysl\u00edm, \u017ee ak m\u00e1te radi cyklistiku alebo \u0161port v\u0161eobecne, m\u00f4\u017eete si spolu u\u017ei\u0165 tieto spolo\u010dn\u00e9 aktivity: \u00eds\u0165 spolu na v\u00fdjazd, sledova\u0165 profi preteky, diskutova\u0165 o tr\u00e9ningoch alebo o pl\u00e1noch na preteky. Na\u0161e let\u00e1 s\u00fa ve\u013emi ru\u0161n\u00e9, takmer ka\u017ed\u00fd v\u00edkend niekde cestujeme a ja sa naozaj te\u0161\u00edm, \u017ee som tam. Aj ke\u010f pr\u00e1ve nepretek\u00e1m, tak beh\u00e1m alebo rob\u00edm turistiku a\u00a0popri tom fand\u00edm \u013eu\u010fom, u\u017e\u00edvam si atmosf\u00e9ru a po pretekoch oslavujem s P\u00e9trom.<\/em><\/p>\n<p><strong>Je cyklistika aj tvoj\u00edm hobby?<\/strong><br \/>\n<em>Predt\u00fdm, ako som mala die\u0165a &#8211; \u00e1no, bolo tomu tak a d\u00fafam, \u017ee sa bud\u00face leto vr\u00e1tim na bicykel. Ke\u010f sme sa pred 3 rokmi stretli s P\u00e9trom, sna\u017eila som sa namiesto toho robi\u0165 triatlon a jazdi\u0165 na cestnom bicykli. Ale mus\u00edm poveda\u0165, \u017ee horsk\u00e9 bicykle si ove\u013ea viac u\u017e\u00edvam a\u00a0d\u00f4verujem im o\u00a0nie\u010do viac.<\/em><\/p>\n<p><a href=\"https:\/\/d2p6e6u75xmxt8.cloudfront.net\/4\/2019\/12\/partnerka_03.jpg\"><img loading=\"lazy\" decoding=\"async\" src=\"https:\/\/d2p6e6u75xmxt8.cloudfront.net\/4\/2019\/12\/partnerka_03.jpg\" alt=\"\" width=\"1200\" height=\"800\" class=\"alignnone size-full wp-image-8969\" \/><\/a><\/p>\n<p><strong>Ako \u0165a P\u00e9ter presvied\u010da na spolo\u010dn\u00e9 v\u00fdjazdy na bicykli?<\/strong><br \/>\n<em>Nie je to tak\u00e9 \u0165a\u017ek\u00e9. Milujem jazdu na bicykli a som rada v pr\u00edrode, tak\u017ee jazda na horsk\u00fdch bicykloch sa jav\u00ed ako perfektn\u00e1 kombin\u00e1cia t\u00fdchto dvoch vec\u00ed. Podobne ako beh &#8211; je skvel\u00e9 by\u0165 v lese a u\u017e\u00edva\u0165 si pr\u00edrodu.<\/em><\/p>\n<p><strong>Ako vyzeraj\u00fa va\u0161e spolo\u010dn\u00e9 v\u00edkendy?<\/strong><br \/>\n<em>Pred b\u00e1b\u00e4tkom sme boli takmer po\u010das cel\u00e9ho leta ka\u017ed\u00fd v\u00edkend na slovensk\u00fdch MTB marat\u00f3noch. A\u00a0aj ke\u010f sme boli niekde inde, v\u017edy sme sa sna\u017eili urobi\u0165 z\u00a0tohto \u010dasu mini-dovolenku: \u00eds\u0165 o de\u0148 sk\u00f4r a od\u00eds\u0165 o nie\u010do nesk\u00f4r, zosta\u0165 v peknom hoteli, u\u017e\u00edva\u0165 si jeden druh\u00e9ho. V s\u00fa\u010dasnosti sa st\u00e1le sna\u017e\u00edme prisp\u00f4sobi\u0165 n\u00e1\u0161 \u017eivot \u017eivotu s die\u0165a\u0165om, tak\u017ee je \u0165a\u017ek\u00e9 poveda\u0165, ako to bude. V ka\u017edom pr\u00edpade je na\u0161\u00edm cie\u013eom zosta\u0165 akt\u00edvnymi aj s die\u0165a\u0165om: \u00eds\u0165 na turistiku alebo nav\u0161t\u00edvi\u0165 nov\u00e9 miesta a samozrejme od bud\u00facej sez\u00f3ny chodi\u0165 na preteky u\u017e ako trojica a spolu so Zojkou fandi\u0165 ockovi.<\/em><\/p>\n<p><a href=\"https:\/\/d2p6e6u75xmxt8.cloudfront.net\/4\/2019\/12\/partnerka_04.jpg\"><img loading=\"lazy\" decoding=\"async\" src=\"https:\/\/d2p6e6u75xmxt8.cloudfront.net\/4\/2019\/12\/partnerka_04.jpg\" alt=\"\" width=\"1200\" height=\"800\" class=\"alignnone size-full wp-image-8970\" \/><\/a><\/p>\n<p><strong>Ke\u010f P\u00e9ter pretek\u00e1, \u010do rob\u00ed\u0161 ty? Fand\u00ed\u0161 pri trati, spozn\u00e1va\u0161 slovensk\u00fa pr\u00edrodu?<\/strong><br \/>\n<em>V\u00e4\u010d\u0161inou som tie\u017e pretekala, ale na krat\u0161ie vzdialenosti a\u00a0samozrejme som potom \u010dakala P\u00e9tra na cie\u013eovej \u010diare. Ke\u010f som u\u017e nemohla preteka\u0165, tak som si naozaj u\u017e\u00edvala povzbudzovanie, urobila som si mal\u00fa t\u00faru po pretek\u00e1rskej trase a povzbudzovala \u00fa\u010dastn\u00edkov, zvy\u010dajne to ocenia. Ke\u010f preteky skon\u010dili, tak sme sa pok\u00fasili rozhliadnu\u0165 po okol\u00ed, hlavne, ak sme tam boli po prv\u00fdkr\u00e1t.<\/em><\/p>\n<p><strong>\u010co sa ti na slovensk\u00fdch MTB marat\u00f3noch p\u00e1\u010di?<\/strong><br \/>\n<em>Je toho ve\u013ea, \u010do sa n\u00e1m p\u00e1\u010di: od profesionality organiz\u00e1cie pretekov, pr\u00edvetivosti \u00fa\u010dastn\u00edkov, kr\u00e1snej pr\u00edrody, dobr\u00e9ho jedla, ni\u017e\u0161\u00edch cien (ospravedl\u0148ujeme sa za t\u00fato pozn\u00e1mku). Atmosf\u00e9ra na pretekoch si zasl\u00fa\u017ei osobitn\u00fa pozornos\u0165. Boli sme na s\u00fa\u0165a\u017eiach v r\u00f4znych krajin\u00e1ch (Po\u013esko, Chorv\u00e1tsko, Rak\u00fasko at\u010f.). A dalo by sa poveda\u0165, \u017ee atmosf\u00e9ra na slovensk\u00fdch MTB marat\u00f3noch je jedna z najlep\u0161\u00edch: okolo sa kon\u00e1 skuto\u010dn\u00e1 oslava, \u013eudia sa zostan\u00fa po pretekoch pozera\u0165 na vyhl\u00e1senie v\u00ed\u0165azov alebo sa z\u00fa\u010dast\u0148uj\u00fa tomboly. Toto sa bohu\u017eia\u013e nedeje na in\u00fdch pretekoch mimo Slovenska. Mnohokr\u00e1t \u013eudia jednoducho odch\u00e1dzaj\u00fa hne\u010f po tom, \u010do prekro\u010dia cie\u013eov\u00fa \u010diaru.<\/em><\/p>\n<p><a href=\"https:\/\/d2p6e6u75xmxt8.cloudfront.net\/4\/2019\/12\/partnerka_05.jpg\"><img loading=\"lazy\" decoding=\"async\" src=\"https:\/\/d2p6e6u75xmxt8.cloudfront.net\/4\/2019\/12\/partnerka_05.jpg\" alt=\"\" width=\"1200\" height=\"800\" class=\"alignnone size-full wp-image-8971\" \/><\/a><\/p>\n<p><strong>Kedy si za\u010dala preteka\u0165 aj ty?<\/strong><br \/>\n<em>Po tom, \u010do som sa nau\u010dila na MTB jazdi\u0165 a k\u00fapila som svoj prv\u00fd MTB stroj, som za\u010dala s\u00fa\u0165a\u017ei\u0165 za t\u00edm Forza. Zvy\u010dajne sa z\u00fa\u010dast\u0148ujem pretekov s\u00a0men\u0161ou porciou kilometrov, preto\u017ee e\u0161te nie som tak\u00e1 siln\u00e1. Len raz, tesne pred moj\u00edm tehotenstvom som \u0161la na preteky na stredn\u00fa vzdialenos\u0165 v\u00a0Chorv\u00e1tsku. Bol to m\u00f4j \u201e\u017eivotn\u00fd\u201c z\u00e1\u017eitok a som \u0161\u0165astn\u00e1, \u017ee som pre\u017eila.<\/em><\/p>\n<p><strong>Teraz do v\u00e1\u0161ho vz\u0165ahu pribudol \u010fal\u0161\u00ed \u010dlen. Ako pl\u00e1nujete zladi\u0165 cyklistiku a\u00a0starostlivos\u0165 o\u00a0die\u0165a?<\/strong><br \/>\n<em>E\u0161te predt\u00fdm, ako sme mali nov\u00e9ho \u010dlena rodiny sa st\u00e1valo, \u017ee som mala m\u00e1lo \u010dasu na tr\u00e9ningy. Bolo to z\u00a0toho d\u00f4vodu, \u017ee som pracovala do ve\u010dera a v\u00a0t\u00fdchto podmienkach som praktizovala svoj \u201eleniv\u00fd tr\u00e9ningov\u00fd\u201c re\u017eim. Bol v\u00a0\u0148om beh, bicykel do pr\u00e1ce a z pr\u00e1ce a mo\u017eno cez v\u00edkendy mi to vy\u0161lo niekedy dlh\u0161ie. Ch\u00e1pem, \u017ee to nesta\u010d\u00ed, ale nem\u00e1m pl\u00e1ny na v\u00ed\u0165azstvo v pretekoch, ale sk\u00f4r zost\u00e1vam akt\u00edvna a fit.<\/em><\/p>\n<p><a href=\"https:\/\/d2p6e6u75xmxt8.cloudfront.net\/4\/2019\/12\/partnerka_06.jpg\"><img loading=\"lazy\" decoding=\"async\" src=\"https:\/\/d2p6e6u75xmxt8.cloudfront.net\/4\/2019\/12\/partnerka_06.jpg\" alt=\"\" width=\"1200\" height=\"800\" class=\"alignnone size-full wp-image-8972\" \/><\/a><\/p>\n<p><strong>P\u00e1\u010di sa ti Slovensko? Ak \u00e1no, \u010do najviac?<\/strong><br \/>\n<em>My to tu jednoducho milujeme: pr\u00edroda, \u013eudia, jedlo. Akon\u00e1hle prekro\u010d\u00edme hranice, prepneme sa do n\u00e1\u0161ho dovolenkov\u00e9ho re\u017eimu.<\/em><\/p>\n<p><strong>Ak spolo\u010dne s\u00a0P\u00e9terom ne\u0161portujete, ako e\u0161te tr\u00e1vite vo\u013en\u00fd \u010das?<\/strong><br \/>\n<em>M\u00e1me radi dobr\u00e9 jedlo: var\u00edme si ve\u010dere doma alebo chod\u00edme do re\u0161taur\u00e1cie. Niekedy je dobr\u00e9 zosta\u0165 aj na gau\u010di a pozera\u0165 nejak\u00fd thrillerov\u00fd film alebo X-Factor.<\/em><\/p>\n<p><strong>Ktor\u00e9 veci s\u00fa na spolu\u017eit\u00ed s\u00a0cyklistom naj\u0165a\u017e\u0161ie?<\/strong><br \/>\n<em>Dobr\u00e1 ot\u00e1zka! Mus\u00edte by\u0165 pripraven\u00ed re\u0161pektova\u0165 jeho tr\u00e9ningov\u00fd \u010das a samozrejme aj v\u00fddavky. Nie je to najlacnej\u0161\u00ed \u0161port, ale aspo\u0148 to nie je triatlon. Je tie\u017e potrebn\u00e9 vedie\u0165, \u010do je Strava, KOM a\u00a0ZWIFT, inak sa v\u00a0rozhovore strat\u00edte.<\/em><\/p>\n<p>(zdroj fotografi\u00ed: Anastasiya)<\/p>\n","protected":false},"excerpt":{"rendered":"<p>\u017di\u0165 po boku cyklistu nie je \u013eahk\u00e9. \u010ci u\u017e v\u00e1\u0161 partner rob\u00ed tento \u0161port na profesion\u00e1lnej \u00farovni alebo je len [&hellip;]<\/p>\n","protected":false},"author":81,"featured_media":8973,"comment_status":"open","ping_status":"open","sticky":false,"template":"","format":"standard","meta":{"footnotes":""},"categories":[3],"tags":[559,115,180,944,178,412,1012,179,509,501,35,523,813,163,55,623],"global-categories":[1074],"class_list":["post-8965","post","type-post","status-publish","format-standard","has-post-thumbnail","hentry","category-mtb","tag-bicykel","tag-cestna-cyklistika","tag-horska-cyklistika","tag-madarsko","tag-maraton","tag-mtb","tag-pretekar","tag-preteky","tag-rodina","tag-rozhovor","tag-sbot","tag-slovensko","tag-sport","tag-strava","tag-trening","tag-zdravy-zivotny-styl","global-categories-cycling"],"yoast_head":"<!-- This site is optimized with the Yoast SEO Premium plugin v25.3 (Yoast SEO v25.9) - https:\/\/yoast.com\/wordpress\/plugins\/seo\/ -->\n<title>Rozhovor: Ak\u00e9 je to \u017ei\u0165 po boku cyklistu - \u0160koda We Love Cycling Slovensko<\/title>\n<meta name=\"robots\" content=\"index, follow, max-snippet:-1, max-image-preview:large, max-video-preview:-1\" \/>\n<link rel=\"canonical\" href=\"https:\/\/www.welovecycling.com\/sk\/2019\/12\/27\/rozhovor-ake-je-to-zit-po-boku-cyklistu\/\" \/>\n<meta property=\"og:locale\" content=\"sk_SK\" \/>\n<meta property=\"og:type\" content=\"article\" \/>\n<meta property=\"og:title\" content=\"Rozhovor: Ak\u00e9 je to \u017ei\u0165 po boku cyklistu\" \/>\n<meta property=\"og:description\" content=\"\u017di\u0165 po boku cyklistu nie je \u013eahk\u00e9. \u010ci u\u017e v\u00e1\u0161 partner rob\u00ed tento \u0161port na profesion\u00e1lnej \u00farovni alebo je len [&hellip;]\" \/>\n<meta property=\"og:url\" content=\"https:\/\/www.welovecycling.com\/sk\/2019\/12\/27\/rozhovor-ake-je-to-zit-po-boku-cyklistu\/\" \/>\n<meta property=\"og:site_name\" content=\"\u0160koda We Love Cycling Slovensko\" \/>\n<meta property=\"article:published_time\" content=\"2019-12-27T07:46:09+00:00\" \/>\n<meta property=\"article:modified_time\" content=\"2019-12-29T08:13:30+00:00\" \/>\n<meta property=\"og:image\" content=\"https:\/\/d2p6e6u75xmxt8.cloudfront.net\/4\/2019\/12\/partnerka_00.webp\" \/>\n\t<meta property=\"og:image:width\" content=\"1380\" \/>\n\t<meta property=\"og:image:height\" content=\"600\" \/>\n\t<meta property=\"og:image:type\" content=\"image\/webp\" \/>\n<meta name=\"twitter:card\" content=\"summary_large_image\" \/>\n<meta name=\"twitter:label1\" content=\"Written by\" \/>\n\t<meta name=\"twitter:data1\" content=\"WeLoveCycling\" \/>\n\t<meta name=\"twitter:label2\" content=\"Est. reading time\" \/>\n\t<meta name=\"twitter:data2\" content=\"6\" \/>\n<script type=\"application\/ld+json\" class=\"yoast-schema-graph\">{\"@context\":\"https:\/\/schema.org\",\"@graph\":[{\"@type\":\"WebPage\",\"@id\":\"https:\/\/www.welovecycling.com\/sk\/2019\/12\/27\/rozhovor-ake-je-to-zit-po-boku-cyklistu\/\",\"url\":\"https:\/\/www.welovecycling.com\/sk\/2019\/12\/27\/rozhovor-ake-je-to-zit-po-boku-cyklistu\/\",\"name\":\"Rozhovor: Ak\u00e9 je to \u017ei\u0165 po boku cyklistu - \u0160koda We Love Cycling Slovensko\",\"isPartOf\":{\"@id\":\"https:\/\/www.welovecycling.com\/sk\/#website\"},\"primaryImageOfPage\":{\"@id\":\"https:\/\/www.welovecycling.com\/sk\/2019\/12\/27\/rozhovor-ake-je-to-zit-po-boku-cyklistu\/#primaryimage\"},\"image\":{\"@id\":\"https:\/\/www.welovecycling.com\/sk\/2019\/12\/27\/rozhovor-ake-je-to-zit-po-boku-cyklistu\/#primaryimage\"},\"thumbnailUrl\":\"https:\/\/d2p6e6u75xmxt8.cloudfront.net\/4\/2019\/12\/partnerka_00.webp\",\"datePublished\":\"2019-12-27T07:46:09+00:00\",\"dateModified\":\"2019-12-29T08:13:30+00:00\",\"author\":{\"@id\":\"\"},\"breadcrumb\":{\"@id\":\"https:\/\/www.welovecycling.com\/sk\/2019\/12\/27\/rozhovor-ake-je-to-zit-po-boku-cyklistu\/#breadcrumb\"},\"inLanguage\":\"sk-SK\",\"potentialAction\":[{\"@type\":\"ReadAction\",\"target\":[\"https:\/\/www.welovecycling.com\/sk\/2019\/12\/27\/rozhovor-ake-je-to-zit-po-boku-cyklistu\/\"]}]},{\"@type\":\"ImageObject\",\"inLanguage\":\"sk-SK\",\"@id\":\"https:\/\/www.welovecycling.com\/sk\/2019\/12\/27\/rozhovor-ake-je-to-zit-po-boku-cyklistu\/#primaryimage\",\"url\":\"https:\/\/d2p6e6u75xmxt8.cloudfront.net\/4\/2019\/12\/partnerka_00.webp\",\"contentUrl\":\"https:\/\/d2p6e6u75xmxt8.cloudfront.net\/4\/2019\/12\/partnerka_00.webp\",\"width\":1380,\"height\":600},{\"@type\":\"BreadcrumbList\",\"@id\":\"https:\/\/www.welovecycling.com\/sk\/2019\/12\/27\/rozhovor-ake-je-to-zit-po-boku-cyklistu\/#breadcrumb\",\"itemListElement\":[{\"@type\":\"ListItem\",\"position\":1,\"name\":\"Home\",\"item\":\"https:\/\/www.welovecycling.com\/sk\/\"},{\"@type\":\"ListItem\",\"position\":2,\"name\":\"Rozhovor: Ak\u00e9 je to \u017ei\u0165 po boku cyklistu\"}]},{\"@type\":\"WebSite\",\"@id\":\"https:\/\/www.welovecycling.com\/sk\/#website\",\"url\":\"https:\/\/www.welovecycling.com\/sk\/\",\"name\":\"\u0160koda We Love Cycling Slovensko\",\"description\":\"\u0160koda We Love Cycling Slovensko je v\u00e1\u0161 ka\u017edodenn\u00fd zdroj noviniek a in\u0161pir\u00e1cie z sveta cyklistiky\",\"potentialAction\":[{\"@type\":\"SearchAction\",\"target\":{\"@type\":\"EntryPoint\",\"urlTemplate\":\"https:\/\/www.welovecycling.com\/sk\/?s={search_term_string}\"},\"query-input\":{\"@type\":\"PropertyValueSpecification\",\"valueRequired\":true,\"valueName\":\"search_term_string\"}}],\"inLanguage\":\"sk-SK\"},{\"@type\":\"Person\",\"@id\":\"\",\"url\":\"https:\/\/www.welovecycling.com\/sk\/author\/\"}]}<\/script>\n<!-- \/ Yoast SEO Premium plugin. -->","yoast_head_json":{"title":"Rozhovor: Ak\u00e9 je to \u017ei\u0165 po boku cyklistu - \u0160koda We Love Cycling Slovensko","robots":{"index":"index","follow":"follow","max-snippet":"max-snippet:-1","max-image-preview":"max-image-preview:large","max-video-preview":"max-video-preview:-1"},"canonical":"https:\/\/www.welovecycling.com\/sk\/2019\/12\/27\/rozhovor-ake-je-to-zit-po-boku-cyklistu\/","og_locale":"sk_SK","og_type":"article","og_title":"Rozhovor: Ak\u00e9 je to \u017ei\u0165 po boku cyklistu","og_description":"\u017di\u0165 po boku cyklistu nie je \u013eahk\u00e9. \u010ci u\u017e v\u00e1\u0161 partner rob\u00ed tento \u0161port na profesion\u00e1lnej \u00farovni alebo je len [&hellip;]","og_url":"https:\/\/www.welovecycling.com\/sk\/2019\/12\/27\/rozhovor-ake-je-to-zit-po-boku-cyklistu\/","og_site_name":"\u0160koda We Love Cycling Slovensko","article_published_time":"2019-12-27T07:46:09+00:00","article_modified_time":"2019-12-29T08:13:30+00:00","og_image":[{"width":1380,"height":600,"url":"https:\/\/d2p6e6u75xmxt8.cloudfront.net\/4\/2019\/12\/partnerka_00.webp","type":"image\/webp"}],"twitter_card":"summary_large_image","twitter_misc":{"Written by":"WeLoveCycling","Est. reading time":"6"},"schema":{"@context":"https:\/\/schema.org","@graph":[{"@type":"WebPage","@id":"https:\/\/www.welovecycling.com\/sk\/2019\/12\/27\/rozhovor-ake-je-to-zit-po-boku-cyklistu\/","url":"https:\/\/www.welovecycling.com\/sk\/2019\/12\/27\/rozhovor-ake-je-to-zit-po-boku-cyklistu\/","name":"Rozhovor: Ak\u00e9 je to \u017ei\u0165 po boku cyklistu - \u0160koda We Love Cycling Slovensko","isPartOf":{"@id":"https:\/\/www.welovecycling.com\/sk\/#website"},"primaryImageOfPage":{"@id":"https:\/\/www.welovecycling.com\/sk\/2019\/12\/27\/rozhovor-ake-je-to-zit-po-boku-cyklistu\/#primaryimage"},"image":{"@id":"https:\/\/www.welovecycling.com\/sk\/2019\/12\/27\/rozhovor-ake-je-to-zit-po-boku-cyklistu\/#primaryimage"},"thumbnailUrl":"https:\/\/d2p6e6u75xmxt8.cloudfront.net\/4\/2019\/12\/partnerka_00.webp","datePublished":"2019-12-27T07:46:09+00:00","dateModified":"2019-12-29T08:13:30+00:00","author":{"@id":""},"breadcrumb":{"@id":"https:\/\/www.welovecycling.com\/sk\/2019\/12\/27\/rozhovor-ake-je-to-zit-po-boku-cyklistu\/#breadcrumb"},"inLanguage":"sk-SK","potentialAction":[{"@type":"ReadAction","target":["https:\/\/www.welovecycling.com\/sk\/2019\/12\/27\/rozhovor-ake-je-to-zit-po-boku-cyklistu\/"]}]},{"@type":"ImageObject","inLanguage":"sk-SK","@id":"https:\/\/www.welovecycling.com\/sk\/2019\/12\/27\/rozhovor-ake-je-to-zit-po-boku-cyklistu\/#primaryimage","url":"https:\/\/d2p6e6u75xmxt8.cloudfront.net\/4\/2019\/12\/partnerka_00.webp","contentUrl":"https:\/\/d2p6e6u75xmxt8.cloudfront.net\/4\/2019\/12\/partnerka_00.webp","width":1380,"height":600},{"@type":"BreadcrumbList","@id":"https:\/\/www.welovecycling.com\/sk\/2019\/12\/27\/rozhovor-ake-je-to-zit-po-boku-cyklistu\/#breadcrumb","itemListElement":[{"@type":"ListItem","position":1,"name":"Home","item":"https:\/\/www.welovecycling.com\/sk\/"},{"@type":"ListItem","position":2,"name":"Rozhovor: Ak\u00e9 je to \u017ei\u0165 po boku cyklistu"}]},{"@type":"WebSite","@id":"https:\/\/www.welovecycling.com\/sk\/#website","url":"https:\/\/www.welovecycling.com\/sk\/","name":"\u0160koda We Love Cycling Slovensko","description":"\u0160koda We Love Cycling Slovensko je v\u00e1\u0161 ka\u017edodenn\u00fd zdroj noviniek a in\u0161pir\u00e1cie z sveta cyklistiky","potentialAction":[{"@type":"SearchAction","target":{"@type":"EntryPoint","urlTemplate":"https:\/\/www.welovecycling.com\/sk\/?s={search_term_string}"},"query-input":{"@type":"PropertyValueSpecification","valueRequired":true,"valueName":"search_term_string"}}],"inLanguage":"sk-SK"},{"@type":"Person","@id":"","url":"https:\/\/www.welovecycling.com\/sk\/author\/"}]}},"_links":{"self":[{"href":"https:\/\/www.welovecycling.com\/sk\/wp-json\/wp\/v2\/posts\/8965","targetHints":{"allow":["GET"]}}],"collection":[{"href":"https:\/\/www.welovecycling.com\/sk\/wp-json\/wp\/v2\/posts"}],"about":[{"href":"https:\/\/www.welovecycling.com\/sk\/wp-json\/wp\/v2\/types\/post"}],"author":[{"embeddable":true,"href":"https:\/\/www.welovecycling.com\/sk\/wp-json\/wp\/v2\/users\/81"}],"replies":[{"embeddable":true,"href":"https:\/\/www.welovecycling.com\/sk\/wp-json\/wp\/v2\/comments?post=8965"}],"version-history":[{"count":2,"href":"https:\/\/www.welovecycling.com\/sk\/wp-json\/wp\/v2\/posts\/8965\/revisions"}],"predecessor-version":[{"id":9012,"href":"https:\/\/www.welovecycling.com\/sk\/wp-json\/wp\/v2\/posts\/8965\/revisions\/9012"}],"wp:featuredmedia":[{"embeddable":true,"href":"https:\/\/www.welovecycling.com\/sk\/wp-json\/wp\/v2\/media\/8973"}],"wp:attachment":[{"href":"https:\/\/www.welovecycling.com\/sk\/wp-json\/wp\/v2\/media?parent=8965"}],"wp:term":[{"taxonomy":"category","embeddable":true,"href":"https:\/\/www.welovecycling.com\/sk\/wp-json\/wp\/v2\/categories?post=8965"},{"taxonomy":"post_tag","embeddable":true,"href":"https:\/\/www.welovecycling.com\/sk\/wp-json\/wp\/v2\/tags?post=8965"},{"taxonomy":"global-categories","embeddable":true,"href":"https:\/\/www.welovecycling.com\/sk\/wp-json\/wp\/v2\/global-categories?post=8965"}],"curies":[{"name":"wp","href":"https:\/\/api.w.org\/{rel}","templated":true}]}}