{"id":8949,"date":"2019-12-23T10:04:07","date_gmt":"2019-12-23T09:04:07","guid":{"rendered":"https:\/\/www.welovecycling.com\/sk\/?p=8949"},"modified":"2023-04-24T11:53:35","modified_gmt":"2023-04-24T09:53:35","slug":"bicykle-buducnosti-na-com-budeme-jazdit-o-par-rokov","status":"publish","type":"post","link":"https:\/\/www.welovecycling.com\/sk\/2019\/12\/23\/bicykle-buducnosti-na-com-budeme-jazdit-o-par-rokov\/","title":{"rendered":"Bicykle bud\u00facnosti: Na \u010dom budeme jazdi\u0165 o p\u00e1r rokov?"},"content":{"rendered":"<p><strong>V mnoh\u00fdch aspektoch u\u017e \u017eijeme v bud\u00facnosti. Digit\u00e1lna revol\u00facia, ktor\u00e1 transformovala na\u0161e \u017eivoty, sa v\u0161ak e\u0161te len za\u010d\u00edna rozbieha\u0165. Kto si v minulosti myslel, \u017ee budeme pou\u017e\u00edva\u0165 mobily ako platobn\u00fd prostriedok? V d\u00f4sledku toho (a aj kv\u00f4li zmene kl\u00edmy) sme posadnut\u00ed bud\u00facnos\u0165ou. Je to pravdepodobne e\u0161te vo v\u00e4\u010d\u0161ej miere ako tomu bolo doteraz. To plat\u00ed pre filozofov, vedcov, architektov, v\u00fdrobcov automobilov a dokonca aj pre n\u00e1vrh\u00e1rov bicyklov.<\/strong><!--more--><\/p>\n<p>Bicykel sa v poslednom storo\u010d\u00ed pr\u00edli\u0161 nezmenil &#8211; ako sa hovor\u00ed: <em>\u201eAk nie\u010do funguje, neme\u0148te to.\u201c<\/em> Ale n\u00e1vrhy spomenut\u00e9 ni\u017e\u0161ie nazna\u010duj\u00fa, \u017ee bicykel sa bude v bud\u00facnosti meni\u0165 tak \u010dasto, ako sa menia aplik\u00e1cie v mobiloch &#8211; <strong>dve koles\u00e1 a riadidl\u00e1 ale zrejme ostan\u00fa<\/strong>.<\/p>\n<p>Koncept <strong>Cube Urban Street Bike<\/strong> sa zbavil sedlovej trubky a horn\u00fdch \u010dast\u00ed \u0161tandardn\u00e9ho r\u00e1mu v prospech trojdielneho syst\u00e9mu. Ten je spojen\u00fd so zadn\u00fdm kolesom len pomocou zadnej osky. Z tohto d\u00f4vodu je tento model <strong>v\u00fdrazne \u013eah\u0161\u00ed<\/strong> (a teda aj ove\u013ea r\u00fdchlej\u0161\u00ed) a viac svi\u017enej\u0161\u00ed oproti bicyklom, ktor\u00e9 pou\u017e\u00edvame dnes. Jedn\u00fdm z probl\u00e9mov m\u00f4\u017ee by\u0165 <strong>stabilita a v\u00fddr\u017e materi\u00e1lu. <\/strong>To najm\u00e4 v pr\u00edpade \u201epl\u00e1vaj\u00faceho\u201c zadn\u00e9ho kolesa na drsn\u00fdch povrchoch, ako s\u00fa napr\u00edklad \u201ema\u010dacie hlavy\u201c.<\/p>\n<figure id=\"attachment_8950\" aria-describedby=\"caption-attachment-8950\" style=\"width: 600px\" class=\"wp-caption alignnone\"><img loading=\"lazy\" decoding=\"async\" class=\"size-full wp-image-8950\" src=\"https:\/\/d2p6e6u75xmxt8.cloudfront.net\/4\/2019\/12\/cube-urban-street-bike-concept-1.jpg\" alt=\"\" width=\"600\" height=\"391\" \/><figcaption id=\"caption-attachment-8950\" class=\"wp-caption-text\">The Cube Urban Street Bike Concept<\/figcaption><\/figure>\n<p>Koncepcia <strong>Furious Sports Bike<\/strong> od Nenada Kostadinova sa jav\u00ed ako dostato\u010dne robustn\u00e1 a stabiln\u00e1 aj napriek ch\u00fdbaj\u00facim \u010dastiam \u0161tandardn\u00e9ho r\u00e1mu. Vyzer\u00e1 tak, \u017ee je <strong>ur\u010den\u00fd pre n\u00e1ro\u010dn\u00e9 povrchy<\/strong>. \u010co rob\u00ed tento dizajn jedine\u010dn\u00fdm a v\u00fdrazne futuristick\u00fdm je palubn\u00fd po\u010d\u00edta\u010d, ktor\u00fd zobrazuje mno\u017estvo \u00fadajov o jazde ako je r\u00fdchlos\u0165, inform\u00e1cie o polohe \u010di kal\u00f3ri\u00e1ch. Tie sa po\u010das jazdy zobrazuj\u00fa na riadidl\u00e1ch, aby si jazdec bol v\u017edy vedom\u00fd toho, kde sa pr\u00e1ve nach\u00e1dza a ko\u013eko k\u00faskov pizze si m\u00f4\u017ee da\u0165 ve\u010der bez v\u00fd\u010ditiek svedomia.<\/p>\n<figure id=\"attachment_8951\" aria-describedby=\"caption-attachment-8951\" style=\"width: 600px\" class=\"wp-caption alignnone\"><img loading=\"lazy\" decoding=\"async\" class=\"size-full wp-image-8951\" src=\"https:\/\/d2p6e6u75xmxt8.cloudfront.net\/4\/2019\/12\/furious-sports-bike_by-nenad-kostadinov_1.jpg\" alt=\"\" width=\"600\" height=\"554\" \/><figcaption id=\"caption-attachment-8951\" class=\"wp-caption-text\">The Furious Sports Bike Concept<\/figcaption><\/figure>\n<p>Koncept <strong>inteligentn\u00fdch bicyklov Chrisa Boardmana<\/strong> m\u00f4\u017ee by\u0165 jasn\u00fdm pr\u00edkladom toho, ak\u00e9 zmeny m\u00f4\u017eeme o\u010dak\u00e1va\u0165 v bud\u00facnosti. Britsk\u00fd olympijsk\u00fd zlat\u00fd medailista a v\u00ed\u0165az etapy Tour de France navrhol <strong>bicykel so z\u00e1lo\u017en\u00fdm sol\u00e1rnym motorom<\/strong>, cyklopo\u010d\u00edta\u010dom, bezpe\u010dnostn\u00fdm skenerom na odtla\u010dky prstov a kolesami bez \u0161picov. \u00c1no, tie\u017e vyzer\u00e1 skvele. Skuto\u010dnos\u0165, \u017ee je v s\u00fa\u010dasnosti k dispoz\u00edcii iba ako n\u00e1vrh nazna\u010duje, \u017ee m\u00f4\u017ee trva\u0165 roky, k\u00fdm tento bicykel uvid\u00edme na uliciach. <strong>Ale p\u00ed\u0161eme o bud\u00facnosti, v\u0161ak?<\/strong><\/p>\n<figure id=\"attachment_8952\" aria-describedby=\"caption-attachment-8952\" style=\"width: 600px\" class=\"wp-caption alignnone\"><img loading=\"lazy\" decoding=\"async\" class=\"size-full wp-image-8952\" src=\"https:\/\/d2p6e6u75xmxt8.cloudfront.net\/4\/2019\/12\/intelligent-bike-concept-chris-boardman.jpg\" alt=\"\" width=\"600\" height=\"404\" \/><figcaption id=\"caption-attachment-8952\" class=\"wp-caption-text\">Chris Boardman\u2019s Intelligent Bike Concept<\/figcaption><\/figure>\n<p>Koncept <strong>Wire Bike<\/strong> od spolo\u010dnosti Ionit Predescu je \u010fal\u0161\u00edm dizajnom, ktor\u00fd <strong>zni\u017euje hmotnos\u0165 a zvy\u0161uje r\u00fdchlos\u0165<\/strong>. Rob\u00ed tak pomocou syst\u00e9mu zavesenia r\u00e1mu namiesto tradi\u010dn\u00e9ho sp\u00f4sobu. Rovnako ako visut\u00fd most, tak aj tu tento syst\u00e9m pom\u00e1ha udr\u017eiava\u0165 tvar a stabilitu kon\u0161trukcie. Pevn\u00e9 \u010dasti bicykla bud\u00fa vyroben\u00e9 z uhl\u00edkov\u00fdch vl\u00e1kien a k\u00e1ble s\u00fa z \u013eahk\u00e9ho kevlaru.<\/p>\n<figure id=\"attachment_8953\" aria-describedby=\"caption-attachment-8953\" style=\"width: 600px\" class=\"wp-caption alignnone\"><img loading=\"lazy\" decoding=\"async\" class=\"size-full wp-image-8953\" src=\"https:\/\/d2p6e6u75xmxt8.cloudfront.net\/4\/2019\/12\/wire-bike-concept_ionut-predescu_1.jpg\" alt=\"\" width=\"600\" height=\"450\" \/><figcaption id=\"caption-attachment-8953\" class=\"wp-caption-text\">The Wire Bike Concept<\/figcaption><\/figure>\n<p><strong>Mando Footloose<\/strong> je skladac\u00ed mestsk\u00fd bicykel bez re\u0165aze, ktor\u00fd vyu\u017e\u00edva najmodernej\u0161ie rie\u0161enia z automobilov\u00e9ho priemyslu, aby sa jazda v meste stala bezpe\u010dnou a efekt\u00edvnou. Tento mal\u00fd stroj <strong>vytv\u00e1ra silu prostredn\u00edctvom \u0161liapania do ped\u00e1lov<\/strong>. Energia sa potom uklad\u00e1 do l\u00edtiovej bat\u00e9rie, ktor\u00e1 poh\u00e1\u0148a mal\u00fd motor. Bicykel je plne automatizovan\u00fd a dokonca automaticky detekuje prev\u00fd\u0161enie na radenie prevodov\u00fdch stup\u0148ov.<\/p>\n<figure id=\"attachment_8954\" aria-describedby=\"caption-attachment-8954\" style=\"width: 728px\" class=\"wp-caption alignnone\"><img loading=\"lazy\" decoding=\"async\" class=\"size-full wp-image-8954\" src=\"https:\/\/d2p6e6u75xmxt8.cloudfront.net\/4\/2019\/12\/mando-2.jpg\" alt=\"\" width=\"728\" height=\"488\" \/><figcaption id=\"caption-attachment-8954\" class=\"wp-caption-text\">The Mando Footloose<\/figcaption><\/figure>\n<div class=\"shortcode-ys-post-pinup\"><article class=\"loop-simple post-7391 post type-post status-publish format-standard has-post-thumbnail hentry category-zabava tag-bicykel tag-guinessova-kniha-rekordov tag-nezvycajny-bicykel tag-specificky-bicykel tag-stary-bicykel tag-vlastna-vyroba tag-vytvor tag-zabava tag-zvlastnost\" data-postid=\"7391\" role=\"article\" data-post-id=\"7391\" data-word-count=\"370\" data-headline-length=\"50\" data-category=\"Z\u00e1bava\" data-author=\"Siegfried Mortkowitz\" data-published=\"2019-09-09T10:00:37+02:00\" data-published-day=\"Monday\">\n    <div class=\"entry-thumbnail article-thumbnail\" content=\"https:\/\/d2p6e6u75xmxt8.cloudfront.net\/4\/2019\/06\/WeirdBikesCVR-150x150.webp\"><a href=\"https:\/\/www.welovecycling.com\/sk\/2019\/09\/09\/najcudnejsie-bicykle-na-ake-mozete-natrafit\/\" class=\"image-holder\" target=\"_self\"><img decoding=\"async\" loading=\"lazy\" class=\"\" src=\"https:\/\/d2p6e6u75xmxt8.cloudfront.net\/4\/2019\/06\/WeirdBikesCVR-1024x450.webp\" srcset=\"https:\/\/d2p6e6u75xmxt8.cloudfront.net\/4\/2019\/06\/WeirdBikesCVR.webp 1366w, https:\/\/d2p6e6u75xmxt8.cloudfront.net\/4\/2019\/06\/WeirdBikesCVR-300x132.webp 300w, https:\/\/d2p6e6u75xmxt8.cloudfront.net\/4\/2019\/06\/WeirdBikesCVR-1024x450.webp 1024w, https:\/\/d2p6e6u75xmxt8.cloudfront.net\/4\/2019\/06\/WeirdBikesCVR-768x337.webp 768w\" width=\"1024\" height=\"450\" sizes=\"auto, (min-width: 1200px) 456px, (min-width: 768px) 38vw, 100vw\" alt=\"najcudnejsie-bicykle-na-ake-mozete-natrafit\"\/><\/a><\/div>    <div class=\"entry-meta\">\n        <a class=\"label label-secondary post-category\" href=\"https:\/\/www.welovecycling.com\/sk\/category\/zabava\/\" title=\"Z\u00e1bava\">Z\u00e1bava<\/a>\n    <\/div>\n    <div class=\"entry-details\">\n        <a href=\"https:\/\/www.welovecycling.com\/sk\/2019\/09\/09\/najcudnejsie-bicykle-na-ake-mozete-natrafit\/\" class='entry-title-wrapper'>\n            <h3 class=\"entry-title\"><span>Naj\u010dudnej\u0161ie bicykle, na ak\u00e9 m\u00f4\u017eete natrafi\u0165<\/span><\/h3>\n        <\/a>\n    <\/div>\n    <\/article>\n<\/div>\n<p>Koncept <strong>Eco 07 Bike od Victora Alemana<\/strong> je prototyp, ktor\u00fd je navrhnut\u00fd tak, aby sa dal rozobra\u0165 a ulo\u017ei\u0165 do malej aktovky. Vyzer\u00e1 tie\u017e dobre. Bohu\u017eia\u013e, s\u00fa\u010dasn\u00fd dizajn nie je ur\u010den\u00fd na to, aby sa dal rozobera\u0165 ka\u017ed\u00fd de\u0148. Je to mo\u017en\u00e9 iba vtedy, ke\u010f ho nebudete nejak\u00fd \u010das pou\u017e\u00edva\u0165. Tento probl\u00e9m v\u0161ak ur\u010dite niekto vyrie\u0161i. Ak o tom teraz tak prem\u00fd\u0161\u013eate, budete m\u00f4c\u0165 jazdi\u0165 na bicykli do pr\u00e1ce, do re\u0161taur\u00e1cie alebo domov, a pritom <strong>odlo\u017e\u00edte bicykel do \u0161peci\u00e1lne navrhnut\u00e9ho batohu a vezmete si ho so sebou<\/strong>. \u017diadne \u010fal\u0161ie probl\u00e9my so zamykan\u00edm bicykla, \u017eiadne \u010fal\u0161ie tla\u010denie bicykla do v\u00fd\u0165ahu alebo jeho pren\u00e1\u0161anie po schodoch. A ak sa chyst\u00e1te na nejak\u00fd vysokohorsk\u00fd v\u00fdjazd a pr\u00eddete do nepriechodn\u00e9ho ter\u00e9nu, tak v\u00e1m sta\u010d\u00ed svoj bicykel posklada\u0165 do batohu a \u00eds\u0165 \u010falej pe\u0161o.<\/p>\n<figure id=\"attachment_8955\" aria-describedby=\"caption-attachment-8955\" style=\"width: 600px\" class=\"wp-caption alignnone\"><img loading=\"lazy\" decoding=\"async\" class=\"wp-image-8955 size-full\" src=\"https:\/\/d2p6e6u75xmxt8.cloudfront.net\/4\/2019\/12\/eco-07-bike-concept_victor-aleman_1.jpg\" alt=\"\" width=\"600\" height=\"312\" \/><figcaption id=\"caption-attachment-8955\" class=\"wp-caption-text\">The Eco 07 Bike Concept<\/figcaption><\/figure>\n","protected":false},"excerpt":{"rendered":"<p>V mnoh\u00fdch aspektoch u\u017e \u017eijeme v bud\u00facnosti. Digit\u00e1lna revol\u00facia, ktor\u00e1 transformovala na\u0161e \u017eivoty, sa v\u0161ak e\u0161te len za\u010d\u00edna rozbieha\u0165. Kto [&hellip;]<\/p>\n","protected":false},"author":172,"featured_media":8957,"comment_status":"open","ping_status":"open","sticky":false,"template":"","format":"standard","meta":{"footnotes":""},"categories":[118],"tags":[662,619,1182,115,1174,180,613,596,1094,796,318,183],"global-categories":[],"class_list":["post-8949","post","type-post","status-publish","format-standard","has-post-thumbnail","hentry","category-zabava","tag-batoh","tag-bicyklovanie","tag-biker","tag-cestna-cyklistika","tag-hmotnost","tag-horska-cyklistika","tag-kolesa","tag-mestsky-bicykel","tag-pedalovanie","tag-rychlost","tag-vyjazd","tag-zabava"],"yoast_head":"<!-- This site is optimized with the Yoast SEO Premium plugin v25.3 (Yoast SEO v25.9) - https:\/\/yoast.com\/wordpress\/plugins\/seo\/ -->\n<title>Bicykle bud\u00facnosti: Na \u010dom budeme jazdi\u0165 o p\u00e1r rokov?<\/title>\n<meta name=\"description\" content=\"V mnoh\u00fdch aspektoch u\u017e \u017eijeme v bud\u00facnosti. Digit\u00e1lna revol\u00facia, ktor\u00e1 transformovala na\u0161e \u017eivoty, sa v\u0161ak e\u0161te len za\u010d\u00edna rozbieha\u0165.\" \/>\n<meta name=\"robots\" content=\"index, follow, max-snippet:-1, max-image-preview:large, max-video-preview:-1\" \/>\n<link rel=\"canonical\" href=\"https:\/\/www.welovecycling.com\/sk\/2019\/12\/23\/bicykle-buducnosti-na-com-budeme-jazdit-o-par-rokov\/\" \/>\n<meta property=\"og:locale\" content=\"sk_SK\" \/>\n<meta property=\"og:type\" content=\"article\" \/>\n<meta property=\"og:title\" content=\"Bicykle bud\u00facnosti: Na \u010dom budeme jazdi\u0165 o p\u00e1r rokov?\" \/>\n<meta property=\"og:description\" content=\"V mnoh\u00fdch aspektoch u\u017e \u017eijeme v bud\u00facnosti. Digit\u00e1lna revol\u00facia, ktor\u00e1 transformovala na\u0161e \u017eivoty, sa v\u0161ak e\u0161te len za\u010d\u00edna rozbieha\u0165.\" \/>\n<meta property=\"og:url\" content=\"https:\/\/www.welovecycling.com\/sk\/2019\/12\/23\/bicykle-buducnosti-na-com-budeme-jazdit-o-par-rokov\/\" \/>\n<meta property=\"og:site_name\" content=\"\u0160koda We Love Cycling Slovensko\" \/>\n<meta property=\"article:published_time\" content=\"2019-12-23T09:04:07+00:00\" \/>\n<meta property=\"article:modified_time\" content=\"2023-04-24T09:53:35+00:00\" \/>\n<meta property=\"og:image\" content=\"https:\/\/d2p6e6u75xmxt8.cloudfront.net\/4\/2019\/12\/Futuristic-Bicycles-CVR.webp\" \/>\n\t<meta property=\"og:image:width\" content=\"1366\" \/>\n\t<meta property=\"og:image:height\" content=\"600\" \/>\n\t<meta property=\"og:image:type\" content=\"image\/webp\" \/>\n<meta name=\"author\" content=\"dominika\" \/>\n<meta name=\"twitter:card\" content=\"summary_large_image\" \/>\n<meta name=\"twitter:label1\" content=\"Written by\" \/>\n\t<meta name=\"twitter:data1\" content=\"Siegfried Mortkowitz\" \/>\n\t<meta name=\"twitter:label2\" content=\"Est. reading time\" \/>\n\t<meta name=\"twitter:data2\" content=\"5\" \/>\n<script type=\"application\/ld+json\" class=\"yoast-schema-graph\">{\"@context\":\"https:\/\/schema.org\",\"@graph\":[{\"@type\":\"WebPage\",\"@id\":\"https:\/\/www.welovecycling.com\/sk\/2019\/12\/23\/bicykle-buducnosti-na-com-budeme-jazdit-o-par-rokov\/\",\"url\":\"https:\/\/www.welovecycling.com\/sk\/2019\/12\/23\/bicykle-buducnosti-na-com-budeme-jazdit-o-par-rokov\/\",\"name\":\"Bicykle bud\u00facnosti: Na \u010dom budeme jazdi\u0165 o p\u00e1r rokov?\",\"isPartOf\":{\"@id\":\"https:\/\/www.welovecycling.com\/sk\/#website\"},\"primaryImageOfPage\":{\"@id\":\"https:\/\/www.welovecycling.com\/sk\/2019\/12\/23\/bicykle-buducnosti-na-com-budeme-jazdit-o-par-rokov\/#primaryimage\"},\"image\":{\"@id\":\"https:\/\/www.welovecycling.com\/sk\/2019\/12\/23\/bicykle-buducnosti-na-com-budeme-jazdit-o-par-rokov\/#primaryimage\"},\"thumbnailUrl\":\"https:\/\/d2p6e6u75xmxt8.cloudfront.net\/4\/2019\/12\/Futuristic-Bicycles-CVR.webp\",\"datePublished\":\"2019-12-23T09:04:07+00:00\",\"dateModified\":\"2023-04-24T09:53:35+00:00\",\"author\":{\"@id\":\"https:\/\/www.welovecycling.com\/sk\/#\/schema\/person\/533b62b98b6c41bd5135ebfb1f742624\"},\"description\":\"V mnoh\u00fdch aspektoch u\u017e \u017eijeme v bud\u00facnosti. Digit\u00e1lna revol\u00facia, ktor\u00e1 transformovala na\u0161e \u017eivoty, sa v\u0161ak e\u0161te len za\u010d\u00edna rozbieha\u0165.\",\"breadcrumb\":{\"@id\":\"https:\/\/www.welovecycling.com\/sk\/2019\/12\/23\/bicykle-buducnosti-na-com-budeme-jazdit-o-par-rokov\/#breadcrumb\"},\"inLanguage\":\"sk-SK\",\"potentialAction\":[{\"@type\":\"ReadAction\",\"target\":[\"https:\/\/www.welovecycling.com\/sk\/2019\/12\/23\/bicykle-buducnosti-na-com-budeme-jazdit-o-par-rokov\/\"]}]},{\"@type\":\"ImageObject\",\"inLanguage\":\"sk-SK\",\"@id\":\"https:\/\/www.welovecycling.com\/sk\/2019\/12\/23\/bicykle-buducnosti-na-com-budeme-jazdit-o-par-rokov\/#primaryimage\",\"url\":\"https:\/\/d2p6e6u75xmxt8.cloudfront.net\/4\/2019\/12\/Futuristic-Bicycles-CVR.webp\",\"contentUrl\":\"https:\/\/d2p6e6u75xmxt8.cloudfront.net\/4\/2019\/12\/Futuristic-Bicycles-CVR.webp\",\"width\":1366,\"height\":600},{\"@type\":\"BreadcrumbList\",\"@id\":\"https:\/\/www.welovecycling.com\/sk\/2019\/12\/23\/bicykle-buducnosti-na-com-budeme-jazdit-o-par-rokov\/#breadcrumb\",\"itemListElement\":[{\"@type\":\"ListItem\",\"position\":1,\"name\":\"Home\",\"item\":\"https:\/\/www.welovecycling.com\/sk\/\"},{\"@type\":\"ListItem\",\"position\":2,\"name\":\"Bicykle bud\u00facnosti: Na \u010dom budeme jazdi\u0165 o p\u00e1r rokov?\"}]},{\"@type\":\"WebSite\",\"@id\":\"https:\/\/www.welovecycling.com\/sk\/#website\",\"url\":\"https:\/\/www.welovecycling.com\/sk\/\",\"name\":\"\u0160koda We Love Cycling Slovensko\",\"description\":\"\u0160koda We Love Cycling Slovensko je v\u00e1\u0161 ka\u017edodenn\u00fd zdroj noviniek a in\u0161pir\u00e1cie z sveta cyklistiky\",\"potentialAction\":[{\"@type\":\"SearchAction\",\"target\":{\"@type\":\"EntryPoint\",\"urlTemplate\":\"https:\/\/www.welovecycling.com\/sk\/?s={search_term_string}\"},\"query-input\":{\"@type\":\"PropertyValueSpecification\",\"valueRequired\":true,\"valueName\":\"search_term_string\"}}],\"inLanguage\":\"sk-SK\"},{\"@type\":\"Person\",\"@id\":\"https:\/\/www.welovecycling.com\/sk\/#\/schema\/person\/533b62b98b6c41bd5135ebfb1f742624\",\"name\":\"dominika\",\"image\":{\"@type\":\"ImageObject\",\"inLanguage\":\"sk-SK\",\"@id\":\"https:\/\/www.welovecycling.com\/sk\/#\/schema\/person\/image\/\",\"url\":\"https:\/\/secure.gravatar.com\/avatar\/ded6f274ba2ec3e17fff153f7d9d96a4b33c2cb63907f75d9a5309c599a7f3e6?s=96&d=mm&r=g\",\"contentUrl\":\"https:\/\/secure.gravatar.com\/avatar\/ded6f274ba2ec3e17fff153f7d9d96a4b33c2cb63907f75d9a5309c599a7f3e6?s=96&d=mm&r=g\",\"caption\":\"dominika\"},\"url\":\"https:\/\/www.welovecycling.com\/sk\/author\/dominika\/\"}]}<\/script>\n<!-- \/ Yoast SEO Premium plugin. -->","yoast_head_json":{"title":"Bicykle bud\u00facnosti: Na \u010dom budeme jazdi\u0165 o p\u00e1r rokov?","description":"V mnoh\u00fdch aspektoch u\u017e \u017eijeme v bud\u00facnosti. Digit\u00e1lna revol\u00facia, ktor\u00e1 transformovala na\u0161e \u017eivoty, sa v\u0161ak e\u0161te len za\u010d\u00edna rozbieha\u0165.","robots":{"index":"index","follow":"follow","max-snippet":"max-snippet:-1","max-image-preview":"max-image-preview:large","max-video-preview":"max-video-preview:-1"},"canonical":"https:\/\/www.welovecycling.com\/sk\/2019\/12\/23\/bicykle-buducnosti-na-com-budeme-jazdit-o-par-rokov\/","og_locale":"sk_SK","og_type":"article","og_title":"Bicykle bud\u00facnosti: Na \u010dom budeme jazdi\u0165 o p\u00e1r rokov?","og_description":"V mnoh\u00fdch aspektoch u\u017e \u017eijeme v bud\u00facnosti. Digit\u00e1lna revol\u00facia, ktor\u00e1 transformovala na\u0161e \u017eivoty, sa v\u0161ak e\u0161te len za\u010d\u00edna rozbieha\u0165.","og_url":"https:\/\/www.welovecycling.com\/sk\/2019\/12\/23\/bicykle-buducnosti-na-com-budeme-jazdit-o-par-rokov\/","og_site_name":"\u0160koda We Love Cycling Slovensko","article_published_time":"2019-12-23T09:04:07+00:00","article_modified_time":"2023-04-24T09:53:35+00:00","og_image":[{"width":1366,"height":600,"url":"https:\/\/d2p6e6u75xmxt8.cloudfront.net\/4\/2019\/12\/Futuristic-Bicycles-CVR.webp","type":"image\/webp"}],"author":"dominika","twitter_card":"summary_large_image","twitter_misc":{"Written by":"Siegfried Mortkowitz","Est. reading time":"5"},"schema":{"@context":"https:\/\/schema.org","@graph":[{"@type":"WebPage","@id":"https:\/\/www.welovecycling.com\/sk\/2019\/12\/23\/bicykle-buducnosti-na-com-budeme-jazdit-o-par-rokov\/","url":"https:\/\/www.welovecycling.com\/sk\/2019\/12\/23\/bicykle-buducnosti-na-com-budeme-jazdit-o-par-rokov\/","name":"Bicykle bud\u00facnosti: Na \u010dom budeme jazdi\u0165 o p\u00e1r rokov?","isPartOf":{"@id":"https:\/\/www.welovecycling.com\/sk\/#website"},"primaryImageOfPage":{"@id":"https:\/\/www.welovecycling.com\/sk\/2019\/12\/23\/bicykle-buducnosti-na-com-budeme-jazdit-o-par-rokov\/#primaryimage"},"image":{"@id":"https:\/\/www.welovecycling.com\/sk\/2019\/12\/23\/bicykle-buducnosti-na-com-budeme-jazdit-o-par-rokov\/#primaryimage"},"thumbnailUrl":"https:\/\/d2p6e6u75xmxt8.cloudfront.net\/4\/2019\/12\/Futuristic-Bicycles-CVR.webp","datePublished":"2019-12-23T09:04:07+00:00","dateModified":"2023-04-24T09:53:35+00:00","author":{"@id":"https:\/\/www.welovecycling.com\/sk\/#\/schema\/person\/533b62b98b6c41bd5135ebfb1f742624"},"description":"V mnoh\u00fdch aspektoch u\u017e \u017eijeme v bud\u00facnosti. Digit\u00e1lna revol\u00facia, ktor\u00e1 transformovala na\u0161e \u017eivoty, sa v\u0161ak e\u0161te len za\u010d\u00edna rozbieha\u0165.","breadcrumb":{"@id":"https:\/\/www.welovecycling.com\/sk\/2019\/12\/23\/bicykle-buducnosti-na-com-budeme-jazdit-o-par-rokov\/#breadcrumb"},"inLanguage":"sk-SK","potentialAction":[{"@type":"ReadAction","target":["https:\/\/www.welovecycling.com\/sk\/2019\/12\/23\/bicykle-buducnosti-na-com-budeme-jazdit-o-par-rokov\/"]}]},{"@type":"ImageObject","inLanguage":"sk-SK","@id":"https:\/\/www.welovecycling.com\/sk\/2019\/12\/23\/bicykle-buducnosti-na-com-budeme-jazdit-o-par-rokov\/#primaryimage","url":"https:\/\/d2p6e6u75xmxt8.cloudfront.net\/4\/2019\/12\/Futuristic-Bicycles-CVR.webp","contentUrl":"https:\/\/d2p6e6u75xmxt8.cloudfront.net\/4\/2019\/12\/Futuristic-Bicycles-CVR.webp","width":1366,"height":600},{"@type":"BreadcrumbList","@id":"https:\/\/www.welovecycling.com\/sk\/2019\/12\/23\/bicykle-buducnosti-na-com-budeme-jazdit-o-par-rokov\/#breadcrumb","itemListElement":[{"@type":"ListItem","position":1,"name":"Home","item":"https:\/\/www.welovecycling.com\/sk\/"},{"@type":"ListItem","position":2,"name":"Bicykle bud\u00facnosti: Na \u010dom budeme jazdi\u0165 o p\u00e1r rokov?"}]},{"@type":"WebSite","@id":"https:\/\/www.welovecycling.com\/sk\/#website","url":"https:\/\/www.welovecycling.com\/sk\/","name":"\u0160koda We Love Cycling Slovensko","description":"\u0160koda We Love Cycling Slovensko je v\u00e1\u0161 ka\u017edodenn\u00fd zdroj noviniek a in\u0161pir\u00e1cie z sveta cyklistiky","potentialAction":[{"@type":"SearchAction","target":{"@type":"EntryPoint","urlTemplate":"https:\/\/www.welovecycling.com\/sk\/?s={search_term_string}"},"query-input":{"@type":"PropertyValueSpecification","valueRequired":true,"valueName":"search_term_string"}}],"inLanguage":"sk-SK"},{"@type":"Person","@id":"https:\/\/www.welovecycling.com\/sk\/#\/schema\/person\/533b62b98b6c41bd5135ebfb1f742624","name":"dominika","image":{"@type":"ImageObject","inLanguage":"sk-SK","@id":"https:\/\/www.welovecycling.com\/sk\/#\/schema\/person\/image\/","url":"https:\/\/secure.gravatar.com\/avatar\/ded6f274ba2ec3e17fff153f7d9d96a4b33c2cb63907f75d9a5309c599a7f3e6?s=96&d=mm&r=g","contentUrl":"https:\/\/secure.gravatar.com\/avatar\/ded6f274ba2ec3e17fff153f7d9d96a4b33c2cb63907f75d9a5309c599a7f3e6?s=96&d=mm&r=g","caption":"dominika"},"url":"https:\/\/www.welovecycling.com\/sk\/author\/dominika\/"}]}},"_links":{"self":[{"href":"https:\/\/www.welovecycling.com\/sk\/wp-json\/wp\/v2\/posts\/8949","targetHints":{"allow":["GET"]}}],"collection":[{"href":"https:\/\/www.welovecycling.com\/sk\/wp-json\/wp\/v2\/posts"}],"about":[{"href":"https:\/\/www.welovecycling.com\/sk\/wp-json\/wp\/v2\/types\/post"}],"author":[{"embeddable":true,"href":"https:\/\/www.welovecycling.com\/sk\/wp-json\/wp\/v2\/users\/172"}],"replies":[{"embeddable":true,"href":"https:\/\/www.welovecycling.com\/sk\/wp-json\/wp\/v2\/comments?post=8949"}],"version-history":[{"count":2,"href":"https:\/\/www.welovecycling.com\/sk\/wp-json\/wp\/v2\/posts\/8949\/revisions"}],"predecessor-version":[{"id":17226,"href":"https:\/\/www.welovecycling.com\/sk\/wp-json\/wp\/v2\/posts\/8949\/revisions\/17226"}],"wp:featuredmedia":[{"embeddable":true,"href":"https:\/\/www.welovecycling.com\/sk\/wp-json\/wp\/v2\/media\/8957"}],"wp:attachment":[{"href":"https:\/\/www.welovecycling.com\/sk\/wp-json\/wp\/v2\/media?parent=8949"}],"wp:term":[{"taxonomy":"category","embeddable":true,"href":"https:\/\/www.welovecycling.com\/sk\/wp-json\/wp\/v2\/categories?post=8949"},{"taxonomy":"post_tag","embeddable":true,"href":"https:\/\/www.welovecycling.com\/sk\/wp-json\/wp\/v2\/tags?post=8949"},{"taxonomy":"global-categories","embeddable":true,"href":"https:\/\/www.welovecycling.com\/sk\/wp-json\/wp\/v2\/global-categories?post=8949"}],"curies":[{"name":"wp","href":"https:\/\/api.w.org\/{rel}","templated":true}]}}