{"id":8934,"date":"2019-12-11T10:52:14","date_gmt":"2019-12-11T09:52:14","guid":{"rendered":"https:\/\/www.welovecycling.com\/sk\/?p=8934"},"modified":"2019-12-09T12:52:30","modified_gmt":"2019-12-09T11:52:30","slug":"po-tme-by-jazdil-len-blazon","status":"publish","type":"post","link":"https:\/\/www.welovecycling.com\/sk\/2019\/12\/11\/po-tme-by-jazdil-len-blazon\/","title":{"rendered":"Po tme by jazdil len bl\u00e1zon"},"content":{"rendered":"<p><strong>Po\u010das minul\u00fdch rokov som bol tak\u00fd be\u017en\u00fd cyklista, ktor\u00fd v na\u0161ich zemepisn\u00fdch \u0161\u00edrkach jazd\u00ed hlavne za slne\u010dn\u00fdch letn\u00fdch dn\u00ed a maxim\u00e1lne tak na jese\u0148 v r\u00e1mci babieho leta. Ke\u010f sa v\u0161ak zmen\u00ed letn\u00fd \u010das na zimn\u00fd a stmieva sa akosi sk\u00f4r, zvy\u010dajne to bolo pre m\u0148a sign\u00e1lom, aby som svoj bike umyl a zazimoval. Mal som n\u00e1zor, \u017ee po tme by jazdil len bl\u00e1zon alebo skuto\u010dn\u00fd nad\u0161enec pre cyklistiku.<\/strong><!--more--><\/p>\n<h2><strong>Bl\u00e1zon alebo nad\u0161enec<\/strong><\/h2>\n<p>Len\u017ee tento rok sa zo m\u0148a stal bu\u010f bl\u00e1zon alebo nad\u0161enec, \u0165a\u017eko poveda\u0165. Faktom je, \u017ee som <strong>za\u010dal jazdi\u0165 po tme<\/strong>. Ke\u010f sa \u010dlovek vr\u00e1ti z pr\u00e1ce o piatej ve\u010der, u\u017e sa v\u00fdrazne zmr\u00e1ka a k\u00fdm sa e\u0161te prezle\u010die, zje nie\u010do \u013eahk\u00e9, <strong>je vonku tma ako vo vreci<\/strong>. A do tohto vreca som sa rozhodol vytiahnu\u0165 bicykel. D\u00f4le\u017eit\u00e9 boli pre m\u0148a dve veci &#8211; n\u00e1js\u0165 miesto, kam budem chodi\u0165 jazdi\u0165 a poriadne osvetlenie nielen vpredu ale aj vzadu.<\/p>\n<div id='gallery-1' class='gallery galleryid-8934 gallery-columns-2 gallery-size-full'><figure class='gallery-item'>\n\t\t\t<div class='gallery-icon landscape'>\n\t\t\t\t<a href='https:\/\/d2p6e6u75xmxt8.cloudfront.net\/4\/2019\/12\/jazda_po_tme_01.webp'><img loading=\"lazy\" decoding=\"async\" width=\"1200\" height=\"800\" src=\"https:\/\/d2p6e6u75xmxt8.cloudfront.net\/4\/2019\/12\/jazda_po_tme_01.webp\" class=\"attachment-full size-full\" alt=\"\" srcset=\"https:\/\/d2p6e6u75xmxt8.cloudfront.net\/4\/2019\/12\/jazda_po_tme_01.webp 1200w, https:\/\/d2p6e6u75xmxt8.cloudfront.net\/4\/2019\/12\/jazda_po_tme_01-300x200.webp 300w, https:\/\/d2p6e6u75xmxt8.cloudfront.net\/4\/2019\/12\/jazda_po_tme_01-1024x683.webp 1024w, https:\/\/d2p6e6u75xmxt8.cloudfront.net\/4\/2019\/12\/jazda_po_tme_01-768x512.webp 768w, https:\/\/d2p6e6u75xmxt8.cloudfront.net\/4\/2019\/12\/jazda_po_tme_01-272x182.webp 272w\" sizes=\"auto, (max-width: 1200px) 100vw, 1200px\" \/><\/a>\n\t\t\t<\/div><\/figure><figure class='gallery-item'>\n\t\t\t<div class='gallery-icon landscape'>\n\t\t\t\t<a href='https:\/\/d2p6e6u75xmxt8.cloudfront.net\/4\/2019\/12\/jazda_po_tme_02.webp'><img loading=\"lazy\" decoding=\"async\" width=\"1200\" height=\"800\" src=\"https:\/\/d2p6e6u75xmxt8.cloudfront.net\/4\/2019\/12\/jazda_po_tme_02.webp\" class=\"attachment-full size-full\" alt=\"\" srcset=\"https:\/\/d2p6e6u75xmxt8.cloudfront.net\/4\/2019\/12\/jazda_po_tme_02.webp 1200w, https:\/\/d2p6e6u75xmxt8.cloudfront.net\/4\/2019\/12\/jazda_po_tme_02-300x200.webp 300w, https:\/\/d2p6e6u75xmxt8.cloudfront.net\/4\/2019\/12\/jazda_po_tme_02-1024x683.webp 1024w, https:\/\/d2p6e6u75xmxt8.cloudfront.net\/4\/2019\/12\/jazda_po_tme_02-768x512.webp 768w, https:\/\/d2p6e6u75xmxt8.cloudfront.net\/4\/2019\/12\/jazda_po_tme_02-272x182.webp 272w\" sizes=\"auto, (max-width: 1200px) 100vw, 1200px\" \/><\/a>\n\t\t\t<\/div><\/figure>\n\t\t<\/div>\n\n<h2><strong>Miesto<\/strong><\/h2>\n<p>Najsk\u00f4r som h\u013eadal miesto, a to u\u017e po\u010das letn\u00fdch dn\u00ed, ke\u010f som sa rozhodol, \u017ee tento rok bicykel tak skoro na zimu neodlo\u017e\u00edm. Vo\u013eba padla na K\u00fatovsky okruh, tak sa vol\u00e1 \u010das\u0165 za mestom, kadia\u013e cesta vedie <strong>pomedzi polia a vytv\u00e1ra okruh dlh\u00fd 6 km<\/strong>. Ke\u010f si ho d\u00e1m 3x a prir\u00e1tam k tomu cestu tam a nasp\u00e4\u0165 domov, m\u00e1m okolo 25 km. To na za\u010diatok sta\u010d\u00ed, ke\u010f\u017ee mus\u00edm <strong>zoh\u013eadni\u0165 aj chladn\u00e9 a sychrav\u00e9 dni<\/strong> a predsa len neviem, ako na t\u00fato zmenu zareaguje moje telo v teplot\u00e1ch p\u00e1r stup\u0148ov nad nulou.<\/p>\n<p><a href=\"https:\/\/d2p6e6u75xmxt8.cloudfront.net\/4\/2019\/12\/jazda_po_tme_03.jpg\"><img loading=\"lazy\" decoding=\"async\" src=\"https:\/\/d2p6e6u75xmxt8.cloudfront.net\/4\/2019\/12\/jazda_po_tme_03.jpg\" alt=\"\" width=\"1200\" height=\"800\" class=\"alignnone size-full wp-image-8938\" \/><\/a><\/p>\n<div class=\"shortcode-ys-post-pinup\"><article class=\"loop-simple post-8551 post type-post status-publish format-standard has-post-thumbnail hentry category-bezpecnost tag-bateria tag-bezpecnost tag-cesta tag-cestna-cyklistika tag-cestny-bicykel tag-horska-cyklistika tag-horsky-bicykel tag-intenzita tag-jazdenie tag-noc tag-svetlo tag-tma tag-trening tag-vydrz tag-vyjazd global-categories-cycling\" data-postid=\"8551\" role=\"article\" data-post-id=\"8551\" data-word-count=\"452\" data-headline-length=\"46\" data-category=\"Bezpe\u010dnos\u0165\" data-global-category=\"Cycling\" data-published=\"2019-11-06T16:34:52+01:00\" data-published-day=\"Wednesday\">\n    <div class=\"entry-thumbnail article-thumbnail\" content=\"https:\/\/d2p6e6u75xmxt8.cloudfront.net\/4\/2019\/11\/svetla_titulka-1-150x150.webp\"><a href=\"https:\/\/www.welovecycling.com\/sk\/2019\/11\/06\/vyber-osvetlenia-na-co-si-dat-pozor\/\" class=\"image-holder\" target=\"_self\"><img decoding=\"async\" loading=\"lazy\" class=\"\" src=\"https:\/\/d2p6e6u75xmxt8.cloudfront.net\/4\/2019\/11\/svetla_titulka-1-1024x445.webp\" srcset=\"https:\/\/d2p6e6u75xmxt8.cloudfront.net\/4\/2019\/11\/svetla_titulka-1.webp 1380w, https:\/\/d2p6e6u75xmxt8.cloudfront.net\/4\/2019\/11\/svetla_titulka-1-300x130.webp 300w, https:\/\/d2p6e6u75xmxt8.cloudfront.net\/4\/2019\/11\/svetla_titulka-1-1024x445.webp 1024w, https:\/\/d2p6e6u75xmxt8.cloudfront.net\/4\/2019\/11\/svetla_titulka-1-768x334.webp 768w\" width=\"1024\" height=\"445\" sizes=\"auto, (min-width: 1200px) 460px, (min-width: 768px) 38vw, 100vw\" alt=\"vyber-osvetlenia-na-co-si-dat-pozor\"\/><\/a><\/div>    <div class=\"entry-meta\">\n        <a class=\"label label-secondary post-category\" href=\"https:\/\/www.welovecycling.com\/sk\/category\/bezpecnost\/\" title=\"Bezpe\u010dnos\u0165\">Bezpe\u010dnos\u0165<\/a>\n    <\/div>\n    <div class=\"entry-details\">\n        <a href=\"https:\/\/www.welovecycling.com\/sk\/2019\/11\/06\/vyber-osvetlenia-na-co-si-dat-pozor\/\" class='entry-title-wrapper'>\n            <h3 class=\"entry-title\"><span>V\u00fdber osvetlenia &#8211; na \u010do si da\u0165 pozor<\/span><\/h3>\n        <\/a>\n    <\/div>\n    <\/article>\n<\/div>\n<h2><strong>Osvetlenie<\/strong><\/h2>\n<p>Druh\u00fdm d\u00f4vodom, pre\u010do som si nezvolil svoje ob\u013e\u00faben\u00e9 traily cez lesy v okol\u00ed bol ten, \u017ee som predsa len chcel <strong>minimalizova\u0165 ne\u010dakan\u00e9 stretnutia so zverou<\/strong>. Aj ke\u010f je pravda, \u017ee aj ved\u013ea pol\u00ed mi pravidelne cez cestu prebiehaj\u00fa srnky, l\u00ed\u0161ka \u010di zajac. Preto je d\u00f4le\u017eit\u00e9 ma\u0165 <strong>kvalitn\u00e9 a siln\u00e9 predn\u00e9 osvetlenie<\/strong>. Ja som zvolil svetlo na riadidl\u00e1 a\u00a0\u010delovku, ka\u017ed\u00e9 svetlo s v\u00fdkonom pribli\u017ene <strong>400&nbsp;lumenov<\/strong>. Mysl\u00edm, \u017ee toto je tak\u00e9 minimum, ale bez probl\u00e9mov by som vyu\u017eil aj v\u00fdkonnej\u0161ie osvetlenie, ktor\u00e9 je dostupn\u00e9 na trhu. Svetlo na riadidl\u00e1ch mi osvet\u013euje cestu pred sebou a \u010delovka je dobr\u00e1, ke\u010f sa rozhliadam do str\u00e1n, aby som sa nezrazil so spom\u00ednan\u00fdm zajacom alebo nie\u010d\u00edm v\u00e4\u010d\u0161\u00edm. Ono aj tak\u00fd <strong>zajac vie sp\u00f4sobi\u0165 ve\u013emi nepr\u00edjemn\u00fa kol\u00edziu<\/strong>, ke\u010f v\u00e1m vbehne do v\u00fdpletu predn\u00e9ho kolesa.<\/p>\n<div id='gallery-2' class='gallery galleryid-8551 gallery-columns-2 gallery-size-full'><figure class='gallery-item'>\n\t\t\t<div class='gallery-icon landscape'>\n\t\t\t\t<a href='https:\/\/d2p6e6u75xmxt8.cloudfront.net\/4\/2019\/12\/jazda_po_tme_04.webp'><img loading=\"lazy\" decoding=\"async\" width=\"1200\" height=\"800\" src=\"https:\/\/d2p6e6u75xmxt8.cloudfront.net\/4\/2019\/12\/jazda_po_tme_04.webp\" class=\"attachment-full size-full\" alt=\"\" srcset=\"https:\/\/d2p6e6u75xmxt8.cloudfront.net\/4\/2019\/12\/jazda_po_tme_04.webp 1200w, https:\/\/d2p6e6u75xmxt8.cloudfront.net\/4\/2019\/12\/jazda_po_tme_04-300x200.webp 300w, https:\/\/d2p6e6u75xmxt8.cloudfront.net\/4\/2019\/12\/jazda_po_tme_04-1024x683.webp 1024w, https:\/\/d2p6e6u75xmxt8.cloudfront.net\/4\/2019\/12\/jazda_po_tme_04-768x512.webp 768w, https:\/\/d2p6e6u75xmxt8.cloudfront.net\/4\/2019\/12\/jazda_po_tme_04-272x182.webp 272w\" sizes=\"auto, (max-width: 1200px) 100vw, 1200px\" \/><\/a>\n\t\t\t<\/div><\/figure><figure class='gallery-item'>\n\t\t\t<div class='gallery-icon landscape'>\n\t\t\t\t<a href='https:\/\/d2p6e6u75xmxt8.cloudfront.net\/4\/2019\/12\/jazda_po_tme_05.webp'><img loading=\"lazy\" decoding=\"async\" width=\"1200\" height=\"800\" src=\"https:\/\/d2p6e6u75xmxt8.cloudfront.net\/4\/2019\/12\/jazda_po_tme_05.webp\" class=\"attachment-full size-full\" alt=\"\" srcset=\"https:\/\/d2p6e6u75xmxt8.cloudfront.net\/4\/2019\/12\/jazda_po_tme_05.webp 1200w, https:\/\/d2p6e6u75xmxt8.cloudfront.net\/4\/2019\/12\/jazda_po_tme_05-300x200.webp 300w, https:\/\/d2p6e6u75xmxt8.cloudfront.net\/4\/2019\/12\/jazda_po_tme_05-1024x683.webp 1024w, https:\/\/d2p6e6u75xmxt8.cloudfront.net\/4\/2019\/12\/jazda_po_tme_05-768x512.webp 768w, https:\/\/d2p6e6u75xmxt8.cloudfront.net\/4\/2019\/12\/jazda_po_tme_05-272x182.webp 272w\" sizes=\"auto, (max-width: 1200px) 100vw, 1200px\" \/><\/a>\n\t\t\t<\/div><\/figure>\n\t\t<\/div>\n\n<h2><strong>Bezpe\u010dnos\u0165<\/strong><\/h2>\n<p>Cestu okolo pol\u00ed som zvolil aj preto, \u017ee je tam zak\u00e1zan\u00e1 doprava a jazdia tam iba dru\u017estevn\u00e9 traktory, aj to len po\u010das d\u0148a. Predsa len <strong>treba myslie\u0165 na svoju bezpe\u010dnos\u0165<\/strong>. Vzadu m\u00e1m dve \u010derven\u00e9 svetl\u00e1, jedno pod sedlom a druh\u00e9 na prilbe, ale na\u010do zbyto\u010dne riskova\u0165 a pok\u00fa\u0161a\u0165 \u0161\u0165astenu na hlavn\u00fdch cest\u00e1ch s dopravou.<\/p>\n<p><a href=\"https:\/\/d2p6e6u75xmxt8.cloudfront.net\/4\/2019\/12\/jazda_po_tme_06.jpg\"><img loading=\"lazy\" decoding=\"async\" src=\"https:\/\/d2p6e6u75xmxt8.cloudfront.net\/4\/2019\/12\/jazda_po_tme_06.jpg\" alt=\"\" width=\"1200\" height=\"800\" class=\"alignnone size-full wp-image-8941\" \/><\/a><\/p>\n<h2><strong>V\u00fdhody a in\u00fd poh\u013ead na svet<\/strong><\/h2>\n<p>Asi je norm\u00e1lne, \u017ee po\u010das roka sa v\u00e1m niekedy nechce \u00eds\u0165 na bicykel aj ke\u010f jazdu milujete, ale jednoducho sa to u\u017e \u010dloveku ob\u010das zunuje. No, a tak jazda po tme je zrazu nie\u010do \u00faplne in\u00e9. Miesta, ktor\u00e9 ste u\u017e stokr\u00e1t videli a\u00a0pre\u0161li, s\u00fa zrazu \u00faplne in\u00e9 a <strong>v\u00e1s to za\u010dne nanovo bavi\u0165<\/strong>. A v neposlednom rade si <strong>aj napriek sychrav\u00e9mu po\u010dasiu otu\u017eujeme telo<\/strong> a na vlastn\u00fdch sk\u00fasenostiach m\u00f4\u017eem potvrdi\u0165, \u017ee pred\u00eddete chr\u00edpkov\u00fdm ochoreniam. Netreba to v\u0161ak preh\u00e1\u0148a\u0165 a v tomto pr\u00edpade neplat\u00ed, \u017ee \u010d\u00edm viac t\u00fdm lep\u0161ie. Treba po\u010d\u00fava\u0165 svoje telo a ak poci\u0165ujete ve\u013ek\u00fa zimu, treba sa vzda\u0165 hoci aj v polovici napl\u00e1novan\u00e9ho tr\u00e9ningu, lebo za z\u00e1pal mo\u010dov\u00fdch ciest v\u00e1m ten tr\u00e9ning naozaj nestoj\u00ed.<\/p>\n","protected":false},"excerpt":{"rendered":"<p>Po\u010das minul\u00fdch rokov som bol tak\u00fd be\u017en\u00fd cyklista, ktor\u00fd v na\u0161ich zemepisn\u00fdch \u0161\u00edrkach jazd\u00ed hlavne za slne\u010dn\u00fdch letn\u00fdch dn\u00ed a [&hellip;]<\/p>\n","protected":false},"author":81,"featured_media":8942,"comment_status":"open","ping_status":"open","sticky":false,"template":"","format":"standard","meta":{"footnotes":""},"categories":[118],"tags":[319,62,619,115,597,180,532,767,1192,265,681,55,318,652,183,317,658],"global-categories":[1074],"class_list":["post-8934","post","type-post","status-publish","format-standard","has-post-thumbnail","hentry","category-zabava","tag-adrenalin","tag-bezpecnost","tag-bicyklovanie","tag-cestna-cyklistika","tag-cyklista","tag-horska-cyklistika","tag-jazdenie","tag-motivacia","tag-otuzovanie","tag-svetlo","tag-tma","tag-trening","tag-vyjazd","tag-vytrvalost","tag-zabava","tag-zima","tag-zver","global-categories-cycling"],"yoast_head":"<!-- This site is optimized with the Yoast SEO Premium plugin v25.3 (Yoast SEO v25.9) - https:\/\/yoast.com\/wordpress\/plugins\/seo\/ -->\n<title>Po tme by jazdil len bl\u00e1zon - \u0160koda We Love Cycling Slovensko<\/title>\n<meta name=\"robots\" content=\"index, follow, max-snippet:-1, max-image-preview:large, max-video-preview:-1\" \/>\n<link rel=\"canonical\" href=\"https:\/\/www.welovecycling.com\/sk\/2019\/12\/11\/po-tme-by-jazdil-len-blazon\/\" \/>\n<meta property=\"og:locale\" content=\"sk_SK\" \/>\n<meta property=\"og:type\" content=\"article\" \/>\n<meta property=\"og:title\" content=\"Po tme by jazdil len bl\u00e1zon\" \/>\n<meta property=\"og:description\" content=\"Po\u010das minul\u00fdch rokov som bol tak\u00fd be\u017en\u00fd cyklista, ktor\u00fd v na\u0161ich zemepisn\u00fdch \u0161\u00edrkach jazd\u00ed hlavne za slne\u010dn\u00fdch letn\u00fdch dn\u00ed a [&hellip;]\" \/>\n<meta property=\"og:url\" content=\"https:\/\/www.welovecycling.com\/sk\/2019\/12\/11\/po-tme-by-jazdil-len-blazon\/\" \/>\n<meta property=\"og:site_name\" content=\"\u0160koda We Love Cycling Slovensko\" \/>\n<meta property=\"article:published_time\" content=\"2019-12-11T09:52:14+00:00\" \/>\n<meta property=\"og:image\" content=\"https:\/\/d2p6e6u75xmxt8.cloudfront.net\/4\/2019\/12\/jazda_po_tme_00.webp\" \/>\n\t<meta property=\"og:image:width\" content=\"1380\" \/>\n\t<meta property=\"og:image:height\" content=\"600\" \/>\n\t<meta property=\"og:image:type\" content=\"image\/webp\" \/>\n<meta name=\"twitter:card\" content=\"summary_large_image\" \/>\n<meta name=\"twitter:label1\" content=\"Written by\" \/>\n\t<meta name=\"twitter:data1\" content=\"\" \/>\n\t<meta name=\"twitter:label2\" content=\"Est. reading time\" \/>\n\t<meta name=\"twitter:data2\" content=\"4\" \/>\n<script type=\"application\/ld+json\" class=\"yoast-schema-graph\">{\"@context\":\"https:\/\/schema.org\",\"@graph\":[{\"@type\":\"WebPage\",\"@id\":\"https:\/\/www.welovecycling.com\/sk\/2019\/12\/11\/po-tme-by-jazdil-len-blazon\/\",\"url\":\"https:\/\/www.welovecycling.com\/sk\/2019\/12\/11\/po-tme-by-jazdil-len-blazon\/\",\"name\":\"Po tme by jazdil len bl\u00e1zon - \u0160koda We Love Cycling Slovensko\",\"isPartOf\":{\"@id\":\"https:\/\/www.welovecycling.com\/sk\/#website\"},\"primaryImageOfPage\":{\"@id\":\"https:\/\/www.welovecycling.com\/sk\/2019\/12\/11\/po-tme-by-jazdil-len-blazon\/#primaryimage\"},\"image\":{\"@id\":\"https:\/\/www.welovecycling.com\/sk\/2019\/12\/11\/po-tme-by-jazdil-len-blazon\/#primaryimage\"},\"thumbnailUrl\":\"https:\/\/d2p6e6u75xmxt8.cloudfront.net\/4\/2019\/12\/jazda_po_tme_00.webp\",\"datePublished\":\"2019-12-11T09:52:14+00:00\",\"author\":{\"@id\":\"\"},\"breadcrumb\":{\"@id\":\"https:\/\/www.welovecycling.com\/sk\/2019\/12\/11\/po-tme-by-jazdil-len-blazon\/#breadcrumb\"},\"inLanguage\":\"sk-SK\",\"potentialAction\":[{\"@type\":\"ReadAction\",\"target\":[\"https:\/\/www.welovecycling.com\/sk\/2019\/12\/11\/po-tme-by-jazdil-len-blazon\/\"]}]},{\"@type\":\"ImageObject\",\"inLanguage\":\"sk-SK\",\"@id\":\"https:\/\/www.welovecycling.com\/sk\/2019\/12\/11\/po-tme-by-jazdil-len-blazon\/#primaryimage\",\"url\":\"https:\/\/d2p6e6u75xmxt8.cloudfront.net\/4\/2019\/12\/jazda_po_tme_00.webp\",\"contentUrl\":\"https:\/\/d2p6e6u75xmxt8.cloudfront.net\/4\/2019\/12\/jazda_po_tme_00.webp\",\"width\":1380,\"height\":600},{\"@type\":\"BreadcrumbList\",\"@id\":\"https:\/\/www.welovecycling.com\/sk\/2019\/12\/11\/po-tme-by-jazdil-len-blazon\/#breadcrumb\",\"itemListElement\":[{\"@type\":\"ListItem\",\"position\":1,\"name\":\"Home\",\"item\":\"https:\/\/www.welovecycling.com\/sk\/\"},{\"@type\":\"ListItem\",\"position\":2,\"name\":\"Po tme by jazdil len bl\u00e1zon\"}]},{\"@type\":\"WebSite\",\"@id\":\"https:\/\/www.welovecycling.com\/sk\/#website\",\"url\":\"https:\/\/www.welovecycling.com\/sk\/\",\"name\":\"\u0160koda We Love Cycling Slovensko\",\"description\":\"\u0160koda We Love Cycling Slovensko je v\u00e1\u0161 ka\u017edodenn\u00fd zdroj noviniek a in\u0161pir\u00e1cie z sveta cyklistiky\",\"potentialAction\":[{\"@type\":\"SearchAction\",\"target\":{\"@type\":\"EntryPoint\",\"urlTemplate\":\"https:\/\/www.welovecycling.com\/sk\/?s={search_term_string}\"},\"query-input\":{\"@type\":\"PropertyValueSpecification\",\"valueRequired\":true,\"valueName\":\"search_term_string\"}}],\"inLanguage\":\"sk-SK\"},{\"@type\":\"Person\",\"@id\":\"\",\"url\":\"https:\/\/www.welovecycling.com\/sk\/author\/\"}]}<\/script>\n<!-- \/ Yoast SEO Premium plugin. -->","yoast_head_json":{"title":"Po tme by jazdil len bl\u00e1zon - \u0160koda We Love Cycling Slovensko","robots":{"index":"index","follow":"follow","max-snippet":"max-snippet:-1","max-image-preview":"max-image-preview:large","max-video-preview":"max-video-preview:-1"},"canonical":"https:\/\/www.welovecycling.com\/sk\/2019\/12\/11\/po-tme-by-jazdil-len-blazon\/","og_locale":"sk_SK","og_type":"article","og_title":"Po tme by jazdil len bl\u00e1zon","og_description":"Po\u010das minul\u00fdch rokov som bol tak\u00fd be\u017en\u00fd cyklista, ktor\u00fd v na\u0161ich zemepisn\u00fdch \u0161\u00edrkach jazd\u00ed hlavne za slne\u010dn\u00fdch letn\u00fdch dn\u00ed a [&hellip;]","og_url":"https:\/\/www.welovecycling.com\/sk\/2019\/12\/11\/po-tme-by-jazdil-len-blazon\/","og_site_name":"\u0160koda We Love Cycling Slovensko","article_published_time":"2019-12-11T09:52:14+00:00","og_image":[{"width":1380,"height":600,"url":"https:\/\/d2p6e6u75xmxt8.cloudfront.net\/4\/2019\/12\/jazda_po_tme_00.webp","type":"image\/webp"}],"twitter_card":"summary_large_image","twitter_misc":{"Written by":"","Est. reading time":"4"},"schema":{"@context":"https:\/\/schema.org","@graph":[{"@type":"WebPage","@id":"https:\/\/www.welovecycling.com\/sk\/2019\/12\/11\/po-tme-by-jazdil-len-blazon\/","url":"https:\/\/www.welovecycling.com\/sk\/2019\/12\/11\/po-tme-by-jazdil-len-blazon\/","name":"Po tme by jazdil len bl\u00e1zon - \u0160koda We Love Cycling Slovensko","isPartOf":{"@id":"https:\/\/www.welovecycling.com\/sk\/#website"},"primaryImageOfPage":{"@id":"https:\/\/www.welovecycling.com\/sk\/2019\/12\/11\/po-tme-by-jazdil-len-blazon\/#primaryimage"},"image":{"@id":"https:\/\/www.welovecycling.com\/sk\/2019\/12\/11\/po-tme-by-jazdil-len-blazon\/#primaryimage"},"thumbnailUrl":"https:\/\/d2p6e6u75xmxt8.cloudfront.net\/4\/2019\/12\/jazda_po_tme_00.webp","datePublished":"2019-12-11T09:52:14+00:00","author":{"@id":""},"breadcrumb":{"@id":"https:\/\/www.welovecycling.com\/sk\/2019\/12\/11\/po-tme-by-jazdil-len-blazon\/#breadcrumb"},"inLanguage":"sk-SK","potentialAction":[{"@type":"ReadAction","target":["https:\/\/www.welovecycling.com\/sk\/2019\/12\/11\/po-tme-by-jazdil-len-blazon\/"]}]},{"@type":"ImageObject","inLanguage":"sk-SK","@id":"https:\/\/www.welovecycling.com\/sk\/2019\/12\/11\/po-tme-by-jazdil-len-blazon\/#primaryimage","url":"https:\/\/d2p6e6u75xmxt8.cloudfront.net\/4\/2019\/12\/jazda_po_tme_00.webp","contentUrl":"https:\/\/d2p6e6u75xmxt8.cloudfront.net\/4\/2019\/12\/jazda_po_tme_00.webp","width":1380,"height":600},{"@type":"BreadcrumbList","@id":"https:\/\/www.welovecycling.com\/sk\/2019\/12\/11\/po-tme-by-jazdil-len-blazon\/#breadcrumb","itemListElement":[{"@type":"ListItem","position":1,"name":"Home","item":"https:\/\/www.welovecycling.com\/sk\/"},{"@type":"ListItem","position":2,"name":"Po tme by jazdil len bl\u00e1zon"}]},{"@type":"WebSite","@id":"https:\/\/www.welovecycling.com\/sk\/#website","url":"https:\/\/www.welovecycling.com\/sk\/","name":"\u0160koda We Love Cycling Slovensko","description":"\u0160koda We Love Cycling Slovensko je v\u00e1\u0161 ka\u017edodenn\u00fd zdroj noviniek a in\u0161pir\u00e1cie z sveta cyklistiky","potentialAction":[{"@type":"SearchAction","target":{"@type":"EntryPoint","urlTemplate":"https:\/\/www.welovecycling.com\/sk\/?s={search_term_string}"},"query-input":{"@type":"PropertyValueSpecification","valueRequired":true,"valueName":"search_term_string"}}],"inLanguage":"sk-SK"},{"@type":"Person","@id":"","url":"https:\/\/www.welovecycling.com\/sk\/author\/"}]}},"_links":{"self":[{"href":"https:\/\/www.welovecycling.com\/sk\/wp-json\/wp\/v2\/posts\/8934","targetHints":{"allow":["GET"]}}],"collection":[{"href":"https:\/\/www.welovecycling.com\/sk\/wp-json\/wp\/v2\/posts"}],"about":[{"href":"https:\/\/www.welovecycling.com\/sk\/wp-json\/wp\/v2\/types\/post"}],"author":[{"embeddable":true,"href":"https:\/\/www.welovecycling.com\/sk\/wp-json\/wp\/v2\/users\/81"}],"replies":[{"embeddable":true,"href":"https:\/\/www.welovecycling.com\/sk\/wp-json\/wp\/v2\/comments?post=8934"}],"version-history":[{"count":2,"href":"https:\/\/www.welovecycling.com\/sk\/wp-json\/wp\/v2\/posts\/8934\/revisions"}],"predecessor-version":[{"id":8945,"href":"https:\/\/www.welovecycling.com\/sk\/wp-json\/wp\/v2\/posts\/8934\/revisions\/8945"}],"wp:featuredmedia":[{"embeddable":true,"href":"https:\/\/www.welovecycling.com\/sk\/wp-json\/wp\/v2\/media\/8942"}],"wp:attachment":[{"href":"https:\/\/www.welovecycling.com\/sk\/wp-json\/wp\/v2\/media?parent=8934"}],"wp:term":[{"taxonomy":"category","embeddable":true,"href":"https:\/\/www.welovecycling.com\/sk\/wp-json\/wp\/v2\/categories?post=8934"},{"taxonomy":"post_tag","embeddable":true,"href":"https:\/\/www.welovecycling.com\/sk\/wp-json\/wp\/v2\/tags?post=8934"},{"taxonomy":"global-categories","embeddable":true,"href":"https:\/\/www.welovecycling.com\/sk\/wp-json\/wp\/v2\/global-categories?post=8934"}],"curies":[{"name":"wp","href":"https:\/\/api.w.org\/{rel}","templated":true}]}}