{"id":8912,"date":"2019-11-29T09:36:13","date_gmt":"2019-11-29T08:36:13","guid":{"rendered":"https:\/\/www.welovecycling.com\/sk\/?p=8912"},"modified":"2019-12-02T11:20:22","modified_gmt":"2019-12-02T10:20:22","slug":"mesacna-desiatka-cyklokros-pretekanie-a-najma-radost-z-jazdenia","status":"publish","type":"post","link":"https:\/\/www.welovecycling.com\/sk\/2019\/11\/29\/mesacna-desiatka-cyklokros-pretekanie-a-najma-radost-z-jazdenia\/","title":{"rendered":"Mesa\u010dn\u00e1 desiatka \u2013 cyklokros, pretekanie a najm\u00e4 rados\u0165 z jazdenia"},"content":{"rendered":"<p><strong>Predposledn\u00fd mesiac v roku op\u00e4\u0165 priniesol viacero zauj\u00edmavost\u00ed zo sveta cyklistiky. Rozbehnut\u00e1 cyklokrosov\u00e1 sez\u00f3na, neust\u00e1le jazdenie vo v\u0161etk\u00fdch discipl\u00ednach, odv\u00e1\u017ene k\u00fasky a mnoho in\u00e9ho je st\u00e1lym d\u00f4kazom, \u017ee cyklistika nekon\u010d\u00ed sn\u00e1\u010f po\u010das \u017eiadneho ro\u010dn\u00e9ho obdobia.<\/strong><!--more--><\/p>\n<h2><strong>Mathieu van der Poel \u2013 m\u00e1 tento \u201enad\u010dlovek\u201c nejak\u00e9 limity?<\/strong><\/h2>\n<p>Tohtoro\u010dn\u00e1 sez\u00f3na by z ve\u013ekej \u010dasti mohla by\u0165 <strong>definovan\u00e1 postavou van der Poela<\/strong>. Pre\u010do? Nu\u017e preto, lebo od za\u010diatku roka, a t\u00fdm mysl\u00edme od janu\u00e1ra, sa mu v jeho 23 rokoch podarilo vyhra\u0165 MS v cyklokrose, nieko\u013eko klas\u00edk, medzi in\u00fdmi aj Amstel, viacero k\u00f4l SP horsk\u00fdch bicyklov a teraz na\u0165ahuje \u0161n\u00faru v\u00ed\u0165azstiev v cyklokrose s pozn\u00e1mkou, <strong>\u017ee zatia\u013e ani raz neskon\u010dil hor\u0161ie, ne\u017e na prvom mieste<\/strong>. A to navy\u0161e v Koksijde \u0161tartoval takmer z posledn\u00e9ho miesta&#8230;<\/p>\n<p>https:\/\/www.youtube.com\/watch?v=fnr03lsPAhE<\/p>\n<h2><strong>Ko\u0161ice hostili UCI C2 cyklokrosov\u00e9 preteky \u2013 Gran Prix Ko\u0161ice<\/strong><\/h2>\n<p>Aby toho s cyklokrosom nebolo m\u00e1lo, aj Slovensko sa stalo na jeden de\u0148 <strong>dejiskom medzin\u00e1rodn\u00fdch pretekov<\/strong>. Ko\u0161ice tak op\u00e4\u0165 hostili kolo Slovensk\u00e9ho poh\u00e1ra, ktor\u00fd mal nieko\u013eko host\u00ed zo zahrani\u010dia. V elitnej \u017eenskej kateg\u00f3rii zv\u00ed\u0165azila st\u00e1lica, <strong>J. Keseg-\u0160tevkov\u00e1<\/strong> s pohodln\u00fdm, takmer min\u00fatov\u00fdm n\u00e1skokom na <strong>T. Kurnick\u00fa<\/strong>. V mu\u017eoch sa v\u0161ak stretli nielen Slov\u00e1ci a \u010cesi, ale aj D\u00e1n, dvaja Belgi\u010dania, Franc\u00faz a Ma\u010fari. Po r\u00fdchlom \u00favode v podan\u00ed <strong>O. Glajzu<\/strong> sa do \u010dela dostal <strong>W. Bosmans<\/strong>, ktor\u00fd uk\u00e1\u017ekovo zvl\u00e1dol 9 k\u00f4l a pri\u0161iel si po zlato pred krajanom, <strong>S. Romboutsom<\/strong> a \u010cechom, <strong>T. Paprstkom<\/strong>.<\/p>\n<p><a href=\"https:\/\/d2p6e6u75xmxt8.cloudfront.net\/4\/2019\/11\/MD_november_01.jpg\"><img loading=\"lazy\" decoding=\"async\" class=\"alignnone size-full wp-image-8921\" src=\"https:\/\/d2p6e6u75xmxt8.cloudfront.net\/4\/2019\/11\/MD_november_01.jpg\" alt=\"\" width=\"1200\" height=\"800\" \/><\/a><\/p>\n<h2><strong>Peter Sagan si obi\u0161iel Gran Fondo v Kolumbii<\/strong><\/h2>\n<p>Ako s\u00fa\u010das\u0165 svojho nabit\u00e9ho programu mal v novembri slovensk\u00fd cyklista aj \u00fa\u010das\u0165 v o \u010dosi teplej\u0161\u00edch podmienkach \u2013 v Kolumbii. I\u0161lo sk\u00f4r o mo\u017enos\u0165 <strong>stretn\u00fa\u0165 sa s fan\u00fa\u0161ikmi cyklistiky<\/strong> na menej nav\u0161tevovanom \u00fazem\u00ed, aj ke\u010f z tejto krajiny poch\u00e1dza viacero svetov\u00fdch pretek\u00e1rov ako N. Quintana, R. Uran alebo aj E. Bernal.<\/p>\n<p><a href=\"https:\/\/d2p6e6u75xmxt8.cloudfront.net\/4\/2019\/11\/MD_november_02.jpg\"><img loading=\"lazy\" decoding=\"async\" class=\"alignnone size-full wp-image-8922\" src=\"https:\/\/d2p6e6u75xmxt8.cloudfront.net\/4\/2019\/11\/MD_november_02.jpg\" alt=\"\" width=\"1200\" height=\"800\" \/><\/a><\/p>\n<h2><strong>F. Wibmer v\u00e1m uk\u00e1\u017ee, ako sa jazd\u00ed v Saalbachu<\/strong><\/h2>\n<p>Disneyland pre horsk\u00fdch cyklistov a navy\u0161e ani nie tak \u010faleko. To je Saalbach v Rak\u00fasku, ktor\u00fd n\u00e1v\u0161tevn\u00edkom pon\u00faka <strong>desiatky kilometrov kvalitn\u00fdch trailov<\/strong>. Aj preto sa stal ter\u010dom jedn\u00e9ho z najsk\u00fasenej\u0161\u00edch jazdcov tejto krajiny, <strong>Fabia Wibmera<\/strong>. V kr\u00e1tkom videu uk\u00e1\u017ee, \u017ee aj jesenn\u00e9 jazdenie stoj\u00ed za to.<\/p>\n<lite-youtube videoid=PLN8EzN0EB8 params=\"enablejsapi=1\" style=\"background-image: url('https:\/\/i.ytimg.com\/vi_webp\/PLN8EzN0EB8\/maxresdefault.webp');\"><\/lite-youtube>\n<h2><strong>Ako sa vytv\u00e1ra svetov\u00fd rekord?<\/strong><\/h2>\n<p>V Bielorusku sa predned\u00e1vnom konal Svetov\u00fd poh\u00e1r v dr\u00e1hovej cyklistike. Okrem in\u00fdch discipl\u00edn sa elitn\u00ed jazdci stretli aj v individu\u00e1lnej st\u00edha\u010dke. Pravidl\u00e1 s\u00fa jasn\u00e9: po \u0161tarte sa sna\u017ei\u0165 dohna\u0165 svojho konkurenta, ktor\u00fd \u0161tartoval na druhej strane ov\u00e1lu. Okrem v\u00ed\u0165azstva si <strong>F. Ganna<\/strong> odniesol aj svetov\u00fd rekord s hodnotou 4:02,67 sek\u00fand. <strong>Tak \u010do, tr\u00fafli by ste si?<\/strong><\/p>\n<lite-youtube videoid=Lc_MCxiTu7Q params=\"enablejsapi=1\" style=\"background-image: url('https:\/\/i.ytimg.com\/vi_webp\/Lc_MCxiTu7Q\/maxresdefault.webp');\"><\/lite-youtube>\n<h2><strong>Nie v\u0161etko vyjde na prv\u00fdkr\u00e1t \u2013 ani rozhovory s t\u00fdmi najlep\u0161\u00edmi<\/strong><\/h2>\n<p>Po\u010das Svetov\u00e9ho poh\u00e1ra v zjazde sme si zvykli na desiatky rozhovorov s \u00fa\u010dastn\u00edkmi tohto monument\u00e1lneho podujatia. Av\u0161ak tieto sc\u00e9ny s\u00fa len v\u00fdberom z tucta pokusov. Ke\u010f\u017ee nikto nie je dokonal\u00fd a <strong>k cyklistike patr\u00ed aj z\u00e1bava<\/strong>, Red Bull TV pon\u00faka nieko\u013eko \u00fasmevn\u00fdch min\u00fat t\u00fdchto nepublikovan\u00fdch chybi\u010diek.<\/p>\n<lite-youtube videoid=K3tt46DT7Q4 params=\"enablejsapi=1\" style=\"background-image: url('https:\/\/i.ytimg.com\/vi_webp\/K3tt46DT7Q4\/maxresdefault.webp');\"><\/lite-youtube>\n<h2><strong>Slobodne a s rados\u0165ou ulicami New Yorku<\/strong><\/h2>\n<p>Jazda v meste si vy\u017eaduje vy\u0161\u0161iu d\u00e1vku opatrnosti a zru\u010dnosti. Video, ktor\u00e9 v\u00e1m pon\u00fakame, ukazuje, <strong>ako v \u0148om jazdia skuto\u010dn\u00ed ostrie\u013ean\u00ed veter\u00e1ni<\/strong>. S tak\u00fdmto \u0161t\u00fdlom jazdenia sa ur\u010dite nemus\u00edte stoto\u017e\u0148ova\u0165 ani ho napodobova\u0165, av\u0161ak aj toto je prejav <strong>\u010distej radosti z jazdy<\/strong>.<\/p>\n<lite-youtube videoid=b3bvu6qiqsI params=\"enablejsapi=1\" style=\"background-image: url('https:\/\/i.ytimg.com\/vi_webp\/b3bvu6qiqsI\/maxresdefault.webp');\"><\/lite-youtube>\n<h2><strong>Vo F\u00ednsku deti chodia do \u0161koly na bicykli aj v -17 stup\u0148och<\/strong><\/h2>\n<p>Aj vy odklad\u00e1te bicykel pri teplot\u00e1ch, ktor\u00e9 maj\u00fa len jednu cifru a rad\u0161ej zvol\u00edte MHD alebo pe\u0161\u00ed sp\u00f4sob? Vo F\u00ednsku to vidia inak. Ich tak\u00e9to podmienky nezasko\u010dia tak r\u00fdchlo. Ako hovor\u00ed <strong>P. Tahkola<\/strong>, v jednej z t\u00fdchto \u0161k\u00f4l pri\u0161lo 1 000 det\u00ed na bicykli, 100-150 pe\u0161i a ostatn\u00ed na ly\u017eiach. Navy\u0161e pri teplote, kedy my rad\u0161ej ost\u00e1vame doma. In\u00fd kraj, in\u00fd mrav, <strong>alebo sk\u00f4r in\u0161pir\u00e1cia<\/strong>, \u017ee v\u0161etko sa d\u00e1?<\/p>\n<p><a href=\"https:\/\/d2p6e6u75xmxt8.cloudfront.net\/4\/2019\/11\/MD_november_03.jpg\"><img loading=\"lazy\" decoding=\"async\" class=\"alignnone size-full wp-image-8923\" src=\"https:\/\/d2p6e6u75xmxt8.cloudfront.net\/4\/2019\/11\/MD_november_03.jpg\" alt=\"\" width=\"1200\" height=\"800\" \/><\/a><\/p>\n<h2><strong>\u010co robia prof\u00edci mimo sez\u00f3ny? Pretekaj\u00fa!<\/strong><\/h2>\n<p>Samozrejme, nie v\u0161etci. Ale napr\u00edklad tak\u00fd <strong>Michal Kwiatkowski<\/strong> je toho jasn\u00fdm pr\u00edkladom. V rodnom Po\u013esku si vysk\u00fa\u0161al cyklokros, a \u017ee mu to \u0161lo. Talent sa jednoducho nikdy nestrat\u00ed.<\/p>\n<p><a href=\"https:\/\/d2p6e6u75xmxt8.cloudfront.net\/4\/2019\/11\/MD_november_04.jpg\"><img loading=\"lazy\" decoding=\"async\" class=\"alignnone size-full wp-image-8924\" src=\"https:\/\/d2p6e6u75xmxt8.cloudfront.net\/4\/2019\/11\/MD_november_04.jpg\" alt=\"\" width=\"1600\" height=\"1066\" \/><\/a><\/p>\n<p>Ost\u00e1va n\u00e1m u\u017e len jeden mesiac pred zapo\u010dat\u00edm <strong>okr\u00fahlej sez\u00f3ny 2020<\/strong>. Vyu\u017eite ho pre to, \u010do v\u00e1s bav\u00ed a d\u00fafame, \u017ee medzi t\u00fdm <strong>bude aj bicykel<\/strong>!<\/p>\n<p>(zdroje fotografi\u00ed: FB\/UCI Cyclo-cross, FB\/CyklopretekyKo\u0161ice, FB\/PeterSagan, Twitter\/PekkaTahkola, Twitter\/TeamIneos, credit: @lszrubkowski)<\/p>\n","protected":false},"excerpt":{"rendered":"<p>Predposledn\u00fd mesiac v roku op\u00e4\u0165 priniesol viacero zauj\u00edmavost\u00ed zo sveta cyklistiky. Rozbehnut\u00e1 cyklokrosov\u00e1 sez\u00f3na, neust\u00e1le jazdenie vo v\u0161etk\u00fdch discipl\u00ednach, odv\u00e1\u017ene [&hellip;]<\/p>\n","protected":false},"author":81,"featured_media":8925,"comment_status":"open","ping_status":"open","sticky":false,"template":"","format":"standard","meta":{"footnotes":""},"categories":[63],"tags":[559,619,1182,115,379,180,1191,890,532,875,704,46,885,703,585,472,183,814,172],"global-categories":[1074],"class_list":["post-8912","post","type-post","status-publish","format-standard","has-post-thumbnail","hentry","category-grand-tour","tag-bicykel","tag-bicyklovanie","tag-biker","tag-cestna-cyklistika","tag-fabio-wibmer","tag-horska-cyklistika","tag-jazda","tag-jazdec","tag-jazdenie","tag-kosice","tag-mathieu-van-der-poel","tag-peter-sagan","tag-profesional","tag-svetovy-pohar","tag-svetovy-rekord","tag-uci-gran-fondo","tag-zabava","tag-zaluba","tag-zjazd","global-categories-cycling"],"yoast_head":"<!-- This site is optimized with the Yoast SEO Premium plugin v25.3 (Yoast SEO v25.9) - https:\/\/yoast.com\/wordpress\/plugins\/seo\/ -->\n<title>Mesa\u010dn\u00e1 desiatka \u2013 cyklokros, pretekanie a najm\u00e4 rados\u0165 z jazdenia - \u0160koda We Love Cycling Slovensko<\/title>\n<meta name=\"robots\" content=\"index, follow, max-snippet:-1, max-image-preview:large, max-video-preview:-1\" \/>\n<link rel=\"canonical\" href=\"https:\/\/www.welovecycling.com\/sk\/2019\/11\/29\/mesacna-desiatka-cyklokros-pretekanie-a-najma-radost-z-jazdenia\/\" \/>\n<meta property=\"og:locale\" content=\"sk_SK\" \/>\n<meta property=\"og:type\" content=\"article\" \/>\n<meta property=\"og:title\" content=\"Mesa\u010dn\u00e1 desiatka \u2013 cyklokros, pretekanie a najm\u00e4 rados\u0165 z jazdenia\" \/>\n<meta property=\"og:description\" content=\"Predposledn\u00fd mesiac v roku op\u00e4\u0165 priniesol viacero zauj\u00edmavost\u00ed zo sveta cyklistiky. Rozbehnut\u00e1 cyklokrosov\u00e1 sez\u00f3na, neust\u00e1le jazdenie vo v\u0161etk\u00fdch discipl\u00ednach, odv\u00e1\u017ene [&hellip;]\" \/>\n<meta property=\"og:url\" content=\"https:\/\/www.welovecycling.com\/sk\/2019\/11\/29\/mesacna-desiatka-cyklokros-pretekanie-a-najma-radost-z-jazdenia\/\" \/>\n<meta property=\"og:site_name\" content=\"\u0160koda We Love Cycling Slovensko\" \/>\n<meta property=\"article:published_time\" content=\"2019-11-29T08:36:13+00:00\" \/>\n<meta property=\"article:modified_time\" content=\"2019-12-02T10:20:22+00:00\" \/>\n<meta property=\"og:image\" content=\"https:\/\/d2p6e6u75xmxt8.cloudfront.net\/4\/2019\/11\/MD_november_00.webp\" \/>\n\t<meta property=\"og:image:width\" content=\"1380\" \/>\n\t<meta property=\"og:image:height\" content=\"600\" \/>\n\t<meta property=\"og:image:type\" content=\"image\/webp\" \/>\n<meta name=\"twitter:card\" content=\"summary_large_image\" \/>\n<meta name=\"twitter:label1\" content=\"Written by\" \/>\n\t<meta name=\"twitter:data1\" content=\"We Love Cycling\" \/>\n\t<meta name=\"twitter:label2\" content=\"Est. reading time\" \/>\n\t<meta name=\"twitter:data2\" content=\"6\" \/>\n<script type=\"application\/ld+json\" class=\"yoast-schema-graph\">{\"@context\":\"https:\/\/schema.org\",\"@graph\":[{\"@type\":\"WebPage\",\"@id\":\"https:\/\/www.welovecycling.com\/sk\/2019\/11\/29\/mesacna-desiatka-cyklokros-pretekanie-a-najma-radost-z-jazdenia\/\",\"url\":\"https:\/\/www.welovecycling.com\/sk\/2019\/11\/29\/mesacna-desiatka-cyklokros-pretekanie-a-najma-radost-z-jazdenia\/\",\"name\":\"Mesa\u010dn\u00e1 desiatka \u2013 cyklokros, pretekanie a najm\u00e4 rados\u0165 z jazdenia - \u0160koda We Love Cycling Slovensko\",\"isPartOf\":{\"@id\":\"https:\/\/www.welovecycling.com\/sk\/#website\"},\"primaryImageOfPage\":{\"@id\":\"https:\/\/www.welovecycling.com\/sk\/2019\/11\/29\/mesacna-desiatka-cyklokros-pretekanie-a-najma-radost-z-jazdenia\/#primaryimage\"},\"image\":{\"@id\":\"https:\/\/www.welovecycling.com\/sk\/2019\/11\/29\/mesacna-desiatka-cyklokros-pretekanie-a-najma-radost-z-jazdenia\/#primaryimage\"},\"thumbnailUrl\":\"https:\/\/d2p6e6u75xmxt8.cloudfront.net\/4\/2019\/11\/MD_november_00.webp\",\"datePublished\":\"2019-11-29T08:36:13+00:00\",\"dateModified\":\"2019-12-02T10:20:22+00:00\",\"author\":{\"@id\":\"\"},\"breadcrumb\":{\"@id\":\"https:\/\/www.welovecycling.com\/sk\/2019\/11\/29\/mesacna-desiatka-cyklokros-pretekanie-a-najma-radost-z-jazdenia\/#breadcrumb\"},\"inLanguage\":\"sk-SK\",\"potentialAction\":[{\"@type\":\"ReadAction\",\"target\":[\"https:\/\/www.welovecycling.com\/sk\/2019\/11\/29\/mesacna-desiatka-cyklokros-pretekanie-a-najma-radost-z-jazdenia\/\"]}]},{\"@type\":\"ImageObject\",\"inLanguage\":\"sk-SK\",\"@id\":\"https:\/\/www.welovecycling.com\/sk\/2019\/11\/29\/mesacna-desiatka-cyklokros-pretekanie-a-najma-radost-z-jazdenia\/#primaryimage\",\"url\":\"https:\/\/d2p6e6u75xmxt8.cloudfront.net\/4\/2019\/11\/MD_november_00.webp\",\"contentUrl\":\"https:\/\/d2p6e6u75xmxt8.cloudfront.net\/4\/2019\/11\/MD_november_00.webp\",\"width\":1380,\"height\":600},{\"@type\":\"BreadcrumbList\",\"@id\":\"https:\/\/www.welovecycling.com\/sk\/2019\/11\/29\/mesacna-desiatka-cyklokros-pretekanie-a-najma-radost-z-jazdenia\/#breadcrumb\",\"itemListElement\":[{\"@type\":\"ListItem\",\"position\":1,\"name\":\"Home\",\"item\":\"https:\/\/www.welovecycling.com\/sk\/\"},{\"@type\":\"ListItem\",\"position\":2,\"name\":\"Mesa\u010dn\u00e1 desiatka \u2013 cyklokros, pretekanie a najm\u00e4 rados\u0165 z jazdenia\"}]},{\"@type\":\"WebSite\",\"@id\":\"https:\/\/www.welovecycling.com\/sk\/#website\",\"url\":\"https:\/\/www.welovecycling.com\/sk\/\",\"name\":\"\u0160koda We Love Cycling Slovensko\",\"description\":\"\u0160koda We Love Cycling Slovensko je v\u00e1\u0161 ka\u017edodenn\u00fd zdroj noviniek a in\u0161pir\u00e1cie z sveta cyklistiky\",\"potentialAction\":[{\"@type\":\"SearchAction\",\"target\":{\"@type\":\"EntryPoint\",\"urlTemplate\":\"https:\/\/www.welovecycling.com\/sk\/?s={search_term_string}\"},\"query-input\":{\"@type\":\"PropertyValueSpecification\",\"valueRequired\":true,\"valueName\":\"search_term_string\"}}],\"inLanguage\":\"sk-SK\"},{\"@type\":\"Person\",\"@id\":\"\",\"url\":\"https:\/\/www.welovecycling.com\/sk\/author\/\"}]}<\/script>\n<!-- \/ Yoast SEO Premium plugin. -->","yoast_head_json":{"title":"Mesa\u010dn\u00e1 desiatka \u2013 cyklokros, pretekanie a najm\u00e4 rados\u0165 z jazdenia - \u0160koda We Love Cycling Slovensko","robots":{"index":"index","follow":"follow","max-snippet":"max-snippet:-1","max-image-preview":"max-image-preview:large","max-video-preview":"max-video-preview:-1"},"canonical":"https:\/\/www.welovecycling.com\/sk\/2019\/11\/29\/mesacna-desiatka-cyklokros-pretekanie-a-najma-radost-z-jazdenia\/","og_locale":"sk_SK","og_type":"article","og_title":"Mesa\u010dn\u00e1 desiatka \u2013 cyklokros, pretekanie a najm\u00e4 rados\u0165 z jazdenia","og_description":"Predposledn\u00fd mesiac v roku op\u00e4\u0165 priniesol viacero zauj\u00edmavost\u00ed zo sveta cyklistiky. Rozbehnut\u00e1 cyklokrosov\u00e1 sez\u00f3na, neust\u00e1le jazdenie vo v\u0161etk\u00fdch discipl\u00ednach, odv\u00e1\u017ene [&hellip;]","og_url":"https:\/\/www.welovecycling.com\/sk\/2019\/11\/29\/mesacna-desiatka-cyklokros-pretekanie-a-najma-radost-z-jazdenia\/","og_site_name":"\u0160koda We Love Cycling Slovensko","article_published_time":"2019-11-29T08:36:13+00:00","article_modified_time":"2019-12-02T10:20:22+00:00","og_image":[{"width":1380,"height":600,"url":"https:\/\/d2p6e6u75xmxt8.cloudfront.net\/4\/2019\/11\/MD_november_00.webp","type":"image\/webp"}],"twitter_card":"summary_large_image","twitter_misc":{"Written by":"We Love Cycling","Est. reading time":"6"},"schema":{"@context":"https:\/\/schema.org","@graph":[{"@type":"WebPage","@id":"https:\/\/www.welovecycling.com\/sk\/2019\/11\/29\/mesacna-desiatka-cyklokros-pretekanie-a-najma-radost-z-jazdenia\/","url":"https:\/\/www.welovecycling.com\/sk\/2019\/11\/29\/mesacna-desiatka-cyklokros-pretekanie-a-najma-radost-z-jazdenia\/","name":"Mesa\u010dn\u00e1 desiatka \u2013 cyklokros, pretekanie a najm\u00e4 rados\u0165 z jazdenia - \u0160koda We Love Cycling Slovensko","isPartOf":{"@id":"https:\/\/www.welovecycling.com\/sk\/#website"},"primaryImageOfPage":{"@id":"https:\/\/www.welovecycling.com\/sk\/2019\/11\/29\/mesacna-desiatka-cyklokros-pretekanie-a-najma-radost-z-jazdenia\/#primaryimage"},"image":{"@id":"https:\/\/www.welovecycling.com\/sk\/2019\/11\/29\/mesacna-desiatka-cyklokros-pretekanie-a-najma-radost-z-jazdenia\/#primaryimage"},"thumbnailUrl":"https:\/\/d2p6e6u75xmxt8.cloudfront.net\/4\/2019\/11\/MD_november_00.webp","datePublished":"2019-11-29T08:36:13+00:00","dateModified":"2019-12-02T10:20:22+00:00","author":{"@id":""},"breadcrumb":{"@id":"https:\/\/www.welovecycling.com\/sk\/2019\/11\/29\/mesacna-desiatka-cyklokros-pretekanie-a-najma-radost-z-jazdenia\/#breadcrumb"},"inLanguage":"sk-SK","potentialAction":[{"@type":"ReadAction","target":["https:\/\/www.welovecycling.com\/sk\/2019\/11\/29\/mesacna-desiatka-cyklokros-pretekanie-a-najma-radost-z-jazdenia\/"]}]},{"@type":"ImageObject","inLanguage":"sk-SK","@id":"https:\/\/www.welovecycling.com\/sk\/2019\/11\/29\/mesacna-desiatka-cyklokros-pretekanie-a-najma-radost-z-jazdenia\/#primaryimage","url":"https:\/\/d2p6e6u75xmxt8.cloudfront.net\/4\/2019\/11\/MD_november_00.webp","contentUrl":"https:\/\/d2p6e6u75xmxt8.cloudfront.net\/4\/2019\/11\/MD_november_00.webp","width":1380,"height":600},{"@type":"BreadcrumbList","@id":"https:\/\/www.welovecycling.com\/sk\/2019\/11\/29\/mesacna-desiatka-cyklokros-pretekanie-a-najma-radost-z-jazdenia\/#breadcrumb","itemListElement":[{"@type":"ListItem","position":1,"name":"Home","item":"https:\/\/www.welovecycling.com\/sk\/"},{"@type":"ListItem","position":2,"name":"Mesa\u010dn\u00e1 desiatka \u2013 cyklokros, pretekanie a najm\u00e4 rados\u0165 z jazdenia"}]},{"@type":"WebSite","@id":"https:\/\/www.welovecycling.com\/sk\/#website","url":"https:\/\/www.welovecycling.com\/sk\/","name":"\u0160koda We Love Cycling Slovensko","description":"\u0160koda We Love Cycling Slovensko je v\u00e1\u0161 ka\u017edodenn\u00fd zdroj noviniek a in\u0161pir\u00e1cie z sveta cyklistiky","potentialAction":[{"@type":"SearchAction","target":{"@type":"EntryPoint","urlTemplate":"https:\/\/www.welovecycling.com\/sk\/?s={search_term_string}"},"query-input":{"@type":"PropertyValueSpecification","valueRequired":true,"valueName":"search_term_string"}}],"inLanguage":"sk-SK"},{"@type":"Person","@id":"","url":"https:\/\/www.welovecycling.com\/sk\/author\/"}]}},"_links":{"self":[{"href":"https:\/\/www.welovecycling.com\/sk\/wp-json\/wp\/v2\/posts\/8912","targetHints":{"allow":["GET"]}}],"collection":[{"href":"https:\/\/www.welovecycling.com\/sk\/wp-json\/wp\/v2\/posts"}],"about":[{"href":"https:\/\/www.welovecycling.com\/sk\/wp-json\/wp\/v2\/types\/post"}],"author":[{"embeddable":true,"href":"https:\/\/www.welovecycling.com\/sk\/wp-json\/wp\/v2\/users\/81"}],"replies":[{"embeddable":true,"href":"https:\/\/www.welovecycling.com\/sk\/wp-json\/wp\/v2\/comments?post=8912"}],"version-history":[{"count":2,"href":"https:\/\/www.welovecycling.com\/sk\/wp-json\/wp\/v2\/posts\/8912\/revisions"}],"predecessor-version":[{"id":8933,"href":"https:\/\/www.welovecycling.com\/sk\/wp-json\/wp\/v2\/posts\/8912\/revisions\/8933"}],"wp:featuredmedia":[{"embeddable":true,"href":"https:\/\/www.welovecycling.com\/sk\/wp-json\/wp\/v2\/media\/8925"}],"wp:attachment":[{"href":"https:\/\/www.welovecycling.com\/sk\/wp-json\/wp\/v2\/media?parent=8912"}],"wp:term":[{"taxonomy":"category","embeddable":true,"href":"https:\/\/www.welovecycling.com\/sk\/wp-json\/wp\/v2\/categories?post=8912"},{"taxonomy":"post_tag","embeddable":true,"href":"https:\/\/www.welovecycling.com\/sk\/wp-json\/wp\/v2\/tags?post=8912"},{"taxonomy":"global-categories","embeddable":true,"href":"https:\/\/www.welovecycling.com\/sk\/wp-json\/wp\/v2\/global-categories?post=8912"}],"curies":[{"name":"wp","href":"https:\/\/api.w.org\/{rel}","templated":true}]}}