{"id":8868,"date":"2019-12-06T11:05:44","date_gmt":"2019-12-06T10:05:44","guid":{"rendered":"https:\/\/www.welovecycling.com\/sk\/?p=8868"},"modified":"2019-12-04T10:53:39","modified_gmt":"2019-12-04T09:53:39","slug":"tip-na-vianocne-darceky-pre-najmensich-bikerov","status":"publish","type":"post","link":"https:\/\/www.welovecycling.com\/sk\/2019\/12\/06\/tip-na-vianocne-darceky-pre-najmensich-bikerov\/","title":{"rendered":"Tip na viano\u010dn\u00e9 dar\u010deky pre najmen\u0161\u00edch bikerov"},"content":{"rendered":"<p><strong>\u010cas ne\u00faprosne let\u00ed a\u00a0po\u00a0hor\u00facom lete a\u00a0slne\u010dnej jeseni sa k n\u00e1m bl\u00ed\u017ei zima a\u00a0s\u00a0\u0148ou aj najkraj\u0161ie sviatky roka. Vianoce s\u00fa skvelou pr\u00edle\u017eitos\u0165ou e\u0161te tro\u0161ku viac motivova\u0165 va\u0161ich najmen\u0161\u00edch k\u00a0ob\u013e\u00faben\u00e9mu \u0161portu a\u00a0de\u0165om \u010dastokr\u00e1t sta\u010d\u00ed mali\u010dkos\u0165, aby ich o\u010dk\u00e1 \u017eiarili \u0161\u0165ast\u00edm. Ako \u0161ikovn\u00e1 in\u0161pir\u00e1cia v\u00e1m m\u00f4\u017ee posl\u00fa\u017ei\u0165 pr\u00e1ve tento \u010dl\u00e1nok.<\/strong><!--more--><\/p>\n<h2><strong>Detsk\u00fd cyklovoz\u00edk<\/strong><\/h2>\n<p>Praktick\u00fd <a href=\"https:\/\/www.paullange.sk\/produkty\/doplnky\/voziky\" rel=\"noopener\" target=\"_blank\">voz\u00edk na cyklov\u00fdlety<\/a>, beh alebo jednoducho ako v\u00fdborn\u00fd \u0161portov\u00fd ko\u010d\u00edk. V\u00fdrobcovia tvrdia, \u017ee s\u00fa <strong>vhodn\u00e9 u\u017e od prv\u00e9ho mesiaca veku die\u0165a\u0165a<\/strong>, k\u00a0tomu v\u0161ak v\u00e4\u010d\u0161inou potrebujete dok\u00fapi\u0165 takzvan\u00fd \u201emiminovn\u00edk\u201c. Od \u0161iestich mesiacov by to malo by\u0165 u\u017e v\u00a0poriadku, napriek tomu s\u00fa v\u00a0ponuke e\u0161te opierky hlavy aj pre tieto deti\u010dky. Ak b\u00fdvate v\u00a0bl\u00edzkosti asfaltovej cyklotrasy, m\u00f4\u017eete uva\u017eova\u0165 aj o modeloch bez odpru\u017eenia, v\u00a0opa\u010dnom pr\u00edpade bude <strong>kvalitn\u00e9 odpru\u017eenie t\u00fdm hlavn\u00fdm parametrom<\/strong>, ktor\u00fd rozhodne o\u00a0komforte va\u0161ej ratolesti pri spolo\u010dn\u00fdch v\u00fdletoch. V\u0161etko potrebn\u00e9 pre servis die\u0165atka potom ulo\u017e\u00edte do bato\u017einov\u00e9ho priestoru za n\u00edm a\u00a0<strong>hur\u00e1 za spolo\u010dn\u00fdmi dobrodru\u017estvami<\/strong>. Deti\u010dky s\u00a0\u00fa\u017easom vn\u00edmaj\u00fa v\u0161etko, \u010do sa okolo voz\u00edka mihne a\u00a0ke\u010f nie, tak sa tam aspo\u0148 doru\u017eova vyspinkaj\u00fa. Je to s\u00edce ve\u013ek\u00e1 invest\u00edcia, ale \u010do by sme pre deti nespravili. Teda nielen pre ne, ale aj ka\u017ed\u00e9ho \u201ecyklorodi\u010da\u201c ur\u010dite pote\u0161\u00ed, \u017ee v\u0161etky pozit\u00edvne z\u00e1\u017eitky z\u00a0bicyklovania <strong>m\u00f4\u017ee zdie\u013ea\u0165 so svojimi potomkami u\u017e od \u00fatleho detstva<\/strong>.<\/p>\n<div id='gallery-1' class='gallery galleryid-8868 gallery-columns-2 gallery-size-full'><figure class='gallery-item'>\n\t\t\t<div class='gallery-icon landscape'>\n\t\t\t\t<a href='https:\/\/d2p6e6u75xmxt8.cloudfront.net\/4\/2019\/11\/01_Vozik_1.webp'><img loading=\"lazy\" decoding=\"async\" width=\"1200\" height=\"800\" src=\"https:\/\/d2p6e6u75xmxt8.cloudfront.net\/4\/2019\/11\/01_Vozik_1.webp\" class=\"attachment-full size-full\" alt=\"\" srcset=\"https:\/\/d2p6e6u75xmxt8.cloudfront.net\/4\/2019\/11\/01_Vozik_1.webp 1200w, https:\/\/d2p6e6u75xmxt8.cloudfront.net\/4\/2019\/11\/01_Vozik_1-300x200.webp 300w, https:\/\/d2p6e6u75xmxt8.cloudfront.net\/4\/2019\/11\/01_Vozik_1-1024x683.webp 1024w, https:\/\/d2p6e6u75xmxt8.cloudfront.net\/4\/2019\/11\/01_Vozik_1-768x512.webp 768w, https:\/\/d2p6e6u75xmxt8.cloudfront.net\/4\/2019\/11\/01_Vozik_1-272x182.webp 272w\" sizes=\"auto, (max-width: 1200px) 100vw, 1200px\" \/><\/a>\n\t\t\t<\/div><\/figure><figure class='gallery-item'>\n\t\t\t<div class='gallery-icon landscape'>\n\t\t\t\t<a href='https:\/\/d2p6e6u75xmxt8.cloudfront.net\/4\/2019\/11\/02_Vozik_2.webp'><img loading=\"lazy\" decoding=\"async\" width=\"1200\" height=\"800\" src=\"https:\/\/d2p6e6u75xmxt8.cloudfront.net\/4\/2019\/11\/02_Vozik_2.webp\" class=\"attachment-full size-full\" alt=\"\" srcset=\"https:\/\/d2p6e6u75xmxt8.cloudfront.net\/4\/2019\/11\/02_Vozik_2.webp 1200w, https:\/\/d2p6e6u75xmxt8.cloudfront.net\/4\/2019\/11\/02_Vozik_2-300x200.webp 300w, https:\/\/d2p6e6u75xmxt8.cloudfront.net\/4\/2019\/11\/02_Vozik_2-1024x683.webp 1024w, https:\/\/d2p6e6u75xmxt8.cloudfront.net\/4\/2019\/11\/02_Vozik_2-768x512.webp 768w, https:\/\/d2p6e6u75xmxt8.cloudfront.net\/4\/2019\/11\/02_Vozik_2-272x182.webp 272w\" sizes=\"auto, (max-width: 1200px) 100vw, 1200px\" \/><\/a>\n\t\t\t<\/div><\/figure><figure class='gallery-item'>\n\t\t\t<div class='gallery-icon landscape'>\n\t\t\t\t<a href='https:\/\/d2p6e6u75xmxt8.cloudfront.net\/4\/2019\/11\/03_Vozik_3.webp'><img loading=\"lazy\" decoding=\"async\" width=\"1200\" height=\"800\" src=\"https:\/\/d2p6e6u75xmxt8.cloudfront.net\/4\/2019\/11\/03_Vozik_3.webp\" class=\"attachment-full size-full\" alt=\"\" srcset=\"https:\/\/d2p6e6u75xmxt8.cloudfront.net\/4\/2019\/11\/03_Vozik_3.webp 1200w, https:\/\/d2p6e6u75xmxt8.cloudfront.net\/4\/2019\/11\/03_Vozik_3-300x200.webp 300w, https:\/\/d2p6e6u75xmxt8.cloudfront.net\/4\/2019\/11\/03_Vozik_3-1024x683.webp 1024w, https:\/\/d2p6e6u75xmxt8.cloudfront.net\/4\/2019\/11\/03_Vozik_3-768x512.webp 768w, https:\/\/d2p6e6u75xmxt8.cloudfront.net\/4\/2019\/11\/03_Vozik_3-272x182.webp 272w\" sizes=\"auto, (max-width: 1200px) 100vw, 1200px\" \/><\/a>\n\t\t\t<\/div><\/figure><figure class='gallery-item'>\n\t\t\t<div class='gallery-icon landscape'>\n\t\t\t\t<a href='https:\/\/d2p6e6u75xmxt8.cloudfront.net\/4\/2019\/11\/04_Vozik_4.webp'><img loading=\"lazy\" decoding=\"async\" width=\"1200\" height=\"800\" src=\"https:\/\/d2p6e6u75xmxt8.cloudfront.net\/4\/2019\/11\/04_Vozik_4.webp\" class=\"attachment-full size-full\" alt=\"\" srcset=\"https:\/\/d2p6e6u75xmxt8.cloudfront.net\/4\/2019\/11\/04_Vozik_4.webp 1200w, https:\/\/d2p6e6u75xmxt8.cloudfront.net\/4\/2019\/11\/04_Vozik_4-300x200.webp 300w, https:\/\/d2p6e6u75xmxt8.cloudfront.net\/4\/2019\/11\/04_Vozik_4-1024x683.webp 1024w, https:\/\/d2p6e6u75xmxt8.cloudfront.net\/4\/2019\/11\/04_Vozik_4-768x512.webp 768w, https:\/\/d2p6e6u75xmxt8.cloudfront.net\/4\/2019\/11\/04_Vozik_4-272x182.webp 272w\" sizes=\"auto, (max-width: 1200px) 100vw, 1200px\" \/><\/a>\n\t\t\t<\/div><\/figure>\n\t\t<\/div>\n\n<h2><strong>Merino &#8211; funk\u010dn\u00e9 oble\u010denie<\/strong><\/h2>\n<p>Ak chcete, aby boli va\u0161e deti pri objavovan\u00ed sveta ako v\u00a0bavlnke, pre\u010do ich do tej bavlny rovno neobliec\u0165? Merino vlna je <strong>materi\u00e1l s\u00a0v\u00fdnimo\u010dn\u00fdmi vlastnos\u0165ami<\/strong>, hlavne v\u00fdborn\u00e1 termoregul\u00e1cia v\u010faka dut\u00fdm vl\u00e1knam, ktor\u00e1 funguje aj za vlhka, na poko\u017eke d\u00fdcha, je hypoalerg\u00e9nna, a\u00a0ke\u010f\u017ee ide o\u00a0pr\u00edrodn\u00fd materi\u00e1l, je aj ekologick\u00e1. \u0160ikovn\u00e1 Slovenka pon\u00faka v\u00fdrobky z\u00a0tohto materi\u00e1lu vhodn\u00e9 pre v\u0161etky mo\u017en\u00e9 tipy aktiv\u00edt. Pre najmen\u0161\u00edch sa v\u017edy hod\u00ed hrejiv\u00e1 pokr\u00fdvka hlavy alebo tepl\u00e9 <a href=\"https:\/\/froggywear.sk\/kategoria-produktu\/merino-termopradlo\/detske-termopradlo\/\" rel=\"noopener\" target=\"_blank\">termopr\u00e1dlo<\/a>.<\/p>\n<div id='gallery-2' class='gallery galleryid-8868 gallery-columns-2 gallery-size-full'><figure class='gallery-item'>\n\t\t\t<div class='gallery-icon landscape'>\n\t\t\t\t<a href='https:\/\/d2p6e6u75xmxt8.cloudfront.net\/4\/2019\/11\/05_Froggy_1.webp'><img loading=\"lazy\" decoding=\"async\" width=\"1200\" height=\"800\" src=\"https:\/\/d2p6e6u75xmxt8.cloudfront.net\/4\/2019\/11\/05_Froggy_1.webp\" class=\"attachment-full size-full\" alt=\"\" srcset=\"https:\/\/d2p6e6u75xmxt8.cloudfront.net\/4\/2019\/11\/05_Froggy_1.webp 1200w, https:\/\/d2p6e6u75xmxt8.cloudfront.net\/4\/2019\/11\/05_Froggy_1-300x200.webp 300w, https:\/\/d2p6e6u75xmxt8.cloudfront.net\/4\/2019\/11\/05_Froggy_1-1024x683.webp 1024w, https:\/\/d2p6e6u75xmxt8.cloudfront.net\/4\/2019\/11\/05_Froggy_1-768x512.webp 768w, https:\/\/d2p6e6u75xmxt8.cloudfront.net\/4\/2019\/11\/05_Froggy_1-272x182.webp 272w\" sizes=\"auto, (max-width: 1200px) 100vw, 1200px\" \/><\/a>\n\t\t\t<\/div><\/figure><figure class='gallery-item'>\n\t\t\t<div class='gallery-icon landscape'>\n\t\t\t\t<a href='https:\/\/d2p6e6u75xmxt8.cloudfront.net\/4\/2019\/11\/06_Froggy_2.webp'><img loading=\"lazy\" decoding=\"async\" width=\"1200\" height=\"800\" src=\"https:\/\/d2p6e6u75xmxt8.cloudfront.net\/4\/2019\/11\/06_Froggy_2.webp\" class=\"attachment-full size-full\" alt=\"\" srcset=\"https:\/\/d2p6e6u75xmxt8.cloudfront.net\/4\/2019\/11\/06_Froggy_2.webp 1200w, https:\/\/d2p6e6u75xmxt8.cloudfront.net\/4\/2019\/11\/06_Froggy_2-300x200.webp 300w, https:\/\/d2p6e6u75xmxt8.cloudfront.net\/4\/2019\/11\/06_Froggy_2-1024x683.webp 1024w, https:\/\/d2p6e6u75xmxt8.cloudfront.net\/4\/2019\/11\/06_Froggy_2-768x512.webp 768w, https:\/\/d2p6e6u75xmxt8.cloudfront.net\/4\/2019\/11\/06_Froggy_2-272x182.webp 272w\" sizes=\"auto, (max-width: 1200px) 100vw, 1200px\" \/><\/a>\n\t\t\t<\/div><\/figure>\n\t\t<\/div>\n\n<h2><strong>Mal\u00fd pretek\u00e1r?<\/strong><\/h2>\n<p>Peter Sagan je obrovsk\u00fd motiv\u00e1tor aj pre deti a\u00a0v\u010faka Detskej Tour Petra Sagana m\u00e1me na Slovensku podujatie pre mal\u00fdch bikerov na vysokej \u00farovni. Ak va\u0161a ratoles\u0165 v\u00a0uplynulej sez\u00f3ne nez\u00edskala v\u00ed\u0165azn\u00fd dres, st\u00e1le je <strong>mo\u017en\u00e9 doplni\u0165 zbierku oble\u010denia o\u00a0k\u00fasky<\/strong> s\u00a0logom <a href=\"https:\/\/eshop.eleven-sportswear.sk\/279-detska-tour-petra-sagana\" rel=\"noopener\" target=\"_blank\">Detskej Tour<\/a>. \u010ciapka, \u0161atka alebo rukavi\u010dky daj\u00fa okoloid\u00facim jasne najavo, \u010do je pre va\u0161e deti \u0161portom \u010d\u00edslo 1. <\/p>\n<div id='gallery-3' class='gallery galleryid-8868 gallery-columns-2 gallery-size-full'><figure class='gallery-item'>\n\t\t\t<div class='gallery-icon landscape'>\n\t\t\t\t<a href='https:\/\/d2p6e6u75xmxt8.cloudfront.net\/4\/2019\/11\/07_DTPS_Ciapka.webp'><img loading=\"lazy\" decoding=\"async\" width=\"1200\" height=\"800\" src=\"https:\/\/d2p6e6u75xmxt8.cloudfront.net\/4\/2019\/11\/07_DTPS_Ciapka.webp\" class=\"attachment-full size-full\" alt=\"\" srcset=\"https:\/\/d2p6e6u75xmxt8.cloudfront.net\/4\/2019\/11\/07_DTPS_Ciapka.webp 1200w, https:\/\/d2p6e6u75xmxt8.cloudfront.net\/4\/2019\/11\/07_DTPS_Ciapka-300x200.webp 300w, https:\/\/d2p6e6u75xmxt8.cloudfront.net\/4\/2019\/11\/07_DTPS_Ciapka-1024x683.webp 1024w, https:\/\/d2p6e6u75xmxt8.cloudfront.net\/4\/2019\/11\/07_DTPS_Ciapka-768x512.webp 768w, https:\/\/d2p6e6u75xmxt8.cloudfront.net\/4\/2019\/11\/07_DTPS_Ciapka-272x182.webp 272w\" sizes=\"auto, (max-width: 1200px) 100vw, 1200px\" \/><\/a>\n\t\t\t<\/div><\/figure><figure class='gallery-item'>\n\t\t\t<div class='gallery-icon landscape'>\n\t\t\t\t<a href='https:\/\/d2p6e6u75xmxt8.cloudfront.net\/4\/2019\/11\/08_DTPS_Satka.webp'><img loading=\"lazy\" decoding=\"async\" width=\"1200\" height=\"800\" src=\"https:\/\/d2p6e6u75xmxt8.cloudfront.net\/4\/2019\/11\/08_DTPS_Satka.webp\" class=\"attachment-full size-full\" alt=\"\" srcset=\"https:\/\/d2p6e6u75xmxt8.cloudfront.net\/4\/2019\/11\/08_DTPS_Satka.webp 1200w, https:\/\/d2p6e6u75xmxt8.cloudfront.net\/4\/2019\/11\/08_DTPS_Satka-300x200.webp 300w, https:\/\/d2p6e6u75xmxt8.cloudfront.net\/4\/2019\/11\/08_DTPS_Satka-1024x683.webp 1024w, https:\/\/d2p6e6u75xmxt8.cloudfront.net\/4\/2019\/11\/08_DTPS_Satka-768x512.webp 768w, https:\/\/d2p6e6u75xmxt8.cloudfront.net\/4\/2019\/11\/08_DTPS_Satka-272x182.webp 272w\" sizes=\"auto, (max-width: 1200px) 100vw, 1200px\" \/><\/a>\n\t\t\t<\/div><\/figure>\n\t\t<\/div>\n\n<h2><strong>Odraz do sveta cyklistiky<\/strong><\/h2>\n<p>Z\u00e1kladom pohybu na dvoch koles\u00e1ch je rovnov\u00e1ha a\u00a0<a href=\"https:\/\/www.mtbiker.sk\/shop\/bicykle\/detske-bicykle\/12-palcove-odrazadla\" rel=\"noopener\" target=\"_blank\">odr\u00e1\u017eadlo<\/a> je pre n\u00e1dejn\u00fdch bikerov na u\u010denie sa tejto zru\u010dnosti <strong>ide\u00e1lny n\u00e1stroj<\/strong>. Deti ho dok\u00e1\u017eu zvl\u00e1da\u0165 intuit\u00edvne, v\u00a0prvom rade ich v\u0161ak treba nau\u010di\u0165 brzdi\u0165. Za\u010diatky s\u00fa teda viac ako vhodn\u00e9 na uzavretom detskom ihrisku alebo inej oplotenej ploche. \u010casto toti\u017e m\u00f4\u017eete by\u0165 svedkami toho, ako rodi\u010dia na hranici infarktu pod\u00e1vaj\u00fa \u0161print\u00e9rsky v\u00fdkon roka za <strong>mal\u00fdm lapajom na kolieskach<\/strong>.<\/p>\n<div id='gallery-4' class='gallery galleryid-8868 gallery-columns-2 gallery-size-full'><figure class='gallery-item'>\n\t\t\t<div class='gallery-icon landscape'>\n\t\t\t\t<a href='https:\/\/d2p6e6u75xmxt8.cloudfront.net\/4\/2019\/11\/09_odrazadlo_1.webp'><img loading=\"lazy\" decoding=\"async\" width=\"1200\" height=\"800\" src=\"https:\/\/d2p6e6u75xmxt8.cloudfront.net\/4\/2019\/11\/09_odrazadlo_1.webp\" class=\"attachment-full size-full\" alt=\"\" srcset=\"https:\/\/d2p6e6u75xmxt8.cloudfront.net\/4\/2019\/11\/09_odrazadlo_1.webp 1200w, https:\/\/d2p6e6u75xmxt8.cloudfront.net\/4\/2019\/11\/09_odrazadlo_1-300x200.webp 300w, https:\/\/d2p6e6u75xmxt8.cloudfront.net\/4\/2019\/11\/09_odrazadlo_1-1024x683.webp 1024w, https:\/\/d2p6e6u75xmxt8.cloudfront.net\/4\/2019\/11\/09_odrazadlo_1-768x512.webp 768w, https:\/\/d2p6e6u75xmxt8.cloudfront.net\/4\/2019\/11\/09_odrazadlo_1-272x182.webp 272w\" sizes=\"auto, (max-width: 1200px) 100vw, 1200px\" \/><\/a>\n\t\t\t<\/div><\/figure><figure class='gallery-item'>\n\t\t\t<div class='gallery-icon landscape'>\n\t\t\t\t<a href='https:\/\/d2p6e6u75xmxt8.cloudfront.net\/4\/2019\/11\/10_odrazadlo_2.webp'><img loading=\"lazy\" decoding=\"async\" width=\"1200\" height=\"800\" src=\"https:\/\/d2p6e6u75xmxt8.cloudfront.net\/4\/2019\/11\/10_odrazadlo_2.webp\" class=\"attachment-full size-full\" alt=\"\" srcset=\"https:\/\/d2p6e6u75xmxt8.cloudfront.net\/4\/2019\/11\/10_odrazadlo_2.webp 1200w, https:\/\/d2p6e6u75xmxt8.cloudfront.net\/4\/2019\/11\/10_odrazadlo_2-300x200.webp 300w, https:\/\/d2p6e6u75xmxt8.cloudfront.net\/4\/2019\/11\/10_odrazadlo_2-1024x683.webp 1024w, https:\/\/d2p6e6u75xmxt8.cloudfront.net\/4\/2019\/11\/10_odrazadlo_2-768x512.webp 768w, https:\/\/d2p6e6u75xmxt8.cloudfront.net\/4\/2019\/11\/10_odrazadlo_2-272x182.webp 272w\" sizes=\"auto, (max-width: 1200px) 100vw, 1200px\" \/><\/a>\n\t\t\t<\/div><\/figure>\n\t\t<\/div>\n\n<h2><strong>S\u00a0dovolen\u00edm?<\/strong><\/h2>\n<p>V minulosti bol len jeden model <a href=\"https:\/\/eshop.dema.bike\/catalog\/category\/67_zvonceky-amp-klaksony\/\" rel=\"noopener\" target=\"_blank\">zvon\u010deka<\/a> a jeho <strong>zvuk bol pre deti priam magick\u00fd<\/strong>. Navy\u0161e so zatajen\u00fdm dychom sme pozerali, ke\u010f star\u00fd otec odokryl vn\u00fatro zvon\u010deka pln\u00e9 mal\u00fdch koliesok a\u00a0pru\u017einiek, aby ho opravil. Na\u0161\u0165astie sa to v\u017edy podarilo a\u00a0mohli sme \u010falej veselo vyzv\u00e1\u0148a\u0165 na cel\u00fa ulicu. Dnes je na v\u00fdber tak\u00e9 mno\u017estvo dizajnov\u00fdch k\u00faskov, ktor\u00e9 sa <strong>iste zap\u00e1\u010dia nejedn\u00e9mu drobcovi<\/strong> a\u00a0kr\u00e1sne sa hodia k\u00a0jeho bicyklu \u010di odr\u00e1\u017eadlu. Ve\u010f predsa mus\u00ed da\u0165 nejako o\u00a0sebe vedie\u0165, <strong>\u017ee vyr\u00e1\u017ea do sveta.<\/strong>.<\/p>\n<div id='gallery-5' class='gallery galleryid-8868 gallery-columns-2 gallery-size-full'><figure class='gallery-item'>\n\t\t\t<div class='gallery-icon landscape'>\n\t\t\t\t<a href='https:\/\/d2p6e6u75xmxt8.cloudfront.net\/4\/2019\/11\/11_zvoncek1.webp'><img loading=\"lazy\" decoding=\"async\" width=\"1200\" height=\"800\" src=\"https:\/\/d2p6e6u75xmxt8.cloudfront.net\/4\/2019\/11\/11_zvoncek1.webp\" class=\"attachment-full size-full\" alt=\"\" srcset=\"https:\/\/d2p6e6u75xmxt8.cloudfront.net\/4\/2019\/11\/11_zvoncek1.webp 1200w, https:\/\/d2p6e6u75xmxt8.cloudfront.net\/4\/2019\/11\/11_zvoncek1-300x200.webp 300w, https:\/\/d2p6e6u75xmxt8.cloudfront.net\/4\/2019\/11\/11_zvoncek1-1024x683.webp 1024w, https:\/\/d2p6e6u75xmxt8.cloudfront.net\/4\/2019\/11\/11_zvoncek1-768x512.webp 768w, https:\/\/d2p6e6u75xmxt8.cloudfront.net\/4\/2019\/11\/11_zvoncek1-272x182.webp 272w\" sizes=\"auto, (max-width: 1200px) 100vw, 1200px\" \/><\/a>\n\t\t\t<\/div><\/figure><figure class='gallery-item'>\n\t\t\t<div class='gallery-icon landscape'>\n\t\t\t\t<a href='https:\/\/d2p6e6u75xmxt8.cloudfront.net\/4\/2019\/11\/12_zvoncek2.webp'><img loading=\"lazy\" decoding=\"async\" width=\"1200\" height=\"800\" src=\"https:\/\/d2p6e6u75xmxt8.cloudfront.net\/4\/2019\/11\/12_zvoncek2.webp\" class=\"attachment-full size-full\" alt=\"\" srcset=\"https:\/\/d2p6e6u75xmxt8.cloudfront.net\/4\/2019\/11\/12_zvoncek2.webp 1200w, https:\/\/d2p6e6u75xmxt8.cloudfront.net\/4\/2019\/11\/12_zvoncek2-300x200.webp 300w, https:\/\/d2p6e6u75xmxt8.cloudfront.net\/4\/2019\/11\/12_zvoncek2-1024x683.webp 1024w, https:\/\/d2p6e6u75xmxt8.cloudfront.net\/4\/2019\/11\/12_zvoncek2-768x512.webp 768w, https:\/\/d2p6e6u75xmxt8.cloudfront.net\/4\/2019\/11\/12_zvoncek2-272x182.webp 272w\" sizes=\"auto, (max-width: 1200px) 100vw, 1200px\" \/><\/a>\n\t\t\t<\/div><\/figure><figure class='gallery-item'>\n\t\t\t<div class='gallery-icon landscape'>\n\t\t\t\t<a href='https:\/\/d2p6e6u75xmxt8.cloudfront.net\/4\/2019\/11\/13_zvoncek3.webp'><img loading=\"lazy\" decoding=\"async\" width=\"1200\" height=\"800\" src=\"https:\/\/d2p6e6u75xmxt8.cloudfront.net\/4\/2019\/11\/13_zvoncek3.webp\" class=\"attachment-full size-full\" alt=\"\" srcset=\"https:\/\/d2p6e6u75xmxt8.cloudfront.net\/4\/2019\/11\/13_zvoncek3.webp 1200w, https:\/\/d2p6e6u75xmxt8.cloudfront.net\/4\/2019\/11\/13_zvoncek3-300x200.webp 300w, https:\/\/d2p6e6u75xmxt8.cloudfront.net\/4\/2019\/11\/13_zvoncek3-1024x683.webp 1024w, https:\/\/d2p6e6u75xmxt8.cloudfront.net\/4\/2019\/11\/13_zvoncek3-768x512.webp 768w, https:\/\/d2p6e6u75xmxt8.cloudfront.net\/4\/2019\/11\/13_zvoncek3-272x182.webp 272w\" sizes=\"auto, (max-width: 1200px) 100vw, 1200px\" \/><\/a>\n\t\t\t<\/div><\/figure><figure class='gallery-item'>\n\t\t\t<div class='gallery-icon landscape'>\n\t\t\t\t<a href='https:\/\/d2p6e6u75xmxt8.cloudfront.net\/4\/2019\/11\/14_zvoncek_4.webp'><img loading=\"lazy\" decoding=\"async\" width=\"1200\" height=\"800\" src=\"https:\/\/d2p6e6u75xmxt8.cloudfront.net\/4\/2019\/11\/14_zvoncek_4.webp\" class=\"attachment-full size-full\" alt=\"\" srcset=\"https:\/\/d2p6e6u75xmxt8.cloudfront.net\/4\/2019\/11\/14_zvoncek_4.webp 1200w, https:\/\/d2p6e6u75xmxt8.cloudfront.net\/4\/2019\/11\/14_zvoncek_4-300x200.webp 300w, https:\/\/d2p6e6u75xmxt8.cloudfront.net\/4\/2019\/11\/14_zvoncek_4-1024x683.webp 1024w, https:\/\/d2p6e6u75xmxt8.cloudfront.net\/4\/2019\/11\/14_zvoncek_4-768x512.webp 768w, https:\/\/d2p6e6u75xmxt8.cloudfront.net\/4\/2019\/11\/14_zvoncek_4-272x182.webp 272w\" sizes=\"auto, (max-width: 1200px) 100vw, 1200px\" \/><\/a>\n\t\t\t<\/div><\/figure>\n\t\t<\/div>\n\n<h2><strong>Hlavi\u010dka v\u017edy v\u00a0bezpe\u010d\u00ed<\/strong><\/h2>\n<p>Aj ke\u010f nov\u00fd z\u00e1kon up\u00fa\u0161\u0165a od povinnosti nosi\u0165 prilbu u dospel\u00fdch jazdcoch, <strong>pri de\u0165och t\u00e1to povinnos\u0165 ost\u00e1va<\/strong>. Na to, aby si rozumn\u00fd \u010dlovek chr\u00e1nil hlavu nepotrebuje z\u00e1kony a\u00a0aby zabezpe\u010dil ochranu pre svoje die\u0165a u\u017e v\u00f4bec nie. Dnes je <a href=\"https:\/\/www.kellysbike.com\/sk\/prilby-c166\/kategoria-deti\" rel=\"noopener\" target=\"_blank\">ponuka<\/a> naozaj \u0161irok\u00e1 a\u00a0je z\u00a0\u010doho si vybera\u0165 na z\u00e1klade tvaru, hmotnosti, po\u010dtu vetrac\u00edch otvorov \u010di jednoduchosti up\u00ednacieho syst\u00e9mu. Obal pred\u00e1va, tak\u017ee o\u00a0mno\u017estvo kr\u00e1snych a\u00a0zauj\u00edmav\u00fdch dekor\u00e1ci\u00ed rozhodne <strong>na trhu nie je n\u00fadza<\/strong> a\u00a0\u013eahko n\u00e1jdete k\u00fasok, ktor\u00fd bude ako stvoren\u00fd pr\u00e1ve pre v\u00e1\u0161ho bikera \u010di bikerku.<\/p>\n<div id='gallery-6' class='gallery galleryid-8868 gallery-columns-2 gallery-size-full'><figure class='gallery-item'>\n\t\t\t<div class='gallery-icon landscape'>\n\t\t\t\t<a href='https:\/\/d2p6e6u75xmxt8.cloudfront.net\/4\/2019\/11\/15_Prilba_1.JPG.webp'><img loading=\"lazy\" decoding=\"async\" width=\"1200\" height=\"800\" src=\"https:\/\/d2p6e6u75xmxt8.cloudfront.net\/4\/2019\/11\/15_Prilba_1.JPG.webp\" class=\"attachment-full size-full\" alt=\"\" srcset=\"https:\/\/d2p6e6u75xmxt8.cloudfront.net\/4\/2019\/11\/15_Prilba_1.JPG.webp 1200w, https:\/\/d2p6e6u75xmxt8.cloudfront.net\/4\/2019\/11\/15_Prilba_1.JPG-300x200.webp 300w, https:\/\/d2p6e6u75xmxt8.cloudfront.net\/4\/2019\/11\/15_Prilba_1.JPG-1024x683.webp 1024w, https:\/\/d2p6e6u75xmxt8.cloudfront.net\/4\/2019\/11\/15_Prilba_1.JPG-768x512.webp 768w, https:\/\/d2p6e6u75xmxt8.cloudfront.net\/4\/2019\/11\/15_Prilba_1.JPG-272x182.webp 272w\" sizes=\"auto, (max-width: 1200px) 100vw, 1200px\" \/><\/a>\n\t\t\t<\/div><\/figure><figure class='gallery-item'>\n\t\t\t<div class='gallery-icon landscape'>\n\t\t\t\t<a href='https:\/\/d2p6e6u75xmxt8.cloudfront.net\/4\/2019\/11\/15a_Prilba2.webp'><img loading=\"lazy\" decoding=\"async\" width=\"1200\" height=\"800\" src=\"https:\/\/d2p6e6u75xmxt8.cloudfront.net\/4\/2019\/11\/15a_Prilba2.webp\" class=\"attachment-full size-full\" alt=\"\" srcset=\"https:\/\/d2p6e6u75xmxt8.cloudfront.net\/4\/2019\/11\/15a_Prilba2.webp 1200w, https:\/\/d2p6e6u75xmxt8.cloudfront.net\/4\/2019\/11\/15a_Prilba2-300x200.webp 300w, https:\/\/d2p6e6u75xmxt8.cloudfront.net\/4\/2019\/11\/15a_Prilba2-1024x683.webp 1024w, https:\/\/d2p6e6u75xmxt8.cloudfront.net\/4\/2019\/11\/15a_Prilba2-768x512.webp 768w, https:\/\/d2p6e6u75xmxt8.cloudfront.net\/4\/2019\/11\/15a_Prilba2-272x182.webp 272w\" sizes=\"auto, (max-width: 1200px) 100vw, 1200px\" \/><\/a>\n\t\t\t<\/div><\/figure><figure class='gallery-item'>\n\t\t\t<div class='gallery-icon landscape'>\n\t\t\t\t<a href='https:\/\/d2p6e6u75xmxt8.cloudfront.net\/4\/2019\/11\/16_Prilba_2.JPG.webp'><img loading=\"lazy\" decoding=\"async\" width=\"1200\" height=\"800\" src=\"https:\/\/d2p6e6u75xmxt8.cloudfront.net\/4\/2019\/11\/16_Prilba_2.JPG.webp\" class=\"attachment-full size-full\" alt=\"\" srcset=\"https:\/\/d2p6e6u75xmxt8.cloudfront.net\/4\/2019\/11\/16_Prilba_2.JPG.webp 1200w, https:\/\/d2p6e6u75xmxt8.cloudfront.net\/4\/2019\/11\/16_Prilba_2.JPG-300x200.webp 300w, https:\/\/d2p6e6u75xmxt8.cloudfront.net\/4\/2019\/11\/16_Prilba_2.JPG-1024x683.webp 1024w, https:\/\/d2p6e6u75xmxt8.cloudfront.net\/4\/2019\/11\/16_Prilba_2.JPG-768x512.webp 768w, https:\/\/d2p6e6u75xmxt8.cloudfront.net\/4\/2019\/11\/16_Prilba_2.JPG-272x182.webp 272w\" sizes=\"auto, (max-width: 1200px) 100vw, 1200px\" \/><\/a>\n\t\t\t<\/div><\/figure><figure class='gallery-item'>\n\t\t\t<div class='gallery-icon landscape'>\n\t\t\t\t<a href='https:\/\/d2p6e6u75xmxt8.cloudfront.net\/4\/2019\/11\/16a_Prilba3.webp'><img loading=\"lazy\" decoding=\"async\" width=\"1200\" height=\"800\" src=\"https:\/\/d2p6e6u75xmxt8.cloudfront.net\/4\/2019\/11\/16a_Prilba3.webp\" class=\"attachment-full size-full\" alt=\"\" srcset=\"https:\/\/d2p6e6u75xmxt8.cloudfront.net\/4\/2019\/11\/16a_Prilba3.webp 1200w, https:\/\/d2p6e6u75xmxt8.cloudfront.net\/4\/2019\/11\/16a_Prilba3-300x200.webp 300w, https:\/\/d2p6e6u75xmxt8.cloudfront.net\/4\/2019\/11\/16a_Prilba3-1024x683.webp 1024w, https:\/\/d2p6e6u75xmxt8.cloudfront.net\/4\/2019\/11\/16a_Prilba3-768x512.webp 768w, https:\/\/d2p6e6u75xmxt8.cloudfront.net\/4\/2019\/11\/16a_Prilba3-272x182.webp 272w\" sizes=\"auto, (max-width: 1200px) 100vw, 1200px\" \/><\/a>\n\t\t\t<\/div><\/figure>\n\t\t<\/div>\n\n<h2><strong>No\u010dn\u00fd v\u00fdjazd? Pre\u010do nie.<\/strong><\/h2>\n<p>Prida\u0165 tro\u0161ku tajomna a\u00a0adrenal\u00ednu a\u00a0be\u017en\u00fa jazdu na bicykli e\u0161te <strong>okoreni\u0165 tmou<\/strong>, je \u010fal\u0161ia mo\u017enos\u0165 ako za\u017ei\u0165 s\u00a0de\u0165mi na biku nie\u010do nev\u0161edn\u00e9. Netreba v\u0161ak chodi\u0165 uprostred noci do lesa, ur\u010dite posta\u010d\u00ed aj mestsk\u00fd park alebo in\u00e9 miesto, kde sa vyhnete doprave a\u00a0aspo\u0148 tro\u0161ku sa <strong>vzdialite od sveteln\u00e9ho smogu mesta<\/strong>. Aby ste tak urobili s\u00a0d\u00f4razom na bezpe\u010dnos\u0165, je treba myslie\u0165 na <a href=\"https:\/\/www.mtbiker.sk\/shop\/prislusenstvo\/svetla\/predne\/knog-svetlo-pop-1--predne-model-2018.html\" rel=\"noopener\" target=\"_blank\">poriadne osvetlenie<\/a>. Ur\u010dite n\u00e1jdete svetl\u00e1 aj s\u00a0detsk\u00fdmi mot\u00edvmi, \u0161pecialitkou s\u00fa potom svetl\u00e1, ktor\u00e9 sa montuj\u00fa do v\u00fdpletu kolesa a\u00a0<strong>pri jazde vytv\u00e1raj\u00fa r\u00f4znofarebn\u00e9 efekty<\/strong>. Tak\u017ee kreat\u00edvne osvetlenie biku dok\u00e1\u017ee z\u00a0va\u0161ej ratolesti razom spravi\u0165 kr\u00e1\u013ea s\u00eddliskov\u00e9ho ihriska, len \u010do sa zotmie.<\/p>\n<div id='gallery-7' class='gallery galleryid-8868 gallery-columns-2 gallery-size-full'><figure class='gallery-item'>\n\t\t\t<div class='gallery-icon landscape'>\n\t\t\t\t<a href='https:\/\/d2p6e6u75xmxt8.cloudfront.net\/4\/2019\/11\/17_Svetlo_1.webp'><img loading=\"lazy\" decoding=\"async\" width=\"1200\" height=\"800\" src=\"https:\/\/d2p6e6u75xmxt8.cloudfront.net\/4\/2019\/11\/17_Svetlo_1.webp\" class=\"attachment-full size-full\" alt=\"\" srcset=\"https:\/\/d2p6e6u75xmxt8.cloudfront.net\/4\/2019\/11\/17_Svetlo_1.webp 1200w, https:\/\/d2p6e6u75xmxt8.cloudfront.net\/4\/2019\/11\/17_Svetlo_1-300x200.webp 300w, https:\/\/d2p6e6u75xmxt8.cloudfront.net\/4\/2019\/11\/17_Svetlo_1-1024x683.webp 1024w, https:\/\/d2p6e6u75xmxt8.cloudfront.net\/4\/2019\/11\/17_Svetlo_1-768x512.webp 768w, https:\/\/d2p6e6u75xmxt8.cloudfront.net\/4\/2019\/11\/17_Svetlo_1-272x182.webp 272w\" sizes=\"auto, (max-width: 1200px) 100vw, 1200px\" \/><\/a>\n\t\t\t<\/div><\/figure><figure class='gallery-item'>\n\t\t\t<div class='gallery-icon landscape'>\n\t\t\t\t<a href='https:\/\/d2p6e6u75xmxt8.cloudfront.net\/4\/2019\/11\/18_Svetlo_2.gif'><img loading=\"lazy\" decoding=\"async\" width=\"1000\" height=\"1000\" src=\"https:\/\/d2p6e6u75xmxt8.cloudfront.net\/4\/2019\/11\/18_Svetlo_2.gif\" class=\"attachment-full size-full\" alt=\"\" \/><\/a>\n\t\t\t<\/div><\/figure>\n\t\t<\/div>\n\n<h2><strong>Monitor aktivity pre deti<\/strong><\/h2>\n<p>Zo v\u0161etk\u00fdch str\u00e1n po\u010d\u00favame ako kles\u00e1 kond\u00edcia na\u0161ich det\u00ed, ako tr\u00e1via hodiny pri po\u010d\u00edta\u010doch, tabletoch a\u00a0in\u00fdch hr\u00e1ch a\u00a0z telesnej v\u00fdchovy sa ulievaj\u00fa. \u010co poviete na hru, v\u00a0ktorej je hlavnou prioritou pohyb? Verzia \u201eSmart\u201c <a href=\"https:\/\/www.garmin.sk\/sportove-zdravie-monitor-aktivity-pre-deti_c328.html\" rel=\"noopener\" target=\"_blank\">hodiniek pre deti<\/a> pon\u00faka pr\u00e1ve <strong>monitorovanie dennej aktivity v\u00a0podobe krokov prejden\u00fdch za de\u0148<\/strong>. Kompaktn\u00fd dizajn, n\u00edzka hmotnos\u0165, vodeodolnos\u0165 a\u00a0a\u017e ro\u010dn\u00e1 v\u00fddr\u017e bat\u00e9rie umo\u017e\u0148uje nosi\u0165 tento n\u00e1ramok bez prestania, a\u00a0tak vyu\u017ei\u0165 aj <strong>monitorovanie kvality sp\u00e1nku<\/strong>. Dokonca je mo\u017en\u00e9 pl\u00e1nova\u0165 pre die\u0165a \u00falohy, po ktor\u00fdch splnen\u00ed z\u00edska odmeny. Je to pr\u00edle\u017eitos\u0165 napr\u00edklad zasl\u00fa\u017ei\u0165 si vreckov\u00e9 :-). Po sp\u00e1rovan\u00ed s\u00a0telef\u00f3nom m\u00e1te v\u00a0ruk\u00e1ch <strong>v\u0161etky \u00fadaje a\u00a0mo\u017enosti nastavenia<\/strong> a\u00a0ak vlastn\u00edte podobn\u00e9 zariadenie, m\u00f4\u017eete si stanovi\u0165 v\u00fdzvu na po\u010det prejden\u00fdch krokov, a\u00a0tak do s\u00fa\u0165a\u017ee <strong>zapoji\u0165 cel\u00fa rodinu<\/strong>.<\/p>\n<div id='gallery-8' class='gallery galleryid-8868 gallery-columns-2 gallery-size-full'><figure class='gallery-item'>\n\t\t\t<div class='gallery-icon landscape'>\n\t\t\t\t<a href='https:\/\/d2p6e6u75xmxt8.cloudfront.net\/4\/2019\/11\/19_Naramok_1.JPG.webp'><img loading=\"lazy\" decoding=\"async\" width=\"1200\" height=\"800\" src=\"https:\/\/d2p6e6u75xmxt8.cloudfront.net\/4\/2019\/11\/19_Naramok_1.JPG.webp\" class=\"attachment-full size-full\" alt=\"\" srcset=\"https:\/\/d2p6e6u75xmxt8.cloudfront.net\/4\/2019\/11\/19_Naramok_1.JPG.webp 1200w, https:\/\/d2p6e6u75xmxt8.cloudfront.net\/4\/2019\/11\/19_Naramok_1.JPG-300x200.webp 300w, https:\/\/d2p6e6u75xmxt8.cloudfront.net\/4\/2019\/11\/19_Naramok_1.JPG-1024x683.webp 1024w, https:\/\/d2p6e6u75xmxt8.cloudfront.net\/4\/2019\/11\/19_Naramok_1.JPG-768x512.webp 768w, https:\/\/d2p6e6u75xmxt8.cloudfront.net\/4\/2019\/11\/19_Naramok_1.JPG-272x182.webp 272w\" sizes=\"auto, (max-width: 1200px) 100vw, 1200px\" \/><\/a>\n\t\t\t<\/div><\/figure><figure class='gallery-item'>\n\t\t\t<div class='gallery-icon landscape'>\n\t\t\t\t<a href='https:\/\/d2p6e6u75xmxt8.cloudfront.net\/4\/2019\/11\/20_Naramok_2.JPG.webp'><img loading=\"lazy\" decoding=\"async\" width=\"1200\" height=\"800\" src=\"https:\/\/d2p6e6u75xmxt8.cloudfront.net\/4\/2019\/11\/20_Naramok_2.JPG.webp\" class=\"attachment-full size-full\" alt=\"\" srcset=\"https:\/\/d2p6e6u75xmxt8.cloudfront.net\/4\/2019\/11\/20_Naramok_2.JPG.webp 1200w, https:\/\/d2p6e6u75xmxt8.cloudfront.net\/4\/2019\/11\/20_Naramok_2.JPG-300x200.webp 300w, https:\/\/d2p6e6u75xmxt8.cloudfront.net\/4\/2019\/11\/20_Naramok_2.JPG-1024x683.webp 1024w, https:\/\/d2p6e6u75xmxt8.cloudfront.net\/4\/2019\/11\/20_Naramok_2.JPG-768x512.webp 768w, https:\/\/d2p6e6u75xmxt8.cloudfront.net\/4\/2019\/11\/20_Naramok_2.JPG-272x182.webp 272w\" sizes=\"auto, (max-width: 1200px) 100vw, 1200px\" \/><\/a>\n\t\t\t<\/div><\/figure>\n\t\t<\/div>\n\n<div class=\"shortcode-ys-post-pinup\"><article class=\"loop-simple post-8735 post type-post status-publish format-standard has-post-thumbnail hentry category-nakupny-poradca tag-bicyklovanie tag-cestna-cyklistika tag-motivacia tag-nakup tag-nakupny-poradca tag-oblecenie tag-prilba tag-slovensko tag-vianoce tag-vyziva tag-zenska-cyklistika tag-zeny tag-zima global-categories-cycling\" data-postid=\"8735\" role=\"article\" data-post-id=\"8735\" data-word-count=\"744\" data-headline-length=\"54\" data-category=\"N\u00e1kupn\u00fd poradca\" data-global-category=\"Cycling\" data-author=\"We Love Cycling\" data-published=\"2019-11-25T09:18:51+01:00\" data-published-day=\"Monday\">\n    <div class=\"entry-thumbnail article-thumbnail\" content=\"https:\/\/d2p6e6u75xmxt8.cloudfront.net\/4\/2019\/11\/VD_bikerka-150x150.webp\"><a href=\"https:\/\/www.welovecycling.com\/sk\/2019\/11\/25\/vianocne-darceky-pre-bikerku-vyrobene-na-slovensku\/\" class=\"image-holder\" target=\"_self\"><img decoding=\"async\" loading=\"lazy\" class=\"\" src=\"https:\/\/d2p6e6u75xmxt8.cloudfront.net\/4\/2019\/11\/VD_bikerka-1024x445.webp\" srcset=\"https:\/\/d2p6e6u75xmxt8.cloudfront.net\/4\/2019\/11\/VD_bikerka.webp 1380w, https:\/\/d2p6e6u75xmxt8.cloudfront.net\/4\/2019\/11\/VD_bikerka-300x130.webp 300w, https:\/\/d2p6e6u75xmxt8.cloudfront.net\/4\/2019\/11\/VD_bikerka-1024x445.webp 1024w, https:\/\/d2p6e6u75xmxt8.cloudfront.net\/4\/2019\/11\/VD_bikerka-768x334.webp 768w\" width=\"1024\" height=\"445\" sizes=\"auto, (min-width: 1200px) 460px, (min-width: 768px) 38vw, 100vw\" alt=\"vianocne-darceky-pre-bikerku-vyrobene-na-slovensku\"\/><\/a><\/div>    <div class=\"entry-meta\">\n        <a class=\"label label-secondary post-category\" href=\"https:\/\/www.welovecycling.com\/sk\/category\/nakupny-poradca\/\" title=\"N\u00e1kupn\u00fd poradca\">N\u00e1kupn\u00fd poradca<\/a>\n    <\/div>\n    <div class=\"entry-details\">\n        <a href=\"https:\/\/www.welovecycling.com\/sk\/2019\/11\/25\/vianocne-darceky-pre-bikerku-vyrobene-na-slovensku\/\" class='entry-title-wrapper'>\n            <h3 class=\"entry-title\"><span>Viano\u010dn\u00e9 dar\u010deky pre bikerku vyroben\u00e9 na Slovensku<\/span><\/h3>\n        <\/a>\n    <\/div>\n    <\/article>\n<\/div>\n<h2><strong>Tematick\u00e9 oble\u010denie<\/strong><\/h2>\n<p>Od det\u00ed pod viano\u010dn\u00fdm strom\u010dekom po\u010du\u0165 \u010dasto t\u00fato vetu: <em>\u201eZasa oble\u010denie.\u201c<\/em> Sklamaniu v detsk\u00fdch o\u010dk\u00e1ch sa mo\u017eno \u013eahko vyhn\u00fa\u0165, ak sa poobzer\u00e1te po <strong>vzorovan\u00fdch k\u00faskoch<\/strong>, napr\u00edklad aj s\u00a0cyklotematikou. Zrazu aj tak\u00e1 drobnos\u0165 ako <a href=\"https:\/\/www.fusakle.sk\/catalogsearch\/result\/?q=+cyklista\" rel=\"noopener\" target=\"_blank\">pono\u017eky<\/a> alebo py\u017eamo dost\u00e1vaj\u00fa in\u00fd rozmer. Nako\u013eko v\u00a0ka\u017edom z\u00a0n\u00e1s ur\u010dite drieme hravos\u0165 det\u00ed. Tak toto je vlastne aj bonusov\u00fd tip pre vesel\u00fa mali\u010dkos\u0165 pre na\u0161e polovi\u010dky. <strong>MY teda ideme p\u00edsa\u0165 Je\u017ei\u0161kovi :-).<\/strong><\/p>\n<div id='gallery-9' class='gallery galleryid-8735 gallery-columns-2 gallery-size-full'><figure class='gallery-item'>\n\t\t\t<div class='gallery-icon landscape'>\n\t\t\t\t<a href='https:\/\/d2p6e6u75xmxt8.cloudfront.net\/4\/2019\/11\/21_Ponozky_1.webp'><img loading=\"lazy\" decoding=\"async\" width=\"1200\" height=\"800\" src=\"https:\/\/d2p6e6u75xmxt8.cloudfront.net\/4\/2019\/11\/21_Ponozky_1.webp\" class=\"attachment-full size-full\" alt=\"\" srcset=\"https:\/\/d2p6e6u75xmxt8.cloudfront.net\/4\/2019\/11\/21_Ponozky_1.webp 1200w, https:\/\/d2p6e6u75xmxt8.cloudfront.net\/4\/2019\/11\/21_Ponozky_1-300x200.webp 300w, https:\/\/d2p6e6u75xmxt8.cloudfront.net\/4\/2019\/11\/21_Ponozky_1-1024x683.webp 1024w, https:\/\/d2p6e6u75xmxt8.cloudfront.net\/4\/2019\/11\/21_Ponozky_1-768x512.webp 768w, https:\/\/d2p6e6u75xmxt8.cloudfront.net\/4\/2019\/11\/21_Ponozky_1-272x182.webp 272w\" sizes=\"auto, (max-width: 1200px) 100vw, 1200px\" \/><\/a>\n\t\t\t<\/div><\/figure><figure class='gallery-item'>\n\t\t\t<div class='gallery-icon landscape'>\n\t\t\t\t<a href='https:\/\/d2p6e6u75xmxt8.cloudfront.net\/4\/2019\/11\/22_Ponozky_2.webp'><img loading=\"lazy\" decoding=\"async\" width=\"1200\" height=\"800\" src=\"https:\/\/d2p6e6u75xmxt8.cloudfront.net\/4\/2019\/11\/22_Ponozky_2.webp\" class=\"attachment-full size-full\" alt=\"\" srcset=\"https:\/\/d2p6e6u75xmxt8.cloudfront.net\/4\/2019\/11\/22_Ponozky_2.webp 1200w, https:\/\/d2p6e6u75xmxt8.cloudfront.net\/4\/2019\/11\/22_Ponozky_2-300x200.webp 300w, https:\/\/d2p6e6u75xmxt8.cloudfront.net\/4\/2019\/11\/22_Ponozky_2-1024x683.webp 1024w, https:\/\/d2p6e6u75xmxt8.cloudfront.net\/4\/2019\/11\/22_Ponozky_2-768x512.webp 768w, https:\/\/d2p6e6u75xmxt8.cloudfront.net\/4\/2019\/11\/22_Ponozky_2-272x182.webp 272w\" sizes=\"auto, (max-width: 1200px) 100vw, 1200px\" \/><\/a>\n\t\t\t<\/div><\/figure>\n\t\t<\/div>\n\n","protected":false},"excerpt":{"rendered":"<p>\u010cas ne\u00faprosne let\u00ed a\u00a0po\u00a0hor\u00facom lete a\u00a0slne\u010dnej jeseni sa k n\u00e1m bl\u00ed\u017ei zima a\u00a0s\u00a0\u0148ou aj najkraj\u0161ie sviatky roka. Vianoce s\u00fa skvelou [&hellip;]<\/p>\n","protected":false},"author":81,"featured_media":8947,"comment_status":"open","ping_status":"open","sticky":false,"template":"","format":"standard","meta":{"footnotes":""},"categories":[52],"tags":[1182,115,713,53,54,180,767,669,215,688,349,264,313,344],"global-categories":[1074],"class_list":["post-8868","post","type-post","status-publish","format-standard","has-post-thumbnail","hentry","category-nakupny-poradca","tag-biker","tag-cestna-cyklistika","tag-ciapka","tag-deti","tag-detske-bicykle","tag-horska-cyklistika","tag-motivacia","tag-nakup","tag-nakupny-poradca","tag-odrazadlo","tag-ponozky","tag-prilba","tag-satka","tag-vianoce","global-categories-cycling"],"yoast_head":"<!-- This site is optimized with the Yoast SEO Premium plugin v25.3 (Yoast SEO v25.9) - https:\/\/yoast.com\/wordpress\/plugins\/seo\/ -->\n<title>Tip na viano\u010dn\u00e9 dar\u010deky pre najmen\u0161\u00edch bikerov - \u0160koda We Love Cycling Slovensko<\/title>\n<meta name=\"robots\" content=\"index, follow, max-snippet:-1, max-image-preview:large, max-video-preview:-1\" \/>\n<link rel=\"canonical\" href=\"https:\/\/www.welovecycling.com\/sk\/2019\/12\/06\/tip-na-vianocne-darceky-pre-najmensich-bikerov\/\" \/>\n<meta property=\"og:locale\" content=\"sk_SK\" \/>\n<meta property=\"og:type\" content=\"article\" \/>\n<meta property=\"og:title\" content=\"Tip na viano\u010dn\u00e9 dar\u010deky pre najmen\u0161\u00edch bikerov\" \/>\n<meta property=\"og:description\" content=\"\u010cas ne\u00faprosne let\u00ed a\u00a0po\u00a0hor\u00facom lete a\u00a0slne\u010dnej jeseni sa k n\u00e1m bl\u00ed\u017ei zima a\u00a0s\u00a0\u0148ou aj najkraj\u0161ie sviatky roka. Vianoce s\u00fa skvelou [&hellip;]\" \/>\n<meta property=\"og:url\" content=\"https:\/\/www.welovecycling.com\/sk\/2019\/12\/06\/tip-na-vianocne-darceky-pre-najmensich-bikerov\/\" \/>\n<meta property=\"og:site_name\" content=\"\u0160koda We Love Cycling Slovensko\" \/>\n<meta property=\"article:published_time\" content=\"2019-12-06T10:05:44+00:00\" \/>\n<meta property=\"og:image\" content=\"https:\/\/d2p6e6u75xmxt8.cloudfront.net\/4\/2019\/11\/maly-biker_titulka.webp\" \/>\n\t<meta property=\"og:image:width\" content=\"1380\" \/>\n\t<meta property=\"og:image:height\" content=\"600\" \/>\n\t<meta property=\"og:image:type\" content=\"image\/webp\" \/>\n<meta name=\"twitter:card\" content=\"summary_large_image\" \/>\n<meta name=\"twitter:label1\" content=\"Written by\" \/>\n\t<meta name=\"twitter:data1\" content=\"We Love Cycling\" \/>\n\t<meta name=\"twitter:label2\" content=\"Est. reading time\" \/>\n\t<meta name=\"twitter:data2\" content=\"5\" \/>\n<script type=\"application\/ld+json\" class=\"yoast-schema-graph\">{\"@context\":\"https:\/\/schema.org\",\"@graph\":[{\"@type\":\"WebPage\",\"@id\":\"https:\/\/www.welovecycling.com\/sk\/2019\/12\/06\/tip-na-vianocne-darceky-pre-najmensich-bikerov\/\",\"url\":\"https:\/\/www.welovecycling.com\/sk\/2019\/12\/06\/tip-na-vianocne-darceky-pre-najmensich-bikerov\/\",\"name\":\"Tip na viano\u010dn\u00e9 dar\u010deky pre najmen\u0161\u00edch bikerov - \u0160koda We Love Cycling Slovensko\",\"isPartOf\":{\"@id\":\"https:\/\/www.welovecycling.com\/sk\/#website\"},\"primaryImageOfPage\":{\"@id\":\"https:\/\/www.welovecycling.com\/sk\/2019\/12\/06\/tip-na-vianocne-darceky-pre-najmensich-bikerov\/#primaryimage\"},\"image\":{\"@id\":\"https:\/\/www.welovecycling.com\/sk\/2019\/12\/06\/tip-na-vianocne-darceky-pre-najmensich-bikerov\/#primaryimage\"},\"thumbnailUrl\":\"https:\/\/d2p6e6u75xmxt8.cloudfront.net\/4\/2019\/11\/maly-biker_titulka.webp\",\"datePublished\":\"2019-12-06T10:05:44+00:00\",\"author\":{\"@id\":\"\"},\"breadcrumb\":{\"@id\":\"https:\/\/www.welovecycling.com\/sk\/2019\/12\/06\/tip-na-vianocne-darceky-pre-najmensich-bikerov\/#breadcrumb\"},\"inLanguage\":\"sk-SK\",\"potentialAction\":[{\"@type\":\"ReadAction\",\"target\":[\"https:\/\/www.welovecycling.com\/sk\/2019\/12\/06\/tip-na-vianocne-darceky-pre-najmensich-bikerov\/\"]}]},{\"@type\":\"ImageObject\",\"inLanguage\":\"sk-SK\",\"@id\":\"https:\/\/www.welovecycling.com\/sk\/2019\/12\/06\/tip-na-vianocne-darceky-pre-najmensich-bikerov\/#primaryimage\",\"url\":\"https:\/\/d2p6e6u75xmxt8.cloudfront.net\/4\/2019\/11\/maly-biker_titulka.webp\",\"contentUrl\":\"https:\/\/d2p6e6u75xmxt8.cloudfront.net\/4\/2019\/11\/maly-biker_titulka.webp\",\"width\":1380,\"height\":600},{\"@type\":\"BreadcrumbList\",\"@id\":\"https:\/\/www.welovecycling.com\/sk\/2019\/12\/06\/tip-na-vianocne-darceky-pre-najmensich-bikerov\/#breadcrumb\",\"itemListElement\":[{\"@type\":\"ListItem\",\"position\":1,\"name\":\"Home\",\"item\":\"https:\/\/www.welovecycling.com\/sk\/\"},{\"@type\":\"ListItem\",\"position\":2,\"name\":\"Tip na viano\u010dn\u00e9 dar\u010deky pre najmen\u0161\u00edch bikerov\"}]},{\"@type\":\"WebSite\",\"@id\":\"https:\/\/www.welovecycling.com\/sk\/#website\",\"url\":\"https:\/\/www.welovecycling.com\/sk\/\",\"name\":\"\u0160koda We Love Cycling Slovensko\",\"description\":\"\u0160koda We Love Cycling Slovensko je v\u00e1\u0161 ka\u017edodenn\u00fd zdroj noviniek a in\u0161pir\u00e1cie z sveta cyklistiky\",\"potentialAction\":[{\"@type\":\"SearchAction\",\"target\":{\"@type\":\"EntryPoint\",\"urlTemplate\":\"https:\/\/www.welovecycling.com\/sk\/?s={search_term_string}\"},\"query-input\":{\"@type\":\"PropertyValueSpecification\",\"valueRequired\":true,\"valueName\":\"search_term_string\"}}],\"inLanguage\":\"sk-SK\"},{\"@type\":\"Person\",\"@id\":\"\",\"url\":\"https:\/\/www.welovecycling.com\/sk\/author\/\"}]}<\/script>\n<!-- \/ Yoast SEO Premium plugin. -->","yoast_head_json":{"title":"Tip na viano\u010dn\u00e9 dar\u010deky pre najmen\u0161\u00edch bikerov - \u0160koda We Love Cycling Slovensko","robots":{"index":"index","follow":"follow","max-snippet":"max-snippet:-1","max-image-preview":"max-image-preview:large","max-video-preview":"max-video-preview:-1"},"canonical":"https:\/\/www.welovecycling.com\/sk\/2019\/12\/06\/tip-na-vianocne-darceky-pre-najmensich-bikerov\/","og_locale":"sk_SK","og_type":"article","og_title":"Tip na viano\u010dn\u00e9 dar\u010deky pre najmen\u0161\u00edch bikerov","og_description":"\u010cas ne\u00faprosne let\u00ed a\u00a0po\u00a0hor\u00facom lete a\u00a0slne\u010dnej jeseni sa k n\u00e1m bl\u00ed\u017ei zima a\u00a0s\u00a0\u0148ou aj najkraj\u0161ie sviatky roka. Vianoce s\u00fa skvelou [&hellip;]","og_url":"https:\/\/www.welovecycling.com\/sk\/2019\/12\/06\/tip-na-vianocne-darceky-pre-najmensich-bikerov\/","og_site_name":"\u0160koda We Love Cycling Slovensko","article_published_time":"2019-12-06T10:05:44+00:00","og_image":[{"width":1380,"height":600,"url":"https:\/\/d2p6e6u75xmxt8.cloudfront.net\/4\/2019\/11\/maly-biker_titulka.webp","type":"image\/webp"}],"twitter_card":"summary_large_image","twitter_misc":{"Written by":"We Love Cycling","Est. reading time":"5"},"schema":{"@context":"https:\/\/schema.org","@graph":[{"@type":"WebPage","@id":"https:\/\/www.welovecycling.com\/sk\/2019\/12\/06\/tip-na-vianocne-darceky-pre-najmensich-bikerov\/","url":"https:\/\/www.welovecycling.com\/sk\/2019\/12\/06\/tip-na-vianocne-darceky-pre-najmensich-bikerov\/","name":"Tip na viano\u010dn\u00e9 dar\u010deky pre najmen\u0161\u00edch bikerov - \u0160koda We Love Cycling Slovensko","isPartOf":{"@id":"https:\/\/www.welovecycling.com\/sk\/#website"},"primaryImageOfPage":{"@id":"https:\/\/www.welovecycling.com\/sk\/2019\/12\/06\/tip-na-vianocne-darceky-pre-najmensich-bikerov\/#primaryimage"},"image":{"@id":"https:\/\/www.welovecycling.com\/sk\/2019\/12\/06\/tip-na-vianocne-darceky-pre-najmensich-bikerov\/#primaryimage"},"thumbnailUrl":"https:\/\/d2p6e6u75xmxt8.cloudfront.net\/4\/2019\/11\/maly-biker_titulka.webp","datePublished":"2019-12-06T10:05:44+00:00","author":{"@id":""},"breadcrumb":{"@id":"https:\/\/www.welovecycling.com\/sk\/2019\/12\/06\/tip-na-vianocne-darceky-pre-najmensich-bikerov\/#breadcrumb"},"inLanguage":"sk-SK","potentialAction":[{"@type":"ReadAction","target":["https:\/\/www.welovecycling.com\/sk\/2019\/12\/06\/tip-na-vianocne-darceky-pre-najmensich-bikerov\/"]}]},{"@type":"ImageObject","inLanguage":"sk-SK","@id":"https:\/\/www.welovecycling.com\/sk\/2019\/12\/06\/tip-na-vianocne-darceky-pre-najmensich-bikerov\/#primaryimage","url":"https:\/\/d2p6e6u75xmxt8.cloudfront.net\/4\/2019\/11\/maly-biker_titulka.webp","contentUrl":"https:\/\/d2p6e6u75xmxt8.cloudfront.net\/4\/2019\/11\/maly-biker_titulka.webp","width":1380,"height":600},{"@type":"BreadcrumbList","@id":"https:\/\/www.welovecycling.com\/sk\/2019\/12\/06\/tip-na-vianocne-darceky-pre-najmensich-bikerov\/#breadcrumb","itemListElement":[{"@type":"ListItem","position":1,"name":"Home","item":"https:\/\/www.welovecycling.com\/sk\/"},{"@type":"ListItem","position":2,"name":"Tip na viano\u010dn\u00e9 dar\u010deky pre najmen\u0161\u00edch bikerov"}]},{"@type":"WebSite","@id":"https:\/\/www.welovecycling.com\/sk\/#website","url":"https:\/\/www.welovecycling.com\/sk\/","name":"\u0160koda We Love Cycling Slovensko","description":"\u0160koda We Love Cycling Slovensko je v\u00e1\u0161 ka\u017edodenn\u00fd zdroj noviniek a in\u0161pir\u00e1cie z sveta cyklistiky","potentialAction":[{"@type":"SearchAction","target":{"@type":"EntryPoint","urlTemplate":"https:\/\/www.welovecycling.com\/sk\/?s={search_term_string}"},"query-input":{"@type":"PropertyValueSpecification","valueRequired":true,"valueName":"search_term_string"}}],"inLanguage":"sk-SK"},{"@type":"Person","@id":"","url":"https:\/\/www.welovecycling.com\/sk\/author\/"}]}},"_links":{"self":[{"href":"https:\/\/www.welovecycling.com\/sk\/wp-json\/wp\/v2\/posts\/8868","targetHints":{"allow":["GET"]}}],"collection":[{"href":"https:\/\/www.welovecycling.com\/sk\/wp-json\/wp\/v2\/posts"}],"about":[{"href":"https:\/\/www.welovecycling.com\/sk\/wp-json\/wp\/v2\/types\/post"}],"author":[{"embeddable":true,"href":"https:\/\/www.welovecycling.com\/sk\/wp-json\/wp\/v2\/users\/81"}],"replies":[{"embeddable":true,"href":"https:\/\/www.welovecycling.com\/sk\/wp-json\/wp\/v2\/comments?post=8868"}],"version-history":[{"count":2,"href":"https:\/\/www.welovecycling.com\/sk\/wp-json\/wp\/v2\/posts\/8868\/revisions"}],"predecessor-version":[{"id":8948,"href":"https:\/\/www.welovecycling.com\/sk\/wp-json\/wp\/v2\/posts\/8868\/revisions\/8948"}],"wp:featuredmedia":[{"embeddable":true,"href":"https:\/\/www.welovecycling.com\/sk\/wp-json\/wp\/v2\/media\/8947"}],"wp:attachment":[{"href":"https:\/\/www.welovecycling.com\/sk\/wp-json\/wp\/v2\/media?parent=8868"}],"wp:term":[{"taxonomy":"category","embeddable":true,"href":"https:\/\/www.welovecycling.com\/sk\/wp-json\/wp\/v2\/categories?post=8868"},{"taxonomy":"post_tag","embeddable":true,"href":"https:\/\/www.welovecycling.com\/sk\/wp-json\/wp\/v2\/tags?post=8868"},{"taxonomy":"global-categories","embeddable":true,"href":"https:\/\/www.welovecycling.com\/sk\/wp-json\/wp\/v2\/global-categories?post=8868"}],"curies":[{"name":"wp","href":"https:\/\/api.w.org\/{rel}","templated":true}]}}