{"id":8859,"date":"2019-12-02T11:06:50","date_gmt":"2019-12-02T10:06:50","guid":{"rendered":"https:\/\/www.welovecycling.com\/sk\/?p=8859"},"modified":"2019-12-02T11:06:50","modified_gmt":"2019-12-02T10:06:50","slug":"naucte-deti-bicyklovat-v-4-jednoduchych-krokoch","status":"publish","type":"post","link":"https:\/\/www.welovecycling.com\/sk\/2019\/12\/02\/naucte-deti-bicyklovat-v-4-jednoduchych-krokoch\/","title":{"rendered":"Nau\u010dte deti bicyklova\u0165 v 4 jednoduch\u00fdch krokoch"},"content":{"rendered":"<p><strong>Pam\u00e4t\u00e1te si svoju prv\u00fa jazdu na bicykli? Akoby to bolo v\u010dera, \u017ee? Roky v\u0161ak ne\u00faprosne be\u017eia \u010falej a teraz nastal \u010das odovzda\u0165 svoje znalosti \u010fal\u0161ej gener\u00e1cii. Na\u0161\u0165astie existuje nieko\u013eko jednoduch\u00fdch r\u00e1d, ktor\u00e9 v\u00e1m pom\u00f4\u017eu pri u\u010den\u00ed va\u0161ich mal\u00fdch ratolest\u00ed.<\/strong><!--more--><\/p>\n<h2><strong>1. Odr\u00e1\u017eadlo<\/strong><\/h2>\n<p>Deti, ktor\u00e9 jazdia na odr\u00e1\u017eadle, m\u00f4\u017eete za\u010da\u0165 u\u010di\u0165 bicyklova\u0165 <strong>u\u017e vo veku 2,5 roka<\/strong>. Tento typ bicykla pom\u00e1ha de\u0165om pochopi\u0165 podstatu rovnov\u00e1hy a riadenia. Na za\u010diatku sa samozrejme spoliehaj\u00fa na oporu svojich n\u00f4h. No potom, k\u00fasok po k\u00fasku sa za\u010d\u00ednaj\u00fa odr\u00e1\u017ea\u0165 a dv\u00edhaj\u00fa p\u00e4ty zo zeme. Ak by s t\u00fdm mali probl\u00e9m, tak ich povzbu\u010fte, aby zdvihli nohy a nechali chodidl\u00e1 vo vzduchu. Uvid\u00edte, ako r\u00fdchlo <strong>z\u00edskaj\u00fa zru\u010dnosti pri rovnov\u00e1he<\/strong>.<\/p>\n<div id='gallery-1' class='gallery galleryid-8859 gallery-columns-2 gallery-size-large'><figure class='gallery-item'>\n\t\t\t<div class='gallery-icon landscape'>\n\t\t\t\t<a href='https:\/\/d2p6e6u75xmxt8.cloudfront.net\/4\/2019\/11\/Kids-Cvr-2.webp'><img loading=\"lazy\" decoding=\"async\" width=\"1024\" height=\"683\" src=\"https:\/\/d2p6e6u75xmxt8.cloudfront.net\/4\/2019\/11\/Kids-Cvr-2-1024x683.webp\" class=\"attachment-large size-large\" alt=\"\" srcset=\"https:\/\/d2p6e6u75xmxt8.cloudfront.net\/4\/2019\/11\/Kids-Cvr-2-1024x683.webp 1024w, https:\/\/d2p6e6u75xmxt8.cloudfront.net\/4\/2019\/11\/Kids-Cvr-2-300x200.webp 300w, https:\/\/d2p6e6u75xmxt8.cloudfront.net\/4\/2019\/11\/Kids-Cvr-2-768x512.webp 768w, https:\/\/d2p6e6u75xmxt8.cloudfront.net\/4\/2019\/11\/Kids-Cvr-2-272x182.webp 272w, https:\/\/d2p6e6u75xmxt8.cloudfront.net\/4\/2019\/11\/Kids-Cvr-2.webp 1376w\" sizes=\"auto, (max-width: 1024px) 100vw, 1024px\" \/><\/a>\n\t\t\t<\/div><\/figure><figure class='gallery-item'>\n\t\t\t<div class='gallery-icon landscape'>\n\t\t\t\t<a href='https:\/\/d2p6e6u75xmxt8.cloudfront.net\/4\/2019\/11\/Kids-Cvr-3.webp'><img loading=\"lazy\" decoding=\"async\" width=\"1024\" height=\"683\" src=\"https:\/\/d2p6e6u75xmxt8.cloudfront.net\/4\/2019\/11\/Kids-Cvr-3-1024x683.webp\" class=\"attachment-large size-large\" alt=\"\" srcset=\"https:\/\/d2p6e6u75xmxt8.cloudfront.net\/4\/2019\/11\/Kids-Cvr-3-1024x683.webp 1024w, https:\/\/d2p6e6u75xmxt8.cloudfront.net\/4\/2019\/11\/Kids-Cvr-3-300x200.webp 300w, https:\/\/d2p6e6u75xmxt8.cloudfront.net\/4\/2019\/11\/Kids-Cvr-3-768x512.webp 768w, https:\/\/d2p6e6u75xmxt8.cloudfront.net\/4\/2019\/11\/Kids-Cvr-3-272x182.webp 272w, https:\/\/d2p6e6u75xmxt8.cloudfront.net\/4\/2019\/11\/Kids-Cvr-3.webp 1376w\" sizes=\"auto, (max-width: 1024px) 100vw, 1024px\" \/><\/a>\n\t\t\t<\/div><\/figure>\n\t\t<\/div>\n\n<h2><strong>2. Bicykel s pomocn\u00fdmi kolieskami<\/strong><\/h2>\n<p>Niektor\u00ed \u013eudia tento bod presko\u010dia a pova\u017euj\u00fa ho za zbyto\u010dn\u00fd. Ale existuje d\u00f4le\u017eit\u00fd d\u00f4vod na to, pre\u010do by to mali va\u0161e deti vysk\u00fa\u0161a\u0165 aspo\u0148 na kr\u00e1tky \u010das. S t\u00fdmito pomocn\u00fdmi kolieskami sa deti <strong>nau\u010dia \u0161liapa\u0165 do ped\u00e1lov ako na norm\u00e1lnom bicykli<\/strong> a navy\u0161e minimalizujete riziko p\u00e1du. Va\u0161e ratolesti sa z\u00e1rove\u0148 nau\u010dia vn\u00edma\u0165 k\u013euky, ktor\u00e9 sa neust\u00e1le ot\u00e1\u010daj\u00fa, preto\u017ee v\u00e4\u010d\u0161ina detsk\u00fdch bicyklov m\u00e1 jeden pevn\u00fd prevod. Takto si to bud\u00fa pekne pam\u00e4ta\u0165 a navy\u0161e nemusia spadn\u00fa\u0165 z bicykla.<\/p>\n<p><a href=\"https:\/\/d2p6e6u75xmxt8.cloudfront.net\/4\/2019\/11\/Kids-Cvr-5.jpg\"><img loading=\"lazy\" decoding=\"async\" class=\"alignnone size-full wp-image-8860\" src=\"https:\/\/d2p6e6u75xmxt8.cloudfront.net\/4\/2019\/11\/Kids-Cvr-5.jpg\" alt=\"\" width=\"1376\" height=\"918\" \/><\/a><\/p>\n<h2><strong>3. Sp\u00e4\u0165 na odr\u00e1\u017eadlo<\/strong><\/h2>\n<p>V tejto chv\u00edli va\u0161e deti vedia ako \u0161liapa\u0165. Je v\u0161ak lep\u0161ie im znova <strong>pripomen\u00fa\u0165 z\u00e1klady dr\u017eania rovnov\u00e1hy<\/strong>. Pred odstr\u00e1nen\u00edm pomocn\u00fdch kolies ich nechajte chv\u00ed\u013eu jazdi\u0165 na odr\u00e1\u017eadle, <strong>aby z\u00edskali istotu<\/strong>.<\/p>\n<p><a href=\"https:\/\/d2p6e6u75xmxt8.cloudfront.net\/4\/2019\/11\/Kids-Cvr-4.jpg\"><img loading=\"lazy\" decoding=\"async\" class=\"alignnone size-full wp-image-8861\" src=\"https:\/\/d2p6e6u75xmxt8.cloudfront.net\/4\/2019\/11\/Kids-Cvr-4.jpg\" alt=\"\" width=\"1376\" height=\"918\" \/><\/a><\/p>\n<h2><strong>4. A teraz jazdi\u0165!<\/strong><\/h2>\n<p>Tu u\u017e maj\u00fa skuto\u010dn\u00fd pocit z jazdy na bicykli, vr\u00e1tane dr\u017eania rovnov\u00e1hy a \u0161liapania do ped\u00e1lov. Prv\u00e9 jazdy na men\u0161\u00edch bicykloch s\u00fa zvy\u010dajne nemotorn\u00e9, a preto zaistite <strong>bezpe\u010dnos\u0165 svojich mal\u00fdch pokladov<\/strong>. Pripevnite si nejak\u00fa ty\u010d na sedlovku bicykla. Pom\u00f4c\u0165 m\u00f4\u017ee aj star\u00e1 turistick\u00e1 pali\u010dka. Tak pom\u00f4\u017eete de\u0165om nielen s riaden\u00edm, ale m\u00f4\u017eete ich spomali\u0165 v pr\u00edpade nebezpe\u010denstva. Deti sa musia zo za\u010diatku <strong>nau\u010di\u0165 brzdi\u0165<\/strong>, a to im nejak\u00fd \u010das potrv\u00e1. <\/p>\n<p><a href=\"https:\/\/d2p6e6u75xmxt8.cloudfront.net\/4\/2019\/11\/Kids-Cvr-1.jpg\"><img loading=\"lazy\" decoding=\"async\" class=\"alignnone size-full wp-image-8862\" src=\"https:\/\/d2p6e6u75xmxt8.cloudfront.net\/4\/2019\/11\/Kids-Cvr-1.jpg\" alt=\"\" width=\"1376\" height=\"918\" \/><\/a><\/p>\n<p>Pri v\u00fdu\u010dbe m\u00f4\u017eete pou\u017ei\u0165 aj mal\u00fa lo\u017e &#8211; nebojte sa, nikomu to neprezrad\u00edme. <strong>Deti uistite, \u017ee ich dr\u017e\u00edte.<\/strong> No po\u010das jazdy im nechajte aj \u010das, kedy ich pust\u00edte a oni prejd\u00fa zop\u00e1r metrov bez va\u0161ej pomoci. Vy uvid\u00edte, ak\u00fd pokrok spravili a <strong>deti bud\u00fa ma\u0165 rados\u0165<\/strong>, \u017ee sa bicyklovali sami. A nakoniec m\u00f4\u017eu jazdi\u0165 bez akejko\u013evek pomoci.<\/p>\n","protected":false},"excerpt":{"rendered":"<p>Pam\u00e4t\u00e1te si svoju prv\u00fa jazdu na bicykli? Akoby to bolo v\u010dera, \u017ee? Roky v\u0161ak ne\u00faprosne be\u017eia \u010falej a teraz nastal [&hellip;]<\/p>\n","protected":false},"author":81,"featured_media":8864,"comment_status":"open","ping_status":"open","sticky":false,"template":"","format":"standard","meta":{"footnotes":""},"categories":[51],"tags":[689,62,619,115,507,53,54,180,767,688,509,55,652],"global-categories":[],"class_list":["post-8859","post","type-post","status-publish","format-standard","has-post-thumbnail","hentry","category-deti-na-bicykloch","tag-balancne-kolieska","tag-bezpecnost","tag-bicyklovanie","tag-cestna-cyklistika","tag-cyklorodinka","tag-deti","tag-detske-bicykle","tag-horska-cyklistika","tag-motivacia","tag-odrazadlo","tag-rodina","tag-trening","tag-vytrvalost"],"yoast_head":"<!-- This site is optimized with the Yoast SEO Premium plugin v25.3 (Yoast SEO v25.9) - https:\/\/yoast.com\/wordpress\/plugins\/seo\/ -->\n<title>Nau\u010dte deti bicyklova\u0165 v 4 jednoduch\u00fdch krokoch - \u0160koda We Love Cycling Slovensko<\/title>\n<meta name=\"robots\" content=\"index, follow, max-snippet:-1, max-image-preview:large, max-video-preview:-1\" \/>\n<link rel=\"canonical\" href=\"https:\/\/www.welovecycling.com\/sk\/2019\/12\/02\/naucte-deti-bicyklovat-v-4-jednoduchych-krokoch\/\" \/>\n<meta property=\"og:locale\" content=\"sk_SK\" \/>\n<meta property=\"og:type\" content=\"article\" \/>\n<meta property=\"og:title\" content=\"Nau\u010dte deti bicyklova\u0165 v 4 jednoduch\u00fdch krokoch\" \/>\n<meta property=\"og:description\" content=\"Pam\u00e4t\u00e1te si svoju prv\u00fa jazdu na bicykli? Akoby to bolo v\u010dera, \u017ee? Roky v\u0161ak ne\u00faprosne be\u017eia \u010falej a teraz nastal [&hellip;]\" \/>\n<meta property=\"og:url\" content=\"https:\/\/www.welovecycling.com\/sk\/2019\/12\/02\/naucte-deti-bicyklovat-v-4-jednoduchych-krokoch\/\" \/>\n<meta property=\"og:site_name\" content=\"\u0160koda We Love Cycling Slovensko\" \/>\n<meta property=\"article:published_time\" content=\"2019-12-02T10:06:50+00:00\" \/>\n<meta property=\"og:image\" content=\"https:\/\/d2p6e6u75xmxt8.cloudfront.net\/4\/2019\/11\/Kids-Cvr.webp\" \/>\n\t<meta property=\"og:image:width\" content=\"1366\" \/>\n\t<meta property=\"og:image:height\" content=\"600\" \/>\n\t<meta property=\"og:image:type\" content=\"image\/webp\" \/>\n<meta name=\"twitter:card\" content=\"summary_large_image\" \/>\n<meta name=\"twitter:label1\" content=\"Written by\" \/>\n\t<meta name=\"twitter:data1\" content=\"Adam Mar\u0161al\" \/>\n\t<meta name=\"twitter:label2\" content=\"Est. reading time\" \/>\n\t<meta name=\"twitter:data2\" content=\"5\" \/>\n<script type=\"application\/ld+json\" class=\"yoast-schema-graph\">{\"@context\":\"https:\/\/schema.org\",\"@graph\":[{\"@type\":\"WebPage\",\"@id\":\"https:\/\/www.welovecycling.com\/sk\/2019\/12\/02\/naucte-deti-bicyklovat-v-4-jednoduchych-krokoch\/\",\"url\":\"https:\/\/www.welovecycling.com\/sk\/2019\/12\/02\/naucte-deti-bicyklovat-v-4-jednoduchych-krokoch\/\",\"name\":\"Nau\u010dte deti bicyklova\u0165 v 4 jednoduch\u00fdch krokoch - \u0160koda We Love Cycling Slovensko\",\"isPartOf\":{\"@id\":\"https:\/\/www.welovecycling.com\/sk\/#website\"},\"primaryImageOfPage\":{\"@id\":\"https:\/\/www.welovecycling.com\/sk\/2019\/12\/02\/naucte-deti-bicyklovat-v-4-jednoduchych-krokoch\/#primaryimage\"},\"image\":{\"@id\":\"https:\/\/www.welovecycling.com\/sk\/2019\/12\/02\/naucte-deti-bicyklovat-v-4-jednoduchych-krokoch\/#primaryimage\"},\"thumbnailUrl\":\"https:\/\/d2p6e6u75xmxt8.cloudfront.net\/4\/2019\/11\/Kids-Cvr.webp\",\"datePublished\":\"2019-12-02T10:06:50+00:00\",\"author\":{\"@id\":\"\"},\"breadcrumb\":{\"@id\":\"https:\/\/www.welovecycling.com\/sk\/2019\/12\/02\/naucte-deti-bicyklovat-v-4-jednoduchych-krokoch\/#breadcrumb\"},\"inLanguage\":\"sk-SK\",\"potentialAction\":[{\"@type\":\"ReadAction\",\"target\":[\"https:\/\/www.welovecycling.com\/sk\/2019\/12\/02\/naucte-deti-bicyklovat-v-4-jednoduchych-krokoch\/\"]}]},{\"@type\":\"ImageObject\",\"inLanguage\":\"sk-SK\",\"@id\":\"https:\/\/www.welovecycling.com\/sk\/2019\/12\/02\/naucte-deti-bicyklovat-v-4-jednoduchych-krokoch\/#primaryimage\",\"url\":\"https:\/\/d2p6e6u75xmxt8.cloudfront.net\/4\/2019\/11\/Kids-Cvr.webp\",\"contentUrl\":\"https:\/\/d2p6e6u75xmxt8.cloudfront.net\/4\/2019\/11\/Kids-Cvr.webp\",\"width\":1366,\"height\":600},{\"@type\":\"BreadcrumbList\",\"@id\":\"https:\/\/www.welovecycling.com\/sk\/2019\/12\/02\/naucte-deti-bicyklovat-v-4-jednoduchych-krokoch\/#breadcrumb\",\"itemListElement\":[{\"@type\":\"ListItem\",\"position\":1,\"name\":\"Home\",\"item\":\"https:\/\/www.welovecycling.com\/sk\/\"},{\"@type\":\"ListItem\",\"position\":2,\"name\":\"Nau\u010dte deti bicyklova\u0165 v 4 jednoduch\u00fdch krokoch\"}]},{\"@type\":\"WebSite\",\"@id\":\"https:\/\/www.welovecycling.com\/sk\/#website\",\"url\":\"https:\/\/www.welovecycling.com\/sk\/\",\"name\":\"\u0160koda We Love Cycling Slovensko\",\"description\":\"\u0160koda We Love Cycling Slovensko je v\u00e1\u0161 ka\u017edodenn\u00fd zdroj noviniek a in\u0161pir\u00e1cie z sveta cyklistiky\",\"potentialAction\":[{\"@type\":\"SearchAction\",\"target\":{\"@type\":\"EntryPoint\",\"urlTemplate\":\"https:\/\/www.welovecycling.com\/sk\/?s={search_term_string}\"},\"query-input\":{\"@type\":\"PropertyValueSpecification\",\"valueRequired\":true,\"valueName\":\"search_term_string\"}}],\"inLanguage\":\"sk-SK\"},{\"@type\":\"Person\",\"@id\":\"\",\"url\":\"https:\/\/www.welovecycling.com\/sk\/author\/\"}]}<\/script>\n<!-- \/ Yoast SEO Premium plugin. -->","yoast_head_json":{"title":"Nau\u010dte deti bicyklova\u0165 v 4 jednoduch\u00fdch krokoch - \u0160koda We Love Cycling Slovensko","robots":{"index":"index","follow":"follow","max-snippet":"max-snippet:-1","max-image-preview":"max-image-preview:large","max-video-preview":"max-video-preview:-1"},"canonical":"https:\/\/www.welovecycling.com\/sk\/2019\/12\/02\/naucte-deti-bicyklovat-v-4-jednoduchych-krokoch\/","og_locale":"sk_SK","og_type":"article","og_title":"Nau\u010dte deti bicyklova\u0165 v 4 jednoduch\u00fdch krokoch","og_description":"Pam\u00e4t\u00e1te si svoju prv\u00fa jazdu na bicykli? Akoby to bolo v\u010dera, \u017ee? Roky v\u0161ak ne\u00faprosne be\u017eia \u010falej a teraz nastal [&hellip;]","og_url":"https:\/\/www.welovecycling.com\/sk\/2019\/12\/02\/naucte-deti-bicyklovat-v-4-jednoduchych-krokoch\/","og_site_name":"\u0160koda We Love Cycling Slovensko","article_published_time":"2019-12-02T10:06:50+00:00","og_image":[{"width":1366,"height":600,"url":"https:\/\/d2p6e6u75xmxt8.cloudfront.net\/4\/2019\/11\/Kids-Cvr.webp","type":"image\/webp"}],"twitter_card":"summary_large_image","twitter_misc":{"Written by":"Adam Mar\u0161al","Est. reading time":"5"},"schema":{"@context":"https:\/\/schema.org","@graph":[{"@type":"WebPage","@id":"https:\/\/www.welovecycling.com\/sk\/2019\/12\/02\/naucte-deti-bicyklovat-v-4-jednoduchych-krokoch\/","url":"https:\/\/www.welovecycling.com\/sk\/2019\/12\/02\/naucte-deti-bicyklovat-v-4-jednoduchych-krokoch\/","name":"Nau\u010dte deti bicyklova\u0165 v 4 jednoduch\u00fdch krokoch - \u0160koda We Love Cycling Slovensko","isPartOf":{"@id":"https:\/\/www.welovecycling.com\/sk\/#website"},"primaryImageOfPage":{"@id":"https:\/\/www.welovecycling.com\/sk\/2019\/12\/02\/naucte-deti-bicyklovat-v-4-jednoduchych-krokoch\/#primaryimage"},"image":{"@id":"https:\/\/www.welovecycling.com\/sk\/2019\/12\/02\/naucte-deti-bicyklovat-v-4-jednoduchych-krokoch\/#primaryimage"},"thumbnailUrl":"https:\/\/d2p6e6u75xmxt8.cloudfront.net\/4\/2019\/11\/Kids-Cvr.webp","datePublished":"2019-12-02T10:06:50+00:00","author":{"@id":""},"breadcrumb":{"@id":"https:\/\/www.welovecycling.com\/sk\/2019\/12\/02\/naucte-deti-bicyklovat-v-4-jednoduchych-krokoch\/#breadcrumb"},"inLanguage":"sk-SK","potentialAction":[{"@type":"ReadAction","target":["https:\/\/www.welovecycling.com\/sk\/2019\/12\/02\/naucte-deti-bicyklovat-v-4-jednoduchych-krokoch\/"]}]},{"@type":"ImageObject","inLanguage":"sk-SK","@id":"https:\/\/www.welovecycling.com\/sk\/2019\/12\/02\/naucte-deti-bicyklovat-v-4-jednoduchych-krokoch\/#primaryimage","url":"https:\/\/d2p6e6u75xmxt8.cloudfront.net\/4\/2019\/11\/Kids-Cvr.webp","contentUrl":"https:\/\/d2p6e6u75xmxt8.cloudfront.net\/4\/2019\/11\/Kids-Cvr.webp","width":1366,"height":600},{"@type":"BreadcrumbList","@id":"https:\/\/www.welovecycling.com\/sk\/2019\/12\/02\/naucte-deti-bicyklovat-v-4-jednoduchych-krokoch\/#breadcrumb","itemListElement":[{"@type":"ListItem","position":1,"name":"Home","item":"https:\/\/www.welovecycling.com\/sk\/"},{"@type":"ListItem","position":2,"name":"Nau\u010dte deti bicyklova\u0165 v 4 jednoduch\u00fdch krokoch"}]},{"@type":"WebSite","@id":"https:\/\/www.welovecycling.com\/sk\/#website","url":"https:\/\/www.welovecycling.com\/sk\/","name":"\u0160koda We Love Cycling Slovensko","description":"\u0160koda We Love Cycling Slovensko je v\u00e1\u0161 ka\u017edodenn\u00fd zdroj noviniek a in\u0161pir\u00e1cie z sveta cyklistiky","potentialAction":[{"@type":"SearchAction","target":{"@type":"EntryPoint","urlTemplate":"https:\/\/www.welovecycling.com\/sk\/?s={search_term_string}"},"query-input":{"@type":"PropertyValueSpecification","valueRequired":true,"valueName":"search_term_string"}}],"inLanguage":"sk-SK"},{"@type":"Person","@id":"","url":"https:\/\/www.welovecycling.com\/sk\/author\/"}]}},"_links":{"self":[{"href":"https:\/\/www.welovecycling.com\/sk\/wp-json\/wp\/v2\/posts\/8859","targetHints":{"allow":["GET"]}}],"collection":[{"href":"https:\/\/www.welovecycling.com\/sk\/wp-json\/wp\/v2\/posts"}],"about":[{"href":"https:\/\/www.welovecycling.com\/sk\/wp-json\/wp\/v2\/types\/post"}],"author":[{"embeddable":true,"href":"https:\/\/www.welovecycling.com\/sk\/wp-json\/wp\/v2\/users\/81"}],"replies":[{"embeddable":true,"href":"https:\/\/www.welovecycling.com\/sk\/wp-json\/wp\/v2\/comments?post=8859"}],"version-history":[{"count":2,"href":"https:\/\/www.welovecycling.com\/sk\/wp-json\/wp\/v2\/posts\/8859\/revisions"}],"predecessor-version":[{"id":8867,"href":"https:\/\/www.welovecycling.com\/sk\/wp-json\/wp\/v2\/posts\/8859\/revisions\/8867"}],"wp:featuredmedia":[{"embeddable":true,"href":"https:\/\/www.welovecycling.com\/sk\/wp-json\/wp\/v2\/media\/8864"}],"wp:attachment":[{"href":"https:\/\/www.welovecycling.com\/sk\/wp-json\/wp\/v2\/media?parent=8859"}],"wp:term":[{"taxonomy":"category","embeddable":true,"href":"https:\/\/www.welovecycling.com\/sk\/wp-json\/wp\/v2\/categories?post=8859"},{"taxonomy":"post_tag","embeddable":true,"href":"https:\/\/www.welovecycling.com\/sk\/wp-json\/wp\/v2\/tags?post=8859"},{"taxonomy":"global-categories","embeddable":true,"href":"https:\/\/www.welovecycling.com\/sk\/wp-json\/wp\/v2\/global-categories?post=8859"}],"curies":[{"name":"wp","href":"https:\/\/api.w.org\/{rel}","templated":true}]}}