{"id":8840,"date":"2019-12-09T11:15:44","date_gmt":"2019-12-09T10:15:44","guid":{"rendered":"https:\/\/www.welovecycling.com\/sk\/?p=8840"},"modified":"2019-12-06T12:53:43","modified_gmt":"2019-12-06T11:53:43","slug":"5-stylovych-moznosti-ako-zrecyklovat-stare-bicykle","status":"publish","type":"post","link":"https:\/\/www.welovecycling.com\/sk\/2019\/12\/09\/5-stylovych-moznosti-ako-zrecyklovat-stare-bicykle\/","title":{"rendered":"5 \u0161t\u00fdlov\u00fdch mo\u017enost\u00ed ako \u201ezrecyklova\u0165\u201c star\u00e9 bicykle"},"content":{"rendered":"<p><strong>N\u00e1pady z kateg\u00f3rie \u201eurob-si-s\u00e1m\u201c z recyklovate\u013en\u00fdch materi\u00e1lov s\u00fa dozaista pozit\u00edvnym pr\u00ednosom, av\u0161ak priznajme si, \u017ee niektor\u00e9, aj ke\u010f dobre mienen\u00e9 n\u00e1vrhy maj\u00fa v kone\u010dnom d\u00f4sledku \u0165a\u017ekop\u00e1dny v\u00fdzor, \u010do m\u00f4\u017ee odradi\u0165 nov\u00fdch fan\u00fa\u0161ikov ekologick\u00e9ho zm\u00fd\u0161\u013eania. To je aj d\u00f4vod, pre\u010do sme sa op\u00e4\u0165 podujali preh\u013eada\u0165 arch\u00edv port\u00e1lu Pinterest a Etsy, aby sme v\u00e1m pon\u00fakli alternat\u00edvy ako z\u00fa\u017eitkova\u0165 na prv\u00fd poh\u013ead nepotrebn\u00e9 kusy cyklistick\u00e9ho vybavenia. A navy\u0161e tak\u00e9, ktor\u00e9 maj\u00fa aj estetick\u00fa a funk\u010dn\u00fa hodnotu. Hor sa na cyklistick\u00fd n\u00e1bytok!<\/strong><!--more--><\/p>\n<h2><strong>The Recycler, cyklistick\u00e9 umenie a funky n\u00e1bytok<\/strong><\/h2>\n<p>Prv\u00fd poh\u013ead na str\u00e1nku s n\u00e1zvom <a href=\"http:\/\/www.therecycler.ca\/stools\" rel=\"noopener\" target=\"_blank\">The Recycler<\/a>, \u010do je vlastne prez\u00fdvka pre Gilberta Van den Heuvela z Kanady, n\u00e1s okam\u017eite presved\u010d\u00ed, <strong>\u017ee ide o zap\u00e1len\u00e9ho kon\u0161trukt\u00e9ra<\/strong>. Gilbert v minulosti vlastnil farmu s o\u0161\u00edpan\u00fdmi, av\u0161ak nesk\u00f4r sa jeho z\u00e1ujmy obr\u00e1tili k cyklistike. Bicykle ho opantali do tej miery, \u017ee zo star\u00fdch \u010dast\u00ed t\u00fdchto dvojkolesov\u00fdch strojov za\u010dal vyr\u00e1ba\u0165 n\u00e1bytok, dom\u00e1ce doplnky a umenie. Od ve\u013ek\u00fdch a\u017e po mal\u00e9, jeho portf\u00f3lio m\u00e1 k\u00fasok pre ka\u017ed\u00e9ho.<\/p>\n<div id='gallery-1' class='gallery galleryid-8840 gallery-columns-2 gallery-size-large'><figure class='gallery-item'>\n\t\t\t<div class='gallery-icon landscape'>\n\t\t\t\t<a href='https:\/\/d2p6e6u75xmxt8.cloudfront.net\/4\/2019\/11\/image-asset.webp'><img loading=\"lazy\" decoding=\"async\" width=\"640\" height=\"426\" src=\"https:\/\/d2p6e6u75xmxt8.cloudfront.net\/4\/2019\/11\/image-asset.webp\" class=\"attachment-large size-large\" alt=\"\" srcset=\"https:\/\/d2p6e6u75xmxt8.cloudfront.net\/4\/2019\/11\/image-asset.webp 640w, https:\/\/d2p6e6u75xmxt8.cloudfront.net\/4\/2019\/11\/image-asset-300x200.webp 300w, https:\/\/d2p6e6u75xmxt8.cloudfront.net\/4\/2019\/11\/image-asset-272x182.webp 272w\" sizes=\"auto, (max-width: 640px) 100vw, 640px\" \/><\/a>\n\t\t\t<\/div><\/figure><figure class='gallery-item'>\n\t\t\t<div class='gallery-icon portrait'>\n\t\t\t\t<a href='https:\/\/d2p6e6u75xmxt8.cloudfront.net\/4\/2019\/11\/Red_5__683x1024_-318-400-600-80.webp'><img loading=\"lazy\" decoding=\"async\" width=\"400\" height=\"600\" src=\"https:\/\/d2p6e6u75xmxt8.cloudfront.net\/4\/2019\/11\/Red_5__683x1024_-318-400-600-80.webp\" class=\"attachment-large size-large\" alt=\"\" srcset=\"https:\/\/d2p6e6u75xmxt8.cloudfront.net\/4\/2019\/11\/Red_5__683x1024_-318-400-600-80.webp 400w, https:\/\/d2p6e6u75xmxt8.cloudfront.net\/4\/2019\/11\/Red_5__683x1024_-318-400-600-80-200x300.webp 200w\" sizes=\"auto, (max-width: 400px) 100vw, 400px\" \/><\/a>\n\t\t\t<\/div><\/figure>\n\t\t<\/div>\n\n<h2><strong>Bike Furniture Design, unik\u00e1tne a kvalitn\u00e9 bytov\u00e9 zariadenie<\/strong><\/h2>\n<p><a href=\"https:\/\/www.bikefurniture.com\/\" rel=\"noopener\" target=\"_blank\">Bike Furniture Design<\/a> bol zalo\u017een\u00fd v roku 1990 a <strong>pon\u00faka \u0161irok\u00fa \u0161k\u00e1lu dizajnov a produktov<\/strong>. Ich centr\u00e1la je situovan\u00e1 \u201ev Mekke horskej cyklistiky a be\u017ekovania, v Marguette, Michigane.\u201c \u0160pecializuj\u00fa sa na modern\u00fd typ n\u00e1bytkov, vyroben\u00fdch z pou\u017eit\u00fdch bicyklov a \u010dast\u00ed motocyklov, so zameran\u00edm predov\u0161etk\u00fdm na cyklistick\u00e9 r\u00e1my, riadidl\u00e1 a koles\u00e1. Na ich produktoch je zrete\u013ene vidie\u0165 tri desa\u0165ro\u010dia postupn\u00e9ho v\u00fdvoja a zdokona\u013eovania schopnost\u00ed. Ich diela s\u00fa na vysokej estetickej a funk\u010dnej \u00farovni.<\/p>\n<div id='gallery-2' class='gallery galleryid-8840 gallery-columns-2 gallery-size-large'><figure class='gallery-item'>\n\t\t\t<div class='gallery-icon landscape'>\n\t\t\t\t<a href='https:\/\/d2p6e6u75xmxt8.cloudfront.net\/4\/2019\/11\/image-asset-1.webp'><img loading=\"lazy\" decoding=\"async\" width=\"750\" height=\"500\" src=\"https:\/\/d2p6e6u75xmxt8.cloudfront.net\/4\/2019\/11\/image-asset-1.webp\" class=\"attachment-large size-large\" alt=\"\" srcset=\"https:\/\/d2p6e6u75xmxt8.cloudfront.net\/4\/2019\/11\/image-asset-1.webp 750w, https:\/\/d2p6e6u75xmxt8.cloudfront.net\/4\/2019\/11\/image-asset-1-300x200.webp 300w, https:\/\/d2p6e6u75xmxt8.cloudfront.net\/4\/2019\/11\/image-asset-1-272x182.webp 272w\" sizes=\"auto, (max-width: 750px) 100vw, 750px\" \/><\/a>\n\t\t\t<\/div><\/figure><figure class='gallery-item'>\n\t\t\t<div class='gallery-icon landscape'>\n\t\t\t\t<a href='https:\/\/d2p6e6u75xmxt8.cloudfront.net\/4\/2019\/11\/S2-LOUNGE-BICYCLE-CHAIR-635.webp'><img loading=\"lazy\" decoding=\"async\" width=\"750\" height=\"534\" src=\"https:\/\/d2p6e6u75xmxt8.cloudfront.net\/4\/2019\/11\/S2-LOUNGE-BICYCLE-CHAIR-635.webp\" class=\"attachment-large size-large\" alt=\"\" srcset=\"https:\/\/d2p6e6u75xmxt8.cloudfront.net\/4\/2019\/11\/S2-LOUNGE-BICYCLE-CHAIR-635.webp 750w, https:\/\/d2p6e6u75xmxt8.cloudfront.net\/4\/2019\/11\/S2-LOUNGE-BICYCLE-CHAIR-635-300x214.webp 300w\" sizes=\"auto, (max-width: 750px) 100vw, 750px\" \/><\/a>\n\t\t\t<\/div><\/figure>\n\t\t<\/div>\n\n<h2><strong>Two Makers a jedna stoli\u010dka hovoria za v\u0161etko<\/strong><\/h2>\n<p>O str\u00e1nke, ktor\u00e1 v celej svojej ponuke prezentuje len jedin\u00fd typ n\u00e1bytku, by ste si mohli myslie\u0165, \u017ee m\u00e1 prehnan\u00e9 o\u010dak\u00e1vania. Av\u0161ak po\u010dkajte, ke\u010f uvid\u00edte <a href=\"http:\/\/www.twomakers.co.uk\/\" rel=\"noopener\" target=\"_blank\">Randonneur Chair<\/a>. Ide o stoli\u010dku, <strong>vyroben\u00fa ru\u010dne z trubiek Reynolds 631, mas\u00edvu a ko\u017ee<\/strong>. Prezidentom spolo\u010dnosti Columbus a Cinelli, Antioniom Colombom, bola op\u00edsan\u00e1 ako \u201enajlep\u0161ia cyklistick\u00e1 stoli\u010dka, ak\u00fa som videl za 40 rokov.\u201c A to je pr\u00e1ve to, \u010do potrebujete vedie\u0165.<\/p>\n<p><a href=\"https:\/\/d2p6e6u75xmxt8.cloudfront.net\/4\/2019\/11\/2makers_290.jpg\"><img loading=\"lazy\" decoding=\"async\" class=\"alignnone size-full wp-image-8841\" src=\"https:\/\/d2p6e6u75xmxt8.cloudfront.net\/4\/2019\/11\/2makers_290.jpg\" alt=\"\" width=\"1200\" height=\"832\" \/><\/a><\/p>\n<h2><strong>ScrapYardSolutions, umenie z recyklovan\u00fdch \u010dast\u00ed<\/strong><\/h2>\n<p>Okrem stolov a stoli\u010diek, pon\u00faka <a href=\"https:\/\/www.etsy.com\/shop\/ScrapYardSolutions?ref=simple-shop-header-name&#038;listing_id=722019594&#038;ga_search_query=bike%2Bfurniture&#038;page=1#items\" rel=\"noopener\" target=\"_blank\">ScrapYardSolutions<\/a> z Ohio, USA, mno\u017estvo dom\u00e1cich doplnkov, ktor\u00e9 <strong>zahrej\u00fa srdce ka\u017ed\u00e9ho fanatika cyklistiky<\/strong>. H\u013ead\u00e1te luster, n\u00e1stenn\u00e9 hodiny z kazety alebo dokonca dr\u017eiak na kvety? U\u017e nemus\u00edte \u010falej h\u013eada\u0165.<\/p>\n<p><a href=\"https:\/\/d2p6e6u75xmxt8.cloudfront.net\/4\/2019\/11\/il_794xN.1000271493_1s5a.jpg\"><img loading=\"lazy\" decoding=\"async\" class=\"alignnone size-full wp-image-8842\" src=\"https:\/\/d2p6e6u75xmxt8.cloudfront.net\/4\/2019\/11\/il_794xN.1000271493_1s5a.jpg\" alt=\"\" width=\"794\" height=\"528\" \/><\/a><\/p>\n<h2><strong>Shepherd\u02b9s World v\u00e1s o\u010dar\u00ed kvalitn\u00fdm n\u00e1bytkom<\/strong><\/h2>\n<p>Napriek tomu, \u017ee cel\u00e1 ich str\u00e1nka je v nem\u010dine, jej <a href=\"https:\/\/www.shepherdsworld.de\/fahrradm%C3%B6bel\/\" rel=\"noopener\" target=\"_blank\">obsah<\/a> hovor\u00ed s\u00e1m za seba. A je navy\u0161e nesmierne poh\u013eadn\u00fd. G\u00e9niom za t\u00fdmto dizajnom je Malk, ktor\u00fd o sebe hovor\u00ed ako o \u201epravom cyklistickom feti\u0161istovi\u201c, navrhuj\u00facom n\u00e1bytok a doplnky pre <strong>cyklistick\u00fdch zanietencov<\/strong> a aj pre t\u00fdch, ktor\u00ed h\u013eadaj\u00fa nie\u010do neobvykl\u00e9, \u010di u\u017e si chc\u00fa vylep\u0161i\u0165 dom\u00e1cnos\u0165, pub alebo obchod. Ak m\u00e1te o nejak\u00fd k\u00fasok z\u00e1ujem, jednoducho mu nap\u00ed\u0161te email a ur\u010dite sa dohodnete.<\/p>\n<div id='gallery-3' class='gallery galleryid-8840 gallery-columns-2 gallery-size-large'><figure class='gallery-item'>\n\t\t\t<div class='gallery-icon landscape'>\n\t\t\t\t<a href='https:\/\/d2p6e6u75xmxt8.cloudfront.net\/4\/2019\/11\/FahrradMobel2.JPG.webp'><img loading=\"lazy\" decoding=\"async\" width=\"597\" height=\"596\" src=\"https:\/\/d2p6e6u75xmxt8.cloudfront.net\/4\/2019\/11\/FahrradMobel2.JPG.webp\" class=\"attachment-large size-large\" alt=\"\" srcset=\"https:\/\/d2p6e6u75xmxt8.cloudfront.net\/4\/2019\/11\/FahrradMobel2.JPG.webp 597w, https:\/\/d2p6e6u75xmxt8.cloudfront.net\/4\/2019\/11\/FahrradMobel2.JPG-300x300.webp 300w, https:\/\/d2p6e6u75xmxt8.cloudfront.net\/4\/2019\/11\/FahrradMobel2.JPG-150x150.webp 150w\" sizes=\"auto, (max-width: 597px) 100vw, 597px\" \/><\/a>\n\t\t\t<\/div><\/figure><figure class='gallery-item'>\n\t\t\t<div class='gallery-icon portrait'>\n\t\t\t\t<a href='https:\/\/d2p6e6u75xmxt8.cloudfront.net\/4\/2019\/11\/FahrradMobel.JPG.webp'><img loading=\"lazy\" decoding=\"async\" width=\"595\" height=\"597\" src=\"https:\/\/d2p6e6u75xmxt8.cloudfront.net\/4\/2019\/11\/FahrradMobel.JPG.webp\" class=\"attachment-large size-large\" alt=\"\" srcset=\"https:\/\/d2p6e6u75xmxt8.cloudfront.net\/4\/2019\/11\/FahrradMobel.JPG.webp 595w, https:\/\/d2p6e6u75xmxt8.cloudfront.net\/4\/2019\/11\/FahrradMobel.JPG-300x300.webp 300w, https:\/\/d2p6e6u75xmxt8.cloudfront.net\/4\/2019\/11\/FahrradMobel.JPG-150x150.webp 150w\" sizes=\"auto, (max-width: 595px) 100vw, 595px\" \/><\/a>\n\t\t\t<\/div><\/figure>\n\t\t<\/div>\n\n","protected":false},"excerpt":{"rendered":"<p>N\u00e1pady z kateg\u00f3rie \u201eurob-si-s\u00e1m\u201c z recyklovate\u013en\u00fdch materi\u00e1lov s\u00fa dozaista pozit\u00edvnym pr\u00ednosom, av\u0161ak priznajme si, \u017ee niektor\u00e9, aj ke\u010f dobre mienen\u00e9 [&hellip;]<\/p>\n","protected":false},"author":81,"featured_media":8844,"comment_status":"open","ping_status":"open","sticky":false,"template":"","format":"standard","meta":{"footnotes":""},"categories":[118],"tags":[559,115,597,546,184,180,613,1190,631],"global-categories":[],"class_list":["post-8840","post","type-post","status-publish","format-standard","has-post-thumbnail","hentry","category-zabava","tag-bicykel","tag-cestna-cyklistika","tag-cyklista","tag-cyklistika","tag-dizajn","tag-horska-cyklistika","tag-kolesa","tag-recyklacia","tag-retaz"],"yoast_head":"<!-- This site is optimized with the Yoast SEO Premium plugin v25.3 (Yoast SEO v25.9) - https:\/\/yoast.com\/wordpress\/plugins\/seo\/ -->\n<title>5 \u0161t\u00fdlov\u00fdch mo\u017enost\u00ed ako \u201ezrecyklova\u0165\u201c star\u00e9 bicykle - \u0160koda We Love Cycling Slovensko<\/title>\n<meta name=\"robots\" content=\"index, follow, max-snippet:-1, max-image-preview:large, max-video-preview:-1\" \/>\n<link rel=\"canonical\" href=\"https:\/\/www.welovecycling.com\/sk\/2019\/12\/09\/5-stylovych-moznosti-ako-zrecyklovat-stare-bicykle\/\" \/>\n<meta property=\"og:locale\" content=\"sk_SK\" \/>\n<meta property=\"og:type\" content=\"article\" \/>\n<meta property=\"og:title\" content=\"5 \u0161t\u00fdlov\u00fdch mo\u017enost\u00ed ako \u201ezrecyklova\u0165\u201c star\u00e9 bicykle\" \/>\n<meta property=\"og:description\" content=\"N\u00e1pady z kateg\u00f3rie \u201eurob-si-s\u00e1m\u201c z recyklovate\u013en\u00fdch materi\u00e1lov s\u00fa dozaista pozit\u00edvnym pr\u00ednosom, av\u0161ak priznajme si, \u017ee niektor\u00e9, aj ke\u010f dobre mienen\u00e9 [&hellip;]\" \/>\n<meta property=\"og:url\" content=\"https:\/\/www.welovecycling.com\/sk\/2019\/12\/09\/5-stylovych-moznosti-ako-zrecyklovat-stare-bicykle\/\" \/>\n<meta property=\"og:site_name\" content=\"\u0160koda We Love Cycling Slovensko\" \/>\n<meta property=\"article:published_time\" content=\"2019-12-09T10:15:44+00:00\" \/>\n<meta property=\"og:image\" content=\"https:\/\/d2p6e6u75xmxt8.cloudfront.net\/4\/2019\/11\/Bicycle-Furniture-CVR.webp\" \/>\n\t<meta property=\"og:image:width\" content=\"1366\" \/>\n\t<meta property=\"og:image:height\" content=\"600\" \/>\n\t<meta property=\"og:image:type\" content=\"image\/webp\" \/>\n<meta name=\"twitter:card\" content=\"summary_large_image\" \/>\n<meta name=\"twitter:label1\" content=\"Written by\" \/>\n\t<meta name=\"twitter:data1\" content=\"Franti\u0161ka Bla\u017ekov\u00e1\" \/>\n\t<meta name=\"twitter:label2\" content=\"Est. reading time\" \/>\n\t<meta name=\"twitter:data2\" content=\"6\" \/>\n<script type=\"application\/ld+json\" class=\"yoast-schema-graph\">{\"@context\":\"https:\/\/schema.org\",\"@graph\":[{\"@type\":\"WebPage\",\"@id\":\"https:\/\/www.welovecycling.com\/sk\/2019\/12\/09\/5-stylovych-moznosti-ako-zrecyklovat-stare-bicykle\/\",\"url\":\"https:\/\/www.welovecycling.com\/sk\/2019\/12\/09\/5-stylovych-moznosti-ako-zrecyklovat-stare-bicykle\/\",\"name\":\"5 \u0161t\u00fdlov\u00fdch mo\u017enost\u00ed ako \u201ezrecyklova\u0165\u201c star\u00e9 bicykle - \u0160koda We Love Cycling Slovensko\",\"isPartOf\":{\"@id\":\"https:\/\/www.welovecycling.com\/sk\/#website\"},\"primaryImageOfPage\":{\"@id\":\"https:\/\/www.welovecycling.com\/sk\/2019\/12\/09\/5-stylovych-moznosti-ako-zrecyklovat-stare-bicykle\/#primaryimage\"},\"image\":{\"@id\":\"https:\/\/www.welovecycling.com\/sk\/2019\/12\/09\/5-stylovych-moznosti-ako-zrecyklovat-stare-bicykle\/#primaryimage\"},\"thumbnailUrl\":\"https:\/\/d2p6e6u75xmxt8.cloudfront.net\/4\/2019\/11\/Bicycle-Furniture-CVR.webp\",\"datePublished\":\"2019-12-09T10:15:44+00:00\",\"author\":{\"@id\":\"\"},\"breadcrumb\":{\"@id\":\"https:\/\/www.welovecycling.com\/sk\/2019\/12\/09\/5-stylovych-moznosti-ako-zrecyklovat-stare-bicykle\/#breadcrumb\"},\"inLanguage\":\"sk-SK\",\"potentialAction\":[{\"@type\":\"ReadAction\",\"target\":[\"https:\/\/www.welovecycling.com\/sk\/2019\/12\/09\/5-stylovych-moznosti-ako-zrecyklovat-stare-bicykle\/\"]}]},{\"@type\":\"ImageObject\",\"inLanguage\":\"sk-SK\",\"@id\":\"https:\/\/www.welovecycling.com\/sk\/2019\/12\/09\/5-stylovych-moznosti-ako-zrecyklovat-stare-bicykle\/#primaryimage\",\"url\":\"https:\/\/d2p6e6u75xmxt8.cloudfront.net\/4\/2019\/11\/Bicycle-Furniture-CVR.webp\",\"contentUrl\":\"https:\/\/d2p6e6u75xmxt8.cloudfront.net\/4\/2019\/11\/Bicycle-Furniture-CVR.webp\",\"width\":1366,\"height\":600},{\"@type\":\"BreadcrumbList\",\"@id\":\"https:\/\/www.welovecycling.com\/sk\/2019\/12\/09\/5-stylovych-moznosti-ako-zrecyklovat-stare-bicykle\/#breadcrumb\",\"itemListElement\":[{\"@type\":\"ListItem\",\"position\":1,\"name\":\"Home\",\"item\":\"https:\/\/www.welovecycling.com\/sk\/\"},{\"@type\":\"ListItem\",\"position\":2,\"name\":\"5 \u0161t\u00fdlov\u00fdch mo\u017enost\u00ed ako \u201ezrecyklova\u0165\u201c star\u00e9 bicykle\"}]},{\"@type\":\"WebSite\",\"@id\":\"https:\/\/www.welovecycling.com\/sk\/#website\",\"url\":\"https:\/\/www.welovecycling.com\/sk\/\",\"name\":\"\u0160koda We Love Cycling Slovensko\",\"description\":\"\u0160koda We Love Cycling Slovensko je v\u00e1\u0161 ka\u017edodenn\u00fd zdroj noviniek a in\u0161pir\u00e1cie z sveta cyklistiky\",\"potentialAction\":[{\"@type\":\"SearchAction\",\"target\":{\"@type\":\"EntryPoint\",\"urlTemplate\":\"https:\/\/www.welovecycling.com\/sk\/?s={search_term_string}\"},\"query-input\":{\"@type\":\"PropertyValueSpecification\",\"valueRequired\":true,\"valueName\":\"search_term_string\"}}],\"inLanguage\":\"sk-SK\"},{\"@type\":\"Person\",\"@id\":\"\",\"url\":\"https:\/\/www.welovecycling.com\/sk\/author\/\"}]}<\/script>\n<!-- \/ Yoast SEO Premium plugin. -->","yoast_head_json":{"title":"5 \u0161t\u00fdlov\u00fdch mo\u017enost\u00ed ako \u201ezrecyklova\u0165\u201c star\u00e9 bicykle - \u0160koda We Love Cycling Slovensko","robots":{"index":"index","follow":"follow","max-snippet":"max-snippet:-1","max-image-preview":"max-image-preview:large","max-video-preview":"max-video-preview:-1"},"canonical":"https:\/\/www.welovecycling.com\/sk\/2019\/12\/09\/5-stylovych-moznosti-ako-zrecyklovat-stare-bicykle\/","og_locale":"sk_SK","og_type":"article","og_title":"5 \u0161t\u00fdlov\u00fdch mo\u017enost\u00ed ako \u201ezrecyklova\u0165\u201c star\u00e9 bicykle","og_description":"N\u00e1pady z kateg\u00f3rie \u201eurob-si-s\u00e1m\u201c z recyklovate\u013en\u00fdch materi\u00e1lov s\u00fa dozaista pozit\u00edvnym pr\u00ednosom, av\u0161ak priznajme si, \u017ee niektor\u00e9, aj ke\u010f dobre mienen\u00e9 [&hellip;]","og_url":"https:\/\/www.welovecycling.com\/sk\/2019\/12\/09\/5-stylovych-moznosti-ako-zrecyklovat-stare-bicykle\/","og_site_name":"\u0160koda We Love Cycling Slovensko","article_published_time":"2019-12-09T10:15:44+00:00","og_image":[{"width":1366,"height":600,"url":"https:\/\/d2p6e6u75xmxt8.cloudfront.net\/4\/2019\/11\/Bicycle-Furniture-CVR.webp","type":"image\/webp"}],"twitter_card":"summary_large_image","twitter_misc":{"Written by":"Franti\u0161ka Bla\u017ekov\u00e1","Est. reading time":"6"},"schema":{"@context":"https:\/\/schema.org","@graph":[{"@type":"WebPage","@id":"https:\/\/www.welovecycling.com\/sk\/2019\/12\/09\/5-stylovych-moznosti-ako-zrecyklovat-stare-bicykle\/","url":"https:\/\/www.welovecycling.com\/sk\/2019\/12\/09\/5-stylovych-moznosti-ako-zrecyklovat-stare-bicykle\/","name":"5 \u0161t\u00fdlov\u00fdch mo\u017enost\u00ed ako \u201ezrecyklova\u0165\u201c star\u00e9 bicykle - \u0160koda We Love Cycling Slovensko","isPartOf":{"@id":"https:\/\/www.welovecycling.com\/sk\/#website"},"primaryImageOfPage":{"@id":"https:\/\/www.welovecycling.com\/sk\/2019\/12\/09\/5-stylovych-moznosti-ako-zrecyklovat-stare-bicykle\/#primaryimage"},"image":{"@id":"https:\/\/www.welovecycling.com\/sk\/2019\/12\/09\/5-stylovych-moznosti-ako-zrecyklovat-stare-bicykle\/#primaryimage"},"thumbnailUrl":"https:\/\/d2p6e6u75xmxt8.cloudfront.net\/4\/2019\/11\/Bicycle-Furniture-CVR.webp","datePublished":"2019-12-09T10:15:44+00:00","author":{"@id":""},"breadcrumb":{"@id":"https:\/\/www.welovecycling.com\/sk\/2019\/12\/09\/5-stylovych-moznosti-ako-zrecyklovat-stare-bicykle\/#breadcrumb"},"inLanguage":"sk-SK","potentialAction":[{"@type":"ReadAction","target":["https:\/\/www.welovecycling.com\/sk\/2019\/12\/09\/5-stylovych-moznosti-ako-zrecyklovat-stare-bicykle\/"]}]},{"@type":"ImageObject","inLanguage":"sk-SK","@id":"https:\/\/www.welovecycling.com\/sk\/2019\/12\/09\/5-stylovych-moznosti-ako-zrecyklovat-stare-bicykle\/#primaryimage","url":"https:\/\/d2p6e6u75xmxt8.cloudfront.net\/4\/2019\/11\/Bicycle-Furniture-CVR.webp","contentUrl":"https:\/\/d2p6e6u75xmxt8.cloudfront.net\/4\/2019\/11\/Bicycle-Furniture-CVR.webp","width":1366,"height":600},{"@type":"BreadcrumbList","@id":"https:\/\/www.welovecycling.com\/sk\/2019\/12\/09\/5-stylovych-moznosti-ako-zrecyklovat-stare-bicykle\/#breadcrumb","itemListElement":[{"@type":"ListItem","position":1,"name":"Home","item":"https:\/\/www.welovecycling.com\/sk\/"},{"@type":"ListItem","position":2,"name":"5 \u0161t\u00fdlov\u00fdch mo\u017enost\u00ed ako \u201ezrecyklova\u0165\u201c star\u00e9 bicykle"}]},{"@type":"WebSite","@id":"https:\/\/www.welovecycling.com\/sk\/#website","url":"https:\/\/www.welovecycling.com\/sk\/","name":"\u0160koda We Love Cycling Slovensko","description":"\u0160koda We Love Cycling Slovensko je v\u00e1\u0161 ka\u017edodenn\u00fd zdroj noviniek a in\u0161pir\u00e1cie z sveta cyklistiky","potentialAction":[{"@type":"SearchAction","target":{"@type":"EntryPoint","urlTemplate":"https:\/\/www.welovecycling.com\/sk\/?s={search_term_string}"},"query-input":{"@type":"PropertyValueSpecification","valueRequired":true,"valueName":"search_term_string"}}],"inLanguage":"sk-SK"},{"@type":"Person","@id":"","url":"https:\/\/www.welovecycling.com\/sk\/author\/"}]}},"_links":{"self":[{"href":"https:\/\/www.welovecycling.com\/sk\/wp-json\/wp\/v2\/posts\/8840","targetHints":{"allow":["GET"]}}],"collection":[{"href":"https:\/\/www.welovecycling.com\/sk\/wp-json\/wp\/v2\/posts"}],"about":[{"href":"https:\/\/www.welovecycling.com\/sk\/wp-json\/wp\/v2\/types\/post"}],"author":[{"embeddable":true,"href":"https:\/\/www.welovecycling.com\/sk\/wp-json\/wp\/v2\/users\/81"}],"replies":[{"embeddable":true,"href":"https:\/\/www.welovecycling.com\/sk\/wp-json\/wp\/v2\/comments?post=8840"}],"version-history":[{"count":2,"href":"https:\/\/www.welovecycling.com\/sk\/wp-json\/wp\/v2\/posts\/8840\/revisions"}],"predecessor-version":[{"id":8847,"href":"https:\/\/www.welovecycling.com\/sk\/wp-json\/wp\/v2\/posts\/8840\/revisions\/8847"}],"wp:featuredmedia":[{"embeddable":true,"href":"https:\/\/www.welovecycling.com\/sk\/wp-json\/wp\/v2\/media\/8844"}],"wp:attachment":[{"href":"https:\/\/www.welovecycling.com\/sk\/wp-json\/wp\/v2\/media?parent=8840"}],"wp:term":[{"taxonomy":"category","embeddable":true,"href":"https:\/\/www.welovecycling.com\/sk\/wp-json\/wp\/v2\/categories?post=8840"},{"taxonomy":"post_tag","embeddable":true,"href":"https:\/\/www.welovecycling.com\/sk\/wp-json\/wp\/v2\/tags?post=8840"},{"taxonomy":"global-categories","embeddable":true,"href":"https:\/\/www.welovecycling.com\/sk\/wp-json\/wp\/v2\/global-categories?post=8840"}],"curies":[{"name":"wp","href":"https:\/\/api.w.org\/{rel}","templated":true}]}}