{"id":8769,"date":"2019-12-16T10:59:24","date_gmt":"2019-12-16T09:59:24","guid":{"rendered":"https:\/\/www.welovecycling.com\/sk\/?p=8769"},"modified":"2019-12-13T15:09:06","modified_gmt":"2019-12-13T14:09:06","slug":"vianocne-darceky-pre-bikera-s-uctou-k-tradiciam","status":"publish","type":"post","link":"https:\/\/www.welovecycling.com\/sk\/2019\/12\/16\/vianocne-darceky-pre-bikera-s-uctou-k-tradiciam\/","title":{"rendered":"Viano\u010dn\u00e9 dar\u010deky pre bikera &#8211; s\u00a0\u00factou k\u00a0trad\u00edci\u00e1m"},"content":{"rendered":"<p><strong>My \u017eeny najlep\u0161ie vieme, \u017ee obchody s\u00fa z\u00e1soben\u00e9 tovarom z\u00a0cel\u00e9ho sveta a\u00a0aby toho nebolo m\u00e1lo, v\u00a0poslednej dobe zavl\u00e1dlo \u0161ialenstvo objedn\u00e1vania bal\u00ed\u010dkov priamo z\u00a0\u010c\u00edny. Ale aj\u00a0v\u00a0tomto pretlaku r\u00f4znych pon\u00fak s\u00fa e\u0161te st\u00e1le medzi nami \u013eudia ochotn\u00ed obetova\u0165 svoj \u010das a n\u00e1pady, aby konkurovali svetov\u00fdm re\u0165azcom a vytvorili nie\u010do origin\u00e1lne.\u00a0A \u010do je najd\u00f4le\u017eitej\u0161ie, vyr\u00e1baj\u00fa veci kvalitne, moderne, \u0161t\u00fdlovo a\u00a0pritom st\u00e1le s puncom kvality. Aby ste si tradi\u010dn\u00e9 viano\u010dn\u00e9 obl\u00e1tky s medom naplno vychutnali, prin\u00e1\u0161ame zop\u00e1r tipov na dar\u010deky pre v\u00e1\u0161ho bikera, ktor\u00e9 by nemali ch\u00fdba\u0165 pod strom\u010dekom, a to hlavne preto, \u017ee boli vyroben\u00e9 priamo na Slovensku a \u010dasto s \u00factou k trad\u00edcii.<\/strong><!--more--><\/p>\n<div class=\"shortcode-ys-post-pinup\"><article class=\"loop-simple post-8735 post type-post status-publish format-standard has-post-thumbnail hentry category-nakupny-poradca tag-bicyklovanie tag-cestna-cyklistika tag-motivacia tag-nakup tag-nakupny-poradca tag-oblecenie tag-prilba tag-slovensko tag-vianoce tag-vyziva tag-zenska-cyklistika tag-zeny tag-zima global-categories-cycling\" data-postid=\"8735\" role=\"article\" data-post-id=\"8735\" data-word-count=\"744\" data-headline-length=\"54\" data-category=\"N\u00e1kupn\u00fd poradca\" data-global-category=\"Cycling\" data-author=\"We Love Cycling\" data-published=\"2019-11-25T09:18:51+01:00\" data-published-day=\"Monday\">\n    <div class=\"entry-thumbnail article-thumbnail\" content=\"https:\/\/d2p6e6u75xmxt8.cloudfront.net\/4\/2019\/11\/VD_bikerka-150x150.webp\"><a href=\"https:\/\/www.welovecycling.com\/sk\/2019\/11\/25\/vianocne-darceky-pre-bikerku-vyrobene-na-slovensku\/\" class=\"image-holder\" target=\"_self\"><img decoding=\"async\" loading=\"lazy\" class=\"\" src=\"https:\/\/d2p6e6u75xmxt8.cloudfront.net\/4\/2019\/11\/VD_bikerka-1024x445.webp\" srcset=\"https:\/\/d2p6e6u75xmxt8.cloudfront.net\/4\/2019\/11\/VD_bikerka.webp 1380w, https:\/\/d2p6e6u75xmxt8.cloudfront.net\/4\/2019\/11\/VD_bikerka-300x130.webp 300w, https:\/\/d2p6e6u75xmxt8.cloudfront.net\/4\/2019\/11\/VD_bikerka-1024x445.webp 1024w, https:\/\/d2p6e6u75xmxt8.cloudfront.net\/4\/2019\/11\/VD_bikerka-768x334.webp 768w\" width=\"1024\" height=\"445\" sizes=\"auto, (min-width: 1200px) 460px, (min-width: 768px) 38vw, 100vw\" alt=\"vianocne-darceky-pre-bikerku-vyrobene-na-slovensku\"\/><\/a><\/div>    <div class=\"entry-meta\">\n        <a class=\"label label-secondary post-category\" href=\"https:\/\/www.welovecycling.com\/sk\/category\/nakupny-poradca\/\" title=\"N\u00e1kupn\u00fd poradca\">N\u00e1kupn\u00fd poradca<\/a>\n    <\/div>\n    <div class=\"entry-details\">\n        <a href=\"https:\/\/www.welovecycling.com\/sk\/2019\/11\/25\/vianocne-darceky-pre-bikerku-vyrobene-na-slovensku\/\" class='entry-title-wrapper'>\n            <h3 class=\"entry-title\"><span>Viano\u010dn\u00e9 dar\u010deky pre bikerku vyroben\u00e9 na Slovensku<\/span><\/h3>\n        <\/a>\n    <\/div>\n    <\/article>\n<\/div>\n<h2><strong>1. Novesta \u2013 Marathon Trail Burgundy<\/strong><\/h2>\n<p>Pam\u00e4t\u00e1te si mesto Ba\u0165ovany? Niekomu to mo\u017eno ni\u010d nehovor\u00ed, ale ke\u010f sa povie Partiz\u00e1nske, to u\u017e viacer\u00ed spozornej\u00fa, preto\u017ee to mesto bolo nieko\u013eko desa\u0165ro\u010d\u00ed zn\u00e1me v\u00fdrobou top\u00e1nok. V\u00fdrobn\u00e9 z\u00e1vody zalo\u017eil samotn\u00fd Ba\u0165a, no po revol\u00facii a\u00a0privatiz\u00e1ci\u00e1ch v\u00fdroba zanikla. Po \u010dase v\u0161ak b\u00fdval\u00ed zamestnanci a\u00a0nad\u0161enci <strong>v\u00fdrobu obnovili<\/strong> a\u00a0dnes pod zna\u010dkou <a target=\u201d_blank\u201d href=\"https:\/\/www.novesta.sk\/23-marathon-trail-burgundy-1-n959002-73786y001\">Novesta<\/a> objav\u00edte <strong>ru\u010dne vyr\u00e1ban\u00e9 tenisky<\/strong>. Vybrali sme klasick\u00fd model tenisiek zn\u00e1mych ako marat\u00f3nky, ktor\u00e9 boli v\u00a0roku 1988 p\u00f4vodne vyroben\u00e9 pre \u010deskoslovensk\u00fd t\u00edm na olympijsk\u00e9 hry v\u00a0Soule. V\u00a0ponuke si viete vybra\u0165 z\u00a0ve\u013ek\u00e9ho mno\u017estva farebn\u00fdch mo\u017enost\u00ed.<\/p>\n<p><a href=\"https:\/\/d2p6e6u75xmxt8.cloudfront.net\/4\/2019\/11\/VD_biker_01.jpg\"><img loading=\"lazy\" decoding=\"async\" src=\"https:\/\/d2p6e6u75xmxt8.cloudfront.net\/4\/2019\/11\/VD_biker_01.jpg\" alt=\"\" width=\"1200\" height=\"800\" class=\"alignnone size-full wp-image-8782\" \/><\/a><\/p>\n<h2><strong>2. Typi\u0161 Slovaki\u0161 \u2013 Tri\u010dko P\u00fachov<\/strong><\/h2>\n<p>Spojenie folkl\u00f3rnej trad\u00edcie s\u00a0na\u0161ou modernou dobou je hlavn\u00fdm mottom zna\u010dky, ktor\u00e1 svoj nadh\u013ead a\u00a0originalitu odzrkad\u013euje aj vo svojom n\u00e1zve \u2013 <a href=\"https:\/\/www.typis-slovakis.sk\/panske-tricko-puchov-typis-slovakis-modre\/\" rel=\"noopener\" target=\"_blank\">Typi\u0161 Slovaki\u0161<\/a>. Neboja sa prizna\u0165, \u017ee nie s\u00fa remeseln\u00edci so zru\u010dnos\u0165ou v p\u00f4vodn\u00fdch technik\u00e1ch, ale s\u00a0oh\u013eadom na s\u00fa\u010dasn\u00e9 technol\u00f3gie <strong>tvoria dizajn pomocou sie\u0165otla\u010de<\/strong>. V\u00a0ich ponuke n\u00e1jdete bytov\u00e9 doplnky aj text\u00edlie, ale pre v\u00e1s sme vybrali p\u00e1nske tri\u010dko s\u00a0folkl\u00f3rnym mot\u00edvom ob\u013e\u00faben\u00fdm v\u00a0oblasti P\u00fachova.<\/p>\n<p><a href=\"https:\/\/d2p6e6u75xmxt8.cloudfront.net\/4\/2019\/11\/VD_biker_02.jpg\"><img loading=\"lazy\" decoding=\"async\" src=\"https:\/\/d2p6e6u75xmxt8.cloudfront.net\/4\/2019\/11\/VD_biker_02.jpg\" alt=\"\" width=\"1200\" height=\"800\" class=\"alignnone size-full wp-image-8783\" \/><\/a><\/p>\n<h2><strong>3. Benesport \u2013 Sportcool \u010diapka<\/strong><\/h2>\n<p>\u010ciapka, ktor\u00fa ocen\u00edte na be\u017en\u00e9 nosenie, ale bez probl\u00e9mov ju d\u00e1te aj pod cyklistick\u00fa prilbu, ke\u010f sa vyberiete na zimn\u00fd v\u00fdjazd do h\u00f4r. Ve\u010f \u010do m\u00f4\u017ee by\u0165 kraj\u0161ie, ako si vychutna\u0165 <strong>kr\u00e1su na\u0161ich h\u00f4r po\u010das zimn\u00e9ho r\u00e1na<\/strong>. A\u00a0vo chv\u00edli, ke\u010f v\u00e1m od \u00fast st\u00fapa para, ocen\u00edte <a href=\"https:\/\/www.benesport.sk\/product\/sk\/sportcool-ciapka-266-14-antracit\" rel=\"noopener\" target=\"_blank\">tepl\u00fa \u010diapku<\/a> vyroben\u00fa z\u00a0ov\u010dej vlny, ktor\u00e1 prirodzene pohlcuje pachy, <strong>ide\u00e1lne reguluje teplotu a\u00a0hreje<\/strong>, aj ke\u010f ju prepot\u00edte. Pod\u0161it\u00e1 je jemn\u00fdm mikroflisom, \u010di\u017ee sa nemus\u00edte ob\u00e1va\u0165 nepr\u00edjemn\u00e9ho pocitu, ktor\u00fd ob\u010das drsnej\u0161ia merino vlna m\u00e1.<\/p>\n<p><a href=\"https:\/\/d2p6e6u75xmxt8.cloudfront.net\/4\/2019\/11\/VD_biker_03.jpg\"><img loading=\"lazy\" decoding=\"async\" src=\"https:\/\/d2p6e6u75xmxt8.cloudfront.net\/4\/2019\/11\/VD_biker_03.jpg\" alt=\"\" width=\"1200\" height=\"800\" class=\"alignnone size-full wp-image-8784\" \/><\/a><\/p>\n<h2><strong>4. Kellys \u2013 Horsk\u00fd bicykel Gate 70 29\u201c<\/strong><\/h2>\n<p>Slovensk\u00e1 zna\u010dka, ktor\u00e1 je na trhu u\u017e viac ako 25 rokov, je \u00faspe\u0161n\u00e1 v\u00a0mnoh\u00fdch krajin\u00e1ch sveta a\u00a0na ich v\u00fdrobkoch vidie\u0165, <strong>\u017ee ich to st\u00e1le neskuto\u010dne bav\u00ed<\/strong>. Tohtoro\u010dn\u00fd <a href=\"https:\/\/www.kellysbike.com\/sk\/mtb-xc-c714\/gate-70-29-p64116\" rel=\"noopener\" target=\"_blank\">model Gate<\/a>, ur\u010den\u00fd hlavne na cross country, je z\u00a0ponuky zna\u010dky ve\u013emi popul\u00e1rny. Od\u013eah\u010den\u00fd r\u00e1m z\u00a0hlin\u00edkovej zliatiny, vzduchov\u00e1 vidlica Rock Shox Sektor s\u00a0ovl\u00e1dan\u00edm zamykania priamo z\u00a0riadidiel a komponenty od Shimano, <strong>to je z\u00e1ruka kvality<\/strong>. Zauj\u00edmav\u00e9 je aj farebn\u00e9 prevedenie, ktor\u00e9 up\u00fata na prv\u00fd poh\u013ead a\u00a0ur\u010dite v\u00e1s na cest\u00e1ch nikto neprehliadne.<\/p>\n<p><a href=\"https:\/\/d2p6e6u75xmxt8.cloudfront.net\/4\/2019\/11\/VD_biker_04.jpg\"><img loading=\"lazy\" decoding=\"async\" src=\"https:\/\/d2p6e6u75xmxt8.cloudfront.net\/4\/2019\/11\/VD_biker_04.jpg\" alt=\"\" width=\"1200\" height=\"800\" class=\"alignnone size-full wp-image-8785\" \/><\/a><\/p>\n<h2><strong>5. CTM \u2013 Prilba Draax<\/strong><\/h2>\n<p>Aby sme ka\u017ed\u00e9 Vianoce mohli tr\u00e1vi\u0165 v\u00a0kruhu rodiny a\u00a0svojich bl\u00edzkych, je potrebn\u00e9 aby sme po\u010das cel\u00e9ho roka <strong>mysleli na svoju bezpe\u010dnos\u0165<\/strong>, tak\u017ee nov\u00e1 prilba do v\u00fdbavy sa v\u017edy hod\u00ed. Nezaob\u00edde sa bez nej \u017eiadny cyklista a\u00a0aj tu sa neust\u00e1le vyv\u00edja dizajn, ale aj technol\u00f3gia ochrany. Tento <a href=\"https:\/\/www.mtbiker.sk\/shop\/prilby\/am-en-prilby\/ctm-prilba-draax-limetka-petrol.html\" rel=\"noopener\" target=\"_blank\">model<\/a> pon\u00faka odstr\u00e1nite\u013en\u00fd a\u00a0nastavite\u013en\u00fd \u0161ilt a\u00a0takisto vypch\u00e1vky a\u00a0sie\u0165ka proti hmyzu sa d\u00e1 jednoducho vybra\u0165 a\u00a0o\u010disti\u0165. Nastavovacie koliesko pon\u00faka citliv\u00fd mechanizmus a\u00a0osemn\u00e1s\u0165 otvorov zabezpe\u010d\u00ed dostato\u010dn\u00e9 odvetr\u00e1vanie v\u00a0ka\u017edom po\u010das\u00ed.<\/p>\n<p><a href=\"https:\/\/d2p6e6u75xmxt8.cloudfront.net\/4\/2019\/11\/VD_biker_05-1.jpg\"><img loading=\"lazy\" decoding=\"async\" src=\"https:\/\/d2p6e6u75xmxt8.cloudfront.net\/4\/2019\/11\/VD_biker_05-1.jpg\" alt=\"\" width=\"1200\" height=\"800\" class=\"alignnone size-full wp-image-8794\" \/><\/a><\/p>\n<h2><strong>6. Kellys \u2013 Batoh Jet 8<\/strong><\/h2>\n<p>Kellys je okrem bicyklov ob\u013e\u00faben\u00fd aj <strong>svojimi batohmi<\/strong>. <a href=\"https:\/\/www.kellysbike.com\/sk\/batohy-c58\/jet-8-black-p60603\" rel=\"noopener\" target=\"_blank\">Model Jet<\/a> je vyroben\u00fd s\u00a0odoln\u00e9ho materi\u00e1lu proti roztrhnutiu v\u010faka technol\u00f3gii Ripstop. M\u00e1 <strong>skvele navrhnut\u00fd chrbtov\u00fd syst\u00e9m<\/strong>, ktor\u00fd dokonale odvetr\u00e1va a\u00a0ramenn\u00e9 popruhy, v\u00a0kombin\u00e1cii s\u00a0hrudn\u00fdm a\u00a0bedrov\u00fdm popruhom, udr\u017eia batoh na svojom mieste aj v\u00a0t\u00fdch najzlo\u017eitej\u0161\u00edch podmienkach. S\u00fa\u010das\u0165ou batohu je vodn\u00fd vak a\u00a0dokonca pri v\u00fdvoji mysleli aj na dr\u017eiak na prilbu a\u00a0vystu\u017een\u00fa priehradku na okuliare.<\/p>\n<p><a href=\"https:\/\/d2p6e6u75xmxt8.cloudfront.net\/4\/2019\/11\/VD_biker_06.jpg\"><img loading=\"lazy\" decoding=\"async\" src=\"https:\/\/d2p6e6u75xmxt8.cloudfront.net\/4\/2019\/11\/VD_biker_06.jpg\" alt=\"\" width=\"1200\" height=\"800\" class=\"alignnone size-full wp-image-8786\" \/><\/a><\/p>\n<h2><strong>7. Kompava \u2013 Bal\u00edk Combi Sport<\/strong><\/h2>\n<p>Kompava tento rok pripravila <strong>viano\u010dn\u00e9 bal\u00ed\u010dky<\/strong> a\u00a0nakombinovala najob\u013e\u00fabenej\u0161ie produkty presne pod\u013ea po\u017eiadaviek jej z\u00e1kazn\u00edkov. Vybrali sme pre v\u00e1s <a href=\"https:\/\/www.kompava.sk\/balik-combi-sport\" rel=\"noopener\" target=\"_blank\">bal\u00edk<\/a>, ktor\u00fd obsahuje zimn\u00fd iontov\u00fd n\u00e1poj HypoFit, K4 Power BCAA  a\u00a0AcidoFit mix. T\u00e1to kombin\u00e1cia presne <strong>pokryje va\u0161e potreby<\/strong>, preto\u017ee iontov\u00fd n\u00e1poj HypoFit dopln\u00ed miner\u00e1lne l\u00e1tky, ktor\u00e9 sa po\u010das zimn\u00fdch v\u00fdkonov \u013eahko str\u00e1caj\u00fa a\u00a0navy\u0161e m\u00e1\u00a0dokonal\u00fa pr\u00edchu\u0165 z\u00e1zvor-jablko, ako stvoren\u00fa pre chladn\u00e9 dni. Instantn\u00fd K4 Power BCAA v\u00e1m pom\u00f4\u017ee zregenerova\u0165 svaly, a\u00a0ke\u010f\u017ee sa po\u010das sviatkov \u0165a\u017eko odol\u00e1va dobrot\u00e1m, ktor\u00e9 na n\u00e1s \u010d\u00edhaj\u00fa na ka\u017edom kroku, AcidoFit mix je vhodn\u00fd na prekyslen\u00fd organizmus.<\/p>\n<p><a href=\"https:\/\/d2p6e6u75xmxt8.cloudfront.net\/4\/2019\/11\/VD_biker_07.jpg\"><img loading=\"lazy\" decoding=\"async\" src=\"https:\/\/d2p6e6u75xmxt8.cloudfront.net\/4\/2019\/11\/VD_biker_07.jpg\" alt=\"\" width=\"1200\" height=\"800\" class=\"alignnone size-full wp-image-8787\" \/><\/a><\/p>\n<h2><strong>8. Zajo \u2013 Narvik Vest<\/strong><\/h2>\n<p>Nie je to vyslovene cyklistick\u00e1 vesta, ale <strong>v\u00fdborne posl\u00fa\u017ei na v\u00e4\u010d\u0161inu zimn\u00fdch aktiv\u00edt<\/strong>. Ak medzi va\u0161e zimn\u00e9 aktivity patr\u00ed aj bicykel, tak ju m\u00f4\u017eete pokojne vyu\u017ei\u0165, a\u00a0to v\u010faka pred\u013a\u017eenej zadnej \u010dasti. Je dobre zbalite\u013en\u00e1, ale napriek tomu poskytuje dobr\u00fa izol\u00e1ciu proti vetru. <a href=\"https:\/\/www.zajo.net\/sk\/vesty\/narvik-vest-black.p7767-1.html\" rel=\"noopener\" target=\"_blank\">Vesta<\/a> je na dotyk pr\u00edjemn\u00e1 a\u00a0v\u010faka strihu budete ma\u0165 v\u00a0nej dostato\u010dn\u00fa pohyblivos\u0165. V\u0161etky zipsy s\u00fa od zna\u010dky YKK, tak\u017ee odpad\u00e1vaj\u00fa probl\u00e9my so zadrh\u00e1van\u00edm. Dostatok vreciek v\u00e1m poskytne priestor na odlo\u017eenie telef\u00f3nu, k\u013e\u00fa\u010dov a\u00a0in\u00fdch drobnost\u00ed.<\/p>\n<p><a href=\"https:\/\/d2p6e6u75xmxt8.cloudfront.net\/4\/2019\/11\/VD_biker_08.jpg\"><img loading=\"lazy\" decoding=\"async\" src=\"https:\/\/d2p6e6u75xmxt8.cloudfront.net\/4\/2019\/11\/VD_biker_08.jpg\" alt=\"\" width=\"1200\" height=\"800\" class=\"alignnone size-full wp-image-8788\" \/><\/a><\/p>\n<h2><strong>9. Pekne.net \u2013 Pono\u017eky Str\u00e1\u017eov<\/strong><\/h2>\n<p>Ke\u010f sa vr\u00e1tite zo zimn\u00e9ho\u00a0v\u00fdjazdu, kde v\u00e1s bi\u010doval zimn\u00fd vietor, chladila rann\u00e1 hmla a\u00a0poriadne vy\u0161t\u00edpal mr\u00e1z, ur\u010dite si radi sadnete na m\u00e4kk\u00fd gau\u010d, vezmete do ruky tepl\u00fd \u010daj a\u00a0na nohy si d\u00e1te pono\u017eky z\u00a0<strong>merino vlny<\/strong>. <a href=\"https:\/\/www.pekne.net\/strazov\/ponozky-jednofarebne-merino\/433\" rel=\"noopener\" target=\"_blank\">Pono\u017eky Str\u00e1\u017eov<\/a> s\u00fa ru\u010dne pleten\u00e9 v\u00a0jedine\u010dnej slovenskej dedinke \u010ci\u010dmany. V\u00fdhodou je, \u017ee ich nemus\u00edte tak \u010dasto pra\u0165, pred\u00eddete nepr\u00edjemn\u00e9mu z\u00e1pachu a\u00a0ov\u010dia vlna je sama o\u00a0sebe antibakteri\u00e1lna. Sta\u010d\u00ed, aby ste si ich raz obuli a\u00a0nabud\u00face sa u\u017e po\u010das v\u00fdjazdu <strong>budete na ne doslova te\u0161i\u0165<\/strong>.<\/p>\n<p><a href=\"https:\/\/d2p6e6u75xmxt8.cloudfront.net\/4\/2019\/11\/VD_biker_09.jpg\"><img loading=\"lazy\" decoding=\"async\" src=\"https:\/\/d2p6e6u75xmxt8.cloudfront.net\/4\/2019\/11\/VD_biker_09.jpg\" alt=\"\" width=\"1200\" height=\"800\" class=\"alignnone size-full wp-image-8789\" \/><\/a><\/p>\n<h2><strong>10. Blackhill \u2013 Bunda Forester<\/strong><\/h2>\n<p><a href=\"https:\/\/blackhilloutdoor.sk\/produkt\/panska-merino-bunda-forester-modrasiva\/\" rel=\"noopener\" target=\"_blank\">Outdoorov\u00e1 bunda<\/a>, \u0161peci\u00e1lne navrhnut\u00e1 pre t\u00fdch, ktor\u00ed akt\u00edvne tr\u00e1via svoj \u010das v\u00a0pr\u00edrode \u010di na cest\u00e1ch. Vyroben\u00e1 je zo stopercentnej merino vlny, ktor\u00e1 jej d\u00e1va <strong>svoje jedine\u010dn\u00e9 vlastnosti<\/strong>, ako je ochrana pred chladom, regul\u00e1cia vlhkosti a\u00a0dostato\u010dn\u00e1 vzdu\u0161nos\u0165. Ak sa ne\u010dakane otepl\u00ed, vetracie zipsy v\u00a0podpazu\u0161\u00ed ur\u010dite ocen\u00edte. Jej najv\u00e4\u010d\u0161ou v\u00fdhodou je, \u017ee ju vyu\u017eije po\u010das cel\u00e9ho roka, \u010di u\u017e po\u010das zimy, skorej jari, ke\u010f e\u0161te prv\u00e9 slne\u010dn\u00e9 l\u00fa\u010de dostato\u010dne nehrej\u00fa, ale aj po\u010das ne\u010dakane chladn\u00fdch letn\u00fd ve\u010derov.<\/p>\n<p><a href=\"https:\/\/d2p6e6u75xmxt8.cloudfront.net\/4\/2019\/11\/VD_biker_10.jpg\"><img loading=\"lazy\" decoding=\"async\" src=\"https:\/\/d2p6e6u75xmxt8.cloudfront.net\/4\/2019\/11\/VD_biker_10.jpg\" alt=\"\" width=\"1200\" height=\"800\" class=\"alignnone size-full wp-image-8790\" \/><\/a><\/p>\n<h2><strong>11. Sportcool \u2013 P\u00e1nsky sveter<\/strong><\/h2>\n<p>Zaspom\u00ednajte si na vzru\u0161uj\u00face chv\u00edle, ktor\u00e9 sme pre\u017e\u00edvali po\u010das zimnej olympi\u00e1dy v\u00a0PyeongChangu a\u00a0darujte svojej polovi\u010dke p\u00e1nsky <a href=\"https:\/\/sportcool.sk\/produkt\/7960\/pansky-sveter-395-34-sivy-melir-cierna\/?ref_cat=1185\" rel=\"noopener\" target=\"_blank\">\u0161portov\u00fd sveter<\/a> z\u00a0olympijskej kolekcie s\u00a0\u010di\u010dmansk\u00fdm vzorom. Vyroben\u00fd je z\u00a0<strong>kvalitnej priadze<\/strong>, ktor\u00e1 obsahuje 60% akrylu a\u00a040% vlny. Kvalitn\u00fd je aj pou\u017eit\u00fd zips od zna\u010dky YKK. Neutr\u00e1lna sivo-\u010dierna farba sa jednoducho hod\u00ed k\u00a0v\u00e4\u010d\u0161ine oble\u010denia a\u00a0nezabudnite, \u017ee viano\u010dn\u00fd sveter je skr\u00e1tka dobr\u00fd n\u00e1pad. V\u00a0ponuke tejto podtatranskej zna\u010dky Sportcool, n\u00e1jdete aj \u010diapku \u010di rukavice, ktor\u00e9 sa k\u00a0nemu dokonale hodia.<\/p>\n<p><a href=\"https:\/\/d2p6e6u75xmxt8.cloudfront.net\/4\/2019\/11\/VD_biker_11.jpg\"><img loading=\"lazy\" decoding=\"async\" src=\"https:\/\/d2p6e6u75xmxt8.cloudfront.net\/4\/2019\/11\/VD_biker_11.jpg\" alt=\"\" width=\"1200\" height=\"800\" class=\"alignnone size-full wp-image-8791\" \/><\/a><\/p>\n","protected":false},"excerpt":{"rendered":"<p>My \u017eeny najlep\u0161ie vieme, \u017ee obchody s\u00fa z\u00e1soben\u00e9 tovarom z\u00a0cel\u00e9ho sveta a\u00a0aby toho nebolo m\u00e1lo, v\u00a0poslednej dobe zavl\u00e1dlo \u0161ialenstvo objedn\u00e1vania [&hellip;]<\/p>\n","protected":false},"author":81,"featured_media":8811,"comment_status":"open","ping_status":"open","sticky":false,"template":"","format":"standard","meta":{"footnotes":""},"categories":[52],"tags":[1182,713,345,180,902,664,767,600,669,215,349,264,309,344,317],"global-categories":[1074],"class_list":["post-8769","post","type-post","status-publish","format-standard","has-post-thumbnail","hentry","category-nakupny-poradca","tag-biker","tag-ciapka","tag-darceky","tag-horska-cyklistika","tag-horsky-bicykel","tag-kompava","tag-motivacia","tag-muzi","tag-nakup","tag-nakupny-poradca","tag-ponozky","tag-prilba","tag-vesta","tag-vianoce","tag-zima","global-categories-cycling"],"yoast_head":"<!-- This site is optimized with the Yoast SEO Premium plugin v25.3 (Yoast SEO v25.9) - https:\/\/yoast.com\/wordpress\/plugins\/seo\/ -->\n<title>Viano\u010dn\u00e9 dar\u010deky pre bikera - s\u00a0\u00factou k\u00a0trad\u00edci\u00e1m - \u0160koda We Love Cycling Slovensko<\/title>\n<meta name=\"robots\" content=\"index, follow, max-snippet:-1, max-image-preview:large, max-video-preview:-1\" \/>\n<link rel=\"canonical\" href=\"https:\/\/www.welovecycling.com\/sk\/2019\/12\/16\/vianocne-darceky-pre-bikera-s-uctou-k-tradiciam\/\" \/>\n<meta property=\"og:locale\" content=\"sk_SK\" \/>\n<meta property=\"og:type\" content=\"article\" \/>\n<meta property=\"og:title\" content=\"Viano\u010dn\u00e9 dar\u010deky pre bikera - s\u00a0\u00factou k\u00a0trad\u00edci\u00e1m\" \/>\n<meta property=\"og:description\" content=\"My \u017eeny najlep\u0161ie vieme, \u017ee obchody s\u00fa z\u00e1soben\u00e9 tovarom z\u00a0cel\u00e9ho sveta a\u00a0aby toho nebolo m\u00e1lo, v\u00a0poslednej dobe zavl\u00e1dlo \u0161ialenstvo objedn\u00e1vania [&hellip;]\" \/>\n<meta property=\"og:url\" content=\"https:\/\/www.welovecycling.com\/sk\/2019\/12\/16\/vianocne-darceky-pre-bikera-s-uctou-k-tradiciam\/\" \/>\n<meta property=\"og:site_name\" content=\"\u0160koda We Love Cycling Slovensko\" \/>\n<meta property=\"article:published_time\" content=\"2019-12-16T09:59:24+00:00\" \/>\n<meta property=\"og:image\" content=\"https:\/\/d2p6e6u75xmxt8.cloudfront.net\/4\/2019\/11\/VD_biker_00-2.webp\" \/>\n\t<meta property=\"og:image:width\" content=\"1380\" \/>\n\t<meta property=\"og:image:height\" content=\"600\" \/>\n\t<meta property=\"og:image:type\" content=\"image\/webp\" \/>\n<meta name=\"twitter:card\" content=\"summary_large_image\" \/>\n<meta name=\"twitter:label1\" content=\"Written by\" \/>\n\t<meta name=\"twitter:data1\" content=\"We Love Cycling\" \/>\n\t<meta name=\"twitter:label2\" content=\"Est. reading time\" \/>\n\t<meta name=\"twitter:data2\" content=\"5\" \/>\n<script type=\"application\/ld+json\" class=\"yoast-schema-graph\">{\"@context\":\"https:\/\/schema.org\",\"@graph\":[{\"@type\":\"WebPage\",\"@id\":\"https:\/\/www.welovecycling.com\/sk\/2019\/12\/16\/vianocne-darceky-pre-bikera-s-uctou-k-tradiciam\/\",\"url\":\"https:\/\/www.welovecycling.com\/sk\/2019\/12\/16\/vianocne-darceky-pre-bikera-s-uctou-k-tradiciam\/\",\"name\":\"Viano\u010dn\u00e9 dar\u010deky pre bikera - s\u00a0\u00factou k\u00a0trad\u00edci\u00e1m - \u0160koda We Love Cycling Slovensko\",\"isPartOf\":{\"@id\":\"https:\/\/www.welovecycling.com\/sk\/#website\"},\"primaryImageOfPage\":{\"@id\":\"https:\/\/www.welovecycling.com\/sk\/2019\/12\/16\/vianocne-darceky-pre-bikera-s-uctou-k-tradiciam\/#primaryimage\"},\"image\":{\"@id\":\"https:\/\/www.welovecycling.com\/sk\/2019\/12\/16\/vianocne-darceky-pre-bikera-s-uctou-k-tradiciam\/#primaryimage\"},\"thumbnailUrl\":\"https:\/\/d2p6e6u75xmxt8.cloudfront.net\/4\/2019\/11\/VD_biker_00-2.webp\",\"datePublished\":\"2019-12-16T09:59:24+00:00\",\"author\":{\"@id\":\"\"},\"breadcrumb\":{\"@id\":\"https:\/\/www.welovecycling.com\/sk\/2019\/12\/16\/vianocne-darceky-pre-bikera-s-uctou-k-tradiciam\/#breadcrumb\"},\"inLanguage\":\"sk-SK\",\"potentialAction\":[{\"@type\":\"ReadAction\",\"target\":[\"https:\/\/www.welovecycling.com\/sk\/2019\/12\/16\/vianocne-darceky-pre-bikera-s-uctou-k-tradiciam\/\"]}]},{\"@type\":\"ImageObject\",\"inLanguage\":\"sk-SK\",\"@id\":\"https:\/\/www.welovecycling.com\/sk\/2019\/12\/16\/vianocne-darceky-pre-bikera-s-uctou-k-tradiciam\/#primaryimage\",\"url\":\"https:\/\/d2p6e6u75xmxt8.cloudfront.net\/4\/2019\/11\/VD_biker_00-2.webp\",\"contentUrl\":\"https:\/\/d2p6e6u75xmxt8.cloudfront.net\/4\/2019\/11\/VD_biker_00-2.webp\",\"width\":1380,\"height\":600},{\"@type\":\"BreadcrumbList\",\"@id\":\"https:\/\/www.welovecycling.com\/sk\/2019\/12\/16\/vianocne-darceky-pre-bikera-s-uctou-k-tradiciam\/#breadcrumb\",\"itemListElement\":[{\"@type\":\"ListItem\",\"position\":1,\"name\":\"Home\",\"item\":\"https:\/\/www.welovecycling.com\/sk\/\"},{\"@type\":\"ListItem\",\"position\":2,\"name\":\"Viano\u010dn\u00e9 dar\u010deky pre bikera &#8211; s\u00a0\u00factou k\u00a0trad\u00edci\u00e1m\"}]},{\"@type\":\"WebSite\",\"@id\":\"https:\/\/www.welovecycling.com\/sk\/#website\",\"url\":\"https:\/\/www.welovecycling.com\/sk\/\",\"name\":\"\u0160koda We Love Cycling Slovensko\",\"description\":\"\u0160koda We Love Cycling Slovensko je v\u00e1\u0161 ka\u017edodenn\u00fd zdroj noviniek a in\u0161pir\u00e1cie z sveta cyklistiky\",\"potentialAction\":[{\"@type\":\"SearchAction\",\"target\":{\"@type\":\"EntryPoint\",\"urlTemplate\":\"https:\/\/www.welovecycling.com\/sk\/?s={search_term_string}\"},\"query-input\":{\"@type\":\"PropertyValueSpecification\",\"valueRequired\":true,\"valueName\":\"search_term_string\"}}],\"inLanguage\":\"sk-SK\"},{\"@type\":\"Person\",\"@id\":\"\",\"url\":\"https:\/\/www.welovecycling.com\/sk\/author\/\"}]}<\/script>\n<!-- \/ Yoast SEO Premium plugin. -->","yoast_head_json":{"title":"Viano\u010dn\u00e9 dar\u010deky pre bikera - s\u00a0\u00factou k\u00a0trad\u00edci\u00e1m - \u0160koda We Love Cycling Slovensko","robots":{"index":"index","follow":"follow","max-snippet":"max-snippet:-1","max-image-preview":"max-image-preview:large","max-video-preview":"max-video-preview:-1"},"canonical":"https:\/\/www.welovecycling.com\/sk\/2019\/12\/16\/vianocne-darceky-pre-bikera-s-uctou-k-tradiciam\/","og_locale":"sk_SK","og_type":"article","og_title":"Viano\u010dn\u00e9 dar\u010deky pre bikera - s\u00a0\u00factou k\u00a0trad\u00edci\u00e1m","og_description":"My \u017eeny najlep\u0161ie vieme, \u017ee obchody s\u00fa z\u00e1soben\u00e9 tovarom z\u00a0cel\u00e9ho sveta a\u00a0aby toho nebolo m\u00e1lo, v\u00a0poslednej dobe zavl\u00e1dlo \u0161ialenstvo objedn\u00e1vania [&hellip;]","og_url":"https:\/\/www.welovecycling.com\/sk\/2019\/12\/16\/vianocne-darceky-pre-bikera-s-uctou-k-tradiciam\/","og_site_name":"\u0160koda We Love Cycling Slovensko","article_published_time":"2019-12-16T09:59:24+00:00","og_image":[{"width":1380,"height":600,"url":"https:\/\/d2p6e6u75xmxt8.cloudfront.net\/4\/2019\/11\/VD_biker_00-2.webp","type":"image\/webp"}],"twitter_card":"summary_large_image","twitter_misc":{"Written by":"We Love Cycling","Est. reading time":"5"},"schema":{"@context":"https:\/\/schema.org","@graph":[{"@type":"WebPage","@id":"https:\/\/www.welovecycling.com\/sk\/2019\/12\/16\/vianocne-darceky-pre-bikera-s-uctou-k-tradiciam\/","url":"https:\/\/www.welovecycling.com\/sk\/2019\/12\/16\/vianocne-darceky-pre-bikera-s-uctou-k-tradiciam\/","name":"Viano\u010dn\u00e9 dar\u010deky pre bikera - s\u00a0\u00factou k\u00a0trad\u00edci\u00e1m - \u0160koda We Love Cycling Slovensko","isPartOf":{"@id":"https:\/\/www.welovecycling.com\/sk\/#website"},"primaryImageOfPage":{"@id":"https:\/\/www.welovecycling.com\/sk\/2019\/12\/16\/vianocne-darceky-pre-bikera-s-uctou-k-tradiciam\/#primaryimage"},"image":{"@id":"https:\/\/www.welovecycling.com\/sk\/2019\/12\/16\/vianocne-darceky-pre-bikera-s-uctou-k-tradiciam\/#primaryimage"},"thumbnailUrl":"https:\/\/d2p6e6u75xmxt8.cloudfront.net\/4\/2019\/11\/VD_biker_00-2.webp","datePublished":"2019-12-16T09:59:24+00:00","author":{"@id":""},"breadcrumb":{"@id":"https:\/\/www.welovecycling.com\/sk\/2019\/12\/16\/vianocne-darceky-pre-bikera-s-uctou-k-tradiciam\/#breadcrumb"},"inLanguage":"sk-SK","potentialAction":[{"@type":"ReadAction","target":["https:\/\/www.welovecycling.com\/sk\/2019\/12\/16\/vianocne-darceky-pre-bikera-s-uctou-k-tradiciam\/"]}]},{"@type":"ImageObject","inLanguage":"sk-SK","@id":"https:\/\/www.welovecycling.com\/sk\/2019\/12\/16\/vianocne-darceky-pre-bikera-s-uctou-k-tradiciam\/#primaryimage","url":"https:\/\/d2p6e6u75xmxt8.cloudfront.net\/4\/2019\/11\/VD_biker_00-2.webp","contentUrl":"https:\/\/d2p6e6u75xmxt8.cloudfront.net\/4\/2019\/11\/VD_biker_00-2.webp","width":1380,"height":600},{"@type":"BreadcrumbList","@id":"https:\/\/www.welovecycling.com\/sk\/2019\/12\/16\/vianocne-darceky-pre-bikera-s-uctou-k-tradiciam\/#breadcrumb","itemListElement":[{"@type":"ListItem","position":1,"name":"Home","item":"https:\/\/www.welovecycling.com\/sk\/"},{"@type":"ListItem","position":2,"name":"Viano\u010dn\u00e9 dar\u010deky pre bikera &#8211; s\u00a0\u00factou k\u00a0trad\u00edci\u00e1m"}]},{"@type":"WebSite","@id":"https:\/\/www.welovecycling.com\/sk\/#website","url":"https:\/\/www.welovecycling.com\/sk\/","name":"\u0160koda We Love Cycling Slovensko","description":"\u0160koda We Love Cycling Slovensko je v\u00e1\u0161 ka\u017edodenn\u00fd zdroj noviniek a in\u0161pir\u00e1cie z sveta cyklistiky","potentialAction":[{"@type":"SearchAction","target":{"@type":"EntryPoint","urlTemplate":"https:\/\/www.welovecycling.com\/sk\/?s={search_term_string}"},"query-input":{"@type":"PropertyValueSpecification","valueRequired":true,"valueName":"search_term_string"}}],"inLanguage":"sk-SK"},{"@type":"Person","@id":"","url":"https:\/\/www.welovecycling.com\/sk\/author\/"}]}},"_links":{"self":[{"href":"https:\/\/www.welovecycling.com\/sk\/wp-json\/wp\/v2\/posts\/8769","targetHints":{"allow":["GET"]}}],"collection":[{"href":"https:\/\/www.welovecycling.com\/sk\/wp-json\/wp\/v2\/posts"}],"about":[{"href":"https:\/\/www.welovecycling.com\/sk\/wp-json\/wp\/v2\/types\/post"}],"author":[{"embeddable":true,"href":"https:\/\/www.welovecycling.com\/sk\/wp-json\/wp\/v2\/users\/81"}],"replies":[{"embeddable":true,"href":"https:\/\/www.welovecycling.com\/sk\/wp-json\/wp\/v2\/comments?post=8769"}],"version-history":[{"count":2,"href":"https:\/\/www.welovecycling.com\/sk\/wp-json\/wp\/v2\/posts\/8769\/revisions"}],"predecessor-version":[{"id":8814,"href":"https:\/\/www.welovecycling.com\/sk\/wp-json\/wp\/v2\/posts\/8769\/revisions\/8814"}],"wp:featuredmedia":[{"embeddable":true,"href":"https:\/\/www.welovecycling.com\/sk\/wp-json\/wp\/v2\/media\/8811"}],"wp:attachment":[{"href":"https:\/\/www.welovecycling.com\/sk\/wp-json\/wp\/v2\/media?parent=8769"}],"wp:term":[{"taxonomy":"category","embeddable":true,"href":"https:\/\/www.welovecycling.com\/sk\/wp-json\/wp\/v2\/categories?post=8769"},{"taxonomy":"post_tag","embeddable":true,"href":"https:\/\/www.welovecycling.com\/sk\/wp-json\/wp\/v2\/tags?post=8769"},{"taxonomy":"global-categories","embeddable":true,"href":"https:\/\/www.welovecycling.com\/sk\/wp-json\/wp\/v2\/global-categories?post=8769"}],"curies":[{"name":"wp","href":"https:\/\/api.w.org\/{rel}","templated":true}]}}