{"id":8735,"date":"2019-11-25T09:18:51","date_gmt":"2019-11-25T08:18:51","guid":{"rendered":"https:\/\/www.welovecycling.com\/sk\/?p=8735"},"modified":"2019-11-25T09:18:51","modified_gmt":"2019-11-25T08:18:51","slug":"vianocne-darceky-pre-bikerku-vyrobene-na-slovensku","status":"publish","type":"post","link":"https:\/\/www.welovecycling.com\/sk\/2019\/11\/25\/vianocne-darceky-pre-bikerku-vyrobene-na-slovensku\/","title":{"rendered":"Viano\u010dn\u00e9 dar\u010deky pre bikerku vyroben\u00e9 na Slovensku"},"content":{"rendered":"<p><strong>Od \u010doho by ste mali svoj cyklistick\u00fd port\u00e1l, keby v\u00e1m neporadil aj s\u00a0v\u00fdberom dar\u010dekov pre svoje ne\u017en\u00e9 polovi\u010dky a bikerky pod strom\u010dek. A\u00a0ke\u010f\u017ee m\u00e1me radi cyklistiku a\u00a0Slovensko, d\u00f4kladne sme sa pozreli, ak\u00e9 zna\u010dky m\u00e1me doma a\u00a0boli sme milo prekvapen\u00ed. Je jasn\u00e9, \u017ee tu m\u00e1me \u0161ikovn\u00fdch \u013eud\u00ed, ale \u017ee a\u017e to\u013eko, to n\u00e1s prekvapilo a\u00a0chceme sa s\u00a0vami o to podeli\u0165. A\u00a0v\u00a0neposlednom rade tak\u00fdmito dar\u010dekmi z\u00edskate dobr\u00fd pocit, \u017ee ste podporili t\u00fdchto kreat\u00edvnych \u013eud\u00ed a urobili nie\u010do pre ekol\u00f3giu, ke\u010f oble\u010denie nemuselo cestova\u0165 cez pol plan\u00e9ty. Ke\u010f\u017ee my chlapi si nakupovanie dar\u010dekov nech\u00e1vame na posledn\u00fa chv\u00ed\u013eu, nechajte sa in\u0161pirova\u0165 a\u00a0tento rok to vybavme s\u00a0predstihom. Pripravili sme pre v\u00e1s nieko\u013eko produktov, ktor\u00e9 boli s l\u00e1skou vyroben\u00e9 na Slovensku.<\/strong><!--more--><\/p>\n<h2><strong>1. Kellys \u2013 Bicykel Arwen Dutch<\/strong><\/h2>\n<p>M\u00f4\u017eete s\u00a0va\u0161ou bikerkov po\u010das roka prekon\u00e1va\u0165 rekordy a\u00a0zdol\u00e1va\u0165 kilometre na cestn\u00fdch \u010di horsk\u00fdch bicykloch, ale v\u00a0sobotu r\u00e1no na n\u00e1kup croissantov <strong>by ste mali vyrazi\u0165 \u0161t\u00fdlovo<\/strong>. Najlep\u0161ie urob\u00edte, ke\u010f si vyberiete bicykel, ktor\u00fd u\u017e v\u00a0n\u00e1zve odkazuje na bicyklovanie ako holandsk\u00fd fenom\u00e9n. <a target=\u201d_blank\u201d href=\"https:\/\/www.kellysbike.com\/sk\/arwen-dutch-beige-p64222\">Arwen Dutch<\/a> je \u0161t\u00fdlov\u00fd mestsk\u00fd bicykel s\u00a0mnoh\u00fdmi dizajnov\u00fdmi vychyt\u00e1vkami. V\u00a0ponuke je v\u00a0troch farb\u00e1ch, ale priznajme si, \u017ee najm\u00e4 b\u00e9\u017eov\u00e1 a\u00a0\u010derven\u00e1 vyzeraj\u00fa skuto\u010dne sexy. Cena je ve\u013emi priazniv\u00e1 a\u00a0je to dar\u010dek, ako stvoren\u00fd pod viano\u010dn\u00fd strom\u010dek.<\/p>\n<p><a href=\"https:\/\/d2p6e6u75xmxt8.cloudfront.net\/4\/2019\/11\/VD_bikerka_06.jpg\"><img loading=\"lazy\" decoding=\"async\" src=\"https:\/\/d2p6e6u75xmxt8.cloudfront.net\/4\/2019\/11\/VD_bikerka_06.jpg\" alt=\"\" width=\"1200\" height=\"800\" class=\"alignnone size-full wp-image-8754\" \/><\/a><\/p>\n<h2><strong>2. CTM \u2013 Prilba Loop<\/strong><\/h2>\n<p>Bezpe\u010dnosti nie je nikdy dos\u0165 a\u00a0ke\u010f\u017ee po\u010das bicyklovania sme vystaven\u00ed riziku p\u00e1du, je dobr\u00e9 sledova\u0165 najnov\u0161ie trendy a\u00a0vymeni\u0165 star\u00fa prilbu za nov\u00fd model. <a target=\u201d_blank\u201d href=\"https:\/\/www.ctm.sk\/doplnky\/prilba-ctm-loop-170-68\/\">Prilba Loop<\/a> bola vyroben\u00e1 technol\u00f3giou In-mold, \u010do znamen\u00e1, \u017ee korpus prilby bol vyroben\u00fd v\u00a0celku, <strong>\u010d\u00edm sa zvy\u0161uj\u00fa bezpe\u010dnostn\u00e9 po\u017eiadavky<\/strong>. 21 vetrac\u00edch otvorov je viac ne\u017e dos\u0165, aby bola hlava dostato\u010dne vetran\u00e1 a\u00a0sie\u0165ka proti hmyzu ochr\u00e1ni pred mu\u0161kami. Pohodln\u00e9 v\u00fdstelky a\u00a0kvalitn\u00fd nastavovac\u00ed mechanizmus len zvy\u0161uj\u00fa komfort prilby.<\/p>\n<p><a href=\"https:\/\/d2p6e6u75xmxt8.cloudfront.net\/4\/2019\/11\/VD_bikerka_07.jpg\"><img loading=\"lazy\" decoding=\"async\" src=\"https:\/\/d2p6e6u75xmxt8.cloudfront.net\/4\/2019\/11\/VD_bikerka_07.jpg\" alt=\"\" width=\"1200\" height=\"800\" class=\"alignnone size-full wp-image-8755\" \/><\/a><\/p>\n<h2><strong>3. Kellys \u2013 Zvon\u010dek Bell 80<\/strong><\/h2>\n<p>Na tak\u00e9to <a target=\u201d_blank\u201d href=\"https:\/\/www.mtbiker.sk\/shop\/prislusenstvo\/zvonceky\/zvoncek-kellys-bell-80-cervene-bodky.html\">zvon\u010deky<\/a> si <strong>ur\u010dite pam\u00e4t\u00e1te z\u00a0detstva<\/strong>, ke\u010f ste na svojom prvom bicykli br\u00e1zdili chodn\u00edky okolo v\u00e1\u0161ho domu. A\u00a0kedy je najlep\u0161ie si detstvo pripomen\u00fa\u0165 ak nie na Vianoce? S\u00a0tak\u00fdmto dar\u010dekom ur\u010dite ni\u010d nepokaz\u00edte a\u00a0va\u0161a bikerka  si ho m\u00f4\u017ee z\u00a0recesie \u010di z\u00a0nostalgie, da\u0165 aj na svoj modern\u00fd bicykel s\u00a0karb\u00f3nov\u00fdm r\u00e1mom. M\u00e1 dokonal\u00fd dizajn v\u00a0\u010dervenej farbe s\u00a0bielymi bodkami a\u00a0vyroben\u00fd je s\u00a0kvalitnej ocele a\u00a0jeho n\u00e1dhern\u00fd a\u00a0dlho znej\u00faci zvuk v\u00e1s nenech\u00e1 na pochyb\u00e1ch.<\/p>\n<p><a href=\"https:\/\/d2p6e6u75xmxt8.cloudfront.net\/4\/2019\/11\/VD_bikerka_10.jpg\"><img loading=\"lazy\" decoding=\"async\" src=\"https:\/\/d2p6e6u75xmxt8.cloudfront.net\/4\/2019\/11\/VD_bikerka_10.jpg\" alt=\"\" width=\"1200\" height=\"800\" class=\"alignnone size-full wp-image-8758\" \/><\/a><\/p>\n<h2><strong>4. Zajo \u2013 Nora Merino<\/strong><\/h2>\n<p>Slovensk\u00e1 zna\u010dka <a target=\u201d_blank\u201d href=\"https:\/\/www.zajo.net\/sk\/zimne-spodne-pradlo-tricka-zeny\/nora-merino-w-t-shirt-ls-enamel-blue.p8599-10.html\">Zajo<\/a> sa u\u017e st\u00e1va legendou medzi \u0161portovcami a\u00a0turistami a\u00a0pr\u00e1ve preto nejak\u00fd ten k\u00fasok nesmie ch\u00fdba\u0165 v\u00a0\u017eiadnom \u0161atn\u00edku. Nech u\u017e sa vyberiete kamko\u013evek, <strong>tento k\u00fasok skvele posl\u00fa\u017ei ako z\u00e1kladn\u00e1 vrstva<\/strong>. M\u00e4kk\u00fd top s\u00a0dlh\u00fdmi ruk\u00e1vmi je vyroben\u00fd z\u00a0jemnej merino vlny, v\u00a0kombin\u00e1cii s\u00a0vl\u00e1knami z\u00a0bambusu a ploch\u00e9 \u0161vy zvy\u0161uj\u00fa komfort pri nosen\u00ed a\u00a0navy\u0161e m\u00e1te skvel\u00fd pocit, \u017ee na sebe m\u00e1te oble\u010denie od slovenskej zna\u010dky vyroben\u00e9 z\u00a0tradi\u010dn\u00e9ho materi\u00e1lu, ak\u00fdm ov\u010dia vlna v\u017edy bola.<\/p>\n<p><a href=\"https:\/\/d2p6e6u75xmxt8.cloudfront.net\/4\/2019\/11\/VD_bikerka_05.png\"><img loading=\"lazy\" decoding=\"async\" src=\"https:\/\/d2p6e6u75xmxt8.cloudfront.net\/4\/2019\/11\/VD_bikerka_05.png\" alt=\"\" width=\"1200\" height=\"800\" class=\"alignnone size-full wp-image-8753\" \/><\/a><\/p>\n<h2><strong>5. Kompava \u2013 Skinbooster<\/strong><\/h2>\n<p>Ako \u0161portovci sa cel\u00fd rok venujeme spr\u00e1vnej v\u00fd\u017eive, dop\u013a\u0148ame vitam\u00edny, miner\u00e1ly a\u00a0teraz cez Vianoce je \u010das dopria\u0165 svojej priate\u013eke trochu luxusu. A\u00a0nemus\u00edte h\u013eada\u0165 u\u00a0in\u00fdch zna\u010diek, m\u00f4\u017eete zosta\u0165 pri va\u0161ej ob\u013e\u00fabenej Kompave, ktor\u00e1 pri\u0161la s\u00a0novinkou nazvanou <a target=\u201d_blank\u201d href=\"https:\/\/www.kompava.sk\/skinbooster\">Skinbooster<\/a>. Ako u\u017e n\u00e1zov hovor\u00ed, tento pr\u00edpravok <strong>zlep\u0161\u00ed nielen kvalitu pleti, ale aj vlasy a\u00a0nechty<\/strong>. Doprajte jej kvalitn\u00fa k\u00faru a\u00a0oddych, ve\u010f  sychrav\u00e9 jesenn\u00e9 po\u010dasie po\u010das spolo\u010dn\u00fdch v\u00fdjazdov jej dali ur\u010dite poriadne zabra\u0165.<\/p>\n<p><a href=\"https:\/\/d2p6e6u75xmxt8.cloudfront.net\/4\/2019\/11\/VD_bikerka_08.jpg\"><img loading=\"lazy\" decoding=\"async\" src=\"https:\/\/d2p6e6u75xmxt8.cloudfront.net\/4\/2019\/11\/VD_bikerka_08.jpg\" alt=\"\" width=\"1200\" height=\"800\" class=\"alignnone size-full wp-image-8756\" \/><\/a><\/p>\n<h2><strong>6. Blackhill Outdoor \u2013 Bunda Vesna<\/strong><\/h2>\n<p><a target=\u201d_blank\u201d href=\"https:\/\/blackhilloutdoor.sk\/produkt\/damska-merino-bunda-vesna-zltamodra\/\">Funk\u010dn\u00e1 bunda<\/a> z\u00a0merino vlny, prirodzene d\u00fdcha, zabra\u0148uje ne\u017eiaducemu z\u00e1pachu a\u00a0m\u00e1 <strong>skvel\u00e9 termoregula\u010dn\u00e9 vlastnosti<\/strong>. Ov\u010dia vlna m\u00e1 aj \u010diasto\u010dn\u00fa odolnos\u0165 proti vode, ktor\u00e1 je na pleciach podporen\u00e1 hustej\u0161ie tkan\u00fdm materi\u00e1lom. Dve bo\u010dn\u00e9 vreck\u00e1 a\u00a0dve vn\u00fatorn\u00e9 vreck\u00e1 bud\u00fa ur\u010dite sta\u010di\u0165 na odlo\u017eenie v\u0161etk\u00fdch potrebn\u00fdch vec\u00ed. Mierne pred\u013a\u017een\u00fd zadn\u00fd diel ocenia akt\u00edvny \u0161portovci a nech\u00fdba ani klasick\u00e1 folkl\u00f3rna v\u00fd\u0161ivka. V\u00a0ponuke je v\u00a0\u017eiarivo \u017eltej farbe v\u00a0kombin\u00e1cii s\u00a0tmavo modrou, \u010do z\u00a0nej rob\u00ed aj na poh\u013ead atrakt\u00edvny dar\u010dek pod strom\u010dek.<\/p>\n<p><a href=\"https:\/\/d2p6e6u75xmxt8.cloudfront.net\/4\/2019\/11\/VD_bikerka_09.jpg\"><img loading=\"lazy\" decoding=\"async\" src=\"https:\/\/d2p6e6u75xmxt8.cloudfront.net\/4\/2019\/11\/VD_bikerka_09.jpg\" alt=\"\" width=\"1200\" height=\"800\" class=\"alignnone size-full wp-image-8757\" \/><\/a><\/p>\n<div class=\"shortcode-ys-post-pinup\"><article class=\"loop-simple post-8769 post type-post status-publish format-standard has-post-thumbnail hentry category-nakupny-poradca tag-biker tag-ciapka tag-darceky tag-horska-cyklistika tag-horsky-bicykel tag-kompava tag-motivacia tag-muzi tag-nakup tag-nakupny-poradca tag-ponozky tag-prilba tag-vesta tag-vianoce tag-zima global-categories-cycling\" data-postid=\"8769\" role=\"article\" data-post-id=\"8769\" data-word-count=\"780\" data-headline-length=\"63\" data-category=\"N\u00e1kupn\u00fd poradca\" data-global-category=\"Cycling\" data-author=\"We Love Cycling\" data-published=\"2019-12-16T10:59:24+01:00\" data-published-day=\"Monday\">\n    <div class=\"entry-thumbnail article-thumbnail\" content=\"https:\/\/d2p6e6u75xmxt8.cloudfront.net\/4\/2019\/11\/VD_biker_00-2-150x150.webp\"><a href=\"https:\/\/www.welovecycling.com\/sk\/2019\/12\/16\/vianocne-darceky-pre-bikera-s-uctou-k-tradiciam\/\" class=\"image-holder\" target=\"_self\"><img decoding=\"async\" loading=\"lazy\" class=\"\" src=\"https:\/\/d2p6e6u75xmxt8.cloudfront.net\/4\/2019\/11\/VD_biker_00-2-1024x445.webp\" srcset=\"https:\/\/d2p6e6u75xmxt8.cloudfront.net\/4\/2019\/11\/VD_biker_00-2.webp 1380w, https:\/\/d2p6e6u75xmxt8.cloudfront.net\/4\/2019\/11\/VD_biker_00-2-300x130.webp 300w, https:\/\/d2p6e6u75xmxt8.cloudfront.net\/4\/2019\/11\/VD_biker_00-2-1024x445.webp 1024w, https:\/\/d2p6e6u75xmxt8.cloudfront.net\/4\/2019\/11\/VD_biker_00-2-768x334.webp 768w\" width=\"1024\" height=\"445\" sizes=\"auto, (min-width: 1200px) 460px, (min-width: 768px) 38vw, 100vw\" alt=\"vianocne-darceky-pre-bikera-s-uctou-k-tradiciam\"\/><\/a><\/div>    <div class=\"entry-meta\">\n        <a class=\"label label-secondary post-category\" href=\"https:\/\/www.welovecycling.com\/sk\/category\/nakupny-poradca\/\" title=\"N\u00e1kupn\u00fd poradca\">N\u00e1kupn\u00fd poradca<\/a>\n    <\/div>\n    <div class=\"entry-details\">\n        <a href=\"https:\/\/www.welovecycling.com\/sk\/2019\/12\/16\/vianocne-darceky-pre-bikera-s-uctou-k-tradiciam\/\" class='entry-title-wrapper'>\n            <h3 class=\"entry-title\"><span>Viano\u010dn\u00e9 dar\u010deky pre bikera &#8211; s\u00a0\u00factou k\u00a0trad\u00edci\u00e1m<\/span><\/h3>\n        <\/a>\n    <\/div>\n    <\/article>\n<\/div>\n<h2><strong>7. Sportcool \u2013 D\u00e1msky sveter s membr\u00e1nou<\/strong><\/h2>\n<p>Jeden \u010fal\u0161\u00ed sveter v \u0161atn\u00edku ocen\u00ed ka\u017ed\u00e1 \u017eena, ale kvalitn\u00fd sveter s membr\u00e1novou pod\u0161\u00edvkou, ktor\u00fd je absol\u00fatne vetruodoln\u00fd a z\u00e1rove\u0148 dostato\u010dne priedu\u0161n\u00fd, aby ste sa pri viano\u010dnom v\u00fdstupe na Hrebienok pr\u00edli\u0161 neprehriali. Upleten\u00fd je z 50% podielom Merino vlny a 50% podielom akrylu s tefl\u00f3novou \u00fapravou, ktor\u00e1 m\u00e1 zv\u00fd\u0161en\u00fa odolnos\u0165 proti zne\u010disteniu a dokonca je vodoodpudiv\u00e1. Napriek tomu, \u017ee firma <a target=\u201d_blank\u201d href=\"https:\/\/sportcool.sk\/produkt\/16\/damsky-sveter-309-02-s-membranovou-podsivkou-prirodna-modra\/?ref_cat=101\">Sportcool<\/a> vyr\u00e1ba svoje produkty pod Tatrami, je na \u0148om pou\u017eit\u00fd n\u00f3rsky vzor. Sveter sa d\u00e1 nosi\u0165 ako vrchn\u00e1 vrstva oble\u010denia a ur\u010dite s n\u00edm zaujmete svoje okolie.  <\/p>\n<p><a href=\"https:\/\/d2p6e6u75xmxt8.cloudfront.net\/4\/2019\/11\/VD_bikerka_11.jpg\"><img loading=\"lazy\" decoding=\"async\" src=\"https:\/\/d2p6e6u75xmxt8.cloudfront.net\/4\/2019\/11\/VD_bikerka_11.jpg\" alt=\"\" width=\"1200\" height=\"800\" class=\"alignnone size-full wp-image-8761\" \/><\/a><\/p>\n<h2><strong>8. Lull \u2013 Tepl\u00e1ky Popkorns<\/strong><\/h2>\n<p>V\u00a0momente, ke\u010f po v\u00fdjazde zhod\u00edte prepoten\u00fd dres a d\u00e1te si sprchu, <strong>zat\u00fa\u017eite po nie\u010dom pohodlnom a\u00a0pr\u00edjemnom na telo<\/strong>. Tepl\u00e1ky od zna\u010dky <a target=\u201d_blank\u201d href=\"https:\/\/www.lull.sk\/vsetko\/teplaky-popkorns\/#xs\">Lull<\/a> tieto po\u017eiadavky sp\u013a\u0148aj\u00fa, preto\u017ee s\u00fa vyroben\u00e9 z\u00a0m\u00e4ku\u010dk\u00e9ho \u00fapletu. Obsahuj\u00fa viac ako 50% bavlny, ale aby boli dostato\u010dne poddajn\u00e9, materi\u00e1ly dop\u013a\u0148aj\u00fa aj visk\u00f3za a\u00a0polyester. Maj\u00fa slim-fit strih, ale nemus\u00edte sa ob\u00e1va\u0165, s\u00fa dostato\u010dne poddajn\u00e9 a\u00a0u\u017e ich nebudete chcie\u0165 vyzliec\u0165.<\/p>\n<p><a href=\"https:\/\/d2p6e6u75xmxt8.cloudfront.net\/4\/2019\/11\/VD_bikerka_01.jpg\"><img loading=\"lazy\" decoding=\"async\" src=\"https:\/\/d2p6e6u75xmxt8.cloudfront.net\/4\/2019\/11\/VD_bikerka_01.jpg\" alt=\"\" width=\"1200\" height=\"800\" class=\"alignnone size-full wp-image-8747\" \/><\/a><\/p>\n<h2><strong>9. Wolfpack \u2013 Mikina Mighty Bear<\/strong><\/h2>\n<p>Mikina sa v\u00a0\u017eenskom \u0161atn\u00edku nikdy nestrat\u00ed a\u00a0n\u00e1jde vyu\u017eitie takmer celoro\u010dne. Zna\u010dka <a target=\u201d_blank\u201d href=\"https:\/\/sk.wolfpackclth.com\/mighty-bear-hoodie-unisex\/\">Wolfpack<\/a> vznikla v\u00a0roku 2015 na Kysuciach a\u00a0hlavnou my\u0161lienkou zna\u010dky bolo propagova\u0165 na oble\u010den\u00ed to, k\u00a0\u010domu maj\u00fa bl\u00edzko, a\u00a0to okolit\u00e9 lesy a\u00a0zvierat\u00e1 v\u00a0nich \u017eij\u00face. Preto na zadnej \u010dasti mikiny n\u00e1jdete potla\u010d medve\u010fa, ktor\u00e1 je vyroben\u00e1 vysokokvalitnou eko sie\u0165otla\u010dou. Kombin\u00e1cia materi\u00e1lov 80% bavlna a\u00a020% polyester p\u00f4sob\u00ed ve\u013emi pr\u00edjemne na dotyk, a\u00a0preto si ju <strong>va\u0161e polovi\u010dky zamiluj\u00fa<\/strong>.<\/p>\n<div data-rows=\"2\" id='gallery-1' class='gallery-rows-2 gallery galleryid-8769 gallery-columns-2 gallery-size-full'><figure class='gallery-item'>\n\t\t\t<div class='gallery-icon landscape'>\n\t\t\t\t<a href='https:\/\/d2p6e6u75xmxt8.cloudfront.net\/4\/2019\/11\/VD_bikerka_04.webp'><img loading=\"lazy\" decoding=\"async\" width=\"1200\" height=\"800\" src=\"https:\/\/d2p6e6u75xmxt8.cloudfront.net\/4\/2019\/11\/VD_bikerka_04.webp\" class=\"attachment-full size-full\" alt=\"\" srcset=\"https:\/\/d2p6e6u75xmxt8.cloudfront.net\/4\/2019\/11\/VD_bikerka_04.webp 1200w, https:\/\/d2p6e6u75xmxt8.cloudfront.net\/4\/2019\/11\/VD_bikerka_04-300x200.webp 300w, https:\/\/d2p6e6u75xmxt8.cloudfront.net\/4\/2019\/11\/VD_bikerka_04-1024x683.webp 1024w, https:\/\/d2p6e6u75xmxt8.cloudfront.net\/4\/2019\/11\/VD_bikerka_04-768x512.webp 768w, https:\/\/d2p6e6u75xmxt8.cloudfront.net\/4\/2019\/11\/VD_bikerka_04-272x182.webp 272w\" sizes=\"auto, (max-width: 1200px) 100vw, 1200px\" \/><\/a>\n\t\t\t<\/div><\/figure><figure class='gallery-item'>\n\t\t\t<div class='gallery-icon landscape'>\n\t\t\t\t<a href='https:\/\/d2p6e6u75xmxt8.cloudfront.net\/4\/2019\/11\/VD_bikerka_04a.webp'><img loading=\"lazy\" decoding=\"async\" width=\"1200\" height=\"800\" src=\"https:\/\/d2p6e6u75xmxt8.cloudfront.net\/4\/2019\/11\/VD_bikerka_04a.webp\" class=\"attachment-full size-full\" alt=\"\" srcset=\"https:\/\/d2p6e6u75xmxt8.cloudfront.net\/4\/2019\/11\/VD_bikerka_04a.webp 1200w, https:\/\/d2p6e6u75xmxt8.cloudfront.net\/4\/2019\/11\/VD_bikerka_04a-300x200.webp 300w, https:\/\/d2p6e6u75xmxt8.cloudfront.net\/4\/2019\/11\/VD_bikerka_04a-1024x683.webp 1024w, https:\/\/d2p6e6u75xmxt8.cloudfront.net\/4\/2019\/11\/VD_bikerka_04a-768x512.webp 768w, https:\/\/d2p6e6u75xmxt8.cloudfront.net\/4\/2019\/11\/VD_bikerka_04a-272x182.webp 272w\" sizes=\"auto, (max-width: 1200px) 100vw, 1200px\" \/><\/a>\n\t\t\t<\/div><\/figure>\n\t\t<\/div>\n        \n<h2><strong>10. Typi\u0161 Slovaki\u0161 \u2013 Tri\u010dko Detva<\/strong><\/h2>\n<p>V\u00fd\u0161ivky na Detve s\u00fa jedine\u010dn\u00e9 t\u00fdm, <strong>\u017ee miestne \u017eeny vy\u0161\u00edvali takzvanou krivou ihlou<\/strong>, \u010do bola technika, ktor\u00e1 v\u00fdrazne ovplyvnila aj jedine\u010dn\u00e9 vzory. Na <a target=\u201d_blank\u201d href=\"https:\/\/www.typis-slovakis.sk\/damske-tricko-detva-typis-slovakis-cierne\/\">\u010diernom tri\u010dku Detva<\/a> kr\u00e1sne vynikne vzor, na ktor\u00fd m\u00f4\u017eeme by\u0165 hrd\u00ed, lebo je n\u00e1\u0161 slovensk\u00fd. Tri\u010dko je vyroben\u00e9 z\u00a0bavlny s\u00a0pridan\u00edm 5% elastanu. V\u00a0ponuke s\u00fa v\u0161etky ve\u013ekosti od XS a\u017e po XL, tak\u017ee si ur\u010dite vyberiete.<\/p>\n<p><a href=\"https:\/\/d2p6e6u75xmxt8.cloudfront.net\/4\/2019\/11\/VD_bikerka_02.png\"><img loading=\"lazy\" decoding=\"async\" src=\"https:\/\/d2p6e6u75xmxt8.cloudfront.net\/4\/2019\/11\/VD_bikerka_02.png\" alt=\"\" width=\"1200\" height=\"800\" class=\"alignnone size-full wp-image-8748\" \/><\/a><\/p>\n<h2> <strong>11. Benesport \u2013 Vesta Ostrva<\/strong><\/h2>\n<p>Za p\u00e1r mesiacov pr\u00edde jar a\u00a0u\u017e teraz je dobr\u00e9 pripravi\u0165 sa na chladn\u00e9 jarn\u00e9 dni, a\u00a0tak vesta <a target=\u201d_blank\u201d href=\"https:\/\/www.benesport.sk\/product\/sk\/ostrva-cierna-vysivka\">Ostrva<\/a> od zna\u010dky Benesport bude v\u00edtan\u00fdm doplnkom na prv\u00e9 jazdy na bicykli alebo prech\u00e1dzku po lese. Na prednej \u010dasti m\u00e1 dve vreck\u00e1 uzatv\u00e1rate\u013en\u00e9 zipsom a\u00a0kapuc\u0148u regulovate\u013en\u00fa pomocou gumi\u010dky. Ur\u010dite pote\u0161\u00ed spojenie <strong>modern\u00e9ho kusu oble\u010denia s\u00a0tradi\u010dnou \u013eudovou v\u00fd\u0161ivkou<\/strong>. Ostrva je jeden z\u00a0ni\u017e\u0161\u00edch vrcholov vo Vysok\u00fdch Tatr\u00e1ch s\u00a0v\u00fdh\u013eadom do Mengusovskej doliny.<\/p>\n<div data-rows=\"2\" id='gallery-2' class='gallery-rows-2 gallery galleryid-8769 gallery-columns-2 gallery-size-full'><figure class='gallery-item'>\n\t\t\t<div class='gallery-icon landscape'>\n\t\t\t\t<a href='https:\/\/d2p6e6u75xmxt8.cloudfront.net\/4\/2019\/11\/VD_bikerka_03.webp'><img loading=\"lazy\" decoding=\"async\" width=\"1200\" height=\"800\" src=\"https:\/\/d2p6e6u75xmxt8.cloudfront.net\/4\/2019\/11\/VD_bikerka_03.webp\" class=\"attachment-full size-full\" alt=\"\" srcset=\"https:\/\/d2p6e6u75xmxt8.cloudfront.net\/4\/2019\/11\/VD_bikerka_03.webp 1200w, https:\/\/d2p6e6u75xmxt8.cloudfront.net\/4\/2019\/11\/VD_bikerka_03-300x200.webp 300w, https:\/\/d2p6e6u75xmxt8.cloudfront.net\/4\/2019\/11\/VD_bikerka_03-1024x683.webp 1024w, https:\/\/d2p6e6u75xmxt8.cloudfront.net\/4\/2019\/11\/VD_bikerka_03-768x512.webp 768w, https:\/\/d2p6e6u75xmxt8.cloudfront.net\/4\/2019\/11\/VD_bikerka_03-272x182.webp 272w\" sizes=\"auto, (max-width: 1200px) 100vw, 1200px\" \/><\/a>\n\t\t\t<\/div><\/figure><figure class='gallery-item'>\n\t\t\t<div class='gallery-icon landscape'>\n\t\t\t\t<a href='https:\/\/d2p6e6u75xmxt8.cloudfront.net\/4\/2019\/11\/VD_bikerka_03a.webp'><img loading=\"lazy\" decoding=\"async\" width=\"1200\" height=\"800\" src=\"https:\/\/d2p6e6u75xmxt8.cloudfront.net\/4\/2019\/11\/VD_bikerka_03a.webp\" class=\"attachment-full size-full\" alt=\"\" srcset=\"https:\/\/d2p6e6u75xmxt8.cloudfront.net\/4\/2019\/11\/VD_bikerka_03a.webp 1200w, https:\/\/d2p6e6u75xmxt8.cloudfront.net\/4\/2019\/11\/VD_bikerka_03a-300x200.webp 300w, https:\/\/d2p6e6u75xmxt8.cloudfront.net\/4\/2019\/11\/VD_bikerka_03a-1024x683.webp 1024w, https:\/\/d2p6e6u75xmxt8.cloudfront.net\/4\/2019\/11\/VD_bikerka_03a-768x512.webp 768w, https:\/\/d2p6e6u75xmxt8.cloudfront.net\/4\/2019\/11\/VD_bikerka_03a-272x182.webp 272w\" sizes=\"auto, (max-width: 1200px) 100vw, 1200px\" \/><\/a>\n\t\t\t<\/div><\/figure>\n\t\t<\/div>\n        \n","protected":false},"excerpt":{"rendered":"<p>Od \u010doho by ste mali svoj cyklistick\u00fd port\u00e1l, keby v\u00e1m neporadil aj s\u00a0v\u00fdberom dar\u010dekov pre svoje ne\u017en\u00e9 polovi\u010dky a bikerky [&hellip;]<\/p>\n","protected":false},"author":81,"featured_media":8767,"comment_status":"open","ping_status":"open","sticky":false,"template":"","format":"standard","meta":{"footnotes":""},"categories":[52],"tags":[619,115,767,669,215,285,264,523,344,44,659,475,317],"global-categories":[1074],"class_list":["post-8735","post","type-post","status-publish","format-standard","has-post-thumbnail","hentry","category-nakupny-poradca","tag-bicyklovanie","tag-cestna-cyklistika","tag-motivacia","tag-nakup","tag-nakupny-poradca","tag-oblecenie","tag-prilba","tag-slovensko","tag-vianoce","tag-vyziva","tag-zenska-cyklistika","tag-zeny","tag-zima","global-categories-cycling"],"yoast_head":"<!-- This site is optimized with the Yoast SEO Premium plugin v25.3 (Yoast SEO v25.9) - https:\/\/yoast.com\/wordpress\/plugins\/seo\/ -->\n<title>Viano\u010dn\u00e9 dar\u010deky pre bikerku vyroben\u00e9 na Slovensku - \u0160koda We Love Cycling Slovensko<\/title>\n<meta name=\"robots\" content=\"index, follow, max-snippet:-1, max-image-preview:large, max-video-preview:-1\" \/>\n<link rel=\"canonical\" href=\"https:\/\/www.welovecycling.com\/sk\/2019\/11\/25\/vianocne-darceky-pre-bikerku-vyrobene-na-slovensku\/\" \/>\n<meta property=\"og:locale\" content=\"sk_SK\" \/>\n<meta property=\"og:type\" content=\"article\" \/>\n<meta property=\"og:title\" content=\"Viano\u010dn\u00e9 dar\u010deky pre bikerku vyroben\u00e9 na Slovensku\" \/>\n<meta property=\"og:description\" content=\"Od \u010doho by ste mali svoj cyklistick\u00fd port\u00e1l, keby v\u00e1m neporadil aj s\u00a0v\u00fdberom dar\u010dekov pre svoje ne\u017en\u00e9 polovi\u010dky a bikerky [&hellip;]\" \/>\n<meta property=\"og:url\" content=\"https:\/\/www.welovecycling.com\/sk\/2019\/11\/25\/vianocne-darceky-pre-bikerku-vyrobene-na-slovensku\/\" \/>\n<meta property=\"og:site_name\" content=\"\u0160koda We Love Cycling Slovensko\" \/>\n<meta property=\"article:published_time\" content=\"2019-11-25T08:18:51+00:00\" \/>\n<meta property=\"og:image\" content=\"https:\/\/d2p6e6u75xmxt8.cloudfront.net\/4\/2019\/11\/VD_bikerka.webp\" \/>\n\t<meta property=\"og:image:width\" content=\"1380\" \/>\n\t<meta property=\"og:image:height\" content=\"600\" \/>\n\t<meta property=\"og:image:type\" content=\"image\/webp\" \/>\n<meta name=\"twitter:card\" content=\"summary_large_image\" \/>\n<meta name=\"twitter:label1\" content=\"Written by\" \/>\n\t<meta name=\"twitter:data1\" content=\"We Love Cycling\" \/>\n\t<meta name=\"twitter:label2\" content=\"Est. reading time\" \/>\n\t<meta name=\"twitter:data2\" content=\"5\" \/>\n<script type=\"application\/ld+json\" class=\"yoast-schema-graph\">{\"@context\":\"https:\/\/schema.org\",\"@graph\":[{\"@type\":\"WebPage\",\"@id\":\"https:\/\/www.welovecycling.com\/sk\/2019\/11\/25\/vianocne-darceky-pre-bikerku-vyrobene-na-slovensku\/\",\"url\":\"https:\/\/www.welovecycling.com\/sk\/2019\/11\/25\/vianocne-darceky-pre-bikerku-vyrobene-na-slovensku\/\",\"name\":\"Viano\u010dn\u00e9 dar\u010deky pre bikerku vyroben\u00e9 na Slovensku - \u0160koda We Love Cycling Slovensko\",\"isPartOf\":{\"@id\":\"https:\/\/www.welovecycling.com\/sk\/#website\"},\"primaryImageOfPage\":{\"@id\":\"https:\/\/www.welovecycling.com\/sk\/2019\/11\/25\/vianocne-darceky-pre-bikerku-vyrobene-na-slovensku\/#primaryimage\"},\"image\":{\"@id\":\"https:\/\/www.welovecycling.com\/sk\/2019\/11\/25\/vianocne-darceky-pre-bikerku-vyrobene-na-slovensku\/#primaryimage\"},\"thumbnailUrl\":\"https:\/\/d2p6e6u75xmxt8.cloudfront.net\/4\/2019\/11\/VD_bikerka.webp\",\"datePublished\":\"2019-11-25T08:18:51+00:00\",\"author\":{\"@id\":\"\"},\"breadcrumb\":{\"@id\":\"https:\/\/www.welovecycling.com\/sk\/2019\/11\/25\/vianocne-darceky-pre-bikerku-vyrobene-na-slovensku\/#breadcrumb\"},\"inLanguage\":\"sk-SK\",\"potentialAction\":[{\"@type\":\"ReadAction\",\"target\":[\"https:\/\/www.welovecycling.com\/sk\/2019\/11\/25\/vianocne-darceky-pre-bikerku-vyrobene-na-slovensku\/\"]}]},{\"@type\":\"ImageObject\",\"inLanguage\":\"sk-SK\",\"@id\":\"https:\/\/www.welovecycling.com\/sk\/2019\/11\/25\/vianocne-darceky-pre-bikerku-vyrobene-na-slovensku\/#primaryimage\",\"url\":\"https:\/\/d2p6e6u75xmxt8.cloudfront.net\/4\/2019\/11\/VD_bikerka.webp\",\"contentUrl\":\"https:\/\/d2p6e6u75xmxt8.cloudfront.net\/4\/2019\/11\/VD_bikerka.webp\",\"width\":1380,\"height\":600},{\"@type\":\"BreadcrumbList\",\"@id\":\"https:\/\/www.welovecycling.com\/sk\/2019\/11\/25\/vianocne-darceky-pre-bikerku-vyrobene-na-slovensku\/#breadcrumb\",\"itemListElement\":[{\"@type\":\"ListItem\",\"position\":1,\"name\":\"Home\",\"item\":\"https:\/\/www.welovecycling.com\/sk\/\"},{\"@type\":\"ListItem\",\"position\":2,\"name\":\"Viano\u010dn\u00e9 dar\u010deky pre bikerku vyroben\u00e9 na Slovensku\"}]},{\"@type\":\"WebSite\",\"@id\":\"https:\/\/www.welovecycling.com\/sk\/#website\",\"url\":\"https:\/\/www.welovecycling.com\/sk\/\",\"name\":\"\u0160koda We Love Cycling Slovensko\",\"description\":\"\u0160koda We Love Cycling Slovensko je v\u00e1\u0161 ka\u017edodenn\u00fd zdroj noviniek a in\u0161pir\u00e1cie z sveta cyklistiky\",\"potentialAction\":[{\"@type\":\"SearchAction\",\"target\":{\"@type\":\"EntryPoint\",\"urlTemplate\":\"https:\/\/www.welovecycling.com\/sk\/?s={search_term_string}\"},\"query-input\":{\"@type\":\"PropertyValueSpecification\",\"valueRequired\":true,\"valueName\":\"search_term_string\"}}],\"inLanguage\":\"sk-SK\"},{\"@type\":\"Person\",\"@id\":\"\",\"url\":\"https:\/\/www.welovecycling.com\/sk\/author\/\"}]}<\/script>\n<!-- \/ Yoast SEO Premium plugin. -->","yoast_head_json":{"title":"Viano\u010dn\u00e9 dar\u010deky pre bikerku vyroben\u00e9 na Slovensku - \u0160koda We Love Cycling Slovensko","robots":{"index":"index","follow":"follow","max-snippet":"max-snippet:-1","max-image-preview":"max-image-preview:large","max-video-preview":"max-video-preview:-1"},"canonical":"https:\/\/www.welovecycling.com\/sk\/2019\/11\/25\/vianocne-darceky-pre-bikerku-vyrobene-na-slovensku\/","og_locale":"sk_SK","og_type":"article","og_title":"Viano\u010dn\u00e9 dar\u010deky pre bikerku vyroben\u00e9 na Slovensku","og_description":"Od \u010doho by ste mali svoj cyklistick\u00fd port\u00e1l, keby v\u00e1m neporadil aj s\u00a0v\u00fdberom dar\u010dekov pre svoje ne\u017en\u00e9 polovi\u010dky a bikerky [&hellip;]","og_url":"https:\/\/www.welovecycling.com\/sk\/2019\/11\/25\/vianocne-darceky-pre-bikerku-vyrobene-na-slovensku\/","og_site_name":"\u0160koda We Love Cycling Slovensko","article_published_time":"2019-11-25T08:18:51+00:00","og_image":[{"width":1380,"height":600,"url":"https:\/\/d2p6e6u75xmxt8.cloudfront.net\/4\/2019\/11\/VD_bikerka.webp","type":"image\/webp"}],"twitter_card":"summary_large_image","twitter_misc":{"Written by":"We Love Cycling","Est. reading time":"5"},"schema":{"@context":"https:\/\/schema.org","@graph":[{"@type":"WebPage","@id":"https:\/\/www.welovecycling.com\/sk\/2019\/11\/25\/vianocne-darceky-pre-bikerku-vyrobene-na-slovensku\/","url":"https:\/\/www.welovecycling.com\/sk\/2019\/11\/25\/vianocne-darceky-pre-bikerku-vyrobene-na-slovensku\/","name":"Viano\u010dn\u00e9 dar\u010deky pre bikerku vyroben\u00e9 na Slovensku - \u0160koda We Love Cycling Slovensko","isPartOf":{"@id":"https:\/\/www.welovecycling.com\/sk\/#website"},"primaryImageOfPage":{"@id":"https:\/\/www.welovecycling.com\/sk\/2019\/11\/25\/vianocne-darceky-pre-bikerku-vyrobene-na-slovensku\/#primaryimage"},"image":{"@id":"https:\/\/www.welovecycling.com\/sk\/2019\/11\/25\/vianocne-darceky-pre-bikerku-vyrobene-na-slovensku\/#primaryimage"},"thumbnailUrl":"https:\/\/d2p6e6u75xmxt8.cloudfront.net\/4\/2019\/11\/VD_bikerka.webp","datePublished":"2019-11-25T08:18:51+00:00","author":{"@id":""},"breadcrumb":{"@id":"https:\/\/www.welovecycling.com\/sk\/2019\/11\/25\/vianocne-darceky-pre-bikerku-vyrobene-na-slovensku\/#breadcrumb"},"inLanguage":"sk-SK","potentialAction":[{"@type":"ReadAction","target":["https:\/\/www.welovecycling.com\/sk\/2019\/11\/25\/vianocne-darceky-pre-bikerku-vyrobene-na-slovensku\/"]}]},{"@type":"ImageObject","inLanguage":"sk-SK","@id":"https:\/\/www.welovecycling.com\/sk\/2019\/11\/25\/vianocne-darceky-pre-bikerku-vyrobene-na-slovensku\/#primaryimage","url":"https:\/\/d2p6e6u75xmxt8.cloudfront.net\/4\/2019\/11\/VD_bikerka.webp","contentUrl":"https:\/\/d2p6e6u75xmxt8.cloudfront.net\/4\/2019\/11\/VD_bikerka.webp","width":1380,"height":600},{"@type":"BreadcrumbList","@id":"https:\/\/www.welovecycling.com\/sk\/2019\/11\/25\/vianocne-darceky-pre-bikerku-vyrobene-na-slovensku\/#breadcrumb","itemListElement":[{"@type":"ListItem","position":1,"name":"Home","item":"https:\/\/www.welovecycling.com\/sk\/"},{"@type":"ListItem","position":2,"name":"Viano\u010dn\u00e9 dar\u010deky pre bikerku vyroben\u00e9 na Slovensku"}]},{"@type":"WebSite","@id":"https:\/\/www.welovecycling.com\/sk\/#website","url":"https:\/\/www.welovecycling.com\/sk\/","name":"\u0160koda We Love Cycling Slovensko","description":"\u0160koda We Love Cycling Slovensko je v\u00e1\u0161 ka\u017edodenn\u00fd zdroj noviniek a in\u0161pir\u00e1cie z sveta cyklistiky","potentialAction":[{"@type":"SearchAction","target":{"@type":"EntryPoint","urlTemplate":"https:\/\/www.welovecycling.com\/sk\/?s={search_term_string}"},"query-input":{"@type":"PropertyValueSpecification","valueRequired":true,"valueName":"search_term_string"}}],"inLanguage":"sk-SK"},{"@type":"Person","@id":"","url":"https:\/\/www.welovecycling.com\/sk\/author\/"}]}},"_links":{"self":[{"href":"https:\/\/www.welovecycling.com\/sk\/wp-json\/wp\/v2\/posts\/8735","targetHints":{"allow":["GET"]}}],"collection":[{"href":"https:\/\/www.welovecycling.com\/sk\/wp-json\/wp\/v2\/posts"}],"about":[{"href":"https:\/\/www.welovecycling.com\/sk\/wp-json\/wp\/v2\/types\/post"}],"author":[{"embeddable":true,"href":"https:\/\/www.welovecycling.com\/sk\/wp-json\/wp\/v2\/users\/81"}],"replies":[{"embeddable":true,"href":"https:\/\/www.welovecycling.com\/sk\/wp-json\/wp\/v2\/comments?post=8735"}],"version-history":[{"count":2,"href":"https:\/\/www.welovecycling.com\/sk\/wp-json\/wp\/v2\/posts\/8735\/revisions"}],"predecessor-version":[{"id":8819,"href":"https:\/\/www.welovecycling.com\/sk\/wp-json\/wp\/v2\/posts\/8735\/revisions\/8819"}],"wp:featuredmedia":[{"embeddable":true,"href":"https:\/\/www.welovecycling.com\/sk\/wp-json\/wp\/v2\/media\/8767"}],"wp:attachment":[{"href":"https:\/\/www.welovecycling.com\/sk\/wp-json\/wp\/v2\/media?parent=8735"}],"wp:term":[{"taxonomy":"category","embeddable":true,"href":"https:\/\/www.welovecycling.com\/sk\/wp-json\/wp\/v2\/categories?post=8735"},{"taxonomy":"post_tag","embeddable":true,"href":"https:\/\/www.welovecycling.com\/sk\/wp-json\/wp\/v2\/tags?post=8735"},{"taxonomy":"global-categories","embeddable":true,"href":"https:\/\/www.welovecycling.com\/sk\/wp-json\/wp\/v2\/global-categories?post=8735"}],"curies":[{"name":"wp","href":"https:\/\/api.w.org\/{rel}","templated":true}]}}