{"id":8720,"date":"2019-11-15T12:44:55","date_gmt":"2019-11-15T11:44:55","guid":{"rendered":"https:\/\/www.welovecycling.com\/sk\/?p=8720"},"modified":"2019-11-21T09:56:44","modified_gmt":"2019-11-21T08:56:44","slug":"4-dovody-preco-by-ste-mali-mat-radi-elektrobicykle","status":"publish","type":"post","link":"https:\/\/www.welovecycling.com\/sk\/2019\/11\/15\/4-dovody-preco-by-ste-mali-mat-radi-elektrobicykle\/","title":{"rendered":"4 d\u00f4vody, pre\u010do by ste mohli ma\u0165 radi elektrobicykle"},"content":{"rendered":"<p><strong>Pozn\u00e1te ten pocit, ke\u010f po\u010das v\u00fdjazdu d\u00e1vate zo seba v\u0161etko a aj napriek tomu v\u00e1s zozadu obehne o nie\u010do objemnej\u0161\u00ed chlap\u00edk s \u00fasmevom na tv\u00e1ri, ktor\u00e9mu k tomuto nad\u013eudsk\u00e9mu v\u00fdkonu pom\u00e1ha elektromotor? On predsa nie je cyklista! Pod\u013ea tohto prejavu nedok\u00e1\u017ee oceni\u0165, ak\u00e9 \u0165a\u017ek\u00e9 je pod\u00e1va\u0165 tak\u00fdto fyzick\u00fd v\u00fddaj bez akejko\u013evek pomoci. Sn\u00e1\u010f ani netu\u0161\u00ed, \u010do to znamen\u00e1 milova\u0165 \u0161port. Tak \u010di onak, tieto vyjadrenia m\u00f4\u017eu by\u0165 aj pravdiv\u00e9. Av\u0161ak to ni\u010d nemen\u00ed na tom, \u017ee tento chlap\u00edk, ktor\u00fd v\u00f4bec sed\u00ed na bicykli, je pozit\u00edvnou spr\u00e1vou aj pre v\u00e1s! Pon\u00fakame v\u00e1m 4 d\u00f4vody, pre\u010do je to tak. <\/strong><!--more--><\/p>\n<h2><strong>Ebiky pom\u00e1haj\u00fa v\u00e4\u010d\u0161iemu po\u010dtu \u013eud\u00ed zosta\u0165 akt\u00edvny<\/strong><\/h2>\n<p>Elektrobicykle dovo\u013euj\u00fa vychutn\u00e1va\u0165 si kr\u00e1sy cyklistiky ove\u013ea v\u00e4\u010d\u0161iemu po\u010dtu \u013eud\u00ed, ne\u017e je tomu pri klasick\u00fdch, nemotorizovan\u00fdch bicykloch. \u010ci u\u017e s\u00fa to \u013eudia, ktor\u00ed sa sami nepova\u017euj\u00fa za \u0161portovcov, ktor\u00ed si myslia, \u017ee s\u00fa na tak\u00fdto \u0161port pr\u00edli\u0161 star\u00ed alebo fyzicky nesp\u00f4sobil\u00ed, elektrobicykle im <strong>pom\u00f4\u017eu prekona\u0165 ich pochybnosti<\/strong>. S\u00fa to predov\u0161etk\u00fdm tieto:<\/p>\n<ul>\n<li>Ebicykle odstra\u0148uj\u00fa strach zo st\u00fapan\u00ed. Ka\u017ed\u00fd sa dok\u00e1\u017ee dosta\u0165 na vrchol.<\/li>\n<li>Ebicykle zvy\u0161uj\u00fa dojazd cyklistu a\u00a0pon\u00fakaj\u00fa tak mo\u017enos\u0165 vyjs\u0165 si pohodlne aj nanieko\u013ekohodinov\u00e9 potulky. Cyklistika je z\u00e1bavn\u00e1, ak dok\u00e1\u017eete zdola\u0165 dovtedy nepredstavite\u013en\u00e9 vzdialenosti a\u00a0objavi\u0165 nov\u00e9 miesta.<\/li>\n<li>Ebicykle u\u013eah\u010duj\u00fa a\u00a0zjednodu\u0161uj\u00fa prepravu po meste. Nemus\u00edte rie\u0161i\u0165 prepoten\u00e9 oble\u010denie alebo dostupnos\u0165 najbli\u017e\u0161ej sprchy.<\/li>\n<\/ul>\n<p>\u010co to ale znamen\u00e1 pre n\u00e1s, cyklistov, ktor\u00ed nepotrebuj\u00fa tak\u00e9to vymo\u017eenosti? <strong>Ebicykle s\u00fa st\u00e1le formou cvi\u010denia.<\/strong> T\u00fdm, ktor\u00ed by ani nevstali z gau\u010da, pon\u00fakaj\u00fa aspo\u0148 \u010diasto\u010dne asistovan\u00fd pohyb, ktor\u00fd pom\u00e1ha zlep\u0161i\u0165 ich zdravotn\u00fd a ment\u00e1lny stav. Nie v\u0161etci sa v\u00e1m chc\u00fa mota\u0165 pred kolesami a robi\u0165 v\u00e1m napriek.<\/p>\n<figure id=\"attachment_8721\" aria-describedby=\"caption-attachment-8721\" style=\"width: 1250px\" class=\"wp-caption alignnone\"><a href=\"https:\/\/d2p6e6u75xmxt8.cloudfront.net\/4\/2019\/11\/E-Bike-Senior-profimedia-0463020027.jpg\"><img loading=\"lazy\" decoding=\"async\" class=\"size-full wp-image-8721\" src=\"https:\/\/d2p6e6u75xmxt8.cloudfront.net\/4\/2019\/11\/E-Bike-Senior-profimedia-0463020027.jpg\" alt=\"\" width=\"1250\" height=\"833\" \/><\/a><figcaption id=\"caption-attachment-8721\" class=\"wp-caption-text\">Ebicykle pom\u00e1haj\u00fa by\u0165 akt\u00edvnym. \u00a9 Profimedia, Alamy<\/figcaption><\/figure>\n<h2><strong>Ebicykle dok\u00e1\u017eu zachr\u00e1ni\u0165 aj v\u00e1\u0161 ob\u013e\u00faben\u00fd cyklistick\u00fd obchod<\/strong><\/h2>\n<p>V uplynulej dobe je to pr\u00e1ve sf\u00e9ra elektrobicyklov, ktor\u00e9 sa v cyklistickom priemysle <strong>stali takmer \u010d\u00edslom jedna<\/strong>. Za nieko\u013eko rokov st\u00fapla ich v\u00fdroba nieko\u013ekon\u00e1sobne. To je pozit\u00edvom nielen pre samotn\u00fdch v\u00fdrobcov, ale aj pre medzi\u010dl\u00e1nky medzi nimi a spotrebite\u013emi \u2013 obchody. Servisy a predajne bicyklov t\u00fdmto sortimentom dok\u00e1\u017eu pril\u00e1ka\u0165 v\u00e4\u010d\u0161ie mno\u017estvo \u013eud\u00ed, \u010d\u00edm sa zv\u00fd\u0161ia aj ich zisky. V kone\u010dnom d\u00f4sledku to m\u00f4\u017ee znamena\u0165, \u017ee vami tak nen\u00e1viden\u00e1 polovica predajne, v ktorej sa nach\u00e1dzaj\u00fa elektrobicykle, umo\u017enila ob\u013e\u00faben\u00e9mu servis\u00e1kovi zosta\u0165 v prev\u00e1dzke.<\/p>\n<h2><strong>Ebicykle zvy\u0161uj\u00fa bezpe\u010dnos\u0165 pre v\u0161etk\u00fdch cyklistov<\/strong><\/h2>\n<p>Nov\u00ed cyklisti, ktor\u00ed sa odv\u00e1\u017eia vysk\u00fa\u0161a\u0165 cyklistiku kv\u00f4li mo\u017enosti vyu\u017e\u00edva\u0165 elektrobicykel, s\u00fa predsa len \u010fal\u0161\u00edmi cyklistami na cest\u00e1ch. T\u00e1to skuto\u010dnos\u0165 napom\u00e1ha k tomu, <strong>aby si ich vodi\u010di sk\u00f4r v\u0161\u00edmali<\/strong> \u2013 ich zobecnenie v prem\u00e1vke vytvor\u00ed ak\u00fdsi \u201epodmienen\u00fd reflex\u201c, ktor\u00ed si v\u017eij\u00fa aj t\u00ed najmenej hostinn\u00ed vodi\u010di. Ak je te\u00f3ria \u201esafety in numbers\u201c (bezpe\u010dnos\u0165 v \u010d\u00edslach) spr\u00e1vna, potom vy\u0161\u0161\u00ed po\u010det cyklistov na cest\u00e1ch znamen\u00e1 zlep\u0161enie bezpe\u010dnosti v uliciach a na komunik\u00e1ci\u00e1ch aj vo va\u0161om meste. Av\u0161ak nezab\u00fadajme na jeden fakt: <strong>len pr\u00edtomnos\u0165 cyklistu nesta\u010d\u00ed<\/strong> \u2013 on s\u00e1m sa mus\u00ed adaptova\u0165 pravidl\u00e1m prem\u00e1vky, v opa\u010dnom pr\u00edpade to m\u00f4\u017ee ma\u0165 \u00fapln\u00e9 in\u00e9 n\u00e1sledky.<\/p>\n<figure id=\"attachment_8722\" aria-describedby=\"caption-attachment-8722\" style=\"width: 999px\" class=\"wp-caption alignnone\"><a href=\"https:\/\/d2p6e6u75xmxt8.cloudfront.net\/4\/2019\/11\/E-Bike-profimedia-0461337678.jpg\"><img loading=\"lazy\" decoding=\"async\" class=\"size-full wp-image-8722\" src=\"https:\/\/d2p6e6u75xmxt8.cloudfront.net\/4\/2019\/11\/E-Bike-profimedia-0461337678.jpg\" alt=\"\" width=\"999\" height=\"390\" \/><\/a><figcaption id=\"caption-attachment-8722\" class=\"wp-caption-text\">\u00a9 Profimedia, DPphoto, Gorilla<\/figcaption><\/figure>\n<h2><strong>Ebicykle robia z cyklistickej infra\u0161trukt\u00fary prioritu<\/strong><\/h2>\n<p>Predch\u00e1dzaj\u00faci bod, ktor\u00fd hovoril o zv\u00fd\u0161enom po\u010dte \u00fa\u010dastn\u00edkov prem\u00e1vky na bicykli, m\u00f4\u017ee ma\u0165 aj in\u00e9 pozit\u00edvum, ne\u017e len akcept\u00e1ciu zo strany vodi\u010dov. Dokonca je to krok, ktor\u00fd bude ma\u0165 dlhodob\u00e9 trvanie. Viac cyklistov na cest\u00e1ch znamen\u00e1 v\u00e4\u010d\u0161ie mno\u017estvo cyklistov, ktor\u00ed by namiesto hlavn\u00fdch ciest mohli pou\u017e\u00edva\u0165 pre nich prisp\u00f4soben\u00e9 cyklochodn\u00edky. Rovnako tak zv\u00fd\u0161en\u00fd po\u010det cyklistov m\u00f4\u017ee prinies\u0165 obdobne zm\u00fd\u0161\u013eaj\u00facich \u013eud\u00ed aj do miestnych zastupite\u013estiev, ktor\u00e9 o samotnej infra\u0161trukt\u00fare rozhoduj\u00fa. Osobn\u00e1 sk\u00fasenos\u0165 s nie\u010d\u00edm napom\u00f4\u017ee k <strong>spr\u00e1vnemu a logick\u00e9mu vyu\u017e\u00edvaniu prostriedkov<\/strong> \u2013 k budovaniu efekt\u00edvnych \u010dast\u00ed infra\u0161trukt\u00fary, ma\u013eovaniu cyklistick\u00fdch pruhov \u010di postaveniu zna\u010denia.<\/p>\n<p>Z celkov\u00e9ho h\u013eadiska nie je ve\u013ea vec\u00ed, ktor\u00e9 by mohli by\u0165 potencion\u00e1lnymi negat\u00edvami zv\u00fd\u0161en\u00e9ho po\u010dtu cyklistov. Tento fenom\u00e9n napom\u00e1ha t\u00fdmto za\u010diato\u010dn\u00edkom so zdravotn\u00fdmi probl\u00e9mami, a neza\u0165a\u017euje \u017eivotn\u00e9 prostredie do tej miery, ako to robia in\u00e9 sp\u00f4soby motorizovanej dopravy. Cyklistick\u00fd priemysel v tomto obdob\u00ed spolieha na rozvoj elektro-cyklistiky, <strong>ktor\u00e1 by mohla napom\u00f4c\u0165 tak v\u00edtan\u00e9mu rozvoju cyklistiky samotnej<\/strong>. In\u00fdmi slovami \u2013 aj n\u00e1m, neelektrocyklistom.<\/p>\n","protected":false},"excerpt":{"rendered":"<p>Pozn\u00e1te ten pocit, ke\u010f po\u010das v\u00fdjazdu d\u00e1vate zo seba v\u0161etko a aj napriek tomu v\u00e1s zozadu obehne o nie\u010do objemnej\u0161\u00ed [&hellip;]<\/p>\n","protected":false},"author":81,"featured_media":8724,"comment_status":"open","ping_status":"open","sticky":false,"template":"","format":"standard","meta":{"footnotes":""},"categories":[774],"tags":[275,587,261,260,847,715,525,767,183,161,623],"global-categories":[],"class_list":["post-8720","post","type-post","status-publish","format-standard","has-post-thumbnail","hentry","category-e-bike","tag-cesta","tag-cyklochodnik","tag-ebike","tag-elektobicykel","tag-fenomem","tag-infrastruktura","tag-mesto","tag-motivacia","tag-zabava","tag-zdravie","tag-zdravy-zivotny-styl"],"yoast_head":"<!-- This site is optimized with the Yoast SEO Premium plugin v25.3 (Yoast SEO v25.9) - https:\/\/yoast.com\/wordpress\/plugins\/seo\/ -->\n<title>4 d\u00f4vody, pre\u010do by ste mohli ma\u0165 radi elektrobicykle - \u0160koda We Love Cycling Slovensko<\/title>\n<meta name=\"robots\" content=\"index, follow, max-snippet:-1, max-image-preview:large, max-video-preview:-1\" \/>\n<link rel=\"canonical\" href=\"https:\/\/www.welovecycling.com\/sk\/2019\/11\/15\/4-dovody-preco-by-ste-mali-mat-radi-elektrobicykle\/\" \/>\n<meta property=\"og:locale\" content=\"sk_SK\" \/>\n<meta property=\"og:type\" content=\"article\" \/>\n<meta property=\"og:title\" content=\"4 d\u00f4vody, pre\u010do by ste mohli ma\u0165 radi elektrobicykle\" \/>\n<meta property=\"og:description\" content=\"Pozn\u00e1te ten pocit, ke\u010f po\u010das v\u00fdjazdu d\u00e1vate zo seba v\u0161etko a aj napriek tomu v\u00e1s zozadu obehne o nie\u010do objemnej\u0161\u00ed [&hellip;]\" \/>\n<meta property=\"og:url\" content=\"https:\/\/www.welovecycling.com\/sk\/2019\/11\/15\/4-dovody-preco-by-ste-mali-mat-radi-elektrobicykle\/\" \/>\n<meta property=\"og:site_name\" content=\"\u0160koda We Love Cycling Slovensko\" \/>\n<meta property=\"article:published_time\" content=\"2019-11-15T11:44:55+00:00\" \/>\n<meta property=\"article:modified_time\" content=\"2019-11-21T08:56:44+00:00\" \/>\n<meta property=\"og:image\" content=\"https:\/\/d2p6e6u75xmxt8.cloudfront.net\/4\/2019\/11\/E-Bike-Trailer-profimedia-0469804335.webp\" \/>\n\t<meta property=\"og:image:width\" content=\"1366\" \/>\n\t<meta property=\"og:image:height\" content=\"600\" \/>\n\t<meta property=\"og:image:type\" content=\"image\/webp\" \/>\n<meta name=\"twitter:card\" content=\"summary_large_image\" \/>\n<meta name=\"twitter:label1\" content=\"Written by\" \/>\n\t<meta name=\"twitter:data1\" content=\"Ji\u0159\u00ed Kalo\u010d\" \/>\n\t<meta name=\"twitter:label2\" content=\"Est. reading time\" \/>\n\t<meta name=\"twitter:data2\" content=\"5\" \/>\n<script type=\"application\/ld+json\" class=\"yoast-schema-graph\">{\"@context\":\"https:\/\/schema.org\",\"@graph\":[{\"@type\":\"WebPage\",\"@id\":\"https:\/\/www.welovecycling.com\/sk\/2019\/11\/15\/4-dovody-preco-by-ste-mali-mat-radi-elektrobicykle\/\",\"url\":\"https:\/\/www.welovecycling.com\/sk\/2019\/11\/15\/4-dovody-preco-by-ste-mali-mat-radi-elektrobicykle\/\",\"name\":\"4 d\u00f4vody, pre\u010do by ste mohli ma\u0165 radi elektrobicykle - \u0160koda We Love Cycling Slovensko\",\"isPartOf\":{\"@id\":\"https:\/\/www.welovecycling.com\/sk\/#website\"},\"primaryImageOfPage\":{\"@id\":\"https:\/\/www.welovecycling.com\/sk\/2019\/11\/15\/4-dovody-preco-by-ste-mali-mat-radi-elektrobicykle\/#primaryimage\"},\"image\":{\"@id\":\"https:\/\/www.welovecycling.com\/sk\/2019\/11\/15\/4-dovody-preco-by-ste-mali-mat-radi-elektrobicykle\/#primaryimage\"},\"thumbnailUrl\":\"https:\/\/d2p6e6u75xmxt8.cloudfront.net\/4\/2019\/11\/E-Bike-Trailer-profimedia-0469804335.webp\",\"datePublished\":\"2019-11-15T11:44:55+00:00\",\"dateModified\":\"2019-11-21T08:56:44+00:00\",\"author\":{\"@id\":\"\"},\"breadcrumb\":{\"@id\":\"https:\/\/www.welovecycling.com\/sk\/2019\/11\/15\/4-dovody-preco-by-ste-mali-mat-radi-elektrobicykle\/#breadcrumb\"},\"inLanguage\":\"sk-SK\",\"potentialAction\":[{\"@type\":\"ReadAction\",\"target\":[\"https:\/\/www.welovecycling.com\/sk\/2019\/11\/15\/4-dovody-preco-by-ste-mali-mat-radi-elektrobicykle\/\"]}]},{\"@type\":\"ImageObject\",\"inLanguage\":\"sk-SK\",\"@id\":\"https:\/\/www.welovecycling.com\/sk\/2019\/11\/15\/4-dovody-preco-by-ste-mali-mat-radi-elektrobicykle\/#primaryimage\",\"url\":\"https:\/\/d2p6e6u75xmxt8.cloudfront.net\/4\/2019\/11\/E-Bike-Trailer-profimedia-0469804335.webp\",\"contentUrl\":\"https:\/\/d2p6e6u75xmxt8.cloudfront.net\/4\/2019\/11\/E-Bike-Trailer-profimedia-0469804335.webp\",\"width\":1366,\"height\":600},{\"@type\":\"BreadcrumbList\",\"@id\":\"https:\/\/www.welovecycling.com\/sk\/2019\/11\/15\/4-dovody-preco-by-ste-mali-mat-radi-elektrobicykle\/#breadcrumb\",\"itemListElement\":[{\"@type\":\"ListItem\",\"position\":1,\"name\":\"Home\",\"item\":\"https:\/\/www.welovecycling.com\/sk\/\"},{\"@type\":\"ListItem\",\"position\":2,\"name\":\"4 d\u00f4vody, pre\u010do by ste mohli ma\u0165 radi elektrobicykle\"}]},{\"@type\":\"WebSite\",\"@id\":\"https:\/\/www.welovecycling.com\/sk\/#website\",\"url\":\"https:\/\/www.welovecycling.com\/sk\/\",\"name\":\"\u0160koda We Love Cycling Slovensko\",\"description\":\"\u0160koda We Love Cycling Slovensko je v\u00e1\u0161 ka\u017edodenn\u00fd zdroj noviniek a in\u0161pir\u00e1cie z sveta cyklistiky\",\"potentialAction\":[{\"@type\":\"SearchAction\",\"target\":{\"@type\":\"EntryPoint\",\"urlTemplate\":\"https:\/\/www.welovecycling.com\/sk\/?s={search_term_string}\"},\"query-input\":{\"@type\":\"PropertyValueSpecification\",\"valueRequired\":true,\"valueName\":\"search_term_string\"}}],\"inLanguage\":\"sk-SK\"},{\"@type\":\"Person\",\"@id\":\"\",\"url\":\"https:\/\/www.welovecycling.com\/sk\/author\/\"}]}<\/script>\n<!-- \/ Yoast SEO Premium plugin. -->","yoast_head_json":{"title":"4 d\u00f4vody, pre\u010do by ste mohli ma\u0165 radi elektrobicykle - \u0160koda We Love Cycling Slovensko","robots":{"index":"index","follow":"follow","max-snippet":"max-snippet:-1","max-image-preview":"max-image-preview:large","max-video-preview":"max-video-preview:-1"},"canonical":"https:\/\/www.welovecycling.com\/sk\/2019\/11\/15\/4-dovody-preco-by-ste-mali-mat-radi-elektrobicykle\/","og_locale":"sk_SK","og_type":"article","og_title":"4 d\u00f4vody, pre\u010do by ste mohli ma\u0165 radi elektrobicykle","og_description":"Pozn\u00e1te ten pocit, ke\u010f po\u010das v\u00fdjazdu d\u00e1vate zo seba v\u0161etko a aj napriek tomu v\u00e1s zozadu obehne o nie\u010do objemnej\u0161\u00ed [&hellip;]","og_url":"https:\/\/www.welovecycling.com\/sk\/2019\/11\/15\/4-dovody-preco-by-ste-mali-mat-radi-elektrobicykle\/","og_site_name":"\u0160koda We Love Cycling Slovensko","article_published_time":"2019-11-15T11:44:55+00:00","article_modified_time":"2019-11-21T08:56:44+00:00","og_image":[{"width":1366,"height":600,"url":"https:\/\/d2p6e6u75xmxt8.cloudfront.net\/4\/2019\/11\/E-Bike-Trailer-profimedia-0469804335.webp","type":"image\/webp"}],"twitter_card":"summary_large_image","twitter_misc":{"Written by":"Ji\u0159\u00ed Kalo\u010d","Est. reading time":"5"},"schema":{"@context":"https:\/\/schema.org","@graph":[{"@type":"WebPage","@id":"https:\/\/www.welovecycling.com\/sk\/2019\/11\/15\/4-dovody-preco-by-ste-mali-mat-radi-elektrobicykle\/","url":"https:\/\/www.welovecycling.com\/sk\/2019\/11\/15\/4-dovody-preco-by-ste-mali-mat-radi-elektrobicykle\/","name":"4 d\u00f4vody, pre\u010do by ste mohli ma\u0165 radi elektrobicykle - \u0160koda We Love Cycling Slovensko","isPartOf":{"@id":"https:\/\/www.welovecycling.com\/sk\/#website"},"primaryImageOfPage":{"@id":"https:\/\/www.welovecycling.com\/sk\/2019\/11\/15\/4-dovody-preco-by-ste-mali-mat-radi-elektrobicykle\/#primaryimage"},"image":{"@id":"https:\/\/www.welovecycling.com\/sk\/2019\/11\/15\/4-dovody-preco-by-ste-mali-mat-radi-elektrobicykle\/#primaryimage"},"thumbnailUrl":"https:\/\/d2p6e6u75xmxt8.cloudfront.net\/4\/2019\/11\/E-Bike-Trailer-profimedia-0469804335.webp","datePublished":"2019-11-15T11:44:55+00:00","dateModified":"2019-11-21T08:56:44+00:00","author":{"@id":""},"breadcrumb":{"@id":"https:\/\/www.welovecycling.com\/sk\/2019\/11\/15\/4-dovody-preco-by-ste-mali-mat-radi-elektrobicykle\/#breadcrumb"},"inLanguage":"sk-SK","potentialAction":[{"@type":"ReadAction","target":["https:\/\/www.welovecycling.com\/sk\/2019\/11\/15\/4-dovody-preco-by-ste-mali-mat-radi-elektrobicykle\/"]}]},{"@type":"ImageObject","inLanguage":"sk-SK","@id":"https:\/\/www.welovecycling.com\/sk\/2019\/11\/15\/4-dovody-preco-by-ste-mali-mat-radi-elektrobicykle\/#primaryimage","url":"https:\/\/d2p6e6u75xmxt8.cloudfront.net\/4\/2019\/11\/E-Bike-Trailer-profimedia-0469804335.webp","contentUrl":"https:\/\/d2p6e6u75xmxt8.cloudfront.net\/4\/2019\/11\/E-Bike-Trailer-profimedia-0469804335.webp","width":1366,"height":600},{"@type":"BreadcrumbList","@id":"https:\/\/www.welovecycling.com\/sk\/2019\/11\/15\/4-dovody-preco-by-ste-mali-mat-radi-elektrobicykle\/#breadcrumb","itemListElement":[{"@type":"ListItem","position":1,"name":"Home","item":"https:\/\/www.welovecycling.com\/sk\/"},{"@type":"ListItem","position":2,"name":"4 d\u00f4vody, pre\u010do by ste mohli ma\u0165 radi elektrobicykle"}]},{"@type":"WebSite","@id":"https:\/\/www.welovecycling.com\/sk\/#website","url":"https:\/\/www.welovecycling.com\/sk\/","name":"\u0160koda We Love Cycling Slovensko","description":"\u0160koda We Love Cycling Slovensko je v\u00e1\u0161 ka\u017edodenn\u00fd zdroj noviniek a in\u0161pir\u00e1cie z sveta cyklistiky","potentialAction":[{"@type":"SearchAction","target":{"@type":"EntryPoint","urlTemplate":"https:\/\/www.welovecycling.com\/sk\/?s={search_term_string}"},"query-input":{"@type":"PropertyValueSpecification","valueRequired":true,"valueName":"search_term_string"}}],"inLanguage":"sk-SK"},{"@type":"Person","@id":"","url":"https:\/\/www.welovecycling.com\/sk\/author\/"}]}},"_links":{"self":[{"href":"https:\/\/www.welovecycling.com\/sk\/wp-json\/wp\/v2\/posts\/8720","targetHints":{"allow":["GET"]}}],"collection":[{"href":"https:\/\/www.welovecycling.com\/sk\/wp-json\/wp\/v2\/posts"}],"about":[{"href":"https:\/\/www.welovecycling.com\/sk\/wp-json\/wp\/v2\/types\/post"}],"author":[{"embeddable":true,"href":"https:\/\/www.welovecycling.com\/sk\/wp-json\/wp\/v2\/users\/81"}],"replies":[{"embeddable":true,"href":"https:\/\/www.welovecycling.com\/sk\/wp-json\/wp\/v2\/comments?post=8720"}],"version-history":[{"count":2,"href":"https:\/\/www.welovecycling.com\/sk\/wp-json\/wp\/v2\/posts\/8720\/revisions"}],"predecessor-version":[{"id":8821,"href":"https:\/\/www.welovecycling.com\/sk\/wp-json\/wp\/v2\/posts\/8720\/revisions\/8821"}],"wp:featuredmedia":[{"embeddable":true,"href":"https:\/\/www.welovecycling.com\/sk\/wp-json\/wp\/v2\/media\/8724"}],"wp:attachment":[{"href":"https:\/\/www.welovecycling.com\/sk\/wp-json\/wp\/v2\/media?parent=8720"}],"wp:term":[{"taxonomy":"category","embeddable":true,"href":"https:\/\/www.welovecycling.com\/sk\/wp-json\/wp\/v2\/categories?post=8720"},{"taxonomy":"post_tag","embeddable":true,"href":"https:\/\/www.welovecycling.com\/sk\/wp-json\/wp\/v2\/tags?post=8720"},{"taxonomy":"global-categories","embeddable":true,"href":"https:\/\/www.welovecycling.com\/sk\/wp-json\/wp\/v2\/global-categories?post=8720"}],"curies":[{"name":"wp","href":"https:\/\/api.w.org\/{rel}","templated":true}]}}