{"id":8631,"date":"2019-11-13T11:10:30","date_gmt":"2019-11-13T10:10:30","guid":{"rendered":"https:\/\/www.welovecycling.com\/sk\/?p=8631"},"modified":"2019-11-12T15:10:00","modified_gmt":"2019-11-12T14:10:00","slug":"adam-rojcek-ako-som-okusil-africky-piesok","status":"publish","type":"post","link":"https:\/\/www.welovecycling.com\/sk\/2019\/11\/13\/adam-rojcek-ako-som-okusil-africky-piesok\/","title":{"rendered":"Adam Roj\u010dek: &#8222;Ako som ok\u00fasil africk\u00fd piesok&#8220;"},"content":{"rendered":"<p><strong>Ako by sa dal spoji\u0165 z\u00e1\u017eitok z\u00a0jazdenia v\u00a0Maroku a\u00a0otu\u017eovanie v\u00a0Liptovskej Mare? S\u00fa to absol\u00fatne nes\u00favisiace \u010dinnosti, miesta a\u00a0teplotn\u00e9 podmienky. No predsa by sme jednu spolo\u010dn\u00fa vec mohli n\u00e1js\u0165. S\u00fa to z\u00e1\u017eitky Adama Roj\u010deka &#8211; viacn\u00e1sobn\u00e9ho majstra Slovenska v\u00a0zjazde. Ten si vysk\u00fa\u0161al jazdenie na africkom piesku a\u00a0poh\u013ead do jeho du\u0161e a\u00a0z\u00e1\u017eitkov n\u00e1m priniesol Peter Lengyel vo svojom autorskom pr\u00edspevku \u201eSlan\u00e1 kvapka v\u00a0sladkom mori\u201c. Pon\u00fakame v\u00e1m spojenie liptovskej zimy a\u00a0marock\u00e9ho tepla v\u00a0\u017eivote n\u00e1\u0161ho elitn\u00e9ho zjazd\u00e1ra.<\/strong><!--more--><\/p>\n<p>O\u00a0Adamovi ste sa mohli dozvedie\u0165 viac aj v\u00a0na\u0161om rozhovore <a href=\"https:\/\/www.welovecycling.com\/sk\/2019\/01\/15\/rozhovor-adam-rojcek-majstrovsky-zjazdar\/\">Adam Roj\u010dek \u2013 majstrovsk\u00fd zjazd\u00e1r<\/a>. Tam n\u00e1m pon\u00fakol inform\u00e1cie o\u00a0svojom \u017eivote, kon\u00ed\u010dkoch a\u00a0vysvetlil, pre\u010do si vybral pr\u00e1ve tento druh cyklistiky. Ale teraz u\u017e nazrime do <strong>du\u0161e zjazd\u00e1ra<\/strong>, ktor\u00fd popri otu\u017eovan\u00ed v\u00a0chladnej slovenskej vode spom\u00edna na svoje marock\u00e9 z\u00e1\u017eitky.<\/p>\n<h2><strong>Peter Lengyel &#8211; \u201eSlan\u00e1 kvapka v\u00a0sladkom mori\u201c<\/strong><\/h2>\n<p><em>prevzat\u00e9 z\u00a0<a href=\"https:\/\/purenuts.sk\">Magaz\u00ednu Pure Nuts<\/a><\/em><br \/>\n<em>text a\u00a0fotografie <a href=\"https:\/\/purenuts.sk\/author\/peter-lengyel\/?fbclid=IwAR3lEjMYxsoKSwZmxyCsWXZIjkLVloUjGm2iU4XHXw56Jx03ucgMh1Z-gNY\">Peter Lengyel<\/a><\/em><\/p>\n<p>Zav\u010das r\u00e1na, e\u0161te za tmy, nalo\u017eil Adam do auta kromp\u00e1\u010d a lopatu. Odviezol sa pod horu za mestom, natiahol rukavice, schmatol n\u00e1radie a zmizol v lese. Bol sychrav\u00fd febru\u00e1r, na premo\u010den\u00fa zem stekala z kon\u00e1rov voda po da\u017edi a s brie\u017eden\u00edm sa pomedzi stromy za\u010dali oz\u00fdva\u0165 tup\u00e9 zvuky. V malom \u017eliabku, pod korunami star\u00fdch smrekov, <strong>ne\u00fanavne kopal do kamenistej zeme prerastenej kore\u0148mi<\/strong>. Po tv\u00e1ri mu stekali slan\u00e9 kvapky potu a na o\u010diach mu bolo vidno, \u017ee mys\u013eou je niekde inde. Niekde v suchu a v teple. Niekde na pieso\u010dnej pl\u00e1\u017ei, pri \u0161ume v\u013an, \u0161liape do ped\u00e1lov svojho bicykla, pr\u00e1\u0161i sa mu spod kolies a ko\u0161e\u013ea mu veje vo vlhkom morskom v\u00e1nku.<\/p>\n<p>Adam toho ve\u013ea nenahovor\u00ed, ale jeho auto pod horou v\u00edda\u0165 \u010dasto. Pracuje v autoservise a po r\u00e1nach, ke\u010f zem nie je zamrznut\u00e1, <strong>stavia v lese tra\u0165<\/strong>. Aby mal kde tr\u00e9nova\u0165. Pripravuje sa na svetov\u00fd poh\u00e1r v zjazde na bicykloch. Raz by sa t\u00fdm chcel \u017eivi\u0165 \u2014 <strong>jazdi\u0165 na bicykli a cestova\u0165 po svete<\/strong>. Dnes r\u00e1no sa pri kopan\u00ed tak zasn\u00edval, \u017ee \u00faplne stratil pojem o \u010dase a do pr\u00e1ce pri\u0161iel neskoro.<\/p>\n<p><a href=\"https:\/\/d2p6e6u75xmxt8.cloudfront.net\/4\/2019\/11\/rojcek_01.jpg\"><img loading=\"lazy\" decoding=\"async\" class=\"alignnone size-full wp-image-8634\" src=\"https:\/\/d2p6e6u75xmxt8.cloudfront.net\/4\/2019\/11\/rojcek_01.jpg\" alt=\"\" width=\"1200\" height=\"800\" \/><\/a><\/p>\n<p>O pol \u0161iestej ve\u010der u\u017e nebolo v dielni po\u010du\u0165 \u017eiadne hlasy. Od \u017eelezobet\u00f3nov\u00fdch stien nasiaknut\u00fdch ar\u00f3mou star\u00e9ho oleja sa odr\u00e1\u017eala iba ozvena krokov, cvengot n\u00e1radia a hukot br\u00fasky. Adam ostal v dielni s\u00e1m \u2014 musel e\u0161te dop\u00edli\u0165 derav\u00fd v\u00fdfuk. Dos\u0165 sa pon\u00e1h\u013eal, <strong>\u010dosi mal v pl\u00e1ne<\/strong>.<\/p>\n<p><a href=\"https:\/\/d2p6e6u75xmxt8.cloudfront.net\/4\/2019\/11\/rojcek_02.jpg\"><img loading=\"lazy\" decoding=\"async\" class=\"alignnone size-full wp-image-8635\" src=\"https:\/\/d2p6e6u75xmxt8.cloudfront.net\/4\/2019\/11\/rojcek_02.jpg\" alt=\"\" width=\"1200\" height=\"800\" \/><\/a><\/p>\n<p>Hoci zimy na Liptove u\u017e nie s\u00fa, \u010do b\u00fdvali, na jazdenie s\u00fa st\u00e1le chladn\u00e9. Aj dnes cez de\u0148 prituhlo, trochu aj nasne\u017eilo a r\u00fdchlo sa stmievalo. U\u017e d\u00e1vnej\u0161ie rozm\u00fd\u0161\u013eal, \u010do m\u00f4\u017ee robi\u0165, <strong>aby sa e\u0161te zlep\u0161il<\/strong>. Ke\u010f zamkol diel\u0148u, sadol do auta a odviezol sa k vodnej n\u00e1dr\u017ei za mestom. Na brehu Liptovskej Mary si vyzul top\u00e1nky a vyzliekol oble\u010denie. \u0160iel to sk\u00fasi\u0165 prv\u00fdkr\u00e1t.<\/p>\n<div data-rows=\"2\" id='gallery-1' class='gallery-rows-2 gallery galleryid-8631 gallery-columns-2 gallery-size-full'><figure class='gallery-item'>\n\t\t\t<div class='gallery-icon landscape'>\n\t\t\t\t<a href='https:\/\/d2p6e6u75xmxt8.cloudfront.net\/4\/2019\/11\/rojcek_03.webp'><img loading=\"lazy\" decoding=\"async\" width=\"1200\" height=\"800\" src=\"https:\/\/d2p6e6u75xmxt8.cloudfront.net\/4\/2019\/11\/rojcek_03.webp\" class=\"attachment-full size-full\" alt=\"\" srcset=\"https:\/\/d2p6e6u75xmxt8.cloudfront.net\/4\/2019\/11\/rojcek_03.webp 1200w, https:\/\/d2p6e6u75xmxt8.cloudfront.net\/4\/2019\/11\/rojcek_03-300x200.webp 300w, https:\/\/d2p6e6u75xmxt8.cloudfront.net\/4\/2019\/11\/rojcek_03-1024x683.webp 1024w, https:\/\/d2p6e6u75xmxt8.cloudfront.net\/4\/2019\/11\/rojcek_03-768x512.webp 768w, https:\/\/d2p6e6u75xmxt8.cloudfront.net\/4\/2019\/11\/rojcek_03-272x182.webp 272w\" sizes=\"auto, (max-width: 1200px) 100vw, 1200px\" \/><\/a>\n\t\t\t<\/div><\/figure><figure class='gallery-item'>\n\t\t\t<div class='gallery-icon landscape'>\n\t\t\t\t<a href='https:\/\/d2p6e6u75xmxt8.cloudfront.net\/4\/2019\/11\/rojcek_04.webp'><img loading=\"lazy\" decoding=\"async\" width=\"1200\" height=\"800\" src=\"https:\/\/d2p6e6u75xmxt8.cloudfront.net\/4\/2019\/11\/rojcek_04.webp\" class=\"attachment-full size-full\" alt=\"\" srcset=\"https:\/\/d2p6e6u75xmxt8.cloudfront.net\/4\/2019\/11\/rojcek_04.webp 1200w, https:\/\/d2p6e6u75xmxt8.cloudfront.net\/4\/2019\/11\/rojcek_04-300x200.webp 300w, https:\/\/d2p6e6u75xmxt8.cloudfront.net\/4\/2019\/11\/rojcek_04-1024x683.webp 1024w, https:\/\/d2p6e6u75xmxt8.cloudfront.net\/4\/2019\/11\/rojcek_04-768x512.webp 768w, https:\/\/d2p6e6u75xmxt8.cloudfront.net\/4\/2019\/11\/rojcek_04-272x182.webp 272w\" sizes=\"auto, (max-width: 1200px) 100vw, 1200px\" \/><\/a>\n\t\t\t<\/div><\/figure>\n\t\t<\/div>\n        \n<p>Letmo pozrel na hodinky a bos\u00fdmi nohami pomaly vk\u013azol do \u013eadovej vody. Chcel vydr\u017ea\u0165 aspo\u0148 min\u00fatu, no bola mu tak\u00e1 hrozn\u00e1 zima, \u017ee o tom za\u010d\u00ednal pochybova\u0165. Pery mu zmodreli sk\u00f4r, ako sa v\u00f4bec dotkol hladiny. Drkotal zubami, prsty na noh\u00e1ch mal \u00faplne biele a <strong>chlad c\u00edtil a\u017e v kostiach<\/strong>. St\u00e1le si vravel, \u017ee to predsa mus\u00ed zvl\u00e1dnu\u0165 \u2014 ve\u010f \u013eudia sa otu\u017euj\u00fa be\u017ene a vydr\u017eia ove\u013ea dlh\u0161ie. Tak zatvoril o\u010di a predstavil si, \u017ee je niekde v teple. Niekde v Afrike, na pieskovej pl\u00e1\u017ei, pod ve\u013ek\u00fdm skaln\u00fdm obl\u00fakom na brehu Atlantiku.<\/p>\n<div data-rows=\"2\" id='gallery-2' class='gallery-rows-2 gallery galleryid-8631 gallery-columns-2 gallery-size-full'><figure class='gallery-item'>\n\t\t\t<div class='gallery-icon landscape'>\n\t\t\t\t<a href='https:\/\/d2p6e6u75xmxt8.cloudfront.net\/4\/2019\/11\/rojcek_05.webp'><img loading=\"lazy\" decoding=\"async\" width=\"1200\" height=\"800\" src=\"https:\/\/d2p6e6u75xmxt8.cloudfront.net\/4\/2019\/11\/rojcek_05.webp\" class=\"attachment-full size-full\" alt=\"\" srcset=\"https:\/\/d2p6e6u75xmxt8.cloudfront.net\/4\/2019\/11\/rojcek_05.webp 1200w, https:\/\/d2p6e6u75xmxt8.cloudfront.net\/4\/2019\/11\/rojcek_05-300x200.webp 300w, https:\/\/d2p6e6u75xmxt8.cloudfront.net\/4\/2019\/11\/rojcek_05-1024x683.webp 1024w, https:\/\/d2p6e6u75xmxt8.cloudfront.net\/4\/2019\/11\/rojcek_05-768x512.webp 768w, https:\/\/d2p6e6u75xmxt8.cloudfront.net\/4\/2019\/11\/rojcek_05-272x182.webp 272w\" sizes=\"auto, (max-width: 1200px) 100vw, 1200px\" \/><\/a>\n\t\t\t<\/div><\/figure><figure class='gallery-item'>\n\t\t\t<div class='gallery-icon landscape'>\n\t\t\t\t<a href='https:\/\/d2p6e6u75xmxt8.cloudfront.net\/4\/2019\/11\/rojcek_06.webp'><img loading=\"lazy\" decoding=\"async\" width=\"1200\" height=\"800\" src=\"https:\/\/d2p6e6u75xmxt8.cloudfront.net\/4\/2019\/11\/rojcek_06.webp\" class=\"attachment-full size-full\" alt=\"\" srcset=\"https:\/\/d2p6e6u75xmxt8.cloudfront.net\/4\/2019\/11\/rojcek_06.webp 1200w, https:\/\/d2p6e6u75xmxt8.cloudfront.net\/4\/2019\/11\/rojcek_06-300x200.webp 300w, https:\/\/d2p6e6u75xmxt8.cloudfront.net\/4\/2019\/11\/rojcek_06-1024x683.webp 1024w, https:\/\/d2p6e6u75xmxt8.cloudfront.net\/4\/2019\/11\/rojcek_06-768x512.webp 768w, https:\/\/d2p6e6u75xmxt8.cloudfront.net\/4\/2019\/11\/rojcek_06-272x182.webp 272w\" sizes=\"auto, (max-width: 1200px) 100vw, 1200px\" \/><\/a>\n\t\t\t<\/div><\/figure>\n\t\t<\/div>\n        \n<p>Vlhk\u00fd opar sa v bezvetr\u00ed vzn\u00e1\u0161al ponad rozb\u00faren\u00fa hladinu a hlasn\u00e9 dunenie v\u013an sa odr\u00e1\u017ealo od skaln\u00fdch \u00fatesov na pobre\u017e\u00ed. Adam r\u00fdchlo zabudol, \u017ee le\u017e\u00ed v \u013eadovej vode a v\u0161ade okolo neho je sneh. Zuby mu prestali drkota\u0165, no ke\u010f na chv\u00ed\u013eu otvoril o\u010di, nohami mu prenikla tak\u00e1 zima, \u017ee si ich prest\u00e1val c\u00edti\u0165. <strong>Mus\u00edm to predsa vydr\u017ea\u0165<\/strong>, hovoril si. A tak o\u010di znovu privrel. Zo spenenej vody vybehol na pl\u00e1\u017e a po mokrom piesku kr\u00e1\u010dal k svojmu bicyklu. Obliekol si ko\u0161e\u013eu, nasadil helmu, schmatol riad\u00edtka a dupol do ped\u00e1lov.<\/p>\n<div data-rows=\"2\" id='gallery-3' class='gallery-rows-2 gallery galleryid-8631 gallery-columns-2 gallery-size-full'><figure class='gallery-item'>\n\t\t\t<div class='gallery-icon landscape'>\n\t\t\t\t<a href='https:\/\/d2p6e6u75xmxt8.cloudfront.net\/4\/2019\/11\/rojcek_07.webp'><img loading=\"lazy\" decoding=\"async\" width=\"1200\" height=\"800\" src=\"https:\/\/d2p6e6u75xmxt8.cloudfront.net\/4\/2019\/11\/rojcek_07.webp\" class=\"attachment-full size-full\" alt=\"\" srcset=\"https:\/\/d2p6e6u75xmxt8.cloudfront.net\/4\/2019\/11\/rojcek_07.webp 1200w, https:\/\/d2p6e6u75xmxt8.cloudfront.net\/4\/2019\/11\/rojcek_07-300x200.webp 300w, https:\/\/d2p6e6u75xmxt8.cloudfront.net\/4\/2019\/11\/rojcek_07-1024x683.webp 1024w, https:\/\/d2p6e6u75xmxt8.cloudfront.net\/4\/2019\/11\/rojcek_07-768x512.webp 768w, https:\/\/d2p6e6u75xmxt8.cloudfront.net\/4\/2019\/11\/rojcek_07-272x182.webp 272w\" sizes=\"auto, (max-width: 1200px) 100vw, 1200px\" \/><\/a>\n\t\t\t<\/div><\/figure><figure class='gallery-item'>\n\t\t\t<div class='gallery-icon landscape'>\n\t\t\t\t<a href='https:\/\/d2p6e6u75xmxt8.cloudfront.net\/4\/2019\/11\/rojcek_08.webp'><img loading=\"lazy\" decoding=\"async\" width=\"1200\" height=\"800\" src=\"https:\/\/d2p6e6u75xmxt8.cloudfront.net\/4\/2019\/11\/rojcek_08.webp\" class=\"attachment-full size-full\" alt=\"\" srcset=\"https:\/\/d2p6e6u75xmxt8.cloudfront.net\/4\/2019\/11\/rojcek_08.webp 1200w, https:\/\/d2p6e6u75xmxt8.cloudfront.net\/4\/2019\/11\/rojcek_08-300x200.webp 300w, https:\/\/d2p6e6u75xmxt8.cloudfront.net\/4\/2019\/11\/rojcek_08-1024x683.webp 1024w, https:\/\/d2p6e6u75xmxt8.cloudfront.net\/4\/2019\/11\/rojcek_08-768x512.webp 768w, https:\/\/d2p6e6u75xmxt8.cloudfront.net\/4\/2019\/11\/rojcek_08-272x182.webp 272w\" sizes=\"auto, (max-width: 1200px) 100vw, 1200px\" \/><\/a>\n\t\t\t<\/div><\/figure><figure class='gallery-item'>\n\t\t\t<div class='gallery-icon landscape'>\n\t\t\t\t<a href='https:\/\/d2p6e6u75xmxt8.cloudfront.net\/4\/2019\/11\/rojcek_09.webp'><img loading=\"lazy\" decoding=\"async\" width=\"1200\" height=\"800\" src=\"https:\/\/d2p6e6u75xmxt8.cloudfront.net\/4\/2019\/11\/rojcek_09.webp\" class=\"attachment-full size-full\" alt=\"\" srcset=\"https:\/\/d2p6e6u75xmxt8.cloudfront.net\/4\/2019\/11\/rojcek_09.webp 1200w, https:\/\/d2p6e6u75xmxt8.cloudfront.net\/4\/2019\/11\/rojcek_09-300x200.webp 300w, https:\/\/d2p6e6u75xmxt8.cloudfront.net\/4\/2019\/11\/rojcek_09-1024x683.webp 1024w, https:\/\/d2p6e6u75xmxt8.cloudfront.net\/4\/2019\/11\/rojcek_09-768x512.webp 768w, https:\/\/d2p6e6u75xmxt8.cloudfront.net\/4\/2019\/11\/rojcek_09-272x182.webp 272w\" sizes=\"auto, (max-width: 1200px) 100vw, 1200px\" \/><\/a>\n\t\t\t<\/div><\/figure><figure class='gallery-item'>\n\t\t\t<div class='gallery-icon landscape'>\n\t\t\t\t<a href='https:\/\/d2p6e6u75xmxt8.cloudfront.net\/4\/2019\/11\/rojcek_10.webp'><img loading=\"lazy\" decoding=\"async\" width=\"1200\" height=\"800\" src=\"https:\/\/d2p6e6u75xmxt8.cloudfront.net\/4\/2019\/11\/rojcek_10.webp\" class=\"attachment-full size-full\" alt=\"\" srcset=\"https:\/\/d2p6e6u75xmxt8.cloudfront.net\/4\/2019\/11\/rojcek_10.webp 1200w, https:\/\/d2p6e6u75xmxt8.cloudfront.net\/4\/2019\/11\/rojcek_10-300x200.webp 300w, https:\/\/d2p6e6u75xmxt8.cloudfront.net\/4\/2019\/11\/rojcek_10-1024x683.webp 1024w, https:\/\/d2p6e6u75xmxt8.cloudfront.net\/4\/2019\/11\/rojcek_10-768x512.webp 768w, https:\/\/d2p6e6u75xmxt8.cloudfront.net\/4\/2019\/11\/rojcek_10-272x182.webp 272w\" sizes=\"auto, (max-width: 1200px) 100vw, 1200px\" \/><\/a>\n\t\t\t<\/div><\/figure>\n\t\t<\/div>\n        \n<p>Vydal sa rovno k hor\u00e1m, k \u010derven\u00fdm p\u00fa\u0161tnym vrchom, ne\u010faleko od Sahary. Kdesi po\u010dul, \u017ee tam bude dobr\u00e1 hlina \u2014 tak\u00e1, po ktorej sa vraj na bicykli jazd\u00ed ako s ly\u017eami v pra\u0161ane. Ke\u010f do\u0161iel pod strm\u00e9 svahy Ve\u013ek\u00e9ho Atlasu, musel zosadn\u00fa\u0165 a pomedzi kaktusy a mal\u00e9 pich\u013eav\u00e9 kriaky bicykel \u010falej tla\u010di\u0165. \u0160kriabal sa s n\u00edm cez ve\u013ek\u00e9 skaln\u00e9 bral\u00e1 a <strong>po tv\u00e1ri mu stekali slan\u00e9 kvapky potu<\/strong>, a\u017e k\u00fdm nevy\u0161iel na sam\u00fd vrchol. Len aby sa mohol pusti\u0165 dole.<\/p>\n<div id='gallery-4' class='gallery galleryid-8631 gallery-columns-2 gallery-size-full'><figure class='gallery-item'>\n\t\t\t<div class='gallery-icon landscape'>\n\t\t\t\t<a href='https:\/\/d2p6e6u75xmxt8.cloudfront.net\/4\/2019\/11\/rojcek_11.webp'><img loading=\"lazy\" decoding=\"async\" width=\"1200\" height=\"800\" src=\"https:\/\/d2p6e6u75xmxt8.cloudfront.net\/4\/2019\/11\/rojcek_11.webp\" class=\"attachment-full size-full\" alt=\"\" srcset=\"https:\/\/d2p6e6u75xmxt8.cloudfront.net\/4\/2019\/11\/rojcek_11.webp 1200w, https:\/\/d2p6e6u75xmxt8.cloudfront.net\/4\/2019\/11\/rojcek_11-300x200.webp 300w, https:\/\/d2p6e6u75xmxt8.cloudfront.net\/4\/2019\/11\/rojcek_11-1024x683.webp 1024w, https:\/\/d2p6e6u75xmxt8.cloudfront.net\/4\/2019\/11\/rojcek_11-768x512.webp 768w, https:\/\/d2p6e6u75xmxt8.cloudfront.net\/4\/2019\/11\/rojcek_11-272x182.webp 272w\" sizes=\"auto, (max-width: 1200px) 100vw, 1200px\" \/><\/a>\n\t\t\t<\/div><\/figure><figure class='gallery-item'>\n\t\t\t<div class='gallery-icon landscape'>\n\t\t\t\t<a href='https:\/\/d2p6e6u75xmxt8.cloudfront.net\/4\/2019\/11\/rojcek_12.webp'><img loading=\"lazy\" decoding=\"async\" width=\"1200\" height=\"800\" src=\"https:\/\/d2p6e6u75xmxt8.cloudfront.net\/4\/2019\/11\/rojcek_12.webp\" class=\"attachment-full size-full\" alt=\"\" srcset=\"https:\/\/d2p6e6u75xmxt8.cloudfront.net\/4\/2019\/11\/rojcek_12.webp 1200w, https:\/\/d2p6e6u75xmxt8.cloudfront.net\/4\/2019\/11\/rojcek_12-300x200.webp 300w, https:\/\/d2p6e6u75xmxt8.cloudfront.net\/4\/2019\/11\/rojcek_12-1024x683.webp 1024w, https:\/\/d2p6e6u75xmxt8.cloudfront.net\/4\/2019\/11\/rojcek_12-768x512.webp 768w, https:\/\/d2p6e6u75xmxt8.cloudfront.net\/4\/2019\/11\/rojcek_12-272x182.webp 272w\" sizes=\"auto, (max-width: 1200px) 100vw, 1200px\" \/><\/a>\n\t\t\t<\/div><\/figure><figure class='gallery-item'>\n\t\t\t<div class='gallery-icon landscape'>\n\t\t\t\t<a href='https:\/\/d2p6e6u75xmxt8.cloudfront.net\/4\/2019\/11\/rojcek_13.webp'><img loading=\"lazy\" decoding=\"async\" width=\"1200\" height=\"800\" src=\"https:\/\/d2p6e6u75xmxt8.cloudfront.net\/4\/2019\/11\/rojcek_13.webp\" class=\"attachment-full size-full\" alt=\"\" srcset=\"https:\/\/d2p6e6u75xmxt8.cloudfront.net\/4\/2019\/11\/rojcek_13.webp 1200w, https:\/\/d2p6e6u75xmxt8.cloudfront.net\/4\/2019\/11\/rojcek_13-300x200.webp 300w, https:\/\/d2p6e6u75xmxt8.cloudfront.net\/4\/2019\/11\/rojcek_13-1024x683.webp 1024w, https:\/\/d2p6e6u75xmxt8.cloudfront.net\/4\/2019\/11\/rojcek_13-768x512.webp 768w, https:\/\/d2p6e6u75xmxt8.cloudfront.net\/4\/2019\/11\/rojcek_13-272x182.webp 272w\" sizes=\"auto, (max-width: 1200px) 100vw, 1200px\" \/><\/a>\n\t\t\t<\/div><\/figure><figure class='gallery-item'>\n\t\t\t<div class='gallery-icon landscape'>\n\t\t\t\t<a href='https:\/\/d2p6e6u75xmxt8.cloudfront.net\/4\/2019\/11\/rojcek_14.webp'><img loading=\"lazy\" decoding=\"async\" width=\"1200\" height=\"800\" src=\"https:\/\/d2p6e6u75xmxt8.cloudfront.net\/4\/2019\/11\/rojcek_14.webp\" class=\"attachment-full size-full\" alt=\"\" srcset=\"https:\/\/d2p6e6u75xmxt8.cloudfront.net\/4\/2019\/11\/rojcek_14.webp 1200w, https:\/\/d2p6e6u75xmxt8.cloudfront.net\/4\/2019\/11\/rojcek_14-300x200.webp 300w, https:\/\/d2p6e6u75xmxt8.cloudfront.net\/4\/2019\/11\/rojcek_14-1024x683.webp 1024w, https:\/\/d2p6e6u75xmxt8.cloudfront.net\/4\/2019\/11\/rojcek_14-768x512.webp 768w, https:\/\/d2p6e6u75xmxt8.cloudfront.net\/4\/2019\/11\/rojcek_14-272x182.webp 272w\" sizes=\"auto, (max-width: 1200px) 100vw, 1200px\" \/><\/a>\n\t\t\t<\/div><\/figure><figure class='gallery-item'>\n\t\t\t<div class='gallery-icon landscape'>\n\t\t\t\t<a href='https:\/\/d2p6e6u75xmxt8.cloudfront.net\/4\/2019\/11\/rojcek_15.webp'><img loading=\"lazy\" decoding=\"async\" width=\"1200\" height=\"800\" src=\"https:\/\/d2p6e6u75xmxt8.cloudfront.net\/4\/2019\/11\/rojcek_15.webp\" class=\"attachment-full size-full\" alt=\"\" srcset=\"https:\/\/d2p6e6u75xmxt8.cloudfront.net\/4\/2019\/11\/rojcek_15.webp 1200w, https:\/\/d2p6e6u75xmxt8.cloudfront.net\/4\/2019\/11\/rojcek_15-300x200.webp 300w, https:\/\/d2p6e6u75xmxt8.cloudfront.net\/4\/2019\/11\/rojcek_15-1024x683.webp 1024w, https:\/\/d2p6e6u75xmxt8.cloudfront.net\/4\/2019\/11\/rojcek_15-768x512.webp 768w, https:\/\/d2p6e6u75xmxt8.cloudfront.net\/4\/2019\/11\/rojcek_15-272x182.webp 272w\" sizes=\"auto, (max-width: 1200px) 100vw, 1200px\" \/><\/a>\n\t\t\t<\/div><\/figure>\n\t\t<\/div>\n\n<p>Spod kolies sa mu pr\u00e1\u0161ilo presne ako to raz videl v kanadskom fr\u00edrajdovom videu. Bol tam \u00faplne s\u00e1m \u2014 <strong>iba on a bicykel<\/strong>. V strede ni\u010doho, tis\u00edce kilometrov od chladn\u00e9ho Liptova. Rann\u00e9 l\u00fa\u010de sa odr\u00e1\u017eali od leskl\u00fdch s\u00e1drovcov\u00fdch sk\u00e1l a tepl\u00fd v\u00e1nok obtekal dlh\u00e9 hrebene vyprahnutej krajiny. Adam svi\u0161\u0165al dole ako s vetrom o preteky. Akoby tam bol naozaj.<\/p>\n<div id='gallery-5' class='gallery galleryid-8631 gallery-columns-2 gallery-size-full'><figure class='gallery-item'>\n\t\t\t<div class='gallery-icon landscape'>\n\t\t\t\t<a href='https:\/\/d2p6e6u75xmxt8.cloudfront.net\/4\/2019\/11\/rojcek_16.webp'><img loading=\"lazy\" decoding=\"async\" width=\"1200\" height=\"800\" src=\"https:\/\/d2p6e6u75xmxt8.cloudfront.net\/4\/2019\/11\/rojcek_16.webp\" class=\"attachment-full size-full\" alt=\"\" srcset=\"https:\/\/d2p6e6u75xmxt8.cloudfront.net\/4\/2019\/11\/rojcek_16.webp 1200w, https:\/\/d2p6e6u75xmxt8.cloudfront.net\/4\/2019\/11\/rojcek_16-300x200.webp 300w, https:\/\/d2p6e6u75xmxt8.cloudfront.net\/4\/2019\/11\/rojcek_16-1024x683.webp 1024w, https:\/\/d2p6e6u75xmxt8.cloudfront.net\/4\/2019\/11\/rojcek_16-768x512.webp 768w, https:\/\/d2p6e6u75xmxt8.cloudfront.net\/4\/2019\/11\/rojcek_16-272x182.webp 272w\" sizes=\"auto, (max-width: 1200px) 100vw, 1200px\" \/><\/a>\n\t\t\t<\/div><\/figure><figure class='gallery-item'>\n\t\t\t<div class='gallery-icon landscape'>\n\t\t\t\t<a href='https:\/\/d2p6e6u75xmxt8.cloudfront.net\/4\/2019\/11\/rojcek_17.webp'><img loading=\"lazy\" decoding=\"async\" width=\"1200\" height=\"800\" src=\"https:\/\/d2p6e6u75xmxt8.cloudfront.net\/4\/2019\/11\/rojcek_17.webp\" class=\"attachment-full size-full\" alt=\"\" srcset=\"https:\/\/d2p6e6u75xmxt8.cloudfront.net\/4\/2019\/11\/rojcek_17.webp 1200w, https:\/\/d2p6e6u75xmxt8.cloudfront.net\/4\/2019\/11\/rojcek_17-300x200.webp 300w, https:\/\/d2p6e6u75xmxt8.cloudfront.net\/4\/2019\/11\/rojcek_17-1024x683.webp 1024w, https:\/\/d2p6e6u75xmxt8.cloudfront.net\/4\/2019\/11\/rojcek_17-768x512.webp 768w, https:\/\/d2p6e6u75xmxt8.cloudfront.net\/4\/2019\/11\/rojcek_17-272x182.webp 272w\" sizes=\"auto, (max-width: 1200px) 100vw, 1200px\" \/><\/a>\n\t\t\t<\/div><\/figure><figure class='gallery-item'>\n\t\t\t<div class='gallery-icon landscape'>\n\t\t\t\t<a href='https:\/\/d2p6e6u75xmxt8.cloudfront.net\/4\/2019\/11\/rojcek_18.webp'><img loading=\"lazy\" decoding=\"async\" width=\"1200\" height=\"800\" src=\"https:\/\/d2p6e6u75xmxt8.cloudfront.net\/4\/2019\/11\/rojcek_18.webp\" class=\"attachment-full size-full\" alt=\"\" srcset=\"https:\/\/d2p6e6u75xmxt8.cloudfront.net\/4\/2019\/11\/rojcek_18.webp 1200w, https:\/\/d2p6e6u75xmxt8.cloudfront.net\/4\/2019\/11\/rojcek_18-300x200.webp 300w, https:\/\/d2p6e6u75xmxt8.cloudfront.net\/4\/2019\/11\/rojcek_18-1024x683.webp 1024w, https:\/\/d2p6e6u75xmxt8.cloudfront.net\/4\/2019\/11\/rojcek_18-768x512.webp 768w, https:\/\/d2p6e6u75xmxt8.cloudfront.net\/4\/2019\/11\/rojcek_18-272x182.webp 272w\" sizes=\"auto, (max-width: 1200px) 100vw, 1200px\" \/><\/a>\n\t\t\t<\/div><\/figure>\n\t\t<\/div>\n\n<p>Adam m\u00e1 bicykel v mal\u00ed\u010dku, ve\u010f je s n\u00edm u\u017e od troch rokov. Presne vie, ako r\u00fdchlo m\u00e1 \u00eds\u0165, aby nespadol. Kolesami akoby c\u00edtil hlinu pod sebou, prec\u00edzne kop\u00edroval ter\u00e9n a <strong>u\u017e\u00edval si vysn\u00edvan\u00fa jazdu<\/strong>. No ke\u010f sa odrazil od zeme aby na chv\u00ed\u013eu vzlietol, spravil chybu.<\/p>\n<div id='gallery-6' class='gallery galleryid-8631 gallery-columns-2 gallery-size-full'><figure class='gallery-item'>\n\t\t\t<div class='gallery-icon landscape'>\n\t\t\t\t<a href='https:\/\/d2p6e6u75xmxt8.cloudfront.net\/4\/2019\/11\/rojcek_19.webp'><img loading=\"lazy\" decoding=\"async\" width=\"1200\" height=\"800\" src=\"https:\/\/d2p6e6u75xmxt8.cloudfront.net\/4\/2019\/11\/rojcek_19.webp\" class=\"attachment-full size-full\" alt=\"\" srcset=\"https:\/\/d2p6e6u75xmxt8.cloudfront.net\/4\/2019\/11\/rojcek_19.webp 1200w, https:\/\/d2p6e6u75xmxt8.cloudfront.net\/4\/2019\/11\/rojcek_19-300x200.webp 300w, https:\/\/d2p6e6u75xmxt8.cloudfront.net\/4\/2019\/11\/rojcek_19-1024x683.webp 1024w, https:\/\/d2p6e6u75xmxt8.cloudfront.net\/4\/2019\/11\/rojcek_19-768x512.webp 768w, https:\/\/d2p6e6u75xmxt8.cloudfront.net\/4\/2019\/11\/rojcek_19-272x182.webp 272w\" sizes=\"auto, (max-width: 1200px) 100vw, 1200px\" \/><\/a>\n\t\t\t<\/div><\/figure><figure class='gallery-item'>\n\t\t\t<div class='gallery-icon landscape'>\n\t\t\t\t<a href='https:\/\/d2p6e6u75xmxt8.cloudfront.net\/4\/2019\/11\/rojcek_20.webp'><img loading=\"lazy\" decoding=\"async\" width=\"1200\" height=\"800\" src=\"https:\/\/d2p6e6u75xmxt8.cloudfront.net\/4\/2019\/11\/rojcek_20.webp\" class=\"attachment-full size-full\" alt=\"\" srcset=\"https:\/\/d2p6e6u75xmxt8.cloudfront.net\/4\/2019\/11\/rojcek_20.webp 1200w, https:\/\/d2p6e6u75xmxt8.cloudfront.net\/4\/2019\/11\/rojcek_20-300x200.webp 300w, https:\/\/d2p6e6u75xmxt8.cloudfront.net\/4\/2019\/11\/rojcek_20-1024x683.webp 1024w, https:\/\/d2p6e6u75xmxt8.cloudfront.net\/4\/2019\/11\/rojcek_20-768x512.webp 768w, https:\/\/d2p6e6u75xmxt8.cloudfront.net\/4\/2019\/11\/rojcek_20-272x182.webp 272w\" sizes=\"auto, (max-width: 1200px) 100vw, 1200px\" \/><\/a>\n\t\t\t<\/div><\/figure><figure class='gallery-item'>\n\t\t\t<div class='gallery-icon landscape'>\n\t\t\t\t<a href='https:\/\/d2p6e6u75xmxt8.cloudfront.net\/4\/2019\/11\/rojcek_21.webp'><img loading=\"lazy\" decoding=\"async\" width=\"1200\" height=\"800\" src=\"https:\/\/d2p6e6u75xmxt8.cloudfront.net\/4\/2019\/11\/rojcek_21.webp\" class=\"attachment-full size-full\" alt=\"\" srcset=\"https:\/\/d2p6e6u75xmxt8.cloudfront.net\/4\/2019\/11\/rojcek_21.webp 1200w, https:\/\/d2p6e6u75xmxt8.cloudfront.net\/4\/2019\/11\/rojcek_21-300x200.webp 300w, https:\/\/d2p6e6u75xmxt8.cloudfront.net\/4\/2019\/11\/rojcek_21-1024x683.webp 1024w, https:\/\/d2p6e6u75xmxt8.cloudfront.net\/4\/2019\/11\/rojcek_21-768x512.webp 768w, https:\/\/d2p6e6u75xmxt8.cloudfront.net\/4\/2019\/11\/rojcek_21-272x182.webp 272w\" sizes=\"auto, (max-width: 1200px) 100vw, 1200px\" \/><\/a>\n\t\t\t<\/div><\/figure><figure class='gallery-item'>\n\t\t\t<div class='gallery-icon landscape'>\n\t\t\t\t<a href='https:\/\/d2p6e6u75xmxt8.cloudfront.net\/4\/2019\/11\/rojcek_22.webp'><img loading=\"lazy\" decoding=\"async\" width=\"1200\" height=\"800\" src=\"https:\/\/d2p6e6u75xmxt8.cloudfront.net\/4\/2019\/11\/rojcek_22.webp\" class=\"attachment-full size-full\" alt=\"\" srcset=\"https:\/\/d2p6e6u75xmxt8.cloudfront.net\/4\/2019\/11\/rojcek_22.webp 1200w, https:\/\/d2p6e6u75xmxt8.cloudfront.net\/4\/2019\/11\/rojcek_22-300x200.webp 300w, https:\/\/d2p6e6u75xmxt8.cloudfront.net\/4\/2019\/11\/rojcek_22-1024x683.webp 1024w, https:\/\/d2p6e6u75xmxt8.cloudfront.net\/4\/2019\/11\/rojcek_22-768x512.webp 768w, https:\/\/d2p6e6u75xmxt8.cloudfront.net\/4\/2019\/11\/rojcek_22-272x182.webp 272w\" sizes=\"auto, (max-width: 1200px) 100vw, 1200px\" \/><\/a>\n\t\t\t<\/div><\/figure><figure class='gallery-item'>\n\t\t\t<div class='gallery-icon landscape'>\n\t\t\t\t<a href='https:\/\/d2p6e6u75xmxt8.cloudfront.net\/4\/2019\/11\/rojcek_23.webp'><img loading=\"lazy\" decoding=\"async\" width=\"1200\" height=\"800\" src=\"https:\/\/d2p6e6u75xmxt8.cloudfront.net\/4\/2019\/11\/rojcek_23.webp\" class=\"attachment-full size-full\" alt=\"\" srcset=\"https:\/\/d2p6e6u75xmxt8.cloudfront.net\/4\/2019\/11\/rojcek_23.webp 1200w, https:\/\/d2p6e6u75xmxt8.cloudfront.net\/4\/2019\/11\/rojcek_23-300x200.webp 300w, https:\/\/d2p6e6u75xmxt8.cloudfront.net\/4\/2019\/11\/rojcek_23-1024x683.webp 1024w, https:\/\/d2p6e6u75xmxt8.cloudfront.net\/4\/2019\/11\/rojcek_23-768x512.webp 768w, https:\/\/d2p6e6u75xmxt8.cloudfront.net\/4\/2019\/11\/rojcek_23-272x182.webp 272w\" sizes=\"auto, (max-width: 1200px) 100vw, 1200px\" \/><\/a>\n\t\t\t<\/div><\/figure>\n\t\t<\/div>\n\n<p>Zo skaln\u00e9ho \u00fatesu letel asi dvan\u00e1s\u0165 metrov. Po tvrdom n\u00e1raze mu pri dopade <strong>sk\u013azla noha z ped\u00e1lu a stratil balans<\/strong>. Tak rad\u0161ej r\u00fdchlo otvoril o\u010di. Okolo neho bola takmer tma a chodidl\u00e1 si od zimy u\u017e v\u00f4bec nec\u00edtil. E\u0161te chv\u00ed\u013eu, u\u017e iba p\u00e1r sek\u00fand, hovoril si. Zhlboka sa nad\u00fdchol, za\u0165al zuby a na chv\u00ed\u013eu sa e\u0161te vr\u00e1til do \u010derven\u00fdch p\u00fa\u0161tnych vrchov.<\/p>\n<div id='gallery-7' class='gallery galleryid-8631 gallery-columns-2 gallery-size-full'><figure class='gallery-item'>\n\t\t\t<div class='gallery-icon landscape'>\n\t\t\t\t<a href='https:\/\/d2p6e6u75xmxt8.cloudfront.net\/4\/2019\/11\/rojcek_24.webp'><img loading=\"lazy\" decoding=\"async\" width=\"1200\" height=\"800\" src=\"https:\/\/d2p6e6u75xmxt8.cloudfront.net\/4\/2019\/11\/rojcek_24.webp\" class=\"attachment-full size-full\" alt=\"\" srcset=\"https:\/\/d2p6e6u75xmxt8.cloudfront.net\/4\/2019\/11\/rojcek_24.webp 1200w, https:\/\/d2p6e6u75xmxt8.cloudfront.net\/4\/2019\/11\/rojcek_24-300x200.webp 300w, https:\/\/d2p6e6u75xmxt8.cloudfront.net\/4\/2019\/11\/rojcek_24-1024x683.webp 1024w, https:\/\/d2p6e6u75xmxt8.cloudfront.net\/4\/2019\/11\/rojcek_24-768x512.webp 768w, https:\/\/d2p6e6u75xmxt8.cloudfront.net\/4\/2019\/11\/rojcek_24-272x182.webp 272w\" sizes=\"auto, (max-width: 1200px) 100vw, 1200px\" \/><\/a>\n\t\t\t<\/div><\/figure><figure class='gallery-item'>\n\t\t\t<div class='gallery-icon landscape'>\n\t\t\t\t<a href='https:\/\/d2p6e6u75xmxt8.cloudfront.net\/4\/2019\/11\/rojcek_25.webp'><img loading=\"lazy\" decoding=\"async\" width=\"1200\" height=\"800\" src=\"https:\/\/d2p6e6u75xmxt8.cloudfront.net\/4\/2019\/11\/rojcek_25.webp\" class=\"attachment-full size-full\" alt=\"\" srcset=\"https:\/\/d2p6e6u75xmxt8.cloudfront.net\/4\/2019\/11\/rojcek_25.webp 1200w, https:\/\/d2p6e6u75xmxt8.cloudfront.net\/4\/2019\/11\/rojcek_25-300x200.webp 300w, https:\/\/d2p6e6u75xmxt8.cloudfront.net\/4\/2019\/11\/rojcek_25-1024x683.webp 1024w, https:\/\/d2p6e6u75xmxt8.cloudfront.net\/4\/2019\/11\/rojcek_25-768x512.webp 768w, https:\/\/d2p6e6u75xmxt8.cloudfront.net\/4\/2019\/11\/rojcek_25-272x182.webp 272w\" sizes=\"auto, (max-width: 1200px) 100vw, 1200px\" \/><\/a>\n\t\t\t<\/div><\/figure>\n\t\t<\/div>\n\n<p>Okrem \u0161korpi\u00f3nov a mal\u00fdch ja\u0161ter\u00edc skr\u00fdvaj\u00facich sa pod ostr\u00fdmi bielo-\u017elt\u00fdmi skalami tam nestretol \u017eiv\u00fa du\u0161u. A\u017e dole v \u00fadol\u00ed, pri zelenej o\u00e1ze s palmami, <strong>sa pred n\u00edm zjavila mal\u00e1 dedina<\/strong>. Okn\u00e1 na domoch boli zatvoren\u00e9, no na \u0161n\u00farach medzi kamenn\u00fdmi m\u00farmi sa su\u0161ilo oble\u010denie. Nikde nikoho, iba z dia\u013eky bolo po\u010du\u0165 zvonce oviec a nejak\u00e9 hlasy. Spomalil a potichu vk\u013azol medzi hlinen\u00e9 domky.<\/p>\n<div id='gallery-8' class='gallery galleryid-8631 gallery-columns-2 gallery-size-full'><figure class='gallery-item'>\n\t\t\t<div class='gallery-icon landscape'>\n\t\t\t\t<a href='https:\/\/d2p6e6u75xmxt8.cloudfront.net\/4\/2019\/11\/rojcek_26.webp'><img loading=\"lazy\" decoding=\"async\" width=\"1200\" height=\"800\" src=\"https:\/\/d2p6e6u75xmxt8.cloudfront.net\/4\/2019\/11\/rojcek_26.webp\" class=\"attachment-full size-full\" alt=\"\" srcset=\"https:\/\/d2p6e6u75xmxt8.cloudfront.net\/4\/2019\/11\/rojcek_26.webp 1200w, https:\/\/d2p6e6u75xmxt8.cloudfront.net\/4\/2019\/11\/rojcek_26-300x200.webp 300w, https:\/\/d2p6e6u75xmxt8.cloudfront.net\/4\/2019\/11\/rojcek_26-1024x683.webp 1024w, https:\/\/d2p6e6u75xmxt8.cloudfront.net\/4\/2019\/11\/rojcek_26-768x512.webp 768w, https:\/\/d2p6e6u75xmxt8.cloudfront.net\/4\/2019\/11\/rojcek_26-272x182.webp 272w\" sizes=\"auto, (max-width: 1200px) 100vw, 1200px\" \/><\/a>\n\t\t\t<\/div><\/figure><figure class='gallery-item'>\n\t\t\t<div class='gallery-icon landscape'>\n\t\t\t\t<a href='https:\/\/d2p6e6u75xmxt8.cloudfront.net\/4\/2019\/11\/rojcek_27.webp'><img loading=\"lazy\" decoding=\"async\" width=\"1200\" height=\"800\" src=\"https:\/\/d2p6e6u75xmxt8.cloudfront.net\/4\/2019\/11\/rojcek_27.webp\" class=\"attachment-full size-full\" alt=\"\" srcset=\"https:\/\/d2p6e6u75xmxt8.cloudfront.net\/4\/2019\/11\/rojcek_27.webp 1200w, https:\/\/d2p6e6u75xmxt8.cloudfront.net\/4\/2019\/11\/rojcek_27-300x200.webp 300w, https:\/\/d2p6e6u75xmxt8.cloudfront.net\/4\/2019\/11\/rojcek_27-1024x683.webp 1024w, https:\/\/d2p6e6u75xmxt8.cloudfront.net\/4\/2019\/11\/rojcek_27-768x512.webp 768w, https:\/\/d2p6e6u75xmxt8.cloudfront.net\/4\/2019\/11\/rojcek_27-272x182.webp 272w\" sizes=\"auto, (max-width: 1200px) 100vw, 1200px\" \/><\/a>\n\t\t\t<\/div><\/figure><figure class='gallery-item'>\n\t\t\t<div class='gallery-icon landscape'>\n\t\t\t\t<a href='https:\/\/d2p6e6u75xmxt8.cloudfront.net\/4\/2019\/11\/rojcek_28.webp'><img loading=\"lazy\" decoding=\"async\" width=\"1200\" height=\"800\" src=\"https:\/\/d2p6e6u75xmxt8.cloudfront.net\/4\/2019\/11\/rojcek_28.webp\" class=\"attachment-full size-full\" alt=\"\" srcset=\"https:\/\/d2p6e6u75xmxt8.cloudfront.net\/4\/2019\/11\/rojcek_28.webp 1200w, https:\/\/d2p6e6u75xmxt8.cloudfront.net\/4\/2019\/11\/rojcek_28-300x200.webp 300w, https:\/\/d2p6e6u75xmxt8.cloudfront.net\/4\/2019\/11\/rojcek_28-1024x683.webp 1024w, https:\/\/d2p6e6u75xmxt8.cloudfront.net\/4\/2019\/11\/rojcek_28-768x512.webp 768w, https:\/\/d2p6e6u75xmxt8.cloudfront.net\/4\/2019\/11\/rojcek_28-272x182.webp 272w\" sizes=\"auto, (max-width: 1200px) 100vw, 1200px\" \/><\/a>\n\t\t\t<\/div><\/figure><figure class='gallery-item'>\n\t\t\t<div class='gallery-icon landscape'>\n\t\t\t\t<a href='https:\/\/d2p6e6u75xmxt8.cloudfront.net\/4\/2019\/11\/rojcek_29.webp'><img loading=\"lazy\" decoding=\"async\" width=\"1200\" height=\"800\" src=\"https:\/\/d2p6e6u75xmxt8.cloudfront.net\/4\/2019\/11\/rojcek_29.webp\" class=\"attachment-full size-full\" alt=\"\" srcset=\"https:\/\/d2p6e6u75xmxt8.cloudfront.net\/4\/2019\/11\/rojcek_29.webp 1200w, https:\/\/d2p6e6u75xmxt8.cloudfront.net\/4\/2019\/11\/rojcek_29-300x200.webp 300w, https:\/\/d2p6e6u75xmxt8.cloudfront.net\/4\/2019\/11\/rojcek_29-1024x683.webp 1024w, https:\/\/d2p6e6u75xmxt8.cloudfront.net\/4\/2019\/11\/rojcek_29-768x512.webp 768w, https:\/\/d2p6e6u75xmxt8.cloudfront.net\/4\/2019\/11\/rojcek_29-272x182.webp 272w\" sizes=\"auto, (max-width: 1200px) 100vw, 1200px\" \/><\/a>\n\t\t\t<\/div><\/figure><figure class='gallery-item'>\n\t\t\t<div class='gallery-icon landscape'>\n\t\t\t\t<a href='https:\/\/d2p6e6u75xmxt8.cloudfront.net\/4\/2019\/11\/rojcek_30.webp'><img loading=\"lazy\" decoding=\"async\" width=\"1200\" height=\"800\" src=\"https:\/\/d2p6e6u75xmxt8.cloudfront.net\/4\/2019\/11\/rojcek_30.webp\" class=\"attachment-full size-full\" alt=\"\" srcset=\"https:\/\/d2p6e6u75xmxt8.cloudfront.net\/4\/2019\/11\/rojcek_30.webp 1200w, https:\/\/d2p6e6u75xmxt8.cloudfront.net\/4\/2019\/11\/rojcek_30-300x200.webp 300w, https:\/\/d2p6e6u75xmxt8.cloudfront.net\/4\/2019\/11\/rojcek_30-1024x683.webp 1024w, https:\/\/d2p6e6u75xmxt8.cloudfront.net\/4\/2019\/11\/rojcek_30-768x512.webp 768w, https:\/\/d2p6e6u75xmxt8.cloudfront.net\/4\/2019\/11\/rojcek_30-272x182.webp 272w\" sizes=\"auto, (max-width: 1200px) 100vw, 1200px\" \/><\/a>\n\t\t\t<\/div><\/figure><figure class='gallery-item'>\n\t\t\t<div class='gallery-icon landscape'>\n\t\t\t\t<a href='https:\/\/d2p6e6u75xmxt8.cloudfront.net\/4\/2019\/11\/rojcek_31.webp'><img loading=\"lazy\" decoding=\"async\" width=\"1200\" height=\"800\" src=\"https:\/\/d2p6e6u75xmxt8.cloudfront.net\/4\/2019\/11\/rojcek_31.webp\" class=\"attachment-full size-full\" alt=\"\" srcset=\"https:\/\/d2p6e6u75xmxt8.cloudfront.net\/4\/2019\/11\/rojcek_31.webp 1200w, https:\/\/d2p6e6u75xmxt8.cloudfront.net\/4\/2019\/11\/rojcek_31-300x200.webp 300w, https:\/\/d2p6e6u75xmxt8.cloudfront.net\/4\/2019\/11\/rojcek_31-1024x683.webp 1024w, https:\/\/d2p6e6u75xmxt8.cloudfront.net\/4\/2019\/11\/rojcek_31-768x512.webp 768w, https:\/\/d2p6e6u75xmxt8.cloudfront.net\/4\/2019\/11\/rojcek_31-272x182.webp 272w\" sizes=\"auto, (max-width: 1200px) 100vw, 1200px\" \/><\/a>\n\t\t\t<\/div><\/figure><figure class='gallery-item'>\n\t\t\t<div class='gallery-icon landscape'>\n\t\t\t\t<a href='https:\/\/d2p6e6u75xmxt8.cloudfront.net\/4\/2019\/11\/rojcek_32.webp'><img loading=\"lazy\" decoding=\"async\" width=\"1200\" height=\"800\" src=\"https:\/\/d2p6e6u75xmxt8.cloudfront.net\/4\/2019\/11\/rojcek_32.webp\" class=\"attachment-full size-full\" alt=\"\" srcset=\"https:\/\/d2p6e6u75xmxt8.cloudfront.net\/4\/2019\/11\/rojcek_32.webp 1200w, https:\/\/d2p6e6u75xmxt8.cloudfront.net\/4\/2019\/11\/rojcek_32-300x200.webp 300w, https:\/\/d2p6e6u75xmxt8.cloudfront.net\/4\/2019\/11\/rojcek_32-1024x683.webp 1024w, https:\/\/d2p6e6u75xmxt8.cloudfront.net\/4\/2019\/11\/rojcek_32-768x512.webp 768w, https:\/\/d2p6e6u75xmxt8.cloudfront.net\/4\/2019\/11\/rojcek_32-272x182.webp 272w\" sizes=\"auto, (max-width: 1200px) 100vw, 1200px\" \/><\/a>\n\t\t\t<\/div><\/figure>\n\t\t<\/div>\n\n<p>Ke\u010f vych\u00e1dzal z dediny, hlavou mu preblyslo, o \u010dom asi tak m\u00f4\u017eu sn\u00edva\u0165 tie deti tu, v strede p\u00fa\u0161te, na \u00fap\u00e4t\u00ed h\u00f4r Ve\u013ek\u00e9ho Atlasu. Zrazu sa od zimy za\u010dal cel\u00fd trias\u0165. U\u017e len posledn\u00fd skok pri zapadaj\u00facom slnku a <strong>p\u00f4jdem z \u013eadovej vody von<\/strong>, povedal si.<\/p>\n<div id='gallery-9' class='gallery galleryid-8631 gallery-columns-2 gallery-size-full'><figure class='gallery-item'>\n\t\t\t<div class='gallery-icon landscape'>\n\t\t\t\t<a href='https:\/\/d2p6e6u75xmxt8.cloudfront.net\/4\/2019\/11\/rojcek_33.webp'><img loading=\"lazy\" decoding=\"async\" width=\"1200\" height=\"800\" src=\"https:\/\/d2p6e6u75xmxt8.cloudfront.net\/4\/2019\/11\/rojcek_33.webp\" class=\"attachment-full size-full\" alt=\"\" srcset=\"https:\/\/d2p6e6u75xmxt8.cloudfront.net\/4\/2019\/11\/rojcek_33.webp 1200w, https:\/\/d2p6e6u75xmxt8.cloudfront.net\/4\/2019\/11\/rojcek_33-300x200.webp 300w, https:\/\/d2p6e6u75xmxt8.cloudfront.net\/4\/2019\/11\/rojcek_33-1024x683.webp 1024w, https:\/\/d2p6e6u75xmxt8.cloudfront.net\/4\/2019\/11\/rojcek_33-768x512.webp 768w, https:\/\/d2p6e6u75xmxt8.cloudfront.net\/4\/2019\/11\/rojcek_33-272x182.webp 272w\" sizes=\"auto, (max-width: 1200px) 100vw, 1200px\" \/><\/a>\n\t\t\t<\/div><\/figure><figure class='gallery-item'>\n\t\t\t<div class='gallery-icon landscape'>\n\t\t\t\t<a href='https:\/\/d2p6e6u75xmxt8.cloudfront.net\/4\/2019\/11\/rojcek_34.webp'><img loading=\"lazy\" decoding=\"async\" width=\"1200\" height=\"800\" src=\"https:\/\/d2p6e6u75xmxt8.cloudfront.net\/4\/2019\/11\/rojcek_34.webp\" class=\"attachment-full size-full\" alt=\"\" srcset=\"https:\/\/d2p6e6u75xmxt8.cloudfront.net\/4\/2019\/11\/rojcek_34.webp 1200w, https:\/\/d2p6e6u75xmxt8.cloudfront.net\/4\/2019\/11\/rojcek_34-300x200.webp 300w, https:\/\/d2p6e6u75xmxt8.cloudfront.net\/4\/2019\/11\/rojcek_34-1024x683.webp 1024w, https:\/\/d2p6e6u75xmxt8.cloudfront.net\/4\/2019\/11\/rojcek_34-768x512.webp 768w, https:\/\/d2p6e6u75xmxt8.cloudfront.net\/4\/2019\/11\/rojcek_34-272x182.webp 272w\" sizes=\"auto, (max-width: 1200px) 100vw, 1200px\" \/><\/a>\n\t\t\t<\/div><\/figure><figure class='gallery-item'>\n\t\t\t<div class='gallery-icon landscape'>\n\t\t\t\t<a href='https:\/\/d2p6e6u75xmxt8.cloudfront.net\/4\/2019\/11\/rojcek_35.webp'><img loading=\"lazy\" decoding=\"async\" width=\"1200\" height=\"800\" src=\"https:\/\/d2p6e6u75xmxt8.cloudfront.net\/4\/2019\/11\/rojcek_35.webp\" class=\"attachment-full size-full\" alt=\"\" srcset=\"https:\/\/d2p6e6u75xmxt8.cloudfront.net\/4\/2019\/11\/rojcek_35.webp 1200w, https:\/\/d2p6e6u75xmxt8.cloudfront.net\/4\/2019\/11\/rojcek_35-300x200.webp 300w, https:\/\/d2p6e6u75xmxt8.cloudfront.net\/4\/2019\/11\/rojcek_35-1024x683.webp 1024w, https:\/\/d2p6e6u75xmxt8.cloudfront.net\/4\/2019\/11\/rojcek_35-768x512.webp 768w, https:\/\/d2p6e6u75xmxt8.cloudfront.net\/4\/2019\/11\/rojcek_35-272x182.webp 272w\" sizes=\"auto, (max-width: 1200px) 100vw, 1200px\" \/><\/a>\n\t\t\t<\/div><\/figure>\n\t\t<\/div>\n\n<p>Silno \u0161liapal do ped\u00e1lov, pon\u00e1h\u013eal sa nasp\u00e4\u0165 na pl\u00e1\u017e. <strong>Hrejiv\u00e9 l\u00fa\u010de sa stratili za kopcami<\/strong> a nad pobre\u017e\u00edm vych\u00e1dzal mesiac. Hukot rozb\u00faren\u00e9ho Atlantiku sa mu za\u010d\u00ednal zlieva\u0165 s mraziv\u00fdm tichom pokojnej hladiny Liptovskej Mary. Triasol sa, tuhlo mu cel\u00e9 telo, u\u017e viac nemohol vydr\u017ea\u0165. Pod skaln\u00fdm obl\u00fakom zosadol z bicykla a po mokrom piesku kr\u00e1\u010dal k vln\u00e1m slan\u00e9ho oce\u00e1nu.<\/p>\n<div id='gallery-10' class='gallery galleryid-8631 gallery-columns-2 gallery-size-full'><figure class='gallery-item'>\n\t\t\t<div class='gallery-icon landscape'>\n\t\t\t\t<a href='https:\/\/d2p6e6u75xmxt8.cloudfront.net\/4\/2019\/11\/rojcek_36.webp'><img loading=\"lazy\" decoding=\"async\" width=\"1200\" height=\"800\" src=\"https:\/\/d2p6e6u75xmxt8.cloudfront.net\/4\/2019\/11\/rojcek_36.webp\" class=\"attachment-full size-full\" alt=\"\" srcset=\"https:\/\/d2p6e6u75xmxt8.cloudfront.net\/4\/2019\/11\/rojcek_36.webp 1200w, https:\/\/d2p6e6u75xmxt8.cloudfront.net\/4\/2019\/11\/rojcek_36-300x200.webp 300w, https:\/\/d2p6e6u75xmxt8.cloudfront.net\/4\/2019\/11\/rojcek_36-1024x683.webp 1024w, https:\/\/d2p6e6u75xmxt8.cloudfront.net\/4\/2019\/11\/rojcek_36-768x512.webp 768w, https:\/\/d2p6e6u75xmxt8.cloudfront.net\/4\/2019\/11\/rojcek_36-272x182.webp 272w\" sizes=\"auto, (max-width: 1200px) 100vw, 1200px\" \/><\/a>\n\t\t\t<\/div><\/figure><figure class='gallery-item'>\n\t\t\t<div class='gallery-icon landscape'>\n\t\t\t\t<a href='https:\/\/d2p6e6u75xmxt8.cloudfront.net\/4\/2019\/11\/rojcek_37.webp'><img loading=\"lazy\" decoding=\"async\" width=\"1200\" height=\"800\" src=\"https:\/\/d2p6e6u75xmxt8.cloudfront.net\/4\/2019\/11\/rojcek_37.webp\" class=\"attachment-full size-full\" alt=\"\" srcset=\"https:\/\/d2p6e6u75xmxt8.cloudfront.net\/4\/2019\/11\/rojcek_37.webp 1200w, https:\/\/d2p6e6u75xmxt8.cloudfront.net\/4\/2019\/11\/rojcek_37-300x200.webp 300w, https:\/\/d2p6e6u75xmxt8.cloudfront.net\/4\/2019\/11\/rojcek_37-1024x683.webp 1024w, https:\/\/d2p6e6u75xmxt8.cloudfront.net\/4\/2019\/11\/rojcek_37-768x512.webp 768w, https:\/\/d2p6e6u75xmxt8.cloudfront.net\/4\/2019\/11\/rojcek_37-272x182.webp 272w\" sizes=\"auto, (max-width: 1200px) 100vw, 1200px\" \/><\/a>\n\t\t\t<\/div><\/figure><figure class='gallery-item'>\n\t\t\t<div class='gallery-icon landscape'>\n\t\t\t\t<a href='https:\/\/d2p6e6u75xmxt8.cloudfront.net\/4\/2019\/11\/rojcek_38.webp'><img loading=\"lazy\" decoding=\"async\" width=\"1200\" height=\"800\" src=\"https:\/\/d2p6e6u75xmxt8.cloudfront.net\/4\/2019\/11\/rojcek_38.webp\" class=\"attachment-full size-full\" alt=\"\" srcset=\"https:\/\/d2p6e6u75xmxt8.cloudfront.net\/4\/2019\/11\/rojcek_38.webp 1200w, https:\/\/d2p6e6u75xmxt8.cloudfront.net\/4\/2019\/11\/rojcek_38-300x200.webp 300w, https:\/\/d2p6e6u75xmxt8.cloudfront.net\/4\/2019\/11\/rojcek_38-1024x683.webp 1024w, https:\/\/d2p6e6u75xmxt8.cloudfront.net\/4\/2019\/11\/rojcek_38-768x512.webp 768w, https:\/\/d2p6e6u75xmxt8.cloudfront.net\/4\/2019\/11\/rojcek_38-272x182.webp 272w\" sizes=\"auto, (max-width: 1200px) 100vw, 1200px\" \/><\/a>\n\t\t\t<\/div><\/figure>\n\t\t<\/div>\n\n<p>Otvoril o\u010di a bleskom vybehol z \u013eadovej vody na breh, <strong>no mys\u013eou bol st\u00e1le v slne\u010dnom Maroku<\/strong>. Zrazu mu v\u00f4bec nebola zima. Len tak nehybne st\u00e1l a z vlasov mu stekali kvapky vody. Sledoval, ako mizn\u00fa v snehu pod jeho bos\u00fdmi nohami a pomaly sa prebral do mrazivej reality. Ke\u010f pozrel na hodinky, spokojne sa pousmial. <strong>V \u013eadovej vode vydr\u017eal skoro tri min\u00faty.<\/strong> Vedel, \u017ee je to len jedna mal\u00e1 kvapka v mori \u2014 len jeden mal\u00fd kr\u00f4\u010dik na dlhej ceste za ve\u013ek\u00fdm snom, no vedel aj to, \u017ee z t\u00fdch kvapiek raz bude cel\u00e9 more. A nebude slan\u00e9.<\/p>\n<p><a href=\"https:\/\/d2p6e6u75xmxt8.cloudfront.net\/4\/2019\/11\/rojcek_39.jpg\"><img loading=\"lazy\" decoding=\"async\" class=\"alignnone size-full wp-image-8672\" src=\"https:\/\/d2p6e6u75xmxt8.cloudfront.net\/4\/2019\/11\/rojcek_39.jpg\" alt=\"\" width=\"1200\" height=\"800\" \/><\/a><\/p>\n<p>Od severu zaf\u00fakal \u013eadov\u00fd vietor a rozv\u00edril hladinu. Adam sa r\u00fdchlo obliekol, <strong>sadol do auta a vyrazil nasp\u00e4\u0165 k mestu<\/strong>. Doma si \u013eahol do postele vo svojej malej izbe, nastavil bud\u00edk, zatvoril o\u010di a po dlhom dni r\u00fdchlo zaspal. R\u00e1no ho v pr\u00e1ci \u010dakal \u010fal\u0161\u00ed derav\u00fd v\u00fdfuk a on nechcel znovu me\u0161ka\u0165.<\/p>\n<p>Tento (a podobn\u00e9) pr\u00edbeh si m\u00f4\u017eete pre\u010d\u00edta\u0165 aj na str\u00e1nkach <a href=\"https:\/\/purenuts.sk\">Pure Nuts<\/a>, kde je doplnen\u00fd \u010fal\u0161\u00edmi dychber\u00facimi z\u00e1bermi. Pre ak\u00e9 miesto by ste sa rozhodli vy? Pre chlad Liptovskej Mary alebo hor\u00faci piesok pod va\u0161imi kolesami?<\/p>\n<p>jazdec: <a href=\"https:\/\/www.instagram.com\/adam.rojcek\/?hl=sk\">Adam Roj\u010dek<\/a><br \/>\nzdroj fotografi\u00ed: Peter Turek a\u00a0<a href=\"https:\/\/www.instagram.com\/peter.lengyel.photo\/?hl=sk\">Peter Lengyel<\/a><\/p>\n","protected":false},"excerpt":{"rendered":"<p>Ako by sa dal spoji\u0165 z\u00e1\u017eitok z\u00a0jazdenia v\u00a0Maroku a\u00a0otu\u017eovanie v\u00a0Liptovskej Mare? S\u00fa to absol\u00fatne nes\u00favisiace \u010dinnosti, miesta a\u00a0teplotn\u00e9 podmienky. No [&hellip;]<\/p>\n","protected":false},"author":81,"featured_media":8679,"comment_status":"open","ping_status":"open","sticky":false,"template":"","format":"standard","meta":{"footnotes":""},"categories":[3],"tags":[756,1182,643,180,902,732,583,412,66,264,55,953,183,814,317],"global-categories":[1074],"class_list":["post-8631","post","type-post","status-publish","format-standard","has-post-thumbnail","hentry","category-mtb","tag-adam-rojcek","tag-biker","tag-freeride","tag-horska-cyklistika","tag-horsky-bicykel","tag-liptov","tag-majster-slovenska","tag-mtb","tag-najlepsi-zjazdar","tag-prilba","tag-trening","tag-voda","tag-zabava","tag-zaluba","tag-zima","global-categories-cycling"],"yoast_head":"<!-- This site is optimized with the Yoast SEO Premium plugin v25.3 (Yoast SEO v25.9) - https:\/\/yoast.com\/wordpress\/plugins\/seo\/ -->\n<title>Adam Roj\u010dek: &quot;Ako som ok\u00fasil africk\u00fd piesok&quot; - \u0160koda We Love Cycling Slovensko<\/title>\n<meta name=\"robots\" content=\"index, follow, max-snippet:-1, max-image-preview:large, max-video-preview:-1\" \/>\n<link rel=\"canonical\" href=\"https:\/\/www.welovecycling.com\/sk\/2019\/11\/13\/adam-rojcek-ako-som-okusil-africky-piesok\/\" \/>\n<meta property=\"og:locale\" content=\"sk_SK\" \/>\n<meta property=\"og:type\" content=\"article\" \/>\n<meta property=\"og:title\" content=\"Adam Roj\u010dek: &quot;Ako som ok\u00fasil africk\u00fd piesok&quot;\" \/>\n<meta property=\"og:description\" content=\"Ako by sa dal spoji\u0165 z\u00e1\u017eitok z\u00a0jazdenia v\u00a0Maroku a\u00a0otu\u017eovanie v\u00a0Liptovskej Mare? S\u00fa to absol\u00fatne nes\u00favisiace \u010dinnosti, miesta a\u00a0teplotn\u00e9 podmienky. No [&hellip;]\" \/>\n<meta property=\"og:url\" content=\"https:\/\/www.welovecycling.com\/sk\/2019\/11\/13\/adam-rojcek-ako-som-okusil-africky-piesok\/\" \/>\n<meta property=\"og:site_name\" content=\"\u0160koda We Love Cycling Slovensko\" \/>\n<meta property=\"article:published_time\" content=\"2019-11-13T10:10:30+00:00\" \/>\n<meta property=\"og:image\" content=\"https:\/\/d2p6e6u75xmxt8.cloudfront.net\/4\/2019\/11\/rojcek_titulka.webp\" \/>\n\t<meta property=\"og:image:width\" content=\"1380\" \/>\n\t<meta property=\"og:image:height\" content=\"600\" \/>\n\t<meta property=\"og:image:type\" content=\"image\/webp\" \/>\n<meta name=\"twitter:card\" content=\"summary_large_image\" \/>\n<meta name=\"twitter:label1\" content=\"Written by\" \/>\n\t<meta name=\"twitter:data1\" content=\"Peter Lengyel\" \/>\n\t<meta name=\"twitter:label2\" content=\"Est. reading time\" \/>\n\t<meta name=\"twitter:data2\" content=\"7\" \/>\n<script type=\"application\/ld+json\" class=\"yoast-schema-graph\">{\"@context\":\"https:\/\/schema.org\",\"@graph\":[{\"@type\":\"WebPage\",\"@id\":\"https:\/\/www.welovecycling.com\/sk\/2019\/11\/13\/adam-rojcek-ako-som-okusil-africky-piesok\/\",\"url\":\"https:\/\/www.welovecycling.com\/sk\/2019\/11\/13\/adam-rojcek-ako-som-okusil-africky-piesok\/\",\"name\":\"Adam Roj\u010dek: \\\"Ako som ok\u00fasil africk\u00fd piesok\\\" - \u0160koda We Love Cycling Slovensko\",\"isPartOf\":{\"@id\":\"https:\/\/www.welovecycling.com\/sk\/#website\"},\"primaryImageOfPage\":{\"@id\":\"https:\/\/www.welovecycling.com\/sk\/2019\/11\/13\/adam-rojcek-ako-som-okusil-africky-piesok\/#primaryimage\"},\"image\":{\"@id\":\"https:\/\/www.welovecycling.com\/sk\/2019\/11\/13\/adam-rojcek-ako-som-okusil-africky-piesok\/#primaryimage\"},\"thumbnailUrl\":\"https:\/\/d2p6e6u75xmxt8.cloudfront.net\/4\/2019\/11\/rojcek_titulka.webp\",\"datePublished\":\"2019-11-13T10:10:30+00:00\",\"author\":{\"@id\":\"\"},\"breadcrumb\":{\"@id\":\"https:\/\/www.welovecycling.com\/sk\/2019\/11\/13\/adam-rojcek-ako-som-okusil-africky-piesok\/#breadcrumb\"},\"inLanguage\":\"sk-SK\",\"potentialAction\":[{\"@type\":\"ReadAction\",\"target\":[\"https:\/\/www.welovecycling.com\/sk\/2019\/11\/13\/adam-rojcek-ako-som-okusil-africky-piesok\/\"]}]},{\"@type\":\"ImageObject\",\"inLanguage\":\"sk-SK\",\"@id\":\"https:\/\/www.welovecycling.com\/sk\/2019\/11\/13\/adam-rojcek-ako-som-okusil-africky-piesok\/#primaryimage\",\"url\":\"https:\/\/d2p6e6u75xmxt8.cloudfront.net\/4\/2019\/11\/rojcek_titulka.webp\",\"contentUrl\":\"https:\/\/d2p6e6u75xmxt8.cloudfront.net\/4\/2019\/11\/rojcek_titulka.webp\",\"width\":1380,\"height\":600},{\"@type\":\"BreadcrumbList\",\"@id\":\"https:\/\/www.welovecycling.com\/sk\/2019\/11\/13\/adam-rojcek-ako-som-okusil-africky-piesok\/#breadcrumb\",\"itemListElement\":[{\"@type\":\"ListItem\",\"position\":1,\"name\":\"Home\",\"item\":\"https:\/\/www.welovecycling.com\/sk\/\"},{\"@type\":\"ListItem\",\"position\":2,\"name\":\"Adam Roj\u010dek: &#8222;Ako som ok\u00fasil africk\u00fd piesok&#8220;\"}]},{\"@type\":\"WebSite\",\"@id\":\"https:\/\/www.welovecycling.com\/sk\/#website\",\"url\":\"https:\/\/www.welovecycling.com\/sk\/\",\"name\":\"\u0160koda We Love Cycling Slovensko\",\"description\":\"\u0160koda We Love Cycling Slovensko je v\u00e1\u0161 ka\u017edodenn\u00fd zdroj noviniek a in\u0161pir\u00e1cie z sveta cyklistiky\",\"potentialAction\":[{\"@type\":\"SearchAction\",\"target\":{\"@type\":\"EntryPoint\",\"urlTemplate\":\"https:\/\/www.welovecycling.com\/sk\/?s={search_term_string}\"},\"query-input\":{\"@type\":\"PropertyValueSpecification\",\"valueRequired\":true,\"valueName\":\"search_term_string\"}}],\"inLanguage\":\"sk-SK\"},{\"@type\":\"Person\",\"@id\":\"\",\"url\":\"https:\/\/www.welovecycling.com\/sk\/author\/\"}]}<\/script>\n<!-- \/ Yoast SEO Premium plugin. -->","yoast_head_json":{"title":"Adam Roj\u010dek: \"Ako som ok\u00fasil africk\u00fd piesok\" - \u0160koda We Love Cycling Slovensko","robots":{"index":"index","follow":"follow","max-snippet":"max-snippet:-1","max-image-preview":"max-image-preview:large","max-video-preview":"max-video-preview:-1"},"canonical":"https:\/\/www.welovecycling.com\/sk\/2019\/11\/13\/adam-rojcek-ako-som-okusil-africky-piesok\/","og_locale":"sk_SK","og_type":"article","og_title":"Adam Roj\u010dek: \"Ako som ok\u00fasil africk\u00fd piesok\"","og_description":"Ako by sa dal spoji\u0165 z\u00e1\u017eitok z\u00a0jazdenia v\u00a0Maroku a\u00a0otu\u017eovanie v\u00a0Liptovskej Mare? S\u00fa to absol\u00fatne nes\u00favisiace \u010dinnosti, miesta a\u00a0teplotn\u00e9 podmienky. No [&hellip;]","og_url":"https:\/\/www.welovecycling.com\/sk\/2019\/11\/13\/adam-rojcek-ako-som-okusil-africky-piesok\/","og_site_name":"\u0160koda We Love Cycling Slovensko","article_published_time":"2019-11-13T10:10:30+00:00","og_image":[{"width":1380,"height":600,"url":"https:\/\/d2p6e6u75xmxt8.cloudfront.net\/4\/2019\/11\/rojcek_titulka.webp","type":"image\/webp"}],"twitter_card":"summary_large_image","twitter_misc":{"Written by":"Peter Lengyel","Est. reading time":"7"},"schema":{"@context":"https:\/\/schema.org","@graph":[{"@type":"WebPage","@id":"https:\/\/www.welovecycling.com\/sk\/2019\/11\/13\/adam-rojcek-ako-som-okusil-africky-piesok\/","url":"https:\/\/www.welovecycling.com\/sk\/2019\/11\/13\/adam-rojcek-ako-som-okusil-africky-piesok\/","name":"Adam Roj\u010dek: \"Ako som ok\u00fasil africk\u00fd piesok\" - \u0160koda We Love Cycling Slovensko","isPartOf":{"@id":"https:\/\/www.welovecycling.com\/sk\/#website"},"primaryImageOfPage":{"@id":"https:\/\/www.welovecycling.com\/sk\/2019\/11\/13\/adam-rojcek-ako-som-okusil-africky-piesok\/#primaryimage"},"image":{"@id":"https:\/\/www.welovecycling.com\/sk\/2019\/11\/13\/adam-rojcek-ako-som-okusil-africky-piesok\/#primaryimage"},"thumbnailUrl":"https:\/\/d2p6e6u75xmxt8.cloudfront.net\/4\/2019\/11\/rojcek_titulka.webp","datePublished":"2019-11-13T10:10:30+00:00","author":{"@id":""},"breadcrumb":{"@id":"https:\/\/www.welovecycling.com\/sk\/2019\/11\/13\/adam-rojcek-ako-som-okusil-africky-piesok\/#breadcrumb"},"inLanguage":"sk-SK","potentialAction":[{"@type":"ReadAction","target":["https:\/\/www.welovecycling.com\/sk\/2019\/11\/13\/adam-rojcek-ako-som-okusil-africky-piesok\/"]}]},{"@type":"ImageObject","inLanguage":"sk-SK","@id":"https:\/\/www.welovecycling.com\/sk\/2019\/11\/13\/adam-rojcek-ako-som-okusil-africky-piesok\/#primaryimage","url":"https:\/\/d2p6e6u75xmxt8.cloudfront.net\/4\/2019\/11\/rojcek_titulka.webp","contentUrl":"https:\/\/d2p6e6u75xmxt8.cloudfront.net\/4\/2019\/11\/rojcek_titulka.webp","width":1380,"height":600},{"@type":"BreadcrumbList","@id":"https:\/\/www.welovecycling.com\/sk\/2019\/11\/13\/adam-rojcek-ako-som-okusil-africky-piesok\/#breadcrumb","itemListElement":[{"@type":"ListItem","position":1,"name":"Home","item":"https:\/\/www.welovecycling.com\/sk\/"},{"@type":"ListItem","position":2,"name":"Adam Roj\u010dek: &#8222;Ako som ok\u00fasil africk\u00fd piesok&#8220;"}]},{"@type":"WebSite","@id":"https:\/\/www.welovecycling.com\/sk\/#website","url":"https:\/\/www.welovecycling.com\/sk\/","name":"\u0160koda We Love Cycling Slovensko","description":"\u0160koda We Love Cycling Slovensko je v\u00e1\u0161 ka\u017edodenn\u00fd zdroj noviniek a in\u0161pir\u00e1cie z sveta cyklistiky","potentialAction":[{"@type":"SearchAction","target":{"@type":"EntryPoint","urlTemplate":"https:\/\/www.welovecycling.com\/sk\/?s={search_term_string}"},"query-input":{"@type":"PropertyValueSpecification","valueRequired":true,"valueName":"search_term_string"}}],"inLanguage":"sk-SK"},{"@type":"Person","@id":"","url":"https:\/\/www.welovecycling.com\/sk\/author\/"}]}},"_links":{"self":[{"href":"https:\/\/www.welovecycling.com\/sk\/wp-json\/wp\/v2\/posts\/8631","targetHints":{"allow":["GET"]}}],"collection":[{"href":"https:\/\/www.welovecycling.com\/sk\/wp-json\/wp\/v2\/posts"}],"about":[{"href":"https:\/\/www.welovecycling.com\/sk\/wp-json\/wp\/v2\/types\/post"}],"author":[{"embeddable":true,"href":"https:\/\/www.welovecycling.com\/sk\/wp-json\/wp\/v2\/users\/81"}],"replies":[{"embeddable":true,"href":"https:\/\/www.welovecycling.com\/sk\/wp-json\/wp\/v2\/comments?post=8631"}],"version-history":[{"count":2,"href":"https:\/\/www.welovecycling.com\/sk\/wp-json\/wp\/v2\/posts\/8631\/revisions"}],"predecessor-version":[{"id":8699,"href":"https:\/\/www.welovecycling.com\/sk\/wp-json\/wp\/v2\/posts\/8631\/revisions\/8699"}],"wp:featuredmedia":[{"embeddable":true,"href":"https:\/\/www.welovecycling.com\/sk\/wp-json\/wp\/v2\/media\/8679"}],"wp:attachment":[{"href":"https:\/\/www.welovecycling.com\/sk\/wp-json\/wp\/v2\/media?parent=8631"}],"wp:term":[{"taxonomy":"category","embeddable":true,"href":"https:\/\/www.welovecycling.com\/sk\/wp-json\/wp\/v2\/categories?post=8631"},{"taxonomy":"post_tag","embeddable":true,"href":"https:\/\/www.welovecycling.com\/sk\/wp-json\/wp\/v2\/tags?post=8631"},{"taxonomy":"global-categories","embeddable":true,"href":"https:\/\/www.welovecycling.com\/sk\/wp-json\/wp\/v2\/global-categories?post=8631"}],"curies":[{"name":"wp","href":"https:\/\/api.w.org\/{rel}","templated":true}]}}