{"id":8603,"date":"2019-11-08T10:20:54","date_gmt":"2019-11-08T09:20:54","guid":{"rendered":"https:\/\/www.welovecycling.com\/sk\/?p=8603"},"modified":"2019-11-08T10:20:54","modified_gmt":"2019-11-08T09:20:54","slug":"tip-na-vylet-paradne-traily-na-cyklostopy-v-starej-lubovni","status":"publish","type":"post","link":"https:\/\/www.welovecycling.com\/sk\/2019\/11\/08\/tip-na-vylet-paradne-traily-na-cyklostopy-v-starej-lubovni\/","title":{"rendered":"Tip na v\u00fdlet: Par\u00e1dne traily na Cyklostopy v\u00a0Starej \u013dubovni"},"content":{"rendered":"<p><strong>Podtatransk\u00e1 pr\u00edroda, pokoj a\u00a0pohoda \u2013 pre mnoh\u00fdch z\u00a0n\u00e1s idylka. Av\u0161ak, \u010do ak sa k\u00a0tomu prid\u00e1 aj nieko\u013eko trailov, ktor\u00e9 svoj\u00edm povrchom, spracovan\u00edm a\u00a0n\u00e1ro\u010dnos\u0165ou pote\u0161ia srdce asi ka\u017ed\u00e9ho sk\u00fasen\u00e9ho horsk\u00e9ho cyklistu?<\/strong><!--more--><\/p>\n<p>V\u00a0posledn\u00fdch rokoch sme na Slovensku zaznamenali viacero <strong>pozit\u00edvnych aktiv\u00edt<\/strong> spojen\u00fdch s\u00a0v\u00fdstavbou chodn\u00edkov predov\u0161etk\u00fdm pre horsk\u00fdch cyklistov. \u010ci u\u017e je to v\u00a0Bratislave, na severe, pod Tatrami alebo aj v\u00a0Ko\u0161iciach \u010di e\u0161te viac na v\u00fdchode, cie\u013e je jednotn\u00fd: <strong>vytvori\u0165 priestor pre rados\u0165 z\u00a0jazdenia<\/strong> a\u00a0dok\u00e1za\u0165 si tieto podmienky udr\u017ea\u0165 aj pre \u010fal\u0161ie gener\u00e1cie bikerov.<\/p>\n<lite-youtube videoid=mvy7pyi-qSM params=\"enablejsapi=1\" style=\"background-image: url('https:\/\/i.ytimg.com\/vi_webp\/mvy7pyi-qSM\/maxresdefault.webp');\"><\/lite-youtube>\n<p>Dnes si predstav\u00edme h\u00e1dam jeden z\u00a0najp\u00f4vabnej\u0161\u00edch are\u00e1lov na Slovensku. <strong>Ide o\u00a0Star\u00fa \u013dubov\u0148u<\/strong>. V\u00a0bl\u00edzkosti samotn\u00e9ho hradu sa nach\u00e1dza hrebe\u0148, ktor\u00fd sa stal dejiskom premeny po\u010das uplynul\u00fdch rokov. P\u00f4sobia na \u0148om cyklisti z\u00a0radov ob\u010dianskeho zdru\u017eenia <strong>Cyklov\u0148a<\/strong>, vytv\u00e1raj\u00faci tak sie\u0165 chodn\u00edkov s\u00a0n\u00e1zvom <a href=\"https:\/\/www.facebook.com\/cyklostopy\/\">Cyklostopy<\/a>. <\/p>\n<p>Vo v\u0161eobecnosti ide o\u00a0<strong>chodn\u00edky ur\u010den\u00e9 pre horsk\u00e9 bicykle<\/strong>, preva\u017ene pre u\u017e sk\u00fasenej\u0161\u00edch cyklistov, ktor\u00ed sa vedia vysporiada\u0165 s\u00a0n\u00e1strahami lesa. Av\u0161ak v\u010faka kvalitnej pr\u00e1ci chlapcov (a\u00a0diev\u010dat) z\u00a0Cyklovne sa nemus\u00edte ob\u00e1va\u0165 o\u00a0ne\u010dakan\u00e9 n\u00e1strahy \u010di nedostatky \u2013 <strong>traily s\u00fa jednoducho v\u00a0perfektnom stave<\/strong>.<\/p>\n<p><a href=\"https:\/\/d2p6e6u75xmxt8.cloudfront.net\/4\/2019\/11\/tip_vylet_01.jpg\"><img loading=\"lazy\" decoding=\"async\" src=\"https:\/\/d2p6e6u75xmxt8.cloudfront.net\/4\/2019\/11\/tip_vylet_01.jpg\" alt=\"\" width=\"1200\" height=\"800\" class=\"alignnone size-full wp-image-8606\" \/><\/a><\/p>\n<p>Celkovo ide o\u00a0<strong>osem trailov<\/strong>, ktor\u00e9 pon\u00fakaj\u00fa pestr\u00fa \u0161k\u00e1lu najr\u00f4znej\u0161\u00edch vyhotoven\u00ed. Napr\u00edklad <strong>medved\u00ed<\/strong> patr\u00ed t\u00fdm, ktor\u00ed preferuj\u00fa skoky, ale naopak <strong>srn\u010d\u00ed<\/strong> zvl\u00e1dne h\u00e1dam ka\u017ed\u00fd, a\u00a0nebude sa pritom v\u00f4bec nudi\u0165. Zna\u010denie jednotliv\u00fdch typov je dostupn\u00e9 na za\u010diatkoch chodn\u00edkov, mapy s\u00fa zas pr\u00edstupn\u00e9 pri parkovisku pod hradom, pri stredovekom t\u00e1bore alebo aj na samotnom najvy\u0161\u0161om bode a\u00a0za\u010diatku trailov l\u00ed\u0161\u010d\u00ed, vl\u010d\u00ed a\u00a0srn\u010d\u00ed. Dos\u0165 bolo te\u00f3rie, po\u010fme sa pozrie\u0165 na to, <strong>ako sa na nich jazd\u00ed<\/strong>.<\/p>\n<p><a href=\"https:\/\/d2p6e6u75xmxt8.cloudfront.net\/4\/2019\/11\/tip_vylet_02.jpg\"><img loading=\"lazy\" decoding=\"async\" src=\"https:\/\/d2p6e6u75xmxt8.cloudfront.net\/4\/2019\/11\/tip_vylet_02.jpg\" alt=\"\" width=\"1200\" height=\"800\" class=\"alignnone size-full wp-image-8607\" \/><\/a><\/p>\n<p>Pri na\u0161ej n\u00e1v\u0161teve koncom okt\u00f3bra boli podmienky takmer ide\u00e1lne. Sucho (mo\u017eno a\u017e pr\u00edli\u0161 sucho na niektor\u00fdch miestach), rann\u00e1 hmla, ktor\u00e1 postupne zmizla a\u00a0objavilo sa pr\u00edjemn\u00e9 slnko a\u00a0doslova pr\u00e1zdne chodn\u00edky. <strong>Nu\u017e, ideme na to.<\/strong><\/p>\n<p>Zastavujeme na konci dediny, posklad\u00e1me stroje a\u00a0vezieme sa k\u00a0stredovek\u00e9mu t\u00e1boru, kde pri mape <strong>konzultujeme dne\u0161n\u00fa strat\u00e9giu<\/strong>. Najprv hore k\u00a0najvy\u0161\u0161iemu bodu a\u00a0postupne sa budeme sna\u017ei\u0165 prejazdieva\u0165, \u010do sa bude da\u0165.<\/p>\n<p><a href=\"https:\/\/d2p6e6u75xmxt8.cloudfront.net\/4\/2019\/11\/tip_vylet_03.jpg\"><img loading=\"lazy\" decoding=\"async\" src=\"https:\/\/d2p6e6u75xmxt8.cloudfront.net\/4\/2019\/11\/tip_vylet_03.jpg\" alt=\"\" width=\"1200\" height=\"800\" class=\"alignnone size-full wp-image-8608\" \/><\/a><\/p>\n<p>Pri v\u00fd\u0161\u013eape (ne)dobrovo\u013ene vol\u00edme najpriamej\u0161iu cestu cez serpent\u00edny a\u00a0tro\u0161ku rozbahnen\u00fa zv\u00e1\u017enicu, ktorej do tela dali aj miestni lesohospod\u00e1ri. Zna\u010denie o\u00a0smere <strong>Cyklost\u00f4p<\/strong> je umiestnen\u00e9 preva\u017ene na turistick\u00fdch r\u00e1zcestn\u00edkoch. N\u00e1m dopomohlo aj pr\u00edtomn\u00e9 zna\u010denie z\u00a0kola Slovensk\u00e9ho poh\u00e1ra v\u00a0endure, ktor\u00e9 sa tu pred \u010dasom konalo. Dost\u00e1vame sa pod v\u00fd\u0161\u013eapov\u00fd chodn\u00edk (na mape v\u00a0pravom hornom rohu), ktor\u00fd n\u00e1s skuto\u010dne kr\u00e1snymi vraca\u010dkami privedie a\u017e na asfaltov\u00fa cestu.<\/p>\n<p><a href=\"https:\/\/d2p6e6u75xmxt8.cloudfront.net\/4\/2019\/11\/tip_vylet_04.jpg\"><img loading=\"lazy\" decoding=\"async\" src=\"https:\/\/d2p6e6u75xmxt8.cloudfront.net\/4\/2019\/11\/tip_vylet_04.jpg\" alt=\"\" width=\"1200\" height=\"800\" class=\"alignnone size-full wp-image-8609\" \/><\/a><\/p>\n<p>K\u00a0vrcholu n\u00e1m e\u0161te nieko\u013eko v\u00fd\u0161kov\u00fdch metrov ch\u00fdba, av\u0161ak v\u010faka op\u00e4tovne magick\u00e9mu v\u00fd\u0161\u013eapu vch\u00e1dzame do lesa. Nad hlavami pritom nem\u00f4\u017eeme prehliadnu\u0165 dreven\u00fa cedu\u013eku s\u00a0n\u00e1pisom \u201eCyklostopy\u201c \u2013 <strong>nu\u017e, sme na dobrej ceste<\/strong>.<\/p>\n<div data-rows=\"2\" id='gallery-1' class='gallery-rows-2 gallery galleryid-8603 gallery-columns-2 gallery-size-full'><figure class='gallery-item'>\n\t\t\t<div class='gallery-icon landscape'>\n\t\t\t\t<a href='https:\/\/d2p6e6u75xmxt8.cloudfront.net\/4\/2019\/11\/tip_vylet_05.webp'><img loading=\"lazy\" decoding=\"async\" width=\"1200\" height=\"800\" src=\"https:\/\/d2p6e6u75xmxt8.cloudfront.net\/4\/2019\/11\/tip_vylet_05.webp\" class=\"attachment-full size-full\" alt=\"\" srcset=\"https:\/\/d2p6e6u75xmxt8.cloudfront.net\/4\/2019\/11\/tip_vylet_05.webp 1200w, https:\/\/d2p6e6u75xmxt8.cloudfront.net\/4\/2019\/11\/tip_vylet_05-300x200.webp 300w, https:\/\/d2p6e6u75xmxt8.cloudfront.net\/4\/2019\/11\/tip_vylet_05-1024x683.webp 1024w, https:\/\/d2p6e6u75xmxt8.cloudfront.net\/4\/2019\/11\/tip_vylet_05-768x512.webp 768w, https:\/\/d2p6e6u75xmxt8.cloudfront.net\/4\/2019\/11\/tip_vylet_05-272x182.webp 272w\" sizes=\"auto, (max-width: 1200px) 100vw, 1200px\" \/><\/a>\n\t\t\t<\/div><\/figure><figure class='gallery-item'>\n\t\t\t<div class='gallery-icon landscape'>\n\t\t\t\t<a href='https:\/\/d2p6e6u75xmxt8.cloudfront.net\/4\/2019\/11\/tip_vylet_06.webp'><img loading=\"lazy\" decoding=\"async\" width=\"1200\" height=\"800\" src=\"https:\/\/d2p6e6u75xmxt8.cloudfront.net\/4\/2019\/11\/tip_vylet_06.webp\" class=\"attachment-full size-full\" alt=\"\" srcset=\"https:\/\/d2p6e6u75xmxt8.cloudfront.net\/4\/2019\/11\/tip_vylet_06.webp 1200w, https:\/\/d2p6e6u75xmxt8.cloudfront.net\/4\/2019\/11\/tip_vylet_06-300x200.webp 300w, https:\/\/d2p6e6u75xmxt8.cloudfront.net\/4\/2019\/11\/tip_vylet_06-1024x683.webp 1024w, https:\/\/d2p6e6u75xmxt8.cloudfront.net\/4\/2019\/11\/tip_vylet_06-768x512.webp 768w, https:\/\/d2p6e6u75xmxt8.cloudfront.net\/4\/2019\/11\/tip_vylet_06-272x182.webp 272w\" sizes=\"auto, (max-width: 1200px) 100vw, 1200px\" \/><\/a>\n\t\t\t<\/div><\/figure>\n\t\t<\/div>\n        \n<p>Dost\u00e1vame sa tak a\u017e do najvy\u0161\u0161ieho bodu, <strong>865 m n.m.<\/strong>, kde je dreven\u00fd pr\u00edstre\u0161ok s\u00a0mo\u017enos\u0165ou opeka\u0165. Odtia\u013e \u0161tartuje trojica chodn\u00edkov. Vyd\u00e1vame sa teda na ten \u201enajviac od ruky\u201c \u2013 jelen\u00ed. S\u00a0minimom \u0161liapania naber\u00e1me dostato\u010dn\u00fa r\u00fdchlos\u0165, av\u0161ak podklad je par\u00e1dny \u2013 predov\u0161etk\u00fdm v\u00a0ihli\u010dnatom lese. Nieko\u013eko strm\u0161\u00edch pas\u00e1\u017e\u00ed, ktor\u00e9 pr\u00edjemne spestria plynulos\u0165 chodn\u00edka a\u00a0op\u00e4\u0165 si d\u00e1me nieko\u013eko v\u00fd\u0161\u013eapov\u00fdch serpent\u00edn. Potom sa znovu p\u00fa\u0161\u0165ame cez \u010diasto\u010dne listnat\u00fd les, ktor\u00fd n\u00e1s obdaril \u0161tedrou d\u00e1vkou l\u00edstia, \u010do u\u013eah\u010duje v\u00fdber stopy. Jednostopov\u00fd trail s\u00a0korienkami a\u00a0sem-tam vyt\u0155\u010daj\u00facimi kamienkami <strong>vy\u010daruje \u00fasmev na na\u0161ich tv\u00e1rach<\/strong> \u2013 toto sme chceli!<\/p>\n<p><a href=\"https:\/\/d2p6e6u75xmxt8.cloudfront.net\/4\/2019\/11\/tip_vylet_07.jpg\"><img loading=\"lazy\" decoding=\"async\" src=\"https:\/\/d2p6e6u75xmxt8.cloudfront.net\/4\/2019\/11\/tip_vylet_07.jpg\" alt=\"\" width=\"1200\" height=\"800\" class=\"alignnone size-full wp-image-8612\" \/><\/a><\/p>\n<p>Kon\u010d\u00edme na asfaltke (na tej istej, ktor\u00fa sme pret\u00ednali pri v\u00fd\u0161\u013eape, av\u0161ak teraz sme o\u00a0\u010dosi viac na z\u00e1pad). Nech\u00fdba ani v\u00fdh\u013ead na teraz oparom prekryt\u00e9 Tatry. Vraciame sa sp\u00e4\u0165 po st\u00fapaj\u00facej asfaltke a\u017e k\u00a0chodn\u00edku, ktor\u00fd n\u00e1s pred chv\u00ed\u013eou priniesol na najvy\u0161\u0161ie miesto \u2013 sme tu znova.<\/p>\n<div data-rows=\"2\" id='gallery-2' class='gallery-rows-2 gallery galleryid-8603 gallery-columns-2 gallery-size-full'><figure class='gallery-item'>\n\t\t\t<div class='gallery-icon landscape'>\n\t\t\t\t<a href='https:\/\/d2p6e6u75xmxt8.cloudfront.net\/4\/2019\/11\/tip_vylet_09.webp'><img loading=\"lazy\" decoding=\"async\" width=\"1200\" height=\"800\" src=\"https:\/\/d2p6e6u75xmxt8.cloudfront.net\/4\/2019\/11\/tip_vylet_09.webp\" class=\"attachment-full size-full\" alt=\"\" srcset=\"https:\/\/d2p6e6u75xmxt8.cloudfront.net\/4\/2019\/11\/tip_vylet_09.webp 1200w, https:\/\/d2p6e6u75xmxt8.cloudfront.net\/4\/2019\/11\/tip_vylet_09-300x200.webp 300w, https:\/\/d2p6e6u75xmxt8.cloudfront.net\/4\/2019\/11\/tip_vylet_09-1024x683.webp 1024w, https:\/\/d2p6e6u75xmxt8.cloudfront.net\/4\/2019\/11\/tip_vylet_09-768x512.webp 768w, https:\/\/d2p6e6u75xmxt8.cloudfront.net\/4\/2019\/11\/tip_vylet_09-272x182.webp 272w\" sizes=\"auto, (max-width: 1200px) 100vw, 1200px\" \/><\/a>\n\t\t\t<\/div><\/figure><figure class='gallery-item'>\n\t\t\t<div class='gallery-icon landscape'>\n\t\t\t\t<a href='https:\/\/d2p6e6u75xmxt8.cloudfront.net\/4\/2019\/11\/tip_vylet_08.webp'><img loading=\"lazy\" decoding=\"async\" width=\"1200\" height=\"800\" src=\"https:\/\/d2p6e6u75xmxt8.cloudfront.net\/4\/2019\/11\/tip_vylet_08.webp\" class=\"attachment-full size-full\" alt=\"\" srcset=\"https:\/\/d2p6e6u75xmxt8.cloudfront.net\/4\/2019\/11\/tip_vylet_08.webp 1200w, https:\/\/d2p6e6u75xmxt8.cloudfront.net\/4\/2019\/11\/tip_vylet_08-300x200.webp 300w, https:\/\/d2p6e6u75xmxt8.cloudfront.net\/4\/2019\/11\/tip_vylet_08-1024x683.webp 1024w, https:\/\/d2p6e6u75xmxt8.cloudfront.net\/4\/2019\/11\/tip_vylet_08-768x512.webp 768w, https:\/\/d2p6e6u75xmxt8.cloudfront.net\/4\/2019\/11\/tip_vylet_08-272x182.webp 272w\" sizes=\"auto, (max-width: 1200px) 100vw, 1200px\" \/><\/a>\n\t\t\t<\/div><\/figure>\n\t\t<\/div>\n        \n<p>Teraz sa p\u00fa\u0161\u0165ame l\u00ed\u0161\u010d\u00edm trailom. M\u00e1 by\u0165 o\u00a0\u010dosi n\u00e1ro\u010dnej\u0161\u00ed. Such\u00e9 podmienky s\u00fa fajn, tak\u017ee probl\u00e9m s\u00a0gripom nie je. Trail pokryt\u00fd l\u00edst\u00edm vyvol\u00e1 nieko\u013eko ot\u00e1znikov o\u00a0smere pokra\u010dovania trailu, av\u0161ak o\u00a0chv\u00ed\u013eku <strong>sme op\u00e4\u0165 v\u00a0tej spr\u00e1vnej stope<\/strong>. Prejdeme asfaltov\u00fa cestu a\u00a0mierime do druhej \u010dasti, ktor\u00e1 ukr\u00fdva aj nieko\u013eko strm\u0161\u00edch pas\u00e1\u017e\u00ed so v\u0161adepr\u00edtomn\u00fdmi korienkami a\u00a0skalkami. Ale to je to prav\u00e9 horsko-cyklistick\u00e9. <\/p>\n<p>Na konci sa to\u010d\u00edme doprava na v\u00fd\u0161\u013eap k\u00a0n\u00e1m u\u017e zn\u00e1mej asfaltke. Tro\u0161ku strm\u0161\u00ed sklon spolu s\u00a0pr\u00edtomn\u00fdm blatom s\u0165a\u017euje v\u00fdstup, ale nie je to ni\u010d, \u010do by sa nedalo prekona\u0165 \u2013 \u010di u\u017e v\u00a0sedle alebo mimo neho. Na ceste sa pober\u00e1me k\u00a0miestu, ktor\u00e9 je na mape ozna\u010den\u00e9 ako \u201ez\u00e1chrann\u00e9 miesto \u010d.&nbsp;6\u201c, kde pokra\u010duje vl\u010d\u00ed trail. <\/p>\n<p><a href=\"https:\/\/d2p6e6u75xmxt8.cloudfront.net\/4\/2019\/11\/tip_vylet_10.jpg\"><img loading=\"lazy\" decoding=\"async\" src=\"https:\/\/d2p6e6u75xmxt8.cloudfront.net\/4\/2019\/11\/tip_vylet_10.jpg\" alt=\"\" width=\"1200\" height=\"800\" class=\"alignnone size-full wp-image-8615\" \/><\/a><\/p>\n<p>Vyber\u00e1me si ho a\u00a0naozaj dokonale spracovan\u00fdmi klopenkami a\u00a0prejazdmi kles\u00e1me k bodu, kde budeme ma\u0165 na v\u00fdber z\u00a0nieko\u013ek\u00fdch variantov. Tento vl\u010d\u00ed chodn\u00edk nie je a\u017e tak technicky n\u00e1ro\u010dn\u00fd, ako napr\u00edklad l\u00ed\u0161\u010d\u00ed. Jednoducho <strong>v\u00a0rytme klesaj\u00faceho sklonu<\/strong> vyu\u017e\u00edvate krivky z\u00e1krut, men\u0161ie vlnky a\u00a0napr\u00edklad aj mal\u00e9 dreven\u00e9 premostenia k\u00a0vyburcovaniu endorf\u00ednu v\u00a0krvi.<\/p>\n<p><a href=\"https:\/\/d2p6e6u75xmxt8.cloudfront.net\/4\/2019\/11\/tip_vylet_11.jpg\"><img loading=\"lazy\" decoding=\"async\" src=\"https:\/\/d2p6e6u75xmxt8.cloudfront.net\/4\/2019\/11\/tip_vylet_11.jpg\" alt=\"\" width=\"1200\" height=\"800\" class=\"alignnone size-full wp-image-8616\" \/><\/a><\/p>\n<p>Dost\u00e1vame sa tak k\u00a0r\u00e1zcestiu, odkia\u013e pokra\u010duje a\u017e <strong>p\u00e4tica chodn\u00ed\u010dkov<\/strong>. Ide o\u00a0\u0161tyri jednosmern\u00e9 \u2013 teda z\u00a0tohto bodu klesaj\u00face, a\u00a0jeden obojsmern\u00fd, ktor\u00fd vyu\u017eijeme pri n\u00e1vrate na toto miesto (tzv. jazve\u010d\u00ed trail). Vol\u00edme si rys\u00ed. Ten je uk\u00e1\u017ekou mohutn\u00fdch klopeniek v\u00a0o\u00a0\u010dosi strm\u0161om ter\u00e9ne, <strong>do ktor\u00fdch sa m\u00f4\u017eete s\u00a0istotou oprie\u0165<\/strong>. Nejak\u00fd ten mal\u00fd skok \u010di kore\u0148 a\u00a0po 700 metroch ste na konci. My vol\u00edme v\u00fd\u0161\u013eap po zv\u00e1\u017enici a\u00a0tro\u0161ku bl\u00fadime. Odbo\u010d\u00edme do\u013eava na \u010fal\u0161iu st\u00fapaj\u00facu zv\u00e1\u017enicu a\u00a0dost\u00e1vame sa do \u201ez\u00e1chrann\u00e9ho bodu \u010d. 7\u201c, odkia\u013e sa pr\u00edjemn\u00fdm transferom cez jazve\u010d\u00ed trail presunieme sp\u00e4\u0165 na r\u00e1zcestie.<\/p>\n<p>Sk\u00fasime teda ten medved\u00ed, i\u00a0ke\u010f na\u0161e schopnosti a\u00a0vybavenie s\u00fa zna\u010dne poddimenzovan\u00e9 pre to, \u010do n\u00e1s tu \u010dak\u00e1. Prv\u00fd \u201eskok\u201c je v pohode, av\u0161ak tie nasleduj\u00face si <strong>vy\u017eaduj\u00fa dostato\u010dn\u00fa znalos\u0165 svojich s\u00edl<\/strong>. L\u00edstie n\u00e1s op\u00e4\u0165 m\u00e4tie, av\u0161ak nakoniec sa dost\u00e1vame na koniec zv\u00e1\u017enice (tej, na ktor\u00fa sme vy\u0161li z\u00a0rysieho). Sch\u00e1dzame k\u00a0autu, dop\u013a\u0148ame vodu, ke\u010f\u017ee studni\u010dka bola such\u00e1 a\u00a0d\u00e1me si e\u0161te jeden v\u00fd\u0161\u013eap na vl\u010d\u00ed trail. Sk\u00fa\u0161ame to priamo cez neho s\u00a0vidinou v\u00fd\u0161\u013eapov\u00e9ho trailu, av\u0161ak nakoniec kon\u010d\u00edme v\u00a0protismere, ke\u010f\u017ee nikto nejde, aj proti cyklistick\u00e9mu desatoru vyjdeme touto cestou <strong>a\u017e na jeho vrchol<\/strong>.<\/p>\n<div data-rows=\"2\" id='gallery-3' class='gallery-rows-2 gallery galleryid-8603 gallery-columns-2 gallery-size-full'><figure class='gallery-item'>\n\t\t\t<div class='gallery-icon landscape'>\n\t\t\t\t<a href='https:\/\/d2p6e6u75xmxt8.cloudfront.net\/4\/2019\/11\/tip_vylet_14.webp'><img loading=\"lazy\" decoding=\"async\" width=\"1200\" height=\"800\" src=\"https:\/\/d2p6e6u75xmxt8.cloudfront.net\/4\/2019\/11\/tip_vylet_14.webp\" class=\"attachment-full size-full\" alt=\"\" srcset=\"https:\/\/d2p6e6u75xmxt8.cloudfront.net\/4\/2019\/11\/tip_vylet_14.webp 1200w, https:\/\/d2p6e6u75xmxt8.cloudfront.net\/4\/2019\/11\/tip_vylet_14-300x200.webp 300w, https:\/\/d2p6e6u75xmxt8.cloudfront.net\/4\/2019\/11\/tip_vylet_14-1024x683.webp 1024w, https:\/\/d2p6e6u75xmxt8.cloudfront.net\/4\/2019\/11\/tip_vylet_14-768x512.webp 768w, https:\/\/d2p6e6u75xmxt8.cloudfront.net\/4\/2019\/11\/tip_vylet_14-272x182.webp 272w\" sizes=\"auto, (max-width: 1200px) 100vw, 1200px\" \/><\/a>\n\t\t\t<\/div><\/figure><figure class='gallery-item'>\n\t\t\t<div class='gallery-icon landscape'>\n\t\t\t\t<a href='https:\/\/d2p6e6u75xmxt8.cloudfront.net\/4\/2019\/11\/tip_vylet_13.webp'><img loading=\"lazy\" decoding=\"async\" width=\"1200\" height=\"800\" src=\"https:\/\/d2p6e6u75xmxt8.cloudfront.net\/4\/2019\/11\/tip_vylet_13.webp\" class=\"attachment-full size-full\" alt=\"\" srcset=\"https:\/\/d2p6e6u75xmxt8.cloudfront.net\/4\/2019\/11\/tip_vylet_13.webp 1200w, https:\/\/d2p6e6u75xmxt8.cloudfront.net\/4\/2019\/11\/tip_vylet_13-300x200.webp 300w, https:\/\/d2p6e6u75xmxt8.cloudfront.net\/4\/2019\/11\/tip_vylet_13-1024x683.webp 1024w, https:\/\/d2p6e6u75xmxt8.cloudfront.net\/4\/2019\/11\/tip_vylet_13-768x512.webp 768w, https:\/\/d2p6e6u75xmxt8.cloudfront.net\/4\/2019\/11\/tip_vylet_13-272x182.webp 272w\" sizes=\"auto, (max-width: 1200px) 100vw, 1200px\" \/><\/a>\n\t\t\t<\/div><\/figure>\n\t\t<\/div>\n        \n<p>T\u00e1to fin\u00e1lna \u010das\u0165 vl\u010dieho je ve\u013emi plynul\u00e1 s\u00a0mo\u017enos\u0165ami tro\u0161ku sa odlepi\u0165 od povrchu a\u00a0vyu\u017ei\u0165 bo\u010dn\u00e9 \u0161tuple aj v\u00a0klopenk\u00e1ch. Nejak\u00fd ten hup\u00edk s\u00a0kore\u0148om, vyu\u017e\u00edvanie pekn\u00e9ho vlnenia sa trailu a\u00a0<strong>plynule skles\u00e1me a\u017e na z\u00e1ver<\/strong>. <\/p>\n<p>Pri aute n\u00e1m neost\u00e1va ni\u010d in\u00e9, len skon\u0161tatova\u0165, \u017ee Cyklov\u0148a sa postarala o\u00a0<strong>vybudovanie par\u00e1dneho \u201eparku\u201c<\/strong>, kedy m\u00e1te ka\u017ed\u00fd trail namotan\u00fd na jednom kopci. <\/p>\n<p>Samozrejme, \u010do sa t\u00fdka pr\u00edstupu k\u00a0trailom, ak\u00fdm bol aj tento posledn\u00fd, vl\u010d\u00ed, v\u0161etk\u00fdmi desiatimi by sme priv\u00edtali tak\u00e9 v\u00fd\u0161\u013eapov\u00e9 spojky, ako bola t\u00e1 k\u00a0vrcholu. Ale, to len aby to v\u0161etko nebolo tak\u00e9 ru\u017eov\u00e9 ?. Pre orient\u00e1ciu odpor\u00fa\u010dame aplik\u00e1ciu <strong>Trailforks do mobilu<\/strong>. <\/p>\n<p><strong>\u010eakujeme a\u00a0ur\u010dite sa\u00a0vid\u00edme na bud\u00faci rok!<\/strong><\/p>\n","protected":false},"excerpt":{"rendered":"<p>Podtatransk\u00e1 pr\u00edroda, pokoj a\u00a0pohoda \u2013 pre mnoh\u00fdch z\u00a0n\u00e1s idylka. Av\u0161ak, \u010do ak sa k\u00a0tomu prid\u00e1 aj nieko\u013eko trailov, ktor\u00e9 svoj\u00edm [&hellip;]<\/p>\n","protected":false},"author":81,"featured_media":8621,"comment_status":"open","ping_status":"open","sticky":false,"template":"","format":"standard","meta":{"footnotes":""},"categories":[3,118],"tags":[951,447,587,1188,180,407,824,412,1140,264,796,239,523,1189,741,237,183],"global-categories":[1074],"class_list":["post-8603","post","type-post","status-publish","format-standard","has-post-thumbnail","hentry","category-mtb","category-zabava","tag-blato","tag-chodniky","tag-cyklochodnik","tag-cyklostopy","tag-horska-cyklistika","tag-korene","tag-les","tag-mtb","tag-prekazky","tag-prilba","tag-rychlost","tag-singletrail","tag-slovensko","tag-stara-lubovna","tag-tip-na-vylet","tag-trail","tag-zabava","global-categories-cycling"],"yoast_head":"<!-- This site is optimized with the Yoast SEO Premium plugin v25.3 (Yoast SEO v25.9) - https:\/\/yoast.com\/wordpress\/plugins\/seo\/ -->\n<title>Tip na v\u00fdlet: Par\u00e1dne traily na Cyklostopy v\u00a0Starej \u013dubovni - \u0160koda We Love Cycling Slovensko<\/title>\n<meta name=\"robots\" content=\"index, follow, max-snippet:-1, max-image-preview:large, max-video-preview:-1\" \/>\n<link rel=\"canonical\" href=\"https:\/\/www.welovecycling.com\/sk\/2019\/11\/08\/tip-na-vylet-paradne-traily-na-cyklostopy-v-starej-lubovni\/\" \/>\n<meta property=\"og:locale\" content=\"sk_SK\" \/>\n<meta property=\"og:type\" content=\"article\" \/>\n<meta property=\"og:title\" content=\"Tip na v\u00fdlet: Par\u00e1dne traily na Cyklostopy v\u00a0Starej \u013dubovni\" \/>\n<meta property=\"og:description\" content=\"Podtatransk\u00e1 pr\u00edroda, pokoj a\u00a0pohoda \u2013 pre mnoh\u00fdch z\u00a0n\u00e1s idylka. Av\u0161ak, \u010do ak sa k\u00a0tomu prid\u00e1 aj nieko\u013eko trailov, ktor\u00e9 svoj\u00edm [&hellip;]\" \/>\n<meta property=\"og:url\" content=\"https:\/\/www.welovecycling.com\/sk\/2019\/11\/08\/tip-na-vylet-paradne-traily-na-cyklostopy-v-starej-lubovni\/\" \/>\n<meta property=\"og:site_name\" content=\"\u0160koda We Love Cycling Slovensko\" \/>\n<meta property=\"article:published_time\" content=\"2019-11-08T09:20:54+00:00\" \/>\n<meta property=\"og:image\" content=\"https:\/\/d2p6e6u75xmxt8.cloudfront.net\/4\/2019\/11\/tip_vylet_00.webp\" \/>\n\t<meta property=\"og:image:width\" content=\"1380\" \/>\n\t<meta property=\"og:image:height\" content=\"600\" \/>\n\t<meta property=\"og:image:type\" content=\"image\/webp\" \/>\n<meta name=\"twitter:card\" content=\"summary_large_image\" \/>\n<meta name=\"twitter:label1\" content=\"Written by\" \/>\n\t<meta name=\"twitter:data1\" content=\"We Love Cycling\" \/>\n\t<meta name=\"twitter:label2\" content=\"Est. reading time\" \/>\n\t<meta name=\"twitter:data2\" content=\"5\" \/>\n<script type=\"application\/ld+json\" class=\"yoast-schema-graph\">{\"@context\":\"https:\/\/schema.org\",\"@graph\":[{\"@type\":\"WebPage\",\"@id\":\"https:\/\/www.welovecycling.com\/sk\/2019\/11\/08\/tip-na-vylet-paradne-traily-na-cyklostopy-v-starej-lubovni\/\",\"url\":\"https:\/\/www.welovecycling.com\/sk\/2019\/11\/08\/tip-na-vylet-paradne-traily-na-cyklostopy-v-starej-lubovni\/\",\"name\":\"Tip na v\u00fdlet: Par\u00e1dne traily na Cyklostopy v\u00a0Starej \u013dubovni - \u0160koda We Love Cycling Slovensko\",\"isPartOf\":{\"@id\":\"https:\/\/www.welovecycling.com\/sk\/#website\"},\"primaryImageOfPage\":{\"@id\":\"https:\/\/www.welovecycling.com\/sk\/2019\/11\/08\/tip-na-vylet-paradne-traily-na-cyklostopy-v-starej-lubovni\/#primaryimage\"},\"image\":{\"@id\":\"https:\/\/www.welovecycling.com\/sk\/2019\/11\/08\/tip-na-vylet-paradne-traily-na-cyklostopy-v-starej-lubovni\/#primaryimage\"},\"thumbnailUrl\":\"https:\/\/d2p6e6u75xmxt8.cloudfront.net\/4\/2019\/11\/tip_vylet_00.webp\",\"datePublished\":\"2019-11-08T09:20:54+00:00\",\"author\":{\"@id\":\"\"},\"breadcrumb\":{\"@id\":\"https:\/\/www.welovecycling.com\/sk\/2019\/11\/08\/tip-na-vylet-paradne-traily-na-cyklostopy-v-starej-lubovni\/#breadcrumb\"},\"inLanguage\":\"sk-SK\",\"potentialAction\":[{\"@type\":\"ReadAction\",\"target\":[\"https:\/\/www.welovecycling.com\/sk\/2019\/11\/08\/tip-na-vylet-paradne-traily-na-cyklostopy-v-starej-lubovni\/\"]}]},{\"@type\":\"ImageObject\",\"inLanguage\":\"sk-SK\",\"@id\":\"https:\/\/www.welovecycling.com\/sk\/2019\/11\/08\/tip-na-vylet-paradne-traily-na-cyklostopy-v-starej-lubovni\/#primaryimage\",\"url\":\"https:\/\/d2p6e6u75xmxt8.cloudfront.net\/4\/2019\/11\/tip_vylet_00.webp\",\"contentUrl\":\"https:\/\/d2p6e6u75xmxt8.cloudfront.net\/4\/2019\/11\/tip_vylet_00.webp\",\"width\":1380,\"height\":600},{\"@type\":\"BreadcrumbList\",\"@id\":\"https:\/\/www.welovecycling.com\/sk\/2019\/11\/08\/tip-na-vylet-paradne-traily-na-cyklostopy-v-starej-lubovni\/#breadcrumb\",\"itemListElement\":[{\"@type\":\"ListItem\",\"position\":1,\"name\":\"Home\",\"item\":\"https:\/\/www.welovecycling.com\/sk\/\"},{\"@type\":\"ListItem\",\"position\":2,\"name\":\"Tip na v\u00fdlet: Par\u00e1dne traily na Cyklostopy v\u00a0Starej \u013dubovni\"}]},{\"@type\":\"WebSite\",\"@id\":\"https:\/\/www.welovecycling.com\/sk\/#website\",\"url\":\"https:\/\/www.welovecycling.com\/sk\/\",\"name\":\"\u0160koda We Love Cycling Slovensko\",\"description\":\"\u0160koda We Love Cycling Slovensko je v\u00e1\u0161 ka\u017edodenn\u00fd zdroj noviniek a in\u0161pir\u00e1cie z sveta cyklistiky\",\"potentialAction\":[{\"@type\":\"SearchAction\",\"target\":{\"@type\":\"EntryPoint\",\"urlTemplate\":\"https:\/\/www.welovecycling.com\/sk\/?s={search_term_string}\"},\"query-input\":{\"@type\":\"PropertyValueSpecification\",\"valueRequired\":true,\"valueName\":\"search_term_string\"}}],\"inLanguage\":\"sk-SK\"},{\"@type\":\"Person\",\"@id\":\"\",\"url\":\"https:\/\/www.welovecycling.com\/sk\/author\/\"}]}<\/script>\n<!-- \/ Yoast SEO Premium plugin. -->","yoast_head_json":{"title":"Tip na v\u00fdlet: Par\u00e1dne traily na Cyklostopy v\u00a0Starej \u013dubovni - \u0160koda We Love Cycling Slovensko","robots":{"index":"index","follow":"follow","max-snippet":"max-snippet:-1","max-image-preview":"max-image-preview:large","max-video-preview":"max-video-preview:-1"},"canonical":"https:\/\/www.welovecycling.com\/sk\/2019\/11\/08\/tip-na-vylet-paradne-traily-na-cyklostopy-v-starej-lubovni\/","og_locale":"sk_SK","og_type":"article","og_title":"Tip na v\u00fdlet: Par\u00e1dne traily na Cyklostopy v\u00a0Starej \u013dubovni","og_description":"Podtatransk\u00e1 pr\u00edroda, pokoj a\u00a0pohoda \u2013 pre mnoh\u00fdch z\u00a0n\u00e1s idylka. Av\u0161ak, \u010do ak sa k\u00a0tomu prid\u00e1 aj nieko\u013eko trailov, ktor\u00e9 svoj\u00edm [&hellip;]","og_url":"https:\/\/www.welovecycling.com\/sk\/2019\/11\/08\/tip-na-vylet-paradne-traily-na-cyklostopy-v-starej-lubovni\/","og_site_name":"\u0160koda We Love Cycling Slovensko","article_published_time":"2019-11-08T09:20:54+00:00","og_image":[{"width":1380,"height":600,"url":"https:\/\/d2p6e6u75xmxt8.cloudfront.net\/4\/2019\/11\/tip_vylet_00.webp","type":"image\/webp"}],"twitter_card":"summary_large_image","twitter_misc":{"Written by":"We Love Cycling","Est. reading time":"5"},"schema":{"@context":"https:\/\/schema.org","@graph":[{"@type":"WebPage","@id":"https:\/\/www.welovecycling.com\/sk\/2019\/11\/08\/tip-na-vylet-paradne-traily-na-cyklostopy-v-starej-lubovni\/","url":"https:\/\/www.welovecycling.com\/sk\/2019\/11\/08\/tip-na-vylet-paradne-traily-na-cyklostopy-v-starej-lubovni\/","name":"Tip na v\u00fdlet: Par\u00e1dne traily na Cyklostopy v\u00a0Starej \u013dubovni - \u0160koda We Love Cycling Slovensko","isPartOf":{"@id":"https:\/\/www.welovecycling.com\/sk\/#website"},"primaryImageOfPage":{"@id":"https:\/\/www.welovecycling.com\/sk\/2019\/11\/08\/tip-na-vylet-paradne-traily-na-cyklostopy-v-starej-lubovni\/#primaryimage"},"image":{"@id":"https:\/\/www.welovecycling.com\/sk\/2019\/11\/08\/tip-na-vylet-paradne-traily-na-cyklostopy-v-starej-lubovni\/#primaryimage"},"thumbnailUrl":"https:\/\/d2p6e6u75xmxt8.cloudfront.net\/4\/2019\/11\/tip_vylet_00.webp","datePublished":"2019-11-08T09:20:54+00:00","author":{"@id":""},"breadcrumb":{"@id":"https:\/\/www.welovecycling.com\/sk\/2019\/11\/08\/tip-na-vylet-paradne-traily-na-cyklostopy-v-starej-lubovni\/#breadcrumb"},"inLanguage":"sk-SK","potentialAction":[{"@type":"ReadAction","target":["https:\/\/www.welovecycling.com\/sk\/2019\/11\/08\/tip-na-vylet-paradne-traily-na-cyklostopy-v-starej-lubovni\/"]}]},{"@type":"ImageObject","inLanguage":"sk-SK","@id":"https:\/\/www.welovecycling.com\/sk\/2019\/11\/08\/tip-na-vylet-paradne-traily-na-cyklostopy-v-starej-lubovni\/#primaryimage","url":"https:\/\/d2p6e6u75xmxt8.cloudfront.net\/4\/2019\/11\/tip_vylet_00.webp","contentUrl":"https:\/\/d2p6e6u75xmxt8.cloudfront.net\/4\/2019\/11\/tip_vylet_00.webp","width":1380,"height":600},{"@type":"BreadcrumbList","@id":"https:\/\/www.welovecycling.com\/sk\/2019\/11\/08\/tip-na-vylet-paradne-traily-na-cyklostopy-v-starej-lubovni\/#breadcrumb","itemListElement":[{"@type":"ListItem","position":1,"name":"Home","item":"https:\/\/www.welovecycling.com\/sk\/"},{"@type":"ListItem","position":2,"name":"Tip na v\u00fdlet: Par\u00e1dne traily na Cyklostopy v\u00a0Starej \u013dubovni"}]},{"@type":"WebSite","@id":"https:\/\/www.welovecycling.com\/sk\/#website","url":"https:\/\/www.welovecycling.com\/sk\/","name":"\u0160koda We Love Cycling Slovensko","description":"\u0160koda We Love Cycling Slovensko je v\u00e1\u0161 ka\u017edodenn\u00fd zdroj noviniek a in\u0161pir\u00e1cie z sveta cyklistiky","potentialAction":[{"@type":"SearchAction","target":{"@type":"EntryPoint","urlTemplate":"https:\/\/www.welovecycling.com\/sk\/?s={search_term_string}"},"query-input":{"@type":"PropertyValueSpecification","valueRequired":true,"valueName":"search_term_string"}}],"inLanguage":"sk-SK"},{"@type":"Person","@id":"","url":"https:\/\/www.welovecycling.com\/sk\/author\/"}]}},"_links":{"self":[{"href":"https:\/\/www.welovecycling.com\/sk\/wp-json\/wp\/v2\/posts\/8603","targetHints":{"allow":["GET"]}}],"collection":[{"href":"https:\/\/www.welovecycling.com\/sk\/wp-json\/wp\/v2\/posts"}],"about":[{"href":"https:\/\/www.welovecycling.com\/sk\/wp-json\/wp\/v2\/types\/post"}],"author":[{"embeddable":true,"href":"https:\/\/www.welovecycling.com\/sk\/wp-json\/wp\/v2\/users\/81"}],"replies":[{"embeddable":true,"href":"https:\/\/www.welovecycling.com\/sk\/wp-json\/wp\/v2\/comments?post=8603"}],"version-history":[{"count":2,"href":"https:\/\/www.welovecycling.com\/sk\/wp-json\/wp\/v2\/posts\/8603\/revisions"}],"predecessor-version":[{"id":8629,"href":"https:\/\/www.welovecycling.com\/sk\/wp-json\/wp\/v2\/posts\/8603\/revisions\/8629"}],"wp:featuredmedia":[{"embeddable":true,"href":"https:\/\/www.welovecycling.com\/sk\/wp-json\/wp\/v2\/media\/8621"}],"wp:attachment":[{"href":"https:\/\/www.welovecycling.com\/sk\/wp-json\/wp\/v2\/media?parent=8603"}],"wp:term":[{"taxonomy":"category","embeddable":true,"href":"https:\/\/www.welovecycling.com\/sk\/wp-json\/wp\/v2\/categories?post=8603"},{"taxonomy":"post_tag","embeddable":true,"href":"https:\/\/www.welovecycling.com\/sk\/wp-json\/wp\/v2\/tags?post=8603"},{"taxonomy":"global-categories","embeddable":true,"href":"https:\/\/www.welovecycling.com\/sk\/wp-json\/wp\/v2\/global-categories?post=8603"}],"curies":[{"name":"wp","href":"https:\/\/api.w.org\/{rel}","templated":true}]}}