{"id":8551,"date":"2019-11-06T16:34:52","date_gmt":"2019-11-06T15:34:52","guid":{"rendered":"https:\/\/www.welovecycling.com\/sk\/?p=8551"},"modified":"2019-11-06T17:13:07","modified_gmt":"2019-11-06T16:13:07","slug":"vyber-osvetlenia-na-co-si-dat-pozor","status":"publish","type":"post","link":"https:\/\/www.welovecycling.com\/sk\/2019\/11\/06\/vyber-osvetlenia-na-co-si-dat-pozor\/","title":{"rendered":"V\u00fdber osvetlenia &#8211; na \u010do si da\u0165 pozor"},"content":{"rendered":"<p><strong>V na\u0161ich zemepisn\u00fdch \u0161\u00edrkach je ve\u013emi obtia\u017ene vykon\u00e1va\u0165 cyklistiku celoro\u010dne. Hlavne na jese\u0148 a v zime n\u00e1m to komplikuj\u00fa chladnej\u0161ie a krat\u0161ie dni. No sez\u00f3nu by sme si mohli pred\u013a\u017ei\u0165 t\u00fdm, \u017ee do svojho jesenn\u00e9ho tr\u00e9ningu zarad\u00edme aj jazdu v \u010dase, ke\u010f sa zotmie. Toto jazdenie vy\u017eaduje vy\u0161\u0161iu n\u00e1ro\u010dnos\u0165 na va\u0161e sk\u00fasenosti a aj technick\u00e9 vybavenie. U\u017e len v\u00fdber svetla je samostatnou kapitolou. S bl\u00ed\u017eiacim sa koncom roka prich\u00e1dza \u010das si aj nejak\u00e9 k\u00fapi\u0165. Ale na \u010do si m\u00e1me d\u00e1va\u0165 pozor? Pod\u013ea ak\u00fdch krit\u00e9ri\u00ed si ich vybera\u0165? Tu je zop\u00e1r r\u00e1d, ako sa nestrati\u0165 v tomto segmente cyklistickej v\u00fdbavy a prid\u00e1me v\u00e1m aj nieko\u013eko pravidiel jazdenia za zn\u00ed\u017eenej vidite\u013enosti.<\/strong><!--more--><\/p>\n<h2><strong>Ko\u013eko svetiel potrebujeme?<\/strong><\/h2>\n<p>Pri v\u00fdbere si najsk\u00f4r mus\u00edme zodpoveda\u0165 ot\u00e1zku, ko\u013eko svetiel potrebujeme. <strong>Ide\u00e1lny po\u010det je 3.<\/strong> Mo\u017eno sa v\u00e1m to bude zda\u0165 ve\u013ea, ale je to najide\u00e1lnej\u0161ie \u010d\u00edslo. To predn\u00e9 na riadidl\u00e1ch sa star\u00e1 o to, aby ste mali osvetlen\u00fd priestor pred va\u0161\u00edm bicyklom. Svetlo upevnen\u00e9 na va\u0161ej prilbe zasa pom\u00f4\u017ee zvidite\u013eni\u0165 ten smer, kam sa moment\u00e1lne pozer\u00e1te. To znamen\u00e1, \u017ee touto <strong>dvojkombin\u00e1ciou<\/strong> budete ma\u0165 neust\u00e1le vidite\u013en\u00fd priestor pred predn\u00fdm kolesom a z\u00e1rove\u0148 aj smer, kam m\u00e1te nasmerovan\u00fd poh\u013ead. Do tretice je <strong>vhodn\u00e9 ma\u0165 svietenie aj vzadu<\/strong>. V ter\u00e9ne a v lese nie je ve\u013emi potrebn\u00e9, ale k\u00fdm sa dostaneme na nejak\u00fa zv\u00e1\u017enicu, tak sa mus\u00edme pravdepodobne pres\u00fava\u0165 po ceste a \u010derven\u00e1 farba vzadu upozorn\u00ed v\u0161etk\u00fdch vodi\u010dov na to, \u017ee pred nimi sa pohybuje cyklista.<\/p>\n<p><a href=\"https:\/\/d2p6e6u75xmxt8.cloudfront.net\/4\/2019\/11\/svetla_01.jpg\"><img loading=\"lazy\" decoding=\"async\" src=\"https:\/\/d2p6e6u75xmxt8.cloudfront.net\/4\/2019\/11\/svetla_01.jpg\" alt=\"\" width=\"1200\" height=\"800\" class=\"alignnone size-full wp-image-8554\" \/><\/a><\/p>\n<h2><strong>Lumeny<\/strong><\/h2>\n<p>Toto \u010darovn\u00e9 slov\u00ed\u010dko mo\u017eno nepoznaj\u00fa v\u0161etci z n\u00e1s. Je to jednotka sveteln\u00e9ho toku a v podstate n\u00e1m ozna\u010duje, <strong>ak\u00e9 siln\u00e9 je svetlo<\/strong>. Teda \u010d\u00edm viac lumenov m\u00e1me, t\u00fdm lep\u0161ie osvietime priestor pred nami. Zariadenia <strong>od 500 lumenov s\u00fa vhodn\u00e9 pre be\u017en\u00e9 jazdenie<\/strong> po\u010das stmievania a noci. Ak to dopln\u00edte \u010fal\u0161\u00edm podobn\u00fdm na prilbe, tak v\u00e1m vznikne ide\u00e1lna kombin\u00e1cia a sila svietenia. Pozor by ste si mali da\u0165 hlavne na nekvalitn\u00e9 verzie, ktor\u00e9 garantuj\u00fa ur\u010dit\u00fd po\u010det lumenov, no v skuto\u010dnosti nedosiahnu ani polovicu. V tomto pr\u00edpade je v\u017edy ove\u013ea lep\u0161ie <strong>stavi\u0165 na istotu<\/strong>, ako sa nesk\u00f4r vraca\u0165 z v\u00fdjazdu znechuten\u00fd, \u017ee ste tam ni\u010d nevideli, hoci ste mali svetlo.<\/p>\n<p><a href=\"https:\/\/d2p6e6u75xmxt8.cloudfront.net\/4\/2019\/11\/svetla_02.jpg\"><img loading=\"lazy\" decoding=\"async\" src=\"https:\/\/d2p6e6u75xmxt8.cloudfront.net\/4\/2019\/11\/svetla_02.jpg\" alt=\"\" width=\"1200\" height=\"800\" class=\"alignnone size-full wp-image-8555\" \/><\/a><\/p>\n<h2><strong>V\u00fddr\u017e a bat\u00e9ria<\/strong><\/h2>\n<p>\u010eal\u0161ie vlastnosti, ktor\u00e9 by sme mali pri k\u00fape sledova\u0165 je v\u00fddr\u017e bat\u00e9rie. Najpodstatnej\u0161ie je, aby dok\u00e1zalo <strong>vydr\u017ea\u0165 svieti\u0165 minim\u00e1lne jeden v\u00fdjazd<\/strong>, ide\u00e1lne samozrejme dlh\u0161ie. So svetlom jazd\u00edme \u010dasto v hor\u0161om po\u010das\u00ed, a preto je d\u00f4le\u017eit\u00e9 si otestova\u0165 v\u00fddr\u017e bat\u00e9rie v tak\u00fdchto podmienkach. Op\u00e4\u0165 je lep\u0161ie stavi\u0165 na kvalitu, <strong>k\u00fapi\u0165 si kvalitnej\u0161\u00ed k\u00fasok<\/strong>, ktor\u00fd vydr\u017e\u00ed svieti\u0165 v rovnakej intenzite tak, ako to garantuj\u00fa na obale zariadenia.<\/p>\n<p><a href=\"https:\/\/d2p6e6u75xmxt8.cloudfront.net\/4\/2019\/11\/svetla_03.jpg\"><img loading=\"lazy\" decoding=\"async\" src=\"https:\/\/d2p6e6u75xmxt8.cloudfront.net\/4\/2019\/11\/svetla_03.jpg\" alt=\"\" width=\"1200\" height=\"800\" class=\"alignnone size-full wp-image-8556\" \/><\/a><\/p>\n<h2><strong>Kon\u0161trukcia<\/strong><\/h2>\n<p>V oblasti kon\u0161trukcie sledujeme hlavne vodeodolnos\u0165 a umiestnenie bat\u00e9rie. Tie m\u00f4\u017eu by\u0165 v samotnom zariaden\u00ed a st\u00e1va sa z nich ve\u013emi praktick\u00e1 a smart v\u00fdbava. In\u00e9 svetl\u00e1 maj\u00fa extern\u00fd zdroj energie, ktor\u00fd si m\u00f4\u017eete pripn\u00fa\u0165 na r\u00e1mov\u00fa trubku. T\u00fdmto z\u00edskate dlh\u0161iu v\u00fddr\u017e, no na druhej strane sa budete musie\u0165 zmieri\u0165 s k\u00e1blami a bat\u00e9riami pripevnen\u00fdmi na bicykli. Ako sme spom\u00ednali <strong>k\u013e\u00fa\u010dov\u00e1 je aj vodeodolnos\u0165<\/strong>. Zariadenie by nemalo ma\u0165 probl\u00e9m s preh\u00e1nkou alebo vodou, ktor\u00e1 na\u0148ho bude kvapka\u0165 po\u010das va\u0161ej jazdy.<\/p>\n<p><a href=\"https:\/\/d2p6e6u75xmxt8.cloudfront.net\/4\/2019\/11\/svetla_04.jpg\"><img loading=\"lazy\" decoding=\"async\" src=\"https:\/\/d2p6e6u75xmxt8.cloudfront.net\/4\/2019\/11\/svetla_04.jpg\" alt=\"\" width=\"1200\" height=\"800\" class=\"alignnone size-full wp-image-8557\" \/><\/a><\/p>\n<h2><strong>Re\u017eimy svietenia<\/strong><\/h2>\n<p>Poriadne svetlo by malo disponova\u0165 viacer\u00fdmi re\u017eimami svietenia. To znamen\u00e1, \u017ee okrem pln\u00e9ho v\u00fdkonu by ste mali vedie\u0165 aj <strong>regulova\u0165 intenzitu svietenia<\/strong>. To vyu\u017e\u00edvate vtedy, ak nie je \u00faplne tma alebo oproti v\u00e1m ide chodec, pr\u00edpadne in\u00fd cyklista. Vzadu pov\u00e4\u010d\u0161ine disponuj\u00fa r\u00f4znymi re\u017eimami blikania a svietenia. V\u010faka nim si v\u00e1s vodi\u010di \u00e1ut v\u0161imn\u00fa sk\u00f4r.<\/p>\n<p><a href=\"https:\/\/d2p6e6u75xmxt8.cloudfront.net\/4\/2019\/11\/svetla_05.jpg\"><img loading=\"lazy\" decoding=\"async\" src=\"https:\/\/d2p6e6u75xmxt8.cloudfront.net\/4\/2019\/11\/svetla_05.jpg\" alt=\"\" width=\"1200\" height=\"800\" class=\"alignnone size-full wp-image-8558\" \/><\/a><\/p>\n<h2><strong>\u010caro jazdenia po tme<\/strong><\/h2>\n<p>Jazdenie v noci v\u00e1m m\u00f4\u017ee prinies\u0165 pocity, ktor\u00e9 ste doteraz neza\u017eili. No je potrebn\u00e9 si pri tomto druhu jazdenia d\u00e1va\u0165 pozor. D\u00f4le\u017eit\u00e9 je by\u0165 dostato\u010dne osvetlen\u00fd a nezab\u00fada\u0165 aj na to, <strong>aby ste poriadne videli na cestu<\/strong>, ktor\u00fa chcete zdola\u0165. Vyberajte si trasy, ktor\u00e9 pozn\u00e1te, nepl\u00e1nujte pr\u00edli\u0161 dlh\u00e9 tr\u00e9ningy a neprece\u0148ujte svoje sily. Nezab\u00fadajte ubra\u0165 z intenzity svietenia, ak oproti v\u00e1m id\u00fa in\u00ed chodci \u010di cyklisti. Je dobr\u00e9, ak n\u00e1s bud\u00fa vidie\u0165 aj ostatn\u00ed, nielen my ich. Tak sa v\u0161etci <strong>bez ujmy dostaneme do svojho cie\u013ea<\/strong>. Ak teda chcete sk\u00fasi\u0165 jazdu po tme, <strong>tak nezab\u00fadajte na spr\u00e1vne svietenie<\/strong>. Teraz n\u00e1m u\u017e len sta\u010d\u00ed nav\u0161t\u00edvi\u0165 nejak\u00fd obchod, k\u00fapi\u0165 svetl\u00e1 a vyrazi\u0165.<\/p>\n<p>(zdroj fotografi\u00ed: Pixabay.com)<\/p>\n","protected":false},"excerpt":{"rendered":"<p>V na\u0161ich zemepisn\u00fdch \u0161\u00edrkach je ve\u013emi obtia\u017ene vykon\u00e1va\u0165 cyklistiku celoro\u010dne. Hlavne na jese\u0148 a v zime n\u00e1m to komplikuj\u00fa chladnej\u0161ie [&hellip;]<\/p>\n","protected":false},"author":81,"featured_media":8561,"comment_status":"open","ping_status":"open","sticky":false,"template":"","format":"standard","meta":{"footnotes":""},"categories":[57],"tags":[693,62,275,115,487,180,902,1100,532,683,265,681,55,675,318],"global-categories":[1074],"class_list":["post-8551","post","type-post","status-publish","format-standard","has-post-thumbnail","hentry","category-bezpecnost","tag-bateria","tag-bezpecnost","tag-cesta","tag-cestna-cyklistika","tag-cestny-bicykel","tag-horska-cyklistika","tag-horsky-bicykel","tag-intenzita","tag-jazdenie","tag-noc","tag-svetlo","tag-tma","tag-trening","tag-vydrz","tag-vyjazd","global-categories-cycling"],"yoast_head":"<!-- This site is optimized with the Yoast SEO Premium plugin v25.3 (Yoast SEO v25.9) - https:\/\/yoast.com\/wordpress\/plugins\/seo\/ -->\n<title>V\u00fdber osvetlenia - na \u010do si da\u0165 pozor - \u0160koda We Love Cycling Slovensko<\/title>\n<meta name=\"robots\" content=\"index, follow, max-snippet:-1, max-image-preview:large, max-video-preview:-1\" \/>\n<link rel=\"canonical\" href=\"https:\/\/www.welovecycling.com\/sk\/2019\/11\/06\/vyber-osvetlenia-na-co-si-dat-pozor\/\" \/>\n<meta property=\"og:locale\" content=\"sk_SK\" \/>\n<meta property=\"og:type\" content=\"article\" \/>\n<meta property=\"og:title\" content=\"V\u00fdber osvetlenia - na \u010do si da\u0165 pozor\" \/>\n<meta property=\"og:description\" content=\"V na\u0161ich zemepisn\u00fdch \u0161\u00edrkach je ve\u013emi obtia\u017ene vykon\u00e1va\u0165 cyklistiku celoro\u010dne. Hlavne na jese\u0148 a v zime n\u00e1m to komplikuj\u00fa chladnej\u0161ie [&hellip;]\" \/>\n<meta property=\"og:url\" content=\"https:\/\/www.welovecycling.com\/sk\/2019\/11\/06\/vyber-osvetlenia-na-co-si-dat-pozor\/\" \/>\n<meta property=\"og:site_name\" content=\"\u0160koda We Love Cycling Slovensko\" \/>\n<meta property=\"article:published_time\" content=\"2019-11-06T15:34:52+00:00\" \/>\n<meta property=\"article:modified_time\" content=\"2019-11-06T16:13:07+00:00\" \/>\n<meta property=\"og:image\" content=\"https:\/\/d2p6e6u75xmxt8.cloudfront.net\/4\/2019\/11\/svetla_titulka-1.webp\" \/>\n\t<meta property=\"og:image:width\" content=\"1380\" \/>\n\t<meta property=\"og:image:height\" content=\"600\" \/>\n\t<meta property=\"og:image:type\" content=\"image\/webp\" \/>\n<meta name=\"twitter:card\" content=\"summary_large_image\" \/>\n<meta name=\"twitter:label1\" content=\"Written by\" \/>\n\t<meta name=\"twitter:data1\" content=\"\" \/>\n\t<meta name=\"twitter:label2\" content=\"Est. reading time\" \/>\n\t<meta name=\"twitter:data2\" content=\"4\" \/>\n<script type=\"application\/ld+json\" class=\"yoast-schema-graph\">{\"@context\":\"https:\/\/schema.org\",\"@graph\":[{\"@type\":\"WebPage\",\"@id\":\"https:\/\/www.welovecycling.com\/sk\/2019\/11\/06\/vyber-osvetlenia-na-co-si-dat-pozor\/\",\"url\":\"https:\/\/www.welovecycling.com\/sk\/2019\/11\/06\/vyber-osvetlenia-na-co-si-dat-pozor\/\",\"name\":\"V\u00fdber osvetlenia - na \u010do si da\u0165 pozor - \u0160koda We Love Cycling Slovensko\",\"isPartOf\":{\"@id\":\"https:\/\/www.welovecycling.com\/sk\/#website\"},\"primaryImageOfPage\":{\"@id\":\"https:\/\/www.welovecycling.com\/sk\/2019\/11\/06\/vyber-osvetlenia-na-co-si-dat-pozor\/#primaryimage\"},\"image\":{\"@id\":\"https:\/\/www.welovecycling.com\/sk\/2019\/11\/06\/vyber-osvetlenia-na-co-si-dat-pozor\/#primaryimage\"},\"thumbnailUrl\":\"https:\/\/d2p6e6u75xmxt8.cloudfront.net\/4\/2019\/11\/svetla_titulka-1.webp\",\"datePublished\":\"2019-11-06T15:34:52+00:00\",\"dateModified\":\"2019-11-06T16:13:07+00:00\",\"author\":{\"@id\":\"\"},\"breadcrumb\":{\"@id\":\"https:\/\/www.welovecycling.com\/sk\/2019\/11\/06\/vyber-osvetlenia-na-co-si-dat-pozor\/#breadcrumb\"},\"inLanguage\":\"sk-SK\",\"potentialAction\":[{\"@type\":\"ReadAction\",\"target\":[\"https:\/\/www.welovecycling.com\/sk\/2019\/11\/06\/vyber-osvetlenia-na-co-si-dat-pozor\/\"]}]},{\"@type\":\"ImageObject\",\"inLanguage\":\"sk-SK\",\"@id\":\"https:\/\/www.welovecycling.com\/sk\/2019\/11\/06\/vyber-osvetlenia-na-co-si-dat-pozor\/#primaryimage\",\"url\":\"https:\/\/d2p6e6u75xmxt8.cloudfront.net\/4\/2019\/11\/svetla_titulka-1.webp\",\"contentUrl\":\"https:\/\/d2p6e6u75xmxt8.cloudfront.net\/4\/2019\/11\/svetla_titulka-1.webp\",\"width\":1380,\"height\":600},{\"@type\":\"BreadcrumbList\",\"@id\":\"https:\/\/www.welovecycling.com\/sk\/2019\/11\/06\/vyber-osvetlenia-na-co-si-dat-pozor\/#breadcrumb\",\"itemListElement\":[{\"@type\":\"ListItem\",\"position\":1,\"name\":\"Home\",\"item\":\"https:\/\/www.welovecycling.com\/sk\/\"},{\"@type\":\"ListItem\",\"position\":2,\"name\":\"V\u00fdber osvetlenia &#8211; na \u010do si da\u0165 pozor\"}]},{\"@type\":\"WebSite\",\"@id\":\"https:\/\/www.welovecycling.com\/sk\/#website\",\"url\":\"https:\/\/www.welovecycling.com\/sk\/\",\"name\":\"\u0160koda We Love Cycling Slovensko\",\"description\":\"\u0160koda We Love Cycling Slovensko je v\u00e1\u0161 ka\u017edodenn\u00fd zdroj noviniek a in\u0161pir\u00e1cie z sveta cyklistiky\",\"potentialAction\":[{\"@type\":\"SearchAction\",\"target\":{\"@type\":\"EntryPoint\",\"urlTemplate\":\"https:\/\/www.welovecycling.com\/sk\/?s={search_term_string}\"},\"query-input\":{\"@type\":\"PropertyValueSpecification\",\"valueRequired\":true,\"valueName\":\"search_term_string\"}}],\"inLanguage\":\"sk-SK\"},{\"@type\":\"Person\",\"@id\":\"\",\"url\":\"https:\/\/www.welovecycling.com\/sk\/author\/\"}]}<\/script>\n<!-- \/ Yoast SEO Premium plugin. -->","yoast_head_json":{"title":"V\u00fdber osvetlenia - na \u010do si da\u0165 pozor - \u0160koda We Love Cycling Slovensko","robots":{"index":"index","follow":"follow","max-snippet":"max-snippet:-1","max-image-preview":"max-image-preview:large","max-video-preview":"max-video-preview:-1"},"canonical":"https:\/\/www.welovecycling.com\/sk\/2019\/11\/06\/vyber-osvetlenia-na-co-si-dat-pozor\/","og_locale":"sk_SK","og_type":"article","og_title":"V\u00fdber osvetlenia - na \u010do si da\u0165 pozor","og_description":"V na\u0161ich zemepisn\u00fdch \u0161\u00edrkach je ve\u013emi obtia\u017ene vykon\u00e1va\u0165 cyklistiku celoro\u010dne. Hlavne na jese\u0148 a v zime n\u00e1m to komplikuj\u00fa chladnej\u0161ie [&hellip;]","og_url":"https:\/\/www.welovecycling.com\/sk\/2019\/11\/06\/vyber-osvetlenia-na-co-si-dat-pozor\/","og_site_name":"\u0160koda We Love Cycling Slovensko","article_published_time":"2019-11-06T15:34:52+00:00","article_modified_time":"2019-11-06T16:13:07+00:00","og_image":[{"width":1380,"height":600,"url":"https:\/\/d2p6e6u75xmxt8.cloudfront.net\/4\/2019\/11\/svetla_titulka-1.webp","type":"image\/webp"}],"twitter_card":"summary_large_image","twitter_misc":{"Written by":"","Est. reading time":"4"},"schema":{"@context":"https:\/\/schema.org","@graph":[{"@type":"WebPage","@id":"https:\/\/www.welovecycling.com\/sk\/2019\/11\/06\/vyber-osvetlenia-na-co-si-dat-pozor\/","url":"https:\/\/www.welovecycling.com\/sk\/2019\/11\/06\/vyber-osvetlenia-na-co-si-dat-pozor\/","name":"V\u00fdber osvetlenia - na \u010do si da\u0165 pozor - \u0160koda We Love Cycling Slovensko","isPartOf":{"@id":"https:\/\/www.welovecycling.com\/sk\/#website"},"primaryImageOfPage":{"@id":"https:\/\/www.welovecycling.com\/sk\/2019\/11\/06\/vyber-osvetlenia-na-co-si-dat-pozor\/#primaryimage"},"image":{"@id":"https:\/\/www.welovecycling.com\/sk\/2019\/11\/06\/vyber-osvetlenia-na-co-si-dat-pozor\/#primaryimage"},"thumbnailUrl":"https:\/\/d2p6e6u75xmxt8.cloudfront.net\/4\/2019\/11\/svetla_titulka-1.webp","datePublished":"2019-11-06T15:34:52+00:00","dateModified":"2019-11-06T16:13:07+00:00","author":{"@id":""},"breadcrumb":{"@id":"https:\/\/www.welovecycling.com\/sk\/2019\/11\/06\/vyber-osvetlenia-na-co-si-dat-pozor\/#breadcrumb"},"inLanguage":"sk-SK","potentialAction":[{"@type":"ReadAction","target":["https:\/\/www.welovecycling.com\/sk\/2019\/11\/06\/vyber-osvetlenia-na-co-si-dat-pozor\/"]}]},{"@type":"ImageObject","inLanguage":"sk-SK","@id":"https:\/\/www.welovecycling.com\/sk\/2019\/11\/06\/vyber-osvetlenia-na-co-si-dat-pozor\/#primaryimage","url":"https:\/\/d2p6e6u75xmxt8.cloudfront.net\/4\/2019\/11\/svetla_titulka-1.webp","contentUrl":"https:\/\/d2p6e6u75xmxt8.cloudfront.net\/4\/2019\/11\/svetla_titulka-1.webp","width":1380,"height":600},{"@type":"BreadcrumbList","@id":"https:\/\/www.welovecycling.com\/sk\/2019\/11\/06\/vyber-osvetlenia-na-co-si-dat-pozor\/#breadcrumb","itemListElement":[{"@type":"ListItem","position":1,"name":"Home","item":"https:\/\/www.welovecycling.com\/sk\/"},{"@type":"ListItem","position":2,"name":"V\u00fdber osvetlenia &#8211; na \u010do si da\u0165 pozor"}]},{"@type":"WebSite","@id":"https:\/\/www.welovecycling.com\/sk\/#website","url":"https:\/\/www.welovecycling.com\/sk\/","name":"\u0160koda We Love Cycling Slovensko","description":"\u0160koda We Love Cycling Slovensko je v\u00e1\u0161 ka\u017edodenn\u00fd zdroj noviniek a in\u0161pir\u00e1cie z sveta cyklistiky","potentialAction":[{"@type":"SearchAction","target":{"@type":"EntryPoint","urlTemplate":"https:\/\/www.welovecycling.com\/sk\/?s={search_term_string}"},"query-input":{"@type":"PropertyValueSpecification","valueRequired":true,"valueName":"search_term_string"}}],"inLanguage":"sk-SK"},{"@type":"Person","@id":"","url":"https:\/\/www.welovecycling.com\/sk\/author\/"}]}},"_links":{"self":[{"href":"https:\/\/www.welovecycling.com\/sk\/wp-json\/wp\/v2\/posts\/8551","targetHints":{"allow":["GET"]}}],"collection":[{"href":"https:\/\/www.welovecycling.com\/sk\/wp-json\/wp\/v2\/posts"}],"about":[{"href":"https:\/\/www.welovecycling.com\/sk\/wp-json\/wp\/v2\/types\/post"}],"author":[{"embeddable":true,"href":"https:\/\/www.welovecycling.com\/sk\/wp-json\/wp\/v2\/users\/81"}],"replies":[{"embeddable":true,"href":"https:\/\/www.welovecycling.com\/sk\/wp-json\/wp\/v2\/comments?post=8551"}],"version-history":[{"count":2,"href":"https:\/\/www.welovecycling.com\/sk\/wp-json\/wp\/v2\/posts\/8551\/revisions"}],"predecessor-version":[{"id":8600,"href":"https:\/\/www.welovecycling.com\/sk\/wp-json\/wp\/v2\/posts\/8551\/revisions\/8600"}],"wp:featuredmedia":[{"embeddable":true,"href":"https:\/\/www.welovecycling.com\/sk\/wp-json\/wp\/v2\/media\/8561"}],"wp:attachment":[{"href":"https:\/\/www.welovecycling.com\/sk\/wp-json\/wp\/v2\/media?parent=8551"}],"wp:term":[{"taxonomy":"category","embeddable":true,"href":"https:\/\/www.welovecycling.com\/sk\/wp-json\/wp\/v2\/categories?post=8551"},{"taxonomy":"post_tag","embeddable":true,"href":"https:\/\/www.welovecycling.com\/sk\/wp-json\/wp\/v2\/tags?post=8551"},{"taxonomy":"global-categories","embeddable":true,"href":"https:\/\/www.welovecycling.com\/sk\/wp-json\/wp\/v2\/global-categories?post=8551"}],"curies":[{"name":"wp","href":"https:\/\/api.w.org\/{rel}","templated":true}]}}