{"id":8511,"date":"2019-10-31T10:09:36","date_gmt":"2019-10-31T09:09:36","guid":{"rendered":"https:\/\/www.welovecycling.com\/sk\/?p=8511"},"modified":"2019-10-30T14:00:41","modified_gmt":"2019-10-30T13:00:41","slug":"mesacna-desiatka-cyklistika-sa-veru-nekonci","status":"publish","type":"post","link":"https:\/\/www.welovecycling.com\/sk\/2019\/10\/31\/mesacna-desiatka-cyklistika-sa-veru-nekonci\/","title":{"rendered":"Mesa\u010dn\u00e1 desiatka \u2013 cyklistika sa veru nekon\u010d\u00ed"},"content":{"rendered":"<p><strong>Ani v\u00a0okt\u00f3bri sme neboli ukr\u00e1ten\u00ed o\u00a0zauj\u00edmavosti zo sveta dvoch kolies. Okrem nov\u00fdch odhalen\u00ed, nad\u013eudsk\u00fdch v\u00fdkonov a\u00a0nev\u0161edn\u00fdch k\u00faskov, sme sa pote\u0161ili aj zmen\u00e1m v\u00a0profi pelot\u00f3ne. Po\u010fme sa na desiatku z\u00a0nich hne\u010f pozrie\u0165.<\/strong><!--more--><\/p>\n<h2><strong>Red Bull Rampage nesklamal<\/strong><\/h2>\n<p>Sn\u00e1\u010f najextr\u00e9mnej\u0161ie preteky horsk\u00fdch bicyklov, ak hovor\u00edme o\u00a0zjazde, sa op\u00e4\u0165 aj tento rok konali v\u00a0povestnom Utahu. Hora, ktor\u00e1 je doslovne posiata najr\u00f4znej\u0161\u00edmi chodn\u00edkmi, alebo sk\u00f4r desiatky metrov vysok\u00fdmi skokmi, hostila cyklistick\u00fa elitu. V\u00ed\u0165azom sa stal u\u017e po tret\u00edkr\u00e1t B. Semenuk, legenda tohto \u0161portu, ke\u010f predviedol nieko\u013eko dychber\u00facich k\u00faskov v\u00a0krajne exponovanom ter\u00e9ne. Av\u0161ak niektor\u00ed sa nestoto\u017e\u0148uj\u00fa s\u00a0<strong>hodnoten\u00edm rozhodcov \u2013 nie\u017eeby bola Semenukova jazda nezauj\u00edmav\u00e1<\/strong>, ale predstavovala sk\u00f4r slope-style ne\u017e freeride, ktor\u00fd bol srdcom Rampage.<\/p>\n<lite-youtube videoid=9-rL463HPQA params=\"enablejsapi=1\" style=\"background-image: url('https:\/\/i.ytimg.com\/vi_webp\/9-rL463HPQA\/maxresdefault.webp');\"><\/lite-youtube>\n<h2><strong>Posledn\u00e1 klasika, Lombardia, v\u00ed\u0165azne pre Mollemu<\/strong><\/h2>\n<p>B. Mollema, dlhoro\u010dn\u00fd l\u00edder viacer\u00fdch t\u00edmov, ktor\u00fd v\u0161ak nikdy nemal to \u0161\u0165astie umiestni\u0165 sa na stupni v\u00ed\u0165azov v\u00a0najv\u00e4\u010d\u0161\u00edch Grand Tours, si aspo\u0148 v\u00a0tejto sez\u00f3ne zasl\u00fa\u017eil symbolick\u00fa n\u00e1plas\u0165 za jeho \u00fasilie. S\u00a0n\u00e1skokom nieko\u013ek\u00fdch desiatok sek\u00fand, ktor\u00fd si Bauke priv\u00e1\u017eal do posledn\u00fdch desiatich kilometrov, dok\u00e1zal vzdorova\u0165 aj Rogli\u010dovi, Valverdemu a\u00a0in\u00fdm elitn\u00fdm jazdcom. Bolo to jeho <strong>prv\u00e9 s\u00f3lov\u00e9 v\u00ed\u0165azstvo v\u00a0tejto sez\u00f3ne<\/strong>.<\/p>\n<lite-youtube videoid=k9YZJ-emHYk params=\"enablejsapi=1\" style=\"background-image: url('https:\/\/i.ytimg.com\/vi_webp\/k9YZJ-emHYk\/maxresdefault.webp');\"><\/lite-youtube>\n<h2><strong>Desiatky prestupov v\u00a0kateg\u00f3rii World Tour okorenia nasleduj\u00facu sez\u00f3nu<\/strong><\/h2>\n<p>Pr\u00e1ve v\u00a0tejto \u010dasti roka sa zverej\u0148uj\u00fa u\u017e potvrden\u00e9 inform\u00e1cie o\u00a0prestupoch jednotliv\u00fdch jazdcov do in\u00fdch celkov. Napr\u00edklad tak\u00fd <strong>M. Cavendish<\/strong>, ktor\u00fd v\u00a0posledn\u00fdch rokoch skuto\u010dne v\u00fdsledkovo stagnoval, sk\u00fa\u0161a \u0161\u0165astie v\u00a0t\u00edme <strong>Bahrain Merida<\/strong>. Naopak, s\u00a0t\u00fdmto t\u00edmom sa l\u00fa\u010dia bratia <strong>Nibaliovci<\/strong>, ktor\u00ed <strong>prestupuj\u00fa do Trek-Segafredo<\/strong>. Bahrain posiln\u00ed aj M. Landa, pro-kontinent\u00e1lny Cofidis vo ve\u013ekej miere posiln\u00ed E. Viviani. V\u00ed\u0165az tohtoro\u010dn\u00e9ho Gira, <strong>R. Carapaz<\/strong>, <strong>odch\u00e1dza z\u00a0Movistaru do INEOS-u<\/strong>, \u010d\u00edm posiln\u00ed u\u017e tak siln\u00fd celok. Z\u00a0Movistaru odch\u00e1dza aj <strong>N. Quintana<\/strong>, a\u00a0to <strong>do pro-kontinent\u00e1lneho Arkea Samsic<\/strong>. Slov\u00e1ci ost\u00e1vaj\u00fa na svojich postoch. Aspo\u0148 pre rok 2020.<\/p>\n<p><a href=\"https:\/\/d2p6e6u75xmxt8.cloudfront.net\/4\/2019\/10\/01-3.jpg\"><img loading=\"lazy\" decoding=\"async\" src=\"https:\/\/d2p6e6u75xmxt8.cloudfront.net\/4\/2019\/10\/01-3.jpg\" alt=\"\" width=\"1200\" height=\"800\" class=\"alignnone size-full wp-image-8521\" \/><\/a><\/p>\n<h2><strong>\u0160tatistika tohto roku z\u00a0procyclingstats.com<\/strong><\/h2>\n<p>Preh\u013eadn\u00fd sum\u00e1r tejto sez\u00f3ny pon\u00faka port\u00e1l procyclingstats.com, ktor\u00fd je domovom v\u00fdsledkov cestnej cyklistiky. Tak napr\u00edklad a\u017e 16 percent jazdcov utrpelo v\u00a0tomto roku aspo\u0148 jedno zranenie. <strong>Najlep\u0161\u00edm t\u00edmom<\/strong> v\u00a0po\u010dte individu\u00e1lnych v\u00ed\u0165azstiev je <strong>Deceuninck-Quick Step<\/strong> \u2013 a\u017e 15 jazdcov z\u00a0ich radov vyhralo. Ak hovor\u00edme o\u00a0\u00fanikoch, tak kr\u00e1\u013eom tohto roku je R. Cavanga, ktor\u00fd na \u201ekalifornii\u201c vyhral o\u00a07:11 min. Pou\u010dn\u00fdm faktom je dozaista aj skuto\u010dnos\u0165, \u017ee T. Sprengers skon\u010dil a\u017e osemkr\u00e1t na 24. mieste!<\/p>\n<h2><strong>BORA-hansgrohe si pripravuje nev\u0161edn\u00fa taktiku na v\u00ed\u0165azenie<\/strong><\/h2>\n<p>V\u00a0pos\u00e9zonnom oddychu alebo sk\u00f4r s\u00fastreden\u00ed, ktor\u00e9 m\u00e1 upevni\u0165 vz\u0165ahy naprie\u010d t\u00edmom, si jazdci t\u00edmu BORA-hansgrohe vysk\u00fa\u0161ali menej obvykl\u00e9 aktivity. V\u00a0tomto zmysle i\u0161lo o\u00a0<strong>stre\u013ebu z\u00a0luku, h\u00e1dzanie sekerou na cie\u013e alebo aj sk\u00e1kanie vo vreci<\/strong>. Pod\u013ea v\u00fdrazov jednotliv\u00fdch pretek\u00e1rov m\u00f4\u017eeme usudzova\u0165, \u017ee ich to veru bavilo. Tak h\u00e1dam tieto taktiky nebud\u00fa praktizova\u0165 aj po\u010das bud\u00facej sez\u00f3ny. Av\u0161ak, pre\u010do by aj?<\/p>\n<p><a href=\"https:\/\/d2p6e6u75xmxt8.cloudfront.net\/4\/2019\/10\/02-3.jpg\"><img loading=\"lazy\" decoding=\"async\" src=\"https:\/\/d2p6e6u75xmxt8.cloudfront.net\/4\/2019\/10\/02-3.jpg\" alt=\"\" width=\"1200\" height=\"800\" class=\"alignnone size-full wp-image-8522\" \/><\/a><\/p>\n<h2><strong>Peter Sagan po prv\u00fdkr\u00e1t na Gire<\/strong><\/h2>\n<p>Na prvom a\u00a0pre niekoho aj najkraj\u0161om trojt\u00fd\u017ed\u0148ovom etap\u00e1ku sez\u00f3ny, Gire, sa <strong>bud\u00faci rok objav\u00ed aj Peter Sagan<\/strong>. V\u00a0historick\u00fdch \u0161tatistik\u00e1ch to bude jeho debutov\u00e9 predstavenie. Aj ke\u010f to znie mo\u017eno prekvapivo, Sagan sa po\u010das svojej desa\u0165ro\u010dnej kari\u00e9ry z\u00fa\u010dastnil a\u017e 12 Grand Tours, av\u0161ak \u017eiadna z\u00a0nich nebola Girom. Presne povedan\u00e9, i\u0161lo o\u00a04 \u0161tarty na Vuelte a\u00a08 \u0161tartov na Tour de France. Tri z\u00a0t\u00fdchto \u00fa\u010dast\u00ed ukon\u010dil e\u0161te pred dojazdom v\u00a021. etape. D\u00fafame, \u017ee v\u00a0Taliansku bude ma\u0165 dostatok \u0161\u0165astia, aby si dok\u00e1zal ukoristi\u0165 aspo\u0148 nejak\u00e9 to v\u00ed\u0165azstvo.<\/p>\n<p><a href=\"https:\/\/d2p6e6u75xmxt8.cloudfront.net\/4\/2019\/10\/03-2.jpg\"><img loading=\"lazy\" decoding=\"async\" src=\"https:\/\/d2p6e6u75xmxt8.cloudfront.net\/4\/2019\/10\/03-2.jpg\" alt=\"\" width=\"1200\" height=\"800\" class=\"alignnone size-full wp-image-8523\" \/><\/a><\/p>\n<h2><strong>Giro predstavilo tra\u0165 pre rok 2020<\/strong><\/h2>\n<p>P. Sagan bude s\u00fa\u010das\u0165ou tohto talianskeho podujatia, ale mo\u017eno pri poh\u013eade na niektor\u00e9 etapy aj o\u013eutuje, \u017ee sa na to dal. Ako v\u0161etci vieme, po\u010dasie v\u00a0m\u00e1ji v\u00a0Alp\u00e1ch nie je v\u017edy pr\u00edvetiv\u00e9 pre cyklistiku. O\u00a0to menej, ak <strong>budete st\u00fapa\u0165 na Colle Del Angelo<\/strong> do v\u00fd\u0161ky 2 744 m n.m. po\u010das etapy s\u00a05 000 nast\u00fapan\u00fdmi metrami. Alebo obde\u0148 predt\u00fdm na <strong>Stelvio do v\u00fd\u0161ky 2 758 m n.m.<\/strong> K\u00a0tomu sa pridaj\u00fa e\u0161te 3 \u010dasovky a\u00a05 skuto\u010dne horsk\u00fdch et\u00e1p. Aj toto \u010dak\u00e1 pretek\u00e1rov na Gire 2020.<\/p>\n<h2><strong>Olympijsk\u00fd okruh XCO v\u00a0Tokiu je v\u0161etk\u00fdm, len nie jednoduch\u00fdm<\/strong><\/h2>\n<p>Ak si pozriete z\u00e1znam z\u00a0prejazdu tejto trate, ktor\u00e1 m\u00e1 rozhodn\u00fa\u0165 o\u00a0novom olympijskom v\u00ed\u0165azovi, budete mo\u017eno aj sami radi, \u017ee v\u00a0\u0148om nemus\u00edte participova\u0165. <strong>Nespo\u010detn\u00e9 nast\u00fapan\u00e9 metre, strm\u00e9 v\u00fdjazdy a\u00a0o\u00a0to \u0165a\u017e\u0161ie zjazdy<\/strong> \u2013 po skal\u00e1ch a\u00a0s\u00a0umelo vytvoren\u00fdmi skokmi. Na testovacom podujat\u00ed, kde nech\u00fdbali hviezdy svetov\u00e9ho XC, zv\u00ed\u0165azil N. Schurter pred V. Koretzkym a\u00a0L. Braidotom. Absentoval v\u0161ak M. v. d. Poel. Dok\u00e1\u017ee tento Holan\u010fan, samozrejme, ak sa z\u00fa\u010dastn\u00ed, op\u00e4\u0165 pokori\u0165 olympijsk\u00e9ho v\u00ed\u0165aza z\u00a0Ria?<\/p>\n<lite-youtube videoid=DUIqbTG4hKE params=\"enablejsapi=1\" style=\"background-image: url('https:\/\/i.ytimg.com\/vi_webp\/DUIqbTG4hKE\/maxresdefault.webp');\"><\/lite-youtube>\n<h2><strong>V\u00a0Podbrezovej sa konalo cyklokrosov\u00e9 podujatie kateg\u00f3rie C1<\/strong><\/h2>\n<p>Minul\u00fd v\u00edkend sme mali mo\u017enos\u0165 stretn\u00fa\u0165 sa s (nielen) slovensk\u00fdmi st\u00e1licami cyklokrosovej sc\u00e9ny. Najv\u00e4\u010d\u0161\u00edm <strong>trh\u00e1kom bol s\u00faboj Belgi\u010dana J. Aernoutsa a\u00a0Franc\u00faza S. Chainela<\/strong>. Ako dvojica v\u00a0\u00faniku nedali \u0161ancu svojim prenasledovate\u013eom, medzi ktor\u00fdmi bola \u0161estica, pozost\u00e1vaj\u00faca preva\u017ene z\u00a0Belgi\u010danov. V\u00ed\u0165azom sa nakoniec <strong>stal spomenut\u00fd J. Aernouts<\/strong>. Najlep\u0161\u00edmi Slov\u00e1kmi bola trojica pretek\u00e1rov, \u0160. Voz\u00e1r, M. Ul\u00edk a\u00a0J. Jen\u010du\u0161, jazdiaca spolu a\u017e do cie\u013eov\u00fdch metrov. Obsadili tak 12. \u2013 14. prie\u010dku so stratou 2:35 sekundy.<\/p>\n<h2><strong>Ko\u0161ice sa m\u00f4\u017eu pochv\u00e1li\u0165 nov\u00fdm a\u00a0jedine\u010dn\u00fdm flow-trailom<\/strong><\/h2>\n<p>Po\u010das impozantn\u00e9ho okt\u00f3brov\u00e9ho po\u010dasia dok\u00e1zali kopa\u010di <strong>z\u00a0ob\u010dianskeho zdru\u017eenia KE.CY<\/strong> v\u00a0Ko\u0161iciach ukon\u010di\u0165 pr\u00e1ce na traili s\u00a0n\u00e1zvom <strong>Davidoff<\/strong>. Jeho otvorenie sprev\u00e1dzala skuto\u010dne sl\u00e1vnostn\u00e1 atmosf\u00e9ra. Niet sa \u010domu \u010dudova\u0165. Ide toti\u017e o\u00a0unik\u00e1tny projekt vytvorenia cyklistick\u00e9ho chodn\u00edka pre horsk\u00e9 bicykle, ktor\u00fd m\u00e1 svetov\u00e9 parametre. Ak never\u00edte, pr\u00ed\u010fte si ho vysk\u00fa\u0161a\u0165 sami!<\/p>\n<p><a href=\"https:\/\/d2p6e6u75xmxt8.cloudfront.net\/4\/2019\/10\/04-2.jpg\"><img loading=\"lazy\" decoding=\"async\" src=\"https:\/\/d2p6e6u75xmxt8.cloudfront.net\/4\/2019\/10\/04-2.jpg\" alt=\"\" width=\"1200\" height=\"800\" class=\"alignnone size-full wp-image-8524\" \/><\/a><\/p>\n<p>A\u00a0to je pre tento mesiac v\u0161etko. \u010co n\u00e1m prinesie november? Nu\u017e,  cyklokros je v\u00a0plnom pr\u00fade a\u00a0o\u00a0zauj\u00edmavosti nie je predsa nikdy n\u00fadza. Vyu\u017eite tak e\u0161te posledn\u00e9 tepl\u00e9 dni a\u00a0prevetrajte seba, ale aj svojho dvojkolesov\u00e9ho t\u00e1to\u0161a.<\/p>\n<p>(zdroje: FB\/Redbull Bike, FB\/Movistar, FB\/BORA-hansgrohe, FB\/PeterSagan, FB\/KECY)<\/p>\n","protected":false},"excerpt":{"rendered":"<p>Ani v\u00a0okt\u00f3bri sme neboli ukr\u00e1ten\u00ed o\u00a0zauj\u00edmavosti zo sveta dvoch kolies. Okrem nov\u00fdch odhalen\u00ed, nad\u013eudsk\u00fdch v\u00fdkonov a\u00a0nev\u0161edn\u00fdch k\u00faskov, sme sa pote\u0161ili [&hellip;]<\/p>\n","protected":false},"author":81,"featured_media":8520,"comment_status":"open","ping_status":"open","sticky":false,"template":"","format":"standard","meta":{"footnotes":""},"categories":[63],"tags":[619,115,597,546,65,268,180,890,532,412,46,885,302,256,20,237,55,219,183,814,172],"global-categories":[1074],"class_list":["post-8511","post","type-post","status-publish","format-standard","has-post-thumbnail","hentry","category-grand-tour","tag-bicyklovanie","tag-cestna-cyklistika","tag-cyklista","tag-cyklistika","tag-giro-d-italia","tag-grand-tour","tag-horska-cyklistika","tag-jazdec","tag-jazdenie","tag-mtb","tag-peter-sagan","tag-profesional","tag-red-bull","tag-sezona","tag-tour-de-france","tag-trail","tag-trening","tag-vuelta-a-espana","tag-zabava","tag-zaluba","tag-zjazd","global-categories-cycling"],"yoast_head":"<!-- This site is optimized with the Yoast SEO Premium plugin v25.3 (Yoast SEO v25.9) - https:\/\/yoast.com\/wordpress\/plugins\/seo\/ -->\n<title>Mesa\u010dn\u00e1 desiatka \u2013 cyklistika sa veru nekon\u010d\u00ed - \u0160koda We Love Cycling Slovensko<\/title>\n<meta name=\"robots\" content=\"index, follow, max-snippet:-1, max-image-preview:large, max-video-preview:-1\" \/>\n<link rel=\"canonical\" href=\"https:\/\/www.welovecycling.com\/sk\/2019\/10\/31\/mesacna-desiatka-cyklistika-sa-veru-nekonci\/\" \/>\n<meta property=\"og:locale\" content=\"sk_SK\" \/>\n<meta property=\"og:type\" content=\"article\" \/>\n<meta property=\"og:title\" content=\"Mesa\u010dn\u00e1 desiatka \u2013 cyklistika sa veru nekon\u010d\u00ed\" \/>\n<meta property=\"og:description\" content=\"Ani v\u00a0okt\u00f3bri sme neboli ukr\u00e1ten\u00ed o\u00a0zauj\u00edmavosti zo sveta dvoch kolies. Okrem nov\u00fdch odhalen\u00ed, nad\u013eudsk\u00fdch v\u00fdkonov a\u00a0nev\u0161edn\u00fdch k\u00faskov, sme sa pote\u0161ili [&hellip;]\" \/>\n<meta property=\"og:url\" content=\"https:\/\/www.welovecycling.com\/sk\/2019\/10\/31\/mesacna-desiatka-cyklistika-sa-veru-nekonci\/\" \/>\n<meta property=\"og:site_name\" content=\"\u0160koda We Love Cycling Slovensko\" \/>\n<meta property=\"article:published_time\" content=\"2019-10-31T09:09:36+00:00\" \/>\n<meta property=\"og:image\" content=\"https:\/\/d2p6e6u75xmxt8.cloudfront.net\/4\/2019\/10\/00-1.webp\" \/>\n\t<meta property=\"og:image:width\" content=\"1380\" \/>\n\t<meta property=\"og:image:height\" content=\"600\" \/>\n\t<meta property=\"og:image:type\" content=\"image\/webp\" \/>\n<meta name=\"twitter:card\" content=\"summary_large_image\" \/>\n<meta name=\"twitter:label1\" content=\"Written by\" \/>\n\t<meta name=\"twitter:data1\" content=\"We Love Cycling\" \/>\n\t<meta name=\"twitter:label2\" content=\"Est. reading time\" \/>\n\t<meta name=\"twitter:data2\" content=\"7\" \/>\n<script type=\"application\/ld+json\" class=\"yoast-schema-graph\">{\"@context\":\"https:\/\/schema.org\",\"@graph\":[{\"@type\":\"WebPage\",\"@id\":\"https:\/\/www.welovecycling.com\/sk\/2019\/10\/31\/mesacna-desiatka-cyklistika-sa-veru-nekonci\/\",\"url\":\"https:\/\/www.welovecycling.com\/sk\/2019\/10\/31\/mesacna-desiatka-cyklistika-sa-veru-nekonci\/\",\"name\":\"Mesa\u010dn\u00e1 desiatka \u2013 cyklistika sa veru nekon\u010d\u00ed - \u0160koda We Love Cycling Slovensko\",\"isPartOf\":{\"@id\":\"https:\/\/www.welovecycling.com\/sk\/#website\"},\"primaryImageOfPage\":{\"@id\":\"https:\/\/www.welovecycling.com\/sk\/2019\/10\/31\/mesacna-desiatka-cyklistika-sa-veru-nekonci\/#primaryimage\"},\"image\":{\"@id\":\"https:\/\/www.welovecycling.com\/sk\/2019\/10\/31\/mesacna-desiatka-cyklistika-sa-veru-nekonci\/#primaryimage\"},\"thumbnailUrl\":\"https:\/\/d2p6e6u75xmxt8.cloudfront.net\/4\/2019\/10\/00-1.webp\",\"datePublished\":\"2019-10-31T09:09:36+00:00\",\"author\":{\"@id\":\"\"},\"breadcrumb\":{\"@id\":\"https:\/\/www.welovecycling.com\/sk\/2019\/10\/31\/mesacna-desiatka-cyklistika-sa-veru-nekonci\/#breadcrumb\"},\"inLanguage\":\"sk-SK\",\"potentialAction\":[{\"@type\":\"ReadAction\",\"target\":[\"https:\/\/www.welovecycling.com\/sk\/2019\/10\/31\/mesacna-desiatka-cyklistika-sa-veru-nekonci\/\"]}]},{\"@type\":\"ImageObject\",\"inLanguage\":\"sk-SK\",\"@id\":\"https:\/\/www.welovecycling.com\/sk\/2019\/10\/31\/mesacna-desiatka-cyklistika-sa-veru-nekonci\/#primaryimage\",\"url\":\"https:\/\/d2p6e6u75xmxt8.cloudfront.net\/4\/2019\/10\/00-1.webp\",\"contentUrl\":\"https:\/\/d2p6e6u75xmxt8.cloudfront.net\/4\/2019\/10\/00-1.webp\",\"width\":1380,\"height\":600},{\"@type\":\"BreadcrumbList\",\"@id\":\"https:\/\/www.welovecycling.com\/sk\/2019\/10\/31\/mesacna-desiatka-cyklistika-sa-veru-nekonci\/#breadcrumb\",\"itemListElement\":[{\"@type\":\"ListItem\",\"position\":1,\"name\":\"Home\",\"item\":\"https:\/\/www.welovecycling.com\/sk\/\"},{\"@type\":\"ListItem\",\"position\":2,\"name\":\"Mesa\u010dn\u00e1 desiatka \u2013 cyklistika sa veru nekon\u010d\u00ed\"}]},{\"@type\":\"WebSite\",\"@id\":\"https:\/\/www.welovecycling.com\/sk\/#website\",\"url\":\"https:\/\/www.welovecycling.com\/sk\/\",\"name\":\"\u0160koda We Love Cycling Slovensko\",\"description\":\"\u0160koda We Love Cycling Slovensko je v\u00e1\u0161 ka\u017edodenn\u00fd zdroj noviniek a in\u0161pir\u00e1cie z sveta cyklistiky\",\"potentialAction\":[{\"@type\":\"SearchAction\",\"target\":{\"@type\":\"EntryPoint\",\"urlTemplate\":\"https:\/\/www.welovecycling.com\/sk\/?s={search_term_string}\"},\"query-input\":{\"@type\":\"PropertyValueSpecification\",\"valueRequired\":true,\"valueName\":\"search_term_string\"}}],\"inLanguage\":\"sk-SK\"},{\"@type\":\"Person\",\"@id\":\"\",\"url\":\"https:\/\/www.welovecycling.com\/sk\/author\/\"}]}<\/script>\n<!-- \/ Yoast SEO Premium plugin. -->","yoast_head_json":{"title":"Mesa\u010dn\u00e1 desiatka \u2013 cyklistika sa veru nekon\u010d\u00ed - \u0160koda We Love Cycling Slovensko","robots":{"index":"index","follow":"follow","max-snippet":"max-snippet:-1","max-image-preview":"max-image-preview:large","max-video-preview":"max-video-preview:-1"},"canonical":"https:\/\/www.welovecycling.com\/sk\/2019\/10\/31\/mesacna-desiatka-cyklistika-sa-veru-nekonci\/","og_locale":"sk_SK","og_type":"article","og_title":"Mesa\u010dn\u00e1 desiatka \u2013 cyklistika sa veru nekon\u010d\u00ed","og_description":"Ani v\u00a0okt\u00f3bri sme neboli ukr\u00e1ten\u00ed o\u00a0zauj\u00edmavosti zo sveta dvoch kolies. Okrem nov\u00fdch odhalen\u00ed, nad\u013eudsk\u00fdch v\u00fdkonov a\u00a0nev\u0161edn\u00fdch k\u00faskov, sme sa pote\u0161ili [&hellip;]","og_url":"https:\/\/www.welovecycling.com\/sk\/2019\/10\/31\/mesacna-desiatka-cyklistika-sa-veru-nekonci\/","og_site_name":"\u0160koda We Love Cycling Slovensko","article_published_time":"2019-10-31T09:09:36+00:00","og_image":[{"width":1380,"height":600,"url":"https:\/\/d2p6e6u75xmxt8.cloudfront.net\/4\/2019\/10\/00-1.webp","type":"image\/webp"}],"twitter_card":"summary_large_image","twitter_misc":{"Written by":"We Love Cycling","Est. reading time":"7"},"schema":{"@context":"https:\/\/schema.org","@graph":[{"@type":"WebPage","@id":"https:\/\/www.welovecycling.com\/sk\/2019\/10\/31\/mesacna-desiatka-cyklistika-sa-veru-nekonci\/","url":"https:\/\/www.welovecycling.com\/sk\/2019\/10\/31\/mesacna-desiatka-cyklistika-sa-veru-nekonci\/","name":"Mesa\u010dn\u00e1 desiatka \u2013 cyklistika sa veru nekon\u010d\u00ed - \u0160koda We Love Cycling Slovensko","isPartOf":{"@id":"https:\/\/www.welovecycling.com\/sk\/#website"},"primaryImageOfPage":{"@id":"https:\/\/www.welovecycling.com\/sk\/2019\/10\/31\/mesacna-desiatka-cyklistika-sa-veru-nekonci\/#primaryimage"},"image":{"@id":"https:\/\/www.welovecycling.com\/sk\/2019\/10\/31\/mesacna-desiatka-cyklistika-sa-veru-nekonci\/#primaryimage"},"thumbnailUrl":"https:\/\/d2p6e6u75xmxt8.cloudfront.net\/4\/2019\/10\/00-1.webp","datePublished":"2019-10-31T09:09:36+00:00","author":{"@id":""},"breadcrumb":{"@id":"https:\/\/www.welovecycling.com\/sk\/2019\/10\/31\/mesacna-desiatka-cyklistika-sa-veru-nekonci\/#breadcrumb"},"inLanguage":"sk-SK","potentialAction":[{"@type":"ReadAction","target":["https:\/\/www.welovecycling.com\/sk\/2019\/10\/31\/mesacna-desiatka-cyklistika-sa-veru-nekonci\/"]}]},{"@type":"ImageObject","inLanguage":"sk-SK","@id":"https:\/\/www.welovecycling.com\/sk\/2019\/10\/31\/mesacna-desiatka-cyklistika-sa-veru-nekonci\/#primaryimage","url":"https:\/\/d2p6e6u75xmxt8.cloudfront.net\/4\/2019\/10\/00-1.webp","contentUrl":"https:\/\/d2p6e6u75xmxt8.cloudfront.net\/4\/2019\/10\/00-1.webp","width":1380,"height":600},{"@type":"BreadcrumbList","@id":"https:\/\/www.welovecycling.com\/sk\/2019\/10\/31\/mesacna-desiatka-cyklistika-sa-veru-nekonci\/#breadcrumb","itemListElement":[{"@type":"ListItem","position":1,"name":"Home","item":"https:\/\/www.welovecycling.com\/sk\/"},{"@type":"ListItem","position":2,"name":"Mesa\u010dn\u00e1 desiatka \u2013 cyklistika sa veru nekon\u010d\u00ed"}]},{"@type":"WebSite","@id":"https:\/\/www.welovecycling.com\/sk\/#website","url":"https:\/\/www.welovecycling.com\/sk\/","name":"\u0160koda We Love Cycling Slovensko","description":"\u0160koda We Love Cycling Slovensko je v\u00e1\u0161 ka\u017edodenn\u00fd zdroj noviniek a in\u0161pir\u00e1cie z sveta cyklistiky","potentialAction":[{"@type":"SearchAction","target":{"@type":"EntryPoint","urlTemplate":"https:\/\/www.welovecycling.com\/sk\/?s={search_term_string}"},"query-input":{"@type":"PropertyValueSpecification","valueRequired":true,"valueName":"search_term_string"}}],"inLanguage":"sk-SK"},{"@type":"Person","@id":"","url":"https:\/\/www.welovecycling.com\/sk\/author\/"}]}},"_links":{"self":[{"href":"https:\/\/www.welovecycling.com\/sk\/wp-json\/wp\/v2\/posts\/8511","targetHints":{"allow":["GET"]}}],"collection":[{"href":"https:\/\/www.welovecycling.com\/sk\/wp-json\/wp\/v2\/posts"}],"about":[{"href":"https:\/\/www.welovecycling.com\/sk\/wp-json\/wp\/v2\/types\/post"}],"author":[{"embeddable":true,"href":"https:\/\/www.welovecycling.com\/sk\/wp-json\/wp\/v2\/users\/81"}],"replies":[{"embeddable":true,"href":"https:\/\/www.welovecycling.com\/sk\/wp-json\/wp\/v2\/comments?post=8511"}],"version-history":[{"count":2,"href":"https:\/\/www.welovecycling.com\/sk\/wp-json\/wp\/v2\/posts\/8511\/revisions"}],"predecessor-version":[{"id":8550,"href":"https:\/\/www.welovecycling.com\/sk\/wp-json\/wp\/v2\/posts\/8511\/revisions\/8550"}],"wp:featuredmedia":[{"embeddable":true,"href":"https:\/\/www.welovecycling.com\/sk\/wp-json\/wp\/v2\/media\/8520"}],"wp:attachment":[{"href":"https:\/\/www.welovecycling.com\/sk\/wp-json\/wp\/v2\/media?parent=8511"}],"wp:term":[{"taxonomy":"category","embeddable":true,"href":"https:\/\/www.welovecycling.com\/sk\/wp-json\/wp\/v2\/categories?post=8511"},{"taxonomy":"post_tag","embeddable":true,"href":"https:\/\/www.welovecycling.com\/sk\/wp-json\/wp\/v2\/tags?post=8511"},{"taxonomy":"global-categories","embeddable":true,"href":"https:\/\/www.welovecycling.com\/sk\/wp-json\/wp\/v2\/global-categories?post=8511"}],"curies":[{"name":"wp","href":"https:\/\/api.w.org\/{rel}","templated":true}]}}