{"id":8498,"date":"2019-10-26T10:18:43","date_gmt":"2019-10-26T08:18:43","guid":{"rendered":"https:\/\/www.welovecycling.com\/sk\/?p=8498"},"modified":"2019-10-26T10:18:43","modified_gmt":"2019-10-26T08:18:43","slug":"hudba-ktora-sa-toci","status":"publish","type":"post","link":"https:\/\/www.welovecycling.com\/sk\/2019\/10\/26\/hudba-ktora-sa-toci\/","title":{"rendered":"Hudba, ktor\u00e1 sa to\u010d\u00ed"},"content":{"rendered":"<p><strong>Mnoh\u00ed hudobn\u00edci s\u00fa posadnut\u00ed cyklistikou, a to niektor\u00ed \u013eudia nem\u00f4\u017eu pochopi\u0165. V\u00e1\u017eime si preto t\u00fdch, ktor\u00ed doslova ospevuj\u00fa \u017eivot na dvoch koles\u00e1ch.<\/strong><\/p>\n<p><!--more--><\/p>\n<h2><strong>Hawkwind<\/strong><\/h2>\n<p>Pred Motorhead spieval Lemmy aj o psychadelick\u00fdch rockeroch na bicykloch. Texty sa zakladali na eseji Alfreda Jarryho o stroji \u010dasu. Takto zosmie\u0161\u0148uj\u00faco naz\u00fdval bicykle b\u00e1snik Robert Calvert. Anglick\u00fd v\u00fdraz \u201espun-out\u201c (vyto\u010di\u0165) takto dost\u00e1va aj \u010fal\u0161\u00ed v\u00fdznam.<\/p>\n<lite-youtube videoid=HdTFeW8FCto params=\"enablejsapi=1\" style=\"background-image: url('https:\/\/i.ytimg.com\/vi_webp\/HdTFeW8FCto\/maxresdefault.webp');\"><\/lite-youtube>\n<h2><strong>Pink Floyd<\/strong><\/h2>\n<p>Hawkwind nie je jedin\u00fd \u201epsychadelick\u00fd\u201c rockerov\u00fd priekopn\u00edk, ktor\u00fd je prikovan\u00fd l\u00e1skou k ot\u00e1\u010daj\u00facim sa zubom prevodn\u00edka. Pocta od Syda Barretta pre jeho spo\u013eahliv\u00fd bicykel sa objavila aj na debutovom albume skupiny Pink Floyd &#8211; The Piper at the Gates of Dawn. Rovnako ako aj v\u0161etci hudobn\u00edci, tak aj Barrett je praktick\u00fdm \u010dlovekom a oce\u0148uje mo\u017enos\u0165 stretn\u00fa\u0165 sa s in\u00fdmi \u013eu\u010fmi, ke\u010f cestuje na dvoch koles\u00e1ch.<\/p>\n<lite-youtube videoid=zOdBeLO8PJI params=\"enablejsapi=1\" style=\"background-image: url('https:\/\/i.ytimg.com\/vi_webp\/zOdBeLO8PJI\/maxresdefault.webp');\"><\/lite-youtube>\n<h2><strong>David Byrne<\/strong><\/h2>\n<p>Okrem navrhovania n\u00e1dhern\u00fdch, no nepraktick\u00fdch stojanov pre mesto New York, nap\u00edsal frontman skupiny Talking Heads knihu o svojich cest\u00e1ch na bicykli a o vz\u0165ahu k nim. Ako hudobn\u00edk prijal tento priese\u010dn\u00edk z\u00e1ujmov &#8211; hudba a cyklistika ako obhajoba pre svoje spr\u00e1vanie.<\/p>\n<lite-youtube videoid=37IDIUOJA6s params=\"enablejsapi=1\" style=\"background-image: url('https:\/\/i.ytimg.com\/vi_webp\/37IDIUOJA6s\/maxresdefault.webp');\"><\/lite-youtube>\n<h2><strong>Bono<\/strong><\/h2>\n<p>Bono napriek v\u00e1\u017enej hav\u00e1rii v Central parku v New Yorku na l\u00e1sku k cyklistike nezanevrel a netrvalo dlho, k\u00fdm robil to, \u010do vedel najlep\u0161ie &#8211; z\u00edskaval a daroval peniaze pre r\u00f4zne charity a rob\u00ed to doteraz s nad\u0161en\u00edm.<\/p>\n<lite-youtube videoid=wldUQvLCRnU params=\"enablejsapi=1\" style=\"background-image: url('https:\/\/i.ytimg.com\/vi_webp\/wldUQvLCRnU\/maxresdefault.webp');\"><\/lite-youtube>\n<h2><strong>Peter Gabriel<\/strong><\/h2>\n<p>Mo\u017eno si mysl\u00edte, \u017ee tento \u010dl\u00e1nok je trochu divn\u00fd &#8211; spojenie hudobn\u00edkov a cyklistiky? Ve\u013ea sa polemizuje, \u010di je bezpe\u010dn\u00e9 jazdi\u0165 na bicykli so sl\u00fachadlami v u\u0161iach. A \u010do na to Peter Gabriel? Ten najz\u00e1kladnej\u0161ie bezpe\u010dnostn\u00e9 rady v tomto smere vychva\u013euje, no z\u00e1rove\u0148 jazd\u00ed na bicykli aj po\u010das svojho koncertu.<\/p>\n<lite-youtube videoid=GimLuOUVkxg params=\"enablejsapi=1\" style=\"background-image: url('https:\/\/i.ytimg.com\/vi_webp\/GimLuOUVkxg\/maxresdefault.webp');\"><\/lite-youtube>\n<h2><strong>Kraftwerk<\/strong><\/h2>\n<p>Ur\u010dite v\u00e1m odpust\u00edme t\u00fato neznalos\u0165. Ve\u010f kto by \u010dakal spojenie medzi UCI a hudobn\u00fdm priemyslom? No skupina Kraftwerk vydala piese\u0148 k Tour de France v roku 1983. Nesk\u00f4r vydali op\u00e4tovne album k storo\u010dnici Starej D\u00e1my. A v\u0161etko sa zav\u0155\u0161ilo v roku 2017 v D\u00fcsseldorfe, v rodnom meste skupiny Kraftwerk. A samozrejme na otv\u00e1racom ceremoni\u00e1li t\u00e1to skupina nemohla ch\u00fdba\u0165.<\/p>\n<lite-youtube videoid=kz3Lof1H5bE params=\"enablejsapi=1\" style=\"background-image: url('https:\/\/i.ytimg.com\/vi_webp\/kz3Lof1H5bE\/maxresdefault.webp');\"><\/lite-youtube>\n","protected":false},"excerpt":{"rendered":"<p>Mnoh\u00ed hudobn\u00edci s\u00fa posadnut\u00ed cyklistikou, a to niektor\u00ed \u013eudia nem\u00f4\u017eu pochopi\u0165. V\u00e1\u017eime si preto t\u00fdch, ktor\u00ed doslova ospevuj\u00fa \u017eivot na [&hellip;]<\/p>\n","protected":false},"author":38,"featured_media":8505,"comment_status":"open","ping_status":"open","sticky":false,"template":"","format":"standard","meta":{"footnotes":""},"categories":[118],"tags":[619,115,597,546,180,822,1187,532,412,1186,991,1185,20,183,814],"global-categories":[],"class_list":["post-8498","post","type-post","status-publish","format-standard","has-post-thumbnail","hentry","category-zabava","tag-bicyklovanie","tag-cestna-cyklistika","tag-cyklista","tag-cyklistika","tag-horska-cyklistika","tag-hudba","tag-hudobna-skupina","tag-jazdenie","tag-mtb","tag-piesen","tag-skupina","tag-text","tag-tour-de-france","tag-zabava","tag-zaluba"],"yoast_head":"<!-- This site is optimized with the Yoast SEO Premium plugin v25.3 (Yoast SEO v25.9) - https:\/\/yoast.com\/wordpress\/plugins\/seo\/ -->\n<title>Hudba, ktor\u00e1 sa to\u010d\u00ed - \u0160koda We Love Cycling Slovensko<\/title>\n<meta name=\"robots\" content=\"index, follow, max-snippet:-1, max-image-preview:large, max-video-preview:-1\" \/>\n<link rel=\"canonical\" href=\"https:\/\/www.welovecycling.com\/sk\/2019\/10\/26\/hudba-ktora-sa-toci\/\" \/>\n<meta property=\"og:locale\" content=\"sk_SK\" \/>\n<meta property=\"og:type\" content=\"article\" \/>\n<meta property=\"og:title\" content=\"Hudba, ktor\u00e1 sa to\u010d\u00ed\" \/>\n<meta property=\"og:description\" content=\"Mnoh\u00ed hudobn\u00edci s\u00fa posadnut\u00ed cyklistikou, a to niektor\u00ed \u013eudia nem\u00f4\u017eu pochopi\u0165. V\u00e1\u017eime si preto t\u00fdch, ktor\u00ed doslova ospevuj\u00fa \u017eivot na [&hellip;]\" \/>\n<meta property=\"og:url\" content=\"https:\/\/www.welovecycling.com\/sk\/2019\/10\/26\/hudba-ktora-sa-toci\/\" \/>\n<meta property=\"og:site_name\" content=\"\u0160koda We Love Cycling Slovensko\" \/>\n<meta property=\"article:published_time\" content=\"2019-10-26T08:18:43+00:00\" \/>\n<meta property=\"og:image\" content=\"https:\/\/d2p6e6u75xmxt8.cloudfront.net\/4\/2019\/10\/kraftwerk-tour-de-france-CVR.webp\" \/>\n\t<meta property=\"og:image:width\" content=\"1366\" \/>\n\t<meta property=\"og:image:height\" content=\"600\" \/>\n\t<meta property=\"og:image:type\" content=\"image\/webp\" \/>\n<meta name=\"author\" content=\"Ondrej Ga\u0161par\" \/>\n<meta name=\"twitter:card\" content=\"summary_large_image\" \/>\n<meta name=\"twitter:label1\" content=\"Written by\" \/>\n\t<meta name=\"twitter:data1\" content=\"Christopher Ashley\" \/>\n\t<meta name=\"twitter:label2\" content=\"Est. reading time\" \/>\n\t<meta name=\"twitter:data2\" content=\"3\" \/>\n<script type=\"application\/ld+json\" class=\"yoast-schema-graph\">{\"@context\":\"https:\/\/schema.org\",\"@graph\":[{\"@type\":\"WebPage\",\"@id\":\"https:\/\/www.welovecycling.com\/sk\/2019\/10\/26\/hudba-ktora-sa-toci\/\",\"url\":\"https:\/\/www.welovecycling.com\/sk\/2019\/10\/26\/hudba-ktora-sa-toci\/\",\"name\":\"Hudba, ktor\u00e1 sa to\u010d\u00ed - \u0160koda We Love Cycling Slovensko\",\"isPartOf\":{\"@id\":\"https:\/\/www.welovecycling.com\/sk\/#website\"},\"primaryImageOfPage\":{\"@id\":\"https:\/\/www.welovecycling.com\/sk\/2019\/10\/26\/hudba-ktora-sa-toci\/#primaryimage\"},\"image\":{\"@id\":\"https:\/\/www.welovecycling.com\/sk\/2019\/10\/26\/hudba-ktora-sa-toci\/#primaryimage\"},\"thumbnailUrl\":\"https:\/\/d2p6e6u75xmxt8.cloudfront.net\/4\/2019\/10\/kraftwerk-tour-de-france-CVR.webp\",\"datePublished\":\"2019-10-26T08:18:43+00:00\",\"author\":{\"@id\":\"https:\/\/www.welovecycling.com\/sk\/#\/schema\/person\/8ee09ba39b7e25b1870160aa5b3a89bc\"},\"breadcrumb\":{\"@id\":\"https:\/\/www.welovecycling.com\/sk\/2019\/10\/26\/hudba-ktora-sa-toci\/#breadcrumb\"},\"inLanguage\":\"sk-SK\",\"potentialAction\":[{\"@type\":\"ReadAction\",\"target\":[\"https:\/\/www.welovecycling.com\/sk\/2019\/10\/26\/hudba-ktora-sa-toci\/\"]}]},{\"@type\":\"ImageObject\",\"inLanguage\":\"sk-SK\",\"@id\":\"https:\/\/www.welovecycling.com\/sk\/2019\/10\/26\/hudba-ktora-sa-toci\/#primaryimage\",\"url\":\"https:\/\/d2p6e6u75xmxt8.cloudfront.net\/4\/2019\/10\/kraftwerk-tour-de-france-CVR.webp\",\"contentUrl\":\"https:\/\/d2p6e6u75xmxt8.cloudfront.net\/4\/2019\/10\/kraftwerk-tour-de-france-CVR.webp\",\"width\":1366,\"height\":600},{\"@type\":\"BreadcrumbList\",\"@id\":\"https:\/\/www.welovecycling.com\/sk\/2019\/10\/26\/hudba-ktora-sa-toci\/#breadcrumb\",\"itemListElement\":[{\"@type\":\"ListItem\",\"position\":1,\"name\":\"Home\",\"item\":\"https:\/\/www.welovecycling.com\/sk\/\"},{\"@type\":\"ListItem\",\"position\":2,\"name\":\"Hudba, ktor\u00e1 sa to\u010d\u00ed\"}]},{\"@type\":\"WebSite\",\"@id\":\"https:\/\/www.welovecycling.com\/sk\/#website\",\"url\":\"https:\/\/www.welovecycling.com\/sk\/\",\"name\":\"\u0160koda We Love Cycling Slovensko\",\"description\":\"\u0160koda We Love Cycling Slovensko je v\u00e1\u0161 ka\u017edodenn\u00fd zdroj noviniek a in\u0161pir\u00e1cie z sveta cyklistiky\",\"potentialAction\":[{\"@type\":\"SearchAction\",\"target\":{\"@type\":\"EntryPoint\",\"urlTemplate\":\"https:\/\/www.welovecycling.com\/sk\/?s={search_term_string}\"},\"query-input\":{\"@type\":\"PropertyValueSpecification\",\"valueRequired\":true,\"valueName\":\"search_term_string\"}}],\"inLanguage\":\"sk-SK\"},{\"@type\":\"Person\",\"@id\":\"https:\/\/www.welovecycling.com\/sk\/#\/schema\/person\/8ee09ba39b7e25b1870160aa5b3a89bc\",\"name\":\"Ondrej Ga\u0161par\",\"image\":{\"@type\":\"ImageObject\",\"inLanguage\":\"sk-SK\",\"@id\":\"https:\/\/www.welovecycling.com\/sk\/#\/schema\/person\/image\/\",\"url\":\"https:\/\/secure.gravatar.com\/avatar\/6126c9afb87b70da5abbb083ddbb21933da15f18f8ca7cb822aba0fb096a48f6?s=96&d=mm&r=g\",\"contentUrl\":\"https:\/\/secure.gravatar.com\/avatar\/6126c9afb87b70da5abbb083ddbb21933da15f18f8ca7cb822aba0fb096a48f6?s=96&d=mm&r=g\",\"caption\":\"Ondrej Ga\u0161par\"},\"url\":\"https:\/\/www.welovecycling.com\/sk\/author\/ondrejgaspar\/\"}]}<\/script>\n<!-- \/ Yoast SEO Premium plugin. -->","yoast_head_json":{"title":"Hudba, ktor\u00e1 sa to\u010d\u00ed - \u0160koda We Love Cycling Slovensko","robots":{"index":"index","follow":"follow","max-snippet":"max-snippet:-1","max-image-preview":"max-image-preview:large","max-video-preview":"max-video-preview:-1"},"canonical":"https:\/\/www.welovecycling.com\/sk\/2019\/10\/26\/hudba-ktora-sa-toci\/","og_locale":"sk_SK","og_type":"article","og_title":"Hudba, ktor\u00e1 sa to\u010d\u00ed","og_description":"Mnoh\u00ed hudobn\u00edci s\u00fa posadnut\u00ed cyklistikou, a to niektor\u00ed \u013eudia nem\u00f4\u017eu pochopi\u0165. V\u00e1\u017eime si preto t\u00fdch, ktor\u00ed doslova ospevuj\u00fa \u017eivot na [&hellip;]","og_url":"https:\/\/www.welovecycling.com\/sk\/2019\/10\/26\/hudba-ktora-sa-toci\/","og_site_name":"\u0160koda We Love Cycling Slovensko","article_published_time":"2019-10-26T08:18:43+00:00","og_image":[{"width":1366,"height":600,"url":"https:\/\/d2p6e6u75xmxt8.cloudfront.net\/4\/2019\/10\/kraftwerk-tour-de-france-CVR.webp","type":"image\/webp"}],"author":"Ondrej Ga\u0161par","twitter_card":"summary_large_image","twitter_misc":{"Written by":"Christopher Ashley","Est. reading time":"3"},"schema":{"@context":"https:\/\/schema.org","@graph":[{"@type":"WebPage","@id":"https:\/\/www.welovecycling.com\/sk\/2019\/10\/26\/hudba-ktora-sa-toci\/","url":"https:\/\/www.welovecycling.com\/sk\/2019\/10\/26\/hudba-ktora-sa-toci\/","name":"Hudba, ktor\u00e1 sa to\u010d\u00ed - \u0160koda We Love Cycling Slovensko","isPartOf":{"@id":"https:\/\/www.welovecycling.com\/sk\/#website"},"primaryImageOfPage":{"@id":"https:\/\/www.welovecycling.com\/sk\/2019\/10\/26\/hudba-ktora-sa-toci\/#primaryimage"},"image":{"@id":"https:\/\/www.welovecycling.com\/sk\/2019\/10\/26\/hudba-ktora-sa-toci\/#primaryimage"},"thumbnailUrl":"https:\/\/d2p6e6u75xmxt8.cloudfront.net\/4\/2019\/10\/kraftwerk-tour-de-france-CVR.webp","datePublished":"2019-10-26T08:18:43+00:00","author":{"@id":"https:\/\/www.welovecycling.com\/sk\/#\/schema\/person\/8ee09ba39b7e25b1870160aa5b3a89bc"},"breadcrumb":{"@id":"https:\/\/www.welovecycling.com\/sk\/2019\/10\/26\/hudba-ktora-sa-toci\/#breadcrumb"},"inLanguage":"sk-SK","potentialAction":[{"@type":"ReadAction","target":["https:\/\/www.welovecycling.com\/sk\/2019\/10\/26\/hudba-ktora-sa-toci\/"]}]},{"@type":"ImageObject","inLanguage":"sk-SK","@id":"https:\/\/www.welovecycling.com\/sk\/2019\/10\/26\/hudba-ktora-sa-toci\/#primaryimage","url":"https:\/\/d2p6e6u75xmxt8.cloudfront.net\/4\/2019\/10\/kraftwerk-tour-de-france-CVR.webp","contentUrl":"https:\/\/d2p6e6u75xmxt8.cloudfront.net\/4\/2019\/10\/kraftwerk-tour-de-france-CVR.webp","width":1366,"height":600},{"@type":"BreadcrumbList","@id":"https:\/\/www.welovecycling.com\/sk\/2019\/10\/26\/hudba-ktora-sa-toci\/#breadcrumb","itemListElement":[{"@type":"ListItem","position":1,"name":"Home","item":"https:\/\/www.welovecycling.com\/sk\/"},{"@type":"ListItem","position":2,"name":"Hudba, ktor\u00e1 sa to\u010d\u00ed"}]},{"@type":"WebSite","@id":"https:\/\/www.welovecycling.com\/sk\/#website","url":"https:\/\/www.welovecycling.com\/sk\/","name":"\u0160koda We Love Cycling Slovensko","description":"\u0160koda We Love Cycling Slovensko je v\u00e1\u0161 ka\u017edodenn\u00fd zdroj noviniek a in\u0161pir\u00e1cie z sveta cyklistiky","potentialAction":[{"@type":"SearchAction","target":{"@type":"EntryPoint","urlTemplate":"https:\/\/www.welovecycling.com\/sk\/?s={search_term_string}"},"query-input":{"@type":"PropertyValueSpecification","valueRequired":true,"valueName":"search_term_string"}}],"inLanguage":"sk-SK"},{"@type":"Person","@id":"https:\/\/www.welovecycling.com\/sk\/#\/schema\/person\/8ee09ba39b7e25b1870160aa5b3a89bc","name":"Ondrej Ga\u0161par","image":{"@type":"ImageObject","inLanguage":"sk-SK","@id":"https:\/\/www.welovecycling.com\/sk\/#\/schema\/person\/image\/","url":"https:\/\/secure.gravatar.com\/avatar\/6126c9afb87b70da5abbb083ddbb21933da15f18f8ca7cb822aba0fb096a48f6?s=96&d=mm&r=g","contentUrl":"https:\/\/secure.gravatar.com\/avatar\/6126c9afb87b70da5abbb083ddbb21933da15f18f8ca7cb822aba0fb096a48f6?s=96&d=mm&r=g","caption":"Ondrej Ga\u0161par"},"url":"https:\/\/www.welovecycling.com\/sk\/author\/ondrejgaspar\/"}]}},"_links":{"self":[{"href":"https:\/\/www.welovecycling.com\/sk\/wp-json\/wp\/v2\/posts\/8498","targetHints":{"allow":["GET"]}}],"collection":[{"href":"https:\/\/www.welovecycling.com\/sk\/wp-json\/wp\/v2\/posts"}],"about":[{"href":"https:\/\/www.welovecycling.com\/sk\/wp-json\/wp\/v2\/types\/post"}],"author":[{"embeddable":true,"href":"https:\/\/www.welovecycling.com\/sk\/wp-json\/wp\/v2\/users\/38"}],"replies":[{"embeddable":true,"href":"https:\/\/www.welovecycling.com\/sk\/wp-json\/wp\/v2\/comments?post=8498"}],"version-history":[{"count":1,"href":"https:\/\/www.welovecycling.com\/sk\/wp-json\/wp\/v2\/posts\/8498\/revisions"}],"predecessor-version":[{"id":8507,"href":"https:\/\/www.welovecycling.com\/sk\/wp-json\/wp\/v2\/posts\/8498\/revisions\/8507"}],"wp:featuredmedia":[{"embeddable":true,"href":"https:\/\/www.welovecycling.com\/sk\/wp-json\/wp\/v2\/media\/8505"}],"wp:attachment":[{"href":"https:\/\/www.welovecycling.com\/sk\/wp-json\/wp\/v2\/media?parent=8498"}],"wp:term":[{"taxonomy":"category","embeddable":true,"href":"https:\/\/www.welovecycling.com\/sk\/wp-json\/wp\/v2\/categories?post=8498"},{"taxonomy":"post_tag","embeddable":true,"href":"https:\/\/www.welovecycling.com\/sk\/wp-json\/wp\/v2\/tags?post=8498"},{"taxonomy":"global-categories","embeddable":true,"href":"https:\/\/www.welovecycling.com\/sk\/wp-json\/wp\/v2\/global-categories?post=8498"}],"curies":[{"name":"wp","href":"https:\/\/api.w.org\/{rel}","templated":true}]}}