{"id":8458,"date":"2019-10-18T13:31:54","date_gmt":"2019-10-18T11:31:54","guid":{"rendered":"https:\/\/www.welovecycling.com\/sk\/?p=8458"},"modified":"2019-10-18T13:40:09","modified_gmt":"2019-10-18T11:40:09","slug":"peter-sagan-a-jeho-sezona-2019-v-kocke","status":"publish","type":"post","link":"https:\/\/www.welovecycling.com\/sk\/2019\/10\/18\/peter-sagan-a-jeho-sezona-2019-v-kocke\/","title":{"rendered":"Peter Sagan a jeho sez\u00f3na 2019 v kocke"},"content":{"rendered":"<p><strong>Tepl\u00e9 po\u010dasie st\u00e1le l\u00e1ka na bicykel. Av\u0161ak prof\u00edci u\u017e svoju sez\u00f3nu dozaista uzavreli. Ur\u010dite tak urobil najlep\u0161\u00ed Slov\u00e1k, Peter Sagan, ktor\u00fd aj v tomto roku bodoval na viacer\u00fdch hodnotn\u00fdch podujatiach. Aj ke\u010f ho o nieko\u013eko mesiacov neuvid\u00edme v d\u00fahov\u00fdch farb\u00e1ch, st\u00e1le to bude superhviezda zo Slovenska. Pozrime sa na to, ako vyzerala jeho tohtoro\u010dn\u00e1 sez\u00f3na.<\/strong><!--more--><\/p>\n<p>Peter Sagan v profipelot\u00f3ne po\u010das svojej vy\u0161e desa\u0165ro\u010dnej kari\u00e9ry nazbieral u\u017e <strong>113 profesion\u00e1lnych v\u00ed\u0165azstiev<\/strong>, ktor\u00e9 ho klad\u00fa na popredn\u00e9 miesta v \u00faspe\u0161nosti. Navy\u0161e dok\u00e1zal po\u010das siedmych rokov z\u00edska\u0165 6 zelen\u00fdch dresov v bodovacej s\u00fa\u0165a\u017ei na Tour de France, vyhra\u0165 trikr\u00e1t majstrovstv\u00e1 sveta, a to e\u0161te k tomu po sebe. V tomto zozname by sme mohli pokra\u010dova\u0165 h\u00e1dam e\u0161te dlho, av\u0161ak dnes sa zameriame na \u00faspechy a mo\u017eno aj menej \u0161\u0165astn\u00e9 chv\u00edle, ktor\u00e9 sprev\u00e1dzali Petra na jeho p\u00fati v cyklistickom svete s ozna\u010den\u00edm 2019.<\/p>\n<h2><strong>Skor\u00fd vstup do sez\u00f3ny \u2013 Santos Tour Down Under<\/strong><\/h2>\n<p>U\u017e hne\u010f v janu\u00e1ri sa Peter z\u00fa\u010dastnil jedn\u00fdch z \u201epr\u00edpravn\u00fdch\u201c etapov\u00fdch pretekov v Austr\u00e1lii. Ke\u010f my sme mrzli, jeho su\u017eovalo tepl\u00e9 po\u010dasie. Po\u010das \u0161iestich et\u00e1p dok\u00e1zal <strong>trikr\u00e1t skon\u010di\u0165 na stupni v\u00ed\u0165azov<\/strong>. Dokonca v tretej etape aj zv\u00ed\u0165azil pred L. L. Sanchezom a D. Impeyim. Bonusom pre neho bolo aj tretie miesto v bodovacej klasifik\u00e1cii.<\/p>\n<lite-youtube videoid=sMCKubRAyq4 params=\"enablejsapi=1\" style=\"background-image: url('https:\/\/i.ytimg.com\/vi_webp\/sMCKubRAyq4\/maxresdefault.webp');\"><\/lite-youtube>\n<h2><strong>Pokra\u010dovanie v Argent\u00edne a v Taliansku<\/strong><\/h2>\n<p>U\u017e o mesiac sa po tvrdom tr\u00e9ningu vydal Peter Sagan do Argent\u00edny. Konala sa tu toti\u017e <strong>Vuelta a San Juan Internacional<\/strong>, etapov\u00e9 preteky v trvan\u00ed siedmych et\u00e1p. Samozrejme, tie horsk\u00e9 zdolal len ako nutnos\u0165. Av\u0161ak po\u010das rovinat\u00fdch dok\u00e1zal \u201cuchmatn\u00fa\u0165\u201d aspo\u0148 jedno druh\u00e9 a jedno tretie miesto. V celkovom s\u00fa\u010dte si prip\u00edsal \u201elen\u201c 8 bodov do klasifik\u00e1cie UCI.<\/p>\n<p><a href=\"https:\/\/d2p6e6u75xmxt8.cloudfront.net\/4\/2019\/10\/01-2.jpg\"><img loading=\"lazy\" decoding=\"async\" src=\"https:\/\/d2p6e6u75xmxt8.cloudfront.net\/4\/2019\/10\/01-2.jpg\" alt=\"\" width=\"1200\" height=\"800\" class=\"alignnone size-full wp-image-8459\" \/><\/a><\/p>\n<p>Marec, sk\u00f4r ne\u017e sa preklopil do \u201eklasik\u00e1rskej\u201c f\u00e1ze, patril e\u0161te povestn\u00e9mu \u201eAdriatiku\u201c, teda etapov\u00fdm pretekom <strong>Tirreno-Adriatico<\/strong>, ktor\u00e9 je pre mnoh\u00fdch svetov\u00fdch jazdcov sk\u00fa\u0161kou pred pr\u00e1ve spomenut\u00fdm klasik\u00e1rskym obdob\u00edm. Ani tu sa v\u0161ak v\u00fdraznej\u0161ie nepresadil. Samozrejme, to nehovor\u00ed o jeho snahe presadi\u0165 sa. Najlep\u0161ie umiestnenie zaznamenal v tretej etape, kde po \u0161printe s Vivianim \u010di Gaviriom nedok\u00e1zal porazi\u0165 len prv\u00e9ho menovan\u00e9ho. Navy\u0161e ho u\u017e o nieko\u013eko dn\u00ed \u010dakali prv\u00e9 klasiky.<\/p>\n<h2><strong>Hur\u00e1 na monumenty! Av\u0161ak s tro\u0161ku in\u00fdm n\u00e1dychom<\/strong><\/h2>\n<p>H\u00e1dam v\u0161etci s netrpezlivos\u0165ou o\u010dak\u00e1vame pr\u00edchod marca a nasleduj\u00facich mesiacov, kedy sa naplno roztrhne vrece s jedn\u00fdm z naj\u00fa\u017easnej\u0161\u00edch divadiel v \u0161porte \u2013 s jednor\u00e1zov\u00fdmi podujatiami, ktor\u00e9 v sebe obsahuj\u00fa v\u0161etko potrebn\u00e9. Na chv\u00edle, kedy jazdci id\u00fa naplno s vidinou zap\u00edsania sa do legend\u00e1rnej listiny cyklistick\u00fdch \u201ebohov\u201c.<\/p>\n<p>To je pr\u00e1ve parketa pre Petra Sagana, ktor\u00fd u\u017e v minulosti dok\u00e1zal z\u00edska\u0165 takmer v\u0161etky v\u00ed\u0165azstv\u00e1 na klasik\u00e1ch. \u017dia\u013e, tento rok mu k tomu v\u00fdraznej\u0161ou mierou neprispel. Hovorilo sa o zdravotn\u00fdch probl\u00e9moch \u010di nedostato\u010dnej forme. Tak \u010di onak, Peter je len \u010dlovek a aj napriek tomu predviedol nev\u0161edn\u00e9 cyklistick\u00e9 divadlo.<\/p>\n<lite-youtube videoid=XOmN91xfX0E params=\"enablejsapi=1\" style=\"background-image: url('https:\/\/i.ytimg.com\/vi_webp\/XOmN91xfX0E\/maxresdefault.webp');\"><\/lite-youtube>\n<p>V \u00favode sa z\u00fa\u010dastnil na u\u017e 110. ro\u010dn\u00edka <strong>Mil\u00e1no &#8211; San Remo<\/strong>. V silnej konkurencii v\u0161ak nedok\u00e1zal v poslednom kopci a n\u00e1slednom zjazde s\u00e1m dotiahnu\u0165 J. Alaphilippa, ktor\u00fd predviedol fam\u00f3zny fini\u0161. Ostala mu len nepopul\u00e1rna \u0161tvrt\u00e1 prie\u010dka.<\/p>\n<p>U\u017e o necel\u00fd t\u00fd\u017ede\u0148 sa v priamej n\u00e1slednosti objavil na <strong>E3 BinckBank Classic<\/strong>, z ktorej si v roku 2014 odniesol v\u00ed\u0165azstvo. Tentokr\u00e1t to v\u0161ak a\u017e tak\u00e9 ru\u017eov\u00e9 nebolo. Do cie\u013ea pri\u0161iel a\u017e s odstupom takmer dvoch min\u00fat na v\u00ed\u0165azn\u00e9ho Z. \u0160tybara, a obsadil tak 17. prie\u010dku.<\/p>\n<p>O dva dni na to sa op\u00e4\u0165 predstavil na belgickom \u00fazem\u00ed \u2013 <strong>Gent Wevelgem<\/strong> na Fl\u00e1mskych poliach. Rovnako popul\u00e1rna klasika pritiahla siln\u00fa zostavu pretek\u00e1rov. Navy\u0161e z\u00e1ver sa nedal nazva\u0165 inak, len \u0161print\u00e9rskym divadlom, kedy takmer tridsa\u0165\u010dlenn\u00e1 skupina bojovala o zisk cennej trofeje. Najsilnej\u0161\u00edm sa stal A. Kristoff pred J. Degenkolbom a O. Naesenom. Peter Sagan sa s 13-sekundovou stratou umiestnil na 32. mieste. K trom v\u00ed\u0165azstv\u00e1m na tomto podujat\u00ed tak nepridal \u010fal\u0161ie.<\/p>\n<p>Okolo Fl\u00e1mska Petrovi op\u00e4\u0165 nevy\u0161lo. Po tom, ako v roku 2016 zv\u00ed\u0165azil s jednozna\u010dn\u00fdm n\u00e1skokom pred e\u0161te pretekaj\u00facou legendou, F. Cancellarom, sa tentoraz po n\u00e1ro\u010dnom boji nedok\u00e1zal presadi\u0165 v z\u00e1vere\u010dnom st\u00fapan\u00ed. V kone\u010dnom s\u00fa\u010dte sa umiestnil na st\u00e1le vynikaj\u00facom 11. mieste. Obdobne tomu bolo na <strong>Par\u00ed\u017e &#8211; Roubaix<\/strong>, ktor\u00e9 je asi najzn\u00e1mej\u0161\u00edm podujat\u00edm tejto \u010dasti roka. Aj tu za\u00faradovala taktika t\u00edmov. P. Gilbert v spolupr\u00e1ci s Y. Lampaertom takticky ovl\u00e1dli z\u00e1ver a ani P. Sagan s t\u00fdm nemohol ni\u010d urobi\u0165. Cie\u013eov\u00fa p\u00e1sku tak pre\u0165al na 5. mieste.<\/p>\n<p>Posledn\u00e1 dvojica klas\u00edk ostala pre Petra nie\u010d\u00edm ako zl\u00fdm snom. Na <strong>Amstel Gold Race<\/strong>, ktor\u00e9 suver\u00e9nne opanoval M. v. d. Poel, nov\u00e1 hviezda takmer ka\u017edej odno\u017ee cyklistiky, svoje preteky nedokon\u010dil. Obdobne tomu bolo aj na <strong>Val\u00f3nskom \u0161\u00edpe<\/strong>. Touto bodkou ukon\u010dil klasik\u00e1rsku sez\u00f3nu.<\/p>\n<h2><strong>Zlat\u00e1 Kalifornia vo v\u00ed\u0165azstvom<\/strong><\/h2>\n<p>Na p\u00f4de <strong>Amgen Tour of California<\/strong> je Peter Sagan sn\u00e1\u010f naj\u017eiarivej\u0161\u00edm pretek\u00e1rom. Po tom, ako v posledn\u00fdch rokoch dok\u00e1zal z\u00edska\u0165 u\u017e celkovo 16 etapov\u00fdch v\u00ed\u0165azstiev, je miestnou cyklistickou superstar. Aj tento rok sa mu podarilo toto konto nav\u00fd\u0161i\u0165, a to u\u017e hne\u010f v prvej etape. Po \u0161printe bol najr\u00fdchlej\u0161\u00edm pred T. McCabom a M. Walscheidom. Av\u0161ak v nasleduj\u00facich d\u0148och sa musel uspokoji\u0165 s 3. miestom vo \u0161tvrtej etape a druh\u00fdm miestom v poslednej, siedmej etape. V bodovacej s\u00fa\u0165a\u017ei skon\u010dil na 2. mieste.<\/p>\n<p><a href=\"https:\/\/d2p6e6u75xmxt8.cloudfront.net\/4\/2019\/10\/02-2.jpg\"><img loading=\"lazy\" decoding=\"async\" src=\"https:\/\/d2p6e6u75xmxt8.cloudfront.net\/4\/2019\/10\/02-2.jpg\" alt=\"\" width=\"1200\" height=\"800\" class=\"alignnone size-full wp-image-8460\" \/><\/a><\/p>\n<h2><strong>Okolo \u0160vaj\u010diarska a Majstrovstv\u00e1 Slovenska<\/strong><\/h2>\n<p>Zn\u00e1ma previerka pred Tour de France. Aj takto by sa dali charakterizova\u0165 etapov\u00e9 preteky Okolo \u0160vaj\u010diarska, ktor\u00e9 v\u0161ak svojou kvalitou ni\u010d\u00edm nezaost\u00e1vaj\u00fa za franc\u00fazskou Starou d\u00e1mou. Peter Sagan bodoval predov\u0161etk\u00fdm v prv\u00fdch etap\u00e1ch, kedy skon\u010dil postupne na siedmom, druhom, prvom, tre\u0165om a op\u00e4tovne druhom mieste. Aj v\u010faka tomu v celkovom hodnoten\u00ed bodovacej klasifik\u00e1cie zv\u00ed\u0165azil pred E. Vivianom o 5 bodov.<\/p>\n<lite-youtube videoid=i4bmhimGYH0 params=\"enablejsapi=1\" style=\"background-image: url('https:\/\/i.ytimg.com\/vi_webp\/i4bmhimGYH0\/maxresdefault.webp');\"><\/lite-youtube>\n<p><a href=\"https:\/\/www.welovecycling.com\/sk\/2019\/07\/01\/ako-dopadli-majstrovstva-slovenska-v-cestnej-cyklistike\/\">Spojen\u00e9 majstrovstv\u00e1 Slovenskej a \u010ceskej republiky<\/a> s\u00fa nie\u010d\u00edm, \u010do prin\u00e1\u0161a svetov\u00fa cyklistiku aj do na\u0161ej krajiny. Napriek tomu, \u017ee v pelot\u00f3ne nem\u00e1me a\u017e tak\u00e9 po\u010detn\u00e9 zast\u00fapenie, ka\u017ed\u00fd z nich je na rodnej p\u00f4de hviezdou. V Trnave sa op\u00e4\u0165 rozhodovalo o tom, kto bude po\u010das nasleduj\u00faceho roka nosi\u0165 slovensk\u00fa trikol\u00f3ru. Nakoniec to rozhodol J. Sagan, ktor\u00fd s vy\u0161e min\u00fatov\u00fdm n\u00e1skokom prekonal E. Ba\u0161ku a P. Tybora. Peter Sagan sa umiestnil na 4. mieste.<\/p>\n<h2><strong>\u010eal\u0161ia Tour de France a \u010fal\u0161\u00ed zelen\u00fd dres<\/strong><\/h2>\n<p>Najv\u00e4\u010d\u0161\u00ed sviatok cyklistiky, Tour de France, sa ani tento rok nezaobi\u0161iel bez Petra Sagana, ktor\u00fd tomuto podujatiu venoval v\u00e4\u010d\u0161inu svojej sez\u00f3nnej pr\u00edpravy. Pred jej za\u010diatkom bolo na Petrovom konte celkovo 11 etapov\u00fdch v\u00ed\u0165azstiev z t\u00fdchto pretekov. Toto \u010d\u00edslo sa aj nav\u00fd\u0161ilo, a to u\u017e v 5. etape, po tom, ako v klasik\u00e1rskej etape do Colmaru zdolal tak\u00fdch pretek\u00e1rov, ak\u00fdm je b\u00fdval\u00fd majster sveta v cyklokrose W. van Aert alebo M. Trentin. Celkovo po\u010das Tour <strong>z\u00edskal jedno druh\u00e9 a jedno tretie miesto<\/strong>. D\u00f4le\u017eit\u00fdm momentom bola samozrejme bodovacia s\u00fa\u0165a\u017e, ktor\u00e1 op\u00e4\u0165 pripadla, a to s dominantn\u00fdm n\u00e1skokom, pr\u00e1ve Petrovi. Stal sa tak prv\u00fdm cyklistom, odn\u00e1\u0161aj\u00facim si a\u017e sedem zelen\u00fdch dresov z Tour de France.<\/p>\n<p><a href=\"https:\/\/d2p6e6u75xmxt8.cloudfront.net\/4\/2019\/10\/03-1.jpg\"><img loading=\"lazy\" decoding=\"async\" src=\"https:\/\/d2p6e6u75xmxt8.cloudfront.net\/4\/2019\/10\/03-1.jpg\" alt=\"\" width=\"1200\" height=\"800\" class=\"alignnone size-full wp-image-8461\" \/><\/a><\/p>\n<h2><strong>Pr\u00edprava na majstrovstv\u00e1 sveta a koniec sez\u00f3ny<\/strong><\/h2>\n<p>Po Tour de France sme Petra na cyklistick\u00fdch podujatiach nevideli takmer mesiac. Uk\u00e1zal sa v Nemecku, v Kanade a n\u00e1sledne aj v Belgicku. Okrem druh\u00e9ho miesta na <strong>Grand Prix Cycliste de Qu\u00e9bec<\/strong>, bolo ka\u017ed\u00e9 z t\u00fdchto pretekov sk\u00f4r pr\u00edpravou na posledn\u00fd vrchol sez\u00f3ny.<\/p>\n<p><a href=\"https:\/\/d2p6e6u75xmxt8.cloudfront.net\/4\/2019\/10\/04-1.jpg\"><img loading=\"lazy\" decoding=\"async\" src=\"https:\/\/d2p6e6u75xmxt8.cloudfront.net\/4\/2019\/10\/04-1.jpg\" alt=\"\" width=\"1200\" height=\"800\" class=\"alignnone size-full wp-image-8462\" \/><\/a><\/p>\n<p>Napriek viacer\u00fdm discipl\u00ednam na <a href=\"https:\/\/www.welovecycling.com\/sk\/2019\/09\/30\/majstrovstva-sveta-su-za-nami-ake-boli\/\">majstrovstv\u00e1ch sveta<\/a> si Peter vybral len \u00fa\u010das\u0165 na pretekoch s hromadn\u00fdm \u0161tartom. Siln\u00fd d\u00e1\u017e\u010f sprev\u00e1dzaj\u00faci jazdcov po\u010das cel\u00e9ho d\u0148a nielen\u017ee prin\u00fatil organiz\u00e1torov skr\u00e1ti\u0165 tra\u0165 o niektor\u00e9 nebezpe\u010dn\u00e9 \u00faseky, ale navy\u0161e okresal pelot\u00f3n takmer na 40 pretek\u00e1rov, ktor\u00ed vstupovali do posledn\u00fdch kilometrov. Medzi nimi bol aj P. Sagan. Proti nemu hrala skuto\u010dnos\u0165, \u017ee sa pred pelot\u00f3nom, v ktorom bol aj on s\u00e1m, vytvorila siln\u00e1 skupinka, v r\u00e1mci ktorej sa nakoniec rozhodovalo o novom majstrovi. N\u00edm sa stal M. Pedersen pred M. Trentinom a S. Kungom. Ani \u00fanik z pelot\u00f3nu v posledn\u00fdch kilometroch nezachr\u00e1nil t\u00fato situ\u00e1ciu a Peter si pri\u0161iel o st\u00e1le v\u00fdborn\u00e9 piate miesto.<\/p>\n<p>Teraz n\u00e1s \u010dak\u00e1 nepopul\u00e1rne \u010dakanie na op\u00e4tovn\u00e9 rozto\u010denie povestn\u00e9ho koloto\u010da cyklistiky. Ak\u00fd bude rok 2020 pre Petra Sagana? Uvid\u00edme znovu tie fam\u00f3zne v\u00fdkony, ktor\u00fdmi sa presl\u00e1vil (nielen) v \u0161porte? Ako to vid\u00edte vy?<\/p>\n<p><em>(zdroje fotiek: Fb\/TirrenoAdriatico, fb BrianHodes\/Veloimages, fb A.S.O.\/A. Broadway, fb Broadway\/SWpix.com)<\/em><\/p>\n","protected":false},"excerpt":{"rendered":"<p>Tepl\u00e9 po\u010dasie st\u00e1le l\u00e1ka na bicykel. Av\u0161ak prof\u00edci u\u017e svoju sez\u00f3nu dozaista uzavreli. Ur\u010dite tak urobil najlep\u0161\u00ed Slov\u00e1k, Peter Sagan, [&hellip;]<\/p>\n","protected":false},"author":38,"featured_media":8463,"comment_status":"open","ping_status":"open","sticky":false,"template":"","format":"standard","meta":{"footnotes":""},"categories":[4],"tags":[427,275,115,487,331,423,429,1177,1178,428,46,1012,20,269,886],"global-categories":[1074],"class_list":["post-8458","post","type-post","status-publish","format-standard","has-post-thumbnail","hentry","category-cestna-cyklisitika","tag-amstel-gold-race","tag-cesta","tag-cestna-cyklistika","tag-cestny-bicykel","tag-etapove-preteky","tag-milano-san-remo","tag-okolo-flamska","tag-okolo-kalifornie","tag-okolo-svajciarska","tag-pariz-roubaix","tag-peter-sagan","tag-pretekar","tag-tour-de-france","tag-vitaz","tag-vitazstvo","global-categories-cycling"],"yoast_head":"<!-- This site is optimized with the Yoast SEO Premium plugin v25.3 (Yoast SEO v25.9) - https:\/\/yoast.com\/wordpress\/plugins\/seo\/ -->\n<title>Peter Sagan a jeho sez\u00f3na 2019 v kocke - \u0160koda We Love Cycling Slovensko<\/title>\n<meta name=\"robots\" content=\"index, follow, max-snippet:-1, max-image-preview:large, max-video-preview:-1\" \/>\n<link rel=\"canonical\" href=\"https:\/\/www.welovecycling.com\/sk\/2019\/10\/18\/peter-sagan-a-jeho-sezona-2019-v-kocke\/\" \/>\n<meta property=\"og:locale\" content=\"sk_SK\" \/>\n<meta property=\"og:type\" content=\"article\" \/>\n<meta property=\"og:title\" content=\"Peter Sagan a jeho sez\u00f3na 2019 v kocke\" \/>\n<meta property=\"og:description\" content=\"Tepl\u00e9 po\u010dasie st\u00e1le l\u00e1ka na bicykel. Av\u0161ak prof\u00edci u\u017e svoju sez\u00f3nu dozaista uzavreli. Ur\u010dite tak urobil najlep\u0161\u00ed Slov\u00e1k, Peter Sagan, [&hellip;]\" \/>\n<meta property=\"og:url\" content=\"https:\/\/www.welovecycling.com\/sk\/2019\/10\/18\/peter-sagan-a-jeho-sezona-2019-v-kocke\/\" \/>\n<meta property=\"og:site_name\" content=\"\u0160koda We Love Cycling Slovensko\" \/>\n<meta property=\"article:published_time\" content=\"2019-10-18T11:31:54+00:00\" \/>\n<meta property=\"article:modified_time\" content=\"2019-10-18T11:40:09+00:00\" \/>\n<meta property=\"og:image\" content=\"https:\/\/d2p6e6u75xmxt8.cloudfront.net\/4\/2019\/10\/00.webp\" \/>\n\t<meta property=\"og:image:width\" content=\"1380\" \/>\n\t<meta property=\"og:image:height\" content=\"600\" \/>\n\t<meta property=\"og:image:type\" content=\"image\/webp\" \/>\n<meta name=\"author\" content=\"Ondrej Ga\u0161par\" \/>\n<meta name=\"twitter:card\" content=\"summary_large_image\" \/>\n<meta name=\"twitter:label1\" content=\"Written by\" \/>\n\t<meta name=\"twitter:data1\" content=\"We Love Cycling\" \/>\n\t<meta name=\"twitter:label2\" content=\"Est. reading time\" \/>\n\t<meta name=\"twitter:data2\" content=\"9\" \/>\n<script type=\"application\/ld+json\" class=\"yoast-schema-graph\">{\"@context\":\"https:\/\/schema.org\",\"@graph\":[{\"@type\":\"WebPage\",\"@id\":\"https:\/\/www.welovecycling.com\/sk\/2019\/10\/18\/peter-sagan-a-jeho-sezona-2019-v-kocke\/\",\"url\":\"https:\/\/www.welovecycling.com\/sk\/2019\/10\/18\/peter-sagan-a-jeho-sezona-2019-v-kocke\/\",\"name\":\"Peter Sagan a jeho sez\u00f3na 2019 v kocke - \u0160koda We Love Cycling Slovensko\",\"isPartOf\":{\"@id\":\"https:\/\/www.welovecycling.com\/sk\/#website\"},\"primaryImageOfPage\":{\"@id\":\"https:\/\/www.welovecycling.com\/sk\/2019\/10\/18\/peter-sagan-a-jeho-sezona-2019-v-kocke\/#primaryimage\"},\"image\":{\"@id\":\"https:\/\/www.welovecycling.com\/sk\/2019\/10\/18\/peter-sagan-a-jeho-sezona-2019-v-kocke\/#primaryimage\"},\"thumbnailUrl\":\"https:\/\/d2p6e6u75xmxt8.cloudfront.net\/4\/2019\/10\/00.webp\",\"datePublished\":\"2019-10-18T11:31:54+00:00\",\"dateModified\":\"2019-10-18T11:40:09+00:00\",\"author\":{\"@id\":\"https:\/\/www.welovecycling.com\/sk\/#\/schema\/person\/8ee09ba39b7e25b1870160aa5b3a89bc\"},\"breadcrumb\":{\"@id\":\"https:\/\/www.welovecycling.com\/sk\/2019\/10\/18\/peter-sagan-a-jeho-sezona-2019-v-kocke\/#breadcrumb\"},\"inLanguage\":\"sk-SK\",\"potentialAction\":[{\"@type\":\"ReadAction\",\"target\":[\"https:\/\/www.welovecycling.com\/sk\/2019\/10\/18\/peter-sagan-a-jeho-sezona-2019-v-kocke\/\"]}]},{\"@type\":\"ImageObject\",\"inLanguage\":\"sk-SK\",\"@id\":\"https:\/\/www.welovecycling.com\/sk\/2019\/10\/18\/peter-sagan-a-jeho-sezona-2019-v-kocke\/#primaryimage\",\"url\":\"https:\/\/d2p6e6u75xmxt8.cloudfront.net\/4\/2019\/10\/00.webp\",\"contentUrl\":\"https:\/\/d2p6e6u75xmxt8.cloudfront.net\/4\/2019\/10\/00.webp\",\"width\":1380,\"height\":600},{\"@type\":\"BreadcrumbList\",\"@id\":\"https:\/\/www.welovecycling.com\/sk\/2019\/10\/18\/peter-sagan-a-jeho-sezona-2019-v-kocke\/#breadcrumb\",\"itemListElement\":[{\"@type\":\"ListItem\",\"position\":1,\"name\":\"Home\",\"item\":\"https:\/\/www.welovecycling.com\/sk\/\"},{\"@type\":\"ListItem\",\"position\":2,\"name\":\"Peter Sagan a jeho sez\u00f3na 2019 v kocke\"}]},{\"@type\":\"WebSite\",\"@id\":\"https:\/\/www.welovecycling.com\/sk\/#website\",\"url\":\"https:\/\/www.welovecycling.com\/sk\/\",\"name\":\"\u0160koda We Love Cycling Slovensko\",\"description\":\"\u0160koda We Love Cycling Slovensko je v\u00e1\u0161 ka\u017edodenn\u00fd zdroj noviniek a in\u0161pir\u00e1cie z sveta cyklistiky\",\"potentialAction\":[{\"@type\":\"SearchAction\",\"target\":{\"@type\":\"EntryPoint\",\"urlTemplate\":\"https:\/\/www.welovecycling.com\/sk\/?s={search_term_string}\"},\"query-input\":{\"@type\":\"PropertyValueSpecification\",\"valueRequired\":true,\"valueName\":\"search_term_string\"}}],\"inLanguage\":\"sk-SK\"},{\"@type\":\"Person\",\"@id\":\"https:\/\/www.welovecycling.com\/sk\/#\/schema\/person\/8ee09ba39b7e25b1870160aa5b3a89bc\",\"name\":\"Ondrej Ga\u0161par\",\"image\":{\"@type\":\"ImageObject\",\"inLanguage\":\"sk-SK\",\"@id\":\"https:\/\/www.welovecycling.com\/sk\/#\/schema\/person\/image\/\",\"url\":\"https:\/\/secure.gravatar.com\/avatar\/6126c9afb87b70da5abbb083ddbb21933da15f18f8ca7cb822aba0fb096a48f6?s=96&d=mm&r=g\",\"contentUrl\":\"https:\/\/secure.gravatar.com\/avatar\/6126c9afb87b70da5abbb083ddbb21933da15f18f8ca7cb822aba0fb096a48f6?s=96&d=mm&r=g\",\"caption\":\"Ondrej Ga\u0161par\"},\"url\":\"https:\/\/www.welovecycling.com\/sk\/author\/ondrejgaspar\/\"}]}<\/script>\n<!-- \/ Yoast SEO Premium plugin. -->","yoast_head_json":{"title":"Peter Sagan a jeho sez\u00f3na 2019 v kocke - \u0160koda We Love Cycling Slovensko","robots":{"index":"index","follow":"follow","max-snippet":"max-snippet:-1","max-image-preview":"max-image-preview:large","max-video-preview":"max-video-preview:-1"},"canonical":"https:\/\/www.welovecycling.com\/sk\/2019\/10\/18\/peter-sagan-a-jeho-sezona-2019-v-kocke\/","og_locale":"sk_SK","og_type":"article","og_title":"Peter Sagan a jeho sez\u00f3na 2019 v kocke","og_description":"Tepl\u00e9 po\u010dasie st\u00e1le l\u00e1ka na bicykel. Av\u0161ak prof\u00edci u\u017e svoju sez\u00f3nu dozaista uzavreli. Ur\u010dite tak urobil najlep\u0161\u00ed Slov\u00e1k, Peter Sagan, [&hellip;]","og_url":"https:\/\/www.welovecycling.com\/sk\/2019\/10\/18\/peter-sagan-a-jeho-sezona-2019-v-kocke\/","og_site_name":"\u0160koda We Love Cycling Slovensko","article_published_time":"2019-10-18T11:31:54+00:00","article_modified_time":"2019-10-18T11:40:09+00:00","og_image":[{"width":1380,"height":600,"url":"https:\/\/d2p6e6u75xmxt8.cloudfront.net\/4\/2019\/10\/00.webp","type":"image\/webp"}],"author":"Ondrej Ga\u0161par","twitter_card":"summary_large_image","twitter_misc":{"Written by":"We Love Cycling","Est. reading time":"9"},"schema":{"@context":"https:\/\/schema.org","@graph":[{"@type":"WebPage","@id":"https:\/\/www.welovecycling.com\/sk\/2019\/10\/18\/peter-sagan-a-jeho-sezona-2019-v-kocke\/","url":"https:\/\/www.welovecycling.com\/sk\/2019\/10\/18\/peter-sagan-a-jeho-sezona-2019-v-kocke\/","name":"Peter Sagan a jeho sez\u00f3na 2019 v kocke - \u0160koda We Love Cycling Slovensko","isPartOf":{"@id":"https:\/\/www.welovecycling.com\/sk\/#website"},"primaryImageOfPage":{"@id":"https:\/\/www.welovecycling.com\/sk\/2019\/10\/18\/peter-sagan-a-jeho-sezona-2019-v-kocke\/#primaryimage"},"image":{"@id":"https:\/\/www.welovecycling.com\/sk\/2019\/10\/18\/peter-sagan-a-jeho-sezona-2019-v-kocke\/#primaryimage"},"thumbnailUrl":"https:\/\/d2p6e6u75xmxt8.cloudfront.net\/4\/2019\/10\/00.webp","datePublished":"2019-10-18T11:31:54+00:00","dateModified":"2019-10-18T11:40:09+00:00","author":{"@id":"https:\/\/www.welovecycling.com\/sk\/#\/schema\/person\/8ee09ba39b7e25b1870160aa5b3a89bc"},"breadcrumb":{"@id":"https:\/\/www.welovecycling.com\/sk\/2019\/10\/18\/peter-sagan-a-jeho-sezona-2019-v-kocke\/#breadcrumb"},"inLanguage":"sk-SK","potentialAction":[{"@type":"ReadAction","target":["https:\/\/www.welovecycling.com\/sk\/2019\/10\/18\/peter-sagan-a-jeho-sezona-2019-v-kocke\/"]}]},{"@type":"ImageObject","inLanguage":"sk-SK","@id":"https:\/\/www.welovecycling.com\/sk\/2019\/10\/18\/peter-sagan-a-jeho-sezona-2019-v-kocke\/#primaryimage","url":"https:\/\/d2p6e6u75xmxt8.cloudfront.net\/4\/2019\/10\/00.webp","contentUrl":"https:\/\/d2p6e6u75xmxt8.cloudfront.net\/4\/2019\/10\/00.webp","width":1380,"height":600},{"@type":"BreadcrumbList","@id":"https:\/\/www.welovecycling.com\/sk\/2019\/10\/18\/peter-sagan-a-jeho-sezona-2019-v-kocke\/#breadcrumb","itemListElement":[{"@type":"ListItem","position":1,"name":"Home","item":"https:\/\/www.welovecycling.com\/sk\/"},{"@type":"ListItem","position":2,"name":"Peter Sagan a jeho sez\u00f3na 2019 v kocke"}]},{"@type":"WebSite","@id":"https:\/\/www.welovecycling.com\/sk\/#website","url":"https:\/\/www.welovecycling.com\/sk\/","name":"\u0160koda We Love Cycling Slovensko","description":"\u0160koda We Love Cycling Slovensko je v\u00e1\u0161 ka\u017edodenn\u00fd zdroj noviniek a in\u0161pir\u00e1cie z sveta cyklistiky","potentialAction":[{"@type":"SearchAction","target":{"@type":"EntryPoint","urlTemplate":"https:\/\/www.welovecycling.com\/sk\/?s={search_term_string}"},"query-input":{"@type":"PropertyValueSpecification","valueRequired":true,"valueName":"search_term_string"}}],"inLanguage":"sk-SK"},{"@type":"Person","@id":"https:\/\/www.welovecycling.com\/sk\/#\/schema\/person\/8ee09ba39b7e25b1870160aa5b3a89bc","name":"Ondrej Ga\u0161par","image":{"@type":"ImageObject","inLanguage":"sk-SK","@id":"https:\/\/www.welovecycling.com\/sk\/#\/schema\/person\/image\/","url":"https:\/\/secure.gravatar.com\/avatar\/6126c9afb87b70da5abbb083ddbb21933da15f18f8ca7cb822aba0fb096a48f6?s=96&d=mm&r=g","contentUrl":"https:\/\/secure.gravatar.com\/avatar\/6126c9afb87b70da5abbb083ddbb21933da15f18f8ca7cb822aba0fb096a48f6?s=96&d=mm&r=g","caption":"Ondrej Ga\u0161par"},"url":"https:\/\/www.welovecycling.com\/sk\/author\/ondrejgaspar\/"}]}},"_links":{"self":[{"href":"https:\/\/www.welovecycling.com\/sk\/wp-json\/wp\/v2\/posts\/8458","targetHints":{"allow":["GET"]}}],"collection":[{"href":"https:\/\/www.welovecycling.com\/sk\/wp-json\/wp\/v2\/posts"}],"about":[{"href":"https:\/\/www.welovecycling.com\/sk\/wp-json\/wp\/v2\/types\/post"}],"author":[{"embeddable":true,"href":"https:\/\/www.welovecycling.com\/sk\/wp-json\/wp\/v2\/users\/38"}],"replies":[{"embeddable":true,"href":"https:\/\/www.welovecycling.com\/sk\/wp-json\/wp\/v2\/comments?post=8458"}],"version-history":[{"count":2,"href":"https:\/\/www.welovecycling.com\/sk\/wp-json\/wp\/v2\/posts\/8458\/revisions"}],"predecessor-version":[{"id":8466,"href":"https:\/\/www.welovecycling.com\/sk\/wp-json\/wp\/v2\/posts\/8458\/revisions\/8466"}],"wp:featuredmedia":[{"embeddable":true,"href":"https:\/\/www.welovecycling.com\/sk\/wp-json\/wp\/v2\/media\/8463"}],"wp:attachment":[{"href":"https:\/\/www.welovecycling.com\/sk\/wp-json\/wp\/v2\/media?parent=8458"}],"wp:term":[{"taxonomy":"category","embeddable":true,"href":"https:\/\/www.welovecycling.com\/sk\/wp-json\/wp\/v2\/categories?post=8458"},{"taxonomy":"post_tag","embeddable":true,"href":"https:\/\/www.welovecycling.com\/sk\/wp-json\/wp\/v2\/tags?post=8458"},{"taxonomy":"global-categories","embeddable":true,"href":"https:\/\/www.welovecycling.com\/sk\/wp-json\/wp\/v2\/global-categories?post=8458"}],"curies":[{"name":"wp","href":"https:\/\/api.w.org\/{rel}","templated":true}]}}