{"id":8452,"date":"2019-10-21T15:51:25","date_gmt":"2019-10-21T13:51:25","guid":{"rendered":"https:\/\/www.welovecycling.com\/sk\/?p=8452"},"modified":"2019-10-21T15:51:25","modified_gmt":"2019-10-21T13:51:25","slug":"13-veci-ktore-hovoria-len-cyklisti","status":"publish","type":"post","link":"https:\/\/www.welovecycling.com\/sk\/2019\/10\/21\/13-veci-ktore-hovoria-len-cyklisti\/","title":{"rendered":"13 vec\u00ed, ktor\u00e9 hovoria len cyklisti"},"content":{"rendered":"<p><strong>Na to, \u017ee z\u00a0\u00fast cyklistov po\u010dujete mnohokr\u00e1t zvl\u00e1\u0161tne a\u00a0menej zrozumite\u013en\u00e9 veci, sme si u\u017e \u010dasom zvykli. Vybrali sme preto nieko\u013eko fr\u00e1z, ktor\u00e9 hovoria a\u00a0pochopia len t\u00ed z\u00a0n\u00e1s, ktor\u00ed s\u00fa skuto\u010dn\u00fdmi cyklistami telom a\u00a0du\u0161ou.<\/strong><!--more--><\/p>\n<p>1. Po\u010das cel\u00e9ho v\u00fdjazdu ma ru\u0161ili nejak\u00e9 zvuky od stredov\u00e9ho zlo\u017eenia.<\/p>\n<p>2. Trpel som v\u00a0sedle cel\u00e9 hodiny, ale t\u00fdch posledn\u00fdch p\u00e4\u0165 min\u00fat to cel\u00e9 zmenilo na\u00a0par\u00e1dny pojazd.<\/p>\n<p>3. Celodenn\u00fd v\u00fdjazd je d\u00f4vodom, pre\u010do sa pri jeden\u00ed dezertu pred ve\u010derou nec\u00edtim nato\u013eko previnilo.<\/p>\n<p>4. U\u017e si ochutnal t\u00fa nov\u00fa pr\u00edchu\u0165 energetick\u00e9ho g\u00e9lu? Delik\u00e1tny!<\/p>\n<p>5. V\u00e4\u010d\u0161inou vst\u00e1vam o\u00a0pol piatej r\u00e1no, aby som stihol kr\u00e1tky, 80 km \u0161vih predt\u00fdm, ako p\u00f4jdem do pr\u00e1ce.<\/p>\n<p>6. U\u0161etril som 15 gramov t\u00fdm, \u017ee som vymenil riaditk\u00e1 za tie kr\u00e1sne karb\u00f3nov\u00e9, ktor\u00e9 ma st\u00e1li len 490 \u20ac!<\/p>\n<p>7. Zlato, nevadilo by ti, ak by som si odsko\u010dil na t\u00fd\u017ede\u0148 pre\u010d? Hovoril som s\u00a0par\u0165\u00e1kmi o\u00a0tom, \u010di by sme si neurobili v\u00fdlet na Nordkapp a\u00a0sp\u00e4\u0165.<\/p>\n<p>8. E\u0161te som \u010faleko od toho, aby som mal pr\u00edli\u0161 ve\u013ea bicyklov. Zatia\u013e m\u00e1m len jeden cestn\u00fd, jeden retro priamo z\u00a0Talianska, jeden mestsk\u00fd a\u00a0jeden horsk\u00fd bicykel.<\/p>\n<p>9. Fakt nepotrebujem vreckovky. Dok\u00e1\u017eem si vyf\u00faka\u0165 nos\u00a0hol\u00fdmi rukami.<\/p>\n<p>10. Chrob\u00e1\u010dik, mohla by si zobra\u0165 n\u00e1\u0161ho psa k\u00a0moru autom? Ja tam p\u00f4jdem na bicykli, tak\u017ee pr\u00eddem o\u00a0\u010dosi nesk\u00f4r.<\/p>\n<p>11. Len testujem, \u010di sa do kufra m\u00f4jho auta zmestia v\u0161etky na\u0161e bicykle.<\/p>\n<p>12. \u010co je zl\u00e9 na tom, \u017ee si prejdeme Bratislavu s\u00a0pou\u017eit\u00edm zdie\u013ean\u00fdch bicyklov?<\/p>\n<p>13. Chlapci, toto pivo je naozaj moje posledn\u00e9. Mus\u00edm toti\u017e st\u00e1va\u0165 skoro r\u00e1no, aby som stihol doobedn\u00fd v\u00fdjazd.<\/p>\n","protected":false},"excerpt":{"rendered":"<p>Na to, \u017ee z\u00a0\u00fast cyklistov po\u010dujete mnohokr\u00e1t zvl\u00e1\u0161tne a\u00a0menej zrozumite\u013en\u00e9 veci, sme si u\u017e \u010dasom zvykli. Vybrali sme preto nieko\u013eko [&hellip;]<\/p>\n","protected":false},"author":81,"featured_media":8453,"comment_status":"open","ping_status":"open","sticky":false,"template":"","format":"standard","meta":{"footnotes":""},"categories":[118],"tags":[115,487,597,546,180,902,797,412,285,56,1156,762,1096,55,508,183],"global-categories":[],"class_list":["post-8452","post","type-post","status-publish","format-standard","has-post-thumbnail","hentry","category-zabava","tag-cestna-cyklistika","tag-cestny-bicykel","tag-cyklista","tag-cyklistika","tag-horska-cyklistika","tag-horsky-bicykel","tag-kadencia","tag-mtb","tag-oblecenie","tag-pivo","tag-pojmy-z-cyklistiky","tag-relax","tag-test","tag-trening","tag-vylet","tag-zabava"],"yoast_head":"<!-- This site is optimized with the Yoast SEO Premium plugin v25.3 (Yoast SEO v25.9) - https:\/\/yoast.com\/wordpress\/plugins\/seo\/ -->\n<title>13 vec\u00ed, ktor\u00e9 hovoria len cyklisti - \u0160koda We Love Cycling Slovensko<\/title>\n<meta name=\"robots\" content=\"index, follow, max-snippet:-1, max-image-preview:large, max-video-preview:-1\" \/>\n<link rel=\"canonical\" href=\"https:\/\/www.welovecycling.com\/sk\/2019\/10\/21\/13-veci-ktore-hovoria-len-cyklisti\/\" \/>\n<meta property=\"og:locale\" content=\"sk_SK\" \/>\n<meta property=\"og:type\" content=\"article\" \/>\n<meta property=\"og:title\" content=\"13 vec\u00ed, ktor\u00e9 hovoria len cyklisti\" \/>\n<meta property=\"og:description\" content=\"Na to, \u017ee z\u00a0\u00fast cyklistov po\u010dujete mnohokr\u00e1t zvl\u00e1\u0161tne a\u00a0menej zrozumite\u013en\u00e9 veci, sme si u\u017e \u010dasom zvykli. Vybrali sme preto nieko\u013eko [&hellip;]\" \/>\n<meta property=\"og:url\" content=\"https:\/\/www.welovecycling.com\/sk\/2019\/10\/21\/13-veci-ktore-hovoria-len-cyklisti\/\" \/>\n<meta property=\"og:site_name\" content=\"\u0160koda We Love Cycling Slovensko\" \/>\n<meta property=\"article:published_time\" content=\"2019-10-21T13:51:25+00:00\" \/>\n<meta property=\"og:image\" content=\"https:\/\/d2p6e6u75xmxt8.cloudfront.net\/4\/2019\/10\/Peter-Sagan-Mark-Cavendish-CVR-profimedia-0305245116.webp\" \/>\n\t<meta property=\"og:image:width\" content=\"1366\" \/>\n\t<meta property=\"og:image:height\" content=\"600\" \/>\n\t<meta property=\"og:image:type\" content=\"image\/webp\" \/>\n<meta name=\"twitter:card\" content=\"summary_large_image\" \/>\n<meta name=\"twitter:label1\" content=\"Written by\" \/>\n\t<meta name=\"twitter:data1\" content=\"Adam Marsal\" \/>\n\t<meta name=\"twitter:label2\" content=\"Est. reading time\" \/>\n\t<meta name=\"twitter:data2\" content=\"2\" \/>\n<script type=\"application\/ld+json\" class=\"yoast-schema-graph\">{\"@context\":\"https:\/\/schema.org\",\"@graph\":[{\"@type\":\"WebPage\",\"@id\":\"https:\/\/www.welovecycling.com\/sk\/2019\/10\/21\/13-veci-ktore-hovoria-len-cyklisti\/\",\"url\":\"https:\/\/www.welovecycling.com\/sk\/2019\/10\/21\/13-veci-ktore-hovoria-len-cyklisti\/\",\"name\":\"13 vec\u00ed, ktor\u00e9 hovoria len cyklisti - \u0160koda We Love Cycling Slovensko\",\"isPartOf\":{\"@id\":\"https:\/\/www.welovecycling.com\/sk\/#website\"},\"primaryImageOfPage\":{\"@id\":\"https:\/\/www.welovecycling.com\/sk\/2019\/10\/21\/13-veci-ktore-hovoria-len-cyklisti\/#primaryimage\"},\"image\":{\"@id\":\"https:\/\/www.welovecycling.com\/sk\/2019\/10\/21\/13-veci-ktore-hovoria-len-cyklisti\/#primaryimage\"},\"thumbnailUrl\":\"https:\/\/d2p6e6u75xmxt8.cloudfront.net\/4\/2019\/10\/Peter-Sagan-Mark-Cavendish-CVR-profimedia-0305245116.webp\",\"datePublished\":\"2019-10-21T13:51:25+00:00\",\"author\":{\"@id\":\"\"},\"breadcrumb\":{\"@id\":\"https:\/\/www.welovecycling.com\/sk\/2019\/10\/21\/13-veci-ktore-hovoria-len-cyklisti\/#breadcrumb\"},\"inLanguage\":\"sk-SK\",\"potentialAction\":[{\"@type\":\"ReadAction\",\"target\":[\"https:\/\/www.welovecycling.com\/sk\/2019\/10\/21\/13-veci-ktore-hovoria-len-cyklisti\/\"]}]},{\"@type\":\"ImageObject\",\"inLanguage\":\"sk-SK\",\"@id\":\"https:\/\/www.welovecycling.com\/sk\/2019\/10\/21\/13-veci-ktore-hovoria-len-cyklisti\/#primaryimage\",\"url\":\"https:\/\/d2p6e6u75xmxt8.cloudfront.net\/4\/2019\/10\/Peter-Sagan-Mark-Cavendish-CVR-profimedia-0305245116.webp\",\"contentUrl\":\"https:\/\/d2p6e6u75xmxt8.cloudfront.net\/4\/2019\/10\/Peter-Sagan-Mark-Cavendish-CVR-profimedia-0305245116.webp\",\"width\":1366,\"height\":600},{\"@type\":\"BreadcrumbList\",\"@id\":\"https:\/\/www.welovecycling.com\/sk\/2019\/10\/21\/13-veci-ktore-hovoria-len-cyklisti\/#breadcrumb\",\"itemListElement\":[{\"@type\":\"ListItem\",\"position\":1,\"name\":\"Home\",\"item\":\"https:\/\/www.welovecycling.com\/sk\/\"},{\"@type\":\"ListItem\",\"position\":2,\"name\":\"13 vec\u00ed, ktor\u00e9 hovoria len cyklisti\"}]},{\"@type\":\"WebSite\",\"@id\":\"https:\/\/www.welovecycling.com\/sk\/#website\",\"url\":\"https:\/\/www.welovecycling.com\/sk\/\",\"name\":\"\u0160koda We Love Cycling Slovensko\",\"description\":\"\u0160koda We Love Cycling Slovensko je v\u00e1\u0161 ka\u017edodenn\u00fd zdroj noviniek a in\u0161pir\u00e1cie z sveta cyklistiky\",\"potentialAction\":[{\"@type\":\"SearchAction\",\"target\":{\"@type\":\"EntryPoint\",\"urlTemplate\":\"https:\/\/www.welovecycling.com\/sk\/?s={search_term_string}\"},\"query-input\":{\"@type\":\"PropertyValueSpecification\",\"valueRequired\":true,\"valueName\":\"search_term_string\"}}],\"inLanguage\":\"sk-SK\"},{\"@type\":\"Person\",\"@id\":\"\",\"url\":\"https:\/\/www.welovecycling.com\/sk\/author\/\"}]}<\/script>\n<!-- \/ Yoast SEO Premium plugin. -->","yoast_head_json":{"title":"13 vec\u00ed, ktor\u00e9 hovoria len cyklisti - \u0160koda We Love Cycling Slovensko","robots":{"index":"index","follow":"follow","max-snippet":"max-snippet:-1","max-image-preview":"max-image-preview:large","max-video-preview":"max-video-preview:-1"},"canonical":"https:\/\/www.welovecycling.com\/sk\/2019\/10\/21\/13-veci-ktore-hovoria-len-cyklisti\/","og_locale":"sk_SK","og_type":"article","og_title":"13 vec\u00ed, ktor\u00e9 hovoria len cyklisti","og_description":"Na to, \u017ee z\u00a0\u00fast cyklistov po\u010dujete mnohokr\u00e1t zvl\u00e1\u0161tne a\u00a0menej zrozumite\u013en\u00e9 veci, sme si u\u017e \u010dasom zvykli. Vybrali sme preto nieko\u013eko [&hellip;]","og_url":"https:\/\/www.welovecycling.com\/sk\/2019\/10\/21\/13-veci-ktore-hovoria-len-cyklisti\/","og_site_name":"\u0160koda We Love Cycling Slovensko","article_published_time":"2019-10-21T13:51:25+00:00","og_image":[{"width":1366,"height":600,"url":"https:\/\/d2p6e6u75xmxt8.cloudfront.net\/4\/2019\/10\/Peter-Sagan-Mark-Cavendish-CVR-profimedia-0305245116.webp","type":"image\/webp"}],"twitter_card":"summary_large_image","twitter_misc":{"Written by":"Adam Marsal","Est. reading time":"2"},"schema":{"@context":"https:\/\/schema.org","@graph":[{"@type":"WebPage","@id":"https:\/\/www.welovecycling.com\/sk\/2019\/10\/21\/13-veci-ktore-hovoria-len-cyklisti\/","url":"https:\/\/www.welovecycling.com\/sk\/2019\/10\/21\/13-veci-ktore-hovoria-len-cyklisti\/","name":"13 vec\u00ed, ktor\u00e9 hovoria len cyklisti - \u0160koda We Love Cycling Slovensko","isPartOf":{"@id":"https:\/\/www.welovecycling.com\/sk\/#website"},"primaryImageOfPage":{"@id":"https:\/\/www.welovecycling.com\/sk\/2019\/10\/21\/13-veci-ktore-hovoria-len-cyklisti\/#primaryimage"},"image":{"@id":"https:\/\/www.welovecycling.com\/sk\/2019\/10\/21\/13-veci-ktore-hovoria-len-cyklisti\/#primaryimage"},"thumbnailUrl":"https:\/\/d2p6e6u75xmxt8.cloudfront.net\/4\/2019\/10\/Peter-Sagan-Mark-Cavendish-CVR-profimedia-0305245116.webp","datePublished":"2019-10-21T13:51:25+00:00","author":{"@id":""},"breadcrumb":{"@id":"https:\/\/www.welovecycling.com\/sk\/2019\/10\/21\/13-veci-ktore-hovoria-len-cyklisti\/#breadcrumb"},"inLanguage":"sk-SK","potentialAction":[{"@type":"ReadAction","target":["https:\/\/www.welovecycling.com\/sk\/2019\/10\/21\/13-veci-ktore-hovoria-len-cyklisti\/"]}]},{"@type":"ImageObject","inLanguage":"sk-SK","@id":"https:\/\/www.welovecycling.com\/sk\/2019\/10\/21\/13-veci-ktore-hovoria-len-cyklisti\/#primaryimage","url":"https:\/\/d2p6e6u75xmxt8.cloudfront.net\/4\/2019\/10\/Peter-Sagan-Mark-Cavendish-CVR-profimedia-0305245116.webp","contentUrl":"https:\/\/d2p6e6u75xmxt8.cloudfront.net\/4\/2019\/10\/Peter-Sagan-Mark-Cavendish-CVR-profimedia-0305245116.webp","width":1366,"height":600},{"@type":"BreadcrumbList","@id":"https:\/\/www.welovecycling.com\/sk\/2019\/10\/21\/13-veci-ktore-hovoria-len-cyklisti\/#breadcrumb","itemListElement":[{"@type":"ListItem","position":1,"name":"Home","item":"https:\/\/www.welovecycling.com\/sk\/"},{"@type":"ListItem","position":2,"name":"13 vec\u00ed, ktor\u00e9 hovoria len cyklisti"}]},{"@type":"WebSite","@id":"https:\/\/www.welovecycling.com\/sk\/#website","url":"https:\/\/www.welovecycling.com\/sk\/","name":"\u0160koda We Love Cycling Slovensko","description":"\u0160koda We Love Cycling Slovensko je v\u00e1\u0161 ka\u017edodenn\u00fd zdroj noviniek a in\u0161pir\u00e1cie z sveta cyklistiky","potentialAction":[{"@type":"SearchAction","target":{"@type":"EntryPoint","urlTemplate":"https:\/\/www.welovecycling.com\/sk\/?s={search_term_string}"},"query-input":{"@type":"PropertyValueSpecification","valueRequired":true,"valueName":"search_term_string"}}],"inLanguage":"sk-SK"},{"@type":"Person","@id":"","url":"https:\/\/www.welovecycling.com\/sk\/author\/"}]}},"_links":{"self":[{"href":"https:\/\/www.welovecycling.com\/sk\/wp-json\/wp\/v2\/posts\/8452","targetHints":{"allow":["GET"]}}],"collection":[{"href":"https:\/\/www.welovecycling.com\/sk\/wp-json\/wp\/v2\/posts"}],"about":[{"href":"https:\/\/www.welovecycling.com\/sk\/wp-json\/wp\/v2\/types\/post"}],"author":[{"embeddable":true,"href":"https:\/\/www.welovecycling.com\/sk\/wp-json\/wp\/v2\/users\/81"}],"replies":[{"embeddable":true,"href":"https:\/\/www.welovecycling.com\/sk\/wp-json\/wp\/v2\/comments?post=8452"}],"version-history":[{"count":1,"href":"https:\/\/www.welovecycling.com\/sk\/wp-json\/wp\/v2\/posts\/8452\/revisions"}],"predecessor-version":[{"id":8454,"href":"https:\/\/www.welovecycling.com\/sk\/wp-json\/wp\/v2\/posts\/8452\/revisions\/8454"}],"wp:featuredmedia":[{"embeddable":true,"href":"https:\/\/www.welovecycling.com\/sk\/wp-json\/wp\/v2\/media\/8453"}],"wp:attachment":[{"href":"https:\/\/www.welovecycling.com\/sk\/wp-json\/wp\/v2\/media?parent=8452"}],"wp:term":[{"taxonomy":"category","embeddable":true,"href":"https:\/\/www.welovecycling.com\/sk\/wp-json\/wp\/v2\/categories?post=8452"},{"taxonomy":"post_tag","embeddable":true,"href":"https:\/\/www.welovecycling.com\/sk\/wp-json\/wp\/v2\/tags?post=8452"},{"taxonomy":"global-categories","embeddable":true,"href":"https:\/\/www.welovecycling.com\/sk\/wp-json\/wp\/v2\/global-categories?post=8452"}],"curies":[{"name":"wp","href":"https:\/\/api.w.org\/{rel}","templated":true}]}}