{"id":8436,"date":"2019-10-16T17:46:37","date_gmt":"2019-10-16T15:46:37","guid":{"rendered":"https:\/\/www.welovecycling.com\/sk\/?p=8436"},"modified":"2019-10-16T17:51:16","modified_gmt":"2019-10-16T15:51:16","slug":"vyber-zaujimavych-cyklistickych-filmov-na-kazdy-vecer","status":"publish","type":"post","link":"https:\/\/www.welovecycling.com\/sk\/2019\/10\/16\/vyber-zaujimavych-cyklistickych-filmov-na-kazdy-vecer\/","title":{"rendered":"V\u00fdber zauj\u00edmav\u00fdch cyklistick\u00fdch filmov na ka\u017ed\u00fd ve\u010der"},"content":{"rendered":"<p><strong>Za nieko\u013eko dlh\u00fdch desa\u0165ro\u010d\u00ed existencie filmov sa v nich prezentovalo mnoho bicyklov. Navy\u0161e s\u00fa aj tak\u00e9, v ktor\u00fdch je cyklistika jednou z k\u013e\u00fa\u010dov\u00fdch t\u00e9m. Pozrime sa na v\u00fdber pr\u00e1ve t\u00fdch.<\/strong><!--more--><\/p>\n<h2><strong>The Bicycle Thief (1948) &#8211; Zlodej bicyklov<\/strong><\/h2>\n<p><strong>Najlep\u0161\u00ed zo v\u0161etk\u00fdch cyklistick\u00fdch filmov, je s\u00fa\u010dasne aj jedn\u00fdm z najlep\u0161\u00edch filmov, ktor\u00fd bol kedy vyroben\u00fd<\/strong>. K\u00fasok od Vittorio de Sica s n\u00e1zvom Zlodej bicyklov sa odohr\u00e1va v povojnovom R\u00edme, ke\u010f Taliansko bolo st\u00e1le pozna\u010den\u00e9 dopadmi 2. svetovej vojny. Jedn\u00fdm z efektov bola aj n\u00edzka zamestnanos\u0165. Mu\u017e z chudobnej rodiny si kone\u010dne n\u00e1jde pr\u00e1cu, v ktorej mus\u00ed lepi\u0165 plag\u00e1ty po st\u013apoch mesta, av\u0161ak k tomu potrebuje aj r\u00fdchly dopravn\u00fd prostriedok \u2013 bicykel. Jeho \u017eena pred\u00e1 rodinn\u00fa poste\u013en\u00fa bielize\u0148, aby mohla zo z\u00e1lo\u017ene vyk\u00fapi\u0165 man\u017eelov bicykel. No nane\u0161\u0165astie ho niekto vz\u00e1p\u00e4t\u00ed aj ukradne. Neost\u00e1va mu ni\u010d in\u00e9, len sa so synom pusti\u0165 do h\u013eadania bicykla a jeho zlodeja sk\u00f4r, ne\u017e strat\u00ed pr\u00e1cu nadobro. Samotn\u00fd film vyu\u017e\u00edva bicykel, postavu zlodeja a dlh\u00e9 h\u013eadanie ako mo\u017enos\u0165 bli\u017e\u0161ie uk\u00e1za\u0165 div\u00e1kovi, ak\u00fd dopad mala vojna na taliansku spolo\u010dnos\u0165. <strong>Vyhral \u010destn\u00fa Cenu akad\u00e9mie<\/strong> ako vynikaj\u00faci zahrani\u010dn\u00fd film, ktor\u00fd bol vysielan\u00fd v USA v roku 1949, rovnako ako aj <strong>Zlat\u00fd gl\u00f3bus<\/strong> pre najlep\u0161\u00ed zahrani\u010dn\u00fd film a v roku 1950 <strong>BAFTA pre Najlep\u0161\u00ed film roka<\/strong>.<\/p>\n<lite-youtube videoid=H2P4xo9kmPM params=\"enablejsapi=1\" style=\"background-image: url('https:\/\/i.ytimg.com\/vi_webp\/H2P4xo9kmPM\/maxresdefault.webp');\"><\/lite-youtube>\n<h2><strong>The Triplets of Belleville (2003) &#8211; Trio z Belleville<\/strong><\/h2>\n<p>T\u00e1to ve\u013emi popul\u00e1rna franc\u00fazska kom\u00e9dia <strong>vyrozpr\u00e1va pr\u00edbeh o Madame Souza &#8211; starej \u017eene, ktor\u00e1 sa vydala na misiu zachr\u00e1ni\u0165 svojho vnuka Championa, cyklistu na Tour de France, ktor\u00fd bol unesen\u00fd franc\u00fazskou mafiou pre gamblersk\u00e9 \u00fa\u010dely a odvle\u010den\u00fd do fikt\u00edvneho mesta Beleville<\/strong> (aj ke\u010f v Par\u00ed\u017ei existuje mestsk\u00e1 \u010das\u0165 s t\u00fdmto n\u00e1zvom). Pom\u00e1ha jej pri tom Championov loj\u00e1lny a ve\u013emi tu\u010dn\u00fd pes Bruno. K tomu sa k nej prid\u00e1 aj Trio z Beleville, spev\u00e1ci z mestskej radnice, ktor\u00fdch stretla na ulici. Film, ktor\u00fd obsahuje len m\u00e1lo dial\u00f3gov, bol vysoko cenen\u00fd div\u00e1kmi, ako aj kritikmi pre jeho unik\u00e1tny \u0161t\u00fdl anim\u00e1cii a bol taktie\u017e nominovan\u00fd na dve Ceny akad\u00e9mie \u2013 Najlep\u0161\u00ed animovan\u00fd film a Najlep\u0161ia origin\u00e1lna skladba \u201eBelleville Rendez-vous\u201c. Taktie\u017e bol premietan\u00fd na festivale v Cannes v roku 2003.<\/p>\n<lite-youtube videoid=PZeWp1D8MlU params=\"enablejsapi=1\" style=\"background-image: url('https:\/\/i.ytimg.com\/vi_webp\/PZeWp1D8MlU\/maxresdefault.webp');\"><\/lite-youtube>\n<h2><strong>Wadjda (2012)<\/strong><\/h2>\n<p>Tento film bol skuto\u010dne prelomov\u00fd v\u010faka tomu, \u017ee bol prv\u00fdm hran\u00fdm filmom, ktor\u00fd bol <strong>nahr\u00e1van\u00fd v\u00fdhradne v Saudskej Ar\u00e1bii<\/strong> a s\u00fa\u010dasne bol prv\u00fdm celove\u010dern\u00fdm filmom <strong>re\u017e\u00edrovan\u00fdm \u017eenskou saudskou re\u017eis\u00e9rkou, Haifaa al-Monsour<\/strong>. Vyhral po\u010detn\u00e9 ocenenia na festivaloch po celom svete a bol debutov\u00fdm saudsk\u00fdm filmom, ktor\u00fd bol odovzdan\u00fd do nomin\u00e1cie na Cenu akad\u00e9mie ako Najlep\u0161\u00ed zahrani\u010dn\u00fd film. Jeho dej sa zaober\u00e1 10-ro\u010dn\u00fdm saudsk\u00fdm diev\u010da\u0165om, ktor\u00e9 \u017eije v hlavnom meste Riyadh a sn\u00edva o tom, \u017ee raz bude ma\u0165 zelen\u00fd bicykel, ktor\u00fd pri ceste do \u0161koly v\u00eddava ka\u017ed\u00fd de\u0148 vo vitr\u00edne obchodu. D\u00f4vodom je skuto\u010dnos\u0165, \u017ee sa chce z\u00fa\u010dastni\u0165 na pretekoch proti jej priate\u013eovi Abdullahovi, chlapcovi zo susedstva. Av\u0161ak, samozrejme, jazdenie na bicykloch je nie\u010d\u00edm, \u010do v Saudskej Ar\u00e1bii neprin\u00e1le\u017e\u00ed diev\u010dat\u00e1m a aj preto jej ho mama nechce k\u00fapi\u0165. Film sa svoj\u00edm obsahom <strong>dot\u00fdka mnoh\u00fdch aspektov saudskej spolo\u010dnosti<\/strong>, ale nakoniec Wadjdina mama povol\u00ed a k\u00fapi jej tento zelen\u00fd bicykel, aby v z\u00e1vere porazila Abdullaha.<\/p>\n<lite-youtube videoid=vZEiM9vIMI4 params=\"enablejsapi=1\" style=\"background-image: url('https:\/\/i.ytimg.com\/vi_webp\/vZEiM9vIMI4\/maxresdefault.webp');\"><\/lite-youtube>\n<h2><strong>Bicycle Dreams (2009) &#8211; Cyklistick\u00e9 sny<\/strong><\/h2>\n<p>Cyklistick\u00e9 sny je <strong>dokument\u00e1rny film o Race Across America<\/strong> (Preteky naprie\u010d Amerikou), 3 000 m\u00ed\u013eov\u00fdm (4 828 km) cyklistick\u00fdm podujat\u00edm, ktor\u00fd vyhral viacer\u00e9 ceny na filmov\u00fdch festivaloch. Dej sa odohr\u00e1va v roku 2005 a s\u00fastre\u010fuje sa na nieko\u013ek\u00fdch jazdcov, menovite Jure Robi\u010d, Bob Breedlove, Cat Berge, Christopher MacDonald a Patrick Autissier. Sleduje cyklistov od \u0161tartovej \u010diary v San Diegu a\u017e po strety s nebezpe\u010dn\u00fdm po\u010das\u00edm, nam\u00e1hav\u00fdm ter\u00e9nom a v neposlednom rade aj trag\u00e9diu, kedy pr\u00e1ve Breedlove zahynie po\u010das nehody s n\u00e1kladn\u00fdm vozidlom. Ostatn\u00ed jazdci musia pokra\u010dova\u0165 a vysporiada\u0165 sa s t\u00fdmto scen\u00e1rom. Je na nich, ako sa rozhodn\u00fa \u2013 bu\u010f sa poddaj\u00fa osudu alebo d\u00f4jdu do cie\u013ea.<\/p>\n<lite-youtube videoid=Fbq4behE0FQ params=\"enablejsapi=1\" style=\"background-image: url('https:\/\/i.ytimg.com\/vi_webp\/Fbq4behE0FQ\/maxresdefault.webp');\"><\/lite-youtube>\n<h2><strong>A Sunday in Hell (1976) &#8211; Nede\u013ea v pekle<\/strong><\/h2>\n<p>Tento <strong>d\u00e1nsky dokument\u00e1rny film o Par\u00ed\u017e-Roubaix v roku 1976<\/strong> bol ozna\u010den\u00fd za <strong>najlep\u0161\u00ed film o profesion\u00e1lnej cestnej cyklistike<\/strong>, ktor\u00fd kedy uzrel svetlo sveta. Nezachyt\u00e1va len jednotliv\u00e9 chv\u00edle pretekov, ale taktie\u017e jedine\u010dn\u00fa atmosf\u00e9ru podujatia svetovej \u00farovne. Par\u00ed\u017e-Roubaix je jednou z najdramatickej\u0161\u00edch jarn\u00fdch klas\u00edk, kedy sa jazdci okrem chladn\u00e9ho po\u010dasia musia popasova\u0165 aj s nespo\u010detn\u00fdmi sektormi s pav\u00e9 \u010di pra\u0161n\u00fdm a nebezpe\u010dn\u00fdm povrchom. Hlavn\u00fdmi akt\u00e9rmi s\u00fa Eddy Merckx, Roger De Vlaeminck (minuloro\u010dn\u00fd v\u00ed\u0165az), Freddy Maertens a Francesco Moser a ich domestici, ktor\u00fdch \u00falohou je pom\u00f4c\u0165 ich t\u00edmov\u00fdm l\u00eddrom vyhra\u0165. Po pretekoch sa niektor\u00ed z unaven\u00fdch jazdcov, pokryt\u00ed n\u00e1nosmi \u0161piny, odhodlaj\u00fa aj k rozhovoru.<\/p>\n<lite-youtube videoid=K8YJ7YpZ4wc params=\"enablejsapi=1\" style=\"background-image: url('https:\/\/i.ytimg.com\/vi_webp\/K8YJ7YpZ4wc\/maxresdefault.webp');\"><\/lite-youtube>\n<h2><strong>Bonus<\/strong><\/h2>\n<p>A na z\u00e1ver, aspo\u0148 pre pobavenie, v\u00e1m prin\u00e1\u0161ame klip z roku 1923, ktor\u00fd je \u010das\u0165ou nem\u00e9ho filmu, ukazuj\u00faceho komedianta Bustera Keatona na \u201ebe\u017eiacom\u201c bicykli.<\/p>\n<lite-youtube videoid=mlSsUH8h984 params=\"enablejsapi=1\" style=\"background-image: url('https:\/\/i.ytimg.com\/vi_webp\/mlSsUH8h984\/maxresdefault.webp');\"><\/lite-youtube>\n","protected":false},"excerpt":{"rendered":"<p>Za nieko\u013eko dlh\u00fdch desa\u0165ro\u010d\u00ed existencie filmov sa v nich prezentovalo mnoho bicyklov. Navy\u0161e s\u00fa aj tak\u00e9, v ktor\u00fdch je cyklistika [&hellip;]<\/p>\n","protected":false},"author":38,"featured_media":8443,"comment_status":"open","ping_status":"open","sticky":false,"template":"","format":"standard","meta":{"footnotes":""},"categories":[118],"tags":[115,597,1172,546,1170,1167,1173,180,1168,178,1169,428,179,762,1171,20,183],"global-categories":[],"class_list":["post-8436","post","type-post","status-publish","format-standard","has-post-thumbnail","hentry","category-zabava","tag-cestna-cyklistika","tag-cyklista","tag-cyklisticky-film","tag-cyklistika","tag-dej","tag-film","tag-film-o-cyklistike","tag-horska-cyklistika","tag-komedia","tag-maraton","tag-nahravanie","tag-pariz-roubaix","tag-preteky","tag-relax","tag-saudska-arabia","tag-tour-de-france","tag-zabava"],"yoast_head":"<!-- This site is optimized with the Yoast SEO Premium plugin v25.3 (Yoast SEO v25.9) - https:\/\/yoast.com\/wordpress\/plugins\/seo\/ -->\n<title>V\u00fdber zauj\u00edmav\u00fdch cyklistick\u00fdch filmov na ka\u017ed\u00fd ve\u010der - \u0160koda We Love Cycling Slovensko<\/title>\n<meta name=\"robots\" content=\"index, follow, max-snippet:-1, max-image-preview:large, max-video-preview:-1\" \/>\n<link rel=\"canonical\" href=\"https:\/\/www.welovecycling.com\/sk\/2019\/10\/16\/vyber-zaujimavych-cyklistickych-filmov-na-kazdy-vecer\/\" \/>\n<meta property=\"og:locale\" content=\"sk_SK\" \/>\n<meta property=\"og:type\" content=\"article\" \/>\n<meta property=\"og:title\" content=\"V\u00fdber zauj\u00edmav\u00fdch cyklistick\u00fdch filmov na ka\u017ed\u00fd ve\u010der\" \/>\n<meta property=\"og:description\" content=\"Za nieko\u013eko dlh\u00fdch desa\u0165ro\u010d\u00ed existencie filmov sa v nich prezentovalo mnoho bicyklov. Navy\u0161e s\u00fa aj tak\u00e9, v ktor\u00fdch je cyklistika [&hellip;]\" \/>\n<meta property=\"og:url\" content=\"https:\/\/www.welovecycling.com\/sk\/2019\/10\/16\/vyber-zaujimavych-cyklistickych-filmov-na-kazdy-vecer\/\" \/>\n<meta property=\"og:site_name\" content=\"\u0160koda We Love Cycling Slovensko\" \/>\n<meta property=\"article:published_time\" content=\"2019-10-16T15:46:37+00:00\" \/>\n<meta property=\"article:modified_time\" content=\"2019-10-16T15:51:16+00:00\" \/>\n<meta property=\"og:image\" content=\"https:\/\/d2p6e6u75xmxt8.cloudfront.net\/4\/2019\/10\/Wadjda-CVR-profimedia-0171262572.webp\" \/>\n\t<meta property=\"og:image:width\" content=\"1366\" \/>\n\t<meta property=\"og:image:height\" content=\"600\" \/>\n\t<meta property=\"og:image:type\" content=\"image\/webp\" \/>\n<meta name=\"author\" content=\"Ondrej Ga\u0161par\" \/>\n<meta name=\"twitter:card\" content=\"summary_large_image\" \/>\n<meta name=\"twitter:label1\" content=\"Written by\" \/>\n\t<meta name=\"twitter:data1\" content=\"Siegfried Mortkowitz\" \/>\n\t<meta name=\"twitter:label2\" content=\"Est. reading time\" \/>\n\t<meta name=\"twitter:data2\" content=\"6\" \/>\n<script type=\"application\/ld+json\" class=\"yoast-schema-graph\">{\"@context\":\"https:\/\/schema.org\",\"@graph\":[{\"@type\":\"WebPage\",\"@id\":\"https:\/\/www.welovecycling.com\/sk\/2019\/10\/16\/vyber-zaujimavych-cyklistickych-filmov-na-kazdy-vecer\/\",\"url\":\"https:\/\/www.welovecycling.com\/sk\/2019\/10\/16\/vyber-zaujimavych-cyklistickych-filmov-na-kazdy-vecer\/\",\"name\":\"V\u00fdber zauj\u00edmav\u00fdch cyklistick\u00fdch filmov na ka\u017ed\u00fd ve\u010der - \u0160koda We Love Cycling Slovensko\",\"isPartOf\":{\"@id\":\"https:\/\/www.welovecycling.com\/sk\/#website\"},\"primaryImageOfPage\":{\"@id\":\"https:\/\/www.welovecycling.com\/sk\/2019\/10\/16\/vyber-zaujimavych-cyklistickych-filmov-na-kazdy-vecer\/#primaryimage\"},\"image\":{\"@id\":\"https:\/\/www.welovecycling.com\/sk\/2019\/10\/16\/vyber-zaujimavych-cyklistickych-filmov-na-kazdy-vecer\/#primaryimage\"},\"thumbnailUrl\":\"https:\/\/d2p6e6u75xmxt8.cloudfront.net\/4\/2019\/10\/Wadjda-CVR-profimedia-0171262572.webp\",\"datePublished\":\"2019-10-16T15:46:37+00:00\",\"dateModified\":\"2019-10-16T15:51:16+00:00\",\"author\":{\"@id\":\"https:\/\/www.welovecycling.com\/sk\/#\/schema\/person\/8ee09ba39b7e25b1870160aa5b3a89bc\"},\"breadcrumb\":{\"@id\":\"https:\/\/www.welovecycling.com\/sk\/2019\/10\/16\/vyber-zaujimavych-cyklistickych-filmov-na-kazdy-vecer\/#breadcrumb\"},\"inLanguage\":\"sk-SK\",\"potentialAction\":[{\"@type\":\"ReadAction\",\"target\":[\"https:\/\/www.welovecycling.com\/sk\/2019\/10\/16\/vyber-zaujimavych-cyklistickych-filmov-na-kazdy-vecer\/\"]}]},{\"@type\":\"ImageObject\",\"inLanguage\":\"sk-SK\",\"@id\":\"https:\/\/www.welovecycling.com\/sk\/2019\/10\/16\/vyber-zaujimavych-cyklistickych-filmov-na-kazdy-vecer\/#primaryimage\",\"url\":\"https:\/\/d2p6e6u75xmxt8.cloudfront.net\/4\/2019\/10\/Wadjda-CVR-profimedia-0171262572.webp\",\"contentUrl\":\"https:\/\/d2p6e6u75xmxt8.cloudfront.net\/4\/2019\/10\/Wadjda-CVR-profimedia-0171262572.webp\",\"width\":1366,\"height\":600},{\"@type\":\"BreadcrumbList\",\"@id\":\"https:\/\/www.welovecycling.com\/sk\/2019\/10\/16\/vyber-zaujimavych-cyklistickych-filmov-na-kazdy-vecer\/#breadcrumb\",\"itemListElement\":[{\"@type\":\"ListItem\",\"position\":1,\"name\":\"Home\",\"item\":\"https:\/\/www.welovecycling.com\/sk\/\"},{\"@type\":\"ListItem\",\"position\":2,\"name\":\"V\u00fdber zauj\u00edmav\u00fdch cyklistick\u00fdch filmov na ka\u017ed\u00fd ve\u010der\"}]},{\"@type\":\"WebSite\",\"@id\":\"https:\/\/www.welovecycling.com\/sk\/#website\",\"url\":\"https:\/\/www.welovecycling.com\/sk\/\",\"name\":\"\u0160koda We Love Cycling Slovensko\",\"description\":\"\u0160koda We Love Cycling Slovensko je v\u00e1\u0161 ka\u017edodenn\u00fd zdroj noviniek a in\u0161pir\u00e1cie z sveta cyklistiky\",\"potentialAction\":[{\"@type\":\"SearchAction\",\"target\":{\"@type\":\"EntryPoint\",\"urlTemplate\":\"https:\/\/www.welovecycling.com\/sk\/?s={search_term_string}\"},\"query-input\":{\"@type\":\"PropertyValueSpecification\",\"valueRequired\":true,\"valueName\":\"search_term_string\"}}],\"inLanguage\":\"sk-SK\"},{\"@type\":\"Person\",\"@id\":\"https:\/\/www.welovecycling.com\/sk\/#\/schema\/person\/8ee09ba39b7e25b1870160aa5b3a89bc\",\"name\":\"Ondrej Ga\u0161par\",\"image\":{\"@type\":\"ImageObject\",\"inLanguage\":\"sk-SK\",\"@id\":\"https:\/\/www.welovecycling.com\/sk\/#\/schema\/person\/image\/\",\"url\":\"https:\/\/secure.gravatar.com\/avatar\/6126c9afb87b70da5abbb083ddbb21933da15f18f8ca7cb822aba0fb096a48f6?s=96&d=mm&r=g\",\"contentUrl\":\"https:\/\/secure.gravatar.com\/avatar\/6126c9afb87b70da5abbb083ddbb21933da15f18f8ca7cb822aba0fb096a48f6?s=96&d=mm&r=g\",\"caption\":\"Ondrej Ga\u0161par\"},\"url\":\"https:\/\/www.welovecycling.com\/sk\/author\/ondrejgaspar\/\"}]}<\/script>\n<!-- \/ Yoast SEO Premium plugin. -->","yoast_head_json":{"title":"V\u00fdber zauj\u00edmav\u00fdch cyklistick\u00fdch filmov na ka\u017ed\u00fd ve\u010der - \u0160koda We Love Cycling Slovensko","robots":{"index":"index","follow":"follow","max-snippet":"max-snippet:-1","max-image-preview":"max-image-preview:large","max-video-preview":"max-video-preview:-1"},"canonical":"https:\/\/www.welovecycling.com\/sk\/2019\/10\/16\/vyber-zaujimavych-cyklistickych-filmov-na-kazdy-vecer\/","og_locale":"sk_SK","og_type":"article","og_title":"V\u00fdber zauj\u00edmav\u00fdch cyklistick\u00fdch filmov na ka\u017ed\u00fd ve\u010der","og_description":"Za nieko\u013eko dlh\u00fdch desa\u0165ro\u010d\u00ed existencie filmov sa v nich prezentovalo mnoho bicyklov. Navy\u0161e s\u00fa aj tak\u00e9, v ktor\u00fdch je cyklistika [&hellip;]","og_url":"https:\/\/www.welovecycling.com\/sk\/2019\/10\/16\/vyber-zaujimavych-cyklistickych-filmov-na-kazdy-vecer\/","og_site_name":"\u0160koda We Love Cycling Slovensko","article_published_time":"2019-10-16T15:46:37+00:00","article_modified_time":"2019-10-16T15:51:16+00:00","og_image":[{"width":1366,"height":600,"url":"https:\/\/d2p6e6u75xmxt8.cloudfront.net\/4\/2019\/10\/Wadjda-CVR-profimedia-0171262572.webp","type":"image\/webp"}],"author":"Ondrej Ga\u0161par","twitter_card":"summary_large_image","twitter_misc":{"Written by":"Siegfried Mortkowitz","Est. reading time":"6"},"schema":{"@context":"https:\/\/schema.org","@graph":[{"@type":"WebPage","@id":"https:\/\/www.welovecycling.com\/sk\/2019\/10\/16\/vyber-zaujimavych-cyklistickych-filmov-na-kazdy-vecer\/","url":"https:\/\/www.welovecycling.com\/sk\/2019\/10\/16\/vyber-zaujimavych-cyklistickych-filmov-na-kazdy-vecer\/","name":"V\u00fdber zauj\u00edmav\u00fdch cyklistick\u00fdch filmov na ka\u017ed\u00fd ve\u010der - \u0160koda We Love Cycling Slovensko","isPartOf":{"@id":"https:\/\/www.welovecycling.com\/sk\/#website"},"primaryImageOfPage":{"@id":"https:\/\/www.welovecycling.com\/sk\/2019\/10\/16\/vyber-zaujimavych-cyklistickych-filmov-na-kazdy-vecer\/#primaryimage"},"image":{"@id":"https:\/\/www.welovecycling.com\/sk\/2019\/10\/16\/vyber-zaujimavych-cyklistickych-filmov-na-kazdy-vecer\/#primaryimage"},"thumbnailUrl":"https:\/\/d2p6e6u75xmxt8.cloudfront.net\/4\/2019\/10\/Wadjda-CVR-profimedia-0171262572.webp","datePublished":"2019-10-16T15:46:37+00:00","dateModified":"2019-10-16T15:51:16+00:00","author":{"@id":"https:\/\/www.welovecycling.com\/sk\/#\/schema\/person\/8ee09ba39b7e25b1870160aa5b3a89bc"},"breadcrumb":{"@id":"https:\/\/www.welovecycling.com\/sk\/2019\/10\/16\/vyber-zaujimavych-cyklistickych-filmov-na-kazdy-vecer\/#breadcrumb"},"inLanguage":"sk-SK","potentialAction":[{"@type":"ReadAction","target":["https:\/\/www.welovecycling.com\/sk\/2019\/10\/16\/vyber-zaujimavych-cyklistickych-filmov-na-kazdy-vecer\/"]}]},{"@type":"ImageObject","inLanguage":"sk-SK","@id":"https:\/\/www.welovecycling.com\/sk\/2019\/10\/16\/vyber-zaujimavych-cyklistickych-filmov-na-kazdy-vecer\/#primaryimage","url":"https:\/\/d2p6e6u75xmxt8.cloudfront.net\/4\/2019\/10\/Wadjda-CVR-profimedia-0171262572.webp","contentUrl":"https:\/\/d2p6e6u75xmxt8.cloudfront.net\/4\/2019\/10\/Wadjda-CVR-profimedia-0171262572.webp","width":1366,"height":600},{"@type":"BreadcrumbList","@id":"https:\/\/www.welovecycling.com\/sk\/2019\/10\/16\/vyber-zaujimavych-cyklistickych-filmov-na-kazdy-vecer\/#breadcrumb","itemListElement":[{"@type":"ListItem","position":1,"name":"Home","item":"https:\/\/www.welovecycling.com\/sk\/"},{"@type":"ListItem","position":2,"name":"V\u00fdber zauj\u00edmav\u00fdch cyklistick\u00fdch filmov na ka\u017ed\u00fd ve\u010der"}]},{"@type":"WebSite","@id":"https:\/\/www.welovecycling.com\/sk\/#website","url":"https:\/\/www.welovecycling.com\/sk\/","name":"\u0160koda We Love Cycling Slovensko","description":"\u0160koda We Love Cycling Slovensko je v\u00e1\u0161 ka\u017edodenn\u00fd zdroj noviniek a in\u0161pir\u00e1cie z sveta cyklistiky","potentialAction":[{"@type":"SearchAction","target":{"@type":"EntryPoint","urlTemplate":"https:\/\/www.welovecycling.com\/sk\/?s={search_term_string}"},"query-input":{"@type":"PropertyValueSpecification","valueRequired":true,"valueName":"search_term_string"}}],"inLanguage":"sk-SK"},{"@type":"Person","@id":"https:\/\/www.welovecycling.com\/sk\/#\/schema\/person\/8ee09ba39b7e25b1870160aa5b3a89bc","name":"Ondrej Ga\u0161par","image":{"@type":"ImageObject","inLanguage":"sk-SK","@id":"https:\/\/www.welovecycling.com\/sk\/#\/schema\/person\/image\/","url":"https:\/\/secure.gravatar.com\/avatar\/6126c9afb87b70da5abbb083ddbb21933da15f18f8ca7cb822aba0fb096a48f6?s=96&d=mm&r=g","contentUrl":"https:\/\/secure.gravatar.com\/avatar\/6126c9afb87b70da5abbb083ddbb21933da15f18f8ca7cb822aba0fb096a48f6?s=96&d=mm&r=g","caption":"Ondrej Ga\u0161par"},"url":"https:\/\/www.welovecycling.com\/sk\/author\/ondrejgaspar\/"}]}},"_links":{"self":[{"href":"https:\/\/www.welovecycling.com\/sk\/wp-json\/wp\/v2\/posts\/8436","targetHints":{"allow":["GET"]}}],"collection":[{"href":"https:\/\/www.welovecycling.com\/sk\/wp-json\/wp\/v2\/posts"}],"about":[{"href":"https:\/\/www.welovecycling.com\/sk\/wp-json\/wp\/v2\/types\/post"}],"author":[{"embeddable":true,"href":"https:\/\/www.welovecycling.com\/sk\/wp-json\/wp\/v2\/users\/38"}],"replies":[{"embeddable":true,"href":"https:\/\/www.welovecycling.com\/sk\/wp-json\/wp\/v2\/comments?post=8436"}],"version-history":[{"count":2,"href":"https:\/\/www.welovecycling.com\/sk\/wp-json\/wp\/v2\/posts\/8436\/revisions"}],"predecessor-version":[{"id":8451,"href":"https:\/\/www.welovecycling.com\/sk\/wp-json\/wp\/v2\/posts\/8436\/revisions\/8451"}],"wp:featuredmedia":[{"embeddable":true,"href":"https:\/\/www.welovecycling.com\/sk\/wp-json\/wp\/v2\/media\/8443"}],"wp:attachment":[{"href":"https:\/\/www.welovecycling.com\/sk\/wp-json\/wp\/v2\/media?parent=8436"}],"wp:term":[{"taxonomy":"category","embeddable":true,"href":"https:\/\/www.welovecycling.com\/sk\/wp-json\/wp\/v2\/categories?post=8436"},{"taxonomy":"post_tag","embeddable":true,"href":"https:\/\/www.welovecycling.com\/sk\/wp-json\/wp\/v2\/tags?post=8436"},{"taxonomy":"global-categories","embeddable":true,"href":"https:\/\/www.welovecycling.com\/sk\/wp-json\/wp\/v2\/global-categories?post=8436"}],"curies":[{"name":"wp","href":"https:\/\/api.w.org\/{rel}","templated":true}]}}