{"id":8396,"date":"2019-10-09T10:20:47","date_gmt":"2019-10-09T08:20:47","guid":{"rendered":"https:\/\/www.welovecycling.com\/sk\/?p=8396"},"modified":"2023-05-03T12:00:53","modified_gmt":"2023-05-03T10:00:53","slug":"rampage-ked-sa-aj-z-tych-najslavnejsich-bikerov-stavaju-kopaci","status":"publish","type":"post","link":"https:\/\/www.welovecycling.com\/sk\/2019\/10\/09\/rampage-ked-sa-aj-z-tych-najslavnejsich-bikerov-stavaju-kopaci\/","title":{"rendered":"Rampage \u2013 ke\u010f sa aj z\u00a0t\u00fdch najsl\u00e1vnej\u0161\u00edch bikerov st\u00e1vaj\u00fa kop\u00e1\u010di"},"content":{"rendered":"<p><strong>Jesenn\u00e1 akcia roka, ktor\u00fa ka\u017edoro\u010dne sleduj\u00fa mili\u00f3ny fan\u00fa\u0161ikov na celom svete a jedna z najpopul\u00e1rnej\u0161\u00edch akci\u00ed Red Bull, sa kone\u010dne bl\u00ed\u017ei. U\u017e v\u00a0piatok 25. okt\u00f3bra o\u00a018:00 n\u00e1\u0161ho \u010dasu budeme sledova\u0165 v\u00fdkony t\u00fdch najlep\u0161\u00edch jazdcov sveta.<\/strong><!--more--><\/p>\n<p>Pr\u00edpravy sa ka\u017edoro\u010dne robia u\u017e po skon\u010den\u00ed toho predch\u00e1dzaj\u00faceho ro\u010dn\u00edka, ale tie priame &#8211; na mieste konania v Utahskej p\u00fa\u0161ti, za\u010dn\u00fa u\u017e \u010doskoro. Nieko\u013eko dn\u00ed pred samotn\u00fdm Rampage sa stret\u00e1vaj\u00fa pr\u00edpravn\u00e9 t\u00edmy, ber\u00fa do r\u00fak lopaty a kromp\u00e1\u010de a\u00a0za\u010d\u00ednaj\u00fa vym\u00fd\u0161\u013ea\u0165 t\u00fa najzauj\u00edmavej\u0161iu tra\u0165 pre tento rok. V\u00a0desiatich bodoch som sa pozrel na to, ako prebiehaj\u00fa pr\u00edpravy trate a \u010do je s\u00a0\u00fa\u010das\u0165ou na t\u00fdchto pretekoch spojen\u00e9.<\/p>\n<div data-rows=\"1\" id='gallery-1' class='gallery-rows-1 gallery galleryid-8396 gallery-columns-2 gallery-size-full'><figure class='gallery-item'>\n\t\t\t<div class='gallery-icon landscape'>\n\t\t\t\t<a href='https:\/\/d2p6e6u75xmxt8.cloudfront.net\/4\/2019\/10\/01-1.webp'><img loading=\"lazy\" decoding=\"async\" width=\"1200\" height=\"800\" src=\"https:\/\/d2p6e6u75xmxt8.cloudfront.net\/4\/2019\/10\/01-1.webp\" class=\"attachment-full size-full\" alt=\"\" srcset=\"https:\/\/d2p6e6u75xmxt8.cloudfront.net\/4\/2019\/10\/01-1.webp 1200w, https:\/\/d2p6e6u75xmxt8.cloudfront.net\/4\/2019\/10\/01-1-300x200.webp 300w, https:\/\/d2p6e6u75xmxt8.cloudfront.net\/4\/2019\/10\/01-1-1024x683.webp 1024w, https:\/\/d2p6e6u75xmxt8.cloudfront.net\/4\/2019\/10\/01-1-768x512.webp 768w, https:\/\/d2p6e6u75xmxt8.cloudfront.net\/4\/2019\/10\/01-1-272x182.webp 272w\" sizes=\"auto, (max-width: 1200px) 100vw, 1200px\" \/><\/a>\n\t\t\t<\/div><\/figure><figure class='gallery-item'>\n\t\t\t<div class='gallery-icon landscape'>\n\t\t\t\t<a href='https:\/\/d2p6e6u75xmxt8.cloudfront.net\/4\/2019\/10\/02-1.webp'><img loading=\"lazy\" decoding=\"async\" width=\"1200\" height=\"800\" src=\"https:\/\/d2p6e6u75xmxt8.cloudfront.net\/4\/2019\/10\/02-1.webp\" class=\"attachment-full size-full\" alt=\"\" srcset=\"https:\/\/d2p6e6u75xmxt8.cloudfront.net\/4\/2019\/10\/02-1.webp 1200w, https:\/\/d2p6e6u75xmxt8.cloudfront.net\/4\/2019\/10\/02-1-300x200.webp 300w, https:\/\/d2p6e6u75xmxt8.cloudfront.net\/4\/2019\/10\/02-1-1024x683.webp 1024w, https:\/\/d2p6e6u75xmxt8.cloudfront.net\/4\/2019\/10\/02-1-768x512.webp 768w, https:\/\/d2p6e6u75xmxt8.cloudfront.net\/4\/2019\/10\/02-1-272x182.webp 272w\" sizes=\"auto, (max-width: 1200px) 100vw, 1200px\" \/><\/a>\n\t\t\t<\/div><\/figure>\n\t\t<\/div>\n        \n<p><em>(autori fotiek: Christian Pondella\/Long Nguyen)<\/em><\/p>\n<ul>\n<li>Ka\u017ed\u00fd s\u00fa\u0165a\u017eiaci m\u00e1 k dispoz\u00edcii dvoj\u010dlenn\u00fd takzvan\u00fd <strong>\u201cdig team\u201d<\/strong>, ktor\u00fd mu pom\u00e1ha pripravova\u0165 tra\u0165.<\/li>\n<li>Dig team s\u00fa <strong>dobrovo\u013en\u00edci<\/strong> a za svoju pr\u00e1cu nedost\u00e1vaj\u00fa \u017eiadnu odmenu.<\/li>\n<li>Po\u010das pr\u00edprav <strong>bojuj\u00fa s po\u010das\u00edm, hor\u00fa\u010davami, vetrom<\/strong>, ale musia si d\u00e1va\u0165 pozor napr\u00edklad aj na nebezpe\u010dn\u00e9 tarantule.<\/li>\n<\/ul>\n<div data-rows=\"1\" id='gallery-2' class='gallery-rows-1 gallery galleryid-8396 gallery-columns-2 gallery-size-full'><figure class='gallery-item'>\n\t\t\t<div class='gallery-icon landscape'>\n\t\t\t\t<a href='https:\/\/d2p6e6u75xmxt8.cloudfront.net\/4\/2019\/10\/03.webp'><img loading=\"lazy\" decoding=\"async\" width=\"1200\" height=\"800\" src=\"https:\/\/d2p6e6u75xmxt8.cloudfront.net\/4\/2019\/10\/03.webp\" class=\"attachment-full size-full\" alt=\"\" srcset=\"https:\/\/d2p6e6u75xmxt8.cloudfront.net\/4\/2019\/10\/03.webp 1200w, https:\/\/d2p6e6u75xmxt8.cloudfront.net\/4\/2019\/10\/03-300x200.webp 300w, https:\/\/d2p6e6u75xmxt8.cloudfront.net\/4\/2019\/10\/03-1024x683.webp 1024w, https:\/\/d2p6e6u75xmxt8.cloudfront.net\/4\/2019\/10\/03-768x512.webp 768w, https:\/\/d2p6e6u75xmxt8.cloudfront.net\/4\/2019\/10\/03-272x182.webp 272w\" sizes=\"auto, (max-width: 1200px) 100vw, 1200px\" \/><\/a>\n\t\t\t<\/div><\/figure><figure class='gallery-item'>\n\t\t\t<div class='gallery-icon landscape'>\n\t\t\t\t<a href='https:\/\/d2p6e6u75xmxt8.cloudfront.net\/4\/2019\/10\/04.webp'><img loading=\"lazy\" decoding=\"async\" width=\"1200\" height=\"800\" src=\"https:\/\/d2p6e6u75xmxt8.cloudfront.net\/4\/2019\/10\/04.webp\" class=\"attachment-full size-full\" alt=\"\" srcset=\"https:\/\/d2p6e6u75xmxt8.cloudfront.net\/4\/2019\/10\/04.webp 1200w, https:\/\/d2p6e6u75xmxt8.cloudfront.net\/4\/2019\/10\/04-300x200.webp 300w, https:\/\/d2p6e6u75xmxt8.cloudfront.net\/4\/2019\/10\/04-1024x683.webp 1024w, https:\/\/d2p6e6u75xmxt8.cloudfront.net\/4\/2019\/10\/04-768x512.webp 768w, https:\/\/d2p6e6u75xmxt8.cloudfront.net\/4\/2019\/10\/04-272x182.webp 272w\" sizes=\"auto, (max-width: 1200px) 100vw, 1200px\" \/><\/a>\n\t\t\t<\/div><\/figure>\n\t\t<\/div>\n        \n<p><em>(autor fotiek: Long Nguyen)<\/em><\/p>\n<ul>\n<li><strong>V\u0161etky \u00fapravy sa robia ru\u010dne<\/strong>, len s\u00a0n\u00e1rad\u00edm, ktor\u00e9 si prines\u00fa v\u00a0ruk\u00e1ch.<\/li>\n<li>\u010casto desa\u0165 dn\u00ed s lopatou a kromp\u00e1\u010dom kop\u00fa do skaly, a\u00a0<strong>to v\u0161etko kv\u00f4li p\u00e1r kr\u00e1tkym zjazdom po\u010das s\u00fa\u0165a\u017en\u00e9ho d\u0148a<\/strong>.<\/li>\n<li>Aj ke\u010f s\u00fa \u010dlenovia tohto t\u00edmu tie\u017e bikeri, <strong>nem\u00f4\u017eu si na pripravenej trati zajazdi\u0165<\/strong>, preto\u017ee je to striktne povolen\u00e9 len s\u00fa\u0165a\u017eiacim.<\/li>\n<\/ul>\n<div data-rows=\"1\" id='gallery-3' class='gallery-rows-1 gallery galleryid-8396 gallery-columns-2 gallery-size-full'><figure class='gallery-item'>\n\t\t\t<div class='gallery-icon landscape'>\n\t\t\t\t<a href='https:\/\/d2p6e6u75xmxt8.cloudfront.net\/4\/2019\/10\/05.webp'><img loading=\"lazy\" decoding=\"async\" width=\"1200\" height=\"800\" src=\"https:\/\/d2p6e6u75xmxt8.cloudfront.net\/4\/2019\/10\/05.webp\" class=\"attachment-full size-full\" alt=\"\" srcset=\"https:\/\/d2p6e6u75xmxt8.cloudfront.net\/4\/2019\/10\/05.webp 1200w, https:\/\/d2p6e6u75xmxt8.cloudfront.net\/4\/2019\/10\/05-300x200.webp 300w, https:\/\/d2p6e6u75xmxt8.cloudfront.net\/4\/2019\/10\/05-1024x683.webp 1024w, https:\/\/d2p6e6u75xmxt8.cloudfront.net\/4\/2019\/10\/05-768x512.webp 768w, https:\/\/d2p6e6u75xmxt8.cloudfront.net\/4\/2019\/10\/05-272x182.webp 272w\" sizes=\"auto, (max-width: 1200px) 100vw, 1200px\" \/><\/a>\n\t\t\t<\/div><\/figure><figure class='gallery-item'>\n\t\t\t<div class='gallery-icon landscape'>\n\t\t\t\t<a href='https:\/\/d2p6e6u75xmxt8.cloudfront.net\/4\/2019\/10\/06.webp'><img loading=\"lazy\" decoding=\"async\" width=\"1200\" height=\"800\" src=\"https:\/\/d2p6e6u75xmxt8.cloudfront.net\/4\/2019\/10\/06.webp\" class=\"attachment-full size-full\" alt=\"\" srcset=\"https:\/\/d2p6e6u75xmxt8.cloudfront.net\/4\/2019\/10\/06.webp 1200w, https:\/\/d2p6e6u75xmxt8.cloudfront.net\/4\/2019\/10\/06-300x200.webp 300w, https:\/\/d2p6e6u75xmxt8.cloudfront.net\/4\/2019\/10\/06-1024x683.webp 1024w, https:\/\/d2p6e6u75xmxt8.cloudfront.net\/4\/2019\/10\/06-768x512.webp 768w, https:\/\/d2p6e6u75xmxt8.cloudfront.net\/4\/2019\/10\/06-272x182.webp 272w\" sizes=\"auto, (max-width: 1200px) 100vw, 1200px\" \/><\/a>\n\t\t\t<\/div><\/figure>\n\t\t<\/div>\n        \n<p><em>(autor fotiek: Paris Gore)<\/em><\/p>\n<ul>\n<li><strong>Finan\u010dn\u00e1 odmena finalistov, je aj napriek miere rizika neporovnate\u013ene ni\u017e\u0161ia<\/strong> ako sumy, ktor\u00e9 dostan\u00fa v\u00ed\u0165azi napr\u00edklad na \u0161\u00edpkarsk\u00fdch alebo golfov\u00fdch turnajoch.<\/li>\n<li>Fotografi musia podp\u00edsa\u0165, \u017ee <strong>neuverejnia \u017eiadnu detailn\u00fa fotografiu z pr\u00edpadnej nehody bikera<\/strong>.<\/li>\n<li><strong>Jazdci jazdia na vlastn\u00e9 riziko<\/strong> a\u00a0len \u0165a\u017eko ich v\u00a0pr\u00edpade nehody na takejto akcii poist\u00ed niektor\u00e1 z\u00a0pois\u0165ovn\u00ed.<\/li>\n<li>Mo\u017eno o\u00a0tom neviete, ale tento rok mala jazdi\u0165 aj <strong>Casey Brown, ktor\u00e1 by bola prvou \u017eenou na Rampage<\/strong>, ale bohu\u017eia\u013e sa nepr\u00edjemne zranila po\u010das jazdy v Marzocchi Proving Grounds.<\/li>\n<\/ul>\n<div data-rows=\"1\" id='gallery-4' class='gallery-rows-1 gallery galleryid-8396 gallery-columns-2 gallery-size-full'><figure class='gallery-item'>\n\t\t\t<div class='gallery-icon landscape'>\n\t\t\t\t<a href='https:\/\/d2p6e6u75xmxt8.cloudfront.net\/4\/2019\/10\/07.webp'><img loading=\"lazy\" decoding=\"async\" width=\"1200\" height=\"800\" src=\"https:\/\/d2p6e6u75xmxt8.cloudfront.net\/4\/2019\/10\/07.webp\" class=\"attachment-full size-full\" alt=\"\" srcset=\"https:\/\/d2p6e6u75xmxt8.cloudfront.net\/4\/2019\/10\/07.webp 1200w, https:\/\/d2p6e6u75xmxt8.cloudfront.net\/4\/2019\/10\/07-300x200.webp 300w, https:\/\/d2p6e6u75xmxt8.cloudfront.net\/4\/2019\/10\/07-1024x683.webp 1024w, https:\/\/d2p6e6u75xmxt8.cloudfront.net\/4\/2019\/10\/07-768x512.webp 768w, https:\/\/d2p6e6u75xmxt8.cloudfront.net\/4\/2019\/10\/07-272x182.webp 272w\" sizes=\"auto, (max-width: 1200px) 100vw, 1200px\" \/><\/a>\n\t\t\t<\/div><\/figure><figure class='gallery-item'>\n\t\t\t<div class='gallery-icon landscape'>\n\t\t\t\t<a href='https:\/\/d2p6e6u75xmxt8.cloudfront.net\/4\/2019\/10\/08.webp'><img loading=\"lazy\" decoding=\"async\" width=\"1200\" height=\"800\" src=\"https:\/\/d2p6e6u75xmxt8.cloudfront.net\/4\/2019\/10\/08.webp\" class=\"attachment-full size-full\" alt=\"\" srcset=\"https:\/\/d2p6e6u75xmxt8.cloudfront.net\/4\/2019\/10\/08.webp 1200w, https:\/\/d2p6e6u75xmxt8.cloudfront.net\/4\/2019\/10\/08-300x200.webp 300w, https:\/\/d2p6e6u75xmxt8.cloudfront.net\/4\/2019\/10\/08-1024x683.webp 1024w, https:\/\/d2p6e6u75xmxt8.cloudfront.net\/4\/2019\/10\/08-768x512.webp 768w, https:\/\/d2p6e6u75xmxt8.cloudfront.net\/4\/2019\/10\/08-272x182.webp 272w\" sizes=\"auto, (max-width: 1200px) 100vw, 1200px\" \/><\/a>\n\t\t\t<\/div><\/figure>\n\t\t<\/div>\n        \n<p><em>(autori fotiek: Peter Morning\/Bartek Wolinski<\/em><\/p>\n<p>Hrdinovia, rebeli, bl\u00e1zni \u010di nad\u0161enci, ktor\u00ed si naplno u\u017e\u00edvaj\u00fa \u017eivot? Robia to len pre v\u00e4\u010d\u0161iu sl\u00e1vu, pre v\u00e4\u010d\u0161iu sledovanos\u0165 na soci\u00e1lnych sie\u0165ach, alebo pre\u00a0prekon\u00e1vanie svojho vlastn\u00e9ho tie\u0148a? Pre prekro\u010denie vlastn\u00fdch limitov a\u00a0poru\u0161enie fyzik\u00e1lnych z\u00e1konov? D\u00fafajme, \u017ee v\u0161etci, ktor\u00ed tento rok bud\u00fa op\u00e4\u0165 flirtova\u0165 so \u0161\u0165ast\u00edm, s \u00faspechom a \u0161ikovne zvl\u00e1dnu v\u0161etky prek\u00e1\u017eky. Pre m\u0148a osobne poh\u013ead do z\u00e1kulisia pr\u00edprav dod\u00e1va ich v\u00fdkonom pridan\u00fa hodnotu.<\/p>\n<div data-rows=\"1\" id='gallery-5' class='gallery-rows-1 gallery galleryid-8396 gallery-columns-2 gallery-size-full'><figure class='gallery-item'>\n\t\t\t<div class='gallery-icon landscape'>\n\t\t\t\t<a href='https:\/\/d2p6e6u75xmxt8.cloudfront.net\/4\/2019\/10\/09.webp'><img loading=\"lazy\" decoding=\"async\" width=\"1200\" height=\"800\" src=\"https:\/\/d2p6e6u75xmxt8.cloudfront.net\/4\/2019\/10\/09.webp\" class=\"attachment-full size-full\" alt=\"\" srcset=\"https:\/\/d2p6e6u75xmxt8.cloudfront.net\/4\/2019\/10\/09.webp 1200w, https:\/\/d2p6e6u75xmxt8.cloudfront.net\/4\/2019\/10\/09-300x200.webp 300w, https:\/\/d2p6e6u75xmxt8.cloudfront.net\/4\/2019\/10\/09-1024x683.webp 1024w, https:\/\/d2p6e6u75xmxt8.cloudfront.net\/4\/2019\/10\/09-768x512.webp 768w, https:\/\/d2p6e6u75xmxt8.cloudfront.net\/4\/2019\/10\/09-272x182.webp 272w\" sizes=\"auto, (max-width: 1200px) 100vw, 1200px\" \/><\/a>\n\t\t\t<\/div><\/figure><figure class='gallery-item'>\n\t\t\t<div class='gallery-icon landscape'>\n\t\t\t\t<a href='https:\/\/d2p6e6u75xmxt8.cloudfront.net\/4\/2019\/10\/10.webp'><img loading=\"lazy\" decoding=\"async\" width=\"1200\" height=\"800\" src=\"https:\/\/d2p6e6u75xmxt8.cloudfront.net\/4\/2019\/10\/10.webp\" class=\"attachment-full size-full\" alt=\"\" srcset=\"https:\/\/d2p6e6u75xmxt8.cloudfront.net\/4\/2019\/10\/10.webp 1200w, https:\/\/d2p6e6u75xmxt8.cloudfront.net\/4\/2019\/10\/10-300x200.webp 300w, https:\/\/d2p6e6u75xmxt8.cloudfront.net\/4\/2019\/10\/10-1024x683.webp 1024w, https:\/\/d2p6e6u75xmxt8.cloudfront.net\/4\/2019\/10\/10-768x512.webp 768w, https:\/\/d2p6e6u75xmxt8.cloudfront.net\/4\/2019\/10\/10-272x182.webp 272w\" sizes=\"auto, (max-width: 1200px) 100vw, 1200px\" \/><\/a>\n\t\t\t<\/div><\/figure>\n\t\t<\/div>\n        \n<p><em>(autori fotiek: Bartek Wolinski\/Peter Morning\/Red Bull Content Pool)<\/em><\/p>\n","protected":false},"excerpt":{"rendered":"<p>Jesenn\u00e1 akcia roka, ktor\u00fa ka\u017edoro\u010dne sleduj\u00fa mili\u00f3ny fan\u00fa\u0161ikov na celom svete a jedna z najpopul\u00e1rnej\u0161\u00edch akci\u00ed Red Bull, sa kone\u010dne [&hellip;]<\/p>\n","protected":false},"author":38,"featured_media":8409,"comment_status":"open","ping_status":"open","sticky":false,"template":"","format":"standard","meta":{"footnotes":""},"categories":[47],"tags":[319,1154,62,798,890,66,722,190,302,304,55,644,420,646,183],"global-categories":[],"class_list":["post-8396","post","type-post","status-publish","format-standard","has-post-thumbnail","hentry","category-adrenalin","tag-adrenalin","tag-amerika","tag-bezpecnost","tag-dojazd","tag-jazdec","tag-najlepsi-zjazdar","tag-nebezpecenstvo","tag-priprava","tag-red-bull","tag-rampage","tag-trening","tag-trik","tag-usa","tag-utah","tag-zabava"],"yoast_head":"<!-- This site is optimized with the Yoast SEO Premium plugin v25.3 (Yoast SEO v25.9) - https:\/\/yoast.com\/wordpress\/plugins\/seo\/ -->\n<title>Rampage \u2013 ke\u010f sa aj z\u00a0t\u00fdch najsl\u00e1vnej\u0161\u00edch bikerov st\u00e1vaj\u00fa kop\u00e1\u010di<\/title>\n<meta name=\"description\" content=\"Jesenn\u00e1 akcia roka, ktor\u00fa ka\u017edoro\u010dne sleduj\u00fa mili\u00f3ny fan\u00fa\u0161ikov na celom svete a jedna z najpopul\u00e1rnej\u0161\u00edch akci\u00ed Red Bull, sa kone\u010dne bl\u00ed\u017ei.\" \/>\n<meta name=\"robots\" content=\"index, follow, max-snippet:-1, max-image-preview:large, max-video-preview:-1\" \/>\n<link rel=\"canonical\" href=\"https:\/\/www.welovecycling.com\/sk\/2019\/10\/09\/rampage-ked-sa-aj-z-tych-najslavnejsich-bikerov-stavaju-kopaci\/\" \/>\n<meta property=\"og:locale\" content=\"sk_SK\" \/>\n<meta property=\"og:type\" content=\"article\" \/>\n<meta property=\"og:title\" content=\"Rampage \u2013 ke\u010f sa aj z\u00a0t\u00fdch najsl\u00e1vnej\u0161\u00edch bikerov st\u00e1vaj\u00fa kop\u00e1\u010di\" \/>\n<meta property=\"og:description\" content=\"Jesenn\u00e1 akcia roka, ktor\u00fa ka\u017edoro\u010dne sleduj\u00fa mili\u00f3ny fan\u00fa\u0161ikov na celom svete a jedna z najpopul\u00e1rnej\u0161\u00edch akci\u00ed Red Bull, sa kone\u010dne bl\u00ed\u017ei.\" \/>\n<meta property=\"og:url\" content=\"https:\/\/www.welovecycling.com\/sk\/2019\/10\/09\/rampage-ked-sa-aj-z-tych-najslavnejsich-bikerov-stavaju-kopaci\/\" \/>\n<meta property=\"og:site_name\" content=\"\u0160koda We Love Cycling Slovensko\" \/>\n<meta property=\"article:published_time\" content=\"2019-10-09T08:20:47+00:00\" \/>\n<meta property=\"article:modified_time\" content=\"2023-05-03T10:00:53+00:00\" \/>\n<meta property=\"og:image\" content=\"https:\/\/d2p6e6u75xmxt8.cloudfront.net\/4\/2019\/10\/titulka-2.webp\" \/>\n\t<meta property=\"og:image:width\" content=\"1380\" \/>\n\t<meta property=\"og:image:height\" content=\"600\" \/>\n\t<meta property=\"og:image:type\" content=\"image\/webp\" \/>\n<meta name=\"author\" content=\"Ondrej Ga\u0161par\" \/>\n<meta name=\"twitter:card\" content=\"summary_large_image\" \/>\n<meta name=\"twitter:label1\" content=\"Written by\" \/>\n\t<meta name=\"twitter:data1\" content=\"Radovan Vr\u0161ka\" \/>\n\t<meta name=\"twitter:label2\" content=\"Est. reading time\" \/>\n\t<meta name=\"twitter:data2\" content=\"3\" \/>\n<script type=\"application\/ld+json\" class=\"yoast-schema-graph\">{\"@context\":\"https:\/\/schema.org\",\"@graph\":[{\"@type\":\"WebPage\",\"@id\":\"https:\/\/www.welovecycling.com\/sk\/2019\/10\/09\/rampage-ked-sa-aj-z-tych-najslavnejsich-bikerov-stavaju-kopaci\/\",\"url\":\"https:\/\/www.welovecycling.com\/sk\/2019\/10\/09\/rampage-ked-sa-aj-z-tych-najslavnejsich-bikerov-stavaju-kopaci\/\",\"name\":\"Rampage \u2013 ke\u010f sa aj z\u00a0t\u00fdch najsl\u00e1vnej\u0161\u00edch bikerov st\u00e1vaj\u00fa kop\u00e1\u010di\",\"isPartOf\":{\"@id\":\"https:\/\/www.welovecycling.com\/sk\/#website\"},\"primaryImageOfPage\":{\"@id\":\"https:\/\/www.welovecycling.com\/sk\/2019\/10\/09\/rampage-ked-sa-aj-z-tych-najslavnejsich-bikerov-stavaju-kopaci\/#primaryimage\"},\"image\":{\"@id\":\"https:\/\/www.welovecycling.com\/sk\/2019\/10\/09\/rampage-ked-sa-aj-z-tych-najslavnejsich-bikerov-stavaju-kopaci\/#primaryimage\"},\"thumbnailUrl\":\"https:\/\/d2p6e6u75xmxt8.cloudfront.net\/4\/2019\/10\/titulka-2.webp\",\"datePublished\":\"2019-10-09T08:20:47+00:00\",\"dateModified\":\"2023-05-03T10:00:53+00:00\",\"author\":{\"@id\":\"https:\/\/www.welovecycling.com\/sk\/#\/schema\/person\/8ee09ba39b7e25b1870160aa5b3a89bc\"},\"description\":\"Jesenn\u00e1 akcia roka, ktor\u00fa ka\u017edoro\u010dne sleduj\u00fa mili\u00f3ny fan\u00fa\u0161ikov na celom svete a jedna z najpopul\u00e1rnej\u0161\u00edch akci\u00ed Red Bull, sa kone\u010dne bl\u00ed\u017ei.\",\"breadcrumb\":{\"@id\":\"https:\/\/www.welovecycling.com\/sk\/2019\/10\/09\/rampage-ked-sa-aj-z-tych-najslavnejsich-bikerov-stavaju-kopaci\/#breadcrumb\"},\"inLanguage\":\"sk-SK\",\"potentialAction\":[{\"@type\":\"ReadAction\",\"target\":[\"https:\/\/www.welovecycling.com\/sk\/2019\/10\/09\/rampage-ked-sa-aj-z-tych-najslavnejsich-bikerov-stavaju-kopaci\/\"]}]},{\"@type\":\"ImageObject\",\"inLanguage\":\"sk-SK\",\"@id\":\"https:\/\/www.welovecycling.com\/sk\/2019\/10\/09\/rampage-ked-sa-aj-z-tych-najslavnejsich-bikerov-stavaju-kopaci\/#primaryimage\",\"url\":\"https:\/\/d2p6e6u75xmxt8.cloudfront.net\/4\/2019\/10\/titulka-2.webp\",\"contentUrl\":\"https:\/\/d2p6e6u75xmxt8.cloudfront.net\/4\/2019\/10\/titulka-2.webp\",\"width\":1380,\"height\":600},{\"@type\":\"BreadcrumbList\",\"@id\":\"https:\/\/www.welovecycling.com\/sk\/2019\/10\/09\/rampage-ked-sa-aj-z-tych-najslavnejsich-bikerov-stavaju-kopaci\/#breadcrumb\",\"itemListElement\":[{\"@type\":\"ListItem\",\"position\":1,\"name\":\"Home\",\"item\":\"https:\/\/www.welovecycling.com\/sk\/\"},{\"@type\":\"ListItem\",\"position\":2,\"name\":\"Rampage \u2013 ke\u010f sa aj z\u00a0t\u00fdch najsl\u00e1vnej\u0161\u00edch bikerov st\u00e1vaj\u00fa kop\u00e1\u010di\"}]},{\"@type\":\"WebSite\",\"@id\":\"https:\/\/www.welovecycling.com\/sk\/#website\",\"url\":\"https:\/\/www.welovecycling.com\/sk\/\",\"name\":\"\u0160koda We Love Cycling Slovensko\",\"description\":\"\u0160koda We Love Cycling Slovensko je v\u00e1\u0161 ka\u017edodenn\u00fd zdroj noviniek a in\u0161pir\u00e1cie z sveta cyklistiky\",\"potentialAction\":[{\"@type\":\"SearchAction\",\"target\":{\"@type\":\"EntryPoint\",\"urlTemplate\":\"https:\/\/www.welovecycling.com\/sk\/?s={search_term_string}\"},\"query-input\":{\"@type\":\"PropertyValueSpecification\",\"valueRequired\":true,\"valueName\":\"search_term_string\"}}],\"inLanguage\":\"sk-SK\"},{\"@type\":\"Person\",\"@id\":\"https:\/\/www.welovecycling.com\/sk\/#\/schema\/person\/8ee09ba39b7e25b1870160aa5b3a89bc\",\"name\":\"Ondrej Ga\u0161par\",\"image\":{\"@type\":\"ImageObject\",\"inLanguage\":\"sk-SK\",\"@id\":\"https:\/\/www.welovecycling.com\/sk\/#\/schema\/person\/image\/\",\"url\":\"https:\/\/secure.gravatar.com\/avatar\/6126c9afb87b70da5abbb083ddbb21933da15f18f8ca7cb822aba0fb096a48f6?s=96&d=mm&r=g\",\"contentUrl\":\"https:\/\/secure.gravatar.com\/avatar\/6126c9afb87b70da5abbb083ddbb21933da15f18f8ca7cb822aba0fb096a48f6?s=96&d=mm&r=g\",\"caption\":\"Ondrej Ga\u0161par\"},\"url\":\"https:\/\/www.welovecycling.com\/sk\/author\/ondrejgaspar\/\"}]}<\/script>\n<!-- \/ Yoast SEO Premium plugin. -->","yoast_head_json":{"title":"Rampage \u2013 ke\u010f sa aj z\u00a0t\u00fdch najsl\u00e1vnej\u0161\u00edch bikerov st\u00e1vaj\u00fa kop\u00e1\u010di","description":"Jesenn\u00e1 akcia roka, ktor\u00fa ka\u017edoro\u010dne sleduj\u00fa mili\u00f3ny fan\u00fa\u0161ikov na celom svete a jedna z najpopul\u00e1rnej\u0161\u00edch akci\u00ed Red Bull, sa kone\u010dne bl\u00ed\u017ei.","robots":{"index":"index","follow":"follow","max-snippet":"max-snippet:-1","max-image-preview":"max-image-preview:large","max-video-preview":"max-video-preview:-1"},"canonical":"https:\/\/www.welovecycling.com\/sk\/2019\/10\/09\/rampage-ked-sa-aj-z-tych-najslavnejsich-bikerov-stavaju-kopaci\/","og_locale":"sk_SK","og_type":"article","og_title":"Rampage \u2013 ke\u010f sa aj z\u00a0t\u00fdch najsl\u00e1vnej\u0161\u00edch bikerov st\u00e1vaj\u00fa kop\u00e1\u010di","og_description":"Jesenn\u00e1 akcia roka, ktor\u00fa ka\u017edoro\u010dne sleduj\u00fa mili\u00f3ny fan\u00fa\u0161ikov na celom svete a jedna z najpopul\u00e1rnej\u0161\u00edch akci\u00ed Red Bull, sa kone\u010dne bl\u00ed\u017ei.","og_url":"https:\/\/www.welovecycling.com\/sk\/2019\/10\/09\/rampage-ked-sa-aj-z-tych-najslavnejsich-bikerov-stavaju-kopaci\/","og_site_name":"\u0160koda We Love Cycling Slovensko","article_published_time":"2019-10-09T08:20:47+00:00","article_modified_time":"2023-05-03T10:00:53+00:00","og_image":[{"width":1380,"height":600,"url":"https:\/\/d2p6e6u75xmxt8.cloudfront.net\/4\/2019\/10\/titulka-2.webp","type":"image\/webp"}],"author":"Ondrej Ga\u0161par","twitter_card":"summary_large_image","twitter_misc":{"Written by":"Radovan Vr\u0161ka","Est. reading time":"3"},"schema":{"@context":"https:\/\/schema.org","@graph":[{"@type":"WebPage","@id":"https:\/\/www.welovecycling.com\/sk\/2019\/10\/09\/rampage-ked-sa-aj-z-tych-najslavnejsich-bikerov-stavaju-kopaci\/","url":"https:\/\/www.welovecycling.com\/sk\/2019\/10\/09\/rampage-ked-sa-aj-z-tych-najslavnejsich-bikerov-stavaju-kopaci\/","name":"Rampage \u2013 ke\u010f sa aj z\u00a0t\u00fdch najsl\u00e1vnej\u0161\u00edch bikerov st\u00e1vaj\u00fa kop\u00e1\u010di","isPartOf":{"@id":"https:\/\/www.welovecycling.com\/sk\/#website"},"primaryImageOfPage":{"@id":"https:\/\/www.welovecycling.com\/sk\/2019\/10\/09\/rampage-ked-sa-aj-z-tych-najslavnejsich-bikerov-stavaju-kopaci\/#primaryimage"},"image":{"@id":"https:\/\/www.welovecycling.com\/sk\/2019\/10\/09\/rampage-ked-sa-aj-z-tych-najslavnejsich-bikerov-stavaju-kopaci\/#primaryimage"},"thumbnailUrl":"https:\/\/d2p6e6u75xmxt8.cloudfront.net\/4\/2019\/10\/titulka-2.webp","datePublished":"2019-10-09T08:20:47+00:00","dateModified":"2023-05-03T10:00:53+00:00","author":{"@id":"https:\/\/www.welovecycling.com\/sk\/#\/schema\/person\/8ee09ba39b7e25b1870160aa5b3a89bc"},"description":"Jesenn\u00e1 akcia roka, ktor\u00fa ka\u017edoro\u010dne sleduj\u00fa mili\u00f3ny fan\u00fa\u0161ikov na celom svete a jedna z najpopul\u00e1rnej\u0161\u00edch akci\u00ed Red Bull, sa kone\u010dne bl\u00ed\u017ei.","breadcrumb":{"@id":"https:\/\/www.welovecycling.com\/sk\/2019\/10\/09\/rampage-ked-sa-aj-z-tych-najslavnejsich-bikerov-stavaju-kopaci\/#breadcrumb"},"inLanguage":"sk-SK","potentialAction":[{"@type":"ReadAction","target":["https:\/\/www.welovecycling.com\/sk\/2019\/10\/09\/rampage-ked-sa-aj-z-tych-najslavnejsich-bikerov-stavaju-kopaci\/"]}]},{"@type":"ImageObject","inLanguage":"sk-SK","@id":"https:\/\/www.welovecycling.com\/sk\/2019\/10\/09\/rampage-ked-sa-aj-z-tych-najslavnejsich-bikerov-stavaju-kopaci\/#primaryimage","url":"https:\/\/d2p6e6u75xmxt8.cloudfront.net\/4\/2019\/10\/titulka-2.webp","contentUrl":"https:\/\/d2p6e6u75xmxt8.cloudfront.net\/4\/2019\/10\/titulka-2.webp","width":1380,"height":600},{"@type":"BreadcrumbList","@id":"https:\/\/www.welovecycling.com\/sk\/2019\/10\/09\/rampage-ked-sa-aj-z-tych-najslavnejsich-bikerov-stavaju-kopaci\/#breadcrumb","itemListElement":[{"@type":"ListItem","position":1,"name":"Home","item":"https:\/\/www.welovecycling.com\/sk\/"},{"@type":"ListItem","position":2,"name":"Rampage \u2013 ke\u010f sa aj z\u00a0t\u00fdch najsl\u00e1vnej\u0161\u00edch bikerov st\u00e1vaj\u00fa kop\u00e1\u010di"}]},{"@type":"WebSite","@id":"https:\/\/www.welovecycling.com\/sk\/#website","url":"https:\/\/www.welovecycling.com\/sk\/","name":"\u0160koda We Love Cycling Slovensko","description":"\u0160koda We Love Cycling Slovensko je v\u00e1\u0161 ka\u017edodenn\u00fd zdroj noviniek a in\u0161pir\u00e1cie z sveta cyklistiky","potentialAction":[{"@type":"SearchAction","target":{"@type":"EntryPoint","urlTemplate":"https:\/\/www.welovecycling.com\/sk\/?s={search_term_string}"},"query-input":{"@type":"PropertyValueSpecification","valueRequired":true,"valueName":"search_term_string"}}],"inLanguage":"sk-SK"},{"@type":"Person","@id":"https:\/\/www.welovecycling.com\/sk\/#\/schema\/person\/8ee09ba39b7e25b1870160aa5b3a89bc","name":"Ondrej Ga\u0161par","image":{"@type":"ImageObject","inLanguage":"sk-SK","@id":"https:\/\/www.welovecycling.com\/sk\/#\/schema\/person\/image\/","url":"https:\/\/secure.gravatar.com\/avatar\/6126c9afb87b70da5abbb083ddbb21933da15f18f8ca7cb822aba0fb096a48f6?s=96&d=mm&r=g","contentUrl":"https:\/\/secure.gravatar.com\/avatar\/6126c9afb87b70da5abbb083ddbb21933da15f18f8ca7cb822aba0fb096a48f6?s=96&d=mm&r=g","caption":"Ondrej Ga\u0161par"},"url":"https:\/\/www.welovecycling.com\/sk\/author\/ondrejgaspar\/"}]}},"_links":{"self":[{"href":"https:\/\/www.welovecycling.com\/sk\/wp-json\/wp\/v2\/posts\/8396","targetHints":{"allow":["GET"]}}],"collection":[{"href":"https:\/\/www.welovecycling.com\/sk\/wp-json\/wp\/v2\/posts"}],"about":[{"href":"https:\/\/www.welovecycling.com\/sk\/wp-json\/wp\/v2\/types\/post"}],"author":[{"embeddable":true,"href":"https:\/\/www.welovecycling.com\/sk\/wp-json\/wp\/v2\/users\/38"}],"replies":[{"embeddable":true,"href":"https:\/\/www.welovecycling.com\/sk\/wp-json\/wp\/v2\/comments?post=8396"}],"version-history":[{"count":2,"href":"https:\/\/www.welovecycling.com\/sk\/wp-json\/wp\/v2\/posts\/8396\/revisions"}],"predecessor-version":[{"id":17310,"href":"https:\/\/www.welovecycling.com\/sk\/wp-json\/wp\/v2\/posts\/8396\/revisions\/17310"}],"wp:featuredmedia":[{"embeddable":true,"href":"https:\/\/www.welovecycling.com\/sk\/wp-json\/wp\/v2\/media\/8409"}],"wp:attachment":[{"href":"https:\/\/www.welovecycling.com\/sk\/wp-json\/wp\/v2\/media?parent=8396"}],"wp:term":[{"taxonomy":"category","embeddable":true,"href":"https:\/\/www.welovecycling.com\/sk\/wp-json\/wp\/v2\/categories?post=8396"},{"taxonomy":"post_tag","embeddable":true,"href":"https:\/\/www.welovecycling.com\/sk\/wp-json\/wp\/v2\/tags?post=8396"},{"taxonomy":"global-categories","embeddable":true,"href":"https:\/\/www.welovecycling.com\/sk\/wp-json\/wp\/v2\/global-categories?post=8396"}],"curies":[{"name":"wp","href":"https:\/\/api.w.org\/{rel}","templated":true}]}}