{"id":8374,"date":"2019-10-07T11:17:27","date_gmt":"2019-10-07T09:17:27","guid":{"rendered":"https:\/\/www.welovecycling.com\/sk\/?p=8374"},"modified":"2019-11-21T09:26:26","modified_gmt":"2019-11-21T08:26:26","slug":"rozhovor-laco-sidlo-rodina-cyklistika-a-praca-fungujuca-rovnovaha","status":"publish","type":"post","link":"https:\/\/www.welovecycling.com\/sk\/2019\/10\/07\/rozhovor-laco-sidlo-rodina-cyklistika-a-praca-fungujuca-rovnovaha\/","title":{"rendered":"Rozhovor: Laco \u0160idlo &#8211; rodina, cyklistika a pr\u00e1ca = funguj\u00faca rovnov\u00e1ha"},"content":{"rendered":"<p><strong>Celkom be\u017en\u00fdm javom je, \u017ee najm\u00e4 chlapi chytaj\u00fa okolo 30-tky druh\u00fd dych, \u010do sa t\u00fdka ich nesplnen\u00fdch snov a amb\u00edci\u00ed. Bu\u010f sa vracaj\u00fa k \u0161portov\u00fdm aktivit\u00e1m z mladosti, alebo si nach\u00e1dzaj\u00fa nov\u00e9 kon\u00ed\u010dky. Svoj \u017eivot si na rozdiel od 20-tky u\u017e zariadili, maj\u00fa slu\u0161n\u00fd job, vyrie\u0161ili b\u00fdvanie a \u010dasto im doma behaj\u00fa u\u017e de\u0165\u00farence. Tak, ak\u00fa nov\u00fa v\u00fdzvu si vymyslie\u0165? Pokojne to m\u00f4\u017ee by\u0165 aj majster republiky v cyklistike.<\/strong><!--more--><\/p>\n<p>\u017de sa jedn\u00e1 o \u0161\u0165astie a nie prekliatie, \u017ee mu\u017e n\u00e1jde nov\u00e9 \u201ckoren\u00ed\u010dko\u201d \u017eivota v \u0161porte a nie v nevere a drog\u00e1ch :-), \u010dasto sami pripom\u00edname doma polovi\u010dk\u00e1m. Ako toto v\u0161etko zvl\u00e1da \u0161pi\u010dkov\u00fd \u201cveter\u00e1n\u201d a <strong>top jazdec kate\u0123\u00f3rie masters A (30-40 rokov)<\/strong>, n\u00e1m porozpr\u00e1va <strong>Laco \u0160idlo<\/strong>.<\/p>\n<div data-rows=\"1\" id='gallery-1' class='gallery-rows-1 gallery galleryid-8374 gallery-columns-2 gallery-size-full'><figure class='gallery-item'>\n\t\t\t<div class='gallery-icon landscape'>\n\t\t\t\t<a href='https:\/\/d2p6e6u75xmxt8.cloudfront.net\/4\/2019\/10\/1.webp'><img loading=\"lazy\" decoding=\"async\" width=\"960\" height=\"960\" src=\"https:\/\/d2p6e6u75xmxt8.cloudfront.net\/4\/2019\/10\/1.webp\" class=\"attachment-full size-full\" alt=\"\" srcset=\"https:\/\/d2p6e6u75xmxt8.cloudfront.net\/4\/2019\/10\/1.webp 960w, https:\/\/d2p6e6u75xmxt8.cloudfront.net\/4\/2019\/10\/1-300x300.webp 300w, https:\/\/d2p6e6u75xmxt8.cloudfront.net\/4\/2019\/10\/1-150x150.webp 150w, https:\/\/d2p6e6u75xmxt8.cloudfront.net\/4\/2019\/10\/1-768x768.webp 768w\" sizes=\"auto, (max-width: 960px) 100vw, 960px\" \/><\/a>\n\t\t\t<\/div><\/figure><figure class='gallery-item'>\n\t\t\t<div class='gallery-icon landscape'>\n\t\t\t\t<a href='https:\/\/d2p6e6u75xmxt8.cloudfront.net\/4\/2019\/10\/2.webp'><img loading=\"lazy\" decoding=\"async\" width=\"960\" height=\"960\" src=\"https:\/\/d2p6e6u75xmxt8.cloudfront.net\/4\/2019\/10\/2.webp\" class=\"attachment-full size-full\" alt=\"\" srcset=\"https:\/\/d2p6e6u75xmxt8.cloudfront.net\/4\/2019\/10\/2.webp 960w, https:\/\/d2p6e6u75xmxt8.cloudfront.net\/4\/2019\/10\/2-300x300.webp 300w, https:\/\/d2p6e6u75xmxt8.cloudfront.net\/4\/2019\/10\/2-150x150.webp 150w, https:\/\/d2p6e6u75xmxt8.cloudfront.net\/4\/2019\/10\/2-768x768.webp 768w\" sizes=\"auto, (max-width: 960px) 100vw, 960px\" \/><\/a>\n\t\t\t<\/div><\/figure>\n\t\t<\/div>\n        \n<p><strong>Ako to je s tebou Laco, \u010do si robil po skon\u010den\u00ed cyklo kari\u00e9ry?<\/strong><br \/>\n<em>M\u00f4j \u201cp\u00e1d\u201d po ukon\u010den\u00ed profi cyklistickej kari\u00e9ry bol tvrd\u00fd. Za\u010d\u00ednal som od nuly v r\u00f4znych obchod\u00edkoch v Tescu a brig\u00e1dach. Nemal som vhodn\u00fa kvalifik\u00e1ciu. Sk\u00fasil som 3 roky Anglicko, ako v\u00e4\u010d\u0161ina mojich rovesn\u00edkov, a tak som sa rozbehol. A pochopil, \u017ee to nie je cesta pre m\u0148a. Nasledoval n\u00e1vrat a zamakanie na pr\u00e1ci v r\u00e1mci Slovenska a \u010ceskej republiky. Odmakal som si 10 rokov, 13-16 hod\u00edn denne, niekedy aj dve pr\u00e1ce, v\u010faka \u010domu m\u00e1m dnes slu\u0161n\u00fa pr\u00e1cu, dobr\u00fd pr\u00edjem a m\u00f4\u017eem si sponzorova\u0165 cyklistiku.<\/em><\/p>\n<div data-rows=\"1\" id='gallery-2' class='gallery-rows-1 gallery galleryid-8374 gallery-columns-2 gallery-size-full'><figure class='gallery-item'>\n\t\t\t<div class='gallery-icon landscape'>\n\t\t\t\t<a href='https:\/\/d2p6e6u75xmxt8.cloudfront.net\/4\/2019\/10\/3.webp'><img loading=\"lazy\" decoding=\"async\" width=\"960\" height=\"960\" src=\"https:\/\/d2p6e6u75xmxt8.cloudfront.net\/4\/2019\/10\/3.webp\" class=\"attachment-full size-full\" alt=\"\" srcset=\"https:\/\/d2p6e6u75xmxt8.cloudfront.net\/4\/2019\/10\/3.webp 960w, https:\/\/d2p6e6u75xmxt8.cloudfront.net\/4\/2019\/10\/3-300x300.webp 300w, https:\/\/d2p6e6u75xmxt8.cloudfront.net\/4\/2019\/10\/3-150x150.webp 150w, https:\/\/d2p6e6u75xmxt8.cloudfront.net\/4\/2019\/10\/3-768x768.webp 768w\" sizes=\"auto, (max-width: 960px) 100vw, 960px\" \/><\/a>\n\t\t\t<\/div><\/figure><figure class='gallery-item'>\n\t\t\t<div class='gallery-icon landscape'>\n\t\t\t\t<a href='https:\/\/d2p6e6u75xmxt8.cloudfront.net\/4\/2019\/10\/4.webp'><img loading=\"lazy\" decoding=\"async\" width=\"960\" height=\"960\" src=\"https:\/\/d2p6e6u75xmxt8.cloudfront.net\/4\/2019\/10\/4.webp\" class=\"attachment-full size-full\" alt=\"\" srcset=\"https:\/\/d2p6e6u75xmxt8.cloudfront.net\/4\/2019\/10\/4.webp 960w, https:\/\/d2p6e6u75xmxt8.cloudfront.net\/4\/2019\/10\/4-300x300.webp 300w, https:\/\/d2p6e6u75xmxt8.cloudfront.net\/4\/2019\/10\/4-150x150.webp 150w, https:\/\/d2p6e6u75xmxt8.cloudfront.net\/4\/2019\/10\/4-768x768.webp 768w\" sizes=\"auto, (max-width: 960px) 100vw, 960px\" \/><\/a>\n\t\t\t<\/div><\/figure>\n\t\t<\/div>\n        \n<p><strong>Zanevrel na chv\u00ed\u013eu \u00faplne na \u0161port?<\/strong><br \/>\n<em>V\u017edy som \u0161portoval. Po ukon\u010den\u00ed kari\u00e9ry, ako som u\u017e spom\u00ednal &#8211; profi cyklistiky v klube \u017deleziarne Podbrezov\u00e1, som si dal od biku pauzu. Nahradil som ho kor\u010du\u013eami, behom, badmintonom, pl\u00e1\u017eov\u00fdm volejbalom, pl\u00e1van\u00edm, turistikou a v\u0161etk\u00fdmi \u0161portmi, ktor\u00e9 som nemohol robi\u0165 ako cyklista &#8211; prof\u00edk.<\/em><\/p>\n<p><a href=\"https:\/\/d2p6e6u75xmxt8.cloudfront.net\/4\/2019\/10\/12.png\"><img loading=\"lazy\" decoding=\"async\" class=\"alignnone size-full wp-image-8384\" src=\"https:\/\/d2p6e6u75xmxt8.cloudfront.net\/4\/2019\/10\/12.png\" alt=\"\" width=\"1200\" height=\"800\" \/><\/a><\/p>\n<p><strong>Ak\u00e9 boli tvoje za\u010diatky s cyklistikou?<\/strong><br \/>\n<em>Bikros. Dnes u\u017e nezn\u00e1my \u0161port, povedal by som. Ako 7-ro\u010dn\u00fd som sk\u00e1kal po tratiach, chodil na preteky do Rak\u00faska, tr\u00e9noval 3-6x do t\u00fd\u017ed\u0148a. Ni\u010d, \u010do by si moje deti dok\u00e1zali predstavi\u0165 :-). Potom po zranen\u00ed prest\u00e1vka a horsk\u00e1 cyklistika. Zlat\u00e1 \u00e9ra 90-tych rokov.<\/em><\/p>\n<p><strong>\u010co predch\u00e1dzalo prest\u00e1vke v cyklo kari\u00e9re?<\/strong><br \/>\n<em>V klube nebolo miesto pre 20-ro\u010dn\u00e9ho jazdca, lebo Podbrezov\u00e1 naberala star\u0161\u00edch mu\u017eov do svojho pro-kontinent\u00e1lneho t\u00edmu. Moje v\u00fdsledky neboli nejako osl\u0148uj\u00face, \u010dasto som pracoval len na l\u00eddra. Nemal som ani tr\u00e9nera, sk\u00fasenosti a takto to u\u017e \u010falej ne\u0161lo. Nepred\u013a\u017eili mi zmluvu a za \u201cmateri\u00e1l\u201d sa mi jazdi\u0165 nechcelo.<\/em><\/p>\n<p><strong>\u010co bol impulz pre re\u0161tart?<\/strong><br \/>\n<em>V\u017edy som chcel za\u010da\u0165 jazdi\u0165 znova. Aspo\u0148 pre seba. Man\u017eelka povedala, \u017ee si m\u00e1m k\u00fapi\u0165 ces\u0165\u00e1k. Tak som si k\u00fapil Meridu 904. A u\u017e to za\u010dalo.<\/em><\/p>\n<div data-rows=\"1\" id='gallery-3' class='gallery-rows-1 gallery galleryid-8374 gallery-columns-2 gallery-size-full'><figure class='gallery-item'>\n\t\t\t<div class='gallery-icon landscape'>\n\t\t\t\t<a href='https:\/\/d2p6e6u75xmxt8.cloudfront.net\/4\/2019\/10\/5.webp'><img loading=\"lazy\" decoding=\"async\" width=\"1200\" height=\"800\" src=\"https:\/\/d2p6e6u75xmxt8.cloudfront.net\/4\/2019\/10\/5.webp\" class=\"attachment-full size-full\" alt=\"\" srcset=\"https:\/\/d2p6e6u75xmxt8.cloudfront.net\/4\/2019\/10\/5.webp 1200w, https:\/\/d2p6e6u75xmxt8.cloudfront.net\/4\/2019\/10\/5-300x200.webp 300w, https:\/\/d2p6e6u75xmxt8.cloudfront.net\/4\/2019\/10\/5-1024x683.webp 1024w, https:\/\/d2p6e6u75xmxt8.cloudfront.net\/4\/2019\/10\/5-768x512.webp 768w, https:\/\/d2p6e6u75xmxt8.cloudfront.net\/4\/2019\/10\/5-272x182.webp 272w\" sizes=\"auto, (max-width: 1200px) 100vw, 1200px\" \/><\/a>\n\t\t\t<\/div><\/figure><figure class='gallery-item'>\n\t\t\t<div class='gallery-icon landscape'>\n\t\t\t\t<a href='https:\/\/d2p6e6u75xmxt8.cloudfront.net\/4\/2019\/10\/6.webp'><img loading=\"lazy\" decoding=\"async\" width=\"1200\" height=\"800\" src=\"https:\/\/d2p6e6u75xmxt8.cloudfront.net\/4\/2019\/10\/6.webp\" class=\"attachment-full size-full\" alt=\"\" srcset=\"https:\/\/d2p6e6u75xmxt8.cloudfront.net\/4\/2019\/10\/6.webp 1200w, https:\/\/d2p6e6u75xmxt8.cloudfront.net\/4\/2019\/10\/6-300x200.webp 300w, https:\/\/d2p6e6u75xmxt8.cloudfront.net\/4\/2019\/10\/6-1024x683.webp 1024w, https:\/\/d2p6e6u75xmxt8.cloudfront.net\/4\/2019\/10\/6-768x512.webp 768w, https:\/\/d2p6e6u75xmxt8.cloudfront.net\/4\/2019\/10\/6-272x182.webp 272w\" sizes=\"auto, (max-width: 1200px) 100vw, 1200px\" \/><\/a>\n\t\t\t<\/div><\/figure>\n\t\t<\/div>\n        \n<p><strong>Ako to bolo u v\u00e1s doma, o\u013eutovala \u017eena svoju radu?<\/strong><br \/>\n<em>To bola e\u0161te sranda. Nejazdil som preteky, len pre seba, nebol to stres a nervy. Hor\u0161ie bolo, ke\u010f som si predsavzal, \u017ee vyhr\u00e1m \u201cslovensk\u00e9 majstrovstv\u00e1 sveta amat\u00e9rov\u201d v Kl\u00e1\u0161tore pod Znievom. Ktor\u00e9 som aj na prv\u00fd pokus vyhral. Ten rok som u\u017e najazdil 6-7 tis\u00edc km.<\/em><\/p>\n<p><strong>M\u00e1\u0161 nejak\u00fd syst\u00e9m, ako to v\u0161etko sk\u013abi\u0165 tak, \u017ee s\u00fa v\u0161etci spokojn\u00ed?<\/strong><br \/>\n<em>No s\u00fa to tr\u00e9ningy aj o 4-5 hod. r\u00e1no, pred pr\u00e1cou. Sna\u017e\u00edm sa deti na v\u00edkend bra\u0165 k babi\u010dke, nech si \u017eena odd\u00fdchne a ke\u010f sa d\u00e1, zobra\u0165 ich poobede von a podobne. Rozv\u00e1\u017eam do \u0161k\u00f4lky, aktivity po \u0161k\u00f4lke, kr\u00fa\u017eky. Ale ur\u010dite je cyklistika \u017er\u00fat \u010dasu.<\/em><\/p>\n<p><strong>Nejak\u00fd extra tip, v\u010faka \u010domu to funguje, \u017ee \u00faspe\u0161ne kombinuje\u0161 kari\u00e9ru, rodinu a \u0161port?<\/strong><br \/>\n<em>Tr\u00e9ning mus\u00ed \u00eds\u0165 na \u00fakor tvojej pohody a vo\u013en\u00e9ho \u010dasu. Nie rodiny.<\/em><\/p>\n<p><a href=\"https:\/\/d2p6e6u75xmxt8.cloudfront.net\/4\/2019\/10\/9-1.jpg\"><img loading=\"lazy\" decoding=\"async\" class=\"alignnone size-full wp-image-8388\" src=\"https:\/\/d2p6e6u75xmxt8.cloudfront.net\/4\/2019\/10\/9-1.jpg\" alt=\"\" width=\"1200\" height=\"800\" \/><\/a><\/p>\n<p><strong>Ko\u013eko jazd\u00ed\u0161 teraz? Hod\u00edn, km? Ako \u010dasovo n\u00e1ro\u010dn\u00e1 je cyklistika?<\/strong><br \/>\n<em>Je to masaker. Jazd\u00edm okolo 8-10 tis\u00edc km ro\u010dne, nejak\u00e1 turistika a horsk\u00fd bike. Bohu\u017eia\u013e, cestn\u00e1 cyklistika potrebuje hodiny tr\u00e9ningu. Tomu sa nevyhne\u0161.<\/em><\/p>\n<p><strong>\u010co v\u00edkendy a pretekanie? Ako toleruj\u00fa doma toto?<\/strong><br \/>\n<em>M\u00e1m ve\u013emi tolerantn\u00fa \u017eenu. Sna\u017e\u00edm sa vraca\u0165 z pretekov \u010do najsk\u00f4r, nena\u0165ahova\u0165 to. Pretek\u00e1m v podstate iba jeden poh\u00e1r, Merida Road Cup (22 k\u00f4l).<\/em><\/p>\n<p><strong>Pre\u010do toto v\u0161etko dobrovo\u013ene podstupuje\u0161?<\/strong><br \/>\n<em>Je to z\u00e1vislos\u0165 na \u0161porte a \u013eu\u010foch okolo. Bav\u00ed ma kolekt\u00edv a typ \u013eud\u00ed tam. M\u00e1me rovnak\u00fa \u00fachylku, bav\u00ed n\u00e1s sa tr\u00e1pi\u0165 a ma\u0165 bo\u013eav\u00e9 telo. Je to rovnak\u00e1 choroba ako ka\u017ed\u00e1 in\u00e1, kde sa zdru\u017euj\u00fa pacienti.<\/em><\/p>\n<div data-rows=\"1\" id='gallery-4' class='gallery-rows-1 gallery galleryid-8374 gallery-columns-2 gallery-size-full'><figure class='gallery-item'>\n\t\t\t<div class='gallery-icon landscape'>\n\t\t\t\t<a href='https:\/\/d2p6e6u75xmxt8.cloudfront.net\/4\/2019\/10\/8.webp'><img loading=\"lazy\" decoding=\"async\" width=\"1200\" height=\"800\" src=\"https:\/\/d2p6e6u75xmxt8.cloudfront.net\/4\/2019\/10\/8.webp\" class=\"attachment-full size-full\" alt=\"\" srcset=\"https:\/\/d2p6e6u75xmxt8.cloudfront.net\/4\/2019\/10\/8.webp 1200w, https:\/\/d2p6e6u75xmxt8.cloudfront.net\/4\/2019\/10\/8-300x200.webp 300w, https:\/\/d2p6e6u75xmxt8.cloudfront.net\/4\/2019\/10\/8-1024x683.webp 1024w, https:\/\/d2p6e6u75xmxt8.cloudfront.net\/4\/2019\/10\/8-768x512.webp 768w, https:\/\/d2p6e6u75xmxt8.cloudfront.net\/4\/2019\/10\/8-272x182.webp 272w\" sizes=\"auto, (max-width: 1200px) 100vw, 1200px\" \/><\/a>\n\t\t\t<\/div><\/figure><figure class='gallery-item'>\n\t\t\t<div class='gallery-icon landscape'>\n\t\t\t\t<a href='https:\/\/d2p6e6u75xmxt8.cloudfront.net\/4\/2019\/10\/7.webp'><img loading=\"lazy\" decoding=\"async\" width=\"1200\" height=\"800\" src=\"https:\/\/d2p6e6u75xmxt8.cloudfront.net\/4\/2019\/10\/7.webp\" class=\"attachment-full size-full\" alt=\"\" srcset=\"https:\/\/d2p6e6u75xmxt8.cloudfront.net\/4\/2019\/10\/7.webp 1200w, https:\/\/d2p6e6u75xmxt8.cloudfront.net\/4\/2019\/10\/7-300x200.webp 300w, https:\/\/d2p6e6u75xmxt8.cloudfront.net\/4\/2019\/10\/7-1024x683.webp 1024w, https:\/\/d2p6e6u75xmxt8.cloudfront.net\/4\/2019\/10\/7-768x512.webp 768w, https:\/\/d2p6e6u75xmxt8.cloudfront.net\/4\/2019\/10\/7-272x182.webp 272w\" sizes=\"auto, (max-width: 1200px) 100vw, 1200px\" \/><\/a>\n\t\t\t<\/div><\/figure>\n\t\t<\/div>\n        \n<p><strong>Na \u010do si v novo na\u0161tartovanej kari\u00e9re masters cyklistu najviac py\u0161n\u00fd? Tvoj top \u00faspech?<\/strong><br \/>\n<em>Uff. Tak je to amat\u00e9rska liga, tr\u00e1pime sa s \u00fa\u010das\u0165ou. \u013du\u010fom sa nechce, alebo nemaj\u00fa (nechc\u00fa) d\u00e1va\u0165 do toho peniaze. Ale v\u017edy sa n\u00e1jde 5-10 \u0165a\u017ek\u00fdch s\u00faperov. Ur\u010dite si cen\u00edm titul majster Slovenska v \u010dasovke jednotlivcov a dvojn\u00e1sobn\u00fd titul majstra Slovenska v pretekoch jednotlivcov. Hlavne ten druh\u00fd, na \u0165a\u017ekej trati v Sokolovciach.<\/em><\/p>\n<p><strong>Pl\u00e1ny do bud\u00facnosti? Potiahne\u0161 a\u017e do masters G (nad 75 rokov)?<\/strong><br \/>\n<em>Pod\u013ea zdravia a financi\u00ed. Moment\u00e1lne sa tr\u00e1pim s reumatickou artrit\u00eddou, beriem biologick\u00fa lie\u010dbu. K\u013aby bolia.<\/em><\/p>\n<p><a href=\"https:\/\/d2p6e6u75xmxt8.cloudfront.net\/4\/2019\/10\/11.jpg\"><img loading=\"lazy\" decoding=\"async\" class=\"alignnone size-full wp-image-8391\" src=\"https:\/\/d2p6e6u75xmxt8.cloudfront.net\/4\/2019\/10\/11.jpg\" alt=\"\" width=\"1200\" height=\"800\" \/><\/a><\/p>\n<p><strong>Odkaz pre t\u00fdch, ktor\u00fdch rovnako &#8222;chytila&#8220; t\u00e1to \u0161portov\u00e1 z\u00e1vislos\u0165?<\/strong><br \/>\n<em>\u0160portujte s rozumom, re\u0161pektujte rodinu a potreby partnerov. H\u013eadajte kompromis.<\/em><\/p>\n<p>Lacovi \u010fakujem za rozhovor a n\u00e1vody a te\u0161\u00edm sa na na\u0161e v\u00edkendov\u00e9 stretnutia na pretekoch. A hlavne, ve\u013ea zdravia!<\/p>\n<p>(fotky arch\u00edv L. \u0160idlo + I. Oravcov\u00e1)<\/p>\n","protected":false},"excerpt":{"rendered":"<p>Celkom be\u017en\u00fdm javom je, \u017ee najm\u00e4 chlapi chytaj\u00fa okolo 30-tky druh\u00fd dych, \u010do sa t\u00fdka ich nesplnen\u00fdch snov a amb\u00edci\u00ed. [&hellip;]<\/p>\n","protected":false},"author":38,"featured_media":8375,"comment_status":"open","ping_status":"open","sticky":false,"template":"","format":"standard","meta":{"footnotes":""},"categories":[118],"tags":[275,115,487,890,532,1153,583,481,1152,1012,179,885,509,501,55,183,161],"global-categories":[1074],"class_list":["post-8374","post","type-post","status-publish","format-standard","has-post-thumbnail","hentry","category-zabava","tag-cesta","tag-cestna-cyklistika","tag-cestny-bicykel","tag-jazdec","tag-jazdenie","tag-kariera","tag-majster-slovenska","tag-majstrovstva","tag-majstrovstva-slovenska","tag-pretekar","tag-preteky","tag-profesional","tag-rodina","tag-rozhovor","tag-trening","tag-zabava","tag-zdravie","global-categories-cycling"],"yoast_head":"<!-- This site is optimized with the Yoast SEO Premium plugin v25.3 (Yoast SEO v25.9) - https:\/\/yoast.com\/wordpress\/plugins\/seo\/ -->\n<title>Rozhovor: Laco \u0160idlo - rodina, cyklistika a pr\u00e1ca = funguj\u00faca rovnov\u00e1ha - \u0160koda We Love Cycling Slovensko<\/title>\n<meta name=\"robots\" content=\"index, follow, max-snippet:-1, max-image-preview:large, max-video-preview:-1\" \/>\n<link rel=\"canonical\" href=\"https:\/\/www.welovecycling.com\/sk\/2019\/10\/07\/rozhovor-laco-sidlo-rodina-cyklistika-a-praca-fungujuca-rovnovaha\/\" \/>\n<meta property=\"og:locale\" content=\"sk_SK\" \/>\n<meta property=\"og:type\" content=\"article\" \/>\n<meta property=\"og:title\" content=\"Rozhovor: Laco \u0160idlo - rodina, cyklistika a pr\u00e1ca = funguj\u00faca rovnov\u00e1ha\" \/>\n<meta property=\"og:description\" content=\"Celkom be\u017en\u00fdm javom je, \u017ee najm\u00e4 chlapi chytaj\u00fa okolo 30-tky druh\u00fd dych, \u010do sa t\u00fdka ich nesplnen\u00fdch snov a amb\u00edci\u00ed. [&hellip;]\" \/>\n<meta property=\"og:url\" content=\"https:\/\/www.welovecycling.com\/sk\/2019\/10\/07\/rozhovor-laco-sidlo-rodina-cyklistika-a-praca-fungujuca-rovnovaha\/\" \/>\n<meta property=\"og:site_name\" content=\"\u0160koda We Love Cycling Slovensko\" \/>\n<meta property=\"article:published_time\" content=\"2019-10-07T09:17:27+00:00\" \/>\n<meta property=\"article:modified_time\" content=\"2019-11-21T08:26:26+00:00\" \/>\n<meta property=\"og:image\" content=\"https:\/\/d2p6e6u75xmxt8.cloudfront.net\/4\/2019\/10\/titulka.webp\" \/>\n\t<meta property=\"og:image:width\" content=\"1380\" \/>\n\t<meta property=\"og:image:height\" content=\"600\" \/>\n\t<meta property=\"og:image:type\" content=\"image\/webp\" \/>\n<meta name=\"author\" content=\"Ondrej Ga\u0161par\" \/>\n<meta name=\"twitter:card\" content=\"summary_large_image\" \/>\n<meta name=\"twitter:label1\" content=\"Written by\" \/>\n\t<meta name=\"twitter:data1\" content=\"Tom\u00e1\u0161 Cepka\" \/>\n\t<meta name=\"twitter:label2\" content=\"Est. reading time\" \/>\n\t<meta name=\"twitter:data2\" content=\"5\" \/>\n<script type=\"application\/ld+json\" class=\"yoast-schema-graph\">{\"@context\":\"https:\/\/schema.org\",\"@graph\":[{\"@type\":\"WebPage\",\"@id\":\"https:\/\/www.welovecycling.com\/sk\/2019\/10\/07\/rozhovor-laco-sidlo-rodina-cyklistika-a-praca-fungujuca-rovnovaha\/\",\"url\":\"https:\/\/www.welovecycling.com\/sk\/2019\/10\/07\/rozhovor-laco-sidlo-rodina-cyklistika-a-praca-fungujuca-rovnovaha\/\",\"name\":\"Rozhovor: Laco \u0160idlo - rodina, cyklistika a pr\u00e1ca = funguj\u00faca rovnov\u00e1ha - \u0160koda We Love Cycling Slovensko\",\"isPartOf\":{\"@id\":\"https:\/\/www.welovecycling.com\/sk\/#website\"},\"primaryImageOfPage\":{\"@id\":\"https:\/\/www.welovecycling.com\/sk\/2019\/10\/07\/rozhovor-laco-sidlo-rodina-cyklistika-a-praca-fungujuca-rovnovaha\/#primaryimage\"},\"image\":{\"@id\":\"https:\/\/www.welovecycling.com\/sk\/2019\/10\/07\/rozhovor-laco-sidlo-rodina-cyklistika-a-praca-fungujuca-rovnovaha\/#primaryimage\"},\"thumbnailUrl\":\"https:\/\/d2p6e6u75xmxt8.cloudfront.net\/4\/2019\/10\/titulka.webp\",\"datePublished\":\"2019-10-07T09:17:27+00:00\",\"dateModified\":\"2019-11-21T08:26:26+00:00\",\"author\":{\"@id\":\"https:\/\/www.welovecycling.com\/sk\/#\/schema\/person\/8ee09ba39b7e25b1870160aa5b3a89bc\"},\"breadcrumb\":{\"@id\":\"https:\/\/www.welovecycling.com\/sk\/2019\/10\/07\/rozhovor-laco-sidlo-rodina-cyklistika-a-praca-fungujuca-rovnovaha\/#breadcrumb\"},\"inLanguage\":\"sk-SK\",\"potentialAction\":[{\"@type\":\"ReadAction\",\"target\":[\"https:\/\/www.welovecycling.com\/sk\/2019\/10\/07\/rozhovor-laco-sidlo-rodina-cyklistika-a-praca-fungujuca-rovnovaha\/\"]}]},{\"@type\":\"ImageObject\",\"inLanguage\":\"sk-SK\",\"@id\":\"https:\/\/www.welovecycling.com\/sk\/2019\/10\/07\/rozhovor-laco-sidlo-rodina-cyklistika-a-praca-fungujuca-rovnovaha\/#primaryimage\",\"url\":\"https:\/\/d2p6e6u75xmxt8.cloudfront.net\/4\/2019\/10\/titulka.webp\",\"contentUrl\":\"https:\/\/d2p6e6u75xmxt8.cloudfront.net\/4\/2019\/10\/titulka.webp\",\"width\":1380,\"height\":600},{\"@type\":\"BreadcrumbList\",\"@id\":\"https:\/\/www.welovecycling.com\/sk\/2019\/10\/07\/rozhovor-laco-sidlo-rodina-cyklistika-a-praca-fungujuca-rovnovaha\/#breadcrumb\",\"itemListElement\":[{\"@type\":\"ListItem\",\"position\":1,\"name\":\"Home\",\"item\":\"https:\/\/www.welovecycling.com\/sk\/\"},{\"@type\":\"ListItem\",\"position\":2,\"name\":\"Rozhovor: Laco \u0160idlo &#8211; rodina, cyklistika a pr\u00e1ca = funguj\u00faca rovnov\u00e1ha\"}]},{\"@type\":\"WebSite\",\"@id\":\"https:\/\/www.welovecycling.com\/sk\/#website\",\"url\":\"https:\/\/www.welovecycling.com\/sk\/\",\"name\":\"\u0160koda We Love Cycling Slovensko\",\"description\":\"\u0160koda We Love Cycling Slovensko je v\u00e1\u0161 ka\u017edodenn\u00fd zdroj noviniek a in\u0161pir\u00e1cie z sveta cyklistiky\",\"potentialAction\":[{\"@type\":\"SearchAction\",\"target\":{\"@type\":\"EntryPoint\",\"urlTemplate\":\"https:\/\/www.welovecycling.com\/sk\/?s={search_term_string}\"},\"query-input\":{\"@type\":\"PropertyValueSpecification\",\"valueRequired\":true,\"valueName\":\"search_term_string\"}}],\"inLanguage\":\"sk-SK\"},{\"@type\":\"Person\",\"@id\":\"https:\/\/www.welovecycling.com\/sk\/#\/schema\/person\/8ee09ba39b7e25b1870160aa5b3a89bc\",\"name\":\"Ondrej Ga\u0161par\",\"image\":{\"@type\":\"ImageObject\",\"inLanguage\":\"sk-SK\",\"@id\":\"https:\/\/www.welovecycling.com\/sk\/#\/schema\/person\/image\/\",\"url\":\"https:\/\/secure.gravatar.com\/avatar\/6126c9afb87b70da5abbb083ddbb21933da15f18f8ca7cb822aba0fb096a48f6?s=96&d=mm&r=g\",\"contentUrl\":\"https:\/\/secure.gravatar.com\/avatar\/6126c9afb87b70da5abbb083ddbb21933da15f18f8ca7cb822aba0fb096a48f6?s=96&d=mm&r=g\",\"caption\":\"Ondrej Ga\u0161par\"},\"url\":\"https:\/\/www.welovecycling.com\/sk\/author\/ondrejgaspar\/\"}]}<\/script>\n<!-- \/ Yoast SEO Premium plugin. -->","yoast_head_json":{"title":"Rozhovor: Laco \u0160idlo - rodina, cyklistika a pr\u00e1ca = funguj\u00faca rovnov\u00e1ha - \u0160koda We Love Cycling Slovensko","robots":{"index":"index","follow":"follow","max-snippet":"max-snippet:-1","max-image-preview":"max-image-preview:large","max-video-preview":"max-video-preview:-1"},"canonical":"https:\/\/www.welovecycling.com\/sk\/2019\/10\/07\/rozhovor-laco-sidlo-rodina-cyklistika-a-praca-fungujuca-rovnovaha\/","og_locale":"sk_SK","og_type":"article","og_title":"Rozhovor: Laco \u0160idlo - rodina, cyklistika a pr\u00e1ca = funguj\u00faca rovnov\u00e1ha","og_description":"Celkom be\u017en\u00fdm javom je, \u017ee najm\u00e4 chlapi chytaj\u00fa okolo 30-tky druh\u00fd dych, \u010do sa t\u00fdka ich nesplnen\u00fdch snov a amb\u00edci\u00ed. [&hellip;]","og_url":"https:\/\/www.welovecycling.com\/sk\/2019\/10\/07\/rozhovor-laco-sidlo-rodina-cyklistika-a-praca-fungujuca-rovnovaha\/","og_site_name":"\u0160koda We Love Cycling Slovensko","article_published_time":"2019-10-07T09:17:27+00:00","article_modified_time":"2019-11-21T08:26:26+00:00","og_image":[{"width":1380,"height":600,"url":"https:\/\/d2p6e6u75xmxt8.cloudfront.net\/4\/2019\/10\/titulka.webp","type":"image\/webp"}],"author":"Ondrej Ga\u0161par","twitter_card":"summary_large_image","twitter_misc":{"Written by":"Tom\u00e1\u0161 Cepka","Est. reading time":"5"},"schema":{"@context":"https:\/\/schema.org","@graph":[{"@type":"WebPage","@id":"https:\/\/www.welovecycling.com\/sk\/2019\/10\/07\/rozhovor-laco-sidlo-rodina-cyklistika-a-praca-fungujuca-rovnovaha\/","url":"https:\/\/www.welovecycling.com\/sk\/2019\/10\/07\/rozhovor-laco-sidlo-rodina-cyklistika-a-praca-fungujuca-rovnovaha\/","name":"Rozhovor: Laco \u0160idlo - rodina, cyklistika a pr\u00e1ca = funguj\u00faca rovnov\u00e1ha - \u0160koda We Love Cycling Slovensko","isPartOf":{"@id":"https:\/\/www.welovecycling.com\/sk\/#website"},"primaryImageOfPage":{"@id":"https:\/\/www.welovecycling.com\/sk\/2019\/10\/07\/rozhovor-laco-sidlo-rodina-cyklistika-a-praca-fungujuca-rovnovaha\/#primaryimage"},"image":{"@id":"https:\/\/www.welovecycling.com\/sk\/2019\/10\/07\/rozhovor-laco-sidlo-rodina-cyklistika-a-praca-fungujuca-rovnovaha\/#primaryimage"},"thumbnailUrl":"https:\/\/d2p6e6u75xmxt8.cloudfront.net\/4\/2019\/10\/titulka.webp","datePublished":"2019-10-07T09:17:27+00:00","dateModified":"2019-11-21T08:26:26+00:00","author":{"@id":"https:\/\/www.welovecycling.com\/sk\/#\/schema\/person\/8ee09ba39b7e25b1870160aa5b3a89bc"},"breadcrumb":{"@id":"https:\/\/www.welovecycling.com\/sk\/2019\/10\/07\/rozhovor-laco-sidlo-rodina-cyklistika-a-praca-fungujuca-rovnovaha\/#breadcrumb"},"inLanguage":"sk-SK","potentialAction":[{"@type":"ReadAction","target":["https:\/\/www.welovecycling.com\/sk\/2019\/10\/07\/rozhovor-laco-sidlo-rodina-cyklistika-a-praca-fungujuca-rovnovaha\/"]}]},{"@type":"ImageObject","inLanguage":"sk-SK","@id":"https:\/\/www.welovecycling.com\/sk\/2019\/10\/07\/rozhovor-laco-sidlo-rodina-cyklistika-a-praca-fungujuca-rovnovaha\/#primaryimage","url":"https:\/\/d2p6e6u75xmxt8.cloudfront.net\/4\/2019\/10\/titulka.webp","contentUrl":"https:\/\/d2p6e6u75xmxt8.cloudfront.net\/4\/2019\/10\/titulka.webp","width":1380,"height":600},{"@type":"BreadcrumbList","@id":"https:\/\/www.welovecycling.com\/sk\/2019\/10\/07\/rozhovor-laco-sidlo-rodina-cyklistika-a-praca-fungujuca-rovnovaha\/#breadcrumb","itemListElement":[{"@type":"ListItem","position":1,"name":"Home","item":"https:\/\/www.welovecycling.com\/sk\/"},{"@type":"ListItem","position":2,"name":"Rozhovor: Laco \u0160idlo &#8211; rodina, cyklistika a pr\u00e1ca = funguj\u00faca rovnov\u00e1ha"}]},{"@type":"WebSite","@id":"https:\/\/www.welovecycling.com\/sk\/#website","url":"https:\/\/www.welovecycling.com\/sk\/","name":"\u0160koda We Love Cycling Slovensko","description":"\u0160koda We Love Cycling Slovensko je v\u00e1\u0161 ka\u017edodenn\u00fd zdroj noviniek a in\u0161pir\u00e1cie z sveta cyklistiky","potentialAction":[{"@type":"SearchAction","target":{"@type":"EntryPoint","urlTemplate":"https:\/\/www.welovecycling.com\/sk\/?s={search_term_string}"},"query-input":{"@type":"PropertyValueSpecification","valueRequired":true,"valueName":"search_term_string"}}],"inLanguage":"sk-SK"},{"@type":"Person","@id":"https:\/\/www.welovecycling.com\/sk\/#\/schema\/person\/8ee09ba39b7e25b1870160aa5b3a89bc","name":"Ondrej Ga\u0161par","image":{"@type":"ImageObject","inLanguage":"sk-SK","@id":"https:\/\/www.welovecycling.com\/sk\/#\/schema\/person\/image\/","url":"https:\/\/secure.gravatar.com\/avatar\/6126c9afb87b70da5abbb083ddbb21933da15f18f8ca7cb822aba0fb096a48f6?s=96&d=mm&r=g","contentUrl":"https:\/\/secure.gravatar.com\/avatar\/6126c9afb87b70da5abbb083ddbb21933da15f18f8ca7cb822aba0fb096a48f6?s=96&d=mm&r=g","caption":"Ondrej Ga\u0161par"},"url":"https:\/\/www.welovecycling.com\/sk\/author\/ondrejgaspar\/"}]}},"_links":{"self":[{"href":"https:\/\/www.welovecycling.com\/sk\/wp-json\/wp\/v2\/posts\/8374","targetHints":{"allow":["GET"]}}],"collection":[{"href":"https:\/\/www.welovecycling.com\/sk\/wp-json\/wp\/v2\/posts"}],"about":[{"href":"https:\/\/www.welovecycling.com\/sk\/wp-json\/wp\/v2\/types\/post"}],"author":[{"embeddable":true,"href":"https:\/\/www.welovecycling.com\/sk\/wp-json\/wp\/v2\/users\/38"}],"replies":[{"embeddable":true,"href":"https:\/\/www.welovecycling.com\/sk\/wp-json\/wp\/v2\/comments?post=8374"}],"version-history":[{"count":2,"href":"https:\/\/www.welovecycling.com\/sk\/wp-json\/wp\/v2\/posts\/8374\/revisions"}],"predecessor-version":[{"id":8395,"href":"https:\/\/www.welovecycling.com\/sk\/wp-json\/wp\/v2\/posts\/8374\/revisions\/8395"}],"wp:featuredmedia":[{"embeddable":true,"href":"https:\/\/www.welovecycling.com\/sk\/wp-json\/wp\/v2\/media\/8375"}],"wp:attachment":[{"href":"https:\/\/www.welovecycling.com\/sk\/wp-json\/wp\/v2\/media?parent=8374"}],"wp:term":[{"taxonomy":"category","embeddable":true,"href":"https:\/\/www.welovecycling.com\/sk\/wp-json\/wp\/v2\/categories?post=8374"},{"taxonomy":"post_tag","embeddable":true,"href":"https:\/\/www.welovecycling.com\/sk\/wp-json\/wp\/v2\/tags?post=8374"},{"taxonomy":"global-categories","embeddable":true,"href":"https:\/\/www.welovecycling.com\/sk\/wp-json\/wp\/v2\/global-categories?post=8374"}],"curies":[{"name":"wp","href":"https:\/\/api.w.org\/{rel}","templated":true}]}}