{"id":8359,"date":"2019-09-30T12:19:00","date_gmt":"2019-09-30T10:19:00","guid":{"rendered":"https:\/\/www.welovecycling.com\/sk\/?p=8359"},"modified":"2023-04-20T12:48:00","modified_gmt":"2023-04-20T10:48:00","slug":"majstrovstva-sveta-su-za-nami-ake-boli","status":"publish","type":"post","link":"https:\/\/www.welovecycling.com\/sk\/2019\/09\/30\/majstrovstva-sveta-su-za-nami-ake-boli\/","title":{"rendered":"Majstrovstv\u00e1 sveta s\u00fa za nami. Ak\u00e9 boli?"},"content":{"rendered":"<p><strong>Najv\u00e4\u010d\u0161\u00ed sviatok cyklistiky (aspo\u0148 tej cestnej) sa v\u010dera skon\u010dil. Medaily s\u00fa rozdan\u00e9 a\u00a0n\u00e1m neost\u00e1va ni\u010d in\u00e9, len pogratulova\u0165 nov\u00fdm \u0161ampi\u00f3nom a\u00a0zapam\u00e4ta\u0165 si skuto\u010dn\u00e9 svetov\u00e9 v\u00fdkony. Ak\u00e9 teda naozaj boli?<\/strong><!--more--><\/p>\n<p>Tak, ako sme v\u00e1m priniesli kr\u00e1tky sum\u00e1r toho, \u010do v \u201emajstrovskom t\u00fd\u017edni\u201c o\u010dak\u00e1va\u0165, pribl\u00ed\u017eime v\u00e1m teraz udalosti, ktor\u00e9 ho skuto\u010dne sprev\u00e1dzali. Samozrejme, nemo\u017eno obsiahnu\u0165 v\u0161etko, av\u0161ak pok\u00fasime sa pop\u00edsa\u0165 hlavn\u00e9 momenty majstrovstiev. Prejdeme si teda jednotliv\u00e9 discipl\u00edny a\u00a0dni a\u00a0mo\u017eno prid\u00e1me aj \u010dosi naviac.<\/p>\n<h2><strong>Zmie\u0161an\u00e1 \u010dasovka n\u00e1rodn\u00fdch t\u00edmov<\/strong><\/h2>\n<p>Nov\u00fd form\u00e1t pretekania v\u00a0oblasti t\u00edmovej \u010dasovky priniesol zauj\u00edmav\u00e9 v\u00fdsledky. Na jednej strane sa v\u00a0pozit\u00edvnom zmysle <strong>spojili obe kateg\u00f3rie \u2013 \u017eensk\u00e1 a\u00a0mu\u017esk\u00e1 do jednej<\/strong>, \u010d\u00edm vznikla skuto\u010dn\u00e1 spolupatri\u010dnos\u0165 pri boji o\u00a0t\u00edmov\u00e9 v\u00ed\u0165azstvo pre svoj n\u00e1rod. Na strane druhej, u\u017e to neboli preteky len World Tour t\u00edmov, v\u00a0ktor\u00fdch jazdci s\u00fa\u0165a\u017eili v\u00a0zlo\u017een\u00ed, na ak\u00e9 s\u00fa zvyknut\u00ed po\u010das klasickej sez\u00f3ny.<\/p>\n<lite-youtube videoid=yoV80t0IRfk params=\"enablejsapi=1\" style=\"background-image: url('https:\/\/i.ytimg.com\/vi_webp\/yoV80t0IRfk\/maxresdefault.webp');\"><\/lite-youtube>\n<p>Na k\u013eukatej trati v\u00a0srdci Harrogate boli <strong>najr\u00fdchlej\u0161\u00ed holandsk\u00ed jazdci a\u00a0jazdkyne<\/strong>, ktor\u00e9 aj napriek absencii mien ako B. Jungels \u010di A. van Vleuten a\u00a0A. van der Breggen, st\u00e1le dok\u00e1zali pokori\u0165 nemeck\u00e9 dru\u017estvo o\u00a021 sek\u00fand. Tret\u00edm n\u00e1rodom bolo nakoniec Taliansko.<\/p>\n<p><a href=\"https:\/\/d2p6e6u75xmxt8.cloudfront.net\/4\/2019\/09\/01-5.jpg\"><img loading=\"lazy\" decoding=\"async\" class=\"alignnone size-full wp-image-8362\" src=\"https:\/\/d2p6e6u75xmxt8.cloudfront.net\/4\/2019\/09\/01-5.jpg\" alt=\"\" width=\"1200\" height=\"800\" \/><\/a><\/p>\n<h2><strong>Boj s\u00a0\u010dasom v\u00a0podan\u00ed jednotlivcov<\/strong><\/h2>\n<p>Pri t\u00edmovom v\u00fdkone sa jazdci m\u00f4\u017eu spolieha\u0165 na svojich kolegov vo chv\u00ed\u013each, ke\u010f sa potrebuj\u00fa vystrieda\u0165 alebo jednoducho si aspo\u0148 na sekundu odpo\u010din\u00fa\u0165. Individu\u00e1lny \u0161port je na druhej strane zodpovednos\u0165ou pretek\u00e1ra sam\u00e9ho za seba \u2013 tu u\u017e nie je mo\u017en\u00e9 h\u013eada\u0165 u\u00a0niekoho pomoc \u2013 ste na to sami. Pr\u00e1ve tak\u00fdto pocit musel p\u00f4sobi\u0165 v\u00a0tel\u00e1ch jazdcov po\u010das druh\u00e9ho a\u017e \u0161tvrt\u00e9ho d\u0148a majstrovstiev. Ako prv\u00ed vyrazili na tra\u0165 <strong>juniori<\/strong>, medzi ktor\u00fdmi bolo mno\u017estvo siln\u00fdch osobnost\u00ed a\u00a0teda in\u00fdmi slovami \u2013 nov\u00fdch hviezd.<\/p>\n<p><a href=\"https:\/\/d2p6e6u75xmxt8.cloudfront.net\/4\/2019\/09\/03-5.jpg\"><img loading=\"lazy\" decoding=\"async\" class=\"alignnone size-full wp-image-8363\" src=\"https:\/\/d2p6e6u75xmxt8.cloudfront.net\/4\/2019\/09\/03-5.jpg\" alt=\"\" width=\"1200\" height=\"800\" \/><\/a><\/p>\n<p>Tesn\u00fd s\u00faboj popredn\u00fdch jazdcov nakoniec skon\u010dil pozit\u00edvne v\u00a0prospech talianskeho pretek\u00e1ra <strong>A. Tiberiho<\/strong>, ktor\u00fd zdolal svojho rovesn\u00edka, E. Leinseho z\u00a0Holandska len o\u00a0nie\u010do vy\u0161e 7 sek\u00fand. Tret\u00edm bol Nemec, M. Brenner.<\/p>\n<p><a href=\"https:\/\/d2p6e6u75xmxt8.cloudfront.net\/4\/2019\/09\/04-5.jpg\"><img loading=\"lazy\" decoding=\"async\" class=\"alignnone size-full wp-image-8364\" src=\"https:\/\/d2p6e6u75xmxt8.cloudfront.net\/4\/2019\/09\/04-5.jpg\" alt=\"\" width=\"1200\" height=\"800\" \/><\/a><\/p>\n<p><strong>Juniorky<\/strong> boli na tom podobne. Neskor\u0161ia v\u00ed\u0165azka, <strong>A. Gareeva<\/strong> z\u00a0Ruska, v\u00a0poslednom sektore dok\u00e1zala udr\u017ea\u0165 tesn\u00fd n\u00e1skok 3,61 sekundy pred rovnako ambici\u00f3znou S. van Wanrooij z\u00a0Holandska. Dom\u00e1ca pretek\u00e1rka, E. Backstedt z\u00a0Ve\u013ekej Brit\u00e1nie, zaostala len o\u00a0nie\u010do vy\u0161e desa\u0165 sek\u00fand.<\/p>\n<p><a href=\"https:\/\/d2p6e6u75xmxt8.cloudfront.net\/4\/2019\/09\/05-2.jpg\"><img loading=\"lazy\" decoding=\"async\" class=\"alignnone size-full wp-image-8365\" src=\"https:\/\/d2p6e6u75xmxt8.cloudfront.net\/4\/2019\/09\/05-2.jpg\" alt=\"\" width=\"1200\" height=\"800\" \/><\/a><\/p>\n<p>Ako sa hovor\u00ed, mlad\u00e1 krv je \u010dasto silnej\u0161ia ne\u017e sk\u00fasenosti. Nie\u017eeby ich <strong>Ch. Dygert<\/strong> pri jej v\u00ed\u0165azstve v\u00a022 rokoch nemala, av\u0161ak oproti svojim s\u00faperk\u00e1m je dozaista mladou pretek\u00e1rkou. Navy\u0161e jej neuverite\u013en\u00fd n\u00e1skok 1:32 v \u010dasovke na druh\u00fa Holan\u010fanku A. van der Breggen a\u00a01:52 na jej krajanku, A. van Vleuten, ktor\u00e9 dominovali v \u017eensk\u00fdch pretekoch jednotlivcov, z\u00a0nej rob\u00ed enormn\u00fa favoritku v\u00a0\u017eenskej kateg\u00f3rii elite do nasleduj\u00facej sez\u00f3ny.<\/p>\n<p><a href=\"https:\/\/d2p6e6u75xmxt8.cloudfront.net\/4\/2019\/09\/06.jpg\"><img loading=\"lazy\" decoding=\"async\" class=\"alignnone size-full wp-image-8366\" src=\"https:\/\/d2p6e6u75xmxt8.cloudfront.net\/4\/2019\/09\/06.jpg\" alt=\"\" width=\"1200\" height=\"800\" \/><\/a><\/p>\n<p>Predposledn\u00fdmi \u0161tartuj\u00facimi pretek\u00e1rmi boli <strong>mu\u017ei do 23 rokov<\/strong>. In\u00fdmi slovami, jazdci, ktor\u00ed v\u00a0nasleduj\u00facich rokoch bud\u00fa bojova\u0165 po boku t\u00fdch najlep\u0161\u00edch jazdcov sveta. Anglick\u00e9 po\u010dasie, ako sme sa presved\u010dili v\u00a0uplynul\u00fdch d\u0148och, cyklistike neprialo. Siln\u00fd d\u00e1\u017e\u010f skomplikoval boje aj v\u00a0tejto kateg\u00f3rii. Na\u0161\u0165astie len jeden pretek\u00e1r nedokon\u010dil cel\u00fa tra\u0165. V\u00ed\u0165azom sa stal <strong>M. Bjerg<\/strong> z\u00a0D\u00e1nska s\u00a0\u00factyhodn\u00fdm n\u00e1skokom 26 sek\u00fand na druh\u00e9ho I. Garrisona a\u00a027 s. na B. McNultyho z\u00a0USA.<\/p>\n<p><a href=\"https:\/\/d2p6e6u75xmxt8.cloudfront.net\/4\/2019\/09\/07.jpg\"><img loading=\"lazy\" decoding=\"async\" class=\"alignnone size-full wp-image-8367\" src=\"https:\/\/d2p6e6u75xmxt8.cloudfront.net\/4\/2019\/09\/07.jpg\" alt=\"\" width=\"1200\" height=\"800\" \/><\/a><\/p>\n<p>Aj ke\u010f sa \u0161tartovn\u00e9 pole na posledn\u00fa chv\u00ed\u013eu v\u00a0mu\u017eskej elitnej kateg\u00f3rii poupravilo, ni\u010d to nemenilo na svetov\u00fdch v\u00fdsledkoch jednotliv\u00fdch pretek\u00e1rov. Minuloro\u010dn\u00fd v\u00ed\u0165az, <strong>R. Dennis<\/strong> z\u00a0Austr\u00e1lie, nedal nikomu pr\u00edle\u017eitos\u0165 pribl\u00ed\u017ei\u0165 sa k\u00a0nemu a\u00a0ohrozi\u0165 ho <strong>pri \u010fal\u0161om zisku majstrovsk\u00e9ho dresu<\/strong>. Odstup 1:09 na druh\u00e9ho, len 19-ro\u010dn\u00e9ho R. Evenepoela z\u00a0Holandska, je v\u00fdzvou pre tohto mlad\u00edka. Tretie miesto obsadil F. Ganna z\u00a0Talianska.<\/p>\n<h2><strong>Sta\u0165 sa legendou \u2013 individu\u00e1lne preteky s\u00a0hromadn\u00fdm \u0161tartom<\/strong><\/h2>\n<p>V\u00a0druhej polovici t\u00fd\u017ed\u0148a pri\u0161iel \u010das pre najsledovanej\u0161iu discipl\u00ednu, v\u00a0ktorej sa rozhodne o\u00a0nov\u00fdch nosite\u013eoch d\u00fahov\u00fdch dresov pre rok 2020. Vyz\u00fdvate\u013eov bolo v\u00a0ka\u017edej kateg\u00f3rii ne\u00farekom.<\/p>\n<p><strong>Juniorsk\u00e9 preteky<\/strong> mu\u017eov boli skuto\u010dn\u00fdm cyklistick\u00fdm p\u00f4\u017eitkom. Sprev\u00e1dzan\u00e9 da\u017e\u010fom a\u00a0po\u010detn\u00fdmi p\u00e1dmi \u010di n\u00e1stupmi t\u00edmov\u00fdch kolegov, dr\u017eali v\u00a0nap\u00e4t\u00ed div\u00e1kov a\u017e do 32. kilometra, kedy sa Q. Simmonds z\u00a0USA rozhodol pre zlomov\u00fd \u00fatok. T\u00e1to taktika mu priniesla aj sladk\u00e9 ovocie, ke\u010f si takmer min\u00fatov\u00fd odstup udr\u017eal a\u017e do cie\u013ea. Za n\u00edm sa s\u00a0druh\u00fdm miestom musel uspokoji\u0165 A. Martinelli z\u00a0Talianska, nasledovn\u00fd \u0161printuj\u00facim M. Sheffieldom z\u00a0USA.<\/p>\n<lite-youtube videoid=ObUidb52PDg params=\"enablejsapi=1\" style=\"background-image: url('https:\/\/i.ytimg.com\/vi_webp\/ObUidb52PDg\/maxresdefault.webp');\"><\/lite-youtube>\n<p>Rovnak\u00e1 kateg\u00f3ria, len\u017ee v\u00a0\u017eenskom podan\u00ed, priniesla taktie\u017e mno\u017estvo bojovn\u00fdch momentov. Predov\u0161etk\u00fdm t\u00fdm najhlavnej\u0161\u00edm bol cie\u013eov\u00fd \u0161print, v\u00a0ktorom si po\u010detn\u00e1 skupina zmerala svoje sily. V\u00ed\u0165azkou sa stala <strong>M. Jastrab<\/strong> z\u00a0USA, \u010d\u00edm doplnila zlat\u00fa medailu jej chlap\u010densk\u00fdch rovesn\u00edkov. S\u00a0nulov\u00fdm odstupom za \u0148ou fini\u0161ovali J. de Wilde z\u00a0Belgicka a\u00a0L. Nooijen z\u00a0Holandska.<\/p>\n<p>Obdobne tomu bolo aj v\u00a0pretekoch <strong>mu\u017eov do 23 rokov<\/strong>. Takmer po \u0161tyroch hodin\u00e1ch urputn\u00e9ho pretekania sa v\u00a0cie\u013eovom priestore objavila skupina \u0161iestich jazdcov, odhodlan\u00fdch necha\u0165 v\u00a0\u0161printe v\u0161etky svoje zost\u00e1vaj\u00face sily. Najsilnej\u0161\u00ed prejav mal v\u0161ak <strong>S. Battistella<\/strong> z\u00a0Talianska, ktor\u00fd tak zdolal S. Bisseggera a\u00a0T. Pidcocka.<\/p>\n<p><a href=\"https:\/\/d2p6e6u75xmxt8.cloudfront.net\/4\/2019\/09\/08.jpg\"><img loading=\"lazy\" decoding=\"async\" class=\"alignnone size-full wp-image-8368\" src=\"https:\/\/d2p6e6u75xmxt8.cloudfront.net\/4\/2019\/09\/08.jpg\" alt=\"\" width=\"1200\" height=\"800\" \/><\/a><\/p>\n<p>Spektakul\u00e1rny z\u00e1\u017eitok priniesla kateg\u00f3ria <strong>\u017eien elite<\/strong>. Tu sa po nieko\u013ek\u00fdch desiatkach kilometrov v\u00a0st\u00fapan\u00ed odpojila jedna z\u00a0najv\u00e4\u010d\u0161\u00edch favoritiek, <strong>A. van Vleuten<\/strong>, ktor\u00e1 si tento odstup udr\u017eala neskuto\u010dn\u00fdch 106 kilometrov \u2013 teda a\u017e na cie\u013eov\u00fa p\u00e1sku. Druh\u00e1, jej krajanka, Holan\u010fanka &#8211; A. van der Breggen, oslavovala zisk striebornej medaile pred Austr\u00e1l\u010dankou A. Spratt. Fam\u00f3zny n\u00e1skok vy\u0161e dvoch min\u00fat je uk\u00e1\u017ekou sily holandsk\u00fdch pretek\u00e1rok.<\/p>\n<p><a href=\"https:\/\/d2p6e6u75xmxt8.cloudfront.net\/4\/2019\/09\/09.jpg\"><img loading=\"lazy\" decoding=\"async\" class=\"alignnone size-full wp-image-8369\" src=\"https:\/\/d2p6e6u75xmxt8.cloudfront.net\/4\/2019\/09\/09.jpg\" alt=\"\" width=\"1200\" height=\"800\" \/><\/a><\/p>\n<p>Ve\u013ek\u00e9 veci sa diali aj v\u00a0poslednom s\u00fa\u0165a\u017enom dni. <strong>V\u00a0nede\u013eu sa kv\u00f4li siln\u00e9mu da\u017e\u010fu z\u00a0bezpe\u010dnostn\u00fdch d\u00f4vodov rozhodli organiz\u00e1tori odvola\u0165 \u010das\u0165 trate<\/strong>, tak ako to bolo aj v\u00a0pr\u00edpade mu\u017eskej kateg\u00f3rie do 23 rokov. Nakoniec sa mu\u017ei vydali na 261 km (z p\u00f4vodn\u00fdch 280). Neut\u00edchaj\u00faci d\u00e1\u017e\u010f potr\u00e1pil v\u0161etk\u00fdch \u2013 ve\u010f do cie\u013ea pri\u0161lo len 46 pretek\u00e1rov! V\u00a0posledn\u00fdch kol\u00e1ch v\u00a0Harrogate sa na \u010dele st\u00e1le dr\u017eala \u0161tvor\u010dlenn\u00e1 skupina, do ktorej sa dok\u00e1zal dosta\u0165 aj jeden z\u00a0najv\u00e4\u010d\u0161\u00edch favoritov, M. van der Poel. Ten si v\u0161ak kv\u00f4li vysok\u00e9mu v\u00fdkonu alebo nedostatku s\u00edl musel z\u00a0tejto u\u017e takmer v\u00ed\u0165aznej skupinky vyst\u00fapi\u0165.<\/p>\n<p>V\u00a0cie\u013eov\u00fdch priestoroch sa schy\u013eovalo k\u00a0\u0161printu trojice pretek\u00e1rov. Napodiv najviac s\u00edl mal najmenej favorizovan\u00fd, <strong>M. Pedersen<\/strong>, ktor\u00fd si nakoniec aj odniesol zlat\u00fa medailu. Druh\u00fd, Talian M. Trentin, v\u00a0cieli neskr\u00fdval sm\u00fatok a\u00a0sklamanie z\u00a0tejto nevyu\u017eitej \u0161ance z\u00edska\u0165 v\u00ed\u0165azstvo pre Taliansko po celej dek\u00e1de. Ako tret\u00ed fini\u0161oval desiaty mu\u017e z\u00a0individu\u00e1lnej \u010dasovky &#8211; \u0160vaj\u010diar S. K\u00fcng. <strong>P. Sagan<\/strong> dok\u00e1zal v\u00a0z\u00e1vere od\u00eds\u0165 z\u00a0po\u010detnej skupiny a\u00a0ukoristi\u0165 si <strong>aspo\u0148 piate miesto<\/strong>, \u010d\u00edm potvrdil najlep\u0161\u00ed v\u00fdsledok Slov\u00e1kov na t\u00fdchto MS.<\/p>\n<p>Ve\u013ek\u00e9 v\u00fdkony, rados\u0165 a\u00a0samozrejme aj sklamania sprev\u00e1dzali tieto majstrovstv\u00e1 sveta. Nu\u017e, v\u00ed\u0165azom m\u00f4\u017ee by\u0165 v\u017edy len jeden. Upr\u0161an\u00e9 dni teraz vystrieda dlh\u00e9 obdobie oddychu pred n\u00e1stupom do \u010fal\u0161ej sez\u00f3ny s\u00a0\u010d\u00edslom 2020, ktor\u00e1 bude s\u00fa\u010dasne aj olympijsk\u00e1. Ak\u00e9 tipy m\u00e1te pre bl\u00ed\u017eiace sa jarn\u00e9 klasiky vy?<\/p>\n<p><em>(zdroje: Fb\/UCI : Alex Whitehead\/SWpix.com\u00a0, Zac Williams\/SWpix.com, \u00a0Zac Williams\/SWpix.com, \u00a0Zac Williams\/SWpix.com, Alex Whitehead\/SWpix.com\u00a0, Simon Wilkinson\/SWpix.com, Alex Whitehead\/SWpix.com\u00a0, Pauline Ballet\/SWpix.com, Alex Broadway\/SWpix.com)<\/em><\/p>\n","protected":false},"excerpt":{"rendered":"<p>Najv\u00e4\u010d\u0161\u00ed sviatok cyklistiky (aspo\u0148 tej cestnej) sa v\u010dera skon\u010dil. Medaily s\u00fa rozdan\u00e9 a\u00a0n\u00e1m neost\u00e1va ni\u010d in\u00e9, len pogratulova\u0165 nov\u00fdm \u0161ampi\u00f3nom [&hellip;]<\/p>\n","protected":false},"author":38,"featured_media":8370,"comment_status":"open","ping_status":"open","sticky":false,"template":"","format":"standard","meta":{"footnotes":""},"categories":[4],"tags":[992,275,115,597,1149,1150,272,281,704,46,1012,179,1151,269,886,475],"global-categories":[1074],"class_list":["post-8359","post","type-post","status-publish","format-standard","has-post-thumbnail","hentry","category-cestna-cyklisitika","tag-anglicko","tag-cesta","tag-cestna-cyklistika","tag-cyklista","tag-juniori","tag-juniorky","tag-majster-sveta","tag-majstrovstva-sveta","tag-mathieu-van-der-poel","tag-peter-sagan","tag-pretekar","tag-preteky","tag-preteky-jednotlivcov","tag-vitaz","tag-vitazstvo","tag-zeny","global-categories-cycling"],"yoast_head":"<!-- This site is optimized with the Yoast SEO Premium plugin v25.3 (Yoast SEO v25.9) - https:\/\/yoast.com\/wordpress\/plugins\/seo\/ -->\n<title>Majstrovstv\u00e1 sveta s\u00fa za nami. Ak\u00e9 boli?<\/title>\n<meta name=\"description\" content=\"Medaily s\u00fa rozdan\u00e9 a\u00a0n\u00e1m neost\u00e1va ni\u010d in\u00e9, len pogratulova\u0165 nov\u00fdm \u0161ampi\u00f3nom a\u00a0zapam\u00e4ta\u0165 si skuto\u010dn\u00e9 svetov\u00e9 v\u00fdkony. Ak\u00e9 teda naozaj boli?\" \/>\n<meta name=\"robots\" content=\"index, follow, max-snippet:-1, max-image-preview:large, max-video-preview:-1\" \/>\n<link rel=\"canonical\" href=\"https:\/\/www.welovecycling.com\/sk\/2019\/09\/30\/majstrovstva-sveta-su-za-nami-ake-boli\/\" \/>\n<meta property=\"og:locale\" content=\"sk_SK\" \/>\n<meta property=\"og:type\" content=\"article\" \/>\n<meta property=\"og:title\" content=\"Majstrovstv\u00e1 sveta s\u00fa za nami. Ak\u00e9 boli?\" \/>\n<meta property=\"og:description\" content=\"Medaily s\u00fa rozdan\u00e9 a\u00a0n\u00e1m neost\u00e1va ni\u010d in\u00e9, len pogratulova\u0165 nov\u00fdm \u0161ampi\u00f3nom a\u00a0zapam\u00e4ta\u0165 si skuto\u010dn\u00e9 svetov\u00e9 v\u00fdkony. Ak\u00e9 teda naozaj boli?\" \/>\n<meta property=\"og:url\" content=\"https:\/\/www.welovecycling.com\/sk\/2019\/09\/30\/majstrovstva-sveta-su-za-nami-ake-boli\/\" \/>\n<meta property=\"og:site_name\" content=\"\u0160koda We Love Cycling Slovensko\" \/>\n<meta property=\"article:published_time\" content=\"2019-09-30T10:19:00+00:00\" \/>\n<meta property=\"article:modified_time\" content=\"2023-04-20T10:48:00+00:00\" \/>\n<meta property=\"og:image\" content=\"https:\/\/d2p6e6u75xmxt8.cloudfront.net\/4\/2019\/09\/00-4.webp\" \/>\n\t<meta property=\"og:image:width\" content=\"1380\" \/>\n\t<meta property=\"og:image:height\" content=\"600\" \/>\n\t<meta property=\"og:image:type\" content=\"image\/webp\" \/>\n<meta name=\"author\" content=\"Ondrej Ga\u0161par\" \/>\n<meta name=\"twitter:card\" content=\"summary_large_image\" \/>\n<meta name=\"twitter:label1\" content=\"Written by\" \/>\n\t<meta name=\"twitter:data1\" content=\"We Love Cycling\" \/>\n\t<meta name=\"twitter:label2\" content=\"Est. reading time\" \/>\n\t<meta name=\"twitter:data2\" content=\"9\" \/>\n<script type=\"application\/ld+json\" class=\"yoast-schema-graph\">{\"@context\":\"https:\/\/schema.org\",\"@graph\":[{\"@type\":\"WebPage\",\"@id\":\"https:\/\/www.welovecycling.com\/sk\/2019\/09\/30\/majstrovstva-sveta-su-za-nami-ake-boli\/\",\"url\":\"https:\/\/www.welovecycling.com\/sk\/2019\/09\/30\/majstrovstva-sveta-su-za-nami-ake-boli\/\",\"name\":\"Majstrovstv\u00e1 sveta s\u00fa za nami. Ak\u00e9 boli?\",\"isPartOf\":{\"@id\":\"https:\/\/www.welovecycling.com\/sk\/#website\"},\"primaryImageOfPage\":{\"@id\":\"https:\/\/www.welovecycling.com\/sk\/2019\/09\/30\/majstrovstva-sveta-su-za-nami-ake-boli\/#primaryimage\"},\"image\":{\"@id\":\"https:\/\/www.welovecycling.com\/sk\/2019\/09\/30\/majstrovstva-sveta-su-za-nami-ake-boli\/#primaryimage\"},\"thumbnailUrl\":\"https:\/\/d2p6e6u75xmxt8.cloudfront.net\/4\/2019\/09\/00-4.webp\",\"datePublished\":\"2019-09-30T10:19:00+00:00\",\"dateModified\":\"2023-04-20T10:48:00+00:00\",\"author\":{\"@id\":\"https:\/\/www.welovecycling.com\/sk\/#\/schema\/person\/8ee09ba39b7e25b1870160aa5b3a89bc\"},\"description\":\"Medaily s\u00fa rozdan\u00e9 a\u00a0n\u00e1m neost\u00e1va ni\u010d in\u00e9, len pogratulova\u0165 nov\u00fdm \u0161ampi\u00f3nom a\u00a0zapam\u00e4ta\u0165 si skuto\u010dn\u00e9 svetov\u00e9 v\u00fdkony. Ak\u00e9 teda naozaj boli?\",\"breadcrumb\":{\"@id\":\"https:\/\/www.welovecycling.com\/sk\/2019\/09\/30\/majstrovstva-sveta-su-za-nami-ake-boli\/#breadcrumb\"},\"inLanguage\":\"sk-SK\",\"potentialAction\":[{\"@type\":\"ReadAction\",\"target\":[\"https:\/\/www.welovecycling.com\/sk\/2019\/09\/30\/majstrovstva-sveta-su-za-nami-ake-boli\/\"]}]},{\"@type\":\"ImageObject\",\"inLanguage\":\"sk-SK\",\"@id\":\"https:\/\/www.welovecycling.com\/sk\/2019\/09\/30\/majstrovstva-sveta-su-za-nami-ake-boli\/#primaryimage\",\"url\":\"https:\/\/d2p6e6u75xmxt8.cloudfront.net\/4\/2019\/09\/00-4.webp\",\"contentUrl\":\"https:\/\/d2p6e6u75xmxt8.cloudfront.net\/4\/2019\/09\/00-4.webp\",\"width\":1380,\"height\":600},{\"@type\":\"BreadcrumbList\",\"@id\":\"https:\/\/www.welovecycling.com\/sk\/2019\/09\/30\/majstrovstva-sveta-su-za-nami-ake-boli\/#breadcrumb\",\"itemListElement\":[{\"@type\":\"ListItem\",\"position\":1,\"name\":\"Home\",\"item\":\"https:\/\/www.welovecycling.com\/sk\/\"},{\"@type\":\"ListItem\",\"position\":2,\"name\":\"Majstrovstv\u00e1 sveta s\u00fa za nami. Ak\u00e9 boli?\"}]},{\"@type\":\"WebSite\",\"@id\":\"https:\/\/www.welovecycling.com\/sk\/#website\",\"url\":\"https:\/\/www.welovecycling.com\/sk\/\",\"name\":\"\u0160koda We Love Cycling Slovensko\",\"description\":\"\u0160koda We Love Cycling Slovensko je v\u00e1\u0161 ka\u017edodenn\u00fd zdroj noviniek a in\u0161pir\u00e1cie z sveta cyklistiky\",\"potentialAction\":[{\"@type\":\"SearchAction\",\"target\":{\"@type\":\"EntryPoint\",\"urlTemplate\":\"https:\/\/www.welovecycling.com\/sk\/?s={search_term_string}\"},\"query-input\":{\"@type\":\"PropertyValueSpecification\",\"valueRequired\":true,\"valueName\":\"search_term_string\"}}],\"inLanguage\":\"sk-SK\"},{\"@type\":\"Person\",\"@id\":\"https:\/\/www.welovecycling.com\/sk\/#\/schema\/person\/8ee09ba39b7e25b1870160aa5b3a89bc\",\"name\":\"Ondrej Ga\u0161par\",\"image\":{\"@type\":\"ImageObject\",\"inLanguage\":\"sk-SK\",\"@id\":\"https:\/\/www.welovecycling.com\/sk\/#\/schema\/person\/image\/\",\"url\":\"https:\/\/secure.gravatar.com\/avatar\/6126c9afb87b70da5abbb083ddbb21933da15f18f8ca7cb822aba0fb096a48f6?s=96&d=mm&r=g\",\"contentUrl\":\"https:\/\/secure.gravatar.com\/avatar\/6126c9afb87b70da5abbb083ddbb21933da15f18f8ca7cb822aba0fb096a48f6?s=96&d=mm&r=g\",\"caption\":\"Ondrej Ga\u0161par\"},\"url\":\"https:\/\/www.welovecycling.com\/sk\/author\/ondrejgaspar\/\"}]}<\/script>\n<!-- \/ Yoast SEO Premium plugin. -->","yoast_head_json":{"title":"Majstrovstv\u00e1 sveta s\u00fa za nami. Ak\u00e9 boli?","description":"Medaily s\u00fa rozdan\u00e9 a\u00a0n\u00e1m neost\u00e1va ni\u010d in\u00e9, len pogratulova\u0165 nov\u00fdm \u0161ampi\u00f3nom a\u00a0zapam\u00e4ta\u0165 si skuto\u010dn\u00e9 svetov\u00e9 v\u00fdkony. Ak\u00e9 teda naozaj boli?","robots":{"index":"index","follow":"follow","max-snippet":"max-snippet:-1","max-image-preview":"max-image-preview:large","max-video-preview":"max-video-preview:-1"},"canonical":"https:\/\/www.welovecycling.com\/sk\/2019\/09\/30\/majstrovstva-sveta-su-za-nami-ake-boli\/","og_locale":"sk_SK","og_type":"article","og_title":"Majstrovstv\u00e1 sveta s\u00fa za nami. Ak\u00e9 boli?","og_description":"Medaily s\u00fa rozdan\u00e9 a\u00a0n\u00e1m neost\u00e1va ni\u010d in\u00e9, len pogratulova\u0165 nov\u00fdm \u0161ampi\u00f3nom a\u00a0zapam\u00e4ta\u0165 si skuto\u010dn\u00e9 svetov\u00e9 v\u00fdkony. Ak\u00e9 teda naozaj boli?","og_url":"https:\/\/www.welovecycling.com\/sk\/2019\/09\/30\/majstrovstva-sveta-su-za-nami-ake-boli\/","og_site_name":"\u0160koda We Love Cycling Slovensko","article_published_time":"2019-09-30T10:19:00+00:00","article_modified_time":"2023-04-20T10:48:00+00:00","og_image":[{"width":1380,"height":600,"url":"https:\/\/d2p6e6u75xmxt8.cloudfront.net\/4\/2019\/09\/00-4.webp","type":"image\/webp"}],"author":"Ondrej Ga\u0161par","twitter_card":"summary_large_image","twitter_misc":{"Written by":"We Love Cycling","Est. reading time":"9"},"schema":{"@context":"https:\/\/schema.org","@graph":[{"@type":"WebPage","@id":"https:\/\/www.welovecycling.com\/sk\/2019\/09\/30\/majstrovstva-sveta-su-za-nami-ake-boli\/","url":"https:\/\/www.welovecycling.com\/sk\/2019\/09\/30\/majstrovstva-sveta-su-za-nami-ake-boli\/","name":"Majstrovstv\u00e1 sveta s\u00fa za nami. Ak\u00e9 boli?","isPartOf":{"@id":"https:\/\/www.welovecycling.com\/sk\/#website"},"primaryImageOfPage":{"@id":"https:\/\/www.welovecycling.com\/sk\/2019\/09\/30\/majstrovstva-sveta-su-za-nami-ake-boli\/#primaryimage"},"image":{"@id":"https:\/\/www.welovecycling.com\/sk\/2019\/09\/30\/majstrovstva-sveta-su-za-nami-ake-boli\/#primaryimage"},"thumbnailUrl":"https:\/\/d2p6e6u75xmxt8.cloudfront.net\/4\/2019\/09\/00-4.webp","datePublished":"2019-09-30T10:19:00+00:00","dateModified":"2023-04-20T10:48:00+00:00","author":{"@id":"https:\/\/www.welovecycling.com\/sk\/#\/schema\/person\/8ee09ba39b7e25b1870160aa5b3a89bc"},"description":"Medaily s\u00fa rozdan\u00e9 a\u00a0n\u00e1m neost\u00e1va ni\u010d in\u00e9, len pogratulova\u0165 nov\u00fdm \u0161ampi\u00f3nom a\u00a0zapam\u00e4ta\u0165 si skuto\u010dn\u00e9 svetov\u00e9 v\u00fdkony. Ak\u00e9 teda naozaj boli?","breadcrumb":{"@id":"https:\/\/www.welovecycling.com\/sk\/2019\/09\/30\/majstrovstva-sveta-su-za-nami-ake-boli\/#breadcrumb"},"inLanguage":"sk-SK","potentialAction":[{"@type":"ReadAction","target":["https:\/\/www.welovecycling.com\/sk\/2019\/09\/30\/majstrovstva-sveta-su-za-nami-ake-boli\/"]}]},{"@type":"ImageObject","inLanguage":"sk-SK","@id":"https:\/\/www.welovecycling.com\/sk\/2019\/09\/30\/majstrovstva-sveta-su-za-nami-ake-boli\/#primaryimage","url":"https:\/\/d2p6e6u75xmxt8.cloudfront.net\/4\/2019\/09\/00-4.webp","contentUrl":"https:\/\/d2p6e6u75xmxt8.cloudfront.net\/4\/2019\/09\/00-4.webp","width":1380,"height":600},{"@type":"BreadcrumbList","@id":"https:\/\/www.welovecycling.com\/sk\/2019\/09\/30\/majstrovstva-sveta-su-za-nami-ake-boli\/#breadcrumb","itemListElement":[{"@type":"ListItem","position":1,"name":"Home","item":"https:\/\/www.welovecycling.com\/sk\/"},{"@type":"ListItem","position":2,"name":"Majstrovstv\u00e1 sveta s\u00fa za nami. Ak\u00e9 boli?"}]},{"@type":"WebSite","@id":"https:\/\/www.welovecycling.com\/sk\/#website","url":"https:\/\/www.welovecycling.com\/sk\/","name":"\u0160koda We Love Cycling Slovensko","description":"\u0160koda We Love Cycling Slovensko je v\u00e1\u0161 ka\u017edodenn\u00fd zdroj noviniek a in\u0161pir\u00e1cie z sveta cyklistiky","potentialAction":[{"@type":"SearchAction","target":{"@type":"EntryPoint","urlTemplate":"https:\/\/www.welovecycling.com\/sk\/?s={search_term_string}"},"query-input":{"@type":"PropertyValueSpecification","valueRequired":true,"valueName":"search_term_string"}}],"inLanguage":"sk-SK"},{"@type":"Person","@id":"https:\/\/www.welovecycling.com\/sk\/#\/schema\/person\/8ee09ba39b7e25b1870160aa5b3a89bc","name":"Ondrej Ga\u0161par","image":{"@type":"ImageObject","inLanguage":"sk-SK","@id":"https:\/\/www.welovecycling.com\/sk\/#\/schema\/person\/image\/","url":"https:\/\/secure.gravatar.com\/avatar\/6126c9afb87b70da5abbb083ddbb21933da15f18f8ca7cb822aba0fb096a48f6?s=96&d=mm&r=g","contentUrl":"https:\/\/secure.gravatar.com\/avatar\/6126c9afb87b70da5abbb083ddbb21933da15f18f8ca7cb822aba0fb096a48f6?s=96&d=mm&r=g","caption":"Ondrej Ga\u0161par"},"url":"https:\/\/www.welovecycling.com\/sk\/author\/ondrejgaspar\/"}]}},"_links":{"self":[{"href":"https:\/\/www.welovecycling.com\/sk\/wp-json\/wp\/v2\/posts\/8359","targetHints":{"allow":["GET"]}}],"collection":[{"href":"https:\/\/www.welovecycling.com\/sk\/wp-json\/wp\/v2\/posts"}],"about":[{"href":"https:\/\/www.welovecycling.com\/sk\/wp-json\/wp\/v2\/types\/post"}],"author":[{"embeddable":true,"href":"https:\/\/www.welovecycling.com\/sk\/wp-json\/wp\/v2\/users\/38"}],"replies":[{"embeddable":true,"href":"https:\/\/www.welovecycling.com\/sk\/wp-json\/wp\/v2\/comments?post=8359"}],"version-history":[{"count":2,"href":"https:\/\/www.welovecycling.com\/sk\/wp-json\/wp\/v2\/posts\/8359\/revisions"}],"predecessor-version":[{"id":17205,"href":"https:\/\/www.welovecycling.com\/sk\/wp-json\/wp\/v2\/posts\/8359\/revisions\/17205"}],"wp:featuredmedia":[{"embeddable":true,"href":"https:\/\/www.welovecycling.com\/sk\/wp-json\/wp\/v2\/media\/8370"}],"wp:attachment":[{"href":"https:\/\/www.welovecycling.com\/sk\/wp-json\/wp\/v2\/media?parent=8359"}],"wp:term":[{"taxonomy":"category","embeddable":true,"href":"https:\/\/www.welovecycling.com\/sk\/wp-json\/wp\/v2\/categories?post=8359"},{"taxonomy":"post_tag","embeddable":true,"href":"https:\/\/www.welovecycling.com\/sk\/wp-json\/wp\/v2\/tags?post=8359"},{"taxonomy":"global-categories","embeddable":true,"href":"https:\/\/www.welovecycling.com\/sk\/wp-json\/wp\/v2\/global-categories?post=8359"}],"curies":[{"name":"wp","href":"https:\/\/api.w.org\/{rel}","templated":true}]}}