{"id":8345,"date":"2019-09-29T10:59:51","date_gmt":"2019-09-29T08:59:51","guid":{"rendered":"https:\/\/www.welovecycling.com\/sk\/?p=8345"},"modified":"2019-09-27T19:28:05","modified_gmt":"2019-09-27T17:28:05","slug":"mesacna-desiatka-september-plny-majstrovstiev-sveta-vuelty-a-inych","status":"publish","type":"post","link":"https:\/\/www.welovecycling.com\/sk\/2019\/09\/29\/mesacna-desiatka-september-plny-majstrovstiev-sveta-vuelty-a-inych\/","title":{"rendered":"Mesa\u010dn\u00e1 desiatka \u2013 september pln\u00fd majstrovstiev sveta, Vuelty a\u00a0in\u00fdch"},"content":{"rendered":"<p><strong>Aj ke\u010f mnoh\u00ed ozna\u010duj\u00fa za \u201enajcyklistickej\u0161ie\u201c mesiace roka tie letn\u00e9, \u010dastokr\u00e1t je mo\u017en\u00e9 napravi\u0165 tento omyl kr\u00e1tkym nazret\u00edm do kalend\u00e1ra cyklistick\u00fdch akci\u00ed. Pr\u00e1ve mesiac september, hostil nejedny majstrovstv\u00e1 sveta \u2013 tak v\u00a0horskej, ako aj cestnej cyklistike. A\u00a0\u017ee to nebolo to jedin\u00e9, \u010do sa po\u010das neho udialo.<\/strong><!--more--><\/p>\n<h2><strong>Red Bull Hardline \u2013 jedna z\u00a0naj\u0165a\u017e\u0161\u00edch zjazdov\u00fdch trat\u00ed pozn\u00e1 v\u00ed\u0165aza<\/strong><\/h2>\n<p>Po skon\u010den\u00ed sa ofici\u00e1lneho svetov\u00e9ho poh\u00e1ra v\u00a0zjazde, pri\u0161la chv\u00ed\u013ea na tie menej form\u00e1lne podujatia. Jedn\u00fdm z\u00a0nich je aj Red Bull Hardline \u2013 akcia, konaj\u00faca sa v\u00a0severnom Walese, pril\u00e1kala len t\u00fdch najodv\u00e1\u017enej\u0161\u00edch. Jej zakladate\u013emi je rodina Athertonovcov na \u010dele s\u00a0Danom. Pr\u00e1ve jeho brat, b\u00fdval\u00fd majster sveta, Gee, takmer z\u00edskal v\u00fdhru v\u00a0tomto ro\u010dn\u00edku. V\u00a0ceste mu v\u0161ak st\u00e1l B. Kerr, ktor\u00fd dok\u00e1zal stanovi\u0165 najr\u00fdchlej\u0161\u00ed \u010das jazdy s\u00a0vy\u0161e 2-sekundov\u00fdm n\u00e1skokom.<\/p>\n<p><a href=\"https:\/\/d2p6e6u75xmxt8.cloudfront.net\/4\/2019\/09\/01-4.jpg\"><img loading=\"lazy\" decoding=\"async\" src=\"https:\/\/d2p6e6u75xmxt8.cloudfront.net\/4\/2019\/09\/01-4.jpg\" alt=\"\" width=\"1200\" height=\"800\" class=\"alignnone size-full wp-image-8346\" \/><\/a><\/p>\n<h2><strong>R. Evenepoel \u2013 nov\u00e1 mlad\u00e1 n\u00e1dej cestnej cyklistiky<\/strong><\/h2>\n<p>Majstrovstv\u00e1 s\u00fa miestom, kde sa m\u00f4\u017eu sn\u00e1\u010f najefekt\u00edvnej\u0161ie uk\u00e1za\u0165 t\u00ed, ktor\u00ed disponuj\u00fa talentom. Jedn\u00fdm z\u00a0tak\u00fdch bol aj R. Evenepoel. E\u0161te len 19-ro\u010dn\u00fd <strong>belgick\u00fd pretek\u00e1r st\u00fapa vysoko v\u00a0rebr\u00ed\u010dkoch svetov\u00fdch meradiel<\/strong>. Na t\u00fdchto majstrovstv\u00e1ch sveta v\u00a0cestnej cyklistike \u0161tartoval v\u00a0\u010dasovke jednotlivcov v\u00a0mu\u017eskej elitnej kateg\u00f3rii. V\u00fdsledkom bolo druh\u00e9 celkov\u00e9 miesto, ke\u010f stratil len 1:09 na R. Dennisa \u2013 staronov\u00e9ho majstra sveta v\u00a0\u010dasovke. Za n\u00edm zaostali aj tak\u00e9 men\u00e1 ako T. Martin, V. Campenaerts \u010di P. Rogli\u010d.<\/p>\n<p><a href=\"https:\/\/d2p6e6u75xmxt8.cloudfront.net\/4\/2019\/09\/02-4.jpg\"><img loading=\"lazy\" decoding=\"async\" src=\"https:\/\/d2p6e6u75xmxt8.cloudfront.net\/4\/2019\/09\/02-4.jpg\" alt=\"\" width=\"1200\" height=\"800\" class=\"alignnone size-full wp-image-8352\" \/><\/a><\/p>\n<h2><strong>Svetov\u00fd poh\u00e1r v endure u\u017e po tret\u00edkr\u00e1t za sebou patr\u00ed S. Hillovi<\/strong><\/h2>\n<p><strong>Jedna z\u00a0najr\u00fdchlej\u0161ie sa rozrastaj\u00facich discipl\u00edn cyklistiky<\/strong> \u2013 enduro, zakon\u010dilo svoju sez\u00f3nu vo ve\u013ekom \u0161t\u00fdle &#8211; v\u00a0\u0161vaj\u010diarskom Zermatte. A\u00a0\u017ee sa bolo na \u010do pozera\u0165. Do posledn\u00e9ho kola poh\u00e1ra vstupoval S. Hill na druhom mieste za F. Nicolaiom. Na pra\u0161nej a\u00a0n\u00e1ro\u010dnej trati sa b\u00fdval\u00e9mu majstrovi sveta v\u00a0zjazde, Hillovi, podarilo dokonca vyhra\u0165 kr\u00e1\u013eovsk\u00fa r\u00fdchlostn\u00fa sk\u00fa\u0161ku a\u00a0celkovo si zabezpe\u010di\u0165 druh\u00e9 miesto v\u00a0tomto kole. Nervydr\u00e1saj\u00face \u010dakanie na kompletn\u00e9 v\u00fdsledky skon\u010dilo v\u00a0momente, kedy sa pri mene S. Hilla objavil s\u00fa\u010det bodov 3 230. F. Nicolai ich mal \u201elen\u201c 3 190.<\/p>\n<lite-youtube videoid=kPtBXG-Ue3A params=\"enablejsapi=1\" style=\"background-image: url('https:\/\/i.ytimg.com\/vi_webp\/kPtBXG-Ue3A\/maxresdefault.webp');\"><\/lite-youtube>\n<h2><strong>Koniec majstrovstiev kv\u00f4li jedn\u00e9mu defektu?<\/strong><\/h2>\n<p>Podobn\u00fa sk\u00fasenos\u0165 s\u00a0tak\u00fdmto scen\u00e1rom m\u00e1 aj juniorsk\u00fd kolumbijsk\u00fd pretek\u00e1r, <strong>German Dario Gomez<\/strong>, ktor\u00fd sa po\u010das ned\u00e1vnych majstrovstiev sveta v\u00a0cestnej cyklistike ocitol osamoten\u00fd na kraji cesty. Po ne\u0161\u0165astnom defekte sa ani po dlhom \u010dase nedo\u010dkal v\u00fdmeny nefunk\u010dnej \u010dasti bicykla. D\u00f4vodom bola absencia neutr\u00e1lnych \u010di \u201et\u00edmov\u00fdch\u201c vozidiel. Vyjadrenie zo strany UCI je jednoduch\u00e9: <strong>\u00fazke cesty a\u00a0r\u00fdchlos\u0165 pretekov hrala proti bezpe\u010dnosti pretek\u00e1rov<\/strong> \u2013 preto sa komis\u00e1ri rozhodli nep\u00fa\u0161\u0165a\u0165 aut\u00e1, ktor\u00e9 boli pozadu, respekt\u00edve v\u00a0inej skupine, dopredu. Ot\u00e1zkou v\u0161ak je, pre\u010do za autom komis\u00e1rov, ktor\u00ed i\u0161li priamo za pelot\u00f3nom, nebolo jedno zo \u0161tyroch neutr\u00e1lnych vozidiel Shimano alebo jedna z\u00a0dvoch motoriek?<\/p>\n<h2><strong>Vuelta s kopcami a\u00a0silnou konkurenciou neostala svojej povesti ni\u010d dl\u017en\u00e1<\/strong><\/h2>\n<p>Posledn\u00e9 preteky z\u00a0trojice ve\u013ek\u00fdch Grand Tours, odohr\u00e1vaj\u00face sa v\u00a0\u0160panielsku a\u00a0nes\u00face pomenovanie La Vuelta, \u00faspe\u0161ne skon\u010dili svoju 23-denn\u00fa p\u00fa\u0165 v\u00a0Madride. Av\u0161ak jej priebeh nebol ni\u010d\u00edm samozrejm\u00fdm. Po \u00favodnom t\u00fd\u017edni sa na \u010dele poradia vyformovala siln\u00e1 a\u00a0po\u010detn\u00e1 skupina. A\u017e individu\u00e1lna \u010dasovka dala vynikn\u00fa\u0165 slovinsk\u00e9mu pretek\u00e1rovi, <strong>P. Rogli\u010dovi<\/strong>, ktor\u00fd si svoj n\u00e1skok s\u00a0mal\u00fdmi \u00fabytkami doviezol a\u017e do cie\u013ea. Druh\u00e9 miesto obsadil \u0161panielsky veter\u00e1n a\u00a0minuloro\u010dn\u00fd majster sveta, <strong>A. Valverde<\/strong>, za ktor\u00fdm v\u00a0tesnom z\u00e1vese skon\u010dil mlad\u00edk a\u00a0ve\u013ek\u00fd objav svetovej cyklistiky, <strong>T. Poga\u010dar<\/strong>.<\/p>\n<lite-youtube videoid=0xPfjkwT69U params=\"enablejsapi=1\" style=\"background-image: url('https:\/\/i.ytimg.com\/vi_webp\/0xPfjkwT69U\/maxresdefault.webp');\"><\/lite-youtube>\n<h2><strong>Takmer neuverite\u013en\u00e9 trialov\u00e9 k\u00fasky v\u00a0meste? To mus\u00ed by\u0165 F. Wibmer<\/strong><\/h2>\n<p>Rak\u00fasky cyklista je u\u017e nieko\u013eko rokov zn\u00e1my t\u00fdm, \u010do \u201ezapo\u010dal\u201c D. MacAskill, a\u00a0to v ovl\u00e1dan\u00ed bicykla v\u00a0t\u00fdch najkomplikovanej\u0161\u00edch a\u00a0do istej miery aj \u0165a\u017ek\u00fdch situ\u00e1ci\u00e1ch. Teraz sa presunul do ul\u00edc rak\u00faskych miest, v\u00a0ktor\u00fdch sa neboj\u00ed skr\u00e1ti\u0165 si cestu po streche budovy, alebo preskakova\u0165 z\u00a0jedn\u00e9ho miesta na druh\u00e9, aj ke\u010f ich del\u00ed pr\u00e1zdno, ktor\u00e9 by ho v\u00a0pr\u00edpade ne\u00faspechu poslalo priamo k\u00a0zemi (a \u017ee to nie je pr\u00e1ve bl\u00edzko).<\/p>\n<lite-youtube videoid=ZDbNe3mS0aw params=\"enablejsapi=1\" style=\"background-image: url('https:\/\/i.ytimg.com\/vi_webp\/ZDbNe3mS0aw\/maxresdefault.webp');\"><\/lite-youtube>\n<h2><strong>Aj zjazd\u00e1ri maj\u00fa nov\u00fdch majstrov sveta<\/strong><\/h2>\n<p>V\u00a0\u00favode septembra sa konali spolo\u010dn\u00e9 majstrovstv\u00e1 sveta horsk\u00fdch bicyklov tak pre cross-country, ako aj pre zjazd. Pr\u00e1ve druh\u00fa spom\u00ednan\u00fa kateg\u00f3riu <strong>ovl\u00e1dol u\u017e po neuverite\u013en\u00fd \u0161tvrt\u00fdkr\u00e1t L. Bruni<\/strong>, ktor\u00fd svojou obdivuhodnou jazdou prekonal aj T. Brosnana, ktor\u00fd sa u\u017e takmer te\u0161il z\u00a0v\u00fdhry. U\u00a0\u017eien to bola ve\u013ek\u00e1 n\u00e1plas\u0165 zados\u0165u\u010dinenia pre <strong>M. Nicole<\/strong>, ktor\u00e1 po ne\u0161\u0165astnej sez\u00f3ne dok\u00e1zala vyst\u00fapi\u0165 na najvy\u0161\u0161iu prie\u010dku. Opomen\u00fa\u0165 nehodno ani V. Holl, ktor\u00e1 v\u00a0juniorskej kateg\u00f3rii vyhrala naposledy \u2013 pos\u00fava sa\u00a0v\u00a0bud\u00facom roku do elitnej kateg\u00f3rie. Ako to bude teda vyzera\u0165 v\u00a0sez\u00f3ne 2020?<\/p>\n<p><a href=\"https:\/\/d2p6e6u75xmxt8.cloudfront.net\/4\/2019\/09\/03-4.jpg\"><img loading=\"lazy\" decoding=\"async\" src=\"https:\/\/d2p6e6u75xmxt8.cloudfront.net\/4\/2019\/09\/03-4.jpg\" alt=\"\" width=\"1200\" height=\"800\" class=\"alignnone size-full wp-image-8353\" \/><\/a><\/p>\n<h2><strong>I\u00a0ke\u010f je sneh e\u0161te v\u00a0nedoh\u013eadne, cyklokrosov\u00e1 sez\u00f3na sa za\u010dala<\/strong><\/h2>\n<p>Svetov\u00fd poh\u00e1r v\u00a0cyklokrose, zn\u00e1my aj ako <strong>Telenet UCI CX World Cup<\/strong>, zav\u00edtal v\u00a0prv\u00fdch dvoch \u00favodn\u00fdch kol\u00e1ch do dvoch americk\u00fdch destin\u00e1cii. Najprv to bola Iowa, kde dominoval E. Iserbyt a\u00a0M. Rochette a\u00a0n\u00e1sledne Waterloo (nie v\u0161ak to franc\u00fazske). Aj v\u00a0tomto meste \u00faradoval E. Iserbyt (v prvej \u0161estn\u00e1stke bolo 12 Belgi\u010danov a\u00a0traja Holan\u010fania!), av\u0161ak \u017eensk\u00e1 kateg\u00f3ria patrila u\u017e 42-ro\u010dnej \u010deskej pretek\u00e1rke, K. Nash. T\u00e1 dok\u00e1zala porazi\u0165 aj jednu z\u00a0najlep\u0161\u00edch \u017eien cross-country, J. Neff. Je nutno podotkn\u00fa\u0165, \u017ee mu\u017esk\u00e9 osadenstvo v\u00a0nie\u010dom zaost\u00e1valo v\u00a0d\u00f4sledku absencie dvoch najv\u00e4\u010d\u0161\u00edch post\u00e1v, M. v. d. Poela a\u00a0W. v. Aerta, ktor\u00ed sa pripravovali na majstrovstv\u00e1 sveta v\u00a0cestnej cyklistike.<\/p>\n<p>https:\/\/www.youtube.com\/watch?v=YdY6ewzr1UU<\/p>\n<h2><strong>Pripravte sa na nov\u00e9, po\u010d\u00edta\u010dov\u00e9 majstrovstv\u00e1 sveta v\u00a0cyklistike<\/strong><\/h2>\n<p>UCI v\u00a0kooper\u00e1cii s\u00a0firmou Zwift predstavili <strong>projekt majstrovstiev sveta v\u00a0elektronickom \u201epretekan\u00ed\u201c na bicykloch<\/strong>. \u010co to vlastne znamen\u00e1? V\u00a0prvom rade je potrebn\u00e9 podotkn\u00fa\u0165, \u017ee nejde o\u00a0klasick\u00fa po\u010d\u00edta\u010dov\u00fa hru, ovl\u00e1dan\u00fa kl\u00e1vesnicou a\u00a0my\u0161ou. Sk\u00f4r ide o\u00a0<strong>trena\u017e\u00e9r pripojen\u00fd k\u00a0obrazovke<\/strong>, ktor\u00e1 reprodukuje v\u00fdkon pou\u017e\u00edvate\u013ea vo virtu\u00e1lnej realite. Tak\u00fdmto sp\u00f4sobom m\u00f4\u017eete \u201epreteka\u0165\u201c kdeko\u013evek ste a s\u00a0k\u00fdmko\u013evek, kto m\u00e1 obdobn\u00e9 zariadenie. Pr\u00e1ve takto by mali prebieha\u0165 MS v\u00a0roku 2020. Samozrejme, in\u017einieri pracuj\u00fa na tom, aby sa jeho \u00fa\u010dastn\u00edci nemohli akoko\u013evek neleg\u00e1lne podie\u013ea\u0165 na \u201edopingu\u201c.<\/p>\n<lite-youtube videoid=jvF1b5Ccb3o params=\"enablejsapi=1\" style=\"background-image: url('https:\/\/i.ytimg.com\/vi_webp\/jvF1b5Ccb3o\/maxresdefault.webp');\"><\/lite-youtube>\n<h2><strong>Okolo Slovenska hostilo ve\u013ek\u00e9 hviezdy a\u00a0rovnako aj ve\u013ek\u00e9 v\u00fdsledky<\/strong><\/h2>\n<p>Jedin\u00e9 etapov\u00e9 preteky na\u0161ej krajiny, Okolo Slovenska, sa po\u010das ich 63. ro\u010dn\u00edka do\u010dkali ne\u010dakanej pozornosti. Pr\u00ed\u010dinou toho bola \u00fa\u010das\u0165 tak\u00fdch mien ako E. Viviani, Y. Lampaert \u010di A. Kristoff. Boli to v\u00fdsledky t\u00fdchto a\u00a0samozrejme aj in\u00fdch pretek\u00e1rov, ktor\u00e9 korunovali skvel\u00fa atmosf\u00e9ru po\u010das cel\u00e9ho podujatia. Nakoniec sa <strong>z\u00a0celkov\u00e9ho v\u00ed\u0165azstva radoval<\/strong> spom\u00ednan\u00fd <strong>Y. Lampaerts<\/strong> pred A. D\u00e9marom a\u00a0S. Kungom. Bolo to naozaj tesn\u00e9 v\u00ed\u0165azstvo, ke\u010f\u017ee prv\u00fdch dvoch delila len jedna sekunda a\u00a0tretie miesto str\u00e1calo tri. <strong>Najlep\u0161\u00edm Slov\u00e1kom sa stal E. Ba\u0161ka z\u00a0t\u00edmu BORA-hansgrohe<\/strong>, ktor\u00fd sa so stratou 40 sek\u00fand umiestnil na 9. mieste. Ver\u00edme, \u017ee aj v\u00a0bud\u00facom roku sa budeme m\u00f4c\u0165 te\u0161i\u0165 aspo\u0148 na rovnak\u00fa atmosf\u00e9ru a\u00a0konkurenciu.<\/p>\n<p><a href=\"https:\/\/d2p6e6u75xmxt8.cloudfront.net\/4\/2019\/09\/04-4.jpg\"><img loading=\"lazy\" decoding=\"async\" src=\"https:\/\/d2p6e6u75xmxt8.cloudfront.net\/4\/2019\/09\/04-4.jpg\" alt=\"\" width=\"1200\" height=\"800\" class=\"alignnone size-full wp-image-8354\" \/><\/a><\/p>\n<p>Ako sme mali mo\u017enos\u0165 vidie\u0165, september bol naozajstnou \u201ebombou\u201c podujat\u00ed a\u00a0akci\u00ed, ktor\u00e9 sa odohr\u00e1vali v\u00a0cyklistickom svete. Netreba v\u0161ak z\u00fafa\u0165. Aj ke\u010f sa cestn\u00ed a\u00a0horsk\u00ed cyklisti uber\u00fa na zimn\u00fd sp\u00e1nok, st\u00e1le m\u00e1me mo\u017enos\u0165 sledova\u0165 e\u0161te len \u0161tartuj\u00facu cyklokrosov\u00fa sez\u00f3nu, ktor\u00e1 v\u00a0ni\u010dom nezaost\u00e1va za svojimi dvoma star\u0161\u00edmi sestrami. Cyklistike zdar!<\/p>\n<p><em>(zdroj foto: fb\/ucimountainbike, fb\/uci Alex Whitehead\/SWpix.com, fb\/bernard kerr, svenmartinphoto, fb\/UciMountainBike, fb\/OkoloSlovenska)<\/em><\/p>\n","protected":false},"excerpt":{"rendered":"<p>Aj ke\u010f mnoh\u00ed ozna\u010duj\u00fa za \u201enajcyklistickej\u0161ie\u201c mesiace roka tie letn\u00e9, \u010dastokr\u00e1t je mo\u017en\u00e9 napravi\u0165 tento omyl kr\u00e1tkym nazret\u00edm do kalend\u00e1ra [&hellip;]<\/p>\n","protected":false},"author":38,"featured_media":8355,"comment_status":"open","ping_status":"open","sticky":false,"template":"","format":"standard","meta":{"footnotes":""},"categories":[34],"tags":[491,275,115,582,896,276,268,481,281,1040,97,170,302,315,251,703,219,641,172],"global-categories":[],"class_list":["post-8345","post","type-post","status-publish","format-standard","has-post-thumbnail","hentry","category-podujatia","tag-alejandro-valverde","tag-cesta","tag-cestna-cyklistika","tag-cyklokros","tag-enduro","tag-erik-baska","tag-grand-tour","tag-majstrovstva","tag-majstrovstva-sveta","tag-mesacna-desiatka","tag-okolo-slovenska","tag-primoz-roglic","tag-red-bull","tag-hardline","tag-spanielsko","tag-svetovy-pohar","tag-vuelta-a-espana","tag-xc","tag-zjazd"],"yoast_head":"<!-- This site is optimized with the Yoast SEO Premium plugin v25.3 (Yoast SEO v25.9) - https:\/\/yoast.com\/wordpress\/plugins\/seo\/ -->\n<title>Mesa\u010dn\u00e1 desiatka \u2013 september pln\u00fd majstrovstiev sveta, Vuelty a\u00a0in\u00fdch - \u0160koda We Love Cycling Slovensko<\/title>\n<meta name=\"robots\" content=\"index, follow, max-snippet:-1, max-image-preview:large, max-video-preview:-1\" \/>\n<link rel=\"canonical\" href=\"https:\/\/www.welovecycling.com\/sk\/2019\/09\/29\/mesacna-desiatka-september-plny-majstrovstiev-sveta-vuelty-a-inych\/\" \/>\n<meta property=\"og:locale\" content=\"sk_SK\" \/>\n<meta property=\"og:type\" content=\"article\" \/>\n<meta property=\"og:title\" content=\"Mesa\u010dn\u00e1 desiatka \u2013 september pln\u00fd majstrovstiev sveta, Vuelty a\u00a0in\u00fdch\" \/>\n<meta property=\"og:description\" content=\"Aj ke\u010f mnoh\u00ed ozna\u010duj\u00fa za \u201enajcyklistickej\u0161ie\u201c mesiace roka tie letn\u00e9, \u010dastokr\u00e1t je mo\u017en\u00e9 napravi\u0165 tento omyl kr\u00e1tkym nazret\u00edm do kalend\u00e1ra [&hellip;]\" \/>\n<meta property=\"og:url\" content=\"https:\/\/www.welovecycling.com\/sk\/2019\/09\/29\/mesacna-desiatka-september-plny-majstrovstiev-sveta-vuelty-a-inych\/\" \/>\n<meta property=\"og:site_name\" content=\"\u0160koda We Love Cycling Slovensko\" \/>\n<meta property=\"article:published_time\" content=\"2019-09-29T08:59:51+00:00\" \/>\n<meta property=\"og:image\" content=\"https:\/\/d2p6e6u75xmxt8.cloudfront.net\/4\/2019\/09\/00-3.webp\" \/>\n\t<meta property=\"og:image:width\" content=\"1380\" \/>\n\t<meta property=\"og:image:height\" content=\"600\" \/>\n\t<meta property=\"og:image:type\" content=\"image\/webp\" \/>\n<meta name=\"author\" content=\"Ondrej Ga\u0161par\" \/>\n<meta name=\"twitter:card\" content=\"summary_large_image\" \/>\n<meta name=\"twitter:label1\" content=\"Written by\" \/>\n\t<meta name=\"twitter:data1\" content=\"We Love Cycling\" \/>\n\t<meta name=\"twitter:label2\" content=\"Est. reading time\" \/>\n\t<meta name=\"twitter:data2\" content=\"9\" \/>\n<script type=\"application\/ld+json\" class=\"yoast-schema-graph\">{\"@context\":\"https:\/\/schema.org\",\"@graph\":[{\"@type\":\"WebPage\",\"@id\":\"https:\/\/www.welovecycling.com\/sk\/2019\/09\/29\/mesacna-desiatka-september-plny-majstrovstiev-sveta-vuelty-a-inych\/\",\"url\":\"https:\/\/www.welovecycling.com\/sk\/2019\/09\/29\/mesacna-desiatka-september-plny-majstrovstiev-sveta-vuelty-a-inych\/\",\"name\":\"Mesa\u010dn\u00e1 desiatka \u2013 september pln\u00fd majstrovstiev sveta, Vuelty a\u00a0in\u00fdch - \u0160koda We Love Cycling Slovensko\",\"isPartOf\":{\"@id\":\"https:\/\/www.welovecycling.com\/sk\/#website\"},\"primaryImageOfPage\":{\"@id\":\"https:\/\/www.welovecycling.com\/sk\/2019\/09\/29\/mesacna-desiatka-september-plny-majstrovstiev-sveta-vuelty-a-inych\/#primaryimage\"},\"image\":{\"@id\":\"https:\/\/www.welovecycling.com\/sk\/2019\/09\/29\/mesacna-desiatka-september-plny-majstrovstiev-sveta-vuelty-a-inych\/#primaryimage\"},\"thumbnailUrl\":\"https:\/\/d2p6e6u75xmxt8.cloudfront.net\/4\/2019\/09\/00-3.webp\",\"datePublished\":\"2019-09-29T08:59:51+00:00\",\"author\":{\"@id\":\"https:\/\/www.welovecycling.com\/sk\/#\/schema\/person\/8ee09ba39b7e25b1870160aa5b3a89bc\"},\"breadcrumb\":{\"@id\":\"https:\/\/www.welovecycling.com\/sk\/2019\/09\/29\/mesacna-desiatka-september-plny-majstrovstiev-sveta-vuelty-a-inych\/#breadcrumb\"},\"inLanguage\":\"sk-SK\",\"potentialAction\":[{\"@type\":\"ReadAction\",\"target\":[\"https:\/\/www.welovecycling.com\/sk\/2019\/09\/29\/mesacna-desiatka-september-plny-majstrovstiev-sveta-vuelty-a-inych\/\"]}]},{\"@type\":\"ImageObject\",\"inLanguage\":\"sk-SK\",\"@id\":\"https:\/\/www.welovecycling.com\/sk\/2019\/09\/29\/mesacna-desiatka-september-plny-majstrovstiev-sveta-vuelty-a-inych\/#primaryimage\",\"url\":\"https:\/\/d2p6e6u75xmxt8.cloudfront.net\/4\/2019\/09\/00-3.webp\",\"contentUrl\":\"https:\/\/d2p6e6u75xmxt8.cloudfront.net\/4\/2019\/09\/00-3.webp\",\"width\":1380,\"height\":600},{\"@type\":\"BreadcrumbList\",\"@id\":\"https:\/\/www.welovecycling.com\/sk\/2019\/09\/29\/mesacna-desiatka-september-plny-majstrovstiev-sveta-vuelty-a-inych\/#breadcrumb\",\"itemListElement\":[{\"@type\":\"ListItem\",\"position\":1,\"name\":\"Home\",\"item\":\"https:\/\/www.welovecycling.com\/sk\/\"},{\"@type\":\"ListItem\",\"position\":2,\"name\":\"Mesa\u010dn\u00e1 desiatka \u2013 september pln\u00fd majstrovstiev sveta, Vuelty a\u00a0in\u00fdch\"}]},{\"@type\":\"WebSite\",\"@id\":\"https:\/\/www.welovecycling.com\/sk\/#website\",\"url\":\"https:\/\/www.welovecycling.com\/sk\/\",\"name\":\"\u0160koda We Love Cycling Slovensko\",\"description\":\"\u0160koda We Love Cycling Slovensko je v\u00e1\u0161 ka\u017edodenn\u00fd zdroj noviniek a in\u0161pir\u00e1cie z sveta cyklistiky\",\"potentialAction\":[{\"@type\":\"SearchAction\",\"target\":{\"@type\":\"EntryPoint\",\"urlTemplate\":\"https:\/\/www.welovecycling.com\/sk\/?s={search_term_string}\"},\"query-input\":{\"@type\":\"PropertyValueSpecification\",\"valueRequired\":true,\"valueName\":\"search_term_string\"}}],\"inLanguage\":\"sk-SK\"},{\"@type\":\"Person\",\"@id\":\"https:\/\/www.welovecycling.com\/sk\/#\/schema\/person\/8ee09ba39b7e25b1870160aa5b3a89bc\",\"name\":\"Ondrej Ga\u0161par\",\"image\":{\"@type\":\"ImageObject\",\"inLanguage\":\"sk-SK\",\"@id\":\"https:\/\/www.welovecycling.com\/sk\/#\/schema\/person\/image\/\",\"url\":\"https:\/\/secure.gravatar.com\/avatar\/6126c9afb87b70da5abbb083ddbb21933da15f18f8ca7cb822aba0fb096a48f6?s=96&d=mm&r=g\",\"contentUrl\":\"https:\/\/secure.gravatar.com\/avatar\/6126c9afb87b70da5abbb083ddbb21933da15f18f8ca7cb822aba0fb096a48f6?s=96&d=mm&r=g\",\"caption\":\"Ondrej Ga\u0161par\"},\"url\":\"https:\/\/www.welovecycling.com\/sk\/author\/ondrejgaspar\/\"}]}<\/script>\n<!-- \/ Yoast SEO Premium plugin. -->","yoast_head_json":{"title":"Mesa\u010dn\u00e1 desiatka \u2013 september pln\u00fd majstrovstiev sveta, Vuelty a\u00a0in\u00fdch - \u0160koda We Love Cycling Slovensko","robots":{"index":"index","follow":"follow","max-snippet":"max-snippet:-1","max-image-preview":"max-image-preview:large","max-video-preview":"max-video-preview:-1"},"canonical":"https:\/\/www.welovecycling.com\/sk\/2019\/09\/29\/mesacna-desiatka-september-plny-majstrovstiev-sveta-vuelty-a-inych\/","og_locale":"sk_SK","og_type":"article","og_title":"Mesa\u010dn\u00e1 desiatka \u2013 september pln\u00fd majstrovstiev sveta, Vuelty a\u00a0in\u00fdch","og_description":"Aj ke\u010f mnoh\u00ed ozna\u010duj\u00fa za \u201enajcyklistickej\u0161ie\u201c mesiace roka tie letn\u00e9, \u010dastokr\u00e1t je mo\u017en\u00e9 napravi\u0165 tento omyl kr\u00e1tkym nazret\u00edm do kalend\u00e1ra [&hellip;]","og_url":"https:\/\/www.welovecycling.com\/sk\/2019\/09\/29\/mesacna-desiatka-september-plny-majstrovstiev-sveta-vuelty-a-inych\/","og_site_name":"\u0160koda We Love Cycling Slovensko","article_published_time":"2019-09-29T08:59:51+00:00","og_image":[{"width":1380,"height":600,"url":"https:\/\/d2p6e6u75xmxt8.cloudfront.net\/4\/2019\/09\/00-3.webp","type":"image\/webp"}],"author":"Ondrej Ga\u0161par","twitter_card":"summary_large_image","twitter_misc":{"Written by":"We Love Cycling","Est. reading time":"9"},"schema":{"@context":"https:\/\/schema.org","@graph":[{"@type":"WebPage","@id":"https:\/\/www.welovecycling.com\/sk\/2019\/09\/29\/mesacna-desiatka-september-plny-majstrovstiev-sveta-vuelty-a-inych\/","url":"https:\/\/www.welovecycling.com\/sk\/2019\/09\/29\/mesacna-desiatka-september-plny-majstrovstiev-sveta-vuelty-a-inych\/","name":"Mesa\u010dn\u00e1 desiatka \u2013 september pln\u00fd majstrovstiev sveta, Vuelty a\u00a0in\u00fdch - \u0160koda We Love Cycling Slovensko","isPartOf":{"@id":"https:\/\/www.welovecycling.com\/sk\/#website"},"primaryImageOfPage":{"@id":"https:\/\/www.welovecycling.com\/sk\/2019\/09\/29\/mesacna-desiatka-september-plny-majstrovstiev-sveta-vuelty-a-inych\/#primaryimage"},"image":{"@id":"https:\/\/www.welovecycling.com\/sk\/2019\/09\/29\/mesacna-desiatka-september-plny-majstrovstiev-sveta-vuelty-a-inych\/#primaryimage"},"thumbnailUrl":"https:\/\/d2p6e6u75xmxt8.cloudfront.net\/4\/2019\/09\/00-3.webp","datePublished":"2019-09-29T08:59:51+00:00","author":{"@id":"https:\/\/www.welovecycling.com\/sk\/#\/schema\/person\/8ee09ba39b7e25b1870160aa5b3a89bc"},"breadcrumb":{"@id":"https:\/\/www.welovecycling.com\/sk\/2019\/09\/29\/mesacna-desiatka-september-plny-majstrovstiev-sveta-vuelty-a-inych\/#breadcrumb"},"inLanguage":"sk-SK","potentialAction":[{"@type":"ReadAction","target":["https:\/\/www.welovecycling.com\/sk\/2019\/09\/29\/mesacna-desiatka-september-plny-majstrovstiev-sveta-vuelty-a-inych\/"]}]},{"@type":"ImageObject","inLanguage":"sk-SK","@id":"https:\/\/www.welovecycling.com\/sk\/2019\/09\/29\/mesacna-desiatka-september-plny-majstrovstiev-sveta-vuelty-a-inych\/#primaryimage","url":"https:\/\/d2p6e6u75xmxt8.cloudfront.net\/4\/2019\/09\/00-3.webp","contentUrl":"https:\/\/d2p6e6u75xmxt8.cloudfront.net\/4\/2019\/09\/00-3.webp","width":1380,"height":600},{"@type":"BreadcrumbList","@id":"https:\/\/www.welovecycling.com\/sk\/2019\/09\/29\/mesacna-desiatka-september-plny-majstrovstiev-sveta-vuelty-a-inych\/#breadcrumb","itemListElement":[{"@type":"ListItem","position":1,"name":"Home","item":"https:\/\/www.welovecycling.com\/sk\/"},{"@type":"ListItem","position":2,"name":"Mesa\u010dn\u00e1 desiatka \u2013 september pln\u00fd majstrovstiev sveta, Vuelty a\u00a0in\u00fdch"}]},{"@type":"WebSite","@id":"https:\/\/www.welovecycling.com\/sk\/#website","url":"https:\/\/www.welovecycling.com\/sk\/","name":"\u0160koda We Love Cycling Slovensko","description":"\u0160koda We Love Cycling Slovensko je v\u00e1\u0161 ka\u017edodenn\u00fd zdroj noviniek a in\u0161pir\u00e1cie z sveta cyklistiky","potentialAction":[{"@type":"SearchAction","target":{"@type":"EntryPoint","urlTemplate":"https:\/\/www.welovecycling.com\/sk\/?s={search_term_string}"},"query-input":{"@type":"PropertyValueSpecification","valueRequired":true,"valueName":"search_term_string"}}],"inLanguage":"sk-SK"},{"@type":"Person","@id":"https:\/\/www.welovecycling.com\/sk\/#\/schema\/person\/8ee09ba39b7e25b1870160aa5b3a89bc","name":"Ondrej Ga\u0161par","image":{"@type":"ImageObject","inLanguage":"sk-SK","@id":"https:\/\/www.welovecycling.com\/sk\/#\/schema\/person\/image\/","url":"https:\/\/secure.gravatar.com\/avatar\/6126c9afb87b70da5abbb083ddbb21933da15f18f8ca7cb822aba0fb096a48f6?s=96&d=mm&r=g","contentUrl":"https:\/\/secure.gravatar.com\/avatar\/6126c9afb87b70da5abbb083ddbb21933da15f18f8ca7cb822aba0fb096a48f6?s=96&d=mm&r=g","caption":"Ondrej Ga\u0161par"},"url":"https:\/\/www.welovecycling.com\/sk\/author\/ondrejgaspar\/"}]}},"_links":{"self":[{"href":"https:\/\/www.welovecycling.com\/sk\/wp-json\/wp\/v2\/posts\/8345","targetHints":{"allow":["GET"]}}],"collection":[{"href":"https:\/\/www.welovecycling.com\/sk\/wp-json\/wp\/v2\/posts"}],"about":[{"href":"https:\/\/www.welovecycling.com\/sk\/wp-json\/wp\/v2\/types\/post"}],"author":[{"embeddable":true,"href":"https:\/\/www.welovecycling.com\/sk\/wp-json\/wp\/v2\/users\/38"}],"replies":[{"embeddable":true,"href":"https:\/\/www.welovecycling.com\/sk\/wp-json\/wp\/v2\/comments?post=8345"}],"version-history":[{"count":2,"href":"https:\/\/www.welovecycling.com\/sk\/wp-json\/wp\/v2\/posts\/8345\/revisions"}],"predecessor-version":[{"id":8358,"href":"https:\/\/www.welovecycling.com\/sk\/wp-json\/wp\/v2\/posts\/8345\/revisions\/8358"}],"wp:featuredmedia":[{"embeddable":true,"href":"https:\/\/www.welovecycling.com\/sk\/wp-json\/wp\/v2\/media\/8355"}],"wp:attachment":[{"href":"https:\/\/www.welovecycling.com\/sk\/wp-json\/wp\/v2\/media?parent=8345"}],"wp:term":[{"taxonomy":"category","embeddable":true,"href":"https:\/\/www.welovecycling.com\/sk\/wp-json\/wp\/v2\/categories?post=8345"},{"taxonomy":"post_tag","embeddable":true,"href":"https:\/\/www.welovecycling.com\/sk\/wp-json\/wp\/v2\/tags?post=8345"},{"taxonomy":"global-categories","embeddable":true,"href":"https:\/\/www.welovecycling.com\/sk\/wp-json\/wp\/v2\/global-categories?post=8345"}],"curies":[{"name":"wp","href":"https:\/\/api.w.org\/{rel}","templated":true}]}}