{"id":8318,"date":"2019-09-23T14:16:24","date_gmt":"2019-09-23T12:16:24","guid":{"rendered":"https:\/\/www.welovecycling.com\/sk\/?p=8318"},"modified":"2019-09-23T14:16:24","modified_gmt":"2019-09-23T12:16:24","slug":"uz-o-tyzden-budeme-poznat-novych-majstrov-sveta-v-cestnej-cyklistike","status":"publish","type":"post","link":"https:\/\/www.welovecycling.com\/sk\/2019\/09\/23\/uz-o-tyzden-budeme-poznat-novych-majstrov-sveta-v-cestnej-cyklistike\/","title":{"rendered":"U\u017e o\u00a0t\u00fd\u017ede\u0148 budeme pozna\u0165 nov\u00fdch majstrov sveta v\u00a0cestnej cyklistike"},"content":{"rendered":"<p><strong>Op\u00e4\u0165 pri\u0161lo na\u0161e ob\u013e\u00faben\u00e9 obdobie v roku, po\u010das ktor\u00e9ho sa bojuje o\u00a0najcennej\u0161ie dresy sez\u00f3ny. Samozrejme, ve\u013ek\u00e9 Grand Tours a\u00a0ich ru\u017eov\u00e9, \u017elt\u00e9 a\u00a0\u010derven\u00e9 dresy s\u00fa hodnotn\u00e9, av\u0161ak asi ni\u010d neprekon\u00e1 ten d\u00fahov\u00fd. Pr\u00e1ve on bude centrom Majstrovstiev sveta v\u00a0cestnej cyklistike 2019 v anglickom Yorkshire.<\/strong><!--more--><\/p>\n<p>V\u00a0\u010derstvej pam\u00e4ti m\u00e1me e\u0161te st\u00e1le rekordn\u00e9 <strong>tri tituly majstra sveta, ktor\u00e9 pre Slovensk\u00fa republiku vybojoval P. Sagan<\/strong>. I\u00a0ke\u010f ho v\u00a0minulom roku o\u00a0zisk \u010fal\u0161ieho \u201eobral\u201c \u0160paniel, A. Valverde, na trati, ktor\u00e1 jednozna\u010dne hatila Saganove \u0161ance, s\u00fa\u010dasn\u00e9 miesto konania sa pretekov je op\u00e4\u0165 priazniv\u00e9.<\/p>\n<p>Rok 2019 patr\u00ed anglick\u00e9mu Yorkshire, ktor\u00e9 je povestn\u00e9 neut\u00edchaj\u00facim vetrom, otvoren\u00fdmi planinami \u010di kr\u00e1tkymi, ale za to strm\u00fdmi st\u00fapaniami. Mnoh\u00fdm z\u00a0n\u00e1s pri tejto charakteristike napadne pojem \u201eklasika\u201c&#8230; Nu\u017e, nie\u010do na tom zaiste bude.<\/p>\n<h2><strong>\u010casovka zmie\u0161an\u00fdch t\u00edmov, 22. septembra<\/strong><\/h2>\n<p>Yorkshire v\u010dera okrem samotn\u00fdch MS hostil aj historicky prv\u00fd \u0161tart zmie\u0161an\u00fdch \u010dasoviek t\u00edmov. Ak si toto pomenovanie rozdel\u00edme na jednotliv\u00e9 slov\u00e1, z\u00edskame presn\u00fd opis toho, \u010do sa v\u00a0tejto discipl\u00edne dialo.<\/p>\n<p>Prv\u00fdm aspektom bol boj s\u00a0\u010dasom. In\u00fdmi slovami, <strong>jazdci sa vydali na 2 okruhy v\u00a0srdci mesta Harrogate<\/strong>, ktor\u00fdch profil bol \u010dlenit\u00fd \u2013 ka\u017ed\u00fd z\u00a0nich mal d\u013a\u017eku 13,8 km a\u00a0dalo by sa poveda\u0165, \u017ee na \u0148om nen\u00e1jdete rovn\u00e9 miesta. Zmie\u0161anie opisuje rozlo\u017eenie ka\u017ed\u00e9ho z\u00a0t\u00edmov, a\u00a0to nasledovne: <strong>3 mu\u017ei a\u00a03 \u017eeny z\u00a0jedn\u00e9ho n\u00e1rodn\u00e9ho t\u00edmu<\/strong>. Najprv vy\u0161tartovali mu\u017ei. Po tom, ako druh\u00fd z\u00a0nich prekro\u010dil cie\u013eov\u00fa \u010diaru prv\u00e9ho kola, vy\u0161tartovali aj \u017eeny. Cie\u013eov\u00fd \u010das z\u00e1visel od druhej \u017eeny, ktor\u00e1 zdolala cie\u013e. Siln\u00e1 \u010dasovk\u00e1rska ve\u013emoc, Holandsko, potvrdila v\u010deraj\u0161\u00edm v\u00ed\u0165azstvom  svoje dominantn\u00e9 zast\u00fapenie.<\/p>\n<p><a href=\"https:\/\/d2p6e6u75xmxt8.cloudfront.net\/4\/2019\/09\/01-3.jpg\"><img loading=\"lazy\" decoding=\"async\" src=\"https:\/\/d2p6e6u75xmxt8.cloudfront.net\/4\/2019\/09\/01-3.jpg\" alt=\"\" width=\"1200\" height=\"800\" class=\"alignnone size-full wp-image-8319\" \/><\/a><\/p>\n<h2><strong>\u010casovka jednotlivcov, 23. &#8211; 25. septembra<\/strong><\/h2>\n<p>V\u00a0nasleduj\u00facich d\u0148och sa rozlo\u017e\u00ed po\u010det \u0161tartuj\u00facich na jednotlivcov. S\u00edce charakter discipl\u00edny ostane nezmenen\u00fd, av\u0161ak teraz u\u017e bude bojova\u0165 ka\u017ed\u00fd za seba. Tra\u0165 pretekov z\u00e1vis\u00ed od kateg\u00f3rie veku a\u00a0pohlavia. <strong>Za\u010d\u00edna\u0165 sa bude v\u00a0pondelok s\u00a0juniorsk\u00fdmi kateg\u00f3riami<\/strong>, ktor\u00e9 bud\u00fa musie\u0165 zdola\u0165 jeden (juniorky), respekt\u00edve dva (juniori) okruhy s\u00a0d\u013a\u017ekou 13,8 km. V\u00a0kone\u010dnom d\u00f4sledku ide o\u00a0identick\u00e9 okruhy ako pri \u010dasovke zmie\u0161an\u00fdch t\u00edmov.<\/p>\n<p>Na druh\u00fd de\u0148 sa bude pokra\u010dova\u0165 <strong>kateg\u00f3riou mu\u017eov do 23 rokov a\u00a0\u017eenskou elitnou kateg\u00f3riou<\/strong>. Tie s\u00edce bud\u00fa zdie\u013ea\u0165 rovnak\u00fd \u00fadel: tra\u0165 s\u00a0d\u013a\u017ekou 30,3 km, av\u0161ak jej miesto sa zameriava na okolie Harrogate. Po\u010das tejto vzdialenosti natrafia na \u0161tvoricu krat\u0161\u00edch st\u00fapan\u00ed, ktor\u00e9 najm\u00e4 pri nepriazni po\u010dasia zamie\u0161aj\u00fa celkov\u00fd porad\u00edm.<\/p>\n<p>Nakoniec n\u00e1s \u010dak\u00e1 <strong>kateg\u00f3ria mu\u017eov elite<\/strong>, ktorej \u0161tart je <strong>napl\u00e1novan\u00fd na stredu<\/strong>, v\u00a0rozmedz\u00ed 13:10 a\u017e 15:50. Tak, ako pri predch\u00e1dzaj\u00facich dvoch kateg\u00f3ri\u00e1ch, u\u017e nep\u00f4jde o\u00a0okruhy. \u0160tart ost\u00e1va stanoven\u00fd v\u00a0Harrogate, av\u0161ak n\u00e1sledn\u00e9 kilometre bud\u00fa smerova\u0165 do cie\u013eov\u00e9ho mesta Northallerton na severe. Po\u010das 54 km ich bude okrem zvlnen\u00e9ho profilu \u010daka\u0165 aj nespo\u010detn\u00e9 mno\u017estvo krat\u0161\u00edch, ale aj nieko\u013eko kilometrov\u00fdch st\u00fapan\u00ed.<\/p>\n<p><a href=\"https:\/\/d2p6e6u75xmxt8.cloudfront.net\/4\/2019\/09\/02-3.jpg\"><img loading=\"lazy\" decoding=\"async\" src=\"https:\/\/d2p6e6u75xmxt8.cloudfront.net\/4\/2019\/09\/02-3.jpg\" alt=\"\" width=\"1200\" height=\"800\" class=\"alignnone size-full wp-image-8320\" \/><\/a><\/p>\n<h2><strong>Preteky jednotlivcov s\u00a0hromadn\u00fdm \u0161tartom, 26. \u2013 29. septembra<\/strong><\/h2>\n<p>V\u00a0druhej polovici t\u00fd\u017ed\u0148a vyvrcholia MS pretekmi individu\u00e1lnych v\u00fdkonov jazdcov. V\u00a0\u0161tartoch sa bude pokra\u010dova\u0165 obdobne, ako tomu bolo pri \u010dasovke jednotlivcov. Prv\u00ed sa na boj o\u00a0d\u00fahov\u00fd dres vydaj\u00fa juniori. Mu\u017esk\u00e9 zast\u00fapenie bude zdol\u00e1va\u0165 148,1 km, smeruj\u00fac z\u00a0Richmondu do Harrogate. Na trase bud\u00fa ma\u0165 <strong>dvojicu vyp\u00edsan\u00fdch st\u00fapan\u00ed \u2013 Kidstones Bank a\u00a0Summerscales<\/strong>.<\/p>\n<p>Juniorky sa oproti \u010dasovke presun\u00fa na nasleduj\u00faci de\u0148, kedy bud\u00fa \u0161tartova\u0165 pred mu\u017eskou kateg\u00f3riou do 23 rokov. Rozdiel vo vzdialenosti, ktor\u00fa musia zdola\u0165, je badate\u013en\u00fd. Zatia\u013e, \u010do juniorky maj\u00fa prichystan\u00fa tra\u0165 s\u00a086 km, mu\u017eov do 23 rokov \u010dak\u00e1 takmer 187 kilometrov. Navy\u0161e sa druh\u00e1 spom\u00ednan\u00e1 skupina m\u00f4\u017ee te\u0161i\u0165 na st\u00fapanie Greenhow, ktor\u00e9 ich \u010dak\u00e1 za polovicou trate. \u010c\u00edsla hovoria jasne, 4,1 km a\u00a0priemer 10 % nebude ni\u010d\u00edm jednoduch\u00fdm.<\/p>\n<p><strong>28. september bude patri\u0165 \u017eenskej elitnej kateg\u00f3rii<\/strong>, ktor\u00e1 sa priprav\u00ed na zdolanie 149,4 km. \u0160tart v\u00a0meste\u010dku Bradford je napl\u00e1novan\u00fd na obed. Po \u0148om sa e\u0161te pred za\u010diatkom okruhov v\u00a0Harrogate popasuj\u00fa s\u00a0dvojicou st\u00fapan\u00ed, Norwood Edge a\u00a0Lofthouse.<\/p>\n<p>Nakoniec n\u00e1s \u010dak\u00e1 ve\u013ek\u00e9 fin\u00e1le v\u00a0podobe mu\u017esk\u00fdch pretekov. Samotn\u00e1 d\u013a\u017eka hovor\u00ed za v\u0161etko. Celkovo 280 kilometrov musia zdola\u0165 t\u00ed najlep\u0161\u00ed, aby sa mohli uch\u00e1dza\u0165 o\u00a0vysnen\u00fd dres. Okrem siedmych okruhov, ktor\u00e9 sa za\u010dn\u00fa vy\u0161e 100 kilometrov pred koncom, bude pred pelot\u00f3nom st\u00e1\u0165 trojica vyp\u00edsan\u00fdch st\u00fapan\u00ed \u2013 Kidstones, Buttertubs a\u00a0Grinton Moor. Okruhy s\u00fa identick\u00e9 s\u00a0\u010dasovk\u00e1rskou tra\u0165ou juniorov \u010di t\u00edmovej zmie\u0161anej \u010dasovky.<\/p>\n<p><a href=\"https:\/\/d2p6e6u75xmxt8.cloudfront.net\/4\/2019\/09\/03-3.jpg\"><img loading=\"lazy\" decoding=\"async\" src=\"https:\/\/d2p6e6u75xmxt8.cloudfront.net\/4\/2019\/09\/03-3.jpg\" alt=\"\" width=\"1200\" height=\"800\" class=\"alignnone size-full wp-image-8321\" \/><\/a><\/p>\n<h2><strong>Na koho sa m\u00f4\u017eeme te\u0161i\u0165?<\/strong><\/h2>\n<p>Nieko\u013eko dn\u00ed pred samotn\u00fdmi majstrovstvami sa podstatn\u00ed favoriti u\u017e neoblomne pripravuj\u00fa na povestn\u00fd de\u0148 D. Pri v\u00fdbere mo\u017en\u00fdch adeptov na v\u00ed\u0165azstvo v\u00a0pretekoch jednotlivcov s\u00a0hromadn\u00fdm \u0161tartom ich je potrebn\u00e9 h\u013eada\u0165 medzi takzvan\u00fdmi \u201eklasik\u00e1rmi\u201c. Ako u\u017e bolo spomenut\u00e9, tra\u0165 nie je ani pr\u00edli\u0161 horsk\u00e1, ani rovinat\u00e1 na to, aby sa na nej presadili vrch\u00e1ri \u010di \u010dist\u00ed \u0161print\u00e9ri.<\/p>\n<p>Po jarn\u00fdch klasik\u00e1ch a\u00a0nasleduj\u00facich podujatiach, ktor\u00e9 uk\u00e1zali v\u00fdvoj formy jednotliv\u00fdch pretek\u00e1rov, <strong>s\u00fa v\u00a0hre J. Alaphilippe, G. Van Avermaet, O. Naesen \u010di P. Sagan<\/strong>. Ve\u013ek\u00e9 o\u010dak\u00e1vania s\u00fa kladen\u00e9 na mlad\u00e9ho a\u00a0talentovan\u00e9ho jazdca, M. v. d. Poela, ktor\u00fd dok\u00e1zal prekvapi\u0165 v\u0161etk\u00fdch na jarn\u00fdch klasik\u00e1ch. U \u017eien sa n\u00e1\u0161 zrak upriami na dom\u00e1cu <strong>E. Deignan<\/strong>, ktor\u00e1 sa u\u017e stala majsterkou sveta. Proti nej bude viacero favoritiek z\u00a0Holandska, ako napr\u00edklad A. van Vleuten, Ch. Blaak \u010di A. van der Breggen.<\/p>\n<p><a href=\"https:\/\/d2p6e6u75xmxt8.cloudfront.net\/4\/2019\/09\/04-3.jpg\"><img loading=\"lazy\" decoding=\"async\" src=\"https:\/\/d2p6e6u75xmxt8.cloudfront.net\/4\/2019\/09\/04-3.jpg\" alt=\"\" width=\"1200\" height=\"800\" class=\"alignnone size-full wp-image-8322\" \/><\/a><\/p>\n<p>Kto to pod\u013ea v\u00e1s teda bude? Bude na\u010falej P. Sagan prepisova\u0165 hist\u00f3riu, alebo n\u00e1s \u010dak\u00e1 nov\u00fd majster sveta v\u00a0holandsk\u00fdch farb\u00e1ch? Alebo to bude \u00faplne inak? Nechajme sa teda prekvapi\u0165.<\/p>\n<p>(zdroje: Fb\/UCI)<\/p>\n","protected":false},"excerpt":{"rendered":"<p>Op\u00e4\u0165 pri\u0161lo na\u0161e ob\u013e\u00faben\u00e9 obdobie v roku, po\u010das ktor\u00e9ho sa bojuje o\u00a0najcennej\u0161ie dresy sez\u00f3ny. Samozrejme, ve\u013ek\u00e9 Grand Tours a\u00a0ich ru\u017eov\u00e9, [&hellip;]<\/p>\n","protected":false},"author":38,"featured_media":8325,"comment_status":"open","ping_status":"open","sticky":false,"template":"","format":"standard","meta":{"footnotes":""},"categories":[4],"tags":[992,275,115,331,492,498,272,481,281,704,46,1012,179,269,886],"global-categories":[],"class_list":["post-8318","post","type-post","status-publish","format-standard","has-post-thumbnail","hentry","category-cestna-cyklisitika","tag-anglicko","tag-cesta","tag-cestna-cyklistika","tag-etapove-preteky","tag-greg-van-avermaet","tag-julian-alaphilippe","tag-majster-sveta","tag-majstrovstva","tag-majstrovstva-sveta","tag-mathieu-van-der-poel","tag-peter-sagan","tag-pretekar","tag-preteky","tag-vitaz","tag-vitazstvo"],"yoast_head":"<!-- This site is optimized with the Yoast SEO Premium plugin v25.3 (Yoast SEO v25.9) - https:\/\/yoast.com\/wordpress\/plugins\/seo\/ -->\n<title>U\u017e o\u00a0t\u00fd\u017ede\u0148 budeme pozna\u0165 nov\u00fdch majstrov sveta v\u00a0cestnej cyklistike - \u0160koda We Love Cycling Slovensko<\/title>\n<meta name=\"robots\" content=\"index, follow, max-snippet:-1, max-image-preview:large, max-video-preview:-1\" \/>\n<link rel=\"canonical\" href=\"https:\/\/www.welovecycling.com\/sk\/2019\/09\/23\/uz-o-tyzden-budeme-poznat-novych-majstrov-sveta-v-cestnej-cyklistike\/\" \/>\n<meta property=\"og:locale\" content=\"sk_SK\" \/>\n<meta property=\"og:type\" content=\"article\" \/>\n<meta property=\"og:title\" content=\"U\u017e o\u00a0t\u00fd\u017ede\u0148 budeme pozna\u0165 nov\u00fdch majstrov sveta v\u00a0cestnej cyklistike\" \/>\n<meta property=\"og:description\" content=\"Op\u00e4\u0165 pri\u0161lo na\u0161e ob\u013e\u00faben\u00e9 obdobie v roku, po\u010das ktor\u00e9ho sa bojuje o\u00a0najcennej\u0161ie dresy sez\u00f3ny. Samozrejme, ve\u013ek\u00e9 Grand Tours a\u00a0ich ru\u017eov\u00e9, [&hellip;]\" \/>\n<meta property=\"og:url\" content=\"https:\/\/www.welovecycling.com\/sk\/2019\/09\/23\/uz-o-tyzden-budeme-poznat-novych-majstrov-sveta-v-cestnej-cyklistike\/\" \/>\n<meta property=\"og:site_name\" content=\"\u0160koda We Love Cycling Slovensko\" \/>\n<meta property=\"article:published_time\" content=\"2019-09-23T12:16:24+00:00\" \/>\n<meta property=\"og:image\" content=\"https:\/\/d2p6e6u75xmxt8.cloudfront.net\/4\/2019\/09\/70709155_1325717390924313_6544424595867303936_o.webp\" \/>\n\t<meta property=\"og:image:width\" content=\"1380\" \/>\n\t<meta property=\"og:image:height\" content=\"600\" \/>\n\t<meta property=\"og:image:type\" content=\"image\/webp\" \/>\n<meta name=\"author\" content=\"Ondrej Ga\u0161par\" \/>\n<meta name=\"twitter:card\" content=\"summary_large_image\" \/>\n<meta name=\"twitter:label1\" content=\"Written by\" \/>\n\t<meta name=\"twitter:data1\" content=\"We Love Cycling\" \/>\n\t<meta name=\"twitter:label2\" content=\"Est. reading time\" \/>\n\t<meta name=\"twitter:data2\" content=\"7\" \/>\n<script type=\"application\/ld+json\" class=\"yoast-schema-graph\">{\"@context\":\"https:\/\/schema.org\",\"@graph\":[{\"@type\":\"WebPage\",\"@id\":\"https:\/\/www.welovecycling.com\/sk\/2019\/09\/23\/uz-o-tyzden-budeme-poznat-novych-majstrov-sveta-v-cestnej-cyklistike\/\",\"url\":\"https:\/\/www.welovecycling.com\/sk\/2019\/09\/23\/uz-o-tyzden-budeme-poznat-novych-majstrov-sveta-v-cestnej-cyklistike\/\",\"name\":\"U\u017e o\u00a0t\u00fd\u017ede\u0148 budeme pozna\u0165 nov\u00fdch majstrov sveta v\u00a0cestnej cyklistike - \u0160koda We Love Cycling Slovensko\",\"isPartOf\":{\"@id\":\"https:\/\/www.welovecycling.com\/sk\/#website\"},\"primaryImageOfPage\":{\"@id\":\"https:\/\/www.welovecycling.com\/sk\/2019\/09\/23\/uz-o-tyzden-budeme-poznat-novych-majstrov-sveta-v-cestnej-cyklistike\/#primaryimage\"},\"image\":{\"@id\":\"https:\/\/www.welovecycling.com\/sk\/2019\/09\/23\/uz-o-tyzden-budeme-poznat-novych-majstrov-sveta-v-cestnej-cyklistike\/#primaryimage\"},\"thumbnailUrl\":\"https:\/\/d2p6e6u75xmxt8.cloudfront.net\/4\/2019\/09\/70709155_1325717390924313_6544424595867303936_o.webp\",\"datePublished\":\"2019-09-23T12:16:24+00:00\",\"author\":{\"@id\":\"https:\/\/www.welovecycling.com\/sk\/#\/schema\/person\/8ee09ba39b7e25b1870160aa5b3a89bc\"},\"breadcrumb\":{\"@id\":\"https:\/\/www.welovecycling.com\/sk\/2019\/09\/23\/uz-o-tyzden-budeme-poznat-novych-majstrov-sveta-v-cestnej-cyklistike\/#breadcrumb\"},\"inLanguage\":\"sk-SK\",\"potentialAction\":[{\"@type\":\"ReadAction\",\"target\":[\"https:\/\/www.welovecycling.com\/sk\/2019\/09\/23\/uz-o-tyzden-budeme-poznat-novych-majstrov-sveta-v-cestnej-cyklistike\/\"]}]},{\"@type\":\"ImageObject\",\"inLanguage\":\"sk-SK\",\"@id\":\"https:\/\/www.welovecycling.com\/sk\/2019\/09\/23\/uz-o-tyzden-budeme-poznat-novych-majstrov-sveta-v-cestnej-cyklistike\/#primaryimage\",\"url\":\"https:\/\/d2p6e6u75xmxt8.cloudfront.net\/4\/2019\/09\/70709155_1325717390924313_6544424595867303936_o.webp\",\"contentUrl\":\"https:\/\/d2p6e6u75xmxt8.cloudfront.net\/4\/2019\/09\/70709155_1325717390924313_6544424595867303936_o.webp\",\"width\":1380,\"height\":600},{\"@type\":\"BreadcrumbList\",\"@id\":\"https:\/\/www.welovecycling.com\/sk\/2019\/09\/23\/uz-o-tyzden-budeme-poznat-novych-majstrov-sveta-v-cestnej-cyklistike\/#breadcrumb\",\"itemListElement\":[{\"@type\":\"ListItem\",\"position\":1,\"name\":\"Home\",\"item\":\"https:\/\/www.welovecycling.com\/sk\/\"},{\"@type\":\"ListItem\",\"position\":2,\"name\":\"U\u017e o\u00a0t\u00fd\u017ede\u0148 budeme pozna\u0165 nov\u00fdch majstrov sveta v\u00a0cestnej cyklistike\"}]},{\"@type\":\"WebSite\",\"@id\":\"https:\/\/www.welovecycling.com\/sk\/#website\",\"url\":\"https:\/\/www.welovecycling.com\/sk\/\",\"name\":\"\u0160koda We Love Cycling Slovensko\",\"description\":\"\u0160koda We Love Cycling Slovensko je v\u00e1\u0161 ka\u017edodenn\u00fd zdroj noviniek a in\u0161pir\u00e1cie z sveta cyklistiky\",\"potentialAction\":[{\"@type\":\"SearchAction\",\"target\":{\"@type\":\"EntryPoint\",\"urlTemplate\":\"https:\/\/www.welovecycling.com\/sk\/?s={search_term_string}\"},\"query-input\":{\"@type\":\"PropertyValueSpecification\",\"valueRequired\":true,\"valueName\":\"search_term_string\"}}],\"inLanguage\":\"sk-SK\"},{\"@type\":\"Person\",\"@id\":\"https:\/\/www.welovecycling.com\/sk\/#\/schema\/person\/8ee09ba39b7e25b1870160aa5b3a89bc\",\"name\":\"Ondrej Ga\u0161par\",\"image\":{\"@type\":\"ImageObject\",\"inLanguage\":\"sk-SK\",\"@id\":\"https:\/\/www.welovecycling.com\/sk\/#\/schema\/person\/image\/\",\"url\":\"https:\/\/secure.gravatar.com\/avatar\/6126c9afb87b70da5abbb083ddbb21933da15f18f8ca7cb822aba0fb096a48f6?s=96&d=mm&r=g\",\"contentUrl\":\"https:\/\/secure.gravatar.com\/avatar\/6126c9afb87b70da5abbb083ddbb21933da15f18f8ca7cb822aba0fb096a48f6?s=96&d=mm&r=g\",\"caption\":\"Ondrej Ga\u0161par\"},\"url\":\"https:\/\/www.welovecycling.com\/sk\/author\/ondrejgaspar\/\"}]}<\/script>\n<!-- \/ Yoast SEO Premium plugin. -->","yoast_head_json":{"title":"U\u017e o\u00a0t\u00fd\u017ede\u0148 budeme pozna\u0165 nov\u00fdch majstrov sveta v\u00a0cestnej cyklistike - \u0160koda We Love Cycling Slovensko","robots":{"index":"index","follow":"follow","max-snippet":"max-snippet:-1","max-image-preview":"max-image-preview:large","max-video-preview":"max-video-preview:-1"},"canonical":"https:\/\/www.welovecycling.com\/sk\/2019\/09\/23\/uz-o-tyzden-budeme-poznat-novych-majstrov-sveta-v-cestnej-cyklistike\/","og_locale":"sk_SK","og_type":"article","og_title":"U\u017e o\u00a0t\u00fd\u017ede\u0148 budeme pozna\u0165 nov\u00fdch majstrov sveta v\u00a0cestnej cyklistike","og_description":"Op\u00e4\u0165 pri\u0161lo na\u0161e ob\u013e\u00faben\u00e9 obdobie v roku, po\u010das ktor\u00e9ho sa bojuje o\u00a0najcennej\u0161ie dresy sez\u00f3ny. Samozrejme, ve\u013ek\u00e9 Grand Tours a\u00a0ich ru\u017eov\u00e9, [&hellip;]","og_url":"https:\/\/www.welovecycling.com\/sk\/2019\/09\/23\/uz-o-tyzden-budeme-poznat-novych-majstrov-sveta-v-cestnej-cyklistike\/","og_site_name":"\u0160koda We Love Cycling Slovensko","article_published_time":"2019-09-23T12:16:24+00:00","og_image":[{"width":1380,"height":600,"url":"https:\/\/d2p6e6u75xmxt8.cloudfront.net\/4\/2019\/09\/70709155_1325717390924313_6544424595867303936_o.webp","type":"image\/webp"}],"author":"Ondrej Ga\u0161par","twitter_card":"summary_large_image","twitter_misc":{"Written by":"We Love Cycling","Est. reading time":"7"},"schema":{"@context":"https:\/\/schema.org","@graph":[{"@type":"WebPage","@id":"https:\/\/www.welovecycling.com\/sk\/2019\/09\/23\/uz-o-tyzden-budeme-poznat-novych-majstrov-sveta-v-cestnej-cyklistike\/","url":"https:\/\/www.welovecycling.com\/sk\/2019\/09\/23\/uz-o-tyzden-budeme-poznat-novych-majstrov-sveta-v-cestnej-cyklistike\/","name":"U\u017e o\u00a0t\u00fd\u017ede\u0148 budeme pozna\u0165 nov\u00fdch majstrov sveta v\u00a0cestnej cyklistike - \u0160koda We Love Cycling Slovensko","isPartOf":{"@id":"https:\/\/www.welovecycling.com\/sk\/#website"},"primaryImageOfPage":{"@id":"https:\/\/www.welovecycling.com\/sk\/2019\/09\/23\/uz-o-tyzden-budeme-poznat-novych-majstrov-sveta-v-cestnej-cyklistike\/#primaryimage"},"image":{"@id":"https:\/\/www.welovecycling.com\/sk\/2019\/09\/23\/uz-o-tyzden-budeme-poznat-novych-majstrov-sveta-v-cestnej-cyklistike\/#primaryimage"},"thumbnailUrl":"https:\/\/d2p6e6u75xmxt8.cloudfront.net\/4\/2019\/09\/70709155_1325717390924313_6544424595867303936_o.webp","datePublished":"2019-09-23T12:16:24+00:00","author":{"@id":"https:\/\/www.welovecycling.com\/sk\/#\/schema\/person\/8ee09ba39b7e25b1870160aa5b3a89bc"},"breadcrumb":{"@id":"https:\/\/www.welovecycling.com\/sk\/2019\/09\/23\/uz-o-tyzden-budeme-poznat-novych-majstrov-sveta-v-cestnej-cyklistike\/#breadcrumb"},"inLanguage":"sk-SK","potentialAction":[{"@type":"ReadAction","target":["https:\/\/www.welovecycling.com\/sk\/2019\/09\/23\/uz-o-tyzden-budeme-poznat-novych-majstrov-sveta-v-cestnej-cyklistike\/"]}]},{"@type":"ImageObject","inLanguage":"sk-SK","@id":"https:\/\/www.welovecycling.com\/sk\/2019\/09\/23\/uz-o-tyzden-budeme-poznat-novych-majstrov-sveta-v-cestnej-cyklistike\/#primaryimage","url":"https:\/\/d2p6e6u75xmxt8.cloudfront.net\/4\/2019\/09\/70709155_1325717390924313_6544424595867303936_o.webp","contentUrl":"https:\/\/d2p6e6u75xmxt8.cloudfront.net\/4\/2019\/09\/70709155_1325717390924313_6544424595867303936_o.webp","width":1380,"height":600},{"@type":"BreadcrumbList","@id":"https:\/\/www.welovecycling.com\/sk\/2019\/09\/23\/uz-o-tyzden-budeme-poznat-novych-majstrov-sveta-v-cestnej-cyklistike\/#breadcrumb","itemListElement":[{"@type":"ListItem","position":1,"name":"Home","item":"https:\/\/www.welovecycling.com\/sk\/"},{"@type":"ListItem","position":2,"name":"U\u017e o\u00a0t\u00fd\u017ede\u0148 budeme pozna\u0165 nov\u00fdch majstrov sveta v\u00a0cestnej cyklistike"}]},{"@type":"WebSite","@id":"https:\/\/www.welovecycling.com\/sk\/#website","url":"https:\/\/www.welovecycling.com\/sk\/","name":"\u0160koda We Love Cycling Slovensko","description":"\u0160koda We Love Cycling Slovensko je v\u00e1\u0161 ka\u017edodenn\u00fd zdroj noviniek a in\u0161pir\u00e1cie z sveta cyklistiky","potentialAction":[{"@type":"SearchAction","target":{"@type":"EntryPoint","urlTemplate":"https:\/\/www.welovecycling.com\/sk\/?s={search_term_string}"},"query-input":{"@type":"PropertyValueSpecification","valueRequired":true,"valueName":"search_term_string"}}],"inLanguage":"sk-SK"},{"@type":"Person","@id":"https:\/\/www.welovecycling.com\/sk\/#\/schema\/person\/8ee09ba39b7e25b1870160aa5b3a89bc","name":"Ondrej Ga\u0161par","image":{"@type":"ImageObject","inLanguage":"sk-SK","@id":"https:\/\/www.welovecycling.com\/sk\/#\/schema\/person\/image\/","url":"https:\/\/secure.gravatar.com\/avatar\/6126c9afb87b70da5abbb083ddbb21933da15f18f8ca7cb822aba0fb096a48f6?s=96&d=mm&r=g","contentUrl":"https:\/\/secure.gravatar.com\/avatar\/6126c9afb87b70da5abbb083ddbb21933da15f18f8ca7cb822aba0fb096a48f6?s=96&d=mm&r=g","caption":"Ondrej Ga\u0161par"},"url":"https:\/\/www.welovecycling.com\/sk\/author\/ondrejgaspar\/"}]}},"_links":{"self":[{"href":"https:\/\/www.welovecycling.com\/sk\/wp-json\/wp\/v2\/posts\/8318","targetHints":{"allow":["GET"]}}],"collection":[{"href":"https:\/\/www.welovecycling.com\/sk\/wp-json\/wp\/v2\/posts"}],"about":[{"href":"https:\/\/www.welovecycling.com\/sk\/wp-json\/wp\/v2\/types\/post"}],"author":[{"embeddable":true,"href":"https:\/\/www.welovecycling.com\/sk\/wp-json\/wp\/v2\/users\/38"}],"replies":[{"embeddable":true,"href":"https:\/\/www.welovecycling.com\/sk\/wp-json\/wp\/v2\/comments?post=8318"}],"version-history":[{"count":2,"href":"https:\/\/www.welovecycling.com\/sk\/wp-json\/wp\/v2\/posts\/8318\/revisions"}],"predecessor-version":[{"id":8324,"href":"https:\/\/www.welovecycling.com\/sk\/wp-json\/wp\/v2\/posts\/8318\/revisions\/8324"}],"wp:featuredmedia":[{"embeddable":true,"href":"https:\/\/www.welovecycling.com\/sk\/wp-json\/wp\/v2\/media\/8325"}],"wp:attachment":[{"href":"https:\/\/www.welovecycling.com\/sk\/wp-json\/wp\/v2\/media?parent=8318"}],"wp:term":[{"taxonomy":"category","embeddable":true,"href":"https:\/\/www.welovecycling.com\/sk\/wp-json\/wp\/v2\/categories?post=8318"},{"taxonomy":"post_tag","embeddable":true,"href":"https:\/\/www.welovecycling.com\/sk\/wp-json\/wp\/v2\/tags?post=8318"},{"taxonomy":"global-categories","embeddable":true,"href":"https:\/\/www.welovecycling.com\/sk\/wp-json\/wp\/v2\/global-categories?post=8318"}],"curies":[{"name":"wp","href":"https:\/\/api.w.org\/{rel}","templated":true}]}}