{"id":8278,"date":"2019-09-20T10:47:12","date_gmt":"2019-09-20T08:47:12","guid":{"rendered":"https:\/\/www.welovecycling.com\/sk\/?p=8278"},"modified":"2019-09-20T12:54:47","modified_gmt":"2019-09-20T10:54:47","slug":"tip-na-vylet-magura-je-krasna-aj-bez-vyhladu","status":"publish","type":"post","link":"https:\/\/www.welovecycling.com\/sk\/2019\/09\/20\/tip-na-vylet-magura-je-krasna-aj-bez-vyhladu\/","title":{"rendered":"Tip na v\u00fdlet \u2013 Magura je kr\u00e1sna aj bez v\u00fdh\u013eadu"},"content":{"rendered":"<p><strong>Vrchov a\u00a0kopcov s\u00a0t\u00fdmto n\u00e1zvom je na Slovensku nieko\u013eko, ale ja som sa vybral na Maguru patriacu do oblasti Str\u00e1\u017eovsk\u00fdch vrchov s\u00a0v\u00fd\u0161kou 1 141 m n. m. U\u017e nieko\u013eko rokov sa tam chyst\u00e1m, ale v\u017edy ma odrad\u00ed fakt, \u017ee z\u00a0vrcholu Magury nie je \u017eiadny v\u00fdh\u013ead na okolie a\u00a0ch\u00fdba tam aj ak\u00e1ko\u013evek rozh\u013ead\u0148a. Ke\u010f\u017ee v\u0161ak tento kopec takmer vid\u00edm z\u00a0okna,  patrilo sa mi nav\u0161t\u00edvi\u0165 ho aspo\u0148 zo slu\u0161nosti.<\/strong><!--more--><\/p>\n<p>Nech sa u\u017e vyberiete na cestu z\u00a0Prievidze alebo z\u00a0Bojn\u00edc, budete sa musie\u0165 <strong>dosta\u0165 k\u00a0obci Kanianka<\/strong>, odkia\u013e je najlep\u0161\u00ed \u0161tart na t\u00fato nieko\u013eko hodinov\u00fa trasu. Ja som sa z Prievidze vybral cez K\u00faty, pomedzi polia rovno do Kanianky, aby som vy\u0161iel pri miestnej priehrade. Bolo kr\u00e1sne letn\u00e9 po\u010dasie, a tak sa na brehoch slnilo mno\u017estvo \u013eud\u00ed.<\/p>\n<p><a href=\"https:\/\/d2p6e6u75xmxt8.cloudfront.net\/4\/2019\/09\/01.JPG.jpg\"><img loading=\"lazy\" decoding=\"async\" src=\"https:\/\/d2p6e6u75xmxt8.cloudfront.net\/4\/2019\/09\/01.JPG.jpg\" alt=\"\" width=\"1200\" height=\"800\" class=\"alignnone size-full wp-image-8279\" \/><\/a><\/p>\n<p>K\u00fasok po hlavnej ceste cez Kanianku som sa dostal na koniec obce a\u00a0<strong>p\u00fa\u0161\u0165am sa klesan\u00edm smerom na Dubnicu, \u010das\u0165 Bojn\u00edc<\/strong>. Ve\u013emi sa ale rozbieha\u0165 nemus\u00edm, lebo u\u017e prv\u00e1 odbo\u010dka vpravo do lesa je ofici\u00e1lnym za\u010diatkom mojej cesty a\u00a0tu za\u010d\u00ednaj\u00fa aj <strong>zna\u010den\u00e9 Bojnicko-Dubnick\u00e9 cyklotrasy<\/strong>.<\/p>\n<div data-rows=\"1\" id='gallery-1' class='gallery-rows-1 gallery galleryid-8278 gallery-columns-2 gallery-size-full'><figure class='gallery-item'>\n\t\t\t<div class='gallery-icon landscape'>\n\t\t\t\t<a href='https:\/\/d2p6e6u75xmxt8.cloudfront.net\/4\/2019\/09\/02.JPG.webp'><img loading=\"lazy\" decoding=\"async\" width=\"1200\" height=\"800\" src=\"https:\/\/d2p6e6u75xmxt8.cloudfront.net\/4\/2019\/09\/02.JPG.webp\" class=\"attachment-full size-full\" alt=\"\" srcset=\"https:\/\/d2p6e6u75xmxt8.cloudfront.net\/4\/2019\/09\/02.JPG.webp 1200w, https:\/\/d2p6e6u75xmxt8.cloudfront.net\/4\/2019\/09\/02.JPG-300x200.webp 300w, https:\/\/d2p6e6u75xmxt8.cloudfront.net\/4\/2019\/09\/02.JPG-1024x683.webp 1024w, https:\/\/d2p6e6u75xmxt8.cloudfront.net\/4\/2019\/09\/02.JPG-768x512.webp 768w, https:\/\/d2p6e6u75xmxt8.cloudfront.net\/4\/2019\/09\/02.JPG-272x182.webp 272w\" sizes=\"auto, (max-width: 1200px) 100vw, 1200px\" \/><\/a>\n\t\t\t<\/div><\/figure><figure class='gallery-item'>\n\t\t\t<div class='gallery-icon landscape'>\n\t\t\t\t<a href='https:\/\/d2p6e6u75xmxt8.cloudfront.net\/4\/2019\/09\/03.JPG.webp'><img loading=\"lazy\" decoding=\"async\" width=\"1200\" height=\"800\" src=\"https:\/\/d2p6e6u75xmxt8.cloudfront.net\/4\/2019\/09\/03.JPG.webp\" class=\"attachment-full size-full\" alt=\"\" srcset=\"https:\/\/d2p6e6u75xmxt8.cloudfront.net\/4\/2019\/09\/03.JPG.webp 1200w, https:\/\/d2p6e6u75xmxt8.cloudfront.net\/4\/2019\/09\/03.JPG-300x200.webp 300w, https:\/\/d2p6e6u75xmxt8.cloudfront.net\/4\/2019\/09\/03.JPG-1024x683.webp 1024w, https:\/\/d2p6e6u75xmxt8.cloudfront.net\/4\/2019\/09\/03.JPG-768x512.webp 768w, https:\/\/d2p6e6u75xmxt8.cloudfront.net\/4\/2019\/09\/03.JPG-272x182.webp 272w\" sizes=\"auto, (max-width: 1200px) 100vw, 1200px\" \/><\/a>\n\t\t\t<\/div><\/figure>\n\t\t<\/div>\n        \n<p>Mierne do kopca kr\u00e1snou pr\u00edrodou stret\u00e1m skupinky turistov \u010di v\u00fdletn\u00edkov, ve\u010f e\u0161te som bl\u00edzko Kanianky, tak je jasn\u00e9, \u017ee si mnoh\u00ed vy\u0161li na nede\u013en\u00fa prech\u00e1dzku. Prv\u00fd oddych si m\u00f4\u017eete dopria\u0165 pri oblasti zvanej Boh\u00e1tka, \u010do je vlastne n\u00e1zov miestnej chaty.<\/p>\n<div data-rows=\"1\" id='gallery-2' class='gallery-rows-1 gallery galleryid-8278 gallery-columns-2 gallery-size-full'><figure class='gallery-item'>\n\t\t\t<div class='gallery-icon landscape'>\n\t\t\t\t<a href='https:\/\/d2p6e6u75xmxt8.cloudfront.net\/4\/2019\/09\/04.JPG.webp'><img loading=\"lazy\" decoding=\"async\" width=\"1200\" height=\"800\" src=\"https:\/\/d2p6e6u75xmxt8.cloudfront.net\/4\/2019\/09\/04.JPG.webp\" class=\"attachment-full size-full\" alt=\"\" srcset=\"https:\/\/d2p6e6u75xmxt8.cloudfront.net\/4\/2019\/09\/04.JPG.webp 1200w, https:\/\/d2p6e6u75xmxt8.cloudfront.net\/4\/2019\/09\/04.JPG-300x200.webp 300w, https:\/\/d2p6e6u75xmxt8.cloudfront.net\/4\/2019\/09\/04.JPG-1024x683.webp 1024w, https:\/\/d2p6e6u75xmxt8.cloudfront.net\/4\/2019\/09\/04.JPG-768x512.webp 768w, https:\/\/d2p6e6u75xmxt8.cloudfront.net\/4\/2019\/09\/04.JPG-272x182.webp 272w\" sizes=\"auto, (max-width: 1200px) 100vw, 1200px\" \/><\/a>\n\t\t\t<\/div><\/figure><figure class='gallery-item'>\n\t\t\t<div class='gallery-icon landscape'>\n\t\t\t\t<a href='https:\/\/d2p6e6u75xmxt8.cloudfront.net\/4\/2019\/09\/05.JPG.webp'><img loading=\"lazy\" decoding=\"async\" width=\"1200\" height=\"800\" src=\"https:\/\/d2p6e6u75xmxt8.cloudfront.net\/4\/2019\/09\/05.JPG.webp\" class=\"attachment-full size-full\" alt=\"\" srcset=\"https:\/\/d2p6e6u75xmxt8.cloudfront.net\/4\/2019\/09\/05.JPG.webp 1200w, https:\/\/d2p6e6u75xmxt8.cloudfront.net\/4\/2019\/09\/05.JPG-300x200.webp 300w, https:\/\/d2p6e6u75xmxt8.cloudfront.net\/4\/2019\/09\/05.JPG-1024x683.webp 1024w, https:\/\/d2p6e6u75xmxt8.cloudfront.net\/4\/2019\/09\/05.JPG-768x512.webp 768w, https:\/\/d2p6e6u75xmxt8.cloudfront.net\/4\/2019\/09\/05.JPG-272x182.webp 272w\" sizes=\"auto, (max-width: 1200px) 100vw, 1200px\" \/><\/a>\n\t\t\t<\/div><\/figure>\n\t\t<\/div>\n        \n<p>Od smerovn\u00edka Boh\u00e1tka som sa dal <strong>po \u017eltej zna\u010dke smerom na \u0160\u00fatovsk\u00e9 sedlo<\/strong>, \u010do je tie\u017e jedno z\u00a0ob\u013e\u00faben\u00fdch v\u00fdletn\u00fdch miest, o\u00a0\u010dom som sa \u010doskoro presved\u010dil. Oddychov\u00e9 sedenie bolo pln\u00e9 turistov a\u00a0na ohnisku sa veselo opekali \u0161peka\u010dky.<\/p>\n<p><a href=\"https:\/\/d2p6e6u75xmxt8.cloudfront.net\/4\/2019\/09\/06.JPG.jpg\"><img loading=\"lazy\" decoding=\"async\" src=\"https:\/\/d2p6e6u75xmxt8.cloudfront.net\/4\/2019\/09\/06.JPG.jpg\" alt=\"\" width=\"1200\" height=\"800\" class=\"alignnone size-full wp-image-8284\" \/><\/a><\/p>\n<p>Na lesnej kri\u017eovatke k\u00fasok nad sedlom som sa pustil doprava na smer Ve\u013ek\u00e9 brezy, \u010do je naozaj len o\u00a0k\u00fasok \u010falej, ale tam si treba vybra\u0165, \u010di sa d\u00e1te po \u010dervenej zna\u010dke priamo hore na Maguru, \u010do je teda riadne st\u00fapanie, alebo ako ja &#8211; zvol\u00edte rad\u0161ej miernej\u0161\u00ed kopec po \u017eltej zna\u010dke na Ple\u0161inu.<\/p>\n<div data-rows=\"1\" id='gallery-3' class='gallery-rows-1 gallery galleryid-8278 gallery-columns-2 gallery-size-full'><figure class='gallery-item'>\n\t\t\t<div class='gallery-icon landscape'>\n\t\t\t\t<a href='https:\/\/d2p6e6u75xmxt8.cloudfront.net\/4\/2019\/09\/07.JPG.webp'><img loading=\"lazy\" decoding=\"async\" width=\"1200\" height=\"800\" src=\"https:\/\/d2p6e6u75xmxt8.cloudfront.net\/4\/2019\/09\/07.JPG.webp\" class=\"attachment-full size-full\" alt=\"\" srcset=\"https:\/\/d2p6e6u75xmxt8.cloudfront.net\/4\/2019\/09\/07.JPG.webp 1200w, https:\/\/d2p6e6u75xmxt8.cloudfront.net\/4\/2019\/09\/07.JPG-300x200.webp 300w, https:\/\/d2p6e6u75xmxt8.cloudfront.net\/4\/2019\/09\/07.JPG-1024x683.webp 1024w, https:\/\/d2p6e6u75xmxt8.cloudfront.net\/4\/2019\/09\/07.JPG-768x512.webp 768w, https:\/\/d2p6e6u75xmxt8.cloudfront.net\/4\/2019\/09\/07.JPG-272x182.webp 272w\" sizes=\"auto, (max-width: 1200px) 100vw, 1200px\" \/><\/a>\n\t\t\t<\/div><\/figure><figure class='gallery-item'>\n\t\t\t<div class='gallery-icon landscape'>\n\t\t\t\t<a href='https:\/\/d2p6e6u75xmxt8.cloudfront.net\/4\/2019\/09\/08.JPG.webp'><img loading=\"lazy\" decoding=\"async\" width=\"1200\" height=\"800\" src=\"https:\/\/d2p6e6u75xmxt8.cloudfront.net\/4\/2019\/09\/08.JPG.webp\" class=\"attachment-full size-full\" alt=\"\" srcset=\"https:\/\/d2p6e6u75xmxt8.cloudfront.net\/4\/2019\/09\/08.JPG.webp 1200w, https:\/\/d2p6e6u75xmxt8.cloudfront.net\/4\/2019\/09\/08.JPG-300x200.webp 300w, https:\/\/d2p6e6u75xmxt8.cloudfront.net\/4\/2019\/09\/08.JPG-1024x683.webp 1024w, https:\/\/d2p6e6u75xmxt8.cloudfront.net\/4\/2019\/09\/08.JPG-768x512.webp 768w, https:\/\/d2p6e6u75xmxt8.cloudfront.net\/4\/2019\/09\/08.JPG-272x182.webp 272w\" sizes=\"auto, (max-width: 1200px) 100vw, 1200px\" \/><\/a>\n\t\t\t<\/div><\/figure>\n\t\t<\/div>\n        \n<p>Po chv\u00edli predsa len kontrolujem na mape svoje rozhodnutie, ale zis\u0165ujem, \u017ee je to s\u00edce o\u00a0k\u00fasok dlh\u0161ia trasa, ale po vrstevnici, tak\u017ee to <strong>st\u00fapanie nebude tak\u00e9 zni\u010duj\u00face<\/strong> a\u00a0mus\u00edm sa predsa \u0161etri\u0165, e\u0161te som len na za\u010diatku cesty.<\/p>\n<p><a href=\"https:\/\/d2p6e6u75xmxt8.cloudfront.net\/4\/2019\/09\/09.JPG.jpg\"><img loading=\"lazy\" decoding=\"async\" src=\"https:\/\/d2p6e6u75xmxt8.cloudfront.net\/4\/2019\/09\/09.JPG.jpg\" alt=\"\" width=\"1200\" height=\"800\" class=\"alignnone size-full wp-image-8287\" \/><\/a><\/p>\n<p>Dost\u00e1vam sa na \u010distinku, kde naozaj v\u00e1ham, ktor\u00fd smer je ten prav\u00fd. K\u00fasok z\u00e1jdem doprava, ale ten smer sa mi nepozd\u00e1va a\u00a0\u017eiadne zna\u010denie nenach\u00e1dzam. Vr\u00e1tim sa na \u010distinku a\u00a0vyber\u00e1m sa prv\u00fdm strm\u00fdm st\u00fapan\u00edm v\u00a0dne\u0161n\u00fd de\u0148, ke\u010f mus\u00edm v\u00a0polovici zosadn\u00fa\u0165 a\u00a0tla\u010di\u0165, preto\u017ee na piesku mi koles\u00e1 pre\u0161mykuj\u00fa.<\/p>\n<p><a href=\"https:\/\/d2p6e6u75xmxt8.cloudfront.net\/4\/2019\/09\/10.JPG.jpg\"><img loading=\"lazy\" decoding=\"async\" src=\"https:\/\/d2p6e6u75xmxt8.cloudfront.net\/4\/2019\/09\/10.JPG.jpg\" alt=\"\" width=\"1200\" height=\"800\" class=\"alignnone size-full wp-image-8288\" \/><\/a><\/p>\n<p>Prich\u00e1dzam na \u010fal\u0161iu kri\u017eovatku, kde kone\u010dne nach\u00e1dzam turistick\u00e9 zna\u010denie a\u00a0zis\u0165ujem, \u017ee vlastne tu sa nap\u00e1jam na p\u00f4vodn\u00fa \u010derven\u00fa zna\u010dku, ktorej som sa vyhol miernej\u0161\u00edm st\u00fapan\u00edm.<\/p>\n<div data-rows=\"1\" id='gallery-4' class='gallery-rows-1 gallery galleryid-8278 gallery-columns-2 gallery-size-full'><figure class='gallery-item'>\n\t\t\t<div class='gallery-icon landscape'>\n\t\t\t\t<a href='https:\/\/d2p6e6u75xmxt8.cloudfront.net\/4\/2019\/09\/11.JPG.webp'><img loading=\"lazy\" decoding=\"async\" width=\"1200\" height=\"800\" src=\"https:\/\/d2p6e6u75xmxt8.cloudfront.net\/4\/2019\/09\/11.JPG.webp\" class=\"attachment-full size-full\" alt=\"\" srcset=\"https:\/\/d2p6e6u75xmxt8.cloudfront.net\/4\/2019\/09\/11.JPG.webp 1200w, https:\/\/d2p6e6u75xmxt8.cloudfront.net\/4\/2019\/09\/11.JPG-300x200.webp 300w, https:\/\/d2p6e6u75xmxt8.cloudfront.net\/4\/2019\/09\/11.JPG-1024x683.webp 1024w, https:\/\/d2p6e6u75xmxt8.cloudfront.net\/4\/2019\/09\/11.JPG-768x512.webp 768w, https:\/\/d2p6e6u75xmxt8.cloudfront.net\/4\/2019\/09\/11.JPG-272x182.webp 272w\" sizes=\"auto, (max-width: 1200px) 100vw, 1200px\" \/><\/a>\n\t\t\t<\/div><\/figure><figure class='gallery-item'>\n\t\t\t<div class='gallery-icon landscape'>\n\t\t\t\t<a href='https:\/\/d2p6e6u75xmxt8.cloudfront.net\/4\/2019\/09\/12.JPG.webp'><img loading=\"lazy\" decoding=\"async\" width=\"1200\" height=\"800\" src=\"https:\/\/d2p6e6u75xmxt8.cloudfront.net\/4\/2019\/09\/12.JPG.webp\" class=\"attachment-full size-full\" alt=\"\" srcset=\"https:\/\/d2p6e6u75xmxt8.cloudfront.net\/4\/2019\/09\/12.JPG.webp 1200w, https:\/\/d2p6e6u75xmxt8.cloudfront.net\/4\/2019\/09\/12.JPG-300x200.webp 300w, https:\/\/d2p6e6u75xmxt8.cloudfront.net\/4\/2019\/09\/12.JPG-1024x683.webp 1024w, https:\/\/d2p6e6u75xmxt8.cloudfront.net\/4\/2019\/09\/12.JPG-768x512.webp 768w, https:\/\/d2p6e6u75xmxt8.cloudfront.net\/4\/2019\/09\/12.JPG-272x182.webp 272w\" sizes=\"auto, (max-width: 1200px) 100vw, 1200px\" \/><\/a>\n\t\t\t<\/div><\/figure>\n\t\t<\/div>\n        \n<p>V\u00fd\u0161ku 822 metrov dosahujem pri mieste zvanom Pansk\u00fd h\u00e1j a\u00a0chv\u00ed\u013eu uva\u017eujem, pre\u010do ten n\u00e1zov, ale prich\u00e1dzam k\u00a0z\u00e1veru, \u017ee to bola v\u00a0minulosti nejak\u00e1 hora patriaca asi gr\u00f3fovi P\u00e1lffymu z\u00a0ne\u010falek\u00fdch Bojn\u00edc.<\/p>\n<div data-rows=\"1\" id='gallery-5' class='gallery-rows-1 gallery galleryid-8278 gallery-columns-2 gallery-size-full'><figure class='gallery-item'>\n\t\t\t<div class='gallery-icon landscape'>\n\t\t\t\t<a href='https:\/\/d2p6e6u75xmxt8.cloudfront.net\/4\/2019\/09\/13.JPG.webp'><img loading=\"lazy\" decoding=\"async\" width=\"1200\" height=\"800\" src=\"https:\/\/d2p6e6u75xmxt8.cloudfront.net\/4\/2019\/09\/13.JPG.webp\" class=\"attachment-full size-full\" alt=\"\" srcset=\"https:\/\/d2p6e6u75xmxt8.cloudfront.net\/4\/2019\/09\/13.JPG.webp 1200w, https:\/\/d2p6e6u75xmxt8.cloudfront.net\/4\/2019\/09\/13.JPG-300x200.webp 300w, https:\/\/d2p6e6u75xmxt8.cloudfront.net\/4\/2019\/09\/13.JPG-1024x683.webp 1024w, https:\/\/d2p6e6u75xmxt8.cloudfront.net\/4\/2019\/09\/13.JPG-768x512.webp 768w, https:\/\/d2p6e6u75xmxt8.cloudfront.net\/4\/2019\/09\/13.JPG-272x182.webp 272w\" sizes=\"auto, (max-width: 1200px) 100vw, 1200px\" \/><\/a>\n\t\t\t<\/div><\/figure><figure class='gallery-item'>\n\t\t\t<div class='gallery-icon landscape'>\n\t\t\t\t<a href='https:\/\/d2p6e6u75xmxt8.cloudfront.net\/4\/2019\/09\/14.JPG.webp'><img loading=\"lazy\" decoding=\"async\" width=\"1200\" height=\"800\" src=\"https:\/\/d2p6e6u75xmxt8.cloudfront.net\/4\/2019\/09\/14.JPG.webp\" class=\"attachment-full size-full\" alt=\"\" srcset=\"https:\/\/d2p6e6u75xmxt8.cloudfront.net\/4\/2019\/09\/14.JPG.webp 1200w, https:\/\/d2p6e6u75xmxt8.cloudfront.net\/4\/2019\/09\/14.JPG-300x200.webp 300w, https:\/\/d2p6e6u75xmxt8.cloudfront.net\/4\/2019\/09\/14.JPG-1024x683.webp 1024w, https:\/\/d2p6e6u75xmxt8.cloudfront.net\/4\/2019\/09\/14.JPG-768x512.webp 768w, https:\/\/d2p6e6u75xmxt8.cloudfront.net\/4\/2019\/09\/14.JPG-272x182.webp 272w\" sizes=\"auto, (max-width: 1200px) 100vw, 1200px\" \/><\/a>\n\t\t\t<\/div><\/figure>\n\t\t<\/div>\n        \n<p>Od tejto chv\u00edle sa p\u00e1rkr\u00e1t men\u00ed n\u00e1lada cel\u00e9ho lesa, lebo sa strieda listnat\u00fd les s\u00a0ihli\u010dnat\u00fdm a\u00a0<strong>miestami je to tu skuto\u010dne tajomn\u00e9<\/strong>. K\u00fasok ma sprev\u00e1dzali aj zvedav\u00e9 srnky, ale nepodarilo sa mi ich odfoti\u0165, preto\u017ee p\u00fazdro na mobil m\u00e1 zap\u00ednanie na such\u00fd zips a\u00a0ten zvuk ich dokonale odpla\u0161il.<\/p>\n<p><a href=\"https:\/\/d2p6e6u75xmxt8.cloudfront.net\/4\/2019\/09\/15.JPG.jpg\"><img loading=\"lazy\" decoding=\"async\" src=\"https:\/\/d2p6e6u75xmxt8.cloudfront.net\/4\/2019\/09\/15.JPG.jpg\" alt=\"\" width=\"1200\" height=\"800\" class=\"alignnone size-full wp-image-8293\" \/><\/a><\/p>\n<p>Na mieste zvanom Bo\u0161kovie laz ne\u010dakane stret\u00e1m skupinku cyklistov, ktor\u00ed sem pri\u0161li v\u00a0opa\u010dnom smere z\u00a0\u010cavoja. Nezdr\u017e\u00edm sa dlho a\u00a0smerujem strm\u00fdm zjazdom dolu, no po chv\u00edli brzd\u00edm, lebo ma zaujal <strong>star\u00fd b\u00fat\u013eav\u00fd strom<\/strong>, ktor\u00fd tu ostal len v\u010faka tomu, \u017ee je na \u0148om turistick\u00e1 zna\u010dka. <strong>P\u00f4sob\u00ed \u010darovn\u00fdm dojmom ako z\u00a0rozpr\u00e1vky<\/strong> a\u00a0v\u00f4bec by som nebol prekvapen\u00fd, keby sa po chv\u00edli zdvihol a\u00a0odkr\u00e1\u010dal pre\u010d.<\/p>\n<p><a href=\"https:\/\/d2p6e6u75xmxt8.cloudfront.net\/4\/2019\/09\/16.JPG.jpg\"><img loading=\"lazy\" decoding=\"async\" src=\"https:\/\/d2p6e6u75xmxt8.cloudfront.net\/4\/2019\/09\/16.JPG.jpg\" alt=\"\" width=\"1200\" height=\"800\" class=\"alignnone size-full wp-image-8294\" \/><\/a><\/p>\n<p>V\u00a0jednom momente sa dost\u00e1vam na miesto, kde je kr\u00e1sny v\u00fdh\u013ead do dia\u013eky a\u00a0s prekvapen\u00edm zis\u0165ujem, \u017ee t\u00e1 vzdialen\u00e1 vodn\u00e1 plocha je priehrada v\u00a0Nitrianskom Rudne.<\/p>\n<p><a href=\"https:\/\/d2p6e6u75xmxt8.cloudfront.net\/4\/2019\/09\/17.JPG.jpg\"><img loading=\"lazy\" decoding=\"async\" src=\"https:\/\/d2p6e6u75xmxt8.cloudfront.net\/4\/2019\/09\/17.JPG.jpg\" alt=\"\" width=\"1200\" height=\"800\" class=\"alignnone size-full wp-image-8295\" \/><\/a><\/p>\n<p>Prich\u00e1dzam ku kr\u00ed\u017eu nad obcou Kanianka a\u00a0zapisujem sa do knihy n\u00e1v\u0161tev.<\/p>\n<div data-rows=\"1\" id='gallery-6' class='gallery-rows-1 gallery galleryid-8278 gallery-columns-2 gallery-size-full'><figure class='gallery-item'>\n\t\t\t<div class='gallery-icon landscape'>\n\t\t\t\t<a href='https:\/\/d2p6e6u75xmxt8.cloudfront.net\/4\/2019\/09\/18.JPG.webp'><img loading=\"lazy\" decoding=\"async\" width=\"1200\" height=\"800\" src=\"https:\/\/d2p6e6u75xmxt8.cloudfront.net\/4\/2019\/09\/18.JPG.webp\" class=\"attachment-full size-full\" alt=\"\" srcset=\"https:\/\/d2p6e6u75xmxt8.cloudfront.net\/4\/2019\/09\/18.JPG.webp 1200w, https:\/\/d2p6e6u75xmxt8.cloudfront.net\/4\/2019\/09\/18.JPG-300x200.webp 300w, https:\/\/d2p6e6u75xmxt8.cloudfront.net\/4\/2019\/09\/18.JPG-1024x683.webp 1024w, https:\/\/d2p6e6u75xmxt8.cloudfront.net\/4\/2019\/09\/18.JPG-768x512.webp 768w, https:\/\/d2p6e6u75xmxt8.cloudfront.net\/4\/2019\/09\/18.JPG-272x182.webp 272w\" sizes=\"auto, (max-width: 1200px) 100vw, 1200px\" \/><\/a>\n\t\t\t<\/div><\/figure><figure class='gallery-item'>\n\t\t\t<div class='gallery-icon landscape'>\n\t\t\t\t<a href='https:\/\/d2p6e6u75xmxt8.cloudfront.net\/4\/2019\/09\/19.JPG.webp'><img loading=\"lazy\" decoding=\"async\" width=\"1200\" height=\"800\" src=\"https:\/\/d2p6e6u75xmxt8.cloudfront.net\/4\/2019\/09\/19.JPG.webp\" class=\"attachment-full size-full\" alt=\"\" srcset=\"https:\/\/d2p6e6u75xmxt8.cloudfront.net\/4\/2019\/09\/19.JPG.webp 1200w, https:\/\/d2p6e6u75xmxt8.cloudfront.net\/4\/2019\/09\/19.JPG-300x200.webp 300w, https:\/\/d2p6e6u75xmxt8.cloudfront.net\/4\/2019\/09\/19.JPG-1024x683.webp 1024w, https:\/\/d2p6e6u75xmxt8.cloudfront.net\/4\/2019\/09\/19.JPG-768x512.webp 768w, https:\/\/d2p6e6u75xmxt8.cloudfront.net\/4\/2019\/09\/19.JPG-272x182.webp 272w\" sizes=\"auto, (max-width: 1200px) 100vw, 1200px\" \/><\/a>\n\t\t\t<\/div><\/figure>\n\t\t<\/div>\n        \n<p>Posledn\u00e1 zast\u00e1vka pred dosiahnut\u00edm cie\u013ea mojej cesty je vo v\u00fd\u0161ke 1 034 m na mieste zvanom <strong>Polianky<\/strong> a\u00a0je tu <strong>kr\u00e1sny v\u00fdh\u013ead na okolie<\/strong>.<\/p>\n<p><a href=\"https:\/\/d2p6e6u75xmxt8.cloudfront.net\/4\/2019\/09\/20.JPG.jpg\"><img loading=\"lazy\" decoding=\"async\" src=\"https:\/\/d2p6e6u75xmxt8.cloudfront.net\/4\/2019\/09\/20.JPG.jpg\" alt=\"\" width=\"1200\" height=\"800\" class=\"alignnone size-full wp-image-8298\" \/><\/a><\/p>\n<p>Kamenistou lesnou cesti\u010dkou popod stromy prich\u00e1dzam kone\u010dne na vrchol Magury. Posed\u00edm v\u00a0tichu lesa, nie\u010do zjem a\u00a0chyst\u00e1m sa na dlh\u00fd zjazd dolu do Poruby.<\/p>\n<div data-rows=\"1\" id='gallery-7' class='gallery-rows-1 gallery galleryid-8278 gallery-columns-2 gallery-size-full'><figure class='gallery-item'>\n\t\t\t<div class='gallery-icon landscape'>\n\t\t\t\t<a href='https:\/\/d2p6e6u75xmxt8.cloudfront.net\/4\/2019\/09\/21.JPG.webp'><img loading=\"lazy\" decoding=\"async\" width=\"1200\" height=\"800\" src=\"https:\/\/d2p6e6u75xmxt8.cloudfront.net\/4\/2019\/09\/21.JPG.webp\" class=\"attachment-full size-full\" alt=\"\" srcset=\"https:\/\/d2p6e6u75xmxt8.cloudfront.net\/4\/2019\/09\/21.JPG.webp 1200w, https:\/\/d2p6e6u75xmxt8.cloudfront.net\/4\/2019\/09\/21.JPG-300x200.webp 300w, https:\/\/d2p6e6u75xmxt8.cloudfront.net\/4\/2019\/09\/21.JPG-1024x683.webp 1024w, https:\/\/d2p6e6u75xmxt8.cloudfront.net\/4\/2019\/09\/21.JPG-768x512.webp 768w, https:\/\/d2p6e6u75xmxt8.cloudfront.net\/4\/2019\/09\/21.JPG-272x182.webp 272w\" sizes=\"auto, (max-width: 1200px) 100vw, 1200px\" \/><\/a>\n\t\t\t<\/div><\/figure><figure class='gallery-item'>\n\t\t\t<div class='gallery-icon landscape'>\n\t\t\t\t<a href='https:\/\/d2p6e6u75xmxt8.cloudfront.net\/4\/2019\/09\/22.JPG.webp'><img loading=\"lazy\" decoding=\"async\" width=\"1200\" height=\"800\" src=\"https:\/\/d2p6e6u75xmxt8.cloudfront.net\/4\/2019\/09\/22.JPG.webp\" class=\"attachment-full size-full\" alt=\"\" srcset=\"https:\/\/d2p6e6u75xmxt8.cloudfront.net\/4\/2019\/09\/22.JPG.webp 1200w, https:\/\/d2p6e6u75xmxt8.cloudfront.net\/4\/2019\/09\/22.JPG-300x200.webp 300w, https:\/\/d2p6e6u75xmxt8.cloudfront.net\/4\/2019\/09\/22.JPG-1024x683.webp 1024w, https:\/\/d2p6e6u75xmxt8.cloudfront.net\/4\/2019\/09\/22.JPG-768x512.webp 768w, https:\/\/d2p6e6u75xmxt8.cloudfront.net\/4\/2019\/09\/22.JPG-272x182.webp 272w\" sizes=\"auto, (max-width: 1200px) 100vw, 1200px\" \/><\/a>\n\t\t\t<\/div><\/figure>\n\t\t<\/div>\n        \n<p>Cez Porubu a\u00a0Kanianku sa vraciam domov a\u00a0napriek tomu, \u017ee som niektor\u00e9 \u00faseky z\u00a0bicykla zi\u0161iel, preto\u017ee bu\u010f bol povrch cesty pr\u00edli\u0161 sypk\u00fd alebo ve\u013emi kamenist\u00fd, aj tak sa c\u00edtim skvele, \u017ee som kone\u010dne Maguru zdolal.<\/p>\n","protected":false},"excerpt":{"rendered":"<p>Vrchov a\u00a0kopcov s\u00a0t\u00fdmto n\u00e1zvom je na Slovensku nieko\u013eko, ale ja som sa vybral na Maguru patriacu do oblasti Str\u00e1\u017eovsk\u00fdch vrchov [&hellip;]<\/p>\n","protected":false},"author":38,"featured_media":8301,"comment_status":"open","ping_status":"open","sticky":false,"template":"","format":"standard","meta":{"footnotes":""},"categories":[3],"tags":[619,597,916,303,180,532,1138,412,192,523,1139,741,318,508,172],"global-categories":[],"class_list":["post-8278","post","type-post","status-publish","format-standard","has-post-thumbnail","hentry","category-mtb","tag-bicyklovanie","tag-cyklista","tag-cyklisticka-destinacia","tag-down-hill","tag-horska-cyklistika","tag-jazdenie","tag-magura","tag-mtb","tag-rozjazd","tag-slovensko","tag-strazovske-vrchy","tag-tip-na-vylet","tag-vyjazd","tag-vylet","tag-zjazd"],"yoast_head":"<!-- This site is optimized with the Yoast SEO Premium plugin v25.3 (Yoast SEO v25.9) - https:\/\/yoast.com\/wordpress\/plugins\/seo\/ -->\n<title>Tip na v\u00fdlet \u2013 Magura je kr\u00e1sna aj bez v\u00fdh\u013eadu - \u0160koda We Love Cycling Slovensko<\/title>\n<meta name=\"robots\" content=\"index, follow, max-snippet:-1, max-image-preview:large, max-video-preview:-1\" \/>\n<link rel=\"canonical\" href=\"https:\/\/www.welovecycling.com\/sk\/2019\/09\/20\/tip-na-vylet-magura-je-krasna-aj-bez-vyhladu\/\" \/>\n<meta property=\"og:locale\" content=\"sk_SK\" \/>\n<meta property=\"og:type\" content=\"article\" \/>\n<meta property=\"og:title\" content=\"Tip na v\u00fdlet \u2013 Magura je kr\u00e1sna aj bez v\u00fdh\u013eadu\" \/>\n<meta property=\"og:description\" content=\"Vrchov a\u00a0kopcov s\u00a0t\u00fdmto n\u00e1zvom je na Slovensku nieko\u013eko, ale ja som sa vybral na Maguru patriacu do oblasti Str\u00e1\u017eovsk\u00fdch vrchov [&hellip;]\" \/>\n<meta property=\"og:url\" content=\"https:\/\/www.welovecycling.com\/sk\/2019\/09\/20\/tip-na-vylet-magura-je-krasna-aj-bez-vyhladu\/\" \/>\n<meta property=\"og:site_name\" content=\"\u0160koda We Love Cycling Slovensko\" \/>\n<meta property=\"article:published_time\" content=\"2019-09-20T08:47:12+00:00\" \/>\n<meta property=\"article:modified_time\" content=\"2019-09-20T10:54:47+00:00\" \/>\n<meta property=\"og:image\" content=\"https:\/\/d2p6e6u75xmxt8.cloudfront.net\/4\/2019\/09\/titulka.JPG.webp\" \/>\n\t<meta property=\"og:image:width\" content=\"1380\" \/>\n\t<meta property=\"og:image:height\" content=\"600\" \/>\n\t<meta property=\"og:image:type\" content=\"image\/webp\" \/>\n<meta name=\"author\" content=\"Ondrej Ga\u0161par\" \/>\n<meta name=\"twitter:card\" content=\"summary_large_image\" \/>\n<meta name=\"twitter:label1\" content=\"Written by\" \/>\n\t<meta name=\"twitter:data1\" content=\"Radovan Vr\u0161ka\" \/>\n\t<meta name=\"twitter:label2\" content=\"Est. reading time\" \/>\n\t<meta name=\"twitter:data2\" content=\"5\" \/>\n<script type=\"application\/ld+json\" class=\"yoast-schema-graph\">{\"@context\":\"https:\/\/schema.org\",\"@graph\":[{\"@type\":\"WebPage\",\"@id\":\"https:\/\/www.welovecycling.com\/sk\/2019\/09\/20\/tip-na-vylet-magura-je-krasna-aj-bez-vyhladu\/\",\"url\":\"https:\/\/www.welovecycling.com\/sk\/2019\/09\/20\/tip-na-vylet-magura-je-krasna-aj-bez-vyhladu\/\",\"name\":\"Tip na v\u00fdlet \u2013 Magura je kr\u00e1sna aj bez v\u00fdh\u013eadu - \u0160koda We Love Cycling Slovensko\",\"isPartOf\":{\"@id\":\"https:\/\/www.welovecycling.com\/sk\/#website\"},\"primaryImageOfPage\":{\"@id\":\"https:\/\/www.welovecycling.com\/sk\/2019\/09\/20\/tip-na-vylet-magura-je-krasna-aj-bez-vyhladu\/#primaryimage\"},\"image\":{\"@id\":\"https:\/\/www.welovecycling.com\/sk\/2019\/09\/20\/tip-na-vylet-magura-je-krasna-aj-bez-vyhladu\/#primaryimage\"},\"thumbnailUrl\":\"https:\/\/d2p6e6u75xmxt8.cloudfront.net\/4\/2019\/09\/titulka.JPG.webp\",\"datePublished\":\"2019-09-20T08:47:12+00:00\",\"dateModified\":\"2019-09-20T10:54:47+00:00\",\"author\":{\"@id\":\"https:\/\/www.welovecycling.com\/sk\/#\/schema\/person\/8ee09ba39b7e25b1870160aa5b3a89bc\"},\"breadcrumb\":{\"@id\":\"https:\/\/www.welovecycling.com\/sk\/2019\/09\/20\/tip-na-vylet-magura-je-krasna-aj-bez-vyhladu\/#breadcrumb\"},\"inLanguage\":\"sk-SK\",\"potentialAction\":[{\"@type\":\"ReadAction\",\"target\":[\"https:\/\/www.welovecycling.com\/sk\/2019\/09\/20\/tip-na-vylet-magura-je-krasna-aj-bez-vyhladu\/\"]}]},{\"@type\":\"ImageObject\",\"inLanguage\":\"sk-SK\",\"@id\":\"https:\/\/www.welovecycling.com\/sk\/2019\/09\/20\/tip-na-vylet-magura-je-krasna-aj-bez-vyhladu\/#primaryimage\",\"url\":\"https:\/\/d2p6e6u75xmxt8.cloudfront.net\/4\/2019\/09\/titulka.JPG.webp\",\"contentUrl\":\"https:\/\/d2p6e6u75xmxt8.cloudfront.net\/4\/2019\/09\/titulka.JPG.webp\",\"width\":1380,\"height\":600},{\"@type\":\"BreadcrumbList\",\"@id\":\"https:\/\/www.welovecycling.com\/sk\/2019\/09\/20\/tip-na-vylet-magura-je-krasna-aj-bez-vyhladu\/#breadcrumb\",\"itemListElement\":[{\"@type\":\"ListItem\",\"position\":1,\"name\":\"Home\",\"item\":\"https:\/\/www.welovecycling.com\/sk\/\"},{\"@type\":\"ListItem\",\"position\":2,\"name\":\"Tip na v\u00fdlet \u2013 Magura je kr\u00e1sna aj bez v\u00fdh\u013eadu\"}]},{\"@type\":\"WebSite\",\"@id\":\"https:\/\/www.welovecycling.com\/sk\/#website\",\"url\":\"https:\/\/www.welovecycling.com\/sk\/\",\"name\":\"\u0160koda We Love Cycling Slovensko\",\"description\":\"\u0160koda We Love Cycling Slovensko je v\u00e1\u0161 ka\u017edodenn\u00fd zdroj noviniek a in\u0161pir\u00e1cie z sveta cyklistiky\",\"potentialAction\":[{\"@type\":\"SearchAction\",\"target\":{\"@type\":\"EntryPoint\",\"urlTemplate\":\"https:\/\/www.welovecycling.com\/sk\/?s={search_term_string}\"},\"query-input\":{\"@type\":\"PropertyValueSpecification\",\"valueRequired\":true,\"valueName\":\"search_term_string\"}}],\"inLanguage\":\"sk-SK\"},{\"@type\":\"Person\",\"@id\":\"https:\/\/www.welovecycling.com\/sk\/#\/schema\/person\/8ee09ba39b7e25b1870160aa5b3a89bc\",\"name\":\"Ondrej Ga\u0161par\",\"image\":{\"@type\":\"ImageObject\",\"inLanguage\":\"sk-SK\",\"@id\":\"https:\/\/www.welovecycling.com\/sk\/#\/schema\/person\/image\/\",\"url\":\"https:\/\/secure.gravatar.com\/avatar\/6126c9afb87b70da5abbb083ddbb21933da15f18f8ca7cb822aba0fb096a48f6?s=96&d=mm&r=g\",\"contentUrl\":\"https:\/\/secure.gravatar.com\/avatar\/6126c9afb87b70da5abbb083ddbb21933da15f18f8ca7cb822aba0fb096a48f6?s=96&d=mm&r=g\",\"caption\":\"Ondrej Ga\u0161par\"},\"url\":\"https:\/\/www.welovecycling.com\/sk\/author\/ondrejgaspar\/\"}]}<\/script>\n<!-- \/ Yoast SEO Premium plugin. -->","yoast_head_json":{"title":"Tip na v\u00fdlet \u2013 Magura je kr\u00e1sna aj bez v\u00fdh\u013eadu - \u0160koda We Love Cycling Slovensko","robots":{"index":"index","follow":"follow","max-snippet":"max-snippet:-1","max-image-preview":"max-image-preview:large","max-video-preview":"max-video-preview:-1"},"canonical":"https:\/\/www.welovecycling.com\/sk\/2019\/09\/20\/tip-na-vylet-magura-je-krasna-aj-bez-vyhladu\/","og_locale":"sk_SK","og_type":"article","og_title":"Tip na v\u00fdlet \u2013 Magura je kr\u00e1sna aj bez v\u00fdh\u013eadu","og_description":"Vrchov a\u00a0kopcov s\u00a0t\u00fdmto n\u00e1zvom je na Slovensku nieko\u013eko, ale ja som sa vybral na Maguru patriacu do oblasti Str\u00e1\u017eovsk\u00fdch vrchov [&hellip;]","og_url":"https:\/\/www.welovecycling.com\/sk\/2019\/09\/20\/tip-na-vylet-magura-je-krasna-aj-bez-vyhladu\/","og_site_name":"\u0160koda We Love Cycling Slovensko","article_published_time":"2019-09-20T08:47:12+00:00","article_modified_time":"2019-09-20T10:54:47+00:00","og_image":[{"width":1380,"height":600,"url":"https:\/\/d2p6e6u75xmxt8.cloudfront.net\/4\/2019\/09\/titulka.JPG.webp","type":"image\/webp"}],"author":"Ondrej Ga\u0161par","twitter_card":"summary_large_image","twitter_misc":{"Written by":"Radovan Vr\u0161ka","Est. reading time":"5"},"schema":{"@context":"https:\/\/schema.org","@graph":[{"@type":"WebPage","@id":"https:\/\/www.welovecycling.com\/sk\/2019\/09\/20\/tip-na-vylet-magura-je-krasna-aj-bez-vyhladu\/","url":"https:\/\/www.welovecycling.com\/sk\/2019\/09\/20\/tip-na-vylet-magura-je-krasna-aj-bez-vyhladu\/","name":"Tip na v\u00fdlet \u2013 Magura je kr\u00e1sna aj bez v\u00fdh\u013eadu - \u0160koda We Love Cycling Slovensko","isPartOf":{"@id":"https:\/\/www.welovecycling.com\/sk\/#website"},"primaryImageOfPage":{"@id":"https:\/\/www.welovecycling.com\/sk\/2019\/09\/20\/tip-na-vylet-magura-je-krasna-aj-bez-vyhladu\/#primaryimage"},"image":{"@id":"https:\/\/www.welovecycling.com\/sk\/2019\/09\/20\/tip-na-vylet-magura-je-krasna-aj-bez-vyhladu\/#primaryimage"},"thumbnailUrl":"https:\/\/d2p6e6u75xmxt8.cloudfront.net\/4\/2019\/09\/titulka.JPG.webp","datePublished":"2019-09-20T08:47:12+00:00","dateModified":"2019-09-20T10:54:47+00:00","author":{"@id":"https:\/\/www.welovecycling.com\/sk\/#\/schema\/person\/8ee09ba39b7e25b1870160aa5b3a89bc"},"breadcrumb":{"@id":"https:\/\/www.welovecycling.com\/sk\/2019\/09\/20\/tip-na-vylet-magura-je-krasna-aj-bez-vyhladu\/#breadcrumb"},"inLanguage":"sk-SK","potentialAction":[{"@type":"ReadAction","target":["https:\/\/www.welovecycling.com\/sk\/2019\/09\/20\/tip-na-vylet-magura-je-krasna-aj-bez-vyhladu\/"]}]},{"@type":"ImageObject","inLanguage":"sk-SK","@id":"https:\/\/www.welovecycling.com\/sk\/2019\/09\/20\/tip-na-vylet-magura-je-krasna-aj-bez-vyhladu\/#primaryimage","url":"https:\/\/d2p6e6u75xmxt8.cloudfront.net\/4\/2019\/09\/titulka.JPG.webp","contentUrl":"https:\/\/d2p6e6u75xmxt8.cloudfront.net\/4\/2019\/09\/titulka.JPG.webp","width":1380,"height":600},{"@type":"BreadcrumbList","@id":"https:\/\/www.welovecycling.com\/sk\/2019\/09\/20\/tip-na-vylet-magura-je-krasna-aj-bez-vyhladu\/#breadcrumb","itemListElement":[{"@type":"ListItem","position":1,"name":"Home","item":"https:\/\/www.welovecycling.com\/sk\/"},{"@type":"ListItem","position":2,"name":"Tip na v\u00fdlet \u2013 Magura je kr\u00e1sna aj bez v\u00fdh\u013eadu"}]},{"@type":"WebSite","@id":"https:\/\/www.welovecycling.com\/sk\/#website","url":"https:\/\/www.welovecycling.com\/sk\/","name":"\u0160koda We Love Cycling Slovensko","description":"\u0160koda We Love Cycling Slovensko je v\u00e1\u0161 ka\u017edodenn\u00fd zdroj noviniek a in\u0161pir\u00e1cie z sveta cyklistiky","potentialAction":[{"@type":"SearchAction","target":{"@type":"EntryPoint","urlTemplate":"https:\/\/www.welovecycling.com\/sk\/?s={search_term_string}"},"query-input":{"@type":"PropertyValueSpecification","valueRequired":true,"valueName":"search_term_string"}}],"inLanguage":"sk-SK"},{"@type":"Person","@id":"https:\/\/www.welovecycling.com\/sk\/#\/schema\/person\/8ee09ba39b7e25b1870160aa5b3a89bc","name":"Ondrej Ga\u0161par","image":{"@type":"ImageObject","inLanguage":"sk-SK","@id":"https:\/\/www.welovecycling.com\/sk\/#\/schema\/person\/image\/","url":"https:\/\/secure.gravatar.com\/avatar\/6126c9afb87b70da5abbb083ddbb21933da15f18f8ca7cb822aba0fb096a48f6?s=96&d=mm&r=g","contentUrl":"https:\/\/secure.gravatar.com\/avatar\/6126c9afb87b70da5abbb083ddbb21933da15f18f8ca7cb822aba0fb096a48f6?s=96&d=mm&r=g","caption":"Ondrej Ga\u0161par"},"url":"https:\/\/www.welovecycling.com\/sk\/author\/ondrejgaspar\/"}]}},"_links":{"self":[{"href":"https:\/\/www.welovecycling.com\/sk\/wp-json\/wp\/v2\/posts\/8278","targetHints":{"allow":["GET"]}}],"collection":[{"href":"https:\/\/www.welovecycling.com\/sk\/wp-json\/wp\/v2\/posts"}],"about":[{"href":"https:\/\/www.welovecycling.com\/sk\/wp-json\/wp\/v2\/types\/post"}],"author":[{"embeddable":true,"href":"https:\/\/www.welovecycling.com\/sk\/wp-json\/wp\/v2\/users\/38"}],"replies":[{"embeddable":true,"href":"https:\/\/www.welovecycling.com\/sk\/wp-json\/wp\/v2\/comments?post=8278"}],"version-history":[{"count":2,"href":"https:\/\/www.welovecycling.com\/sk\/wp-json\/wp\/v2\/posts\/8278\/revisions"}],"predecessor-version":[{"id":8304,"href":"https:\/\/www.welovecycling.com\/sk\/wp-json\/wp\/v2\/posts\/8278\/revisions\/8304"}],"wp:featuredmedia":[{"embeddable":true,"href":"https:\/\/www.welovecycling.com\/sk\/wp-json\/wp\/v2\/media\/8301"}],"wp:attachment":[{"href":"https:\/\/www.welovecycling.com\/sk\/wp-json\/wp\/v2\/media?parent=8278"}],"wp:term":[{"taxonomy":"category","embeddable":true,"href":"https:\/\/www.welovecycling.com\/sk\/wp-json\/wp\/v2\/categories?post=8278"},{"taxonomy":"post_tag","embeddable":true,"href":"https:\/\/www.welovecycling.com\/sk\/wp-json\/wp\/v2\/tags?post=8278"},{"taxonomy":"global-categories","embeddable":true,"href":"https:\/\/www.welovecycling.com\/sk\/wp-json\/wp\/v2\/global-categories?post=8278"}],"curies":[{"name":"wp","href":"https:\/\/api.w.org\/{rel}","templated":true}]}}