{"id":8261,"date":"2019-09-16T17:24:28","date_gmt":"2019-09-16T15:24:28","guid":{"rendered":"https:\/\/www.welovecycling.com\/sk\/?p=8261"},"modified":"2019-09-16T17:32:10","modified_gmt":"2019-09-16T15:32:10","slug":"spanielska-vuelta-pozna-vitaza-je-nim-primoz-roglic","status":"publish","type":"post","link":"https:\/\/www.welovecycling.com\/sk\/2019\/09\/16\/spanielska-vuelta-pozna-vitaza-je-nim-primoz-roglic\/","title":{"rendered":"\u0160panielska Vuelta pozn\u00e1 v\u00ed\u0165aza \u2013 je n\u00edm Primo\u017e Rogli\u010d"},"content":{"rendered":"<p><strong>Po troch t\u00fd\u017ed\u0148och nad\u013eudsk\u00fdch v\u00fdkonov sa skon\u010dili aj tretie najv\u00e4\u010d\u0161ie etapov\u00e9 preteky, La Vuelta. Ani tento rok nech\u00fdbala siln\u00e1 zostava, v\u010faka ktorej nebolo ni\u010d rozhodnut\u00e9 do posledn\u00fdch et\u00e1p. Po\u010fme sa pozrie\u0165 na kr\u00e1tky sum\u00e1r z\u00a0tohto podujatia.<\/strong><!--more--><\/p>\n<p>Ako sme v\u00e1s informovali u\u017e pred jej samotn\u00fdm za\u010diatkom v\u00a0<a href=\"https:\/\/www.welovecycling.com\/sk\/2019\/08\/21\/spanielska-vuelta-je-za-dverami-na-co-sa-mozeme-tesit\/\">\u010dl\u00e1nku<\/a> k\u00a0e\u0161te len \u0161tartuj\u00facej Vuelte, tra\u0165 bola v\u0161etk\u00fdm, len nie jednoduch\u00e1. Absencia rovinat\u00fdch et\u00e1p a\u00a0pohyb v\u00a0pr\u00edmorsk\u00fdch oblastiach odoberal jazdcom sily ka\u017ed\u00fdm d\u0148om. Navy\u0161e, v\u010faka silnej vrch\u00e1rskej konkurencii, nebola \u017eiadna z\u00a0et\u00e1p vo\u013enej\u0161ou.<\/p>\n<p><a href=\"https:\/\/d2p6e6u75xmxt8.cloudfront.net\/4\/2019\/09\/01-2.jpg\"><img loading=\"lazy\" decoding=\"async\" src=\"https:\/\/d2p6e6u75xmxt8.cloudfront.net\/4\/2019\/09\/01-2.jpg\" alt=\"\" width=\"1200\" height=\"800\" class=\"alignnone size-full wp-image-8263\" \/><\/a><\/p>\n<h2><strong>V\u00fdvoj pretekov striedal \u010derven\u00fdch mu\u017eov len do 10. etapy<\/strong><\/h2>\n<p>Podobn\u00fd priebeh, na ak\u00fd si pam\u00e4t\u00e1me z\u00a0ned\u00e1vnej Tour de France, postihol aj La Vueltu. V\u00a0\u00favode sa do vedenia dostal ten najlep\u0161\u00ed z\u00a0t\u00edmovej \u010dasovky. Napo\u010dudovanie sa oproti papierovo silnej\u0161iemu celku Jumbo-Visma, presadil kaza\u0161sk\u00fd t\u00edm Astana, v\u00a0ktorom dominoval M. A. Lop\u00e9z. Sekundov\u00e9 rozdiely v\u0161ak nehrali v\u00a0bud\u00facom priebehu a\u017e tak\u00fd dominantn\u00fd v\u00fdznam. U\u017e v\u00a0nasleduj\u00facej etape sa menilo prv\u00e9 miesto celkov\u00e9ho poradia v\u00a0prospech N. Rochea. Do desiatej etapy sa tak udialo e\u0161te celkovo \u0161es\u0165kr\u00e1t \u2013 l\u00eddrami boli <strong>M. A. Lop\u00e9z<\/strong>, <strong>D. Teuns<\/strong>, <strong>N. Edet<\/strong> \u010di <strong>N. Quintana<\/strong>.<\/p>\n<p>Pr\u00e1ve k\u013e\u00fa\u010dov\u00fdm momentom pre rozdanie kariet o\u00a0v\u00fdvoji druhej polovice Vuelty sa stala individu\u00e1lna \u010dasovka v\u00a0desiatej etape. Discipl\u00edna, v\u00a0ktorej sa mus\u00ed ka\u017ed\u00fd spolieha\u0165 len s\u00e1m na seba, najlep\u0161ie sedela u\u017e tradi\u010dne P. Rogli\u010dovi. Ten sa od najbli\u017e\u0161ieho s\u00fapera v\u00a0celkovej klasifik\u00e1cii vzdialil a\u017e o\u00a01:29 (T. Poga\u010dar). Napr\u00edklad dovtedy ved\u00faci N. Quintana stratil a\u017e vy\u0161e tri min\u00faty. T\u00fdmto momentom sa za\u010dala p\u00edsa\u0165 \u201eslovinsk\u00e1\u201c Vuelta. In\u00fdmi slovami, <strong>P. Rogli\u010d u\u017e svoje prv\u00e9 miesto nepustil z\u00a0r\u00fak<\/strong>. Druh\u00fd nakoniec skon\u010dil \u201eveter\u00e1n\u201c A. Valverde, za ktor\u00fdm nasledoval najmlad\u0161\u00ed \u00fa\u010dastn\u00edk Vuelty, T. Poga\u010dar.<\/p>\n<p><a href=\"https:\/\/d2p6e6u75xmxt8.cloudfront.net\/4\/2019\/09\/02-2.jpg\"><img loading=\"lazy\" decoding=\"async\" src=\"https:\/\/d2p6e6u75xmxt8.cloudfront.net\/4\/2019\/09\/02-2.jpg\" alt=\"\" width=\"1200\" height=\"800\" class=\"alignnone size-full wp-image-8264\" \/><\/a><\/p>\n<h2><strong>Mlad\u00edcke es\u00e1 atakovali najvy\u0161\u0161ie prie\u010dky aj v\u00a0celkovej klasifik\u00e1cii<\/strong><\/h2>\n<p>Napriek ich n\u00edzkemu veku neprest\u00e1vaj\u00fa d\u00e1va\u0165 v\u0161etk\u00fdm v\u00a0okol\u00ed najavo, \u017ee aj oni s\u00fa u\u017e pripraven\u00ed v\u00ed\u0165azi\u0165. Po tom, ako E. Bernal v\u00a023 rokoch vyhral <a href=\"https:\/\/www.welovecycling.com\/sk\/2019\/07\/29\/tour-sa-skoncila-zlty-dres-poputuje-do-kolumbie\/\">Tour de France 2019<\/a>, schy\u013eovalo sa aj na Vuelte k \u010domusi podobn\u00e9mu. <strong>Mlad\u00fdmi talentmi boli T. Poga\u010dar a\u00a0M. A. L\u00f3pez<\/strong>. Prv\u00fd z\u00a0nich m\u00e1 e\u0161te len 20 rokov, druh\u00fd sa u\u017e v\u00a025 rokoch pripravuje na \u201epresun\u201c do mu\u017eskej kateg\u00f3rie. Po tom, ako T. Poga\u010dar dominoval na americkej Amgen Tour of California, priniesol si excelentn\u00fa formu aj do \u0160panielska. Ve\u010f pos\u00fa\u010fte sami \u2013 z\u00a021 et\u00e1p vyhral 3. Navy\u0161e v\u00a0celkovom porad\u00ed sa po samotnej 21. etape umiestnil na tre\u0165om mieste, hne\u010f za Valverdem a\u00a0Rogli\u010dom. M. A. L\u00f3pez si naopak odniesol 3 \u010derven\u00e9 dresy z\u00a0troch dn\u00ed, po\u010das ktor\u00fdch viedol celkov\u00fa klasifik\u00e1ciu. Tak\u00fdto obraz n\u00e1s m\u00f4\u017ee len te\u0161i\u0165. Napoved\u00e1 n\u00e1m, \u017ee v\u00a0bud\u00facej sez\u00f3ne sa karty bud\u00fa meni\u0165 a\u00a0ani star\u0161\u00ed a\u00a0sk\u00fasenej\u0161\u00ed pretek\u00e1ri si nem\u00f4\u017eu by\u0165 ist\u00ed svojimi kvalitami.<\/p>\n<p><a href=\"https:\/\/d2p6e6u75xmxt8.cloudfront.net\/4\/2019\/09\/03-2.jpg\"><img loading=\"lazy\" decoding=\"async\" src=\"https:\/\/d2p6e6u75xmxt8.cloudfront.net\/4\/2019\/09\/03-2.jpg\" alt=\"\" width=\"1200\" height=\"800\" class=\"alignnone size-full wp-image-8265\" \/><\/a><\/p>\n<h2><strong>\u0160print\u00e9ri pri\u0161li na Vueltu bez v\u00e4\u010d\u0161\u00edch o\u010dak\u00e1van\u00ed \u2013 to sa aj potvrdilo ako opr\u00e1vnen\u00e9<\/strong><\/h2>\n<p>Ako sme u\u017e spomenuli, Vuelta nie je jednoduch\u00e1, a to predov\u0161etk\u00fdm svoj\u00edm nekone\u010dne zvlnen\u00fdm profilom. Svoje o\u00a0tom by vedel hovori\u0165 napr\u00edklad F. Gaviria, ktor\u00fd sa v\u00a0uplynul\u00fdch sez\u00f3nach pot\u00fdka so slab\u00fdmi v\u00fdkonmi. Na Vuelte nez\u00edskal ani jednu etapu a\u00a0navy\u0161e najlep\u0161\u00edm umiestnen\u00edm bola tretia prie\u010dka zo \u0161tvrtej etapy. Mo\u017eno o\u00a0\u010dosi lep\u0161ie bol na tom S. Bennett, ktor\u00fd si na Vuelte prip\u00edsal a\u017e 2 v\u00ed\u0165azstv\u00e1. O\u00a0ve\u013ek\u00fd comeback sa nepostaral ani J. Degenkolb, v\u00ed\u0165az 10 et\u00e1p z\u00a0Vuelty. Tento \u00factyhodn\u00fd v\u00fdkon nedok\u00e1zal roz\u0161\u00edri\u0165 u\u017e od roku 2015. Najbli\u017e\u0161ie k\u00a0tomu bol v\u00a014. etape, kedy skon\u010dil \u00f4smy.<\/p>\n<p><a href=\"https:\/\/d2p6e6u75xmxt8.cloudfront.net\/4\/2019\/09\/04-2.jpg\"><img loading=\"lazy\" decoding=\"async\" src=\"https:\/\/d2p6e6u75xmxt8.cloudfront.net\/4\/2019\/09\/04-2.jpg\" alt=\"\" width=\"1200\" height=\"798\" class=\"alignnone size-full wp-image-8266\" \/><\/a><\/p>\n<h2><strong>Ako vidia svoje kone\u010dn\u00e9 v\u00fdsledky t\u00ed najlep\u0161\u00ed?<\/strong><\/h2>\n<p>Po skon\u010den\u00ed Vuelty je \u010das na sumariz\u00e1ciu, a\u00a0to nielen z\u00a0h\u013eadiska anal\u00fdzy novin\u00e1rov, ale aj z\u00a0\u00fast samotn\u00fdch pretek\u00e1rov. Jeden z\u00a0najstar\u0161\u00edch pretek\u00e1rov pelot\u00f3nu, nestarn\u00faci <strong>A. Valverde<\/strong>, sa po kone\u010dnom druhom mieste v\u00a0celkovej klasifik\u00e1cii vyjadril takto: <em>\u201eSom ve\u013emi \u0161\u0165astn\u00fd. Po \u0161estn\u00e1stich rokoch je to nie\u010do neuverite\u013en\u00e9. To\u013ek\u00e9 roky bojovania na najvy\u0161\u0161ej \u00farovni mi priniesli celkov\u00e9 druh\u00e9 miesto. Naozaj som neskuto\u010dne \u0161\u0165astn\u00fd. Bola to kr\u00e1sna La Vuelta a&#8230; Mo\u017eno najhor\u0161\u00edm momentom bol p\u00e1d a\u00a0nedorozumenie, ktor\u00e9 za n\u00edm nasledovalo (O majstrovstv\u00e1ch sveta). Uvid\u00edme, je to pr\u00edli\u0161 komplikovan\u00e9. Pripravujem sa na ne s\u00a0ve\u013ek\u00fdmi o\u010dak\u00e1vaniami, ale mus\u00edme by\u0165 realistick\u00ed. T\u00e1to tra\u0165 sed\u00ed lep\u0161ie in\u00fdm jazdcom ne\u017e mne. Ale hlavn\u00fdm cie\u013eom je da\u0165 zo seba v\u0161etko.\u201c<\/em><\/p>\n<p><a href=\"https:\/\/d2p6e6u75xmxt8.cloudfront.net\/4\/2019\/09\/05-1.jpg\"><img loading=\"lazy\" decoding=\"async\" src=\"https:\/\/d2p6e6u75xmxt8.cloudfront.net\/4\/2019\/09\/05-1.jpg\" alt=\"\" width=\"1200\" height=\"800\" class=\"alignnone size-full wp-image-8267\" \/><\/a><\/p>\n<p><strong>M. A. L\u00f3pez<\/strong> naopak <strong>z\u00edskal cenu za najagres\u00edvnej\u0161ieho<\/strong> (v pozit\u00edvnom zmysle) <strong>jazdca Vuelty<\/strong>. <em>\u201eT\u00e1to cena je zasl\u00fa\u017een\u00e1. S\u00a0t\u00edmom sme sa c\u00edtili pokojne a\u00a0boli sme si vedom\u00ed svojej poz\u00edcie. Neust\u00e1le sme sa sna\u017eili atakova\u0165, aby sme urobili Vueltu zauj\u00edmavou. Nie som sklaman\u00fd, to nie. Samozrejme by som prijal in\u00fd v\u00fdsledok, ale nie som sklaman\u00fd, preto\u017ee som bojoval od za\u010diatku do konca. Predov\u0161etk\u00fdm vo svojom dom\u00e1com prostred\u00ed \u2013 v\u00a0kopcoch, som sa sna\u017eil da\u0165 zo seba v\u0161etko. Stretli sme sa aj s\u00a0nejak\u00fdmi probl\u00e9mami, ale cie\u013e je jasn\u00fd \u2013 neust\u00e1le sa pok\u00fa\u0161a\u0165 o\u00a0nie\u010do viac.\u201c<\/em><\/p>\n<p>T\u00fdmto sa viac-menej kon\u010d\u00ed sez\u00f3na profi cyklistiky. I\u00a0ke\u010f n\u00e1s onedlho \u010dakaj\u00fa majstrovstv\u00e1 sveta, etapov\u00e9 preteky s\u00fa u\u017e minulos\u0165ou, respekt\u00edve bud\u00facnos\u0165ou, lebo v\u00a0bud\u00facej sez\u00f3ne sa dozaista bude na \u010do pozera\u0165.<\/p>\n<p>(zdroj: FB\/LaVuelta)<\/p>\n","protected":false},"excerpt":{"rendered":"<p>Po troch t\u00fd\u017ed\u0148och nad\u013eudsk\u00fdch v\u00fdkonov sa skon\u010dili aj tretie najv\u00e4\u010d\u0161ie etapov\u00e9 preteky, La Vuelta. Ani tento rok nech\u00fdbala siln\u00e1 zostava, [&hellip;]<\/p>\n","protected":false},"author":38,"featured_media":8262,"comment_status":"open","ping_status":"open","sticky":false,"template":"","format":"standard","meta":{"footnotes":""},"categories":[217],"tags":[558,491,275,115,487,331,444,116,1012,179,170,885,256,251,269,886,219],"global-categories":[],"class_list":["post-8261","post","type-post","status-publish","format-standard","has-post-thumbnail","hentry","category-vuelta-a-espana","tag-558","tag-alejandro-valverde","tag-cesta","tag-cestna-cyklistika","tag-cestny-bicykel","tag-etapove-preteky","tag-miguel-angel-lopez","tag-nairo-quintana","tag-pretekar","tag-preteky","tag-primoz-roglic","tag-profesional","tag-sezona","tag-spanielsko","tag-vitaz","tag-vitazstvo","tag-vuelta-a-espana"],"yoast_head":"<!-- This site is optimized with the Yoast SEO Premium plugin v25.3 (Yoast SEO v25.9) - https:\/\/yoast.com\/wordpress\/plugins\/seo\/ -->\n<title>\u0160panielska Vuelta pozn\u00e1 v\u00ed\u0165aza \u2013 je n\u00edm Primo\u017e Rogli\u010d - \u0160koda We Love Cycling Slovensko<\/title>\n<meta name=\"robots\" content=\"index, follow, max-snippet:-1, max-image-preview:large, max-video-preview:-1\" \/>\n<link rel=\"canonical\" href=\"https:\/\/www.welovecycling.com\/sk\/2019\/09\/16\/spanielska-vuelta-pozna-vitaza-je-nim-primoz-roglic\/\" \/>\n<meta property=\"og:locale\" content=\"sk_SK\" \/>\n<meta property=\"og:type\" content=\"article\" \/>\n<meta property=\"og:title\" content=\"\u0160panielska Vuelta pozn\u00e1 v\u00ed\u0165aza \u2013 je n\u00edm Primo\u017e Rogli\u010d\" \/>\n<meta property=\"og:description\" content=\"Po troch t\u00fd\u017ed\u0148och nad\u013eudsk\u00fdch v\u00fdkonov sa skon\u010dili aj tretie najv\u00e4\u010d\u0161ie etapov\u00e9 preteky, La Vuelta. Ani tento rok nech\u00fdbala siln\u00e1 zostava, [&hellip;]\" \/>\n<meta property=\"og:url\" content=\"https:\/\/www.welovecycling.com\/sk\/2019\/09\/16\/spanielska-vuelta-pozna-vitaza-je-nim-primoz-roglic\/\" \/>\n<meta property=\"og:site_name\" content=\"\u0160koda We Love Cycling Slovensko\" \/>\n<meta property=\"article:published_time\" content=\"2019-09-16T15:24:28+00:00\" \/>\n<meta property=\"article:modified_time\" content=\"2019-09-16T15:32:10+00:00\" \/>\n<meta property=\"og:image\" content=\"https:\/\/d2p6e6u75xmxt8.cloudfront.net\/4\/2019\/09\/00-2.webp\" \/>\n\t<meta property=\"og:image:width\" content=\"1380\" \/>\n\t<meta property=\"og:image:height\" content=\"600\" \/>\n\t<meta property=\"og:image:type\" content=\"image\/webp\" \/>\n<meta name=\"author\" content=\"Ondrej Ga\u0161par\" \/>\n<meta name=\"twitter:card\" content=\"summary_large_image\" \/>\n<meta name=\"twitter:label1\" content=\"Written by\" \/>\n\t<meta name=\"twitter:data1\" content=\"We Love Cycling\" \/>\n\t<meta name=\"twitter:label2\" content=\"Est. reading time\" \/>\n\t<meta name=\"twitter:data2\" content=\"6\" \/>\n<script type=\"application\/ld+json\" class=\"yoast-schema-graph\">{\"@context\":\"https:\/\/schema.org\",\"@graph\":[{\"@type\":\"WebPage\",\"@id\":\"https:\/\/www.welovecycling.com\/sk\/2019\/09\/16\/spanielska-vuelta-pozna-vitaza-je-nim-primoz-roglic\/\",\"url\":\"https:\/\/www.welovecycling.com\/sk\/2019\/09\/16\/spanielska-vuelta-pozna-vitaza-je-nim-primoz-roglic\/\",\"name\":\"\u0160panielska Vuelta pozn\u00e1 v\u00ed\u0165aza \u2013 je n\u00edm Primo\u017e Rogli\u010d - \u0160koda We Love Cycling Slovensko\",\"isPartOf\":{\"@id\":\"https:\/\/www.welovecycling.com\/sk\/#website\"},\"primaryImageOfPage\":{\"@id\":\"https:\/\/www.welovecycling.com\/sk\/2019\/09\/16\/spanielska-vuelta-pozna-vitaza-je-nim-primoz-roglic\/#primaryimage\"},\"image\":{\"@id\":\"https:\/\/www.welovecycling.com\/sk\/2019\/09\/16\/spanielska-vuelta-pozna-vitaza-je-nim-primoz-roglic\/#primaryimage\"},\"thumbnailUrl\":\"https:\/\/d2p6e6u75xmxt8.cloudfront.net\/4\/2019\/09\/00-2.webp\",\"datePublished\":\"2019-09-16T15:24:28+00:00\",\"dateModified\":\"2019-09-16T15:32:10+00:00\",\"author\":{\"@id\":\"https:\/\/www.welovecycling.com\/sk\/#\/schema\/person\/8ee09ba39b7e25b1870160aa5b3a89bc\"},\"breadcrumb\":{\"@id\":\"https:\/\/www.welovecycling.com\/sk\/2019\/09\/16\/spanielska-vuelta-pozna-vitaza-je-nim-primoz-roglic\/#breadcrumb\"},\"inLanguage\":\"sk-SK\",\"potentialAction\":[{\"@type\":\"ReadAction\",\"target\":[\"https:\/\/www.welovecycling.com\/sk\/2019\/09\/16\/spanielska-vuelta-pozna-vitaza-je-nim-primoz-roglic\/\"]}]},{\"@type\":\"ImageObject\",\"inLanguage\":\"sk-SK\",\"@id\":\"https:\/\/www.welovecycling.com\/sk\/2019\/09\/16\/spanielska-vuelta-pozna-vitaza-je-nim-primoz-roglic\/#primaryimage\",\"url\":\"https:\/\/d2p6e6u75xmxt8.cloudfront.net\/4\/2019\/09\/00-2.webp\",\"contentUrl\":\"https:\/\/d2p6e6u75xmxt8.cloudfront.net\/4\/2019\/09\/00-2.webp\",\"width\":1380,\"height\":600},{\"@type\":\"BreadcrumbList\",\"@id\":\"https:\/\/www.welovecycling.com\/sk\/2019\/09\/16\/spanielska-vuelta-pozna-vitaza-je-nim-primoz-roglic\/#breadcrumb\",\"itemListElement\":[{\"@type\":\"ListItem\",\"position\":1,\"name\":\"Home\",\"item\":\"https:\/\/www.welovecycling.com\/sk\/\"},{\"@type\":\"ListItem\",\"position\":2,\"name\":\"\u0160panielska Vuelta pozn\u00e1 v\u00ed\u0165aza \u2013 je n\u00edm Primo\u017e Rogli\u010d\"}]},{\"@type\":\"WebSite\",\"@id\":\"https:\/\/www.welovecycling.com\/sk\/#website\",\"url\":\"https:\/\/www.welovecycling.com\/sk\/\",\"name\":\"\u0160koda We Love Cycling Slovensko\",\"description\":\"\u0160koda We Love Cycling Slovensko je v\u00e1\u0161 ka\u017edodenn\u00fd zdroj noviniek a in\u0161pir\u00e1cie z sveta cyklistiky\",\"potentialAction\":[{\"@type\":\"SearchAction\",\"target\":{\"@type\":\"EntryPoint\",\"urlTemplate\":\"https:\/\/www.welovecycling.com\/sk\/?s={search_term_string}\"},\"query-input\":{\"@type\":\"PropertyValueSpecification\",\"valueRequired\":true,\"valueName\":\"search_term_string\"}}],\"inLanguage\":\"sk-SK\"},{\"@type\":\"Person\",\"@id\":\"https:\/\/www.welovecycling.com\/sk\/#\/schema\/person\/8ee09ba39b7e25b1870160aa5b3a89bc\",\"name\":\"Ondrej Ga\u0161par\",\"image\":{\"@type\":\"ImageObject\",\"inLanguage\":\"sk-SK\",\"@id\":\"https:\/\/www.welovecycling.com\/sk\/#\/schema\/person\/image\/\",\"url\":\"https:\/\/secure.gravatar.com\/avatar\/6126c9afb87b70da5abbb083ddbb21933da15f18f8ca7cb822aba0fb096a48f6?s=96&d=mm&r=g\",\"contentUrl\":\"https:\/\/secure.gravatar.com\/avatar\/6126c9afb87b70da5abbb083ddbb21933da15f18f8ca7cb822aba0fb096a48f6?s=96&d=mm&r=g\",\"caption\":\"Ondrej Ga\u0161par\"},\"url\":\"https:\/\/www.welovecycling.com\/sk\/author\/ondrejgaspar\/\"}]}<\/script>\n<!-- \/ Yoast SEO Premium plugin. -->","yoast_head_json":{"title":"\u0160panielska Vuelta pozn\u00e1 v\u00ed\u0165aza \u2013 je n\u00edm Primo\u017e Rogli\u010d - \u0160koda We Love Cycling Slovensko","robots":{"index":"index","follow":"follow","max-snippet":"max-snippet:-1","max-image-preview":"max-image-preview:large","max-video-preview":"max-video-preview:-1"},"canonical":"https:\/\/www.welovecycling.com\/sk\/2019\/09\/16\/spanielska-vuelta-pozna-vitaza-je-nim-primoz-roglic\/","og_locale":"sk_SK","og_type":"article","og_title":"\u0160panielska Vuelta pozn\u00e1 v\u00ed\u0165aza \u2013 je n\u00edm Primo\u017e Rogli\u010d","og_description":"Po troch t\u00fd\u017ed\u0148och nad\u013eudsk\u00fdch v\u00fdkonov sa skon\u010dili aj tretie najv\u00e4\u010d\u0161ie etapov\u00e9 preteky, La Vuelta. Ani tento rok nech\u00fdbala siln\u00e1 zostava, [&hellip;]","og_url":"https:\/\/www.welovecycling.com\/sk\/2019\/09\/16\/spanielska-vuelta-pozna-vitaza-je-nim-primoz-roglic\/","og_site_name":"\u0160koda We Love Cycling Slovensko","article_published_time":"2019-09-16T15:24:28+00:00","article_modified_time":"2019-09-16T15:32:10+00:00","og_image":[{"width":1380,"height":600,"url":"https:\/\/d2p6e6u75xmxt8.cloudfront.net\/4\/2019\/09\/00-2.webp","type":"image\/webp"}],"author":"Ondrej Ga\u0161par","twitter_card":"summary_large_image","twitter_misc":{"Written by":"We Love Cycling","Est. reading time":"6"},"schema":{"@context":"https:\/\/schema.org","@graph":[{"@type":"WebPage","@id":"https:\/\/www.welovecycling.com\/sk\/2019\/09\/16\/spanielska-vuelta-pozna-vitaza-je-nim-primoz-roglic\/","url":"https:\/\/www.welovecycling.com\/sk\/2019\/09\/16\/spanielska-vuelta-pozna-vitaza-je-nim-primoz-roglic\/","name":"\u0160panielska Vuelta pozn\u00e1 v\u00ed\u0165aza \u2013 je n\u00edm Primo\u017e Rogli\u010d - \u0160koda We Love Cycling Slovensko","isPartOf":{"@id":"https:\/\/www.welovecycling.com\/sk\/#website"},"primaryImageOfPage":{"@id":"https:\/\/www.welovecycling.com\/sk\/2019\/09\/16\/spanielska-vuelta-pozna-vitaza-je-nim-primoz-roglic\/#primaryimage"},"image":{"@id":"https:\/\/www.welovecycling.com\/sk\/2019\/09\/16\/spanielska-vuelta-pozna-vitaza-je-nim-primoz-roglic\/#primaryimage"},"thumbnailUrl":"https:\/\/d2p6e6u75xmxt8.cloudfront.net\/4\/2019\/09\/00-2.webp","datePublished":"2019-09-16T15:24:28+00:00","dateModified":"2019-09-16T15:32:10+00:00","author":{"@id":"https:\/\/www.welovecycling.com\/sk\/#\/schema\/person\/8ee09ba39b7e25b1870160aa5b3a89bc"},"breadcrumb":{"@id":"https:\/\/www.welovecycling.com\/sk\/2019\/09\/16\/spanielska-vuelta-pozna-vitaza-je-nim-primoz-roglic\/#breadcrumb"},"inLanguage":"sk-SK","potentialAction":[{"@type":"ReadAction","target":["https:\/\/www.welovecycling.com\/sk\/2019\/09\/16\/spanielska-vuelta-pozna-vitaza-je-nim-primoz-roglic\/"]}]},{"@type":"ImageObject","inLanguage":"sk-SK","@id":"https:\/\/www.welovecycling.com\/sk\/2019\/09\/16\/spanielska-vuelta-pozna-vitaza-je-nim-primoz-roglic\/#primaryimage","url":"https:\/\/d2p6e6u75xmxt8.cloudfront.net\/4\/2019\/09\/00-2.webp","contentUrl":"https:\/\/d2p6e6u75xmxt8.cloudfront.net\/4\/2019\/09\/00-2.webp","width":1380,"height":600},{"@type":"BreadcrumbList","@id":"https:\/\/www.welovecycling.com\/sk\/2019\/09\/16\/spanielska-vuelta-pozna-vitaza-je-nim-primoz-roglic\/#breadcrumb","itemListElement":[{"@type":"ListItem","position":1,"name":"Home","item":"https:\/\/www.welovecycling.com\/sk\/"},{"@type":"ListItem","position":2,"name":"\u0160panielska Vuelta pozn\u00e1 v\u00ed\u0165aza \u2013 je n\u00edm Primo\u017e Rogli\u010d"}]},{"@type":"WebSite","@id":"https:\/\/www.welovecycling.com\/sk\/#website","url":"https:\/\/www.welovecycling.com\/sk\/","name":"\u0160koda We Love Cycling Slovensko","description":"\u0160koda We Love Cycling Slovensko je v\u00e1\u0161 ka\u017edodenn\u00fd zdroj noviniek a in\u0161pir\u00e1cie z sveta cyklistiky","potentialAction":[{"@type":"SearchAction","target":{"@type":"EntryPoint","urlTemplate":"https:\/\/www.welovecycling.com\/sk\/?s={search_term_string}"},"query-input":{"@type":"PropertyValueSpecification","valueRequired":true,"valueName":"search_term_string"}}],"inLanguage":"sk-SK"},{"@type":"Person","@id":"https:\/\/www.welovecycling.com\/sk\/#\/schema\/person\/8ee09ba39b7e25b1870160aa5b3a89bc","name":"Ondrej Ga\u0161par","image":{"@type":"ImageObject","inLanguage":"sk-SK","@id":"https:\/\/www.welovecycling.com\/sk\/#\/schema\/person\/image\/","url":"https:\/\/secure.gravatar.com\/avatar\/6126c9afb87b70da5abbb083ddbb21933da15f18f8ca7cb822aba0fb096a48f6?s=96&d=mm&r=g","contentUrl":"https:\/\/secure.gravatar.com\/avatar\/6126c9afb87b70da5abbb083ddbb21933da15f18f8ca7cb822aba0fb096a48f6?s=96&d=mm&r=g","caption":"Ondrej Ga\u0161par"},"url":"https:\/\/www.welovecycling.com\/sk\/author\/ondrejgaspar\/"}]}},"_links":{"self":[{"href":"https:\/\/www.welovecycling.com\/sk\/wp-json\/wp\/v2\/posts\/8261","targetHints":{"allow":["GET"]}}],"collection":[{"href":"https:\/\/www.welovecycling.com\/sk\/wp-json\/wp\/v2\/posts"}],"about":[{"href":"https:\/\/www.welovecycling.com\/sk\/wp-json\/wp\/v2\/types\/post"}],"author":[{"embeddable":true,"href":"https:\/\/www.welovecycling.com\/sk\/wp-json\/wp\/v2\/users\/38"}],"replies":[{"embeddable":true,"href":"https:\/\/www.welovecycling.com\/sk\/wp-json\/wp\/v2\/comments?post=8261"}],"version-history":[{"count":2,"href":"https:\/\/www.welovecycling.com\/sk\/wp-json\/wp\/v2\/posts\/8261\/revisions"}],"predecessor-version":[{"id":8270,"href":"https:\/\/www.welovecycling.com\/sk\/wp-json\/wp\/v2\/posts\/8261\/revisions\/8270"}],"wp:featuredmedia":[{"embeddable":true,"href":"https:\/\/www.welovecycling.com\/sk\/wp-json\/wp\/v2\/media\/8262"}],"wp:attachment":[{"href":"https:\/\/www.welovecycling.com\/sk\/wp-json\/wp\/v2\/media?parent=8261"}],"wp:term":[{"taxonomy":"category","embeddable":true,"href":"https:\/\/www.welovecycling.com\/sk\/wp-json\/wp\/v2\/categories?post=8261"},{"taxonomy":"post_tag","embeddable":true,"href":"https:\/\/www.welovecycling.com\/sk\/wp-json\/wp\/v2\/tags?post=8261"},{"taxonomy":"global-categories","embeddable":true,"href":"https:\/\/www.welovecycling.com\/sk\/wp-json\/wp\/v2\/global-categories?post=8261"}],"curies":[{"name":"wp","href":"https:\/\/api.w.org\/{rel}","templated":true}]}}