{"id":8249,"date":"2019-09-13T18:38:03","date_gmt":"2019-09-13T16:38:03","guid":{"rendered":"https:\/\/www.welovecycling.com\/sk\/?p=8249"},"modified":"2019-09-13T18:44:46","modified_gmt":"2019-09-13T16:44:46","slug":"hviezdne-vykony-na-slovenskej-pode-okolo-slovenska-2019","status":"publish","type":"post","link":"https:\/\/www.welovecycling.com\/sk\/2019\/09\/13\/hviezdne-vykony-na-slovenskej-pode-okolo-slovenska-2019\/","title":{"rendered":"Hviezdne v\u00fdkony na slovenskej p\u00f4de \u2013 Okolo Slovenska 2019"},"content":{"rendered":"<p><strong>September nebude v\u00fdnimo\u010dn\u00fd len bl\u00ed\u017eiacimi sa majstrovstvami sveta, v\u00a0ktor\u00fdch m\u00e1me mo\u017enos\u0165 z\u00edska\u0165 cenn\u00e9 kovy. Jedin\u00e9 slovensk\u00e9 etapov\u00e9 preteky v\u00a0kateg\u00f3rii UCI 2.1 ovl\u00e1dnu na nieko\u013eko dn\u00ed slovensk\u00e9 cesty \u2013 a\u00a0\u017ee sa m\u00e1me na \u010do te\u0161i\u0165!<\/strong><!--more--><\/p>\n<p>U\u017e 63. ro\u010dn\u00edk t\u00fdchto dom\u00e1cich prest\u00ed\u017enych pretekov zav\u00edta na na\u0161e \u00fazemie <strong>18. septembra 2019<\/strong>. Pre \u00faplnos\u0165 je nutn\u00e9 doda\u0165, \u017ee ide o\u00a0<strong>podujatie v\u00a0r\u00e1mci cestnej cyklistiky<\/strong>, \u010do v\u0161ak napoved\u00e1, \u017ee v\u00fdkony a\u00a0atraktivita bud\u00fa na v\u00fdbornej \u00farovni. Okrem \u010dlenitej trate je pozoruhodn\u00fdm aj \u0161tartov\u00e9 pole, v\u00a0ktorom sa zoskupili t\u00edmy z\u00a0najvy\u0161\u0161ej World Tour kateg\u00f3rie. Zauj\u00edmavos\u0165ou je aj rozdelenie prv\u00e9ho d\u0148a na dvojicu celkov \u2013 <strong>v\u00a0rann\u00fdch hodin\u00e1ch sa pretek\u00e1ri vydaj\u00fa na klasick\u00fa etapu, za ktorou bude v\u00a0poobedn\u00fdch hodin\u00e1ch nasledova\u0165 individu\u00e1lna \u010dasovka<\/strong>. Tak\u00fdto trh\u00e1k nie je pr\u00edtomn\u00fd ani na najpopul\u00e1rnej\u0161\u00edch podujatiach.<\/p>\n<div class=\"embed-controller-wrapper\">\n<div class=\"embed-wrapper\"><iframe title=\"OKOLO SLOVENSKA 2018 Stupanie na VR\u0160ATEC\" width=\"500\" height=\"281\" data-src=\"https:\/\/www.youtube.com\/embed\/KTAggf6Mo0w?start=148&#038;feature=oembed&#038;t=148&#038;enablejsapi=1\" frameborder=\"0\" allow=\"accelerometer; autoplay; clipboard-write; encrypted-media; gyroscope; picture-in-picture; web-share\" referrerpolicy=\"strict-origin-when-cross-origin\" allowfullscreen><\/iframe><\/div>\n<\/div>\n<p>Ani v\u00a0predch\u00e1dzaj\u00facich ro\u010dn\u00edkoch nech\u00fdbali men\u00e1 svetov\u00e9ho form\u00e1tu. Pripome\u0148me si napr\u00edklad celkov\u00e9ho v\u00ed\u0165aza v\u00a0roku 2018, ktor\u00fdm sa stal dr\u017eite\u013e \u017elt\u00e9ho dresu z\u00a0Tour de France, J. Alaphilippe. Ukazuje to na st\u00fapaj\u00faci charakter kvality a\u00a0z\u00e1ujmu o\u00a0preteky aj mimo z\u00e1padnej Eur\u00f3py, z\u00a0\u010doho m\u00f4\u017ee ma\u0165 slovensk\u00e1 cyklistika len rados\u0165.<\/p>\n<h2><strong>Ka\u017ed\u00fd de\u0148 s\u00a0odli\u0161n\u00fdmi parametrami<\/strong><\/h2>\n<p>Jedn\u00fdm z\u00a0najd\u00f4le\u017eitej\u0161\u00edch aspektov cel\u00fdch pretekov s\u00fa samozrejme profily jednotliv\u00fdch et\u00e1p. Na Okolo Slovenska sa m\u00f4\u017eeme te\u0161i\u0165 na <strong>5 et\u00e1p<\/strong>, ktor\u00fdch charakteristika je viac ne\u017e zauj\u00edmav\u00e1. <strong>Celkov\u00e1 d\u013a\u017eka trate je 714 km s\u00a010 r\u00fdchlostn\u00fdmi a\u00a014 vrch\u00e1rskymi pr\u00e9miami<\/strong>. In\u00fdmi slovami, slovensk\u00ed organiz\u00e1tori dok\u00e1zali v\u010faka \u010dlenit\u00e9mu profilu n\u00e1\u0161ho \u0161t\u00e1tu sk\u013abi\u0165 kopcovit\u00e9 \u00faseky s\u00a0rovinat\u00fdmi.<\/p>\n<p><a href=\"https:\/\/d2p6e6u75xmxt8.cloudfront.net\/4\/2019\/09\/01-1.jpg\"><img loading=\"lazy\" decoding=\"async\" src=\"https:\/\/d2p6e6u75xmxt8.cloudfront.net\/4\/2019\/09\/01-1.jpg\" alt=\"\" width=\"1200\" height=\"800\" class=\"alignnone size-full wp-image-8251\" \/><\/a><\/p>\n<p>Za\u010d\u00edna\u0165 sa bude na v\u00fdchode Slovenska, takmer na hraniciach s\u00a0Po\u013eskom. Navy\u0161e to nebude len za\u010diatok, ktor\u00fd sa tu odohr\u00e1, ale div\u00e1ci sa m\u00f4\u017eu te\u0161i\u0165 na <strong>prv\u00e9 tri etapy<\/strong>, ktor\u00e9 sa odohraj\u00fa <strong>v\u00a0okol\u00ed Bardejova a\u00a0n\u00e1sledne zamieria na z\u00e1pad, do Tatier<\/strong>.<\/p>\n<p>Spom\u00ednan\u00fd \u00favod, teda prv\u00e1 etapa so 138 km, m\u00e1 okruhov\u00fd charakter \u2013 \u0161tart v\u00a0Bardejove bude sprev\u00e1dza\u0165 \u00favodn\u00e9 kr\u00e1tke nehodnoten\u00e9 st\u00fapanie, za ktor\u00fdm sa jazdcom pon\u00fakne jedin\u00e1 vrch\u00e1rska pr\u00e9mia d\u0148a, 2. kateg\u00f3rie, ktorej parametre s\u00fa ako z\u00a0jarn\u00fdch klas\u00edk \u2013 0,7 km a\u00a010,7 % v\u00a0priemere. V\u00a0\u010fal\u0161om v\u00fdvoji pelot\u00f3n zamieri na 3 okruhy, prech\u00e1dzaj\u00face Bardejovom s \u201eklasik\u00e1rskym\u201c charakterom. Za\u010diatok etapy o\u00a09:00 predpoklad\u00e1 prejazd cie\u013eom po 12-tej hodine.<\/p>\n<p>Napriek tomu, \u017ee sme si zvykli na \u00favodn\u00e9 prol\u00f3gy ako za\u010diatok cel\u00fdch pretekov, tento rok bude in\u00fd. Pr\u00e1ve prv\u00e1 etapa s\u00a0pr\u00edvlastkom \u201eB\u201c bude bojom s\u00a0\u010dasom. Individu\u00e1lna \u010dasovka v\u00a0uliciach Bardejova bude ma\u0165 len kr\u00e1tke trvanie \u2013 6,8 km tra\u0165 bude atakova\u0165 \u010das 10 min\u00fat. Jej za\u010diatok je dan\u00fd na 15:30.<\/p>\n<p><a href=\"https:\/\/d2p6e6u75xmxt8.cloudfront.net\/4\/2019\/09\/02-1.jpg\"><img loading=\"lazy\" decoding=\"async\" src=\"https:\/\/d2p6e6u75xmxt8.cloudfront.net\/4\/2019\/09\/02-1.jpg\" alt=\"\" width=\"1200\" height=\"800\" class=\"alignnone size-full wp-image-8252\" \/><\/a><\/p>\n<p>Po tomto dni sa pomaly, ale isto, presunieme na stredn\u00e9 Slovensko, kde profil dozaista zvo\u013en\u00ed. Av\u0161ak e\u0161te pred t\u00fdmto \u201evyd\u00fdchnut\u00edm si\u201c jazdcov bud\u00fa musie\u0165 zdola\u0165 zn\u00e1me \u00faseky v\u00a0bl\u00edzkosti Tatier. <strong>Naj\u0165a\u017e\u0161ia etapa<\/strong> z\u00a0itiner\u00e1ra Okolo Slovenska prevedie pretek\u00e1rov <strong>piatimi horsk\u00fdmi pr\u00e9miami<\/strong>. Celkovo 227 km bude okorenen\u00fdch v\u00fdjazdom a\u017e na \u0160trbsk\u00e9 pleso. Zo \u0161tartu v\u00a0Bardejove sa presunieme do Ru\u017eomberka, kde by sa malo fini\u0161ova\u0165 tesne pred \u0161iestou hodinou poobednou.<\/p>\n<p>Nasleduj\u00face dve etapy n\u00e1s prived\u00fa a\u017e na krajn\u00fd z\u00e1pad krajiny. Prv\u00e1 z\u00a0nich, teda t\u00e1 s\u00a0poradov\u00fdm \u010d\u00edslom 3, pon\u00fakne 3 horsk\u00e9 a\u00a03 r\u00fdchlostn\u00e9 pr\u00e9mie. Z\u00e1vere\u010dn\u00fd dojazd do Hlohovca bude skuto\u010dne div\u00e1cky priazniv\u00fd \u2013 kr\u00e1tky kopec zamie\u0161a kartami \u0161print\u00e9rov.<\/p>\n<p>V\u00a0z\u00e1vere\u010dnom dni sa pozrieme na rovinat\u00fd profil v\u00a0okol\u00ed Senice. 142 kilometrov okoren\u00ed celkovo p\u00e4tica horsk\u00fdch pr\u00e9mi\u00ed kateg\u00f3rie 2 \u2013 ide o\u00a0preva\u017ene kr\u00e1tke a\u00a0stredne n\u00e1ro\u010dn\u00e9 st\u00fapania, v\u00a0ktor\u00fdch sa v\u0161ak m\u00f4\u017ee pelot\u00f3n nadeli\u0165 a\u00a0dovoli\u0165 tak \u00faniku vzdiali\u0165 sa mu z\u00a0doh\u013eadu.<\/p>\n<h2><strong>\u0160tartov\u00e1 listina so zvu\u010dn\u00fdmi menami<\/strong><\/h2>\n<p>Ak sa v\u00e1m pozd\u00e1va cestovanie za svetovou cyklistikou niekde na juh Franc\u00fazska \u010di do talianskych Apen\u00edn ako pridlh\u00e9, Okolo Slovenska pon\u00faka rie\u0161enie. Pri poh\u013eade do \u0161tartovej listiny n\u00e1jdeme minim\u00e1lne tucet zvu\u010dn\u00fdch mien.<\/p>\n<p><a href=\"https:\/\/d2p6e6u75xmxt8.cloudfront.net\/4\/2019\/09\/03-1.jpg\"><img loading=\"lazy\" decoding=\"async\" src=\"https:\/\/d2p6e6u75xmxt8.cloudfront.net\/4\/2019\/09\/03-1.jpg\" alt=\"\" width=\"1200\" height=\"800\" class=\"alignnone size-full wp-image-8253\" \/><\/a><\/p>\n<p>O\u00a0celkov\u00e9 poradie bud\u00fa bojova\u0165 pretek\u00e1ri ako <strong>E. Buchmann<\/strong>, \u0161tvrt\u00fd mu\u017e tohtoro\u010dnej Tour de France, <strong>J. Polanc<\/strong>, v\u00ed\u0165az dvoch et\u00e1p na Gire alebo aj <strong>B. Jungels<\/strong>, v\u00ed\u0165az klasiky Li\u00e9ge-Bastogne-Li\u00e9ge.<\/p>\n<p>N\u00fadza nebude ani o\u00a0\u0161print\u00e9rov. I\u00a0ke\u010f budeme musie\u0165 o\u017eelie\u0165 <strong>absenciu P. Sagana<\/strong>, organiz\u00e1tori dok\u00e1zali za\u0148ho n\u00e1js\u0165 primeran\u00fa n\u00e1hradu. <strong>O\u00a0etapov\u00e9 v\u00ed\u0165azstva zabojuj\u00fa<\/strong> hviezdy typu <strong>E. Viviani, A. Kristoff, A. D\u00e9mare \u010di Y. Lampaert<\/strong>.<\/p>\n<p><a href=\"https:\/\/d2p6e6u75xmxt8.cloudfront.net\/4\/2019\/09\/04-1.jpg\"><img loading=\"lazy\" decoding=\"async\" src=\"https:\/\/d2p6e6u75xmxt8.cloudfront.net\/4\/2019\/09\/04-1.jpg\" alt=\"\" width=\"1200\" height=\"800\" class=\"alignnone size-full wp-image-8254\" \/><\/a><\/p>\n<p>Na \u0161tarte nebude ch\u00fdba\u0165 ani po\u010detn\u00e1 suita slovensk\u00fdch pretek\u00e1rov z\u00a0kontinent\u00e1lnych a\u00a0World Tour celkov. Pr\u00e1ve Slov\u00e1ci maj\u00fa v\u00a0pelot\u00f3ne najv\u00e4\u010d\u0161ie zast\u00fapenie \u2013 celkovo 17 jazdcov. Na ich \u010delo sa rad\u00ed dvojica jazdcov t\u00edmu BORA-hansgrohe, <strong>E. Ba\u0161ka<\/strong> a\u00a0<strong>J. Sagan<\/strong>. Doplnia ich aj dva celky, Dukla Bansk\u00e1 Bystrica a\u00a0t\u00edm Slovensko, poskladan\u00fd preva\u017ene z n\u00e1dejn\u00fdch\u00a0mlad\u0161\u00edch jazdcov.<\/p>\n<p>Do \u0161tartu neost\u00e1va ve\u013ea \u010dasu, preto sa pozrite do kalend\u00e1ra a\u00a0napl\u00e1nujte si na tieto dni dovolenku. Tak\u00fdto z\u00e1\u017eitok nie je ka\u017edodenn\u00fd a\u00a0vidie\u0165 svetov\u00fa cyklistiku aj na Slovensku je snom ka\u017ed\u00e9ho fan\u00fa\u0161ika tohto \u0161portu.<\/p>\n<p>(zdroj foto: FB\/Okolo Slovenska)<\/p>\n","protected":false},"excerpt":{"rendered":"<p>September nebude v\u00fdnimo\u010dn\u00fd len bl\u00ed\u017eiacimi sa majstrovstvami sveta, v\u00a0ktor\u00fdch m\u00e1me mo\u017enos\u0165 z\u00edska\u0165 cenn\u00e9 kovy. Jedin\u00e9 slovensk\u00e9 etapov\u00e9 preteky v\u00a0kateg\u00f3rii UCI [&hellip;]<\/p>\n","protected":false},"author":38,"featured_media":8255,"comment_status":"open","ping_status":"open","sticky":false,"template":"","format":"standard","meta":{"footnotes":""},"categories":[4],"tags":[155,150,1132,275,115,276,331,158,1102,97,1036,179,885,1133,523,748],"global-categories":[],"class_list":["post-8249","post","type-post","status-publish","format-standard","has-post-thumbnail","hentry","category-cestna-cyklisitika","tag-alexander-kristoff","tag-arnaud-demare","tag-bardejov","tag-cesta","tag-cestna-cyklistika","tag-erik-baska","tag-etapove-preteky","tag-juraj-sagan","tag-kopec","tag-okolo-slovenska","tag-premia","tag-preteky","tag-profesional","tag-rovina","tag-slovensko","tag-vrchar"],"yoast_head":"<!-- This site is optimized with the Yoast SEO Premium plugin v25.3 (Yoast SEO v25.9) - https:\/\/yoast.com\/wordpress\/plugins\/seo\/ -->\n<title>Hviezdne v\u00fdkony na slovenskej p\u00f4de \u2013 Okolo Slovenska 2019 - \u0160koda We Love Cycling Slovensko<\/title>\n<meta name=\"robots\" content=\"index, follow, max-snippet:-1, max-image-preview:large, max-video-preview:-1\" \/>\n<link rel=\"canonical\" href=\"https:\/\/www.welovecycling.com\/sk\/2019\/09\/13\/hviezdne-vykony-na-slovenskej-pode-okolo-slovenska-2019\/\" \/>\n<meta property=\"og:locale\" content=\"sk_SK\" \/>\n<meta property=\"og:type\" content=\"article\" \/>\n<meta property=\"og:title\" content=\"Hviezdne v\u00fdkony na slovenskej p\u00f4de \u2013 Okolo Slovenska 2019\" \/>\n<meta property=\"og:description\" content=\"September nebude v\u00fdnimo\u010dn\u00fd len bl\u00ed\u017eiacimi sa majstrovstvami sveta, v\u00a0ktor\u00fdch m\u00e1me mo\u017enos\u0165 z\u00edska\u0165 cenn\u00e9 kovy. Jedin\u00e9 slovensk\u00e9 etapov\u00e9 preteky v\u00a0kateg\u00f3rii UCI [&hellip;]\" \/>\n<meta property=\"og:url\" content=\"https:\/\/www.welovecycling.com\/sk\/2019\/09\/13\/hviezdne-vykony-na-slovenskej-pode-okolo-slovenska-2019\/\" \/>\n<meta property=\"og:site_name\" content=\"\u0160koda We Love Cycling Slovensko\" \/>\n<meta property=\"article:published_time\" content=\"2019-09-13T16:38:03+00:00\" \/>\n<meta property=\"article:modified_time\" content=\"2019-09-13T16:44:46+00:00\" \/>\n<meta property=\"og:image\" content=\"https:\/\/d2p6e6u75xmxt8.cloudfront.net\/4\/2019\/09\/00-1.webp\" \/>\n\t<meta property=\"og:image:width\" content=\"1380\" \/>\n\t<meta property=\"og:image:height\" content=\"600\" \/>\n\t<meta property=\"og:image:type\" content=\"image\/webp\" \/>\n<meta name=\"author\" content=\"Ondrej Ga\u0161par\" \/>\n<meta name=\"twitter:card\" content=\"summary_large_image\" \/>\n<meta name=\"twitter:label1\" content=\"Written by\" \/>\n\t<meta name=\"twitter:data1\" content=\"We Love Cycling\" \/>\n\t<meta name=\"twitter:label2\" content=\"Est. reading time\" \/>\n\t<meta name=\"twitter:data2\" content=\"6\" \/>\n<script type=\"application\/ld+json\" class=\"yoast-schema-graph\">{\"@context\":\"https:\/\/schema.org\",\"@graph\":[{\"@type\":\"WebPage\",\"@id\":\"https:\/\/www.welovecycling.com\/sk\/2019\/09\/13\/hviezdne-vykony-na-slovenskej-pode-okolo-slovenska-2019\/\",\"url\":\"https:\/\/www.welovecycling.com\/sk\/2019\/09\/13\/hviezdne-vykony-na-slovenskej-pode-okolo-slovenska-2019\/\",\"name\":\"Hviezdne v\u00fdkony na slovenskej p\u00f4de \u2013 Okolo Slovenska 2019 - \u0160koda We Love Cycling Slovensko\",\"isPartOf\":{\"@id\":\"https:\/\/www.welovecycling.com\/sk\/#website\"},\"primaryImageOfPage\":{\"@id\":\"https:\/\/www.welovecycling.com\/sk\/2019\/09\/13\/hviezdne-vykony-na-slovenskej-pode-okolo-slovenska-2019\/#primaryimage\"},\"image\":{\"@id\":\"https:\/\/www.welovecycling.com\/sk\/2019\/09\/13\/hviezdne-vykony-na-slovenskej-pode-okolo-slovenska-2019\/#primaryimage\"},\"thumbnailUrl\":\"https:\/\/d2p6e6u75xmxt8.cloudfront.net\/4\/2019\/09\/00-1.webp\",\"datePublished\":\"2019-09-13T16:38:03+00:00\",\"dateModified\":\"2019-09-13T16:44:46+00:00\",\"author\":{\"@id\":\"https:\/\/www.welovecycling.com\/sk\/#\/schema\/person\/8ee09ba39b7e25b1870160aa5b3a89bc\"},\"breadcrumb\":{\"@id\":\"https:\/\/www.welovecycling.com\/sk\/2019\/09\/13\/hviezdne-vykony-na-slovenskej-pode-okolo-slovenska-2019\/#breadcrumb\"},\"inLanguage\":\"sk-SK\",\"potentialAction\":[{\"@type\":\"ReadAction\",\"target\":[\"https:\/\/www.welovecycling.com\/sk\/2019\/09\/13\/hviezdne-vykony-na-slovenskej-pode-okolo-slovenska-2019\/\"]}]},{\"@type\":\"ImageObject\",\"inLanguage\":\"sk-SK\",\"@id\":\"https:\/\/www.welovecycling.com\/sk\/2019\/09\/13\/hviezdne-vykony-na-slovenskej-pode-okolo-slovenska-2019\/#primaryimage\",\"url\":\"https:\/\/d2p6e6u75xmxt8.cloudfront.net\/4\/2019\/09\/00-1.webp\",\"contentUrl\":\"https:\/\/d2p6e6u75xmxt8.cloudfront.net\/4\/2019\/09\/00-1.webp\",\"width\":1380,\"height\":600},{\"@type\":\"BreadcrumbList\",\"@id\":\"https:\/\/www.welovecycling.com\/sk\/2019\/09\/13\/hviezdne-vykony-na-slovenskej-pode-okolo-slovenska-2019\/#breadcrumb\",\"itemListElement\":[{\"@type\":\"ListItem\",\"position\":1,\"name\":\"Home\",\"item\":\"https:\/\/www.welovecycling.com\/sk\/\"},{\"@type\":\"ListItem\",\"position\":2,\"name\":\"Hviezdne v\u00fdkony na slovenskej p\u00f4de \u2013 Okolo Slovenska 2019\"}]},{\"@type\":\"WebSite\",\"@id\":\"https:\/\/www.welovecycling.com\/sk\/#website\",\"url\":\"https:\/\/www.welovecycling.com\/sk\/\",\"name\":\"\u0160koda We Love Cycling Slovensko\",\"description\":\"\u0160koda We Love Cycling Slovensko je v\u00e1\u0161 ka\u017edodenn\u00fd zdroj noviniek a in\u0161pir\u00e1cie z sveta cyklistiky\",\"potentialAction\":[{\"@type\":\"SearchAction\",\"target\":{\"@type\":\"EntryPoint\",\"urlTemplate\":\"https:\/\/www.welovecycling.com\/sk\/?s={search_term_string}\"},\"query-input\":{\"@type\":\"PropertyValueSpecification\",\"valueRequired\":true,\"valueName\":\"search_term_string\"}}],\"inLanguage\":\"sk-SK\"},{\"@type\":\"Person\",\"@id\":\"https:\/\/www.welovecycling.com\/sk\/#\/schema\/person\/8ee09ba39b7e25b1870160aa5b3a89bc\",\"name\":\"Ondrej Ga\u0161par\",\"image\":{\"@type\":\"ImageObject\",\"inLanguage\":\"sk-SK\",\"@id\":\"https:\/\/www.welovecycling.com\/sk\/#\/schema\/person\/image\/\",\"url\":\"https:\/\/secure.gravatar.com\/avatar\/6126c9afb87b70da5abbb083ddbb21933da15f18f8ca7cb822aba0fb096a48f6?s=96&d=mm&r=g\",\"contentUrl\":\"https:\/\/secure.gravatar.com\/avatar\/6126c9afb87b70da5abbb083ddbb21933da15f18f8ca7cb822aba0fb096a48f6?s=96&d=mm&r=g\",\"caption\":\"Ondrej Ga\u0161par\"},\"url\":\"https:\/\/www.welovecycling.com\/sk\/author\/ondrejgaspar\/\"}]}<\/script>\n<!-- \/ Yoast SEO Premium plugin. -->","yoast_head_json":{"title":"Hviezdne v\u00fdkony na slovenskej p\u00f4de \u2013 Okolo Slovenska 2019 - \u0160koda We Love Cycling Slovensko","robots":{"index":"index","follow":"follow","max-snippet":"max-snippet:-1","max-image-preview":"max-image-preview:large","max-video-preview":"max-video-preview:-1"},"canonical":"https:\/\/www.welovecycling.com\/sk\/2019\/09\/13\/hviezdne-vykony-na-slovenskej-pode-okolo-slovenska-2019\/","og_locale":"sk_SK","og_type":"article","og_title":"Hviezdne v\u00fdkony na slovenskej p\u00f4de \u2013 Okolo Slovenska 2019","og_description":"September nebude v\u00fdnimo\u010dn\u00fd len bl\u00ed\u017eiacimi sa majstrovstvami sveta, v\u00a0ktor\u00fdch m\u00e1me mo\u017enos\u0165 z\u00edska\u0165 cenn\u00e9 kovy. Jedin\u00e9 slovensk\u00e9 etapov\u00e9 preteky v\u00a0kateg\u00f3rii UCI [&hellip;]","og_url":"https:\/\/www.welovecycling.com\/sk\/2019\/09\/13\/hviezdne-vykony-na-slovenskej-pode-okolo-slovenska-2019\/","og_site_name":"\u0160koda We Love Cycling Slovensko","article_published_time":"2019-09-13T16:38:03+00:00","article_modified_time":"2019-09-13T16:44:46+00:00","og_image":[{"width":1380,"height":600,"url":"https:\/\/d2p6e6u75xmxt8.cloudfront.net\/4\/2019\/09\/00-1.webp","type":"image\/webp"}],"author":"Ondrej Ga\u0161par","twitter_card":"summary_large_image","twitter_misc":{"Written by":"We Love Cycling","Est. reading time":"6"},"schema":{"@context":"https:\/\/schema.org","@graph":[{"@type":"WebPage","@id":"https:\/\/www.welovecycling.com\/sk\/2019\/09\/13\/hviezdne-vykony-na-slovenskej-pode-okolo-slovenska-2019\/","url":"https:\/\/www.welovecycling.com\/sk\/2019\/09\/13\/hviezdne-vykony-na-slovenskej-pode-okolo-slovenska-2019\/","name":"Hviezdne v\u00fdkony na slovenskej p\u00f4de \u2013 Okolo Slovenska 2019 - \u0160koda We Love Cycling Slovensko","isPartOf":{"@id":"https:\/\/www.welovecycling.com\/sk\/#website"},"primaryImageOfPage":{"@id":"https:\/\/www.welovecycling.com\/sk\/2019\/09\/13\/hviezdne-vykony-na-slovenskej-pode-okolo-slovenska-2019\/#primaryimage"},"image":{"@id":"https:\/\/www.welovecycling.com\/sk\/2019\/09\/13\/hviezdne-vykony-na-slovenskej-pode-okolo-slovenska-2019\/#primaryimage"},"thumbnailUrl":"https:\/\/d2p6e6u75xmxt8.cloudfront.net\/4\/2019\/09\/00-1.webp","datePublished":"2019-09-13T16:38:03+00:00","dateModified":"2019-09-13T16:44:46+00:00","author":{"@id":"https:\/\/www.welovecycling.com\/sk\/#\/schema\/person\/8ee09ba39b7e25b1870160aa5b3a89bc"},"breadcrumb":{"@id":"https:\/\/www.welovecycling.com\/sk\/2019\/09\/13\/hviezdne-vykony-na-slovenskej-pode-okolo-slovenska-2019\/#breadcrumb"},"inLanguage":"sk-SK","potentialAction":[{"@type":"ReadAction","target":["https:\/\/www.welovecycling.com\/sk\/2019\/09\/13\/hviezdne-vykony-na-slovenskej-pode-okolo-slovenska-2019\/"]}]},{"@type":"ImageObject","inLanguage":"sk-SK","@id":"https:\/\/www.welovecycling.com\/sk\/2019\/09\/13\/hviezdne-vykony-na-slovenskej-pode-okolo-slovenska-2019\/#primaryimage","url":"https:\/\/d2p6e6u75xmxt8.cloudfront.net\/4\/2019\/09\/00-1.webp","contentUrl":"https:\/\/d2p6e6u75xmxt8.cloudfront.net\/4\/2019\/09\/00-1.webp","width":1380,"height":600},{"@type":"BreadcrumbList","@id":"https:\/\/www.welovecycling.com\/sk\/2019\/09\/13\/hviezdne-vykony-na-slovenskej-pode-okolo-slovenska-2019\/#breadcrumb","itemListElement":[{"@type":"ListItem","position":1,"name":"Home","item":"https:\/\/www.welovecycling.com\/sk\/"},{"@type":"ListItem","position":2,"name":"Hviezdne v\u00fdkony na slovenskej p\u00f4de \u2013 Okolo Slovenska 2019"}]},{"@type":"WebSite","@id":"https:\/\/www.welovecycling.com\/sk\/#website","url":"https:\/\/www.welovecycling.com\/sk\/","name":"\u0160koda We Love Cycling Slovensko","description":"\u0160koda We Love Cycling Slovensko je v\u00e1\u0161 ka\u017edodenn\u00fd zdroj noviniek a in\u0161pir\u00e1cie z sveta cyklistiky","potentialAction":[{"@type":"SearchAction","target":{"@type":"EntryPoint","urlTemplate":"https:\/\/www.welovecycling.com\/sk\/?s={search_term_string}"},"query-input":{"@type":"PropertyValueSpecification","valueRequired":true,"valueName":"search_term_string"}}],"inLanguage":"sk-SK"},{"@type":"Person","@id":"https:\/\/www.welovecycling.com\/sk\/#\/schema\/person\/8ee09ba39b7e25b1870160aa5b3a89bc","name":"Ondrej Ga\u0161par","image":{"@type":"ImageObject","inLanguage":"sk-SK","@id":"https:\/\/www.welovecycling.com\/sk\/#\/schema\/person\/image\/","url":"https:\/\/secure.gravatar.com\/avatar\/6126c9afb87b70da5abbb083ddbb21933da15f18f8ca7cb822aba0fb096a48f6?s=96&d=mm&r=g","contentUrl":"https:\/\/secure.gravatar.com\/avatar\/6126c9afb87b70da5abbb083ddbb21933da15f18f8ca7cb822aba0fb096a48f6?s=96&d=mm&r=g","caption":"Ondrej Ga\u0161par"},"url":"https:\/\/www.welovecycling.com\/sk\/author\/ondrejgaspar\/"}]}},"_links":{"self":[{"href":"https:\/\/www.welovecycling.com\/sk\/wp-json\/wp\/v2\/posts\/8249","targetHints":{"allow":["GET"]}}],"collection":[{"href":"https:\/\/www.welovecycling.com\/sk\/wp-json\/wp\/v2\/posts"}],"about":[{"href":"https:\/\/www.welovecycling.com\/sk\/wp-json\/wp\/v2\/types\/post"}],"author":[{"embeddable":true,"href":"https:\/\/www.welovecycling.com\/sk\/wp-json\/wp\/v2\/users\/38"}],"replies":[{"embeddable":true,"href":"https:\/\/www.welovecycling.com\/sk\/wp-json\/wp\/v2\/comments?post=8249"}],"version-history":[{"count":2,"href":"https:\/\/www.welovecycling.com\/sk\/wp-json\/wp\/v2\/posts\/8249\/revisions"}],"predecessor-version":[{"id":8260,"href":"https:\/\/www.welovecycling.com\/sk\/wp-json\/wp\/v2\/posts\/8249\/revisions\/8260"}],"wp:featuredmedia":[{"embeddable":true,"href":"https:\/\/www.welovecycling.com\/sk\/wp-json\/wp\/v2\/media\/8255"}],"wp:attachment":[{"href":"https:\/\/www.welovecycling.com\/sk\/wp-json\/wp\/v2\/media?parent=8249"}],"wp:term":[{"taxonomy":"category","embeddable":true,"href":"https:\/\/www.welovecycling.com\/sk\/wp-json\/wp\/v2\/categories?post=8249"},{"taxonomy":"post_tag","embeddable":true,"href":"https:\/\/www.welovecycling.com\/sk\/wp-json\/wp\/v2\/tags?post=8249"},{"taxonomy":"global-categories","embeddable":true,"href":"https:\/\/www.welovecycling.com\/sk\/wp-json\/wp\/v2\/global-categories?post=8249"}],"curies":[{"name":"wp","href":"https:\/\/api.w.org\/{rel}","templated":true}]}}