{"id":8216,"date":"2019-09-11T09:00:30","date_gmt":"2019-09-11T07:00:30","guid":{"rendered":"https:\/\/www.welovecycling.com\/sk\/?p=8216"},"modified":"2019-09-12T09:38:35","modified_gmt":"2019-09-12T07:38:35","slug":"tip-na-vylet-bormio-vsetko-na-jednom-mieste","status":"publish","type":"post","link":"https:\/\/www.welovecycling.com\/sk\/2019\/09\/11\/tip-na-vylet-bormio-vsetko-na-jednom-mieste\/","title":{"rendered":"Tip na v\u00fdlet: Bormio &#8211; v\u0161etko na jednom mieste"},"content":{"rendered":"<p><strong>Nestihli ste svoju letn\u00fa dovolenku po\u010das pr\u00e1zdnin? Nevad\u00ed, aj september pon\u00faka pr\u00edvetiv\u00e9 teploty a ako bonus menej turistov. Pozn\u00e1te to, l\u00e1ska k cestnej cyklistike nemus\u00ed zasiahnu\u0165 ka\u017ed\u00e9ho \u010dlena rodiny rovnako. Ako si potom vybra\u0165 vhodn\u00fa destin\u00e1ciu na dovolenku, aby si ju u\u017eil naozaj ka\u017ed\u00fd?<\/strong><!--more--><\/p>\n<div data-rows=\"1\" id='gallery-1' class='gallery-rows-1 gallery galleryid-8216 gallery-columns-2 gallery-size-full'><figure class='gallery-item'>\n\t\t\t<div class='gallery-icon landscape'>\n\t\t\t\t<a href='https:\/\/d2p6e6u75xmxt8.cloudfront.net\/4\/2019\/09\/66143936_2286702114756332_1787517581314228224_o-1.webp'><img loading=\"lazy\" decoding=\"async\" width=\"1200\" height=\"800\" src=\"https:\/\/d2p6e6u75xmxt8.cloudfront.net\/4\/2019\/09\/66143936_2286702114756332_1787517581314228224_o-1.webp\" class=\"attachment-full size-full\" alt=\"\" srcset=\"https:\/\/d2p6e6u75xmxt8.cloudfront.net\/4\/2019\/09\/66143936_2286702114756332_1787517581314228224_o-1.webp 1200w, https:\/\/d2p6e6u75xmxt8.cloudfront.net\/4\/2019\/09\/66143936_2286702114756332_1787517581314228224_o-1-300x200.webp 300w, https:\/\/d2p6e6u75xmxt8.cloudfront.net\/4\/2019\/09\/66143936_2286702114756332_1787517581314228224_o-1-1024x683.webp 1024w, https:\/\/d2p6e6u75xmxt8.cloudfront.net\/4\/2019\/09\/66143936_2286702114756332_1787517581314228224_o-1-768x512.webp 768w, https:\/\/d2p6e6u75xmxt8.cloudfront.net\/4\/2019\/09\/66143936_2286702114756332_1787517581314228224_o-1-272x182.webp 272w\" sizes=\"auto, (max-width: 1200px) 100vw, 1200px\" \/><\/a>\n\t\t\t<\/div><\/figure><figure class='gallery-item'>\n\t\t\t<div class='gallery-icon landscape'>\n\t\t\t\t<a href='https:\/\/d2p6e6u75xmxt8.cloudfront.net\/4\/2019\/09\/GOPR0005-1.webp'><img loading=\"lazy\" decoding=\"async\" width=\"1200\" height=\"800\" src=\"https:\/\/d2p6e6u75xmxt8.cloudfront.net\/4\/2019\/09\/GOPR0005-1.webp\" class=\"attachment-full size-full\" alt=\"\" aria-describedby=\"gallery-1-8235\" srcset=\"https:\/\/d2p6e6u75xmxt8.cloudfront.net\/4\/2019\/09\/GOPR0005-1.webp 1200w, https:\/\/d2p6e6u75xmxt8.cloudfront.net\/4\/2019\/09\/GOPR0005-1-300x200.webp 300w, https:\/\/d2p6e6u75xmxt8.cloudfront.net\/4\/2019\/09\/GOPR0005-1-1024x683.webp 1024w, https:\/\/d2p6e6u75xmxt8.cloudfront.net\/4\/2019\/09\/GOPR0005-1-768x512.webp 768w, https:\/\/d2p6e6u75xmxt8.cloudfront.net\/4\/2019\/09\/GOPR0005-1-272x182.webp 272w\" sizes=\"auto, (max-width: 1200px) 100vw, 1200px\" \/><\/a>\n\t\t\t<\/div>\n\t\t\t\t<figcaption class='wp-caption-text gallery-caption' id='gallery-1-8235'>\n\t\t\t\tDCIM101GOPROGOPR0005.JPG\n\t\t\t\t<\/figcaption><\/figure>\n\t\t<\/div>\n        \n<p>Taliansko je super miesto na dovolenku. A pre cyklo komunitu zvl\u00e1\u0161\u0165. Najm\u00e4 jeho severn\u00e1 \u010das\u0165, kde sa kombinuje to najlep\u0161ie z nemeckej a rak\u00faskej <strong>poriadkumilovnosti<\/strong>, spolu s <strong>talianskym srdie\u010dkom<\/strong> a ich gastrom a k\u00e1vi\u010dkovan\u00edm. K tomu pripo\u010d\u00edtajte n\u00e1dhern\u00fa pr\u00edrodu \u00c1lp, aj pre na\u0161inca rozumn\u00e9 ceny a v\u010faka nadmorskej v\u00fd\u0161ke pr\u00edjemn\u00e9 teploty aj v lete. Ak preferujete cestn\u00fa cyklistiku, u\u017eijete si aj spr\u00e1vanie vodi\u010dov, ktor\u00ed s\u00fa na cyklistov zvyknut\u00ed a re\u0161pektuj\u00fa ich. A presne toto v\u0161etko n\u00e1jdete v Bormiu.<\/p>\n<p><a href=\"https:\/\/d2p6e6u75xmxt8.cloudfront.net\/4\/2019\/09\/1.jpeg\"><img loading=\"lazy\" decoding=\"async\" src=\"https:\/\/d2p6e6u75xmxt8.cloudfront.net\/4\/2019\/09\/1.jpeg\" alt=\"\" width=\"1200\" height=\"800\" class=\"size-full wp-image-8218\" \/><\/a><\/p>\n<p>Silne sa sna\u017e\u00edm n\u00e1js\u0165 aj nejak\u00e9 m\u00ednusy, aby som nep\u00f4sobil zaujato, ale nedar\u00ed sa mi to :-). A predsa, napadlo mi nie\u010do. Pri potulk\u00e1ch okol\u00edm Bormia v\u00e1s m\u00f4\u017eu prekvapi\u0165 z\u00e1sadne <strong>vy\u0161\u0161ie ceny na \u0161vaj\u010diarskej strane<\/strong>.<\/p>\n<p><a href=\"https:\/\/d2p6e6u75xmxt8.cloudfront.net\/4\/2019\/09\/2.jpeg\"><img loading=\"lazy\" decoding=\"async\" src=\"https:\/\/d2p6e6u75xmxt8.cloudfront.net\/4\/2019\/09\/2.jpeg\" alt=\"\" width=\"1200\" height=\"800\" class=\"size-full wp-image-8219\" \/><\/a><\/p>\n<p>A pre\u010do pr\u00e1ve Bormio a nie zn\u00e1mej\u0161ie Livigno? M\u00f4jmu vkusu vyhovuje t\u00fdm, \u017ee je <strong>viac pokojn\u00e9<\/strong>. Je tro\u0161ku v tieni zn\u00e1mej\u0161ieho miesta a preto aj prem\u00e1vka a po\u010det turistov je ni\u017e\u0161\u00ed. A odr\u00e1\u017ea sa to aj na cen\u00e1ch ubytovania. Ak v\u0161ak preferujete ubytovanie vo v\u00e4\u010d\u0161ej v\u00fd\u0161ke kv\u00f4li tvorbe \u010derven\u00fdch krviniek, Livigno je ide\u00e1lne :-).<\/p>\n<p><a href=\"https:\/\/d2p6e6u75xmxt8.cloudfront.net\/4\/2019\/09\/3.jpeg\"><img loading=\"lazy\" decoding=\"async\" src=\"https:\/\/d2p6e6u75xmxt8.cloudfront.net\/4\/2019\/09\/3.jpeg\" alt=\"\" width=\"1200\" height=\"800\" class=\"size-full wp-image-8220\" \/><\/a><\/p>\n<p>\u010eal\u0161\u00edm d\u00f4vodom je <strong>navig\u00e1cia<\/strong>, ke\u010f\u017ee Bormio le\u017e\u00ed na \u00fap\u00e4t\u00ed v\u0161etk\u00fdch zauj\u00edmav\u00fdch st\u00fapan\u00ed. Zabl\u00fadi\u0165 sa v podstate ned\u00e1. Z Bormia sa priamo st\u00fapa na vrchol priesmyku Stelvio (2 758 m), Gavia (2 621 m), Mortirolo (1 852 m) a aj do Livigna (1 816 m).<\/p>\n<p><a href=\"https:\/\/d2p6e6u75xmxt8.cloudfront.net\/4\/2019\/09\/4.jpg\"><img loading=\"lazy\" decoding=\"async\" src=\"https:\/\/d2p6e6u75xmxt8.cloudfront.net\/4\/2019\/09\/4.jpg\" alt=\"\" width=\"1200\" height=\"800\" class=\"alignnone size-full wp-image-8221\" \/><\/a><\/p>\n<p>A okrem t\u00fdchto 4 smerov tam \u017eiadny \u010fal\u0161\u00ed nie je :-). Pod\u013ea kond\u00edcie si m\u00f4\u017eete napl\u00e1nova\u0165 bu\u010f jednoduch\u00e9 (navig\u00e1ciou) <strong>vyst\u00fapanie na jeden z vrcholov<\/strong> a sp\u00e4\u0165 sa u\u017e len kr\u00e1sne spust\u00edte. Pr\u00edpadne sa daj\u00fa <strong>v okruhu posp\u00e1ja\u0165 viacer\u00e9 kopce<\/strong>, na Stelvio ved\u00fa 3 cesty, na Gaviu 2 a podobne. A ozaj, pre Taliansko tak typick\u00e9 studni\u010dky s\u00fa pr\u00edtomn\u00e9 aj tu. <strong>O vodu sa teda b\u00e1\u0165 nemus\u00edte a dopln\u00edte ju skoro v\u0161ade<\/strong>.<\/p>\n<p><a href=\"https:\/\/d2p6e6u75xmxt8.cloudfront.net\/4\/2019\/09\/5.jpeg\"><img loading=\"lazy\" decoding=\"async\" src=\"https:\/\/d2p6e6u75xmxt8.cloudfront.net\/4\/2019\/09\/5.jpeg\" alt=\"\" width=\"1200\" height=\"800\" class=\"size-full wp-image-8222\" \/><\/a><\/p>\n<p>Ako sa tam dosta\u0165? Cesta zo Slovenska do meste\u010dka Bormio vedie cez Rak\u00fasko. Zo z\u00e1padu na\u0161ej krajiny je to asi 800 km. Pr\u00edjemn\u00e9 je aj to, \u017ee <strong>okrem rak\u00faskej dia\u013eni\u010dnej zn\u00e1mky nezaplat\u00edte \u010fal\u0161ie poplatky<\/strong>. Cesta v Taliansku vedie mimo spoplatnen\u00fdch \u00fasekov. Ak si zad\u00e1te do navig\u00e1cie priamo Bormio, odpor\u00fa\u010dam sa do neho prehupn\u00fa\u0165 cez st\u00fapanie Stelvio. Takto si m\u00f4\u017eete spravi\u0165 ochutn\u00e1vku toho, \u010do v\u00e1s nesk\u00f4r \u010dak\u00e1 na bicykli. Mal\u00e9 varovanie, ide o horsk\u00fd prechod, <strong>cesta je \u00fazka a k\u013eukat\u00e1<\/strong>. V serpent\u00ednach sa \u010dasto st\u00e1va, \u017ee prejde len jedno auto. Vhodn\u00e9 pre sk\u00fasenej\u0161\u00edch vodi\u010dov a aut\u00e1 v dobrom stave (n\u00e1m raz vyvrela voda na star\u0161ej dod\u00e1vke).<\/p>\n<p><a href=\"https:\/\/d2p6e6u75xmxt8.cloudfront.net\/4\/2019\/09\/6.jpeg\"><img loading=\"lazy\" decoding=\"async\" src=\"https:\/\/d2p6e6u75xmxt8.cloudfront.net\/4\/2019\/09\/6.jpeg\" alt=\"\" width=\"1200\" height=\"800\" class=\"size-full wp-image-8223\" \/><\/a><\/p>\n<p>Ubytovanie v\u017edy vol\u00edme v niektorom z penzi\u00f3nov, bez stravy. U\u017e m\u00e1me vychytan\u00e9 miesta bl\u00edzko miestnych potrav\u00edn, kde sa daj\u00fa k\u00fapi\u0165 <strong>typick\u00e9 talianske chu\u0165ovky<\/strong> ako prosciutto a bresaola alebo mlieko a syry od miestnych kravi\u010diek. V\u017edy si vysta\u010d\u00edme s bohat\u0161\u00edmi ra\u0148ajkami a po n\u00e1vrate z jazdenia s ve\u010derou v podobe <strong>\u201cpasta\u201d na tis\u00edc sp\u00f4sobov<\/strong> :-).<\/p>\n<p><a href=\"https:\/\/d2p6e6u75xmxt8.cloudfront.net\/4\/2019\/09\/7.jpeg\"><img loading=\"lazy\" decoding=\"async\" src=\"https:\/\/d2p6e6u75xmxt8.cloudfront.net\/4\/2019\/09\/7.jpeg\" alt=\"\" width=\"1200\" height=\"800\" class=\"size-full wp-image-8224\" \/><\/a><\/p>\n<p>Na \u00favod som s\u013e\u00fabil, \u017ee si pr\u00eddu na svoje aj ostatn\u00ed \u010dlenovia rodiny, ktor\u00ed neholduj\u00fa ceste. Ak v\u00e1m viac chut\u00ed <strong>MTB<\/strong>, tak presun do Livigna autom alebo miestnym busom s nosi\u010dom na biky v\u00e1s odmen\u00ed kr\u00e1snymi singletrackmi, na ktor\u00fdch si miestni d\u00e1vaj\u00fa ve\u013emi z\u00e1le\u017ea\u0165. Ak sa rad\u0161ej voz\u00edte smerom z kopca, tak funguje aj lanovka, ktor\u00e1 sl\u00fa\u017ei v lete bikerom. Smerom na Gaviu zase m\u00f4\u017eete sko\u010di\u0165 do \u010fal\u0161ieho MTB strediska v Santa Caterina. Okrem bike parkov sa d\u00e1 hor\u00e1\u010dikova\u0165 po okol\u00ed, v\u0161etko je dobre zna\u010den\u00e9.<\/p>\n<p><a href=\"https:\/\/d2p6e6u75xmxt8.cloudfront.net\/4\/2019\/09\/8.jpeg\"><img loading=\"lazy\" decoding=\"async\" src=\"https:\/\/d2p6e6u75xmxt8.cloudfront.net\/4\/2019\/09\/8.jpeg\" alt=\"\" width=\"1200\" height=\"800\" class=\"size-full wp-image-8225\" \/><\/a><\/p>\n<p>Treba v\u0161ak po\u010d\u00edta\u0165 so <strong>zna\u010dn\u00fdm prev\u00fd\u0161en\u00edm<\/strong>, ve\u010f sme v Alp\u00e1ch. Ale aj na toto existuje rie\u0161enie a vol\u00e1 sa <strong>ebike<\/strong>. Do kopca pom\u00f4\u017ee, pred\u013a\u017ei va\u0161e v\u00fdlety a aj tak si na\u0165ah\u00e1te do s\u00fdtosti.<\/p>\n<p><a href=\"https:\/\/d2p6e6u75xmxt8.cloudfront.net\/4\/2019\/09\/9.jpeg\"><img loading=\"lazy\" decoding=\"async\" src=\"https:\/\/d2p6e6u75xmxt8.cloudfront.net\/4\/2019\/09\/9.jpeg\" alt=\"\" width=\"1200\" height=\"800\" class=\"size-full wp-image-8226\" \/><\/a><\/p>\n<p>Ak je \u010dlen pos\u00e1dky sk\u00f4r na <strong>beh<\/strong>, to si len vyberie, \u010di p\u00f4jde po turistickej zna\u010dke n\u00e1ro\u010dnej\u0161ie ter\u00e9ny, alebo napr. cesti\u010dkou smerom z Bormia na Santa Caterina, ktor\u00e1 vedie pri potoku. Ak chut\u00ed asfalt alebo sp\u0155chlo, smer na Cepinu je na miestne pomery pekne rovinat\u00fd.<\/p>\n<p><a href=\"https:\/\/d2p6e6u75xmxt8.cloudfront.net\/4\/2019\/09\/10.jpeg\"><img loading=\"lazy\" decoding=\"async\" src=\"https:\/\/d2p6e6u75xmxt8.cloudfront.net\/4\/2019\/09\/10.jpeg\" alt=\"\" width=\"1200\" height=\"800\" class=\"size-full wp-image-8227\" \/><\/a><\/p>\n<p>A ke\u010f u\u017e toho m\u00e1 ka\u017ed\u00fd dos\u0165, k\u00fapi sa miestne <strong>v\u00ednko<\/strong> a len tak sa relaxuje v n\u00e1dhernej panor\u00e1me okolit\u00fdch kopcov. Na de\u0148 vo\u013ena odpor\u00fa\u010dam <strong>miestne k\u00fapele<\/strong>, alebo <strong>nakupovanie a fl\u00e1kanie sa v Livignu<\/strong> (super ceny, neplat\u00ed sa da\u0148) alebo ktor\u00fako\u013evek z <strong>re\u0161taur\u00e1ci\u00ed<\/strong>.<\/p>\n<p><a href=\"https:\/\/d2p6e6u75xmxt8.cloudfront.net\/4\/2019\/09\/11.jpeg\"><img loading=\"lazy\" decoding=\"async\" src=\"https:\/\/d2p6e6u75xmxt8.cloudfront.net\/4\/2019\/09\/11.jpeg\" alt=\"\" width=\"1200\" height=\"800\" class=\"size-full wp-image-8228\" \/><\/a><\/p>\n<p><strong>N\u00e1v\u0161tevu odpor\u00fa\u010dam pl\u00e1nova\u0165 najsk\u00f4r za\u010diatkom j\u00fala<\/strong>, ke\u010f teploty vyst\u00fapaj\u00fa vy\u0161\u0161ie. Ke\u010f sa pohybujete vo v\u00fd\u0161ke skoro 3 000 m o mesiac sk\u00f4r a po\u010dasie sa pokaz\u00ed, m\u00f4\u017ee to znamena\u0165 teploty okolo nuly a sne\u017eenie. Taxi zo Stelvia do Bormia pre \u0161tyroch s bicyklami stoj\u00ed okolo 80 \u20ac. Vlastn\u00e1 sk\u00fasenos\u0165 :-). Bormio a aj Livigno s\u00fa cel\u00e9 leto \u017eiv\u00e9 v\u010faka cykloturistike, tak sa d\u00e1 spo\u013eahn\u00fa\u0165 aj na dostato\u010dn\u00fd po\u010det <strong>cyklo obchodov<\/strong> a <strong>po\u017ei\u010dovn\u00ed<\/strong>. A ak m\u00e1 \u010dlovek chu\u0165 na e\u0161te v\u00e4\u010d\u0161\u00ed pokoj, netreba b\u00fdva\u0165 priamo v meste, ale v okol\u00ed s\u00fa malebn\u00e9 dedinky, ako napr. Valfurva. \u017de som mal pravdu a je to dokonal\u00e9 miesto?!<\/p>\n<p><a href=\"https:\/\/d2p6e6u75xmxt8.cloudfront.net\/4\/2019\/09\/12.jpeg\"><img loading=\"lazy\" decoding=\"async\" src=\"https:\/\/d2p6e6u75xmxt8.cloudfront.net\/4\/2019\/09\/12.jpeg\" alt=\"\" width=\"1200\" height=\"800\" class=\"size-full wp-image-8229\" \/><\/a><\/p>\n","protected":false},"excerpt":{"rendered":"<p>Nestihli ste svoju letn\u00fa dovolenku po\u010das pr\u00e1zdnin? Nevad\u00ed, aj september pon\u00faka pr\u00edvetiv\u00e9 teploty a ako bonus menej turistov. Pozn\u00e1te to, [&hellip;]<\/p>\n","protected":false},"author":38,"featured_media":8217,"comment_status":"open","ping_status":"open","sticky":false,"template":"","format":"standard","meta":{"footnotes":""},"categories":[118],"tags":[1073,1125,1126,115,1128,303,261,180,622,1127,412,239,1109,419,741,901,1026,1050,508],"global-categories":[],"class_list":["post-8216","post","type-post","status-publish","format-standard","has-post-thumbnail","hentry","category-zabava","tag-alpy","tag-beh","tag-bormio","tag-cestna-cyklistika","tag-dovolenka","tag-down-hill","tag-ebike","tag-horska-cyklistika","tag-jedlo","tag-livigno","tag-mtb","tag-singletrail","tag-stupanie","tag-taliansko","tag-tip-na-vylet","tag-turistika","tag-vino","tag-vrchol","tag-vylet"],"yoast_head":"<!-- This site is optimized with the Yoast SEO Premium plugin v25.3 (Yoast SEO v25.9) - https:\/\/yoast.com\/wordpress\/plugins\/seo\/ -->\n<title>Tip na v\u00fdlet: Bormio - v\u0161etko na jednom mieste - \u0160koda We Love Cycling Slovensko<\/title>\n<meta name=\"robots\" content=\"index, follow, max-snippet:-1, max-image-preview:large, max-video-preview:-1\" \/>\n<link rel=\"canonical\" href=\"https:\/\/www.welovecycling.com\/sk\/2019\/09\/11\/tip-na-vylet-bormio-vsetko-na-jednom-mieste\/\" \/>\n<meta property=\"og:locale\" content=\"sk_SK\" \/>\n<meta property=\"og:type\" content=\"article\" \/>\n<meta property=\"og:title\" content=\"Tip na v\u00fdlet: Bormio - v\u0161etko na jednom mieste\" \/>\n<meta property=\"og:description\" content=\"Nestihli ste svoju letn\u00fa dovolenku po\u010das pr\u00e1zdnin? Nevad\u00ed, aj september pon\u00faka pr\u00edvetiv\u00e9 teploty a ako bonus menej turistov. Pozn\u00e1te to, [&hellip;]\" \/>\n<meta property=\"og:url\" content=\"https:\/\/www.welovecycling.com\/sk\/2019\/09\/11\/tip-na-vylet-bormio-vsetko-na-jednom-mieste\/\" \/>\n<meta property=\"og:site_name\" content=\"\u0160koda We Love Cycling Slovensko\" \/>\n<meta property=\"article:published_time\" content=\"2019-09-11T07:00:30+00:00\" \/>\n<meta property=\"article:modified_time\" content=\"2019-09-12T07:38:35+00:00\" \/>\n<meta property=\"og:image\" content=\"https:\/\/d2p6e6u75xmxt8.cloudfront.net\/4\/2019\/09\/titulka.webp\" \/>\n\t<meta property=\"og:image:width\" content=\"1380\" \/>\n\t<meta property=\"og:image:height\" content=\"600\" \/>\n\t<meta property=\"og:image:type\" content=\"image\/webp\" \/>\n<meta name=\"author\" content=\"Ondrej Ga\u0161par\" \/>\n<meta name=\"twitter:card\" content=\"summary_large_image\" \/>\n<meta name=\"twitter:label1\" content=\"Written by\" \/>\n\t<meta name=\"twitter:data1\" content=\"Tom\u00e1\u0161 Cepka\" \/>\n\t<meta name=\"twitter:label2\" content=\"Est. reading time\" \/>\n\t<meta name=\"twitter:data2\" content=\"6\" \/>\n<script type=\"application\/ld+json\" class=\"yoast-schema-graph\">{\"@context\":\"https:\/\/schema.org\",\"@graph\":[{\"@type\":\"WebPage\",\"@id\":\"https:\/\/www.welovecycling.com\/sk\/2019\/09\/11\/tip-na-vylet-bormio-vsetko-na-jednom-mieste\/\",\"url\":\"https:\/\/www.welovecycling.com\/sk\/2019\/09\/11\/tip-na-vylet-bormio-vsetko-na-jednom-mieste\/\",\"name\":\"Tip na v\u00fdlet: Bormio - v\u0161etko na jednom mieste - \u0160koda We Love Cycling Slovensko\",\"isPartOf\":{\"@id\":\"https:\/\/www.welovecycling.com\/sk\/#website\"},\"primaryImageOfPage\":{\"@id\":\"https:\/\/www.welovecycling.com\/sk\/2019\/09\/11\/tip-na-vylet-bormio-vsetko-na-jednom-mieste\/#primaryimage\"},\"image\":{\"@id\":\"https:\/\/www.welovecycling.com\/sk\/2019\/09\/11\/tip-na-vylet-bormio-vsetko-na-jednom-mieste\/#primaryimage\"},\"thumbnailUrl\":\"https:\/\/d2p6e6u75xmxt8.cloudfront.net\/4\/2019\/09\/titulka.webp\",\"datePublished\":\"2019-09-11T07:00:30+00:00\",\"dateModified\":\"2019-09-12T07:38:35+00:00\",\"author\":{\"@id\":\"https:\/\/www.welovecycling.com\/sk\/#\/schema\/person\/8ee09ba39b7e25b1870160aa5b3a89bc\"},\"breadcrumb\":{\"@id\":\"https:\/\/www.welovecycling.com\/sk\/2019\/09\/11\/tip-na-vylet-bormio-vsetko-na-jednom-mieste\/#breadcrumb\"},\"inLanguage\":\"sk-SK\",\"potentialAction\":[{\"@type\":\"ReadAction\",\"target\":[\"https:\/\/www.welovecycling.com\/sk\/2019\/09\/11\/tip-na-vylet-bormio-vsetko-na-jednom-mieste\/\"]}]},{\"@type\":\"ImageObject\",\"inLanguage\":\"sk-SK\",\"@id\":\"https:\/\/www.welovecycling.com\/sk\/2019\/09\/11\/tip-na-vylet-bormio-vsetko-na-jednom-mieste\/#primaryimage\",\"url\":\"https:\/\/d2p6e6u75xmxt8.cloudfront.net\/4\/2019\/09\/titulka.webp\",\"contentUrl\":\"https:\/\/d2p6e6u75xmxt8.cloudfront.net\/4\/2019\/09\/titulka.webp\",\"width\":1380,\"height\":600,\"caption\":\"DCIM\/100MEDIA\/DJI_0057.JPG\"},{\"@type\":\"BreadcrumbList\",\"@id\":\"https:\/\/www.welovecycling.com\/sk\/2019\/09\/11\/tip-na-vylet-bormio-vsetko-na-jednom-mieste\/#breadcrumb\",\"itemListElement\":[{\"@type\":\"ListItem\",\"position\":1,\"name\":\"Home\",\"item\":\"https:\/\/www.welovecycling.com\/sk\/\"},{\"@type\":\"ListItem\",\"position\":2,\"name\":\"Tip na v\u00fdlet: Bormio &#8211; v\u0161etko na jednom mieste\"}]},{\"@type\":\"WebSite\",\"@id\":\"https:\/\/www.welovecycling.com\/sk\/#website\",\"url\":\"https:\/\/www.welovecycling.com\/sk\/\",\"name\":\"\u0160koda We Love Cycling Slovensko\",\"description\":\"\u0160koda We Love Cycling Slovensko je v\u00e1\u0161 ka\u017edodenn\u00fd zdroj noviniek a in\u0161pir\u00e1cie z sveta cyklistiky\",\"potentialAction\":[{\"@type\":\"SearchAction\",\"target\":{\"@type\":\"EntryPoint\",\"urlTemplate\":\"https:\/\/www.welovecycling.com\/sk\/?s={search_term_string}\"},\"query-input\":{\"@type\":\"PropertyValueSpecification\",\"valueRequired\":true,\"valueName\":\"search_term_string\"}}],\"inLanguage\":\"sk-SK\"},{\"@type\":\"Person\",\"@id\":\"https:\/\/www.welovecycling.com\/sk\/#\/schema\/person\/8ee09ba39b7e25b1870160aa5b3a89bc\",\"name\":\"Ondrej Ga\u0161par\",\"image\":{\"@type\":\"ImageObject\",\"inLanguage\":\"sk-SK\",\"@id\":\"https:\/\/www.welovecycling.com\/sk\/#\/schema\/person\/image\/\",\"url\":\"https:\/\/secure.gravatar.com\/avatar\/6126c9afb87b70da5abbb083ddbb21933da15f18f8ca7cb822aba0fb096a48f6?s=96&d=mm&r=g\",\"contentUrl\":\"https:\/\/secure.gravatar.com\/avatar\/6126c9afb87b70da5abbb083ddbb21933da15f18f8ca7cb822aba0fb096a48f6?s=96&d=mm&r=g\",\"caption\":\"Ondrej Ga\u0161par\"},\"url\":\"https:\/\/www.welovecycling.com\/sk\/author\/ondrejgaspar\/\"}]}<\/script>\n<!-- \/ Yoast SEO Premium plugin. -->","yoast_head_json":{"title":"Tip na v\u00fdlet: Bormio - v\u0161etko na jednom mieste - \u0160koda We Love Cycling Slovensko","robots":{"index":"index","follow":"follow","max-snippet":"max-snippet:-1","max-image-preview":"max-image-preview:large","max-video-preview":"max-video-preview:-1"},"canonical":"https:\/\/www.welovecycling.com\/sk\/2019\/09\/11\/tip-na-vylet-bormio-vsetko-na-jednom-mieste\/","og_locale":"sk_SK","og_type":"article","og_title":"Tip na v\u00fdlet: Bormio - v\u0161etko na jednom mieste","og_description":"Nestihli ste svoju letn\u00fa dovolenku po\u010das pr\u00e1zdnin? Nevad\u00ed, aj september pon\u00faka pr\u00edvetiv\u00e9 teploty a ako bonus menej turistov. Pozn\u00e1te to, [&hellip;]","og_url":"https:\/\/www.welovecycling.com\/sk\/2019\/09\/11\/tip-na-vylet-bormio-vsetko-na-jednom-mieste\/","og_site_name":"\u0160koda We Love Cycling Slovensko","article_published_time":"2019-09-11T07:00:30+00:00","article_modified_time":"2019-09-12T07:38:35+00:00","og_image":[{"width":1380,"height":600,"url":"https:\/\/d2p6e6u75xmxt8.cloudfront.net\/4\/2019\/09\/titulka.webp","type":"image\/webp"}],"author":"Ondrej Ga\u0161par","twitter_card":"summary_large_image","twitter_misc":{"Written by":"Tom\u00e1\u0161 Cepka","Est. reading time":"6"},"schema":{"@context":"https:\/\/schema.org","@graph":[{"@type":"WebPage","@id":"https:\/\/www.welovecycling.com\/sk\/2019\/09\/11\/tip-na-vylet-bormio-vsetko-na-jednom-mieste\/","url":"https:\/\/www.welovecycling.com\/sk\/2019\/09\/11\/tip-na-vylet-bormio-vsetko-na-jednom-mieste\/","name":"Tip na v\u00fdlet: Bormio - v\u0161etko na jednom mieste - \u0160koda We Love Cycling Slovensko","isPartOf":{"@id":"https:\/\/www.welovecycling.com\/sk\/#website"},"primaryImageOfPage":{"@id":"https:\/\/www.welovecycling.com\/sk\/2019\/09\/11\/tip-na-vylet-bormio-vsetko-na-jednom-mieste\/#primaryimage"},"image":{"@id":"https:\/\/www.welovecycling.com\/sk\/2019\/09\/11\/tip-na-vylet-bormio-vsetko-na-jednom-mieste\/#primaryimage"},"thumbnailUrl":"https:\/\/d2p6e6u75xmxt8.cloudfront.net\/4\/2019\/09\/titulka.webp","datePublished":"2019-09-11T07:00:30+00:00","dateModified":"2019-09-12T07:38:35+00:00","author":{"@id":"https:\/\/www.welovecycling.com\/sk\/#\/schema\/person\/8ee09ba39b7e25b1870160aa5b3a89bc"},"breadcrumb":{"@id":"https:\/\/www.welovecycling.com\/sk\/2019\/09\/11\/tip-na-vylet-bormio-vsetko-na-jednom-mieste\/#breadcrumb"},"inLanguage":"sk-SK","potentialAction":[{"@type":"ReadAction","target":["https:\/\/www.welovecycling.com\/sk\/2019\/09\/11\/tip-na-vylet-bormio-vsetko-na-jednom-mieste\/"]}]},{"@type":"ImageObject","inLanguage":"sk-SK","@id":"https:\/\/www.welovecycling.com\/sk\/2019\/09\/11\/tip-na-vylet-bormio-vsetko-na-jednom-mieste\/#primaryimage","url":"https:\/\/d2p6e6u75xmxt8.cloudfront.net\/4\/2019\/09\/titulka.webp","contentUrl":"https:\/\/d2p6e6u75xmxt8.cloudfront.net\/4\/2019\/09\/titulka.webp","width":1380,"height":600,"caption":"DCIM\/100MEDIA\/DJI_0057.JPG"},{"@type":"BreadcrumbList","@id":"https:\/\/www.welovecycling.com\/sk\/2019\/09\/11\/tip-na-vylet-bormio-vsetko-na-jednom-mieste\/#breadcrumb","itemListElement":[{"@type":"ListItem","position":1,"name":"Home","item":"https:\/\/www.welovecycling.com\/sk\/"},{"@type":"ListItem","position":2,"name":"Tip na v\u00fdlet: Bormio &#8211; v\u0161etko na jednom mieste"}]},{"@type":"WebSite","@id":"https:\/\/www.welovecycling.com\/sk\/#website","url":"https:\/\/www.welovecycling.com\/sk\/","name":"\u0160koda We Love Cycling Slovensko","description":"\u0160koda We Love Cycling Slovensko je v\u00e1\u0161 ka\u017edodenn\u00fd zdroj noviniek a in\u0161pir\u00e1cie z sveta cyklistiky","potentialAction":[{"@type":"SearchAction","target":{"@type":"EntryPoint","urlTemplate":"https:\/\/www.welovecycling.com\/sk\/?s={search_term_string}"},"query-input":{"@type":"PropertyValueSpecification","valueRequired":true,"valueName":"search_term_string"}}],"inLanguage":"sk-SK"},{"@type":"Person","@id":"https:\/\/www.welovecycling.com\/sk\/#\/schema\/person\/8ee09ba39b7e25b1870160aa5b3a89bc","name":"Ondrej Ga\u0161par","image":{"@type":"ImageObject","inLanguage":"sk-SK","@id":"https:\/\/www.welovecycling.com\/sk\/#\/schema\/person\/image\/","url":"https:\/\/secure.gravatar.com\/avatar\/6126c9afb87b70da5abbb083ddbb21933da15f18f8ca7cb822aba0fb096a48f6?s=96&d=mm&r=g","contentUrl":"https:\/\/secure.gravatar.com\/avatar\/6126c9afb87b70da5abbb083ddbb21933da15f18f8ca7cb822aba0fb096a48f6?s=96&d=mm&r=g","caption":"Ondrej Ga\u0161par"},"url":"https:\/\/www.welovecycling.com\/sk\/author\/ondrejgaspar\/"}]}},"_links":{"self":[{"href":"https:\/\/www.welovecycling.com\/sk\/wp-json\/wp\/v2\/posts\/8216","targetHints":{"allow":["GET"]}}],"collection":[{"href":"https:\/\/www.welovecycling.com\/sk\/wp-json\/wp\/v2\/posts"}],"about":[{"href":"https:\/\/www.welovecycling.com\/sk\/wp-json\/wp\/v2\/types\/post"}],"author":[{"embeddable":true,"href":"https:\/\/www.welovecycling.com\/sk\/wp-json\/wp\/v2\/users\/38"}],"replies":[{"embeddable":true,"href":"https:\/\/www.welovecycling.com\/sk\/wp-json\/wp\/v2\/comments?post=8216"}],"version-history":[{"count":2,"href":"https:\/\/www.welovecycling.com\/sk\/wp-json\/wp\/v2\/posts\/8216\/revisions"}],"predecessor-version":[{"id":8247,"href":"https:\/\/www.welovecycling.com\/sk\/wp-json\/wp\/v2\/posts\/8216\/revisions\/8247"}],"wp:featuredmedia":[{"embeddable":true,"href":"https:\/\/www.welovecycling.com\/sk\/wp-json\/wp\/v2\/media\/8217"}],"wp:attachment":[{"href":"https:\/\/www.welovecycling.com\/sk\/wp-json\/wp\/v2\/media?parent=8216"}],"wp:term":[{"taxonomy":"category","embeddable":true,"href":"https:\/\/www.welovecycling.com\/sk\/wp-json\/wp\/v2\/categories?post=8216"},{"taxonomy":"post_tag","embeddable":true,"href":"https:\/\/www.welovecycling.com\/sk\/wp-json\/wp\/v2\/tags?post=8216"},{"taxonomy":"global-categories","embeddable":true,"href":"https:\/\/www.welovecycling.com\/sk\/wp-json\/wp\/v2\/global-categories?post=8216"}],"curies":[{"name":"wp","href":"https:\/\/api.w.org\/{rel}","templated":true}]}}