{"id":8204,"date":"2019-09-06T10:50:19","date_gmt":"2019-09-06T08:50:19","guid":{"rendered":"https:\/\/www.welovecycling.com\/sk\/?p=8204"},"modified":"2023-04-18T12:43:24","modified_gmt":"2023-04-18T10:43:24","slug":"peter-sagan-a-zeleny-dres-ak-nevyhram-prijmem-to-a-pokracujem-dalej","status":"publish","type":"post","link":"https:\/\/www.welovecycling.com\/sk\/2019\/09\/06\/peter-sagan-a-zeleny-dres-ak-nevyhram-prijmem-to-a-pokracujem-dalej\/","title":{"rendered":"Peter Sagan a zelen\u00fd dres: \u201eAk nevyhr\u00e1m, prijmem to a pokra\u010dujem \u010falej\u201c"},"content":{"rendered":"<p>&nbsp;<\/p>\n<p><strong>Z\u00edska\u0165 zelen\u00fd dres na Tour de France nie je ni\u010d\u00edm jednoduch\u00fdm. Aj ke\u010f sa t\u00e1to klasifik\u00e1cia m\u00f4\u017ee zda\u0165 tro\u0161ku zatienen\u00e1 celkov\u00fdm porad\u00edm a bojom o \u017elt\u00fd dres, pr\u00e1ve tie jednotliv\u00e9 mal\u00e9 v\u00ed\u0165azstv\u00e1, ktor\u00fdmi sa postupne jazdec dost\u00e1va na \u010delo bodovacej s\u00fa\u0165a\u017ee, s\u00fa priam pastvou pre o\u010di. Zv\u00ed\u0165azi\u0165 v tejto klasifik\u00e1cii si od jazdca vy\u017eaduje v\u0161eobecn\u00fa zru\u010dnos\u0165 v ka\u017edej z oblasti cyklistiky \u2013 flexibilitu, silu a kreativitu. To n\u00e1s priv\u00e1dza k Petrovi Saganovi.<\/strong><!--more--><\/p>\n<p><strong>Ofici\u00e1lne sa t\u00e1to s\u00fa\u0165a\u017e vol\u00e1 bodovacou<\/strong> \u2013 body s\u00fa pride\u013eovan\u00e9 pod\u013ea poradia pri dojazde do cie\u013ea po\u010das rovinat\u00fdch et\u00e1p a pri prejazde \u0161print\u00e9rskou pr\u00e9miou, umiestnenou na trati (nie v\u0161ak v cieli). Pr\u00e1ve druh\u00e1 mo\u017enos\u0165 je t\u00e1, v ktorej Sagan exceluje. Niektor\u00ed pokladaj\u00fa pr\u00e1ve boj o zelen\u00fd dres za \u0161print\u00e9rsku s\u00fa\u0165a\u017e. Tieto rovinat\u00e9 \u00faseky et\u00e1p, ktor\u00e9 s\u00fa ide\u00e1lnym miestom pre zisk dostato\u010dn\u00e9ho po\u010dtu bodov, boli predned\u00e1vnom nazvan\u00e9 <strong>\u201e\u0160koda \u0161printy\u201c<\/strong>, preto\u017ee je to pr\u00e1ve \u0160koda, \u010desk\u00fd v\u00fdrobca, ktor\u00fd bol ofici\u00e1lnym partnerom a dod\u00e1vate\u013eom podporn\u00fdch vozidiel Tour de France po\u010das posledn\u00fdch 16 rokov. Navy\u0161e sa od roku 2014 podie\u013ea na sponzorovan\u00ed zelen\u00e9ho dresu.<\/p>\n<div class=\"embed-controller-wrapper\">\n<blockquote class=\"twitter-tweet\" data-width=\"500\" data-dnt=\"true\">\n<p lang=\"fr\" dir=\"ltr\"><a href=\"https:\/\/twitter.com\/hashtag\/TDF2019?src=hash&amp;ref_src=twsrc%5Etfw\">#TDF2019<\/a> Podiums<\/p>\n<p>\ud83c\udfc6 The winner of the 2019 Tour de France points classification: Peter Sagan! \ud83c\uddf8\ud83c\uddf0<br \/>\ud83c\udfc6 Le vainqueur du classement par points du Tour de France 2019 : <a href=\"https:\/\/twitter.com\/petosagan?ref_src=twsrc%5Etfw\">@petosagan<\/a> ! \ud83c\uddf8\ud83c\uddf0 <a href=\"https:\/\/t.co\/voHCjYJbVx\">pic.twitter.com\/voHCjYJbVx<\/a><\/p>\n<p>&mdash; Tour de France\u2122 (@LeTour) <a href=\"https:\/\/twitter.com\/LeTour\/status\/1155574867032494080?ref_src=twsrc%5Etfw\">July 28, 2019<\/a><\/p><\/blockquote>\n<p><script async data-src=\"https:\/\/platform.twitter.com\/widgets.js\" charset=\"utf-8\"><\/script><\/div>\n<p>Tak, ako pre We Love Cycling predpovedal ambas\u00e1dor \u0160koda &#8211; Andy Schleck, e\u0161te pred ukon\u010den\u00edm Tour de France, Sagan v zelenom drese je takmer neodmyslite\u013enou \u010drtou posledn\u00fdch ro\u010dn\u00edkov Tour a skuto\u010dne, aj tentokr\u00e1t, sa mu ho podarilo znovu obliec\u0165. V\u010faka jeho sl\u00e1ve, presahuj\u00facej hranice cyklistiky, je svojou charizmou, <a href=\"https:\/\/www.youtube.com\/watch?v=Tig14ezqs7k&amp;list=PLcmaLnqmqDnkLprdfGICcpTLrYHi6KI1T\" target=\"_blank\" rel=\"noopener\">vzdelanos\u0165ou<\/a>, <a href=\"https:\/\/www.youtube.com\/watch?v=K-eQ2nzURIQ\" target=\"_blank\" rel=\"noopener\">zab\u00e1van\u00edm<\/a>, a <a href=\"https:\/\/www.youtube.com\/watch?v=QcyElUBIW8Q\" target=\"_blank\" rel=\"noopener\">muzik\u00e1lnymi vlohami<\/a>, skuto\u010dne nezvy\u010dajn\u00fdm zjavom. Nie je to v\u0161ak len v jeho statuse celebrity a otvorenosti svetu, ale taktie\u017e aj kv\u00f4li v\u00fdkonom \u2013 vr\u00e1tane tohtoro\u010dnej Tour m\u00e1 na svojom konte u\u017e siedme v\u00ed\u0165azstvo v bodovacej klasifik\u00e1cii. U\u017e od prv\u00e9ho v\u00ed\u0165azstva v roku 2012 neprestal udivova\u0165 svet. Aj preto sa s n\u00edm t\u00edm We Love Cycling stretol, aby ste sa aj vy mohli dozvedie\u0165 nie\u010do nov\u00e9 o zelenom drese, \u0161print\u00e9rskom talente, kari\u00e9re, bud\u00facnosti a \u201eHulkovi\u201c.<\/p>\n<p>Ak sa sp\u00fdtate <strong>Petra<\/strong> na jeho vyhliadky na \u010fal\u0161ie v\u00ed\u0165azstvo zelen\u00e9ho dresu, pon\u00fakne v\u00e1m pokojn\u00fa odpove\u010f: <em>\u201eVyhra\u0165 zelen\u00fd dres je ve\u013emi n\u00e1ro\u010dn\u00e1 a zlo\u017eit\u00e1 \u00faloha, ktor\u00e1 z\u00e1le\u017e\u00ed na mnoh\u00fdch faktoroch, ktor\u00e9 mi nedovo\u013euj\u00fa s istotou odpoveda\u0165 na va\u0161u ot\u00e1zku. Jedin\u00e9, \u010do v\u00e1m s istotou dok\u00e1\u017eem poveda\u0165, je to, \u017ee kedyko\u013evek sa postav\u00edm na \u0161tart pretekov, v\u017edy sa sna\u017e\u00edm da\u0165 zo seba maximum.\u201c<\/em><\/p>\n<figure id=\"attachment_8207\" aria-describedby=\"caption-attachment-8207\" style=\"width: 1250px\" class=\"wp-caption alignnone\"><a href=\"https:\/\/d2p6e6u75xmxt8.cloudfront.net\/4\/2019\/09\/peter-sagan-profimedia-0368027766.jpg\"><img loading=\"lazy\" decoding=\"async\" class=\"size-full wp-image-8207\" src=\"https:\/\/d2p6e6u75xmxt8.cloudfront.net\/4\/2019\/09\/peter-sagan-profimedia-0368027766.jpg\" alt=\"\" width=\"1250\" height=\"833\" \/><\/a><figcaption id=\"caption-attachment-8207\" class=\"wp-caption-text\">Reakcia Petra Sagana po v\u00fdhre 116. ro\u010dn\u00edka Par\u00ed\u017e-Roubaix 8. apr\u00edla 2018 v Campiegne. Profimedia, AFP<\/figcaption><\/figure>\n<p>Okrem Tour de France je zoznam jeho doteraj\u0161\u00edch \u00faspechov skuto\u010dne p\u00f4sobiv\u00fd: <strong>3 v\u00ed\u0165azstva majstra sveta, Par\u00ed\u017e-Roubaix, Okolo Fl\u00e1mska, prv\u00e9 miesto na Tour of California, Okolo Po\u013eska, Montr\u00e9al a Quebec a mnoho \u010fal\u0161\u00edch<\/strong>. A \u010do si mysl\u00ed o snoch do bud\u00facnosti, ktor\u00e9 by sa mohli vyplni\u0165? <em>\u201eJe tu nieko\u013eko pretekov, ktor\u00e9 som e\u0161te nevyhral, ale to je u\u017e nie\u010do in\u00e9. Ako som povedal predt\u00fdm, moje motto sa sp\u00e1ja s t\u00fdm, \u017ee kedyko\u013evek nast\u00fapim na \u0161tart pretekov, v\u017edy sa sna\u017e\u00edm vyda\u0165 zo seba v\u0161etko. <\/em><\/p>\n<p><em>Touto cestou, ke\u010f pretnem cie\u013eov\u00fa \u010diaru, nez\u00e1le\u017e\u00ed na tom, na akom mieste som preteky skon\u010dil, ale st\u00e1le viem, \u017ee som do v\u00fdhry investoval v\u0161etko. Ak sa mi podar\u00ed vyhra\u0165, potom som, pochopite\u013ene, ve\u013emi \u0161\u0165astn\u00fd. Ak nie, prijmem tento v\u00fdsledok a pokra\u010dujem \u010falej.\u201c<\/em> A aj ke\u010f s\u00e1m hovor\u00ed, \u017ee je pre\u0148ho \u0165a\u017ek\u00e9 vybra\u0165 jedno v\u00ed\u0165azstvo, ktor\u00e9 si cen\u00ed najviac, Peter prizn\u00e1va, \u017ee tri tituly majstra sveta po sebe maj\u00fa pre\u0148ho ist\u00fa osobn\u00fa hodnotu.<\/p>\n<p>Preto\u017ee je cestn\u00e1 cyklistika prostred\u00edm, v ktorom niet n\u00fadze o s\u00faperenie, tak ako je tomu v ka\u017edom skupinovom \u0161porte, sk\u00fasen\u00fd veter\u00e1n, ak\u00fdm s\u00e1m Peter je, dok\u00e1\u017ee op\u00edsa\u0165 s\u00fa\u010dasn\u00fa situ\u00e1ciu v pelot\u00f3ne. <em>\u201eNaozaj sa v pelot\u00f3ne vyskytuje nov\u00e1 gener\u00e1cia s\u013eubn\u00fdch \u0161print\u00e9rov. V\u0161etci z nich s\u00fa siln\u00ed, ambici\u00f3zni, s podporou siln\u00fdch t\u00edmov a maj\u00fa to, \u010do je potrebn\u00e9, ak sa chcete sta\u0165 ve\u013emi \u00faspe\u0161n\u00fdm. Ale to, kam sa svojou cestou prepracuj\u00fa o tak\u00fdch p\u00e4\u0165 rokov, je nezn\u00e1ma. Av\u0161ak, odhliadnuc od toho, kto sa z nich poklad\u00e1 za bud\u00facu hviezdu, je dobr\u00e9 ma\u0165 v z\u00e1lohe skupinu mlad\u00fdch jazdcov \u2013 nielen pre samotn\u00fd \u0161port \u010di cyklistiku, ale taktie\u017e pre preteky a div\u00e1kov.\u201c<\/em><\/p>\n<div class=\"embed-controller-wrapper\">\n<blockquote class=\"twitter-tweet\" data-width=\"500\" data-dnt=\"true\">\n<p lang=\"en\" dir=\"ltr\">Catch me if you can&#8230; Thanks to my friend <a href=\"https:\/\/twitter.com\/Daniel87Oss?ref_src=twsrc%5Etfw\">@Daniel87Oss<\/a>  for his amazing filming skills and <a href=\"https:\/\/twitter.com\/GoPro?ref_src=twsrc%5Etfw\">@GoPro<\/a> for the incredibly steady Hero7 Black cameras. <a href=\"https:\/\/twitter.com\/iamspecialized?ref_src=twsrc%5Etfw\">@iamspecialized<\/a> <a href=\"https:\/\/twitter.com\/sportful?ref_src=twsrc%5Etfw\">@sportful<\/a> <a href=\"https:\/\/twitter.com\/ride100percent?ref_src=twsrc%5Etfw\">@ride100percent<\/a> <a href=\"https:\/\/twitter.com\/osmonutrition?ref_src=twsrc%5Etfw\">@osmonutrition<\/a> <a href=\"https:\/\/t.co\/AUeU8s8hT4\">pic.twitter.com\/AUeU8s8hT4<\/a><\/p>\n<p>&mdash; Peter Sagan (@petosagan) <a href=\"https:\/\/twitter.com\/petosagan\/status\/1167537127267229698?ref_src=twsrc%5Etfw\">August 30, 2019<\/a><\/p><\/blockquote>\n<p><script async data-src=\"https:\/\/platform.twitter.com\/widgets.js\" charset=\"utf-8\"><\/script><\/div>\n<p>Ak sa pozrieme na in\u00fa t\u00e9mu, a to odli\u0161n\u00fa cyklistick\u00fa discipl\u00ednu, zist\u00edme, \u017ee Peter Sagan je zn\u00e1my svoj\u00edm pozit\u00edvnym vz\u0165ahom k horsk\u00fdm bicyklom. Rozm\u00fd\u0161\u013eal niekedy nad kari\u00e9rou v tomto odvetv\u00ed alebo nad roz\u0161\u00edren\u00edm svojho cyklistick\u00e9ho portf\u00f3lia? V kone\u010dnom d\u00f4sledku to vyzer\u00e1, \u017ee nie. <em>\u201eMoja kari\u00e9ra sa nevyv\u00edjala len pod\u013ea mojich osobn\u00fdch rozhodnut\u00ed, ale s\u00fa\u010dasne ju podmie\u0148ovali podmienky, v ktor\u00fdch som v danej dobe bol. Tak\u017ee, ak aj som niekedy mal odli\u0161n\u00e9 priania, nemusel som ma\u0165 dostatok mo\u017enost\u00ed na to, aby som ich mohol nasledova\u0165. Napriek tomu ne\u013eutujem rozhodnutia po\u010das mojej kari\u00e9ry v tom, \u010do som dosiahol. R\u00e1d by som po\u010fakoval ka\u017ed\u00e9mu, predov\u0161etk\u00fdm mojej rodine, za ich podporu po\u010das v\u0161etk\u00fdch t\u00fdch rokov.\u201c<\/em><\/p>\n<p>Ke\u010f hovor\u00edme o dlhej a \u00faspe\u0161nej kari\u00e9re, nem\u00f4\u017eeme si pom\u00f4c\u0165 a nemyslie\u0165 pritom na to, \u017ee vrcholn\u00e1 forma a v\u00fdkonnos\u0165 nebud\u00fa trva\u0165 naveky. Existuje \u017eivot po skon\u010den\u00ed s cyklistikou? <em>\u201ePr\u00e1ve teraz,\u201c<\/em> prem\u00fd\u0161\u013ea <strong>Peter<\/strong>, <em>\u201ecyklistika je moj\u00edm \u017eivotom a m\u00f4j \u017eivot je cyklistika. Samozrejme, v niektorom bode v bud\u00facnosti u\u017e nebudem schopn\u00fd preteka\u0165. To je \u017eivot ka\u017ed\u00e9ho z profesion\u00e1lnych \u0161portovcov \u2013 nem\u00f4\u017eete preteka\u0165 naveky. Av\u0161ak, cyklistika pre m\u0148a ostane nav\u017edy s\u00fa\u010das\u0165ou m\u00f4jho \u017eivota. V\u017edy sa p\u00f4jdem previes\u0165 s mojimi priate\u013emi a rodinou a taktie\u017e nezab\u00fadajte na to, \u017ee bicykel je jedn\u00fdm z najlep\u0161\u00edch a najekologickej\u0161\u00edch sp\u00f4sobov prepravy. Tak\u017ee si mysl\u00edm, \u017ee moje bicykle a ja sa nikdy neroz\u00eddeme \u2013 ale n\u00e1\u0161 vz\u0165ah sa ur\u010dite do istej miery zmen\u00ed.\u201c<\/em><\/p>\n<p><a href=\"https:\/\/d2p6e6u75xmxt8.cloudfront.net\/4\/2019\/09\/Peter-Sagan-CVR-profimedia-0456877375.jpg\"><img loading=\"lazy\" decoding=\"async\" class=\"alignnone size-full wp-image-8208\" src=\"https:\/\/d2p6e6u75xmxt8.cloudfront.net\/4\/2019\/09\/Peter-Sagan-CVR-profimedia-0456877375.jpg\" alt=\"\" width=\"1366\" height=\"600\" \/><\/a><\/p>\n<p>Tak, ako sme u\u017e sk\u00f4r spomenuli, Peter je popri svojich vynikaj\u00facich v\u00fdsledkoch zn\u00e1my svojou uvo\u013enenos\u0165ou, pref\u00edkanos\u0165ou a v neposlednom rade aj jedine\u010dn\u00fdmi gestami. Nem\u00f4\u017eeme si pom\u00f4c\u0165 a nev\u0161imn\u00fa\u0165 si, \u017ee Peter ob\u013eubuje oslavu \u00faspe\u0161n\u00fdch v\u00ed\u0165azstiev v etap\u00e1ch nezamenite\u013en\u00fdmi pohybmi r\u00fak, m\u00e9diami ozna\u010dovan\u00fd \u201eHulk\u201c. Niektor\u00ed fan\u00fa\u0161ikovia si v\u0161imli, \u017ee tento <strong>prejav \u201eHulk-a\u201c<\/strong> sa za\u010dal pomaly vytr\u00e1ca\u0165. M\u00f4\u017eeme d\u00fafa\u0165 v jeho n\u00e1vrat? <em>\u201eTo nikdy neviete, z\u00e1le\u017e\u00ed to na type fini\u0161u,\u201c<\/em> dodal Peter bez mihnutia oka.<\/p>\n<p>Nezabudnite sledova\u0165 Petra Sagana na jeho <a href=\"https:\/\/www.instagram.com\/petosagan\/\">Instagrame<\/a> a <a href=\"https:\/\/www.facebook.com\/PeterSagan\/\">Facebooku<\/a> preto\u017ee nikdy neviete, \u010do n\u00e1m tento slovensk\u00fd r\u00fdchlik predvedie.<\/p>\n","protected":false},"excerpt":{"rendered":"<p>&nbsp; Z\u00edska\u0165 zelen\u00fd dres na Tour de France nie je ni\u010d\u00edm jednoduch\u00fdm. Aj ke\u010f sa t\u00e1to klasifik\u00e1cia m\u00f4\u017ee zda\u0165 tro\u0161ku [&hellip;]<\/p>\n","protected":false},"author":38,"featured_media":8210,"comment_status":"open","ping_status":"open","sticky":false,"template":"","format":"standard","meta":{"footnotes":""},"categories":[4],"tags":[275,115,268,1124,1027,272,482,481,46,145,1012,501,20,269,156],"global-categories":[],"class_list":["post-8204","post","type-post","status-publish","format-standard","has-post-thumbnail","hentry","category-cestna-cyklisitika","tag-cesta","tag-cestna-cyklistika","tag-grand-tour","tag-hulk","tag-legendy","tag-majster-sveta","tag-majstrovsky-dres","tag-majstrovstva","tag-peter-sagan","tag-podpisany-zeleny-dres","tag-pretekar","tag-rozhovor","tag-tour-de-france","tag-vitaz","tag-zeleny-dres"],"yoast_head":"<!-- This site is optimized with the Yoast SEO Premium plugin v25.3 (Yoast SEO v25.9) - https:\/\/yoast.com\/wordpress\/plugins\/seo\/ -->\n<title>Peter Sagan a zelen\u00fd dres: \u201eAk nevyhr\u00e1m, prijmem to a pokra\u010dujem \u010falej\u201c<\/title>\n<meta name=\"description\" content=\"Z\u00edska\u0165 zelen\u00fd dres na Tour de France nie je ni\u010d\u00edm jednoduch\u00fdm. Zv\u00ed\u0165azi\u0165 v tejto klasifik\u00e1cii si od jazdca vy\u017eaduje v\u0161eobecn\u00fa zru\u010dnos\u0165.\" \/>\n<meta name=\"robots\" content=\"index, follow, max-snippet:-1, max-image-preview:large, max-video-preview:-1\" \/>\n<link rel=\"canonical\" href=\"https:\/\/www.welovecycling.com\/sk\/2019\/09\/06\/peter-sagan-a-zeleny-dres-ak-nevyhram-prijmem-to-a-pokracujem-dalej\/\" \/>\n<meta property=\"og:locale\" content=\"sk_SK\" \/>\n<meta property=\"og:type\" content=\"article\" \/>\n<meta property=\"og:title\" content=\"Peter Sagan a zelen\u00fd dres: \u201eAk nevyhr\u00e1m, prijmem to a pokra\u010dujem \u010falej\u201c\" \/>\n<meta property=\"og:description\" content=\"Z\u00edska\u0165 zelen\u00fd dres na Tour de France nie je ni\u010d\u00edm jednoduch\u00fdm. Zv\u00ed\u0165azi\u0165 v tejto klasifik\u00e1cii si od jazdca vy\u017eaduje v\u0161eobecn\u00fa zru\u010dnos\u0165.\" \/>\n<meta property=\"og:url\" content=\"https:\/\/www.welovecycling.com\/sk\/2019\/09\/06\/peter-sagan-a-zeleny-dres-ak-nevyhram-prijmem-to-a-pokracujem-dalej\/\" \/>\n<meta property=\"og:site_name\" content=\"\u0160koda We Love Cycling Slovensko\" \/>\n<meta property=\"article:published_time\" content=\"2019-09-06T08:50:19+00:00\" \/>\n<meta property=\"article:modified_time\" content=\"2023-04-18T10:43:24+00:00\" \/>\n<meta property=\"og:image\" content=\"https:\/\/d2p6e6u75xmxt8.cloudfront.net\/4\/2019\/09\/peter-sagan-CVR-profimedia-0461196148.webp\" \/>\n\t<meta property=\"og:image:width\" content=\"1366\" \/>\n\t<meta property=\"og:image:height\" content=\"600\" \/>\n\t<meta property=\"og:image:type\" content=\"image\/webp\" \/>\n<meta name=\"author\" content=\"Ondrej Ga\u0161par\" \/>\n<meta name=\"twitter:card\" content=\"summary_large_image\" \/>\n<meta name=\"twitter:label1\" content=\"Written by\" \/>\n\t<meta name=\"twitter:data1\" content=\"Christopher Ashley\/Franti\u0161ka Bla\u017ekov\u00e1\" \/>\n\t<meta name=\"twitter:label2\" content=\"Est. reading time\" \/>\n\t<meta name=\"twitter:data2\" content=\"7\" \/>\n<script type=\"application\/ld+json\" class=\"yoast-schema-graph\">{\"@context\":\"https:\/\/schema.org\",\"@graph\":[{\"@type\":\"WebPage\",\"@id\":\"https:\/\/www.welovecycling.com\/sk\/2019\/09\/06\/peter-sagan-a-zeleny-dres-ak-nevyhram-prijmem-to-a-pokracujem-dalej\/\",\"url\":\"https:\/\/www.welovecycling.com\/sk\/2019\/09\/06\/peter-sagan-a-zeleny-dres-ak-nevyhram-prijmem-to-a-pokracujem-dalej\/\",\"name\":\"Peter Sagan a zelen\u00fd dres: \u201eAk nevyhr\u00e1m, prijmem to a pokra\u010dujem \u010falej\u201c\",\"isPartOf\":{\"@id\":\"https:\/\/www.welovecycling.com\/sk\/#website\"},\"primaryImageOfPage\":{\"@id\":\"https:\/\/www.welovecycling.com\/sk\/2019\/09\/06\/peter-sagan-a-zeleny-dres-ak-nevyhram-prijmem-to-a-pokracujem-dalej\/#primaryimage\"},\"image\":{\"@id\":\"https:\/\/www.welovecycling.com\/sk\/2019\/09\/06\/peter-sagan-a-zeleny-dres-ak-nevyhram-prijmem-to-a-pokracujem-dalej\/#primaryimage\"},\"thumbnailUrl\":\"https:\/\/d2p6e6u75xmxt8.cloudfront.net\/4\/2019\/09\/peter-sagan-CVR-profimedia-0461196148.webp\",\"datePublished\":\"2019-09-06T08:50:19+00:00\",\"dateModified\":\"2023-04-18T10:43:24+00:00\",\"author\":{\"@id\":\"https:\/\/www.welovecycling.com\/sk\/#\/schema\/person\/8ee09ba39b7e25b1870160aa5b3a89bc\"},\"description\":\"Z\u00edska\u0165 zelen\u00fd dres na Tour de France nie je ni\u010d\u00edm jednoduch\u00fdm. Zv\u00ed\u0165azi\u0165 v tejto klasifik\u00e1cii si od jazdca vy\u017eaduje v\u0161eobecn\u00fa zru\u010dnos\u0165.\",\"breadcrumb\":{\"@id\":\"https:\/\/www.welovecycling.com\/sk\/2019\/09\/06\/peter-sagan-a-zeleny-dres-ak-nevyhram-prijmem-to-a-pokracujem-dalej\/#breadcrumb\"},\"inLanguage\":\"sk-SK\",\"potentialAction\":[{\"@type\":\"ReadAction\",\"target\":[\"https:\/\/www.welovecycling.com\/sk\/2019\/09\/06\/peter-sagan-a-zeleny-dres-ak-nevyhram-prijmem-to-a-pokracujem-dalej\/\"]}]},{\"@type\":\"ImageObject\",\"inLanguage\":\"sk-SK\",\"@id\":\"https:\/\/www.welovecycling.com\/sk\/2019\/09\/06\/peter-sagan-a-zeleny-dres-ak-nevyhram-prijmem-to-a-pokracujem-dalej\/#primaryimage\",\"url\":\"https:\/\/d2p6e6u75xmxt8.cloudfront.net\/4\/2019\/09\/peter-sagan-CVR-profimedia-0461196148.webp\",\"contentUrl\":\"https:\/\/d2p6e6u75xmxt8.cloudfront.net\/4\/2019\/09\/peter-sagan-CVR-profimedia-0461196148.webp\",\"width\":1366,\"height\":600},{\"@type\":\"BreadcrumbList\",\"@id\":\"https:\/\/www.welovecycling.com\/sk\/2019\/09\/06\/peter-sagan-a-zeleny-dres-ak-nevyhram-prijmem-to-a-pokracujem-dalej\/#breadcrumb\",\"itemListElement\":[{\"@type\":\"ListItem\",\"position\":1,\"name\":\"Home\",\"item\":\"https:\/\/www.welovecycling.com\/sk\/\"},{\"@type\":\"ListItem\",\"position\":2,\"name\":\"Peter Sagan a zelen\u00fd dres: \u201eAk nevyhr\u00e1m, prijmem to a pokra\u010dujem \u010falej\u201c\"}]},{\"@type\":\"WebSite\",\"@id\":\"https:\/\/www.welovecycling.com\/sk\/#website\",\"url\":\"https:\/\/www.welovecycling.com\/sk\/\",\"name\":\"\u0160koda We Love Cycling Slovensko\",\"description\":\"\u0160koda We Love Cycling Slovensko je v\u00e1\u0161 ka\u017edodenn\u00fd zdroj noviniek a in\u0161pir\u00e1cie z sveta cyklistiky\",\"potentialAction\":[{\"@type\":\"SearchAction\",\"target\":{\"@type\":\"EntryPoint\",\"urlTemplate\":\"https:\/\/www.welovecycling.com\/sk\/?s={search_term_string}\"},\"query-input\":{\"@type\":\"PropertyValueSpecification\",\"valueRequired\":true,\"valueName\":\"search_term_string\"}}],\"inLanguage\":\"sk-SK\"},{\"@type\":\"Person\",\"@id\":\"https:\/\/www.welovecycling.com\/sk\/#\/schema\/person\/8ee09ba39b7e25b1870160aa5b3a89bc\",\"name\":\"Ondrej Ga\u0161par\",\"image\":{\"@type\":\"ImageObject\",\"inLanguage\":\"sk-SK\",\"@id\":\"https:\/\/www.welovecycling.com\/sk\/#\/schema\/person\/image\/\",\"url\":\"https:\/\/secure.gravatar.com\/avatar\/6126c9afb87b70da5abbb083ddbb21933da15f18f8ca7cb822aba0fb096a48f6?s=96&d=mm&r=g\",\"contentUrl\":\"https:\/\/secure.gravatar.com\/avatar\/6126c9afb87b70da5abbb083ddbb21933da15f18f8ca7cb822aba0fb096a48f6?s=96&d=mm&r=g\",\"caption\":\"Ondrej Ga\u0161par\"},\"url\":\"https:\/\/www.welovecycling.com\/sk\/author\/ondrejgaspar\/\"}]}<\/script>\n<!-- \/ Yoast SEO Premium plugin. -->","yoast_head_json":{"title":"Peter Sagan a zelen\u00fd dres: \u201eAk nevyhr\u00e1m, prijmem to a pokra\u010dujem \u010falej\u201c","description":"Z\u00edska\u0165 zelen\u00fd dres na Tour de France nie je ni\u010d\u00edm jednoduch\u00fdm. Zv\u00ed\u0165azi\u0165 v tejto klasifik\u00e1cii si od jazdca vy\u017eaduje v\u0161eobecn\u00fa zru\u010dnos\u0165.","robots":{"index":"index","follow":"follow","max-snippet":"max-snippet:-1","max-image-preview":"max-image-preview:large","max-video-preview":"max-video-preview:-1"},"canonical":"https:\/\/www.welovecycling.com\/sk\/2019\/09\/06\/peter-sagan-a-zeleny-dres-ak-nevyhram-prijmem-to-a-pokracujem-dalej\/","og_locale":"sk_SK","og_type":"article","og_title":"Peter Sagan a zelen\u00fd dres: \u201eAk nevyhr\u00e1m, prijmem to a pokra\u010dujem \u010falej\u201c","og_description":"Z\u00edska\u0165 zelen\u00fd dres na Tour de France nie je ni\u010d\u00edm jednoduch\u00fdm. Zv\u00ed\u0165azi\u0165 v tejto klasifik\u00e1cii si od jazdca vy\u017eaduje v\u0161eobecn\u00fa zru\u010dnos\u0165.","og_url":"https:\/\/www.welovecycling.com\/sk\/2019\/09\/06\/peter-sagan-a-zeleny-dres-ak-nevyhram-prijmem-to-a-pokracujem-dalej\/","og_site_name":"\u0160koda We Love Cycling Slovensko","article_published_time":"2019-09-06T08:50:19+00:00","article_modified_time":"2023-04-18T10:43:24+00:00","og_image":[{"width":1366,"height":600,"url":"https:\/\/d2p6e6u75xmxt8.cloudfront.net\/4\/2019\/09\/peter-sagan-CVR-profimedia-0461196148.webp","type":"image\/webp"}],"author":"Ondrej Ga\u0161par","twitter_card":"summary_large_image","twitter_misc":{"Written by":"Christopher Ashley\/Franti\u0161ka Bla\u017ekov\u00e1","Est. reading time":"7"},"schema":{"@context":"https:\/\/schema.org","@graph":[{"@type":"WebPage","@id":"https:\/\/www.welovecycling.com\/sk\/2019\/09\/06\/peter-sagan-a-zeleny-dres-ak-nevyhram-prijmem-to-a-pokracujem-dalej\/","url":"https:\/\/www.welovecycling.com\/sk\/2019\/09\/06\/peter-sagan-a-zeleny-dres-ak-nevyhram-prijmem-to-a-pokracujem-dalej\/","name":"Peter Sagan a zelen\u00fd dres: \u201eAk nevyhr\u00e1m, prijmem to a pokra\u010dujem \u010falej\u201c","isPartOf":{"@id":"https:\/\/www.welovecycling.com\/sk\/#website"},"primaryImageOfPage":{"@id":"https:\/\/www.welovecycling.com\/sk\/2019\/09\/06\/peter-sagan-a-zeleny-dres-ak-nevyhram-prijmem-to-a-pokracujem-dalej\/#primaryimage"},"image":{"@id":"https:\/\/www.welovecycling.com\/sk\/2019\/09\/06\/peter-sagan-a-zeleny-dres-ak-nevyhram-prijmem-to-a-pokracujem-dalej\/#primaryimage"},"thumbnailUrl":"https:\/\/d2p6e6u75xmxt8.cloudfront.net\/4\/2019\/09\/peter-sagan-CVR-profimedia-0461196148.webp","datePublished":"2019-09-06T08:50:19+00:00","dateModified":"2023-04-18T10:43:24+00:00","author":{"@id":"https:\/\/www.welovecycling.com\/sk\/#\/schema\/person\/8ee09ba39b7e25b1870160aa5b3a89bc"},"description":"Z\u00edska\u0165 zelen\u00fd dres na Tour de France nie je ni\u010d\u00edm jednoduch\u00fdm. Zv\u00ed\u0165azi\u0165 v tejto klasifik\u00e1cii si od jazdca vy\u017eaduje v\u0161eobecn\u00fa zru\u010dnos\u0165.","breadcrumb":{"@id":"https:\/\/www.welovecycling.com\/sk\/2019\/09\/06\/peter-sagan-a-zeleny-dres-ak-nevyhram-prijmem-to-a-pokracujem-dalej\/#breadcrumb"},"inLanguage":"sk-SK","potentialAction":[{"@type":"ReadAction","target":["https:\/\/www.welovecycling.com\/sk\/2019\/09\/06\/peter-sagan-a-zeleny-dres-ak-nevyhram-prijmem-to-a-pokracujem-dalej\/"]}]},{"@type":"ImageObject","inLanguage":"sk-SK","@id":"https:\/\/www.welovecycling.com\/sk\/2019\/09\/06\/peter-sagan-a-zeleny-dres-ak-nevyhram-prijmem-to-a-pokracujem-dalej\/#primaryimage","url":"https:\/\/d2p6e6u75xmxt8.cloudfront.net\/4\/2019\/09\/peter-sagan-CVR-profimedia-0461196148.webp","contentUrl":"https:\/\/d2p6e6u75xmxt8.cloudfront.net\/4\/2019\/09\/peter-sagan-CVR-profimedia-0461196148.webp","width":1366,"height":600},{"@type":"BreadcrumbList","@id":"https:\/\/www.welovecycling.com\/sk\/2019\/09\/06\/peter-sagan-a-zeleny-dres-ak-nevyhram-prijmem-to-a-pokracujem-dalej\/#breadcrumb","itemListElement":[{"@type":"ListItem","position":1,"name":"Home","item":"https:\/\/www.welovecycling.com\/sk\/"},{"@type":"ListItem","position":2,"name":"Peter Sagan a zelen\u00fd dres: \u201eAk nevyhr\u00e1m, prijmem to a pokra\u010dujem \u010falej\u201c"}]},{"@type":"WebSite","@id":"https:\/\/www.welovecycling.com\/sk\/#website","url":"https:\/\/www.welovecycling.com\/sk\/","name":"\u0160koda We Love Cycling Slovensko","description":"\u0160koda We Love Cycling Slovensko je v\u00e1\u0161 ka\u017edodenn\u00fd zdroj noviniek a in\u0161pir\u00e1cie z sveta cyklistiky","potentialAction":[{"@type":"SearchAction","target":{"@type":"EntryPoint","urlTemplate":"https:\/\/www.welovecycling.com\/sk\/?s={search_term_string}"},"query-input":{"@type":"PropertyValueSpecification","valueRequired":true,"valueName":"search_term_string"}}],"inLanguage":"sk-SK"},{"@type":"Person","@id":"https:\/\/www.welovecycling.com\/sk\/#\/schema\/person\/8ee09ba39b7e25b1870160aa5b3a89bc","name":"Ondrej Ga\u0161par","image":{"@type":"ImageObject","inLanguage":"sk-SK","@id":"https:\/\/www.welovecycling.com\/sk\/#\/schema\/person\/image\/","url":"https:\/\/secure.gravatar.com\/avatar\/6126c9afb87b70da5abbb083ddbb21933da15f18f8ca7cb822aba0fb096a48f6?s=96&d=mm&r=g","contentUrl":"https:\/\/secure.gravatar.com\/avatar\/6126c9afb87b70da5abbb083ddbb21933da15f18f8ca7cb822aba0fb096a48f6?s=96&d=mm&r=g","caption":"Ondrej Ga\u0161par"},"url":"https:\/\/www.welovecycling.com\/sk\/author\/ondrejgaspar\/"}]}},"_links":{"self":[{"href":"https:\/\/www.welovecycling.com\/sk\/wp-json\/wp\/v2\/posts\/8204","targetHints":{"allow":["GET"]}}],"collection":[{"href":"https:\/\/www.welovecycling.com\/sk\/wp-json\/wp\/v2\/posts"}],"about":[{"href":"https:\/\/www.welovecycling.com\/sk\/wp-json\/wp\/v2\/types\/post"}],"author":[{"embeddable":true,"href":"https:\/\/www.welovecycling.com\/sk\/wp-json\/wp\/v2\/users\/38"}],"replies":[{"embeddable":true,"href":"https:\/\/www.welovecycling.com\/sk\/wp-json\/wp\/v2\/comments?post=8204"}],"version-history":[{"count":2,"href":"https:\/\/www.welovecycling.com\/sk\/wp-json\/wp\/v2\/posts\/8204\/revisions"}],"predecessor-version":[{"id":17172,"href":"https:\/\/www.welovecycling.com\/sk\/wp-json\/wp\/v2\/posts\/8204\/revisions\/17172"}],"wp:featuredmedia":[{"embeddable":true,"href":"https:\/\/www.welovecycling.com\/sk\/wp-json\/wp\/v2\/media\/8210"}],"wp:attachment":[{"href":"https:\/\/www.welovecycling.com\/sk\/wp-json\/wp\/v2\/media?parent=8204"}],"wp:term":[{"taxonomy":"category","embeddable":true,"href":"https:\/\/www.welovecycling.com\/sk\/wp-json\/wp\/v2\/categories?post=8204"},{"taxonomy":"post_tag","embeddable":true,"href":"https:\/\/www.welovecycling.com\/sk\/wp-json\/wp\/v2\/tags?post=8204"},{"taxonomy":"global-categories","embeddable":true,"href":"https:\/\/www.welovecycling.com\/sk\/wp-json\/wp\/v2\/global-categories?post=8204"}],"curies":[{"name":"wp","href":"https:\/\/api.w.org\/{rel}","templated":true}]}}