{"id":8192,"date":"2019-09-04T10:06:00","date_gmt":"2019-09-04T08:06:00","guid":{"rendered":"https:\/\/www.welovecycling.com\/sk\/?p=8192"},"modified":"2020-01-30T12:06:30","modified_gmt":"2020-01-30T11:06:30","slug":"skoda-bike-open-tour-2019-ma-za-sebou-dalsi-uz-6-uspesny-rocnik","status":"publish","type":"post","link":"https:\/\/www.welovecycling.com\/sk\/2019\/09\/04\/skoda-bike-open-tour-2019-ma-za-sebou-dalsi-uz-6-uspesny-rocnik\/","title":{"rendered":"\u0160koda BIKE OPEN TOUR m\u00e1 za sebou u\u017e svoj 6. ro\u010dn\u00edk"},"content":{"rendered":"<p><strong>Jeden z\u00a0najnav\u0161tevovanej\u0161\u00edch cyklistick\u00fdch seri\u00e1lov zav\u0155\u0161il sez\u00f3nu 2019 vo Svite po\u010das legend\u00e1rnych pretekov \u0160koda HORAL MTB marat\u00f3n. Ak\u00e1 t\u00e1to sez\u00f3na skuto\u010dne bola? Pozrime sa v\u00a0kr\u00e1tkom sum\u00e1ri.<\/strong><!--more--><\/p>\n<p>\u0160koda BIKE OPEN TOUR si v\u00a0tomto roku prichystala <strong>viacero prekvapen\u00ed<\/strong>, ktor\u00e9 pote\u0161ili nielen jazdcov, ale aj ich rodiny. V\u00fdber samotn\u00fdch marat\u00f3nov predznamenal, \u017ee sa \u00fa\u010dastn\u00edci maj\u00fa na \u010do te\u0161i\u0165. Atrakt\u00edvne ter\u00e9ny alebo prostredie malebn\u00fdch lesov a\u00a0l\u00fak pril\u00e1kali tis\u00edce participuj\u00facich pretek\u00e1rov. T\u00ed nebojovali len o\u00a0najlep\u0161ie umiestnenie, ale s\u00fa\u010dasne aj o\u00a0nov\u00fa \u0160koda FABIA COMBI, ktor\u00e1 pripadla jedn\u00e9mu z\u00a0t\u00fdch, ktor\u00ed vynechali maxim\u00e1lne jedno podujatie s\u00e9rie. Okrem toho si t\u00ed, ktor\u00ed v cieli \u010dakali na pretekaj\u00facich \u010dlenov rodiny, mohli skr\u00e1ti\u0165 \u010das z\u00e1bavn\u00fdmi atrakciami. Nech\u00fdbali ani trate pre najmen\u0161\u00edch v r\u00e1mci novej kateg\u00f3rie \u0160koda Family, kedy mohla va\u0161a mal\u00e1 ratoles\u0165 spozna\u0165 skuto\u010dn\u00fa atmosf\u00e9ru pretekov.<\/p>\n<p><a href=\"https:\/\/d2p6e6u75xmxt8.cloudfront.net\/4\/2019\/09\/01.jpg\"><img loading=\"lazy\" decoding=\"async\" class=\"alignnone size-full wp-image-8193\" src=\"https:\/\/d2p6e6u75xmxt8.cloudfront.net\/4\/2019\/09\/01.jpg\" alt=\"\" width=\"1200\" height=\"800\" \/><\/a><\/p>\n<h2><strong>\u0160koda Sv\u00e4tojursk\u00fd MTB Marat\u00f3n \u2013 13. apr\u00edla<\/strong><\/h2>\n<p>U\u017e trin\u00e1sty ro\u010dn\u00edk v\u00edtal pretekaniachtiv\u00fdch jazdcov v\u00a0\u00favode jari na z\u00e1pade na\u0161ej krajiny. Ani ni\u017e\u0161ie teploty nevy\u013eakali 770 pripraven\u00fdch pretek\u00e1rov. Napriek menej prajn\u00e9mu po\u010dasiu sa \u0161tartov\u00e9 pole v\u00a0rann\u00fdch hodin\u00e1ch rozpohybovalo v\u00a0\u00fastrety trom variantom trat\u00ed. <strong>Najr\u00fdchlej\u0161\u00edm spomedzi mu\u017eov sa stal majster Slovenska, T. Vi\u0161\u0148ovsk\u00fd. V\u00a0\u017eenskej kateg\u00f3rii \u00faradovala A. \u0160imora<\/strong>.<\/p>\n<p><a href=\"https:\/\/d2p6e6u75xmxt8.cloudfront.net\/4\/2019\/09\/02.jpg\"><img loading=\"lazy\" decoding=\"async\" class=\"alignnone size-full wp-image-8196\" src=\"https:\/\/d2p6e6u75xmxt8.cloudfront.net\/4\/2019\/09\/02.jpg\" alt=\"\" width=\"1200\" height=\"800\" \/><\/a><\/p>\n<p>V\u00a0cie\u013eovom priestore boli pripraven\u00e9 akcie aj pre najmen\u0161\u00edch. Okrem \u00faschovne bicyklov a\u00a0dobr\u00e9ho jedla nech\u00fdbala ani tradi\u010dn\u00e1 tombola. Viac o\u00a0tomto podujat\u00ed sa dozviete v\u00a0<a href=\"https:\/\/www.welovecycling.com\/sk\/2019\/04\/17\/reportaz-skoda-svatojursky-mtb-maraton-2019-sviezi-start-maratonskej-sezony\/\">report\u00e1\u017ei<\/a>.<\/p>\n<lite-youtube videoid=NBl7Yc1UUBM params=\"enablejsapi=1\" style=\"background-image: url('https:\/\/i.ytimg.com\/vi_webp\/NBl7Yc1UUBM\/maxresdefault.webp');\"><\/lite-youtube>\n<h2><strong>\u0160koda Vlko Hron MTB Marat\u00f3n \u2013 4. m\u00e1ja<\/strong><\/h2>\n<p>O\u00a0mesiac po Sv\u00e4tojurskom marat\u00f3ne sa po\u010dasie \u201eum\u00fadrilo\u201c. Aj ke\u010f dlh\u00e9 n\u00e1vleky e\u0161te \u00faplne nevystriedali kr\u00e1tke dresy, napriek tomu sa vo Vlkanovej stretlo nieko\u013eko sto pretek\u00e1rov. Such\u00e1 tra\u0165 pote\u0161ila h\u00e1dam v\u0161etk\u00fdch, \u010di u\u017e si vybrali 27, 47 alebo 75-kilometrov\u00fa tra\u0165. Po n\u00e1ro\u010dnom boji sa na najdlh\u0161om variante <strong>radoval z\u00a0v\u00ed\u0165azstva M. Kostelni\u010d\u00e1k<\/strong> s\u00a0\u010dasom 2:55. Detsk\u00e9 preteky pod ozna\u010den\u00edm \u0160koda Family s\u00a0d\u013a\u017ekou 2 a\u00a08 km bavili nielen s\u00fa\u0165a\u017eiace deti v\u00a0\u010dase, kedy ich tatovia a\u00a0mamy \u00fapenlivo zdol\u00e1vali n\u00e1strahy marat\u00f3nu. Nev\u0161edn\u00fdm \u201edvojbojom\u201c bola kombin\u00e1cia 10 km behu a\u00a027 km cyklistick\u00e9ho okruhu, ktor\u00fa si mohli pretek\u00e1ri vysk\u00fa\u0161a\u0165 vo\u00a0dvojici. Ani tu nech\u00fdbali report\u00e9ri, v\u010faka \u010domu si o\u00a0marat\u00f3ne m\u00f4\u017eete <a href=\"https:\/\/www.welovecycling.com\/sk\/2019\/05\/08\/reportaz-skoda-vlko-hron-mtb-maraton-bikerov-privitalo-srdce-slovenska\/\">pre\u010d\u00edta\u0165<\/a> aj nie\u010do viac.<\/p>\n<lite-youtube videoid=fqROSgKdRg8 params=\"enablejsapi=1\" style=\"background-image: url('https:\/\/i.ytimg.com\/vi_webp\/fqROSgKdRg8\/maxresdefault.webp');\"><\/lite-youtube>\n<h2><strong>\u0160koda Marat\u00f3n Levo\u010dsk\u00e9 vrchy \u2013 25. m\u00e1ja<\/strong><\/h2>\n<p>A\u017e na Spi\u0161 sa preniesla \u0160BOT v\u00a0druhej polovici m\u00e1ja. A\u00a0\u017ee to st\u00e1lo za to! Tepl\u00e9 slne\u010dn\u00e9 po\u010dasie vy\u010darilo \u00fasmev na takmer ka\u017edej tv\u00e1ri. V\u00a0lesoch sa v\u0161ak po v\u00fddatn\u00fdch da\u017e\u010foch skr\u00fdvalo aj blato, ktor\u00e9 v\u0161ak nezastavilo <strong>celkov\u00e9ho v\u00ed\u0165aza, M. Kostelni\u010d\u00e1ka<\/strong>, od zasl\u00fa\u017eenej trofeje. V\u00a0cieli sme tak mali mo\u017enos\u0165 vidie\u0165 biele \u00fasmevy, skr\u00fdvaj\u00face sa za r\u00fddzo pr\u00edrodnou bahennou maskou.<\/p>\n<p><a href=\"https:\/\/d2p6e6u75xmxt8.cloudfront.net\/4\/2019\/09\/03.jpg\"><img loading=\"lazy\" decoding=\"async\" class=\"alignnone size-full wp-image-8197\" src=\"https:\/\/d2p6e6u75xmxt8.cloudfront.net\/4\/2019\/09\/03.jpg\" alt=\"\" width=\"1200\" height=\"800\" \/><\/a><\/p>\n<p>Neopomenute\u013en\u00fdm momentom celej s\u00e9rie je aj snaha organiz\u00e1torov <strong>minimalizova\u0165 odpad\u00a0po\u010das cel\u00e9ho marat\u00f3nu<\/strong>. Pohyb v\u00a0lese tak naber\u00e1 na skuto\u010dnej l\u00e1ske k\u00a0pr\u00edrode, ktor\u00e1 je neoddelite\u013enou s\u00fa\u010das\u0165ou cyklistiky. V\u00a0Levo\u010dsk\u00fdch vrchoch bolo naozaj veselo, \u010doho d\u00f4kazom je aj na\u0161a <a href=\"https:\/\/www.welovecycling.com\/sk\/2019\/05\/30\/reportaz-skoda-mtb-maraton-levocske-vrchy-zelena-oslava-cyklistiky\/\">report\u00e1\u017e<\/a>.<\/p>\n<lite-youtube videoid=BeqWPrqW-IE params=\"enablejsapi=1\" style=\"background-image: url('https:\/\/i.ytimg.com\/vi_webp\/BeqWPrqW-IE\/maxresdefault.webp');\"><\/lite-youtube>\n<h2><strong>\u0160koda MTB Marat\u00f3n Rajeck\u00e9 Teplice \u2013 15. j\u00fana<\/strong><\/h2>\n<p>To, \u017ee Rajeck\u00e9 Teplice nie s\u00fa len miestom pohodln\u00e9ho relaxu, si overili priaznivci cyklistiky hne\u010f zbl\u00edzka. Ve\u010f \u010do je povzbudivej\u0161ie, ne\u017e \u0161tartova\u0165 a\u00a0fini\u0161ova\u0165 v\u00a0bezprostrednej bl\u00edzkosti k\u00fapaliska? Po\u010dasie nesklamalo ani v\u00a0t\u00fato sobotu a\u00a0postaralo sa o\u00a0pr\u00edjemn\u00e9 cyklistick\u00e9 z\u00e1\u017eitky. Najdlh\u0161iu, 80 km trasu s\u00a02 000 metrov\u00fdm prev\u00fd\u0161en\u00edm, <strong>najr\u00fdchlej\u0161ie zvl\u00e1dol T. Vi\u0161\u0148ovsk\u00fd<\/strong>.<\/p>\n<p><a href=\"https:\/\/d2p6e6u75xmxt8.cloudfront.net\/4\/2019\/09\/04.jpg\"><img loading=\"lazy\" decoding=\"async\" class=\"alignnone size-full wp-image-8198\" src=\"https:\/\/d2p6e6u75xmxt8.cloudfront.net\/4\/2019\/09\/04.jpg\" alt=\"\" width=\"1200\" height=\"800\" \/><\/a><\/p>\n<p>V\u00a0z\u00e1zem\u00ed sa o\u00a0pozit\u00edvnu atmosf\u00e9ru staral sk\u00e1kac\u00ed hrad, \u0161m\u00fdka\u010dka, ma\u013eovanie na auto \u010di pre\u0165ahovanie sa lanom. Nech\u00fdbali ani hudobn\u00edci na p\u00f3diu. Celkov\u00fd po\u010det takmer 700 \u00fa\u010dastn\u00edkov m\u00f4\u017ee organiz\u00e1torov te\u0161i\u0165 a\u00a0naladi\u0165 ich na bud\u00faci ro\u010dn\u00edk. Viac sa do\u010d\u00edtate aj v na\u0161ej <a href=\"https:\/\/www.welovecycling.com\/sk\/2019\/06\/18\/reportaz-skoda-mtb-maraton-rajecke-teplice-v-znameni-vody-a-slnka\/\">report\u00e1\u017ei<\/a>.<\/p>\n<lite-youtube videoid=VwJcnHVa-w8 params=\"enablejsapi=1\" style=\"background-image: url('https:\/\/i.ytimg.com\/vi_webp\/VwJcnHVa-w8\/maxresdefault.webp');\"><\/lite-youtube>\n<h2><strong>\u0160koda Horal MTB Marat\u00f3n \u2013 10. augusta<\/strong><\/h2>\n<p>Posledn\u00fdm podujat\u00edm \u0160koda BIKE OPEN TOUR bol povestn\u00fd Horal. Aj ke\u010f si jazdci mohli vybra\u0165 hne\u010f z\u00a0p\u00e4tice trat\u00ed, tou nefal\u0161ovane horskou bola Krejzi s\u00a0d\u013a\u017ekou 134 km a\u00a0prev\u00fd\u0161en\u00edm 4 500 m, ktor\u00e1 pred dvoma rokmi hostila Majstrovstv\u00e1 Eur\u00f3py. Po minulom roku sa po\u010dasie um\u00fadrilo. Po vy\u0161e \u0161iestich hodin\u00e1ch sa v\u00a0cieli ako prv\u00e1 objavila legenda horskej cyklistiky, <strong>K. Hartl<\/strong>, s\u00a0n\u00e1skokom takmer pol hodiny na druh\u00e9ho pretek\u00e1ra. Medzi \u017eenami si po <strong>v\u00ed\u0165azstvo<\/strong> pri\u0161la <strong>Z. Pal\u00fachov\u00e1<\/strong> s\u00a0\u00factyhodn\u00fdm \u010dasom vy\u0161e desiatich hod\u00edn. Atmosf\u00e9ra v\u00a0cieli ani po takejto dobe neust\u00e1vala. D\u00f4vodom bol spr\u00e1vny cyklistick\u00fd duch a\u00a0mno\u017estvo sprievodn\u00fdch podujat\u00ed, ktor\u00e9 najviac p\u00e1\u010dili asi t\u00fdm najmen\u0161\u00edm. Report z\u00a0posledn\u00e9ho kola \u0160BOT je dostupn\u00fd na <a href=\"https:\/\/www.welovecycling.com\/sk\/2019\/08\/15\/reportaz-skoda-horal-mtb-maraton-finale-ako-sa-patri\/\">tomto odkaze<\/a>.<\/p>\n<p>Sl\u00e1vnostn\u00fdm zakon\u010den\u00edm s\u00e9rie bolo <strong>\u017erebovanie hlavnej ceny fin\u00e1lovej tomboly<\/strong>, ktorou bolo <strong>novu\u010di\u010dk\u00e9 auto \u0160koda FABIA COMBI<\/strong>. \u0160\u0165astie sa napokon usmialo na bikerku Martinu, ktor\u00e1 n\u00e1m svoju cestu k tejto v\u00fdhre op\u00edsala v pr\u00edjemnom <a href=\"https:\/\/www.welovecycling.com\/sk\/2019\/08\/28\/rozhovor-vitazka-automobilu-skoda-fabia-combi\/\">rozhovore<\/a>.<\/p>\n<p><a href=\"https:\/\/d2p6e6u75xmxt8.cloudfront.net\/4\/2019\/09\/05.jpg\"><img loading=\"lazy\" decoding=\"async\" class=\"alignnone size-full wp-image-8199\" src=\"https:\/\/d2p6e6u75xmxt8.cloudfront.net\/4\/2019\/09\/05.jpg\" alt=\"\" width=\"1200\" height=\"800\" \/><\/a><\/p>\n<p><strong>Viac ako 3 800 pretek\u00e1rov sa z\u00fa\u010dastnilo na celej s\u00e9rii \u0160koda BIKE OPEN TOUR 2019<\/strong>. Nemal\u00e9 \u010d\u00edslo hovor\u00ed za v\u0161etko. Spokojnos\u0165 pretek\u00e1rov na trati a\u00a0v\u00a0cieli, spokojnos\u0165 aj ich drah\u00fdch, \u010dakaj\u00facich na ich pr\u00edchod, je k\u013e\u00fa\u010dov\u00e1. Symbolickou bodkou za \u00faspe\u0161nou sez\u00f3nou je narastaj\u00faca \u00fa\u010das\u0165 t\u00fdch najmen\u0161\u00edch pretek\u00e1rov, ktor\u00ed sa mohli v\u00a0sprievode rodi\u010dov porovna\u0165 na tratiach \u0160koda Family. T\u00edm organiz\u00e1torov u\u017e teraz pracuje na s\u00e9rii pre \u010fal\u0161\u00ed ro\u010dn\u00edk, ktor\u00fd bude v\u00fdnimo\u010dn\u00fd nielen svoj\u00edm magick\u00fdm \u010d\u00edslom 2020!<\/p>\n","protected":false},"excerpt":{"rendered":"<p>Jeden z\u00a0najnav\u0161tevovanej\u0161\u00edch cyklistick\u00fdch seri\u00e1lov zav\u0155\u0161il sez\u00f3nu 2019 vo Svite po\u010das legend\u00e1rnych pretekov \u0160koda HORAL MTB marat\u00f3n. Ak\u00e1 t\u00e1to sez\u00f3na skuto\u010dne [&hellip;]<\/p>\n","protected":false},"author":38,"featured_media":8200,"comment_status":"open","ping_status":"open","sticky":false,"template":"","format":"standard","meta":{"footnotes":""},"categories":[33],"tags":[178,179,474,542,1009,562,35,77,404,963,214,859,860,271,182,360,92,858,523],"global-categories":[],"class_list":["post-8192","post","type-post","status-publish","format-standard","has-post-thumbnail","hentry","category-sbot","tag-maraton","tag-preteky","tag-rodinny-maraton","tag-skoda","tag-skoda-auto","tag-skoda-bicykel","tag-sbot","tag-skoda-dedina","tag-skoda-dohnany-puchov-trophy","tag-skoda-fabia","tag-skoda-horal-mtb-maraton","tag-skoda-mtb-maraton-levocske-vrchy","tag-skoda-mtb-maraton-rajecke-teplice","tag-skoda-slovensky-raj","tag-skoda-stupava-trophy","tag-skoda-svatojursky-mtb-maraton","tag-skoda-tim","tag-skoda-vlko-hron","tag-slovensko"],"yoast_head":"<!-- This site is optimized with the Yoast SEO Premium plugin v25.3 (Yoast SEO v25.9) - https:\/\/yoast.com\/wordpress\/plugins\/seo\/ -->\n<title>\u0160koda BIKE OPEN TOUR m\u00e1 za sebou u\u017e svoj 6. ro\u010dn\u00edk - \u0160koda We Love Cycling Slovensko<\/title>\n<meta name=\"robots\" content=\"index, follow, max-snippet:-1, max-image-preview:large, max-video-preview:-1\" \/>\n<link rel=\"canonical\" href=\"https:\/\/www.welovecycling.com\/sk\/2019\/09\/04\/skoda-bike-open-tour-2019-ma-za-sebou-dalsi-uz-6-uspesny-rocnik\/\" \/>\n<meta property=\"og:locale\" content=\"sk_SK\" \/>\n<meta property=\"og:type\" content=\"article\" \/>\n<meta property=\"og:title\" content=\"\u0160koda BIKE OPEN TOUR m\u00e1 za sebou u\u017e svoj 6. ro\u010dn\u00edk\" \/>\n<meta property=\"og:description\" content=\"Jeden z\u00a0najnav\u0161tevovanej\u0161\u00edch cyklistick\u00fdch seri\u00e1lov zav\u0155\u0161il sez\u00f3nu 2019 vo Svite po\u010das legend\u00e1rnych pretekov \u0160koda HORAL MTB marat\u00f3n. Ak\u00e1 t\u00e1to sez\u00f3na skuto\u010dne [&hellip;]\" \/>\n<meta property=\"og:url\" content=\"https:\/\/www.welovecycling.com\/sk\/2019\/09\/04\/skoda-bike-open-tour-2019-ma-za-sebou-dalsi-uz-6-uspesny-rocnik\/\" \/>\n<meta property=\"og:site_name\" content=\"\u0160koda We Love Cycling Slovensko\" \/>\n<meta property=\"article:published_time\" content=\"2019-09-04T08:06:00+00:00\" \/>\n<meta property=\"article:modified_time\" content=\"2020-01-30T11:06:30+00:00\" \/>\n<meta property=\"og:image\" content=\"https:\/\/d2p6e6u75xmxt8.cloudfront.net\/4\/2019\/09\/00.webp\" \/>\n\t<meta property=\"og:image:width\" content=\"1380\" \/>\n\t<meta property=\"og:image:height\" content=\"600\" \/>\n\t<meta property=\"og:image:type\" content=\"image\/webp\" \/>\n<meta name=\"author\" content=\"Ondrej Ga\u0161par\" \/>\n<meta name=\"twitter:card\" content=\"summary_large_image\" \/>\n<meta name=\"twitter:label1\" content=\"Written by\" \/>\n\t<meta name=\"twitter:data1\" content=\"We Love Cycling\" \/>\n\t<meta name=\"twitter:label2\" content=\"Est. reading time\" \/>\n\t<meta name=\"twitter:data2\" content=\"7\" \/>\n<script type=\"application\/ld+json\" class=\"yoast-schema-graph\">{\"@context\":\"https:\/\/schema.org\",\"@graph\":[{\"@type\":\"WebPage\",\"@id\":\"https:\/\/www.welovecycling.com\/sk\/2019\/09\/04\/skoda-bike-open-tour-2019-ma-za-sebou-dalsi-uz-6-uspesny-rocnik\/\",\"url\":\"https:\/\/www.welovecycling.com\/sk\/2019\/09\/04\/skoda-bike-open-tour-2019-ma-za-sebou-dalsi-uz-6-uspesny-rocnik\/\",\"name\":\"\u0160koda BIKE OPEN TOUR m\u00e1 za sebou u\u017e svoj 6. ro\u010dn\u00edk - \u0160koda We Love Cycling Slovensko\",\"isPartOf\":{\"@id\":\"https:\/\/www.welovecycling.com\/sk\/#website\"},\"primaryImageOfPage\":{\"@id\":\"https:\/\/www.welovecycling.com\/sk\/2019\/09\/04\/skoda-bike-open-tour-2019-ma-za-sebou-dalsi-uz-6-uspesny-rocnik\/#primaryimage\"},\"image\":{\"@id\":\"https:\/\/www.welovecycling.com\/sk\/2019\/09\/04\/skoda-bike-open-tour-2019-ma-za-sebou-dalsi-uz-6-uspesny-rocnik\/#primaryimage\"},\"thumbnailUrl\":\"https:\/\/d2p6e6u75xmxt8.cloudfront.net\/4\/2019\/09\/00.webp\",\"datePublished\":\"2019-09-04T08:06:00+00:00\",\"dateModified\":\"2020-01-30T11:06:30+00:00\",\"author\":{\"@id\":\"https:\/\/www.welovecycling.com\/sk\/#\/schema\/person\/8ee09ba39b7e25b1870160aa5b3a89bc\"},\"breadcrumb\":{\"@id\":\"https:\/\/www.welovecycling.com\/sk\/2019\/09\/04\/skoda-bike-open-tour-2019-ma-za-sebou-dalsi-uz-6-uspesny-rocnik\/#breadcrumb\"},\"inLanguage\":\"sk-SK\",\"potentialAction\":[{\"@type\":\"ReadAction\",\"target\":[\"https:\/\/www.welovecycling.com\/sk\/2019\/09\/04\/skoda-bike-open-tour-2019-ma-za-sebou-dalsi-uz-6-uspesny-rocnik\/\"]}]},{\"@type\":\"ImageObject\",\"inLanguage\":\"sk-SK\",\"@id\":\"https:\/\/www.welovecycling.com\/sk\/2019\/09\/04\/skoda-bike-open-tour-2019-ma-za-sebou-dalsi-uz-6-uspesny-rocnik\/#primaryimage\",\"url\":\"https:\/\/d2p6e6u75xmxt8.cloudfront.net\/4\/2019\/09\/00.webp\",\"contentUrl\":\"https:\/\/d2p6e6u75xmxt8.cloudfront.net\/4\/2019\/09\/00.webp\",\"width\":1380,\"height\":600},{\"@type\":\"BreadcrumbList\",\"@id\":\"https:\/\/www.welovecycling.com\/sk\/2019\/09\/04\/skoda-bike-open-tour-2019-ma-za-sebou-dalsi-uz-6-uspesny-rocnik\/#breadcrumb\",\"itemListElement\":[{\"@type\":\"ListItem\",\"position\":1,\"name\":\"Home\",\"item\":\"https:\/\/www.welovecycling.com\/sk\/\"},{\"@type\":\"ListItem\",\"position\":2,\"name\":\"\u0160koda BIKE OPEN TOUR m\u00e1 za sebou u\u017e svoj 6. ro\u010dn\u00edk\"}]},{\"@type\":\"WebSite\",\"@id\":\"https:\/\/www.welovecycling.com\/sk\/#website\",\"url\":\"https:\/\/www.welovecycling.com\/sk\/\",\"name\":\"\u0160koda We Love Cycling Slovensko\",\"description\":\"\u0160koda We Love Cycling Slovensko je v\u00e1\u0161 ka\u017edodenn\u00fd zdroj noviniek a in\u0161pir\u00e1cie z sveta cyklistiky\",\"potentialAction\":[{\"@type\":\"SearchAction\",\"target\":{\"@type\":\"EntryPoint\",\"urlTemplate\":\"https:\/\/www.welovecycling.com\/sk\/?s={search_term_string}\"},\"query-input\":{\"@type\":\"PropertyValueSpecification\",\"valueRequired\":true,\"valueName\":\"search_term_string\"}}],\"inLanguage\":\"sk-SK\"},{\"@type\":\"Person\",\"@id\":\"https:\/\/www.welovecycling.com\/sk\/#\/schema\/person\/8ee09ba39b7e25b1870160aa5b3a89bc\",\"name\":\"Ondrej Ga\u0161par\",\"image\":{\"@type\":\"ImageObject\",\"inLanguage\":\"sk-SK\",\"@id\":\"https:\/\/www.welovecycling.com\/sk\/#\/schema\/person\/image\/\",\"url\":\"https:\/\/secure.gravatar.com\/avatar\/6126c9afb87b70da5abbb083ddbb21933da15f18f8ca7cb822aba0fb096a48f6?s=96&d=mm&r=g\",\"contentUrl\":\"https:\/\/secure.gravatar.com\/avatar\/6126c9afb87b70da5abbb083ddbb21933da15f18f8ca7cb822aba0fb096a48f6?s=96&d=mm&r=g\",\"caption\":\"Ondrej Ga\u0161par\"},\"url\":\"https:\/\/www.welovecycling.com\/sk\/author\/ondrejgaspar\/\"}]}<\/script>\n<!-- \/ Yoast SEO Premium plugin. -->","yoast_head_json":{"title":"\u0160koda BIKE OPEN TOUR m\u00e1 za sebou u\u017e svoj 6. ro\u010dn\u00edk - \u0160koda We Love Cycling Slovensko","robots":{"index":"index","follow":"follow","max-snippet":"max-snippet:-1","max-image-preview":"max-image-preview:large","max-video-preview":"max-video-preview:-1"},"canonical":"https:\/\/www.welovecycling.com\/sk\/2019\/09\/04\/skoda-bike-open-tour-2019-ma-za-sebou-dalsi-uz-6-uspesny-rocnik\/","og_locale":"sk_SK","og_type":"article","og_title":"\u0160koda BIKE OPEN TOUR m\u00e1 za sebou u\u017e svoj 6. ro\u010dn\u00edk","og_description":"Jeden z\u00a0najnav\u0161tevovanej\u0161\u00edch cyklistick\u00fdch seri\u00e1lov zav\u0155\u0161il sez\u00f3nu 2019 vo Svite po\u010das legend\u00e1rnych pretekov \u0160koda HORAL MTB marat\u00f3n. Ak\u00e1 t\u00e1to sez\u00f3na skuto\u010dne [&hellip;]","og_url":"https:\/\/www.welovecycling.com\/sk\/2019\/09\/04\/skoda-bike-open-tour-2019-ma-za-sebou-dalsi-uz-6-uspesny-rocnik\/","og_site_name":"\u0160koda We Love Cycling Slovensko","article_published_time":"2019-09-04T08:06:00+00:00","article_modified_time":"2020-01-30T11:06:30+00:00","og_image":[{"width":1380,"height":600,"url":"https:\/\/d2p6e6u75xmxt8.cloudfront.net\/4\/2019\/09\/00.webp","type":"image\/webp"}],"author":"Ondrej Ga\u0161par","twitter_card":"summary_large_image","twitter_misc":{"Written by":"We Love Cycling","Est. reading time":"7"},"schema":{"@context":"https:\/\/schema.org","@graph":[{"@type":"WebPage","@id":"https:\/\/www.welovecycling.com\/sk\/2019\/09\/04\/skoda-bike-open-tour-2019-ma-za-sebou-dalsi-uz-6-uspesny-rocnik\/","url":"https:\/\/www.welovecycling.com\/sk\/2019\/09\/04\/skoda-bike-open-tour-2019-ma-za-sebou-dalsi-uz-6-uspesny-rocnik\/","name":"\u0160koda BIKE OPEN TOUR m\u00e1 za sebou u\u017e svoj 6. ro\u010dn\u00edk - \u0160koda We Love Cycling Slovensko","isPartOf":{"@id":"https:\/\/www.welovecycling.com\/sk\/#website"},"primaryImageOfPage":{"@id":"https:\/\/www.welovecycling.com\/sk\/2019\/09\/04\/skoda-bike-open-tour-2019-ma-za-sebou-dalsi-uz-6-uspesny-rocnik\/#primaryimage"},"image":{"@id":"https:\/\/www.welovecycling.com\/sk\/2019\/09\/04\/skoda-bike-open-tour-2019-ma-za-sebou-dalsi-uz-6-uspesny-rocnik\/#primaryimage"},"thumbnailUrl":"https:\/\/d2p6e6u75xmxt8.cloudfront.net\/4\/2019\/09\/00.webp","datePublished":"2019-09-04T08:06:00+00:00","dateModified":"2020-01-30T11:06:30+00:00","author":{"@id":"https:\/\/www.welovecycling.com\/sk\/#\/schema\/person\/8ee09ba39b7e25b1870160aa5b3a89bc"},"breadcrumb":{"@id":"https:\/\/www.welovecycling.com\/sk\/2019\/09\/04\/skoda-bike-open-tour-2019-ma-za-sebou-dalsi-uz-6-uspesny-rocnik\/#breadcrumb"},"inLanguage":"sk-SK","potentialAction":[{"@type":"ReadAction","target":["https:\/\/www.welovecycling.com\/sk\/2019\/09\/04\/skoda-bike-open-tour-2019-ma-za-sebou-dalsi-uz-6-uspesny-rocnik\/"]}]},{"@type":"ImageObject","inLanguage":"sk-SK","@id":"https:\/\/www.welovecycling.com\/sk\/2019\/09\/04\/skoda-bike-open-tour-2019-ma-za-sebou-dalsi-uz-6-uspesny-rocnik\/#primaryimage","url":"https:\/\/d2p6e6u75xmxt8.cloudfront.net\/4\/2019\/09\/00.webp","contentUrl":"https:\/\/d2p6e6u75xmxt8.cloudfront.net\/4\/2019\/09\/00.webp","width":1380,"height":600},{"@type":"BreadcrumbList","@id":"https:\/\/www.welovecycling.com\/sk\/2019\/09\/04\/skoda-bike-open-tour-2019-ma-za-sebou-dalsi-uz-6-uspesny-rocnik\/#breadcrumb","itemListElement":[{"@type":"ListItem","position":1,"name":"Home","item":"https:\/\/www.welovecycling.com\/sk\/"},{"@type":"ListItem","position":2,"name":"\u0160koda BIKE OPEN TOUR m\u00e1 za sebou u\u017e svoj 6. ro\u010dn\u00edk"}]},{"@type":"WebSite","@id":"https:\/\/www.welovecycling.com\/sk\/#website","url":"https:\/\/www.welovecycling.com\/sk\/","name":"\u0160koda We Love Cycling Slovensko","description":"\u0160koda We Love Cycling Slovensko je v\u00e1\u0161 ka\u017edodenn\u00fd zdroj noviniek a in\u0161pir\u00e1cie z sveta cyklistiky","potentialAction":[{"@type":"SearchAction","target":{"@type":"EntryPoint","urlTemplate":"https:\/\/www.welovecycling.com\/sk\/?s={search_term_string}"},"query-input":{"@type":"PropertyValueSpecification","valueRequired":true,"valueName":"search_term_string"}}],"inLanguage":"sk-SK"},{"@type":"Person","@id":"https:\/\/www.welovecycling.com\/sk\/#\/schema\/person\/8ee09ba39b7e25b1870160aa5b3a89bc","name":"Ondrej Ga\u0161par","image":{"@type":"ImageObject","inLanguage":"sk-SK","@id":"https:\/\/www.welovecycling.com\/sk\/#\/schema\/person\/image\/","url":"https:\/\/secure.gravatar.com\/avatar\/6126c9afb87b70da5abbb083ddbb21933da15f18f8ca7cb822aba0fb096a48f6?s=96&d=mm&r=g","contentUrl":"https:\/\/secure.gravatar.com\/avatar\/6126c9afb87b70da5abbb083ddbb21933da15f18f8ca7cb822aba0fb096a48f6?s=96&d=mm&r=g","caption":"Ondrej Ga\u0161par"},"url":"https:\/\/www.welovecycling.com\/sk\/author\/ondrejgaspar\/"}]}},"_links":{"self":[{"href":"https:\/\/www.welovecycling.com\/sk\/wp-json\/wp\/v2\/posts\/8192","targetHints":{"allow":["GET"]}}],"collection":[{"href":"https:\/\/www.welovecycling.com\/sk\/wp-json\/wp\/v2\/posts"}],"about":[{"href":"https:\/\/www.welovecycling.com\/sk\/wp-json\/wp\/v2\/types\/post"}],"author":[{"embeddable":true,"href":"https:\/\/www.welovecycling.com\/sk\/wp-json\/wp\/v2\/users\/38"}],"replies":[{"embeddable":true,"href":"https:\/\/www.welovecycling.com\/sk\/wp-json\/wp\/v2\/comments?post=8192"}],"version-history":[{"count":2,"href":"https:\/\/www.welovecycling.com\/sk\/wp-json\/wp\/v2\/posts\/8192\/revisions"}],"predecessor-version":[{"id":9254,"href":"https:\/\/www.welovecycling.com\/sk\/wp-json\/wp\/v2\/posts\/8192\/revisions\/9254"}],"wp:featuredmedia":[{"embeddable":true,"href":"https:\/\/www.welovecycling.com\/sk\/wp-json\/wp\/v2\/media\/8200"}],"wp:attachment":[{"href":"https:\/\/www.welovecycling.com\/sk\/wp-json\/wp\/v2\/media?parent=8192"}],"wp:term":[{"taxonomy":"category","embeddable":true,"href":"https:\/\/www.welovecycling.com\/sk\/wp-json\/wp\/v2\/categories?post=8192"},{"taxonomy":"post_tag","embeddable":true,"href":"https:\/\/www.welovecycling.com\/sk\/wp-json\/wp\/v2\/tags?post=8192"},{"taxonomy":"global-categories","embeddable":true,"href":"https:\/\/www.welovecycling.com\/sk\/wp-json\/wp\/v2\/global-categories?post=8192"}],"curies":[{"name":"wp","href":"https:\/\/api.w.org\/{rel}","templated":true}]}}