{"id":8171,"date":"2019-08-31T10:25:02","date_gmt":"2019-08-31T08:25:02","guid":{"rendered":"https:\/\/www.welovecycling.com\/sk\/?p=8171"},"modified":"2019-08-30T14:57:51","modified_gmt":"2019-08-30T12:57:51","slug":"mesacna-desiatka-august-plny-novych-pribehov","status":"publish","type":"post","link":"https:\/\/www.welovecycling.com\/sk\/2019\/08\/31\/mesacna-desiatka-august-plny-novych-pribehov\/","title":{"rendered":"Mesa\u010dn\u00e1 desiatka \u2013 august pln\u00fd nov\u00fdch pr\u00edbehov"},"content":{"rendered":"<p><strong>Druh\u00fd z\u00a0r\u00fddzo letn\u00fdch mesiacov n\u00e1s poctil nev\u00eddan\u00fdm mno\u017estvom cyklistick\u00fdm z\u00e1\u017eitkov. Od o\u010dak\u00e1van\u00fdch podujat\u00ed, a\u017e k\u00a0nov\u00fdm a\u00a0\u010diasto\u010dne kontroverzn\u00fdm akci\u00e1m. Neh\u013eadiac na to, pozrime sa na desa\u0165 z\u00a0nich.<\/strong><!--more--><\/p>\n<h2><strong>Pretek\u00e1rom na Vuelte nesta\u010dia ani doprovodn\u00e9 aut\u00e1<\/strong><\/h2>\n<p>Hne\u010f v\u00a0\u00favode Vuelty sa v\u00a0harmonograme prv\u00e9ho d\u0148a objavila t\u00edmov\u00e1 \u010dasovka. Jej vzdialenos\u0165 &#8211; necel\u00fdch 14 km &#8211; predpovedala r\u00fdchle \u010dasy. Navy\u0161e sa dej tohto d\u0148a odohr\u00e1val v\u00a0uliciach Torrevieja. Pr\u00e1ve tento aspekt sp\u00f4sobil probl\u00e9my t\u00edmu Euskadi-Murias. Pomocn\u00e9 auto, ktor\u00e9 nasledovalo osmi\u010dku pretek\u00e1rov, <strong>nestihlo dobrzdi\u0165 pred ostrou z\u00e1krutou a\u00a0zastavili ho a\u017e pr\u00edtomn\u00e9 bari\u00e9ry<\/strong>. Nu\u017e, aj tak\u00e1 je cyklistika.<\/p>\n<lite-youtube videoid=6l9eApjmN0A params=\"enablejsapi=1\" style=\"background-image: url('https:\/\/i.ytimg.com\/vi_webp\/6l9eApjmN0A\/maxresdefault.webp');\"><\/lite-youtube>\n<h2><strong>Majstrovstv\u00e1 sveta BMX odmenili nov\u00fdch \u0161ampi\u00f3nov<\/strong><\/h2>\n<p>Tohtoro\u010dn\u00e9 Majstrovstv\u00e1 sveta v\u00a0discipl\u00edne BMX sa odohr\u00e1vali v Zolderi, v Belgicku. Okrem hor\u00faceho po\u010dasia, ktor\u00e9 v\u00a0z\u00e1vere t\u00fd\u017ed\u0148a vystriedali da\u017ede, sa <strong>do hist\u00f3rie BMX zap\u00edsali aj celkov\u00e9 \u010d\u00edsla \u00fa\u010dastn\u00edkov<\/strong>. V\u00a0kateg\u00f3rii \u201eChallenge\u201c sa prihl\u00e1silo 3 495 jazdcov a\u00a0v\u00a0skupine \u201eChampionship\u201c to bolo 236. Pr\u00e1ve v\u00a0druhej z\u00a0nich sa rozd\u00e1vali d\u00fahovan\u00e9 dresy. V\u00a0\u017eenskej kateg\u00f3rii to bola A. Willoughby, ktor\u00e1 rozhodla o\u00a0svojom prvenstve a\u017e na z\u00e1vere\u010dnej rovinke. Aj napriek p\u00e1du skupinky v\u00a0mu\u017eskej fin\u00e1lovej jazde, si prv\u00e9 miesto &#8211; od \u0161tartu do cie\u013ea &#8211; udr\u017eal T. van Gendt.<\/p>\n<p><a href=\"https:\/\/d2p6e6u75xmxt8.cloudfront.net\/4\/2019\/08\/01-4.jpg\"><img loading=\"lazy\" decoding=\"async\" src=\"https:\/\/d2p6e6u75xmxt8.cloudfront.net\/4\/2019\/08\/01-4.jpg\" alt=\"\" width=\"1200\" height=\"800\" class=\"alignnone size-full wp-image-8179\" \/><\/a><\/p>\n<h2><strong>Majstrovstv\u00e1 sveta horsk\u00fdch elektrobicyklov<\/strong><\/h2>\n<p>Pr\u00e1ve toto podujatie malo pod hlavi\u010dkou UCI svoju historicky prv\u00fa premi\u00e9ru. Na trati v\u00a0Mont-Sainte-Anne sa zoskupilo siln\u00e9 pole pretek\u00e1rov. Medzi nimi nech\u00fdbali men\u00e1 olympijsk\u00fdch v\u00ed\u0165azov, ako J. Absalon a\u00a0J. Kulhav\u00fd \u010di M. A. Fontana. U\u00a0\u017eien to bola naopak A. Beerten. Nakoniec sa z\u00a0v\u00ed\u0165azstva te\u0161ili A. Hatherly a\u00a0N. Schneitter. Nutno podotkn\u00fa\u0165, \u017ee jazdci mali k\u00a0dispoz\u00edcii leg\u00e1lne obmedzen\u00e9 elektrobicykle s\u00a0limitom podpory 25 km\/h. Je v\u0161ak na mieste polo\u017ei\u0165 si ot\u00e1zku: <strong>Je toto smer, ktor\u00fdm sa m\u00e1 v\u00fdkonnostn\u00e1 cyklistika skuto\u010dne ubera\u0165?<\/strong><\/p>\n<lite-youtube videoid=vcSMKWTEkcI params=\"enablejsapi=1\" style=\"background-image: url('https:\/\/i.ytimg.com\/vi_webp\/vcSMKWTEkcI\/maxresdefault.webp');\"><\/lite-youtube>\n<h2><strong>Peter Sagan nezanedb\u00e1va ani tr\u00e9ning techniky na horskom bicykli<\/strong><\/h2>\n<p>Ak nie je na niektorom z\u00a0prest\u00ed\u017enych podujat\u00ed, <strong>tr\u00e9nuje alebo oddychuje<\/strong>. V\u00a0tomto pr\u00edpade by sme mohli poveda\u0165, \u017ee dok\u00e1zal spoji\u0165 oboje. V\u00a0suchom prostred\u00ed listnat\u00fdch lesoch si na\u0161iel pr\u00edjemn\u00e9 miesto pre nacvi\u010dovanie prejazdu utiahnut\u00fdch z\u00e1krut. A\u00a0mus\u00edme poveda\u0165, \u017ee mu to naozaj i\u0161lo! \u017deby sa pripravoval na nie\u010do tajn\u00e9?<\/p>\n<p>https:\/\/www.instagram.com\/p\/B1wS4nNhKM4\/<\/p>\n<h2><strong>Prezrite si tra\u0165 v\u00a0Mont-Sainte-Anne \u2013 u\u017e len poh\u013ead na \u0148u bol\u00ed<\/strong><\/h2>\n<p>Tra\u0165 majstrovstiev sveta horsk\u00fdch bicyklov v\u00a0discipl\u00edne XCO nie je ni\u010d\u00edm in\u00fdm, ne\u017e jednou sk\u00fa\u0161kou za druhou. Ak pretek\u00e1ri nemaj\u00fa pred sebou <strong>strm\u00e9 v\u00fdjazdy po utiahnut\u00fdch serpent\u00ednach<\/strong>, vystrieda ich <strong>n\u00e1ro\u010dn\u00fd zjazd po kamenistom povrchu<\/strong> \u2013 a\u00a0\u017ee tie kamene s\u00fa enormn\u00e9! Vy (a aj my) si m\u00f4\u017eete pozrie\u0165 kr\u00e1tky prejazd tejto trate z\u00a0pohodlia domova v\u010faka \u010deskej dvojici M. Charv\u00e1tovi a\u00a0mo\u017en\u00e9mu favoritovi na zisk najvy\u0161\u0161\u00edch poz\u00edcii, O. Cinkovi. Tak \u010do, sk\u00fasili by ste si ju naostro aj vy?<\/p>\n<lite-youtube videoid=j_eh2tK9kJk params=\"enablejsapi=1\" style=\"background-image: url('https:\/\/i.ytimg.com\/vi_webp\/j_eh2tK9kJk\/maxresdefault.webp');\"><\/lite-youtube>\n<h2><strong>Trialov\u00e9 hry ml\u00e1de\u017ee pon\u00fakli uk\u00e1\u017eku skuto\u010dn\u00fdch talentov<\/strong><\/h2>\n<p>\u00dalohou pretek\u00e1rov na podujatiach ozna\u010den\u00fdch ako \u201etrial\u201c, je <strong>dosiahnu\u0165 \u010do najvy\u0161\u0161\u00ed po\u010det bodov<\/strong>, ktor\u00e9 s\u00fa im pride\u013eovan\u00e9 za \u010distotu prejazdov a\u00a0technick\u00fa n\u00e1ro\u010dnos\u0165 jednotliv\u00fdch prvkov trate. Pr\u00e1ve v\u00a0tomto aspekte prekvapili mlad\u00ed jazdci do 16 rokov na Svetov\u00fdch hr\u00e1ch ml\u00e1de\u017ee v\u00a0Po\u013esku. V\u00a0\u0161iestich kateg\u00f3ri\u00e1ch dominovali preva\u017ene \u0161panielski jazdci a\u00a0jazdkyne. Prekvapil Japonec H. Agura, ktor\u00fd vo fin\u00e1le kadetov doslovne \u201epresko\u010dil\u201c ostatn\u00fdch pretek\u00e1rov o\u00a0cel\u00fdch 100 bodov. Neprekonate\u013enou sa stala aj mlad\u00e1 \u0160panielka, A. Riera, ktor\u00e1 vo fin\u00e1le predviedla dvojicu bezchybn\u00fdch j\u00e1zd! Nech\u00fdbali ani slovensk\u00e9 n\u00e1deje, medzi ktor\u00fdmi bol najvy\u0161\u0161ie M. Nagy v\u00a0kateg\u00f3rii 9-10-ro\u010dn\u00fdch na druhom mieste.<\/p>\n<h2><strong>Posledn\u00e9 kolo \u0160koda BIKE OPEN TOUR sa konalo v\u00a0prostred\u00ed Tatier<\/strong><\/h2>\n<p>Piate a\u00a0posledn\u00e9 podujatie prest\u00ed\u017enej s\u00e9rie horsk\u00fdch marat\u00f3nov malo svoju kone\u010dn\u00fa zast\u00e1vku tejto sez\u00f3ny vo Svite a\u00a0jeho pri\u013eahlom okol\u00ed. Av\u0161ak, vzh\u013eadom na najdlh\u0161iu z\u00a0trat\u00ed, i\u0161lo vskutku o\u00a0viac ne\u017e len \u201epri\u013eahl\u00e9\u201c l\u00faky. Jazdci sa okrem malebn\u00e9ho prostredia N\u00edzkych Tatier, dostali aj na vrchol tohto pohoria \u2013 na Kr\u00e1\u013eov\u00fa ho\u013eu, t\u00fd\u010diacu sa vo v\u00fd\u0161ke takmer 2 000 m n.m. <strong>V\u00ed\u0165azom sa stal<\/strong> staronov\u00fd kr\u00e1\u013e tohto marat\u00f3nu, <strong>K. Hartl<\/strong>. S\u00a0n\u00e1skokom vy\u0161e 20 min\u00fat prevalcoval konkurenciu. V\u00a0\u017eenskej kateg\u00f3rii nutno vzda\u0165 hold dvojici \u017eien, ktor\u00e9 bojovali s\u00a0tra\u0165ou 11 hod\u00edn.<\/p>\n<h2><strong>Ako sa v\u00a0lete schladi\u0165? N\u00e1vod v\u00e1m poskytne V. Brumotti<\/strong><\/h2>\n<p>Taliansky trialista a\u00a0do istej miery aj kaskad\u00e9r, si leto vychutn\u00e1va pln\u00fdmi d\u00fa\u0161kami. Okrem prejazdov z\u00e1bradl\u00ed vo v\u00fd\u0161ke nieko\u013ek\u00fdch desiatok metrov, nezabudne ani oddychova\u0165. V\u00a0augustovom teple tak vysk\u00fa\u0161al nie\u010do menej obvykl\u00e9 \u2013 <strong>backflip do baz\u00e9na<\/strong>. Dobrou spr\u00e1vou bolo, \u017ee ak by aj pri skoku neuspel, nakoniec tak \u010di onak skon\u010d\u00ed v\u00a0osvie\u017euj\u00facej vode baz\u00e9na. Kto v\u0161ak bude rozobera\u0165 a\u00a0premaz\u00e1va\u0165 tie lo\u017eisk\u00e1?<\/p>\n<p><a href=\"https:\/\/d2p6e6u75xmxt8.cloudfront.net\/4\/2019\/08\/03-2.jpg\"><img loading=\"lazy\" decoding=\"async\" src=\"https:\/\/d2p6e6u75xmxt8.cloudfront.net\/4\/2019\/08\/03-2.jpg\" alt=\"\" width=\"1200\" height=\"800\" class=\"alignnone size-full wp-image-8172\" \/><\/a><\/p>\n<h2><strong>Je to smola, alebo len zhoda okolnost\u00ed?<\/strong><\/h2>\n<p>P\u00e1r dn\u00ed pred za\u010diatkom Vuelty sa zmenila \u0161tartov\u00e1 listina t\u00edmu Movistar. <strong>Odpadol z\u00a0nej tohtoro\u010dn\u00fd v\u00ed\u0165az Gira, Carapaz<\/strong>. Jeho nad\u0161enie, ktor\u00e9 prezentoval e\u0161te t\u00fd\u017ede\u0148 pred \u00favodn\u00fdmi etapami, odrazu opadlo \u2013 <strong>d\u00f4vodom m\u00e1 by\u0165 p\u00e1d na exhibi\u010dnom krit\u00e9riu v\u00a0Holandsku<\/strong>, ktor\u00e9 absolvoval len \u201epred chv\u00ed\u013eou\u201c. Obdobne sa po\u0161\u0165astilo aj n\u00e1\u0161mu A. Roj\u010dekovi, ktor\u00fd nebude \u0161tartova\u0165 na majstrovstv\u00e1ch sveta v\u00a0zjazde. Pri tr\u00e9ningu toti\u017e taktie\u017e spadol a\u00a0narazil si z\u00e1p\u00e4stie a\u00a0rameno. Prajeme obom skor\u00e9 uzdravenie.<\/p>\n<p>https:\/\/www.instagram.com\/p\/B1yA77HiVyC\/<\/p>\n<h2><strong>Ako sa hovor\u00ed, neverte ani vlastn\u00fdm \u2013 neverte nikomu<\/strong><\/h2>\n<p>T\u00fato starod\u00e1vnu pravdu si na svojej ko\u017ei musel overi\u0165 ved\u00faci pretek\u00e1r vrch\u00e1rskej s\u00fa\u0165a\u017ee na Vuelte, <strong>A. Madrazo<\/strong> z\u00a0t\u00edmu BURGOS BH. V\u00a0piatej etape, kedy bojoval v\u00a0\u00faniku, ho <strong>nechtiac takmer pre\u0161lo vlastn\u00e9 t\u00edmov\u00e9 auto<\/strong>. Na\u0161\u0165astie sa to zaobi\u0161lo bez zranen\u00ed, av\u0161ak aj tak\u00fdto moment mohol skomplikova\u0165 aj viac ne\u017e len pokra\u010dovanie na Vuelte. Nakoniec sa v\u0161ak v\u0161etko zmenilo a\u017e ne\u010dakane. Pri dojazde na vrchol cie\u013eov\u00e9ho st\u00fapania mal najviac s\u00edl a\u00a0odniesol si svoje debutov\u00e9 v\u00ed\u0165azstvo na takomto prest\u00ed\u017enom podujat\u00ed.<\/p>\n<lite-youtube videoid=inRmYhbIJrU params=\"enablejsapi=1\" style=\"background-image: url('https:\/\/i.ytimg.com\/vi_webp\/inRmYhbIJrU\/maxresdefault.webp');\"><\/lite-youtube>\n<p>Nezab\u00fadajte v\u0161ak, \u017ee ani v\u00a0septembri \u00faplne s\u00a0cyklistikou nekon\u010d\u00edme (popravde, ako sa hovor\u00ed &#8211; \u201eneexistuje zl\u00e9 po\u010dasie, len zle oble\u010den\u00fd jazdec\u201d). Pr\u00e1ve v\u00a0tomto mesiaci, kedy odprevad\u00edte va\u0161e ratolesti do \u0161k\u00f4l, budeme svedkami \u010fal\u0161ieho vydania pretekov Okolo Slovenska a\u00a0nesk\u00f4r aj majstrovstiev sveta v\u00a0cestnej cyklistike. \u0160portu zdar!<\/p>\n","protected":false},"excerpt":{"rendered":"<p>Druh\u00fd z\u00a0r\u00fddzo letn\u00fdch mesiacov n\u00e1s poctil nev\u00eddan\u00fdm mno\u017estvom cyklistick\u00fdm z\u00e1\u017eitkov. Od o\u010dak\u00e1van\u00fdch podujat\u00ed, a\u017e k\u00a0nov\u00fdm a\u00a0\u010diasto\u010dne kontroverzn\u00fdm akci\u00e1m. Neh\u013eadiac na [&hellip;]<\/p>\n","protected":false},"author":38,"featured_media":8180,"comment_status":"open","ping_status":"open","sticky":false,"template":"","format":"standard","meta":{"footnotes":""},"categories":[34],"tags":[626,1121,691,272,1040,46,1120,35,214,1119,213,219],"global-categories":[],"class_list":["post-8171","post","type-post","status-publish","format-standard","has-post-thumbnail","hentry","category-podujatia","tag-bmx","tag-doprovodne-vozidlo","tag-elektrobicykel","tag-majster-sveta","tag-mesacna-desiatka","tag-peter-sagan","tag-polsko","tag-sbot","tag-skoda-horal-mtb-maraton","tag-svetove-hry-mladeze","tag-svit","tag-vuelta-a-espana"],"yoast_head":"<!-- This site is optimized with the Yoast SEO Premium plugin v25.3 (Yoast SEO v25.9) - https:\/\/yoast.com\/wordpress\/plugins\/seo\/ -->\n<title>Mesa\u010dn\u00e1 desiatka \u2013 august pln\u00fd nov\u00fdch pr\u00edbehov - \u0160koda We Love Cycling Slovensko<\/title>\n<meta name=\"robots\" content=\"index, follow, max-snippet:-1, max-image-preview:large, max-video-preview:-1\" \/>\n<link rel=\"canonical\" href=\"https:\/\/www.welovecycling.com\/sk\/2019\/08\/31\/mesacna-desiatka-august-plny-novych-pribehov\/\" \/>\n<meta property=\"og:locale\" content=\"sk_SK\" \/>\n<meta property=\"og:type\" content=\"article\" \/>\n<meta property=\"og:title\" content=\"Mesa\u010dn\u00e1 desiatka \u2013 august pln\u00fd nov\u00fdch pr\u00edbehov\" \/>\n<meta property=\"og:description\" content=\"Druh\u00fd z\u00a0r\u00fddzo letn\u00fdch mesiacov n\u00e1s poctil nev\u00eddan\u00fdm mno\u017estvom cyklistick\u00fdm z\u00e1\u017eitkov. Od o\u010dak\u00e1van\u00fdch podujat\u00ed, a\u017e k\u00a0nov\u00fdm a\u00a0\u010diasto\u010dne kontroverzn\u00fdm akci\u00e1m. Neh\u013eadiac na [&hellip;]\" \/>\n<meta property=\"og:url\" content=\"https:\/\/www.welovecycling.com\/sk\/2019\/08\/31\/mesacna-desiatka-august-plny-novych-pribehov\/\" \/>\n<meta property=\"og:site_name\" content=\"\u0160koda We Love Cycling Slovensko\" \/>\n<meta property=\"article:published_time\" content=\"2019-08-31T08:25:02+00:00\" \/>\n<meta property=\"og:image\" content=\"https:\/\/d2p6e6u75xmxt8.cloudfront.net\/4\/2019\/08\/00-4.webp\" \/>\n\t<meta property=\"og:image:width\" content=\"1380\" \/>\n\t<meta property=\"og:image:height\" content=\"600\" \/>\n\t<meta property=\"og:image:type\" content=\"image\/webp\" \/>\n<meta name=\"author\" content=\"Ondrej Ga\u0161par\" \/>\n<meta name=\"twitter:card\" content=\"summary_large_image\" \/>\n<meta name=\"twitter:label1\" content=\"Written by\" \/>\n\t<meta name=\"twitter:data1\" content=\"We Love Cycling\" \/>\n\t<meta name=\"twitter:label2\" content=\"Est. reading time\" \/>\n\t<meta name=\"twitter:data2\" content=\"7\" \/>\n<script type=\"application\/ld+json\" class=\"yoast-schema-graph\">{\"@context\":\"https:\/\/schema.org\",\"@graph\":[{\"@type\":\"WebPage\",\"@id\":\"https:\/\/www.welovecycling.com\/sk\/2019\/08\/31\/mesacna-desiatka-august-plny-novych-pribehov\/\",\"url\":\"https:\/\/www.welovecycling.com\/sk\/2019\/08\/31\/mesacna-desiatka-august-plny-novych-pribehov\/\",\"name\":\"Mesa\u010dn\u00e1 desiatka \u2013 august pln\u00fd nov\u00fdch pr\u00edbehov - \u0160koda We Love Cycling Slovensko\",\"isPartOf\":{\"@id\":\"https:\/\/www.welovecycling.com\/sk\/#website\"},\"primaryImageOfPage\":{\"@id\":\"https:\/\/www.welovecycling.com\/sk\/2019\/08\/31\/mesacna-desiatka-august-plny-novych-pribehov\/#primaryimage\"},\"image\":{\"@id\":\"https:\/\/www.welovecycling.com\/sk\/2019\/08\/31\/mesacna-desiatka-august-plny-novych-pribehov\/#primaryimage\"},\"thumbnailUrl\":\"https:\/\/d2p6e6u75xmxt8.cloudfront.net\/4\/2019\/08\/00-4.webp\",\"datePublished\":\"2019-08-31T08:25:02+00:00\",\"author\":{\"@id\":\"https:\/\/www.welovecycling.com\/sk\/#\/schema\/person\/8ee09ba39b7e25b1870160aa5b3a89bc\"},\"breadcrumb\":{\"@id\":\"https:\/\/www.welovecycling.com\/sk\/2019\/08\/31\/mesacna-desiatka-august-plny-novych-pribehov\/#breadcrumb\"},\"inLanguage\":\"sk-SK\",\"potentialAction\":[{\"@type\":\"ReadAction\",\"target\":[\"https:\/\/www.welovecycling.com\/sk\/2019\/08\/31\/mesacna-desiatka-august-plny-novych-pribehov\/\"]}]},{\"@type\":\"ImageObject\",\"inLanguage\":\"sk-SK\",\"@id\":\"https:\/\/www.welovecycling.com\/sk\/2019\/08\/31\/mesacna-desiatka-august-plny-novych-pribehov\/#primaryimage\",\"url\":\"https:\/\/d2p6e6u75xmxt8.cloudfront.net\/4\/2019\/08\/00-4.webp\",\"contentUrl\":\"https:\/\/d2p6e6u75xmxt8.cloudfront.net\/4\/2019\/08\/00-4.webp\",\"width\":1380,\"height\":600},{\"@type\":\"BreadcrumbList\",\"@id\":\"https:\/\/www.welovecycling.com\/sk\/2019\/08\/31\/mesacna-desiatka-august-plny-novych-pribehov\/#breadcrumb\",\"itemListElement\":[{\"@type\":\"ListItem\",\"position\":1,\"name\":\"Home\",\"item\":\"https:\/\/www.welovecycling.com\/sk\/\"},{\"@type\":\"ListItem\",\"position\":2,\"name\":\"Mesa\u010dn\u00e1 desiatka \u2013 august pln\u00fd nov\u00fdch pr\u00edbehov\"}]},{\"@type\":\"WebSite\",\"@id\":\"https:\/\/www.welovecycling.com\/sk\/#website\",\"url\":\"https:\/\/www.welovecycling.com\/sk\/\",\"name\":\"\u0160koda We Love Cycling Slovensko\",\"description\":\"\u0160koda We Love Cycling Slovensko je v\u00e1\u0161 ka\u017edodenn\u00fd zdroj noviniek a in\u0161pir\u00e1cie z sveta cyklistiky\",\"potentialAction\":[{\"@type\":\"SearchAction\",\"target\":{\"@type\":\"EntryPoint\",\"urlTemplate\":\"https:\/\/www.welovecycling.com\/sk\/?s={search_term_string}\"},\"query-input\":{\"@type\":\"PropertyValueSpecification\",\"valueRequired\":true,\"valueName\":\"search_term_string\"}}],\"inLanguage\":\"sk-SK\"},{\"@type\":\"Person\",\"@id\":\"https:\/\/www.welovecycling.com\/sk\/#\/schema\/person\/8ee09ba39b7e25b1870160aa5b3a89bc\",\"name\":\"Ondrej Ga\u0161par\",\"image\":{\"@type\":\"ImageObject\",\"inLanguage\":\"sk-SK\",\"@id\":\"https:\/\/www.welovecycling.com\/sk\/#\/schema\/person\/image\/\",\"url\":\"https:\/\/secure.gravatar.com\/avatar\/6126c9afb87b70da5abbb083ddbb21933da15f18f8ca7cb822aba0fb096a48f6?s=96&d=mm&r=g\",\"contentUrl\":\"https:\/\/secure.gravatar.com\/avatar\/6126c9afb87b70da5abbb083ddbb21933da15f18f8ca7cb822aba0fb096a48f6?s=96&d=mm&r=g\",\"caption\":\"Ondrej Ga\u0161par\"},\"url\":\"https:\/\/www.welovecycling.com\/sk\/author\/ondrejgaspar\/\"}]}<\/script>\n<!-- \/ Yoast SEO Premium plugin. -->","yoast_head_json":{"title":"Mesa\u010dn\u00e1 desiatka \u2013 august pln\u00fd nov\u00fdch pr\u00edbehov - \u0160koda We Love Cycling Slovensko","robots":{"index":"index","follow":"follow","max-snippet":"max-snippet:-1","max-image-preview":"max-image-preview:large","max-video-preview":"max-video-preview:-1"},"canonical":"https:\/\/www.welovecycling.com\/sk\/2019\/08\/31\/mesacna-desiatka-august-plny-novych-pribehov\/","og_locale":"sk_SK","og_type":"article","og_title":"Mesa\u010dn\u00e1 desiatka \u2013 august pln\u00fd nov\u00fdch pr\u00edbehov","og_description":"Druh\u00fd z\u00a0r\u00fddzo letn\u00fdch mesiacov n\u00e1s poctil nev\u00eddan\u00fdm mno\u017estvom cyklistick\u00fdm z\u00e1\u017eitkov. Od o\u010dak\u00e1van\u00fdch podujat\u00ed, a\u017e k\u00a0nov\u00fdm a\u00a0\u010diasto\u010dne kontroverzn\u00fdm akci\u00e1m. Neh\u013eadiac na [&hellip;]","og_url":"https:\/\/www.welovecycling.com\/sk\/2019\/08\/31\/mesacna-desiatka-august-plny-novych-pribehov\/","og_site_name":"\u0160koda We Love Cycling Slovensko","article_published_time":"2019-08-31T08:25:02+00:00","og_image":[{"width":1380,"height":600,"url":"https:\/\/d2p6e6u75xmxt8.cloudfront.net\/4\/2019\/08\/00-4.webp","type":"image\/webp"}],"author":"Ondrej Ga\u0161par","twitter_card":"summary_large_image","twitter_misc":{"Written by":"We Love Cycling","Est. reading time":"7"},"schema":{"@context":"https:\/\/schema.org","@graph":[{"@type":"WebPage","@id":"https:\/\/www.welovecycling.com\/sk\/2019\/08\/31\/mesacna-desiatka-august-plny-novych-pribehov\/","url":"https:\/\/www.welovecycling.com\/sk\/2019\/08\/31\/mesacna-desiatka-august-plny-novych-pribehov\/","name":"Mesa\u010dn\u00e1 desiatka \u2013 august pln\u00fd nov\u00fdch pr\u00edbehov - \u0160koda We Love Cycling Slovensko","isPartOf":{"@id":"https:\/\/www.welovecycling.com\/sk\/#website"},"primaryImageOfPage":{"@id":"https:\/\/www.welovecycling.com\/sk\/2019\/08\/31\/mesacna-desiatka-august-plny-novych-pribehov\/#primaryimage"},"image":{"@id":"https:\/\/www.welovecycling.com\/sk\/2019\/08\/31\/mesacna-desiatka-august-plny-novych-pribehov\/#primaryimage"},"thumbnailUrl":"https:\/\/d2p6e6u75xmxt8.cloudfront.net\/4\/2019\/08\/00-4.webp","datePublished":"2019-08-31T08:25:02+00:00","author":{"@id":"https:\/\/www.welovecycling.com\/sk\/#\/schema\/person\/8ee09ba39b7e25b1870160aa5b3a89bc"},"breadcrumb":{"@id":"https:\/\/www.welovecycling.com\/sk\/2019\/08\/31\/mesacna-desiatka-august-plny-novych-pribehov\/#breadcrumb"},"inLanguage":"sk-SK","potentialAction":[{"@type":"ReadAction","target":["https:\/\/www.welovecycling.com\/sk\/2019\/08\/31\/mesacna-desiatka-august-plny-novych-pribehov\/"]}]},{"@type":"ImageObject","inLanguage":"sk-SK","@id":"https:\/\/www.welovecycling.com\/sk\/2019\/08\/31\/mesacna-desiatka-august-plny-novych-pribehov\/#primaryimage","url":"https:\/\/d2p6e6u75xmxt8.cloudfront.net\/4\/2019\/08\/00-4.webp","contentUrl":"https:\/\/d2p6e6u75xmxt8.cloudfront.net\/4\/2019\/08\/00-4.webp","width":1380,"height":600},{"@type":"BreadcrumbList","@id":"https:\/\/www.welovecycling.com\/sk\/2019\/08\/31\/mesacna-desiatka-august-plny-novych-pribehov\/#breadcrumb","itemListElement":[{"@type":"ListItem","position":1,"name":"Home","item":"https:\/\/www.welovecycling.com\/sk\/"},{"@type":"ListItem","position":2,"name":"Mesa\u010dn\u00e1 desiatka \u2013 august pln\u00fd nov\u00fdch pr\u00edbehov"}]},{"@type":"WebSite","@id":"https:\/\/www.welovecycling.com\/sk\/#website","url":"https:\/\/www.welovecycling.com\/sk\/","name":"\u0160koda We Love Cycling Slovensko","description":"\u0160koda We Love Cycling Slovensko je v\u00e1\u0161 ka\u017edodenn\u00fd zdroj noviniek a in\u0161pir\u00e1cie z sveta cyklistiky","potentialAction":[{"@type":"SearchAction","target":{"@type":"EntryPoint","urlTemplate":"https:\/\/www.welovecycling.com\/sk\/?s={search_term_string}"},"query-input":{"@type":"PropertyValueSpecification","valueRequired":true,"valueName":"search_term_string"}}],"inLanguage":"sk-SK"},{"@type":"Person","@id":"https:\/\/www.welovecycling.com\/sk\/#\/schema\/person\/8ee09ba39b7e25b1870160aa5b3a89bc","name":"Ondrej Ga\u0161par","image":{"@type":"ImageObject","inLanguage":"sk-SK","@id":"https:\/\/www.welovecycling.com\/sk\/#\/schema\/person\/image\/","url":"https:\/\/secure.gravatar.com\/avatar\/6126c9afb87b70da5abbb083ddbb21933da15f18f8ca7cb822aba0fb096a48f6?s=96&d=mm&r=g","contentUrl":"https:\/\/secure.gravatar.com\/avatar\/6126c9afb87b70da5abbb083ddbb21933da15f18f8ca7cb822aba0fb096a48f6?s=96&d=mm&r=g","caption":"Ondrej Ga\u0161par"},"url":"https:\/\/www.welovecycling.com\/sk\/author\/ondrejgaspar\/"}]}},"_links":{"self":[{"href":"https:\/\/www.welovecycling.com\/sk\/wp-json\/wp\/v2\/posts\/8171","targetHints":{"allow":["GET"]}}],"collection":[{"href":"https:\/\/www.welovecycling.com\/sk\/wp-json\/wp\/v2\/posts"}],"about":[{"href":"https:\/\/www.welovecycling.com\/sk\/wp-json\/wp\/v2\/types\/post"}],"author":[{"embeddable":true,"href":"https:\/\/www.welovecycling.com\/sk\/wp-json\/wp\/v2\/users\/38"}],"replies":[{"embeddable":true,"href":"https:\/\/www.welovecycling.com\/sk\/wp-json\/wp\/v2\/comments?post=8171"}],"version-history":[{"count":2,"href":"https:\/\/www.welovecycling.com\/sk\/wp-json\/wp\/v2\/posts\/8171\/revisions"}],"predecessor-version":[{"id":8183,"href":"https:\/\/www.welovecycling.com\/sk\/wp-json\/wp\/v2\/posts\/8171\/revisions\/8183"}],"wp:featuredmedia":[{"embeddable":true,"href":"https:\/\/www.welovecycling.com\/sk\/wp-json\/wp\/v2\/media\/8180"}],"wp:attachment":[{"href":"https:\/\/www.welovecycling.com\/sk\/wp-json\/wp\/v2\/media?parent=8171"}],"wp:term":[{"taxonomy":"category","embeddable":true,"href":"https:\/\/www.welovecycling.com\/sk\/wp-json\/wp\/v2\/categories?post=8171"},{"taxonomy":"post_tag","embeddable":true,"href":"https:\/\/www.welovecycling.com\/sk\/wp-json\/wp\/v2\/tags?post=8171"},{"taxonomy":"global-categories","embeddable":true,"href":"https:\/\/www.welovecycling.com\/sk\/wp-json\/wp\/v2\/global-categories?post=8171"}],"curies":[{"name":"wp","href":"https:\/\/api.w.org\/{rel}","templated":true}]}}