{"id":8165,"date":"2019-08-30T11:12:01","date_gmt":"2019-08-30T09:12:01","guid":{"rendered":"https:\/\/www.welovecycling.com\/sk\/?p=8165"},"modified":"2019-08-30T11:15:04","modified_gmt":"2019-08-30T09:15:04","slug":"vychutnajte-si-zvuky-prirody-s-jedinecnym-drevenym-megafonom","status":"publish","type":"post","link":"https:\/\/www.welovecycling.com\/sk\/2019\/08\/30\/vychutnajte-si-zvuky-prirody-s-jedinecnym-drevenym-megafonom\/","title":{"rendered":"Vychutnajte si zvuky pr\u00edrody s\u00a0jedine\u010dn\u00fdm dreven\u00fdm megaf\u00f3nom"},"content":{"rendered":"<p><strong>Prech\u00e1dzka \u010di v\u00fdjazd v\u00a0lesoch sa vyzna\u010duje predov\u0161etk\u00fdm svojou pokojnos\u0165ou a\u00a0pocitom bl\u00edzkosti pr\u00edrody. Unikn\u00fa\u0165 od ruchu ve\u013ekomesta je asi cie\u013e nejedn\u00e9ho n\u00e1v\u0161tevn\u00edka lesa. \u010co v\u0161ak, ak by ste si mohli tieto prav\u00e9 zvuky pr\u00edrody vypo\u010du\u0165 v\u00a0doposia\u013e nezn\u00e1mom z\u00e1\u017eitku?<\/strong><!--more--><\/p>\n<p>V\u00a0pre\u0161ovsk\u00fdch lesoch sa od t\u00fdchto dn\u00ed m\u00f4\u017eete sta\u0165 s\u00fa\u010das\u0165ou nich sam\u00fdm. S\u00edce to znie priam mysticky, av\u0161ak realita nie je od toho \u010faleko. V\u00a0<strong>Slansk\u00fdch vrchoch, v\u00a0bl\u00edzkosti obce Zlat\u00e1 Ba\u0148a<\/strong>, toti\u017e <strong>1. septembra sl\u00e1vnostne \u201eotvoria\u201c dreven\u00fd megaf\u00f3n<\/strong>. Nebojte sa, nie je to \u017eiadna vymo\u017eenos\u0165 s\u00fa\u010dasnej doby. Technologicky pre\u0161pekulovan\u00e9 zariadenia takto nahradil n\u00e1stroj samej pr\u00edrody, vyroben\u00fd z\u00a0jednoduch\u00fdch materi\u00e1lov \u2013 dreva a\u00a0kovu. Megaf\u00f3n, umiestnen\u00fd v\u00a0prostred\u00ed lesa, dok\u00e1\u017ee zosil\u0148ova\u0165 zvuky okolia, \u010d\u00edm pon\u00faka \u010dloveku, ktor\u00fd sa v\u00a0\u0148om nach\u00e1dza, neopakovate\u013en\u00fd z\u00e1\u017eitok, v\u00a0ktorom sa posluch\u00e1\u010d m\u00f4\u017ee bezprostredne ponori\u0165 do hlasov pr\u00edrody.<\/p>\n<p><a href=\"https:\/\/d2p6e6u75xmxt8.cloudfront.net\/4\/2019\/08\/01-3.jpg\"><img loading=\"lazy\" decoding=\"async\" src=\"https:\/\/d2p6e6u75xmxt8.cloudfront.net\/4\/2019\/08\/01-3.jpg\" alt=\"\" width=\"1200\" height=\"800\" class=\"alignnone size-full wp-image-8166\" \/><\/a><\/p>\n<p>Aby ste si nemysleli, \u017ee ide o\u00a0megaf\u00f3n klasick\u00fdch rozmerov, uvedieme nieko\u013eko \u010d\u00edsel. Samotn\u00e9 zariadenia <strong>v\u00e1\u017ei \u00factyhodn\u00e9 2,5 tony<\/strong> \u2013 teda predpoklad\u00e1me, \u017ee si ho nikto z\u00a0lesa \u201elen tak\u201c neodnesie. S\u00a0hmotnos\u0165ou je spojen\u00e1 aj priestorov\u00e1 roz\u013eahlos\u0165. <strong>D\u013a\u017eka 4,2 m je priamo \u00famern\u00e1 jeho \u0161\u00edrke \u2013 2,5 metra<\/strong>. Aj v\u010faka tomu si m\u00f4\u017eete by\u0165 ist\u00ed, \u017ee ho v\u00a0bl\u00edzkosti Pre\u0161ova neprehliadnete. Pre predstavu, cel\u00e1 kon\u0161trukcia je utvoren\u00e1 zo siedmych nosn\u00fdch prstencov, na ktor\u00fdch s\u00fa tesne ved\u013ea seba namontovan\u00e9 dreven\u00e9 hranoly, vytv\u00e1raj\u00face tak k\u00f3nick\u00fd tvar cel\u00e9ho megaf\u00f3nu. Trik je v\u00a0tom, \u017ee turista \u010di n\u00e1v\u0161tevn\u00edk, ktor\u00fd sa postav\u00ed do jeho stredu, teda dovn\u00fatra, bude prij\u00edma\u0165 zvuky okolia v\u00a0jedine\u010dnej kvalite a\u00a0intenzite. Tak\u00fdto z\u00e1\u017eitok je vskutku nezabudnute\u013en\u00fd.<\/p>\n<p>Samozrejme, nevznikol len tak z\u00a0ni\u010doho. <strong>O\u00a0jeho vytvorenie sa postaralo celkovo 15 mu\u017eov<\/strong>, ktor\u00fdm sa ho podarilo da\u0165 do s\u00fa\u010dasnej podoby <strong>za nie\u010do vy\u0161e 50 hod\u00edn<\/strong>. 63 hranolov dr\u017e\u00ed pokope a\u017e 126 ks spojovacieho materi\u00e1lu a\u00a010 kilogramov klincov.<\/p>\n<p><a href=\"https:\/\/d2p6e6u75xmxt8.cloudfront.net\/4\/2019\/08\/02-2.jpg\"><img loading=\"lazy\" decoding=\"async\" src=\"https:\/\/d2p6e6u75xmxt8.cloudfront.net\/4\/2019\/08\/02-2.jpg\" alt=\"\" width=\"1200\" height=\"800\" class=\"alignnone size-full wp-image-8167\" \/><\/a><\/p>\n<p>Unik\u00e1tnos\u0165 cel\u00e9ho projektu podtrhuje aj osamotenos\u0165 megaf\u00f3nu v\u00a0celej Z\u00e1padnej Eur\u00f3pe. <strong>Obdobn\u00fd k\u00fasok maj\u00fa len Est\u00f3nci<\/strong>. Za vznikom tohto \u201ehudobn\u00e9ho n\u00e1stroja pr\u00edrody\u201c <strong>stoj\u00ed \u0161tvorica nad\u0161encov z\u00a0ob\u010dianskeho zdru\u017eenia Hlas lesa<\/strong>, ktor\u00ed chceli pril\u00e1ka\u0165 \u013eud\u00ed do lona pr\u00edrody aj tak\u00fdmto sp\u00f4sobom.<\/p>\n<p><strong>Franti\u0161ek Bal\u00e1\u017e<\/strong>, jeden z\u00a0autorov projektu sa vyjadril, \u017ee <em>\u201edreven\u00fdm megaf\u00f3nom sa n\u00e1m podar\u00ed pril\u00e1ka\u0165 \u013eud\u00ed do pr\u00edrody a\u00a0podpori\u0165 tak turizmus v\u00a0celom regi\u00f3ne.\u201c<\/em> Nemal\u00fd pl\u00e1n m\u00e1 s\u013eubn\u00fa bud\u00facnos\u0165, ke\u010f\u017ee projekt tohto typu dok\u00e1\u017ee pon\u00faknu\u0165 n\u00e1v\u0161tevn\u00edkovi lesa \u010dist\u00fd z\u00e1\u017eitok pr\u00edrody. <em>\u201eTento tvar m\u00e1 vlastnos\u0165, v\u010faka ktorej koncentruje l\u00fa\u010de a vlny odr\u00e1\u017eaj\u00face sa od jeho stien do jedn\u00e9ho bodu. \u010clovek, ktor\u00fd bude sedie\u0165 v bl\u00edzkosti tohto bodu, tak bude po\u010du\u0165 zosilnen\u00e9 zvuky prich\u00e1dzaj\u00face z okolia a m\u00f4\u017ee pohodlne na\u010d\u00fava\u0165, \u010do mu les hovor\u00ed\u201c<\/em>, dod\u00e1va.<\/p>\n<p><a href=\"https:\/\/d2p6e6u75xmxt8.cloudfront.net\/4\/2019\/08\/Dreven\u00fd-megaf\u00f3n-Zlat\u00e1-Ba\u00d5a-3_-zdroj-Plze\u00d5sk\u00fd-Prazdroj-Slovensko.jpg\"><img loading=\"lazy\" decoding=\"async\" src=\"https:\/\/d2p6e6u75xmxt8.cloudfront.net\/4\/2019\/08\/Dreven\u00fd-megaf\u00f3n-Zlat\u00e1-Ba\u00d5a-3_-zdroj-Plze\u00d5sk\u00fd-Prazdroj-Slovensko.jpg\" alt=\"\" width=\"1200\" height=\"800\" class=\"alignnone size-full wp-image-8168\" \/><\/a><\/p>\n<p><strong>Na pomoc ob\u010dianskemu zdru\u017eeniu pri\u0161la aj firma Birell<\/strong>, ktor\u00e1 do\u0148 investovala takmer 3 000 \u20ac. <em>\u201eNa projekte dreven\u00e9ho megaf\u00f3nu sme spolo\u010dne s ob\u010dianskym zdru\u017een\u00edm pracovali od marca. Jeho samotn\u00e1 v\u00fdstavba trvala 50 hod\u00edn. Ve\u013emi n\u00e1s te\u0161\u00ed, \u017ee Birell nie len svojou chu\u0165ou, ale aj aktivitami sprostredk\u00fava \u013eu\u010fom kontakt s pr\u00edrodou. Unik\u00e1tny dreven\u00fd megaf\u00f3n je pr\u00e1ve takou aktivitou, ktor\u00e1 prinesie nezabudnute\u013en\u00e9 z\u00e1\u017eitky. V bud\u00facnosti sa toti\u017e m\u00f4\u017eete te\u0161i\u0165 na pr\u00edrodn\u00e9 symfonick\u00e9 koncerty. Hudobn\u00edci svoje umenie predstavia priamo v megaf\u00f3ne, \u010d\u00edm sa vytvor\u00ed e\u0161te intenz\u00edvnej\u0161\u00ed z\u00e1\u017eitok\u201c<\/em> podotkol mana\u017e\u00e9r firmy Birell, <strong>Josef Jal\u016fvka<\/strong>.<\/p>\n<p>A ako to vid\u00edte vy? U\u017e ste pripraven\u00ed na n\u00e1v\u0161tevu tohto nezamenite\u013en\u00e9ho n\u00e1stroja pr\u00edrody?<\/p>\n","protected":false},"excerpt":{"rendered":"<p>Prech\u00e1dzka \u010di v\u00fdjazd v\u00a0lesoch sa vyzna\u010duje predov\u0161etk\u00fdm svojou pokojnos\u0165ou a\u00a0pocitom bl\u00edzkosti pr\u00edrody. Unikn\u00fa\u0165 od ruchu ve\u013ekomesta je asi cie\u013e nejedn\u00e9ho [&hellip;]<\/p>\n","protected":false},"author":38,"featured_media":8169,"comment_status":"open","ping_status":"open","sticky":false,"template":"","format":"standard","meta":{"footnotes":""},"categories":[118],"tags":[1114,1110,1116,824,1113,1001,1112,1111,523,1115,183,1117],"global-categories":[],"class_list":["post-8165","post","type-post","status-publish","format-standard","has-post-thumbnail","hentry","category-zabava","tag-atrakcia","tag-birell","tag-hlas-lesa","tag-les","tag-megafon","tag-obcianske-zdruzenie","tag-presov","tag-slanske-vrchy","tag-slovensko","tag-unikatnost","tag-zabava","tag-zazitok"],"yoast_head":"<!-- This site is optimized with the Yoast SEO Premium plugin v25.3 (Yoast SEO v25.9) - https:\/\/yoast.com\/wordpress\/plugins\/seo\/ -->\n<title>Vychutnajte si zvuky pr\u00edrody s\u00a0jedine\u010dn\u00fdm dreven\u00fdm megaf\u00f3nom - \u0160koda We Love Cycling Slovensko<\/title>\n<meta name=\"robots\" content=\"index, follow, max-snippet:-1, max-image-preview:large, max-video-preview:-1\" \/>\n<link rel=\"canonical\" href=\"https:\/\/www.welovecycling.com\/sk\/2019\/08\/30\/vychutnajte-si-zvuky-prirody-s-jedinecnym-drevenym-megafonom\/\" \/>\n<meta property=\"og:locale\" content=\"sk_SK\" \/>\n<meta property=\"og:type\" content=\"article\" \/>\n<meta property=\"og:title\" content=\"Vychutnajte si zvuky pr\u00edrody s\u00a0jedine\u010dn\u00fdm dreven\u00fdm megaf\u00f3nom\" \/>\n<meta property=\"og:description\" content=\"Prech\u00e1dzka \u010di v\u00fdjazd v\u00a0lesoch sa vyzna\u010duje predov\u0161etk\u00fdm svojou pokojnos\u0165ou a\u00a0pocitom bl\u00edzkosti pr\u00edrody. Unikn\u00fa\u0165 od ruchu ve\u013ekomesta je asi cie\u013e nejedn\u00e9ho [&hellip;]\" \/>\n<meta property=\"og:url\" content=\"https:\/\/www.welovecycling.com\/sk\/2019\/08\/30\/vychutnajte-si-zvuky-prirody-s-jedinecnym-drevenym-megafonom\/\" \/>\n<meta property=\"og:site_name\" content=\"\u0160koda We Love Cycling Slovensko\" \/>\n<meta property=\"article:published_time\" content=\"2019-08-30T09:12:01+00:00\" \/>\n<meta property=\"article:modified_time\" content=\"2019-08-30T09:15:04+00:00\" \/>\n<meta property=\"og:image\" content=\"https:\/\/d2p6e6u75xmxt8.cloudfront.net\/4\/2019\/08\/00-3.webp\" \/>\n\t<meta property=\"og:image:width\" content=\"1380\" \/>\n\t<meta property=\"og:image:height\" content=\"600\" \/>\n\t<meta property=\"og:image:type\" content=\"image\/webp\" \/>\n<meta name=\"author\" content=\"Ondrej Ga\u0161par\" \/>\n<meta name=\"twitter:card\" content=\"summary_large_image\" \/>\n<meta name=\"twitter:label1\" content=\"Written by\" \/>\n\t<meta name=\"twitter:data1\" content=\"We Love Cycling\" \/>\n\t<meta name=\"twitter:label2\" content=\"Est. reading time\" \/>\n\t<meta name=\"twitter:data2\" content=\"5\" \/>\n<script type=\"application\/ld+json\" class=\"yoast-schema-graph\">{\"@context\":\"https:\/\/schema.org\",\"@graph\":[{\"@type\":\"WebPage\",\"@id\":\"https:\/\/www.welovecycling.com\/sk\/2019\/08\/30\/vychutnajte-si-zvuky-prirody-s-jedinecnym-drevenym-megafonom\/\",\"url\":\"https:\/\/www.welovecycling.com\/sk\/2019\/08\/30\/vychutnajte-si-zvuky-prirody-s-jedinecnym-drevenym-megafonom\/\",\"name\":\"Vychutnajte si zvuky pr\u00edrody s\u00a0jedine\u010dn\u00fdm dreven\u00fdm megaf\u00f3nom - \u0160koda We Love Cycling Slovensko\",\"isPartOf\":{\"@id\":\"https:\/\/www.welovecycling.com\/sk\/#website\"},\"primaryImageOfPage\":{\"@id\":\"https:\/\/www.welovecycling.com\/sk\/2019\/08\/30\/vychutnajte-si-zvuky-prirody-s-jedinecnym-drevenym-megafonom\/#primaryimage\"},\"image\":{\"@id\":\"https:\/\/www.welovecycling.com\/sk\/2019\/08\/30\/vychutnajte-si-zvuky-prirody-s-jedinecnym-drevenym-megafonom\/#primaryimage\"},\"thumbnailUrl\":\"https:\/\/d2p6e6u75xmxt8.cloudfront.net\/4\/2019\/08\/00-3.webp\",\"datePublished\":\"2019-08-30T09:12:01+00:00\",\"dateModified\":\"2019-08-30T09:15:04+00:00\",\"author\":{\"@id\":\"https:\/\/www.welovecycling.com\/sk\/#\/schema\/person\/8ee09ba39b7e25b1870160aa5b3a89bc\"},\"breadcrumb\":{\"@id\":\"https:\/\/www.welovecycling.com\/sk\/2019\/08\/30\/vychutnajte-si-zvuky-prirody-s-jedinecnym-drevenym-megafonom\/#breadcrumb\"},\"inLanguage\":\"sk-SK\",\"potentialAction\":[{\"@type\":\"ReadAction\",\"target\":[\"https:\/\/www.welovecycling.com\/sk\/2019\/08\/30\/vychutnajte-si-zvuky-prirody-s-jedinecnym-drevenym-megafonom\/\"]}]},{\"@type\":\"ImageObject\",\"inLanguage\":\"sk-SK\",\"@id\":\"https:\/\/www.welovecycling.com\/sk\/2019\/08\/30\/vychutnajte-si-zvuky-prirody-s-jedinecnym-drevenym-megafonom\/#primaryimage\",\"url\":\"https:\/\/d2p6e6u75xmxt8.cloudfront.net\/4\/2019\/08\/00-3.webp\",\"contentUrl\":\"https:\/\/d2p6e6u75xmxt8.cloudfront.net\/4\/2019\/08\/00-3.webp\",\"width\":1380,\"height\":600},{\"@type\":\"BreadcrumbList\",\"@id\":\"https:\/\/www.welovecycling.com\/sk\/2019\/08\/30\/vychutnajte-si-zvuky-prirody-s-jedinecnym-drevenym-megafonom\/#breadcrumb\",\"itemListElement\":[{\"@type\":\"ListItem\",\"position\":1,\"name\":\"Home\",\"item\":\"https:\/\/www.welovecycling.com\/sk\/\"},{\"@type\":\"ListItem\",\"position\":2,\"name\":\"Vychutnajte si zvuky pr\u00edrody s\u00a0jedine\u010dn\u00fdm dreven\u00fdm megaf\u00f3nom\"}]},{\"@type\":\"WebSite\",\"@id\":\"https:\/\/www.welovecycling.com\/sk\/#website\",\"url\":\"https:\/\/www.welovecycling.com\/sk\/\",\"name\":\"\u0160koda We Love Cycling Slovensko\",\"description\":\"\u0160koda We Love Cycling Slovensko je v\u00e1\u0161 ka\u017edodenn\u00fd zdroj noviniek a in\u0161pir\u00e1cie z sveta cyklistiky\",\"potentialAction\":[{\"@type\":\"SearchAction\",\"target\":{\"@type\":\"EntryPoint\",\"urlTemplate\":\"https:\/\/www.welovecycling.com\/sk\/?s={search_term_string}\"},\"query-input\":{\"@type\":\"PropertyValueSpecification\",\"valueRequired\":true,\"valueName\":\"search_term_string\"}}],\"inLanguage\":\"sk-SK\"},{\"@type\":\"Person\",\"@id\":\"https:\/\/www.welovecycling.com\/sk\/#\/schema\/person\/8ee09ba39b7e25b1870160aa5b3a89bc\",\"name\":\"Ondrej Ga\u0161par\",\"image\":{\"@type\":\"ImageObject\",\"inLanguage\":\"sk-SK\",\"@id\":\"https:\/\/www.welovecycling.com\/sk\/#\/schema\/person\/image\/\",\"url\":\"https:\/\/secure.gravatar.com\/avatar\/6126c9afb87b70da5abbb083ddbb21933da15f18f8ca7cb822aba0fb096a48f6?s=96&d=mm&r=g\",\"contentUrl\":\"https:\/\/secure.gravatar.com\/avatar\/6126c9afb87b70da5abbb083ddbb21933da15f18f8ca7cb822aba0fb096a48f6?s=96&d=mm&r=g\",\"caption\":\"Ondrej Ga\u0161par\"},\"url\":\"https:\/\/www.welovecycling.com\/sk\/author\/ondrejgaspar\/\"}]}<\/script>\n<!-- \/ Yoast SEO Premium plugin. -->","yoast_head_json":{"title":"Vychutnajte si zvuky pr\u00edrody s\u00a0jedine\u010dn\u00fdm dreven\u00fdm megaf\u00f3nom - \u0160koda We Love Cycling Slovensko","robots":{"index":"index","follow":"follow","max-snippet":"max-snippet:-1","max-image-preview":"max-image-preview:large","max-video-preview":"max-video-preview:-1"},"canonical":"https:\/\/www.welovecycling.com\/sk\/2019\/08\/30\/vychutnajte-si-zvuky-prirody-s-jedinecnym-drevenym-megafonom\/","og_locale":"sk_SK","og_type":"article","og_title":"Vychutnajte si zvuky pr\u00edrody s\u00a0jedine\u010dn\u00fdm dreven\u00fdm megaf\u00f3nom","og_description":"Prech\u00e1dzka \u010di v\u00fdjazd v\u00a0lesoch sa vyzna\u010duje predov\u0161etk\u00fdm svojou pokojnos\u0165ou a\u00a0pocitom bl\u00edzkosti pr\u00edrody. Unikn\u00fa\u0165 od ruchu ve\u013ekomesta je asi cie\u013e nejedn\u00e9ho [&hellip;]","og_url":"https:\/\/www.welovecycling.com\/sk\/2019\/08\/30\/vychutnajte-si-zvuky-prirody-s-jedinecnym-drevenym-megafonom\/","og_site_name":"\u0160koda We Love Cycling Slovensko","article_published_time":"2019-08-30T09:12:01+00:00","article_modified_time":"2019-08-30T09:15:04+00:00","og_image":[{"width":1380,"height":600,"url":"https:\/\/d2p6e6u75xmxt8.cloudfront.net\/4\/2019\/08\/00-3.webp","type":"image\/webp"}],"author":"Ondrej Ga\u0161par","twitter_card":"summary_large_image","twitter_misc":{"Written by":"We Love Cycling","Est. reading time":"5"},"schema":{"@context":"https:\/\/schema.org","@graph":[{"@type":"WebPage","@id":"https:\/\/www.welovecycling.com\/sk\/2019\/08\/30\/vychutnajte-si-zvuky-prirody-s-jedinecnym-drevenym-megafonom\/","url":"https:\/\/www.welovecycling.com\/sk\/2019\/08\/30\/vychutnajte-si-zvuky-prirody-s-jedinecnym-drevenym-megafonom\/","name":"Vychutnajte si zvuky pr\u00edrody s\u00a0jedine\u010dn\u00fdm dreven\u00fdm megaf\u00f3nom - \u0160koda We Love Cycling Slovensko","isPartOf":{"@id":"https:\/\/www.welovecycling.com\/sk\/#website"},"primaryImageOfPage":{"@id":"https:\/\/www.welovecycling.com\/sk\/2019\/08\/30\/vychutnajte-si-zvuky-prirody-s-jedinecnym-drevenym-megafonom\/#primaryimage"},"image":{"@id":"https:\/\/www.welovecycling.com\/sk\/2019\/08\/30\/vychutnajte-si-zvuky-prirody-s-jedinecnym-drevenym-megafonom\/#primaryimage"},"thumbnailUrl":"https:\/\/d2p6e6u75xmxt8.cloudfront.net\/4\/2019\/08\/00-3.webp","datePublished":"2019-08-30T09:12:01+00:00","dateModified":"2019-08-30T09:15:04+00:00","author":{"@id":"https:\/\/www.welovecycling.com\/sk\/#\/schema\/person\/8ee09ba39b7e25b1870160aa5b3a89bc"},"breadcrumb":{"@id":"https:\/\/www.welovecycling.com\/sk\/2019\/08\/30\/vychutnajte-si-zvuky-prirody-s-jedinecnym-drevenym-megafonom\/#breadcrumb"},"inLanguage":"sk-SK","potentialAction":[{"@type":"ReadAction","target":["https:\/\/www.welovecycling.com\/sk\/2019\/08\/30\/vychutnajte-si-zvuky-prirody-s-jedinecnym-drevenym-megafonom\/"]}]},{"@type":"ImageObject","inLanguage":"sk-SK","@id":"https:\/\/www.welovecycling.com\/sk\/2019\/08\/30\/vychutnajte-si-zvuky-prirody-s-jedinecnym-drevenym-megafonom\/#primaryimage","url":"https:\/\/d2p6e6u75xmxt8.cloudfront.net\/4\/2019\/08\/00-3.webp","contentUrl":"https:\/\/d2p6e6u75xmxt8.cloudfront.net\/4\/2019\/08\/00-3.webp","width":1380,"height":600},{"@type":"BreadcrumbList","@id":"https:\/\/www.welovecycling.com\/sk\/2019\/08\/30\/vychutnajte-si-zvuky-prirody-s-jedinecnym-drevenym-megafonom\/#breadcrumb","itemListElement":[{"@type":"ListItem","position":1,"name":"Home","item":"https:\/\/www.welovecycling.com\/sk\/"},{"@type":"ListItem","position":2,"name":"Vychutnajte si zvuky pr\u00edrody s\u00a0jedine\u010dn\u00fdm dreven\u00fdm megaf\u00f3nom"}]},{"@type":"WebSite","@id":"https:\/\/www.welovecycling.com\/sk\/#website","url":"https:\/\/www.welovecycling.com\/sk\/","name":"\u0160koda We Love Cycling Slovensko","description":"\u0160koda We Love Cycling Slovensko je v\u00e1\u0161 ka\u017edodenn\u00fd zdroj noviniek a in\u0161pir\u00e1cie z sveta cyklistiky","potentialAction":[{"@type":"SearchAction","target":{"@type":"EntryPoint","urlTemplate":"https:\/\/www.welovecycling.com\/sk\/?s={search_term_string}"},"query-input":{"@type":"PropertyValueSpecification","valueRequired":true,"valueName":"search_term_string"}}],"inLanguage":"sk-SK"},{"@type":"Person","@id":"https:\/\/www.welovecycling.com\/sk\/#\/schema\/person\/8ee09ba39b7e25b1870160aa5b3a89bc","name":"Ondrej Ga\u0161par","image":{"@type":"ImageObject","inLanguage":"sk-SK","@id":"https:\/\/www.welovecycling.com\/sk\/#\/schema\/person\/image\/","url":"https:\/\/secure.gravatar.com\/avatar\/6126c9afb87b70da5abbb083ddbb21933da15f18f8ca7cb822aba0fb096a48f6?s=96&d=mm&r=g","contentUrl":"https:\/\/secure.gravatar.com\/avatar\/6126c9afb87b70da5abbb083ddbb21933da15f18f8ca7cb822aba0fb096a48f6?s=96&d=mm&r=g","caption":"Ondrej Ga\u0161par"},"url":"https:\/\/www.welovecycling.com\/sk\/author\/ondrejgaspar\/"}]}},"_links":{"self":[{"href":"https:\/\/www.welovecycling.com\/sk\/wp-json\/wp\/v2\/posts\/8165","targetHints":{"allow":["GET"]}}],"collection":[{"href":"https:\/\/www.welovecycling.com\/sk\/wp-json\/wp\/v2\/posts"}],"about":[{"href":"https:\/\/www.welovecycling.com\/sk\/wp-json\/wp\/v2\/types\/post"}],"author":[{"embeddable":true,"href":"https:\/\/www.welovecycling.com\/sk\/wp-json\/wp\/v2\/users\/38"}],"replies":[{"embeddable":true,"href":"https:\/\/www.welovecycling.com\/sk\/wp-json\/wp\/v2\/comments?post=8165"}],"version-history":[{"count":1,"href":"https:\/\/www.welovecycling.com\/sk\/wp-json\/wp\/v2\/posts\/8165\/revisions"}],"predecessor-version":[{"id":8170,"href":"https:\/\/www.welovecycling.com\/sk\/wp-json\/wp\/v2\/posts\/8165\/revisions\/8170"}],"wp:featuredmedia":[{"embeddable":true,"href":"https:\/\/www.welovecycling.com\/sk\/wp-json\/wp\/v2\/media\/8169"}],"wp:attachment":[{"href":"https:\/\/www.welovecycling.com\/sk\/wp-json\/wp\/v2\/media?parent=8165"}],"wp:term":[{"taxonomy":"category","embeddable":true,"href":"https:\/\/www.welovecycling.com\/sk\/wp-json\/wp\/v2\/categories?post=8165"},{"taxonomy":"post_tag","embeddable":true,"href":"https:\/\/www.welovecycling.com\/sk\/wp-json\/wp\/v2\/tags?post=8165"},{"taxonomy":"global-categories","embeddable":true,"href":"https:\/\/www.welovecycling.com\/sk\/wp-json\/wp\/v2\/global-categories?post=8165"}],"curies":[{"name":"wp","href":"https:\/\/api.w.org\/{rel}","templated":true}]}}