{"id":8146,"date":"2019-08-28T10:04:41","date_gmt":"2019-08-28T08:04:41","guid":{"rendered":"https:\/\/www.welovecycling.com\/sk\/?p=8146"},"modified":"2019-09-03T12:29:24","modified_gmt":"2019-09-03T10:29:24","slug":"rozhovor-vitazka-automobilu-skoda-fabia-combi","status":"publish","type":"post","link":"https:\/\/www.welovecycling.com\/sk\/2019\/08\/28\/rozhovor-vitazka-automobilu-skoda-fabia-combi\/","title":{"rendered":"Rozhovor s v\u00ed\u0165azkou: Ako som si vybicyklovala nov\u00fa FABIU COMBI?"},"content":{"rendered":"<p><strong>Martina Meli\u0161ov\u00e1 je hobby cyklistka, ktor\u00e1 na bicykli rada tr\u00e1vi \u010das so svojou rodinou. Pred p\u00e1r rokmi sa z\u00fa\u010dastnila svojho prv\u00e9ho cyklomarat\u00f3nu a odvtedy takto \u201cakt\u00edvne\u201d sprev\u00e1dza svojho man\u017eela a syna. Tento rok sa v\u010faka svojej \u00fa\u010dasti na \u0161tyroch kol\u00e1ch s\u00e9rie \u0160koda BIKE OPEN TOUR stala \u0161\u0165astnou v\u00ed\u0165azkou automobilu \u0160koda FABIA COMBI. My sme ju vyspovedali, ako t\u00e1to jej \u201ccesta\u201d od bicykla k nov\u00e9mu aut\u00ed\u010dku vyzerala.<\/strong><!--more--><\/p>\n<div data-rows=\"1\" id='gallery-1' class='gallery-rows-1 gallery galleryid-8146 gallery-columns-3 gallery-size-full'><figure class='gallery-item'>\n\t\t\t<div class='gallery-icon landscape'>\n\t\t\t\t<a href='https:\/\/d2p6e6u75xmxt8.cloudfront.net\/4\/2019\/08\/PF__0299A.JPG.webp'><img loading=\"lazy\" decoding=\"async\" width=\"1200\" height=\"800\" src=\"https:\/\/d2p6e6u75xmxt8.cloudfront.net\/4\/2019\/08\/PF__0299A.JPG.webp\" class=\"attachment-full size-full\" alt=\"\" srcset=\"https:\/\/d2p6e6u75xmxt8.cloudfront.net\/4\/2019\/08\/PF__0299A.JPG.webp 1200w, https:\/\/d2p6e6u75xmxt8.cloudfront.net\/4\/2019\/08\/PF__0299A.JPG-300x200.webp 300w, https:\/\/d2p6e6u75xmxt8.cloudfront.net\/4\/2019\/08\/PF__0299A.JPG-1024x683.webp 1024w, https:\/\/d2p6e6u75xmxt8.cloudfront.net\/4\/2019\/08\/PF__0299A.JPG-768x512.webp 768w, https:\/\/d2p6e6u75xmxt8.cloudfront.net\/4\/2019\/08\/PF__0299A.JPG-272x182.webp 272w\" sizes=\"auto, (max-width: 1200px) 100vw, 1200px\" \/><\/a>\n\t\t\t<\/div><\/figure><figure class='gallery-item'>\n\t\t\t<div class='gallery-icon landscape'>\n\t\t\t\t<a href='https:\/\/d2p6e6u75xmxt8.cloudfront.net\/4\/2019\/08\/PF__0311A.JPG.webp'><img loading=\"lazy\" decoding=\"async\" width=\"1200\" height=\"800\" src=\"https:\/\/d2p6e6u75xmxt8.cloudfront.net\/4\/2019\/08\/PF__0311A.JPG.webp\" class=\"attachment-full size-full\" alt=\"\" srcset=\"https:\/\/d2p6e6u75xmxt8.cloudfront.net\/4\/2019\/08\/PF__0311A.JPG.webp 1200w, https:\/\/d2p6e6u75xmxt8.cloudfront.net\/4\/2019\/08\/PF__0311A.JPG-300x200.webp 300w, https:\/\/d2p6e6u75xmxt8.cloudfront.net\/4\/2019\/08\/PF__0311A.JPG-1024x683.webp 1024w, https:\/\/d2p6e6u75xmxt8.cloudfront.net\/4\/2019\/08\/PF__0311A.JPG-768x512.webp 768w, https:\/\/d2p6e6u75xmxt8.cloudfront.net\/4\/2019\/08\/PF__0311A.JPG-272x182.webp 272w\" sizes=\"auto, (max-width: 1200px) 100vw, 1200px\" \/><\/a>\n\t\t\t<\/div><\/figure><figure class='gallery-item'>\n\t\t\t<div class='gallery-icon landscape'>\n\t\t\t\t<a href='https:\/\/d2p6e6u75xmxt8.cloudfront.net\/4\/2019\/08\/PF__0333A.JPG.webp'><img loading=\"lazy\" decoding=\"async\" width=\"1200\" height=\"800\" src=\"https:\/\/d2p6e6u75xmxt8.cloudfront.net\/4\/2019\/08\/PF__0333A.JPG.webp\" class=\"attachment-full size-full\" alt=\"\" srcset=\"https:\/\/d2p6e6u75xmxt8.cloudfront.net\/4\/2019\/08\/PF__0333A.JPG.webp 1200w, https:\/\/d2p6e6u75xmxt8.cloudfront.net\/4\/2019\/08\/PF__0333A.JPG-300x200.webp 300w, https:\/\/d2p6e6u75xmxt8.cloudfront.net\/4\/2019\/08\/PF__0333A.JPG-1024x683.webp 1024w, https:\/\/d2p6e6u75xmxt8.cloudfront.net\/4\/2019\/08\/PF__0333A.JPG-768x512.webp 768w, https:\/\/d2p6e6u75xmxt8.cloudfront.net\/4\/2019\/08\/PF__0333A.JPG-272x182.webp 272w\" sizes=\"auto, (max-width: 1200px) 100vw, 1200px\" \/><\/a>\n\t\t\t<\/div><\/figure>\n\t\t<\/div>\n        \n<p><strong>Ako ste sa dostali s cyklistike? Venuje sa tejto z\u00e1\u013eube aj niekto \u010fal\u0161\u00ed z Va\u0161ej rodiny?<\/strong><br \/>\n<em>V\u017edy sme sa s man\u017eelom a synom len tak vozili na horsk\u00fdch bicykloch. Nielen po lese, ale aj po ceste. Bavilo n\u00e1s spolu tr\u00e1vi\u0165 t\u00fdmto sp\u00f4sobom \u010das. V roku 2013 sme sa dozvedeli o detsk\u00fdch pretekoch a syna sme prihl\u00e1sili. &#8222;Chytilo&#8220; ho to a odvtedy sa u\u017e cyklistiky nevzdal. My s man\u017eelom sme s n\u00edm chodili na r\u00f4zne preteky, ale boli sme len ako div\u00e1ci. Moji rodi\u010dia poch\u00e1dzaj\u00fa z obce S\u00fa\u013eov &#8211; Hradn\u00e1 a zistili sme, \u017ee v S\u00fa\u013eove je marat\u00f3n aj pre &#8222;amat\u00e9rov&#8220;, tak sme sa v roku 2014 prv\u00fdkr\u00e1t rozhodli aj my, \u017ee sa z\u00fa\u010dastn\u00edme (najkrat\u0161ej trate &#8211; cca 20 km). Boli to na\u0161e prv\u00e9 spolo\u010dn\u00e9 preteky. Man\u017eel i\u0161iel svoj\u00edm tempom, a ja so synom sme i\u0161li spolu &#8211; mal vtedy 12 rokov (\u010di\u017ee za\u010d\u00ednal dos\u0165 neskoro, ale bavilo ho to). V S\u00fa\u013eove som ho na marat\u00f3ne povzbudzovala a pom\u00e1hala mu, \u0161\u0165astne sme pri\u0161li do cie\u013ea. Tento marat\u00f3n od\u0161tartoval na\u0161u s\u00e9riu marat\u00f3nov. \u010eal\u0161\u00ed rok ma u\u017e syn predbehol o 21 min\u00fat a \u010fal\u0161\u00ed u\u017e skoro o pol hodiny a vo svojej kateg\u00f3rii vyhral 1. miesto. Odvtedy sme na marat\u00f3ny chodili spolu, moji chlapi \u201cz\u00e1vodili\u201d a ja, aby som nest\u00e1la len tak v cieli a ne\u010dakala na nich, tak som sa i\u0161la previes\u0165 tie\u017e, s t\u00fdm, \u017ee moj\u00edm cie\u013eom bolo neskon\u010di\u0165 vo svojej kateg\u00f3rii posledn\u00e1. Postupne mi hovorili &#8222;triky a pom\u00f4cky&#8220; ako sa zlep\u0161ova\u0165, a t\u00e1to ich z\u00e1\u013euba pohltila aj m\u0148a. St\u00e1le som pr\u00edle\u017eitostn\u00fd cyklista a aj n\u00edm ostanem, ale sem-tam sa mi podar\u00ed vo svojej discipl\u00edne aj umiestni\u0165 na &#8222;bedni&#8220; (aj ke\u010f len na men\u0161\u00edch region\u00e1lnych marat\u00f3noch).<\/em><\/p>\n<p><a href=\"https:\/\/d2p6e6u75xmxt8.cloudfront.net\/4\/2019\/08\/rozhovor-7.jpg\"><img loading=\"lazy\" decoding=\"async\" class=\"alignnone size-full wp-image-8147\" src=\"https:\/\/d2p6e6u75xmxt8.cloudfront.net\/4\/2019\/08\/rozhovor-7.jpg\" alt=\"\" width=\"1200\" height=\"800\" \/><\/a><\/p>\n<p><em>Syn nesk\u00f4r za\u010dal jazdi\u0165 ofici\u00e1lne pod Slovensk\u00fdm zv\u00e4zom cyklistiky preteky Slovensk\u00e9ho poh\u00e1ra a jazd\u00ed za klub CK EPIC Doh\u0148any. Moment\u00e1lne s\u00fa to prednostne horsk\u00e9 preteky, ale aj cestn\u00e9, cyklokros a vysk\u00fa\u0161al u\u017e aj dr\u00e1hu (bol spolu s chalanmi v t\u00edmovom \u0161printe kadetov 2018 majster Slovenska). Jeho harmonogram pretekov je moment\u00e1lne tak nabit\u00fd, \u017ee spolo\u010dn\u00e9 marat\u00f3ny st\u00edham u\u017e len s man\u017eelom a sem-tam berieme so sebou aj \u0161vagra.<\/em><\/p>\n<p><a href=\"https:\/\/d2p6e6u75xmxt8.cloudfront.net\/4\/2019\/08\/rozhovor-9.jpg\"><img loading=\"lazy\" decoding=\"async\" class=\"alignnone size-full wp-image-8148\" src=\"https:\/\/d2p6e6u75xmxt8.cloudfront.net\/4\/2019\/08\/rozhovor-9.jpg\" alt=\"\" width=\"1200\" height=\"800\" \/><\/a><\/p>\n<p><strong>Ak\u00e9 s\u00fa Va\u0161e ob\u013e\u00faben\u00e9 lokality, kde najrad\u0161ej jazd\u00edte na bicykli? Podarilo sa V\u00e1m absolvova\u0165 aj nejak\u00fa cyklodovolenku?<\/strong><br \/>\n<em>Najrad\u0161ej jazd\u00edme v okol\u00ed Pova\u017eskej Bystrice, ke\u010f\u017ee tam b\u00fdvame. M\u00e1me ve\u013emi radi trasy v okol\u00ed S\u00fa\u013eova, ale ob\u013e\u00fabili sme si aj niektor\u00e9 marat\u00f3nske trasy. Cyklodovolenku sme zatia\u013e neabsolvovali, ale chyst\u00e1me sa na \u0148u u\u017e si 2 roky.<\/em><\/p>\n<p><strong>S\u00e9ria \u0160koda BIKE OPEN TOUR je pre V\u00e1s tento rok novinkou, alebo ju jazd\u00edte u\u017e dlh\u0161ie?<\/strong><br \/>\n<em>S\u00e9riu \u0160koda BIKE OPEN TOUR jazd\u00edme od roku 2014 pravidelne. Nie \u00faplne ka\u017ed\u00e9 preteky, ale v\u00e4\u010d\u0161inu \u00e1no. Niektor\u00e9 trasy sme si ve\u013emi ob\u013e\u00fabili.<\/em><\/p>\n<p><strong>Ktor\u00fdch k\u00f4l ste sa tento rok z\u00fa\u010dastnili a pod\u013ea \u010doho ste vyberali jednotliv\u00e9 marat\u00f3ny?<\/strong><br \/>\n<em>My okrem \u0160BOT jazd\u00edme aj men\u0161ie region\u00e1lne marat\u00f3ny a tento rok sme v r\u00e1mci \u0160BOT absolvovali 4 marat\u00f3ny. <a href=\"https:\/\/www.welovecycling.com\/sk\/2019\/04\/17\/reportaz-skoda-svatojursky-mtb-maraton-2019-sviezi-start-maratonskej-sezony\/\">Sv\u00e4to\u00fd Jur<\/a>, ktor\u00fd bol tento rok naozaj ve\u013emi, ale ve\u013emi studen\u00fd (om\u0155zali aj nohy v tretr\u00e1ch), \u010di <a href=\"https:\/\/www.welovecycling.com\/sk\/2019\/06\/18\/reportaz-skoda-mtb-maraton-rajecke-teplice-v-znameni-vody-a-slnka\/\">Rajeck\u00e9 Teplice<\/a>, ktor\u00e9 sme i\u0161li prv\u00fdkr\u00e1t a ve\u013emi sa mi p\u00e1\u010dili. Boli sme aj na <a href=\"https:\/\/www.welovecycling.com\/sk\/2019\/05\/08\/reportaz-skoda-vlko-hron-mtb-maraton-bikerov-privitalo-srdce-slovenska\/\">Vlho Hrone<\/a> a samozrejme vo Svite. Vynechali sme len <a href=\"https:\/\/www.welovecycling.com\/sk\/2019\/05\/30\/reportaz-skoda-mtb-maraton-levocske-vrchy-zelena-oslava-cyklistiky\/\">Levo\u010du<\/a>, ktor\u00e1 n\u00e1m term\u00ednovo nevyhovovala.<\/em><\/p>\n<p><a href=\"https:\/\/d2p6e6u75xmxt8.cloudfront.net\/4\/2019\/08\/rozhovor-8.jpg\"><img loading=\"lazy\" decoding=\"async\" class=\"alignnone size-full wp-image-8149\" src=\"https:\/\/d2p6e6u75xmxt8.cloudfront.net\/4\/2019\/08\/rozhovor-8.jpg\" alt=\"\" width=\"1200\" height=\"800\" \/><\/a><\/p>\n<p><strong>Ktor\u00fd \u0160BOT marat\u00f3n sa V\u00e1m tento rok najviac p\u00e1\u010dil a pre\u010do?<\/strong><br \/>\n<em>Ka\u017ed\u00fd zo \u0160BOT marat\u00f3nov m\u00e1 nie\u010do \u0161pecifick\u00e9. Ja som mala najrad\u0161ej marat\u00f3n v S\u00fa\u013eove, je mi najbli\u017e\u0161\u00ed a najlep\u0161ie som ho poznala. Sv\u00e4t\u00fd Jur je spo\u013eahliv\u00e1 klasika a Rajeck\u00e9 Teplice ma pr\u00edjemne prekvapili. Ale <a href=\"https:\/\/www.welovecycling.com\/sk\/2019\/08\/15\/reportaz-skoda-horal-mtb-maraton-finale-ako-sa-patri\/\">\u0160koda HORAL MTB marat\u00f3n vo Svite<\/a> m\u00e1 pre m\u0148a zvl\u00e1\u0161tnu atmosf\u00e9ru, v\u017edy som ho pova\u017eovala na naj\u0165a\u017e\u0161\u00ed marat\u00f3n (je najdlh\u0161\u00ed a m\u00e1 najv\u00e4\u010d\u0161ie prev\u00fd\u0161enie). Prv\u00e9 roky som ho ani nejazdila, nec\u00edtila som sa na to, ale odkedy som ho vysk\u00fa\u0161ala, u\u017e som ho nevynechala. Tento rok mi to moc nevy\u0161lo na trati, ale vynahradila mi to v\u00fdhra auta.<\/em><\/p>\n<p><strong>Ako by ste motivovali in\u00e9 \u017eeny k \u00fa\u010dasti na tak\u00fdchto podujatiach?<\/strong><br \/>\n<em>Pre m\u0148a bola motiv\u00e1cia m\u00f4j syn. Jeho iskri\u010dky, ke\u010f ma \u010dakal v cieli a motiva\u010dn\u00e9 pokriky, \u010di pochvaly z jeho strany mi st\u00e1li za to, aby som to sk\u00fasila zas a znova.<\/em><\/p>\n<div data-rows=\"1\" id='gallery-2' class='gallery-rows-1 gallery galleryid-8146 gallery-columns-2 gallery-size-full'><figure class='gallery-item'>\n\t\t\t<div class='gallery-icon landscape'>\n\t\t\t\t<a href='https:\/\/d2p6e6u75xmxt8.cloudfront.net\/4\/2019\/08\/rozhovor-3.webp'><img loading=\"lazy\" decoding=\"async\" width=\"1200\" height=\"800\" src=\"https:\/\/d2p6e6u75xmxt8.cloudfront.net\/4\/2019\/08\/rozhovor-3.webp\" class=\"attachment-full size-full\" alt=\"\" srcset=\"https:\/\/d2p6e6u75xmxt8.cloudfront.net\/4\/2019\/08\/rozhovor-3.webp 1200w, https:\/\/d2p6e6u75xmxt8.cloudfront.net\/4\/2019\/08\/rozhovor-3-300x200.webp 300w, https:\/\/d2p6e6u75xmxt8.cloudfront.net\/4\/2019\/08\/rozhovor-3-1024x683.webp 1024w, https:\/\/d2p6e6u75xmxt8.cloudfront.net\/4\/2019\/08\/rozhovor-3-768x512.webp 768w, https:\/\/d2p6e6u75xmxt8.cloudfront.net\/4\/2019\/08\/rozhovor-3-272x182.webp 272w\" sizes=\"auto, (max-width: 1200px) 100vw, 1200px\" \/><\/a>\n\t\t\t<\/div><\/figure><figure class='gallery-item'>\n\t\t\t<div class='gallery-icon landscape'>\n\t\t\t\t<a href='https:\/\/d2p6e6u75xmxt8.cloudfront.net\/4\/2019\/08\/rozhovor-1.webp'><img loading=\"lazy\" decoding=\"async\" width=\"1200\" height=\"800\" src=\"https:\/\/d2p6e6u75xmxt8.cloudfront.net\/4\/2019\/08\/rozhovor-1.webp\" class=\"attachment-full size-full\" alt=\"\" srcset=\"https:\/\/d2p6e6u75xmxt8.cloudfront.net\/4\/2019\/08\/rozhovor-1.webp 1200w, https:\/\/d2p6e6u75xmxt8.cloudfront.net\/4\/2019\/08\/rozhovor-1-300x200.webp 300w, https:\/\/d2p6e6u75xmxt8.cloudfront.net\/4\/2019\/08\/rozhovor-1-1024x683.webp 1024w, https:\/\/d2p6e6u75xmxt8.cloudfront.net\/4\/2019\/08\/rozhovor-1-768x512.webp 768w, https:\/\/d2p6e6u75xmxt8.cloudfront.net\/4\/2019\/08\/rozhovor-1-272x182.webp 272w\" sizes=\"auto, (max-width: 1200px) 100vw, 1200px\" \/><\/a>\n\t\t\t<\/div><\/figure>\n\t\t<\/div>\n        \n<p><strong>Chod\u00ed s Vami na marat\u00f3ny aj zvy\u0161ok Va\u0161ej rodiny?<\/strong><br \/>\n<em>Ako som u\u017e spom\u00ednala, moment\u00e1lne chod\u00edm na marat\u00f3ny s man\u017eelom a ob\u010das ide s nami aj \u0161vagor. Ale tvor\u00ed sa okolo n\u00e1s celkom pekn\u00e1 &#8222;parta&#8220;. P\u00e1r chalanov z dediny zvykne zis\u0165ova\u0165, kedy a kam ideme najbli\u017e\u0161ie, ak\u00e1 je to tra\u0165,&#8230; A potom sa stane, \u017ee ideme aj na troch aut\u00e1ch.<\/em><\/p>\n<p><strong>Evidovali ste po\u010das prebiehaj\u00facej s\u00e9rie, \u017ee sa s\u00fa\u0165a\u017e\u00ed pr\u00e1ve o automobil \u0160koda FABIA COMBI, ktor\u00fd ste v sobotu vyhrali?<\/strong><br \/>\n<em>O s\u00fa\u0165a\u017ei som sa dozvedela od man\u017eela. Ke\u010f n\u00e1s registroval na nejak\u00fd \u0160BOT marat\u00f3n, tak to spomenul, ale nejak extra sme to zo za\u010diatku nerie\u0161ili. A\u017e nesk\u00f4r sme pri\u0161li na to, \u017ee sme vynechali len jeden marat\u00f3n a ke\u010f p\u00f4jdeme aj do Svitu, \u010do sme pl\u00e1novali, m\u00e1me \u0161ancu vyhra\u0165 auto. Ke\u010f\u017ee sme sa vo Svite dozvedeli, \u017ee \u0161anca je ve\u013ek\u00e1 a dokonca sme ju mali dvojit\u00fa (aj ja, aj man\u017eel), tak sme ostali a\u017e do konca, do z\u00e1vere\u010dn\u00e9ho \u017erebovania. Cel\u00fd de\u0148 som man\u017eelovi rozpr\u00e1vala o tom, \u017ee to auto je moje, a nech sa ten p\u00e1n o\u0148 neopriera :-). Dokonca, ke\u010f man\u017eel i\u0161iel do auta na parkovisko, poprosila som ho, nech mi zoberie ob\u010diansky preukaz, lebo ke\u010f ma vy\u017erebuj\u00fa, budem ho potrebova\u0165.<\/em><\/p>\n<div data-rows=\"1\" id='gallery-3' class='gallery-rows-1 gallery galleryid-8146 gallery-columns-2 gallery-size-full'><figure class='gallery-item'>\n\t\t\t<div class='gallery-icon landscape'>\n\t\t\t\t<a href='https:\/\/d2p6e6u75xmxt8.cloudfront.net\/4\/2019\/08\/rozhovor-4.webp'><img loading=\"lazy\" decoding=\"async\" width=\"1200\" height=\"800\" src=\"https:\/\/d2p6e6u75xmxt8.cloudfront.net\/4\/2019\/08\/rozhovor-4.webp\" class=\"attachment-full size-full\" alt=\"\" srcset=\"https:\/\/d2p6e6u75xmxt8.cloudfront.net\/4\/2019\/08\/rozhovor-4.webp 1200w, https:\/\/d2p6e6u75xmxt8.cloudfront.net\/4\/2019\/08\/rozhovor-4-300x200.webp 300w, https:\/\/d2p6e6u75xmxt8.cloudfront.net\/4\/2019\/08\/rozhovor-4-1024x683.webp 1024w, https:\/\/d2p6e6u75xmxt8.cloudfront.net\/4\/2019\/08\/rozhovor-4-768x512.webp 768w, https:\/\/d2p6e6u75xmxt8.cloudfront.net\/4\/2019\/08\/rozhovor-4-272x182.webp 272w\" sizes=\"auto, (max-width: 1200px) 100vw, 1200px\" \/><\/a>\n\t\t\t<\/div><\/figure><figure class='gallery-item'>\n\t\t\t<div class='gallery-icon landscape'>\n\t\t\t\t<a href='https:\/\/d2p6e6u75xmxt8.cloudfront.net\/4\/2019\/08\/rozhovor-5.webp'><img loading=\"lazy\" decoding=\"async\" width=\"1200\" height=\"800\" src=\"https:\/\/d2p6e6u75xmxt8.cloudfront.net\/4\/2019\/08\/rozhovor-5.webp\" class=\"attachment-full size-full\" alt=\"\" srcset=\"https:\/\/d2p6e6u75xmxt8.cloudfront.net\/4\/2019\/08\/rozhovor-5.webp 1200w, https:\/\/d2p6e6u75xmxt8.cloudfront.net\/4\/2019\/08\/rozhovor-5-300x200.webp 300w, https:\/\/d2p6e6u75xmxt8.cloudfront.net\/4\/2019\/08\/rozhovor-5-1024x683.webp 1024w, https:\/\/d2p6e6u75xmxt8.cloudfront.net\/4\/2019\/08\/rozhovor-5-768x512.webp 768w, https:\/\/d2p6e6u75xmxt8.cloudfront.net\/4\/2019\/08\/rozhovor-5-272x182.webp 272w\" sizes=\"auto, (max-width: 1200px) 100vw, 1200px\" \/><\/a>\n\t\t\t<\/div><\/figure>\n\t\t<\/div>\n        \n<p><strong>Ak\u00e1 bola Va\u0161a prv\u00e1 reakcia, ke\u010f to naozaj vy\u0161lo a vy\u017erebovali pr\u00e1ve V\u00e1s?<\/strong><br \/>\n<em>Cel\u00fd de\u0148 som bola presved\u010den\u00e1, \u017ee by to mohlo vyjs\u0165. Ale to m\u00e1 \u010dlovek v\u017edy, ke\u010f nie\u010do chce vyhra\u0165 a zapojil sa. Ke\u010f v\u0161ak moder\u00e1tor povedal, \u017ee meno v\u00fdherkyne je Martina, man\u017eel u\u017e mi pod\u00e1val ob\u010diansky a u\u017e som vedela, \u017ee som to ja. Ani neviem, ako som pre\u0161la ku p\u00f3diu. \u013dudia mi gratulovali, pod\u00e1vali ruky, dokonca aj tak\u00ed, ktor\u00fdch som nikdy nevidela. Bol to \u00fa\u017easn\u00fd pocit, cel\u00e1 som sa triasla. Cel\u00e9 mi to do\u0161lo asi a\u017e po ceste domov, ke\u010f som si to cel\u00e9 op\u00e4\u0165 &#8222;premietala&#8220;.<\/em><\/p>\n<div data-rows=\"1\" id='gallery-4' class='gallery-rows-1 gallery galleryid-8146 gallery-columns-2 gallery-size-full'><figure class='gallery-item'>\n\t\t\t<div class='gallery-icon landscape'>\n\t\t\t\t<a href='https:\/\/d2p6e6u75xmxt8.cloudfront.net\/4\/2019\/08\/rozhovor-2.webp'><img loading=\"lazy\" decoding=\"async\" width=\"1200\" height=\"800\" src=\"https:\/\/d2p6e6u75xmxt8.cloudfront.net\/4\/2019\/08\/rozhovor-2.webp\" class=\"attachment-full size-full\" alt=\"\" srcset=\"https:\/\/d2p6e6u75xmxt8.cloudfront.net\/4\/2019\/08\/rozhovor-2.webp 1200w, https:\/\/d2p6e6u75xmxt8.cloudfront.net\/4\/2019\/08\/rozhovor-2-300x200.webp 300w, https:\/\/d2p6e6u75xmxt8.cloudfront.net\/4\/2019\/08\/rozhovor-2-1024x683.webp 1024w, https:\/\/d2p6e6u75xmxt8.cloudfront.net\/4\/2019\/08\/rozhovor-2-768x512.webp 768w, https:\/\/d2p6e6u75xmxt8.cloudfront.net\/4\/2019\/08\/rozhovor-2-272x182.webp 272w\" sizes=\"auto, (max-width: 1200px) 100vw, 1200px\" \/><\/a>\n\t\t\t<\/div><\/figure><figure class='gallery-item'>\n\t\t\t<div class='gallery-icon landscape'>\n\t\t\t\t<a href='https:\/\/d2p6e6u75xmxt8.cloudfront.net\/4\/2019\/08\/rozhovor-6.webp'><img loading=\"lazy\" decoding=\"async\" width=\"1200\" height=\"800\" src=\"https:\/\/d2p6e6u75xmxt8.cloudfront.net\/4\/2019\/08\/rozhovor-6.webp\" class=\"attachment-full size-full\" alt=\"\" srcset=\"https:\/\/d2p6e6u75xmxt8.cloudfront.net\/4\/2019\/08\/rozhovor-6.webp 1200w, https:\/\/d2p6e6u75xmxt8.cloudfront.net\/4\/2019\/08\/rozhovor-6-300x200.webp 300w, https:\/\/d2p6e6u75xmxt8.cloudfront.net\/4\/2019\/08\/rozhovor-6-1024x683.webp 1024w, https:\/\/d2p6e6u75xmxt8.cloudfront.net\/4\/2019\/08\/rozhovor-6-768x512.webp 768w, https:\/\/d2p6e6u75xmxt8.cloudfront.net\/4\/2019\/08\/rozhovor-6-272x182.webp 272w\" sizes=\"auto, (max-width: 1200px) 100vw, 1200px\" \/><\/a>\n\t\t\t<\/div><\/figure>\n\t\t<\/div>\n        \n<p><strong>Ak\u00e9 m\u00e1te s aut\u00ed\u010dkom pl\u00e1ny? U\u017e viete, kam si sprav\u00edte prv\u00fd v\u00fdlet?<\/strong><br \/>\n<em>Moment\u00e1lne zva\u017eujeme v\u0161etky alternat\u00edvy. M\u00e1me doma u\u017e 6-ro\u010dn\u00e9 auto, ktor\u00e9 zatia\u013e sl\u00fa\u017eilo v\u00fdborne, ale roky mu prib\u00fadaj\u00fa. Nov\u00e9 auto je super, m\u00e1 v\u00e4\u010d\u0161\u00ed kufor ako na\u0161e, \u010do bol u n\u00e1s niekedy probl\u00e9m. Tak\u017ee ur\u010dite vyu\u017eijeme. Prv\u00fd v\u00fdlet e\u0161te neviem kde bude, ale ur\u010dite viem, \u017ee mus\u00edm na \u0148om pr\u00eds\u0165 do pr\u00e1ce sa pochv\u00e1li\u0165. Ke\u010f som spomenula kolegyniam, \u017ee som vyhrala, hne\u010f ho chceli vidie\u0165. Je mo\u017en\u00e9, \u017ee prv\u00fd v\u00fdlet bude pr\u00e1ve ten dlho pl\u00e1novan\u00fd cyklistick\u00fd :-).<\/em><\/p>\n<div data-rows=\"1\" id='gallery-5' class='gallery-rows-1 gallery galleryid-8146 gallery-columns-3 gallery-size-full'><figure class='gallery-item'>\n\t\t\t<div class='gallery-icon landscape'>\n\t\t\t\t<a href='https:\/\/d2p6e6u75xmxt8.cloudfront.net\/4\/2019\/08\/PF__0377A.JPG.webp'><img loading=\"lazy\" decoding=\"async\" width=\"1200\" height=\"800\" src=\"https:\/\/d2p6e6u75xmxt8.cloudfront.net\/4\/2019\/08\/PF__0377A.JPG.webp\" class=\"attachment-full size-full\" alt=\"\" srcset=\"https:\/\/d2p6e6u75xmxt8.cloudfront.net\/4\/2019\/08\/PF__0377A.JPG.webp 1200w, https:\/\/d2p6e6u75xmxt8.cloudfront.net\/4\/2019\/08\/PF__0377A.JPG-300x200.webp 300w, https:\/\/d2p6e6u75xmxt8.cloudfront.net\/4\/2019\/08\/PF__0377A.JPG-1024x683.webp 1024w, https:\/\/d2p6e6u75xmxt8.cloudfront.net\/4\/2019\/08\/PF__0377A.JPG-768x512.webp 768w, https:\/\/d2p6e6u75xmxt8.cloudfront.net\/4\/2019\/08\/PF__0377A.JPG-272x182.webp 272w\" sizes=\"auto, (max-width: 1200px) 100vw, 1200px\" \/><\/a>\n\t\t\t<\/div><\/figure><figure class='gallery-item'>\n\t\t\t<div class='gallery-icon landscape'>\n\t\t\t\t<a href='https:\/\/d2p6e6u75xmxt8.cloudfront.net\/4\/2019\/08\/PF__0406A.JPG.webp'><img loading=\"lazy\" decoding=\"async\" width=\"1200\" height=\"800\" src=\"https:\/\/d2p6e6u75xmxt8.cloudfront.net\/4\/2019\/08\/PF__0406A.JPG.webp\" class=\"attachment-full size-full\" alt=\"\" srcset=\"https:\/\/d2p6e6u75xmxt8.cloudfront.net\/4\/2019\/08\/PF__0406A.JPG.webp 1200w, https:\/\/d2p6e6u75xmxt8.cloudfront.net\/4\/2019\/08\/PF__0406A.JPG-300x200.webp 300w, https:\/\/d2p6e6u75xmxt8.cloudfront.net\/4\/2019\/08\/PF__0406A.JPG-1024x683.webp 1024w, https:\/\/d2p6e6u75xmxt8.cloudfront.net\/4\/2019\/08\/PF__0406A.JPG-768x512.webp 768w, https:\/\/d2p6e6u75xmxt8.cloudfront.net\/4\/2019\/08\/PF__0406A.JPG-272x182.webp 272w\" sizes=\"auto, (max-width: 1200px) 100vw, 1200px\" \/><\/a>\n\t\t\t<\/div><\/figure><figure class='gallery-item'>\n\t\t\t<div class='gallery-icon landscape'>\n\t\t\t\t<a href='https:\/\/d2p6e6u75xmxt8.cloudfront.net\/4\/2019\/08\/PF__0421A.JPG.webp'><img loading=\"lazy\" decoding=\"async\" width=\"1200\" height=\"800\" src=\"https:\/\/d2p6e6u75xmxt8.cloudfront.net\/4\/2019\/08\/PF__0421A.JPG.webp\" class=\"attachment-full size-full\" alt=\"\" srcset=\"https:\/\/d2p6e6u75xmxt8.cloudfront.net\/4\/2019\/08\/PF__0421A.JPG.webp 1200w, https:\/\/d2p6e6u75xmxt8.cloudfront.net\/4\/2019\/08\/PF__0421A.JPG-300x200.webp 300w, https:\/\/d2p6e6u75xmxt8.cloudfront.net\/4\/2019\/08\/PF__0421A.JPG-1024x683.webp 1024w, https:\/\/d2p6e6u75xmxt8.cloudfront.net\/4\/2019\/08\/PF__0421A.JPG-768x512.webp 768w, https:\/\/d2p6e6u75xmxt8.cloudfront.net\/4\/2019\/08\/PF__0421A.JPG-272x182.webp 272w\" sizes=\"auto, (max-width: 1200px) 100vw, 1200px\" \/><\/a>\n\t\t\t<\/div><\/figure>\n\t\t<\/div>\n        \n<p>My Martine srde\u010dne gratulujeme a \u017eel\u00e1me s nov\u00fdm autom ve\u013ea \u0161\u0165astn\u00fdch kilometrov a rovnako jej aj celej rodine prajeme ve\u013ea \u00faspechov na \u010fal\u0161\u00edch cyklistick\u00fdch podujatiach. Ver\u00edme, \u017ee sa spolo\u010dne stretneme po\u010das s\u00e9rie \u0160koda BIKE OPEN TOUR 2020!<\/p>\n","protected":false},"excerpt":{"rendered":"<p>Martina Meli\u0161ov\u00e1 je hobby cyklistka, ktor\u00e1 na bicykli rada tr\u00e1vi \u010das so svojou rodinou. Pred p\u00e1r rokmi sa z\u00fa\u010dastnila svojho [&hellip;]<\/p>\n","protected":false},"author":38,"featured_media":8156,"comment_status":"open","ping_status":"open","sticky":false,"template":"","format":"standard","meta":{"footnotes":""},"categories":[33],"tags":[180,178,412,37,179,501,542,1009,35,963,214,523,250],"global-categories":[],"class_list":["post-8146","post","type-post","status-publish","format-standard","has-post-thumbnail","hentry","category-sbot","tag-horska-cyklistika","tag-maraton","tag-mtb","tag-podujatia","tag-preteky","tag-rozhovor","tag-skoda","tag-skoda-auto","tag-sbot","tag-skoda-fabia","tag-skoda-horal-mtb-maraton","tag-slovensko","tag-vyhra"],"yoast_head":"<!-- This site is optimized with the Yoast SEO Premium plugin v25.3 (Yoast SEO v25.9) - https:\/\/yoast.com\/wordpress\/plugins\/seo\/ -->\n<title>Rozhovor s v\u00ed\u0165azkou: Ako som si vybicyklovala nov\u00fa FABIU COMBI? - \u0160koda We Love Cycling Slovensko<\/title>\n<meta name=\"robots\" content=\"index, follow, max-snippet:-1, max-image-preview:large, max-video-preview:-1\" \/>\n<link rel=\"canonical\" href=\"https:\/\/www.welovecycling.com\/sk\/2019\/08\/28\/rozhovor-vitazka-automobilu-skoda-fabia-combi\/\" \/>\n<meta property=\"og:locale\" content=\"sk_SK\" \/>\n<meta property=\"og:type\" content=\"article\" \/>\n<meta property=\"og:title\" content=\"Rozhovor s v\u00ed\u0165azkou: Ako som si vybicyklovala nov\u00fa FABIU COMBI?\" \/>\n<meta property=\"og:description\" content=\"Martina Meli\u0161ov\u00e1 je hobby cyklistka, ktor\u00e1 na bicykli rada tr\u00e1vi \u010das so svojou rodinou. Pred p\u00e1r rokmi sa z\u00fa\u010dastnila svojho [&hellip;]\" \/>\n<meta property=\"og:url\" content=\"https:\/\/www.welovecycling.com\/sk\/2019\/08\/28\/rozhovor-vitazka-automobilu-skoda-fabia-combi\/\" \/>\n<meta property=\"og:site_name\" content=\"\u0160koda We Love Cycling Slovensko\" \/>\n<meta property=\"article:published_time\" content=\"2019-08-28T08:04:41+00:00\" \/>\n<meta property=\"article:modified_time\" content=\"2019-09-03T10:29:24+00:00\" \/>\n<meta property=\"og:image\" content=\"https:\/\/d2p6e6u75xmxt8.cloudfront.net\/4\/2019\/08\/titulka-2.webp\" \/>\n\t<meta property=\"og:image:width\" content=\"1380\" \/>\n\t<meta property=\"og:image:height\" content=\"600\" \/>\n\t<meta property=\"og:image:type\" content=\"image\/webp\" \/>\n<meta name=\"author\" content=\"Ondrej Ga\u0161par\" \/>\n<meta name=\"twitter:card\" content=\"summary_large_image\" \/>\n<meta name=\"twitter:label1\" content=\"Written by\" \/>\n\t<meta name=\"twitter:data1\" content=\"We Love Cycling\" \/>\n\t<meta name=\"twitter:label2\" content=\"Est. reading time\" \/>\n\t<meta name=\"twitter:data2\" content=\"8\" \/>\n<script type=\"application\/ld+json\" class=\"yoast-schema-graph\">{\"@context\":\"https:\/\/schema.org\",\"@graph\":[{\"@type\":\"WebPage\",\"@id\":\"https:\/\/www.welovecycling.com\/sk\/2019\/08\/28\/rozhovor-vitazka-automobilu-skoda-fabia-combi\/\",\"url\":\"https:\/\/www.welovecycling.com\/sk\/2019\/08\/28\/rozhovor-vitazka-automobilu-skoda-fabia-combi\/\",\"name\":\"Rozhovor s v\u00ed\u0165azkou: Ako som si vybicyklovala nov\u00fa FABIU COMBI? - \u0160koda We Love Cycling Slovensko\",\"isPartOf\":{\"@id\":\"https:\/\/www.welovecycling.com\/sk\/#website\"},\"primaryImageOfPage\":{\"@id\":\"https:\/\/www.welovecycling.com\/sk\/2019\/08\/28\/rozhovor-vitazka-automobilu-skoda-fabia-combi\/#primaryimage\"},\"image\":{\"@id\":\"https:\/\/www.welovecycling.com\/sk\/2019\/08\/28\/rozhovor-vitazka-automobilu-skoda-fabia-combi\/#primaryimage\"},\"thumbnailUrl\":\"https:\/\/d2p6e6u75xmxt8.cloudfront.net\/4\/2019\/08\/titulka-2.webp\",\"datePublished\":\"2019-08-28T08:04:41+00:00\",\"dateModified\":\"2019-09-03T10:29:24+00:00\",\"author\":{\"@id\":\"https:\/\/www.welovecycling.com\/sk\/#\/schema\/person\/8ee09ba39b7e25b1870160aa5b3a89bc\"},\"breadcrumb\":{\"@id\":\"https:\/\/www.welovecycling.com\/sk\/2019\/08\/28\/rozhovor-vitazka-automobilu-skoda-fabia-combi\/#breadcrumb\"},\"inLanguage\":\"sk-SK\",\"potentialAction\":[{\"@type\":\"ReadAction\",\"target\":[\"https:\/\/www.welovecycling.com\/sk\/2019\/08\/28\/rozhovor-vitazka-automobilu-skoda-fabia-combi\/\"]}]},{\"@type\":\"ImageObject\",\"inLanguage\":\"sk-SK\",\"@id\":\"https:\/\/www.welovecycling.com\/sk\/2019\/08\/28\/rozhovor-vitazka-automobilu-skoda-fabia-combi\/#primaryimage\",\"url\":\"https:\/\/d2p6e6u75xmxt8.cloudfront.net\/4\/2019\/08\/titulka-2.webp\",\"contentUrl\":\"https:\/\/d2p6e6u75xmxt8.cloudfront.net\/4\/2019\/08\/titulka-2.webp\",\"width\":1380,\"height\":600},{\"@type\":\"BreadcrumbList\",\"@id\":\"https:\/\/www.welovecycling.com\/sk\/2019\/08\/28\/rozhovor-vitazka-automobilu-skoda-fabia-combi\/#breadcrumb\",\"itemListElement\":[{\"@type\":\"ListItem\",\"position\":1,\"name\":\"Home\",\"item\":\"https:\/\/www.welovecycling.com\/sk\/\"},{\"@type\":\"ListItem\",\"position\":2,\"name\":\"Rozhovor s v\u00ed\u0165azkou: Ako som si vybicyklovala nov\u00fa FABIU COMBI?\"}]},{\"@type\":\"WebSite\",\"@id\":\"https:\/\/www.welovecycling.com\/sk\/#website\",\"url\":\"https:\/\/www.welovecycling.com\/sk\/\",\"name\":\"\u0160koda We Love Cycling Slovensko\",\"description\":\"\u0160koda We Love Cycling Slovensko je v\u00e1\u0161 ka\u017edodenn\u00fd zdroj noviniek a in\u0161pir\u00e1cie z sveta cyklistiky\",\"potentialAction\":[{\"@type\":\"SearchAction\",\"target\":{\"@type\":\"EntryPoint\",\"urlTemplate\":\"https:\/\/www.welovecycling.com\/sk\/?s={search_term_string}\"},\"query-input\":{\"@type\":\"PropertyValueSpecification\",\"valueRequired\":true,\"valueName\":\"search_term_string\"}}],\"inLanguage\":\"sk-SK\"},{\"@type\":\"Person\",\"@id\":\"https:\/\/www.welovecycling.com\/sk\/#\/schema\/person\/8ee09ba39b7e25b1870160aa5b3a89bc\",\"name\":\"Ondrej Ga\u0161par\",\"image\":{\"@type\":\"ImageObject\",\"inLanguage\":\"sk-SK\",\"@id\":\"https:\/\/www.welovecycling.com\/sk\/#\/schema\/person\/image\/\",\"url\":\"https:\/\/secure.gravatar.com\/avatar\/6126c9afb87b70da5abbb083ddbb21933da15f18f8ca7cb822aba0fb096a48f6?s=96&d=mm&r=g\",\"contentUrl\":\"https:\/\/secure.gravatar.com\/avatar\/6126c9afb87b70da5abbb083ddbb21933da15f18f8ca7cb822aba0fb096a48f6?s=96&d=mm&r=g\",\"caption\":\"Ondrej Ga\u0161par\"},\"url\":\"https:\/\/www.welovecycling.com\/sk\/author\/ondrejgaspar\/\"}]}<\/script>\n<!-- \/ Yoast SEO Premium plugin. -->","yoast_head_json":{"title":"Rozhovor s v\u00ed\u0165azkou: Ako som si vybicyklovala nov\u00fa FABIU COMBI? - \u0160koda We Love Cycling Slovensko","robots":{"index":"index","follow":"follow","max-snippet":"max-snippet:-1","max-image-preview":"max-image-preview:large","max-video-preview":"max-video-preview:-1"},"canonical":"https:\/\/www.welovecycling.com\/sk\/2019\/08\/28\/rozhovor-vitazka-automobilu-skoda-fabia-combi\/","og_locale":"sk_SK","og_type":"article","og_title":"Rozhovor s v\u00ed\u0165azkou: Ako som si vybicyklovala nov\u00fa FABIU COMBI?","og_description":"Martina Meli\u0161ov\u00e1 je hobby cyklistka, ktor\u00e1 na bicykli rada tr\u00e1vi \u010das so svojou rodinou. Pred p\u00e1r rokmi sa z\u00fa\u010dastnila svojho [&hellip;]","og_url":"https:\/\/www.welovecycling.com\/sk\/2019\/08\/28\/rozhovor-vitazka-automobilu-skoda-fabia-combi\/","og_site_name":"\u0160koda We Love Cycling Slovensko","article_published_time":"2019-08-28T08:04:41+00:00","article_modified_time":"2019-09-03T10:29:24+00:00","og_image":[{"width":1380,"height":600,"url":"https:\/\/d2p6e6u75xmxt8.cloudfront.net\/4\/2019\/08\/titulka-2.webp","type":"image\/webp"}],"author":"Ondrej Ga\u0161par","twitter_card":"summary_large_image","twitter_misc":{"Written by":"We Love Cycling","Est. reading time":"8"},"schema":{"@context":"https:\/\/schema.org","@graph":[{"@type":"WebPage","@id":"https:\/\/www.welovecycling.com\/sk\/2019\/08\/28\/rozhovor-vitazka-automobilu-skoda-fabia-combi\/","url":"https:\/\/www.welovecycling.com\/sk\/2019\/08\/28\/rozhovor-vitazka-automobilu-skoda-fabia-combi\/","name":"Rozhovor s v\u00ed\u0165azkou: Ako som si vybicyklovala nov\u00fa FABIU COMBI? - \u0160koda We Love Cycling Slovensko","isPartOf":{"@id":"https:\/\/www.welovecycling.com\/sk\/#website"},"primaryImageOfPage":{"@id":"https:\/\/www.welovecycling.com\/sk\/2019\/08\/28\/rozhovor-vitazka-automobilu-skoda-fabia-combi\/#primaryimage"},"image":{"@id":"https:\/\/www.welovecycling.com\/sk\/2019\/08\/28\/rozhovor-vitazka-automobilu-skoda-fabia-combi\/#primaryimage"},"thumbnailUrl":"https:\/\/d2p6e6u75xmxt8.cloudfront.net\/4\/2019\/08\/titulka-2.webp","datePublished":"2019-08-28T08:04:41+00:00","dateModified":"2019-09-03T10:29:24+00:00","author":{"@id":"https:\/\/www.welovecycling.com\/sk\/#\/schema\/person\/8ee09ba39b7e25b1870160aa5b3a89bc"},"breadcrumb":{"@id":"https:\/\/www.welovecycling.com\/sk\/2019\/08\/28\/rozhovor-vitazka-automobilu-skoda-fabia-combi\/#breadcrumb"},"inLanguage":"sk-SK","potentialAction":[{"@type":"ReadAction","target":["https:\/\/www.welovecycling.com\/sk\/2019\/08\/28\/rozhovor-vitazka-automobilu-skoda-fabia-combi\/"]}]},{"@type":"ImageObject","inLanguage":"sk-SK","@id":"https:\/\/www.welovecycling.com\/sk\/2019\/08\/28\/rozhovor-vitazka-automobilu-skoda-fabia-combi\/#primaryimage","url":"https:\/\/d2p6e6u75xmxt8.cloudfront.net\/4\/2019\/08\/titulka-2.webp","contentUrl":"https:\/\/d2p6e6u75xmxt8.cloudfront.net\/4\/2019\/08\/titulka-2.webp","width":1380,"height":600},{"@type":"BreadcrumbList","@id":"https:\/\/www.welovecycling.com\/sk\/2019\/08\/28\/rozhovor-vitazka-automobilu-skoda-fabia-combi\/#breadcrumb","itemListElement":[{"@type":"ListItem","position":1,"name":"Home","item":"https:\/\/www.welovecycling.com\/sk\/"},{"@type":"ListItem","position":2,"name":"Rozhovor s v\u00ed\u0165azkou: Ako som si vybicyklovala nov\u00fa FABIU COMBI?"}]},{"@type":"WebSite","@id":"https:\/\/www.welovecycling.com\/sk\/#website","url":"https:\/\/www.welovecycling.com\/sk\/","name":"\u0160koda We Love Cycling Slovensko","description":"\u0160koda We Love Cycling Slovensko je v\u00e1\u0161 ka\u017edodenn\u00fd zdroj noviniek a in\u0161pir\u00e1cie z sveta cyklistiky","potentialAction":[{"@type":"SearchAction","target":{"@type":"EntryPoint","urlTemplate":"https:\/\/www.welovecycling.com\/sk\/?s={search_term_string}"},"query-input":{"@type":"PropertyValueSpecification","valueRequired":true,"valueName":"search_term_string"}}],"inLanguage":"sk-SK"},{"@type":"Person","@id":"https:\/\/www.welovecycling.com\/sk\/#\/schema\/person\/8ee09ba39b7e25b1870160aa5b3a89bc","name":"Ondrej Ga\u0161par","image":{"@type":"ImageObject","inLanguage":"sk-SK","@id":"https:\/\/www.welovecycling.com\/sk\/#\/schema\/person\/image\/","url":"https:\/\/secure.gravatar.com\/avatar\/6126c9afb87b70da5abbb083ddbb21933da15f18f8ca7cb822aba0fb096a48f6?s=96&d=mm&r=g","contentUrl":"https:\/\/secure.gravatar.com\/avatar\/6126c9afb87b70da5abbb083ddbb21933da15f18f8ca7cb822aba0fb096a48f6?s=96&d=mm&r=g","caption":"Ondrej Ga\u0161par"},"url":"https:\/\/www.welovecycling.com\/sk\/author\/ondrejgaspar\/"}]}},"_links":{"self":[{"href":"https:\/\/www.welovecycling.com\/sk\/wp-json\/wp\/v2\/posts\/8146","targetHints":{"allow":["GET"]}}],"collection":[{"href":"https:\/\/www.welovecycling.com\/sk\/wp-json\/wp\/v2\/posts"}],"about":[{"href":"https:\/\/www.welovecycling.com\/sk\/wp-json\/wp\/v2\/types\/post"}],"author":[{"embeddable":true,"href":"https:\/\/www.welovecycling.com\/sk\/wp-json\/wp\/v2\/users\/38"}],"replies":[{"embeddable":true,"href":"https:\/\/www.welovecycling.com\/sk\/wp-json\/wp\/v2\/comments?post=8146"}],"version-history":[{"count":2,"href":"https:\/\/www.welovecycling.com\/sk\/wp-json\/wp\/v2\/posts\/8146\/revisions"}],"predecessor-version":[{"id":8191,"href":"https:\/\/www.welovecycling.com\/sk\/wp-json\/wp\/v2\/posts\/8146\/revisions\/8191"}],"wp:featuredmedia":[{"embeddable":true,"href":"https:\/\/www.welovecycling.com\/sk\/wp-json\/wp\/v2\/media\/8156"}],"wp:attachment":[{"href":"https:\/\/www.welovecycling.com\/sk\/wp-json\/wp\/v2\/media?parent=8146"}],"wp:term":[{"taxonomy":"category","embeddable":true,"href":"https:\/\/www.welovecycling.com\/sk\/wp-json\/wp\/v2\/categories?post=8146"},{"taxonomy":"post_tag","embeddable":true,"href":"https:\/\/www.welovecycling.com\/sk\/wp-json\/wp\/v2\/tags?post=8146"},{"taxonomy":"global-categories","embeddable":true,"href":"https:\/\/www.welovecycling.com\/sk\/wp-json\/wp\/v2\/global-categories?post=8146"}],"curies":[{"name":"wp","href":"https:\/\/api.w.org\/{rel}","templated":true}]}}