{"id":8116,"date":"2019-08-21T10:43:20","date_gmt":"2019-08-21T08:43:20","guid":{"rendered":"https:\/\/www.welovecycling.com\/sk\/?p=8116"},"modified":"2019-08-20T15:13:20","modified_gmt":"2019-08-20T13:13:20","slug":"spanielska-vuelta-je-za-dverami-na-co-sa-mozeme-tesit","status":"publish","type":"post","link":"https:\/\/www.welovecycling.com\/sk\/2019\/08\/21\/spanielska-vuelta-je-za-dverami-na-co-sa-mozeme-tesit\/","title":{"rendered":"\u0160panielska Vuelta je za dverami \u2013 na \u010do sa m\u00f4\u017eeme te\u0161i\u0165?"},"content":{"rendered":"<p><strong>Posledn\u00e1 z\u00a0trojice Grand Tours otvor\u00ed svoje br\u00e1ny t\u00fdm najlep\u0161\u00edm z\u00a0najlep\u0161\u00edch u\u017e tento v\u00edkend. Ka\u017ed\u00fd z\u00a0nich u\u017e m\u00e1 za sebou nabit\u00fa a\u00a0n\u00e1ro\u010dn\u00fa sez\u00f3nu. Kto je teda favoritom na celkov\u00e9 v\u00ed\u0165azstvo a\u00a0ak\u00e1 je tra\u0165?<\/strong><!--more--><\/p>\n<p>Ak by sme si mali v\u00a0skratke predstavi\u0165 La Vueltu, v\u00a0porovnan\u00ed s\u00a0ostatn\u00fdmi trojt\u00fd\u017ed\u0148ov\u00fdmi etapov\u00fdmi pretekmi, ak\u00fdmi s\u00fa Tour de France a\u00a0Giro d\u02b9Italia, <strong>dok\u00e1\u017ee v\u017edy poriadne prekvapi\u0165 predov\u0161etk\u00fdm \u0161print\u00e9rov, a\u00a0to mno\u017estvom nast\u00fapan\u00fdch metrov<\/strong>. Mno\u017estvo pyrenejsk\u00fdch kopcov m\u00e1 navy\u0161e jednu \u201enepekn\u00fa\u201c charakteristiku \u2013 niekedy s\u00fa a\u017e pr\u00edli\u0161 strm\u00e9. No aj napriek tomu si st\u00e1le dok\u00e1\u017ee obh\u00e1ji\u0165 rovnocenn\u00e9 miesto medzi nimi.<\/p>\n<p><iframe loading=\"lazy\" width=\"560\" height=\"315\" src=\"https:\/\/www.youtube-nocookie.com\/embed\/zdSaCnTZSXQ\" frameborder=\"0\" allow=\"accelerometer; autoplay; encrypted-media; gyroscope; picture-in-picture\" allowfullscreen><\/iframe><\/p>\n<p>Je to u\u017e 74. ro\u010dn\u00edk, ktor\u00fd sa za\u010dne \u00favodn\u00fdm prol\u00f3gom na juhov\u00fdchode krajiny, odkia\u013e sa postupne budeme pres\u00fava\u0165 na sever a\u00a0nesk\u00f4r do stredu krajiny, kde v\u0161etko vyvrchol\u00ed dojazdom v\u00a0Madride. <strong>21 et\u00e1p sa odohr\u00e1 v\u00a0rozmedz\u00ed 24. augusta a\u017e 15. septembra 2019<\/strong>.<\/p>\n<p><a href=\"https:\/\/d2p6e6u75xmxt8.cloudfront.net\/4\/2019\/08\/01-2.jpg\"><img loading=\"lazy\" decoding=\"async\" src=\"https:\/\/d2p6e6u75xmxt8.cloudfront.net\/4\/2019\/08\/01-2.jpg\" alt=\"\" width=\"1200\" height=\"800\" class=\"alignnone size-full wp-image-8118\" \/><\/a><\/p>\n<h2><strong>Koho budeme o\u010dak\u00e1va\u0165 na popredn\u00fdch miestach?<\/strong><\/h2>\n<p>Dalo by sa poveda\u0165, \u017ee po predch\u00e1dzaj\u00facich \u010dastiach sez\u00f3ny u\u017e bud\u00fa v\u0161etci pretek\u00e1ri unaven\u00ed. To je zaiste pravda. Ale \u201epr\u00e1ca\u201c proficyklistu spo\u010d\u00edva v schopnosti dostato\u010dne sa zregenerova\u0165 a\u00a0nast\u00fapi\u0165 do nasleduj\u00facich pretekov s\u00a0maxim\u00e1lnym nasaden\u00edm. Mnoh\u00ed sa vyh\u00fdbaj\u00fa spojeniu viacer\u00fdch Grand Tours do jednej sez\u00f3ny \u2013 asi najschodnej\u0161ou mo\u017enos\u0165ou je Giro a\u00a0Vuelta, ke\u010f\u017ee ich od seba del\u00ed dostato\u010dne dlh\u00e1 doba. Tak\u00fato strat\u00e9giu zvolil asi aj prim\u00e1rny <strong>favorit na celkov\u00e9 v\u00ed\u0165azstvo, P. Rogli\u010d<\/strong>. Ten nast\u00fapi po boku svojho kolegu, S. Kruijswijka, ktor\u00fd prekonal Tour de France s\u00a0celkov\u00fdm 3. miestom. Nebude ch\u00fdba\u0165 ani trio Movistaru: majster sveta a\u00a0v\u00ed\u0165az spred desiatich rokov na Vuelte, A. Valverde a N. Quintana, ktor\u00ed absolvovali Tour de France. K\u00a0nim sa prid\u00e1 tohtoro\u010dn\u00fd v\u00ed\u0165az Gira, R. Carapaz. Na \u0161tarte bude ch\u00fdba\u0165 minuloro\u010dn\u00fd v\u00ed\u0165az &#8211; S. Yates.<\/p>\n<p><a href=\"https:\/\/d2p6e6u75xmxt8.cloudfront.net\/4\/2019\/08\/02-1.jpg\"><img loading=\"lazy\" decoding=\"async\" src=\"https:\/\/d2p6e6u75xmxt8.cloudfront.net\/4\/2019\/08\/02-1.jpg\" alt=\"\" width=\"1200\" height=\"800\" class=\"alignnone size-full wp-image-8119\" \/><\/a><\/p>\n<p>Svoju poves\u0165 si bude chcie\u0165 zlep\u0161i\u0165 aj d\u00e1nsky pretek\u00e1r J. Fuglsang, ktor\u00fd pri\u0161iel pr\u00e1ve na Tour de France s\u00a0v\u00fdbornou formou po tom, ako z\u00edskal celkov\u00e9 v\u00ed\u0165azstvo na Crit\u00e9rium du Dauphin\u00e9. Z\u00a0bojov o\u00a0\u017elt\u00fd dres na franc\u00fazskom podujat\u00ed ho v\u0161ak vyradil p\u00e1d v\u00a016. etape. V\u00a0\u0161ir\u0161om poli favoritov nebud\u00fa ch\u00fdba\u0165 ani men\u00e1 ako R. Ur\u00e1n, R. Majka alebo st\u00e1le bojuj\u00faci T. Van Garderen.<\/p>\n<p>V\u00a0boji o\u00a0zelen\u00fd dres to u\u017e nie je tak\u00e9 jednozna\u010dn\u00e9. V\u00a0pelot\u00f3ne bud\u00fa \u0161print\u00e9ri ako J. Degenkolb, L. Megec \u010di F. Gaviria, av\u0161ak body sa nebud\u00fa zbiera\u0165 len na cie\u013eovej p\u00e1ske \u2013 ak aj, v\u017edy sa pred \u0148ou n\u00e1jde nejak\u00fd ten kop\u010dek, ktor\u00fd dok\u00e1\u017ee vy\u0161\u0165avi\u0165 mohutn\u00e9 postavy \u0161print\u00e9rov. Aj preto sa o\u00a0zisk zelen\u00e9ho dresu u\u017e 6x postaral A. Valverde. Svojou r\u00fdchlos\u0165ou sa vie presadi\u0165 pred v\u00e4\u010d\u0161inou pretek\u00e1rov a\u00a0vytrvalos\u0165 mu dovo\u013euje s \u201e\u013eahkos\u0165ou\u201c prekona\u0165 takmer ak\u00e9ko\u013evek st\u00fapania.<\/p>\n<p><a href=\"https:\/\/d2p6e6u75xmxt8.cloudfront.net\/4\/2019\/08\/03-1.jpg\"><img loading=\"lazy\" decoding=\"async\" src=\"https:\/\/d2p6e6u75xmxt8.cloudfront.net\/4\/2019\/08\/03-1.jpg\" alt=\"\" width=\"1200\" height=\"800\" class=\"alignnone size-full wp-image-8120\" \/><\/a><\/p>\n<p>V\u00a0kateg\u00f3rii o\u00a0najlep\u0161ieho vrch\u00e1ra n\u00fadza o\u00a0vyz\u00fdvate\u013eov dozaista nebude. V\u0161etci pretek\u00e1ri na celkov\u00e9 poradie s\u00fa mo\u017en\u00fdmi bojovn\u00edkmi o\u00a0bodkovan\u00fd dres. Okrem nich tu m\u00e1me napr\u00edklad W. Keldermana alebo I. Izagirreho. Opomen\u00fa\u0165 by sme nemali ani T. De Gendta, ktor\u00fd z\u00edskal bodkovan\u00fd dres po\u010das minul\u00e9ho roka, a\u00a0to najm\u00e4 v\u010faka \u00fanikom, v\u00a0ktor\u00fdch z\u00edskaval dostatok bodov.<\/p>\n<p><a href=\"https:\/\/d2p6e6u75xmxt8.cloudfront.net\/4\/2019\/08\/04-1.jpg\"><img loading=\"lazy\" decoding=\"async\" src=\"https:\/\/d2p6e6u75xmxt8.cloudfront.net\/4\/2019\/08\/04-1.jpg\" alt=\"\" width=\"1200\" height=\"800\" class=\"alignnone size-full wp-image-8121\" \/><\/a><\/p>\n<h2><strong>Tra\u0165 nesklame \u2013 zabudnite na rovinat\u00e9 etapy<\/strong><\/h2>\n<p><strong>Z\u00a0dvadsa\u0165jeden et\u00e1p sa organiz\u00e1torom nepodarilo vtesna\u0165 do harmonogramu ani jednu rovinat\u00fa<\/strong>. Mo\u017eno, \u017ee by to aj bolo mo\u017en\u00e9, no rozhodnutie znie jasne \u2013 ni\u010d im nedarujte! Ak by sme si t\u00fdchto 21 dn\u00ed prerozdelili pod\u013ea ich n\u00e1ro\u010dnosti, tak okrem dvoch vo\u013en\u00fdch dn\u00ed, ktor\u00e9 bud\u00fa nasledova\u0165 po 9., respekt\u00edve 15. etape, budeme svedkami ve\u013emi skor\u00e9ho \u0161tartu v\u00a0hor\u00e1ch. U\u017e druh\u00e1 etapa je kopcovit\u00e9ho charakteru \u2013 s\u00a0dvoma st\u00fapaniami druhej kateg\u00f3rie a\u00a0jedn\u00fdm tej tretej. Celkovo v\u00a0prvom t\u00fd\u017edni n\u00e1jdeme \u0161tyri zvlnen\u00e9 etapy, jednu kopcovit\u00fa a\u00a0a\u017e tri horsk\u00e9&#8230;<\/p>\n<p><a href=\"https:\/\/d2p6e6u75xmxt8.cloudfront.net\/4\/2019\/08\/05-1.jpg\"><img loading=\"lazy\" decoding=\"async\" src=\"https:\/\/d2p6e6u75xmxt8.cloudfront.net\/4\/2019\/08\/05-1.jpg\" alt=\"\" width=\"1200\" height=\"800\" class=\"alignnone size-full wp-image-8122\" \/><\/a><\/p>\n<h2><strong>Profil 15. etapy je vskutku ako p\u00edla<\/strong><\/h2>\n<p>V\u00a0druhom celku sa to nezmen\u00ed, zvlnen\u00e9 etapy sa bud\u00fa strieda\u0165 s\u00a0kopcovit\u00fdm a\u00a0horsk\u00fdch profilom. Pr\u00e1ve t\u00e1 posledn\u00e1, 15., uk\u00e1\u017ee, ako sa vrch\u00e1ri pripravovali po\u010das celej sez\u00f3ny.<\/p>\n<p>Na \u010do sa budeme obzvl\u00e1\u0161\u0165 s\u00fastredi\u0165, s\u00fa v\u00fdsledky z\u00a0\u010dasoviek. Dvojica et\u00e1p sa bude nies\u0165 v\u00a0duchu boja s\u00a0\u010dasom. Hne\u010f v\u00a0prvom dni sa m\u00f4\u017ee rozhodn\u00fa\u0165 o\u00a0nosite\u013eovi \u017elt\u00e9ho dresu. D\u00f4vodom je siln\u00fd Team Jumbo-Visma, v\u00a0ktorom sa nach\u00e1dza aj P. Rogli\u010d. Pr\u00e1ve oni porazili t\u00edm INEOS v\u00a0t\u00edmovej \u010dasovke na Tour de France o\u00a020 sek\u00fand. Napr\u00edklad Movistar, ktor\u00fd si nesie viacer\u00fdch mo\u017en\u00fdch adeptov na \u010derven\u00fd dres, stratil v\u00a0tej istej \u010dasovke vy\u0161e jednu min\u00fatu. Na druhej strane je tu d\u013a\u017eka 18 km naprie\u010d mestom Torrevieja, ktorej profil je jednoduch\u00fd \u2013 rovina.<\/p>\n<p>Druhou formou bude \u010dasovka jednotlivcov \u2013 a\u00a0to nie hocijak\u00e1. Po\u010das desiatej etapy, teda hne\u010f v\u00a0\u00favodn\u00fd de\u0148 druh\u00e9ho celku, sa jazdci pripravia na 36,1 km zvlnen\u00fdm ter\u00e9nom, na ktorom sa n\u00e1jde aj dvojica st\u00fapan\u00ed \u2013 s\u00edce kr\u00e1tkych, ale v\u00fd\u017eivn\u00fdch. Najv\u00e4\u010d\u0161\u00edm favoritom je P. Rogli\u010d. Zhodou okolnost\u00ed, ak sa pozrieme do \u0161tatist\u00edk, jeho mo\u017en\u00fdm vyz\u00fdvate\u013eom na celkov\u00e9 poradie v\u00a0tejto discipl\u00edne je jeho partner, S. Kruijswijk. Vyzer\u00e1 to tak, \u017ee t\u00edm Jumbo-Visma m\u00e1 nakro\u010den\u00e9 k\u00a0zauj\u00edmav\u00e9mu v\u00fdsledku.<\/p>\n<p><a href=\"https:\/\/d2p6e6u75xmxt8.cloudfront.net\/4\/2019\/08\/06-1.jpg\"><img loading=\"lazy\" decoding=\"async\" src=\"https:\/\/d2p6e6u75xmxt8.cloudfront.net\/4\/2019\/08\/06-1.jpg\" alt=\"\" width=\"1200\" height=\"800\" class=\"alignnone size-full wp-image-8123\" \/><\/a><\/p>\n<p>Nie je potrebn\u00e9 predbieha\u0165. Ako sme u\u017e videli mnohokr\u00e1t, aj najv\u00e4\u010d\u0161\u00ed favoriti m\u00f4\u017eu zo d\u0148a na de\u0148 ukon\u010di\u0165 svoje \u00fa\u010dinkovanie a\u00a0preda\u0165 \u201e\u0161tafetu\u201c ne\u010dakan\u00fdm l\u00eddrom. Nezab\u00fadajte, \u017ee po Vuelte n\u00e1s \u010dakaj\u00fa majstrovstv\u00e1 sveta v\u00a0cestnej cyklistike.<\/p>\n<p>(zdroj fotiek: FB\/LaVuelta, lavuelta.es, FB\/JumboVisma)<\/p>\n","protected":false},"excerpt":{"rendered":"<p>Posledn\u00e1 z\u00a0trojice Grand Tours otvor\u00ed svoje br\u00e1ny t\u00fdm najlep\u0161\u00edm z\u00a0najlep\u0161\u00edch u\u017e tento v\u00edkend. Ka\u017ed\u00fd z\u00a0nich u\u017e m\u00e1 za sebou nabit\u00fa [&hellip;]<\/p>\n","protected":false},"author":38,"featured_media":8124,"comment_status":"open","ping_status":"open","sticky":false,"template":"","format":"standard","meta":{"footnotes":""},"categories":[217],"tags":[491,175,227,275,115,487,331,1090,116,170,251,1092,1091,748,219,819],"global-categories":[],"class_list":["post-8116","post","type-post","status-publish","format-standard","has-post-thumbnail","hentry","category-vuelta-a-espana","tag-alejandro-valverde","tag-bodkovany-dres","tag-casovka","tag-cesta","tag-cestna-cyklistika","tag-cestny-bicykel","tag-etapove-preteky","tag-movistar","tag-nairo-quintana","tag-primoz-roglic","tag-spanielsko","tag-team-jumbo-visma","tag-thomas-de-gendt","tag-vrchar","tag-vuelta-a-espana","tag-zeleny-bicykel"],"yoast_head":"<!-- This site is optimized with the Yoast SEO Premium plugin v25.3 (Yoast SEO v25.9) - https:\/\/yoast.com\/wordpress\/plugins\/seo\/ -->\n<title>\u0160panielska Vuelta je za dverami \u2013 na \u010do sa m\u00f4\u017eeme te\u0161i\u0165? - \u0160koda We Love Cycling Slovensko<\/title>\n<meta name=\"robots\" content=\"index, follow, max-snippet:-1, max-image-preview:large, max-video-preview:-1\" \/>\n<link rel=\"canonical\" href=\"https:\/\/www.welovecycling.com\/sk\/2019\/08\/21\/spanielska-vuelta-je-za-dverami-na-co-sa-mozeme-tesit\/\" \/>\n<meta property=\"og:locale\" content=\"sk_SK\" \/>\n<meta property=\"og:type\" content=\"article\" \/>\n<meta property=\"og:title\" content=\"\u0160panielska Vuelta je za dverami \u2013 na \u010do sa m\u00f4\u017eeme te\u0161i\u0165?\" \/>\n<meta property=\"og:description\" content=\"Posledn\u00e1 z\u00a0trojice Grand Tours otvor\u00ed svoje br\u00e1ny t\u00fdm najlep\u0161\u00edm z\u00a0najlep\u0161\u00edch u\u017e tento v\u00edkend. Ka\u017ed\u00fd z\u00a0nich u\u017e m\u00e1 za sebou nabit\u00fa [&hellip;]\" \/>\n<meta property=\"og:url\" content=\"https:\/\/www.welovecycling.com\/sk\/2019\/08\/21\/spanielska-vuelta-je-za-dverami-na-co-sa-mozeme-tesit\/\" \/>\n<meta property=\"og:site_name\" content=\"\u0160koda We Love Cycling Slovensko\" \/>\n<meta property=\"article:published_time\" content=\"2019-08-21T08:43:20+00:00\" \/>\n<meta property=\"og:image\" content=\"https:\/\/d2p6e6u75xmxt8.cloudfront.net\/4\/2019\/08\/00-2.webp\" \/>\n\t<meta property=\"og:image:width\" content=\"1380\" \/>\n\t<meta property=\"og:image:height\" content=\"600\" \/>\n\t<meta property=\"og:image:type\" content=\"image\/webp\" \/>\n<meta name=\"author\" content=\"Ondrej Ga\u0161par\" \/>\n<meta name=\"twitter:card\" content=\"summary_large_image\" \/>\n<meta name=\"twitter:label1\" content=\"Written by\" \/>\n\t<meta name=\"twitter:data1\" content=\"We Love Cycling\" \/>\n\t<meta name=\"twitter:label2\" content=\"Est. reading time\" \/>\n\t<meta name=\"twitter:data2\" content=\"7\" \/>\n<script type=\"application\/ld+json\" class=\"yoast-schema-graph\">{\"@context\":\"https:\/\/schema.org\",\"@graph\":[{\"@type\":\"WebPage\",\"@id\":\"https:\/\/www.welovecycling.com\/sk\/2019\/08\/21\/spanielska-vuelta-je-za-dverami-na-co-sa-mozeme-tesit\/\",\"url\":\"https:\/\/www.welovecycling.com\/sk\/2019\/08\/21\/spanielska-vuelta-je-za-dverami-na-co-sa-mozeme-tesit\/\",\"name\":\"\u0160panielska Vuelta je za dverami \u2013 na \u010do sa m\u00f4\u017eeme te\u0161i\u0165? - \u0160koda We Love Cycling Slovensko\",\"isPartOf\":{\"@id\":\"https:\/\/www.welovecycling.com\/sk\/#website\"},\"primaryImageOfPage\":{\"@id\":\"https:\/\/www.welovecycling.com\/sk\/2019\/08\/21\/spanielska-vuelta-je-za-dverami-na-co-sa-mozeme-tesit\/#primaryimage\"},\"image\":{\"@id\":\"https:\/\/www.welovecycling.com\/sk\/2019\/08\/21\/spanielska-vuelta-je-za-dverami-na-co-sa-mozeme-tesit\/#primaryimage\"},\"thumbnailUrl\":\"https:\/\/d2p6e6u75xmxt8.cloudfront.net\/4\/2019\/08\/00-2.webp\",\"datePublished\":\"2019-08-21T08:43:20+00:00\",\"author\":{\"@id\":\"https:\/\/www.welovecycling.com\/sk\/#\/schema\/person\/8ee09ba39b7e25b1870160aa5b3a89bc\"},\"breadcrumb\":{\"@id\":\"https:\/\/www.welovecycling.com\/sk\/2019\/08\/21\/spanielska-vuelta-je-za-dverami-na-co-sa-mozeme-tesit\/#breadcrumb\"},\"inLanguage\":\"sk-SK\",\"potentialAction\":[{\"@type\":\"ReadAction\",\"target\":[\"https:\/\/www.welovecycling.com\/sk\/2019\/08\/21\/spanielska-vuelta-je-za-dverami-na-co-sa-mozeme-tesit\/\"]}]},{\"@type\":\"ImageObject\",\"inLanguage\":\"sk-SK\",\"@id\":\"https:\/\/www.welovecycling.com\/sk\/2019\/08\/21\/spanielska-vuelta-je-za-dverami-na-co-sa-mozeme-tesit\/#primaryimage\",\"url\":\"https:\/\/d2p6e6u75xmxt8.cloudfront.net\/4\/2019\/08\/00-2.webp\",\"contentUrl\":\"https:\/\/d2p6e6u75xmxt8.cloudfront.net\/4\/2019\/08\/00-2.webp\",\"width\":1380,\"height\":600},{\"@type\":\"BreadcrumbList\",\"@id\":\"https:\/\/www.welovecycling.com\/sk\/2019\/08\/21\/spanielska-vuelta-je-za-dverami-na-co-sa-mozeme-tesit\/#breadcrumb\",\"itemListElement\":[{\"@type\":\"ListItem\",\"position\":1,\"name\":\"Home\",\"item\":\"https:\/\/www.welovecycling.com\/sk\/\"},{\"@type\":\"ListItem\",\"position\":2,\"name\":\"\u0160panielska Vuelta je za dverami \u2013 na \u010do sa m\u00f4\u017eeme te\u0161i\u0165?\"}]},{\"@type\":\"WebSite\",\"@id\":\"https:\/\/www.welovecycling.com\/sk\/#website\",\"url\":\"https:\/\/www.welovecycling.com\/sk\/\",\"name\":\"\u0160koda We Love Cycling Slovensko\",\"description\":\"\u0160koda We Love Cycling Slovensko je v\u00e1\u0161 ka\u017edodenn\u00fd zdroj noviniek a in\u0161pir\u00e1cie z sveta cyklistiky\",\"potentialAction\":[{\"@type\":\"SearchAction\",\"target\":{\"@type\":\"EntryPoint\",\"urlTemplate\":\"https:\/\/www.welovecycling.com\/sk\/?s={search_term_string}\"},\"query-input\":{\"@type\":\"PropertyValueSpecification\",\"valueRequired\":true,\"valueName\":\"search_term_string\"}}],\"inLanguage\":\"sk-SK\"},{\"@type\":\"Person\",\"@id\":\"https:\/\/www.welovecycling.com\/sk\/#\/schema\/person\/8ee09ba39b7e25b1870160aa5b3a89bc\",\"name\":\"Ondrej Ga\u0161par\",\"image\":{\"@type\":\"ImageObject\",\"inLanguage\":\"sk-SK\",\"@id\":\"https:\/\/www.welovecycling.com\/sk\/#\/schema\/person\/image\/\",\"url\":\"https:\/\/secure.gravatar.com\/avatar\/6126c9afb87b70da5abbb083ddbb21933da15f18f8ca7cb822aba0fb096a48f6?s=96&d=mm&r=g\",\"contentUrl\":\"https:\/\/secure.gravatar.com\/avatar\/6126c9afb87b70da5abbb083ddbb21933da15f18f8ca7cb822aba0fb096a48f6?s=96&d=mm&r=g\",\"caption\":\"Ondrej Ga\u0161par\"},\"url\":\"https:\/\/www.welovecycling.com\/sk\/author\/ondrejgaspar\/\"}]}<\/script>\n<!-- \/ Yoast SEO Premium plugin. -->","yoast_head_json":{"title":"\u0160panielska Vuelta je za dverami \u2013 na \u010do sa m\u00f4\u017eeme te\u0161i\u0165? - \u0160koda We Love Cycling Slovensko","robots":{"index":"index","follow":"follow","max-snippet":"max-snippet:-1","max-image-preview":"max-image-preview:large","max-video-preview":"max-video-preview:-1"},"canonical":"https:\/\/www.welovecycling.com\/sk\/2019\/08\/21\/spanielska-vuelta-je-za-dverami-na-co-sa-mozeme-tesit\/","og_locale":"sk_SK","og_type":"article","og_title":"\u0160panielska Vuelta je za dverami \u2013 na \u010do sa m\u00f4\u017eeme te\u0161i\u0165?","og_description":"Posledn\u00e1 z\u00a0trojice Grand Tours otvor\u00ed svoje br\u00e1ny t\u00fdm najlep\u0161\u00edm z\u00a0najlep\u0161\u00edch u\u017e tento v\u00edkend. Ka\u017ed\u00fd z\u00a0nich u\u017e m\u00e1 za sebou nabit\u00fa [&hellip;]","og_url":"https:\/\/www.welovecycling.com\/sk\/2019\/08\/21\/spanielska-vuelta-je-za-dverami-na-co-sa-mozeme-tesit\/","og_site_name":"\u0160koda We Love Cycling Slovensko","article_published_time":"2019-08-21T08:43:20+00:00","og_image":[{"width":1380,"height":600,"url":"https:\/\/d2p6e6u75xmxt8.cloudfront.net\/4\/2019\/08\/00-2.webp","type":"image\/webp"}],"author":"Ondrej Ga\u0161par","twitter_card":"summary_large_image","twitter_misc":{"Written by":"We Love Cycling","Est. reading time":"7"},"schema":{"@context":"https:\/\/schema.org","@graph":[{"@type":"WebPage","@id":"https:\/\/www.welovecycling.com\/sk\/2019\/08\/21\/spanielska-vuelta-je-za-dverami-na-co-sa-mozeme-tesit\/","url":"https:\/\/www.welovecycling.com\/sk\/2019\/08\/21\/spanielska-vuelta-je-za-dverami-na-co-sa-mozeme-tesit\/","name":"\u0160panielska Vuelta je za dverami \u2013 na \u010do sa m\u00f4\u017eeme te\u0161i\u0165? - \u0160koda We Love Cycling Slovensko","isPartOf":{"@id":"https:\/\/www.welovecycling.com\/sk\/#website"},"primaryImageOfPage":{"@id":"https:\/\/www.welovecycling.com\/sk\/2019\/08\/21\/spanielska-vuelta-je-za-dverami-na-co-sa-mozeme-tesit\/#primaryimage"},"image":{"@id":"https:\/\/www.welovecycling.com\/sk\/2019\/08\/21\/spanielska-vuelta-je-za-dverami-na-co-sa-mozeme-tesit\/#primaryimage"},"thumbnailUrl":"https:\/\/d2p6e6u75xmxt8.cloudfront.net\/4\/2019\/08\/00-2.webp","datePublished":"2019-08-21T08:43:20+00:00","author":{"@id":"https:\/\/www.welovecycling.com\/sk\/#\/schema\/person\/8ee09ba39b7e25b1870160aa5b3a89bc"},"breadcrumb":{"@id":"https:\/\/www.welovecycling.com\/sk\/2019\/08\/21\/spanielska-vuelta-je-za-dverami-na-co-sa-mozeme-tesit\/#breadcrumb"},"inLanguage":"sk-SK","potentialAction":[{"@type":"ReadAction","target":["https:\/\/www.welovecycling.com\/sk\/2019\/08\/21\/spanielska-vuelta-je-za-dverami-na-co-sa-mozeme-tesit\/"]}]},{"@type":"ImageObject","inLanguage":"sk-SK","@id":"https:\/\/www.welovecycling.com\/sk\/2019\/08\/21\/spanielska-vuelta-je-za-dverami-na-co-sa-mozeme-tesit\/#primaryimage","url":"https:\/\/d2p6e6u75xmxt8.cloudfront.net\/4\/2019\/08\/00-2.webp","contentUrl":"https:\/\/d2p6e6u75xmxt8.cloudfront.net\/4\/2019\/08\/00-2.webp","width":1380,"height":600},{"@type":"BreadcrumbList","@id":"https:\/\/www.welovecycling.com\/sk\/2019\/08\/21\/spanielska-vuelta-je-za-dverami-na-co-sa-mozeme-tesit\/#breadcrumb","itemListElement":[{"@type":"ListItem","position":1,"name":"Home","item":"https:\/\/www.welovecycling.com\/sk\/"},{"@type":"ListItem","position":2,"name":"\u0160panielska Vuelta je za dverami \u2013 na \u010do sa m\u00f4\u017eeme te\u0161i\u0165?"}]},{"@type":"WebSite","@id":"https:\/\/www.welovecycling.com\/sk\/#website","url":"https:\/\/www.welovecycling.com\/sk\/","name":"\u0160koda We Love Cycling Slovensko","description":"\u0160koda We Love Cycling Slovensko je v\u00e1\u0161 ka\u017edodenn\u00fd zdroj noviniek a in\u0161pir\u00e1cie z sveta cyklistiky","potentialAction":[{"@type":"SearchAction","target":{"@type":"EntryPoint","urlTemplate":"https:\/\/www.welovecycling.com\/sk\/?s={search_term_string}"},"query-input":{"@type":"PropertyValueSpecification","valueRequired":true,"valueName":"search_term_string"}}],"inLanguage":"sk-SK"},{"@type":"Person","@id":"https:\/\/www.welovecycling.com\/sk\/#\/schema\/person\/8ee09ba39b7e25b1870160aa5b3a89bc","name":"Ondrej Ga\u0161par","image":{"@type":"ImageObject","inLanguage":"sk-SK","@id":"https:\/\/www.welovecycling.com\/sk\/#\/schema\/person\/image\/","url":"https:\/\/secure.gravatar.com\/avatar\/6126c9afb87b70da5abbb083ddbb21933da15f18f8ca7cb822aba0fb096a48f6?s=96&d=mm&r=g","contentUrl":"https:\/\/secure.gravatar.com\/avatar\/6126c9afb87b70da5abbb083ddbb21933da15f18f8ca7cb822aba0fb096a48f6?s=96&d=mm&r=g","caption":"Ondrej Ga\u0161par"},"url":"https:\/\/www.welovecycling.com\/sk\/author\/ondrejgaspar\/"}]}},"_links":{"self":[{"href":"https:\/\/www.welovecycling.com\/sk\/wp-json\/wp\/v2\/posts\/8116","targetHints":{"allow":["GET"]}}],"collection":[{"href":"https:\/\/www.welovecycling.com\/sk\/wp-json\/wp\/v2\/posts"}],"about":[{"href":"https:\/\/www.welovecycling.com\/sk\/wp-json\/wp\/v2\/types\/post"}],"author":[{"embeddable":true,"href":"https:\/\/www.welovecycling.com\/sk\/wp-json\/wp\/v2\/users\/38"}],"replies":[{"embeddable":true,"href":"https:\/\/www.welovecycling.com\/sk\/wp-json\/wp\/v2\/comments?post=8116"}],"version-history":[{"count":2,"href":"https:\/\/www.welovecycling.com\/sk\/wp-json\/wp\/v2\/posts\/8116\/revisions"}],"predecessor-version":[{"id":8128,"href":"https:\/\/www.welovecycling.com\/sk\/wp-json\/wp\/v2\/posts\/8116\/revisions\/8128"}],"wp:featuredmedia":[{"embeddable":true,"href":"https:\/\/www.welovecycling.com\/sk\/wp-json\/wp\/v2\/media\/8124"}],"wp:attachment":[{"href":"https:\/\/www.welovecycling.com\/sk\/wp-json\/wp\/v2\/media?parent=8116"}],"wp:term":[{"taxonomy":"category","embeddable":true,"href":"https:\/\/www.welovecycling.com\/sk\/wp-json\/wp\/v2\/categories?post=8116"},{"taxonomy":"post_tag","embeddable":true,"href":"https:\/\/www.welovecycling.com\/sk\/wp-json\/wp\/v2\/tags?post=8116"},{"taxonomy":"global-categories","embeddable":true,"href":"https:\/\/www.welovecycling.com\/sk\/wp-json\/wp\/v2\/global-categories?post=8116"}],"curies":[{"name":"wp","href":"https:\/\/api.w.org\/{rel}","templated":true}]}}